{"id":211847,"date":"2021-05-25T10:38:21","date_gmt":"2021-05-25T08:38:21","guid":{"rendered":"https:\/\/www.radiopiu.net\/wordpress\/?p=211847"},"modified":"2021-05-25T10:38:22","modified_gmt":"2021-05-25T08:38:22","slug":"dal-1-giugno-entrata-libera-al-museo-albino-luciano-e-la-casa-natale-per-i-residenti-in-agordino","status":"publish","type":"post","link":"https:\/\/www.radiopiu.net\/wordpress\/dal-1-giugno-entrata-libera-al-museo-albino-luciano-e-la-casa-natale-per-i-residenti-in-agordino\/","title":{"rendered":"DAL 1\u00b0 GIUGNO ENTRATA LIBERA AL MUSEO ALBINO LUCIANO E LA CASA NATALE PER I RESIDENTI IN AGORDINO"},"content":{"rendered":"<p><strong><a href=\"https:\/\/www.radiopiu.net\/wordpress\/dal-1-giugno-entrata-libera-al-museo-albino-luciano-e-la-casa-natale-per-i-residenti-in-agordino\/la-reception-del-museo-albino-luciani\/\" rel=\"attachment wp-att-211849\"><img loading=\"lazy\" decoding=\"async\" class=\"size-medium wp-image-211849 alignleft\" src=\"https:\/\/www.radiopiu.net\/wordpress\/wp-content\/uploads\/2021\/05\/La-reception-del-Museo-Albino-Luciani-300x225.jpeg\" alt=\"\" width=\"300\" height=\"225\" srcset=\"https:\/\/www.radiopiu.net\/wordpress\/wp-content\/uploads\/2021\/05\/La-reception-del-Museo-Albino-Luciani-300x225.jpeg 300w, https:\/\/www.radiopiu.net\/wordpress\/wp-content\/uploads\/2021\/05\/La-reception-del-Museo-Albino-Luciani-1024x768.jpeg 1024w, https:\/\/www.radiopiu.net\/wordpress\/wp-content\/uploads\/2021\/05\/La-reception-del-Museo-Albino-Luciani-768x576.jpeg 768w, https:\/\/www.radiopiu.net\/wordpress\/wp-content\/uploads\/2021\/05\/La-reception-del-Museo-Albino-Luciani-1536x1152.jpeg 1536w, https:\/\/www.radiopiu.net\/wordpress\/wp-content\/uploads\/2021\/05\/La-reception-del-Museo-Albino-Luciani-2048x1536.jpeg 2048w\" sizes=\"auto, (max-width: 300px) 100vw, 300px\" \/><\/a>CANALE D&#8217;AGORDO\u00a0 <\/strong><span style=\"font-family: Arial, sans-serif;\"><span style=\"font-size: small;\">Dal 1\u00b0 giugno il Musal \u2013 Museo Albino Luciani e la casa natale di papa Luciani a Canale d&#8217;Agordo (Belluno) saranno visitabili gratuitamente per tutti i residenti nei 16 comuni dell&#8217;Agordino. A dare la bella notizia \u00e8 Loris Serafini, direttore del Museo: \u00abPapa Luciani ha sempre avuto un legame molto profondo e sincero con il territorio dove nacque e questa iniziativa intende proprio dire grazie a tutti coloro che abitano nell&#8217;Agordino dando loro la possibilit\u00e0 di conoscere da vicino la vita di un loro importante compaesano\u00bb. <\/span><\/span><span style=\"font-family: Arial, sans-serif;\"><span style=\"font-size: small;\">Per tutti coloro che risiedono nell&#8217;Agordino (quindi, oltre a Canale d&#8217;Agordo, paese natale di papa Luciani, anche Agordo, Alleghe, Cencenighe Agordino, Colle Santa Lucia, Falcade, Gosaldo, La Valle Agordina, Livinallongo del Col di Lana, Rivamonte Agordino, Rocca Pietore, San Tomaso Agordino, Selva di Cadore, Taibon Agordino, Vallada Agordina e Voltago Agordino) sar\u00e0 quindi sufficiente prenotare la visita al numero di telefono 0437 1948001 oppure WhatsApp 377 9665237 per poter accedere gratuitamente sia al museo sia alla casa natale. <\/span><\/span><span style=\"font-family: Arial, sans-serif;\"><span style=\"font-size: small;\">L&#8217;iniziativa intende essere un omaggio a questo territorio che Albino Luciani conosceva molto bene e che non ha mai dimenticato, nemmeno quando venne eletto pontefice. Nelle sale del Musal e nella stanze della casa natale i visitatori potranno ripercorrere l&#8217;intera vita di papa Luciani, dalla nascita sino alla sua dipartita, grazie all&#8217;esposizione di oggetti e ricordi legati alla figura di questo importante uomo che dall&#8217;Agordino arriv\u00f2 fino al Vaticano. <\/span><\/span><span style=\"font-family: Arial, sans-serif;\"><span style=\"font-size: small;\">Inoltre presso la casa natale di Albino Luciani i visitatori potranno ammirare una gradita e commovente novit\u00e0: il signor Giovanni Andrich di Vallada Agordina (Belluno) ha infatti donato al Museo Albino Luciani una corona del rosario fatta con i pallini estratti da una bomba a mano della prima guerra mondiale con due cartucce incrociate a formare la croce. \u00abCanale d&#8217;Agordo era al confine con l&#8217;Impero Austro-ungarico \u2013 spiega Loris Serafini \u2013 e Bortola Tancon, la madre di papa Luciani, aveva due fratelli che combattevano al fronte durante la Prima Guerra Mondiale. Proprio per questo l&#8217;omaggio del signor Andrich assume un significato molto profondo: quelle armi progettate per uccidere sono state trasformate in preghiera, quella stessa preghiera che la mamma di Luciani rivolgeva al Signore per il ritorno dei fratelli dal fronte e per la fine della guerra\u00bb. <a href=\"https:\/\/www.radiopiu.net\/wordpress\/dal-1-giugno-entrata-libera-al-museo-albino-luciano-e-la-casa-natale-per-i-residenti-in-agordino\/corona-guerra-musal\/\" rel=\"attachment wp-att-211850\"><img loading=\"lazy\" decoding=\"async\" class=\" wp-image-211850 alignright\" src=\"https:\/\/www.radiopiu.net\/wordpress\/wp-content\/uploads\/2021\/05\/Corona-Guerra-Musal-143x300.jpeg\" alt=\"\" width=\"77\" height=\"162\" srcset=\"https:\/\/www.radiopiu.net\/wordpress\/wp-content\/uploads\/2021\/05\/Corona-Guerra-Musal-143x300.jpeg 143w, https:\/\/www.radiopiu.net\/wordpress\/wp-content\/uploads\/2021\/05\/Corona-Guerra-Musal-487x1024.jpeg 487w, https:\/\/www.radiopiu.net\/wordpress\/wp-content\/uploads\/2021\/05\/Corona-Guerra-Musal.jpeg 652w\" sizes=\"auto, (max-width: 77px) 100vw, 77px\" \/><\/a>Una splendida realizzazione delle Sacre Scritture e delle parole del profeta Isaia: \u201cForgeranno le loro spade in vomeri e le loro lance in falci; una nazione non alzer\u00e0 pi\u00f9 la spada contro un&#8217;altra nazione e non insegneranno pi\u00f9 la guerra\u201d (Isaia, 2,4). La corona omaggio del signor Andrich verr\u00e0 esposta nella camera da letto dei genitori di Albino Luciani, mamma Bortola e pap\u00e0 Giovanni. <\/span><\/span><span style=\"font-family: Arial, sans-serif;\"><span style=\"font-size: small;\">\u00ab<em>Aspettiamo con gioia i visitatori \u2013 conclude Loris Serafini \u2013 riaprire le porte del Musal e della casa natale, ora interamente visitabile, \u00e8 un segnale forte per tutti ed solo la prima delle iniziative in programma per ricordare papa Luciani<\/em>\u00bb. <span style=\"color: #000000;\">Per garantire la sicurezza e rispettare le norme vigenti in materia di Covid-19, \u00e8 necessario <\/span><span style=\"color: #000000;\">prenotare le visite <\/span><span style=\"color: #000000;\">sia al Musal \u2013 Museo Albino Luciani sia alla casa natale di papa Luciani. Per informazioni e prenotazioni telefonare allo 0437 1948001 oppure WhatsApp 377 9665237).<\/span><\/span><\/span><\/p>\n","protected":false},"excerpt":{"rendered":"<p>CANALE D&#8217;AGORDO\u00a0 Dal 1\u00b0 giugno il Musal \u2013 Museo Albino Luciani e la casa natale di papa Luciani a Canale d&#8217;Agordo (Belluno) saranno visitabili gratuitamente per tutti i residenti nei 16 comuni dell&#8217;Agordino. A dare la bella notizia \u00e8 Loris Serafini, direttore del Museo: \u00abPapa Luciani ha sempre avuto un legame molto profondo e sincero&hellip;<\/p>\n","protected":false},"author":4,"featured_media":211849,"comment_status":"closed","ping_status":"open","sticky":false,"template":"","format":"standard","meta":{"_monsterinsights_skip_tracking":false,"_monsterinsights_sitenote_active":false,"_monsterinsights_sitenote_note":"","_monsterinsights_sitenote_category":0,"footnotes":""},"categories":[49],"tags":[],"class_list":["post-211847","post","type-post","status-publish","format-standard","has-post-thumbnail","hentry","category-news-18","category-49","description-off"],"img_url":"https:\/\/www.radiopiu.net\/wordpress\/wp-content\/uploads\/2021\/05\/La-reception-del-Museo-Albino-Luciani-scaled.jpeg","_links":{"self":[{"href":"https:\/\/www.radiopiu.net\/wordpress\/wp-json\/wp\/v2\/posts\/211847","targetHints":{"allow":["GET"]}}],"collection":[{"href":"https:\/\/www.radiopiu.net\/wordpress\/wp-json\/wp\/v2\/posts"}],"about":[{"href":"https:\/\/www.radiopiu.net\/wordpress\/wp-json\/wp\/v2\/types\/post"}],"author":[{"embeddable":true,"href":"https:\/\/www.radiopiu.net\/wordpress\/wp-json\/wp\/v2\/users\/4"}],"replies":[{"embeddable":true,"href":"https:\/\/www.radiopiu.net\/wordpress\/wp-json\/wp\/v2\/comments?post=211847"}],"version-history":[{"count":0,"href":"https:\/\/www.radiopiu.net\/wordpress\/wp-json\/wp\/v2\/posts\/211847\/revisions"}],"wp:featuredmedia":[{"embeddable":true,"href":"https:\/\/www.radiopiu.net\/wordpress\/wp-json\/wp\/v2\/media\/211849"}],"wp:attachment":[{"href":"https:\/\/www.radiopiu.net\/wordpress\/wp-json\/wp\/v2\/media?parent=211847"}],"wp:term":[{"taxonomy":"category","embeddable":true,"href":"https:\/\/www.radiopiu.net\/wordpress\/wp-json\/wp\/v2\/categories?post=211847"},{"taxonomy":"post_tag","embeddable":true,"href":"https:\/\/www.radiopiu.net\/wordpress\/wp-json\/wp\/v2\/tags?post=211847"}],"curies":[{"name":"wp","href":"https:\/\/api.w.org\/{rel}","templated":true}]}}