{"id":212246,"date":"2021-05-27T12:25:10","date_gmt":"2021-05-27T10:25:10","guid":{"rendered":"https:\/\/www.radiopiu.net\/wordpress\/?p=212246"},"modified":"2021-05-27T13:30:36","modified_gmt":"2021-05-27T11:30:36","slug":"dalla-sala-stampa-della-protezione-civile-di-marghera-il-punto-di-luca-zaia","status":"publish","type":"post","link":"https:\/\/www.radiopiu.net\/wordpress\/dalla-sala-stampa-della-protezione-civile-di-marghera-il-punto-di-luca-zaia\/","title":{"rendered":"DALLA SALA STAMPA DELLA PROTEZIONE CIVILE DI MARGHERA IL PUNTO DI LUCA ZAIA"},"content":{"rendered":"<p><strong>VENEZIA<\/strong>\u00a0Consueto appuntamento con la conferenza stampa di Luca Zaia dalla sede della Protezione Civile a Marghera.<\/p>\n<p><strong>I NUMERI 10milioni 121 mila tamponi<\/strong> TAMPONI IERI 29800 POSITIVI IERI\u00a0 +242\u00a0 INCIDENZA POSITIVI 0.81 % TAMPONI % POSITIVI DA INIZIO EPIDEMIA\u00a0 422.730 POSITIVI ATTUALI\u00a0 9.377\u00a0 RICOVERI 735 (-38)\u00a0 IN AREA NON CRITICA 651\u00a0 (-30) IN TERAPIA INTENSIVA\u00a0 84 (-8) \u00a0 ALTRI PAZIENTI NON COVID in terapia intensiva\u00a0 \u00a0332 DECESSI 11.546\u00a0 (+6)\u00a0 DIMESSI 21.651<\/p>\n<blockquote>\n<h2>LEGGI LA CONFERENZA STAMPA DI LUCA ZAIA, aggiornamento in tempo reale<\/h2>\n<p><em>Stiamo cercando di legittimare il tema dei luna park e spettacolo viaggiante anche se temporaneo e delle discoteche. L&#8217;obiettivo il 7 giugno, ma tutto \u00e8 da valutare non \u00e8 prevista nelle normative.\u00a0 E&#8217; passata la proposta\u00a0 veneta di riaprire le attivit\u00e0 ed eliminare il coprifuoco nel momento in cui si passa in zona bianca, non era cos\u00ec scontato. Per le riaperture -agevolandole &#8211; formuleremo un provvedimento uniforme tra regioni. Spero che il peggio sia passato, ma nessuno ha la sfera della verit\u00e0, ma si vede la luce in fondo al tunnel.<\/em><\/p><\/blockquote>\n<p>Vaccini oltre 29mila nelle ultime 24 ore, sta andando bene, aggiornamento 97,9% over 80, 85,5% dai 70 ai 70 anni, 81% 60-69, 72% 50-59, 52% 40-49. <strong>DOMANI IL GIUDIZIO<\/strong> I numeri del Veneto Rt 0,69, incidenza 29,8% positivi su 100mila cio\u00e8 la met\u00e0 per essere in zona bianca (50), tassi occupazione degli ospdali 7% (terapia intensiva soglia critica 30% area non critica 40%) immagino che domani verr\u00e0 confermata la zona bianca, poi la prossima settimana sar\u00e0 quella dell&#8217;ulteriore valutazione e se venerdi prossimo ci saranno questi parametri si entra in zona bianca<strong>. LE RIUNIONI DI IERI<\/strong> Abbiamo discusso come governatori, ho portato la mia posizione: zona bianca punto d&#8217;arrivo che non precece la trasparente, \u00e8 l&#8217;ultima quindi in teoria tutto aperto pur con prudenza e attenzioni del caso. Da subito le aperture previste dal decreto. <strong>COPRIFUOCO<\/strong> &#8220;se ne va&#8221; non perch\u00e9 il virus non esiste ma perch\u00e9 siamo convinti che da evitare sono gli assembramenti, difficile spiegare al cittadino che dopo le 23 il virus \u00e8 pi\u00f9 contagioso dopo che tra le 5 del mattino e le 23 sono saliti sui mezzi di trasporto, sono andati nelle scuole, in occasioni pubbliche, sui posti di lavoro. <strong>EVOLUZIONE VIRUS<\/strong> Unica cosa certa che o diventer\u00e0 endemico che accompagner\u00e0 senza conseguenze come fosse un virus influenzale oppure scomparir\u00e0 come per il virus della Sars, altre alternative non ce ne sono.<strong> E A NOVEMBRE E DICEMBRE?\u00a0<\/strong> I pi\u00f9 attenti del mondo scientifico dicono che il virus avr\u00e0 la forza che ha sempre avuto ma trover\u00e0 &#8220;ospiti&#8221; vaccinati. Nei prossimi bollettini metteremo anche chi \u00e8 finito in ospedale\u00a0 specificando se vaccinato o meno.\u00a0 <strong>CLASSIFICA POLITICI<\/strong> Draghi, Meloni e Zaia che eguaglia Conte sopra salvini. Trovo difficile fare considerazione su una classifica politica, io sono un amministratore. Chi ha politica non ha potuto fare comizi, diveramente dagli aggiornamenti covid che mi hanno dato visibilit\u00e0. Io sto in Veneto per dargli l&#8217;autonomia, si riparte in questi mesi abbiamo lavorato, incontrero&#8217; la commissione trattante, abbiamo aperto l&#8217;osservatorio con l&#8217;Universit\u00e0. <strong>TAMPONI RAPIDI IN VENETO E GUARDIA DI FINANZA A TREVISO<\/strong> Non so nulla dell&#8217;attivit\u00e0 della Guardia di Finanza non conosco se c&#8217;\u00e8 un&#8217;attivit\u00e0 della magistratura.<strong> PREOCCUPATO DAL PROGETTO BRUGNARO CHE POTREBBE &#8220;RUBARE&#8221; VOTO ALLA LEGA?<\/strong> \u00a0Io soffro d&#8217;insonnia per altri motivi\u00bb.<\/p>\n<p><a href=\"https:\/\/www.facebook.com\/zaiaufficiale\/videos\/966783040735380\">https:\/\/www.facebook.com\/zaiaufficiale\/videos\/966783040735380<\/a><\/p>\n<p>&nbsp;<\/p>\n","protected":false},"excerpt":{"rendered":"<p>VENEZIA\u00a0Consueto appuntamento con la conferenza stampa di Luca Zaia dalla sede della Protezione Civile a Marghera. I NUMERI 10milioni 121 mila tamponi TAMPONI IERI 29800 POSITIVI IERI\u00a0 +242\u00a0 INCIDENZA POSITIVI 0.81 % TAMPONI % POSITIVI DA INIZIO EPIDEMIA\u00a0 422.730 POSITIVI ATTUALI\u00a0 9.377\u00a0 RICOVERI 735 (-38)\u00a0 IN AREA NON CRITICA 651\u00a0 (-30) IN TERAPIA INTENSIVA\u00a0 84&hellip;<\/p>\n","protected":false},"author":4,"featured_media":178309,"comment_status":"closed","ping_status":"open","sticky":false,"template":"","format":"standard","meta":{"_monsterinsights_skip_tracking":false,"_monsterinsights_sitenote_active":false,"_monsterinsights_sitenote_note":"","_monsterinsights_sitenote_category":0,"footnotes":""},"categories":[51,49],"tags":[],"class_list":["post-212246","post","type-post","status-publish","format-standard","has-post-thumbnail","hentry","category-evidenza-top","category-news-18","category-51","category-49","description-off"],"img_url":"https:\/\/www.radiopiu.net\/wordpress\/wp-content\/uploads\/2020\/12\/ZAIA-CONF-STAMPA.png","_links":{"self":[{"href":"https:\/\/www.radiopiu.net\/wordpress\/wp-json\/wp\/v2\/posts\/212246","targetHints":{"allow":["GET"]}}],"collection":[{"href":"https:\/\/www.radiopiu.net\/wordpress\/wp-json\/wp\/v2\/posts"}],"about":[{"href":"https:\/\/www.radiopiu.net\/wordpress\/wp-json\/wp\/v2\/types\/post"}],"author":[{"embeddable":true,"href":"https:\/\/www.radiopiu.net\/wordpress\/wp-json\/wp\/v2\/users\/4"}],"replies":[{"embeddable":true,"href":"https:\/\/www.radiopiu.net\/wordpress\/wp-json\/wp\/v2\/comments?post=212246"}],"version-history":[{"count":0,"href":"https:\/\/www.radiopiu.net\/wordpress\/wp-json\/wp\/v2\/posts\/212246\/revisions"}],"wp:featuredmedia":[{"embeddable":true,"href":"https:\/\/www.radiopiu.net\/wordpress\/wp-json\/wp\/v2\/media\/178309"}],"wp:attachment":[{"href":"https:\/\/www.radiopiu.net\/wordpress\/wp-json\/wp\/v2\/media?parent=212246"}],"wp:term":[{"taxonomy":"category","embeddable":true,"href":"https:\/\/www.radiopiu.net\/wordpress\/wp-json\/wp\/v2\/categories?post=212246"},{"taxonomy":"post_tag","embeddable":true,"href":"https:\/\/www.radiopiu.net\/wordpress\/wp-json\/wp\/v2\/tags?post=212246"}],"curies":[{"name":"wp","href":"https:\/\/api.w.org\/{rel}","templated":true}]}}