{"id":212337,"date":"2021-05-28T05:43:24","date_gmt":"2021-05-28T03:43:24","guid":{"rendered":"https:\/\/www.radiopiu.net\/wordpress\/?p=212337"},"modified":"2021-05-28T09:41:34","modified_gmt":"2021-05-28T07:41:34","slug":"a-due-anni-da-vaia-il-pericolo-incombe-su-strada-e-abitazione","status":"publish","type":"post","link":"https:\/\/www.radiopiu.net\/wordpress\/a-due-anni-da-vaia-il-pericolo-incombe-su-strada-e-abitazione\/","title":{"rendered":"A DUE ANNI DA VAIA IL PERICOLO INCOMBE SU STRADA E ABITAZIONE"},"content":{"rendered":"<div class=\"j83agx80 jwdofwj8 pby63qed\" data-testid=\"incoming_group\">\n<div class=\"rj1gh0hx buofh1pr hpfvmrgz\">\n<div role=\"row\">\n<div class=\"\">\n<div class=\"j83agx80 cbu4d94t\">\n<div class=\"j83agx80\">\n<div class=\"jn8vp64t l9j0dhe7 hpfvmrgz\">\n<div class=\"lzcic4wl\" tabindex=\"0\" role=\"gridcell\" data-scope=\"messages_table\" data-recover=\"true\">\n<div class=\"ni8dbmo4 stjgntxs g5ia77u1 ii04i59q j83agx80 cbu4d94t ll8tlv6m\" data-testid=\"messenger_incoming_text_row\">\n<div class=\"l60d2q6s d1544ag0 sj5x9vvc tw6a2znq l9j0dhe7 ni8dbmo4 stjgntxs qlfml3jp inkptoze e72ty7fz qmr60zad jm1wdb64 qv66sw1b ljqsnud1 g6srhlxm odn2s2vf\">\n<div dir=\"auto\"><strong>CANALE D&#8217;AGORDO<\/strong> Quando Fabio da Pisoliva ci ricorda che nei giorni di Vaia eravamo stati a casa sua ci riporta alla mente quel fango, quel pericolo per l&#8217;abitazione e la strada sottostante. Ce lo ricorda per farci ricordare com&#8217;era due anni fa la situazione e come \u00e8 oggi, cio\u00e8 tolto il fango e l&#8217;acqua corrente il sito \u00e8 nelle stesse precarie condizioni. <em>&#8220;Per questo sono profondamente deluso da una storia che sembra non avere mai fine&#8221; <\/em>ci dice Fabio Fenti.\u00a0 Nei mesi dopo Vaia \u00e8 stato fatto un primo intervento, sono stati posizionati i massi, creando una scogliera a protezione della strada. Dopo d&#8217; allora non sono mancati\u00a0 sopralluoghi, rilievi e nella primavera 2020 l&#8217;illusione della svolta <em>&#8220;Invece \u00e8 passato un altro inverno &#8211; dice Fabio &#8211;\u00a0 e qualche tempo fa il Comune ha sollecitato l&#8217;intervento documentando la situazione con materiale ancora in movimento. Fiducioso stavo aspettando l&#8217; inizio dei lavori, ma cos\u00ec non \u00e8&#8221;. <\/em>Infatti l&#8217; intervento verr\u00e0 finanziato dalla Regione con fondi Vaia e non pi\u00f9 in somma urgenza. <em>&#8220;Per questo &#8211; continua Fabio Fenti &#8211;\u00a0 passer\u00e0 un&#8217; altra estate con inevitabili colate di acqua, fango e sassi che inevitabilmente scendono ad ogni temporale o pioggia pi\u00f9 fitta. Vorrei precisare che fino ad ora mi sono salvato da ci\u00f2 solo grazie ad un riparo con tavolini e un canale fatto con il piccone di traverso sul pendio, cosa che servir\u00e0 ben poco se dovesse scendere il materiale gi\u00e0 in movimento che c&#8217; \u00e8 sopra. Specifico anche che per una questione di scadenza dei termini abbiamo dovuto provvedere al rifacimento della facciata dell&#8217; abitazione e alla sostituzione del mio portone d&#8217; ingresso, sfondato dall&#8217; evento Vaia&#8221;<\/em>. E&#8217; demoralizzato Fabio Fenti mentre si chiede cosa si aspetti ad intervenire a due anni dalla tempesta Vaia.<\/div>\n<div dir=\"auto\"><\/div>\n<blockquote>\n<div dir=\"auto\"><strong>Il Consigliere provinciale Massimo Bortoluzzi<\/strong> <em>&#8220;Con\u00a0 Fabio Fenti ho e hanno avuto numerose interlocuzioni anche i tecnici della provincia, questo smottamento \u00e8 stato provocato dall&#8217;evento di Vaia e subito ci siamo attivati per chiedere il finanziamento, ma non ce l&#8217;hanno mai finanziato, da indiscrezioni dovrebbero finanziarlo con questa annualit\u00e0, non \u00e8 colpa mia se il commissario non lo aveva finanziato&#8230;. certo \u00e8 che se le condizioni di sicurezza dovessero venire a mancare a quel punto si interverrebbe in somma urgenza. Mi dispiace per le persone che ancor oggi hanno delle situazioni difficili nonostante siano passati anni, ma nonostante non sia una mia responsabilit\u00e0 l&#8217;approvazione del piano di\u00a0 Vaia con la priorit\u00e0 degli interventi, mi scuso per il disagio che hanno queste persone, facendo anche presente che i danni sul nostro territorio sono tanti e le risorse umane e finanziare molto meno, perci\u00f2 anche se la volont\u00e0 sarebbe quella di aiutare tutti subito, alle volte non si riesce&#8221;.\u00a0<\/em><\/div>\n<\/blockquote>\n<div dir=\"auto\">\n\n\t\t\t<style type='text\/css'>\n\t\t\t\t#gallery-1 {\n\t\t\t\t\tmargin: auto;\n\t\t\t\t}\n\t\t\t\t#gallery-1 .gallery-item {\n\t\t\t\t\tfloat: left;\n\t\t\t\t\tmargin-top: 10px;\n\t\t\t\t\ttext-align: center;\n\t\t\t\t\twidth: 33%;\n\t\t\t\t}\n\t\t\t\t#gallery-1 img {\n\t\t\t\t\tborder: 2px solid #cfcfcf;\n\t\t\t\t}\n\t\t\t\t#gallery-1 .gallery-caption {\n\t\t\t\t\tmargin-left: 0;\n\t\t\t\t}\n\t\t\t\t\/* see gallery_shortcode() in wp-includes\/media.php *\/\n\t\t\t<\/style>\n\t\t<div id='gallery-1' class='dt-gallery-container gallery galleryid-212337 gallery-columns-3 gallery-size-thumbnail'><dl class='gallery-item'>\n\t\t\t\t<dt class='gallery-icon landscape'>\n\t\t\t\t\t<a class=\"rollover rollover-zoom dt-pswp-item\" title=\"190033683_857492795122412_3612594199360657869_n\" data-dt-img-description=\"\" data-large_image_width=\"366\" data-large_image_height=\"206\"href='https:\/\/www.radiopiu.net\/wordpress\/wp-content\/uploads\/2021\/05\/190033683_857492795122412_3612594199360657869_n.jpg'><img loading=\"lazy\" decoding=\"async\" width=\"150\" height=\"150\" src=\"https:\/\/www.radiopiu.net\/wordpress\/wp-content\/uploads\/2021\/05\/190033683_857492795122412_3612594199360657869_n-150x150.jpg\" class=\"attachment-thumbnail size-thumbnail\" alt=\"\" \/><\/a>\n\t\t\t\t<\/dt><\/dl><dl class='gallery-item'>\n\t\t\t\t<dt class='gallery-icon portrait'>\n\t\t\t\t\t<a class=\"rollover rollover-zoom dt-pswp-item\" title=\"192272105_3027163337503604_9120728568692281036_n\" data-dt-img-description=\"\" data-large_image_width=\"154\" data-large_image_height=\"280\"href='https:\/\/www.radiopiu.net\/wordpress\/wp-content\/uploads\/2021\/05\/192272105_3027163337503604_9120728568692281036_n.jpg'><img loading=\"lazy\" decoding=\"async\" width=\"150\" height=\"150\" src=\"https:\/\/www.radiopiu.net\/wordpress\/wp-content\/uploads\/2021\/05\/192272105_3027163337503604_9120728568692281036_n-150x150.jpg\" class=\"attachment-thumbnail size-thumbnail\" alt=\"\" \/><\/a>\n\t\t\t\t<\/dt><\/dl><dl class='gallery-item'>\n\t\t\t\t<dt class='gallery-icon portrait'>\n\t\t\t\t\t<a class=\"rollover rollover-zoom dt-pswp-item\" title=\"191218982_3996490887109645_7610813491385082934_n\" data-dt-img-description=\"\" data-large_image_width=\"154\" data-large_image_height=\"280\"href='https:\/\/www.radiopiu.net\/wordpress\/wp-content\/uploads\/2021\/05\/191218982_3996490887109645_7610813491385082934_n.jpg'><img loading=\"lazy\" decoding=\"async\" width=\"150\" height=\"150\" src=\"https:\/\/www.radiopiu.net\/wordpress\/wp-content\/uploads\/2021\/05\/191218982_3996490887109645_7610813491385082934_n-150x150.jpg\" class=\"attachment-thumbnail size-thumbnail\" alt=\"\" \/><\/a>\n\t\t\t\t<\/dt><\/dl><br style=\"clear: both\" \/><dl class='gallery-item'>\n\t\t\t\t<dt class='gallery-icon portrait'>\n\t\t\t\t\t<a class=\"rollover rollover-zoom dt-pswp-item\" title=\"191245967_1196040457485210_9071252037687422882_n\" data-dt-img-description=\"\" data-large_image_width=\"154\" data-large_image_height=\"280\"href='https:\/\/www.radiopiu.net\/wordpress\/wp-content\/uploads\/2021\/05\/191245967_1196040457485210_9071252037687422882_n.jpg'><img loading=\"lazy\" decoding=\"async\" width=\"150\" height=\"150\" src=\"https:\/\/www.radiopiu.net\/wordpress\/wp-content\/uploads\/2021\/05\/191245967_1196040457485210_9071252037687422882_n-150x150.jpg\" class=\"attachment-thumbnail size-thumbnail\" alt=\"\" \/><\/a>\n\t\t\t\t<\/dt><\/dl><dl class='gallery-item'>\n\t\t\t\t<dt class='gallery-icon landscape'>\n\t\t\t\t\t<a class=\"rollover rollover-zoom dt-pswp-item\" title=\"192282136_545544589912866_6593810458232508600_n\" data-dt-img-description=\"\" data-large_image_width=\"366\" data-large_image_height=\"206\"href='https:\/\/www.radiopiu.net\/wordpress\/wp-content\/uploads\/2021\/05\/192282136_545544589912866_6593810458232508600_n.jpg'><img loading=\"lazy\" decoding=\"async\" width=\"150\" height=\"150\" src=\"https:\/\/www.radiopiu.net\/wordpress\/wp-content\/uploads\/2021\/05\/192282136_545544589912866_6593810458232508600_n-150x150.jpg\" class=\"attachment-thumbnail size-thumbnail\" alt=\"\" \/><\/a>\n\t\t\t\t<\/dt><\/dl><dl class='gallery-item'>\n\t\t\t\t<dt class='gallery-icon landscape'>\n\t\t\t\t\t<a class=\"rollover rollover-zoom dt-pswp-item\" title=\"191219246_173330771290005_7054808017854854252_n\" data-dt-img-description=\"\" data-large_image_width=\"366\" data-large_image_height=\"206\"href='https:\/\/www.radiopiu.net\/wordpress\/wp-content\/uploads\/2021\/05\/191219246_173330771290005_7054808017854854252_n.jpg'><img loading=\"lazy\" decoding=\"async\" width=\"150\" height=\"150\" src=\"https:\/\/www.radiopiu.net\/wordpress\/wp-content\/uploads\/2021\/05\/191219246_173330771290005_7054808017854854252_n-150x150.jpg\" class=\"attachment-thumbnail size-thumbnail\" alt=\"\" \/><\/a>\n\t\t\t\t<\/dt><\/dl><br style=\"clear: both\" \/>\n\t\t\t<\/div>\n\n<\/div>\n<\/div>\n<\/div>\n<\/div>\n<\/div>\n<\/div>\n<\/div>\n<\/div>\n<\/div>\n<\/div>\n<\/div>\n","protected":false},"excerpt":{"rendered":"<p>CANALE D&#8217;AGORDO Quando Fabio da Pisoliva ci ricorda che nei giorni di Vaia eravamo stati a casa sua ci riporta alla mente quel fango, quel pericolo per l&#8217;abitazione e la strada sottostante. Ce lo ricorda per farci ricordare com&#8217;era due anni fa la situazione e come \u00e8 oggi, cio\u00e8 tolto il fango e l&#8217;acqua corrente&hellip;<\/p>\n","protected":false},"author":4,"featured_media":212343,"comment_status":"closed","ping_status":"open","sticky":false,"template":"","format":"standard","meta":{"_monsterinsights_skip_tracking":false,"_monsterinsights_sitenote_active":false,"_monsterinsights_sitenote_note":"","_monsterinsights_sitenote_category":0,"footnotes":""},"categories":[1,51,49],"tags":[],"class_list":["post-212337","post","type-post","status-publish","format-standard","has-post-thumbnail","hentry","category-senza-categoria","category-evidenza-top","category-news-18","category-1","category-51","category-49","description-off"],"img_url":"https:\/\/www.radiopiu.net\/wordpress\/wp-content\/uploads\/2021\/05\/190033683_857492795122412_3612594199360657869_n.jpg","_links":{"self":[{"href":"https:\/\/www.radiopiu.net\/wordpress\/wp-json\/wp\/v2\/posts\/212337","targetHints":{"allow":["GET"]}}],"collection":[{"href":"https:\/\/www.radiopiu.net\/wordpress\/wp-json\/wp\/v2\/posts"}],"about":[{"href":"https:\/\/www.radiopiu.net\/wordpress\/wp-json\/wp\/v2\/types\/post"}],"author":[{"embeddable":true,"href":"https:\/\/www.radiopiu.net\/wordpress\/wp-json\/wp\/v2\/users\/4"}],"replies":[{"embeddable":true,"href":"https:\/\/www.radiopiu.net\/wordpress\/wp-json\/wp\/v2\/comments?post=212337"}],"version-history":[{"count":0,"href":"https:\/\/www.radiopiu.net\/wordpress\/wp-json\/wp\/v2\/posts\/212337\/revisions"}],"wp:featuredmedia":[{"embeddable":true,"href":"https:\/\/www.radiopiu.net\/wordpress\/wp-json\/wp\/v2\/media\/212343"}],"wp:attachment":[{"href":"https:\/\/www.radiopiu.net\/wordpress\/wp-json\/wp\/v2\/media?parent=212337"}],"wp:term":[{"taxonomy":"category","embeddable":true,"href":"https:\/\/www.radiopiu.net\/wordpress\/wp-json\/wp\/v2\/categories?post=212337"},{"taxonomy":"post_tag","embeddable":true,"href":"https:\/\/www.radiopiu.net\/wordpress\/wp-json\/wp\/v2\/tags?post=212337"}],"curies":[{"name":"wp","href":"https:\/\/api.w.org\/{rel}","templated":true}]}}