{"id":212408,"date":"2021-05-27T23:59:39","date_gmt":"2021-05-27T21:59:39","guid":{"rendered":"https:\/\/www.radiopiu.net\/wordpress\/?p=212408"},"modified":"2021-05-27T19:23:39","modified_gmt":"2021-05-27T17:23:39","slug":"antichi-abitatori-nel-bellunese-allepoca-del-paleolitico-medio","status":"publish","type":"post","link":"https:\/\/www.radiopiu.net\/wordpress\/antichi-abitatori-nel-bellunese-allepoca-del-paleolitico-medio\/","title":{"rendered":"ANTICHI ABITATORI NEL BELLUNESE ALL\u2019EPOCA DEL PALEOLITICO MEDIO"},"content":{"rendered":"<p><strong>di RENATO BONA<\/strong><\/p>\n<p>Siamo sinceramente grati ad Alberto Broglio, Carlo Mondini ed Aldo Villabruna per aver squarciato il velo della nostra personale ignoranza (ma crediamo di essere in buona compagnia\u2026) avendo proposto il capitolo \u201cI pi\u00f9 antichi abitatori del Bellunese: il paleolitico medio\u201d del libro-catalogo \u201cImmagini dal tempo. 40.000 anni di storia nella Provincia di Belluno\u201d che il Comune capoluogo ha realizzato nel luglio 1992 presso Grafiche Antiga di Cornuda, in occasione della mostra sullo stesso tema che &#8211; lo ricordava il sindaco dell\u2019epoca, Gianclaudio Bressa &#8211; era stata promossa con la collaborazione degli studiosi della Soprintendenza ai Beni archeologici del Veneto e dell\u2019Universit\u00e0 di Ferrara con gli esperti intenditori degli \u201cAmici del Museo\u201d di Belluno &#8211; per presentare, illustrare ed interpretare i luoghi in cui l\u2019uomo \u00e8 vissuto, gli oggetti che ha creato, le esperienze di attivit\u00e0, di lavoro, di rapporti sociali, di credenze che, dal passato pi\u00f9 remoto, hanno preparato il mondo di oggi. I tre autori esordiscono cos\u00ec: \u201cLe ricerche condotte nei lembi di territorio che non erano stati ricoperti dai ghiacci attorno a 20.000-18.000 anni fa, cio\u00e8 nelle zone di media altitudine montana, hanno portato a scoperte di estremo interesse\u201d e quindi ricordano che: \u201cLa sommit\u00e0 pianeggiante di Monte Avena, situata ad una quota di 1454 metri, anche nei momenti di massimo sviluppo glaciale (II Pleniglaciale w\u00fc rniano) restava come un\u2019isola al di fuori delle masse glaciali che l\u2019attanagliavano fino a quota tra 1.100-900 metri): il ghiacciaio del Cismon a nord e a ovest e il ghiacciaio del Piave nella sua parte meridionale\u201d. E precisano: \u201cL\u2019Uomo raggiunse pi\u00f9 volte nel corso della preistoria la sommit\u00e0 del monte Avena, abbandonandovi i propri strumenti in pietra, riportati alla luce in questi ultimi anni per mezzo di attente ricerche di superficie (Mondini-Villabruna) e in seguito con l\u2019ausilio di scientifiche ed articolate campagne archeologiche di scavo (Broglio-Lanzinger). I manufatti pi\u00f9 antichi della Provincia di Belluno provengono dai livelli pi\u00f9 profondi dello scavo archeologico eseguito presso il Campon di Monte Avena, ad una quota di 1.430 metri. Quattro campagne di scavo effettuate negli anni 1984-87 in collaborazione tra l\u2019Istituto di geologia dell\u2019Universit\u00e0 di Ferrara, il Museo civico di Belluno e l\u2019Associazione Amici del Museo di Belluno con l\u2019appoggio della Soprintendenza archeologica del Veneto ed il finanziamento della Cassa di Risparmio di Verona, Vicenza e Belluno, hanno permesso di riconoscere sul Campon vari episodi di frequentazione umana\u201d. Di seguito illustrano lo scavo, realizzato alla testata di una vallecola \u201cdove erano stati reperiti, in superficie, alcuni manufatti di tipologia paleolitica. La ricerca venne estesa su una superficie di 72 metri tra l\u2019asse della vallecola ed una paretina rocciosa composta da calcare marnoso della \u201cscaglia rossa\u201d contenente noduli di selce. Nell\u2019occasione si sono accertati quattro momenti diversi di frequentazione umana nell\u2019arco temporale di circa 50.000 anni. Viene quindi precisato che: \u201cUn primo gruppo di manufatti, trovati nella parte pi\u00f9 profonda del deposito va riferito al Paleolitico medio: si tratta di pochi pezzi, preziosi comunque per documentare la presenza dell\u2019uomo di tale et\u00e0. I manufatti presentano infatti \u201cle caratteristiche M\u00fcsteriano, complesso che si sviluppa durante la fase iniziale della glaciazione di w\u00fcrm, il I Pleniglaciale e l\u2019Interpleniglaciale, fino a circa 40.000 anni fa\u2026\u201d. La conclusione del capitolo. Il ritrovamento di Monte Avena \u00e8 uno dei pi\u00f9 elevati del Paleolitico medio noti nella regione alpina. Altri ritrovamenti analoghi sono stati fatti sul Monte Baldo, alle Viotte del Bondone, sui monte Lessini e sull\u2019Altopiano di Asiago. E\u2019 probabile che la frequentazione di questi siti sia stata determinata dalla necessit\u00e0 di cacciare leprede; sul Monte Avena \u00e8 tuttavia ben documentata anche l\u2019attivit\u00e0 di lavorazione della selce locale\u201d.<\/p>\n\n\t\t\t<style type='text\/css'>\n\t\t\t\t#gallery-1 {\n\t\t\t\t\tmargin: auto;\n\t\t\t\t}\n\t\t\t\t#gallery-1 .gallery-item {\n\t\t\t\t\tfloat: left;\n\t\t\t\t\tmargin-top: 10px;\n\t\t\t\t\ttext-align: center;\n\t\t\t\t\twidth: 20%;\n\t\t\t\t}\n\t\t\t\t#gallery-1 img {\n\t\t\t\t\tborder: 2px solid #cfcfcf;\n\t\t\t\t}\n\t\t\t\t#gallery-1 .gallery-caption {\n\t\t\t\t\tmargin-left: 0;\n\t\t\t\t}\n\t\t\t\t\/* see gallery_shortcode() in wp-includes\/media.php *\/\n\t\t\t<\/style>\n\t\t<div id='gallery-1' class='dt-gallery-container gallery galleryid-212408 gallery-columns-5 gallery-size-thumbnail'><dl class='gallery-item'>\n\t\t\t\t<dt class='gallery-icon landscape'>\n\t\t\t\t\t<a class=\"rollover rollover-zoom dt-pswp-item\" title=\"191339315_624712085153766_2618251365618009597_n\" data-dt-img-description=\"\" data-large_image_width=\"280\" data-large_image_height=\"206\"href='https:\/\/www.radiopiu.net\/wordpress\/wp-content\/uploads\/2021\/05\/191339315_624712085153766_2618251365618009597_n.jpg'><img loading=\"lazy\" decoding=\"async\" width=\"150\" height=\"150\" src=\"https:\/\/www.radiopiu.net\/wordpress\/wp-content\/uploads\/2021\/05\/191339315_624712085153766_2618251365618009597_n-150x150.jpg\" class=\"attachment-thumbnail size-thumbnail\" alt=\"\" \/><\/a>\n\t\t\t\t<\/dt><\/dl><dl class='gallery-item'>\n\t\t\t\t<dt class='gallery-icon portrait'>\n\t\t\t\t\t<a class=\"rollover rollover-zoom dt-pswp-item\" title=\"191053351_144642787690674_8028064474800428764_n\" data-dt-img-description=\"\" data-large_image_width=\"173\" data-large_image_height=\"200\"href='https:\/\/www.radiopiu.net\/wordpress\/wp-content\/uploads\/2021\/05\/191053351_144642787690674_8028064474800428764_n.jpg'><img loading=\"lazy\" decoding=\"async\" width=\"150\" height=\"150\" src=\"https:\/\/www.radiopiu.net\/wordpress\/wp-content\/uploads\/2021\/05\/191053351_144642787690674_8028064474800428764_n-150x150.jpg\" class=\"attachment-thumbnail size-thumbnail\" alt=\"\" \/><\/a>\n\t\t\t\t<\/dt><\/dl><dl class='gallery-item'>\n\t\t\t\t<dt class='gallery-icon portrait'>\n\t\t\t\t\t<a class=\"rollover rollover-zoom dt-pswp-item\" title=\"191208450_2918613761757982_4617933703176775642_n\" data-dt-img-description=\"\" data-large_image_width=\"151\" data-large_image_height=\"225\"href='https:\/\/www.radiopiu.net\/wordpress\/wp-content\/uploads\/2021\/05\/191208450_2918613761757982_4617933703176775642_n.jpg'><img loading=\"lazy\" decoding=\"async\" width=\"150\" height=\"150\" src=\"https:\/\/www.radiopiu.net\/wordpress\/wp-content\/uploads\/2021\/05\/191208450_2918613761757982_4617933703176775642_n-150x150.jpg\" class=\"attachment-thumbnail size-thumbnail\" alt=\"\" \/><\/a>\n\t\t\t\t<\/dt><\/dl><dl class='gallery-item'>\n\t\t\t\t<dt class='gallery-icon landscape'>\n\t\t\t\t\t<a class=\"rollover rollover-zoom dt-pswp-item\" title=\"191459784_2675145899298617_2935051075201162528_n\" data-dt-img-description=\"\" data-large_image_width=\"346\" data-large_image_height=\"206\"href='https:\/\/www.radiopiu.net\/wordpress\/wp-content\/uploads\/2021\/05\/191459784_2675145899298617_2935051075201162528_n.jpg'><img loading=\"lazy\" decoding=\"async\" width=\"150\" height=\"150\" src=\"https:\/\/www.radiopiu.net\/wordpress\/wp-content\/uploads\/2021\/05\/191459784_2675145899298617_2935051075201162528_n-150x150.jpg\" class=\"attachment-thumbnail size-thumbnail\" alt=\"\" \/><\/a>\n\t\t\t\t<\/dt><\/dl><dl class='gallery-item'>\n\t\t\t\t<dt class='gallery-icon landscape'>\n\t\t\t\t\t<a class=\"rollover rollover-zoom dt-pswp-item\" title=\"192316585_1141195183046793_8399295247704594307_n\" data-dt-img-description=\"\" data-large_image_width=\"294\" data-large_image_height=\"206\"href='https:\/\/www.radiopiu.net\/wordpress\/wp-content\/uploads\/2021\/05\/192316585_1141195183046793_8399295247704594307_n.jpg'><img loading=\"lazy\" decoding=\"async\" width=\"150\" height=\"150\" src=\"https:\/\/www.radiopiu.net\/wordpress\/wp-content\/uploads\/2021\/05\/192316585_1141195183046793_8399295247704594307_n-150x150.jpg\" class=\"attachment-thumbnail size-thumbnail\" alt=\"\" \/><\/a>\n\t\t\t\t<\/dt><\/dl><br style=\"clear: both\" \/><dl class='gallery-item'>\n\t\t\t\t<dt class='gallery-icon landscape'>\n\t\t\t\t\t<a class=\"rollover rollover-zoom dt-pswp-item\" title=\"192688595_2942714302669518_4949683127680683664_n\" data-dt-img-description=\"\" data-large_image_width=\"220\" data-large_image_height=\"206\"href='https:\/\/www.radiopiu.net\/wordpress\/wp-content\/uploads\/2021\/05\/192688595_2942714302669518_4949683127680683664_n.jpg'><img loading=\"lazy\" decoding=\"async\" width=\"150\" height=\"150\" src=\"https:\/\/www.radiopiu.net\/wordpress\/wp-content\/uploads\/2021\/05\/192688595_2942714302669518_4949683127680683664_n-150x150.jpg\" class=\"attachment-thumbnail size-thumbnail\" alt=\"\" \/><\/a>\n\t\t\t\t<\/dt><\/dl><dl class='gallery-item'>\n\t\t\t\t<dt class='gallery-icon portrait'>\n\t\t\t\t\t<a class=\"rollover rollover-zoom dt-pswp-item\" title=\"191286132_1748404898679059_448699720451422832_n\" data-dt-img-description=\"\" data-large_image_width=\"153\" data-large_image_height=\"206\"href='https:\/\/www.radiopiu.net\/wordpress\/wp-content\/uploads\/2021\/05\/191286132_1748404898679059_448699720451422832_n.jpg'><img loading=\"lazy\" decoding=\"async\" width=\"150\" height=\"150\" src=\"https:\/\/www.radiopiu.net\/wordpress\/wp-content\/uploads\/2021\/05\/191286132_1748404898679059_448699720451422832_n-150x150.jpg\" class=\"attachment-thumbnail size-thumbnail\" alt=\"\" \/><\/a>\n\t\t\t\t<\/dt><\/dl><dl class='gallery-item'>\n\t\t\t\t<dt class='gallery-icon landscape'>\n\t\t\t\t\t<a class=\"rollover rollover-zoom dt-pswp-item\" title=\"192369329_1429176794111436_4679385086388683009_n\" data-dt-img-description=\"\" data-large_image_width=\"296\" data-large_image_height=\"203\"href='https:\/\/www.radiopiu.net\/wordpress\/wp-content\/uploads\/2021\/05\/192369329_1429176794111436_4679385086388683009_n.jpg'><img loading=\"lazy\" decoding=\"async\" width=\"150\" height=\"150\" src=\"https:\/\/www.radiopiu.net\/wordpress\/wp-content\/uploads\/2021\/05\/192369329_1429176794111436_4679385086388683009_n-150x150.jpg\" class=\"attachment-thumbnail size-thumbnail\" alt=\"\" \/><\/a>\n\t\t\t\t<\/dt><\/dl><dl class='gallery-item'>\n\t\t\t\t<dt class='gallery-icon landscape'>\n\t\t\t\t\t<a class=\"rollover rollover-zoom dt-pswp-item\" title=\"191606719_4360093794001752_5318447134675365236_n\" data-dt-img-description=\"\" data-large_image_width=\"219\" data-large_image_height=\"206\"href='https:\/\/www.radiopiu.net\/wordpress\/wp-content\/uploads\/2021\/05\/191606719_4360093794001752_5318447134675365236_n.jpg'><img loading=\"lazy\" decoding=\"async\" width=\"150\" height=\"150\" src=\"https:\/\/www.radiopiu.net\/wordpress\/wp-content\/uploads\/2021\/05\/191606719_4360093794001752_5318447134675365236_n-150x150.jpg\" class=\"attachment-thumbnail size-thumbnail\" alt=\"\" \/><\/a>\n\t\t\t\t<\/dt><\/dl><dl class='gallery-item'>\n\t\t\t\t<dt class='gallery-icon landscape'>\n\t\t\t\t\t<a class=\"rollover rollover-zoom dt-pswp-item\" title=\"191966233_469003590868475_5654618632147004583_n\" data-dt-img-description=\"\" data-large_image_width=\"294\" data-large_image_height=\"206\"href='https:\/\/www.radiopiu.net\/wordpress\/wp-content\/uploads\/2021\/05\/191966233_469003590868475_5654618632147004583_n.jpg'><img loading=\"lazy\" decoding=\"async\" width=\"150\" height=\"150\" src=\"https:\/\/www.radiopiu.net\/wordpress\/wp-content\/uploads\/2021\/05\/191966233_469003590868475_5654618632147004583_n-150x150.jpg\" class=\"attachment-thumbnail size-thumbnail\" alt=\"\" \/><\/a>\n\t\t\t\t<\/dt><\/dl><br style=\"clear: both\" \/>\n\t\t\t<\/div>\n\n<p>NELLE FOTO (riproduzioni dal libro\u201dImmagini dal tempo\u201d): sullo sfondo, il Monte Avena: anche durante i momenti di massimo sviluppo glaciale, la sommit\u00e0 fuoriusciva dalle masse glaciali, conservando intatte le tracce delle antiche genti preistoriche che l\u2019avevano frequentato; ricostruzione grafica del Monte Avena durante il Pleniglaciale w\u00fcrmiano; ancora l\u2019Avena: fu interessato in periodo preistorico da episodi di frequentazione umana; la sommit\u00e0 del Monte dove sono stati rinvenuti numerosi manufatti litici attribuibili a diverse culture preistoriche; Campon di Monte Avena, area degli scavi; manufatti attribuibili al Paleolitico medio; particolare di un settore dell\u2019officina litica dell\u2019Avena; altri momenti della campagna di scavi; schegge riconnesse.<\/p>\n","protected":false},"excerpt":{"rendered":"<p>di RENATO BONA Siamo sinceramente grati ad Alberto Broglio, Carlo Mondini ed Aldo Villabruna per aver squarciato il velo della nostra personale ignoranza (ma crediamo di essere in buona compagnia\u2026) avendo proposto il capitolo \u201cI pi\u00f9 antichi abitatori del Bellunese: il paleolitico medio\u201d del libro-catalogo \u201cImmagini dal tempo. 40.000 anni di storia nella Provincia di&hellip;<\/p>\n","protected":false},"author":4,"featured_media":212411,"comment_status":"closed","ping_status":"open","sticky":false,"template":"","format":"standard","meta":{"_monsterinsights_skip_tracking":false,"_monsterinsights_sitenote_active":false,"_monsterinsights_sitenote_note":"","_monsterinsights_sitenote_category":0,"footnotes":""},"categories":[49],"tags":[],"class_list":["post-212408","post","type-post","status-publish","format-standard","has-post-thumbnail","hentry","category-news-18","category-49","description-off"],"img_url":"https:\/\/www.radiopiu.net\/wordpress\/wp-content\/uploads\/2021\/05\/191208450_2918613761757982_4617933703176775642_n.jpg","_links":{"self":[{"href":"https:\/\/www.radiopiu.net\/wordpress\/wp-json\/wp\/v2\/posts\/212408","targetHints":{"allow":["GET"]}}],"collection":[{"href":"https:\/\/www.radiopiu.net\/wordpress\/wp-json\/wp\/v2\/posts"}],"about":[{"href":"https:\/\/www.radiopiu.net\/wordpress\/wp-json\/wp\/v2\/types\/post"}],"author":[{"embeddable":true,"href":"https:\/\/www.radiopiu.net\/wordpress\/wp-json\/wp\/v2\/users\/4"}],"replies":[{"embeddable":true,"href":"https:\/\/www.radiopiu.net\/wordpress\/wp-json\/wp\/v2\/comments?post=212408"}],"version-history":[{"count":0,"href":"https:\/\/www.radiopiu.net\/wordpress\/wp-json\/wp\/v2\/posts\/212408\/revisions"}],"wp:featuredmedia":[{"embeddable":true,"href":"https:\/\/www.radiopiu.net\/wordpress\/wp-json\/wp\/v2\/media\/212411"}],"wp:attachment":[{"href":"https:\/\/www.radiopiu.net\/wordpress\/wp-json\/wp\/v2\/media?parent=212408"}],"wp:term":[{"taxonomy":"category","embeddable":true,"href":"https:\/\/www.radiopiu.net\/wordpress\/wp-json\/wp\/v2\/categories?post=212408"},{"taxonomy":"post_tag","embeddable":true,"href":"https:\/\/www.radiopiu.net\/wordpress\/wp-json\/wp\/v2\/tags?post=212408"}],"curies":[{"name":"wp","href":"https:\/\/api.w.org\/{rel}","templated":true}]}}