{"id":212532,"date":"2021-05-28T15:08:05","date_gmt":"2021-05-28T13:08:05","guid":{"rendered":"https:\/\/www.radiopiu.net\/wordpress\/?p=212532"},"modified":"2021-05-28T15:08:06","modified_gmt":"2021-05-28T13:08:06","slug":"acc-tempus-fugit-memento-mori","status":"publish","type":"post","link":"https:\/\/www.radiopiu.net\/wordpress\/acc-tempus-fugit-memento-mori\/","title":{"rendered":"ACC &#8220;TEMPUS FUGIT MEMENTO MORI&#8221;"},"content":{"rendered":"<p>&nbsp;<\/p>\n<h2>L&#8217;OPINIONE<\/h2>\n<p><strong>di\u00a0 Stefano Bona, Cgil-Fiom<\/strong><\/p>\n<blockquote><p>\n<em><a href=\"https:\/\/www.radiopiu.net\/wordpress\/acc-tempus-fugit-memento-mori\/image-201\/\" rel=\"attachment wp-att-212533\"><img loading=\"lazy\" decoding=\"async\" class=\" wp-image-212533 alignleft\" src=\"https:\/\/www.radiopiu.net\/wordpress\/wp-content\/uploads\/2021\/05\/image-1-300x169.jpg\" alt=\"\" width=\"264\" height=\"149\" srcset=\"https:\/\/www.radiopiu.net\/wordpress\/wp-content\/uploads\/2021\/05\/image-1-300x169.jpg 300w, https:\/\/www.radiopiu.net\/wordpress\/wp-content\/uploads\/2021\/05\/image-1-768x432.jpg 768w, https:\/\/www.radiopiu.net\/wordpress\/wp-content\/uploads\/2021\/05\/image-1.jpg 960w\" sizes=\"auto, (max-width: 264px) 100vw, 264px\" \/><\/a>&#8220;Ieri nel corso delle assemblee con le lavoratrici e i lavoratori di Acc Wanbao ho assistito, con emozione ed orgoglio, alla dimostrazione, ancora una volta, del ruolo di grande responsabilit\u00e0 che loro stanno svolgendo da oltre un anno. Compostezza, condivisione, senso di comunit\u00e0 impegnata nella difesa e nella promozione del lavoro, caposaldo della nostra Repubblica! Riduzione dei volumi(abbiamo il lavoro, ma dobbiamo rinunciarci, un paradosso inaccettabile) decurtazione delle retribuzioni per il 3 mese di seguito, totale incertezza nel futuro, non hanno minimamente scalfito la loro ferma volont\u00e0 di lottare per la loro- nostra Acc. Ora per\u00f2 spetta ad altri il senso di responsabilit\u00e0, al governo e al mise, chiediamo parole di verit\u00e0! dal 23 Aprile scorso, data dell&#8217;ultimo incontro non abbiamo nessuna notizia, nemmeno il verbale di quella riunione \u00e8 stato ancora reso pubblico! Quale iniziativa ha preso il governo nei confronti della commissione europea per il continuo, irrispettoso rinvio della decisione sulla richiesta di finanziamento legge Prodi? Art 37 dl sostegni \u00e8 legge per volont\u00e0 di questo esecutivo e del mise, a quando il decreto ministeriale? Quando Acc potr\u00e0 avete accesso ai finanziamenti promessi? Il progetto Italcomp promosso e presentato dal governo Italiano \u00e8 ancora una soluzione possibile? a che punto sono le verifiche in merito alla fattibilit\u00e0? quale politica industriale nel settore dell&#8217;elettrodomestico si intende promuovere? Chi ha la precisa responsabilit\u00e0 di indicare le soluzioni, o anche solo lo stato dell&#8217;arte, nei confronti di Acc se non il mise, che la ha posta in amministrazione straordinaria? Crediamo veramente che in mancanza di risposte, le lavoratrici e i lavoratori si rassegnerebbero, dopo tutto quello che hanno fatto, e non avessero invece un sentimento di sfiducia e un moto di ribellione nei confronti delle istituzioni nelle quali hanno riposto e tutt&#8217;ora ripongono fiducia! Verit\u00e0, responsabilit\u00e0, credibilit\u00e0 anche verso clienti e fornitori che continuano a credere in Acc, questo ora serve, adesso, subito&#8221;.\u00a0<\/em><\/p><\/blockquote>\n","protected":false},"excerpt":{"rendered":"<p>&nbsp; L&#8217;OPINIONE di\u00a0 Stefano Bona, Cgil-Fiom &#8220;Ieri nel corso delle assemblee con le lavoratrici e i lavoratori di Acc Wanbao ho assistito, con emozione ed orgoglio, alla dimostrazione, ancora una volta, del ruolo di grande responsabilit\u00e0 che loro stanno svolgendo da oltre un anno. Compostezza, condivisione, senso di comunit\u00e0 impegnata nella difesa e nella promozione&hellip;<\/p>\n","protected":false},"author":4,"featured_media":212533,"comment_status":"closed","ping_status":"open","sticky":false,"template":"","format":"standard","meta":{"_monsterinsights_skip_tracking":false,"_monsterinsights_sitenote_active":false,"_monsterinsights_sitenote_note":"","_monsterinsights_sitenote_category":0,"footnotes":""},"categories":[51,49],"tags":[],"class_list":["post-212532","post","type-post","status-publish","format-standard","has-post-thumbnail","hentry","category-evidenza-top","category-news-18","category-51","category-49","description-off"],"img_url":"https:\/\/www.radiopiu.net\/wordpress\/wp-content\/uploads\/2021\/05\/image-1.jpg","_links":{"self":[{"href":"https:\/\/www.radiopiu.net\/wordpress\/wp-json\/wp\/v2\/posts\/212532","targetHints":{"allow":["GET"]}}],"collection":[{"href":"https:\/\/www.radiopiu.net\/wordpress\/wp-json\/wp\/v2\/posts"}],"about":[{"href":"https:\/\/www.radiopiu.net\/wordpress\/wp-json\/wp\/v2\/types\/post"}],"author":[{"embeddable":true,"href":"https:\/\/www.radiopiu.net\/wordpress\/wp-json\/wp\/v2\/users\/4"}],"replies":[{"embeddable":true,"href":"https:\/\/www.radiopiu.net\/wordpress\/wp-json\/wp\/v2\/comments?post=212532"}],"version-history":[{"count":0,"href":"https:\/\/www.radiopiu.net\/wordpress\/wp-json\/wp\/v2\/posts\/212532\/revisions"}],"wp:featuredmedia":[{"embeddable":true,"href":"https:\/\/www.radiopiu.net\/wordpress\/wp-json\/wp\/v2\/media\/212533"}],"wp:attachment":[{"href":"https:\/\/www.radiopiu.net\/wordpress\/wp-json\/wp\/v2\/media?parent=212532"}],"wp:term":[{"taxonomy":"category","embeddable":true,"href":"https:\/\/www.radiopiu.net\/wordpress\/wp-json\/wp\/v2\/categories?post=212532"},{"taxonomy":"post_tag","embeddable":true,"href":"https:\/\/www.radiopiu.net\/wordpress\/wp-json\/wp\/v2\/tags?post=212532"}],"curies":[{"name":"wp","href":"https:\/\/api.w.org\/{rel}","templated":true}]}}