{"id":212564,"date":"2021-05-28T23:58:19","date_gmt":"2021-05-28T21:58:19","guid":{"rendered":"https:\/\/www.radiopiu.net\/wordpress\/?p=212564"},"modified":"2021-05-29T05:47:29","modified_gmt":"2021-05-29T03:47:29","slug":"lungo-la-pedemontana-fino-alla-valle-di-lamen","status":"publish","type":"post","link":"https:\/\/www.radiopiu.net\/wordpress\/lungo-la-pedemontana-fino-alla-valle-di-lamen\/","title":{"rendered":"\u201cLUNGO LA PEDEMONTANA FINO ALLA VALLE DI LAMEN\u201d"},"content":{"rendered":"<p><strong>di\u00a0 RENATO BONA<\/strong><\/p>\n<p>\u201cL\u2019itinerario attraversa alcuni punti significativi dei comuni limitrofi di Cesiomaggiore e di Feltre. Il confronto tra questi due territori \u00e8 interessante per capire come le realt\u00e0 locali, seppur soggette alle medesime vicende storiche, siano state fortemente condizionate dalle caratteristiche del territorio, quali le comunicazioni viarie, i valichi tra le montagne, le possibilit\u00e0 di attraversamento dei corsi d\u2019acqua\u201d. Quanto precede si legge in apertura della descrizione del secondo itinerario proposto dal libro &#8211; voluto dall\u2019Amministrazione provinciale bellunese, edito da Charta di Milano nel 1997, e curato dallo storico Paolo Conte con testi di Simonetta Chiovaro, foto del bellunese Mauro De Santi &#8211; \u201cLe ville nel paesaggio prealpino della Provincia di Belluno\u201d. Percorso che muove da Centen\u00e8re, con Villa Tauro e prosegue con Men\u00ecn e Villa Cumano, Soranzen con Villa Martini e Villa Facino-P\u00e0sole, Umin-Le Case con Villa Bellati, Pren con Villa Vald\u00f9ga e si conclude a Riva di Lam\u00e8n con Villa Salce. Un tracciato che in gran parte si snoda lungo la provinciale pedemontana che lambisce il Parco nazionale Dolomiti Bellunesi, partendo da Cesiomaggiore per attraversare il ponte sul Caorame a Salg\u00e0rda ed addentrarsi nel territorio feltrino che comprende ben 22 frazioni. All\u2019occhio del visitatore si offrono sullo sfondo delle montagne le ville segnalate, del Seicento e del Settecento, sia piccole che monumentali che sono localizzate nei centri pi\u00f9 elevati e quindi suggestivamente inserite nel paesaggio prealpino. VILLA TAURO a Centen\u00e8re, settecentesca, di forme proporzionate ed elementi architettonici che la caratterizzano: perfettamente inserita nel contesto naturale, risulta composta da tutti gli elementi tipici: corpo padronale, ala rustica, giardino, cappella privata; conosciuta anche col nome di Villa delle Centen\u00e8re, dal nome della localit\u00e0 di probabile origine romana. Sulla facciata principale rivolta a sud, equilibrata la composizione del motivo centrale, esempio per moltissime altre costruzioni della zona: portone d\u2019ingresso a bugne di pietra, poggiolo della trifora del piano nobile, una seconda trifora che caratterizza il timpano. Opera importantissima, andata perduta per un incendio nel 1918 era la copertura della grande sala al piano superiore, detta \u201cdelle Sirenidi\u201d. Nella seconda met\u00e0 del Settecento il conte Tauro raccolse nella villa opere d\u2019arte e d\u2019antiquariato e sotto il portico sono ancor oggi esposti molti pezzi archeologici di valore, compresa una colonna, o cippo miliare, della via romana Claudia Augusta, trovata a Cesiomaggiore alla fine del Settecento. Siamo quindi a VILLA CUMANO, a Menin, XVI, XVIII, XIX secolo: piccolo edificio in zona soleggiata ai piedi di una collinetta. Notizie precise si hanno a partire dal 1700 quando apparteneva alla nobile famiglia dei Cumano. Al di sotto dell\u2019affresco ottocentesco esterno sono comparse tracce di una notevole decorazione di tipo architettonico che doveva interessare tutta la fronte dell\u2019edificio, che nel XIX secolo passa alla famiglia De Mezzan e viene notevolmente trasformato, soprattutto negli esterni, con una decorazione neogotica. Marco Moro esegui una bella riproduzione litografica da cui si evince l\u2019originale sistemazione esterna. Il giardino era vasto e assai curato; anteriormente consisteva in un\u2019ampia esedra ad aiuole mentre posteriormente si sviluppava con profondit\u00e0 sfruttando il declivio naturale della collina, con una serie di sistemazioni artificiali, in mezzo a filari di alberi da frutto e di essenze varie. Eccoci a Soranzen: VILLA MARTINI, XVIII secolo: gode di una superba vista sulla vallata verso sud mentre sul retro si apre la profonda incisione del torrente Caorame: il corpo principale di dimensioni e proporzioni classiche \u00e8 affiancato verso ovest da una serie di basse case rurali che in parte erano forse legate alla dimora padronale; verso est, si addossa una seconda ala piuttosto imponente, lievemente arretrata e pi\u00f9 bassa. Probabilmente ospitava le serre nel piano terra ed una grande sala il quello superiore. La loggia laterale, aggiunta in un secondo momento, presenta ampie arcate simili a quelle del corpo centrale. VILLA FAC\u00ccNO-P\u00c0SOLE, XVII secolo: sulla facciata il grande stemma della famiglia, di origine medievale, cui appartenne il castello feltrino di Ars\u00f2n. In questo edificio \u00e8 chiaro l\u2019uso decorativo degli elementi architettonici di facciata, con una trifora in parte murata, il poggiolo. La sala centrale si ripete dal piano terra a quello superiore, affiancata dalla scala che si svolge su di un lato lungo, in due rampe. Notevolissimo il camino della stanza a sinistra della sala centrale con due cariatidi; campeggia lo stemma dei Fac\u00ecno con l\u2019orso rampante che mangia l\u2019uva. VILLA BELLATI, a Um\u00ecn-Le Case, inizio XVIII secolo: sorge sulla cima del colle sopra il piccolo borgo di Umin al quale, forse era un tempo strettamente collegata. Per la costruzione del grande edificio si \u00e8 creato un ampio terrazzamento sistemando il parco-giardino. Sullo sfondo delle Alpi Feltrine, la villa \u00e8 completamente avvolta dal verde. E\u2019 di rilevante importanza per caratteri tipologici ed architettonici unici nella provincia alpina. Fu eretta da Giovanni Bellati nel 1700 sotto il patrocinio di San Giuseppe cui \u00e8 stata dedicata la chiesa che fa parte del complesso dove, tra fine Seicento e inizi Settecento, il vescovo Valerio Bellati raccolse una ricca biblioteca. Il conte Gioacchino, in seguito, la scelse come luogo ideale per dedicarsi agli studi filosofici. A Pren si pu\u00f2 ammirare VILLA VALD\u00d9GA, inizio XVIII secolo: edificio di ridotte dimensioni ma con caratteri che lo identificano come villa di montagna. Un\u2019ala rustica minore completa il corpo padronale addossandosi sul fianco sinistro della villa stessa e comunicando con essa. Altrettanto precisa la disposizione degli ambienti interni: sala centrale rettangolare e due ambienti, uno per lato, di diverse dimensioni messi in comunicazione dall\u2019infilata settecentesca delle porte. A rendere l\u2019edificio davvero particolare \u00e8 comunque la sala del primo piano, un ambiente a doppia altezza disimpegnato a livello superiore da un poggiolo-ballatoio dall\u2019elegante andamento curvilineo. L\u2019antico parapetto era di tavole di legno sagomate mentre gli attuali elementi sono in ghisa fusa del XIX secolo. Le pareti della sala sono elegantemente decorate con stucchi a due colori, con riquadri dipinti a testine e paesaggi. I soffitti e le grandi scene agresti del piano terra sono opera del pittore Pietro Pajetta, del XIX secolo. Da ultimo, non certo per importanza, a Riva di Lam\u00e8n ecco VILLA SALCE di fine XVIII secolo: sorge sulla sommit\u00e0 di un promontorio collinare con bellissima vista sulla piana di Pedavena e Foen. Un lungo corpo di fabbrica formato da una parte mediana pi\u00f9 antica, cui sono state aggiunte due ali; il giardino \u00e8 a larghi terrazzamenti che seguono il ripido declivio del terreno. I vari livelli sono collegati da rampe di scale. Da segnalare, secondo l\u2019autrice del testo, un elegantissimo cancelletto di ferro battuto a maglia con un profilo superiore sinuoso, che all\u2019ingresso del giardino \u00e8 in asse con quello di accesso alla scala. Molto particolari gli ambienti interni: una bella sala quadrata coperta con un originale motivo di otto grandi archi che si uniscono al centro, dove si apre una specie di anello incassato. Tra gli archi si alternano spicchi di soffitto a lunette e porzioni di soffitto piano, decorati a riquadri geometrici e ad eleganti stucchi lavorati ad intreccio che simulano motivi vegetali.<\/p>\n\n\t\t\t<style type='text\/css'>\n\t\t\t\t#gallery-1 {\n\t\t\t\t\tmargin: auto;\n\t\t\t\t}\n\t\t\t\t#gallery-1 .gallery-item {\n\t\t\t\t\tfloat: left;\n\t\t\t\t\tmargin-top: 10px;\n\t\t\t\t\ttext-align: center;\n\t\t\t\t\twidth: 20%;\n\t\t\t\t}\n\t\t\t\t#gallery-1 img {\n\t\t\t\t\tborder: 2px solid #cfcfcf;\n\t\t\t\t}\n\t\t\t\t#gallery-1 .gallery-caption {\n\t\t\t\t\tmargin-left: 0;\n\t\t\t\t}\n\t\t\t\t\/* see gallery_shortcode() in wp-includes\/media.php *\/\n\t\t\t<\/style>\n\t\t<div id='gallery-1' class='dt-gallery-container gallery galleryid-212564 gallery-columns-5 gallery-size-thumbnail'><dl class='gallery-item'>\n\t\t\t\t<dt class='gallery-icon portrait'>\n\t\t\t\t\t<a class=\"rollover rollover-zoom dt-pswp-item\" title=\"193355208_2593820644244492_1323763747444176092_n\" data-dt-img-description=\"\" data-large_image_width=\"199\" data-large_image_height=\"206\"href='https:\/\/www.radiopiu.net\/wordpress\/wp-content\/uploads\/2021\/05\/193355208_2593820644244492_1323763747444176092_n.jpg'><img loading=\"lazy\" decoding=\"async\" width=\"150\" height=\"150\" src=\"https:\/\/www.radiopiu.net\/wordpress\/wp-content\/uploads\/2021\/05\/193355208_2593820644244492_1323763747444176092_n-150x150.jpg\" class=\"attachment-thumbnail size-thumbnail\" alt=\"\" \/><\/a>\n\t\t\t\t<\/dt><\/dl><dl class='gallery-item'>\n\t\t\t\t<dt class='gallery-icon portrait'>\n\t\t\t\t\t<a class=\"rollover rollover-zoom dt-pswp-item\" title=\"192360061_1625084894548593_1328002522399908296_n\" data-dt-img-description=\"\" data-large_image_width=\"160\" data-large_image_height=\"225\"href='https:\/\/www.radiopiu.net\/wordpress\/wp-content\/uploads\/2021\/05\/192360061_1625084894548593_1328002522399908296_n.jpg'><img loading=\"lazy\" decoding=\"async\" width=\"150\" height=\"150\" src=\"https:\/\/www.radiopiu.net\/wordpress\/wp-content\/uploads\/2021\/05\/192360061_1625084894548593_1328002522399908296_n-150x150.jpg\" class=\"attachment-thumbnail size-thumbnail\" alt=\"\" \/><\/a>\n\t\t\t\t<\/dt><\/dl><dl class='gallery-item'>\n\t\t\t\t<dt class='gallery-icon landscape'>\n\t\t\t\t\t<a class=\"rollover rollover-zoom dt-pswp-item\" title=\"191443692_1856505411182174_784073680747568364_n\" data-dt-img-description=\"\" data-large_image_width=\"228\" data-large_image_height=\"202\"href='https:\/\/www.radiopiu.net\/wordpress\/wp-content\/uploads\/2021\/05\/191443692_1856505411182174_784073680747568364_n.jpg'><img loading=\"lazy\" decoding=\"async\" width=\"150\" height=\"150\" src=\"https:\/\/www.radiopiu.net\/wordpress\/wp-content\/uploads\/2021\/05\/191443692_1856505411182174_784073680747568364_n-150x150.jpg\" class=\"attachment-thumbnail size-thumbnail\" alt=\"\" \/><\/a>\n\t\t\t\t<\/dt><\/dl><dl class='gallery-item'>\n\t\t\t\t<dt class='gallery-icon landscape'>\n\t\t\t\t\t<a class=\"rollover rollover-zoom dt-pswp-item\" title=\"192846863_797834020863451_6379802088008348832_n\" data-dt-img-description=\"\" data-large_image_width=\"364\" data-large_image_height=\"206\"href='https:\/\/www.radiopiu.net\/wordpress\/wp-content\/uploads\/2021\/05\/192846863_797834020863451_6379802088008348832_n.jpg'><img loading=\"lazy\" decoding=\"async\" width=\"150\" height=\"150\" src=\"https:\/\/www.radiopiu.net\/wordpress\/wp-content\/uploads\/2021\/05\/192846863_797834020863451_6379802088008348832_n-150x150.jpg\" class=\"attachment-thumbnail size-thumbnail\" alt=\"\" \/><\/a>\n\t\t\t\t<\/dt><\/dl><dl class='gallery-item'>\n\t\t\t\t<dt class='gallery-icon landscape'>\n\t\t\t\t\t<a class=\"rollover rollover-zoom dt-pswp-item\" title=\"191842522_317285573137846_3394573766671760838_n\" data-dt-img-description=\"\" data-large_image_width=\"228\" data-large_image_height=\"204\"href='https:\/\/www.radiopiu.net\/wordpress\/wp-content\/uploads\/2021\/05\/191842522_317285573137846_3394573766671760838_n.jpg'><img loading=\"lazy\" decoding=\"async\" width=\"150\" height=\"150\" src=\"https:\/\/www.radiopiu.net\/wordpress\/wp-content\/uploads\/2021\/05\/191842522_317285573137846_3394573766671760838_n-150x150.jpg\" class=\"attachment-thumbnail size-thumbnail\" alt=\"\" \/><\/a>\n\t\t\t\t<\/dt><\/dl><br style=\"clear: both\" \/><dl class='gallery-item'>\n\t\t\t\t<dt class='gallery-icon landscape'>\n\t\t\t\t\t<a class=\"rollover rollover-zoom dt-pswp-item\" title=\"192130431_3992640224154976_1714491835465996523_n\" data-dt-img-description=\"\" data-large_image_width=\"296\" data-large_image_height=\"202\"href='https:\/\/www.radiopiu.net\/wordpress\/wp-content\/uploads\/2021\/05\/192130431_3992640224154976_1714491835465996523_n.jpg'><img loading=\"lazy\" decoding=\"async\" width=\"150\" height=\"150\" src=\"https:\/\/www.radiopiu.net\/wordpress\/wp-content\/uploads\/2021\/05\/192130431_3992640224154976_1714491835465996523_n-150x150.jpg\" class=\"attachment-thumbnail size-thumbnail\" alt=\"\" \/><\/a>\n\t\t\t\t<\/dt><\/dl><dl class='gallery-item'>\n\t\t\t\t<dt class='gallery-icon landscape'>\n\t\t\t\t\t<a class=\"rollover rollover-zoom dt-pswp-item\" title=\"192455605_1439407936394044_713978759922959740_n\" data-dt-img-description=\"\" data-large_image_width=\"370\" data-large_image_height=\"206\"href='https:\/\/www.radiopiu.net\/wordpress\/wp-content\/uploads\/2021\/05\/192455605_1439407936394044_713978759922959740_n.jpg'><img loading=\"lazy\" decoding=\"async\" width=\"150\" height=\"150\" src=\"https:\/\/www.radiopiu.net\/wordpress\/wp-content\/uploads\/2021\/05\/192455605_1439407936394044_713978759922959740_n-150x150.jpg\" class=\"attachment-thumbnail size-thumbnail\" alt=\"\" \/><\/a>\n\t\t\t\t<\/dt><\/dl><dl class='gallery-item'>\n\t\t\t\t<dt class='gallery-icon portrait'>\n\t\t\t\t\t<a class=\"rollover rollover-zoom dt-pswp-item\" title=\"191957571_957348745115842_1414650226971287771_n\" data-dt-img-description=\"\" data-large_image_width=\"196\" data-large_image_height=\"206\"href='https:\/\/www.radiopiu.net\/wordpress\/wp-content\/uploads\/2021\/05\/191957571_957348745115842_1414650226971287771_n.jpg'><img loading=\"lazy\" decoding=\"async\" width=\"150\" height=\"150\" src=\"https:\/\/www.radiopiu.net\/wordpress\/wp-content\/uploads\/2021\/05\/191957571_957348745115842_1414650226971287771_n-150x150.jpg\" class=\"attachment-thumbnail size-thumbnail\" alt=\"\" \/><\/a>\n\t\t\t\t<\/dt><\/dl><dl class='gallery-item'>\n\t\t\t\t<dt class='gallery-icon landscape'>\n\t\t\t\t\t<a class=\"rollover rollover-zoom dt-pswp-item\" title=\"192646506_1294673160927497_2207877213072751795_n\" data-dt-img-description=\"\" data-large_image_width=\"235\" data-large_image_height=\"203\"href='https:\/\/www.radiopiu.net\/wordpress\/wp-content\/uploads\/2021\/05\/192646506_1294673160927497_2207877213072751795_n.jpg'><img loading=\"lazy\" decoding=\"async\" width=\"150\" height=\"150\" src=\"https:\/\/www.radiopiu.net\/wordpress\/wp-content\/uploads\/2021\/05\/192646506_1294673160927497_2207877213072751795_n-150x150.jpg\" class=\"attachment-thumbnail size-thumbnail\" alt=\"\" \/><\/a>\n\t\t\t\t<\/dt><\/dl><dl class='gallery-item'>\n\t\t\t\t<dt class='gallery-icon landscape'>\n\t\t\t\t\t<a class=\"rollover rollover-zoom dt-pswp-item\" title=\"192170768_774131609805912_6567143011298056158_n\" data-dt-img-description=\"\" data-large_image_width=\"296\" data-large_image_height=\"200\"href='https:\/\/www.radiopiu.net\/wordpress\/wp-content\/uploads\/2021\/05\/192170768_774131609805912_6567143011298056158_n.jpg'><img loading=\"lazy\" decoding=\"async\" width=\"150\" height=\"150\" src=\"https:\/\/www.radiopiu.net\/wordpress\/wp-content\/uploads\/2021\/05\/192170768_774131609805912_6567143011298056158_n-150x150.jpg\" class=\"attachment-thumbnail size-thumbnail\" alt=\"\" \/><\/a>\n\t\t\t\t<\/dt><\/dl><br style=\"clear: both\" \/>\n\t\t\t<\/div>\n\n<p>&nbsp;<\/p>\n<p>NELLE FOTO (riproduzioni dal libro\u201dLe ville nel paesaggio prealpino della Provincia di Belluno\u201d edito dall\u2019Amministrazione Provinciale (all\u2019epoca guidata da Oscar De Bona, assessora alla cultura la prof. Nicoletta Comar): facciata sud di Villa Tauro col viale dei carpini; scorcio del complesso; cappellina settecentesca; Villa Cumano: facciata sud; sempre facciata sud ma di Villa Martini; scorcio della facciata principale della Villa Fac\u00ecno-P\u00e0sole; particolare del corpo centrale di Villa Bellati; Villa Valduga: il complesso visto dalla piazza; un particolare del salone centrale; fronte nord di Villa Salce.<\/p>\n","protected":false},"excerpt":{"rendered":"<p>di\u00a0 RENATO BONA \u201cL\u2019itinerario attraversa alcuni punti significativi dei comuni limitrofi di Cesiomaggiore e di Feltre. Il confronto tra questi due territori \u00e8 interessante per capire come le realt\u00e0 locali, seppur soggette alle medesime vicende storiche, siano state fortemente condizionate dalle caratteristiche del territorio, quali le comunicazioni viarie, i valichi tra le montagne, le possibilit\u00e0&hellip;<\/p>\n","protected":false},"author":4,"featured_media":212561,"comment_status":"closed","ping_status":"open","sticky":false,"template":"","format":"standard","meta":{"_monsterinsights_skip_tracking":false,"_monsterinsights_sitenote_active":false,"_monsterinsights_sitenote_note":"","_monsterinsights_sitenote_category":0,"footnotes":""},"categories":[1,104,49],"tags":[],"class_list":["post-212564","post","type-post","status-publish","format-standard","has-post-thumbnail","hentry","category-senza-categoria","category-evidenza_3","category-news-18","category-1","category-104","category-49","description-off"],"img_url":"https:\/\/www.radiopiu.net\/wordpress\/wp-content\/uploads\/2021\/05\/191443692_1856505411182174_784073680747568364_n.jpg","_links":{"self":[{"href":"https:\/\/www.radiopiu.net\/wordpress\/wp-json\/wp\/v2\/posts\/212564","targetHints":{"allow":["GET"]}}],"collection":[{"href":"https:\/\/www.radiopiu.net\/wordpress\/wp-json\/wp\/v2\/posts"}],"about":[{"href":"https:\/\/www.radiopiu.net\/wordpress\/wp-json\/wp\/v2\/types\/post"}],"author":[{"embeddable":true,"href":"https:\/\/www.radiopiu.net\/wordpress\/wp-json\/wp\/v2\/users\/4"}],"replies":[{"embeddable":true,"href":"https:\/\/www.radiopiu.net\/wordpress\/wp-json\/wp\/v2\/comments?post=212564"}],"version-history":[{"count":0,"href":"https:\/\/www.radiopiu.net\/wordpress\/wp-json\/wp\/v2\/posts\/212564\/revisions"}],"wp:featuredmedia":[{"embeddable":true,"href":"https:\/\/www.radiopiu.net\/wordpress\/wp-json\/wp\/v2\/media\/212561"}],"wp:attachment":[{"href":"https:\/\/www.radiopiu.net\/wordpress\/wp-json\/wp\/v2\/media?parent=212564"}],"wp:term":[{"taxonomy":"category","embeddable":true,"href":"https:\/\/www.radiopiu.net\/wordpress\/wp-json\/wp\/v2\/categories?post=212564"},{"taxonomy":"post_tag","embeddable":true,"href":"https:\/\/www.radiopiu.net\/wordpress\/wp-json\/wp\/v2\/tags?post=212564"}],"curies":[{"name":"wp","href":"https:\/\/api.w.org\/{rel}","templated":true}]}}