{"id":212638,"date":"2021-05-29T05:28:41","date_gmt":"2021-05-29T03:28:41","guid":{"rendered":"https:\/\/www.radiopiu.net\/wordpress\/?p=212638"},"modified":"2021-05-29T05:46:01","modified_gmt":"2021-05-29T03:46:01","slug":"nuovi-centri-estivi-ad-alleghe-con-lasd-attivamente-scuola-e-sport","status":"publish","type":"post","link":"https:\/\/www.radiopiu.net\/wordpress\/nuovi-centri-estivi-ad-alleghe-con-lasd-attivamente-scuola-e-sport\/","title":{"rendered":"Nuovi centri estivi ad Alleghe con l\u2019ASD Attivamente Scuola e Sport"},"content":{"rendered":"<blockquote>\n<h2><\/h2>\n<\/blockquote>\n<p><strong><a href=\"https:\/\/www.radiopiu.net\/wordpress\/agg0599999\/alleghe-spiaggia-3\/\" rel=\"attachment wp-att-207778\"><img loading=\"lazy\" decoding=\"async\" class=\" wp-image-207778 alignleft\" src=\"https:\/\/www.radiopiu.net\/wordpress\/wp-content\/uploads\/2021\/05\/alleghe-spiaggia-3-300x169.jpg\" alt=\"\" width=\"263\" height=\"148\" srcset=\"https:\/\/www.radiopiu.net\/wordpress\/wp-content\/uploads\/2021\/05\/alleghe-spiaggia-3-300x169.jpg 300w, https:\/\/www.radiopiu.net\/wordpress\/wp-content\/uploads\/2021\/05\/alleghe-spiaggia-3-1024x576.jpg 1024w, https:\/\/www.radiopiu.net\/wordpress\/wp-content\/uploads\/2021\/05\/alleghe-spiaggia-3-768x432.jpg 768w, https:\/\/www.radiopiu.net\/wordpress\/wp-content\/uploads\/2021\/05\/alleghe-spiaggia-3-1536x864.jpg 1536w, https:\/\/www.radiopiu.net\/wordpress\/wp-content\/uploads\/2021\/05\/alleghe-spiaggia-3.jpg 1600w\" sizes=\"auto, (max-width: 263px) 100vw, 263px\" \/><\/a>ALLEGHE<\/strong> Saranno due i nuovi centri estivi organizzati dalla ASD Attivamente Scuola e Sport a Caprile, una novit\u00e0 importante per tutto l\u2019Alto Agordino, in piena sinergia con i Comuni di Alleghe, Colle Santa Lucia, Rocca Pietore e Selva di Cadore. Lo <strong>Junior Sport Camp Civetta<\/strong>, dedicato ai bambini dai 3 ai 6 anni, sar\u00e0 presso la Scuola dell\u2019Infanzia di Caprile. Le attivit\u00e0 previste spazieranno da esperienze ludico-sportive e laboratori creativi e manuali. Il <strong>Civetta Sport Camp<\/strong>\u00a0 \u00e8 dedicato a bambini e ragazzi dai 6 ai 13 anni e si potr\u00e0 frequentare presso la Palestra Comunale di Caprile con attivit\u00e0 sportive, laboratori e gite. Entrambi i centri estivi inizieranno a partire dal 5 luglio e resteranno attivi fino al 27 agosto. L\u2019apertura sar\u00e0 dal luned\u00ec al venerd\u00ec dalle 9.00 alle 16.00 (con possibilit\u00e0 di entrata anticipata per entrambi alle 7.30 e possibilit\u00e0 di uscita posticipata alle 17.30 <u>solo<\/u> per il Civetta Sport Camp). Le iscrizioni sono aperte dal 29 maggio al 10 giugno (posti limitati!) sul sito <a href=\"http:\/\/www.attivamentescuolasport.it\">www.attivamentescuolasport.it<\/a>.<\/p>\n<p>&nbsp;<\/p>\n<p>&nbsp;<\/p>\n","protected":false},"excerpt":{"rendered":"<p>ALLEGHE Saranno due i nuovi centri estivi organizzati dalla ASD Attivamente Scuola e Sport a Caprile, una novit\u00e0 importante per tutto l\u2019Alto Agordino, in piena sinergia con i Comuni di Alleghe, Colle Santa Lucia, Rocca Pietore e Selva di Cadore. Lo Junior Sport Camp Civetta, dedicato ai bambini dai 3 ai 6 anni, sar\u00e0 presso&hellip;<\/p>\n","protected":false},"author":4,"featured_media":207778,"comment_status":"closed","ping_status":"open","sticky":false,"template":"","format":"standard","meta":{"_monsterinsights_skip_tracking":false,"_monsterinsights_sitenote_active":false,"_monsterinsights_sitenote_note":"","_monsterinsights_sitenote_category":0,"footnotes":""},"categories":[104,49],"tags":[],"class_list":["post-212638","post","type-post","status-publish","format-standard","has-post-thumbnail","hentry","category-evidenza_3","category-news-18","category-104","category-49","description-off"],"img_url":"https:\/\/www.radiopiu.net\/wordpress\/wp-content\/uploads\/2021\/05\/alleghe-spiaggia-3.jpg","_links":{"self":[{"href":"https:\/\/www.radiopiu.net\/wordpress\/wp-json\/wp\/v2\/posts\/212638","targetHints":{"allow":["GET"]}}],"collection":[{"href":"https:\/\/www.radiopiu.net\/wordpress\/wp-json\/wp\/v2\/posts"}],"about":[{"href":"https:\/\/www.radiopiu.net\/wordpress\/wp-json\/wp\/v2\/types\/post"}],"author":[{"embeddable":true,"href":"https:\/\/www.radiopiu.net\/wordpress\/wp-json\/wp\/v2\/users\/4"}],"replies":[{"embeddable":true,"href":"https:\/\/www.radiopiu.net\/wordpress\/wp-json\/wp\/v2\/comments?post=212638"}],"version-history":[{"count":0,"href":"https:\/\/www.radiopiu.net\/wordpress\/wp-json\/wp\/v2\/posts\/212638\/revisions"}],"wp:featuredmedia":[{"embeddable":true,"href":"https:\/\/www.radiopiu.net\/wordpress\/wp-json\/wp\/v2\/media\/207778"}],"wp:attachment":[{"href":"https:\/\/www.radiopiu.net\/wordpress\/wp-json\/wp\/v2\/media?parent=212638"}],"wp:term":[{"taxonomy":"category","embeddable":true,"href":"https:\/\/www.radiopiu.net\/wordpress\/wp-json\/wp\/v2\/categories?post=212638"},{"taxonomy":"post_tag","embeddable":true,"href":"https:\/\/www.radiopiu.net\/wordpress\/wp-json\/wp\/v2\/tags?post=212638"}],"curies":[{"name":"wp","href":"https:\/\/api.w.org\/{rel}","templated":true}]}}