{"id":212656,"date":"2021-05-30T07:19:33","date_gmt":"2021-05-30T05:19:33","guid":{"rendered":"https:\/\/www.radiopiu.net\/wordpress\/?p=212656"},"modified":"2021-05-30T07:37:38","modified_gmt":"2021-05-30T05:37:38","slug":"giornale-radiopiu-30-maggio-2021-direttore-mirko-mezzacasa","status":"publish","type":"post","link":"https:\/\/www.radiopiu.net\/wordpress\/giornale-radiopiu-30-maggio-2021-direttore-mirko-mezzacasa\/","title":{"rendered":"GIORNALE RADIOPIU 30 MAGGIO 2021 DIRETTORE MIRKO MEZZACASA"},"content":{"rendered":"<p>&nbsp;<\/p>\n<h3><span style=\"color: #0000ff;\">PER<strong>\u00a0RICEVERE QUESTO NOTIZIARIO DIRETTAMENTE SUL TUO CELLULARE ISCRIVITI AL CANALE TELEGRAM\u00a0<\/strong><strong>\u201cRADIO PIU\u00a0 INFORMAZIONE\u201d\u00a0 \u00a0 \u00a0<\/strong><\/span><\/h3>\n<p>&nbsp;<\/p>\n<hr \/>\n<p>&nbsp;<\/p>\n<blockquote>\n<h2>OGGI GIORNATA VACCINALE AL NOF FILO DI CENCENIGHE<\/h2>\n<p><strong><a class=\"dt-pswp-item\" href=\"https:\/\/www.radiopiu.net\/wordpress\/wp-content\/uploads\/2021\/04\/NOF-FILO.jpg\" data-dt-img-description=\"\" data-large_image_width=\"1600\" data-large_image_height=\"901\"><img loading=\"lazy\" decoding=\"async\" class=\" wp-image-202389 alignleft\" src=\"https:\/\/www.radiopiu.net\/wordpress\/wp-content\/uploads\/2021\/04\/NOF-FILO-300x169.jpg\" alt=\"\" width=\"254\" height=\"143\" srcset=\"https:\/\/www.radiopiu.net\/wordpress\/wp-content\/uploads\/2021\/04\/NOF-FILO-300x169.jpg 300w, https:\/\/www.radiopiu.net\/wordpress\/wp-content\/uploads\/2021\/04\/NOF-FILO-1024x577.jpg 1024w, https:\/\/www.radiopiu.net\/wordpress\/wp-content\/uploads\/2021\/04\/NOF-FILO-768x432.jpg 768w, https:\/\/www.radiopiu.net\/wordpress\/wp-content\/uploads\/2021\/04\/NOF-FILO-1536x865.jpg 1536w, https:\/\/www.radiopiu.net\/wordpress\/wp-content\/uploads\/2021\/04\/NOF-FILO.jpg 1600w\" sizes=\"auto, (max-width: 254px) 100vw, 254px\" \/><\/a>CENCENIGHE<\/strong>\u00a0 al Nof Fil\u00f2 di Cencenighe giornata di vaccinazioni dedicata alla seconda dose. Infatti sono chiamati a vaccinarsi per seconda volta tutti coloro che avevano ricevuto la prima dose il 2 maggio. L&#8217;inoculazione della seconda dose di vaccino verr\u00e0 effettuata dalle 9:30 alle 14, i cittadini dovranno presentarsi con documento di riconoscimento, tessera sanitaria e foglio di anamnesi compilato.<\/p>\n<p><strong>IL SINDACO MAURO SOPPELSA<\/strong><\/p>\n<audio class=\"wp-audio-shortcode\" id=\"audio-212656-1\" preload=\"none\" style=\"width: 100%;\" controls=\"controls\"><source type=\"audio\/mpeg\" src=\"https:\/\/www.radiopiu.net\/wordpress\/wp-content\/uploads\/2021\/05\/mauro-1.mp3?_=1\" \/><a href=\"https:\/\/www.radiopiu.net\/wordpress\/wp-content\/uploads\/2021\/05\/mauro-1.mp3\">https:\/\/www.radiopiu.net\/wordpress\/wp-content\/uploads\/2021\/05\/mauro-1.mp3<\/a><\/audio>\n<p>&nbsp;<\/p><\/blockquote>\n<p>&nbsp;<\/p>\n<hr \/>\n<p>&nbsp;<\/p>\n<p><em><a href=\"https:\/\/www.radiopiu.net\/wordpress\/giornale-radiopiu-24-gennaio-2021-direttore-mirko-mezzacasa\/79216601_126817312416448_708980208774483089_n\/\" rel=\"attachment wp-att-186567\"><img loading=\"lazy\" decoding=\"async\" class=\"size-medium wp-image-186567 alignleft\" src=\"https:\/\/www.radiopiu.net\/wordpress\/wp-content\/uploads\/2021\/01\/79216601_126817312416448_708980208774483089_n-300x114.jpg\" sizes=\"auto, (max-width: 300px) 100vw, 300px\" srcset=\"https:\/\/www.radiopiu.net\/wordpress\/wp-content\/uploads\/2021\/01\/79216601_126817312416448_708980208774483089_n-300x114.jpg 300w, https:\/\/www.radiopiu.net\/wordpress\/wp-content\/uploads\/2021\/01\/79216601_126817312416448_708980208774483089_n-768x292.jpg 768w, https:\/\/www.radiopiu.net\/wordpress\/wp-content\/uploads\/2021\/01\/79216601_126817312416448_708980208774483089_n.jpg 820w\" alt=\"\" width=\"300\" height=\"114\" \/><\/a>A<\/em><em>PP PER IOS-IPHONE di Nicola Vettorello <\/em><a href=\"https:\/\/apps.apple.com\/it\/app\/radio-pi%C3%B9-emittente-agordina\/id1515939845\">https:\/\/apps.apple.com\/it\/app\/radio-pi%C3%B9-emittente-agordina\/id1515939845<\/a><\/p>\n<p><em>ATTENZIONE: LA NUOVA APP RADIO\u00a0 PER ANDROID di Nicola Vettorello<\/em><\/p>\n<p><a href=\"https:\/\/play.google.com\/store\/apps\/details?id=net.radiopiu.iniko\" target=\"_blank\" rel=\"noopener noreferrer\">https:\/\/play.google.com\/store\/apps\/details?id=net.radiopiu.iniko<\/a><\/p>\n<p>&nbsp;<\/p>\n<hr \/>\n<p>&nbsp;<\/p>\n<blockquote>\n<h2 style=\"text-align: center;\">SUL PASSO STAULANZA SALOTTI ALL&#8217;APERTO<\/h2>\n<\/blockquote>\n<p><strong>REDAZIONE <\/strong>Anche oggi la segnalazione con dei divani abbandonati a Passo Staulanza.<\/p>\n\n\t\t\t<style type='text\/css'>\n\t\t\t\t#gallery-1 {\n\t\t\t\t\tmargin: auto;\n\t\t\t\t}\n\t\t\t\t#gallery-1 .gallery-item {\n\t\t\t\t\tfloat: left;\n\t\t\t\t\tmargin-top: 10px;\n\t\t\t\t\ttext-align: center;\n\t\t\t\t\twidth: 50%;\n\t\t\t\t}\n\t\t\t\t#gallery-1 img {\n\t\t\t\t\tborder: 2px solid #cfcfcf;\n\t\t\t\t}\n\t\t\t\t#gallery-1 .gallery-caption {\n\t\t\t\t\tmargin-left: 0;\n\t\t\t\t}\n\t\t\t\t\/* see gallery_shortcode() in wp-includes\/media.php *\/\n\t\t\t<\/style>\n\t\t<div id='gallery-1' class='dt-gallery-container gallery galleryid-212656 gallery-columns-2 gallery-size-medium'><dl class='gallery-item'>\n\t\t\t\t<dt class='gallery-icon portrait'>\n\t\t\t\t\t<a class=\"rollover rollover-zoom dt-pswp-item\" title=\"cfb09735-e2b1-4218-bb1b-1fbf47fa1a6a\" data-dt-img-description=\"\" data-large_image_width=\"768\" data-large_image_height=\"1024\"href='https:\/\/www.radiopiu.net\/wordpress\/wp-content\/uploads\/2021\/05\/cfb09735-e2b1-4218-bb1b-1fbf47fa1a6a.jpg'><img loading=\"lazy\" decoding=\"async\" width=\"225\" height=\"300\" src=\"https:\/\/www.radiopiu.net\/wordpress\/wp-content\/uploads\/2021\/05\/cfb09735-e2b1-4218-bb1b-1fbf47fa1a6a-225x300.jpg\" class=\"attachment-medium size-medium\" alt=\"\" srcset=\"https:\/\/www.radiopiu.net\/wordpress\/wp-content\/uploads\/2021\/05\/cfb09735-e2b1-4218-bb1b-1fbf47fa1a6a-225x300.jpg 225w, https:\/\/www.radiopiu.net\/wordpress\/wp-content\/uploads\/2021\/05\/cfb09735-e2b1-4218-bb1b-1fbf47fa1a6a.jpg 768w\" sizes=\"auto, (max-width: 225px) 100vw, 225px\" \/><\/a>\n\t\t\t\t<\/dt><\/dl><dl class='gallery-item'>\n\t\t\t\t<dt class='gallery-icon portrait'>\n\t\t\t\t\t<a class=\"rollover rollover-zoom dt-pswp-item\" title=\"005442e2-d45b-4b11-ab6d-2dee085c9b5f\" data-dt-img-description=\"\" data-large_image_width=\"768\" data-large_image_height=\"1024\"href='https:\/\/www.radiopiu.net\/wordpress\/wp-content\/uploads\/2021\/05\/005442e2-d45b-4b11-ab6d-2dee085c9b5f.jpg'><img loading=\"lazy\" decoding=\"async\" width=\"225\" height=\"300\" src=\"https:\/\/www.radiopiu.net\/wordpress\/wp-content\/uploads\/2021\/05\/005442e2-d45b-4b11-ab6d-2dee085c9b5f-225x300.jpg\" class=\"attachment-medium size-medium\" alt=\"\" srcset=\"https:\/\/www.radiopiu.net\/wordpress\/wp-content\/uploads\/2021\/05\/005442e2-d45b-4b11-ab6d-2dee085c9b5f-225x300.jpg 225w, https:\/\/www.radiopiu.net\/wordpress\/wp-content\/uploads\/2021\/05\/005442e2-d45b-4b11-ab6d-2dee085c9b5f.jpg 768w\" sizes=\"auto, (max-width: 225px) 100vw, 225px\" \/><\/a>\n\t\t\t\t<\/dt><\/dl><br style=\"clear: both\" \/>\n\t\t\t<\/div>\n\n<p><strong>LA SEGNALAZIONE DI IERI<\/strong><\/p>\n<blockquote class=\"wp-embedded-content\" data-secret=\"aAVrBYsoKz\"><p><a href=\"https:\/\/www.radiopiu.net\/wordpress\/scaricato-a-bordo-strada-senza-remore\/\">SCARICATO A BORDO STRADA, SENZA REMORE<\/a><\/p><\/blockquote>\n<p><iframe loading=\"lazy\" class=\"wp-embedded-content\" sandbox=\"allow-scripts\" security=\"restricted\" style=\"position: absolute; clip: rect(1px, 1px, 1px, 1px);\" title=\"&#8220;SCARICATO A BORDO STRADA, SENZA REMORE&#8221; &#8212; Radio Pi\u00f9\" src=\"https:\/\/www.radiopiu.net\/wordpress\/scaricato-a-bordo-strada-senza-remore\/embed\/#?secret=aAVrBYsoKz\" data-secret=\"aAVrBYsoKz\" width=\"600\" height=\"338\" frameborder=\"0\" marginwidth=\"0\" marginheight=\"0\" scrolling=\"no\"><\/iframe><\/p>\n<p>&nbsp;<\/p>\n<hr \/>\n<p>&nbsp;<\/p>\n<p>&nbsp;<\/p>\n<blockquote>\n<h2>INCASTRANDOSI A BORCA DI CADORE<\/h2>\n<\/blockquote>\n\n\t\t\t<style type='text\/css'>\n\t\t\t\t#gallery-2 {\n\t\t\t\t\tmargin: auto;\n\t\t\t\t}\n\t\t\t\t#gallery-2 .gallery-item {\n\t\t\t\t\tfloat: left;\n\t\t\t\t\tmargin-top: 10px;\n\t\t\t\t\ttext-align: center;\n\t\t\t\t\twidth: 50%;\n\t\t\t\t}\n\t\t\t\t#gallery-2 img {\n\t\t\t\t\tborder: 2px solid #cfcfcf;\n\t\t\t\t}\n\t\t\t\t#gallery-2 .gallery-caption {\n\t\t\t\t\tmargin-left: 0;\n\t\t\t\t}\n\t\t\t\t\/* see gallery_shortcode() in wp-includes\/media.php *\/\n\t\t\t<\/style>\n\t\t<div id='gallery-2' class='dt-gallery-container gallery galleryid-212656 gallery-columns-2 gallery-size-large'><dl class='gallery-item'>\n\t\t\t\t<dt class='gallery-icon landscape'>\n\t\t\t\t\t<a class=\"rollover rollover-zoom dt-pswp-item\" title=\"e5612014-5c06-42f5-bbe5-a5784d10dc01\" data-dt-img-description=\"\" data-large_image_width=\"1600\" data-large_image_height=\"777\"href='https:\/\/www.radiopiu.net\/wordpress\/wp-content\/uploads\/2021\/05\/e5612014-5c06-42f5-bbe5-a5784d10dc01-1.jpg'><img loading=\"lazy\" decoding=\"async\" width=\"1024\" height=\"497\" src=\"https:\/\/www.radiopiu.net\/wordpress\/wp-content\/uploads\/2021\/05\/e5612014-5c06-42f5-bbe5-a5784d10dc01-1-1024x497.jpg\" class=\"attachment-large size-large\" alt=\"\" srcset=\"https:\/\/www.radiopiu.net\/wordpress\/wp-content\/uploads\/2021\/05\/e5612014-5c06-42f5-bbe5-a5784d10dc01-1-1024x497.jpg 1024w, https:\/\/www.radiopiu.net\/wordpress\/wp-content\/uploads\/2021\/05\/e5612014-5c06-42f5-bbe5-a5784d10dc01-1-300x146.jpg 300w, https:\/\/www.radiopiu.net\/wordpress\/wp-content\/uploads\/2021\/05\/e5612014-5c06-42f5-bbe5-a5784d10dc01-1-768x373.jpg 768w, https:\/\/www.radiopiu.net\/wordpress\/wp-content\/uploads\/2021\/05\/e5612014-5c06-42f5-bbe5-a5784d10dc01-1-1536x746.jpg 1536w, https:\/\/www.radiopiu.net\/wordpress\/wp-content\/uploads\/2021\/05\/e5612014-5c06-42f5-bbe5-a5784d10dc01-1.jpg 1600w\" sizes=\"auto, (max-width: 1024px) 100vw, 1024px\" \/><\/a>\n\t\t\t\t<\/dt><\/dl><dl class='gallery-item'>\n\t\t\t\t<dt class='gallery-icon landscape'>\n\t\t\t\t\t<a class=\"rollover rollover-zoom dt-pswp-item\" title=\"SS\" data-dt-img-description=\"\" data-large_image_width=\"2048\" data-large_image_height=\"1536\"href='https:\/\/www.radiopiu.net\/wordpress\/wp-content\/uploads\/2021\/05\/SS.jpg'><img loading=\"lazy\" decoding=\"async\" width=\"1024\" height=\"768\" src=\"https:\/\/www.radiopiu.net\/wordpress\/wp-content\/uploads\/2021\/05\/SS-1024x768.jpg\" class=\"attachment-large size-large\" alt=\"\" srcset=\"https:\/\/www.radiopiu.net\/wordpress\/wp-content\/uploads\/2021\/05\/SS-1024x768.jpg 1024w, https:\/\/www.radiopiu.net\/wordpress\/wp-content\/uploads\/2021\/05\/SS-300x225.jpg 300w, https:\/\/www.radiopiu.net\/wordpress\/wp-content\/uploads\/2021\/05\/SS-768x576.jpg 768w, https:\/\/www.radiopiu.net\/wordpress\/wp-content\/uploads\/2021\/05\/SS-1536x1152.jpg 1536w, https:\/\/www.radiopiu.net\/wordpress\/wp-content\/uploads\/2021\/05\/SS.jpg 2048w\" sizes=\"auto, (max-width: 1024px) 100vw, 1024px\" \/><\/a>\n\t\t\t\t<\/dt><\/dl><br style=\"clear: both\" \/>\n\t\t\t<\/div>\n\n<p>&nbsp;<\/p>\n<p>&nbsp;<\/p>\n<hr \/>\n<blockquote>\n<h3>ESCE DI STRADA E SI FERMA SUL GUARDRAIL ALLA ROTONDA DI FORTOGNA<\/h3>\n<\/blockquote>\n<p>&nbsp;<\/p>\n<p><strong>LONGARONE\u00a0<\/strong>Continua a mietere vittime la nuova rotonda di Fortogna. Un&#8217;auto \u00e8 uscita di strada fermandosi sul guardrail.<\/p>\n\n\t\t\t<style type='text\/css'>\n\t\t\t\t#gallery-3 {\n\t\t\t\t\tmargin: auto;\n\t\t\t\t}\n\t\t\t\t#gallery-3 .gallery-item {\n\t\t\t\t\tfloat: left;\n\t\t\t\t\tmargin-top: 10px;\n\t\t\t\t\ttext-align: center;\n\t\t\t\t\twidth: 25%;\n\t\t\t\t}\n\t\t\t\t#gallery-3 img {\n\t\t\t\t\tborder: 2px solid #cfcfcf;\n\t\t\t\t}\n\t\t\t\t#gallery-3 .gallery-caption {\n\t\t\t\t\tmargin-left: 0;\n\t\t\t\t}\n\t\t\t\t\/* see gallery_shortcode() in wp-includes\/media.php *\/\n\t\t\t<\/style>\n\t\t<div id='gallery-3' class='dt-gallery-container gallery galleryid-212656 gallery-columns-4 gallery-size-thumbnail'><dl class='gallery-item'>\n\t\t\t\t<dt class='gallery-icon landscape'>\n\t\t\t\t\t<a class=\"rollover rollover-zoom dt-pswp-item\" title=\"Inkedf7a53757-409c-4fc4-b7d5-e8ecd4866ccb_LI\" data-dt-img-description=\"\" data-large_image_width=\"2046\" data-large_image_height=\"1537\"href='https:\/\/www.radiopiu.net\/wordpress\/wp-content\/uploads\/2021\/05\/Inkedf7a53757-409c-4fc4-b7d5-e8ecd4866ccb_LI.jpg'><img loading=\"lazy\" decoding=\"async\" width=\"150\" height=\"150\" src=\"https:\/\/www.radiopiu.net\/wordpress\/wp-content\/uploads\/2021\/05\/Inkedf7a53757-409c-4fc4-b7d5-e8ecd4866ccb_LI-150x150.jpg\" class=\"attachment-thumbnail size-thumbnail\" alt=\"\" \/><\/a>\n\t\t\t\t<\/dt><\/dl><dl class='gallery-item'>\n\t\t\t\t<dt class='gallery-icon landscape'>\n\t\t\t\t\t<a class=\"rollover rollover-zoom dt-pswp-item\" title=\"Inkeda7fe3f94-c074-4676-a7e4-5cbf3a3f1cbd_LI\" data-dt-img-description=\"\" data-large_image_width=\"2046\" data-large_image_height=\"1537\"href='https:\/\/www.radiopiu.net\/wordpress\/wp-content\/uploads\/2021\/05\/Inkeda7fe3f94-c074-4676-a7e4-5cbf3a3f1cbd_LI.jpg'><img loading=\"lazy\" decoding=\"async\" width=\"150\" height=\"150\" src=\"https:\/\/www.radiopiu.net\/wordpress\/wp-content\/uploads\/2021\/05\/Inkeda7fe3f94-c074-4676-a7e4-5cbf3a3f1cbd_LI-150x150.jpg\" class=\"attachment-thumbnail size-thumbnail\" alt=\"\" \/><\/a>\n\t\t\t\t<\/dt><\/dl><dl class='gallery-item'>\n\t\t\t\t<dt class='gallery-icon portrait'>\n\t\t\t\t\t<a class=\"rollover rollover-zoom dt-pswp-item\" title=\"Inkedce2f2860-c3fc-43fb-805b-211240f4966c_LI\" data-dt-img-description=\"\" data-large_image_width=\"1537\" data-large_image_height=\"2046\"href='https:\/\/www.radiopiu.net\/wordpress\/wp-content\/uploads\/2021\/05\/Inkedce2f2860-c3fc-43fb-805b-211240f4966c_LI.jpg'><img loading=\"lazy\" decoding=\"async\" width=\"150\" height=\"150\" src=\"https:\/\/www.radiopiu.net\/wordpress\/wp-content\/uploads\/2021\/05\/Inkedce2f2860-c3fc-43fb-805b-211240f4966c_LI-150x150.jpg\" class=\"attachment-thumbnail size-thumbnail\" alt=\"\" \/><\/a>\n\t\t\t\t<\/dt><\/dl><dl class='gallery-item'>\n\t\t\t\t<dt class='gallery-icon portrait'>\n\t\t\t\t\t<a class=\"rollover rollover-zoom dt-pswp-item\" title=\"Inked7e3e1949-0ec7-4ec9-bcc7-bec405006cf0_LI\" data-dt-img-description=\"\" data-large_image_width=\"1537\" data-large_image_height=\"2046\"href='https:\/\/www.radiopiu.net\/wordpress\/wp-content\/uploads\/2021\/05\/Inked7e3e1949-0ec7-4ec9-bcc7-bec405006cf0_LI.jpg'><img loading=\"lazy\" decoding=\"async\" width=\"150\" height=\"150\" src=\"https:\/\/www.radiopiu.net\/wordpress\/wp-content\/uploads\/2021\/05\/Inked7e3e1949-0ec7-4ec9-bcc7-bec405006cf0_LI-150x150.jpg\" class=\"attachment-thumbnail size-thumbnail\" alt=\"\" \/><\/a>\n\t\t\t\t<\/dt><\/dl><br style=\"clear: both\" \/>\n\t\t\t<\/div>\n\n<p>&nbsp;<\/p>\n<p>&nbsp;<\/p>\n<p>&nbsp;<\/p>\n<p>&nbsp;<\/p>\n<hr \/>\n<p>&nbsp;<\/p>\n<h3>A VOLTAGO E TAIBON\u00a0 E CENCENIGHE ACQUA DI NUOVO POTABILE<\/h3>\n<p><img loading=\"lazy\" decoding=\"async\" class=\"alignleft\" src=\"https:\/\/www.radiopiu.net\/wordpress\/wp-content\/uploads\/2021\/03\/BICCHIERE-ACQUA.jpg\" width=\"116\" height=\"77\" \/>Gestione Servizi Pubblici informa che a VOLTAGO AGORDINO nelle VIE STRUZ,TRIESTE e TRENTO E a TAIBON AGORDINO in localit\u00e0 COL DE CARRERA a CENCENIGHE in LOCALITA&#8217; PRADIMEZZO l&#8217;acqua erogata dall&#8217;acquedotto \u00e8 di nuovo potabile e pu\u00f2 essere usata, quindi, per scopi alimentari.<\/p>\n<p><strong>FALCADE <\/strong>per lavori alla rete idrica comunale, luned\u00ec dalle ore 08:00 fino a FINE LAVORI potrebbe mancare l&#8217;acqua a FALCADE, in via SOMOR. Il personale addetto operer\u00e0 per limitare il pi\u00f9 possibile i disagi alla popolazione.<\/p>\n<p>&nbsp;<\/p>\n<p>&nbsp;<\/p>\n<hr \/>\n<p>&nbsp;<\/p>\n<blockquote>\n<h3>OGGI GIORNATA VACCINALE A CENCENIGHE DEDICATA ALLA SECONDA DOSE<\/h3>\n<\/blockquote>\n<p><strong>CENCENIGHE<\/strong> Oggi al Nof Fil\u00f2 di Cencenighe giornata di vaccinazioni dedicata alla seconda dose. Infatti sono chiamati a vaccinarsi per seconda volta tutti coloro che avevano ricevuto la prima dose il 2 maggio. L&#8217;inoculazione della seconda dose di vaccino verr\u00e0 effettuata dalle 9:30 alle 14, i cittadini dovranno presentarsi con documento di riconoscimento, tessera sanitaria e foglio di anamnesi compilato.<\/p>\n<p>&nbsp;<\/p>\n<p>&nbsp;<\/p>\n<hr \/>\n<p>&nbsp;<\/p>\n<blockquote>\n<h3>PER GOSALDO PROVINCIALE 3 A SINGHIOZZO<\/h3>\n<\/blockquote>\n<p><strong>PROVINCIALE 3 VALLE IMPERINA, <\/strong>DAL 31 MAGGIO ALL&#8217;11 GIUGNO &#8211; FESTIVI E PRE FESTIVI ESCLUSI &#8211; INTERRUZIONE TOTALE ALLA VIABILITA&#8217; PER LAVORI DI ESBOSCO DALLE 8 ALLE 9.45, DALLE 10 ALLE 12, DALLE 13.45 ALLE 15.50 E DALLE 16.10 ALLE 17.30<\/p>\n<p>&nbsp;<\/p>\n<p>&nbsp;<\/p>\n<hr \/>\n<p>&nbsp;<\/p>\n<blockquote>\n<h3>NESSUN DECESSO COVID IN ULSS 1 DOLOMITI, 9 I NUOVI POSITIVI E 8 LE PERSONE RICOVERATE NEGLI OSPEDALI<\/h3>\n<\/blockquote>\n<p><strong>BELLUNO<\/strong> Nelle ultime 24 ore non sono stati registrati decessi di persone covid positive, sono 9 le nuove positivit\u00e0 registrate in Ulss 1 Dolomiti e 157 le persone attualmente positive in provincia di Belluno.<\/p>\n<p>Le persone attualmente POSITIVE ricoverate negli ospedali dell\u2019Ulss Dolomiti sono:<\/p>\n<table>\n<tbody>\n<tr>\n<td width=\"217\"><strong>\u00a0<\/strong><\/td>\n<td width=\"217\"><strong>Area NON CRITICA<\/strong><\/td>\n<td width=\"217\"><strong>Terapia Intensiva<\/strong><\/td>\n<\/tr>\n<tr>\n<td width=\"217\"><strong>Ospedale di Belluno <\/strong><\/td>\n<td width=\"217\">1<\/td>\n<td width=\"217\">0<\/td>\n<\/tr>\n<tr>\n<td width=\"217\"><strong>Ospedale di Feltre<\/strong><\/td>\n<td width=\"217\">5<\/td>\n<td width=\"217\">0<\/td>\n<\/tr>\n<\/tbody>\n<\/table>\n<p>Le persone attualmente POSITIVE ricoverate in Ospedale di Comunit\u00e0 sono:<\/p>\n<table>\n<tbody>\n<tr>\n<td width=\"326\"><strong>\u00a0<\/strong><\/td>\n<td width=\"326\"><strong>pazienti attualmente positivi<\/strong><\/td>\n<\/tr>\n<tr>\n<td width=\"326\"><strong>Ospedale di Comunit\u00e0 di FELTRE<\/strong><\/td>\n<td width=\"326\"><strong>2<\/strong><\/td>\n<\/tr>\n<\/tbody>\n<\/table>\n<p>&nbsp;<\/p>\n<p>&nbsp;<\/p>\n<hr \/>\n<p>&nbsp;<\/p>\n<blockquote>\n<h2>PRECIPITA NEL VANO DELLA CISTERNA, MUORE UN UOMO DI 65 ANNI, FERITA LA MOGLIE<\/h2>\n<\/blockquote>\n<p>&nbsp;<\/p>\n<p><strong><img loading=\"lazy\" decoding=\"async\" class=\"alignleft\" src=\"https:\/\/www.radiopiu.net\/wordpress\/wp-content\/uploads\/2020\/04\/Lamon-4.jpg\" width=\"232\" height=\"174\" \/>LAMON<\/strong>\u00a0 Adriano De Lazzer, 65 anni, di Fonzaso \u00e8\u00a0 morto sul colpo cadendo nel vano della vecchia cisterna che aveva sollevato con una carrucola,\u00a0 ferita gravemente la moglie, Mariangela D&#8217;Agostini, di 55 anni, ricoverata in prognosi riservata all&#8217;ospedale di Feltre. La dinamica dell&#8217;incidente \u00e8 al vaglio dei carabinieri. Con la moglie in casa della suocera l&#8217;uomo\u00a0 ha rimosso una vecchia cisterna con l&#8217;aiuto della moglie. Durante l&#8217;operazione di sollevamento l&#8217;uomo \u00e8 precipitato sbattendo violentemente la testa. La moglie \u00e8 stata trasportata d&#8217;urgenza all&#8217;ospedale di Feltre dove si trova ricoverata in prognosi riservata pur se non sarebbe in pericolo di vita.<\/p>\n<blockquote><p><strong>IL MESSAGGIO DEL GS FONZASO<\/strong>:Spesso la sorte avversa la fa da padrone e anche oggi, purtroppo, dobbiamo salutare Adriano De Lazzer un collaboratore e un pap\u00e0 di due dei nostri giovanissimi, Agnese e Giovanni, che improvvisamente ci ha lasciati. Ci mancher\u00e0 la tua presenza e il tuo entusiasmo nel dare una mano per la sicurezza dei nostri giovanissimi.<\/p><\/blockquote>\n<p>&nbsp;<\/p>\n<hr \/>\n<blockquote>\n<h3><\/h3>\n<h3>LA SCORSA NOTTE INCIDENTE MORTALE A QUERO<\/h3>\n<\/blockquote>\n<p><strong><a href=\"https:\/\/www.radiopiu.net\/wordpress\/nella-notte-incidente-mortale-a-quero\/8a9ccb72-48de-4300-bedf-d859fd62213f\/\" rel=\"attachment wp-att-212685\"><img loading=\"lazy\" decoding=\"async\" class=\" wp-image-212685 alignleft\" src=\"https:\/\/www.radiopiu.net\/wordpress\/wp-content\/uploads\/2021\/05\/8a9ccb72-48de-4300-bedf-d859fd62213f-300x210.jpg\" alt=\"\" width=\"180\" height=\"126\" srcset=\"https:\/\/www.radiopiu.net\/wordpress\/wp-content\/uploads\/2021\/05\/8a9ccb72-48de-4300-bedf-d859fd62213f-300x210.jpg 300w, https:\/\/www.radiopiu.net\/wordpress\/wp-content\/uploads\/2021\/05\/8a9ccb72-48de-4300-bedf-d859fd62213f-768x538.jpg 768w, https:\/\/www.radiopiu.net\/wordpress\/wp-content\/uploads\/2021\/05\/8a9ccb72-48de-4300-bedf-d859fd62213f.jpg 960w\" sizes=\"auto, (max-width: 180px) 100vw, 180px\" \/><\/a>QUERO<\/strong> Nella notte alle 23.30 Carabinieri e\u00a0 Vigili del fuoco sono intervenuti lungo la SR 348 al km 37 a Quero Vas per la fuoriuscita autonoma di un motociclista a bordo di una Ducati 949, Valerio Verardo 49 anni di Quero, deceduto nell\u2019impatto contro un muro. I vigili del fuoco, arrivati da Feltre con il supporto dei volontari del Basso Feltrino, congiuntamente al personale sanitario del SUEM hanno soccorso l\u2019uomo, purtroppo nonostante i soccorsi il medico ha dovuto dichiarare la morte del 49enne. Sul posto le forze dell\u2019ordine per i rilievi del sinistro.<\/p>\n<p>&nbsp;<\/p>\n<p>&nbsp;<\/p>\n<hr \/>\n<p>&nbsp;<\/p>\n<blockquote>\n<h3>IL LUPO IN VALLE DI SAN LUCANO<\/h3>\n<\/blockquote>\n<p><strong>TAIBON<\/strong> A lato della strada comunale, tra la strada e il torrente Tegnas verso il bivio per il bivacco Cozzolino. \u00c8 intervenuta la Polizia Provinciale.<\/p>\n\n\t\t\t<style type='text\/css'>\n\t\t\t\t#gallery-4 {\n\t\t\t\t\tmargin: auto;\n\t\t\t\t}\n\t\t\t\t#gallery-4 .gallery-item {\n\t\t\t\t\tfloat: left;\n\t\t\t\t\tmargin-top: 10px;\n\t\t\t\t\ttext-align: center;\n\t\t\t\t\twidth: 50%;\n\t\t\t\t}\n\t\t\t\t#gallery-4 img {\n\t\t\t\t\tborder: 2px solid #cfcfcf;\n\t\t\t\t}\n\t\t\t\t#gallery-4 .gallery-caption {\n\t\t\t\t\tmargin-left: 0;\n\t\t\t\t}\n\t\t\t\t\/* see gallery_shortcode() in wp-includes\/media.php *\/\n\t\t\t<\/style>\n\t\t<div id='gallery-4' class='dt-gallery-container gallery galleryid-212656 gallery-columns-2 gallery-size-medium'><dl class='gallery-item'>\n\t\t\t\t<dt class='gallery-icon landscape'>\n\t\t\t\t\t<a class=\"rollover rollover-zoom dt-pswp-item\" title=\"51c8ada9-4fca-4aff-b639-db8faea6d10f\" data-dt-img-description=\"\" data-large_image_width=\"1600\" data-large_image_height=\"1200\"href='https:\/\/www.radiopiu.net\/wordpress\/wp-content\/uploads\/2021\/05\/51c8ada9-4fca-4aff-b639-db8faea6d10f.jpg'><img loading=\"lazy\" decoding=\"async\" width=\"300\" height=\"225\" src=\"https:\/\/www.radiopiu.net\/wordpress\/wp-content\/uploads\/2021\/05\/51c8ada9-4fca-4aff-b639-db8faea6d10f-300x225.jpg\" class=\"attachment-medium size-medium\" alt=\"\" srcset=\"https:\/\/www.radiopiu.net\/wordpress\/wp-content\/uploads\/2021\/05\/51c8ada9-4fca-4aff-b639-db8faea6d10f-300x225.jpg 300w, https:\/\/www.radiopiu.net\/wordpress\/wp-content\/uploads\/2021\/05\/51c8ada9-4fca-4aff-b639-db8faea6d10f-1024x768.jpg 1024w, https:\/\/www.radiopiu.net\/wordpress\/wp-content\/uploads\/2021\/05\/51c8ada9-4fca-4aff-b639-db8faea6d10f-768x576.jpg 768w, https:\/\/www.radiopiu.net\/wordpress\/wp-content\/uploads\/2021\/05\/51c8ada9-4fca-4aff-b639-db8faea6d10f-1536x1152.jpg 1536w, https:\/\/www.radiopiu.net\/wordpress\/wp-content\/uploads\/2021\/05\/51c8ada9-4fca-4aff-b639-db8faea6d10f.jpg 1600w\" sizes=\"auto, (max-width: 300px) 100vw, 300px\" \/><\/a>\n\t\t\t\t<\/dt><\/dl><dl class='gallery-item'>\n\t\t\t\t<dt class='gallery-icon landscape'>\n\t\t\t\t\t<a class=\"rollover rollover-zoom dt-pswp-item\" title=\"8d31de6f-d972-4f25-9ff1-f8e2f217626e\" data-dt-img-description=\"\" data-large_image_width=\"1600\" data-large_image_height=\"1200\"href='https:\/\/www.radiopiu.net\/wordpress\/wp-content\/uploads\/2021\/05\/8d31de6f-d972-4f25-9ff1-f8e2f217626e.jpg'><img loading=\"lazy\" decoding=\"async\" width=\"300\" height=\"225\" src=\"https:\/\/www.radiopiu.net\/wordpress\/wp-content\/uploads\/2021\/05\/8d31de6f-d972-4f25-9ff1-f8e2f217626e-300x225.jpg\" class=\"attachment-medium size-medium\" alt=\"\" srcset=\"https:\/\/www.radiopiu.net\/wordpress\/wp-content\/uploads\/2021\/05\/8d31de6f-d972-4f25-9ff1-f8e2f217626e-300x225.jpg 300w, https:\/\/www.radiopiu.net\/wordpress\/wp-content\/uploads\/2021\/05\/8d31de6f-d972-4f25-9ff1-f8e2f217626e-1024x768.jpg 1024w, https:\/\/www.radiopiu.net\/wordpress\/wp-content\/uploads\/2021\/05\/8d31de6f-d972-4f25-9ff1-f8e2f217626e-768x576.jpg 768w, https:\/\/www.radiopiu.net\/wordpress\/wp-content\/uploads\/2021\/05\/8d31de6f-d972-4f25-9ff1-f8e2f217626e-1536x1152.jpg 1536w, https:\/\/www.radiopiu.net\/wordpress\/wp-content\/uploads\/2021\/05\/8d31de6f-d972-4f25-9ff1-f8e2f217626e.jpg 1600w\" sizes=\"auto, (max-width: 300px) 100vw, 300px\" \/><\/a>\n\t\t\t\t<\/dt><\/dl><br style=\"clear: both\" \/>\n\t\t\t<\/div>\n\n<p>&nbsp;<\/p>\n<hr \/>\n<p>&nbsp;<\/p>\n<blockquote>\n<h3>INSTALLAZIONE ANTENNE TELEFONICHE 5G: IL PRESIDENTE DEL CONSIGLIO COMUNALE DI FELTRE RESPINGE AL MITTENTE LE ACCUSE DI CONFINDUSTRIA BELLUNO DOLOMITI<\/h3>\n<\/blockquote>\n<p><strong><a href=\"https:\/\/www.radiopiu.net\/wordpress\/palaghiaccio-fredde-le-prime-risposte-alla-proposta-alleghese\/1551203946_5g\/\" rel=\"attachment wp-att-110177\"><img loading=\"lazy\" decoding=\"async\" class=\"size-medium wp-image-110177 alignleft\" src=\"https:\/\/www.radiopiu.net\/wordpress\/wp-content\/uploads\/2019\/12\/1551203946_5g-300x168.jpg\" alt=\"\" width=\"300\" height=\"168\" srcset=\"https:\/\/www.radiopiu.net\/wordpress\/wp-content\/uploads\/2019\/12\/1551203946_5g-300x168.jpg 300w, https:\/\/www.radiopiu.net\/wordpress\/wp-content\/uploads\/2019\/12\/1551203946_5g-1024x574.jpg 1024w, https:\/\/www.radiopiu.net\/wordpress\/wp-content\/uploads\/2019\/12\/1551203946_5g-768x431.jpg 768w, https:\/\/www.radiopiu.net\/wordpress\/wp-content\/uploads\/2019\/12\/1551203946_5g.jpg 1050w\" sizes=\"auto, (max-width: 300px) 100vw, 300px\" \/><\/a>FELTRE<\/strong> \u201c<em>Spiace constatare che un tema cosi\u0300 importante e rilevante anche per la salute pubblica venga strumentalmente utilizzato da qualcuno per delle dichiarazioni fuorvianti e poco informate<\/em>\u201d. Cosi\u0300 il presidente del consiglio comunale di Feltre, Manuel Sacchet, a seguito delle esternazioni di Confindustria Belluno Dolomiti apparse oggi sulla stampa locale in merito alla questione del regolamento comunale in tema di autorizzazioni all&#8217;installazione di nuove antenne di telefonia mobile con tecnologia 5G. \u201c<em>Fa specie e mi sorprende che Confindustria si accorga del regolamento soltanto a un anno di distanza dalla sua approvazione unanime in Consiglio\u201d, <\/em>esordisce Sacchet, che prosegue<em>: \u201cIn un dibattito pubblico su tematiche di interesse generale sono legittime opinioni diverse ed eventuali critiche su scelte altrui; quello che non e\u0300 accettabile e\u0300 l&#8217;ingerenza, con toni a tratti offensivi, dell&#8217;operato di un organismo istituzionale rappresentativo dei cittadini. Tanto piu\u0300 che, prosegue il presidente del consiglio comunale, la tematica in questione e\u0300 estremamente rilevante, e non certo solo a livello locale, ad oggi gia\u0300 piu\u0300 di 600 comuni italiani, nel rispetto del principio di precauzione, hanno assunto ordinanze o regolamenti inerenti la disciplina delle installazioni di antenne. La stessa letteratura scientifica al riguardo e\u0300 tutt&#8217;altro che unanime, visto che si susseguono ricerche e pareri di segno diverso<\/em>\u201d. \u201c<em>Confindustria Belluno arriva a etichettare le scelte del consiglio comunale come frutto di impreparazione e improntate a \u201cideologia, approccio anti-scientifico e spesso anti-impresa\u201d: qui, prosegue Sacchet, la critica lascia evidentemente spazio all&#8217;offesa gratuita e strumentale. Se fare prudenzialmente delle scelte con il fine della salvaguardia del bene comune, in primis quello rappresentato dalla salute dei cittadini, significa essere \u201ccomplottisti\u201d, rivendico e difendo con forza il dovere civico dell&#8217;assemblea comunale, il ruolo dei consiglieri e il loro operato. Dai rappresentanti di un soggetto cosi\u0300 importante per il tessuto economico e sociale del nostro territorio come Confindustria Belluno Dolomiti ci saremmo aspettati un approccio meno arrogante e piu\u0300 rispettoso, della realta\u0300 dei fatti, delle istituzioni e delle persone. Ci aspettiamo delle scuse<\/em>\u201d, conclude il presidente del consiglio comunale di Feltre.<\/p>\n<p>&nbsp;<\/p>\n<p>&nbsp;<\/p>\n<hr \/>\n<p>&nbsp;<\/p>\n<blockquote>\n<h3>DUE GIORNI DI ESERCITAZIONE CON LE ASSOCIAZIONI DELLA PROTEZIONE CIVILE DI FELTRE<\/h3>\n<\/blockquote>\n<p><strong>FELTRE<\/strong> Il Coordinamento delle Associazioni di Protezione Civile di Feltre ha promosso un&#8217;esercitazione con l\u2019obiettivo di rafforzare le capacit\u00e0 operative e la conoscenza del territorio locale da parte dei volontari e delle comunit\u00e0. L&#8217;iniziativa coinvolge i volontari delle associazioni, ognuna con professionalit\u00e0 ed esperienze nel campo della Protezione Civile. Due giorni intensi che si svilupperanno sia in momenti formativi su cosa succede e come comportarsi in caso di calamit\u00e0, oltre a utili informazioni sui Piani Comunali di Protezione Civile; sia, nella seconda parte, nella simulazione di pi\u00f9 scenari operativi. &#8220;<em>La mia presenza anche per sottolineare un sincero grazie alle associazioni aderenti al Coordinamento\u00a0 &#8211; dice l&#8217;assessore regionale Gianpaolo Bottacin &#8211; e a questa due giorni, per quello che sapranno dare in futuro ma soprattutto per l&#8217;enorme lavoro messo in campo in questi ultimi anni: ARI Feltre , ANC Provinciale, ANA Feltre, AVAC Fenrir, PC e AIB Comune di Quero, PC e Ambientale di Alano di Piave, Gruppo Sommozzatori Feltre, Ass. Radio Club Feltrino, Squadra Feltrina Cinofili da Soccorso, Soccorso Alpino e speleologico sez. di Feltre, Croce Rossa Italiana Comitato di Feltre<\/em>&#8221;<\/p>\n\n\t\t\t<style type='text\/css'>\n\t\t\t\t#gallery-5 {\n\t\t\t\t\tmargin: auto;\n\t\t\t\t}\n\t\t\t\t#gallery-5 .gallery-item {\n\t\t\t\t\tfloat: left;\n\t\t\t\t\tmargin-top: 10px;\n\t\t\t\t\ttext-align: center;\n\t\t\t\t\twidth: 50%;\n\t\t\t\t}\n\t\t\t\t#gallery-5 img {\n\t\t\t\t\tborder: 2px solid #cfcfcf;\n\t\t\t\t}\n\t\t\t\t#gallery-5 .gallery-caption {\n\t\t\t\t\tmargin-left: 0;\n\t\t\t\t}\n\t\t\t\t\/* see gallery_shortcode() in wp-includes\/media.php *\/\n\t\t\t<\/style>\n\t\t<div id='gallery-5' class='dt-gallery-container gallery galleryid-212656 gallery-columns-2 gallery-size-medium'><dl class='gallery-item'>\n\t\t\t\t<dt class='gallery-icon landscape'>\n\t\t\t\t\t<a class=\"rollover rollover-zoom dt-pswp-item\" title=\"7d4dec38-f929-4ce8-97e6-759a8a7263bd\" data-dt-img-description=\"\" data-large_image_width=\"1600\" data-large_image_height=\"1200\"href='https:\/\/www.radiopiu.net\/wordpress\/wp-content\/uploads\/2021\/05\/7d4dec38-f929-4ce8-97e6-759a8a7263bd.jpg'><img loading=\"lazy\" decoding=\"async\" width=\"300\" height=\"225\" src=\"https:\/\/www.radiopiu.net\/wordpress\/wp-content\/uploads\/2021\/05\/7d4dec38-f929-4ce8-97e6-759a8a7263bd-300x225.jpg\" class=\"attachment-medium size-medium\" alt=\"\" srcset=\"https:\/\/www.radiopiu.net\/wordpress\/wp-content\/uploads\/2021\/05\/7d4dec38-f929-4ce8-97e6-759a8a7263bd-300x225.jpg 300w, https:\/\/www.radiopiu.net\/wordpress\/wp-content\/uploads\/2021\/05\/7d4dec38-f929-4ce8-97e6-759a8a7263bd-1024x768.jpg 1024w, https:\/\/www.radiopiu.net\/wordpress\/wp-content\/uploads\/2021\/05\/7d4dec38-f929-4ce8-97e6-759a8a7263bd-768x576.jpg 768w, https:\/\/www.radiopiu.net\/wordpress\/wp-content\/uploads\/2021\/05\/7d4dec38-f929-4ce8-97e6-759a8a7263bd-1536x1152.jpg 1536w, https:\/\/www.radiopiu.net\/wordpress\/wp-content\/uploads\/2021\/05\/7d4dec38-f929-4ce8-97e6-759a8a7263bd.jpg 1600w\" sizes=\"auto, (max-width: 300px) 100vw, 300px\" \/><\/a>\n\t\t\t\t<\/dt><\/dl><dl class='gallery-item'>\n\t\t\t\t<dt class='gallery-icon landscape'>\n\t\t\t\t\t<a class=\"rollover rollover-zoom dt-pswp-item\" title=\"036c396a-d188-49cc-a147-b2b977bd52ce\" data-dt-img-description=\"\" data-large_image_width=\"1600\" data-large_image_height=\"1148\"href='https:\/\/www.radiopiu.net\/wordpress\/wp-content\/uploads\/2021\/05\/036c396a-d188-49cc-a147-b2b977bd52ce.jpg'><img loading=\"lazy\" decoding=\"async\" width=\"300\" height=\"215\" src=\"https:\/\/www.radiopiu.net\/wordpress\/wp-content\/uploads\/2021\/05\/036c396a-d188-49cc-a147-b2b977bd52ce-300x215.jpg\" class=\"attachment-medium size-medium\" alt=\"\" srcset=\"https:\/\/www.radiopiu.net\/wordpress\/wp-content\/uploads\/2021\/05\/036c396a-d188-49cc-a147-b2b977bd52ce-300x215.jpg 300w, https:\/\/www.radiopiu.net\/wordpress\/wp-content\/uploads\/2021\/05\/036c396a-d188-49cc-a147-b2b977bd52ce-1024x735.jpg 1024w, https:\/\/www.radiopiu.net\/wordpress\/wp-content\/uploads\/2021\/05\/036c396a-d188-49cc-a147-b2b977bd52ce-768x551.jpg 768w, https:\/\/www.radiopiu.net\/wordpress\/wp-content\/uploads\/2021\/05\/036c396a-d188-49cc-a147-b2b977bd52ce-1536x1102.jpg 1536w, https:\/\/www.radiopiu.net\/wordpress\/wp-content\/uploads\/2021\/05\/036c396a-d188-49cc-a147-b2b977bd52ce.jpg 1600w\" sizes=\"auto, (max-width: 300px) 100vw, 300px\" \/><\/a>\n\t\t\t\t<\/dt><\/dl><br style=\"clear: both\" \/>\n\t\t\t<\/div>\n\n<p>&nbsp;<\/p>\n<hr \/>\n<p>&nbsp;<\/p>\n<p>&nbsp;<\/p>\n<hr \/>\n<p>&nbsp;<\/p>\n<p><a href=\"https:\/\/www.radiopiu.net\/wordpress\/giornale-radiopiu-30-maggio-2021-direttore-mirko-mezzacasa\/1f3e3465-d881-4555-99ff-2e4843c3b5d2\/\" rel=\"attachment wp-att-212802\"><img loading=\"lazy\" decoding=\"async\" class=\"alignnone wp-image-212802 size-full\" src=\"https:\/\/www.radiopiu.net\/wordpress\/wp-content\/uploads\/2021\/05\/1f3e3465-d881-4555-99ff-2e4843c3b5d2.jpg\" alt=\"\" width=\"1024\" height=\"769\" srcset=\"https:\/\/www.radiopiu.net\/wordpress\/wp-content\/uploads\/2021\/05\/1f3e3465-d881-4555-99ff-2e4843c3b5d2.jpg 1024w, https:\/\/www.radiopiu.net\/wordpress\/wp-content\/uploads\/2021\/05\/1f3e3465-d881-4555-99ff-2e4843c3b5d2-300x225.jpg 300w, https:\/\/www.radiopiu.net\/wordpress\/wp-content\/uploads\/2021\/05\/1f3e3465-d881-4555-99ff-2e4843c3b5d2-768x577.jpg 768w\" sizes=\"auto, (max-width: 1024px) 100vw, 1024px\" \/><\/a><\/p>\n<p>&nbsp;<\/p>\n<blockquote class=\"wp-embedded-content\" data-secret=\"nMk8QeYjxv\"><p><a href=\"https:\/\/www.radiopiu.net\/wordpress\/aggiornamentomagg29\/\">CORONAVIRUS: AGGIORNAMENTO NAZIONALE 29 MAGGIO  2021<\/a><\/p><\/blockquote>\n<p><iframe loading=\"lazy\" class=\"wp-embedded-content\" sandbox=\"allow-scripts\" security=\"restricted\" style=\"position: absolute; clip: rect(1px, 1px, 1px, 1px);\" title=\"&#8220;CORONAVIRUS: AGGIORNAMENTO NAZIONALE 29 MAGGIO  2021&#8221; &#8212; Radio Pi\u00f9\" src=\"https:\/\/www.radiopiu.net\/wordpress\/aggiornamentomagg29\/embed\/#?secret=nMk8QeYjxv\" data-secret=\"nMk8QeYjxv\" width=\"600\" height=\"338\" frameborder=\"0\" marginwidth=\"0\" marginheight=\"0\" scrolling=\"no\"><\/iframe><\/p>\n<p>&nbsp;<\/p>\n<blockquote class=\"wp-embedded-content\" data-secret=\"GDx13SivVY\"><p><a href=\"https:\/\/www.radiopiu.net\/wordpress\/sono-172-i-nuovi-positivi-in-veneto-delle-ultime-24-ore-8-i-decessi\/\">SONO 172 I NUOVI POSITIVI IN VENETO DELLE ULTIME 24 ORE, 8 I DECESSI<\/a><\/p><\/blockquote>\n<p><iframe loading=\"lazy\" class=\"wp-embedded-content\" sandbox=\"allow-scripts\" security=\"restricted\" style=\"position: absolute; clip: rect(1px, 1px, 1px, 1px);\" title=\"&#8220;SONO 172 I NUOVI POSITIVI IN VENETO DELLE ULTIME 24 ORE, 8 I DECESSI&#8221; &#8212; Radio Pi\u00f9\" src=\"https:\/\/www.radiopiu.net\/wordpress\/sono-172-i-nuovi-positivi-in-veneto-delle-ultime-24-ore-8-i-decessi\/embed\/#?secret=GDx13SivVY\" data-secret=\"GDx13SivVY\" width=\"600\" height=\"338\" frameborder=\"0\" marginwidth=\"0\" marginheight=\"0\" scrolling=\"no\"><\/iframe><\/p>\n<p>&nbsp;<\/p>\n<h3>I GRAFICI DI TIZIANO DE COL<\/h3>\n\n\t\t\t<style type='text\/css'>\n\t\t\t\t#gallery-6 {\n\t\t\t\t\tmargin: auto;\n\t\t\t\t}\n\t\t\t\t#gallery-6 .gallery-item {\n\t\t\t\t\tfloat: left;\n\t\t\t\t\tmargin-top: 10px;\n\t\t\t\t\ttext-align: center;\n\t\t\t\t\twidth: 20%;\n\t\t\t\t}\n\t\t\t\t#gallery-6 img {\n\t\t\t\t\tborder: 2px solid #cfcfcf;\n\t\t\t\t}\n\t\t\t\t#gallery-6 .gallery-caption {\n\t\t\t\t\tmargin-left: 0;\n\t\t\t\t}\n\t\t\t\t\/* see gallery_shortcode() in wp-includes\/media.php *\/\n\t\t\t<\/style>\n\t\t<div id='gallery-6' class='dt-gallery-container gallery galleryid-212656 gallery-columns-5 gallery-size-medium'><dl class='gallery-item'>\n\t\t\t\t<dt class='gallery-icon landscape'>\n\t\t\t\t\t<a class=\"rollover rollover-zoom dt-pswp-item\" title=\"b818de89-c77b-4e89-8286-af789cf91bfd\" data-dt-img-description=\"\" data-large_image_width=\"607\" data-large_image_height=\"352\"href='https:\/\/www.radiopiu.net\/wordpress\/wp-content\/uploads\/2021\/05\/b818de89-c77b-4e89-8286-af789cf91bfd.jpg'><img loading=\"lazy\" decoding=\"async\" width=\"300\" height=\"174\" src=\"https:\/\/www.radiopiu.net\/wordpress\/wp-content\/uploads\/2021\/05\/b818de89-c77b-4e89-8286-af789cf91bfd-300x174.jpg\" class=\"attachment-medium size-medium\" alt=\"\" srcset=\"https:\/\/www.radiopiu.net\/wordpress\/wp-content\/uploads\/2021\/05\/b818de89-c77b-4e89-8286-af789cf91bfd-300x174.jpg 300w, https:\/\/www.radiopiu.net\/wordpress\/wp-content\/uploads\/2021\/05\/b818de89-c77b-4e89-8286-af789cf91bfd.jpg 607w\" sizes=\"auto, (max-width: 300px) 100vw, 300px\" \/><\/a>\n\t\t\t\t<\/dt><\/dl><dl class='gallery-item'>\n\t\t\t\t<dt class='gallery-icon landscape'>\n\t\t\t\t\t<a class=\"rollover rollover-zoom dt-pswp-item\" title=\"6c8f33df-fbb3-4cab-aa87-9845d221877e\" data-dt-img-description=\"\" data-large_image_width=\"610\" data-large_image_height=\"353\"href='https:\/\/www.radiopiu.net\/wordpress\/wp-content\/uploads\/2021\/05\/6c8f33df-fbb3-4cab-aa87-9845d221877e.jpg'><img loading=\"lazy\" decoding=\"async\" width=\"300\" height=\"174\" src=\"https:\/\/www.radiopiu.net\/wordpress\/wp-content\/uploads\/2021\/05\/6c8f33df-fbb3-4cab-aa87-9845d221877e-300x174.jpg\" class=\"attachment-medium size-medium\" alt=\"\" srcset=\"https:\/\/www.radiopiu.net\/wordpress\/wp-content\/uploads\/2021\/05\/6c8f33df-fbb3-4cab-aa87-9845d221877e-300x174.jpg 300w, https:\/\/www.radiopiu.net\/wordpress\/wp-content\/uploads\/2021\/05\/6c8f33df-fbb3-4cab-aa87-9845d221877e.jpg 610w\" sizes=\"auto, (max-width: 300px) 100vw, 300px\" \/><\/a>\n\t\t\t\t<\/dt><\/dl><dl class='gallery-item'>\n\t\t\t\t<dt class='gallery-icon landscape'>\n\t\t\t\t\t<a class=\"rollover rollover-zoom dt-pswp-item\" title=\"a225812f-e8f4-4fd5-8d29-573f877d9739\" data-dt-img-description=\"\" data-large_image_width=\"600\" data-large_image_height=\"352\"href='https:\/\/www.radiopiu.net\/wordpress\/wp-content\/uploads\/2021\/05\/a225812f-e8f4-4fd5-8d29-573f877d9739.jpg'><img loading=\"lazy\" decoding=\"async\" width=\"300\" height=\"176\" src=\"https:\/\/www.radiopiu.net\/wordpress\/wp-content\/uploads\/2021\/05\/a225812f-e8f4-4fd5-8d29-573f877d9739-300x176.jpg\" class=\"attachment-medium size-medium\" alt=\"\" srcset=\"https:\/\/www.radiopiu.net\/wordpress\/wp-content\/uploads\/2021\/05\/a225812f-e8f4-4fd5-8d29-573f877d9739-300x176.jpg 300w, https:\/\/www.radiopiu.net\/wordpress\/wp-content\/uploads\/2021\/05\/a225812f-e8f4-4fd5-8d29-573f877d9739.jpg 600w\" sizes=\"auto, (max-width: 300px) 100vw, 300px\" \/><\/a>\n\t\t\t\t<\/dt><\/dl><dl class='gallery-item'>\n\t\t\t\t<dt class='gallery-icon landscape'>\n\t\t\t\t\t<a class=\"rollover rollover-zoom dt-pswp-item\" title=\"66b31713-5468-46ac-b901-d6da392a77b0\" data-dt-img-description=\"\" data-large_image_width=\"612\" data-large_image_height=\"357\"href='https:\/\/www.radiopiu.net\/wordpress\/wp-content\/uploads\/2021\/05\/66b31713-5468-46ac-b901-d6da392a77b0.jpg'><img loading=\"lazy\" decoding=\"async\" width=\"300\" height=\"175\" src=\"https:\/\/www.radiopiu.net\/wordpress\/wp-content\/uploads\/2021\/05\/66b31713-5468-46ac-b901-d6da392a77b0-300x175.jpg\" class=\"attachment-medium size-medium\" alt=\"\" srcset=\"https:\/\/www.radiopiu.net\/wordpress\/wp-content\/uploads\/2021\/05\/66b31713-5468-46ac-b901-d6da392a77b0-300x175.jpg 300w, https:\/\/www.radiopiu.net\/wordpress\/wp-content\/uploads\/2021\/05\/66b31713-5468-46ac-b901-d6da392a77b0.jpg 612w\" sizes=\"auto, (max-width: 300px) 100vw, 300px\" \/><\/a>\n\t\t\t\t<\/dt><\/dl><dl class='gallery-item'>\n\t\t\t\t<dt class='gallery-icon landscape'>\n\t\t\t\t\t<a class=\"rollover rollover-zoom dt-pswp-item\" title=\"d21c990a-b967-463d-9bb4-b02efc942ce1\" data-dt-img-description=\"\" data-large_image_width=\"614\" data-large_image_height=\"355\"href='https:\/\/www.radiopiu.net\/wordpress\/wp-content\/uploads\/2021\/05\/d21c990a-b967-463d-9bb4-b02efc942ce1.jpg'><img loading=\"lazy\" decoding=\"async\" width=\"300\" height=\"173\" src=\"https:\/\/www.radiopiu.net\/wordpress\/wp-content\/uploads\/2021\/05\/d21c990a-b967-463d-9bb4-b02efc942ce1-300x173.jpg\" class=\"attachment-medium size-medium\" alt=\"\" srcset=\"https:\/\/www.radiopiu.net\/wordpress\/wp-content\/uploads\/2021\/05\/d21c990a-b967-463d-9bb4-b02efc942ce1-300x173.jpg 300w, https:\/\/www.radiopiu.net\/wordpress\/wp-content\/uploads\/2021\/05\/d21c990a-b967-463d-9bb4-b02efc942ce1.jpg 614w\" sizes=\"auto, (max-width: 300px) 100vw, 300px\" \/><\/a>\n\t\t\t\t<\/dt><\/dl><br style=\"clear: both\" \/>\n\t\t\t<\/div>\n\n<p>&nbsp;<\/p>\n<hr \/>\n<p>&nbsp;<\/p>\n<blockquote>\n<h3>GIORNATA DEL SOLLIEVO 2021: IL COVID NON FERMA LE CURE PALLIATIVE<\/h3>\n<\/blockquote>\n<p><strong><a href=\"https:\/\/www.radiopiu.net\/wordpress\/monoclonali-pronti-per-la-somministrazione-in-ulss-1-dolomiti\/ulss-1-2\/\" rel=\"attachment wp-att-198838\"><img loading=\"lazy\" decoding=\"async\" class=\"size-medium wp-image-198838 alignleft\" src=\"https:\/\/www.radiopiu.net\/wordpress\/wp-content\/uploads\/2021\/03\/ULSS-1-300x158.jpg\" alt=\"\" width=\"300\" height=\"158\" srcset=\"https:\/\/www.radiopiu.net\/wordpress\/wp-content\/uploads\/2021\/03\/ULSS-1-300x158.jpg 300w, https:\/\/www.radiopiu.net\/wordpress\/wp-content\/uploads\/2021\/03\/ULSS-1-768x404.jpg 768w, https:\/\/www.radiopiu.net\/wordpress\/wp-content\/uploads\/2021\/03\/ULSS-1.jpg 776w\" sizes=\"auto, (max-width: 300px) 100vw, 300px\" \/><\/a>BELLUNO <\/strong>In occasione della giornata nazionale del Sollievo, indetta a livello nazionale per il 30\u00a0 maggio 2021, l\u2019Ulss Dolomiti, diffonde i dati sulle attivit\u00e0 delle unit\u00e0 operative di Cure palliative per dare evidenza al quotidiano lavoro dei professionisti dell\u2019Azienda. Quest\u2019anno, inoltre, in collaborazione con le associazioni Cucchini e Mano Amica, sono state organizzate delle iniziative di sensibilizzazione via social. Oggi alle 18.30, sar\u00e0 trasmesso nella pagina facebook dell\u2019associazione Cucchini un momento musicale nel \u00a0giardino di Casa Tua 2 per alleviare, con il sollievo della musica, le difficolt\u00e0 di questo periodo e ringraziare i professionisti sanitari. In caso di maltempo il concerto sar\u00e0 annullato. Sulla pagina Facebook di Mano Amica sar\u00e0 postato un video messagio di operatori ulss e volontari per sensibilizzare sulla cultura del sollievo. Nel 2020, le due unit\u00e0 di cure palliative hanno seguito complessivamente circa 700 pazienti di cui oltre 120 non oncologici. Per 175 pazienti c\u2019\u00e8 stata un\u2019alternanza tra Hospice e domicilio. Nei due hospice ci sono stati complessivamente 283 ricoveri, con un tasso di occupazione dell\u201984%. I pazienti seguiti ambulatorialmente a Belluno, Agordo, Pieve di Cadore e Feltre sono stati oltre 400, a cui sono state erogate circa 1.300 viste mediche e 185 colloqui psicologici. \u00ab<em>Nel periodo COVID l\u2019attivit\u00e0 ambulatoriale \u00e8 stata rimodulata come da indicazioni Regionali\u00a0 per quanto riguarda l\u2019attivit\u00e0 ordinaria, mentre sono state garantite le urgenze e sono state valutate le situazioni particolari attraverso un monitoraggio telefonico quotidiano. L\u2019assistenza domiciliare da parte dell\u2019equipe di Cure Palliative \u00e8 stata\u00a0 garantita ed\u00a0 anzi implementata in quanto alcune terapie di supporto, prima eseguite ambulatorialmente, sono state effettuate a domicilio . Se consideriamo la fragilit\u00e0 dei nostri pazienti inserita in un contesto difficile come quello che stiamo vivendo, che in particolare ha influito nella sfera relazionale e degli affetti, cos\u00ec importante per la qualit\u00e0 di vita di chi \u00e8 al termine della sua esistenza , l\u2019aver garantito la continuit\u00e0 assistenziale da parte dell\u2019Equipe di Cure Palliative \u00e8 stato sicuramente di grande importanza come in pi\u00f9 occasioni ci\u00a0 \u00e8 stato riferito dagli stessi pazienti e familiari<\/em>\u00bb, spiega Giuseppe Fornasier direttore della Cure Palliative di Belluno. \u00ab<em>Praticamente tutto l\u2019anno 2020 \u00e8 stato caratterizzato dalla pandemia da Sars Cov-2<\/em>\u00bb, spiega la responsabile delle cure pallitaive di Feltre Roberta Perin, \u00ab<em>ci\u00f2 nonostante l\u2019attivit\u00e0 assistenziale domiciliare ed in Hospice \u00e8 stata costantemente garantita. Non si \u00e8 mai fermata neanche l\u2019attivit\u00e0 di consulenza in Primiero e nei Centri Servizi per Anziani. L\u2019attivit\u00e0 ambulatoriale di Cure Simultanee \u00e8 stata implementata di un centinaio di visite rispetto all\u2019anno precedente. Abbiamo notato che i familiari, vista l\u2019applicazione delle norme restrittive di accesso in Hospice, spesso hanno preferito, anche se in difficolt\u00e0, mantenere il proprio caro a domicilio. L\u2019Hospice ha comunque sempre garantito la presenza quotidiana, anche se ridotta nel tempo e nel numero, dei famigliari\/caregiver a letto del paziente, soprattutto nell\u2019imminenza della morte<\/em>\u00bb.<\/p>\n<p>&nbsp;<\/p>\n<p>&nbsp;<\/p>\n<hr \/>\n<p>&nbsp;<\/p>\n<blockquote>\n<h3>COVID 19. DIFFUSE LE LINEE GUIDA PER I CENTRI E CAMPI ESTIVI NEL VENETO<\/h3>\n<\/blockquote>\n<p><strong><a href=\"https:\/\/www.radiopiu.net\/wordpress\/lunedi-riapre-lasilo-girotondo-di-cencenighe\/mani-bambini\/\" rel=\"attachment wp-att-164891\"><img loading=\"lazy\" decoding=\"async\" class=\"size-medium wp-image-164891 alignleft\" src=\"https:\/\/www.radiopiu.net\/wordpress\/wp-content\/uploads\/2020\/10\/mani-bambini-300x200.jpg\" alt=\"\" width=\"300\" height=\"200\" srcset=\"https:\/\/www.radiopiu.net\/wordpress\/wp-content\/uploads\/2020\/10\/mani-bambini-300x200.jpg 300w, https:\/\/www.radiopiu.net\/wordpress\/wp-content\/uploads\/2020\/10\/mani-bambini-1024x683.jpg 1024w, https:\/\/www.radiopiu.net\/wordpress\/wp-content\/uploads\/2020\/10\/mani-bambini-768x512.jpg 768w, https:\/\/www.radiopiu.net\/wordpress\/wp-content\/uploads\/2020\/10\/mani-bambini-1536x1024.jpg 1536w, https:\/\/www.radiopiu.net\/wordpress\/wp-content\/uploads\/2020\/10\/mani-bambini.jpg 1920w\" sizes=\"auto, (max-width: 300px) 100vw, 300px\" \/><\/a>VENEZIA <\/strong>Per il contrasto e la prevenzione del Covid 19, l\u2019Assessorato alla Sanit\u00e0 della Regione del Veneto ha diffuso il documento aggiornato riguardante le \u201cLinee di indirizzo delle attivit\u00e0 educative e ricreative per minori\u201d che interessa prevalentemente l\u2019organizzazione dei Centri e dei Campi Estivi. \u201c<em>Si tratta di un documento che era atteso \u2013 sottolinea Manuela Lanzarin, assessore alla Sanit\u00e0 e ai Servizi Sociali del Veneto -. Abbiamo a disposizione le linee guida nazionali e abbiamo pensato di organizzarle in modo pi\u00f9 snello e semplificato soprattutto nei riguardi dei Centri e dei Campi estivi. Un\u2019esigenza a cui abbiamo dato risposta confrontandoci con i Comuni veneti dell\u2019Anci, la Pastorale Giovanile del Triveneto e la Fism regionale. Ringrazio tutti per la collaborazione: le indicazioni appaiono senza dubbio pi\u00f9 semplici pur rimanendo in linea con l\u2019esperienza dell\u2019anno scorso<\/em>\u201d. \u201c<em>I campi e i centri estivi sono una grande risorsa educativa della nostra regione \u2013 conclude l\u2019assessore Lanzarin -. Stiamo anche predisponendo la vaccinazione per operatori, animatori e volontari. Stiamo parlando di circa 35.000 persone dai sedici anni in su. Penso che procederemo nelle prossime settimane<\/em>\u201d. Le linee guida diffuse si fondano, in particolare, su una stretta alleanza tra genitori, insegnanti e operatori e l\u2019organizzazione sanitaria territoriale; nello specifico Sanit\u00e0 e Igiene Pubblica e Pediatri. La, collaborazione dei genitori sar\u00e0 sottolineata dall\u2019adesione ad un patto di responsabilit\u00e0 siglando il quale si impegnano al mantenimento di comportamenti corretti e alla segnalazione nel caso di situazioni di sospetto contagio. Ogni centro disporr\u00e0 di un Referente Covid con le funzioni di soggetto di collegamento con l\u2019organizzazione sanitaria. Gli operatori di nuova assunzione saranno sottoposti a formazione e informazione specifica da parte di personale qualificato. I centri provvederanno alla registrazione degli accessi e condurranno l\u2019attivit\u00e0 suddividendola in gruppi stabili e definiti di bambini in modo da contenere l\u2019eventuale diffusione del virus e favorire il tracciamento dei contatti. L\u2019attivit\u00e0 dovr\u00e0 svolgersi prevalentemente all\u2019aperto e quando non sar\u00e0 possibile verranno tracciate le presenze nei locali. Lo stesso accorgimento verr\u00e0 seguito per la refezione. Indicazioni precise, naturalmente, sono fissate per la pulizia degli ambienti, la disinfezione dei giocattoli e degli strumenti didattici, l\u2019igienizzazione delle mani fino a fissare anche le distanze minime dei letti nei casi in cui sia previsto il pernottamento.<\/p>\n<p><strong>LE LINEE GUIDA PER I CENTRI ESTIVI (12 PAGINE)<\/strong><\/p>\n<a href=\"https:\/\/www.radiopiu.net\/wordpress\/wp-content\/uploads\/2021\/05\/1038-2021-LINEE-DI-INDIRIZZO-Organizzazione-delle-attivita-educative-e-ricreative-per-i-minori-Regione-del-Veneto-maggio-2021.pdf\" class=\"pdfemb-viewer\" style=\"\" data-width=\"max\" data-height=\"max\" data-toolbar=\"top\" data-toolbar-fixed=\"on\">1038-2021 LINEE DI INDIRIZZO Organizzazione delle attivita\u2019 educative e ricreative per i minori \u2013 Regione del Veneto \u2013 maggio 2021<\/a>\n<p>&nbsp;<\/p>\n<p>&nbsp;<\/p>\n<hr \/>\n<p>&nbsp;<\/p>\n<blockquote>\n<h3 class=\"p1\">NUOVA PREDAZIONE DEL LUPO NEL BELLUNESE. DE CARLO: \u201cCONVIVENZA IMPOSSIBILE, MA NON SI VUOLE RISOLVERE IL PROBLEMA. A QUESTO PUNTO, CI DIANO INCENTIVI PER ABBANDONARE LA MONTAGNA\u201d<\/h3>\n<\/blockquote>\n<p class=\"p1\"><strong><a href=\"https:\/\/www.radiopiu.net\/wordpress\/per-legambiente-la-caccia-al-lupo-non-e-una-soluzione\/lupo-4\/\" rel=\"attachment wp-att-188785\"><img loading=\"lazy\" decoding=\"async\" class=\"size-medium wp-image-188785 alignleft\" src=\"https:\/\/www.radiopiu.net\/wordpress\/wp-content\/uploads\/2021\/02\/LUPO-300x206.jpg\" alt=\"\" width=\"300\" height=\"206\" srcset=\"https:\/\/www.radiopiu.net\/wordpress\/wp-content\/uploads\/2021\/02\/LUPO-300x206.jpg 300w, https:\/\/www.radiopiu.net\/wordpress\/wp-content\/uploads\/2021\/02\/LUPO.jpg 512w\" sizes=\"auto, (max-width: 300px) 100vw, 300px\" \/><\/a>ROMA <\/strong>\u201c<em>Visto che ormai sono anni che denunciamo l&#8217;impossibile convivenza tra il lupo e gli allevatori di montagna, e che nonostante questo c&#8217;\u00e8 l&#8217;evidente volont\u00e0 di non risolvere la questione, allora si istituiscano degli incentivi per far abbandonare la montagna a tutti quegli allevatori, agricoltori, hobbisti che vedono distrutto il loro lavoro da una mancanza di interesse della politica nazionale<\/em>\u201d: il senatore e coordinatore veneto di Fratelli d&#8217;Italia Luca De Carlo lancia cos\u00ec la provocazione all&#8217;indomani dell&#8217;ennesima predazione del lupo nel Bellunese, questa volta a Tambre. \u201c<em>C&#8217;\u00e8 gente in montagna che lavora nonostante le difficolt\u00e0 ambientali e morfologiche, che alleva greggi e bestiame che contribuiscono a produrre cibi d&#8217;eccellenza, a tenere pulito e sicuro il territorio e ad attirare turisti; ma i loro sforzi non valgono niente per chi, abituato a vivere in citt\u00e0 e a vedere la montagna come parco giochi e non come luogo di vita e di lavoro per migliaia di persone, chiede e impone alla politica nazionale di non intervenire, per mantenere una natura a loro dire incontaminata invece di affrontare con seriet\u00e0 la questione<\/em>\u201d, continua De Carlo. \u201c<em>A questo punto, se non si capisce l&#8217;importanza dell&#8217;agricoltura di montagna, ci paghino per traslocare tutti quanti serenamente nelle grandi citt\u00e0, dove anche noi potremo credere alla storia di Heidi. Quando per\u00f2 questi signori che pontificano sulla natura dai divani di casa assisteranno all&#8217;abbandono dei pascoli, all&#8217;avanzare del bosco, all&#8217;inevitabile aumento dei disastri idrogeologici che avranno ripercussioni anche sulla pianura, non vengano a piangere da noi. Noi piangiamo gi\u00e0 adesso per le perdite, le crisi e le chiusure delle aziende agricole montane causate anche dalla precisa scelta e volont\u00e0 di non agire in loro aiuto<\/em>\u201d.<\/p>\n<p>&nbsp;<\/p>\n<p>&nbsp;<\/p>\n<hr \/>\n<p>&nbsp;<\/p>\n<blockquote>\n<h3>A PAOLA ZAMBELLI IL PREMIO LETTERATURA PER RAGAZZI<\/h3>\n<\/blockquote>\n<p style=\"text-align: left;\"><strong><img decoding=\"async\" class=\"u-radius-circle alignleft\" src=\"https:\/\/citynews.stgy.ovh\/~shared\/images\/v2015\/avatars\/citynews-ravennatoday.png\" \/>RAVENNA\u00a0<\/strong> Si apprende dal sito www.ravennatoday.it che l\u2018opera vincitrice della 14a edizione del Premio di Letteratura per Ragazzi &#8220;Giovanna Righini Ricci&#8221;, promosso dal Comune di Conselice e giunto alla sua quattordicesima edizione, \u00e8 \u201cIl viaggio dell\u2019ignoto\u201d di Paola Zambelli.\u00a0L\u2019autrice, nativa e residente a Belluno, laureata in Scienze della Formazione, nella vita svolge la professione di insegnante di scuola dell\u2019infanzia e nel contempo tiene corsi e laboratori di storia contemporanea nelle scuole.<\/p>\n<p>&nbsp;<\/p>\n<header class=\"l-entry__header\" data-entry-header=\"\">\n<blockquote>\n<p class=\"l-entry__summary u-body-03 u-color-secondary u-mb-small\" data-amp=\"amp-abstract\"><em>L\u2018opera vincitrice della 14a edizione del Premio di Letteratura per Ragazzi &#8220;Giovanna Righini Ricci&#8221;, promosso dal Comune di Conselice e giunto alla sua quattordicesima edizione, \u00e8 \u201cIl viaggio dell\u2019ignoto\u201d<\/em><\/p>\n<\/blockquote>\n<\/header>\n<figure class=\"l-entry__media o-fullscreen u-mb-small o-skeleton-media--horizontal u-relative\"><a class=\"fancybox u-size-full u-absolute u-left u-top\" title=\"\" href=\"https:\/\/citynews-ravennatoday.stgy.ovh\/~media\/original-hi\/45893113163625\/unnamed-66-21.jpeg\"><picture><source srcset=\"\/\/citynews-ravennatoday.stgy.ovh\/~media\/horizontal-hi\/45893113163625\/unnamed-66-21.jpeg\" type=\"image\/jpeg\" \/><img decoding=\"async\" class=\"u-size-full\" src=\"https:\/\/citynews-ravennatoday.stgy.ovh\/~media\/horizontal-mid\/45893113163625\/unnamed-66-21.jpeg\" alt=\"\" \/><\/picture><\/a><\/figure>\n<section class=\"l-entry__byline u-flex\">\n<div class=\"u-flex u-column@xl u-items-center u-items-start@xl u-mb-small@xl\">\n<figure class=\"u-size-64 u-mb-xxsmall u-mr-xsmall\"><\/figure>\n<div><\/div>\n<\/div>\n<div class=\"c-share u-flex\">\n<hr \/>\n<p>&nbsp;<\/p>\n<\/div>\n<\/section>\n<blockquote>\n<h3>BELLUNO SEMPRE PI\u00d9 \u201cCITT\u00c0 DELLE RONDINI\u201d: NIDI IN AUMENTO NEL CENSIMENTO EFFETTUATO DA COMUNE CAPOLUOGO E PROVINCIA<\/h3>\n<\/blockquote>\n<p class=\"p1\"><span class=\"s1\"><strong>BELLUNO <\/strong>Belluno \u00e8 sempre pi\u00f9 \u201ccitt\u00e0 delle rondini\u201d. La conferma arriva dall\u2019ultimo censimento dei nidi effettuato congiuntamente da Provincia, Comune capoluogo, riserve alpine di caccia e volontari nell\u2019ambito del progetto \u201cBelluno citt\u00e0 delle rondini\u201d. I dati sono stati presentati questa mattina in conferenza stampa a Palazzo Piloni e vedono la presenza sotto i portici del centro storico di ben 154 nidi, contro i 140 censiti nella primavera del 2020. Di questi, 43 risultano utilizzati (contro i 29 di un anno fa). <\/span><span class=\"s1\">\u00ab<em>Si tratta di un dato significativo, perch\u00e9 le rondini vivono solo in un ambiente salubre e con determinate caratteristiche\u00bb spiega il naturalista Mauro Varaschin, che si \u00e8 occupato dei monitoraggi insieme a Silvia Tormen e Silvana De Col, figlia e moglie di Bepi Tormen, l\u2019esperto recentemente scomparso che ha lanciato il progetto nel 2016 insieme a Comune e Provincia. \u00abA livello italiano ed Europeo le rondini sono in continuo lento calo, mentre qui si registra un dato in controtendenza<\/em>\u00bb. <\/span><span class=\"s1\">\u00c8 proprio per questo che Provincia e Comune hanno portato avanti anche quest\u2019anno alcune iniziative collaterali al censimento. Come la posa di ombrelli e tappetini antiguano, che servono sia a evitare la sporcizia che cade dai nidi, sia a segnalare la presenza delle rondini sotto i portici del centro.\u00a0 <\/span><span class=\"s1\">\u00ab<em>L\u2019obiettivo \u00e8 di tutela e di promozione allo stesso tempo &#8211; spiega l\u2019assessore all\u2019ambiente di Palazzo Rosso -. Al momento abbiamo installato 6 ombrelli e decine di tappetini. Il progetto andr\u00e0 avanti anche nelle prossime settimane<\/em>\u00bb. <\/span><span class=\"s1\">A fine giugno verr\u00e0 ripetuto il censimento, per capire quanti nidi potranno arrivare alla seconda covata. \u00ab<em>E poi il progetto prosegue con l\u2019allargamento ai rondoni, una specie diversa dalle rondini, anche se simile &#8211; spiega il consigliere provinciale delegato alla gestione faunistica, Franco De Bon -. Si tratta di uccelli che nidificano in cavit\u00e0 o sotto i coppi di edifici storici, tra fine aprile e fine luglio. Oltre al monitoraggio, vogliamo salvaguardare la riproduzione, informando i proprietari degli edifici per invitarli a effettuare eventuali lavori edili fuori dal periodo di cova del rondone<\/em>\u00bb.\u00a0<\/span><\/p>\n\n\t\t\t<style type='text\/css'>\n\t\t\t\t#gallery-7 {\n\t\t\t\t\tmargin: auto;\n\t\t\t\t}\n\t\t\t\t#gallery-7 .gallery-item {\n\t\t\t\t\tfloat: left;\n\t\t\t\t\tmargin-top: 10px;\n\t\t\t\t\ttext-align: center;\n\t\t\t\t\twidth: 33%;\n\t\t\t\t}\n\t\t\t\t#gallery-7 img {\n\t\t\t\t\tborder: 2px solid #cfcfcf;\n\t\t\t\t}\n\t\t\t\t#gallery-7 .gallery-caption {\n\t\t\t\t\tmargin-left: 0;\n\t\t\t\t}\n\t\t\t\t\/* see gallery_shortcode() in wp-includes\/media.php *\/\n\t\t\t<\/style>\n\t\t<div id='gallery-7' class='dt-gallery-container gallery galleryid-212656 gallery-columns-3 gallery-size-thumbnail'><dl class='gallery-item'>\n\t\t\t\t<dt class='gallery-icon portrait'>\n\t\t\t\t\t<a class=\"rollover rollover-zoom dt-pswp-item\" title=\"posa ombrelli 1\" data-dt-img-description=\"\" data-large_image_width=\"810\" data-large_image_height=\"1080\"href='https:\/\/www.radiopiu.net\/wordpress\/wp-content\/uploads\/2021\/05\/posa-ombrelli-1.jpg'><img loading=\"lazy\" decoding=\"async\" width=\"150\" height=\"150\" src=\"https:\/\/www.radiopiu.net\/wordpress\/wp-content\/uploads\/2021\/05\/posa-ombrelli-1-150x150.jpg\" class=\"attachment-thumbnail size-thumbnail\" alt=\"\" \/><\/a>\n\t\t\t\t<\/dt><\/dl><dl class='gallery-item'>\n\t\t\t\t<dt class='gallery-icon portrait'>\n\t\t\t\t\t<a class=\"rollover rollover-zoom dt-pswp-item\" title=\"jhdr\" data-dt-img-description=\"\" data-large_image_width=\"810\" data-large_image_height=\"1080\"href='https:\/\/www.radiopiu.net\/wordpress\/wp-content\/uploads\/2021\/05\/posa-ombrelli-2.jpg'><img loading=\"lazy\" decoding=\"async\" width=\"150\" height=\"150\" src=\"https:\/\/www.radiopiu.net\/wordpress\/wp-content\/uploads\/2021\/05\/posa-ombrelli-2-150x150.jpg\" class=\"attachment-thumbnail size-thumbnail\" alt=\"\" \/><\/a>\n\t\t\t\t<\/dt><\/dl><dl class='gallery-item'>\n\t\t\t\t<dt class='gallery-icon landscape'>\n\t\t\t\t\t<a class=\"rollover rollover-zoom dt-pswp-item\" title=\"Sopralluogo 290521\" data-dt-img-description=\"\" data-large_image_width=\"2016\" data-large_image_height=\"1512\"href='https:\/\/www.radiopiu.net\/wordpress\/wp-content\/uploads\/2021\/05\/Sopralluogo-290521.jpg'><img loading=\"lazy\" decoding=\"async\" width=\"150\" height=\"150\" src=\"https:\/\/www.radiopiu.net\/wordpress\/wp-content\/uploads\/2021\/05\/Sopralluogo-290521-150x150.jpg\" class=\"attachment-thumbnail size-thumbnail\" alt=\"\" \/><\/a>\n\t\t\t\t<\/dt><\/dl><br style=\"clear: both\" \/>\n\t\t\t<\/div>\n\n<p>&nbsp;<\/p>\n<p><strong>IL CENSIMENTO DEI NIDI DI RONDINE A BELLUNO (2 PAGINE)<\/strong><\/p>\n<a href=\"https:\/\/www.radiopiu.net\/wordpress\/wp-content\/uploads\/2021\/05\/Censimento-nidi-di-rondine-centro-storico-di-Belluno-18-maggio-2020.pdf\" class=\"pdfemb-viewer\" style=\"\" data-width=\"max\" data-height=\"max\" data-toolbar=\"top\" data-toolbar-fixed=\"on\">Censimento nidi di rondine centro storico di Belluno 18 maggio 2020<\/a>\n<p>&nbsp;<\/p>\n<p><strong>LA TABELLA E IL GRAFICO DEI NIDI<\/strong><\/p>\n<a href=\"https:\/\/www.radiopiu.net\/wordpress\/wp-content\/uploads\/2021\/05\/nidi-rondine-belluno.pdf\" class=\"pdfemb-viewer\" style=\"\" data-width=\"max\" data-height=\"max\" data-toolbar=\"top\" data-toolbar-fixed=\"on\">nidi rondine belluno<\/a>\n<p>&nbsp;<\/p>\n<hr \/>\n<p>&nbsp;<\/p>\n<blockquote>\n<h3>ISTITUTO DOLOMIEU, CONCLUSI I LAVORI AL CONVITTO E INTITOLATE DUE SALE MULTIMEDIALI A EX STUDENTI SCOMPARSI<\/h3>\n<\/blockquote>\n<p><strong>LONGARONE<\/strong> Sono state inaugurate all\u2019istituto Dolomieu di Longarone due nuove sale multimediali realizzate dalla Provincia, all\u2019interno dei corposi lavori che da qualche mese stanno interessando l\u2019intero complesso scolastico dell\u2019alberghiero. Le due aule, con strumentazioni digitali di nuova generazione e utili per i laboratori di cucina anche con modalit\u00e0 di didattica a distanza, sono state intitolate a Mauro Bortolon e Alessio Bortoluzzi, due ex studenti scomparsi prematuramente. \u00ab<em>Il Dolomieu rappresenta uno dei fiori all\u2019occhiello della nostra provincia, una scuola su cui la Provincia ha investito quasi 500mila euro di recente &#8211; spiega il presidente della Provincia, Roberto Padrin, intervenuto all\u2019inaugurazione -. Abbiamo rimesso a posto il convitto, che necessitava di alcuni adeguamenti. All\u2019interno dei cosiddetti \u201clavori Covid\u201d poi abbiamo sistemato alcuni spazi, eliminato le moquette e creato queste due nuove aule multimediali<\/em>\u00bb. Attualmente sono in corso i lavori di sostituzione dei serramenti e a breve partiranno anche i primi interventi di adeguamento sismico e prevenzione incendi. \u00ab<em>\u00c8 stato particolarmente toccante e commovente il momento di ricordo per i due ex studenti, uno dei quali scomparso meno di un anno fa. Non posso che stringermi alle loro famiglie per un abbraccio &#8211; conclude il presidente Padrin -. Ringrazio la preside dell\u2019istituto e tutti i docenti per il lavoro che fanno: in una provincia che ha la vocazione turistica, poter formare ragazze e ragazzi all\u2019accoglienza, alla ricettivit\u00e0 e alla ristorazione con professionalit\u00e0 di altro profilo \u00e8 fondamentale. Per questo ci teniamo molto a garantire spazi e ambienti adeguati alla didattica<\/em>\u00bb.<\/p>\n\n\t\t\t<style type='text\/css'>\n\t\t\t\t#gallery-8 {\n\t\t\t\t\tmargin: auto;\n\t\t\t\t}\n\t\t\t\t#gallery-8 .gallery-item {\n\t\t\t\t\tfloat: left;\n\t\t\t\t\tmargin-top: 10px;\n\t\t\t\t\ttext-align: center;\n\t\t\t\t\twidth: 50%;\n\t\t\t\t}\n\t\t\t\t#gallery-8 img {\n\t\t\t\t\tborder: 2px solid #cfcfcf;\n\t\t\t\t}\n\t\t\t\t#gallery-8 .gallery-caption {\n\t\t\t\t\tmargin-left: 0;\n\t\t\t\t}\n\t\t\t\t\/* see gallery_shortcode() in wp-includes\/media.php *\/\n\t\t\t<\/style>\n\t\t<div id='gallery-8' class='dt-gallery-container gallery galleryid-212656 gallery-columns-2 gallery-size-medium'><dl class='gallery-item'>\n\t\t\t\t<dt class='gallery-icon landscape'>\n\t\t\t\t\t<a class=\"rollover rollover-zoom dt-pswp-item\" title=\"39a9d5a7-5f12-4659-964e-f6df5079da90\" data-dt-img-description=\"\" data-large_image_width=\"1024\" data-large_image_height=\"652\"href='https:\/\/www.radiopiu.net\/wordpress\/wp-content\/uploads\/2021\/05\/39a9d5a7-5f12-4659-964e-f6df5079da90.jpg'><img loading=\"lazy\" decoding=\"async\" width=\"300\" height=\"191\" src=\"https:\/\/www.radiopiu.net\/wordpress\/wp-content\/uploads\/2021\/05\/39a9d5a7-5f12-4659-964e-f6df5079da90-300x191.jpg\" class=\"attachment-medium size-medium\" alt=\"\" srcset=\"https:\/\/www.radiopiu.net\/wordpress\/wp-content\/uploads\/2021\/05\/39a9d5a7-5f12-4659-964e-f6df5079da90-300x191.jpg 300w, https:\/\/www.radiopiu.net\/wordpress\/wp-content\/uploads\/2021\/05\/39a9d5a7-5f12-4659-964e-f6df5079da90-768x489.jpg 768w, https:\/\/www.radiopiu.net\/wordpress\/wp-content\/uploads\/2021\/05\/39a9d5a7-5f12-4659-964e-f6df5079da90.jpg 1024w\" sizes=\"auto, (max-width: 300px) 100vw, 300px\" \/><\/a>\n\t\t\t\t<\/dt><\/dl><dl class='gallery-item'>\n\t\t\t\t<dt class='gallery-icon landscape'>\n\t\t\t\t\t<a class=\"rollover rollover-zoom dt-pswp-item\" title=\"420049f9-2812-4729-a893-9ad8c1e76704\" data-dt-img-description=\"\" data-large_image_width=\"1024\" data-large_image_height=\"668\"href='https:\/\/www.radiopiu.net\/wordpress\/wp-content\/uploads\/2021\/05\/420049f9-2812-4729-a893-9ad8c1e76704.jpg'><img loading=\"lazy\" decoding=\"async\" width=\"300\" height=\"196\" src=\"https:\/\/www.radiopiu.net\/wordpress\/wp-content\/uploads\/2021\/05\/420049f9-2812-4729-a893-9ad8c1e76704-300x196.jpg\" class=\"attachment-medium size-medium\" alt=\"\" srcset=\"https:\/\/www.radiopiu.net\/wordpress\/wp-content\/uploads\/2021\/05\/420049f9-2812-4729-a893-9ad8c1e76704-300x196.jpg 300w, https:\/\/www.radiopiu.net\/wordpress\/wp-content\/uploads\/2021\/05\/420049f9-2812-4729-a893-9ad8c1e76704-768x501.jpg 768w, https:\/\/www.radiopiu.net\/wordpress\/wp-content\/uploads\/2021\/05\/420049f9-2812-4729-a893-9ad8c1e76704.jpg 1024w\" sizes=\"auto, (max-width: 300px) 100vw, 300px\" \/><\/a>\n\t\t\t\t<\/dt><\/dl><br style=\"clear: both\" \/>\n\t\t\t<\/div>\n\n<p>&nbsp;<\/p>\n<hr \/>\n<p>&nbsp;<\/p>\n<blockquote>\n<h3 class=\"p1\"><span class=\"s1\">LA MOSTRA, IL GRAFFITO, L\u2019AFFRESCO: L\u2019ARTE E I GIOVANI SPALANCANO UNA PORTA SUL FUTURO<\/span><\/h3>\n<\/blockquote>\n<p class=\"p1\"><span class=\"s1\"><strong><a href=\"https:\/\/www.radiopiu.net\/wordpress\/giornale-radiopiu-30-maggio-2021-direttore-mirko-mezzacasa\/murales_1\/\" rel=\"attachment wp-att-212763\"><img loading=\"lazy\" decoding=\"async\" class=\"size-medium wp-image-212763 alignleft\" src=\"https:\/\/www.radiopiu.net\/wordpress\/wp-content\/uploads\/2021\/05\/Murales_1-300x202.jpg\" alt=\"\" width=\"300\" height=\"202\" srcset=\"https:\/\/www.radiopiu.net\/wordpress\/wp-content\/uploads\/2021\/05\/Murales_1-300x202.jpg 300w, https:\/\/www.radiopiu.net\/wordpress\/wp-content\/uploads\/2021\/05\/Murales_1-768x518.jpg 768w, https:\/\/www.radiopiu.net\/wordpress\/wp-content\/uploads\/2021\/05\/Murales_1.jpg 960w\" sizes=\"auto, (max-width: 300px) 100vw, 300px\" \/><\/a>PONTE NELLE ALPI <\/strong>I giovani e l\u2019arte. \u00c8 cos\u00ec che Ponte nelle Alpi guarda al di l\u00e0 dell\u2019orizzonte pandemico.\u00a0 <\/span><span class=\"s1\">Un orizzonte a colori, come quelli utilizzati dagli studenti e dalle studentesse che hanno dato vita a una serie di lavori artistici, sfociati in una vera e propria mostra: l\u2019esposizione, inaugurata venerd\u00ec mattina, \u00e8 attiva alla scuola secondaria di Canevoi e raccoglie le opere di tutti, ma proprio tutti i plessi del territorio. <\/span><span class=\"s1\">Sempre a Canevoi, \u00e8 stato svelato il graffito realizzato dai giovani che frequentano l\u2019istituto, con la collaborazione di Dunio Piccolin: uno degli artisti pi\u00f9 conosciuti e apprezzati dell\u2019Agordino e, in generale, della provincia.\u00a0<\/span><span class=\"s1\">Ma non \u00e8 finita qui, perch\u00e9 la comunit\u00e0 di Paiane ha potuto ammirare il nuovo e splendido affresco, sulla facciata della Scuola di musica e della sede frazionale: affresco che \u00e8 frutto della maestria, della tecnica e della preparazione degli alunni legati alla secondaria.\u00a0<\/span><span class=\"s1\">L\u2019opera \u00e8 stata presentata all\u2019interno di un piccolo, quanto significativo momento celebrativo, a cui hanno preso parte i vertici dell\u2019amministrazione comunale, ma soprattutto i giovani legati all\u2019indirizzo musicale e alla Scuola di musica. I quali si sono esibiti in una performance che ha deliziato ed emozionato il pubblico presente.\u00a0<\/span><span class=\"s1\">\u00ab<em>Questi progetti &#8211; afferma la vice sindaca di Ponte nelle Alpi, Lucia Da Rold &#8211; sono frutto di una bellissima collaborazione che coinvolge l\u2019Istituto comprensivo, il Comune, le frazioni e le associazioni volontaristiche. Senza considerare il prezioso contributo dell\u2019assicurazione Valpiave. Tutto ci\u00f2 conferma quanto sia importante lavorare in rete e creare sinergie per raggiungere obiettivi di rilievo<\/em>\u00bb.\u00a0<\/span><\/p>\n<p>&nbsp;<\/p>\n<p>&nbsp;<\/p>\n<hr \/>\n<p>&nbsp;<\/p>\n<blockquote>\n<h3>L&#8217;ORTO DI NONNA GIULIA&#8230; 103 ANNI DI ESPERIENZA SUL TERRITORIO<\/h3>\n<\/blockquote>\n<p><strong>DA CANALE D&#8217;AGORDO<\/strong>&#8230; abbiamo sbirciato nell&#8217;orto di Giulia, la ragazza di Canale d&#8217;Agordo&#8230;..<\/p>\n<p>&nbsp;<\/p>\n\n\t\t\t<style type='text\/css'>\n\t\t\t\t#gallery-9 {\n\t\t\t\t\tmargin: auto;\n\t\t\t\t}\n\t\t\t\t#gallery-9 .gallery-item {\n\t\t\t\t\tfloat: left;\n\t\t\t\t\tmargin-top: 10px;\n\t\t\t\t\ttext-align: center;\n\t\t\t\t\twidth: 50%;\n\t\t\t\t}\n\t\t\t\t#gallery-9 img {\n\t\t\t\t\tborder: 2px solid #cfcfcf;\n\t\t\t\t}\n\t\t\t\t#gallery-9 .gallery-caption {\n\t\t\t\t\tmargin-left: 0;\n\t\t\t\t}\n\t\t\t\t\/* see gallery_shortcode() in wp-includes\/media.php *\/\n\t\t\t<\/style>\n\t\t<div id='gallery-9' class='dt-gallery-container gallery galleryid-212656 gallery-columns-2 gallery-size-medium'><dl class='gallery-item'>\n\t\t\t\t<dt class='gallery-icon portrait'>\n\t\t\t\t\t<a class=\"rollover rollover-zoom dt-pswp-item\" title=\"41e7e67f-cbbb-474d-a8d5-442609395b21\" data-dt-img-description=\"\" data-large_image_width=\"899\" data-large_image_height=\"1599\"href='https:\/\/www.radiopiu.net\/wordpress\/wp-content\/uploads\/2021\/05\/41e7e67f-cbbb-474d-a8d5-442609395b21-1.jpg'><img loading=\"lazy\" decoding=\"async\" width=\"169\" height=\"300\" src=\"https:\/\/www.radiopiu.net\/wordpress\/wp-content\/uploads\/2021\/05\/41e7e67f-cbbb-474d-a8d5-442609395b21-1-169x300.jpg\" class=\"attachment-medium size-medium\" alt=\"\" srcset=\"https:\/\/www.radiopiu.net\/wordpress\/wp-content\/uploads\/2021\/05\/41e7e67f-cbbb-474d-a8d5-442609395b21-1-169x300.jpg 169w, https:\/\/www.radiopiu.net\/wordpress\/wp-content\/uploads\/2021\/05\/41e7e67f-cbbb-474d-a8d5-442609395b21-1-576x1024.jpg 576w, https:\/\/www.radiopiu.net\/wordpress\/wp-content\/uploads\/2021\/05\/41e7e67f-cbbb-474d-a8d5-442609395b21-1-768x1366.jpg 768w, https:\/\/www.radiopiu.net\/wordpress\/wp-content\/uploads\/2021\/05\/41e7e67f-cbbb-474d-a8d5-442609395b21-1-864x1536.jpg 864w, https:\/\/www.radiopiu.net\/wordpress\/wp-content\/uploads\/2021\/05\/41e7e67f-cbbb-474d-a8d5-442609395b21-1.jpg 899w\" sizes=\"auto, (max-width: 169px) 100vw, 169px\" \/><\/a>\n\t\t\t\t<\/dt><\/dl><dl class='gallery-item'>\n\t\t\t\t<dt class='gallery-icon landscape'>\n\t\t\t\t\t<a class=\"rollover rollover-zoom dt-pswp-item\" title=\"d31dbc02-18db-4ccd-a20b-a0715e4d5385\" data-dt-img-description=\"\" data-large_image_width=\"1599\" data-large_image_height=\"899\"href='https:\/\/www.radiopiu.net\/wordpress\/wp-content\/uploads\/2021\/05\/d31dbc02-18db-4ccd-a20b-a0715e4d5385-1.jpg'><img loading=\"lazy\" decoding=\"async\" width=\"300\" height=\"169\" src=\"https:\/\/www.radiopiu.net\/wordpress\/wp-content\/uploads\/2021\/05\/d31dbc02-18db-4ccd-a20b-a0715e4d5385-1-300x169.jpg\" class=\"attachment-medium size-medium\" alt=\"\" srcset=\"https:\/\/www.radiopiu.net\/wordpress\/wp-content\/uploads\/2021\/05\/d31dbc02-18db-4ccd-a20b-a0715e4d5385-1-300x169.jpg 300w, https:\/\/www.radiopiu.net\/wordpress\/wp-content\/uploads\/2021\/05\/d31dbc02-18db-4ccd-a20b-a0715e4d5385-1-1024x576.jpg 1024w, https:\/\/www.radiopiu.net\/wordpress\/wp-content\/uploads\/2021\/05\/d31dbc02-18db-4ccd-a20b-a0715e4d5385-1-768x432.jpg 768w, https:\/\/www.radiopiu.net\/wordpress\/wp-content\/uploads\/2021\/05\/d31dbc02-18db-4ccd-a20b-a0715e4d5385-1-1536x864.jpg 1536w, https:\/\/www.radiopiu.net\/wordpress\/wp-content\/uploads\/2021\/05\/d31dbc02-18db-4ccd-a20b-a0715e4d5385-1.jpg 1599w\" sizes=\"auto, (max-width: 300px) 100vw, 300px\" \/><\/a>\n\t\t\t\t<\/dt><\/dl><br style=\"clear: both\" \/>\n\t\t\t<\/div>\n\n<p>&nbsp;<\/p>\n<blockquote class=\"wp-embedded-content\" data-secret=\"CpUkkxoa27\"><p><a href=\"https:\/\/www.radiopiu.net\/wordpress\/tanti-auguri-a-giulia-fontanive-e-le-sue-103-primavere\/\">TANTI AUGURI A GIULIA FONTANIVE E LE SUE 103 PRIMAVERE<\/a><\/p><\/blockquote>\n<p><iframe loading=\"lazy\" class=\"wp-embedded-content\" sandbox=\"allow-scripts\" security=\"restricted\" style=\"position: absolute; clip: rect(1px, 1px, 1px, 1px);\" title=\"&#8220;TANTI AUGURI A GIULIA FONTANIVE E LE SUE 103 PRIMAVERE&#8221; &#8212; Radio Pi\u00f9\" src=\"https:\/\/www.radiopiu.net\/wordpress\/tanti-auguri-a-giulia-fontanive-e-le-sue-103-primavere\/embed\/#?secret=CpUkkxoa27\" data-secret=\"CpUkkxoa27\" width=\"600\" height=\"338\" frameborder=\"0\" marginwidth=\"0\" marginheight=\"0\" scrolling=\"no\"><\/iframe><\/p>\n<p>&nbsp;<\/p>\n<hr \/>\n<p>&nbsp;<\/p>\n<blockquote>\n<h3>ELOGIO AD ASIA, LA DOTTORESSA<\/h3>\n<\/blockquote>\n<p><strong><a href=\"https:\/\/www.radiopiu.net\/wordpress\/elogio-ad-asia-la-dottoressa\/23f29779-9591-45da-b06d-a77b181afefa\/\" rel=\"attachment wp-att-212670\"><img loading=\"lazy\" decoding=\"async\" class=\"size-medium wp-image-212670 alignleft\" src=\"https:\/\/www.radiopiu.net\/wordpress\/wp-content\/uploads\/2021\/05\/23f29779-9591-45da-b06d-a77b181afefa-192x300.jpg\" alt=\"\" width=\"192\" height=\"300\" srcset=\"https:\/\/www.radiopiu.net\/wordpress\/wp-content\/uploads\/2021\/05\/23f29779-9591-45da-b06d-a77b181afefa-192x300.jpg 192w, https:\/\/www.radiopiu.net\/wordpress\/wp-content\/uploads\/2021\/05\/23f29779-9591-45da-b06d-a77b181afefa-655x1024.jpg 655w, https:\/\/www.radiopiu.net\/wordpress\/wp-content\/uploads\/2021\/05\/23f29779-9591-45da-b06d-a77b181afefa-768x1200.jpg 768w, https:\/\/www.radiopiu.net\/wordpress\/wp-content\/uploads\/2021\/05\/23f29779-9591-45da-b06d-a77b181afefa.jpg 809w\" sizes=\"auto, (max-width: 192px) 100vw, 192px\" \/><\/a> <\/strong><\/p>\n<p><strong>\u00a0<\/strong><\/p>\n<p><strong>\u00a0<\/strong><\/p>\n<p><strong>\u00a0<\/strong><\/p>\n<p><strong>REDAZIONE<\/strong> Asia Gasparotto \u00e8 dottoressa! Ha conseguito la laurea all&#8217;Univerist\u00e0 degli studi di Trieste in Diplomazia e Cooperazione Internazionale. Ha discusso la tesi di laura in Eu policies con il professor Roberto Louvin.<em>(Les politiques de l&#8217;Union europeenne pour la lutte contre le changement climatique et le probl\u00e8me de l&#8217;acces a la justice en matiere evitonnementale)<\/em>\u00a0 Brava Asia, con i complimenti dalla mamma Elena gi\u00e0 voce di Radio Pi\u00f9 negli anni Ottanta e dell&#8217;orgoglioso nonno Emilio Cagnati di questa radio il Direttore Responsabile negli anni del rilascio della concessione.<\/p>\n<p>&nbsp;<\/p>\n<p>&nbsp;<\/p>\n<p>&nbsp;<\/p>\n<p>&nbsp;<\/p>\n<p>&nbsp;<\/p>\n<hr \/>\n<p>&nbsp;<\/p>\n<blockquote>\n<h3>INAUGURATE LE PANCHINE D&#8217;ARTISTA AL PARCO &#8220;TERRA DI MEZZO&#8221;<\/h3>\n<\/blockquote>\n<p><strong>FELTRE <\/strong>Si \u00e8 svolta stamane la cerimonia d&#8217;inaugurazione delle 4 panchine d&#8217;artista ora collocate negli spazi del parco di via Mezzaterra. L&#8217;iniziativa vede la collaborazione del Comune di Feltre, che ha fornito le panchine, con alcune associazioni feltrine: Tilt, Papiria, Donne come Noi-Women Like Us, Koin\u00e8 Linguaggi Comuni e Civitates Feltre. Il progetto ha visto il coinvolgimento anche di alcuni artisti &#8211; Giovanni Sogne, Cecilia Beati e Miriam Massolin &#8211; che hanno seguito e accompagnato i ragazzi dei centri &#8220;Le Casette&#8221;, &#8220;Medaglie d\u2019Oro&#8221; e Comunit\u00e0 &#8220;Il Sorriso&#8221; di Portaperta nella decorazione delle panchine. &#8220;<em>E&#8217; un&#8217;iniziativa particolarmente significativa per molti aspetti, sottolinea l&#8217;assessora del Comune di Feltre Giorgia Li Castri. Anzitutto per il valore simbolico, ovvero quello di \u201cridare colore\u201d alla nostra comunit\u00e0 in un momento particolare come quello che stiamo vivendo, in uscita dalla pandemia. Va inoltre evidenziata la dimensione partecipativa e inclusiva del progetto, che ha saputo unire pi\u00f9 soggetti: il Comune, le associazioni di volontariato, gli artisti e gli ospiti dei centri diurni, veri protagonisti dell&#8217;iniziativa<\/em>&#8220;, conclude l&#8217;assessora<strong>.<\/strong><\/p>\n\n\t\t\t<style type='text\/css'>\n\t\t\t\t#gallery-10 {\n\t\t\t\t\tmargin: auto;\n\t\t\t\t}\n\t\t\t\t#gallery-10 .gallery-item {\n\t\t\t\t\tfloat: left;\n\t\t\t\t\tmargin-top: 10px;\n\t\t\t\t\ttext-align: center;\n\t\t\t\t\twidth: 33%;\n\t\t\t\t}\n\t\t\t\t#gallery-10 img {\n\t\t\t\t\tborder: 2px solid #cfcfcf;\n\t\t\t\t}\n\t\t\t\t#gallery-10 .gallery-caption {\n\t\t\t\t\tmargin-left: 0;\n\t\t\t\t}\n\t\t\t\t\/* see gallery_shortcode() in wp-includes\/media.php *\/\n\t\t\t<\/style>\n\t\t<div id='gallery-10' class='dt-gallery-container gallery galleryid-212656 gallery-columns-3 gallery-size-medium'><dl class='gallery-item'>\n\t\t\t\t<dt class='gallery-icon landscape'>\n\t\t\t\t\t<a class=\"rollover rollover-zoom dt-pswp-item\" title=\"Panchine d&#039;Artista 1\" data-dt-img-description=\"\" data-large_image_width=\"2048\" data-large_image_height=\"1152\"href='https:\/\/www.radiopiu.net\/wordpress\/wp-content\/uploads\/2021\/05\/Panchine-dArtista-1.jpg'><img loading=\"lazy\" decoding=\"async\" width=\"300\" height=\"169\" src=\"https:\/\/www.radiopiu.net\/wordpress\/wp-content\/uploads\/2021\/05\/Panchine-dArtista-1-300x169.jpg\" class=\"attachment-medium size-medium\" alt=\"\" srcset=\"https:\/\/www.radiopiu.net\/wordpress\/wp-content\/uploads\/2021\/05\/Panchine-dArtista-1-300x169.jpg 300w, https:\/\/www.radiopiu.net\/wordpress\/wp-content\/uploads\/2021\/05\/Panchine-dArtista-1-1024x576.jpg 1024w, https:\/\/www.radiopiu.net\/wordpress\/wp-content\/uploads\/2021\/05\/Panchine-dArtista-1-768x432.jpg 768w, https:\/\/www.radiopiu.net\/wordpress\/wp-content\/uploads\/2021\/05\/Panchine-dArtista-1-1536x864.jpg 1536w, https:\/\/www.radiopiu.net\/wordpress\/wp-content\/uploads\/2021\/05\/Panchine-dArtista-1.jpg 2048w\" sizes=\"auto, (max-width: 300px) 100vw, 300px\" \/><\/a>\n\t\t\t\t<\/dt><\/dl><dl class='gallery-item'>\n\t\t\t\t<dt class='gallery-icon landscape'>\n\t\t\t\t\t<a class=\"rollover rollover-zoom dt-pswp-item\" title=\"Panchine d&#039;Artista 2\" data-dt-img-description=\"\" data-large_image_width=\"2048\" data-large_image_height=\"1152\"href='https:\/\/www.radiopiu.net\/wordpress\/wp-content\/uploads\/2021\/05\/Panchine-dArtista-2.jpg'><img loading=\"lazy\" decoding=\"async\" width=\"300\" height=\"169\" src=\"https:\/\/www.radiopiu.net\/wordpress\/wp-content\/uploads\/2021\/05\/Panchine-dArtista-2-300x169.jpg\" class=\"attachment-medium size-medium\" alt=\"\" srcset=\"https:\/\/www.radiopiu.net\/wordpress\/wp-content\/uploads\/2021\/05\/Panchine-dArtista-2-300x169.jpg 300w, https:\/\/www.radiopiu.net\/wordpress\/wp-content\/uploads\/2021\/05\/Panchine-dArtista-2-1024x576.jpg 1024w, https:\/\/www.radiopiu.net\/wordpress\/wp-content\/uploads\/2021\/05\/Panchine-dArtista-2-768x432.jpg 768w, https:\/\/www.radiopiu.net\/wordpress\/wp-content\/uploads\/2021\/05\/Panchine-dArtista-2-1536x864.jpg 1536w, https:\/\/www.radiopiu.net\/wordpress\/wp-content\/uploads\/2021\/05\/Panchine-dArtista-2.jpg 2048w\" sizes=\"auto, (max-width: 300px) 100vw, 300px\" \/><\/a>\n\t\t\t\t<\/dt><\/dl><dl class='gallery-item'>\n\t\t\t\t<dt class='gallery-icon landscape'>\n\t\t\t\t\t<a class=\"rollover rollover-zoom dt-pswp-item\" title=\"Panchine d&#039;Artista 3\" data-dt-img-description=\"\" data-large_image_width=\"2048\" data-large_image_height=\"1152\"href='https:\/\/www.radiopiu.net\/wordpress\/wp-content\/uploads\/2021\/05\/Panchine-dArtista-3.jpg'><img loading=\"lazy\" decoding=\"async\" width=\"300\" height=\"169\" src=\"https:\/\/www.radiopiu.net\/wordpress\/wp-content\/uploads\/2021\/05\/Panchine-dArtista-3-300x169.jpg\" class=\"attachment-medium size-medium\" alt=\"\" srcset=\"https:\/\/www.radiopiu.net\/wordpress\/wp-content\/uploads\/2021\/05\/Panchine-dArtista-3-300x169.jpg 300w, https:\/\/www.radiopiu.net\/wordpress\/wp-content\/uploads\/2021\/05\/Panchine-dArtista-3-1024x576.jpg 1024w, https:\/\/www.radiopiu.net\/wordpress\/wp-content\/uploads\/2021\/05\/Panchine-dArtista-3-768x432.jpg 768w, https:\/\/www.radiopiu.net\/wordpress\/wp-content\/uploads\/2021\/05\/Panchine-dArtista-3-1536x864.jpg 1536w, https:\/\/www.radiopiu.net\/wordpress\/wp-content\/uploads\/2021\/05\/Panchine-dArtista-3.jpg 2048w\" sizes=\"auto, (max-width: 300px) 100vw, 300px\" \/><\/a>\n\t\t\t\t<\/dt><\/dl><br style=\"clear: both\" \/>\n\t\t\t<\/div>\n\n<p>&nbsp;<\/p>\n<hr \/>\n<p>&nbsp;<\/p>\n<blockquote>\n<h3>ITALIA ULTIMA IN UE PER QUALITA\u2019 DEI SERVIZI PUBBLICI. IL VENETO E\u2019 AL 180\u00b0 POSTO SU 233 REGIONI EUROPEE MONITORATE<\/h3>\n<\/blockquote>\n<p>Siamo desolatamente ultimi, anche se a livello veneto ci difendiamo onorevolmente. In Europa nessuna Pubblica Amministrazione (PA) ha un livello di gradimento cos\u00ec basso come il quello italiano. I dati presentati dall\u2019Ufficio studi della CGIA sono riferiti all\u2019 indagine campionaria che periodicamente viene realizzata dalla Commissione Europea fra i 27 paesi dell\u2019Unione. Dall\u2019ultima rilevazione, tenutasi nei mesi di febbraio-marzo 2021, emergono dei risultati impietosi; solo il 22 per cento degli italiani considera \u201cabbastanza buona e molto buona\u201d l\u2019offerta dei servizi pubblici erogata dalla nostra PA.<\/p>\n<p>A livello regionale, invece, l\u2019ultima rilevazione \u00e8 stata realizzata nel 2019. Ebbene, su 233 regioni europee monitorate da Bruxelles, il Veneto \u00e8 al 180\u00b0 posto per quanto concerne l\u2019indice di qualit\u00e0 delle istituzioni. In Italia solo le province autonome di Trento-Bolzano (entrambe al 176\u00b0 posto) e l\u2019Emilia Romagna (179\u00b0 posto) fanno meglio di noi. Se, invece, analizziamo l\u2019indice di competitivit\u00e0, le amministrazioni pubbliche presenti nel Veneto salgono a livello europeo al 133\u00b0 posto. A livello nazionale occupano una posizione migliore della nostra solo la Lombardia (112esima), la provincia di Trento (122esima) e l\u2019Emilia Romagna (127esima).<\/p>\n<p>Tornando alla rilevazione a livello nazionale di febbraio-marzo di quest\u2019anno, la media europea si \u00e8 attestata al 46 per cento: mentre in Spagna si \u00e8 fermata al 38, in Francia al 50 e in Germania al 55 per cento. Tra le primissime posizioni scorgiamo che il terzo gradino del podio \u00e8 occupato dalla Finlandia, con un apprezzamento dei servizi resi dalla propria PA pari all\u201981 per cento. Al secondo posto si collocano i Paesi Bassi con l\u201986 per cento e, infine, sul gradino pi\u00f9 alto della classifica scorgiamo il Lussemburgo con il 92 per cento.<\/p>\n<p>Sebbene la tendenza regressiva si sia verificata anche in altri importanti paesi europei (come la Spagna, la Germania e l\u2019Austria), il Covid ha peggiorato il sentiment degli italiani e &#8211; sicuramente anche deli veneti &#8211; verso la nostra PA. Se nell\u2019indagine campionaria tenutasi nel novembre 2019 la percentuale delle persone che erano soddisfatte dell\u2019efficienza dei servizi elargiti dalla nostra PA era al 30 per cento, tra febbraio-marzo di quest\u2019anno la stessa \u00e8 scesa al 22 per cento.<\/p>\n<p>Le ragioni che hanno causato un peggioramento del livello di soddisfazione degli italiani nei confronti della qualit\u00e0 dei servizi forniti dalla \u201cmacchina pubblica\u201d vanno, a nostro avviso, ricercate negli accadimenti maturati nell\u2019ultimo anno che, in sintesi, sono:<\/p>\n<p>i forti ritardi con cui all\u2019inizio della pandemia sono stati erogati i ristori alle aziende o la cassaintegrazione ai lavoratori dipendenti;<br \/>\ni blocchi e poi le ripartenze, avvenute prevalentemente in modalit\u00e0 a distanza, che hanno ulteriormente rallentato l\u2019attivit\u00e0 giudiziaria;<br \/>\nil piano vaccinale che \u00e8 iniziato tra mille difficolt\u00e0;<br \/>\nla dilatazione dei tempi di risposta che ha contraddistinto la performance di moltissimi enti locali.<\/p>\n<p><strong>Tante tasse, ma pochi servizi<\/strong><br \/>\nSe gli ultimi dati disponibili ci dicono che in Europa siamo al 6\u00b0 posto nella graduatoria riferita alla pressione fiscale, ma ultimi per la qualit\u00e0 dei servizi erogati ai cittadini, c\u2019\u00e8 qualcosa che non va. Intendiamoci, generalizzare \u00e8 sempre sbagliato; anche nel nostro paese esistono delle punte di eccellenza (sanit\u00e0, ricerca, scuola, etc.) che non sono riscontrabili nel resto dell\u2019UE. Tuttavia, se paghiamo molto per avere poco, questa PA va rifondata, non riformata. E chi pensa sia solo una questione di qualit\u00e0 del capitale umano rischia di sbagliarsi. Quali sono le proposte della CGIA per migliorare l\u2019efficienza della nostra PA ? Innanzitutto, bisogna diminuire le norme presenti nel nostro ordinamento. Altres\u00ec, \u00e8 necessario che queste leggi siano scritte meglio, cancellando le sovrapposizioni esistenti tra i vari livelli di governo, bandendo il burocratese e imponendo, in particolar modo, un monitoraggio periodico sugli effetti che queste producono, soprattutto in campo economico. E\u2019 necessario, inoltre, semplificare le procedure e introdurre controlli successivi rigidissimi, incentivando il meccanismo del silenzio-assenso, senza dimenticare che bisogna digitalizzare tutti i soggetti pubblici, obbligando il dialogo tra le loro banche dati per evitare la duplicazione delle richieste che periodicamente travolgono cittadini e imprenditori ogni qual volta si interfacciano con uno sportello pubblico. Infine, bisogna riformare nuovamente il reato di abuso di ufficio. Nonostante l\u2019intervento legislativo introdotto dal governo Conte, non sta venendo meno il ricorso alla \u201cburocrazia difensiva\u201d da parte di molti funzionari pubblici, perch\u00e9 la misura legislativa non incide sulle denunce, che una volta presentate, impongono di condurre le indagini. Tale situazione continua a provocare la cosiddetta \u201cfuga dalla firma\u201d, rallentando enormemente lo smaltimento delle pratiche nell\u2019edilizia, nell\u2019urbanistica e nel settore degli appalti. Per contro, infine, vanno premiati i dirigenti\/funzionari che si comportano correttamente e rendono efficienti le proprie aree di lavoro: l\u2019aumento della produttivit\u00e0, anche nel pubblico, va riconosciuto economicamente.<\/p>\n<p><strong>Con una PA malconcia, rischiamo i soldi del NGEU<\/strong><\/p>\n<p>Una PA debole e impreparata \u00e8 un problema molto serio per l\u2019attuazione degli investimenti previsti con il Next Generation EU. In relazione ad una opera pubblica, ad esempio, la capacit\u00e0 di progettare, affidare, eseguire e terminare i lavori in tempi accettabili \u00e8 un problema che in Italia ci trasciniamo da tempo immemorabile. Una legislazione debordante, una burocrazia amministrativa snervante e, in molti casi, con livelli di efficienza imbarazzanti rischiano di compromettere il trasferimento delle risorse economiche previste dal Recovery Fund. Le condizionalit\u00e0 che ci sono state \u201cimposte\u201d da Bruxelles sono molto stringenti. Delle 48 riforme che saremo chiamati a realizzare entro il 2022, 8 riguardano la \u201csburocratizzazione\u201d della nostra PA: tutte (5 decreti, 2 leggi delega e un disegno di legge) dovranno essere approvate entro la fine di quest\u2019anno.<\/p>\n<p><strong>Efficienza, ma anche rispetto della legalit\u00e0<\/strong><\/p>\n<p>Anche secondo la Banca d\u2019Italia, la mancata crescita registrata negli ultimi 20 anni va ricondotta al basso livello di produttivit\u00e0 che caratterizza il nostro Paese. Per invertire questa tendenza il primo intervento da realizzare dovrebbe interessare proprio la PA, puntando a migliorare l\u2019efficienza e la qualit\u00e0 dei servizi offerti e il pieno rispetto delle regole. I ricercatori di via Nazionale, infatti, hanno avuto modo di segnalare che nel 2014 il 55 per cento dei reati contro la macchina pubblica risultava commesso nel Mezzogiorno, con una incidenza rispetto alla popolazione residente 2,3 volte pi\u00f9 elevata che nel resto del Paese. E in merito ai tempi di realizzazione delle infrastrutture italiane, \u00e8 stato ricordato che il 70 per cento delle opere incompiute \u00e8 ubicato al Sud: ripartizione geografica alla quale fa capo solo il 30 per cento circa dei lavori pubblici presenti nel Paese.<\/p>\n<p><strong>Numeri economici e occupazionali da record<\/strong><\/p>\n<p>Sebbene la puntualit\u00e0 nei pagamenti dei propri fornitori rimanga ancora una questione irrisolta, con i suoi 140 miliardi di euro di commesse all\u2019anno, pari a circa l\u20198 per cento del Pil nazionale, la nostra PA \u00e8 la principale cliente di una parte importante delle imprese italiane. In termini assoluti, infatti, le aziende che lavorano per\u00a0 gli enti statali sono circa un milione. Non solo. La macchina dello Stato \u00e8 anche il principale datore di lavoro presente in Italia: infatti, sono circa 3,2 milioni gli addetti che lavorano nel pubblico, un terzo dei quali \u00e8 occupato nel settore della scuola. Ricordiamo, infine, che per il funzionamento della PA il costo complessivo annuo sfiora i 275 miliardi. Questa cifra include la spesa per gli stipendi (173 miliardi) e quella relativa ai consumi intermedi (101,5 miliardi di euro).<\/p>\n<p>&nbsp;<\/p>\n<p>&nbsp;<\/p>\n<hr \/>\n<p>&nbsp;<\/p>\n<blockquote>\n<h3>LA POLIZIA DI STATO CERCA 15 ATLETI DA ASSEGNARE ALLE FIAMME ORO<\/h3>\n<\/blockquote>\n<p><strong><a href=\"https:\/\/www.radiopiu.net\/wordpress\/questura-2-nuovi-poliziotti-anziche-3\/volante-questura-2\/\" rel=\"attachment wp-att-63841\"><img loading=\"lazy\" decoding=\"async\" class=\" wp-image-63841 alignleft\" src=\"https:\/\/www.radiopiu.net\/wordpress\/wp-content\/uploads\/2018\/10\/Volante-Questura-2.jpg\" alt=\"\" width=\"108\" height=\"108\" srcset=\"https:\/\/www.radiopiu.net\/wordpress\/wp-content\/uploads\/2018\/10\/Volante-Questura-2.jpg 200w, https:\/\/www.radiopiu.net\/wordpress\/wp-content\/uploads\/2018\/10\/Volante-Questura-2-150x150.jpg 150w\" sizes=\"auto, (max-width: 108px) 100vw, 108px\" \/><\/a>BELLUNO\u00a0<\/strong>\u00c8 stato pubblicato il bando di concorso pubblico, per titoli, per l&#8217;assunzione di 15 atleti da assegnare ai gruppi sportivi della Polizia di Stato &#8211; Fiamme Oro che saranno inquadrati nel ruolo di agenti e assistenti della Polizia di Stato. La domanda di partecipazione deve essere compilata e trasmessa entro il 21 giugno utilizzando esclusivamente la procedura online sul sito https:\/\/concorsionline.poliziadistato.it<\/p>\n<p>&nbsp;<\/p>\n<p>&nbsp;<\/p>\n<hr \/>\n<p>&nbsp;<\/p>\n<blockquote>\n<h3>IL CONSIGLIO COMUNALE DI CENCENIGHE<\/h3>\n<\/blockquote>\n<p><strong>CENCENIGHE<\/strong> Domani consiglio comunale alle 20.30 nella sede municipale del Nof Filo&#8217;. All&#8217;ordine del giorno: rendiconto, riconoscimento debiti fuori bilancio, approvazione bilancio d&#8217;esercizio dell&#8217;azienda consortile Asca<\/p>\n<p>&nbsp;<\/p>\n<blockquote>\n<h3>E DI SAN TOMASO<\/h3>\n<\/blockquote>\n<p><strong>SAN TOMASO\u00a0<\/strong> Consiglio comunale convocato dal sindaco Moreno De Val per domani alle 18.30. In discussione il rendiconto della gestione e il bilancio dell&#8217;azienda consortile agordina.<\/p>\n<p>&nbsp;<\/p>\n<blockquote>\n<h3>E DI RIVAMONTE<\/h3>\n<\/blockquote>\n<p><strong>RIVAMONTE<\/strong> Sar\u00e0 in videoconferenza il prossimo consiglio comunale di Rivamonte in programma domani alle 18:30. Il sindaco Giovanni Deon ha convocato i consiglieri comunali per discutere di 5 punti tra cui la festa patronale di Rivamonte, la convenzione con il comune di Voltago per il servizio di polizia locale e forestale, la concessione in comodato uso gratuito della ex centralina idroelettrica all&#8217;ente Parco Nazionale Dolomiti Bellunesi e la chiusura della stazione dei Carabinieri di Gosaldo.<\/p>\n<p>&nbsp;<\/p>\n<p>&nbsp;<\/p>\n<hr \/>\n<p>&nbsp;<\/p>\n<blockquote>\n<h3>IL PRIMO GIUGNO SCIOPERO NAZIONALE DEI TRASPORTI, MARTEDI&#8217; IL PRESIDIO IN PIAZZA DUOMO A BELLUNO<\/h3>\n<\/blockquote>\n<p><strong>BELLUNO<\/strong> Dolomitibus comunica che marted\u00ec\u00a0 ci sar\u00e0 uno sciopero nazionale dei trasporti e di conseguenza non verranno assicurate le corse in alcuni orari. La garanzia del servizio sar\u00e0 dalle 5:40 alle 8:09 e dalle 12:10 alle 15:39. Marted\u00ec mattina in Piazza Duomo a Belluno il presidio delle sigle sindacali<\/p>\n<p><strong>IL COMUNICATO SINDACALE CONGIUNTO<\/strong><\/p>\n<div class=\"page\" title=\"Page 1\">\n<div class=\"layoutArea\">\n<div class=\"column\">\n<a href=\"https:\/\/www.radiopiu.net\/wordpress\/wp-content\/uploads\/2021\/05\/comunicato-stampa-sciopero-giugno-21.pdf\" class=\"pdfemb-viewer\" style=\"\" data-width=\"max\" data-height=\"max\" data-toolbar=\"top\" data-toolbar-fixed=\"on\">comunicato stampa sciopero giugno 21<\/a>\n<\/div>\n<\/div>\n<\/div>\n<p>&nbsp;<\/p>\n<p>&nbsp;<\/p>\n<hr \/>\n<p>&nbsp;<\/p>\n<blockquote>\n<h3>ASSOCIAZIONI PETTIROSSO AGORDINO IN ASSEMBLEA<\/h3>\n<\/blockquote>\n<p><strong>AGORDO<\/strong> Giovedi 10 giugno alle 20 in sala Don Tamis assemblea annuale degli associati alla Pettirosso Agordino. All&#8217;ordine del giorno: relazione del presidente Sonia d&#8217;Agostini, presentazione ed approvazione del bilancio e del programma.<\/p>\n<p>&nbsp;<\/p>\n<hr \/>\n<p>&nbsp;<\/p>\n<blockquote>\n<h3>GLI ORARI DELL&#8217;UFFICIO PRO LOCO DI CANALE D&#8217;AGORDO<\/h3>\n<\/blockquote>\n<p><strong>CANALE D&#8217;AGORDO <\/strong>L&#8217;ufficio Pro Loco di Canale d&#8217;Agordo a partire durante il mese di giugno sar\u00e0 aperto nelle giornate di venerd\u00ec, sabato e domenica con orario 9.00-12.00; 15.00-18.00. Il Museo e la Casa natale di Papa Luciani rimangono, ancora per questo mese, aperti su PRENOTAZIONE allo 0437 1948001 (WhatsApp 3779665237).<\/p>\n<p>&nbsp;<\/p>\n<p>&nbsp;<\/p>\n<hr \/>\n<p>&nbsp;<\/p>\n<blockquote>\n<h3>DAL 1\u00b0 GIUGNO ENTRATA LIBERA AL MUSEO<\/h3>\n<\/blockquote>\n<p><strong>CANALE D&#8217;AGORDO\u00a0 <\/strong><span style=\"font-family: Arial, sans-serif;\"><span style=\"font-size: small;\">Dal 1\u00b0 giugno il Musal \u2013 Museo Albino Luciani e la casa natale di papa Luciani a Canale d&#8217;Agordo saranno visitabili gratuitamente per tutti i residenti nei 16 comuni dell&#8217;Agordino.\u00a0P<\/span><\/span><span style=\"font-family: Arial, sans-serif;\"><span style=\"font-size: small;\">resso la casa natale di Albino Luciani i visitatori potranno ammirare\u00a0 una corona del rosario fatta con i pallini estratti da una bomba a mano della prima guerra mondiale con due cartucce incrociate a formare la croce<\/span><\/span><\/p>\n<p>&nbsp;<\/p>\n<p>&nbsp;<\/p>\n<hr \/>\n<p>&nbsp;<\/p>\n<blockquote>\n<h3>OGGI\u00a0 AD ARABBA LA COMMEDIA &#8220;TRE VOLPONI VIZIOSI<\/h3>\n<\/blockquote>\n<p><strong><a href=\"https:\/\/www.radiopiu.net\/wordpress\/giornale-radiopiu-14-maggio-2021-direttore-mirko-mezzacasa\/schermata-2021-05-13-alle-12-25-37\/\" rel=\"attachment wp-att-209545\"><img loading=\"lazy\" decoding=\"async\" class=\" wp-image-209545 alignleft\" src=\"https:\/\/www.radiopiu.net\/wordpress\/wp-content\/uploads\/2021\/05\/Schermata-2021-05-13-alle-12.25.37-232x300.png\" alt=\"\" width=\"67\" height=\"87\" srcset=\"https:\/\/www.radiopiu.net\/wordpress\/wp-content\/uploads\/2021\/05\/Schermata-2021-05-13-alle-12.25.37-232x300.png 232w, https:\/\/www.radiopiu.net\/wordpress\/wp-content\/uploads\/2021\/05\/Schermata-2021-05-13-alle-12.25.37.png 672w\" sizes=\"auto, (max-width: 67px) 100vw, 67px\" \/><\/a>LIVINALLONGO<\/strong> Appuntamento alla sala congressi di Arabba oggi alle 16:30 con la commedia &#8220;Tre Volponi Viziosi&#8221; della Nuova Compagnia di Teatro di Brunico. Organizza l&#8217;evento il gruppo Insieme si Pu\u00f2 di Fodom. Ingresso 8 euro, l&#8217;incasso della giornata sar\u00e0 devoluto per la costruzione di un pozzo d&#8217;acqua in Uganda.<\/p>\n<p>&nbsp;<\/p>\n<p>&nbsp;<\/p>\n<p>&nbsp;<\/p>\n<hr \/>\n<p>&nbsp;<\/p>\n<blockquote>\n<h3>UNICEF BELLUNO PARTECIPA ALLA CAMPAGNA &#8220;RETE DEL DONO&#8221;<\/h3>\n<\/blockquote>\n<p><strong><a href=\"https:\/\/www.radiopiu.net\/wordpress\/vaccini-per-gli-anziani-artrite-psoriasica-prodotti-di-tabacco-a-basso-rischio\/dettaglio-del-vaccino-in-laboratorio_78895-1491\/\" rel=\"attachment wp-att-116862\"><img loading=\"lazy\" decoding=\"async\" class=\"size-medium wp-image-116862 alignleft\" src=\"https:\/\/www.radiopiu.net\/wordpress\/wp-content\/uploads\/2020\/02\/dettaglio-del-vaccino-in-laboratorio_78895-1491-300x200.jpg\" alt=\"\" width=\"300\" height=\"200\" srcset=\"https:\/\/www.radiopiu.net\/wordpress\/wp-content\/uploads\/2020\/02\/dettaglio-del-vaccino-in-laboratorio_78895-1491-300x200.jpg 300w, https:\/\/www.radiopiu.net\/wordpress\/wp-content\/uploads\/2020\/02\/dettaglio-del-vaccino-in-laboratorio_78895-1491.jpg 626w\" sizes=\"auto, (max-width: 300px) 100vw, 300px\" \/><\/a>BELLUNO<\/strong> Il Comitato dell&#8217; Unicef Fondazione Onlus di Belluno partecipa alla campagna &#8220;Rete del dono&#8221; con l&#8217;obiettivo di affrontare la terribile pandemia causata dal Covid-19, aderendo all&#8217;organizzazione mondiale Covax Facility che si prefigge di rendere disponibili due miliardi di dosi di vaccini anti Covid-19 ai paesi pi\u00f9 poveri del mondo, completare la distribuzione di un miliardo di siringhe e distribuire 900 milioni di test rapidi per la diagnosi entro la fine del 2021<em>. \u00abLa sfida contro il Covid 19 pu\u00f2 essere vinta solo attraverso la vittoria di tutti: \u00e8 l&#8217; unico modo per attenuare l&#8217; impatto del Coronavirus sulla salute pubblica e sull&#8217;economia\u00bb<\/em> spiegano i promotori, accanto alla presidente del comitato provinciale Maria Cristina Zoleo. <em>\u00abPer questo \u00e8 necessario che privati cittadini e aziende aderiscano spontaneamente, anche con un piccolo contributo, per tamponare una emergenza sanitaria senza precedenti che sta travolgendo l&#8217;intero Pianeta\u00bb.<\/em> Il link per la donazione \u00e8: <a title=\"https:\/\/www.retedeldono.it\/it\/comitato-unicef-belluno\/un-vaccino-anti-covid19-per-tutti\" href=\"https:\/\/www.retedeldono.it\/it\/comitato-unicef-belluno\/un-vaccino-anti-covid19-per-tutti\">https:\/\/www.retedeldono.it\/it\/comitato-unicef-belluno\/un-vaccino-anti-covid19-per-tutti<\/a><\/p>\n<p>&nbsp;<\/p>\n<p>&nbsp;<\/p>\n<hr \/>\n<p>&nbsp;<\/p>\n<blockquote>\n<h3>DAL 2 GIUGNO RIAPRE IL CASTELLO DI ANDRAZ<\/h3>\n<\/blockquote>\n<p><strong>LIVINALLONGO<\/strong> Il Castello di Andraz riapre al pubblico. L&#8217;apertura estiva, dal 2 giugno al 31 ottobre, grazie alla collaborazione fra il Comune di Livinallongo del Col di Lana e l\u2019Istitut Cultural Ladin Cesa de Jan. Per il <strong>mese di giugno<\/strong> le aperture saranno le seguenti: 2, 5, 6 e, nelle successive settimane, <strong>dal gioved\u00ec alla domenica<\/strong>. L\u2019orario rimarr\u00e0 lo stesso per tutta l\u2019estate e cio\u00e8 dalle 10 alle 12:30 e dalle 14:30 alle 18.<\/p>\n<a href=\"https:\/\/www.radiopiu.net\/wordpress\/wp-content\/uploads\/2021\/05\/locandina-2021-castello-andraz.pdf\" class=\"pdfemb-viewer\" style=\"\" data-width=\"max\" data-height=\"max\" data-toolbar=\"top\" data-toolbar-fixed=\"on\">locandina 2021 castello andraz<\/a>\n<p>&nbsp;<\/p>\n<hr \/>\n<p>&nbsp;<\/p>\n<blockquote>\n<h3>ESCURSIONE COL CAI DI AGORDO SUL MONTE FORNEL<\/h3>\n<\/blockquote>\n<p><strong><a href=\"https:\/\/www.radiopiu.net\/wordpress\/giornale-radiopiu-07-aprile\/cai-agordo-2\/\" rel=\"attachment wp-att-127841\"><img loading=\"lazy\" decoding=\"async\" class=\" wp-image-127841 alignleft\" src=\"https:\/\/www.radiopiu.net\/wordpress\/wp-content\/uploads\/2020\/04\/cai-agordo.jpg\" alt=\"\" width=\"215\" height=\"123\" \/><\/a>AGORDO<\/strong> \u00c8 in programma per oggi l&#8217;escursione del CAI di Agordo sul Monte Fornel (Gruppo del Pizzocco). Il Monte Fornel, bellissima e panoramica cima che si erge a nord del Paese di San Gregorio, con dislivello abbastanza considerevole ma che riuscir\u00e0 a dare soddisfazione. Durata dell&#8217;escursione 6-7 ore, 1067 m di dislivello, difficolt\u00e0 EE. Ritrovo presso la sede del CAI di Agordo domenica alle 6:45, trasferimento con mezzi propri e pranzo al sacco.<\/p>\n<p>&nbsp;<\/p>\n<p>&nbsp;<\/p>\n<hr \/>\n<p>&nbsp;<\/p>\n<blockquote>\n<h3>&#8220;LE MUSE E LE DOLOMITI&#8221; IN CONCERTO AD AGORDO DOMENICA 6 GIUGNO<\/h3>\n<\/blockquote>\n<p><strong><a href=\"https:\/\/www.radiopiu.net\/wordpress\/le-muse-e-le-dolomiti-il-concerto-ad-agordo-domenica-6-giugno\/musedolomiti_consdir2021\/\" rel=\"attachment wp-att-211621\"><img loading=\"lazy\" decoding=\"async\" class=\"size-medium wp-image-211621 alignleft\" src=\"https:\/\/www.radiopiu.net\/wordpress\/wp-content\/uploads\/2021\/05\/MuseDolomiti_ConsDir2021-300x174.jpg\" alt=\"\" width=\"300\" height=\"174\" srcset=\"https:\/\/www.radiopiu.net\/wordpress\/wp-content\/uploads\/2021\/05\/MuseDolomiti_ConsDir2021-300x174.jpg 300w, https:\/\/www.radiopiu.net\/wordpress\/wp-content\/uploads\/2021\/05\/MuseDolomiti_ConsDir2021-1024x593.jpg 1024w, https:\/\/www.radiopiu.net\/wordpress\/wp-content\/uploads\/2021\/05\/MuseDolomiti_ConsDir2021-768x445.jpg 768w, https:\/\/www.radiopiu.net\/wordpress\/wp-content\/uploads\/2021\/05\/MuseDolomiti_ConsDir2021-1536x890.jpg 1536w, https:\/\/www.radiopiu.net\/wordpress\/wp-content\/uploads\/2021\/05\/MuseDolomiti_ConsDir2021-2048x1187.jpg 2048w\" sizes=\"auto, (max-width: 300px) 100vw, 300px\" \/><\/a>FALCADE <\/strong>Dopo lunghissimi mesi di assenza forzata, in cui il mondo dello spettacolo si \u00e8 fermato, l\u2019Associazione culturale \u201cLe Muse e le Dolomiti\u201d di fatto non si \u00e8 fermata: \u00e8 pronta a riportare la musica e il Belcanto di fronte al pubblico. Si parte con un concerto di solidariet\u00e0 dedicato alle vittime della pandemia e al ricordo degli affetti spezzati. Petite Messe Solennelle, l&#8217;ultima grande opera del compositore Gioacchino Rossini, per solisti, coro, pianoforte e armonium, che Domenica 06 Giugno 2021 alle ore 20.45 nella Chiesa Arcidiaconale di Agordo porter\u00e0 in scena 30 professionisti dello spettacolo. L\u2019appuntamento desidera essere, oltre ad un\u2019opportunit\u00e0 artistica di rilievo, un evento con forte scopo sociale. La cultura e l\u2019arte, fondamenta essenziali della societ\u00e0, hanno il potere di unirci. Ci ricordano che proviamo tutti le stesse emozioni. &#8220;Un concerto per sentirci vicini sia nel lutto per le vittime che nella speranza di uscire al pi\u00f9 presto dalla pandemia. La musica davvero pu\u00f2 essere un\u2019ancora di salvezza per l\u2019anima. Il concerto sar\u00e0 diretto dal Maestro Andrea Gasperin, originario di Belluno; la sua brillante carriera internazionale l\u2019ha portato a lavorare con i pi\u00f9 prestigiosi teatri, maestri e solisti dei nostri tempi. Preparato dal Maestro Paolo Piana, si esibir\u00e0 il Coro Citt\u00e0 di Piazzola sul Brenta, considerato nella regione del Veneto come una delle formazioni corali di maggior spicco. Si esibiranno inoltre Midori Namikawa, soprano; Oda Zoe Hochscheid, contralto; Hun Kim, tenore; Kwangsik Park, basso; Alberto Boischio, pianoforte; Ai Yoshida, armonium.<\/p>\n<p>&nbsp;<\/p>\n<p>&nbsp;<\/p>\n<hr \/>\n<p>&nbsp;<\/p>\n<blockquote>\n<h3>DOLOMITI FILM FESTIVAL DAL 27 AL 30 MAGGIO AD ALLEGHE E FALCADE, L&#8217;INTERVISTA<\/h3>\n<\/blockquote>\n<p><strong><a href=\"https:\/\/www.radiopiu.net\/wordpress\/dal-27-al-30-maggio-la-prima-edizione-del-dolomiti-film-festival-festival-internazionale-cinema-natura-ambiente-montagna\/dolomiti-film-festival-immagine-con-loghi\/\" rel=\"attachment wp-att-211196\"><img loading=\"lazy\" decoding=\"async\" class=\"size-medium wp-image-211196 alignleft\" src=\"https:\/\/www.radiopiu.net\/wordpress\/wp-content\/uploads\/2021\/05\/Dolomiti-Film-Festival-Immagine-con-loghi-300x191.jpeg\" alt=\"\" width=\"300\" height=\"191\" srcset=\"https:\/\/www.radiopiu.net\/wordpress\/wp-content\/uploads\/2021\/05\/Dolomiti-Film-Festival-Immagine-con-loghi-300x191.jpeg 300w, https:\/\/www.radiopiu.net\/wordpress\/wp-content\/uploads\/2021\/05\/Dolomiti-Film-Festival-Immagine-con-loghi.jpeg 640w\" sizes=\"auto, (max-width: 300px) 100vw, 300px\" \/><\/a>FALCADE &#8211; ALLEGHE<\/strong><\/p>\n<p>&nbsp;<\/p>\n<p>REDAZIONE Un gran bell&#8217;evento quello programmato per fine mese in vallata, ne abbiamo parlato con Tommaso Brugin.<\/p>\n<p><strong>AUDIO<\/strong><\/p>\n<audio class=\"wp-audio-shortcode\" id=\"audio-212656-2\" preload=\"none\" style=\"width: 100%;\" controls=\"controls\"><source type=\"audio\/mpeg\" src=\"https:\/\/www.radiopiu.net\/wordpress\/wp-content\/uploads\/2021\/05\/tommaso-brugin-dolomiti-film.mp3?_=2\" \/><a href=\"https:\/\/www.radiopiu.net\/wordpress\/wp-content\/uploads\/2021\/05\/tommaso-brugin-dolomiti-film.mp3\">https:\/\/www.radiopiu.net\/wordpress\/wp-content\/uploads\/2021\/05\/tommaso-brugin-dolomiti-film.mp3<\/a><\/audio>\n<a href=\"https:\/\/www.radiopiu.net\/wordpress\/wp-content\/uploads\/2021\/05\/DFF21-Locandina-1.pdf\" class=\"pdfemb-viewer\" style=\"\" data-width=\"max\" data-height=\"max\" data-toolbar=\"top\" data-toolbar-fixed=\"on\">DFF21 Locandina-1<\/a>\n<p>&nbsp;<\/p>\n<a href=\"https:\/\/www.radiopiu.net\/wordpress\/wp-content\/uploads\/2021\/05\/Dolomiti-Film-Festival-Brochure-Online-1.pdf\" class=\"pdfemb-viewer\" style=\"\" data-width=\"max\" data-height=\"max\" data-toolbar=\"top\" data-toolbar-fixed=\"on\">Dolomiti Film Festival \u2013 Brochure Online-1<\/a>\n<p>&nbsp;<\/p>\n<hr \/>\n<p>&nbsp;<\/p>\n<blockquote>\n<h3>CROZZA-ZAIA: MIRKO DI RADIO PIU&#8217; TIRATO IN BALLO TRA VIROLOGI, REBUS E MARIACHI<\/h3>\n<\/blockquote>\n<p><strong>REDAZIONE<\/strong> Il venerd\u00ec sera \u00e8 immancabile l&#8217;appuntamento con &#8220;Fratelli Di Crozza&#8221;, il programma di Maurizio Crozza in onda sul NOVE del gruppo Discovery. Tutti in attesa di Crozza-Zaia per scoprire dove verr\u00e0 tirato in ballo Mirko di Radio Pi\u00f9. E infatti anche nell&#8217;ultimo appuntamento non sono mancate le citazioni. Prima l&#8217;immunologo americano Anthony Fauci viene definito il Mirko di Radio Pi\u00f9 dei virologi, poi, parlando della Settimana Enigmistica, viene presentato un rebus fatto con l&#8217;aiuto di Mirko e per finire una sorpresa a Camia, una canzone messicana con i mariachi naturalmente consigliata da Mirko di Radio Pi\u00f9<\/p>\n<p><span style=\"color: #ff0000;\">PER GUARDARE L&#8217;ULTIMA PUNTATA DI &#8220;FRATELLI DI CROZZA&#8221; <a href=\"https:\/\/www.discoveryplus.it\/programmi\/fratelli-di-crozza\">CLICCA QUI<\/a><\/span><\/p>\n<p><strong>IL VIDEO\u00a0<\/strong><\/p>\n<div style=\"width: 1200px;\" class=\"wp-video\"><video class=\"wp-video-shortcode\" id=\"video-212656-1\" width=\"1200\" height=\"675\" preload=\"metadata\" controls=\"controls\"><source type=\"video\/mp4\" src=\"https:\/\/www.radiopiu.net\/wordpress\/wp-content\/uploads\/2021\/05\/CROZZA-ZAIA-REBUS.mp4?_=1\" \/><a href=\"https:\/\/www.radiopiu.net\/wordpress\/wp-content\/uploads\/2021\/05\/CROZZA-ZAIA-REBUS.mp4\">https:\/\/www.radiopiu.net\/wordpress\/wp-content\/uploads\/2021\/05\/CROZZA-ZAIA-REBUS.mp4<\/a><\/video><\/div>\n<p>&nbsp;<\/p>\n<p>&nbsp;<\/p>\n<hr \/>\n<p>&nbsp;<\/p>\n<p><strong><span style=\"color: #ff0000;\">QUINDICINALE APPUNTAMENTO ALLA RADIO<\/span><\/strong><\/p>\n<blockquote>\n<h3><a style=\"font-size: 14px; font-weight: normal;\" href=\"https:\/\/www.radiopiu.net\/wordpress\/giornale-radiopiu-06-febbraio-2019-direttore-mirko-mezzacasa\/logo_spi-cgil-800x445\/\" rel=\"attachment wp-att-75538\"><img loading=\"lazy\" decoding=\"async\" class=\"wp-image-75538 alignleft\" src=\"https:\/\/www.radiopiu.net\/wordpress\/wp-content\/uploads\/2019\/02\/Logo_Spi-CGIL-800x445-300x167.jpg\" alt=\"\" width=\"210\" height=\"117\" srcset=\"https:\/\/www.radiopiu.net\/wordpress\/wp-content\/uploads\/2019\/02\/Logo_Spi-CGIL-800x445-300x167.jpg 300w, https:\/\/www.radiopiu.net\/wordpress\/wp-content\/uploads\/2019\/02\/Logo_Spi-CGIL-800x445-768x427.jpg 768w, https:\/\/www.radiopiu.net\/wordpress\/wp-content\/uploads\/2019\/02\/Logo_Spi-CGIL-800x445.jpg 800w\" sizes=\"auto, (max-width: 210px) 100vw, 210px\" \/><\/a><\/h3>\n<\/blockquote>\n<blockquote>\n<h3>ALLA RADIO, APPUNTAMENTO QUINDICINALE CON SPI-CGIL BELLUNO, IN STUDIO MARIA RITA GENTILIN<\/h3>\n<\/blockquote>\n<p><strong>di Claudio Fontanive\u00a0<\/strong><\/p>\n<p><span style=\"color: #ff0000;\"><strong>PUNTATA DEL 27 MAGGIO 2021<br \/>\n<\/strong><\/span><\/p>\n<audio class=\"wp-audio-shortcode\" id=\"audio-212656-3\" preload=\"none\" style=\"width: 100%;\" controls=\"controls\"><source type=\"audio\/mpeg\" src=\"https:\/\/www.radiopiu.net\/wordpress\/wp-content\/uploads\/2021\/04\/spi-cgil-28-aprile.mp3?_=3\" \/><a href=\"https:\/\/www.radiopiu.net\/wordpress\/wp-content\/uploads\/2021\/04\/spi-cgil-28-aprile.mp3\">https:\/\/www.radiopiu.net\/wordpress\/wp-content\/uploads\/2021\/04\/spi-cgil-28-aprile.mp3<\/a><\/audio>\n<p>&nbsp;<\/p>\n<hr \/>\n<p>&nbsp;<\/p>\n<div>\n<div class=\"b654a4as d2edcug0\">\n<div class=\"rq0escxv hkbzh7o3 jwdofwj8 n8tt0mok r8blr3vg hyh9befq\">\n<p><a class=\"dt-pswp-item\" href=\"https:\/\/www.radiopiu.net\/wordpress\/wp-content\/uploads\/2020\/10\/pp.jpg\" data-dt-img-description=\"\" data-large_image_width=\"640\" data-large_image_height=\"640\"><img loading=\"lazy\" decoding=\"async\" class=\"wp-image-163678 alignleft\" src=\"https:\/\/www.radiopiu.net\/wordpress\/wp-content\/uploads\/2020\/10\/pp-300x300.jpg\" alt=\"\" width=\"106\" height=\"106\" srcset=\"https:\/\/www.radiopiu.net\/wordpress\/wp-content\/uploads\/2020\/10\/pp-300x300.jpg 300w, https:\/\/www.radiopiu.net\/wordpress\/wp-content\/uploads\/2020\/10\/pp-150x150.jpg 150w, https:\/\/www.radiopiu.net\/wordpress\/wp-content\/uploads\/2020\/10\/pp-125x125.jpg 125w, https:\/\/www.radiopiu.net\/wordpress\/wp-content\/uploads\/2020\/10\/pp-200x200.jpg 200w, https:\/\/www.radiopiu.net\/wordpress\/wp-content\/uploads\/2020\/10\/pp-80x80.jpg 80w, https:\/\/www.radiopiu.net\/wordpress\/wp-content\/uploads\/2020\/10\/pp-480x480.jpg 480w, https:\/\/www.radiopiu.net\/wordpress\/wp-content\/uploads\/2020\/10\/pp.jpg 640w\" sizes=\"auto, (max-width: 106px) 100vw, 106px\" \/><\/a><\/p>\n<\/div>\n<\/div>\n<\/div>\n<div>\n<div class=\"page-title-head hgroup\">\n<div class=\"page-title-head hgroup\">\n<div class=\"b654a4as d2edcug0\">\n<div class=\"j83agx80 btwxx1t3 lhclo0ds hop8lmos nkwizq5d scwd0bx6 roh60bw9\">\n<div class=\"rq0escxv hkbzh7o3 jwdofwj8 n8tt0mok r8blr3vg hyh9befq\">\n<div class=\"do00u71z l9j0dhe7 k4urcfbm\">\n<h2><span style=\"color: #000080;\">DON CESARE, IL PENSIERO DEL GIORNO. ALLA RADIO ALLE 7 DEL MATTINO E ALLE 19.30 DELLA SERA.\u00a0\u00a0<\/span><\/h2>\n<\/div>\n<\/div>\n<\/div>\n<div class=\"rq0escxv hkbzh7o3 jwdofwj8 n8tt0mok r8blr3vg hyh9befq\">\n<p>&nbsp;<\/p>\n<p>&nbsp;<\/p>\n<\/div>\n<\/div>\n<\/div>\n<\/div>\n<\/div>\n<div>\n<div class=\"page-title-head hgroup\">\n<div class=\"page-title-head hgroup\">\n<div class=\"b654a4as d2edcug0\">\n<div class=\"rq0escxv hkbzh7o3 jwdofwj8 n8tt0mok r8blr3vg hyh9befq\">\n<audio class=\"wp-audio-shortcode\" id=\"audio-212656-4\" preload=\"none\" style=\"width: 100%;\" controls=\"controls\"><source type=\"audio\/mpeg\" src=\"https:\/\/www.radiopiu.net\/wordpress\/wp-content\/uploads\/2021\/05\/cesare-5.mp3?_=4\" \/><a href=\"https:\/\/www.radiopiu.net\/wordpress\/wp-content\/uploads\/2021\/05\/cesare-5.mp3\">https:\/\/www.radiopiu.net\/wordpress\/wp-content\/uploads\/2021\/05\/cesare-5.mp3<\/a><\/audio>\n<p>&nbsp;<\/p>\n<p>&nbsp;<\/p>\n<hr \/>\n<h1><a href=\"https:\/\/www.radiopiu.net\/wordpress\/giornale-radiopiu-30-maggio-2021-direttore-mirko-mezzacasa\/pp-66\/\" rel=\"attachment wp-att-212827\"><img loading=\"lazy\" decoding=\"async\" class=\"alignnone wp-image-212827 alignleft\" src=\"https:\/\/www.radiopiu.net\/wordpress\/wp-content\/uploads\/2021\/05\/pp-6-300x300.jpg\" alt=\"\" width=\"151\" height=\"151\" srcset=\"https:\/\/www.radiopiu.net\/wordpress\/wp-content\/uploads\/2021\/05\/pp-6-300x300.jpg 300w, https:\/\/www.radiopiu.net\/wordpress\/wp-content\/uploads\/2021\/05\/pp-6-150x150.jpg 150w, https:\/\/www.radiopiu.net\/wordpress\/wp-content\/uploads\/2021\/05\/pp-6.jpg 640w\" sizes=\"auto, (max-width: 151px) 100vw, 151px\" \/><\/a>\u00a0DUE MINUTI PER TE, CON DON GIORGIO LISE LA DOMENICA SU RADIO PIU ALLE SETTE DEL MATTINO E DELLA SERA<\/h1>\n<audio class=\"wp-audio-shortcode\" id=\"audio-212656-5\" preload=\"none\" style=\"width: 100%;\" controls=\"controls\"><source type=\"audio\/mpeg\" src=\"https:\/\/www.radiopiu.net\/wordpress\/wp-content\/uploads\/2021\/05\/DON-GIORGIO-4.mp3?_=5\" \/><a href=\"https:\/\/www.radiopiu.net\/wordpress\/wp-content\/uploads\/2021\/05\/DON-GIORGIO-4.mp3\">https:\/\/www.radiopiu.net\/wordpress\/wp-content\/uploads\/2021\/05\/DON-GIORGIO-4.mp3<\/a><\/audio>\n<p>&nbsp;<\/p>\n<p>&nbsp;<\/p>\n<hr \/>\n<\/div>\n<\/div>\n<\/div>\n<\/div>\n<\/div>\n<p>&nbsp;<\/p>\n<h2><span style=\"color: #ff6600;\">I PROFESSIONISTI DEL POLIAMBULATORIO AGORDINO RISPONDONO<\/span><\/h2>\n<p><span style=\"color: #0000ff;\"><strong>PUNTATA 01\u00a0<\/strong><\/span><\/p>\n<p><strong>IL POLIAMBULATORIO AGORDINO RISPONDE &#8211; LA PUNTATA DEL 26 MAGGIO 2021<\/strong><\/p>\n<audio class=\"wp-audio-shortcode\" id=\"audio-212656-6\" preload=\"none\" style=\"width: 100%;\" controls=\"controls\"><source type=\"audio\/mpeg\" src=\"https:\/\/www.radiopiu.net\/wordpress\/wp-content\/uploads\/2021\/05\/DILLO-A-RADIOPIU.mp3?_=6\" \/><a href=\"https:\/\/www.radiopiu.net\/wordpress\/wp-content\/uploads\/2021\/05\/DILLO-A-RADIOPIU.mp3\">https:\/\/www.radiopiu.net\/wordpress\/wp-content\/uploads\/2021\/05\/DILLO-A-RADIOPIU.mp3<\/a><\/audio>\n<p>\u200b<\/p>\n<h2><span style=\"color: #ff0000;\"><a href=\"https:\/\/www.radiopiu.net\/wordpress\/alla-radio-le-domande-ai-professionisti-del-poliambulatorio-agordino\/14492357_310816929295131_7047245609944399621_n\/\" rel=\"attachment wp-att-210740\"><img loading=\"lazy\" decoding=\"async\" class=\"wp-image-210740 alignleft\" src=\"https:\/\/www.radiopiu.net\/wordpress\/wp-content\/uploads\/2021\/05\/14492357_310816929295131_7047245609944399621_n-300x300.jpg\" alt=\"\" width=\"148\" height=\"148\" srcset=\"https:\/\/www.radiopiu.net\/wordpress\/wp-content\/uploads\/2021\/05\/14492357_310816929295131_7047245609944399621_n-300x300.jpg 300w, https:\/\/www.radiopiu.net\/wordpress\/wp-content\/uploads\/2021\/05\/14492357_310816929295131_7047245609944399621_n-150x150.jpg 150w, https:\/\/www.radiopiu.net\/wordpress\/wp-content\/uploads\/2021\/05\/14492357_310816929295131_7047245609944399621_n.jpg 709w\" sizes=\"auto, (max-width: 148px) 100vw, 148px\" \/><\/a><\/span><\/h2>\n<h2><span style=\"color: #ff0000;\"><strong>LA PRESENTAZIONE DEL NUOVO PROGRAMMA QUINDICINALE ALLA RADIO<\/strong><\/span><\/h2>\n<h2><\/h2>\n<p><strong>OSPITE<\/strong> Il dottor Cesare Dal Bo&#8217;, direttore Poliambulatorio Agordino<\/p>\n<p>&nbsp;<\/p>\n<p>&nbsp;<\/p>\n<audio class=\"wp-audio-shortcode\" id=\"audio-212656-7\" preload=\"none\" style=\"width: 100%;\" controls=\"controls\"><source type=\"audio\/mpeg\" src=\"https:\/\/www.radiopiu.net\/wordpress\/wp-content\/uploads\/2021\/05\/DILLO-A-RADIOPIU-1.mp3?_=7\" \/><a href=\"https:\/\/www.radiopiu.net\/wordpress\/wp-content\/uploads\/2021\/05\/DILLO-A-RADIOPIU-1.mp3\">https:\/\/www.radiopiu.net\/wordpress\/wp-content\/uploads\/2021\/05\/DILLO-A-RADIOPIU-1.mp3<\/a><\/audio>\n<p>&nbsp;<\/p>\n<hr \/>\n<p>&nbsp;<\/p>\n<h2><strong><span style=\"color: #ff0000;\">ALLA RADIO<\/span><\/strong><\/h2>\n<div data-offset-key=\"5n5nl-0-0\">\n<h3>Per ricevere gli aggiornamenti in tempo reale delle notizie pubblicate alla radio e sul sito di radio pi\u00f9 iscriviti al gruppo RADIO PIU INFORMAZIONE su Telegram.\u00a0\u00a0<a href=\"https:\/\/t.me\/radiopiu\">clicca qui<\/a><\/h3>\n<p>&nbsp;<\/p>\n<\/div>\n<blockquote><p><strong><a href=\"https:\/\/www.radiopiu.net\/wordpress\/cassa-solidarieta-luxottica-puntata-del-19-giugno-2020\/cslxo-2\/\" rel=\"attachment wp-att-145244\"><img loading=\"lazy\" decoding=\"async\" class=\"size-medium wp-image-145244 alignleft\" src=\"https:\/\/www.radiopiu.net\/wordpress\/wp-content\/uploads\/2020\/06\/cassa-solidarieta-luxottica-300x148.jpg\" alt=\"\" width=\"300\" height=\"148\" srcset=\"https:\/\/www.radiopiu.net\/wordpress\/wp-content\/uploads\/2020\/06\/cassa-solidarieta-luxottica-300x148.jpg 300w, https:\/\/www.radiopiu.net\/wordpress\/wp-content\/uploads\/2020\/06\/cassa-solidarieta-luxottica-1024x504.jpg 1024w, https:\/\/www.radiopiu.net\/wordpress\/wp-content\/uploads\/2020\/06\/cassa-solidarieta-luxottica-768x378.jpg 768w, https:\/\/www.radiopiu.net\/wordpress\/wp-content\/uploads\/2020\/06\/cassa-solidarieta-luxottica.jpg 1167w\" sizes=\"auto, (max-width: 300px) 100vw, 300px\" \/><\/a>di Claudio Fontanive<\/strong><\/p>\n<p>OSPITI: Paolo Chissal\u00e8 e Fabrizio Campedel<\/p>\n<p>&nbsp;<\/p>\n<p>&nbsp;<\/p>\n<p>&nbsp;<\/p>\n<p><strong>PUNTATA MAGGIO 2021<\/strong><\/p>\n<audio class=\"wp-audio-shortcode\" id=\"audio-212656-8\" preload=\"none\" style=\"width: 100%;\" controls=\"controls\"><source type=\"audio\/mpeg\" src=\"https:\/\/www.radiopiu.net\/wordpress\/wp-content\/uploads\/2021\/05\/ca-sol-lux-maggio-2021.mp3?_=8\" \/><a href=\"https:\/\/www.radiopiu.net\/wordpress\/wp-content\/uploads\/2021\/05\/ca-sol-lux-maggio-2021.mp3\">https:\/\/www.radiopiu.net\/wordpress\/wp-content\/uploads\/2021\/05\/ca-sol-lux-maggio-2021.mp3<\/a><\/audio>\n<p>&nbsp;<\/p>\n<p>&nbsp;<\/p>\n<h2>RACCOLTA COMPLETA<\/h2>\n<\/blockquote>\n<blockquote class=\"wp-embedded-content\" data-secret=\"E1gZf60t3i\"><p><a href=\"https:\/\/www.radiopiu.net\/wordpress\/cassa-solidarieta-luxottica-puntata-del-16-ottobre-2020\/\">CASSA SOLIDARIET\u00c0 LUXOTTICA &#8211; TUTTE LE PUNTATE<\/a><\/p><\/blockquote>\n<p><iframe loading=\"lazy\" class=\"wp-embedded-content\" sandbox=\"allow-scripts\" security=\"restricted\" style=\"position: absolute; clip: rect(1px, 1px, 1px, 1px);\" title=\"&#8220;CASSA SOLIDARIET\u00c0 LUXOTTICA &#8211; TUTTE LE PUNTATE&#8221; &#8212; Radio Pi\u00f9\" src=\"https:\/\/www.radiopiu.net\/wordpress\/cassa-solidarieta-luxottica-puntata-del-16-ottobre-2020\/embed\/#?secret=E1gZf60t3i\" data-secret=\"E1gZf60t3i\" width=\"600\" height=\"338\" frameborder=\"0\" marginwidth=\"0\" marginheight=\"0\" scrolling=\"no\"><\/iframe><\/p>\n<div><\/div>\n<p>&nbsp;<\/p>\n<hr \/>\n<p>&nbsp;<\/p>\n<blockquote>\n<h3 id=\"titlewrap\">COLLAGE DI LORIS SCUSSEL, DAL LUNEDI AL VENERDI ALLE 16 E ALLE 23<\/h3>\n<\/blockquote>\n<div><\/div>\n<div>\n<p><strong>AUDIO PUNTATA 355 DEL 27 MAGGIO\u00a0<\/strong><\/p>\n<audio class=\"wp-audio-shortcode\" id=\"audio-212656-9\" preload=\"none\" style=\"width: 100%;\" controls=\"controls\"><source type=\"audio\/mpeg\" src=\"https:\/\/www.radiopiu.net\/wordpress\/wp-content\/uploads\/2021\/05\/COVE.mp3?_=9\" \/><a href=\"https:\/\/www.radiopiu.net\/wordpress\/wp-content\/uploads\/2021\/05\/COVE.mp3\">https:\/\/www.radiopiu.net\/wordpress\/wp-content\/uploads\/2021\/05\/COVE.mp3<\/a><\/audio>\n<p>&nbsp;<\/p>\n<p><img loading=\"lazy\" decoding=\"async\" class=\"alignleft\" src=\"https:\/\/www.radiopiu.net\/wordpress\/wp-content\/uploads\/2021\/05\/Schermata-2021-05-23-alle-11.50.11.png\" width=\"186\" height=\"131\" \/>Il programma \u00e8 andato in onda da dicembre 2013 fino a luglio 2019, comprese le repliche, in due serie per 350 puntate complessive con 1.890 brani trasmessi. L\u2019obiettivo del programma: riproporre agli ascoltatori pi\u00f9 grandicelli le canzoni che ascoltavano nel passato e nello stesso tempo farle conoscere anche ai pi\u00f9 giovani.<\/p>\n<p>&nbsp;<\/p>\n<\/div>\n<p>&nbsp;<\/p>\n<hr \/>\n<h1><span style=\"color: #ff0000;\">\u00a0<\/span><\/h1>\n<h1><span style=\"color: #ff0000;\">ALLA RADIO<\/span><\/h1>\n<blockquote>\n<h3><a href=\"https:\/\/www.radiopiu.net\/wordpress\/convocato-per-venerdi-13-novembre-il-consiglio-generale-chiamato-ad-eleggere-il-nuovo-segretario-generale-dopo-lingresso-di-cinzia-bonan-in-segreteria-regionale-ampia-convergenza-sul-nome-del\/schermata-2020-11-11-alle-12-25-13\/\" rel=\"attachment wp-att-172025\"><img loading=\"lazy\" decoding=\"async\" class=\"wp-image-172025 alignleft\" src=\"https:\/\/www.radiopiu.net\/wordpress\/wp-content\/uploads\/2020\/11\/Schermata-2020-11-11-alle-12.25.13-300x157.png\" alt=\"\" width=\"174\" height=\"91\" srcset=\"https:\/\/www.radiopiu.net\/wordpress\/wp-content\/uploads\/2020\/11\/Schermata-2020-11-11-alle-12.25.13-300x157.png 300w, https:\/\/www.radiopiu.net\/wordpress\/wp-content\/uploads\/2020\/11\/Schermata-2020-11-11-alle-12.25.13.png 594w\" sizes=\"auto, (max-width: 174px) 100vw, 174px\" \/><\/a>CISL LA VOCE DEI LAVORATORI CON PAOLO CHISSALE&#8217; E ALICE VETTOREL<\/h3>\n<h3>PUNTATA 19 MAGGIO<\/h3>\n<\/blockquote>\n<audio class=\"wp-audio-shortcode\" id=\"audio-212656-10\" preload=\"none\" style=\"width: 100%;\" controls=\"controls\"><source type=\"audio\/mpeg\" src=\"https:\/\/www.radiopiu.net\/wordpress\/wp-content\/uploads\/2021\/05\/cisl-la-voce-dei-lavoratori.mp3?_=10\" \/><a href=\"https:\/\/www.radiopiu.net\/wordpress\/wp-content\/uploads\/2021\/05\/cisl-la-voce-dei-lavoratori.mp3\">https:\/\/www.radiopiu.net\/wordpress\/wp-content\/uploads\/2021\/05\/cisl-la-voce-dei-lavoratori.mp3<\/a><\/audio>\n<h3><\/h3>\n<hr \/>\n<p>&nbsp;<\/p>\n<p>&nbsp;<\/p>\n<blockquote>\n<h3><img loading=\"lazy\" decoding=\"async\" class=\"alignleft\" src=\"https:\/\/www.radiopiu.net\/wordpress\/wp-content\/uploads\/2021\/05\/c11358c7-8727-48f9-8b4e-41f351f4e04a-225x300-1.jpg\" width=\"123\" height=\"164\" \/>NOMADI IN CONCERTO, DOMENICA ALLE 16.30 A FELTRE &#8211; INDICAZIONI &#8211;<\/h3>\n<p><em>I biglietti per il concerto sono disponibili sul sito www.primiallaprima.it presso le Casse Rurali Trentine e a Feltre presso Tony Dischi Center Shop via Montelungo 4 tel 0439302007. Apertura cancelli alle 14.30<\/em><\/p><\/blockquote>\n<p><strong>I NOMADI<\/strong> iniziano il loro Tour 2021 con la DATA \u201c0\u201d da FELTRE (BL) al Palafeltre, nel pieno rispetto delle attuali norme e disposizioni anti Covid. Dopo tanti mesi di emergenza sanitaria, di stop e di difficolt\u00e0 per tutti i lavoratori dello spettacolo, la musica live pu\u00f2 e deve riprendere, in sicurezza, gli eventi dal vivo si possono realizzare. Questo \u00e8 un segnale importante per tutti, la musica guarisce le ferite, ci aiuta a superare le difficolt\u00e0: la musica non si ferma! Per i Nomadi la musica non si ferma neanche nella produzione discografica: il 23 aprile \u00e8 uscito un nuovo album di inediti \u201cSolo essere umani\u201d, per la prima volta su etichetta BMG e pubblicato in formato vinile, cd e digital download. \u201cValori.Amore.Vita. Queste tre parole sono state il punto di partenza per ogni singola traccia inclusa in questo album ricco di spunti di riflessione sulla nostra esistenza e sul momento complesso che stiamo vivendo\u201d anticipano i Nomadi \u201cLa prima sorpresa di questo progetto \u00e8 il brano che da il titolo all\u2019album \u2018Solo Esseri Umani\u2019, cantato insieme all\u2019amico storico della band, Enzo Iacchetti\u201d. L\u2019album \u00e8 stato anticipato 9 aprile dal primo singolo ufficiale \u201cFrasi nel fuoco\u201d, un brano pieno di vita, dedicato a chi vuole continuare a sperare, a guardare al futuro per arricchire questo presente che spesso risulta essere complesso ed invalicabile. Beppe Carletti, storico leader dei Nomadi, racconta: \u201c\u2018Frasi nel fuoco\u2019 \u00e8 la voglia di vivere pura, tenacia e determinazione. \u00c8 un inno alla vita e all&#8217;amore per la vita a dispetto di ogni difficolt\u00e0. \u00c8 un brano vivace che conferma il nostro bisogno di ripartenza, di un&#8217;esistenza piena.\u201d Oltre al nuovo album, nel repertorio del concerto verranno riproposti i brani che hanno segnato la storia del gruppo, nato nel 1963 e che non ha mai smesso di rinnovarsi, senza tradire lo spirito nomade che lo contraddistingue. Il concerto \u00e8 organizzato da Gioservice di Giovanni Tosatto in collaborazione con la Cooperativa Elementa che gestisce l\u2019impianto sportivo<\/p>\n<p><strong>FELTRE<\/strong> Attesissimo evento in presenza, il primo a Feltre con i Nomadi che aprono il nuovo tour. Ne parliamo con l&#8217;organizzatore Giovanni Tosatto della Gio Service.<\/p>\n<audio class=\"wp-audio-shortcode\" id=\"audio-212656-11\" preload=\"none\" style=\"width: 100%;\" controls=\"controls\"><source type=\"audio\/mpeg\" src=\"https:\/\/www.radiopiu.net\/wordpress\/wp-content\/uploads\/2021\/05\/INT-GIO.mp3?_=11\" \/><a href=\"https:\/\/www.radiopiu.net\/wordpress\/wp-content\/uploads\/2021\/05\/INT-GIO.mp3\">https:\/\/www.radiopiu.net\/wordpress\/wp-content\/uploads\/2021\/05\/INT-GIO.mp3<\/a><\/audio>\n<h2><span style=\"color: #ff0000;\"><a href=\"https:\/\/www.radiopiu.net\/wordpress\/la-ripartenza-nomadi-domenica-al-palafeltre-il-concerto-data-zero\/122720286_2797468823842472_1254831630635531242_n\/\" rel=\"attachment wp-att-210735\"><img loading=\"lazy\" decoding=\"async\" class=\" wp-image-210735 alignleft\" src=\"https:\/\/www.radiopiu.net\/wordpress\/wp-content\/uploads\/2021\/05\/122720286_2797468823842472_1254831630635531242_n.jpg\" alt=\"\" width=\"122\" height=\"122\" srcset=\"https:\/\/www.radiopiu.net\/wordpress\/wp-content\/uploads\/2021\/05\/122720286_2797468823842472_1254831630635531242_n.jpg 206w, https:\/\/www.radiopiu.net\/wordpress\/wp-content\/uploads\/2021\/05\/122720286_2797468823842472_1254831630635531242_n-150x150.jpg 150w\" sizes=\"auto, (max-width: 122px) 100vw, 122px\" \/><\/a><\/span><\/h2>\n<h2><span style=\"font-size: 14px; font-weight: normal;\">Ospite Beppe Carletti&#8230;dei Nomadi<\/span><\/h2>\n<audio class=\"wp-audio-shortcode\" id=\"audio-212656-12\" preload=\"none\" style=\"width: 100%;\" controls=\"controls\"><source type=\"audio\/mpeg\" src=\"https:\/\/www.radiopiu.net\/wordpress\/wp-content\/uploads\/2021\/05\/carletti-intervista-2021.mp3?_=12\" \/><a href=\"https:\/\/www.radiopiu.net\/wordpress\/wp-content\/uploads\/2021\/05\/carletti-intervista-2021.mp3\">https:\/\/www.radiopiu.net\/wordpress\/wp-content\/uploads\/2021\/05\/carletti-intervista-2021.mp3<\/a><\/audio>\n<p>&nbsp;<\/p>\n<h2 align=\"JUSTIFY\"><\/h2>\n<hr \/>\n<div>\n<div>\n<div class=\"page-title-head hgroup\">\n<div class=\"page-title-head hgroup\">\n<div class=\"page-title-head hgroup\">\n<p>&nbsp;<\/p>\n<blockquote>\n<h2><\/h2>\n<h2>FANTASTICHE DOLOMITI, NUOVA STAGIONE. APPUNTAMENTO QUINDICINALE IL GIOVEDI ALLE 10.30 E 19.00<\/h2>\n<\/blockquote>\n<h2><a class=\"dt-pswp-item\" href=\"https:\/\/www.radiopiu.net\/wordpress\/wp-content\/uploads\/2020\/10\/pp-2.jpg\" data-dt-img-description=\"\" data-large_image_width=\"384\" data-large_image_height=\"384\"><img loading=\"lazy\" decoding=\"async\" class=\"wp-image-165187 alignleft\" src=\"https:\/\/www.radiopiu.net\/wordpress\/wp-content\/uploads\/2020\/10\/pp-2-300x300.jpg\" alt=\"\" width=\"114\" height=\"114\" srcset=\"https:\/\/www.radiopiu.net\/wordpress\/wp-content\/uploads\/2020\/10\/pp-2-300x300.jpg 300w, https:\/\/www.radiopiu.net\/wordpress\/wp-content\/uploads\/2020\/10\/pp-2-150x150.jpg 150w, https:\/\/www.radiopiu.net\/wordpress\/wp-content\/uploads\/2020\/10\/pp-2.jpg 384w\" sizes=\"auto, (max-width: 114px) 100vw, 114px\" \/><\/a><\/h2>\n<h2><\/h2>\n<h2><span style=\"color: #ff0000;\">PUNTATA 16 20 MAGGIO<\/span><\/h2>\n<p><strong>OSPITE CLAUDIO CANOVA<\/strong><\/p>\n<p>&nbsp;<\/p>\n<audio class=\"wp-audio-shortcode\" id=\"audio-212656-13\" preload=\"none\" style=\"width: 100%;\" controls=\"controls\"><source type=\"audio\/mpeg\" src=\"https:\/\/www.radiopiu.net\/wordpress\/wp-content\/uploads\/2021\/05\/fantastiche-dolomiti-20-maggio.mp3?_=13\" \/><a href=\"https:\/\/www.radiopiu.net\/wordpress\/wp-content\/uploads\/2021\/05\/fantastiche-dolomiti-20-maggio.mp3\">https:\/\/www.radiopiu.net\/wordpress\/wp-content\/uploads\/2021\/05\/fantastiche-dolomiti-20-maggio.mp3<\/a><\/audio>\n<h3>LA RACCOLTA COMPLETA<\/h3>\n<p>https:\/\/www.radiopiu.net\/wordpress\/raccolta-completa\/<\/p>\n<p>&nbsp;<\/p>\n<p>&nbsp;<\/p>\n<p>&nbsp;<\/p>\n<hr \/>\n<div dir=\"auto\">\n<blockquote>\n<h3>SALUTE E SOCIETA&#8217; IL LUNEDI ALLE 13.10 E ALLE 20.10, LA DOMENICA ALLE 10.30 A CURA DEL DOTTOR MARCO CARACCIOLO. QUINTA STAGIONE<\/h3>\n<\/blockquote>\n<p><strong>LA PUNTATA DELLA SETTIMANA del 24 <\/strong><strong>MAGGIO<\/strong><\/p>\n<p><a href=\"https:\/\/www.radiopiu.net\/wordpress\/giornale-radiopiu-25-maggio-2021-direttore-mirko-mezzacasa\/8cacc7a6-35ef-f947-4785-1f116cc0a1ed\/\" rel=\"attachment wp-att-211589\"><img loading=\"lazy\" decoding=\"async\" class=\"size-medium wp-image-211589 alignleft\" src=\"https:\/\/www.radiopiu.net\/wordpress\/wp-content\/uploads\/2021\/05\/8cacc7a6-35ef-f947-4785-1f116cc0a1ed-300x169.jpg\" alt=\"\" width=\"300\" height=\"169\" srcset=\"https:\/\/www.radiopiu.net\/wordpress\/wp-content\/uploads\/2021\/05\/8cacc7a6-35ef-f947-4785-1f116cc0a1ed-300x169.jpg 300w, https:\/\/www.radiopiu.net\/wordpress\/wp-content\/uploads\/2021\/05\/8cacc7a6-35ef-f947-4785-1f116cc0a1ed-1024x576.jpg 1024w, https:\/\/www.radiopiu.net\/wordpress\/wp-content\/uploads\/2021\/05\/8cacc7a6-35ef-f947-4785-1f116cc0a1ed-768x432.jpg 768w, https:\/\/www.radiopiu.net\/wordpress\/wp-content\/uploads\/2021\/05\/8cacc7a6-35ef-f947-4785-1f116cc0a1ed.jpg 1280w\" sizes=\"auto, (max-width: 300px) 100vw, 300px\" \/><\/a>E\u2019 online il sito web oltrelaspasticita.it realizzato da Ipsen, azienda biofarmaceutica, in collaborazione con neurologi, fisioterapisti, fisiatri, assieme all\u2019associazione di pazienti A.L.I.Ce. Massimiliano Bordignon ne ha parlato con Nicoletta Reale, Presidente di A.L.I.Ce. Italia, Associazione per la lotta all\u2019ictus cerebrale; Andrea Santamato, Direttore struttura complessa di medicina fisica e riabilitativa, Policlinico di Foggia, professore associato di medicina fisica e riabilitativa Universit\u00e0 di Foggia; Paola Mazzanti, Medical &amp; Regulatory Affairs Director, Ipsen S.p.A.<\/p>\n<p>&nbsp;<\/p>\n<p><strong>AUDIO<\/strong><\/p>\n<div dir=\"auto\">\n<audio class=\"wp-audio-shortcode\" id=\"audio-212656-14\" preload=\"none\" style=\"width: 100%;\" controls=\"controls\"><source type=\"audio\/mpeg\" src=\"https:\/\/www.radiopiu.net\/wordpress\/wp-content\/uploads\/2021\/05\/SALUTE-3.mp3?_=14\" \/><a href=\"https:\/\/www.radiopiu.net\/wordpress\/wp-content\/uploads\/2021\/05\/SALUTE-3.mp3\">https:\/\/www.radiopiu.net\/wordpress\/wp-content\/uploads\/2021\/05\/SALUTE-3.mp3<\/a><\/audio>\n<p><strong>LA RACCOLTA COMPLETA\u00a0<\/strong><\/p>\n<\/div>\n<blockquote class=\"wp-embedded-content\" data-secret=\"8jZOkiUiwZ\"><p><a href=\"https:\/\/www.radiopiu.net\/wordpress\/saluteesocieta\/\">Salute e Societ\u00e0<\/a><\/p><\/blockquote>\n<p><iframe loading=\"lazy\" class=\"wp-embedded-content\" sandbox=\"allow-scripts\" security=\"restricted\" style=\"position: absolute; clip: rect(1px, 1px, 1px, 1px);\" title=\"&#8220;Salute e Societ\u00e0&#8221; &#8212; Radio Pi\u00f9\" src=\"https:\/\/www.radiopiu.net\/wordpress\/saluteesocieta\/embed\/#?secret=8jZOkiUiwZ\" data-secret=\"8jZOkiUiwZ\" width=\"600\" height=\"338\" frameborder=\"0\" marginwidth=\"0\" marginheight=\"0\" scrolling=\"no\"><\/iframe><\/p>\n<p>&nbsp;<\/p>\n<hr \/>\n<p>&nbsp;<\/p>\n<blockquote>\n<h3 class=\"kvgmc6g5 cxmmr5t8 oygrvhab hcukyx3x c1et5uql\"><span style=\"color: #0000ff;\">INFORMAZIONE il canale su TELEGRAM informazione di prima mano e in tempo reale. iscriviti ed aiutaci a farlo conoscere\u00a0<\/span><\/h3>\n<\/blockquote>\n<h2><a href=\"https:\/\/www.radiopiu.net\/wordpress\/strutturare-lo-studio\/studiare\/\" rel=\"attachment wp-att-210171\"><img loading=\"lazy\" decoding=\"async\" class=\" wp-image-210171 alignleft\" src=\"https:\/\/www.radiopiu.net\/wordpress\/wp-content\/uploads\/2021\/05\/studiare-300x200.jpeg\" alt=\"\" width=\"177\" height=\"118\" srcset=\"https:\/\/www.radiopiu.net\/wordpress\/wp-content\/uploads\/2021\/05\/studiare-300x200.jpeg 300w, https:\/\/www.radiopiu.net\/wordpress\/wp-content\/uploads\/2021\/05\/studiare.jpeg 626w\" sizes=\"auto, (max-width: 177px) 100vw, 177px\" \/><\/a>007 IN CONDOTTA CON LA PROF. MARIA ROSA SALMAZO IL LUNEDI ALLE 10,30 E ALLE 19.00 LA DOMENICA ALLE 8 DEL MATTINO. NONA STAGIONE<\/h2>\n<p><span style=\"color: #ff0000;\"><strong>PUNTATA DEL 24 MAGGIO 2021\u00a0\u00a0<\/strong><\/span><\/p>\n<audio class=\"wp-audio-shortcode\" id=\"audio-212656-15\" preload=\"none\" style=\"width: 100%;\" controls=\"controls\"><source type=\"audio\/mpeg\" src=\"https:\/\/www.radiopiu.net\/wordpress\/wp-content\/uploads\/2021\/05\/007-24-maggio.mp3?_=15\" \/><a href=\"https:\/\/www.radiopiu.net\/wordpress\/wp-content\/uploads\/2021\/05\/007-24-maggio.mp3\">https:\/\/www.radiopiu.net\/wordpress\/wp-content\/uploads\/2021\/05\/007-24-maggio.mp3<\/a><\/audio>\n<h2>LA RACCOLTA COMPLETA<\/h2>\n<blockquote class=\"wp-embedded-content\" data-secret=\"KidZKEUuwh\"><p><a href=\"https:\/\/www.radiopiu.net\/wordpress\/007incondotta-9\/\">007 in condotta<\/a><\/p><\/blockquote>\n<p><iframe loading=\"lazy\" class=\"wp-embedded-content\" sandbox=\"allow-scripts\" security=\"restricted\" style=\"position: absolute; clip: rect(1px, 1px, 1px, 1px);\" title=\"&#8220;007 in condotta&#8221; &#8212; Radio Pi\u00f9\" src=\"https:\/\/www.radiopiu.net\/wordpress\/007incondotta-9\/embed\/#?secret=KidZKEUuwh\" data-secret=\"KidZKEUuwh\" width=\"600\" height=\"338\" frameborder=\"0\" marginwidth=\"0\" marginheight=\"0\" scrolling=\"no\"><\/iframe><\/p>\n<blockquote><p>&nbsp;<\/p><\/blockquote>\n<p>&nbsp;<\/p>\n<p>&nbsp;<\/p>\n<hr \/>\n<h1><span style=\"color: #ff0000;\"><strong>\u00a0<\/strong><\/span><\/h1>\n<h2><span style=\"color: #ff0000;\"><strong>IN VIVO VERSO 2020-21 ESTATE, RIASCOLTIAMOLI&#8230; DAL CASSETTO DEI RICORDI DI RADIO PIU&#8217;&#8230; LE PRIME\u00a0 SEI STAGIONI\u00a0\u00a0<\/strong><\/span><\/h2>\n<div class=\"page-title-head hgroup\">\n<div class=\"page-title-head hgroup\">\n<div class=\"page-title-head hgroup\">\n<div class=\"page-title-head hgroup\">\n<div class=\"page-title-head hgroup\">\n<div class=\"page-title-head hgroup\">\n<blockquote>\n<h3>riascoltiamole<\/h3>\n<\/blockquote>\n<p><strong>AUDIO<\/strong><\/p>\n<p>&nbsp;<\/p>\n<p>&nbsp;<\/p>\n<\/div>\n<div class=\"page-title-breadcrumbs\">\n<p><strong>LA RACCOLTA COMPLETA<\/strong><\/p>\n<\/div>\n<\/div>\n<\/div>\n<\/div>\n<\/div>\n<\/div>\n<blockquote class=\"wp-embedded-content\" data-secret=\"am0AmD8mGm\"><p><a href=\"https:\/\/www.radiopiu.net\/wordpress\/in-vivo-verso\/\">In Vivo Verso<\/a><\/p><\/blockquote>\n<p><iframe loading=\"lazy\" class=\"wp-embedded-content\" sandbox=\"allow-scripts\" security=\"restricted\" style=\"position: absolute; clip: rect(1px, 1px, 1px, 1px);\" title=\"&#8220;In Vivo Verso&#8221; &#8212; Radio Pi\u00f9\" src=\"https:\/\/www.radiopiu.net\/wordpress\/in-vivo-verso\/embed\/#?secret=am0AmD8mGm\" data-secret=\"am0AmD8mGm\" width=\"600\" height=\"338\" frameborder=\"0\" marginwidth=\"0\" marginheight=\"0\" scrolling=\"no\"><\/iframe><\/p>\n<p>&nbsp;<\/p>\n<hr \/>\n<h2><span style=\"color: #ff0000;\"><a href=\"https:\/\/www.radiopiu.net\/wordpress\/giornale-radiopiu-05-gennaio-2021-direttore-mirko-mezzacasa\/133200401_100838761953611_1258544160541445132_o-2\/\" rel=\"attachment wp-att-183078\"><img loading=\"lazy\" decoding=\"async\" class=\" wp-image-183078 alignleft\" src=\"https:\/\/www.radiopiu.net\/wordpress\/wp-content\/uploads\/2021\/01\/133200401_100838761953611_1258544160541445132_o-1-300x157.jpg\" alt=\"\" width=\"192\" height=\"101\" srcset=\"https:\/\/www.radiopiu.net\/wordpress\/wp-content\/uploads\/2021\/01\/133200401_100838761953611_1258544160541445132_o-1-300x157.jpg 300w, https:\/\/www.radiopiu.net\/wordpress\/wp-content\/uploads\/2021\/01\/133200401_100838761953611_1258544160541445132_o-1.jpg 526w\" sizes=\"auto, (max-width: 192px) 100vw, 192px\" \/><\/a>GOCCE DI FILOSOFIA, CON CHIARA CAU, CON LISA DE LUCA. <\/span><\/h2>\n<h2><span style=\"color: #ff0000;\">TUTTI I GIORNI DAL LUNEDI AL VENERDI ALLE 6.55 E ALLE 18.55<\/span><\/h2>\n<h3>LA RACCOLTA COMPLETA<\/h3>\n<blockquote class=\"wp-embedded-content\" data-secret=\"7cFznY7P75\"><p><a href=\"https:\/\/www.radiopiu.net\/wordpress\/gocce-filosofia\/\">Gocce di filosofia<\/a><\/p><\/blockquote>\n<p><iframe loading=\"lazy\" class=\"wp-embedded-content\" sandbox=\"allow-scripts\" security=\"restricted\" style=\"position: absolute; clip: rect(1px, 1px, 1px, 1px);\" title=\"&#8220;Gocce di filosofia&#8221; &#8212; Radio Pi\u00f9\" src=\"https:\/\/www.radiopiu.net\/wordpress\/gocce-filosofia\/embed\/#?secret=7cFznY7P75\" data-secret=\"7cFznY7P75\" width=\"600\" height=\"338\" frameborder=\"0\" marginwidth=\"0\" marginheight=\"0\" scrolling=\"no\"><\/iframe><\/p>\n<p>&nbsp;<\/p>\n<hr \/>\n<p>&nbsp;<\/p>\n<p>&nbsp;<\/p>\n<div>\n<p>&nbsp;<\/p>\n<h2><span style=\"color: #800080;\"><strong>LA RASSEGNA STAMPA DA L&#8217;AMICO DEL POPOLO\u00a0<\/strong><\/span><\/h2>\n<h3 class=\"kvgmc6g5 cxmmr5t8 oygrvhab hcukyx3x c1et5uql\"><span style=\"color: #0000ff;\"> INFORMAZIONE il canale su TELEGRAM informazione di prima mano e in tempo reale. iscriviti ed aiutaci a farlo conoscere\u00a0<\/span><\/h3>\n<p><strong><a href=\"https:\/\/www.radiopiu.net\/wordpress\/?attachment_id=212771\" rel=\"attachment wp-att-212771\"><img loading=\"lazy\" decoding=\"async\" class=\"size-full wp-image-212771 alignleft\" src=\"https:\/\/www.radiopiu.net\/wordpress\/wp-content\/uploads\/2021\/05\/GIOVANNI-DEON.jpg\" alt=\"\" width=\"228\" height=\"221\" \/><\/a>di Gianni Santomaso<\/strong><\/p>\n<p>OSPITE: Giovanni Deon Sindaco di Rivamonte<\/p>\n<audio class=\"wp-audio-shortcode\" id=\"audio-212656-16\" preload=\"none\" style=\"width: 100%;\" controls=\"controls\"><source type=\"audio\/mpeg\" src=\"https:\/\/www.radiopiu.net\/wordpress\/wp-content\/uploads\/2021\/05\/RASSEGNA-GIANNI-4.mp3?_=16\" \/><a href=\"https:\/\/www.radiopiu.net\/wordpress\/wp-content\/uploads\/2021\/05\/RASSEGNA-GIANNI-4.mp3\">https:\/\/www.radiopiu.net\/wordpress\/wp-content\/uploads\/2021\/05\/RASSEGNA-GIANNI-4.mp3<\/a><\/audio>\n<p>&nbsp;<\/p>\n<p>&nbsp;<\/p>\n<p><strong>LA RACCOLTA COMPLETA<\/strong><\/p>\n<blockquote class=\"wp-embedded-content\" data-secret=\"o0l4v3RMxC\"><p><a href=\"https:\/\/www.radiopiu.net\/wordpress\/rassegna-stampa-di-gianni-santomaso\/\">Rassegna stampa da l&#8217;amico del popolo &#8211; di Gianni Santomaso<\/a><\/p><\/blockquote>\n<p><iframe loading=\"lazy\" class=\"wp-embedded-content\" sandbox=\"allow-scripts\" security=\"restricted\" style=\"position: absolute; clip: rect(1px, 1px, 1px, 1px);\" title=\"&#8220;Rassegna stampa da l&#8217;amico del popolo &#8211; di Gianni Santomaso&#8221; &#8212; Radio Pi\u00f9\" src=\"https:\/\/www.radiopiu.net\/wordpress\/rassegna-stampa-di-gianni-santomaso\/embed\/#?secret=o0l4v3RMxC\" data-secret=\"o0l4v3RMxC\" width=\"600\" height=\"338\" frameborder=\"0\" marginwidth=\"0\" marginheight=\"0\" scrolling=\"no\"><\/iframe><\/p>\n<div class=\"b654a4as d2edcug0\"><\/div>\n<\/div>\n<p>&nbsp;<\/p>\n<p>&nbsp;<\/p>\n<\/div>\n<hr \/>\n<div>\n<div>\n<div class=\"b654a4as d2edcug0\">\n<div class=\"rq0escxv hkbzh7o3 jwdofwj8 n8tt0mok r8blr3vg hyh9befq\">\n<div class=\"b654a4as d2edcug0\">\n<h2><span style=\"color: #008000;\">\u00a0<\/span><\/h2>\n<h2><span style=\"color: #008000;\">ERBE E PIANTE CURATIVE&#8230;IL\u00a0 PROGRAMMA DI PAOLA LANCIATO<\/span><\/h2>\n<\/div>\n<p><strong><a href=\"https:\/\/www.radiopiu.net\/wordpress\/nel-giardino-del-re-il-non-ti-scordar-di-me\/th-120\/\" rel=\"attachment wp-att-211838\"><img loading=\"lazy\" decoding=\"async\" class=\" wp-image-211838 alignleft\" src=\"https:\/\/www.radiopiu.net\/wordpress\/wp-content\/uploads\/2021\/05\/th-23.jpg\" alt=\"\" width=\"168\" height=\"112\" \/><\/a>di Paola Lanciato<\/strong><\/p>\n<p><strong>\u00a0<\/strong><\/p>\n<p><strong>IL NON TI SCORDAR DI ME<\/strong><\/p>\n<p>&nbsp;<\/p>\n<audio class=\"wp-audio-shortcode\" id=\"audio-212656-17\" preload=\"none\" style=\"width: 100%;\" controls=\"controls\"><source type=\"audio\/mpeg\" src=\"https:\/\/www.radiopiu.net\/wordpress\/wp-content\/uploads\/2021\/05\/15-Il-non-ti-scordar-di-me-M.mp3?_=17\" \/><a href=\"https:\/\/www.radiopiu.net\/wordpress\/wp-content\/uploads\/2021\/05\/15-Il-non-ti-scordar-di-me-M.mp3\">https:\/\/www.radiopiu.net\/wordpress\/wp-content\/uploads\/2021\/05\/15-Il-non-ti-scordar-di-me-M.mp3<\/a><\/audio>\n<h3><strong>LA RACCOLTA COMPLETA\u00a0<\/strong><\/h3>\n<blockquote class=\"wp-embedded-content\" data-secret=\"xF5i0O2Dxr\"><p><a href=\"https:\/\/www.radiopiu.net\/wordpress\/erbe-e-piante-curative-il-mandorlo\/\">L\u2019ERBA VOGLIO DEL GIARDINO DEL RE\u2026 ERBE, FIORI E PIANTE DI E CON PAOLA LANCIATO<\/a><\/p><\/blockquote>\n<p><iframe loading=\"lazy\" class=\"wp-embedded-content\" sandbox=\"allow-scripts\" security=\"restricted\" style=\"position: absolute; clip: rect(1px, 1px, 1px, 1px);\" title=\"&#8220;L\u2019ERBA VOGLIO DEL GIARDINO DEL RE\u2026 ERBE, FIORI E PIANTE DI E CON PAOLA LANCIATO&#8221; &#8212; Radio Pi\u00f9\" src=\"https:\/\/www.radiopiu.net\/wordpress\/erbe-e-piante-curative-il-mandorlo\/embed\/#?secret=xF5i0O2Dxr\" data-secret=\"xF5i0O2Dxr\" width=\"600\" height=\"338\" frameborder=\"0\" marginwidth=\"0\" marginheight=\"0\" scrolling=\"no\"><\/iframe><\/p>\n<p>&nbsp;<\/p>\n<p>&nbsp;<\/p>\n<p>&nbsp;<\/p>\n<hr \/>\n<p>&nbsp;<\/p>\n<blockquote>\n<h2><span style=\"color: #ff0000;\"><em>ZAINO ALLA RADIO&#8230;ESTATE DI PAOLA LANCIATO TUTTI I GIORNI dal lunedi al venerdi ALLE 14 E 23.30\u00a0<\/em><\/span><\/h2>\n<h3>SABAUDIA E IL CIRCEO &#8211; ZAINO DA VIAGGIO ESTATE di PAOLA LANCIATO<\/h3>\n<\/blockquote>\n<p>AUDIO<\/p>\n<audio class=\"wp-audio-shortcode\" id=\"audio-212656-18\" preload=\"none\" style=\"width: 100%;\" controls=\"controls\"><source type=\"audio\/mpeg\" src=\"https:\/\/www.radiopiu.net\/wordpress\/wp-content\/uploads\/2021\/05\/15-Sabaudia-e-il-Circeo-M-1.mp3?_=18\" \/><a href=\"https:\/\/www.radiopiu.net\/wordpress\/wp-content\/uploads\/2021\/05\/15-Sabaudia-e-il-Circeo-M-1.mp3\">https:\/\/www.radiopiu.net\/wordpress\/wp-content\/uploads\/2021\/05\/15-Sabaudia-e-il-Circeo-M-1.mp3<\/a><\/audio>\n<p><img loading=\"lazy\" decoding=\"async\" class=\"\" src=\"https:\/\/www.radiopiu.net\/wordpress\/wp-content\/uploads\/2021\/05\/15.jpg\" width=\"249\" height=\"240\" \/><\/p>\n<p>&nbsp;<\/p>\n<p><strong>LA RACCOLTA COMPLETA\u00a0<\/strong><\/p>\n<blockquote class=\"wp-embedded-content\" data-secret=\"qFzOj12clA\"><p><a href=\"https:\/\/www.radiopiu.net\/wordpress\/zaino-femminile-lanciato\/\">Zaino da viaggio al femminile<\/a><\/p><\/blockquote>\n<p><iframe loading=\"lazy\" class=\"wp-embedded-content\" sandbox=\"allow-scripts\" security=\"restricted\" style=\"position: absolute; clip: rect(1px, 1px, 1px, 1px);\" title=\"&#8220;Zaino da viaggio al femminile&#8221; &#8212; Radio Pi\u00f9\" src=\"https:\/\/www.radiopiu.net\/wordpress\/zaino-femminile-lanciato\/embed\/#?secret=qFzOj12clA\" data-secret=\"qFzOj12clA\" width=\"600\" height=\"338\" frameborder=\"0\" marginwidth=\"0\" marginheight=\"0\" scrolling=\"no\"><\/iframe><\/p>\n<p>&nbsp;<\/p>\n<p>&nbsp;<\/p>\n<\/div>\n<\/div>\n<\/div>\n<div>\n<div class=\"page-title-head hgroup\">\n<div class=\"page-title-head hgroup\">\n<div>\n<div class=\"b654a4as d2edcug0\">\n<div class=\"rq0escxv hkbzh7o3 jwdofwj8 n8tt0mok r8blr3vg hyh9befq\">\n<p>&nbsp;<\/p>\n<\/div>\n<\/div>\n<div class=\"b654a4as d2edcug0\">\n<hr \/>\n<p>&nbsp;<\/p>\n<blockquote>\n<h3><a href=\"https:\/\/www.radiopiu.net\/wordpress\/almanacco-ladino-puntata-5-2020\/sn\/\" rel=\"attachment wp-att-180931\"><img loading=\"lazy\" decoding=\"async\" class=\"wp-image-180931 alignleft\" src=\"https:\/\/www.radiopiu.net\/wordpress\/wp-content\/uploads\/2020\/12\/sn-300x194.jpg\" alt=\"\" width=\"181\" height=\"117\" srcset=\"https:\/\/www.radiopiu.net\/wordpress\/wp-content\/uploads\/2020\/12\/sn-300x194.jpg 300w, https:\/\/www.radiopiu.net\/wordpress\/wp-content\/uploads\/2020\/12\/sn.jpg 626w\" sizes=\"auto, (max-width: 181px) 100vw, 181px\" \/><\/a>L&#8217;ALMANACCO LADINO CON L&#8217;ISTITUT CESA DE JAN QUINDICINALE APPUNTAMENTO. LA DOMENICA ALLE 9 IL LUNEDI ALLE 8.35 IL MARTEDI ALLE 12.35 IL MERCOLEDI ALLE 18.35. SECONDA STAGIONE.<\/h3>\n<p><strong>PUNTATA DEL 24 MAGGIO 2021<\/strong><\/p><\/blockquote>\n<audio class=\"wp-audio-shortcode\" id=\"audio-212656-19\" preload=\"none\" style=\"width: 100%;\" controls=\"controls\"><source type=\"audio\/mpeg\" src=\"https:\/\/www.radiopiu.net\/wordpress\/wp-content\/uploads\/2021\/05\/59\u00b0Almanacco-Ladino_Col.mp3?_=19\" \/><a href=\"https:\/\/www.radiopiu.net\/wordpress\/wp-content\/uploads\/2021\/05\/59\u00b0Almanacco-Ladino_Col.mp3\">https:\/\/www.radiopiu.net\/wordpress\/wp-content\/uploads\/2021\/05\/59\u00b0Almanacco-Ladino_Col.mp3<\/a><\/audio>\n<p>&nbsp;<\/p>\n<p><strong>RACCOLTA COMPLETA\u00a0<\/strong><\/p>\n<blockquote class=\"wp-embedded-content\" data-secret=\"2SgzOGWFQl\"><p><a href=\"https:\/\/www.radiopiu.net\/wordpress\/almanacco-ladino\/\">Almanacco Ladino<\/a><\/p><\/blockquote>\n<p><iframe loading=\"lazy\" class=\"wp-embedded-content\" sandbox=\"allow-scripts\" security=\"restricted\" style=\"position: absolute; clip: rect(1px, 1px, 1px, 1px);\" title=\"&#8220;Almanacco Ladino&#8221; &#8212; Radio Pi\u00f9\" src=\"https:\/\/www.radiopiu.net\/wordpress\/almanacco-ladino\/embed\/#?secret=2SgzOGWFQl\" data-secret=\"2SgzOGWFQl\" width=\"600\" height=\"338\" frameborder=\"0\" marginwidth=\"0\" marginheight=\"0\" scrolling=\"no\"><\/iframe><\/p>\n<div dir=\"auto\"><\/div>\n<\/div>\n<div>\n<p>&nbsp;<\/p>\n<hr \/>\n<h2><span style=\"color: #808000;\">\u00a0<\/span><\/h2>\n<h2><span style=\"color: #808000;\">DUE MINUTI UN LIBRO\u00a0 TUTTI I GIORNI ALLA RADIO ALLE 9.30 E ALLE 18. QUINTA STAGIONE\u00a0\u00a0<\/span><\/h2>\n<p>&nbsp;<\/p>\n<h3><span style=\"color: #808000;\">\u00a0<\/span>LA RACCOLTA COMPLETA<\/h3>\n<blockquote class=\"wp-embedded-content\" data-secret=\"ySJIpAJbuv\"><p><a href=\"https:\/\/www.radiopiu.net\/wordpress\/due-minuti-un-libro\/\">Due minuti un libro<\/a><\/p><\/blockquote>\n<p><iframe loading=\"lazy\" class=\"wp-embedded-content\" sandbox=\"allow-scripts\" security=\"restricted\" style=\"position: absolute; clip: rect(1px, 1px, 1px, 1px);\" title=\"&#8220;Due minuti un libro&#8221; &#8212; Radio Pi\u00f9\" src=\"https:\/\/www.radiopiu.net\/wordpress\/due-minuti-un-libro\/embed\/#?secret=ySJIpAJbuv\" data-secret=\"ySJIpAJbuv\" width=\"600\" height=\"338\" frameborder=\"0\" marginwidth=\"0\" marginheight=\"0\" scrolling=\"no\"><\/iframe><\/p>\n<p>&nbsp;<\/p>\n<p>&nbsp;<\/p>\n<hr \/>\n<p>\u200b<\/p>\n<div>\n<h2><span style=\"color: #33cccc;\">I RACCONTI DI PAOLO SOPPELSA il lunedi alle 9.30 e 18.30<\/span><\/h2>\n<blockquote class=\"wp-embedded-content\" data-secret=\"NZxbuGt0QB\"><p><a href=\"https:\/\/www.radiopiu.net\/wordpress\/i-racconti-di-paolo-soppelsa-settantaseiesima-puntata\/\">I RACCONTI DI PAOLO SOPPELSA SETTANTASEIESIMA PUNTATA<\/a><\/p><\/blockquote>\n<p><iframe loading=\"lazy\" class=\"wp-embedded-content\" sandbox=\"allow-scripts\" security=\"restricted\" style=\"position: absolute; clip: rect(1px, 1px, 1px, 1px);\" title=\"&#8220;I RACCONTI DI PAOLO SOPPELSA SETTANTASEIESIMA PUNTATA&#8221; &#8212; Radio Pi\u00f9\" src=\"https:\/\/www.radiopiu.net\/wordpress\/i-racconti-di-paolo-soppelsa-settantaseiesima-puntata\/embed\/#?secret=NZxbuGt0QB\" data-secret=\"NZxbuGt0QB\" width=\"600\" height=\"338\" frameborder=\"0\" marginwidth=\"0\" marginheight=\"0\" scrolling=\"no\"><\/iframe><\/p>\n<p>&nbsp;<\/p>\n<p><span style=\"color: #0000ff;\">INFORMAZIONE il canale su TELEGRAM informazione di prima mano e in tempo reale. iscriviti ed aiutaci a farlo conoscere\u00a0<\/span><\/p>\n<h2><span style=\"color: #33cccc;\"><strong>RACCOLTA COMPLETA<\/strong><\/span><\/h2>\n<blockquote class=\"wp-embedded-content\" data-secret=\"2VZP5TkZOT\"><p><a href=\"https:\/\/www.radiopiu.net\/wordpress\/i-racconti-di-paolo-soppelsa\/\">I racconti di Paolo Soppelsa<\/a><\/p><\/blockquote>\n<p><iframe loading=\"lazy\" class=\"wp-embedded-content\" sandbox=\"allow-scripts\" security=\"restricted\" style=\"position: absolute; clip: rect(1px, 1px, 1px, 1px);\" title=\"&#8220;I racconti di Paolo Soppelsa&#8221; &#8212; Radio Pi\u00f9\" src=\"https:\/\/www.radiopiu.net\/wordpress\/i-racconti-di-paolo-soppelsa\/embed\/#?secret=2VZP5TkZOT\" data-secret=\"2VZP5TkZOT\" width=\"600\" height=\"338\" frameborder=\"0\" marginwidth=\"0\" marginheight=\"0\" scrolling=\"no\"><\/iframe><\/p>\n<p>&nbsp;<\/p>\n<\/div>\n<\/div>\n<hr \/>\n<p>&nbsp;<\/p>\n<\/div>\n<blockquote>\n<blockquote>\n<h2><a href=\"https:\/\/www.radiopiu.net\/wordpress\/speciale-solidarieta-veneto\/solidarieta-veneto-3\/\" rel=\"attachment wp-att-134366\"><img loading=\"lazy\" decoding=\"async\" class=\"wp-image-134366 alignleft\" src=\"https:\/\/www.radiopiu.net\/wordpress\/wp-content\/uploads\/2020\/05\/solidariet\u00e0-veneto-300x210.jpg\" alt=\"\" width=\"102\" height=\"71\" srcset=\"https:\/\/www.radiopiu.net\/wordpress\/wp-content\/uploads\/2020\/05\/solidariet\u00e0-veneto-300x210.jpg 300w, https:\/\/www.radiopiu.net\/wordpress\/wp-content\/uploads\/2020\/05\/solidariet\u00e0-veneto-1024x717.jpg 1024w, https:\/\/www.radiopiu.net\/wordpress\/wp-content\/uploads\/2020\/05\/solidariet\u00e0-veneto-768x538.jpg 768w, https:\/\/www.radiopiu.net\/wordpress\/wp-content\/uploads\/2020\/05\/solidariet\u00e0-veneto.jpg 1373w\" sizes=\"auto, (max-width: 102px) 100vw, 102px\" \/><\/a>SOLIDARIETA&#8217; VENETO FONDO PENSIONE, IN ONDA IL PRIMO VENERDI DEL MESE ALLE 10.30 E ALLE 19.00 QUINTA STAGIONE<\/h2>\n<\/blockquote>\n<h2><strong><span style=\"color: #ff0000;\">AUDIO MAGGIO 2021<\/span><\/strong><\/h2>\n<\/blockquote>\n<div>\n<audio class=\"wp-audio-shortcode\" id=\"audio-212656-20\" preload=\"none\" style=\"width: 100%;\" controls=\"controls\"><source type=\"audio\/mpeg\" src=\"https:\/\/www.radiopiu.net\/wordpress\/wp-content\/uploads\/2021\/05\/solidarieta-veneto-maggio-2021.mp3?_=20\" \/><a href=\"https:\/\/www.radiopiu.net\/wordpress\/wp-content\/uploads\/2021\/05\/solidarieta-veneto-maggio-2021.mp3\">https:\/\/www.radiopiu.net\/wordpress\/wp-content\/uploads\/2021\/05\/solidarieta-veneto-maggio-2021.mp3<\/a><\/audio>\n<\/div>\n<h2>LA RACCOLTA COMPLETA<\/h2>\n<blockquote class=\"wp-embedded-content\" data-secret=\"wxGCp00xxR\"><p><a href=\"https:\/\/www.radiopiu.net\/wordpress\/solidarieta-veneto\/\">Solidariet\u00e0 Veneto<\/a><\/p><\/blockquote>\n<p><iframe loading=\"lazy\" class=\"wp-embedded-content\" sandbox=\"allow-scripts\" security=\"restricted\" style=\"position: absolute; clip: rect(1px, 1px, 1px, 1px);\" title=\"&#8220;Solidariet\u00e0 Veneto&#8221; &#8212; Radio Pi\u00f9\" src=\"https:\/\/www.radiopiu.net\/wordpress\/solidarieta-veneto\/embed\/#?secret=wxGCp00xxR\" data-secret=\"wxGCp00xxR\" width=\"600\" height=\"338\" frameborder=\"0\" marginwidth=\"0\" marginheight=\"0\" scrolling=\"no\"><\/iframe><\/p>\n<blockquote>\n<h2><\/h2>\n<h2><\/h2>\n<\/blockquote>\n<div>\n<hr \/>\n<\/div>\n<div class=\"page-title-head hgroup\">\n<div>\n<p>&nbsp;<\/p>\n<blockquote class=\"wp-embedded-content\" data-secret=\"iyVgvvu7FA\"><p><a href=\"https:\/\/www.radiopiu.net\/wordpress\/agora-agordina-la-nosta-piaza\/\">AGORA&#8217; AGORDINA&#8230; LA NOSTA PIAZA LADINA RACCOLTA COMPLETA PRIMA STAGIONE<\/a><\/p><\/blockquote>\n<p><iframe loading=\"lazy\" class=\"wp-embedded-content\" sandbox=\"allow-scripts\" security=\"restricted\" style=\"position: absolute; clip: rect(1px, 1px, 1px, 1px);\" title=\"&#8220;AGORA&#8217; AGORDINA&#8230; LA NOSTA PIAZA LADINA RACCOLTA COMPLETA PRIMA STAGIONE&#8221; &#8212; Radio Pi\u00f9\" src=\"https:\/\/www.radiopiu.net\/wordpress\/agora-agordina-la-nosta-piaza\/embed\/#?secret=iyVgvvu7FA\" data-secret=\"iyVgvvu7FA\" width=\"600\" height=\"338\" frameborder=\"0\" marginwidth=\"0\" marginheight=\"0\" scrolling=\"no\"><\/iframe><\/p>\n<p>&nbsp;<\/p>\n<div class=\"b654a4as d2edcug0\">\n<div dir=\"auto\">\n<h1><\/h1>\n<hr \/>\n<p>&nbsp;<\/p>\n<div>\n<h2><\/h2>\n<\/div>\n<div>\n<blockquote class=\"wp-embedded-content\" data-secret=\"addeEUyRRr\"><p><a href=\"https:\/\/www.radiopiu.net\/wordpress\/leggermente-20\/\">LEGGERmente&#8230;Bellunesi<\/a><\/p><\/blockquote>\n<p><iframe loading=\"lazy\" class=\"wp-embedded-content\" sandbox=\"allow-scripts\" security=\"restricted\" style=\"position: absolute; clip: rect(1px, 1px, 1px, 1px);\" title=\"&#8220;LEGGERmente&#8230;Bellunesi&#8221; &#8212; Radio Pi\u00f9\" src=\"https:\/\/www.radiopiu.net\/wordpress\/leggermente-20\/embed\/#?secret=addeEUyRRr\" data-secret=\"addeEUyRRr\" width=\"600\" height=\"338\" frameborder=\"0\" marginwidth=\"0\" marginheight=\"0\" scrolling=\"no\"><\/iframe><\/p>\n<\/div>\n<\/div>\n<p>&nbsp;<\/p>\n<p>&nbsp;<\/p>\n<hr \/>\n<\/div>\n<\/div>\n<p>&nbsp;<\/p>\n<p><a href=\"https:\/\/www.radiopiu.net\/wordpress\/giornale-radiopiu-26-settembre-2018-direttore-mirko-mezzacasa\/viabilita-2\/\" rel=\"attachment wp-att-61954\"><img loading=\"lazy\" decoding=\"async\" class=\"wp-image-61954 size-full aligncenter\" src=\"https:\/\/www.radiopiu.net\/wordpress\/wp-content\/uploads\/2018\/09\/viabilita.jpeg\" alt=\"\" width=\"800\" height=\"100\" srcset=\"https:\/\/www.radiopiu.net\/wordpress\/wp-content\/uploads\/2018\/09\/viabilita.jpeg 800w, https:\/\/www.radiopiu.net\/wordpress\/wp-content\/uploads\/2018\/09\/viabilita-300x38.jpeg 300w, https:\/\/www.radiopiu.net\/wordpress\/wp-content\/uploads\/2018\/09\/viabilita-768x96.jpeg 768w\" sizes=\"auto, (max-width: 800px) 100vw, 800px\" \/><\/a><\/p>\n<blockquote><p><a href=\"https:\/\/www.radiopiu.net\/wordpress\/giornale-radiopiu-09-agosto-2018-direttore-mirko-mezzacasa\/viabilia\/\" rel=\"attachment wp-att-57053\"><img loading=\"lazy\" decoding=\"async\" class=\" wp-image-57053 alignleft\" src=\"https:\/\/www.radiopiu.net\/wordpress\/wp-content\/uploads\/2018\/08\/VIABILIA-300x180.jpeg\" alt=\"\" width=\"220\" height=\"132\" srcset=\"https:\/\/www.radiopiu.net\/wordpress\/wp-content\/uploads\/2018\/08\/VIABILIA-300x180.jpeg 300w, https:\/\/www.radiopiu.net\/wordpress\/wp-content\/uploads\/2018\/08\/VIABILIA-768x461.jpeg 768w, https:\/\/www.radiopiu.net\/wordpress\/wp-content\/uploads\/2018\/08\/VIABILIA-1024x614.jpeg 1024w, https:\/\/www.radiopiu.net\/wordpress\/wp-content\/uploads\/2018\/08\/VIABILIA.jpeg 1280w\" sizes=\"auto, (max-width: 220px) 100vw, 220px\" \/><\/a>La viabilit\u00e0 con gli ultimi aggiornamenti da Veneto Strade.<\/p>\n<p><span style=\"color: #ff0000;\"><strong>in onda alla radio: 4.05, 6.18, 14 30 , 18.30, 23.25\u00a0<\/strong><\/span><\/p><\/blockquote>\n<\/div>\n<div><\/div>\n<div><\/div>\n<div><\/div>\n<div><\/div>\n<div class=\"page-title-head hgroup\">\n<audio class=\"wp-audio-shortcode\" id=\"audio-212656-21\" preload=\"none\" style=\"width: 100%;\" controls=\"controls\"><source type=\"audio\/mpeg\" src=\"https:\/\/www.radiopiu.net\/wordpress\/wp-content\/uploads\/2021\/05\/VIABILITA-10.mp3?_=21\" \/><a href=\"https:\/\/www.radiopiu.net\/wordpress\/wp-content\/uploads\/2021\/05\/VIABILITA-10.mp3\">https:\/\/www.radiopiu.net\/wordpress\/wp-content\/uploads\/2021\/05\/VIABILITA-10.mp3<\/a><\/audio>\n<\/div>\n<\/div>\n<\/div>\n<\/div>\n<\/div>\n<p>&nbsp;<\/p>\n<\/div>\n<\/div>\n<hr \/>\n<p>&nbsp;<\/p>\n<\/div>\n<\/div>\n<div>\n<div class=\"page-title-head hgroup\">\n<div class=\"page-title-head hgroup\">\n<div dir=\"auto\">\n<p><a class=\"dt-pswp-item pspw-wrap-ready\" href=\"https:\/\/i0.wp.com\/www.radiopiu.net\/wordpress\/wp-content\/uploads\/2018\/09\/WhatsApp-Image-2018-09-20-at-16.04.06.jpeg?ssl=1\" data-dt-img-description=\"\" data-large_image_width=\"800\" data-large_image_height=\"100\"><img loading=\"lazy\" decoding=\"async\" class=\"aligncenter wp-image-61378 size-full jetpack-lazy-image jetpack-lazy-image--handled\" src=\"https:\/\/i0.wp.com\/www.radiopiu.net\/wordpress\/wp-content\/uploads\/2018\/09\/WhatsApp-Image-2018-09-20-at-16.04.06.jpeg?resize=800%2C100&amp;ssl=1\" sizes=\"auto, (max-width: 800px) 100vw, 800px\" srcset=\"https:\/\/i0.wp.com\/www.radiopiu.net\/wordpress\/wp-content\/uploads\/2018\/09\/WhatsApp-Image-2018-09-20-at-16.04.06.jpeg?w=800&amp;ssl=1 800w, https:\/\/i0.wp.com\/www.radiopiu.net\/wordpress\/wp-content\/uploads\/2018\/09\/WhatsApp-Image-2018-09-20-at-16.04.06.jpeg?resize=300%2C38&amp;ssl=1 300w, https:\/\/i0.wp.com\/www.radiopiu.net\/wordpress\/wp-content\/uploads\/2018\/09\/WhatsApp-Image-2018-09-20-at-16.04.06.jpeg?resize=768%2C96&amp;ssl=1 768w\" alt=\"\" width=\"800\" height=\"100\" data-lazy-loaded=\"1\" \/><\/a><\/p>\n<p>&nbsp;<\/p>\n<p><center><b>Domenica 30<\/b><\/center><b>Tempo atteso: <\/b>Al mattino cielo nuvoloso per residua nuvolosit\u00e0, specie nelle prime ore, con tendenza a divenire sereno o poco nuvoloso soprattutto sulle Dolomiti, poco o parzialmente nuvoloso sulle zone prealpine; formazione di modesti cumuli nel pomeriggio, con persistenza e nuvolosit\u00e0 pi\u00f9 compattezza sulle zone prealpine anche alla sera.<br \/>\n<b>Precipitazioni: <\/b>Al mattino assenti (0%), nel pomeriggio generalmente assenti (0-5%) sulle Dolomiti, probabilit\u00e0 bassa (5-25%) sulle zone prealpine di locali e brevi piovaschi.<br \/>\n<b>Temperature: <\/b>Minime in diminuzione, massime stazionarie o in lieve calo, su valori inferiori alla norma di qualche grado, con un&#8217;importante escursione termica giornaliera. Su Prealpi a 1500 m min 3\u00b0C max 10\u00b0C, a 2000 m min -1\u00b0C max 7\u00b0C. Su Dolomiti a 2000 m min -1\u00b0C max 7\u00b0C, a 3000 m min -9\u00b0C max -1\u00b0C.<br \/>\n<b>Venti: <\/b>Nelle valli, deboli per brezze, localmente a tratti moderati nei settori solitamente pi\u00f9 ventilati; in quota in prevalenza moderati da nord, a 5-15 km\/h a 2000 m e a 20-30 km\/h a 3000 m.<\/p>\n<hr \/>\n<p><center><b>Lunedi 31<\/b><\/center><b>Tempo atteso: <\/b>Tempo ben soleggiato al mattino soprattutto sulle Dolomiti, con modesta nuvolosit\u00e0 di tipo bassa o stratiforme in molte valli prealpine in parziale dissolvimento. Nel pomeriggio, parziale riduzione del soleggiamento, anche se lieve sulle Dolomiti per modesta attivit\u00e0 cumuliforme, mentre la nuvolosit\u00e0 sar\u00e0 maggiore sulle Prealpi per addensamenti anche consistenti, localmente associati a qualche piovasco.<br \/>\n<b>Precipitazioni: <\/b>Sulle Dolomiti probabilit\u00e0 molto bassa (0-5%), sulle Prealpi bassa (5-25%) di locali e brevi piovaschi.<br \/>\n<b>Temperature: <\/b>Temperature minime stazionarie o in lieve calo sulle Dolomiti, stazionarie o in lieve ripresa sulle Prealpi; massime stazionarie o in leggera ripresa sulle Dolomiti, stazionarie o in lieve calo sulle Prealpi. Su Prealpi a 1500 m min 3\u00b0C max 9\u00b0C, a 2000 m min -1\u00b0C max 6\u00b0C. Su Dolomiti a 2000 m min -2\u00b0C max 8\u00b0C, a 3000 m min -8\u00b0C max 0\u00b0C.<br \/>\n<b>Venti: <\/b>Nelle valli, deboli per brezze, localmente a tratti moderati nei settori solitamente pi\u00f9 ventilati; in quota ancora moderati da nord, a 5-15 km\/h a 2000 m e a 20-30 km\/h a 3000 m.<\/p>\n<hr \/>\n<p><center><b>Martedi 1<\/b><\/center>Tempo soleggiato specie al mattino con aria tersa sulle Dolomiti e con modesta attivit\u00e0 cumuliforme diurna; maggiormente nuvoloso sulle zone prealpine con nubi basse e stratiformi, anche in parte persistenti nel corso della giornata, associate a qualche eventuale breve e locale piovasco pomeridiano. Temperature in leggera ripresa specie sulle Dolomiti, salvo risultare stazionarie o in lieve calo sulle zone prealpine. Venti in quota ancora moderati settentrionali.<\/p>\n<hr \/>\n<p><center><b>Mercoledi 2<\/b><\/center>Tempo al mattino soleggiato su gran parte delle zone montane, salvo temporanee e locali nubi basse sulle valli prealpine nelle ore pi\u00f9 fredde. Nel pomeriggio modesti addensamenti cumuliformi con eventuali brevi e locali precipitazioni. Clima diurno pi\u00f9 mite rispetto ai giorni precedenti con temperature in ulteriore aumento, di qualche grado superiori alle medie del periodo. Venti in quota moderati da ovest, nord-ovest. Previsore: M. Padoan<\/p>\n<p>&nbsp;<\/p>\n<\/div>\n<hr \/>\n<p>&nbsp;<\/p>\n<div dir=\"auto\"><\/div>\n<\/div>\n<\/div>\n<p><a href=\"https:\/\/www.radiopiu.net\/wordpress\/giornale-radiopiu-15-settembre-2018-direttore-mirko-mezzacasa\/sport-7\/\" rel=\"attachment wp-att-60761\"><img loading=\"lazy\" decoding=\"async\" class=\"aligncenter wp-image-60761 size-full\" src=\"https:\/\/www.radiopiu.net\/wordpress\/wp-content\/uploads\/2018\/09\/sport.jpg\" alt=\"\" width=\"800\" height=\"100\" srcset=\"https:\/\/www.radiopiu.net\/wordpress\/wp-content\/uploads\/2018\/09\/sport.jpg 800w, https:\/\/www.radiopiu.net\/wordpress\/wp-content\/uploads\/2018\/09\/sport-300x38.jpg 300w, https:\/\/www.radiopiu.net\/wordpress\/wp-content\/uploads\/2018\/09\/sport-768x96.jpg 768w\" sizes=\"auto, (max-width: 800px) 100vw, 800px\" \/><\/a><\/p>\n<p>&nbsp;<\/p>\n<blockquote>\n<h3>HOCKEY SU GHIACCIO: L&#8217;ITALIA CROLLA NEL FINALE CON IL KAZAKHISTAN<\/h3>\n<\/blockquote>\n<p class=\"null\"><a href=\"https:\/\/www.radiopiu.net\/wordpress\/giornale-radiopiu-30-maggio-2021-direttore-mirko-mezzacasa\/a72aa45a-ac4d-8ccd-836b-179258d251db\/\" rel=\"attachment wp-att-212742\"><img loading=\"lazy\" decoding=\"async\" class=\" wp-image-212742 alignleft\" src=\"https:\/\/www.radiopiu.net\/wordpress\/wp-content\/uploads\/2021\/05\/a72aa45a-ac4d-8ccd-836b-179258d251db-300x220.jpg\" alt=\"\" width=\"198\" height=\"145\" srcset=\"https:\/\/www.radiopiu.net\/wordpress\/wp-content\/uploads\/2021\/05\/a72aa45a-ac4d-8ccd-836b-179258d251db-300x220.jpg 300w, https:\/\/www.radiopiu.net\/wordpress\/wp-content\/uploads\/2021\/05\/a72aa45a-ac4d-8ccd-836b-179258d251db-1024x751.jpg 1024w, https:\/\/www.radiopiu.net\/wordpress\/wp-content\/uploads\/2021\/05\/a72aa45a-ac4d-8ccd-836b-179258d251db-768x563.jpg 768w, https:\/\/www.radiopiu.net\/wordpress\/wp-content\/uploads\/2021\/05\/a72aa45a-ac4d-8ccd-836b-179258d251db.jpg 1200w\" sizes=\"auto, (max-width: 198px) 100vw, 198px\" \/><\/a>Per oltre due tempi l\u2019Italia se la gioca alla pari con il Kazakhstan, resta in partita e tiene testa agli avversari. Nel terzo tempo cambia tutto: gli azzurri crollano sotto ogni punto di vista, e vengono severamente puniti. Il 3-11 finale, con ben 8 reti subite nell\u2019ultima frazione, \u00e8 forse troppo severo nei confronti della giovane squadra guidata in panchina da Giorgio De Bettin, ma a questi livelli il prezzo da pagare per i propri errori \u00e8 sempre altissimo. E questo Kazakhstan, lanciato verso un clamoroso passaggio ai quarti di finale, non fa sconti. Per la nazionale azzurra non ci sono pause. Il Mondiale prosegue oggi pomeriggio alle 15.15 contro il Canada. Si dice che nel mondo popolato dai puck ci sia una sola terra promessa, che va dal Newfoundland fino a Vancouver. Oltre 7.000 km. di estensione, accomunati da un\u2019unica religione: l\u2019hockey su ghiaccio. In Canada, oltre 600.000 persone sono giocatori (e giocatrici) registrate e le piste da ghiaccio sono pi\u00f9 di 7.000. Per fare un paragone, l\u2019Italia ha poco meno di 5.000 giocatori (e giocatrici) registrati e 70 piste. Ma proprio il Canada sar\u00e0 l\u2019avversario degli azzurri nel sesto match del Mondiale Top Division in corso di svolgimento a Riga<\/p>\n<p>&nbsp;<\/p>\n<p>&nbsp;<\/p>\n<hr \/>\n<p>&nbsp;<\/p>\n<blockquote>\n<h3>PRESENTATA LA QUARTA EDIZIONE DEL &#8220;DOLOMITI BEER TRAIL&#8221;<\/h3>\n<\/blockquote>\n<p><strong><a href=\"https:\/\/www.radiopiu.net\/wordpress\/giornale-radiopiu-30-maggio-2021-direttore-mirko-mezzacasa\/_icr2470\/\" rel=\"attachment wp-att-212769\"><img loading=\"lazy\" decoding=\"async\" class=\"size-medium wp-image-212769 alignleft\" src=\"https:\/\/www.radiopiu.net\/wordpress\/wp-content\/uploads\/2021\/05\/ICR2470-300x200.jpg\" alt=\"\" width=\"300\" height=\"200\" srcset=\"https:\/\/www.radiopiu.net\/wordpress\/wp-content\/uploads\/2021\/05\/ICR2470-300x200.jpg 300w, https:\/\/www.radiopiu.net\/wordpress\/wp-content\/uploads\/2021\/05\/ICR2470-1024x683.jpg 1024w, https:\/\/www.radiopiu.net\/wordpress\/wp-content\/uploads\/2021\/05\/ICR2470-768x512.jpg 768w, https:\/\/www.radiopiu.net\/wordpress\/wp-content\/uploads\/2021\/05\/ICR2470-1536x1024.jpg 1536w, https:\/\/www.radiopiu.net\/wordpress\/wp-content\/uploads\/2021\/05\/ICR2470-2048x1365.jpg 2048w\" sizes=\"auto, (max-width: 300px) 100vw, 300px\" \/><\/a>PEDAVENA <\/strong>Quando mancano pochi giorni alla partenza della quarta edizione del Dolomiti Beer Trail, presso la Birreria di Pedavena \u00e8 stata presentata ufficialmente la gara di corsa che si avvale del patrocinio del Comune di Feltre, e si svilupper\u00e0 attraversando il territorio pedemontano del Parco Nazionale delle Dolomiti Bellunesi toccando i sentieri di Pedavena, Croce d\u2019Aune, e Sovramonte.<br \/>\nMercoled\u00ec 2 giugno, seguendo tutte le direttive anti-Covid19, dalla Birreria di Pedavena partiranno 830 atleti distribuiti su tre percorsi, 45 chilometri quello pi\u00f9 lungo, 24 chilometri e 12 chilometri il pi\u00f9 corto. Il dislivello positivo del trail pi\u00f9 lungo \u00e8 di 2400 metri, mentre il percorso intermedio ha un dislivello positivo di 1400 metri. Alla presentazione, Lionello Gorza, ha fatto gli onori di casa dicendo: \u00abFinalmente dopo tantissimi eventi fermati dal Covid-19, oggi siamo qui a presentare una competizione che sancisce una linea ben marcata, si riparte!\u00bb \u00abIl Monte Avena &#8211; ha concluso Gorza &#8211; \u00e8 un vero e proprio paradiso, una meta turistico-sportiva dedicata a tutti gli appassionati e alle famiglie: il lavoro nei prossimi anni \u00e8 indirizzato in quella direzione\u00bb. Alla conferenza erano presenti il sindaco di Sovramonte, Federico Dalla Torre, l\u2019assessore di Pedavena Chiara Zaetta e Matteo Bortoli per Lattebusche. \u00abDopo tanto tempo &#8211; ha detto Bortoli &#8211; \u00e8 bello rivedersi e parlare di sport\u00bb. Piero Slongo, coordinatore del comitato organizzatore ha voluto ringraziare tutti i volontari: \u00abLa vera anima delle manifestazioni sono i volontari &#8211; ha detto Slongo &#8211; senza di loro sarebbe impossibile organizzare qualsiasi evento. Inoltre dobbiamo ringraziare anche tutti i proprietari dei terreni interessati dal passaggio degli atleti. Renzo Possamai ed Emanuele Zanovello, di rientro dalla tracciatura, mi hanno comunicato che i sentieri che transitano all\u2019interno delle propriet\u00e0 private erano gi\u00e0 stati puliti e sistemati. Questa \u00e8 una cosa straordinaria, grazie!\u00bb Tornando ai tracciati, tutti i percorsi avranno in comune i primi 19 chilometri, quelli che da Pedavena porteranno al Monte Avena, dopo il rifugio Le Buse, alla chiesetta di Santa Susanna, gli atleti del \u201cmedio\u201d torneranno verso Pedavena, mentre gli atleti impegnati della prova pi\u00f9 lunga dopo aver corso sul Troi della Zeccona transiteranno al Passo Croce d\u2019Aune. Oltrepassata\u00a0la zona ristoro, i runner dirigeranno verso la localit\u00e0 Camogne, da dove inizier\u00e0 la discesa lungo la Valle di Lamen percorrendo la strada romana Via Claudia Augusta. A Lamen mancheranno 7 chilometri all\u2019arrivo, da qui l\u2019ultima fatica in vista del traguardo posto nel meraviglioso parco della Birreria Pedavena.<\/p>\n<\/div>\n<\/div>\n","protected":false},"excerpt":{"rendered":"<p>&nbsp; PER\u00a0RICEVERE QUESTO NOTIZIARIO DIRETTAMENTE SUL TUO CELLULARE ISCRIVITI AL CANALE TELEGRAM\u00a0\u201cRADIO PIU\u00a0 INFORMAZIONE\u201d\u00a0 \u00a0 \u00a0 &nbsp; &nbsp; OGGI GIORNATA VACCINALE AL NOF FILO DI CENCENIGHE CENCENIGHE\u00a0 al Nof Fil\u00f2 di Cencenighe giornata di vaccinazioni dedicata alla seconda dose. Infatti sono chiamati a vaccinarsi per seconda volta tutti coloro che avevano ricevuto la prima dose&hellip;<\/p>\n","protected":false},"author":4,"featured_media":212820,"comment_status":"closed","ping_status":"open","sticky":false,"template":"","format":"standard","meta":{"_monsterinsights_skip_tracking":false,"_monsterinsights_sitenote_active":false,"_monsterinsights_sitenote_note":"","_monsterinsights_sitenote_category":0,"footnotes":""},"categories":[1,51,86,49],"tags":[],"class_list":["post-212656","post","type-post","status-publish","format-standard","has-post-thumbnail","hentry","category-senza-categoria","category-evidenza-top","category-gr","category-news-18","category-1","category-51","category-86","category-49","description-off"],"img_url":"https:\/\/www.radiopiu.net\/wordpress\/wp-content\/uploads\/2021\/05\/SS.jpg","_links":{"self":[{"href":"https:\/\/www.radiopiu.net\/wordpress\/wp-json\/wp\/v2\/posts\/212656","targetHints":{"allow":["GET"]}}],"collection":[{"href":"https:\/\/www.radiopiu.net\/wordpress\/wp-json\/wp\/v2\/posts"}],"about":[{"href":"https:\/\/www.radiopiu.net\/wordpress\/wp-json\/wp\/v2\/types\/post"}],"author":[{"embeddable":true,"href":"https:\/\/www.radiopiu.net\/wordpress\/wp-json\/wp\/v2\/users\/4"}],"replies":[{"embeddable":true,"href":"https:\/\/www.radiopiu.net\/wordpress\/wp-json\/wp\/v2\/comments?post=212656"}],"version-history":[{"count":0,"href":"https:\/\/www.radiopiu.net\/wordpress\/wp-json\/wp\/v2\/posts\/212656\/revisions"}],"wp:featuredmedia":[{"embeddable":true,"href":"https:\/\/www.radiopiu.net\/wordpress\/wp-json\/wp\/v2\/media\/212820"}],"wp:attachment":[{"href":"https:\/\/www.radiopiu.net\/wordpress\/wp-json\/wp\/v2\/media?parent=212656"}],"wp:term":[{"taxonomy":"category","embeddable":true,"href":"https:\/\/www.radiopiu.net\/wordpress\/wp-json\/wp\/v2\/categories?post=212656"},{"taxonomy":"post_tag","embeddable":true,"href":"https:\/\/www.radiopiu.net\/wordpress\/wp-json\/wp\/v2\/tags?post=212656"}],"curies":[{"name":"wp","href":"https:\/\/api.w.org\/{rel}","templated":true}]}}