{"id":212694,"date":"2021-05-29T10:18:32","date_gmt":"2021-05-29T08:18:32","guid":{"rendered":"https:\/\/www.radiopiu.net\/wordpress\/?p=212694"},"modified":"2021-05-29T10:22:12","modified_gmt":"2021-05-29T08:22:12","slug":"due-giorni-di-esercitazione-con-le-associazioni-della-protezione-civile-di-feltre","status":"publish","type":"post","link":"https:\/\/www.radiopiu.net\/wordpress\/due-giorni-di-esercitazione-con-le-associazioni-della-protezione-civile-di-feltre\/","title":{"rendered":"DUE GIORNI DI ESERCITAZIONE CON LE ASSOCIAZIONI DELLA PROTEZIONE CIVILE DI FELTRE"},"content":{"rendered":"<p><strong>FELTRE<\/strong> Il Coordinamento delle Associazioni di Protezione Civile di Feltre ha promosso un&#8217;esercitazione con l\u2019obiettivo di rafforzare le capacit\u00e0 operative e la conoscenza del territorio locale da parte dei volontari e delle comunit\u00e0. L&#8217;iniziativa coinvolge i volontari delle associazioni, ognuna con professionalit\u00e0 ed esperienze nel campo della Protezione Civile. Due giorni intensi che si svilupperanno sia in momenti formativi su cosa succede e come comportarsi in caso di calamit\u00e0, oltre a utili informazioni sui Piani Comunali di Protezione Civile; sia, nella seconda parte, nella simulazione di pi\u00f9 scenari operativi. &#8220;<em>La mia presenza anche per sottolineare un sincero grazie alle associazioni aderenti al Coordinamento\u00a0 &#8211; dice l&#8217;assessore regionale Gianpaolo Bottacin &#8211; e a questa due giorni, per quello che sapranno dare in futuro ma soprattutto per l&#8217;enorme lavoro messo in campo in questi ultimi anni: ARI Feltre , ANC Provinciale, ANA Feltre, AVAC Fenrir, PC e AIB Comune di Quero, PC e Ambientale di Alano di Piave, Gruppo Sommozzatori Feltre, Ass. Radio Club Feltrino, Squadra Feltrina Cinofili da Soccorso, Soccorso Alpino e speleologico sez. di Feltre, Croce Rossa Italiana Comitato di Feltre<\/em>&#8221;<\/p>\n\n\t\t\t<style type='text\/css'>\n\t\t\t\t#gallery-1 {\n\t\t\t\t\tmargin: auto;\n\t\t\t\t}\n\t\t\t\t#gallery-1 .gallery-item {\n\t\t\t\t\tfloat: left;\n\t\t\t\t\tmargin-top: 10px;\n\t\t\t\t\ttext-align: center;\n\t\t\t\t\twidth: 50%;\n\t\t\t\t}\n\t\t\t\t#gallery-1 img {\n\t\t\t\t\tborder: 2px solid #cfcfcf;\n\t\t\t\t}\n\t\t\t\t#gallery-1 .gallery-caption {\n\t\t\t\t\tmargin-left: 0;\n\t\t\t\t}\n\t\t\t\t\/* see gallery_shortcode() in wp-includes\/media.php *\/\n\t\t\t<\/style>\n\t\t<div id='gallery-1' class='dt-gallery-container gallery galleryid-212694 gallery-columns-2 gallery-size-medium'><dl class='gallery-item'>\n\t\t\t\t<dt class='gallery-icon landscape'>\n\t\t\t\t\t<a class=\"rollover rollover-zoom dt-pswp-item\" title=\"7d4dec38-f929-4ce8-97e6-759a8a7263bd\" data-dt-img-description=\"\" data-large_image_width=\"1600\" data-large_image_height=\"1200\"href='https:\/\/www.radiopiu.net\/wordpress\/wp-content\/uploads\/2021\/05\/7d4dec38-f929-4ce8-97e6-759a8a7263bd.jpg'><img loading=\"lazy\" decoding=\"async\" width=\"300\" height=\"225\" src=\"https:\/\/www.radiopiu.net\/wordpress\/wp-content\/uploads\/2021\/05\/7d4dec38-f929-4ce8-97e6-759a8a7263bd-300x225.jpg\" class=\"attachment-medium size-medium\" alt=\"\" srcset=\"https:\/\/www.radiopiu.net\/wordpress\/wp-content\/uploads\/2021\/05\/7d4dec38-f929-4ce8-97e6-759a8a7263bd-300x225.jpg 300w, https:\/\/www.radiopiu.net\/wordpress\/wp-content\/uploads\/2021\/05\/7d4dec38-f929-4ce8-97e6-759a8a7263bd-1024x768.jpg 1024w, https:\/\/www.radiopiu.net\/wordpress\/wp-content\/uploads\/2021\/05\/7d4dec38-f929-4ce8-97e6-759a8a7263bd-768x576.jpg 768w, https:\/\/www.radiopiu.net\/wordpress\/wp-content\/uploads\/2021\/05\/7d4dec38-f929-4ce8-97e6-759a8a7263bd-1536x1152.jpg 1536w, https:\/\/www.radiopiu.net\/wordpress\/wp-content\/uploads\/2021\/05\/7d4dec38-f929-4ce8-97e6-759a8a7263bd.jpg 1600w\" sizes=\"auto, (max-width: 300px) 100vw, 300px\" \/><\/a>\n\t\t\t\t<\/dt><\/dl><dl class='gallery-item'>\n\t\t\t\t<dt class='gallery-icon landscape'>\n\t\t\t\t\t<a class=\"rollover rollover-zoom dt-pswp-item\" title=\"036c396a-d188-49cc-a147-b2b977bd52ce\" data-dt-img-description=\"\" data-large_image_width=\"1600\" data-large_image_height=\"1148\"href='https:\/\/www.radiopiu.net\/wordpress\/wp-content\/uploads\/2021\/05\/036c396a-d188-49cc-a147-b2b977bd52ce.jpg'><img loading=\"lazy\" decoding=\"async\" width=\"300\" height=\"215\" src=\"https:\/\/www.radiopiu.net\/wordpress\/wp-content\/uploads\/2021\/05\/036c396a-d188-49cc-a147-b2b977bd52ce-300x215.jpg\" class=\"attachment-medium size-medium\" alt=\"\" srcset=\"https:\/\/www.radiopiu.net\/wordpress\/wp-content\/uploads\/2021\/05\/036c396a-d188-49cc-a147-b2b977bd52ce-300x215.jpg 300w, https:\/\/www.radiopiu.net\/wordpress\/wp-content\/uploads\/2021\/05\/036c396a-d188-49cc-a147-b2b977bd52ce-1024x735.jpg 1024w, https:\/\/www.radiopiu.net\/wordpress\/wp-content\/uploads\/2021\/05\/036c396a-d188-49cc-a147-b2b977bd52ce-768x551.jpg 768w, https:\/\/www.radiopiu.net\/wordpress\/wp-content\/uploads\/2021\/05\/036c396a-d188-49cc-a147-b2b977bd52ce-1536x1102.jpg 1536w, https:\/\/www.radiopiu.net\/wordpress\/wp-content\/uploads\/2021\/05\/036c396a-d188-49cc-a147-b2b977bd52ce.jpg 1600w\" sizes=\"auto, (max-width: 300px) 100vw, 300px\" \/><\/a>\n\t\t\t\t<\/dt><\/dl><br style=\"clear: both\" \/>\n\t\t\t<\/div>\n\n<p>&nbsp;<\/p>\n<p>&nbsp;<\/p>\n<p>****<\/p>\n","protected":false},"excerpt":{"rendered":"<p>FELTRE Il Coordinamento delle Associazioni di Protezione Civile di Feltre ha promosso un&#8217;esercitazione con l\u2019obiettivo di rafforzare le capacit\u00e0 operative e la conoscenza del territorio locale da parte dei volontari e delle comunit\u00e0. L&#8217;iniziativa coinvolge i volontari delle associazioni, ognuna con professionalit\u00e0 ed esperienze nel campo della Protezione Civile. Due giorni intensi che si svilupperanno&hellip;<\/p>\n","protected":false},"author":4,"featured_media":212696,"comment_status":"closed","ping_status":"open","sticky":false,"template":"","format":"standard","meta":{"_monsterinsights_skip_tracking":false,"_monsterinsights_sitenote_active":false,"_monsterinsights_sitenote_note":"","_monsterinsights_sitenote_category":0,"footnotes":""},"categories":[49],"tags":[],"class_list":["post-212694","post","type-post","status-publish","format-standard","has-post-thumbnail","hentry","category-news-18","category-49","description-off"],"img_url":"https:\/\/www.radiopiu.net\/wordpress\/wp-content\/uploads\/2021\/05\/7d4dec38-f929-4ce8-97e6-759a8a7263bd.jpg","_links":{"self":[{"href":"https:\/\/www.radiopiu.net\/wordpress\/wp-json\/wp\/v2\/posts\/212694","targetHints":{"allow":["GET"]}}],"collection":[{"href":"https:\/\/www.radiopiu.net\/wordpress\/wp-json\/wp\/v2\/posts"}],"about":[{"href":"https:\/\/www.radiopiu.net\/wordpress\/wp-json\/wp\/v2\/types\/post"}],"author":[{"embeddable":true,"href":"https:\/\/www.radiopiu.net\/wordpress\/wp-json\/wp\/v2\/users\/4"}],"replies":[{"embeddable":true,"href":"https:\/\/www.radiopiu.net\/wordpress\/wp-json\/wp\/v2\/comments?post=212694"}],"version-history":[{"count":0,"href":"https:\/\/www.radiopiu.net\/wordpress\/wp-json\/wp\/v2\/posts\/212694\/revisions"}],"wp:featuredmedia":[{"embeddable":true,"href":"https:\/\/www.radiopiu.net\/wordpress\/wp-json\/wp\/v2\/media\/212696"}],"wp:attachment":[{"href":"https:\/\/www.radiopiu.net\/wordpress\/wp-json\/wp\/v2\/media?parent=212694"}],"wp:term":[{"taxonomy":"category","embeddable":true,"href":"https:\/\/www.radiopiu.net\/wordpress\/wp-json\/wp\/v2\/categories?post=212694"},{"taxonomy":"post_tag","embeddable":true,"href":"https:\/\/www.radiopiu.net\/wordpress\/wp-json\/wp\/v2\/tags?post=212694"}],"curies":[{"name":"wp","href":"https:\/\/api.w.org\/{rel}","templated":true}]}}