{"id":212756,"date":"2021-05-29T16:35:34","date_gmt":"2021-05-29T14:35:34","guid":{"rendered":"https:\/\/www.radiopiu.net\/wordpress\/?p=212756"},"modified":"2021-05-30T08:06:39","modified_gmt":"2021-05-30T06:06:39","slug":"istituto-dolomieu-conclusi-i-lavori-al-convitto-e-intitolate-due-sale-multimediali-a-ex-studenti-scomparsi","status":"publish","type":"post","link":"https:\/\/www.radiopiu.net\/wordpress\/istituto-dolomieu-conclusi-i-lavori-al-convitto-e-intitolate-due-sale-multimediali-a-ex-studenti-scomparsi\/","title":{"rendered":"ISTITUTO DOLOMIEU, CONCLUSI I LAVORI AL CONVITTO E INTITOLATE DUE SALE MULTIMEDIALI A EX STUDENTI SCOMPARSI"},"content":{"rendered":"<p><strong>LONGARONE<\/strong> Sono state inaugurate questa mattina all\u2019istituto Dolomieu di Longarone due nuove sale multimediali realizzate dalla Provincia, all\u2019interno dei corposi lavori che da qualche mese stanno interessando l\u2019intero complesso scolastico dell\u2019alberghiero. Le due aule, con strumentazioni digitali di nuova generazione e utili per i laboratori di cucina anche con modalit\u00e0 di didattica a distanza, sono state intitolate a Mauro Bortolon e Alessio Bortoluzzi, due ex studenti scomparsi prematuramente. \u00ab<em>Il Dolomieu rappresenta uno dei fiori all\u2019occhiello della nostra provincia, una scuola su cui la Provincia ha investito quasi 500mila euro di recente &#8211; spiega il presidente della Provincia, Roberto Padrin, intervenuto all\u2019inaugurazione -. Abbiamo rimesso a posto il convitto, che necessitava di alcuni adeguamenti. All\u2019interno dei cosiddetti \u201clavori Covid\u201d poi abbiamo sistemato alcuni spazi, eliminato le moquette e creato queste due nuove aule multimediali<\/em>\u00bb. Attualmente sono in corso i lavori di sostituzione dei serramenti e a breve partiranno anche i primi interventi di adeguamento sismico e prevenzione incendi. \u00ab<em>\u00c8 stato particolarmente toccante e commovente il momento di ricordo per i due ex studenti, uno dei quali scomparso meno di un anno fa. Non posso che stringermi alle loro famiglie per un abbraccio &#8211; conclude il presidente Padrin -. Ringrazio la preside dell\u2019istituto e tutti i docenti per il lavoro che fanno: in una provincia che ha la vocazione turistica, poter formare ragazze e ragazzi all\u2019accoglienza, alla ricettivit\u00e0 e alla ristorazione con professionalit\u00e0 di altro profilo \u00e8 fondamentale. Per questo ci teniamo molto a garantire spazi e ambienti adeguati alla didattica<\/em>\u00bb.<\/p>\n\n\t\t\t<style type='text\/css'>\n\t\t\t\t#gallery-1 {\n\t\t\t\t\tmargin: auto;\n\t\t\t\t}\n\t\t\t\t#gallery-1 .gallery-item {\n\t\t\t\t\tfloat: left;\n\t\t\t\t\tmargin-top: 10px;\n\t\t\t\t\ttext-align: center;\n\t\t\t\t\twidth: 50%;\n\t\t\t\t}\n\t\t\t\t#gallery-1 img {\n\t\t\t\t\tborder: 2px solid #cfcfcf;\n\t\t\t\t}\n\t\t\t\t#gallery-1 .gallery-caption {\n\t\t\t\t\tmargin-left: 0;\n\t\t\t\t}\n\t\t\t\t\/* see gallery_shortcode() in wp-includes\/media.php *\/\n\t\t\t<\/style>\n\t\t<div id='gallery-1' class='dt-gallery-container gallery galleryid-212756 gallery-columns-2 gallery-size-medium'><dl class='gallery-item'>\n\t\t\t\t<dt class='gallery-icon landscape'>\n\t\t\t\t\t<a class=\"rollover rollover-zoom dt-pswp-item\" title=\"39a9d5a7-5f12-4659-964e-f6df5079da90\" data-dt-img-description=\"\" data-large_image_width=\"1024\" data-large_image_height=\"652\"href='https:\/\/www.radiopiu.net\/wordpress\/wp-content\/uploads\/2021\/05\/39a9d5a7-5f12-4659-964e-f6df5079da90.jpg'><img loading=\"lazy\" decoding=\"async\" width=\"300\" height=\"191\" src=\"https:\/\/www.radiopiu.net\/wordpress\/wp-content\/uploads\/2021\/05\/39a9d5a7-5f12-4659-964e-f6df5079da90-300x191.jpg\" class=\"attachment-medium size-medium\" alt=\"\" srcset=\"https:\/\/www.radiopiu.net\/wordpress\/wp-content\/uploads\/2021\/05\/39a9d5a7-5f12-4659-964e-f6df5079da90-300x191.jpg 300w, https:\/\/www.radiopiu.net\/wordpress\/wp-content\/uploads\/2021\/05\/39a9d5a7-5f12-4659-964e-f6df5079da90-768x489.jpg 768w, https:\/\/www.radiopiu.net\/wordpress\/wp-content\/uploads\/2021\/05\/39a9d5a7-5f12-4659-964e-f6df5079da90.jpg 1024w\" sizes=\"auto, (max-width: 300px) 100vw, 300px\" \/><\/a>\n\t\t\t\t<\/dt><\/dl><dl class='gallery-item'>\n\t\t\t\t<dt class='gallery-icon landscape'>\n\t\t\t\t\t<a class=\"rollover rollover-zoom dt-pswp-item\" title=\"420049f9-2812-4729-a893-9ad8c1e76704\" data-dt-img-description=\"\" data-large_image_width=\"1024\" data-large_image_height=\"668\"href='https:\/\/www.radiopiu.net\/wordpress\/wp-content\/uploads\/2021\/05\/420049f9-2812-4729-a893-9ad8c1e76704.jpg'><img loading=\"lazy\" decoding=\"async\" width=\"300\" height=\"196\" src=\"https:\/\/www.radiopiu.net\/wordpress\/wp-content\/uploads\/2021\/05\/420049f9-2812-4729-a893-9ad8c1e76704-300x196.jpg\" class=\"attachment-medium size-medium\" alt=\"\" srcset=\"https:\/\/www.radiopiu.net\/wordpress\/wp-content\/uploads\/2021\/05\/420049f9-2812-4729-a893-9ad8c1e76704-300x196.jpg 300w, https:\/\/www.radiopiu.net\/wordpress\/wp-content\/uploads\/2021\/05\/420049f9-2812-4729-a893-9ad8c1e76704-768x501.jpg 768w, https:\/\/www.radiopiu.net\/wordpress\/wp-content\/uploads\/2021\/05\/420049f9-2812-4729-a893-9ad8c1e76704.jpg 1024w\" sizes=\"auto, (max-width: 300px) 100vw, 300px\" \/><\/a>\n\t\t\t\t<\/dt><\/dl><br style=\"clear: both\" \/>\n\t\t\t<\/div>\n\n<p>&nbsp;<\/p>\n<p>&nbsp;<\/p>\n<p>&nbsp;<\/p>\n<p>****<\/p>\n","protected":false},"excerpt":{"rendered":"<p>LONGARONE Sono state inaugurate questa mattina all\u2019istituto Dolomieu di Longarone due nuove sale multimediali realizzate dalla Provincia, all\u2019interno dei corposi lavori che da qualche mese stanno interessando l\u2019intero complesso scolastico dell\u2019alberghiero. Le due aule, con strumentazioni digitali di nuova generazione e utili per i laboratori di cucina anche con modalit\u00e0 di didattica a distanza, sono&hellip;<\/p>\n","protected":false},"author":4,"featured_media":212757,"comment_status":"closed","ping_status":"open","sticky":false,"template":"","format":"standard","meta":{"_monsterinsights_skip_tracking":false,"_monsterinsights_sitenote_active":false,"_monsterinsights_sitenote_note":"","_monsterinsights_sitenote_category":0,"footnotes":""},"categories":[104,49],"tags":[],"class_list":["post-212756","post","type-post","status-publish","format-standard","has-post-thumbnail","hentry","category-evidenza_3","category-news-18","category-104","category-49","description-off"],"img_url":"https:\/\/www.radiopiu.net\/wordpress\/wp-content\/uploads\/2021\/05\/420049f9-2812-4729-a893-9ad8c1e76704.jpg","_links":{"self":[{"href":"https:\/\/www.radiopiu.net\/wordpress\/wp-json\/wp\/v2\/posts\/212756","targetHints":{"allow":["GET"]}}],"collection":[{"href":"https:\/\/www.radiopiu.net\/wordpress\/wp-json\/wp\/v2\/posts"}],"about":[{"href":"https:\/\/www.radiopiu.net\/wordpress\/wp-json\/wp\/v2\/types\/post"}],"author":[{"embeddable":true,"href":"https:\/\/www.radiopiu.net\/wordpress\/wp-json\/wp\/v2\/users\/4"}],"replies":[{"embeddable":true,"href":"https:\/\/www.radiopiu.net\/wordpress\/wp-json\/wp\/v2\/comments?post=212756"}],"version-history":[{"count":0,"href":"https:\/\/www.radiopiu.net\/wordpress\/wp-json\/wp\/v2\/posts\/212756\/revisions"}],"wp:featuredmedia":[{"embeddable":true,"href":"https:\/\/www.radiopiu.net\/wordpress\/wp-json\/wp\/v2\/media\/212757"}],"wp:attachment":[{"href":"https:\/\/www.radiopiu.net\/wordpress\/wp-json\/wp\/v2\/media?parent=212756"}],"wp:term":[{"taxonomy":"category","embeddable":true,"href":"https:\/\/www.radiopiu.net\/wordpress\/wp-json\/wp\/v2\/categories?post=212756"},{"taxonomy":"post_tag","embeddable":true,"href":"https:\/\/www.radiopiu.net\/wordpress\/wp-json\/wp\/v2\/tags?post=212756"}],"curies":[{"name":"wp","href":"https:\/\/api.w.org\/{rel}","templated":true}]}}