{"id":212888,"date":"2021-05-31T05:30:44","date_gmt":"2021-05-31T03:30:44","guid":{"rendered":"https:\/\/www.radiopiu.net\/wordpress\/?p=212888"},"modified":"2021-05-31T05:47:03","modified_gmt":"2021-05-31T03:47:03","slug":"diocesi-belluno-feltre-nuovo-logo-quello-proposto-da-sergio-carrara","status":"publish","type":"post","link":"https:\/\/www.radiopiu.net\/wordpress\/diocesi-belluno-feltre-nuovo-logo-quello-proposto-da-sergio-carrara\/","title":{"rendered":"DIOCESI BELLUNO-FELTRE: NUOVO LOGO, QUELLO PROPOSTO DA SERGIO CARRARA"},"content":{"rendered":"<p><strong>di Renato Bona<\/strong><\/p>\n<p>Nel Museo diocesano feltrino il vescovo di Belluno-Feltre, monsignor Renato Marangoni e l\u2019autore del progetto, Sergio Carrara, di Breganze, hanno illustrato il nuovo logo della Diocesi, selezionato dalla speciale commissione giudicatrice fra i 32 proposti da grafici che hanno aderito al concorso di idee su base nazionale che era stato varato nel dicembre 2019. La notizia appare sul sito diocesano chiesabellunofeltre dove si specifica che 4 professionisti sono della provincia di Belluno, 7 del resto del Veneto, 10 della Lombardia e i pi\u00f9 lontani della Puglia. La scelta \u00e8 avvenuta dopo una giornata di discussione e confronto prima del voto finale che ha premiato Carrara il quale \u201cnel percorso creativo ha tenuto conto di due degli spunti proposti dal bando: quello territoriale e quello artistico\u201d. Infatti il nuovo marchio \u201c\u00e8 caratterizzato dalla traccia di profilo di un calice, con diretto riferimento all\u2019antico calice del diacono Orso, uno tra i calici eucaristici pi\u00f9 antichi dell\u2019Occidente, custodito nel Museo diocesano di Feltre\u201d. Ancora dal sito: nel logo \u201cvengono esplicitati la parte della coppa e quello del piede, mentre il nodo viene evocato da una croce, racchiusa nella lettera C (di Cristo, ma anche di Chiesa). Il carattere usato \u00e8 derivato dalle scritte incise nell\u2019antico calice del VI secolo. Gli andamenti della coppa e del piede sono ripetuti per quattro volte per ricordare la composita realt\u00e0 della nostra diocesi: oltre alle originarie due diocesi di Feltre e Belluno, fuse insieme nel 1986, nella storia sono stati aggregati al percorso dell\u2019attuale diocesi l\u2019arcidiaconato del Cadore (1846) e i due decanati di Livinallongo e Ampezzo (1064). Inoltre, il simbolo cita numericamente anche le quattro principali valli del territorio della diocesi. Le valli sono anche evocate dal disegno della coppa che ha i suoi estremi a lastra, come pareti dolomitiche\u201d. Posto d\u2019onore nella classifica finale (con la singolarit\u00e0 data dal fatto che tutti e tre i primi classificati abbiano scelto l\u2019antico calice come base della loro proposta) per Luca Zanini di Paderno Dugnano (Milano), visual designer che lavora in proprio; terzo posto per il progetto di Gianluca Traversi, titolare della \u201cRggt partners\u201d di Milano. In occasione della cerimonia di premiazione, mons. Marangoni ha richiamato il nucleo della riflessione che ha accompagnato l\u2019indizione del concorso di idee per il nuovo logo, con la frase: \u201cSiamo un territorio prezioso\u201d e non a caso &#8211; si legge nel sito &#8211; \u201cProprio il museo diocesano di Feltre \u00e8 stato scelto come luogo della consegna del nuovo logo\u201d. Feltre infatti custodisce la memoria storica di questa diocesi originata dalla fusione di due diocesi. Donde lo sforzo per cercare un simbolo che metta insieme la molteplicit\u00e0 del nostro vasto e composito territorio, che ne esprima &#8211; per quanto possibile &#8211; tutta la ricchezza\u201d sicch\u00e9: \u201cIl piccolo evento di oggi indica in qualche lo scoprire quello che siamo\u201d. Per la cronaca va aggiunto che erano pochi gli ospiti ammessi alla cerimonia (sempre a causa della normativa relativa alla pandemia da Covid 19), in rappresentanza della comunit\u00e0 civica ed ecclesiale. Il sindaco di Feltre, Paolo Perenzin (nel ricambiare il saluto del presule ha sottolineato il valore simbolico del Museo diocesano che per felice intuizione dello scomparso vescovo mons. Vincenzo Savio, \u00e8 divenuto luogo di composizione della lacerazione causata dalla fusione delle due diocesi. Ha concluso citando il poeta Montale \u201cdove insinua che in tutte le cose pare sia scritto: \u2018pi\u00f9 in l\u00e0\u2019. E\u2019 il destino di ogni simbolo\u201d. Il presidente della Provincia di Belluno, Roberto Padrin dal canto suo ha salutato la circostanza come il primo evento pubblico dopo la pandemia, che ha comportato chiusure anche per la comunit\u00e0 cristiana con celebrazioni senza popolo: \u201crappresenta in qualche modo il bisogno di coesione sociale dopo l\u2019esperienza del lockdown da cui \u00e8 venuta una lezione: la riscoperta di aspetti prima nascosti dalla frenesia\u201d. Ed ha espresso l\u2019augurio \u201cper questa ripartenza carica di valori\u201d. Titolare di un\u2019agenzia di comunicazione che ha accompagnato la stesura del bando, Alessandro De Faveri ha fra l\u2019altro ricordato le tre indicazioni affidate alla fantasia dei concorrenti: il territorio, i tre patroni, i pezzi d\u2019arte, con particolare riferimento ai numerosi affreschi dell\u2019Ultima Cena e all\u2019antico calice del diacono Orso, elemento che \u00e8 stato il pi\u00f9 apprezzato. Hanno concluso la serie degli interventi il presidente della commissione esaminatrice, don Davide Fiocco, illustrando il percorso che ha portato alla scelta finale con l\u2019affermazione di Sergio Carrara (con venti punti di vantaggio sul secondo classificato). E lo stesso Carrara il quale ha ricordato come abbia accolto la sfida del bando e alcuni legami che lo hanno incuriosito: in modo particolare la \u201csacra Spina\u201d portata da una crociata fino a Vicenza da un vescovo originario di Breganze del tredicesimo secolo; ed ecco che anche la Cattedrale di Belluno custodisce una \u201csacra Spina\u201d. Il legame nato da questa realizzazione artistica \u00e8 suggellato anche dalla volont\u00e0 di devolvere una parte del premio alla Caritas diocesana. Infine visita alla sala in cui \u00e8 custodito il calice che ha ispirato il nuovo logo, illustrato dallo storico dell\u2019arte, don Luca Sartori.<\/p>\n\n\t\t\t<style type='text\/css'>\n\t\t\t\t#gallery-1 {\n\t\t\t\t\tmargin: auto;\n\t\t\t\t}\n\t\t\t\t#gallery-1 .gallery-item {\n\t\t\t\t\tfloat: left;\n\t\t\t\t\tmargin-top: 10px;\n\t\t\t\t\ttext-align: center;\n\t\t\t\t\twidth: 16%;\n\t\t\t\t}\n\t\t\t\t#gallery-1 img {\n\t\t\t\t\tborder: 2px solid #cfcfcf;\n\t\t\t\t}\n\t\t\t\t#gallery-1 .gallery-caption {\n\t\t\t\t\tmargin-left: 0;\n\t\t\t\t}\n\t\t\t\t\/* see gallery_shortcode() in wp-includes\/media.php *\/\n\t\t\t<\/style>\n\t\t<div id='gallery-1' class='dt-gallery-container gallery galleryid-212888 gallery-columns-6 gallery-size-thumbnail'><dl class='gallery-item'>\n\t\t\t\t<dt class='gallery-icon landscape'>\n\t\t\t\t\t<a class=\"rollover rollover-zoom dt-pswp-item\" title=\"194306119_229428041943117_4704249520094640999_n\" data-dt-img-description=\"\" data-large_image_width=\"150\" data-large_image_height=\"150\"href='https:\/\/www.radiopiu.net\/wordpress\/wp-content\/uploads\/2021\/05\/194306119_229428041943117_4704249520094640999_n.jpg'><img loading=\"lazy\" decoding=\"async\" width=\"150\" height=\"150\" src=\"https:\/\/www.radiopiu.net\/wordpress\/wp-content\/uploads\/2021\/05\/194306119_229428041943117_4704249520094640999_n-150x150.jpg\" class=\"attachment-thumbnail size-thumbnail\" alt=\"\" \/><\/a>\n\t\t\t\t<\/dt><\/dl><dl class='gallery-item'>\n\t\t\t\t<dt class='gallery-icon landscape'>\n\t\t\t\t\t<a class=\"rollover rollover-zoom dt-pswp-item\" title=\"192436268_4185520908174194_8149744993327637352_n\" data-dt-img-description=\"\" data-large_image_width=\"150\" data-large_image_height=\"150\"href='https:\/\/www.radiopiu.net\/wordpress\/wp-content\/uploads\/2021\/05\/192436268_4185520908174194_8149744993327637352_n.jpg'><img loading=\"lazy\" decoding=\"async\" width=\"150\" height=\"150\" src=\"https:\/\/www.radiopiu.net\/wordpress\/wp-content\/uploads\/2021\/05\/192436268_4185520908174194_8149744993327637352_n-150x150.jpg\" class=\"attachment-thumbnail size-thumbnail\" alt=\"\" \/><\/a>\n\t\t\t\t<\/dt><\/dl><dl class='gallery-item'>\n\t\t\t\t<dt class='gallery-icon landscape'>\n\t\t\t\t\t<a class=\"rollover rollover-zoom dt-pswp-item\" title=\"193414269_306971584312408_9220250485107672030_n\" data-dt-img-description=\"\" data-large_image_width=\"150\" data-large_image_height=\"150\"href='https:\/\/www.radiopiu.net\/wordpress\/wp-content\/uploads\/2021\/05\/193414269_306971584312408_9220250485107672030_n.jpg'><img loading=\"lazy\" decoding=\"async\" width=\"150\" height=\"150\" src=\"https:\/\/www.radiopiu.net\/wordpress\/wp-content\/uploads\/2021\/05\/193414269_306971584312408_9220250485107672030_n-150x150.jpg\" class=\"attachment-thumbnail size-thumbnail\" alt=\"\" \/><\/a>\n\t\t\t\t<\/dt><\/dl><dl class='gallery-item'>\n\t\t\t\t<dt class='gallery-icon landscape'>\n\t\t\t\t\t<a class=\"rollover rollover-zoom dt-pswp-item\" title=\"194518792_776541156380207_5597754652644063802_n\" data-dt-img-description=\"\" data-large_image_width=\"150\" data-large_image_height=\"150\"href='https:\/\/www.radiopiu.net\/wordpress\/wp-content\/uploads\/2021\/05\/194518792_776541156380207_5597754652644063802_n.jpg'><img loading=\"lazy\" decoding=\"async\" width=\"150\" height=\"150\" src=\"https:\/\/www.radiopiu.net\/wordpress\/wp-content\/uploads\/2021\/05\/194518792_776541156380207_5597754652644063802_n-150x150.jpg\" class=\"attachment-thumbnail size-thumbnail\" alt=\"\" \/><\/a>\n\t\t\t\t<\/dt><\/dl><dl class='gallery-item'>\n\t\t\t\t<dt class='gallery-icon landscape'>\n\t\t\t\t\t<a class=\"rollover rollover-zoom dt-pswp-item\" title=\"192871826_312701083762462_5849106114464384092_n\" data-dt-img-description=\"\" data-large_image_width=\"150\" data-large_image_height=\"150\"href='https:\/\/www.radiopiu.net\/wordpress\/wp-content\/uploads\/2021\/05\/192871826_312701083762462_5849106114464384092_n.jpg'><img loading=\"lazy\" decoding=\"async\" width=\"150\" height=\"150\" src=\"https:\/\/www.radiopiu.net\/wordpress\/wp-content\/uploads\/2021\/05\/192871826_312701083762462_5849106114464384092_n-150x150.jpg\" class=\"attachment-thumbnail size-thumbnail\" alt=\"\" \/><\/a>\n\t\t\t\t<\/dt><\/dl><dl class='gallery-item'>\n\t\t\t\t<dt class='gallery-icon landscape'>\n\t\t\t\t\t<a class=\"rollover rollover-zoom dt-pswp-item\" title=\"193647279_337067657939251_1093332518073840104_n\" data-dt-img-description=\"\" data-large_image_width=\"150\" data-large_image_height=\"150\"href='https:\/\/www.radiopiu.net\/wordpress\/wp-content\/uploads\/2021\/05\/193647279_337067657939251_1093332518073840104_n.jpg'><img loading=\"lazy\" decoding=\"async\" width=\"150\" height=\"150\" src=\"https:\/\/www.radiopiu.net\/wordpress\/wp-content\/uploads\/2021\/05\/193647279_337067657939251_1093332518073840104_n-150x150.jpg\" class=\"attachment-thumbnail size-thumbnail\" alt=\"\" \/><\/a>\n\t\t\t\t<\/dt><\/dl><br style=\"clear: both\" \/><dl class='gallery-item'>\n\t\t\t\t<dt class='gallery-icon landscape'>\n\t\t\t\t\t<a class=\"rollover rollover-zoom dt-pswp-item\" title=\"193404916_498099701266108_7055708324690588424_n\" data-dt-img-description=\"\" data-large_image_width=\"140\" data-large_image_height=\"135\"href='https:\/\/www.radiopiu.net\/wordpress\/wp-content\/uploads\/2021\/05\/193404916_498099701266108_7055708324690588424_n.png'><img loading=\"lazy\" decoding=\"async\" width=\"140\" height=\"135\" src=\"https:\/\/www.radiopiu.net\/wordpress\/wp-content\/uploads\/2021\/05\/193404916_498099701266108_7055708324690588424_n.png\" class=\"attachment-thumbnail size-thumbnail\" alt=\"\" \/><\/a>\n\t\t\t\t<\/dt><\/dl><dl class='gallery-item'>\n\t\t\t\t<dt class='gallery-icon landscape'>\n\t\t\t\t\t<a class=\"rollover rollover-zoom dt-pswp-item\" title=\"192354700_532314498147416_5180556028470889027_n\" data-dt-img-description=\"\" data-large_image_width=\"423\" data-large_image_height=\"403\"href='https:\/\/www.radiopiu.net\/wordpress\/wp-content\/uploads\/2021\/05\/192354700_532314498147416_5180556028470889027_n.jpg'><img loading=\"lazy\" decoding=\"async\" width=\"150\" height=\"150\" src=\"https:\/\/www.radiopiu.net\/wordpress\/wp-content\/uploads\/2021\/05\/192354700_532314498147416_5180556028470889027_n-150x150.jpg\" class=\"attachment-thumbnail size-thumbnail\" alt=\"\" \/><\/a>\n\t\t\t\t<\/dt><\/dl><dl class='gallery-item'>\n\t\t\t\t<dt class='gallery-icon landscape'>\n\t\t\t\t\t<a class=\"rollover rollover-zoom dt-pswp-item\" title=\"193240535_469790207431728_3300900513193560418_n\" data-dt-img-description=\"\" data-large_image_width=\"537\" data-large_image_height=\"403\"href='https:\/\/www.radiopiu.net\/wordpress\/wp-content\/uploads\/2021\/05\/193240535_469790207431728_3300900513193560418_n.jpg'><img loading=\"lazy\" decoding=\"async\" width=\"150\" height=\"150\" src=\"https:\/\/www.radiopiu.net\/wordpress\/wp-content\/uploads\/2021\/05\/193240535_469790207431728_3300900513193560418_n-150x150.jpg\" class=\"attachment-thumbnail size-thumbnail\" alt=\"\" \/><\/a>\n\t\t\t\t<\/dt><\/dl><dl class='gallery-item'>\n\t\t\t\t<dt class='gallery-icon landscape'>\n\t\t\t\t\t<a class=\"rollover rollover-zoom dt-pswp-item\" title=\"192950935_484955082576534_8276322275590451283_n\" data-dt-img-description=\"\" data-large_image_width=\"150\" data-large_image_height=\"150\"href='https:\/\/www.radiopiu.net\/wordpress\/wp-content\/uploads\/2021\/05\/192950935_484955082576534_8276322275590451283_n.jpg'><img loading=\"lazy\" decoding=\"async\" width=\"150\" height=\"150\" src=\"https:\/\/www.radiopiu.net\/wordpress\/wp-content\/uploads\/2021\/05\/192950935_484955082576534_8276322275590451283_n-150x150.jpg\" class=\"attachment-thumbnail size-thumbnail\" alt=\"\" \/><\/a>\n\t\t\t\t<\/dt><\/dl><dl class='gallery-item'>\n\t\t\t\t<dt class='gallery-icon portrait'>\n\t\t\t\t\t<a class=\"rollover rollover-zoom dt-pswp-item\" title=\"193339316_836666490612733_8181689255629112106_n\" data-dt-img-description=\"\" data-large_image_width=\"81\" data-large_image_height=\"127\"href='https:\/\/www.radiopiu.net\/wordpress\/wp-content\/uploads\/2021\/05\/193339316_836666490612733_8181689255629112106_n.jpg'><img loading=\"lazy\" decoding=\"async\" width=\"81\" height=\"127\" src=\"https:\/\/www.radiopiu.net\/wordpress\/wp-content\/uploads\/2021\/05\/193339316_836666490612733_8181689255629112106_n.jpg\" class=\"attachment-thumbnail size-thumbnail\" alt=\"\" \/><\/a>\n\t\t\t\t<\/dt><\/dl><dl class='gallery-item'>\n\t\t\t\t<dt class='gallery-icon landscape'>\n\t\t\t\t\t<a class=\"rollover rollover-zoom dt-pswp-item\" title=\"192675514_314526096841461_7629019234328863743_n\" data-dt-img-description=\"\" data-large_image_width=\"150\" data-large_image_height=\"150\"href='https:\/\/www.radiopiu.net\/wordpress\/wp-content\/uploads\/2021\/05\/192675514_314526096841461_7629019234328863743_n.jpg'><img loading=\"lazy\" decoding=\"async\" width=\"150\" height=\"150\" src=\"https:\/\/www.radiopiu.net\/wordpress\/wp-content\/uploads\/2021\/05\/192675514_314526096841461_7629019234328863743_n-150x150.jpg\" class=\"attachment-thumbnail size-thumbnail\" alt=\"\" \/><\/a>\n\t\t\t\t<\/dt><\/dl><br style=\"clear: both\" \/>\n\t\t\t<\/div>\n\n<p>NELLE FOTO (sito chiesabellunofeltre): Sergio Carrara vincitore del concorso nazionale per il nuovo logo della diocesi di Belluno-Feltre; l\u2019elaborato prescelto; presentazione da parte dell\u2019autore e del vescovo Renato Marangoni; il logo secondo classificato; quello che \u00e8 risultato terzo; il calice del diacono Orso custodito nel Museo diocesano di Feltre; la commissione che ha valutato i 32 lavori pervenuti; il sindaco di Feltre, Paolo Perenzin; il presidente della Provincia di Belluno, Roberto Padrin; Alessandro De Faveri; don Davide Fiocco; don Luca Sartori.<\/p>\n","protected":false},"excerpt":{"rendered":"<p>di Renato Bona Nel Museo diocesano feltrino il vescovo di Belluno-Feltre, monsignor Renato Marangoni e l\u2019autore del progetto, Sergio Carrara, di Breganze, hanno illustrato il nuovo logo della Diocesi, selezionato dalla speciale commissione giudicatrice fra i 32 proposti da grafici che hanno aderito al concorso di idee su base nazionale che era stato varato nel&hellip;<\/p>\n","protected":false},"author":4,"featured_media":212897,"comment_status":"closed","ping_status":"open","sticky":false,"template":"","format":"standard","meta":{"_monsterinsights_skip_tracking":false,"_monsterinsights_sitenote_active":false,"_monsterinsights_sitenote_note":"","_monsterinsights_sitenote_category":0,"footnotes":""},"categories":[104,49],"tags":[],"class_list":["post-212888","post","type-post","status-publish","format-standard","has-post-thumbnail","hentry","category-evidenza_3","category-news-18","category-104","category-49","description-off"],"img_url":"https:\/\/www.radiopiu.net\/wordpress\/wp-content\/uploads\/2021\/05\/193240535_469790207431728_3300900513193560418_n.jpg","_links":{"self":[{"href":"https:\/\/www.radiopiu.net\/wordpress\/wp-json\/wp\/v2\/posts\/212888","targetHints":{"allow":["GET"]}}],"collection":[{"href":"https:\/\/www.radiopiu.net\/wordpress\/wp-json\/wp\/v2\/posts"}],"about":[{"href":"https:\/\/www.radiopiu.net\/wordpress\/wp-json\/wp\/v2\/types\/post"}],"author":[{"embeddable":true,"href":"https:\/\/www.radiopiu.net\/wordpress\/wp-json\/wp\/v2\/users\/4"}],"replies":[{"embeddable":true,"href":"https:\/\/www.radiopiu.net\/wordpress\/wp-json\/wp\/v2\/comments?post=212888"}],"version-history":[{"count":0,"href":"https:\/\/www.radiopiu.net\/wordpress\/wp-json\/wp\/v2\/posts\/212888\/revisions"}],"wp:featuredmedia":[{"embeddable":true,"href":"https:\/\/www.radiopiu.net\/wordpress\/wp-json\/wp\/v2\/media\/212897"}],"wp:attachment":[{"href":"https:\/\/www.radiopiu.net\/wordpress\/wp-json\/wp\/v2\/media?parent=212888"}],"wp:term":[{"taxonomy":"category","embeddable":true,"href":"https:\/\/www.radiopiu.net\/wordpress\/wp-json\/wp\/v2\/categories?post=212888"},{"taxonomy":"post_tag","embeddable":true,"href":"https:\/\/www.radiopiu.net\/wordpress\/wp-json\/wp\/v2\/tags?post=212888"}],"curies":[{"name":"wp","href":"https:\/\/api.w.org\/{rel}","templated":true}]}}