{"id":212954,"date":"2021-06-01T05:50:26","date_gmt":"2021-06-01T03:50:26","guid":{"rendered":"https:\/\/www.radiopiu.net\/wordpress\/?p=212954"},"modified":"2021-06-01T10:01:29","modified_gmt":"2021-06-01T08:01:29","slug":"giornale-radiopiu-01-giugno-2021-direttore-mirko-mezzacasa","status":"publish","type":"post","link":"https:\/\/www.radiopiu.net\/wordpress\/giornale-radiopiu-01-giugno-2021-direttore-mirko-mezzacasa\/","title":{"rendered":"GIORNALE RADIOPIU 01 GIUGNO 2021 DIRETTORE MIRKO MEZZACASA"},"content":{"rendered":"<p>&nbsp;<\/p>\n<h3><span style=\"color: #0000ff;\">PER<strong>\u00a0RICEVERE QUESTO NOTIZIARIO DIRETTAMENTE SUL TUO CELLULARE ISCRIVITI AL CANALE TELEGRAM\u00a0<\/strong><strong>\u201cRADIO PIU\u00a0 INFORMAZIONE\u201d\u00a0 \u00a0 \u00a0<\/strong><\/span><\/h3>\n<p>&nbsp;<\/p>\n<hr \/>\n<p>&nbsp;<\/p>\n<p><em><a href=\"https:\/\/www.radiopiu.net\/wordpress\/giornale-radiopiu-24-gennaio-2021-direttore-mirko-mezzacasa\/79216601_126817312416448_708980208774483089_n\/\" rel=\"attachment wp-att-186567\"><img loading=\"lazy\" decoding=\"async\" class=\"size-medium wp-image-186567 alignleft\" src=\"https:\/\/www.radiopiu.net\/wordpress\/wp-content\/uploads\/2021\/01\/79216601_126817312416448_708980208774483089_n-300x114.jpg\" sizes=\"auto, (max-width: 300px) 100vw, 300px\" srcset=\"https:\/\/www.radiopiu.net\/wordpress\/wp-content\/uploads\/2021\/01\/79216601_126817312416448_708980208774483089_n-300x114.jpg 300w, https:\/\/www.radiopiu.net\/wordpress\/wp-content\/uploads\/2021\/01\/79216601_126817312416448_708980208774483089_n-768x292.jpg 768w, https:\/\/www.radiopiu.net\/wordpress\/wp-content\/uploads\/2021\/01\/79216601_126817312416448_708980208774483089_n.jpg 820w\" alt=\"\" width=\"300\" height=\"114\" \/><\/a>A<\/em><em>PP PER IOS-IPHONE di Nicola Vettorello <\/em><a href=\"https:\/\/apps.apple.com\/it\/app\/radio-pi%C3%B9-emittente-agordina\/id1515939845\">https:\/\/apps.apple.com\/it\/app\/radio-pi%C3%B9-emittente-agordina\/id1515939845<\/a><\/p>\n<p><em>ATTENZIONE: LA NUOVA APP RADIO\u00a0 PER ANDROID di Nicola Vettorello<\/em><\/p>\n<p><a href=\"https:\/\/play.google.com\/store\/apps\/details?id=net.radiopiu.iniko\" target=\"_blank\" rel=\"noopener noreferrer\">https:\/\/play.google.com\/store\/apps\/details?id=net.radiopiu.iniko<\/a><\/p>\n<p>&nbsp;<\/p>\n<p>&nbsp;<\/p>\n<p>&nbsp;<\/p>\n<hr \/>\n<p>&nbsp;<\/p>\n<blockquote>\n<blockquote>\n<h3>PER GOSALDO PROVINCIALE 3 A SINGHIOZZO<\/h3>\n<\/blockquote>\n<\/blockquote>\n<p><strong>PROVINCIALE 3 VALLE IMPERINA,\u00a0 <\/strong>FINO ALL&#8217;11 GIUGNO &#8211; FESTIVI E PRE FESTIVI ESCLUSI &#8211; INTERRUZIONE TOTALE ALLA VIABILITA&#8217; PER LAVORI DI ESBOSCO DALLE 8 ALLE 9.45, DALLE 10 ALLE 12, DALLE 13.45 ALLE 15.50 E DALLE 16.10 ALLE 17.30<\/p>\n<blockquote>\n<blockquote>\n<h3>CHIUSURA A FASCE ORARIE PER LA BRENTA-PIEVE DI LIVINALLONGO<\/h3>\n<\/blockquote>\n<\/blockquote>\n<h3><strong><img loading=\"lazy\" decoding=\"async\" class=\"alignleft\" src=\"https:\/\/www.radiopiu.net\/wordpress\/wp-content\/uploads\/2020\/06\/CHIESA-ARABBA-scaled.jpg\" width=\"171\" height=\"128\" \/>LIVINALLONGO<\/strong> Fino al 16 luglio da Pieve di Livinallongo ad Arabba si potr\u00e0 transitare ma in determinate fasce orarie. Dalle 7 del mattino alle 18 sono infatti previste interruzioni fino a 20 minuti per permettere i lavori di esbosco e realizzazione paramassi. Per tutta la durata dei lavori senso unico alternato nei periodi non interessati delle interruzioni.<\/h3>\n<blockquote><p>&nbsp;<\/p>\n<blockquote>\n<h3>203 AGORDINA LAVORI SOPRA LO ZUNAIA, STRADA CHIUSA A FASCE ORARIE<\/h3>\n<\/blockquote>\n<\/blockquote>\n<p><strong><img loading=\"lazy\" decoding=\"async\" class=\"alignleft\" src=\"https:\/\/www.radiopiu.net\/wordpress\/wp-content\/uploads\/2021\/05\/download-21.jpg\" width=\"166\" height=\"91\" \/>ALLEGHE<\/strong> Fino al 18 giugno\u00a0 Dalle 7 alle 18 (esclusi festivi e prefestivi) interruzioni della durata massima di 20 minuti e senso unico alternato nei periodi non interessati dalle interruzioni lungo la regionale 203 agordina tra Ru Sech e la partenza della cabinovia<\/p>\n<blockquote><p>&nbsp;<\/p><\/blockquote>\n<p>&nbsp;<\/p>\n<p>&nbsp;<\/p>\n<hr \/>\n<p>&nbsp;<\/p>\n<blockquote>\n<h3>UNA PETIZIONE PER LA SICUREZZA LUNGO LA PROVINCIALE CHE ATTRAVERSA IL COMUNE DI VALLADA<\/h3>\n<\/blockquote>\n<p><strong>VALLADA<\/strong> Gli abitanti delle frazioni Mas e Celat di Vallada si uniscono e in coro mettono in evidenza il problema della velocit\u00e0 lungo la\u00a0 provinciale\u00a0 346 del San Pellegrino che da Cencenighe sale in Valle del Biois. Oltre 100 cittadini, residenti e non firmano la petizione inviata al Comune, Provincia e Veneto Strade.<\/p>\n<blockquote><p><em>&#8220;Siamo i residenti delle fazioni Mas e Celat di Vallada, gi\u00e0 da anni \u00e8 stata segnalata in forma singola la problematIca (per il rettilineo a Mas di Vallada ndr), ora assieme ci riuniamo per portare all&#8217;attenzione il problema della sicurezza nella frazione attraversata dalla provinciale 346. Chiediamo di garantire il rispetto della normativa vigente del codice della strada e di apporre le strisce pedonali nella zona di pertinenza della fermata del bus&#8221;<\/em><\/p><\/blockquote>\n<p>Come dire che a Mas e Celat si chiede un intervento puntuale per il rigoroso controllo della velocit\u00e0, non necessariamente con l&#8217;autovelox. Ci sono poi altri esempi: \u00a0a Vare di San Tomaso dove l&#8217;autovelox fisso \u00e8 un continuo invito al rispetto del limite, cos\u00ec ad Alleghe o Cencenighe, Agordo, La Valle,\u00a0 oppure caso limite Candaten lungo la 203 agordina dove impera una costante:\u00a0 il piede pesante \u00e8 inversamente proporzionale ai punti sulla patente. Metodi &#8220;costosi&#8221; che permettono al Comune di fare &#8220;cassa&#8221; ma \u00e8 anche vero che \u00e8\u00a0 l&#8217;unico vero deterrente alla velocit\u00e0 oltre alle pattuglie delle Forze dell&#8217;Ordine. Cento persone a Vallada (paese di 480 abitanti) chiedono quindi attenzione per la propria incolumit\u00e0 ad iniziare dalle strisce pedonali necessarie in prossimit\u00e0 della fermata dei bus, per i lavoratori, per gli studenti, senza dimenticare gli anziani con le loro lentezze.<\/p>\n<p>&nbsp;<\/p>\n\n\t\t\t<style type='text\/css'>\n\t\t\t\t#gallery-1 {\n\t\t\t\t\tmargin: auto;\n\t\t\t\t}\n\t\t\t\t#gallery-1 .gallery-item {\n\t\t\t\t\tfloat: left;\n\t\t\t\t\tmargin-top: 10px;\n\t\t\t\t\ttext-align: center;\n\t\t\t\t\twidth: 25%;\n\t\t\t\t}\n\t\t\t\t#gallery-1 img {\n\t\t\t\t\tborder: 2px solid #cfcfcf;\n\t\t\t\t}\n\t\t\t\t#gallery-1 .gallery-caption {\n\t\t\t\t\tmargin-left: 0;\n\t\t\t\t}\n\t\t\t\t\/* see gallery_shortcode() in wp-includes\/media.php *\/\n\t\t\t<\/style>\n\t\t<div id='gallery-1' class='dt-gallery-container gallery galleryid-212954 gallery-columns-4 gallery-size-thumbnail'><dl class='gallery-item'>\n\t\t\t\t<dt class='gallery-icon landscape'>\n\t\t\t\t\t<a class=\"rollover rollover-zoom dt-pswp-item\" title=\"f9f6cee6-0fdb-4ddf-9046-358c8030a574\" data-dt-img-description=\"\" data-large_image_width=\"1600\" data-large_image_height=\"1200\"href='https:\/\/www.radiopiu.net\/wordpress\/wp-content\/uploads\/2021\/05\/f9f6cee6-0fdb-4ddf-9046-358c8030a574.jpg'><img loading=\"lazy\" decoding=\"async\" width=\"150\" height=\"150\" src=\"https:\/\/www.radiopiu.net\/wordpress\/wp-content\/uploads\/2021\/05\/f9f6cee6-0fdb-4ddf-9046-358c8030a574-150x150.jpg\" class=\"attachment-thumbnail size-thumbnail\" alt=\"\" \/><\/a>\n\t\t\t\t<\/dt><\/dl><dl class='gallery-item'>\n\t\t\t\t<dt class='gallery-icon landscape'>\n\t\t\t\t\t<a class=\"rollover rollover-zoom dt-pswp-item\" title=\"78a52368-1d77-4404-8fa6-5299cfca03ea\" data-dt-img-description=\"\" data-large_image_width=\"1600\" data-large_image_height=\"1200\"href='https:\/\/www.radiopiu.net\/wordpress\/wp-content\/uploads\/2021\/05\/78a52368-1d77-4404-8fa6-5299cfca03ea.jpg'><img loading=\"lazy\" decoding=\"async\" width=\"150\" height=\"150\" src=\"https:\/\/www.radiopiu.net\/wordpress\/wp-content\/uploads\/2021\/05\/78a52368-1d77-4404-8fa6-5299cfca03ea-150x150.jpg\" class=\"attachment-thumbnail size-thumbnail\" alt=\"\" \/><\/a>\n\t\t\t\t<\/dt><\/dl><dl class='gallery-item'>\n\t\t\t\t<dt class='gallery-icon landscape'>\n\t\t\t\t\t<a class=\"rollover rollover-zoom dt-pswp-item\" title=\"e0e29bef-74c7-4d93-8bc4-831716af01ba\" data-dt-img-description=\"\" data-large_image_width=\"1600\" data-large_image_height=\"1200\"href='https:\/\/www.radiopiu.net\/wordpress\/wp-content\/uploads\/2021\/05\/e0e29bef-74c7-4d93-8bc4-831716af01ba.jpg'><img loading=\"lazy\" decoding=\"async\" width=\"150\" height=\"150\" src=\"https:\/\/www.radiopiu.net\/wordpress\/wp-content\/uploads\/2021\/05\/e0e29bef-74c7-4d93-8bc4-831716af01ba-150x150.jpg\" class=\"attachment-thumbnail size-thumbnail\" alt=\"\" \/><\/a>\n\t\t\t\t<\/dt><\/dl><dl class='gallery-item'>\n\t\t\t\t<dt class='gallery-icon landscape'>\n\t\t\t\t\t<a class=\"rollover rollover-zoom dt-pswp-item\" title=\"2f636862-3df0-45e7-9478-9324a14ae150\" data-dt-img-description=\"\" data-large_image_width=\"1600\" data-large_image_height=\"1200\"href='https:\/\/www.radiopiu.net\/wordpress\/wp-content\/uploads\/2021\/05\/2f636862-3df0-45e7-9478-9324a14ae150.jpg'><img loading=\"lazy\" decoding=\"async\" width=\"150\" height=\"150\" src=\"https:\/\/www.radiopiu.net\/wordpress\/wp-content\/uploads\/2021\/05\/2f636862-3df0-45e7-9478-9324a14ae150-150x150.jpg\" class=\"attachment-thumbnail size-thumbnail\" alt=\"\" \/><\/a>\n\t\t\t\t<\/dt><\/dl><br style=\"clear: both\" \/><dl class='gallery-item'>\n\t\t\t\t<dt class='gallery-icon landscape'>\n\t\t\t\t\t<a class=\"rollover rollover-zoom dt-pswp-item\" title=\"ea92418f-1c62-4c8d-9678-4f9d6edd7a2e\" data-dt-img-description=\"\" data-large_image_width=\"1600\" data-large_image_height=\"1200\"href='https:\/\/www.radiopiu.net\/wordpress\/wp-content\/uploads\/2021\/05\/ea92418f-1c62-4c8d-9678-4f9d6edd7a2e.jpg'><img loading=\"lazy\" decoding=\"async\" width=\"150\" height=\"150\" src=\"https:\/\/www.radiopiu.net\/wordpress\/wp-content\/uploads\/2021\/05\/ea92418f-1c62-4c8d-9678-4f9d6edd7a2e-150x150.jpg\" class=\"attachment-thumbnail size-thumbnail\" alt=\"\" \/><\/a>\n\t\t\t\t<\/dt><\/dl><dl class='gallery-item'>\n\t\t\t\t<dt class='gallery-icon landscape'>\n\t\t\t\t\t<a class=\"rollover rollover-zoom dt-pswp-item\" title=\"83d2ebd3-5819-478e-93c6-0de39fdc41c1\" data-dt-img-description=\"\" data-large_image_width=\"1600\" data-large_image_height=\"1200\"href='https:\/\/www.radiopiu.net\/wordpress\/wp-content\/uploads\/2021\/05\/83d2ebd3-5819-478e-93c6-0de39fdc41c1.jpg'><img loading=\"lazy\" decoding=\"async\" width=\"150\" height=\"150\" src=\"https:\/\/www.radiopiu.net\/wordpress\/wp-content\/uploads\/2021\/05\/83d2ebd3-5819-478e-93c6-0de39fdc41c1-150x150.jpg\" class=\"attachment-thumbnail size-thumbnail\" alt=\"\" \/><\/a>\n\t\t\t\t<\/dt><\/dl><dl class='gallery-item'>\n\t\t\t\t<dt class='gallery-icon landscape'>\n\t\t\t\t\t<a class=\"rollover rollover-zoom dt-pswp-item\" title=\"f1a256b1-ed87-4a44-9d98-7e429e76d65b\" data-dt-img-description=\"\" data-large_image_width=\"1600\" data-large_image_height=\"1200\"href='https:\/\/www.radiopiu.net\/wordpress\/wp-content\/uploads\/2021\/05\/f1a256b1-ed87-4a44-9d98-7e429e76d65b.jpg'><img loading=\"lazy\" decoding=\"async\" width=\"150\" height=\"150\" src=\"https:\/\/www.radiopiu.net\/wordpress\/wp-content\/uploads\/2021\/05\/f1a256b1-ed87-4a44-9d98-7e429e76d65b-150x150.jpg\" class=\"attachment-thumbnail size-thumbnail\" alt=\"\" \/><\/a>\n\t\t\t\t<\/dt><\/dl><dl class='gallery-item'>\n\t\t\t\t<dt class='gallery-icon landscape'>\n\t\t\t\t\t<a class=\"rollover rollover-zoom dt-pswp-item\" title=\"101183c6-2e0d-482e-a970-4c889da3e233\" data-dt-img-description=\"\" data-large_image_width=\"1600\" data-large_image_height=\"1200\"href='https:\/\/www.radiopiu.net\/wordpress\/wp-content\/uploads\/2021\/05\/101183c6-2e0d-482e-a970-4c889da3e233.jpg'><img loading=\"lazy\" decoding=\"async\" width=\"150\" height=\"150\" src=\"https:\/\/www.radiopiu.net\/wordpress\/wp-content\/uploads\/2021\/05\/101183c6-2e0d-482e-a970-4c889da3e233-150x150.jpg\" class=\"attachment-thumbnail size-thumbnail\" alt=\"\" \/><\/a>\n\t\t\t\t<\/dt><\/dl><br style=\"clear: both\" \/>\n\t\t\t<\/div>\n\n<p>&nbsp;<\/p>\n<hr \/>\n<p>&nbsp;<\/p>\n<p>&nbsp;<\/p>\n<blockquote>\n<h3>GIU&#8217; PER LA SCARPATA FINO ALLA REGIONALE 203 AGORDINA<\/h3>\n<\/blockquote>\n<p><strong>LA VALLE<\/strong> La retromarcia non era evidentemente la scelta corretta, l&#8217;auto, \u00e8 infatti finita sul ciglio a lato della strada comunale a servizio dell&#8217;abitato in frazione La Muda,\u00a0 poi \u00e8 precipitata fino alla sottostante regionale 203 agordina dove fortunatamente non stava transitando nessuno.\u00a0 A bordo della Golf la donna E.H.;M. 38 anni e il figlio, entrambi portati in ospedale per accertamenti, soprattutto per lo choc subito. Sul posto i sanitari del Pronto Soccorso di Agordo, i Carabinieri di Gosaldo e i\u00a0 vigili del fuoco che hanno messo in sicurezza il palo dell&#8217;illuminazione pubblica centrato dall&#8217;auto durante la discesa, palo che probabilmente ha attutito il colpo.<\/p>\n\n\t\t\t<style type='text\/css'>\n\t\t\t\t#gallery-2 {\n\t\t\t\t\tmargin: auto;\n\t\t\t\t}\n\t\t\t\t#gallery-2 .gallery-item {\n\t\t\t\t\tfloat: left;\n\t\t\t\t\tmargin-top: 10px;\n\t\t\t\t\ttext-align: center;\n\t\t\t\t\twidth: 20%;\n\t\t\t\t}\n\t\t\t\t#gallery-2 img {\n\t\t\t\t\tborder: 2px solid #cfcfcf;\n\t\t\t\t}\n\t\t\t\t#gallery-2 .gallery-caption {\n\t\t\t\t\tmargin-left: 0;\n\t\t\t\t}\n\t\t\t\t\/* see gallery_shortcode() in wp-includes\/media.php *\/\n\t\t\t<\/style>\n\t\t<div id='gallery-2' class='dt-gallery-container gallery galleryid-212954 gallery-columns-5 gallery-size-thumbnail'><dl class='gallery-item'>\n\t\t\t\t<dt class='gallery-icon landscape'>\n\t\t\t\t\t<a class=\"rollover rollover-zoom dt-pswp-item\" title=\"38bf89bc-4170-411d-a214-0bcd0b4eb2c4\" data-dt-img-description=\"\" data-large_image_width=\"1600\" data-large_image_height=\"1198\"href='https:\/\/www.radiopiu.net\/wordpress\/wp-content\/uploads\/2021\/05\/38bf89bc-4170-411d-a214-0bcd0b4eb2c4.jpg'><img loading=\"lazy\" decoding=\"async\" width=\"150\" height=\"150\" src=\"https:\/\/www.radiopiu.net\/wordpress\/wp-content\/uploads\/2021\/05\/38bf89bc-4170-411d-a214-0bcd0b4eb2c4-150x150.jpg\" class=\"attachment-thumbnail size-thumbnail\" alt=\"\" \/><\/a>\n\t\t\t\t<\/dt><\/dl><dl class='gallery-item'>\n\t\t\t\t<dt class='gallery-icon landscape'>\n\t\t\t\t\t<a class=\"rollover rollover-zoom dt-pswp-item\" title=\"4d9de226-cc26-481c-a693-3928cea36397\" data-dt-img-description=\"\" data-large_image_width=\"1600\" data-large_image_height=\"1198\"href='https:\/\/www.radiopiu.net\/wordpress\/wp-content\/uploads\/2021\/05\/4d9de226-cc26-481c-a693-3928cea36397.jpg'><img loading=\"lazy\" decoding=\"async\" width=\"150\" height=\"150\" src=\"https:\/\/www.radiopiu.net\/wordpress\/wp-content\/uploads\/2021\/05\/4d9de226-cc26-481c-a693-3928cea36397-150x150.jpg\" class=\"attachment-thumbnail size-thumbnail\" alt=\"\" \/><\/a>\n\t\t\t\t<\/dt><\/dl><dl class='gallery-item'>\n\t\t\t\t<dt class='gallery-icon landscape'>\n\t\t\t\t\t<a class=\"rollover rollover-zoom dt-pswp-item\" title=\"553986c9-ed51-41cd-8f5f-cc114bb42860\" data-dt-img-description=\"\" data-large_image_width=\"1600\" data-large_image_height=\"1198\"href='https:\/\/www.radiopiu.net\/wordpress\/wp-content\/uploads\/2021\/05\/553986c9-ed51-41cd-8f5f-cc114bb42860.jpg'><img loading=\"lazy\" decoding=\"async\" width=\"150\" height=\"150\" src=\"https:\/\/www.radiopiu.net\/wordpress\/wp-content\/uploads\/2021\/05\/553986c9-ed51-41cd-8f5f-cc114bb42860-150x150.jpg\" class=\"attachment-thumbnail size-thumbnail\" alt=\"\" \/><\/a>\n\t\t\t\t<\/dt><\/dl><dl class='gallery-item'>\n\t\t\t\t<dt class='gallery-icon landscape'>\n\t\t\t\t\t<a class=\"rollover rollover-zoom dt-pswp-item\" title=\"a1f9a79c-dfc7-43f3-8c3b-074d2a0cc745\" data-dt-img-description=\"\" data-large_image_width=\"1600\" data-large_image_height=\"1198\"href='https:\/\/www.radiopiu.net\/wordpress\/wp-content\/uploads\/2021\/05\/a1f9a79c-dfc7-43f3-8c3b-074d2a0cc745.jpg'><img loading=\"lazy\" decoding=\"async\" width=\"150\" height=\"150\" src=\"https:\/\/www.radiopiu.net\/wordpress\/wp-content\/uploads\/2021\/05\/a1f9a79c-dfc7-43f3-8c3b-074d2a0cc745-150x150.jpg\" class=\"attachment-thumbnail size-thumbnail\" alt=\"\" \/><\/a>\n\t\t\t\t<\/dt><\/dl><dl class='gallery-item'>\n\t\t\t\t<dt class='gallery-icon landscape'>\n\t\t\t\t\t<a class=\"rollover rollover-zoom dt-pswp-item\" title=\"b68f80c8-0eac-43fe-98b8-0d2fb1fd5673\" data-dt-img-description=\"\" data-large_image_width=\"1600\" data-large_image_height=\"1198\"href='https:\/\/www.radiopiu.net\/wordpress\/wp-content\/uploads\/2021\/05\/b68f80c8-0eac-43fe-98b8-0d2fb1fd5673.jpg'><img loading=\"lazy\" decoding=\"async\" width=\"150\" height=\"150\" src=\"https:\/\/www.radiopiu.net\/wordpress\/wp-content\/uploads\/2021\/05\/b68f80c8-0eac-43fe-98b8-0d2fb1fd5673-150x150.jpg\" class=\"attachment-thumbnail size-thumbnail\" alt=\"\" \/><\/a>\n\t\t\t\t<\/dt><\/dl><br style=\"clear: both\" \/>\n\t\t\t<\/div>\n\n<p>&nbsp;<\/p>\n<hr \/>\n<p>&nbsp;<\/p>\n<blockquote>\n<h3>VERIFICATA SEGNALAZIONE DI PARAPENDIO PRECIPITATO<\/h3>\n<\/blockquote>\n<p><strong><img loading=\"lazy\" decoding=\"async\" class=\"alignleft\" src=\"https:\/\/www.radiopiu.net\/wordpress\/wp-content\/uploads\/2021\/04\/salt_20210403_195544_514.jpg\" width=\"208\" height=\"156\" \/>BORSO DEL GRAPPA\u00a0<\/strong> Attorno alle 20.30 la Centrale del Suem ha allertato il Soccorso alpino della Pedemontana del Grappa, a seguito della segnalazione di una persona che aveva visto precipitare un parapendio sul Monte Grappa nella zona di Semonzo. L&#8217;elicottero del Suem di Pieve di Cadore, volato sul posto, ha effettuato una ricognizione tra la Valle di Santa Felicita e la Val Cornosega, sorvolando tutti i decolli senza rinvenire alcuna traccia. Due squadre di soccorritori con altrettanti mezzi hanno perlustrato l&#8217;area. Sono state controllate le strutture alberghiere e nessuno manca all&#8217;appello, cos\u00ec come le scuole di volo che hanno assicurato il rientro di tutti. Una squadra \u00e8 stata inviata per scrupolo al decollo di Col Serai, che d\u00e0 verso la Val Rossa.<\/p>\n<p>&nbsp;<\/p>\n<p>&nbsp;<\/p>\n<hr \/>\n<p>&nbsp;<\/p>\n<blockquote>\n<h3><a href=\"https:\/\/www.radiopiu.net\/wordpress\/giornale-radiopiu-01-giugno-2021-direttore-mirko-mezzacasa\/th-128\/\" rel=\"attachment wp-att-213257\"><img loading=\"lazy\" decoding=\"async\" class=\" wp-image-213257 alignleft\" src=\"https:\/\/www.radiopiu.net\/wordpress\/wp-content\/uploads\/2021\/06\/th-1-300x133.jpg\" alt=\"\" width=\"248\" height=\"110\" srcset=\"https:\/\/www.radiopiu.net\/wordpress\/wp-content\/uploads\/2021\/06\/th-1-300x133.jpg 300w, https:\/\/www.radiopiu.net\/wordpress\/wp-content\/uploads\/2021\/06\/th-1.jpg 369w\" sizes=\"auto, (max-width: 248px) 100vw, 248px\" \/><\/a>CADE DALLO SCIVOLO, BIMBO IN OSSERVAZIONE<\/h3>\n<p><strong>CORTINA\u00a0<\/strong> Cade dallo scivolo e batte la testa: un bimbo di quattro anni \u00e8 stato trasferito d&#8217;urgenza all&#8217;ospedale di Belluno. Nulla di grave per fortuna dopo gli accertamenti al pronto soccorso del San Martino, dove \u00e8 rimasto in osservazione per tutto il pomeriggio, nulla di preoccupante con un\u00a0 sospiro di sollievo per i famigliari.<\/p><\/blockquote>\n<p>&nbsp;<\/p>\n<p>&nbsp;<\/p>\n<p>&nbsp;<\/p>\n<hr \/>\n<blockquote>\n<h3><a href=\"https:\/\/www.radiopiu.net\/wordpress\/giornale-radiopiu-01-giugno-2021-direttore-mirko-mezzacasa\/image-202\/\" rel=\"attachment wp-att-213255\"><img loading=\"lazy\" decoding=\"async\" class=\" wp-image-213255 alignleft\" src=\"https:\/\/www.radiopiu.net\/wordpress\/wp-content\/uploads\/2021\/06\/image-300x169.jpg\" alt=\"\" width=\"172\" height=\"97\" srcset=\"https:\/\/www.radiopiu.net\/wordpress\/wp-content\/uploads\/2021\/06\/image-300x169.jpg 300w, https:\/\/www.radiopiu.net\/wordpress\/wp-content\/uploads\/2021\/06\/image-768x432.jpg 768w, https:\/\/www.radiopiu.net\/wordpress\/wp-content\/uploads\/2021\/06\/image.jpg 960w\" sizes=\"auto, (max-width: 172px) 100vw, 172px\" \/><\/a>AMMAZZARONO IL CANE, DUE GIOVANI A PROCESSO<\/h3>\n<p><em>C&#8217;\u00e8 un video\u00a0 che mostra tutto quello che \u00e8 successo e un&#8217;autopsia, che spiega i motivi della morte: strangolamento con la corda dello stesso guinzaglio: gli \u00e8 stata spezzata la trachea.<\/em><\/p><\/blockquote>\n<p><strong>AGORDO<\/strong> Il caso di Kaos, il cane strangolato con il suo guinzaglio finisce in Tribunale a Belluno,\u00a0 due giovani\u00a0 dovranno rispondere\u00a0 per l&#8217;uccisione del cane. Due associazioni animaliste si costituiranno parte civile, per chiedere loro i danni. Potrebbe farlo anche il proprietario. A distanza di pi\u00f9 di due anni, tutto \u00e8 pronto per il processo.<\/p>\n<p>&nbsp;<\/p>\n<hr \/>\n<blockquote>\n<h3><\/h3>\n<h3>COVID IN PROVINCIA: NESSUN DECESSO E NESSUNA NUOVA POSITIVITA&#8217; IN ULSS 1 DOLOMITI<\/h3>\n<\/blockquote>\n<p><strong>BELLUNO<\/strong> Nelle ultime 24 ore non sono stati registrati decessi di persone covid positive, non si registrano nuove positivit\u00e0 in provincia di Belluno, 153 le persone attualmente positive.<\/p>\n<p>Le persone attualmente POSITIVE ricoverate negli ospedali dell\u2019Ulss Dolomiti sono:<\/p>\n<table>\n<tbody>\n<tr>\n<td width=\"217\"><strong>\u00a0<\/strong><\/td>\n<td width=\"217\"><strong>Area NON CRITICA<\/strong><\/td>\n<td width=\"217\"><strong>Terapia Intensiva<\/strong><\/td>\n<\/tr>\n<tr>\n<td width=\"217\"><strong>Ospedale di Belluno <\/strong><\/td>\n<td width=\"217\">1<\/td>\n<td width=\"217\">0<\/td>\n<\/tr>\n<tr>\n<td width=\"217\"><strong>Ospedale di Feltre<\/strong><\/td>\n<td width=\"217\">5<\/td>\n<td width=\"217\">0<\/td>\n<\/tr>\n<\/tbody>\n<\/table>\n<p>Le persone attualmente POSITIVE ricoverate in Ospedale di Comunit\u00e0 sono:<\/p>\n<table>\n<tbody>\n<tr>\n<td width=\"326\"><strong>\u00a0<\/strong><\/td>\n<td width=\"326\"><strong>pazienti attualmente positivi<\/strong><\/td>\n<\/tr>\n<tr>\n<td width=\"326\"><strong>Ospedale di Comunit\u00e0 di FELTRE<\/strong><\/td>\n<td width=\"326\"><strong>2<\/strong><\/td>\n<\/tr>\n<\/tbody>\n<\/table>\n<p>&nbsp;<\/p>\n<p>&nbsp;<\/p>\n<hr \/>\n<p>&nbsp;<\/p>\n<p>&nbsp;<\/p>\n<blockquote>\n<h3><\/h3>\n<h3>INCIDENZA A 16, NUOVE INFEZIONI IN 10 COMUNI IN TUTTI GLI ALTRI (52) SETTIMANA SENZA CONTAGI<\/h3>\n<\/blockquote>\n<blockquote><p><em><a href=\"https:\/\/www.radiopiu.net\/wordpress\/4545435-2\/sdf-7\/\" rel=\"attachment wp-att-213114\"><img loading=\"lazy\" decoding=\"async\" class=\"wp-image-213114 alignleft\" src=\"https:\/\/www.radiopiu.net\/wordpress\/wp-content\/uploads\/2021\/05\/sdf.jpg\" alt=\"\" width=\"178\" height=\"184\" srcset=\"https:\/\/www.radiopiu.net\/wordpress\/wp-content\/uploads\/2021\/05\/sdf.jpg 1548w, https:\/\/www.radiopiu.net\/wordpress\/wp-content\/uploads\/2021\/05\/sdf-290x300.jpg 290w, https:\/\/www.radiopiu.net\/wordpress\/wp-content\/uploads\/2021\/05\/sdf-991x1024.jpg 991w, https:\/\/www.radiopiu.net\/wordpress\/wp-content\/uploads\/2021\/05\/sdf-768x794.jpg 768w, https:\/\/www.radiopiu.net\/wordpress\/wp-content\/uploads\/2021\/05\/sdf-1486x1536.jpg 1486w\" sizes=\"auto, (max-width: 178px) 100vw, 178px\" \/><\/a>Ulss1 Belluno, tamponi da inizio epidemia:\u00a0 273\u00a0 mila tamponi molecolari, 193 mila tamponi antigenici.\u00a0<\/em><\/p>\n<p><strong><span style=\"font-size: medium;\">Incidenza settimanale (24 \u2013 30 maggio 2021): <\/span><span style=\"font-size: medium;\">16 <\/span><span style=\"font-size: medium;\">su 100 mila abitanti <\/span><\/strong><\/p>\n<p><strong>BELLUNO<\/strong>\u00a0 Tanto bianco, nessun colore scuro, incidenza maggiore a Quero-Vas Alano, Lorenzago e Domegge di Cadore (126-350 contagi) va meglio a Cortina, Auronzo, Agordo, Belluno, Borgo Valbelluna, Feltre (1-135 contagi) in tutti gli altri Comuni negli ultimi 7 giorni non si sono registrati contagi<\/p><\/blockquote>\n<p><strong>SETTIMANE<\/strong><strong> PRECEDENTI<\/strong><\/p>\n<p><a href=\"https:\/\/www.radiopiu.net\/wordpress\/scende-a-80-lincidenza-per-100-mila-abitanti-la-nuova-mappa-del-contagio-comune-per-comune\/77d7edbe-c270-4dc0-ab88-dc3e66983fef\/\" rel=\"attachment wp-att-211744\"><img loading=\"lazy\" decoding=\"async\" class=\"alignnone wp-image-211744 \" src=\"https:\/\/www.radiopiu.net\/wordpress\/wp-content\/uploads\/2021\/05\/77d7edbe-c270-4dc0-ab88-dc3e66983fef.jpg\" alt=\"\" width=\"203\" height=\"207\" srcset=\"https:\/\/www.radiopiu.net\/wordpress\/wp-content\/uploads\/2021\/05\/77d7edbe-c270-4dc0-ab88-dc3e66983fef.jpg 923w, https:\/\/www.radiopiu.net\/wordpress\/wp-content\/uploads\/2021\/05\/77d7edbe-c270-4dc0-ab88-dc3e66983fef-294x300.jpg 294w, https:\/\/www.radiopiu.net\/wordpress\/wp-content\/uploads\/2021\/05\/77d7edbe-c270-4dc0-ab88-dc3e66983fef-768x783.jpg 768w\" sizes=\"auto, (max-width: 203px) 100vw, 203px\" \/><strong><img loading=\"lazy\" decoding=\"async\" class=\"\" src=\"https:\/\/www.radiopiu.net\/wordpress\/wp-content\/uploads\/2021\/05\/710a973d-e368-4401-930f-b90c9979890b.jpg\" width=\"191\" height=\"207\" \/><\/strong><\/a><a href=\"https:\/\/www.radiopiu.net\/wordpress\/covid-in-provincia-il-punto-della-ulss-1-dolomiti-in-agordino-nuovi-casi-ad-agordo-voltago-la-valle-falcade-e-livinallongo\/2-84\/\" rel=\"attachment wp-att-207391\"><img loading=\"lazy\" decoding=\"async\" class=\"alignnone wp-image-207391 \" src=\"https:\/\/www.radiopiu.net\/wordpress\/wp-content\/uploads\/2021\/05\/2.jpg\" alt=\"\" width=\"202\" height=\"208\" srcset=\"https:\/\/www.radiopiu.net\/wordpress\/wp-content\/uploads\/2021\/05\/2.jpg 966w, https:\/\/www.radiopiu.net\/wordpress\/wp-content\/uploads\/2021\/05\/2-291x300.jpg 291w, https:\/\/www.radiopiu.net\/wordpress\/wp-content\/uploads\/2021\/05\/2-768x792.jpg 768w\" sizes=\"auto, (max-width: 202px) 100vw, 202px\" \/><\/a><\/p>\n<p>&nbsp;<\/p>\n<blockquote><p>&nbsp;<\/p>\n<p>&nbsp;<\/p><\/blockquote>\n<div class=\"page-title-breadcrumbs\">\n<p>&nbsp;<\/p>\n<\/div>\n<p>&nbsp;<\/p>\n<p>&nbsp;<\/p>\n<hr \/>\n<blockquote>\n<h3>IL MINISTRO D&#8217;INCA&#8217; SI VACCINA A SEDICO E RINGRAZIA IL PERSONALE PER LA GENTILEZZA<\/h3>\n<\/blockquote>\n<p><img loading=\"lazy\" decoding=\"async\" class=\"alignleft\" src=\"https:\/\/www.radiopiu.net\/wordpress\/wp-content\/uploads\/2021\/05\/4e4e63c7-7f8c-4ffc-bce0-3aaf3b847c35.jpg\" width=\"257\" height=\"171\" \/><strong>SEDICO<\/strong> Prima dose di vaccino per il Ministro Federico D&#8217;Inc\u00e0\u00a0 al centro vaccinale di Sedico, con un grazie al personale per la professionalit\u00e0 e la gentilezza. <em>&#8220;Per me \u00e8 stata una grande emozione &#8211; dice D&#8217;Inc\u00e0 &#8211; perch\u00e9 ho ripercorso tutti i momenti di sofferenza di questi ultimi 15 mesi, da quando la pandemia ha colpito cos\u00ec duramente il nostro Paese e il mondo intero.<\/em><br \/>\n<em>Ho provato emozione e anche un senso di sollievo perch\u00e9 il grande lavoro fatto dai nostri medici, infermieri, dal personale sanitario, dalla Protezione Civile, dai volontari e dalle Forze dell\u2019Ordine sta dando ottimi risultati. Per far s\u00ec che questi risultati possano diventare una solida realt\u00e0 e far finire questo incubo, dobbiamo vaccinarci. La vaccinazione per la fascia degli over 60 non \u00e8 ancora stata completata e gli under 40 potranno iniziare a vaccinarsi a breve. A loro principalmente ma a tutti va il mio appello: quando sar\u00e0 il vostro turno prenotatevi e vaccinatevi. \u00c8 importante! Se tutti ci vacciniamo riusciremo prima a tornare alla normalit\u00e0&#8221;.<\/em><\/p>\n<p>&nbsp;<\/p>\n<hr \/>\n<p>&nbsp;<\/p>\n<p>&nbsp;<\/p>\n<blockquote>\n<h3>I VOLONTARI DELLA PROLOCO GESTISCONO IL BAR<\/h3>\n<\/blockquote>\n<blockquote>\n<h3 dir=\"auto\"><em>Qualcuno ha detto &#8221; non nei numeri ma nell&#8217;unit\u00e0 sta la nostra forza&#8221; e l&#8217;inaugurazione \u00e8\u00a0 la dimostrazione che insieme si pu\u00f2!<\/em><\/h3>\n<\/blockquote>\n<div dir=\"auto\"><strong>GOSALDO<\/strong> Una nuova bella avventura, una sfida per\u00a0 la Pro Loco di Gosaldo. I volontari gestiscono il\u00a0 Bar fortemente voluto dal Presidente Fabrizio Marcon e dal vice\u00a0 Donatello Galatone. Hanno lavorato sodo Damiano Casaril, Patrick e Fabio Marcon,\u00a0 \u00a0gli &#8220;Amici della Piazza&#8221;,\u00a0 Stefano e Matthias Marcon, tutti i soci che, ciascuno a proprio modo e con le proprie capacit\u00e0 hanno reso possibile la realizzazione di questo fantastico progetto. <em>&#8220;Un ringraziamento lo dobbiamo anche a Daniel Cadorin, Michela De Dorigo e il sig. Selle proprietario dell&#8217;osteria Lambroi &#8211; dicono gli amici della Proloco &#8211; per il loro importante supporto. Grazie a chi ha dato la disponibilit\u00e0 per la gestione del bar, grazie a tutti voi che avete sempre partecipato con entusiasmo a tutte le iniziative che in questi anni sono state organizzate e che anche ieri ci avete dimostrato il vostro affetto&#8221;.\u00a0<\/em><\/div>\n<div dir=\"auto\"><\/div>\n<blockquote>\n<h3 dir=\"auto\">IL BANCONE ORIGINALE DELLA VECCHIA OSTERIA DI LAMBROI<\/h3>\n<\/blockquote>\n<div dir=\"auto\"><a class=\"dt-pswp-item\" href=\"https:\/\/www.radiopiu.net\/wordpress\/wp-content\/uploads\/2021\/06\/ae7d70c2-0d5a-49db-a05b-02471616603b.jpg\" data-dt-img-description=\"\" data-large_image_width=\"1600\" data-large_image_height=\"777\"><img loading=\"lazy\" decoding=\"async\" class=\"alignnone size-medium wp-image-213268\" src=\"https:\/\/www.radiopiu.net\/wordpress\/wp-content\/uploads\/2021\/06\/ae7d70c2-0d5a-49db-a05b-02471616603b-300x146.jpg\" alt=\"\" width=\"300\" height=\"146\" srcset=\"https:\/\/www.radiopiu.net\/wordpress\/wp-content\/uploads\/2021\/06\/ae7d70c2-0d5a-49db-a05b-02471616603b-300x146.jpg 300w, https:\/\/www.radiopiu.net\/wordpress\/wp-content\/uploads\/2021\/06\/ae7d70c2-0d5a-49db-a05b-02471616603b-1024x497.jpg 1024w, https:\/\/www.radiopiu.net\/wordpress\/wp-content\/uploads\/2021\/06\/ae7d70c2-0d5a-49db-a05b-02471616603b-768x373.jpg 768w, https:\/\/www.radiopiu.net\/wordpress\/wp-content\/uploads\/2021\/06\/ae7d70c2-0d5a-49db-a05b-02471616603b-1536x746.jpg 1536w, https:\/\/www.radiopiu.net\/wordpress\/wp-content\/uploads\/2021\/06\/ae7d70c2-0d5a-49db-a05b-02471616603b.jpg 1600w\" sizes=\"auto, (max-width: 300px) 100vw, 300px\" \/><\/a><\/div>\n<div dir=\"auto\"><\/div>\n<div dir=\"auto\">\n<p><strong><a href=\"https:\/\/www.radiopiu.net\/wordpress\/giornale-radiopiu-01-giugno-2021-direttore-mirko-mezzacasa\/e8422925-3a92-4f4b-adce-d04b1ebe127e\/\" rel=\"attachment wp-att-213212\"><img loading=\"lazy\" decoding=\"async\" class=\"size-medium wp-image-213212 alignleft\" src=\"https:\/\/www.radiopiu.net\/wordpress\/wp-content\/uploads\/2021\/05\/e8422925-3a92-4f4b-adce-d04b1ebe127e-300x135.jpg\" alt=\"\" width=\"300\" height=\"135\" srcset=\"https:\/\/www.radiopiu.net\/wordpress\/wp-content\/uploads\/2021\/05\/e8422925-3a92-4f4b-adce-d04b1ebe127e-300x135.jpg 300w, https:\/\/www.radiopiu.net\/wordpress\/wp-content\/uploads\/2021\/05\/e8422925-3a92-4f4b-adce-d04b1ebe127e-1024x461.jpg 1024w, https:\/\/www.radiopiu.net\/wordpress\/wp-content\/uploads\/2021\/05\/e8422925-3a92-4f4b-adce-d04b1ebe127e-768x346.jpg 768w, https:\/\/www.radiopiu.net\/wordpress\/wp-content\/uploads\/2021\/05\/e8422925-3a92-4f4b-adce-d04b1ebe127e-1536x691.jpg 1536w, https:\/\/www.radiopiu.net\/wordpress\/wp-content\/uploads\/2021\/05\/e8422925-3a92-4f4b-adce-d04b1ebe127e.jpg 2000w\" sizes=\"auto, (max-width: 300px) 100vw, 300px\" \/><\/a> DI GIANNI SANTOMASO<\/strong><\/p>\n<p>&nbsp;<\/p>\n<h2><em>foto proloco Gosaldo\u00a0<\/em><\/h2>\n<p>&nbsp;<\/p>\n<p>&nbsp;<\/p>\n<div dir=\"auto\"><\/div>\n<div dir=\"auto\">\n\n\t\t\t<style type='text\/css'>\n\t\t\t\t#gallery-3 {\n\t\t\t\t\tmargin: auto;\n\t\t\t\t}\n\t\t\t\t#gallery-3 .gallery-item {\n\t\t\t\t\tfloat: left;\n\t\t\t\t\tmargin-top: 10px;\n\t\t\t\t\ttext-align: center;\n\t\t\t\t\twidth: 33%;\n\t\t\t\t}\n\t\t\t\t#gallery-3 img {\n\t\t\t\t\tborder: 2px solid #cfcfcf;\n\t\t\t\t}\n\t\t\t\t#gallery-3 .gallery-caption {\n\t\t\t\t\tmargin-left: 0;\n\t\t\t\t}\n\t\t\t\t\/* see gallery_shortcode() in wp-includes\/media.php *\/\n\t\t\t<\/style>\n\t\t<div id='gallery-3' class='dt-gallery-container gallery galleryid-212954 gallery-columns-3 gallery-size-thumbnail'><dl class='gallery-item'>\n\t\t\t\t<dt class='gallery-icon landscape'>\n\t\t\t\t\t<a class=\"rollover rollover-zoom dt-pswp-item\" title=\"193475570_5523243304384303_5536778981419417780_n\" data-dt-img-description=\"\" data-large_image_width=\"600\" data-large_image_height=\"450\"href='https:\/\/www.radiopiu.net\/wordpress\/wp-content\/uploads\/2021\/05\/193475570_5523243304384303_5536778981419417780_n.jpg'><img loading=\"lazy\" decoding=\"async\" width=\"150\" height=\"150\" src=\"https:\/\/www.radiopiu.net\/wordpress\/wp-content\/uploads\/2021\/05\/193475570_5523243304384303_5536778981419417780_n-150x150.jpg\" class=\"attachment-thumbnail size-thumbnail\" alt=\"\" \/><\/a>\n\t\t\t\t<\/dt><\/dl><dl class='gallery-item'>\n\t\t\t\t<dt class='gallery-icon portrait'>\n\t\t\t\t\t<a class=\"rollover rollover-zoom dt-pswp-item\" title=\"192780721_5523243531050947_6703822678477690492_n\" data-dt-img-description=\"\" data-large_image_width=\"552\" data-large_image_height=\"596\"href='https:\/\/www.radiopiu.net\/wordpress\/wp-content\/uploads\/2021\/05\/192780721_5523243531050947_6703822678477690492_n.jpg'><img loading=\"lazy\" decoding=\"async\" width=\"150\" height=\"150\" src=\"https:\/\/www.radiopiu.net\/wordpress\/wp-content\/uploads\/2021\/05\/192780721_5523243531050947_6703822678477690492_n-150x150.jpg\" class=\"attachment-thumbnail size-thumbnail\" alt=\"\" \/><\/a>\n\t\t\t\t<\/dt><\/dl><dl class='gallery-item'>\n\t\t\t\t<dt class='gallery-icon landscape'>\n\t\t\t\t\t<a class=\"rollover rollover-zoom dt-pswp-item\" title=\"192871820_5523243727717594_8855783122882895166_n\" data-dt-img-description=\"\" data-large_image_width=\"600\" data-large_image_height=\"450\"href='https:\/\/www.radiopiu.net\/wordpress\/wp-content\/uploads\/2021\/05\/192871820_5523243727717594_8855783122882895166_n.jpg'><img loading=\"lazy\" decoding=\"async\" width=\"150\" height=\"150\" src=\"https:\/\/www.radiopiu.net\/wordpress\/wp-content\/uploads\/2021\/05\/192871820_5523243727717594_8855783122882895166_n-150x150.jpg\" class=\"attachment-thumbnail size-thumbnail\" alt=\"\" \/><\/a>\n\t\t\t\t<\/dt><\/dl><br style=\"clear: both\" \/><dl class='gallery-item'>\n\t\t\t\t<dt class='gallery-icon landscape'>\n\t\t\t\t\t<a class=\"rollover rollover-zoom dt-pswp-item\" title=\"192468268_5523244137717553_6529027423091183250_n\" data-dt-img-description=\"\" data-large_image_width=\"592\" data-large_image_height=\"414\"href='https:\/\/www.radiopiu.net\/wordpress\/wp-content\/uploads\/2021\/05\/192468268_5523244137717553_6529027423091183250_n.jpg'><img loading=\"lazy\" decoding=\"async\" width=\"150\" height=\"150\" src=\"https:\/\/www.radiopiu.net\/wordpress\/wp-content\/uploads\/2021\/05\/192468268_5523244137717553_6529027423091183250_n-150x150.jpg\" class=\"attachment-thumbnail size-thumbnail\" alt=\"\" \/><\/a>\n\t\t\t\t<\/dt><\/dl><dl class='gallery-item'>\n\t\t\t\t<dt class='gallery-icon portrait'>\n\t\t\t\t\t<a class=\"rollover rollover-zoom dt-pswp-item\" title=\"193181327_5523243897717577_3534501950381566827_n\" data-dt-img-description=\"\" data-large_image_width=\"450\" data-large_image_height=\"600\"href='https:\/\/www.radiopiu.net\/wordpress\/wp-content\/uploads\/2021\/05\/193181327_5523243897717577_3534501950381566827_n.jpg'><img loading=\"lazy\" decoding=\"async\" width=\"150\" height=\"150\" src=\"https:\/\/www.radiopiu.net\/wordpress\/wp-content\/uploads\/2021\/05\/193181327_5523243897717577_3534501950381566827_n-150x150.jpg\" class=\"attachment-thumbnail size-thumbnail\" alt=\"\" \/><\/a>\n\t\t\t\t<\/dt><\/dl>\n\t\t\t\t<br style='clear: both' \/>\n\t\t\t<\/div>\n\n<\/div>\n<p>&nbsp;<\/p>\n<p>&nbsp;<\/p>\n<div dir=\"auto\"><\/div>\n<\/div>\n<div dir=\"auto\">\n\n\t\t\t<style type='text\/css'>\n\t\t\t\t#gallery-4 {\n\t\t\t\t\tmargin: auto;\n\t\t\t\t}\n\t\t\t\t#gallery-4 .gallery-item {\n\t\t\t\t\tfloat: left;\n\t\t\t\t\tmargin-top: 10px;\n\t\t\t\t\ttext-align: center;\n\t\t\t\t\twidth: 33%;\n\t\t\t\t}\n\t\t\t\t#gallery-4 img {\n\t\t\t\t\tborder: 2px solid #cfcfcf;\n\t\t\t\t}\n\t\t\t\t#gallery-4 .gallery-caption {\n\t\t\t\t\tmargin-left: 0;\n\t\t\t\t}\n\t\t\t\t\/* see gallery_shortcode() in wp-includes\/media.php *\/\n\t\t\t<\/style>\n\t\t<div id='gallery-4' class='dt-gallery-container gallery galleryid-212954 gallery-columns-3 gallery-size-thumbnail'><dl class='gallery-item'>\n\t\t\t\t<dt class='gallery-icon landscape'>\n\t\t\t\t\t<a class=\"rollover\" href='https:\/\/www.radiopiu.net\/wordpress\/i-volontari-della-proloco-gestiscono-il-bar\/193475570_5523243304384303_5536778981419417780_n\/'><img loading=\"lazy\" decoding=\"async\" width=\"150\" height=\"150\" src=\"https:\/\/www.radiopiu.net\/wordpress\/wp-content\/uploads\/2021\/05\/193475570_5523243304384303_5536778981419417780_n-150x150.jpg\" class=\"attachment-thumbnail size-thumbnail\" alt=\"\" \/><\/a>\n\t\t\t\t<\/dt><\/dl><dl class='gallery-item'>\n\t\t\t\t<dt class='gallery-icon portrait'>\n\t\t\t\t\t<a class=\"rollover\" href='https:\/\/www.radiopiu.net\/wordpress\/i-volontari-della-proloco-gestiscono-il-bar\/192780721_5523243531050947_6703822678477690492_n\/'><img loading=\"lazy\" decoding=\"async\" width=\"150\" height=\"150\" src=\"https:\/\/www.radiopiu.net\/wordpress\/wp-content\/uploads\/2021\/05\/192780721_5523243531050947_6703822678477690492_n-150x150.jpg\" class=\"attachment-thumbnail size-thumbnail\" alt=\"\" \/><\/a>\n\t\t\t\t<\/dt><\/dl><dl class='gallery-item'>\n\t\t\t\t<dt class='gallery-icon landscape'>\n\t\t\t\t\t<a class=\"rollover\" href='https:\/\/www.radiopiu.net\/wordpress\/i-volontari-della-proloco-gestiscono-il-bar\/192871820_5523243727717594_8855783122882895166_n\/'><img loading=\"lazy\" decoding=\"async\" width=\"150\" height=\"150\" src=\"https:\/\/www.radiopiu.net\/wordpress\/wp-content\/uploads\/2021\/05\/192871820_5523243727717594_8855783122882895166_n-150x150.jpg\" class=\"attachment-thumbnail size-thumbnail\" alt=\"\" \/><\/a>\n\t\t\t\t<\/dt><\/dl><br style=\"clear: both\" \/><dl class='gallery-item'>\n\t\t\t\t<dt class='gallery-icon landscape'>\n\t\t\t\t\t<a class=\"rollover\" href='https:\/\/www.radiopiu.net\/wordpress\/i-volontari-della-proloco-gestiscono-il-bar\/192468268_5523244137717553_6529027423091183250_n\/'><img loading=\"lazy\" decoding=\"async\" width=\"150\" height=\"150\" src=\"https:\/\/www.radiopiu.net\/wordpress\/wp-content\/uploads\/2021\/05\/192468268_5523244137717553_6529027423091183250_n-150x150.jpg\" class=\"attachment-thumbnail size-thumbnail\" alt=\"\" \/><\/a>\n\t\t\t\t<\/dt><\/dl><dl class='gallery-item'>\n\t\t\t\t<dt class='gallery-icon portrait'>\n\t\t\t\t\t<a class=\"rollover\" href='https:\/\/www.radiopiu.net\/wordpress\/i-volontari-della-proloco-gestiscono-il-bar\/193181327_5523243897717577_3534501950381566827_n\/'><img loading=\"lazy\" decoding=\"async\" width=\"150\" height=\"150\" src=\"https:\/\/www.radiopiu.net\/wordpress\/wp-content\/uploads\/2021\/05\/193181327_5523243897717577_3534501950381566827_n-150x150.jpg\" class=\"attachment-thumbnail size-thumbnail\" alt=\"\" \/><\/a>\n\t\t\t\t<\/dt><\/dl>\n\t\t\t\t<br style='clear: both' \/>\n\t\t\t<\/div>\n\n<p>&nbsp;<\/p>\n<\/div>\n<hr \/>\n<p>&nbsp;<\/p>\n<p>&nbsp;<\/p>\n<blockquote>\n<h2>OLTRE IL LAGO I CANTIERI POST VAIA, TERRITORIO VERSO LA RIQUALIFICAZIONE<\/h2>\n<\/blockquote>\n<blockquote><p><em><a href=\"https:\/\/www.radiopiu.net\/wordpress\/oltre-il-lago-i-cantieri-post-vaia-territorio-verso-la-riqualificazione\/2b3af88d-5a42-44cf-a8ec-90bf7436297a\/\" rel=\"attachment wp-att-212319\"><img loading=\"lazy\" decoding=\"async\" class=\" wp-image-212319 alignleft\" src=\"https:\/\/www.radiopiu.net\/wordpress\/wp-content\/uploads\/2021\/05\/2b3af88d-5a42-44cf-a8ec-90bf7436297a-225x300.jpg\" alt=\"\" width=\"145\" height=\"193\" srcset=\"https:\/\/www.radiopiu.net\/wordpress\/wp-content\/uploads\/2021\/05\/2b3af88d-5a42-44cf-a8ec-90bf7436297a-225x300.jpg 225w, https:\/\/www.radiopiu.net\/wordpress\/wp-content\/uploads\/2021\/05\/2b3af88d-5a42-44cf-a8ec-90bf7436297a-768x1024.jpg 768w, https:\/\/www.radiopiu.net\/wordpress\/wp-content\/uploads\/2021\/05\/2b3af88d-5a42-44cf-a8ec-90bf7436297a-1152x1536.jpg 1152w, https:\/\/www.radiopiu.net\/wordpress\/wp-content\/uploads\/2021\/05\/2b3af88d-5a42-44cf-a8ec-90bf7436297a.jpg 1488w\" sizes=\"auto, (max-width: 145px) 100vw, 145px\" \/><\/a>Sono in corso le operazioni di esbosco delle piante abbattute da Vaia su diverse aree del territorio comunale. L&#8217;auspicio che vengano completate entro fine anno.<\/em><\/p><\/blockquote>\n<p><strong>ALLEGHE<\/strong> La bella stagione ha portato in riva al lago uomini e mezzi. I cantieri post Vaia sono aperti, gi\u00e0 a Ru Sech \u00e8 in corso l&#8217;esbosco con la posa dei paravalanghe, il tratto di strada sar\u00e0 poi illuminato come il parco Ru Sech per completare l&#8217;impianto di l&#8217;illuminazione pubblica a led con cavi interrati,\u00a0 rifatto completamente tra Masar\u00e8 ed Alleghe. <a href=\"https:\/\/www.radiopiu.net\/wordpress\/oltre-il-lago-i-cantieri-post-vaia-territorio-verso-la-riqualificazione\/dav-230\/\" rel=\"attachment wp-att-212317\"><img loading=\"lazy\" decoding=\"async\" class=\" wp-image-212317 alignright\" src=\"https:\/\/www.radiopiu.net\/wordpress\/wp-content\/uploads\/2021\/05\/IMG_20210527_101639-1-scaled-e1622121161113-300x225.jpg\" alt=\"\" width=\"203\" height=\"152\" srcset=\"https:\/\/www.radiopiu.net\/wordpress\/wp-content\/uploads\/2021\/05\/IMG_20210527_101639-1-scaled-e1622121161113-300x225.jpg 300w, https:\/\/www.radiopiu.net\/wordpress\/wp-content\/uploads\/2021\/05\/IMG_20210527_101639-1-scaled-e1622121161113-1024x768.jpg 1024w, https:\/\/www.radiopiu.net\/wordpress\/wp-content\/uploads\/2021\/05\/IMG_20210527_101639-1-scaled-e1622121161113-768x576.jpg 768w, https:\/\/www.radiopiu.net\/wordpress\/wp-content\/uploads\/2021\/05\/IMG_20210527_101639-1-scaled-e1622121161113-1536x1152.jpg 1536w, https:\/\/www.radiopiu.net\/wordpress\/wp-content\/uploads\/2021\/05\/IMG_20210527_101639-1-scaled-e1622121161113-2048x1536.jpg 2048w\" sizes=\"auto, (max-width: 203px) 100vw, 203px\" \/><\/a>A fine estate verranno affidati i lavori per la realizzazione dell\u2019impianto di illuminazione della passeggiata in sinistra orografica del Cordevole, dall\u2019area artigianale a Scalon. Passeggiare lungo il lago sar\u00e0 pi\u00f9 piacevole una volta terminati i lavori di sistemazione del marciapiede e sostituzione dei parapetti in corten, uno speciale acciaio che non conosce corrosione pur assumendo nel tempo una colorazione color ruggine. Il Comune \u00e8 in attesa della consegna dei cestini per le deiezioni dei cani sa installare lungo la passeggiata Alleghe-Caprile.\u00a0 Anche per la gioia <a href=\"https:\/\/www.radiopiu.net\/wordpress\/oltre-il-lago-i-cantieri-post-vaia-territorio-verso-la-riqualificazione\/d68768d1-c5e8-4356-8042-e5a4d0f84847\/\" rel=\"attachment wp-att-212318\"><img loading=\"lazy\" decoding=\"async\" class=\" wp-image-212318 alignleft\" src=\"https:\/\/www.radiopiu.net\/wordpress\/wp-content\/uploads\/2021\/05\/d68768d1-c5e8-4356-8042-e5a4d0f84847-300x225.jpg\" alt=\"\" width=\"197\" height=\"148\" srcset=\"https:\/\/www.radiopiu.net\/wordpress\/wp-content\/uploads\/2021\/05\/d68768d1-c5e8-4356-8042-e5a4d0f84847-300x225.jpg 300w, https:\/\/www.radiopiu.net\/wordpress\/wp-content\/uploads\/2021\/05\/d68768d1-c5e8-4356-8042-e5a4d0f84847-1024x768.jpg 1024w, https:\/\/www.radiopiu.net\/wordpress\/wp-content\/uploads\/2021\/05\/d68768d1-c5e8-4356-8042-e5a4d0f84847-768x576.jpg 768w, https:\/\/www.radiopiu.net\/wordpress\/wp-content\/uploads\/2021\/05\/d68768d1-c5e8-4356-8042-e5a4d0f84847-1536x1152.jpg 1536w, https:\/\/www.radiopiu.net\/wordpress\/wp-content\/uploads\/2021\/05\/d68768d1-c5e8-4356-8042-e5a4d0f84847.jpg 1984w\" sizes=\"auto, (max-width: 197px) 100vw, 197px\" \/><\/a>dei bikers sar\u00e0 rifatta e messa in sicurezza la strada silvopastorale di Val de Molin cos\u00ec come per la strada val Caldiera Foppe perch\u00e9 \u00e8 programmata la sua messa in sicurezza. A breve inizieranno i lavori per la riqualificazione e sistemazione del piano viabile della strada Pezz\u00e8 Col dei Baldi malga Boi Vescov\u00e0. Il campo da tennis del Masar\u00e8 (foto destra) da tempo in stato di abbandono sar\u00e0 sostituito dal Parco &#8220;11 gennaio 1771&#8221;, anniversaria della frana dal monte Piz che cancell\u00f2 anche il villaggio Riete. I turisti ai Piani di Pezz\u00e8 troveranno 15 nuovi set di panchine e tavoli in larice per l\u2019area pic nic.\u00a0 In centro a breve inizieranno i lavori per il rifacimento della pavimentazione di via Coldai.<\/p>\n<p>&nbsp;<\/p>\n<p>&nbsp;<\/p>\n<hr \/>\n<blockquote>\n<h3>CONSIGLIO DI RIVAMONTE IN DIRETTA &#8220;A RIVAMONTE SI FESTEGGIA SANT&#8217;ANTONIO NON SAN FLORIANO&#8221;<\/h3>\n<\/blockquote>\n<p><strong>RIVAMONTE<\/strong> La festa patronale del paese si fa a Sant&#8217;Antonio, anche se il patrono del paese \u00e8 San Floriano. Deliberiamo che la festa del paese rimane fissata al 13 giugno come da tempo memorabile. Ogni anno la popolazione \u00e8 devota con origini lontane&#8230;.. Il Santo Patrono coincide quindi con la giornata del 13 giugno.\u00a0 Questo nasce dopo la proposta del dirigente scolastico di festeggiare a maggio San Floriano. Sgomberiamo il campo da ogni equivoco, la festa del paese \u00e8 quella di Sant&#8217;Antonio come gi\u00e0 ribadito nel 2017 dalla passata amministrazione. <strong>ERNESTO FOSSEN<\/strong>\u00a0Proposta o tentativo di imposizione? <strong>NINO DEON<\/strong> Noi abbiamo avuto una comunicazione il venerdi alle 16.56 a uffici chiusi, abbiamo visto la decisione del dirigente scolastico per la festa del 4 maggio il lunedi. Abbiamo scritto che non si puo&#8217; avvisare il giorno prima ma il dirigente ha ribadito la sospensione delle lezioni. Lui si \u00e8 posto in questa posizione <strong>ERNESTO FOSSEN<\/strong>\u00a0Ha scavalcato il consiglio regionale<strong> NINO DEON<\/strong> il Consiglio non si \u00e8 mai pronunciato lo aveva fatto le precedente amministrazione ribadendo che a Rivamonte si fa festa a Sant&#8217;Antonio il 13 giugno. Ci siamo confrontanti anche con il nostro Parroco che non mette in discussione la decisione, anzi.<\/p>\n<p><strong>CONVENZIONE ENTE PARCO\u00a0<\/strong> Scade a fine anno, il Parco ha gi\u00e0 avuto i finanziamenti post Vaia e contenimento consumi energetici ci ha chiesto pertanto di approvarla ora con anticipo la convenzione per la concessione della centralina idroelettrica per la durata di 25 anni, L&#8217;edificio \u00e8 quello in fondo oggi centro visitatori del Parco. Cosi&#8217; abbiamo risolto anche questo problema, questa estate faranno l&#8217;intervento di messa in sicurezza e rifacimento del tetto per 538mila euro. <strong>CONTRARIO GIULIANO LAVEDER<\/strong> motiva la decisione con un lungo documento, <span style=\"color: #ff0000;\">audio spesso rovinato ai troppi microfoni accesi causa di rientri <span style=\"color: #000000;\"><strong>ERNESTO FOSSEN <\/strong><strong>CONTRARIO<\/strong> Si diano i prati di Candaten alla Cooperativa di Rivamonte gratuitamente. <strong>NINO DEON<\/strong> E&#8217; zona demaniale non del Parco.\u00a0<\/span><\/span><\/p>\n<p><strong>ORDINE DEL GIORNO CONTRO LA CHIUSURA DELLA CASERMA DEI CARABINIERI DI GOSALDO<\/strong> Il Comune di Gosaldo ci chiede di sostenere la richiesta di non chiudere le caserma, Rivamonte come molti altri Comuni porta l&#8217;argomento per un ordine del giorno\u00a0 in consiglio comunale. Proponiamo che la caserma venga aperta per il servizio su tutto il territorio non limitato a Gosaldo. <strong>ERNESTO FOSSEN <\/strong>\u00a0&#8211; <strong>CONTRARIO<\/strong> &#8211; Se lo ha deciso il comandante dei Carabinieri per me va bene cosi<\/p>\n<p><strong>MANIFESTAZIONE INTERESSE PER LA GESTIONE IL CENTRO DI VALLE IMPERINA<\/strong> E&#8217; scaduta oggi, speriamo ci siano proposte, lo sapremo nei prossimi giorni. Vediamo se ci sono ditte interessate al bando. Si stanno completando i lavori di messa in sicurezza, siamo in grado di darlo in gestione, speriamo, entro il mese di giugno.<\/p>\n<p><strong>PARCO GIOCHI DATATI<\/strong> Dobbiamo intervenire sia in centro nei pressi della chiesa che a Zenich.<\/p>\n<blockquote>\n<h3>DIRETTA<\/h3>\n<\/blockquote>\n<p>https:\/\/www.facebook.com\/Mirkomezziano\/videos\/2976330689316364<\/p>\n<p>&nbsp;<\/p>\n<hr \/>\n<p>&nbsp;<\/p>\n<h3><span style=\"color: #ff0000;\">L&#8217;OPINIONE\u00a0<\/span><\/h3>\n<blockquote>\n<h3>EX CENTRALINA PER 25 ANNI AL PARCO NAZIONALE DOLOMITI BELLUNESI<\/h3>\n<\/blockquote>\n<p>di Giuliano Laveder, consigliere comunale<\/p>\n<p><strong><a href=\"https:\/\/www.radiopiu.net\/wordpress\/dalla-certosa-di-vedana-a-valle-imperina-di-gianni-santomaso\/dav-190\/\" rel=\"attachment wp-att-170177\"><img loading=\"lazy\" decoding=\"async\" class=\"size-medium wp-image-170177 alignleft\" src=\"https:\/\/www.radiopiu.net\/wordpress\/wp-content\/uploads\/2020\/11\/36_Valle-Imperina-300x169.jpg\" alt=\"\" width=\"300\" height=\"169\" srcset=\"https:\/\/www.radiopiu.net\/wordpress\/wp-content\/uploads\/2020\/11\/36_Valle-Imperina-300x169.jpg 300w, https:\/\/www.radiopiu.net\/wordpress\/wp-content\/uploads\/2020\/11\/36_Valle-Imperina-1024x578.jpg 1024w, https:\/\/www.radiopiu.net\/wordpress\/wp-content\/uploads\/2020\/11\/36_Valle-Imperina-768x434.jpg 768w, https:\/\/www.radiopiu.net\/wordpress\/wp-content\/uploads\/2020\/11\/36_Valle-Imperina.jpg 1280w\" sizes=\"auto, (max-width: 300px) 100vw, 300px\" \/><\/a>RIVAMONTE\u00a0<\/strong> Il mio voto \u00e8 contrario. La mia \u00e8 una decisione legata in primo luogo al metodo poco democratico con cui si \u00e8 presa questa decisione In tal senso ricordo benissimo che quando il presidente del Parco era venuto in Comune, aveva detto che avrebbe fatto delle proposte sulla gestione del sito minerario e il Consiglio avrebbe poi discusso sulle proposte avanzate. Invece come da consuetudine in questi 4 anni, le decisioni vengono assunte senza mai coinvolgere il Consiglio e magari nemmeno la Giunta, se si \u00e8 perpetuato quanto accadeva finch\u00e9 io sono stato assessore e di cui posso essere testimone. E voglio ribadire che Questo \u00e8 stato uno dei motivi per cui avevo dato le dimissioni, e se formalmente ho dichiarato che le mie dimissioni sono state solo per motivi di salute, proprio per non sollevare inutili polemiche, in realt\u00e0 ero molto amaraggeto per un metodo e per una assenza totale di coinvolgimenti , e non solo nei miei riguardi tanto che poi sono seguire quelle del vicesindaco , le cui motivazioni sono state oggetto di numerosi articoli di quotidiani . In secondo luogo , il motivo del mio voto contrario \u00e8 che non mi sembra corretto che il sindaco in tutti questi 4 anni in tutti\u00a0 bandi e richiesta dei progetti abbia sempre dato ad un&#8217;unica ditta o progettista l&#8217;affido diretto. Non discuto la legittimit\u00e0 della cosa perch\u00e8 non mio compito entrare in questo ma sono convinto che fare un bando per pi\u00f9 ditte o progettisti, avrebbe significato un possibile risparmio e , perch\u00e8 no, l\u2019apertura a nuove esperienze e confronti . In questo quadro rientra anche il bando fatto degli edifici in Valle Imperina: tutto deciso da Sindaco e forse dalla giunta, senza coinvolgere i consiglieri. Io non so se le persone e in nostri concittadini si lamentino anche con il sindaco ,quello di cui sono <a href=\"https:\/\/www.radiopiu.net\/wordpress\/93727-2\/laveder\/\" rel=\"attachment wp-att-93740\"><img loading=\"lazy\" decoding=\"async\" class=\"size-medium wp-image-93740 alignright\" src=\"https:\/\/www.radiopiu.net\/wordpress\/wp-content\/uploads\/2019\/07\/laveder-300x150.jpg\" alt=\"\" width=\"300\" height=\"150\" srcset=\"https:\/\/www.radiopiu.net\/wordpress\/wp-content\/uploads\/2019\/07\/laveder-300x150.jpg 300w, https:\/\/www.radiopiu.net\/wordpress\/wp-content\/uploads\/2019\/07\/laveder-768x384.jpg 768w, https:\/\/www.radiopiu.net\/wordpress\/wp-content\/uploads\/2019\/07\/laveder-1024x512.jpg 1024w, https:\/\/www.radiopiu.net\/wordpress\/wp-content\/uploads\/2019\/07\/laveder.jpg 1599w\" sizes=\"auto, (max-width: 300px) 100vw, 300px\" \/><\/a>certo che moltissime persone chiamano me , e magari altri consiglieri, per chiedere chi ha deciso un bando simile\u2026con la preoccupazione di un ennesimo buco nell\u2019acqua. Ma si dice &#8220;chi vivr\u00e0 vedr\u00e0&#8221; e allora aspettiamo e attendiamo di vedere quanti partecipanti ci saranno. Sono peraltro molto perplesso sui tempi dati : credo infatti che l\u2019 ex ostello potrebbe aprire in maniera efficace solo dopo l\u2019estate o meglio ancora a maggio giugno 2022. Inoltre, se avessimo avuto modo di discutere avrei dato questi ultimi contributi di merito: &#8211; Riguardo la centralina una concessione di altri 25 anni mi sembra esagerata, forse bastavano 10 anni, o meglio bloccare il rinnovo automatici dei 25 anni e lasciare decidere la prossima amministrazione. &#8211; Per quanto riguarda la gestione avrei aggiunto che il comune, quando lo ritiene opportuno, pu\u00f2 chiedere un controllo e una verifica , affinch\u00e9 non succeda come accaduto in passato all\u2019Ostello o al Cral dove dopo la gestione si sono trovati notevoli danni. &#8211; avrei definito un punto sulla pulizia e manutenzione dell\u2019esterno : Mi chiedo infatti chi se ne occuper\u00e0 del prato o del taglio delle piante che crescono attorno alle strutture o di quelle che crescono nei muri provocando crepe e danni. I canali che portavano acqua alla centralina erano puliti adesso anche l\u00ec ci sono alberi. E\u2019 un elemento molto importante perch\u00e8 \u00e8 il primo biglietto da visita e Certamente i visitatori queste cose le notano , ne fanno commenti sui social faranno e fanno pubblicit\u00e0 positiva o negativa , che di certo ritorna sia al Comune sia al Parco come un boomerang. Ma purtroppo Non essendo mai stato coinvolto in nessuna delle decisioni prese, non ho potuto portare alcuna proposta e di conseguenza non ritengo di potere assumere, al pari del Sindaco e della giunta, alcuna responsabilit\u00e0 nelle decisioni assunte , molte delle quali ritengo assolutamente contrarie all&#8217;interesse della popolazione. Ecco per tutto ci\u00f2 ribadisco il mio voto contrario.<\/p>\n<p>&nbsp;<\/p>\n<p>&nbsp;<\/p>\n<p>&nbsp;<\/p>\n<hr \/>\n<p>&nbsp;<\/p>\n<blockquote>\n<h3>SALDI ESTIVI DAL 3 LUGLIO PRIMA LE VENDITE STRAORDINARIE<\/h3>\n<\/blockquote>\n<p><strong>VENEZIA<\/strong> L\u2019avvio dei saldi \u00e8 fissato per il 3 luglio e, a parziale deroga della normativa regionale, \u00e8 consentito lo svolgimento delle vendite promozionali anche nei trenta giorni antecedenti alle vendite di fine stagione. Le vendite di fine stagione estiva per l\u2019anno 2021 avranno dunque inizio a partire dal primo sabato del mese di luglio, ossia dal giorno 3 luglio 2021, e si concluderanno il 31 agosto 2021. <em>\u00a0\u201cSi tratta di sostenere concretamente la ripresa del commercio al dettaglio che in tempi di pandemia ha visto cambiare le modalit\u00e0 di acquisto della popolazione con un boom del commercio online \u2013 sottolinea l&#8217;assessore Roberto Marcato -. L\u2019avvio dei saldi estivi coincide con una ripartenza che ci auguriamo tutti sia effettiva e duratura. Sostenere il rilancio del commercio per noi significa supportare la rivitalizzazione dei centri, rilanciare la socialit\u00e0 e far rifiorire i nostri centri urbani, dove la gente deve tornare in piena sicurezza\u201d.<\/em><\/p>\n<p>&nbsp;<\/p>\n<p>&nbsp;<\/p>\n<hr \/>\n<h3><\/h3>\n<blockquote>\n<h3>DA OGGI GLI OPERAI LUXOTTICA POTRANNO DECIDERE COME UTILIZZARE IL PREMIO AZIENDALE<\/h3>\n<\/blockquote>\n<p><strong><a href=\"https:\/\/www.radiopiu.net\/wordpress\/le-nuove-insegne-di-luxottica-ad-agordo\/nuova-insegna-luxottica\/\" rel=\"attachment wp-att-113444\"><img loading=\"lazy\" decoding=\"async\" class=\"size-medium wp-image-113444 alignleft\" src=\"https:\/\/www.radiopiu.net\/wordpress\/wp-content\/uploads\/2020\/01\/NUOVA-INSEGNA-LUXOTTICA-300x225.jpg\" alt=\"\" width=\"300\" height=\"225\" srcset=\"https:\/\/www.radiopiu.net\/wordpress\/wp-content\/uploads\/2020\/01\/NUOVA-INSEGNA-LUXOTTICA-300x225.jpg 300w, https:\/\/www.radiopiu.net\/wordpress\/wp-content\/uploads\/2020\/01\/NUOVA-INSEGNA-LUXOTTICA-1024x768.jpg 1024w, https:\/\/www.radiopiu.net\/wordpress\/wp-content\/uploads\/2020\/01\/NUOVA-INSEGNA-LUXOTTICA-768x576.jpg 768w, https:\/\/www.radiopiu.net\/wordpress\/wp-content\/uploads\/2020\/01\/NUOVA-INSEGNA-LUXOTTICA-1536x1152.jpg 1536w, https:\/\/www.radiopiu.net\/wordpress\/wp-content\/uploads\/2020\/01\/NUOVA-INSEGNA-LUXOTTICA-2048x1536.jpg 2048w\" sizes=\"auto, (max-width: 300px) 100vw, 300px\" \/><\/a>AGORDO<\/strong> Da oggi e fino al 27 giugno gli operai Luxottica potranno decidere come destinare il premio aziendale 2020. Le maestranze, tramite il sito One Luxottica, sono chiamate a decidere se vogliono monetizzare il premio nella busta paga che riceveranno il 10 luglio oppure destinare tutto il premio o una parte in beni e servizi welfare con dei vantaggi non di poco conto. Infatti chi decide di destinare il premio in beni e servizi welfare, non solo il premio convertito non sar\u00e0 soggetto ad alcuna tassazione, ma quest\u2019anno l\u2019azienda aggiunger\u00e0 anche un eccezionale contributo del 30%, di cui il lavoratore potr\u00e0 usufruire gi\u00e0 a partire dal mese di giugno. Ad esempio, se il PDR \u00e8 di 1.000 Euro, convertendolo in Welfare si arriver\u00e0 a 1.300 Euro\u00a0facendo crescere cos\u00ec il potere d\u2019acquisto, anzich\u00e9 800 euro netti in busta paga. Per ogni dubbio in merito, l&#8217;azienda ha messo a disposizione degli infopoint in ogni stabilimento. Ad Agordo i corner per le informazioni sul PDR saranno attivi mercoled\u00ec 9, marted&#8217; 15 e mercoled\u00ec 16 giugno dalle 11 alle 14 e dalle 16:30 alle 19:30.<\/p>\n<p>&nbsp;<\/p>\n<p>&nbsp;<\/p>\n<hr \/>\n<p>&nbsp;<\/p>\n<blockquote><p><strong>VIABILIT\u00c0 A NORDEST \u2013 BERTON\u00a0 &#8220;LA MONTAGNA VA COLLEGATA ALLA PIANURA&#8221;<\/strong><\/p><\/blockquote>\n<p><strong><a href=\"https:\/\/www.radiopiu.net\/wordpress\/giornale-radiopiu-01-giugno-2021-direttore-mirko-mezzacasa\/193348344_1790693534465887_849640118748646605_n\/\" rel=\"attachment wp-att-213101\"><img loading=\"lazy\" decoding=\"async\" class=\" wp-image-213101 alignleft\" src=\"https:\/\/www.radiopiu.net\/wordpress\/wp-content\/uploads\/2021\/05\/193348344_1790693534465887_849640118748646605_n-300x225.jpg\" alt=\"\" width=\"227\" height=\"170\" srcset=\"https:\/\/www.radiopiu.net\/wordpress\/wp-content\/uploads\/2021\/05\/193348344_1790693534465887_849640118748646605_n-300x225.jpg 300w, https:\/\/www.radiopiu.net\/wordpress\/wp-content\/uploads\/2021\/05\/193348344_1790693534465887_849640118748646605_n.jpg 600w\" sizes=\"auto, (max-width: 227px) 100vw, 227px\" \/><\/a>BELLUNO\u00a0<\/strong> <em>\u00a0\u201cL\u2019inaugurazione della Pedemontana Veneta tra Bassano e Montebelluna \u00e8 un\u2019ottima notizia per tutte le imprese del Nordest, comprese quelle bellunesi, che per\u00f2 ora devono essere messe nelle condizioni di raggiungere la nuova infrastruttura con collegamenti efficienti. Dopo essersi occupati della direttrice est-ovest della nostra regione, serve concentrarsi sull\u2019asse nord-sud. Questo \u00e8 il momento giusto per programmare un nuovo piano infrastrutturale completo. Il rischio \u00e8 che alcuni territori restino fuori. Per questo, mi appello alle Istituzioni e in particolare al presidente Zaia, che &#8211; sulla realizzazione della Pedemontana &#8211; ha dimostrato competenza e rara determinazione&#8221;. <\/em>A dirlo, dopo l&#8217;attesa apertura del nuovo tratto stradale tra Vicentino e Marca Trevigiana, \u00e8 Lorraine Berton, presidente di Confindustria Belluno Dolomiti. <em>&#8220;Per raggiungere la Pedemontana Veneta, per esempio, serve intervenire sulla strada Feltrina, che resta un punto nero della viabilit\u00e0, accelerare sul nuovo Ponte di Vidor, mettere in sicurezza i versanti sia in destra e sinistra Piave: nel Basso Feltrino ci sono ancora troppe criticit\u00e0&#8221;.\u00a0<\/em> Infine l&#8217;appello per un cambio di passo quindi che\u00a0 i decisori politici, di ogni ordine e grado, prendano in mano la situazione.<\/p>\n<p>&nbsp;<\/p>\n<p>&nbsp;<\/p>\n<hr \/>\n<p>&nbsp;<\/p>\n<blockquote>\n<h3>DOMANI LA CERIMONIA IN OCCASIONE DEL 75\u00b0 ANNIVERSARIO DELLA FESTA DELLA REPUBBLICA<\/h3>\n<\/blockquote>\n<p><strong><a href=\"https:\/\/www.radiopiu.net\/wordpress\/25-aprile-e-primo-maggio-la-forza-dei-valori-della-liberta-e-del-lavoro\/bandiera-italia\/\" rel=\"attachment wp-att-132775\"><img loading=\"lazy\" decoding=\"async\" class=\"size-medium wp-image-132775 alignleft\" src=\"https:\/\/www.radiopiu.net\/wordpress\/wp-content\/uploads\/2020\/04\/bandiera-italia-300x200.png\" alt=\"\" width=\"300\" height=\"200\" srcset=\"https:\/\/www.radiopiu.net\/wordpress\/wp-content\/uploads\/2020\/04\/bandiera-italia-300x200.png 300w, https:\/\/www.radiopiu.net\/wordpress\/wp-content\/uploads\/2020\/04\/bandiera-italia-1024x683.png 1024w, https:\/\/www.radiopiu.net\/wordpress\/wp-content\/uploads\/2020\/04\/bandiera-italia-768x512.png 768w, https:\/\/www.radiopiu.net\/wordpress\/wp-content\/uploads\/2020\/04\/bandiera-italia-1536x1024.png 1536w, https:\/\/www.radiopiu.net\/wordpress\/wp-content\/uploads\/2020\/04\/bandiera-italia.png 1920w\" sizes=\"auto, (max-width: 300px) 100vw, 300px\" \/><\/a>BELLUNO <\/strong>Le misure di cautela imposte dallo stato di emergenza ancora in atto impongono che anche quest\u2019anno\u00a0 la cerimonia della Festa della Repubblica si svolga rispettando le misure di prevenzione per il contenimento del contagio, evitando assembramenti nel rispetto del distanziamento sociale. Al fine di dare il giusto rilievo all\u2019importante ricorrenza, il 2 giugno, alle 11, in Piazza dei Martiri, si terr\u00e0 la cerimonia dell\u2019alzabandiera sulle note dell\u2019inno d\u2019Italia, alla presenza di un ristretto numero di autorit\u00e0. Successivamente, il Prefetto, Mariano Savastano, dar\u00e0 lettura del messaggio originale inviato per l\u2019occasione dal Presidente della Repubblica ai Prefetti e, per loro tramite,\u00a0 agli amministratori locali. Al fine di condividere con le Istituzioni locali l\u2019importante ricorrenza, che proprio nella partecipazione dei Sindaci vede uno degli aspetti maggiormente significativi, \u00e8 stato rivolto loro l\u2019invito affinch\u00e9 in tutti i Comuni si possa tenere la cerimonia dell\u2019alzabandiera. Come da tradizione, sin dalle prime ore del mattino ed al fine di coinvolgere la cittadinanza nell\u2019importante ricorrenza, sar\u00e0 issato il tricolore lungo la torre dell\u2019orologio di Palazzo dei Rettori, grazie alla Squadra Speleoalpino Fluviale del Comando Provinciale dei Vigili del Fuoco. La Festa della Repubblica sar\u00e0 anche l\u2019occasione per consegnare le onorificenze dell\u2019Ordine \u201cAl Merito della Repubblica Italiana\u201d e le Medaglie d\u2019Onore agli insigniti. In particolare, il 2 giugno si consegneranno le onorificenze dell\u2019Ordine \u201cAl Merito della Repubblica Italiana\u201d ai sanitari che si sono distinti per l\u2019essenziale contributo prestato durante l\u2019intero periodo, non ancora terminato, dell\u2019emergenza COVID-19. Il 4 giugno saranno consegnati i diplomi agli ulteriori cittadini che si sono distinti \u201cnel campo delle lettere, delle arti, dell\u2019economia e nell\u2019impegno di pubbliche cariche e di attivit\u00e0 svolte a fini sociali, filantropici e umanitari, nonch\u00e9 per lunghi e segnalati servizi nelle carriere civili e militari\u201d (legge del 1951 che ha istituito l\u2019OMRI). L\u201911 giugno saranno consegnate le Medaglie d\u2019Onore ai familiari dei cittadini, militari e civili, deportati e internati nei lager nazisti. Le cerimonie si terranno presso la Prefettura alle 17.15.<\/p>\n<p><strong>LE ONORIFICENZE DEL 2 GIUGNO<\/strong><\/p>\n<p><em><strong>CAVALIERE<\/strong><\/em>:\u00a0Massimo BOARETTO &#8211; \u00a0Belluno, Andrea CELSI &#8211; Belluno, Sandro DE COL &#8211; Belluno, Irene GALLON \u2013 Belluno, Rodolfo MUZZOLON &#8211; Ponte nelle Alpi, Luigi PAIS DEI MORI \u2013 Belluno, Donatella PIOL &#8211; Belluno, Fabio SOPPELSA \u2013 Belluno, Valentina SUSANA &#8211; San Gregorio nelle Alpi<\/p>\n<p><strong>LE ONORIFICENZE DEL 4 GIUGNO<\/strong><\/p>\n<p><em><strong>UFFICIALE: <\/strong><\/em>Costante FONTANA &#8211; \u00a0Belluno, Mar.Capo Francesco PINGITORE &#8211;\u00a0 \u00a0Belluno, <em>Francesco PUCCI &#8211;\u00a0 \u00a0Seren del Grappa.\u00a0<\/em><strong>CAVALIERE: <\/strong>Fabio BRISTOT &#8211; \u00a0Belluno, Eda COLLAZUOL- Belluno, Stefano FREGONA &#8211; Belluno, Teresa GALLINA \u2013 Quero Vas, Mauro PASTORI &#8211; Belluno, Walter ZANELLA &#8211; Quero Vas, Stefano ZANNOL \u2013 Feltre<\/p>\n<p><strong>LE ONORIFICENZE DEL 11 GIUGNO<\/strong><\/p>\n<p><em><strong>MEDAGLIE D&#8217;ONORE: <\/strong><\/em>AGORDO <em>MOE\u2019 Pietro \u2013 DECEDUTO (<\/em><em>Nipote: MOE\u2019 Margherita, residente ad Agordo), <\/em>CANALE D&#8217;AGORDO <em>BATTAIN Alvise \u2013 DECEDUTO (<\/em><em>Figlio: BATTAIN Nevio, residente a Canale d\u2019Agordo),\u00a0<\/em>BELLUNO <em>BOITO Giuseppe \u2013 DECEDUTO (<\/em><em>Figlia: BOITO Anna, residente a Belluno) <\/em><em>DAL FARRA Antonio \u2013 DECEDUTO <\/em><em>(Figlia: DAL FARRA Caterina, residente a Belluno) <\/em><em>PACHNER Antonio \u2013 DECEDUTO <\/em><em>(Figlio: PACHNER Ruggero, residente a Belluno) <\/em><em>PULVIRENTI Martino \u2013 DECEDUTO <\/em><em>(Nipote: PULVIRENTI Maria, residente a Belluno)\u00a0<\/em>SOSPIROLO <em>CASANOVA Pietro \u2013 DECEDUTO (<\/em><em>Figlio: CASANOVA Gianni Luigi, residente a Sospirolo) <\/em><em>TOSATO Querino \u2013 DECEDUTO <\/em><em>(Figlio: TOSATO Giorgio, residente a Sospirolo)<\/em><\/p>\n<p>&nbsp;<\/p>\n<p>&nbsp;<\/p>\n<hr \/>\n<p>&nbsp;<\/p>\n<p>&nbsp;<\/p>\n<p><a href=\"https:\/\/www.radiopiu.net\/wordpress\/giornale-radiopiu-01-giugno-2021-direttore-mirko-mezzacasa\/aefdc274-aed3-4d86-8a63-2ebbbdedf61e\/\" rel=\"attachment wp-att-213175\"><img loading=\"lazy\" decoding=\"async\" class=\"alignnone wp-image-213175 size-full\" src=\"https:\/\/www.radiopiu.net\/wordpress\/wp-content\/uploads\/2021\/05\/aefdc274-aed3-4d86-8a63-2ebbbdedf61e.jpg\" alt=\"\" width=\"1024\" height=\"769\" srcset=\"https:\/\/www.radiopiu.net\/wordpress\/wp-content\/uploads\/2021\/05\/aefdc274-aed3-4d86-8a63-2ebbbdedf61e.jpg 1024w, https:\/\/www.radiopiu.net\/wordpress\/wp-content\/uploads\/2021\/05\/aefdc274-aed3-4d86-8a63-2ebbbdedf61e-300x225.jpg 300w, https:\/\/www.radiopiu.net\/wordpress\/wp-content\/uploads\/2021\/05\/aefdc274-aed3-4d86-8a63-2ebbbdedf61e-768x577.jpg 768w\" sizes=\"auto, (max-width: 1024px) 100vw, 1024px\" \/><\/a><\/p>\n<p>&nbsp;<\/p>\n<blockquote class=\"wp-embedded-content\" data-secret=\"GBfsZ1NKIu\"><p><a href=\"https:\/\/www.radiopiu.net\/wordpress\/aggiornamentomagg31\/\">CORONAVIRUS: AGGIORNAMENTO NAZIONALE 31 MAGGIO  2021<\/a><\/p><\/blockquote>\n<p><iframe loading=\"lazy\" class=\"wp-embedded-content\" sandbox=\"allow-scripts\" security=\"restricted\" style=\"position: absolute; clip: rect(1px, 1px, 1px, 1px);\" title=\"&#8220;CORONAVIRUS: AGGIORNAMENTO NAZIONALE 31 MAGGIO  2021&#8221; &#8212; Radio Pi\u00f9\" src=\"https:\/\/www.radiopiu.net\/wordpress\/aggiornamentomagg31\/embed\/#?secret=GBfsZ1NKIu\" data-secret=\"GBfsZ1NKIu\" width=\"600\" height=\"338\" frameborder=\"0\" marginwidth=\"0\" marginheight=\"0\" scrolling=\"no\"><\/iframe><\/p>\n<p>&nbsp;<\/p>\n<blockquote class=\"wp-embedded-content\" data-secret=\"zy4zsO6o7e\"><p><a href=\"https:\/\/www.radiopiu.net\/wordpress\/in-24-ore-60-positivi-in-piu-nel-veneto-4-decessi-e-calo-dei-ricoveri-ma-non-in-terapia-intensiva\/\">IN 24 ORE 60 POSITIVI IN PIU&#8217; NEL VENETO, 4 DECESSI E CALO DEI RICOVERI MA NON IN TERAPIA INTENSIVA<\/a><\/p><\/blockquote>\n<p><iframe loading=\"lazy\" class=\"wp-embedded-content\" sandbox=\"allow-scripts\" security=\"restricted\" style=\"position: absolute; clip: rect(1px, 1px, 1px, 1px);\" title=\"&#8220;IN 24 ORE 60 POSITIVI IN PIU&#8217; NEL VENETO, 4 DECESSI E CALO DEI RICOVERI MA NON IN TERAPIA INTENSIVA&#8221; &#8212; Radio Pi\u00f9\" src=\"https:\/\/www.radiopiu.net\/wordpress\/in-24-ore-60-positivi-in-piu-nel-veneto-4-decessi-e-calo-dei-ricoveri-ma-non-in-terapia-intensiva\/embed\/#?secret=zy4zsO6o7e\" data-secret=\"zy4zsO6o7e\" width=\"600\" height=\"338\" frameborder=\"0\" marginwidth=\"0\" marginheight=\"0\" scrolling=\"no\"><\/iframe><\/p>\n<p>&nbsp;<\/p>\n<blockquote>\n<h3>I GRAFICI DI TIZIANO DE COL<\/h3>\n<\/blockquote>\n\n\t\t\t<style type='text\/css'>\n\t\t\t\t#gallery-5 {\n\t\t\t\t\tmargin: auto;\n\t\t\t\t}\n\t\t\t\t#gallery-5 .gallery-item {\n\t\t\t\t\tfloat: left;\n\t\t\t\t\tmargin-top: 10px;\n\t\t\t\t\ttext-align: center;\n\t\t\t\t\twidth: 20%;\n\t\t\t\t}\n\t\t\t\t#gallery-5 img {\n\t\t\t\t\tborder: 2px solid #cfcfcf;\n\t\t\t\t}\n\t\t\t\t#gallery-5 .gallery-caption {\n\t\t\t\t\tmargin-left: 0;\n\t\t\t\t}\n\t\t\t\t\/* see gallery_shortcode() in wp-includes\/media.php *\/\n\t\t\t<\/style>\n\t\t<div id='gallery-5' class='dt-gallery-container gallery galleryid-212954 gallery-columns-5 gallery-size-medium'><dl class='gallery-item'>\n\t\t\t\t<dt class='gallery-icon landscape'>\n\t\t\t\t\t<a class=\"rollover rollover-zoom dt-pswp-item\" title=\"33cdc200-bd0a-4a08-ae0a-2240dd86ed38\" data-dt-img-description=\"\" data-large_image_width=\"612\" data-large_image_height=\"352\"href='https:\/\/www.radiopiu.net\/wordpress\/wp-content\/uploads\/2021\/05\/33cdc200-bd0a-4a08-ae0a-2240dd86ed38.jpg'><img loading=\"lazy\" decoding=\"async\" width=\"300\" height=\"173\" src=\"https:\/\/www.radiopiu.net\/wordpress\/wp-content\/uploads\/2021\/05\/33cdc200-bd0a-4a08-ae0a-2240dd86ed38-300x173.jpg\" class=\"attachment-medium size-medium\" alt=\"\" srcset=\"https:\/\/www.radiopiu.net\/wordpress\/wp-content\/uploads\/2021\/05\/33cdc200-bd0a-4a08-ae0a-2240dd86ed38-300x173.jpg 300w, https:\/\/www.radiopiu.net\/wordpress\/wp-content\/uploads\/2021\/05\/33cdc200-bd0a-4a08-ae0a-2240dd86ed38.jpg 612w\" sizes=\"auto, (max-width: 300px) 100vw, 300px\" \/><\/a>\n\t\t\t\t<\/dt><\/dl><dl class='gallery-item'>\n\t\t\t\t<dt class='gallery-icon landscape'>\n\t\t\t\t\t<a class=\"rollover rollover-zoom dt-pswp-item\" title=\"de186c4b-113a-443b-9365-338750401c96\" data-dt-img-description=\"\" data-large_image_width=\"610\" data-large_image_height=\"354\"href='https:\/\/www.radiopiu.net\/wordpress\/wp-content\/uploads\/2021\/05\/de186c4b-113a-443b-9365-338750401c96.jpg'><img loading=\"lazy\" decoding=\"async\" width=\"300\" height=\"174\" src=\"https:\/\/www.radiopiu.net\/wordpress\/wp-content\/uploads\/2021\/05\/de186c4b-113a-443b-9365-338750401c96-300x174.jpg\" class=\"attachment-medium size-medium\" alt=\"\" srcset=\"https:\/\/www.radiopiu.net\/wordpress\/wp-content\/uploads\/2021\/05\/de186c4b-113a-443b-9365-338750401c96-300x174.jpg 300w, https:\/\/www.radiopiu.net\/wordpress\/wp-content\/uploads\/2021\/05\/de186c4b-113a-443b-9365-338750401c96.jpg 610w\" sizes=\"auto, (max-width: 300px) 100vw, 300px\" \/><\/a>\n\t\t\t\t<\/dt><\/dl><dl class='gallery-item'>\n\t\t\t\t<dt class='gallery-icon landscape'>\n\t\t\t\t\t<a class=\"rollover rollover-zoom dt-pswp-item\" title=\"b03d4e39-8b30-4dce-9560-1fbb076da27c\" data-dt-img-description=\"\" data-large_image_width=\"598\" data-large_image_height=\"357\"href='https:\/\/www.radiopiu.net\/wordpress\/wp-content\/uploads\/2021\/05\/b03d4e39-8b30-4dce-9560-1fbb076da27c.jpg'><img loading=\"lazy\" decoding=\"async\" width=\"300\" height=\"179\" src=\"https:\/\/www.radiopiu.net\/wordpress\/wp-content\/uploads\/2021\/05\/b03d4e39-8b30-4dce-9560-1fbb076da27c-300x179.jpg\" class=\"attachment-medium size-medium\" alt=\"\" srcset=\"https:\/\/www.radiopiu.net\/wordpress\/wp-content\/uploads\/2021\/05\/b03d4e39-8b30-4dce-9560-1fbb076da27c-300x179.jpg 300w, https:\/\/www.radiopiu.net\/wordpress\/wp-content\/uploads\/2021\/05\/b03d4e39-8b30-4dce-9560-1fbb076da27c.jpg 598w\" sizes=\"auto, (max-width: 300px) 100vw, 300px\" \/><\/a>\n\t\t\t\t<\/dt><\/dl><dl class='gallery-item'>\n\t\t\t\t<dt class='gallery-icon landscape'>\n\t\t\t\t\t<a class=\"rollover rollover-zoom dt-pswp-item\" title=\"46aed9b3-1b5e-4d6c-a0ed-3937bc4af83f\" data-dt-img-description=\"\" data-large_image_width=\"600\" data-large_image_height=\"359\"href='https:\/\/www.radiopiu.net\/wordpress\/wp-content\/uploads\/2021\/05\/46aed9b3-1b5e-4d6c-a0ed-3937bc4af83f.jpg'><img loading=\"lazy\" decoding=\"async\" width=\"300\" height=\"180\" src=\"https:\/\/www.radiopiu.net\/wordpress\/wp-content\/uploads\/2021\/05\/46aed9b3-1b5e-4d6c-a0ed-3937bc4af83f-300x180.jpg\" class=\"attachment-medium size-medium\" alt=\"\" srcset=\"https:\/\/www.radiopiu.net\/wordpress\/wp-content\/uploads\/2021\/05\/46aed9b3-1b5e-4d6c-a0ed-3937bc4af83f-300x180.jpg 300w, https:\/\/www.radiopiu.net\/wordpress\/wp-content\/uploads\/2021\/05\/46aed9b3-1b5e-4d6c-a0ed-3937bc4af83f.jpg 600w\" sizes=\"auto, (max-width: 300px) 100vw, 300px\" \/><\/a>\n\t\t\t\t<\/dt><\/dl><dl class='gallery-item'>\n\t\t\t\t<dt class='gallery-icon landscape'>\n\t\t\t\t\t<a class=\"rollover rollover-zoom dt-pswp-item\" title=\"6f0fef1a-cc65-4356-86ff-ac7eb380d020\" data-dt-img-description=\"\" data-large_image_width=\"602\" data-large_image_height=\"352\"href='https:\/\/www.radiopiu.net\/wordpress\/wp-content\/uploads\/2021\/05\/6f0fef1a-cc65-4356-86ff-ac7eb380d020.jpg'><img loading=\"lazy\" decoding=\"async\" width=\"300\" height=\"175\" src=\"https:\/\/www.radiopiu.net\/wordpress\/wp-content\/uploads\/2021\/05\/6f0fef1a-cc65-4356-86ff-ac7eb380d020-300x175.jpg\" class=\"attachment-medium size-medium\" alt=\"\" srcset=\"https:\/\/www.radiopiu.net\/wordpress\/wp-content\/uploads\/2021\/05\/6f0fef1a-cc65-4356-86ff-ac7eb380d020-300x175.jpg 300w, https:\/\/www.radiopiu.net\/wordpress\/wp-content\/uploads\/2021\/05\/6f0fef1a-cc65-4356-86ff-ac7eb380d020.jpg 602w\" sizes=\"auto, (max-width: 300px) 100vw, 300px\" \/><\/a>\n\t\t\t\t<\/dt><\/dl><br style=\"clear: both\" \/>\n\t\t\t<\/div>\n\n<p>&nbsp;<\/p>\n<hr \/>\n<p>&nbsp;<\/p>\n<blockquote>\n<h3><a href=\"https:\/\/www.radiopiu.net\/wordpress\/zaia-e-il-ministro-del-turismo-massimo-garavaglia\/whatsapp-image-2021-05-31-at-13-06-25-1\/\" rel=\"attachment wp-att-213104\"><img loading=\"lazy\" decoding=\"async\" class=\"wp-image-213104 alignleft\" src=\"https:\/\/www.radiopiu.net\/wordpress\/wp-content\/uploads\/2021\/05\/WhatsApp-Image-2021-05-31-at-13.06.25-1-300x225.jpeg\" alt=\"\" width=\"205\" height=\"154\" srcset=\"https:\/\/www.radiopiu.net\/wordpress\/wp-content\/uploads\/2021\/05\/WhatsApp-Image-2021-05-31-at-13.06.25-1-300x225.jpeg 300w, https:\/\/www.radiopiu.net\/wordpress\/wp-content\/uploads\/2021\/05\/WhatsApp-Image-2021-05-31-at-13.06.25-1-768x576.jpeg 768w, https:\/\/www.radiopiu.net\/wordpress\/wp-content\/uploads\/2021\/05\/WhatsApp-Image-2021-05-31-at-13.06.25-1.jpeg 1024w\" sizes=\"auto, (max-width: 205px) 100vw, 205px\" \/><\/a>IN VENETO IL\u00a0 MINISTRO AL TURISMO MASSIMO GARAVAGLIA<\/h3>\n<\/blockquote>\n<p><strong>VENEZIA<\/strong> Il green pass? In Europa si viagger\u00e0 con le tre regole, che sono chiare. La data che si \u00e8 data l&#8217;Europa \u00e8 il 15 giugno, finch\u00e9 non ci saranno i dati digitali\u00a0 il pezzo di carta sar\u00e0 utilissimo. Le vaccinazione turistiche dove c&#8217;\u00e8 la possibilit\u00e0 di farle si facciano.<\/p>\n<p><strong>IL MINISTRO GARAVAGLIA\u00a0<\/strong><\/p>\n<audio class=\"wp-audio-shortcode\" id=\"audio-212954-1\" preload=\"none\" style=\"width: 100%;\" controls=\"controls\"><source type=\"audio\/mpeg\" src=\"https:\/\/www.radiopiu.net\/wordpress\/wp-content\/uploads\/2021\/05\/TURISMO.mp3?_=1\" \/><a href=\"https:\/\/www.radiopiu.net\/wordpress\/wp-content\/uploads\/2021\/05\/TURISMO.mp3\">https:\/\/www.radiopiu.net\/wordpress\/wp-content\/uploads\/2021\/05\/TURISMO.mp3<\/a><\/audio>\n<p>&nbsp;<\/p>\n<p>&nbsp;<\/p>\n<hr \/>\n<p>&nbsp;<\/p>\n<p>&nbsp;<\/p>\n<blockquote>\n<h3>LAVORO. DATI TURISMO IN VENETO<\/h3>\n<\/blockquote>\n<p><strong><a href=\"https:\/\/www.radiopiu.net\/wordpress\/giornale-radiopiu-09-marzo-2021-direttore-mirko-mezzacasa\/elena-donazzan\/\" rel=\"attachment wp-att-195881\"><img loading=\"lazy\" decoding=\"async\" class=\" wp-image-195881 alignleft\" src=\"https:\/\/www.radiopiu.net\/wordpress\/wp-content\/uploads\/2021\/03\/ELENA-DONAZZAN-300x272.png\" alt=\"\" width=\"186\" height=\"169\" srcset=\"https:\/\/www.radiopiu.net\/wordpress\/wp-content\/uploads\/2021\/03\/ELENA-DONAZZAN-300x272.png 300w, https:\/\/www.radiopiu.net\/wordpress\/wp-content\/uploads\/2021\/03\/ELENA-DONAZZAN-1024x927.png 1024w, https:\/\/www.radiopiu.net\/wordpress\/wp-content\/uploads\/2021\/03\/ELENA-DONAZZAN-768x695.png 768w, https:\/\/www.radiopiu.net\/wordpress\/wp-content\/uploads\/2021\/03\/ELENA-DONAZZAN.png 1266w\" sizes=\"auto, (max-width: 186px) 100vw, 186px\" \/><\/a>VENEZIA <\/strong>\u201c<em>In questo momento ci stiamo impegnando per far ripartire il turismo, mettendo tutte le nostre energie nel sostenere gli imprenditori di settore nell\u2019incontro domanda-offerta, ma \u00e8 necessario una riflessione seria sul grave calo dell\u2019occupazione registrato nel 2020, considerando che la ripartenza difficilmente potr\u00e0 farci ambire ai numeri del 2019<\/em>\u201d. Cos\u00ec l\u2019Assessore regionale al lavoro Elena Donazzan a margine dell\u2019incontro con il Ministro del Turismo Massimo Garavaglia esponendo il quadro attuale dell\u2019occupazione nel settore turistico in Veneto.<\/p>\n<p>&nbsp;<\/p>\n<p>&nbsp;<\/p>\n<p>&nbsp;<\/p>\n<hr \/>\n<p>&nbsp;<\/p>\n<blockquote>\n<h3>ATTENZIONE E RISPETTO LE\u00a0 STATUE DI FIABANE DEDICATE AGLI ALPINI<\/h3>\n<\/blockquote>\n<p><strong><a href=\"https:\/\/www.radiopiu.net\/wordpress\/basta-con-la-didattica-a-distanza-sta-rovinando-la-nuova-generazione\/adda\/\" rel=\"attachment wp-att-198731\"><img loading=\"lazy\" decoding=\"async\" class=\"wp-image-198731 alignright\" src=\"https:\/\/www.radiopiu.net\/wordpress\/wp-content\/uploads\/2021\/03\/Adda-300x265.jpg\" alt=\"\" width=\"111\" height=\"98\" srcset=\"https:\/\/www.radiopiu.net\/wordpress\/wp-content\/uploads\/2021\/03\/Adda-300x265.jpg 300w, https:\/\/www.radiopiu.net\/wordpress\/wp-content\/uploads\/2021\/03\/Adda-768x677.jpg 768w, https:\/\/www.radiopiu.net\/wordpress\/wp-content\/uploads\/2021\/03\/Adda.jpg 898w\" sizes=\"auto, (max-width: 111px) 100vw, 111px\" \/><\/a>BELLUNO<\/strong> Il Ponte degli Alpini e le statue di Franco Fiabane all&#8217;attenzione del consigliere di minoranza Raffaele Addamiano di Obiettivo Belluno Fratelli d&#8217;Italia. Il consigliere fa infatti notare che alle estremit\u00e0 del manufatto sull\u2019Ardo, aperto al traffico nel 1971, vi sono due statue dell\u2019artista Franco Fiabane raffiguranti degli Alpini collocate nel 1972 in occasione del centenario della fondazione del glorioso Corpo degli Alpini con dedica <em>\u201cLa citt\u00e0 di Belluno ai suoi figli Alpini\u201d. <\/em>Sono statue imponenti che necessitano di restauro per ridargli lustro ed importanza anche in vista del centenario della fondazione Ana (20 giugno <a href=\"https:\/\/www.radiopiu.net\/wordpress\/213044-2\/ponte-degli-alpini-belluno\/\" rel=\"attachment wp-att-213045\"><img loading=\"lazy\" decoding=\"async\" class=\" wp-image-213045 alignleft\" src=\"https:\/\/www.radiopiu.net\/wordpress\/wp-content\/uploads\/2021\/05\/ponte-degli-alpini-belluno-300x225.jpg\" alt=\"\" width=\"229\" height=\"172\" srcset=\"https:\/\/www.radiopiu.net\/wordpress\/wp-content\/uploads\/2021\/05\/ponte-degli-alpini-belluno-300x225.jpg 300w, https:\/\/www.radiopiu.net\/wordpress\/wp-content\/uploads\/2021\/05\/ponte-degli-alpini-belluno.jpg 467w\" sizes=\"auto, (max-width: 229px) 100vw, 229px\" \/><\/a>1921). <em>&#8220;Per questo &#8211; dice Addamiano &#8211; chiedo al sindaco, all&#8217;assessore competente quali siano le azioni che l&#8217;amministrazione intende porre in essere per risolvere la problematica estetica-costruttiva&#8221;<\/em><\/p>\n<p>&nbsp;<\/p>\n<blockquote><p><em><strong>Ponte degli alpini<\/strong> : Aperto al traffico nel 1971, \u00e8 il ponte che collega le due sponde del torrente Ardo e ha reso possibile al traffico di non intasare il centro citt\u00e0. Lungo circa 300 me alto circa 37 metri, \u00e8 stato restaurato nel 2002. Vale la pena visitarlo soprattutto per la bella vista che si gode da lass\u00f9.<\/em><\/p><\/blockquote>\n<p>&nbsp;<\/p>\n<blockquote><p>&nbsp;<\/p><\/blockquote>\n<hr \/>\n<blockquote>\n<h3><\/h3>\n<h3>L&#8217;APPELLO ALLA PROVINCIA DI BELLUNO ALPINA &#8220;SFRUTTIAMO IL MOMENTO&#8221;<\/h3>\n<\/blockquote>\n<p><em><a href=\"https:\/\/www.radiopiu.net\/wordpress\/giornale-radiopiu-20-gennaio-2021-direttore-mirko-mezzacasa\/belluno-alpina\/\" rel=\"attachment wp-att-185689\"><img loading=\"lazy\" decoding=\"async\" class=\" wp-image-185689 alignleft\" src=\"https:\/\/www.radiopiu.net\/wordpress\/wp-content\/uploads\/2021\/01\/BELLUNO-ALPINA-300x274.jpg\" alt=\"\" width=\"183\" height=\"167\" srcset=\"https:\/\/www.radiopiu.net\/wordpress\/wp-content\/uploads\/2021\/01\/BELLUNO-ALPINA-300x274.jpg 300w, https:\/\/www.radiopiu.net\/wordpress\/wp-content\/uploads\/2021\/01\/BELLUNO-ALPINA.jpg 588w\" sizes=\"auto, (max-width: 183px) 100vw, 183px\" \/><\/a>\u201cLa Regione prevede autonomia amministrativa nella gestione delle foreste. La Provincia sfrutti questa possibilit\u00e0 per la ripartenza economica e la gestione ambientale\u201d.<\/em><\/p>\n<p><strong>BELLUNO<\/strong> L&#8217;associazione Belluno Alpina lancia un appello alla Provincia di Belluno. <em>&#8220;\u201cFinalmente c&#8217;\u00e8 la convinzione da parte di tutti che le foreste sono una ricchezza per il nostro territorio, non solo ambientale, ma anche economica. Il bosco \u00e8 per la montagna quello che spiaggia e mare sono per gli albergatori marittimi: bisogna per\u00f2 che questa consapevolezza si traduca in atti concreti, con una regia unica che metta d&#8217;accordo tutti gli interlocutori. Sfruttiamo l&#8217;interesse del momento e coinvolgiamo i giovani in questo passaggio: c&#8217;\u00e8 grande esperienza da trasmettere e al tempo stesso la necessit\u00e0 di un cambio generazionale\u201d, sottolineano dall&#8217;associazione&#8221;. <\/em>Ecco quindi l&#8217;appello alla Provincia affinch\u00e8 il presidente si prenda a cuore questa necessit\u00e0, urgenza e voglia di ripartire: individui una persona adatta e determinata a lavorare per ricostituire la filiera del legno nel bellunese. Per Gimmy Dal Farra vanno coordinate le idee per ricostruire una catena che rimetta in moto questa economia e porti alla nascita di nuove imprese come\u00a0 i centri di lavorazione per travi in lamellare, che porterebbe alla realizzazione di tetti a km 0 con legno bellunese. Belluno Alpina crede che si debba investire di pi\u00f9 sulle possibilit\u00e0 offerte dalla specificit\u00e0 regionale.<\/p>\n<p>&nbsp;<\/p>\n<p>&nbsp;<\/p>\n<div class=\"page-title-breadcrumbs\">\n<hr \/>\n<\/div>\n<blockquote>\n<h3 class=\"p1\"><span class=\"s1\">\u00a0<\/span><\/h3>\n<h3 class=\"p1\"><span class=\"s1\">1KM AL GIORNO: LA SCUOLA MEDIA ROCCA DI FELTRE PRIMA CLASSIFICATA IN VENETO<\/span><\/h3>\n<\/blockquote>\n<p class=\"p1\"><span class=\"s1\"><strong><a href=\"https:\/\/www.radiopiu.net\/wordpress\/giornale-radiopiu-01-giugno-2021-direttore-mirko-mezzacasa\/scuola-12\/\" rel=\"attachment wp-att-213185\"><img loading=\"lazy\" decoding=\"async\" class=\"size-medium wp-image-213185 alignleft\" src=\"https:\/\/www.radiopiu.net\/wordpress\/wp-content\/uploads\/2021\/05\/scuola-300x225.jpg\" alt=\"\" width=\"300\" height=\"225\" srcset=\"https:\/\/www.radiopiu.net\/wordpress\/wp-content\/uploads\/2021\/05\/scuola-300x225.jpg 300w, https:\/\/www.radiopiu.net\/wordpress\/wp-content\/uploads\/2021\/05\/scuola-768x576.jpg 768w, https:\/\/www.radiopiu.net\/wordpress\/wp-content\/uploads\/2021\/05\/scuola.jpg 960w\" sizes=\"auto, (max-width: 300px) 100vw, 300px\" \/><\/a>BELLUNO<\/strong> \u201c1 Km al giorno\u201d \u00e8 un\u2019iniziativa della Regione Veneto per la promozione di stili di vita attivi nei ragazzi pre-adolescenti e adolescenti, al fine di migliorare la frequenza e la qualit\u00e0 del movimento, venuto meno durante il difficile periodo emergenziale, adottando una pausa attiva a scuola con un percorso di almeno 1 Km al giorno. <\/span><span class=\"s1\">L&#8217;iniziativa, rivolta alle scuole secondarie di primo e secondo grado e sviluppata in provincia di Belluno presso la Scuola Media Rocca dell&#8217;Istituto Comprensivo di <span class=\"s2\">Feltre<\/span> ha visto la partecipazione attiva durante l&#8217;anno scolastico di tutte le classi della scuola media, con il coinvolgimento di circa 380 studenti. <\/span><span class=\"s1\">La scuola si \u00e8 classificata prima a livello regionale per numero di km percorsi. <\/span><span class=\"s1\">Ieri mattina, nel cortile della scuola, \u00e8 stato festeggiato il risultato alla presenza del direttore sanitario, Maria Caterina De Marco, del preside della scuola Lorella Lazzaretti, del sindaco di Feltre Paolo Perenzin e del dirigente dell&#8217;ufficio scolastico provinciale Massimiliano De Salvador. <\/span><span class=\"s1\">Come \u00e8 stato sottolineato negli Interventi, il km \u00e8 stata l&#8217;occasione per mantenersi in forma ma anche per socializzare, portando beneficio a corpo e mente. <\/span><span class=\"s1\">Protagonisti della mattina i ragazzi che si sono impegnati durante l&#8217;anno che hanno raccontato il loro vissuto. Immancabili i @dr clown Belluno che hanno allietato la mattinata. <\/span><span class=\"s1\">Il Km individuato nel cortile della scuola sar\u00e0 un percorso permanente, che rimarr\u00e0 nel tempo sempre disponibile per i ragazzi come opportunit\u00e0 di movimento e salute.<\/span><\/p>\n<p>&nbsp;<\/p>\n<p>&nbsp;<\/p>\n<hr \/>\n<p>&nbsp;<\/p>\n<blockquote>\n<h3>GIORNATA MONDIALE SENZA TABACCO<\/h3>\n<\/blockquote>\n<p><strong>BELLUNO<\/strong> Ieri giornata mondiale senza tabacco promossa dall&#8217;Organizzazione Mondiale della Sanit\u00e0. Lo slogan di quest&#8217;anno \u00e8 &#8220;impegnati a smettere&#8221; e, quindi, \u00e8 direttamente rivolto ai fumatori. In Ulss Dolomiti \u00e8 attivo un ambulatorio per smettere di fumare rivolti ai fumatori definiti come &#8220;difficili&#8221;: ossia quelli che devono smettere a fronte di gravi patologie e quelli che vogliono smettere ma non ci riescono per l&#8217;oggettiva difficolt\u00e0 a raggiungere e mantenere l&#8217;astinenza. La modalit\u00e0: sostegno psico-farmacologico ovvero una terapeuta prende in carico il paziente, cio\u00e8 il fumatore, avvalendosi anche di alcune sostanze specifiche (un agonista-antagonista della nicotina, citisina ovvero variniclina) che permettono di ottenere il maggior grado di astinenza a un anno dall&#8217;intervento.\u00a0 La modalit\u00e0 preferenziale, con cui avviene la presa in carico in questo momento, \u00e8 quella di seguire il paziente da remoto con una presa in carico tramite una chat su whatsapp e un numero dedicato che si chiama SOS Fumo (348 1029013).<\/p>\n<p>&nbsp;<\/p>\n<hr \/>\n<p>&nbsp;<\/p>\n<blockquote>\n<h3>BANDO IAT E INFOPOINT, APPROVATA LA CONVENZIONE. PRESTO IL BANDO PER UNA GESTIONE TRIENNALE<\/h3>\n<\/blockquote>\n<p><strong><a href=\"https:\/\/www.radiopiu.net\/wordpress\/giornale-radiopiu-08-luglio-2020-direttore-mirko-mezzacasa\/assessore-yuki-demilia\/\" rel=\"attachment wp-att-148231\"><img loading=\"lazy\" decoding=\"async\" class=\"size-medium wp-image-148231 alignleft\" src=\"https:\/\/www.radiopiu.net\/wordpress\/wp-content\/uploads\/2020\/07\/Assessore-Yuki-dEmilia-300x200.jpg\" alt=\"\" width=\"300\" height=\"200\" srcset=\"https:\/\/www.radiopiu.net\/wordpress\/wp-content\/uploads\/2020\/07\/Assessore-Yuki-dEmilia-300x200.jpg 300w, https:\/\/www.radiopiu.net\/wordpress\/wp-content\/uploads\/2020\/07\/Assessore-Yuki-dEmilia-1024x683.jpg 1024w, https:\/\/www.radiopiu.net\/wordpress\/wp-content\/uploads\/2020\/07\/Assessore-Yuki-dEmilia-768x512.jpg 768w, https:\/\/www.radiopiu.net\/wordpress\/wp-content\/uploads\/2020\/07\/Assessore-Yuki-dEmilia-1536x1024.jpg 1536w, https:\/\/www.radiopiu.net\/wordpress\/wp-content\/uploads\/2020\/07\/Assessore-Yuki-dEmilia-2048x1365.jpg 2048w\" sizes=\"auto, (max-width: 300px) 100vw, 300px\" \/><\/a>BELLUNO <\/strong>La giunta comunale, nella seduta di ieri, ha approvato la convenzione con l&#8217;Unione Montana Belluno-Ponte nelle Alpi per la gestione dell&#8217;ufficio turistico di Piazza Duomo e dell&#8217;Infopoint del Nevegal; a breve, quindi, l&#8217;Unione Montana provveder\u00e0 alla pubblicazione del bando per individuare il soggetto privato che si occuper\u00e0 dell&#8217;accoglienza e informazione turistica del capoluogo. Le richieste del nuovo bando ricalcheranno sostanzialmente quelle dell&#8217;edizione precedente \u2013 gestione congiunta dei due uffici con orari e calendario ampliato rispetto al passato, lavoro di front office e back office, partecipazione a fiere, gestione del sito e dei canali social,.. -, eccezion fatta come anticipato per la durata dell&#8217;incarico; per i dettagli \u00e8 necessario attendere la pubblicazione ufficiale del testo da parte dell&#8217;Unione Montana.<\/p>\n<p><strong>L&#8217;ASSESSORE DEL COMUNE DI BELLUNO YUKI D&#8217;EMILIA<\/strong><\/p>\n<audio class=\"wp-audio-shortcode\" id=\"audio-212954-2\" preload=\"none\" style=\"width: 100%;\" controls=\"controls\"><source type=\"audio\/mpeg\" src=\"https:\/\/www.radiopiu.net\/wordpress\/wp-content\/uploads\/2021\/05\/dEmilia-Convenzione-UM-Bando-uffici-turistici.mp3?_=2\" \/><a href=\"https:\/\/www.radiopiu.net\/wordpress\/wp-content\/uploads\/2021\/05\/dEmilia-Convenzione-UM-Bando-uffici-turistici.mp3\">https:\/\/www.radiopiu.net\/wordpress\/wp-content\/uploads\/2021\/05\/dEmilia-Convenzione-UM-Bando-uffici-turistici.mp3<\/a><\/audio>\n<p>&nbsp;<\/p>\n<hr \/>\n<p>&nbsp;<\/p>\n<blockquote>\n<h3>AUMENTANO GLI ISCRITTI AL CAI DI AGORDO. SABATO SCORSO L&#8217;ASSEMBLEA ANNUALE<\/h3>\n<\/blockquote>\n<p><strong>AGORDO<\/strong><\/p>\n<p>di Gianni Santomaso<\/p>\n<audio class=\"wp-audio-shortcode\" id=\"audio-212954-3\" preload=\"none\" style=\"width: 100%;\" controls=\"controls\"><source type=\"audio\/mpeg\" src=\"https:\/\/www.radiopiu.net\/wordpress\/wp-content\/uploads\/2021\/05\/GIANNI-ASSEMBLEA-CAI-AGORDO.mp3?_=3\" \/><a href=\"https:\/\/www.radiopiu.net\/wordpress\/wp-content\/uploads\/2021\/05\/GIANNI-ASSEMBLEA-CAI-AGORDO.mp3\">https:\/\/www.radiopiu.net\/wordpress\/wp-content\/uploads\/2021\/05\/GIANNI-ASSEMBLEA-CAI-AGORDO.mp3<\/a><\/audio>\n<p>&nbsp;<\/p>\n\n\t\t\t<style type='text\/css'>\n\t\t\t\t#gallery-6 {\n\t\t\t\t\tmargin: auto;\n\t\t\t\t}\n\t\t\t\t#gallery-6 .gallery-item {\n\t\t\t\t\tfloat: left;\n\t\t\t\t\tmargin-top: 10px;\n\t\t\t\t\ttext-align: center;\n\t\t\t\t\twidth: 33%;\n\t\t\t\t}\n\t\t\t\t#gallery-6 img {\n\t\t\t\t\tborder: 2px solid #cfcfcf;\n\t\t\t\t}\n\t\t\t\t#gallery-6 .gallery-caption {\n\t\t\t\t\tmargin-left: 0;\n\t\t\t\t}\n\t\t\t\t\/* see gallery_shortcode() in wp-includes\/media.php *\/\n\t\t\t<\/style>\n\t\t<div id='gallery-6' class='dt-gallery-container gallery galleryid-212954 gallery-columns-3 gallery-size-medium'><dl class='gallery-item'>\n\t\t\t\t<dt class='gallery-icon landscape'>\n\t\t\t\t\t<a class=\"rollover rollover-zoom dt-pswp-item\" title=\"b2dad99a-7c2a-44f2-bdcc-0ad0c1d8099c\" data-dt-img-description=\"\" data-large_image_width=\"2048\" data-large_image_height=\"1154\"href='https:\/\/www.radiopiu.net\/wordpress\/wp-content\/uploads\/2021\/05\/b2dad99a-7c2a-44f2-bdcc-0ad0c1d8099c.jpg'><img loading=\"lazy\" decoding=\"async\" width=\"300\" height=\"169\" src=\"https:\/\/www.radiopiu.net\/wordpress\/wp-content\/uploads\/2021\/05\/b2dad99a-7c2a-44f2-bdcc-0ad0c1d8099c-300x169.jpg\" class=\"attachment-medium size-medium\" alt=\"\" srcset=\"https:\/\/www.radiopiu.net\/wordpress\/wp-content\/uploads\/2021\/05\/b2dad99a-7c2a-44f2-bdcc-0ad0c1d8099c-300x169.jpg 300w, https:\/\/www.radiopiu.net\/wordpress\/wp-content\/uploads\/2021\/05\/b2dad99a-7c2a-44f2-bdcc-0ad0c1d8099c-1024x577.jpg 1024w, https:\/\/www.radiopiu.net\/wordpress\/wp-content\/uploads\/2021\/05\/b2dad99a-7c2a-44f2-bdcc-0ad0c1d8099c-768x433.jpg 768w, https:\/\/www.radiopiu.net\/wordpress\/wp-content\/uploads\/2021\/05\/b2dad99a-7c2a-44f2-bdcc-0ad0c1d8099c-1536x866.jpg 1536w, https:\/\/www.radiopiu.net\/wordpress\/wp-content\/uploads\/2021\/05\/b2dad99a-7c2a-44f2-bdcc-0ad0c1d8099c.jpg 2048w\" sizes=\"auto, (max-width: 300px) 100vw, 300px\" \/><\/a>\n\t\t\t\t<\/dt><\/dl><dl class='gallery-item'>\n\t\t\t\t<dt class='gallery-icon landscape'>\n\t\t\t\t\t<a class=\"rollover rollover-zoom dt-pswp-item\" title=\"aa128616-6713-415c-aebf-bba9a44c9bb6\" data-dt-img-description=\"\" data-large_image_width=\"2048\" data-large_image_height=\"1154\"href='https:\/\/www.radiopiu.net\/wordpress\/wp-content\/uploads\/2021\/05\/aa128616-6713-415c-aebf-bba9a44c9bb6.jpg'><img loading=\"lazy\" decoding=\"async\" width=\"300\" height=\"169\" src=\"https:\/\/www.radiopiu.net\/wordpress\/wp-content\/uploads\/2021\/05\/aa128616-6713-415c-aebf-bba9a44c9bb6-300x169.jpg\" class=\"attachment-medium size-medium\" alt=\"\" srcset=\"https:\/\/www.radiopiu.net\/wordpress\/wp-content\/uploads\/2021\/05\/aa128616-6713-415c-aebf-bba9a44c9bb6-300x169.jpg 300w, https:\/\/www.radiopiu.net\/wordpress\/wp-content\/uploads\/2021\/05\/aa128616-6713-415c-aebf-bba9a44c9bb6-1024x577.jpg 1024w, https:\/\/www.radiopiu.net\/wordpress\/wp-content\/uploads\/2021\/05\/aa128616-6713-415c-aebf-bba9a44c9bb6-768x433.jpg 768w, https:\/\/www.radiopiu.net\/wordpress\/wp-content\/uploads\/2021\/05\/aa128616-6713-415c-aebf-bba9a44c9bb6-1536x866.jpg 1536w, https:\/\/www.radiopiu.net\/wordpress\/wp-content\/uploads\/2021\/05\/aa128616-6713-415c-aebf-bba9a44c9bb6.jpg 2048w\" sizes=\"auto, (max-width: 300px) 100vw, 300px\" \/><\/a>\n\t\t\t\t<\/dt><\/dl><dl class='gallery-item'>\n\t\t\t\t<dt class='gallery-icon landscape'>\n\t\t\t\t\t<a class=\"rollover rollover-zoom dt-pswp-item\" title=\"e3884266-2941-47c1-9c2c-a0217a8ce812\" data-dt-img-description=\"\" data-large_image_width=\"2048\" data-large_image_height=\"1154\"href='https:\/\/www.radiopiu.net\/wordpress\/wp-content\/uploads\/2021\/05\/e3884266-2941-47c1-9c2c-a0217a8ce812.jpg'><img loading=\"lazy\" decoding=\"async\" width=\"300\" height=\"169\" src=\"https:\/\/www.radiopiu.net\/wordpress\/wp-content\/uploads\/2021\/05\/e3884266-2941-47c1-9c2c-a0217a8ce812-300x169.jpg\" class=\"attachment-medium size-medium\" alt=\"\" srcset=\"https:\/\/www.radiopiu.net\/wordpress\/wp-content\/uploads\/2021\/05\/e3884266-2941-47c1-9c2c-a0217a8ce812-300x169.jpg 300w, https:\/\/www.radiopiu.net\/wordpress\/wp-content\/uploads\/2021\/05\/e3884266-2941-47c1-9c2c-a0217a8ce812-1024x577.jpg 1024w, https:\/\/www.radiopiu.net\/wordpress\/wp-content\/uploads\/2021\/05\/e3884266-2941-47c1-9c2c-a0217a8ce812-768x433.jpg 768w, https:\/\/www.radiopiu.net\/wordpress\/wp-content\/uploads\/2021\/05\/e3884266-2941-47c1-9c2c-a0217a8ce812-1536x866.jpg 1536w, https:\/\/www.radiopiu.net\/wordpress\/wp-content\/uploads\/2021\/05\/e3884266-2941-47c1-9c2c-a0217a8ce812.jpg 2048w\" sizes=\"auto, (max-width: 300px) 100vw, 300px\" \/><\/a>\n\t\t\t\t<\/dt><\/dl><br style=\"clear: both\" \/>\n\t\t\t<\/div>\n\n<p>&nbsp;<\/p>\n<hr \/>\n<p>&nbsp;<\/p>\n<blockquote>\n<h3>LA POLIZIA DI STATO CERCA 15 ATLETI DA ASSEGNARE ALLE FIAMME ORO<\/h3>\n<\/blockquote>\n<p><strong><a href=\"https:\/\/www.radiopiu.net\/wordpress\/questura-2-nuovi-poliziotti-anziche-3\/volante-questura-2\/\" rel=\"attachment wp-att-63841\"><img loading=\"lazy\" decoding=\"async\" class=\" wp-image-63841 alignleft\" src=\"https:\/\/www.radiopiu.net\/wordpress\/wp-content\/uploads\/2018\/10\/Volante-Questura-2.jpg\" alt=\"\" width=\"108\" height=\"108\" srcset=\"https:\/\/www.radiopiu.net\/wordpress\/wp-content\/uploads\/2018\/10\/Volante-Questura-2.jpg 200w, https:\/\/www.radiopiu.net\/wordpress\/wp-content\/uploads\/2018\/10\/Volante-Questura-2-150x150.jpg 150w\" sizes=\"auto, (max-width: 108px) 100vw, 108px\" \/><\/a>BELLUNO\u00a0<\/strong>\u00c8 stato pubblicato il bando di concorso pubblico, per titoli, per l&#8217;assunzione di 15 atleti da assegnare ai gruppi sportivi della Polizia di Stato &#8211; Fiamme Oro che saranno inquadrati nel ruolo di agenti e assistenti della Polizia di Stato. La domanda di partecipazione deve essere compilata e trasmessa entro il 21 giugno utilizzando esclusivamente la procedura online sul sito https:\/\/concorsionline.poliziadistato.it<\/p>\n<p>&nbsp;<\/p>\n<p>&nbsp;<\/p>\n<hr \/>\n<p>&nbsp;<\/p>\n<blockquote>\n<h3>OGGI SCIOPERO NAZIONALE DEI TRASPORTI, MARTEDI&#8217; IL PRESIDIO IN PIAZZA DUOMO A BELLUNO<\/h3>\n<\/blockquote>\n<p><strong>BELLUNO<\/strong> Dolomitibus comunica che oggi ci sar\u00e0 uno sciopero nazionale dei trasporti e di conseguenza non verranno assicurate le corse in alcuni orari. La garanzia del servizio sar\u00e0 dalle 5:40 alle 8:09 e dalle 12:10 alle 15:39. Questa mattina in Piazza Duomo a Belluno il presidio delle sigle sindacali<\/p>\n<p>&nbsp;<\/p>\n<hr \/>\n<p>&nbsp;<\/p>\n<blockquote>\n<h3>GIORNATA MONDIALE DELLA BICICLETTA, FELTRE C&#8217;E&#8217;<\/h3>\n<\/blockquote>\n<p><span id=\"gmail-docs-internal-guid-62d31b80-7fff-1249-9f75-ce7a74ddcdd9\"><em>Evento diffuso su tutto il territorio nazionale cui hanno aderito oltre sessanta citt\u00e0, il cui elenco \u00e8 disponibile su<\/em> <a href=\"http:\/\/www.bikeitalia.it\/day\">www.bikeitalia.it\/day<\/a><\/span><\/p>\n<p><strong>FELTRE<\/strong> In occasione della giornata mondiale della bicicletta il feltrino <span id=\"gmail-docs-internal-guid-62d31b80-7fff-1249-9f75-ce7a74ddcdd9\">aderisce all\u2019iniziativa nazionale promossa da Bikeitalia. L\u2019evento \u00e8 pubblico, gratuito e rivolto a tutti i cittadini che potranno partecipare con la propria bicicletta a un percorso di circa 15 km, che partir\u00e0 domani\u00a0 alle 16 da piazza Maggiore a Feltre toccando luoghi di interesse pubblico della citt\u00e0 per concludersi in Via Panfilo Castaldi alle 18 circa. \u00c8 un percorso semplice e accessibile, pensato per poter essere svolto anche da persone che non pedalano da tempo. In questa fase di ripartenza e ripresa delle attivit\u00e0 in presenza \u00e8 necessario che tutte le citt\u00e0 del paese riscoprano la mobilit\u00e0 ciclabile come risorsa sociale, ambientale ed economica, la pandemia ha dimostrato l\u2019importanza di luoghi per muoversi e socializzare in sicurezza, senza intasare le strade n\u00e9 sovraccaricare il trasporto pubblico.<\/span><\/p>\n<p>&nbsp;<\/p>\n<p>&nbsp;<\/p>\n<hr \/>\n<p>&nbsp;<\/p>\n<blockquote>\n<h2>SEMPRE UN TEMA DI GRANDE ATTUALIT\u00c0 IL TRENO BELLUNO-AGORDO PER CORTINA<\/h2>\n<\/blockquote>\n<p><strong>di\u00a0 RENATO BONA\u00a0<\/strong><\/p>\n<p>Dobbiamo dare atto a Mario Svaluto Moreolo, gi\u00e0 amministratore del Comune di Belluno, ora segretario del Circolo Pd dell\u2019Oltrardo, di proporre sovente, con passione e ben documentato, tematiche locali e provinciali di notevole interesse, sulle quali si apre sempre un apprezzabile dibattito che coinvolge l\u2019opinione pubblica e non solo gli \u201caddetti ai lavori\u201d. Il caso pi\u00f9 recente \u00e8 quello dell\u2019ipotizzata tratta ferroviaria Belluno-Agordo che dovrebbe inserirsi nell\u2019ambito del pi\u00f9 ampio progetto per portare il treno fino a Cortina per quanto concerne i confini provinciali, ed andare oltre per garantire un collegamento con l\u2019Europa, rompendo l\u2019isolamento del Bellunese. Le stazioni per la tratta fino ad Agordo sarebbero a: La Muda, Le Campe con fermata per l\u2019Ostello e l\u2019area delle ex miniere di Valle Imperina, Agordo, Taibon con vista sull\u2019incantevole valle di San Lucano, Listolade all\u2019imbocco della Val Corpassa, il Ghirlo per la zona di Cencenighe, San Tomaso, Alleghe e Caprile da dove, in galleria, si raggiungerebbero Cortina centro e nord. In attesa di sviluppi si deve prendere atto che \u00e8 in via di completamento l\u2019elettrificazione delle tratte di Venezia, Belluno, Ponte nelle Alpi, Cortina, Lienz, Brennero e della Belluno-Padova e che il prossimo 13 giugno entreranno in funzione i treni elettrici tra Belluno, Ponte nelle Alpi e Venezia. Tutto quanto precede ci ha indotti a tornare sul libro di Marcello Rosina e Benito Pagnussat \u201cBelluno. La crisi dei vagoni\u201d, stampato da Tiziano Edizioni nello stabilimento tipografico di Pieve di Cadore nell\u2019agosto 1998, dove fra l\u2019altro si pu\u00f2 leggere che: \u201cL\u2019idea di costruire una linea ferroviaria lungo la valle del Cordevole non \u00e8 recente: parecchi anni prima che si iniziassero gli studi della linea Treviso-Feltre-Belluno &#8211; come scriveva A. Del Fabbro su \u201cLe vie d\u2019Italia\u201d rivista mensile del Tci &#8211; si parlava del progetto di una ferrovia che partendo da Conegliano e sottopassate in corrispondenza del valico di Sant\u2019Ubaldo le Prealpi Bellunesi avrebbe dovuto risalire la valle del Cordevole e quindi quella del Gader, scendere nella Pusteria ed allacciarsi, a Fortezza, con la ferrovia del Brennero. Altri progetti di ferrovia lungo la valle del Cordevole vennero studiati nell\u2019anteguerra e fra questi uno per una linea a scartamento normale in sede propria Bribano-Agordo e successivamente un altro di linea a scartamento ridotto\u201d. Ancora: \u201cLa necessit\u00e0 di collegare l\u2019Agordino alla ferrovia Treviso-Belluno si rendeva sempre pi\u00f9 manifesta specialmente per il servizio del trasporto del minerale estratto dalla miniera di Val Imperina situata presso Agordo\u2026 Per sopperire la deficiente portata logistica di tale importante via di comunicazione l\u2019Intendenza della 4. Armata provvide all\u2019impianto di un binario \u2018Decauville\u2019 in margine alla strada provinciale da Bribano ad Agordo, percorso da trenini trainati da piccole locomotive e da quadrupedi. E siccome anche tale provvedimento si era dimostrato insufficiente, poco prima del ripiegamento veniva iniziata la costruzione di una filovia elettrica (autocarri a motore elettrico con energia fornita da linea aerea mediante trolley e senza rotaie) usufruendo della stessa strada provinciale, che rimase per\u00f2 incompiuta\u201d. Sempre dal libro: \u201cSubito dopo l\u2019armistizio, nel concretare e nell\u2019eseguire gli importanti lavori di riattamento della strada provinciale Agordina, i cui ponti principali erano stati fatti saltare e notevoli interruzioni si erano praticate all\u2019atto dei ripiegamenti per ritardare l\u2019avanzata del nemico, il Genio militare incaricato di tali lavori di riattamento, tenne conto della possibilit\u00e0 e della convenienza di eseguire i lavori stessi in modo da poter utilizzare la sede stradale anche quale sede di una tranvia elettrica a scartamento ridotto, la quale avrebbe dovuto servire per il trasporto dei viaggiatori e delle merci ordinate, come per il trasporto del minerale ricavato dalla miniera di Agordo rendendo cos\u00ec possibile la pronta ripresa del lavoro nella miniera stessa\u201d. Fu la Societ\u00e0 Montecatini, proprietaria delle miniere, a far studiare un progetto di massima di ferrovia a scartamento normale a trazione elettrica fra la stazione delle Ferrovie dello Stato di Sedico-Bribano ed Agordo. Per questo fu costituita dalla Societ\u00e0 Montecatini la Societ\u00e0 industriale ferroviaria che chiese ed ottenne dal Governo la concessione per la costruzione e l\u2019esercizio della ferrovia. I lavori di apprestamento della sede stradale, la costrizione delle stazioni e di tutte le opere d\u2019arte stabilite per la ferrovia venivano assunti dalla Societ\u00e0 Anonima Bellunese Costruzioni Civili che nel giugno 1922 iniziava i lavori portandoli a compimento nell\u2019autunno 1924. L\u2019inaugurazione della Ferrovia elettrica avvenne l\u201911 gennaio 1925 giorno in cui la linea &#8211; lo ricorda la libera agenzia Wikipedia &#8211; inizi\u00f2 il servizio regolare con tre coppie giornaliere di treni viaggiatori, composti di carrozze a due assi e terrazzini con posti di 1 e 3 classe. Le partenze da Agordo erano stabilite alle ore 7,20-10,50-16,20 con ritorno da Bribano alle ore 9,10-13,40-18,10 con fermata in tutte le stazioni (eccetto Peron che era facoltativa) e una percorrenza di circa un&#8217;ora e 15. I treni merci di minerali (fino a 6 coppie al giorno nei periodi di punta) erano composti in un fascio di binari di carico nei quali convergevano alcune teleferiche e poi erano inoltrati sulla linea. Altri trasporti frequenti erano tronchi e tavole di legno, prodotti caseari in genere, alimentari e industriali. Concludiamo questa rivisitazione della ferrovia Bribano-Agordo sottolineando il fatto che la linea svolse bene il suo compito; ma nei primi anni Cinquanta la riduzione dell&#8217;estrazione di pirite e lo sviluppo della motorizzazione stradale portarono alla soppressione della ferrovia che venne chiusa all&#8217;esercizio il 16 novembre 1955 nonostante le proteste delle popolazioni. Oggi rimangono solo le vestigia lungo il percorso della strada da Belluno verso l&#8217;alta valle del fiume Cordevole, vari manufatti ferroviari come caselli, ponti portali di gallerie. Il materiale rotabile fu accantonato e successivamente demolito; si salvarono i quattro locomotori che vennero acquistati dalla societ\u00e0 La Ferroviaria Italiana che nelle proprie officine di Arezzo Pescaiola ne ristruttur\u00f2 i numeri LB1 e LB4, rendendoli adatti alla tensione di 3000 V, modernizzandone anche le casse e poi i carrelli. Alcune carrozze a due assi furono cedute alla ferrovia Voghera-Varzi.<\/p>\n\n\t\t\t<style type='text\/css'>\n\t\t\t\t#gallery-7 {\n\t\t\t\t\tmargin: auto;\n\t\t\t\t}\n\t\t\t\t#gallery-7 .gallery-item {\n\t\t\t\t\tfloat: left;\n\t\t\t\t\tmargin-top: 10px;\n\t\t\t\t\ttext-align: center;\n\t\t\t\t\twidth: 16%;\n\t\t\t\t}\n\t\t\t\t#gallery-7 img {\n\t\t\t\t\tborder: 2px solid #cfcfcf;\n\t\t\t\t}\n\t\t\t\t#gallery-7 .gallery-caption {\n\t\t\t\t\tmargin-left: 0;\n\t\t\t\t}\n\t\t\t\t\/* see gallery_shortcode() in wp-includes\/media.php *\/\n\t\t\t<\/style>\n\t\t<div id='gallery-7' class='dt-gallery-container gallery galleryid-212954 gallery-columns-6 gallery-size-thumbnail'><dl class='gallery-item'>\n\t\t\t\t<dt class='gallery-icon landscape'>\n\t\t\t\t\t<a class=\"rollover rollover-zoom dt-pswp-item\" title=\"194027029_357609975787851_7183792281399462916_n\" data-dt-img-description=\"\" data-large_image_width=\"140\" data-large_image_height=\"140\"href='https:\/\/www.radiopiu.net\/wordpress\/wp-content\/uploads\/2021\/05\/194027029_357609975787851_7183792281399462916_n-1.jpg'><img loading=\"lazy\" decoding=\"async\" width=\"140\" height=\"140\" src=\"https:\/\/www.radiopiu.net\/wordpress\/wp-content\/uploads\/2021\/05\/194027029_357609975787851_7183792281399462916_n-1.jpg\" class=\"attachment-thumbnail size-thumbnail\" alt=\"\" \/><\/a>\n\t\t\t\t<\/dt><\/dl><dl class='gallery-item'>\n\t\t\t\t<dt class='gallery-icon landscape'>\n\t\t\t\t\t<a class=\"rollover rollover-zoom dt-pswp-item\" title=\"192957561_203124238323482_4793145740615061704_n\" data-dt-img-description=\"\" data-large_image_width=\"312\" data-large_image_height=\"206\"href='https:\/\/www.radiopiu.net\/wordpress\/wp-content\/uploads\/2021\/05\/192957561_203124238323482_4793145740615061704_n-1.jpg'><img loading=\"lazy\" decoding=\"async\" width=\"150\" height=\"150\" src=\"https:\/\/www.radiopiu.net\/wordpress\/wp-content\/uploads\/2021\/05\/192957561_203124238323482_4793145740615061704_n-1-150x150.jpg\" class=\"attachment-thumbnail size-thumbnail\" alt=\"\" \/><\/a>\n\t\t\t\t<\/dt><\/dl><dl class='gallery-item'>\n\t\t\t\t<dt class='gallery-icon landscape'>\n\t\t\t\t\t<a class=\"rollover rollover-zoom dt-pswp-item\" title=\"193464216_1187068278428941_1934026985300283073_n\" data-dt-img-description=\"\" data-large_image_width=\"361\" data-large_image_height=\"206\"href='https:\/\/www.radiopiu.net\/wordpress\/wp-content\/uploads\/2021\/05\/193464216_1187068278428941_1934026985300283073_n-1.jpg'><img loading=\"lazy\" decoding=\"async\" width=\"150\" height=\"150\" src=\"https:\/\/www.radiopiu.net\/wordpress\/wp-content\/uploads\/2021\/05\/193464216_1187068278428941_1934026985300283073_n-1-150x150.jpg\" class=\"attachment-thumbnail size-thumbnail\" alt=\"\" \/><\/a>\n\t\t\t\t<\/dt><\/dl><dl class='gallery-item'>\n\t\t\t\t<dt class='gallery-icon landscape'>\n\t\t\t\t\t<a class=\"rollover rollover-zoom dt-pswp-item\" title=\"195268917_644959543129975_6416929469679643669_n\" data-dt-img-description=\"\" data-large_image_width=\"320\" data-large_image_height=\"204\"href='https:\/\/www.radiopiu.net\/wordpress\/wp-content\/uploads\/2021\/05\/195268917_644959543129975_6416929469679643669_n-1.jpg'><img loading=\"lazy\" decoding=\"async\" width=\"150\" height=\"150\" src=\"https:\/\/www.radiopiu.net\/wordpress\/wp-content\/uploads\/2021\/05\/195268917_644959543129975_6416929469679643669_n-1-150x150.jpg\" class=\"attachment-thumbnail size-thumbnail\" alt=\"\" \/><\/a>\n\t\t\t\t<\/dt><\/dl><dl class='gallery-item'>\n\t\t\t\t<dt class='gallery-icon landscape'>\n\t\t\t\t\t<a class=\"rollover rollover-zoom dt-pswp-item\" title=\"193798019_148117550698305_7964260820951894381_n\" data-dt-img-description=\"\" data-large_image_width=\"296\" data-large_image_height=\"200\"href='https:\/\/www.radiopiu.net\/wordpress\/wp-content\/uploads\/2021\/05\/193798019_148117550698305_7964260820951894381_n-1.jpg'><img loading=\"lazy\" decoding=\"async\" width=\"150\" height=\"150\" src=\"https:\/\/www.radiopiu.net\/wordpress\/wp-content\/uploads\/2021\/05\/193798019_148117550698305_7964260820951894381_n-1-150x150.jpg\" class=\"attachment-thumbnail size-thumbnail\" alt=\"\" \/><\/a>\n\t\t\t\t<\/dt><\/dl><dl class='gallery-item'>\n\t\t\t\t<dt class='gallery-icon landscape'>\n\t\t\t\t\t<a class=\"rollover rollover-zoom dt-pswp-item\" title=\"194354254_174991077896101_8034801478930492629_n\" data-dt-img-description=\"\" data-large_image_width=\"313\" data-large_image_height=\"206\"href='https:\/\/www.radiopiu.net\/wordpress\/wp-content\/uploads\/2021\/05\/194354254_174991077896101_8034801478930492629_n-1.jpg'><img loading=\"lazy\" decoding=\"async\" width=\"150\" height=\"150\" src=\"https:\/\/www.radiopiu.net\/wordpress\/wp-content\/uploads\/2021\/05\/194354254_174991077896101_8034801478930492629_n-1-150x150.jpg\" class=\"attachment-thumbnail size-thumbnail\" alt=\"\" \/><\/a>\n\t\t\t\t<\/dt><\/dl><br style=\"clear: both\" \/><dl class='gallery-item'>\n\t\t\t\t<dt class='gallery-icon landscape'>\n\t\t\t\t\t<a class=\"rollover rollover-zoom dt-pswp-item\" title=\"193251375_572519314132188_1593952222242889271_n\" data-dt-img-description=\"\" data-large_image_width=\"320\" data-large_image_height=\"200\"href='https:\/\/www.radiopiu.net\/wordpress\/wp-content\/uploads\/2021\/05\/193251375_572519314132188_1593952222242889271_n-1.jpg'><img loading=\"lazy\" decoding=\"async\" width=\"150\" height=\"150\" src=\"https:\/\/www.radiopiu.net\/wordpress\/wp-content\/uploads\/2021\/05\/193251375_572519314132188_1593952222242889271_n-1-150x150.jpg\" class=\"attachment-thumbnail size-thumbnail\" alt=\"\" \/><\/a>\n\t\t\t\t<\/dt><\/dl><dl class='gallery-item'>\n\t\t\t\t<dt class='gallery-icon landscape'>\n\t\t\t\t\t<a class=\"rollover rollover-zoom dt-pswp-item\" title=\"193722051_533558911351856_8714015994136085798_n\" data-dt-img-description=\"\" data-large_image_width=\"344\" data-large_image_height=\"206\"href='https:\/\/www.radiopiu.net\/wordpress\/wp-content\/uploads\/2021\/05\/193722051_533558911351856_8714015994136085798_n-1.jpg'><img loading=\"lazy\" decoding=\"async\" width=\"150\" height=\"150\" src=\"https:\/\/www.radiopiu.net\/wordpress\/wp-content\/uploads\/2021\/05\/193722051_533558911351856_8714015994136085798_n-1-150x150.jpg\" class=\"attachment-thumbnail size-thumbnail\" alt=\"\" \/><\/a>\n\t\t\t\t<\/dt><\/dl><dl class='gallery-item'>\n\t\t\t\t<dt class='gallery-icon landscape'>\n\t\t\t\t\t<a class=\"rollover rollover-zoom dt-pswp-item\" title=\"194592228_783844622498412_2510200241580038896_n\" data-dt-img-description=\"\" data-large_image_width=\"320\" data-large_image_height=\"203\"href='https:\/\/www.radiopiu.net\/wordpress\/wp-content\/uploads\/2021\/05\/194592228_783844622498412_2510200241580038896_n-1.jpg'><img loading=\"lazy\" decoding=\"async\" width=\"150\" height=\"150\" src=\"https:\/\/www.radiopiu.net\/wordpress\/wp-content\/uploads\/2021\/05\/194592228_783844622498412_2510200241580038896_n-1-150x150.jpg\" class=\"attachment-thumbnail size-thumbnail\" alt=\"\" \/><\/a>\n\t\t\t\t<\/dt><\/dl><dl class='gallery-item'>\n\t\t\t\t<dt class='gallery-icon landscape'>\n\t\t\t\t\t<a class=\"rollover rollover-zoom dt-pswp-item\" title=\"194464820_538559980498843_4906840830528108148_n\" data-dt-img-description=\"\" data-large_image_width=\"220\" data-large_image_height=\"143\"href='https:\/\/www.radiopiu.net\/wordpress\/wp-content\/uploads\/2021\/05\/194464820_538559980498843_4906840830528108148_n-1.jpg'><img loading=\"lazy\" decoding=\"async\" width=\"150\" height=\"143\" src=\"https:\/\/www.radiopiu.net\/wordpress\/wp-content\/uploads\/2021\/05\/194464820_538559980498843_4906840830528108148_n-1-150x143.jpg\" class=\"attachment-thumbnail size-thumbnail\" alt=\"\" \/><\/a>\n\t\t\t\t<\/dt><\/dl><dl class='gallery-item'>\n\t\t\t\t<dt class='gallery-icon landscape'>\n\t\t\t\t\t<a class=\"rollover rollover-zoom dt-pswp-item\" title=\"194878746_265653511913255_8411104735043450209_n\" data-dt-img-description=\"\" data-large_image_width=\"320\" data-large_image_height=\"203\"href='https:\/\/www.radiopiu.net\/wordpress\/wp-content\/uploads\/2021\/05\/194878746_265653511913255_8411104735043450209_n-1.jpg'><img loading=\"lazy\" decoding=\"async\" width=\"150\" height=\"150\" src=\"https:\/\/www.radiopiu.net\/wordpress\/wp-content\/uploads\/2021\/05\/194878746_265653511913255_8411104735043450209_n-1-150x150.jpg\" class=\"attachment-thumbnail size-thumbnail\" alt=\"\" \/><\/a>\n\t\t\t\t<\/dt><\/dl><dl class='gallery-item'>\n\t\t\t\t<dt class='gallery-icon landscape'>\n\t\t\t\t\t<a class=\"rollover rollover-zoom dt-pswp-item\" title=\"194925451_151664070325474_6168417858457340858_n\" data-dt-img-description=\"\" data-large_image_width=\"220\" data-large_image_height=\"165\"href='https:\/\/www.radiopiu.net\/wordpress\/wp-content\/uploads\/2021\/05\/194925451_151664070325474_6168417858457340858_n.jpg'><img loading=\"lazy\" decoding=\"async\" width=\"150\" height=\"150\" src=\"https:\/\/www.radiopiu.net\/wordpress\/wp-content\/uploads\/2021\/05\/194925451_151664070325474_6168417858457340858_n-150x150.jpg\" class=\"attachment-thumbnail size-thumbnail\" alt=\"\" \/><\/a>\n\t\t\t\t<\/dt><\/dl><br style=\"clear: both\" \/>\n\t\t\t<\/div>\n\n<p>&nbsp;<\/p>\n<p>NELLE FOTO (riproduzioni dal libro \u201cBelluno. La crisi dei vagoni\u201d di Rosina-Pagnussat; Bellunopress; Alberto Locatelli): Mario Svaluto Moreolo; Bribano, frazione di Sedico; la vecchia stazione a La Muda; Rivamonte Agordino, zona di miniere; Piazza Verde, detta \u201cIl Broi\u201d pavesata ed inghirlandata a festa per l\u2019arrivo del treno; inaugurazione della Bribano-Agordo; due scorci della stazione di Agordo; la stazione a La Valle; Ponte ferroviario al Forte di San Martino, sullo sfondo le Pale di San Lucano; la ferrovia agordina lungo la vallata; la locomotiva LB1 restaurata nel 2003 e monumentalizzata all&#8217;ingresso del Centro minerario di Valle Imperina.<\/p>\n<p>&nbsp;<\/p>\n<p>&nbsp;<\/p>\n<p>&nbsp;<\/p>\n<h3><\/h3>\n<hr \/>\n<p>&nbsp;<\/p>\n<blockquote>\n<h2>OPERAZIONE SCHIANTI A DIGONERA DI ROCCA PIETORE, FOTO E VIDEO<\/h2>\n<\/blockquote>\n<p><strong>ROCCA PIETORE<\/strong> Uno dei tanti cantieri sul territorio nel post Vaia, qui siamo a Digonera con l&#8217;operazione esbosco negli schianti a pieno regime<\/p>\n\n\t\t\t<style type='text\/css'>\n\t\t\t\t#gallery-8 {\n\t\t\t\t\tmargin: auto;\n\t\t\t\t}\n\t\t\t\t#gallery-8 .gallery-item {\n\t\t\t\t\tfloat: left;\n\t\t\t\t\tmargin-top: 10px;\n\t\t\t\t\ttext-align: center;\n\t\t\t\t\twidth: 50%;\n\t\t\t\t}\n\t\t\t\t#gallery-8 img {\n\t\t\t\t\tborder: 2px solid #cfcfcf;\n\t\t\t\t}\n\t\t\t\t#gallery-8 .gallery-caption {\n\t\t\t\t\tmargin-left: 0;\n\t\t\t\t}\n\t\t\t\t\/* see gallery_shortcode() in wp-includes\/media.php *\/\n\t\t\t<\/style>\n\t\t<div id='gallery-8' class='dt-gallery-container gallery galleryid-212954 gallery-columns-2 gallery-size-medium'><dl class='gallery-item'>\n\t\t\t\t<dt class='gallery-icon landscape'>\n\t\t\t\t\t<a class=\"rollover rollover-zoom dt-pswp-item\" title=\"3115835d-fe65-4b78-b09f-51866ee3d755\" data-dt-img-description=\"\" data-large_image_width=\"1600\" data-large_image_height=\"1200\"href='https:\/\/www.radiopiu.net\/wordpress\/wp-content\/uploads\/2021\/05\/3115835d-fe65-4b78-b09f-51866ee3d755.jpg'><img loading=\"lazy\" decoding=\"async\" width=\"300\" height=\"225\" src=\"https:\/\/www.radiopiu.net\/wordpress\/wp-content\/uploads\/2021\/05\/3115835d-fe65-4b78-b09f-51866ee3d755-300x225.jpg\" class=\"attachment-medium size-medium\" alt=\"\" srcset=\"https:\/\/www.radiopiu.net\/wordpress\/wp-content\/uploads\/2021\/05\/3115835d-fe65-4b78-b09f-51866ee3d755-300x225.jpg 300w, https:\/\/www.radiopiu.net\/wordpress\/wp-content\/uploads\/2021\/05\/3115835d-fe65-4b78-b09f-51866ee3d755-1024x768.jpg 1024w, https:\/\/www.radiopiu.net\/wordpress\/wp-content\/uploads\/2021\/05\/3115835d-fe65-4b78-b09f-51866ee3d755-768x576.jpg 768w, https:\/\/www.radiopiu.net\/wordpress\/wp-content\/uploads\/2021\/05\/3115835d-fe65-4b78-b09f-51866ee3d755-1536x1152.jpg 1536w, https:\/\/www.radiopiu.net\/wordpress\/wp-content\/uploads\/2021\/05\/3115835d-fe65-4b78-b09f-51866ee3d755.jpg 1600w\" sizes=\"auto, (max-width: 300px) 100vw, 300px\" \/><\/a>\n\t\t\t\t<\/dt><\/dl><dl class='gallery-item'>\n\t\t\t\t<dt class='gallery-icon landscape'>\n\t\t\t\t\t<a class=\"rollover rollover-zoom dt-pswp-item\" title=\"ec0e384d-ed1a-4e8f-9d10-3212400de750\" data-dt-img-description=\"\" data-large_image_width=\"1600\" data-large_image_height=\"1200\"href='https:\/\/www.radiopiu.net\/wordpress\/wp-content\/uploads\/2021\/05\/ec0e384d-ed1a-4e8f-9d10-3212400de750.jpg'><img loading=\"lazy\" decoding=\"async\" width=\"300\" height=\"225\" src=\"https:\/\/www.radiopiu.net\/wordpress\/wp-content\/uploads\/2021\/05\/ec0e384d-ed1a-4e8f-9d10-3212400de750-300x225.jpg\" class=\"attachment-medium size-medium\" alt=\"\" srcset=\"https:\/\/www.radiopiu.net\/wordpress\/wp-content\/uploads\/2021\/05\/ec0e384d-ed1a-4e8f-9d10-3212400de750-300x225.jpg 300w, https:\/\/www.radiopiu.net\/wordpress\/wp-content\/uploads\/2021\/05\/ec0e384d-ed1a-4e8f-9d10-3212400de750-1024x768.jpg 1024w, https:\/\/www.radiopiu.net\/wordpress\/wp-content\/uploads\/2021\/05\/ec0e384d-ed1a-4e8f-9d10-3212400de750-768x576.jpg 768w, https:\/\/www.radiopiu.net\/wordpress\/wp-content\/uploads\/2021\/05\/ec0e384d-ed1a-4e8f-9d10-3212400de750-1536x1152.jpg 1536w, https:\/\/www.radiopiu.net\/wordpress\/wp-content\/uploads\/2021\/05\/ec0e384d-ed1a-4e8f-9d10-3212400de750.jpg 1600w\" sizes=\"auto, (max-width: 300px) 100vw, 300px\" \/><\/a>\n\t\t\t\t<\/dt><\/dl><br style=\"clear: both\" \/>\n\t\t\t<\/div>\n\n<p>&nbsp;<\/p>\n<div style=\"width: 848px;\" class=\"wp-video\"><video class=\"wp-video-shortcode\" id=\"video-212954-1\" width=\"848\" height=\"480\" preload=\"metadata\" controls=\"controls\"><source type=\"video\/mp4\" src=\"https:\/\/www.radiopiu.net\/wordpress\/wp-content\/uploads\/2021\/05\/WhatsApp-Video-2021-05-31-at-11.13.42.mp4?_=1\" \/><a href=\"https:\/\/www.radiopiu.net\/wordpress\/wp-content\/uploads\/2021\/05\/WhatsApp-Video-2021-05-31-at-11.13.42.mp4\">https:\/\/www.radiopiu.net\/wordpress\/wp-content\/uploads\/2021\/05\/WhatsApp-Video-2021-05-31-at-11.13.42.mp4<\/a><\/video><\/div>\n<div style=\"width: 848px;\" class=\"wp-video\"><video class=\"wp-video-shortcode\" id=\"video-212954-2\" width=\"848\" height=\"480\" preload=\"metadata\" controls=\"controls\"><source type=\"video\/mp4\" src=\"https:\/\/www.radiopiu.net\/wordpress\/wp-content\/uploads\/2021\/05\/WhatsApp-Video-2021-05-31-at-11.22.41.mp4?_=2\" \/><a href=\"https:\/\/www.radiopiu.net\/wordpress\/wp-content\/uploads\/2021\/05\/WhatsApp-Video-2021-05-31-at-11.22.41.mp4\">https:\/\/www.radiopiu.net\/wordpress\/wp-content\/uploads\/2021\/05\/WhatsApp-Video-2021-05-31-at-11.22.41.mp4<\/a><\/video><\/div>\n<p>&nbsp;<\/p>\n<p>&nbsp;<\/p>\n<p>&nbsp;<\/p>\n<p>&nbsp;<\/p>\n<hr \/>\n<blockquote>\n<h3>ASSOCIAZIONI PETTIROSSO AGORDINO IN ASSEMBLEA<\/h3>\n<\/blockquote>\n<p><strong>AGORDO<\/strong> Giovedi 10 giugno alle 20 in sala Don Tamis assemblea annuale degli associati alla Pettirosso Agordino. All&#8217;ordine del giorno: relazione del presidente Sonia d&#8217;Agostini, presentazione ed approvazione del bilancio e del programma.<\/p>\n<p>&nbsp;<\/p>\n<hr \/>\n<p>&nbsp;<\/p>\n<blockquote>\n<h3>GLI ORARI DELL&#8217;UFFICIO PRO LOCO DI CANALE D&#8217;AGORDO<\/h3>\n<\/blockquote>\n<p><strong>CANALE D&#8217;AGORDO <\/strong>L&#8217;ufficio Pro Loco di Canale d&#8217;Agordo a partire durante il mese di giugno sar\u00e0 aperto nelle giornate di venerd\u00ec, sabato e domenica con orario 9.00-12.00; 15.00-18.00. Il Museo e la Casa natale di Papa Luciani rimangono, ancora per questo mese, aperti su PRENOTAZIONE allo 0437 1948001 (WhatsApp 3779665237).<\/p>\n<p>&nbsp;<\/p>\n<p>&nbsp;<\/p>\n<hr \/>\n<p>&nbsp;<\/p>\n<blockquote>\n<h3>DAL 1\u00b0 GIUGNO ENTRATA LIBERA AL MUSEO<\/h3>\n<\/blockquote>\n<p><strong>CANALE D&#8217;AGORDO\u00a0 <\/strong><span style=\"font-family: Arial, sans-serif;\"><span style=\"font-size: small;\">Dal 1\u00b0 giugno il Musal \u2013 Museo Albino Luciani e la casa natale di papa Luciani a Canale d&#8217;Agordo saranno visitabili gratuitamente per tutti i residenti nei 16 comuni dell&#8217;Agordino.\u00a0P<\/span><\/span><span style=\"font-family: Arial, sans-serif;\"><span style=\"font-size: small;\">resso la casa natale di Albino Luciani i visitatori potranno ammirare\u00a0 una corona del rosario fatta con i pallini estratti da una bomba a mano della prima guerra mondiale con due cartucce incrociate a formare la croce<\/span><\/span><\/p>\n<p>&nbsp;<\/p>\n<p>&nbsp;<\/p>\n<p>&nbsp;<\/p>\n<p>&nbsp;<\/p>\n<hr \/>\n<p>&nbsp;<\/p>\n<blockquote>\n<h3>DA DOMANI\u00a0 RIAPRE IL CASTELLO DI ANDRAZ<\/h3>\n<\/blockquote>\n<p><strong>LIVINALLONGO<\/strong> Il Castello di Andraz riapre al pubblico. L&#8217;apertura estiva, dal 2 giugno al 31 ottobre, grazie alla collaborazione fra il Comune di Livinallongo del Col di Lana e l\u2019Istitut Cultural Ladin Cesa de Jan. Per il <strong>mese di giugno<\/strong> le aperture saranno le seguenti: 2, 5, 6 e, nelle successive settimane, <strong>dal gioved\u00ec alla domenica<\/strong>. L\u2019orario rimarr\u00e0 lo stesso per tutta l\u2019estate e cio\u00e8 dalle 10 alle 12:30 e dalle 14:30 alle 18.<\/p>\n<p>&nbsp;<\/p>\n<p>&nbsp;<\/p>\n<hr \/>\n<p>&nbsp;<\/p>\n<blockquote>\n<h3>IL CAI DI BELLUNO ORGANIZZA UN&#8217;ESCURSIONE IN VAL DI ZOLDO<\/h3>\n<\/blockquote>\n<p><strong>BELLUNO <\/strong>La sezione di Belluno del Club Alpino Italiano propone, per domenica 6 giugno, un&#8217;escursione nel cuore della Val di Zoldo, accompagnati da Giuliano Dal Mas: Da Pralongo alla Forcella del Col de Michiel per la Croda Daerta , momenti panoramici straordinari sulla Val Pramper. E\u2019 obbligatorio attenersi scrupolosamente alle norme anti-covid e, dunque, nel rispetto degli altri indossare la mascherina durante tutto il percorso, operare il dovuto distanziamento e le iscrizioni, aperte solo ai soci CAI, si effettuano esclusivamente in modalit\u00e0 online. Per maggiori informazioni:\u00a0<a href=\"http:\/\/www.caibelluno.it\/\">www.caibelluno.it<\/a>.<\/p>\n<p>&nbsp;<\/p>\n<p>&nbsp;<\/p>\n<hr \/>\n<p>&nbsp;<\/p>\n<blockquote>\n<h3>&#8220;LE MUSE E LE DOLOMITI&#8221; IN CONCERTO AD AGORDO DOMENICA 6 GIUGNO<\/h3>\n<\/blockquote>\n<p><strong><a href=\"https:\/\/www.radiopiu.net\/wordpress\/le-muse-e-le-dolomiti-il-concerto-ad-agordo-domenica-6-giugno\/musedolomiti_consdir2021\/\" rel=\"attachment wp-att-211621\"><img loading=\"lazy\" decoding=\"async\" class=\"size-medium wp-image-211621 alignleft\" src=\"https:\/\/www.radiopiu.net\/wordpress\/wp-content\/uploads\/2021\/05\/MuseDolomiti_ConsDir2021-300x174.jpg\" alt=\"\" width=\"300\" height=\"174\" srcset=\"https:\/\/www.radiopiu.net\/wordpress\/wp-content\/uploads\/2021\/05\/MuseDolomiti_ConsDir2021-300x174.jpg 300w, https:\/\/www.radiopiu.net\/wordpress\/wp-content\/uploads\/2021\/05\/MuseDolomiti_ConsDir2021-1024x593.jpg 1024w, https:\/\/www.radiopiu.net\/wordpress\/wp-content\/uploads\/2021\/05\/MuseDolomiti_ConsDir2021-768x445.jpg 768w, https:\/\/www.radiopiu.net\/wordpress\/wp-content\/uploads\/2021\/05\/MuseDolomiti_ConsDir2021-1536x890.jpg 1536w, https:\/\/www.radiopiu.net\/wordpress\/wp-content\/uploads\/2021\/05\/MuseDolomiti_ConsDir2021-2048x1187.jpg 2048w\" sizes=\"auto, (max-width: 300px) 100vw, 300px\" \/><\/a>FALCADE <\/strong>Dopo lunghissimi mesi di assenza forzata, in cui il mondo dello spettacolo si \u00e8 fermato, l\u2019Associazione culturale \u201cLe Muse e le Dolomiti\u201d di fatto non si \u00e8 fermata: \u00e8 pronta a riportare la musica e il Belcanto di fronte al pubblico. Si parte con un concerto di solidariet\u00e0 dedicato alle vittime della pandemia e al ricordo degli affetti spezzati. Petite Messe Solennelle, l&#8217;ultima grande opera del compositore Gioacchino Rossini, per solisti, coro, pianoforte e armonium, che Domenica 06 Giugno 2021 alle ore 20.45 nella Chiesa Arcidiaconale di Agordo porter\u00e0 in scena 30 professionisti dello spettacolo. L\u2019appuntamento desidera essere, oltre ad un\u2019opportunit\u00e0 artistica di rilievo, un evento con forte scopo sociale. La cultura e l\u2019arte, fondamenta essenziali della societ\u00e0, hanno il potere di unirci. Ci ricordano che proviamo tutti le stesse emozioni. &#8220;Un concerto per sentirci vicini sia nel lutto per le vittime che nella speranza di uscire al pi\u00f9 presto dalla pandemia. La musica davvero pu\u00f2 essere un\u2019ancora di salvezza per l\u2019anima. Il concerto sar\u00e0 diretto dal Maestro Andrea Gasperin, originario di Belluno; la sua brillante carriera internazionale l\u2019ha portato a lavorare con i pi\u00f9 prestigiosi teatri, maestri e solisti dei nostri tempi. Preparato dal Maestro Paolo Piana, si esibir\u00e0 il Coro Citt\u00e0 di Piazzola sul Brenta, considerato nella regione del Veneto come una delle formazioni corali di maggior spicco. Si esibiranno inoltre Midori Namikawa, soprano; Oda Zoe Hochscheid, contralto; Hun Kim, tenore; Kwangsik Park, basso; Alberto Boischio, pianoforte; Ai Yoshida, armonium.<\/p>\n<p>&nbsp;<\/p>\n<p>&nbsp;<\/p>\n<hr \/>\n<p>&nbsp;<\/p>\n<blockquote>\n<h3>VENERDI&#8217; IN SALA DON TAMIS AD AGORDO LA CONFERENZA &#8220;IL PAESAGGIO NELL\u2019ARTE. L\u2019ARTE NEL PAESAGGIO&#8221;<\/h3>\n<\/blockquote>\n<p><strong><a href=\"https:\/\/www.radiopiu.net\/wordpress\/venerdi-in-sala-don-tamis-ad-agordo-la-conferenza-il-paesaggio-nellarte-larte-nel-paesaggio\/locandina-agordo-04-06-2021\/\" rel=\"attachment wp-att-213163\"><img loading=\"lazy\" decoding=\"async\" class=\"size-medium wp-image-213163 alignleft\" src=\"https:\/\/www.radiopiu.net\/wordpress\/wp-content\/uploads\/2021\/05\/Locandina-Agordo-04-06-2021-212x300.jpg\" alt=\"\" width=\"212\" height=\"300\" srcset=\"https:\/\/www.radiopiu.net\/wordpress\/wp-content\/uploads\/2021\/05\/Locandina-Agordo-04-06-2021-212x300.jpg 212w, https:\/\/www.radiopiu.net\/wordpress\/wp-content\/uploads\/2021\/05\/Locandina-Agordo-04-06-2021-724x1024.jpg 724w, https:\/\/www.radiopiu.net\/wordpress\/wp-content\/uploads\/2021\/05\/Locandina-Agordo-04-06-2021-768x1087.jpg 768w, https:\/\/www.radiopiu.net\/wordpress\/wp-content\/uploads\/2021\/05\/Locandina-Agordo-04-06-2021-1086x1536.jpg 1086w, https:\/\/www.radiopiu.net\/wordpress\/wp-content\/uploads\/2021\/05\/Locandina-Agordo-04-06-2021-1447x2048.jpg 1447w, https:\/\/www.radiopiu.net\/wordpress\/wp-content\/uploads\/2021\/05\/Locandina-Agordo-04-06-2021.jpg 1752w\" sizes=\"auto, (max-width: 212px) 100vw, 212px\" \/><\/a>AGORDO <\/strong>Un flusso di immagini creato da 274 scatti, risultato di una campagna fotografica condotta lungo le valli alpine italiane, dal confine francese a quello sloveno. Attraverso le Alpi \u00e8 il racconto fotografico delle trasformazioni del paesaggio alpino voluto dall\u2019Associazione Architetti Arco Alpino (composta dagli Ordini degli Architetti PPC di Aosta, Belluno, Bolzano, Cuneo, Novara e Verbano Cusio Ossola, Sondrio, Torino, Trento, Udine e Vercelli) e realizzato dal collettivo Urban Reports, con l\u2019obiettivo di leggere, isolare, comporre e ricomporre in fotogrammi d\u2019autore la quotidianit\u00e0 dei paesaggi delle \u201cterre alte\u201d per trarne moniti e nuove prospettive. L\u2019Ordine degli Architetti PPC di Belluno, in collaborazione con la Fondazione Architettura Belluno Dolomiti, l\u2019Associazione Architetti Arco Alpino, con il contributo del Consorzio dei Comuni del Bacino Imbrifero Montano del Piave appartenenti alla Provincia di Belluno, il patrocinio del Comune di Agordo, dell\u2019Unione Montana Agordina e del Circolo Culturale Agordino \u00e8 lieta di invitare la cittadinanza alla Conferenza IL PAESAGGIO NELL\u2019ARTE. L\u2019ARTE NEL PAESAGGIO e Mostra ATTRAVERSO LE ALPI. UN RACCONTO FOTOGRAFICO DELLE TRASFORMAZIONI DEL PAESAGGIO ALPINO venerd\u00ec 04 giugno alle 18.00.<\/p>\n<p>&nbsp;<\/p>\n<p>&nbsp;<\/p>\n<hr \/>\n<p>&nbsp;<\/p>\n<blockquote>\n<h2>l&#8217;angolo dei ricordi, archivi RADIO PIU &#8220;AGORDO PER LO SPORT, 2005&#8221;<\/h2>\n<\/blockquote>\n<p><strong>AGORDO<\/strong> Agordo Per lo Sport \u00e8 stato uno dei grandi eventi degli anni novanta e del nuovo millennio. Inizialmente nato da un&#8217;idea di Fiorendo Dalla C\u00e0 si \u00e8 poi sviluppato nell&#8217;arco degli anni con le premiazioni in occasione di San Piero sul Broi di Agordo. Nel 2005 ospite Fabio Guadagnini gi\u00e0 voce di Radio Pi\u00f9 nei primi anni della radio in piazza San Rocco a Taibon.<\/p>\n\n\t\t\t<style type='text\/css'>\n\t\t\t\t#gallery-9 {\n\t\t\t\t\tmargin: auto;\n\t\t\t\t}\n\t\t\t\t#gallery-9 .gallery-item {\n\t\t\t\t\tfloat: left;\n\t\t\t\t\tmargin-top: 10px;\n\t\t\t\t\ttext-align: center;\n\t\t\t\t\twidth: 20%;\n\t\t\t\t}\n\t\t\t\t#gallery-9 img {\n\t\t\t\t\tborder: 2px solid #cfcfcf;\n\t\t\t\t}\n\t\t\t\t#gallery-9 .gallery-caption {\n\t\t\t\t\tmargin-left: 0;\n\t\t\t\t}\n\t\t\t\t\/* see gallery_shortcode() in wp-includes\/media.php *\/\n\t\t\t<\/style>\n\t\t<div id='gallery-9' class='dt-gallery-container gallery galleryid-212954 gallery-columns-5 gallery-size-thumbnail'><dl class='gallery-item'>\n\t\t\t\t<dt class='gallery-icon portrait'>\n\t\t\t\t\t<a class=\"rollover rollover-zoom dt-pswp-item\" title=\"Fabio_Guadagnini2\" data-dt-img-description=\"\" data-large_image_width=\"480\" data-large_image_height=\"640\"href='https:\/\/www.radiopiu.net\/wordpress\/wp-content\/uploads\/2021\/05\/Fabio_Guadagnini2.jpg'><img loading=\"lazy\" decoding=\"async\" width=\"150\" height=\"150\" src=\"https:\/\/www.radiopiu.net\/wordpress\/wp-content\/uploads\/2021\/05\/Fabio_Guadagnini2-150x150.jpg\" class=\"attachment-thumbnail size-thumbnail\" alt=\"\" \/><\/a>\n\t\t\t\t<\/dt><\/dl><dl class='gallery-item'>\n\t\t\t\t<dt class='gallery-icon landscape'>\n\t\t\t\t\t<a class=\"rollover rollover-zoom dt-pswp-item\" title=\"Fabio_Guadagnini\" data-dt-img-description=\"\" data-large_image_width=\"640\" data-large_image_height=\"480\"href='https:\/\/www.radiopiu.net\/wordpress\/wp-content\/uploads\/2021\/05\/Fabio_Guadagnini.jpg'><img loading=\"lazy\" decoding=\"async\" width=\"150\" height=\"150\" src=\"https:\/\/www.radiopiu.net\/wordpress\/wp-content\/uploads\/2021\/05\/Fabio_Guadagnini-150x150.jpg\" class=\"attachment-thumbnail size-thumbnail\" alt=\"\" \/><\/a>\n\t\t\t\t<\/dt><\/dl><dl class='gallery-item'>\n\t\t\t\t<dt class='gallery-icon landscape'>\n\t\t\t\t\t<a class=\"rollover rollover-zoom dt-pswp-item\" title=\"stefano_santomaso\" data-dt-img-description=\"\" data-large_image_width=\"640\" data-large_image_height=\"480\"href='https:\/\/www.radiopiu.net\/wordpress\/wp-content\/uploads\/2021\/05\/stefano_santomaso.jpg'><img loading=\"lazy\" decoding=\"async\" width=\"150\" height=\"150\" src=\"https:\/\/www.radiopiu.net\/wordpress\/wp-content\/uploads\/2021\/05\/stefano_santomaso-150x150.jpg\" class=\"attachment-thumbnail size-thumbnail\" alt=\"\" \/><\/a>\n\t\t\t\t<\/dt><\/dl><dl class='gallery-item'>\n\t\t\t\t<dt class='gallery-icon landscape'>\n\t\t\t\t\t<a class=\"rollover rollover-zoom dt-pswp-item\" title=\"Valeria_strapazzon\" data-dt-img-description=\"\" data-large_image_width=\"640\" data-large_image_height=\"480\"href='https:\/\/www.radiopiu.net\/wordpress\/wp-content\/uploads\/2021\/05\/Valeria_strapazzon.jpg'><img loading=\"lazy\" decoding=\"async\" width=\"150\" height=\"150\" src=\"https:\/\/www.radiopiu.net\/wordpress\/wp-content\/uploads\/2021\/05\/Valeria_strapazzon-150x150.jpg\" class=\"attachment-thumbnail size-thumbnail\" alt=\"\" \/><\/a>\n\t\t\t\t<\/dt><\/dl><dl class='gallery-item'>\n\t\t\t\t<dt class='gallery-icon landscape'>\n\t\t\t\t\t<a class=\"rollover rollover-zoom dt-pswp-item\" title=\"Fiorendo_Dalla_Ca\" data-dt-img-description=\"\" data-large_image_width=\"640\" data-large_image_height=\"480\"href='https:\/\/www.radiopiu.net\/wordpress\/wp-content\/uploads\/2021\/05\/Fiorendo_Dalla_Ca.jpg'><img loading=\"lazy\" decoding=\"async\" width=\"150\" height=\"150\" src=\"https:\/\/www.radiopiu.net\/wordpress\/wp-content\/uploads\/2021\/05\/Fiorendo_Dalla_Ca-150x150.jpg\" class=\"attachment-thumbnail size-thumbnail\" alt=\"\" \/><\/a>\n\t\t\t\t<\/dt><\/dl><br style=\"clear: both\" \/><dl class='gallery-item'>\n\t\t\t\t<dt class='gallery-icon landscape'>\n\t\t\t\t\t<a class=\"rollover rollover-zoom dt-pswp-item\" title=\"Renato_Orzetti\" data-dt-img-description=\"\" data-large_image_width=\"640\" data-large_image_height=\"480\"href='https:\/\/www.radiopiu.net\/wordpress\/wp-content\/uploads\/2021\/05\/Renato_Orzetti.jpg'><img loading=\"lazy\" decoding=\"async\" width=\"150\" height=\"150\" src=\"https:\/\/www.radiopiu.net\/wordpress\/wp-content\/uploads\/2021\/05\/Renato_Orzetti-150x150.jpg\" class=\"attachment-thumbnail size-thumbnail\" alt=\"\" \/><\/a>\n\t\t\t\t<\/dt><\/dl><dl class='gallery-item'>\n\t\t\t\t<dt class='gallery-icon landscape'>\n\t\t\t\t\t<a class=\"rollover rollover-zoom dt-pswp-item\" title=\"Racing_kart\" data-dt-img-description=\"\" data-large_image_width=\"640\" data-large_image_height=\"480\"href='https:\/\/www.radiopiu.net\/wordpress\/wp-content\/uploads\/2021\/05\/Racing_kart.jpg'><img loading=\"lazy\" decoding=\"async\" width=\"150\" height=\"150\" src=\"https:\/\/www.radiopiu.net\/wordpress\/wp-content\/uploads\/2021\/05\/Racing_kart-150x150.jpg\" class=\"attachment-thumbnail size-thumbnail\" alt=\"\" \/><\/a>\n\t\t\t\t<\/dt><\/dl><dl class='gallery-item'>\n\t\t\t\t<dt class='gallery-icon landscape'>\n\t\t\t\t\t<a class=\"rollover rollover-zoom dt-pswp-item\" title=\"Hockey_Agordo\" data-dt-img-description=\"\" data-large_image_width=\"640\" data-large_image_height=\"480\"href='https:\/\/www.radiopiu.net\/wordpress\/wp-content\/uploads\/2021\/05\/Hockey_Agordo.jpg'><img loading=\"lazy\" decoding=\"async\" width=\"150\" height=\"150\" src=\"https:\/\/www.radiopiu.net\/wordpress\/wp-content\/uploads\/2021\/05\/Hockey_Agordo-150x150.jpg\" class=\"attachment-thumbnail size-thumbnail\" alt=\"\" \/><\/a>\n\t\t\t\t<\/dt><\/dl><dl class='gallery-item'>\n\t\t\t\t<dt class='gallery-icon landscape'>\n\t\t\t\t\t<a class=\"rollover rollover-zoom dt-pswp-item\" title=\"Nicola_Savaris\" data-dt-img-description=\"\" data-large_image_width=\"640\" data-large_image_height=\"480\"href='https:\/\/www.radiopiu.net\/wordpress\/wp-content\/uploads\/2021\/05\/Nicola_Savaris.jpg'><img loading=\"lazy\" decoding=\"async\" width=\"150\" height=\"150\" src=\"https:\/\/www.radiopiu.net\/wordpress\/wp-content\/uploads\/2021\/05\/Nicola_Savaris-150x150.jpg\" class=\"attachment-thumbnail size-thumbnail\" alt=\"\" \/><\/a>\n\t\t\t\t<\/dt><\/dl><dl class='gallery-item'>\n\t\t\t\t<dt class='gallery-icon landscape'>\n\t\t\t\t\t<a class=\"rollover rollover-zoom dt-pswp-item\" title=\"Pubblico\" data-dt-img-description=\"\" data-large_image_width=\"640\" data-large_image_height=\"480\"href='https:\/\/www.radiopiu.net\/wordpress\/wp-content\/uploads\/2021\/05\/Pubblico.jpg'><img loading=\"lazy\" decoding=\"async\" width=\"150\" height=\"150\" src=\"https:\/\/www.radiopiu.net\/wordpress\/wp-content\/uploads\/2021\/05\/Pubblico-150x150.jpg\" class=\"attachment-thumbnail size-thumbnail\" alt=\"\" \/><\/a>\n\t\t\t\t<\/dt><\/dl><br style=\"clear: both\" \/>\n\t\t\t<\/div>\n\n<p>&nbsp;<\/p>\n<p>&nbsp;<\/p>\n<p>&nbsp;<\/p>\n<hr \/>\n<p>&nbsp;<\/p>\n<div>\n<div class=\"b654a4as d2edcug0\">\n<div class=\"rq0escxv hkbzh7o3 jwdofwj8 n8tt0mok r8blr3vg hyh9befq\">\n<p><a class=\"dt-pswp-item\" href=\"https:\/\/www.radiopiu.net\/wordpress\/wp-content\/uploads\/2020\/10\/pp.jpg\" data-dt-img-description=\"\" data-large_image_width=\"640\" data-large_image_height=\"640\"><img loading=\"lazy\" decoding=\"async\" class=\"wp-image-163678 alignleft\" src=\"https:\/\/www.radiopiu.net\/wordpress\/wp-content\/uploads\/2020\/10\/pp-300x300.jpg\" alt=\"\" width=\"106\" height=\"106\" srcset=\"https:\/\/www.radiopiu.net\/wordpress\/wp-content\/uploads\/2020\/10\/pp-300x300.jpg 300w, https:\/\/www.radiopiu.net\/wordpress\/wp-content\/uploads\/2020\/10\/pp-150x150.jpg 150w, https:\/\/www.radiopiu.net\/wordpress\/wp-content\/uploads\/2020\/10\/pp-125x125.jpg 125w, https:\/\/www.radiopiu.net\/wordpress\/wp-content\/uploads\/2020\/10\/pp-200x200.jpg 200w, https:\/\/www.radiopiu.net\/wordpress\/wp-content\/uploads\/2020\/10\/pp-80x80.jpg 80w, https:\/\/www.radiopiu.net\/wordpress\/wp-content\/uploads\/2020\/10\/pp-480x480.jpg 480w, https:\/\/www.radiopiu.net\/wordpress\/wp-content\/uploads\/2020\/10\/pp.jpg 640w\" sizes=\"auto, (max-width: 106px) 100vw, 106px\" \/><\/a><\/p>\n<\/div>\n<\/div>\n<\/div>\n<div>\n<div class=\"page-title-head hgroup\">\n<div class=\"page-title-head hgroup\">\n<div class=\"b654a4as d2edcug0\">\n<div class=\"j83agx80 btwxx1t3 lhclo0ds hop8lmos nkwizq5d scwd0bx6 roh60bw9\">\n<div class=\"rq0escxv hkbzh7o3 jwdofwj8 n8tt0mok r8blr3vg hyh9befq\">\n<div class=\"do00u71z l9j0dhe7 k4urcfbm\">\n<h2><span style=\"color: #000080;\">DON CESARE, IL PENSIERO DEL GIORNO. ALLA RADIO ALLE 7 DEL MATTINO E ALLE 19.30 DELLA SERA.\u00a0\u00a0<\/span><\/h2>\n<\/div>\n<\/div>\n<\/div>\n<div class=\"rq0escxv hkbzh7o3 jwdofwj8 n8tt0mok r8blr3vg hyh9befq\">\n<p>&nbsp;<\/p>\n<\/div>\n<\/div>\n<\/div>\n<\/div>\n<\/div>\n<div>\n<div class=\"page-title-head hgroup\">\n<div class=\"page-title-head hgroup\">\n<div class=\"b654a4as d2edcug0\">\n<div class=\"rq0escxv hkbzh7o3 jwdofwj8 n8tt0mok r8blr3vg hyh9befq\"><\/div>\n<\/div>\n<\/div>\n<\/div>\n<\/div>\n<audio class=\"wp-audio-shortcode\" id=\"audio-212954-4\" preload=\"none\" style=\"width: 100%;\" controls=\"controls\"><source type=\"audio\/mpeg\" src=\"https:\/\/www.radiopiu.net\/wordpress\/wp-content\/uploads\/2021\/05\/CESARE-23.mp3?_=4\" \/><a href=\"https:\/\/www.radiopiu.net\/wordpress\/wp-content\/uploads\/2021\/05\/CESARE-23.mp3\">https:\/\/www.radiopiu.net\/wordpress\/wp-content\/uploads\/2021\/05\/CESARE-23.mp3<\/a><\/audio>\n<hr \/>\n<p>&nbsp;<\/p>\n<p>&nbsp;<\/p>\n<p>&nbsp;<\/p>\n<div>\n<h2><span style=\"color: #800080;\"><strong>LA RASSEGNA STAMPA DA L&#8217;AMICO DEL POPOLO\u00a0<\/strong><\/span><\/h2>\n<h3 class=\"kvgmc6g5 cxmmr5t8 oygrvhab hcukyx3x c1et5uql\"><span style=\"color: #0000ff;\"> INFORMAZIONE il canale su TELEGRAM informazione di prima mano e in tempo reale. iscriviti ed aiutaci a farlo conoscere\u00a0<\/span><\/h3>\n<p><strong><a href=\"https:\/\/www.radiopiu.net\/wordpress\/la-rassegna-stampa-da-lamico-del-popolo-29-maggio-2021\/giovanni-deon\/\" rel=\"attachment wp-att-212771\"><img loading=\"lazy\" decoding=\"async\" class=\"size-full wp-image-212771 alignleft\" src=\"https:\/\/www.radiopiu.net\/wordpress\/wp-content\/uploads\/2021\/05\/GIOVANNI-DEON.jpg\" alt=\"\" width=\"228\" height=\"221\" \/><\/a>di Gianni Santomaso<\/strong><\/p>\n<p>OSPITE: Giovanni Deon Sindaco di Rivamonte<\/p>\n<audio class=\"wp-audio-shortcode\" id=\"audio-212954-5\" preload=\"none\" style=\"width: 100%;\" controls=\"controls\"><source type=\"audio\/mpeg\" src=\"https:\/\/www.radiopiu.net\/wordpress\/wp-content\/uploads\/2021\/05\/RASSEGNA-GIANNI-4.mp3?_=5\" \/><a href=\"https:\/\/www.radiopiu.net\/wordpress\/wp-content\/uploads\/2021\/05\/RASSEGNA-GIANNI-4.mp3\">https:\/\/www.radiopiu.net\/wordpress\/wp-content\/uploads\/2021\/05\/RASSEGNA-GIANNI-4.mp3<\/a><\/audio>\n<p>&nbsp;<\/p>\n<p>&nbsp;<\/p>\n<p><strong>LA RACCOLTA COMPLETA<\/strong><\/p>\n<blockquote class=\"wp-embedded-content\" data-secret=\"v4u2ZIJp0Y\"><p><a href=\"https:\/\/www.radiopiu.net\/wordpress\/rassegna-stampa-di-gianni-santomaso\/\">Rassegna stampa da l&#8217;amico del popolo &#8211; di Gianni Santomaso<\/a><\/p><\/blockquote>\n<p><iframe loading=\"lazy\" class=\"wp-embedded-content\" sandbox=\"allow-scripts\" security=\"restricted\" style=\"position: absolute; clip: rect(1px, 1px, 1px, 1px);\" title=\"&#8220;Rassegna stampa da l&#8217;amico del popolo &#8211; di Gianni Santomaso&#8221; &#8212; Radio Pi\u00f9\" src=\"https:\/\/www.radiopiu.net\/wordpress\/rassegna-stampa-di-gianni-santomaso\/embed\/#?secret=v4u2ZIJp0Y\" data-secret=\"v4u2ZIJp0Y\" width=\"600\" height=\"338\" frameborder=\"0\" marginwidth=\"0\" marginheight=\"0\" scrolling=\"no\"><\/iframe><\/p>\n<div class=\"b654a4as d2edcug0\"><\/div>\n<\/div>\n<p>&nbsp;<\/p>\n<hr \/>\n<p>&nbsp;<\/p>\n<div dir=\"auto\">\n<p>&nbsp;<\/p>\n<blockquote>\n<h3 class=\"kvgmc6g5 cxmmr5t8 oygrvhab hcukyx3x c1et5uql\"><span style=\"color: #0000ff;\">INFORMAZIONE il canale su TELEGRAM informazione di prima mano e in tempo reale. iscriviti ed aiutaci a farlo conoscere\u00a0<\/span><\/h3>\n<\/blockquote>\n<h2><a href=\"https:\/\/www.radiopiu.net\/wordpress\/strutturare-lo-studio\/studiare\/\" rel=\"attachment wp-att-210171\"><img loading=\"lazy\" decoding=\"async\" class=\" wp-image-210171 alignleft\" src=\"https:\/\/www.radiopiu.net\/wordpress\/wp-content\/uploads\/2021\/05\/studiare-300x200.jpeg\" alt=\"\" width=\"177\" height=\"118\" srcset=\"https:\/\/www.radiopiu.net\/wordpress\/wp-content\/uploads\/2021\/05\/studiare-300x200.jpeg 300w, https:\/\/www.radiopiu.net\/wordpress\/wp-content\/uploads\/2021\/05\/studiare.jpeg 626w\" sizes=\"auto, (max-width: 177px) 100vw, 177px\" \/><\/a>007 IN CONDOTTA CON LA PROF. MARIA ROSA SALMAZO IL LUNEDI ALLE 10,30 E ALLE 19.00 LA DOMENICA ALLE 8 DEL MATTINO. NONA STAGIONE<\/h2>\n<p><span style=\"color: #ff0000;\"><strong>PUNTATA DEL 31 MAGGIO 2021\u00a0 \u00a0<\/strong><\/span><\/p>\n<p>&nbsp;<\/p>\n<p>&nbsp;<\/p>\n<\/div>\n<div dir=\"auto\">\n<audio class=\"wp-audio-shortcode\" id=\"audio-212954-6\" preload=\"none\" style=\"width: 100%;\" controls=\"controls\"><source type=\"audio\/mpeg\" src=\"https:\/\/www.radiopiu.net\/wordpress\/wp-content\/uploads\/2021\/05\/007-31-maggio.mp3?_=6\" \/><a href=\"https:\/\/www.radiopiu.net\/wordpress\/wp-content\/uploads\/2021\/05\/007-31-maggio.mp3\">https:\/\/www.radiopiu.net\/wordpress\/wp-content\/uploads\/2021\/05\/007-31-maggio.mp3<\/a><\/audio>\n<h2>LA RACCOLTA COMPLETA<\/h2>\n<blockquote><p>&nbsp;<\/p><\/blockquote>\n<blockquote class=\"wp-embedded-content\" data-secret=\"t7zweKNcGs\"><p><a href=\"https:\/\/www.radiopiu.net\/wordpress\/007incondotta-9\/\">007 in condotta<\/a><\/p><\/blockquote>\n<p><iframe loading=\"lazy\" class=\"wp-embedded-content\" sandbox=\"allow-scripts\" security=\"restricted\" style=\"position: absolute; clip: rect(1px, 1px, 1px, 1px);\" title=\"&#8220;007 in condotta&#8221; &#8212; Radio Pi\u00f9\" src=\"https:\/\/www.radiopiu.net\/wordpress\/007incondotta-9\/embed\/#?secret=t7zweKNcGs\" data-secret=\"t7zweKNcGs\" width=\"600\" height=\"338\" frameborder=\"0\" marginwidth=\"0\" marginheight=\"0\" scrolling=\"no\"><\/iframe><\/p>\n<p>&nbsp;<\/p>\n<h1><\/h1>\n<\/div>\n<hr \/>\n<p>&nbsp;<\/p>\n<p>&nbsp;<\/p>\n<div dir=\"auto\">\n<blockquote>\n<h3>SALUTE E SOCIETA&#8217; IL LUNEDI ALLE 13.10 E ALLE 20.10, LA DOMENICA ALLE 10.30 A CURA DEL DOTTOR MARCO CARACCIOLO. QUINTA STAGIONE<\/h3>\n<\/blockquote>\n<p><strong>LA PUNTATA DELLA SETTIMANA del 24 <\/strong><strong>MAGGIO<\/strong><\/p>\n<p><a href=\"https:\/\/www.radiopiu.net\/wordpress\/giornale-radiopiu-01-giugno-2021-direttore-mirko-mezzacasa\/ccaa5c0c-533d-34f0-9761-e954cd20b0f1\/\" rel=\"attachment wp-att-213029\"><img loading=\"lazy\" decoding=\"async\" class=\"size-medium wp-image-213029 alignleft\" src=\"https:\/\/www.radiopiu.net\/wordpress\/wp-content\/uploads\/2021\/05\/ccaa5c0c-533d-34f0-9761-e954cd20b0f1-300x169.png\" alt=\"\" width=\"300\" height=\"169\" srcset=\"https:\/\/www.radiopiu.net\/wordpress\/wp-content\/uploads\/2021\/05\/ccaa5c0c-533d-34f0-9761-e954cd20b0f1-300x169.png 300w, https:\/\/www.radiopiu.net\/wordpress\/wp-content\/uploads\/2021\/05\/ccaa5c0c-533d-34f0-9761-e954cd20b0f1-1024x576.png 1024w, https:\/\/www.radiopiu.net\/wordpress\/wp-content\/uploads\/2021\/05\/ccaa5c0c-533d-34f0-9761-e954cd20b0f1-768x432.png 768w, https:\/\/www.radiopiu.net\/wordpress\/wp-content\/uploads\/2021\/05\/ccaa5c0c-533d-34f0-9761-e954cd20b0f1.png 1280w\" sizes=\"auto, (max-width: 300px) 100vw, 300px\" \/><\/a><\/p>\n<p>in questa edizione: La poliposi nasale \u00e8 una malattia cronica della mucosa nasale di cui si ignorano ancora le cause. Frequentemente si associa a malattie allergiche, intolleranze ad alcuni farmaci o a disordini immunitari. Nicola Casella ne ha parlato con\u00a0Alberto Macchi, Accademia Italiana di Rinologia<\/p>\n<p><strong>AUDIO\u00a0\u00a0<\/strong><\/p>\n<p>&nbsp;<\/p>\n<p>&nbsp;<\/p>\n<p>&nbsp;<\/p>\n<div dir=\"auto\">\n<audio class=\"wp-audio-shortcode\" id=\"audio-212954-7\" preload=\"none\" style=\"width: 100%;\" controls=\"controls\"><source type=\"audio\/mpeg\" src=\"https:\/\/www.radiopiu.net\/wordpress\/wp-content\/uploads\/2021\/05\/SALUTE-4.mp3?_=7\" \/><a href=\"https:\/\/www.radiopiu.net\/wordpress\/wp-content\/uploads\/2021\/05\/SALUTE-4.mp3\">https:\/\/www.radiopiu.net\/wordpress\/wp-content\/uploads\/2021\/05\/SALUTE-4.mp3<\/a><\/audio>\n<p><strong>LA RACCOLTA COMPLETA\u00a0<\/strong><\/p>\n<\/div>\n<blockquote class=\"wp-embedded-content\" data-secret=\"EilEvzDPKg\"><p><a href=\"https:\/\/www.radiopiu.net\/wordpress\/saluteesocieta\/\">Salute e Societ\u00e0<\/a><\/p><\/blockquote>\n<p><iframe loading=\"lazy\" class=\"wp-embedded-content\" sandbox=\"allow-scripts\" security=\"restricted\" style=\"position: absolute; clip: rect(1px, 1px, 1px, 1px);\" title=\"&#8220;Salute e Societ\u00e0&#8221; &#8212; Radio Pi\u00f9\" src=\"https:\/\/www.radiopiu.net\/wordpress\/saluteesocieta\/embed\/#?secret=EilEvzDPKg\" data-secret=\"EilEvzDPKg\" width=\"600\" height=\"338\" frameborder=\"0\" marginwidth=\"0\" marginheight=\"0\" scrolling=\"no\"><\/iframe><\/p>\n<\/div>\n<div dir=\"auto\">\n<h1><\/h1>\n<\/div>\n<hr \/>\n<blockquote>\n<h3 id=\"titlewrap\"><\/h3>\n<h3>COLLAGE DI LORIS SCUSSEL, DAL LUNEDI AL VENERDI ALLE 16 E ALLE 23<\/h3>\n<\/blockquote>\n<div><\/div>\n<div>\n<p><strong>AUDIO PUNTATA 356 DEL 31 MAGGIO\u00a0<\/strong><\/p>\n<audio class=\"wp-audio-shortcode\" id=\"audio-212954-8\" preload=\"none\" style=\"width: 100%;\" controls=\"controls\"><source type=\"audio\/mpeg\" src=\"https:\/\/www.radiopiu.net\/wordpress\/wp-content\/uploads\/2021\/05\/Collage-356.mp3?_=8\" \/><a href=\"https:\/\/www.radiopiu.net\/wordpress\/wp-content\/uploads\/2021\/05\/Collage-356.mp3\">https:\/\/www.radiopiu.net\/wordpress\/wp-content\/uploads\/2021\/05\/Collage-356.mp3<\/a><\/audio>\n<p><strong>\u00a0<\/strong><img loading=\"lazy\" decoding=\"async\" class=\"alignleft\" src=\"https:\/\/www.radiopiu.net\/wordpress\/wp-content\/uploads\/2021\/05\/Schermata-2021-05-23-alle-11.50.11.png\" width=\"186\" height=\"131\" \/>Il programma \u00e8 andato in onda da dicembre 2013 fino a luglio 2019, comprese le repliche, in due serie per 350 puntate complessive con 1.890 brani trasmessi. L\u2019obiettivo del programma: riproporre agli ascoltatori pi\u00f9 grandicelli le canzoni che ascoltavano nel passato e nello stesso tempo farle conoscere anche ai pi\u00f9 giovani.<\/p>\n<p>&nbsp;<\/p>\n<\/div>\n<p>&nbsp;<\/p>\n<p>&nbsp;<\/p>\n<p>&nbsp;<\/p>\n<hr \/>\n<h1><span style=\"color: #ff0000;\">\u00a0<\/span><\/h1>\n<h1><span style=\"color: #ff0000;\">ALLA RADIO<\/span><\/h1>\n<blockquote>\n<h3><a href=\"https:\/\/www.radiopiu.net\/wordpress\/convocato-per-venerdi-13-novembre-il-consiglio-generale-chiamato-ad-eleggere-il-nuovo-segretario-generale-dopo-lingresso-di-cinzia-bonan-in-segreteria-regionale-ampia-convergenza-sul-nome-del\/schermata-2020-11-11-alle-12-25-13\/\" rel=\"attachment wp-att-172025\"><img loading=\"lazy\" decoding=\"async\" class=\"wp-image-172025 alignleft\" src=\"https:\/\/www.radiopiu.net\/wordpress\/wp-content\/uploads\/2020\/11\/Schermata-2020-11-11-alle-12.25.13-300x157.png\" alt=\"\" width=\"174\" height=\"91\" srcset=\"https:\/\/www.radiopiu.net\/wordpress\/wp-content\/uploads\/2020\/11\/Schermata-2020-11-11-alle-12.25.13-300x157.png 300w, https:\/\/www.radiopiu.net\/wordpress\/wp-content\/uploads\/2020\/11\/Schermata-2020-11-11-alle-12.25.13.png 594w\" sizes=\"auto, (max-width: 174px) 100vw, 174px\" \/><\/a>CISL LA VOCE DEI LAVORATORI CON PAOLO CHISSALE&#8217; E ALICE VETTOREL<\/h3>\n<h3>PUNTATA 19 MAGGIO<\/h3>\n<\/blockquote>\n<audio class=\"wp-audio-shortcode\" id=\"audio-212954-9\" preload=\"none\" style=\"width: 100%;\" controls=\"controls\"><source type=\"audio\/mpeg\" src=\"https:\/\/www.radiopiu.net\/wordpress\/wp-content\/uploads\/2021\/05\/cisl-la-voce-dei-lavoratori.mp3?_=9\" \/><a href=\"https:\/\/www.radiopiu.net\/wordpress\/wp-content\/uploads\/2021\/05\/cisl-la-voce-dei-lavoratori.mp3\">https:\/\/www.radiopiu.net\/wordpress\/wp-content\/uploads\/2021\/05\/cisl-la-voce-dei-lavoratori.mp3<\/a><\/audio>\n<p>&nbsp;<\/p>\n<h2 align=\"JUSTIFY\"><\/h2>\n<hr \/>\n<div>\n<div>\n<div class=\"page-title-head hgroup\">\n<div class=\"page-title-head hgroup\">\n<div class=\"page-title-head hgroup\">\n<p>&nbsp;<\/p>\n<blockquote>\n<h2><\/h2>\n<h2>FANTASTICHE DOLOMITI, NUOVA STAGIONE. APPUNTAMENTO QUINDICINALE IL GIOVEDI ALLE 10.30 E 19.00<\/h2>\n<\/blockquote>\n<h2><a class=\"dt-pswp-item\" href=\"https:\/\/www.radiopiu.net\/wordpress\/wp-content\/uploads\/2020\/10\/pp-2.jpg\" data-dt-img-description=\"\" data-large_image_width=\"384\" data-large_image_height=\"384\"><img loading=\"lazy\" decoding=\"async\" class=\"wp-image-165187 alignleft\" src=\"https:\/\/www.radiopiu.net\/wordpress\/wp-content\/uploads\/2020\/10\/pp-2-300x300.jpg\" alt=\"\" width=\"114\" height=\"114\" srcset=\"https:\/\/www.radiopiu.net\/wordpress\/wp-content\/uploads\/2020\/10\/pp-2-300x300.jpg 300w, https:\/\/www.radiopiu.net\/wordpress\/wp-content\/uploads\/2020\/10\/pp-2-150x150.jpg 150w, https:\/\/www.radiopiu.net\/wordpress\/wp-content\/uploads\/2020\/10\/pp-2.jpg 384w\" sizes=\"auto, (max-width: 114px) 100vw, 114px\" \/><\/a><\/h2>\n<h2><\/h2>\n<h2><span style=\"color: #ff0000;\">PUNTATA 16 20 MAGGIO<\/span><\/h2>\n<p><strong>OSPITE CLAUDIO CANOVA<\/strong><\/p>\n<p>&nbsp;<\/p>\n<audio class=\"wp-audio-shortcode\" id=\"audio-212954-10\" preload=\"none\" style=\"width: 100%;\" controls=\"controls\"><source type=\"audio\/mpeg\" src=\"https:\/\/www.radiopiu.net\/wordpress\/wp-content\/uploads\/2021\/05\/fantastiche-dolomiti-20-maggio.mp3?_=10\" \/><a href=\"https:\/\/www.radiopiu.net\/wordpress\/wp-content\/uploads\/2021\/05\/fantastiche-dolomiti-20-maggio.mp3\">https:\/\/www.radiopiu.net\/wordpress\/wp-content\/uploads\/2021\/05\/fantastiche-dolomiti-20-maggio.mp3<\/a><\/audio>\n<h3>LA RACCOLTA COMPLETA<\/h3>\n<p>https:\/\/www.radiopiu.net\/wordpress\/raccolta-completa\/<\/p>\n<p>&nbsp;<\/p>\n<p>&nbsp;<\/p>\n<p>&nbsp;<\/p>\n<hr \/>\n<div>\n<div>\n<div class=\"b654a4as d2edcug0\">\n<div class=\"rq0escxv hkbzh7o3 jwdofwj8 n8tt0mok r8blr3vg hyh9befq\">\n<div class=\"b654a4as d2edcug0\">\n<h2><span style=\"color: #008000;\">\u00a0<\/span><\/h2>\n<h2><span style=\"color: #008000;\">ERBE E PIANTE CURATIVE&#8230;IL\u00a0 PROGRAMMA DI PAOLA LANCIATO<\/span><\/h2>\n<\/div>\n<p><strong><a href=\"https:\/\/www.radiopiu.net\/wordpress\/nel-giardino-del-re-il-non-ti-scordar-di-me\/th-120\/\" rel=\"attachment wp-att-211838\"><img loading=\"lazy\" decoding=\"async\" class=\" wp-image-211838 alignleft\" src=\"https:\/\/www.radiopiu.net\/wordpress\/wp-content\/uploads\/2021\/05\/th-23.jpg\" alt=\"\" width=\"168\" height=\"112\" \/><\/a>di Paola Lanciato<\/strong><\/p>\n<p><strong>\u00a0<\/strong><\/p>\n<p><strong>IL NON TI SCORDAR DI ME<\/strong><\/p>\n<p>&nbsp;<\/p>\n<audio class=\"wp-audio-shortcode\" id=\"audio-212954-11\" preload=\"none\" style=\"width: 100%;\" controls=\"controls\"><source type=\"audio\/mpeg\" src=\"https:\/\/www.radiopiu.net\/wordpress\/wp-content\/uploads\/2021\/05\/15-Il-non-ti-scordar-di-me-M.mp3?_=11\" \/><a href=\"https:\/\/www.radiopiu.net\/wordpress\/wp-content\/uploads\/2021\/05\/15-Il-non-ti-scordar-di-me-M.mp3\">https:\/\/www.radiopiu.net\/wordpress\/wp-content\/uploads\/2021\/05\/15-Il-non-ti-scordar-di-me-M.mp3<\/a><\/audio>\n<h3><strong>LA RACCOLTA COMPLETA\u00a0<\/strong><\/h3>\n<blockquote class=\"wp-embedded-content\" data-secret=\"kJee1TtXk4\"><p><a href=\"https:\/\/www.radiopiu.net\/wordpress\/erbe-e-piante-curative-il-mandorlo\/\">L\u2019ERBA VOGLIO DEL GIARDINO DEL RE\u2026 ERBE, FIORI E PIANTE DI E CON PAOLA LANCIATO<\/a><\/p><\/blockquote>\n<p><iframe loading=\"lazy\" class=\"wp-embedded-content\" sandbox=\"allow-scripts\" security=\"restricted\" style=\"position: absolute; clip: rect(1px, 1px, 1px, 1px);\" title=\"&#8220;L\u2019ERBA VOGLIO DEL GIARDINO DEL RE\u2026 ERBE, FIORI E PIANTE DI E CON PAOLA LANCIATO&#8221; &#8212; Radio Pi\u00f9\" src=\"https:\/\/www.radiopiu.net\/wordpress\/erbe-e-piante-curative-il-mandorlo\/embed\/#?secret=kJee1TtXk4\" data-secret=\"kJee1TtXk4\" width=\"600\" height=\"338\" frameborder=\"0\" marginwidth=\"0\" marginheight=\"0\" scrolling=\"no\"><\/iframe><\/p>\n<p>&nbsp;<\/p>\n<p>&nbsp;<\/p>\n<p>&nbsp;<\/p>\n<hr \/>\n<p>&nbsp;<\/p>\n<blockquote>\n<h2><span style=\"color: #ff0000;\"><em>ZAINO ALLA RADIO&#8230;ESTATE DI PAOLA LANCIATO TUTTI I GIORNI dal lunedi al venerdi ALLE 14 E 23.30\u00a0<\/em><\/span><\/h2>\n<h3>La-Scarzuola-di-Buzzi-M.<\/h3>\n<\/blockquote>\n<p><strong>AUDIO\u00a0<\/strong><\/p>\n<audio class=\"wp-audio-shortcode\" id=\"audio-212954-12\" preload=\"none\" style=\"width: 100%;\" controls=\"controls\"><source type=\"audio\/mpeg\" src=\"https:\/\/www.radiopiu.net\/wordpress\/wp-content\/uploads\/2021\/05\/16-La-Scarzuola-di-Buzzi-M.mp3?_=12\" \/><a href=\"https:\/\/www.radiopiu.net\/wordpress\/wp-content\/uploads\/2021\/05\/16-La-Scarzuola-di-Buzzi-M.mp3\">https:\/\/www.radiopiu.net\/wordpress\/wp-content\/uploads\/2021\/05\/16-La-Scarzuola-di-Buzzi-M.mp3<\/a><\/audio>\n<p><a href=\"https:\/\/www.radiopiu.net\/wordpress\/?attachment_id=212982\" rel=\"attachment wp-att-212982\"><img loading=\"lazy\" decoding=\"async\" class=\"alignnone size-medium wp-image-212982\" src=\"https:\/\/www.radiopiu.net\/wordpress\/wp-content\/uploads\/2021\/05\/16-300x165.png\" alt=\"\" width=\"300\" height=\"165\" srcset=\"https:\/\/www.radiopiu.net\/wordpress\/wp-content\/uploads\/2021\/05\/16-300x165.png 300w, https:\/\/www.radiopiu.net\/wordpress\/wp-content\/uploads\/2021\/05\/16.png 590w\" sizes=\"auto, (max-width: 300px) 100vw, 300px\" \/><\/a><\/p>\n<p><strong>LA RACCOLTA COMPLETA\u00a0<\/strong><\/p>\n<blockquote class=\"wp-embedded-content\" data-secret=\"dagiiflngd\"><p><a href=\"https:\/\/www.radiopiu.net\/wordpress\/zaino-femminile-lanciato\/\">Zaino da viaggio al femminile<\/a><\/p><\/blockquote>\n<p><iframe loading=\"lazy\" class=\"wp-embedded-content\" sandbox=\"allow-scripts\" security=\"restricted\" style=\"position: absolute; clip: rect(1px, 1px, 1px, 1px);\" title=\"&#8220;Zaino da viaggio al femminile&#8221; &#8212; Radio Pi\u00f9\" src=\"https:\/\/www.radiopiu.net\/wordpress\/zaino-femminile-lanciato\/embed\/#?secret=dagiiflngd\" data-secret=\"dagiiflngd\" width=\"600\" height=\"338\" frameborder=\"0\" marginwidth=\"0\" marginheight=\"0\" scrolling=\"no\"><\/iframe><\/p>\n<p>&nbsp;<\/p>\n<\/div>\n<\/div>\n<\/div>\n<div>\n<div class=\"page-title-head hgroup\">\n<div class=\"page-title-head hgroup\">\n<div>\n<div class=\"b654a4as d2edcug0\">\n<div class=\"rq0escxv hkbzh7o3 jwdofwj8 n8tt0mok r8blr3vg hyh9befq\">\n<p>&nbsp;<\/p>\n<\/div>\n<\/div>\n<div class=\"b654a4as d2edcug0\">\n<hr \/>\n<p>&nbsp;<\/p>\n<blockquote>\n<h3>L&#8217;ALMANACCO LADINO CON L&#8217;ISTITUT CESA DE JAN QUINDICINALE APPUNTAMENTO. LA DOMENICA ALLE 9 IL LUNEDI ALLE 8.35 IL MARTEDI ALLE 12.35 IL MERCOLEDI ALLE 18.35. SECONDA STAGIONE.<\/h3>\n<\/blockquote>\n<p><strong>RACCOLTA COMPLETA\u00a0<\/strong><\/p>\n<blockquote class=\"wp-embedded-content\" data-secret=\"P2bGpenIzc\"><p><a href=\"https:\/\/www.radiopiu.net\/wordpress\/almanacco-ladino\/\">Almanacco Ladino<\/a><\/p><\/blockquote>\n<p><iframe loading=\"lazy\" class=\"wp-embedded-content\" sandbox=\"allow-scripts\" security=\"restricted\" style=\"position: absolute; clip: rect(1px, 1px, 1px, 1px);\" title=\"&#8220;Almanacco Ladino&#8221; &#8212; Radio Pi\u00f9\" src=\"https:\/\/www.radiopiu.net\/wordpress\/almanacco-ladino\/embed\/#?secret=P2bGpenIzc\" data-secret=\"P2bGpenIzc\" width=\"600\" height=\"338\" frameborder=\"0\" marginwidth=\"0\" marginheight=\"0\" scrolling=\"no\"><\/iframe><\/p>\n<div dir=\"auto\"><\/div>\n<\/div>\n<div>\n<p>&nbsp;<\/p>\n<hr \/>\n<h2><span style=\"color: #808000;\">\u00a0<\/span><\/h2>\n<h2><span style=\"color: #808000;\">DUE MINUTI UN LIBRO\u00a0 TUTTI I GIORNI ALLA RADIO ALLE 9.30 E ALLE 18. QUINTA STAGIONE\u00a0\u00a0<\/span><\/h2>\n<blockquote class=\"wp-embedded-content\" data-secret=\"MrPZlPaenO\"><p><a href=\"https:\/\/www.radiopiu.net\/wordpress\/larte-di-legare-le-persone\/\">L&#8217;ARTE DI LEGARE LE PERSONE<\/a><\/p><\/blockquote>\n<p><iframe loading=\"lazy\" class=\"wp-embedded-content\" sandbox=\"allow-scripts\" security=\"restricted\" style=\"position: absolute; clip: rect(1px, 1px, 1px, 1px);\" title=\"&#8220;L&#8217;ARTE DI LEGARE LE PERSONE&#8221; &#8212; Radio Pi\u00f9\" src=\"https:\/\/www.radiopiu.net\/wordpress\/larte-di-legare-le-persone\/embed\/#?secret=MrPZlPaenO\" data-secret=\"MrPZlPaenO\" width=\"600\" height=\"338\" frameborder=\"0\" marginwidth=\"0\" marginheight=\"0\" scrolling=\"no\"><\/iframe><\/p>\n<h3><span style=\"color: #808000;\">\u00a0<\/span>LA RACCOLTA COMPLETA<\/h3>\n<blockquote class=\"wp-embedded-content\" data-secret=\"03hsnkjlnx\"><p><a href=\"https:\/\/www.radiopiu.net\/wordpress\/due-minuti-un-libro\/\">Due minuti un libro<\/a><\/p><\/blockquote>\n<p><iframe loading=\"lazy\" class=\"wp-embedded-content\" sandbox=\"allow-scripts\" security=\"restricted\" style=\"position: absolute; clip: rect(1px, 1px, 1px, 1px);\" title=\"&#8220;Due minuti un libro&#8221; &#8212; Radio Pi\u00f9\" src=\"https:\/\/www.radiopiu.net\/wordpress\/due-minuti-un-libro\/embed\/#?secret=03hsnkjlnx\" data-secret=\"03hsnkjlnx\" width=\"600\" height=\"338\" frameborder=\"0\" marginwidth=\"0\" marginheight=\"0\" scrolling=\"no\"><\/iframe><\/p>\n<p>&nbsp;<\/p>\n<p>&nbsp;<\/p>\n<hr \/>\n<p>\u200b<\/p>\n<div>\n<h2><span style=\"color: #33cccc;\">I RACCONTI DI PAOLO SOPPELSA il lunedi alle 9.30 e 18.30<\/span><\/h2>\n<p><strong>EL CAMPANIL DELE MONEGHE<\/strong><\/p>\n<p><em><strong>AUDIO<\/strong><\/em><\/p>\n<audio class=\"wp-audio-shortcode\" id=\"audio-212954-13\" preload=\"none\" style=\"width: 100%;\" controls=\"controls\"><source type=\"audio\/mpeg\" src=\"https:\/\/www.radiopiu.net\/wordpress\/wp-content\/uploads\/2021\/05\/PAOLO-SOPPELSA-EL-CAMPANIL-DELE-MONEGHE.mp3?_=13\" \/><a href=\"https:\/\/www.radiopiu.net\/wordpress\/wp-content\/uploads\/2021\/05\/PAOLO-SOPPELSA-EL-CAMPANIL-DELE-MONEGHE.mp3\">https:\/\/www.radiopiu.net\/wordpress\/wp-content\/uploads\/2021\/05\/PAOLO-SOPPELSA-EL-CAMPANIL-DELE-MONEGHE.mp3<\/a><\/audio>\n<p>&nbsp;<\/p>\n<p><a href=\"https:\/\/www.radiopiu.net\/wordpress\/i-racconti-di-paolo-soppelsa-settantasettesima-puntata\/whatsapp-image-2021-05-30-at-12-50-43\/\" rel=\"attachment wp-att-212886\"><img loading=\"lazy\" decoding=\"async\" class=\"size-medium wp-image-212886 alignleft\" src=\"https:\/\/www.radiopiu.net\/wordpress\/wp-content\/uploads\/2021\/05\/WhatsApp-Image-2021-05-30-at-12.50.43-300x225.jpeg\" alt=\"\" width=\"300\" height=\"225\" srcset=\"https:\/\/www.radiopiu.net\/wordpress\/wp-content\/uploads\/2021\/05\/WhatsApp-Image-2021-05-30-at-12.50.43-300x225.jpeg 300w, https:\/\/www.radiopiu.net\/wordpress\/wp-content\/uploads\/2021\/05\/WhatsApp-Image-2021-05-30-at-12.50.43-1024x768.jpeg 1024w, https:\/\/www.radiopiu.net\/wordpress\/wp-content\/uploads\/2021\/05\/WhatsApp-Image-2021-05-30-at-12.50.43-768x576.jpeg 768w, https:\/\/www.radiopiu.net\/wordpress\/wp-content\/uploads\/2021\/05\/WhatsApp-Image-2021-05-30-at-12.50.43-1536x1152.jpeg 1536w, https:\/\/www.radiopiu.net\/wordpress\/wp-content\/uploads\/2021\/05\/WhatsApp-Image-2021-05-30-at-12.50.43.jpeg 2048w\" sizes=\"auto, (max-width: 300px) 100vw, 300px\" \/><\/a>A Cencenighe l&#8217;autunno del 1998 inizi\u00f2 con il botto nel vero senso della parola. Il 24 settembre, infatti, era prevista la demolizione mediante uso di esplosivo, del &#8220;Campanil dele Moneghe&#8221;, ovvero quella sorta di obelisco di roccia fratturata, un p\u00f2 tozzo nella forma ma tuttavia elegante. Un missile di dolomia che svettava solitario sul fianco est del monte delle Anime, con quel nome misterioso di cui non conosco l&#8217;origine che lo permeava di un&#8217;aurea di vaghe suggestioni dai contorni sfumati che si perdevano nel tempo. Durante l&#8217;estate del 1998 gli enti preposti presero la decisione di sbriciolarlo in quanto minacciava ben tre strade: la comunale che sale a Balestier, la Provinciale 8 di San Tomaso e, a fondovalle, l&#8217;allora Strada Statale 203 Agordina. Quel gioved\u00ec 24 settembre presi ferie per assistere a questo evento; che probabilmente capita una volta nella vita di veder saltare in aria un pezzo di montagna, e quindi ne valeva sicuramente la pena. Mentre salivo lungo l&#8217;Agordina RadioPi\u00f9 annunciava gli orari di chiusura delle strade causa esplosione imminente. A Cencenighe si respirava un&#8217;atmosfera di quasi lockdown, per dirla in termini moderni, con le auto che potevano salire e scendere soltanto dalla valle del Biois. Io e pap\u00e0 salimmo di buon&#8217;ora fino &#8220;ai Canet&#8221; per poter assistere allo sparo con la migliore visuale possibile. Era una bella mattina di sole e credevo, erroneamente, che solo noi e forse pochi altri curiosi, saremmo saliti per fare da spettatori ad un evento inconsueto come quello se si stava per compiere. Ed invece trovammo tanta gente e pure le TV: c&#8217;era l&#8217;emittente televisiva locale e perfino la RAI, entrambe con le telecamere gi\u00e0 montate sui cavalletti ed i cronisti che intervistavano i responsabili dell&#8217;operazione. Mentre attendevamo l&#8217;ora fatidica, puntai il binocolo sul fianco del monte Anime ed ebbi modo di ammirare il grande lavoro preparatorio che era stato eseguito sul &#8220;Campanil&#8221;. Esso era stato completamente rivestito di reti metalliche per evitare la proiezione di detriti: immaginai il lungo e delicato lavoro di caricamento dell&#8217;esplosivo in quella zona impervia e priva di strade di accesso. Doveva essere stato davvero un lavoro impegnativo, pensai. Nel frattempo le ore dieci si avvicinavano ed il fermento cresceva fra la gente e le autorit\u00e0 presenti. L&#8217;attesa era divenuta palpabile e, siccome i fuochini sono gente seria, alle dieci precise si udirono i tre classici squilli di tromba che precedono lo sparo. Il tempo di inquadrare &#8220;el campanil&#8221; con il binocolo ed ecco il momento tanto atteso dell&#8217;esplosione. Le cariche svolsero perfettamente il loro compito e l&#8217;obelisco roccioso inizi\u00f2 il suo sbriciolarsi. Il gran botto arriv\u00f2 da noi con un attimo di ritardo, e mai avevo udito lo scoppio di un &#8220;petardo&#8221; cos\u00ec potente. Poi incominci\u00f2 il franamento che and\u00f2 avanti per parecchi minuti. Caddero molti &#8220;pez&#8221; e &#8220;lares&#8221; ed i paramassi installati sopra la strada di Balestier ressero bene agli urti dei massi. Soltanto piccole pietre riuscirono a sgusciare sotto alle reti per terminare la loro corsa sull&#8217;asfalto della comunale. Le espressioni soddisfatte sui visi degli esperti sancirono l&#8217;ottima riuscita dell&#8217;operazione. &#8220;Ore dieci e zero cinque, esecuzione avvenuta, il Campanile delle Moneghe non c&#8217;\u00e8 pi\u00f9&#8221;: furono queste le parole che pronunci\u00f2 il compianto Italo Salomon nel servizio che and\u00f2 in onda quella sera su Telebelluno. Al termine del rotolamento dei detriti verso valle la piccola folla presente inizi\u00f2 a scemare. Scendemmo anche noi a Cencenighe mentre la 203 veniva riaperta al traffico. Ora il &#8220;Campanil dele Moneghe&#8221; si era tramutato in ricordo: la sua anima, per\u00f2, avrebbe continuato a vivere fra quegli alberi che di l\u00ec a poco avrebbero iniziato a vestirsi d&#8217;autunno\u2026Magiche Dolomiti!!<\/p>\n<p>&nbsp;<\/p>\n<p><span style=\"color: #0000ff;\">INFORMAZIONE il canale su TELEGRAM informazione di prima mano e in tempo reale. iscriviti ed aiutaci a farlo conoscere\u00a0<\/span><\/p>\n<h2><span style=\"color: #33cccc;\"><strong>RACCOLTA COMPLETA<\/strong><\/span><\/h2>\n<blockquote class=\"wp-embedded-content\" data-secret=\"LTCzLZ2vs2\"><p><a href=\"https:\/\/www.radiopiu.net\/wordpress\/i-racconti-di-paolo-soppelsa\/\">I racconti di Paolo Soppelsa<\/a><\/p><\/blockquote>\n<p><iframe loading=\"lazy\" class=\"wp-embedded-content\" sandbox=\"allow-scripts\" security=\"restricted\" style=\"position: absolute; clip: rect(1px, 1px, 1px, 1px);\" title=\"&#8220;I racconti di Paolo Soppelsa&#8221; &#8212; Radio Pi\u00f9\" src=\"https:\/\/www.radiopiu.net\/wordpress\/i-racconti-di-paolo-soppelsa\/embed\/#?secret=LTCzLZ2vs2\" data-secret=\"LTCzLZ2vs2\" width=\"600\" height=\"338\" frameborder=\"0\" marginwidth=\"0\" marginheight=\"0\" scrolling=\"no\"><\/iframe><\/p>\n<p>&nbsp;<\/p>\n<\/div>\n<\/div>\n<hr \/>\n<p>&nbsp;<\/p>\n<h2><strong><span style=\"color: #ff0000;\">ALLA RADIO<\/span><\/strong><\/h2>\n<div data-offset-key=\"5n5nl-0-0\">\n<h3>Per ricevere gli aggiornamenti in tempo reale delle notizie pubblicate alla radio e sul sito di radio pi\u00f9 iscriviti al gruppo RADIO PIU INFORMAZIONE su Telegram.\u00a0\u00a0<a href=\"https:\/\/t.me\/radiopiu\">clicca qui<\/a><\/h3>\n<p>&nbsp;<\/p>\n<\/div>\n<blockquote><p><strong><a href=\"https:\/\/www.radiopiu.net\/wordpress\/cassa-solidarieta-luxottica-puntata-del-19-giugno-2020\/cslxo-2\/\" rel=\"attachment wp-att-145244\"><img loading=\"lazy\" decoding=\"async\" class=\"size-medium wp-image-145244 alignleft\" src=\"https:\/\/www.radiopiu.net\/wordpress\/wp-content\/uploads\/2020\/06\/cassa-solidarieta-luxottica-300x148.jpg\" alt=\"\" width=\"300\" height=\"148\" srcset=\"https:\/\/www.radiopiu.net\/wordpress\/wp-content\/uploads\/2020\/06\/cassa-solidarieta-luxottica-300x148.jpg 300w, https:\/\/www.radiopiu.net\/wordpress\/wp-content\/uploads\/2020\/06\/cassa-solidarieta-luxottica-1024x504.jpg 1024w, https:\/\/www.radiopiu.net\/wordpress\/wp-content\/uploads\/2020\/06\/cassa-solidarieta-luxottica-768x378.jpg 768w, https:\/\/www.radiopiu.net\/wordpress\/wp-content\/uploads\/2020\/06\/cassa-solidarieta-luxottica.jpg 1167w\" sizes=\"auto, (max-width: 300px) 100vw, 300px\" \/><\/a>di Claudio Fontanive<\/strong><\/p>\n<p>OSPITI: Paolo Chissal\u00e8 e Fabrizio Campedel<\/p>\n<p>&nbsp;<\/p>\n<p>&nbsp;<\/p>\n<p>&nbsp;<\/p>\n<p><strong>PUNTATA MAGGIO 2021<\/strong><\/p>\n<audio class=\"wp-audio-shortcode\" id=\"audio-212954-14\" preload=\"none\" style=\"width: 100%;\" controls=\"controls\"><source type=\"audio\/mpeg\" src=\"https:\/\/www.radiopiu.net\/wordpress\/wp-content\/uploads\/2021\/05\/ca-sol-lux-maggio-2021.mp3?_=14\" \/><a href=\"https:\/\/www.radiopiu.net\/wordpress\/wp-content\/uploads\/2021\/05\/ca-sol-lux-maggio-2021.mp3\">https:\/\/www.radiopiu.net\/wordpress\/wp-content\/uploads\/2021\/05\/ca-sol-lux-maggio-2021.mp3<\/a><\/audio>\n<p>&nbsp;<\/p>\n<h2>RACCOLTA COMPLETA<\/h2>\n<\/blockquote>\n<blockquote class=\"wp-embedded-content\" data-secret=\"OUEBILLIAs\"><p><a href=\"https:\/\/www.radiopiu.net\/wordpress\/cassa-solidarieta-luxottica-puntata-del-16-ottobre-2020\/\">CASSA SOLIDARIET\u00c0 LUXOTTICA &#8211; TUTTE LE PUNTATE<\/a><\/p><\/blockquote>\n<p><iframe loading=\"lazy\" class=\"wp-embedded-content\" sandbox=\"allow-scripts\" security=\"restricted\" style=\"position: absolute; clip: rect(1px, 1px, 1px, 1px);\" title=\"&#8220;CASSA SOLIDARIET\u00c0 LUXOTTICA &#8211; TUTTE LE PUNTATE&#8221; &#8212; Radio Pi\u00f9\" src=\"https:\/\/www.radiopiu.net\/wordpress\/cassa-solidarieta-luxottica-puntata-del-16-ottobre-2020\/embed\/#?secret=OUEBILLIAs\" data-secret=\"OUEBILLIAs\" width=\"600\" height=\"338\" frameborder=\"0\" marginwidth=\"0\" marginheight=\"0\" scrolling=\"no\"><\/iframe><\/p>\n<div>\n<p>&nbsp;<\/p>\n<hr \/>\n<h2><span style=\"color: #ff6600;\">\u00a0<\/span><\/h2>\n<h2><span style=\"color: #ff6600;\">I PROFESSIONISTI DEL POLIAMBULATORIO AGORDINO RISPONDONO<\/span><\/h2>\n<p><span style=\"color: #0000ff;\"><strong>PUNTATA 01\u00a0<\/strong><\/span><\/p>\n<p><strong>IL POLIAMBULATORIO AGORDINO RISPONDE &#8211; LA PUNTATA DEL 26 MAGGIO 2021<\/strong><\/p>\n<audio class=\"wp-audio-shortcode\" id=\"audio-212954-15\" preload=\"none\" style=\"width: 100%;\" controls=\"controls\"><source type=\"audio\/mpeg\" src=\"https:\/\/www.radiopiu.net\/wordpress\/wp-content\/uploads\/2021\/05\/DILLO-A-RADIOPIU.mp3?_=15\" \/><a href=\"https:\/\/www.radiopiu.net\/wordpress\/wp-content\/uploads\/2021\/05\/DILLO-A-RADIOPIU.mp3\">https:\/\/www.radiopiu.net\/wordpress\/wp-content\/uploads\/2021\/05\/DILLO-A-RADIOPIU.mp3<\/a><\/audio>\n<p>\u200b<\/p>\n<hr \/>\n<p><strong><span style=\"color: #ff0000;\">\u00a0<\/span><\/strong><\/p>\n<h2><strong><span style=\"color: #ff0000;\">QUINDICINALE APPUNTAMENTO ALLA RADIO<\/span><\/strong><\/h2>\n<blockquote>\n<h3><a style=\"font-size: 14px; font-weight: normal;\" href=\"https:\/\/www.radiopiu.net\/wordpress\/giornale-radiopiu-06-febbraio-2019-direttore-mirko-mezzacasa\/logo_spi-cgil-800x445\/\" rel=\"attachment wp-att-75538\"><img loading=\"lazy\" decoding=\"async\" class=\"wp-image-75538 alignleft\" src=\"https:\/\/www.radiopiu.net\/wordpress\/wp-content\/uploads\/2019\/02\/Logo_Spi-CGIL-800x445-300x167.jpg\" alt=\"\" width=\"210\" height=\"117\" srcset=\"https:\/\/www.radiopiu.net\/wordpress\/wp-content\/uploads\/2019\/02\/Logo_Spi-CGIL-800x445-300x167.jpg 300w, https:\/\/www.radiopiu.net\/wordpress\/wp-content\/uploads\/2019\/02\/Logo_Spi-CGIL-800x445-768x427.jpg 768w, https:\/\/www.radiopiu.net\/wordpress\/wp-content\/uploads\/2019\/02\/Logo_Spi-CGIL-800x445.jpg 800w\" sizes=\"auto, (max-width: 210px) 100vw, 210px\" \/><\/a><\/h3>\n<\/blockquote>\n<blockquote>\n<h3>ALLA RADIO, APPUNTAMENTO QUINDICINALE CON SPI-CGIL BELLUNO, IN STUDIO MARIA RITA GENTILIN<\/h3>\n<\/blockquote>\n<p><strong>di Claudio Fontanive\u00a0<\/strong><\/p>\n<p><span style=\"color: #ff0000;\"><strong>PUNTATA DEL 27 MAGGIO 2021<br \/>\n<\/strong><\/span><\/p>\n<audio class=\"wp-audio-shortcode\" id=\"audio-212954-16\" preload=\"none\" style=\"width: 100%;\" controls=\"controls\"><source type=\"audio\/mpeg\" src=\"https:\/\/www.radiopiu.net\/wordpress\/wp-content\/uploads\/2021\/04\/spi-cgil-28-aprile.mp3?_=16\" \/><a href=\"https:\/\/www.radiopiu.net\/wordpress\/wp-content\/uploads\/2021\/04\/spi-cgil-28-aprile.mp3\">https:\/\/www.radiopiu.net\/wordpress\/wp-content\/uploads\/2021\/04\/spi-cgil-28-aprile.mp3<\/a><\/audio>\n<p>&nbsp;<\/p>\n<\/div>\n<p>&nbsp;<\/p>\n<hr \/>\n<p>&nbsp;<\/p>\n<h1><\/h1>\n<h2><span style=\"color: #ff0000;\"><strong>IN VIVO VERSO 2020-21 ESTATE, RIASCOLTIAMOLI&#8230; DAL CASSETTO DEI RICORDI DI RADIO PIU&#8217;&#8230; LE PRIME\u00a0 SEI STAGIONI\u00a0\u00a0<\/strong><\/span><\/h2>\n<div class=\"page-title-head hgroup\">\n<div class=\"page-title-head hgroup\">\n<div class=\"page-title-head hgroup\">\n<div class=\"page-title-head hgroup\">\n<div class=\"page-title-head hgroup\">\n<div class=\"page-title-head hgroup\">\n<blockquote>\n<h3>riascoltiamole MENTRE LE ONDE BALLANO di DEBORAH ZEROVNIK<\/h3>\n<\/blockquote>\n<audio class=\"wp-audio-shortcode\" id=\"audio-212954-17\" preload=\"none\" style=\"width: 100%;\" controls=\"controls\"><source type=\"audio\/mpeg\" src=\"https:\/\/www.radiopiu.net\/wordpress\/wp-content\/uploads\/2021\/05\/VIVO-VERSO-LUN-3.mp3?_=17\" \/><a href=\"https:\/\/www.radiopiu.net\/wordpress\/wp-content\/uploads\/2021\/05\/VIVO-VERSO-LUN-3.mp3\">https:\/\/www.radiopiu.net\/wordpress\/wp-content\/uploads\/2021\/05\/VIVO-VERSO-LUN-3.mp3<\/a><\/audio>\n<p>&nbsp;<\/p>\n<\/div>\n<div class=\"page-title-breadcrumbs\">\n<p><strong>LA RACCOLTA COMPLETA<\/strong><\/p>\n<\/div>\n<\/div>\n<\/div>\n<\/div>\n<\/div>\n<\/div>\n<blockquote class=\"wp-embedded-content\" data-secret=\"sg5ISxI3fL\"><p><a href=\"https:\/\/www.radiopiu.net\/wordpress\/in-vivo-verso\/\">In Vivo Verso<\/a><\/p><\/blockquote>\n<p><iframe loading=\"lazy\" class=\"wp-embedded-content\" sandbox=\"allow-scripts\" security=\"restricted\" style=\"position: absolute; clip: rect(1px, 1px, 1px, 1px);\" title=\"&#8220;In Vivo Verso&#8221; &#8212; Radio Pi\u00f9\" src=\"https:\/\/www.radiopiu.net\/wordpress\/in-vivo-verso\/embed\/#?secret=sg5ISxI3fL\" data-secret=\"sg5ISxI3fL\" width=\"600\" height=\"338\" frameborder=\"0\" marginwidth=\"0\" marginheight=\"0\" scrolling=\"no\"><\/iframe><\/p>\n<p>&nbsp;<\/p>\n<p>&nbsp;<\/p>\n<hr \/>\n<\/div>\n<blockquote>\n<blockquote>\n<h2><a href=\"https:\/\/www.radiopiu.net\/wordpress\/speciale-solidarieta-veneto\/solidarieta-veneto-3\/\" rel=\"attachment wp-att-134366\">\u00a0<\/a><\/h2>\n<h2><a href=\"https:\/\/www.radiopiu.net\/wordpress\/speciale-solidarieta-veneto\/solidarieta-veneto-3\/\" rel=\"attachment wp-att-134366\"><img loading=\"lazy\" decoding=\"async\" class=\"wp-image-134366 alignleft\" src=\"https:\/\/www.radiopiu.net\/wordpress\/wp-content\/uploads\/2020\/05\/solidariet\u00e0-veneto-300x210.jpg\" alt=\"\" width=\"102\" height=\"71\" srcset=\"https:\/\/www.radiopiu.net\/wordpress\/wp-content\/uploads\/2020\/05\/solidariet\u00e0-veneto-300x210.jpg 300w, https:\/\/www.radiopiu.net\/wordpress\/wp-content\/uploads\/2020\/05\/solidariet\u00e0-veneto-1024x717.jpg 1024w, https:\/\/www.radiopiu.net\/wordpress\/wp-content\/uploads\/2020\/05\/solidariet\u00e0-veneto-768x538.jpg 768w, https:\/\/www.radiopiu.net\/wordpress\/wp-content\/uploads\/2020\/05\/solidariet\u00e0-veneto.jpg 1373w\" sizes=\"auto, (max-width: 102px) 100vw, 102px\" \/><\/a>SOLIDARIETA&#8217; VENETO FONDO PENSIONE, IN ONDA IL PRIMO VENERDI DEL MESE ALLE 10.30 E ALLE 19.00 QUINTA STAGIONE<\/h2>\n<\/blockquote>\n<h2><strong><span style=\"color: #ff0000;\">AUDIO MAGGIO 2021<\/span><\/strong><\/h2>\n<\/blockquote>\n<div>\n<audio class=\"wp-audio-shortcode\" id=\"audio-212954-18\" preload=\"none\" style=\"width: 100%;\" controls=\"controls\"><source type=\"audio\/mpeg\" src=\"https:\/\/www.radiopiu.net\/wordpress\/wp-content\/uploads\/2021\/05\/solidarieta-veneto-maggio-2021.mp3?_=18\" \/><a href=\"https:\/\/www.radiopiu.net\/wordpress\/wp-content\/uploads\/2021\/05\/solidarieta-veneto-maggio-2021.mp3\">https:\/\/www.radiopiu.net\/wordpress\/wp-content\/uploads\/2021\/05\/solidarieta-veneto-maggio-2021.mp3<\/a><\/audio>\n<\/div>\n<h2>LA RACCOLTA COMPLETA<\/h2>\n<blockquote class=\"wp-embedded-content\" data-secret=\"XoSJocds5S\"><p><a href=\"https:\/\/www.radiopiu.net\/wordpress\/solidarieta-veneto\/\">Solidariet\u00e0 Veneto<\/a><\/p><\/blockquote>\n<p><iframe loading=\"lazy\" class=\"wp-embedded-content\" sandbox=\"allow-scripts\" security=\"restricted\" style=\"position: absolute; clip: rect(1px, 1px, 1px, 1px);\" title=\"&#8220;Solidariet\u00e0 Veneto&#8221; &#8212; Radio Pi\u00f9\" src=\"https:\/\/www.radiopiu.net\/wordpress\/solidarieta-veneto\/embed\/#?secret=XoSJocds5S\" data-secret=\"XoSJocds5S\" width=\"600\" height=\"338\" frameborder=\"0\" marginwidth=\"0\" marginheight=\"0\" scrolling=\"no\"><\/iframe><\/p>\n<blockquote>\n<h2><\/h2>\n<h2><\/h2>\n<\/blockquote>\n<div>\n<hr \/>\n<\/div>\n<div class=\"page-title-head hgroup\">\n<div>\n<p>&nbsp;<\/p>\n<h2><span style=\"color: #ff0000;\">MUSLA, CON LA NUOVA GENERAZIONE LINGUE, USI, COSTUMI , raccolta completa<\/span><\/h2>\n<blockquote class=\"wp-embedded-content\" data-secret=\"aVKH2W2ugg\"><p><a href=\"https:\/\/www.radiopiu.net\/wordpress\/agora-agordina-la-nosta-piaza\/\">AGORA&#8217; AGORDINA&#8230; LA NOSTA PIAZA LADINA RACCOLTA COMPLETA PRIMA STAGIONE<\/a><\/p><\/blockquote>\n<p><iframe loading=\"lazy\" class=\"wp-embedded-content\" sandbox=\"allow-scripts\" security=\"restricted\" style=\"position: absolute; clip: rect(1px, 1px, 1px, 1px);\" title=\"&#8220;AGORA&#8217; AGORDINA&#8230; LA NOSTA PIAZA LADINA RACCOLTA COMPLETA PRIMA STAGIONE&#8221; &#8212; Radio Pi\u00f9\" src=\"https:\/\/www.radiopiu.net\/wordpress\/agora-agordina-la-nosta-piaza\/embed\/#?secret=aVKH2W2ugg\" data-secret=\"aVKH2W2ugg\" width=\"600\" height=\"338\" frameborder=\"0\" marginwidth=\"0\" marginheight=\"0\" scrolling=\"no\"><\/iframe><\/p>\n<p>&nbsp;<\/p>\n<div class=\"b654a4as d2edcug0\">\n<div dir=\"auto\">\n<h1><\/h1>\n<hr \/>\n<p>&nbsp;<\/p>\n<div>\n<h2><span style=\"color: #ff0000;\">LEGGERMENTE BELLUNESI CON LUISA ALCHINI la raccolta completa<\/span><\/h2>\n<\/div>\n<div>\n<blockquote class=\"wp-embedded-content\" data-secret=\"CMixa3SCVR\"><p><a href=\"https:\/\/www.radiopiu.net\/wordpress\/leggermente-20\/\">LEGGERmente&#8230;Bellunesi<\/a><\/p><\/blockquote>\n<p><iframe loading=\"lazy\" class=\"wp-embedded-content\" sandbox=\"allow-scripts\" security=\"restricted\" style=\"position: absolute; clip: rect(1px, 1px, 1px, 1px);\" title=\"&#8220;LEGGERmente&#8230;Bellunesi&#8221; &#8212; Radio Pi\u00f9\" src=\"https:\/\/www.radiopiu.net\/wordpress\/leggermente-20\/embed\/#?secret=CMixa3SCVR\" data-secret=\"CMixa3SCVR\" width=\"600\" height=\"338\" frameborder=\"0\" marginwidth=\"0\" marginheight=\"0\" scrolling=\"no\"><\/iframe><\/p>\n<\/div>\n<\/div>\n<p>&nbsp;<\/p>\n<hr \/>\n<p>&nbsp;<\/p>\n<h2><span style=\"color: #ff0000;\">GOCCE DI FILOSOFIA, CON CHIARA CAU, CON LISA DE LUCA la raccolta completa<\/span><\/h2>\n<blockquote class=\"wp-embedded-content\" data-secret=\"2wk98BHbH1\"><p><a href=\"https:\/\/www.radiopiu.net\/wordpress\/gocce-filosofia\/\">Gocce di filosofia<\/a><\/p><\/blockquote>\n<p><iframe loading=\"lazy\" class=\"wp-embedded-content\" sandbox=\"allow-scripts\" security=\"restricted\" style=\"position: absolute; clip: rect(1px, 1px, 1px, 1px);\" title=\"&#8220;Gocce di filosofia&#8221; &#8212; Radio Pi\u00f9\" src=\"https:\/\/www.radiopiu.net\/wordpress\/gocce-filosofia\/embed\/#?secret=2wk98BHbH1\" data-secret=\"2wk98BHbH1\" width=\"600\" height=\"338\" frameborder=\"0\" marginwidth=\"0\" marginheight=\"0\" scrolling=\"no\"><\/iframe><\/p>\n<p>&nbsp;<\/p>\n<p>&nbsp;<\/p>\n<p>&nbsp;<\/p>\n<p>&nbsp;<\/p>\n<hr \/>\n<\/div>\n<\/div>\n<p>&nbsp;<\/p>\n<p><a href=\"https:\/\/www.radiopiu.net\/wordpress\/giornale-radiopiu-26-settembre-2018-direttore-mirko-mezzacasa\/viabilita-2\/\" rel=\"attachment wp-att-61954\"><img loading=\"lazy\" decoding=\"async\" class=\"wp-image-61954 size-full aligncenter\" src=\"https:\/\/www.radiopiu.net\/wordpress\/wp-content\/uploads\/2018\/09\/viabilita.jpeg\" alt=\"\" width=\"800\" height=\"100\" srcset=\"https:\/\/www.radiopiu.net\/wordpress\/wp-content\/uploads\/2018\/09\/viabilita.jpeg 800w, https:\/\/www.radiopiu.net\/wordpress\/wp-content\/uploads\/2018\/09\/viabilita-300x38.jpeg 300w, https:\/\/www.radiopiu.net\/wordpress\/wp-content\/uploads\/2018\/09\/viabilita-768x96.jpeg 768w\" sizes=\"auto, (max-width: 800px) 100vw, 800px\" \/><\/a><\/p>\n<blockquote><p><a href=\"https:\/\/www.radiopiu.net\/wordpress\/giornale-radiopiu-09-agosto-2018-direttore-mirko-mezzacasa\/viabilia\/\" rel=\"attachment wp-att-57053\"><img loading=\"lazy\" decoding=\"async\" class=\" wp-image-57053 alignleft\" src=\"https:\/\/www.radiopiu.net\/wordpress\/wp-content\/uploads\/2018\/08\/VIABILIA-300x180.jpeg\" alt=\"\" width=\"220\" height=\"132\" srcset=\"https:\/\/www.radiopiu.net\/wordpress\/wp-content\/uploads\/2018\/08\/VIABILIA-300x180.jpeg 300w, https:\/\/www.radiopiu.net\/wordpress\/wp-content\/uploads\/2018\/08\/VIABILIA-768x461.jpeg 768w, https:\/\/www.radiopiu.net\/wordpress\/wp-content\/uploads\/2018\/08\/VIABILIA-1024x614.jpeg 1024w, https:\/\/www.radiopiu.net\/wordpress\/wp-content\/uploads\/2018\/08\/VIABILIA.jpeg 1280w\" sizes=\"auto, (max-width: 220px) 100vw, 220px\" \/><\/a>La viabilit\u00e0 con gli ultimi aggiornamenti da Veneto Strade.<\/p>\n<p><span style=\"color: #ff0000;\"><strong>in onda alla radio: 4.05, 6.18, 14 30 , 18.30, 23.25\u00a0<\/strong><\/span><\/p><\/blockquote>\n<\/div>\n<div><\/div>\n<div><\/div>\n<div><\/div>\n<\/div>\n<\/div>\n<\/div>\n<\/div>\n<p>&nbsp;<\/p>\n<audio class=\"wp-audio-shortcode\" id=\"audio-212954-19\" preload=\"none\" style=\"width: 100%;\" controls=\"controls\"><source type=\"audio\/mpeg\" src=\"https:\/\/www.radiopiu.net\/wordpress\/wp-content\/uploads\/2021\/06\/VIABILITA.mp3?_=19\" \/><a href=\"https:\/\/www.radiopiu.net\/wordpress\/wp-content\/uploads\/2021\/06\/VIABILITA.mp3\">https:\/\/www.radiopiu.net\/wordpress\/wp-content\/uploads\/2021\/06\/VIABILITA.mp3<\/a><\/audio>\n<p>&nbsp;<\/p>\n<p>&nbsp;<\/p>\n<p>&nbsp;<\/p>\n<\/div>\n<\/div>\n<hr \/>\n<p>&nbsp;<\/p>\n<\/div>\n<\/div>\n<div>\n<div class=\"page-title-head hgroup\">\n<div class=\"page-title-head hgroup\">\n<div dir=\"auto\">\n<p><a class=\"dt-pswp-item pspw-wrap-ready\" href=\"https:\/\/i0.wp.com\/www.radiopiu.net\/wordpress\/wp-content\/uploads\/2018\/09\/WhatsApp-Image-2018-09-20-at-16.04.06.jpeg?ssl=1\" data-dt-img-description=\"\" data-large_image_width=\"800\" data-large_image_height=\"100\"><img loading=\"lazy\" decoding=\"async\" class=\"aligncenter wp-image-61378 size-full jetpack-lazy-image jetpack-lazy-image--handled\" src=\"https:\/\/i0.wp.com\/www.radiopiu.net\/wordpress\/wp-content\/uploads\/2018\/09\/WhatsApp-Image-2018-09-20-at-16.04.06.jpeg?resize=800%2C100&amp;ssl=1\" sizes=\"auto, (max-width: 800px) 100vw, 800px\" srcset=\"https:\/\/i0.wp.com\/www.radiopiu.net\/wordpress\/wp-content\/uploads\/2018\/09\/WhatsApp-Image-2018-09-20-at-16.04.06.jpeg?w=800&amp;ssl=1 800w, https:\/\/i0.wp.com\/www.radiopiu.net\/wordpress\/wp-content\/uploads\/2018\/09\/WhatsApp-Image-2018-09-20-at-16.04.06.jpeg?resize=300%2C38&amp;ssl=1 300w, https:\/\/i0.wp.com\/www.radiopiu.net\/wordpress\/wp-content\/uploads\/2018\/09\/WhatsApp-Image-2018-09-20-at-16.04.06.jpeg?resize=768%2C96&amp;ssl=1 768w\" alt=\"\" width=\"800\" height=\"100\" data-lazy-loaded=\"1\" \/><\/a><\/p>\n<p>&nbsp;<\/p>\n<p><center><b>Martedi 1<\/b><\/center><b>Tempo atteso: <\/b>Tempo soleggiato al mattino con cielo generalmente sereno, eccetto qualche iniziale stratocumulo o banchi di nubi basse sul settore prealpino, in parziale dissolvimento. Al pomeriggio riduzione del soleggiamento per attivit\u00e0 cumuliforme irregolare, perlopi\u00f9 modesta, localmente moderata, ma sembra che le condizioni rimangano perlopi\u00f9 stabili, nonostante la convezione diurna. Contesto termico diurno primaverile.<br \/>\n<b>Precipitazioni: <\/b>Assenti (0%) salvo eventualit\u00e0 di qualche goccia in corrispondenza dei maggiori addensamenti al pomeriggio (10%).<br \/>\n<b>Temperature: <\/b>In generale lieve aumento, salvo locale calo delle minime nei fondovalle prealpini. Maggiore escursione termica giornaliera nelle valli. Sono previste punte di 21\/22\u00b0C nei fondovalle prealpini e di 16\/19\u00b0C a 1000\/1200 m. Su Prealpi a 1500 m min 4\u00b0C max 12\u00b0C, a 2000 m min 2\u00b0C max 9\u00b0C. Su Dolomiti a 2000 m min 1\u00b0C max 10\u00b0C, a 3000 m min -2\u00b0C max 3\u00b0C.<br \/>\n<b>Venti: <\/b>Deboli per brezze nelle valli, localmente e a tratti moderati nei settori solitamente pi\u00f9 ventilati; in quota moderati da nord, nord-ovest a 5-10 km\/h a 2000 m e 15-20 km\/h a 3000 m.<\/p>\n<hr \/>\n<p><center><b>Mercoledi 2<\/b><\/center><b>Tempo atteso: <\/b>Al mattino tempo ben soleggiato su tutta la montagna veneta. Al pomeriggio riduzione del soleggiamento per attivit\u00e0 cumuliforme irregolare, localmente moderata per addensamenti, in qualche caso associato a qualche fenomeno convettivo. Contesto termico che torna sempre pi\u00f9 primaverile nelle valli e mite in quota.<br \/>\n<b>Precipitazioni: <\/b>Assenti al mattino (0%), mentre ci sar\u00e0 un lieve rischio di rovescio (20\/40%) o occasionale temporale (10%) nelle ore pi\u00f9 calde e nel tardo pomeriggio.<br \/>\n<b>Temperature: <\/b>In generale ulteriore lieve aumento, 1\/2\u00b0C in pi\u00f9 rispetto a marted\u00ec. Su Prealpi a 1500 m min 6\u00b0C max 14\u00b0C, a 2000 m min 4\u00b0C max 10\u00b0C. Su Dolomiti a 2000 m min 3\u00b0C max 11\u00b0C, a 3000 m min -1\u00b0C max 2\u00b0C.<br \/>\n<b>Venti: <\/b>Deboli per brezze nelle valli, localmente e a tratti moderati nei settori solitamente pi\u00f9 ventilati; in quota deboli da nord-ovest, a 5-10 km\/h sia a 2000 m che a 3000 m.<\/p>\n<hr \/>\n<p><center><b>Giovedi 3<\/b><\/center>Tempo perlopi\u00f9 soleggiato con cielo sereno o poco nuvoloso per sottili velature al mattino. Dalle ore centrali riduzione del soleggiamento per irregolare attivit\u00e0 cumuliforme, minore rispetto a mercoled\u00ec, anche se il maggiore riscaldamento diurno potrebbe indurre a una pi\u00f9 forte convezione diurna e favorire qualche isolato focolaio temporalesco. Temperature in ulteriore lieve aumento a tutte le quote. Venti in quota in prevalenza deboli nord-occidentali; nelle valli deboli per brezze, localmente e a tratti moderati nei settori solitamente pi\u00f9 ventilati.<\/p>\n<hr \/>\n<p><center><b>Venerdi 4<\/b><\/center>Tempo ben soleggiato con cielo sereno al mattino. Dalle ore centrali riduzione del soleggiamento per irregolare attivit\u00e0 cumuliforme, pi\u00f9 tardiva rispetto a gioved\u00ec, ma localmente anche pi\u00f9 intensa e il rischio di temporali di calore aumenter\u00e0. Temperature sempre pi\u00f9 elevate e quasi estive nei fondovalle (25\/26\u00b0C nei fondovalle prealpini e 21\/23\u00b0C a 1000\/1200 m). Venti in quota perlopi\u00f9 deboli nord-occidentali; nelle valli deboli per brezze, localmente e a tratti moderati nei settori solitamente pi\u00f9 ventilati, eventuali raffiche in caso di temporale. Previsore: R.L.Th.<\/p>\n<p>&nbsp;<\/p>\n<\/div>\n<hr \/>\n<p>&nbsp;<\/p>\n<div dir=\"auto\"><\/div>\n<\/div>\n<\/div>\n<p><a href=\"https:\/\/www.radiopiu.net\/wordpress\/giornale-radiopiu-15-settembre-2018-direttore-mirko-mezzacasa\/sport-7\/\" rel=\"attachment wp-att-60761\"><img loading=\"lazy\" decoding=\"async\" class=\"aligncenter wp-image-60761 size-full\" src=\"https:\/\/www.radiopiu.net\/wordpress\/wp-content\/uploads\/2018\/09\/sport.jpg\" alt=\"\" width=\"800\" height=\"100\" srcset=\"https:\/\/www.radiopiu.net\/wordpress\/wp-content\/uploads\/2018\/09\/sport.jpg 800w, https:\/\/www.radiopiu.net\/wordpress\/wp-content\/uploads\/2018\/09\/sport-300x38.jpg 300w, https:\/\/www.radiopiu.net\/wordpress\/wp-content\/uploads\/2018\/09\/sport-768x96.jpg 768w\" sizes=\"auto, (max-width: 800px) 100vw, 800px\" \/><\/a><\/p>\n<p>&nbsp;<\/p>\n<blockquote>\n<h3>PER IL KERALPEN 6 PUNTI DOPO 7 PARTITE GIOCATE, MA TUTTO E&#8217; ANCORA POSSIBILE<\/h3>\n<\/blockquote>\n<p><strong><a href=\"https:\/\/www.radiopiu.net\/wordpress\/il-voltago-continua-a-vincere-nel-campionato-agordino-femminile\/pallone-calcio-2019\/\" rel=\"attachment wp-att-91405\"><img loading=\"lazy\" decoding=\"async\" class=\"size-medium wp-image-91405 alignleft\" src=\"https:\/\/www.radiopiu.net\/wordpress\/wp-content\/uploads\/2019\/07\/pallone-calcio-2019-300x200.jpg\" alt=\"\" width=\"300\" height=\"200\" srcset=\"https:\/\/www.radiopiu.net\/wordpress\/wp-content\/uploads\/2019\/07\/pallone-calcio-2019-300x200.jpg 300w, https:\/\/www.radiopiu.net\/wordpress\/wp-content\/uploads\/2019\/07\/pallone-calcio-2019-768x513.jpg 768w, https:\/\/www.radiopiu.net\/wordpress\/wp-content\/uploads\/2019\/07\/pallone-calcio-2019-1024x684.jpg 1024w\" sizes=\"auto, (max-width: 300px) 100vw, 300px\" \/><\/a>BELLUNO<\/strong> Una vittoria e una sconfitta nelle prime due partite del girone di ritorno del Campionato di Eccellenza Femminile. Questo il cammino del Keralpen che, dopo aver chiuso il girone di andata con soli 3 punti in saccoccia, non riesce a schiodarsi dalla penultima posizione in classifica. La settimana scorsa la vittoria di misura contro il Vis Pesaro per 3 a 2 e domenica scorsa la sconfitta in casa contro il Mittici. Mancano 3 giornate alla fine del campionato e le speranze di fare bene non mancano. I punti di distacco dalla diretta avversaria Borgo Roma sono 4 e domenica prossima le bellunesi saranno chiamate ad una sfida insidiosa contro il Padova tra le mura amiche. Le speranze sono le ultime a morire e in palio ci sono 3 punti importanti in vista dello scontro diretto con il Borgo Roma in trasferta tra due domeniche.<\/p>\n<blockquote>\n<h3><\/h3>\n<\/blockquote>\n<hr \/>\n<blockquote>\n<h3><\/h3>\n<h3>SEI MEDAGLIE DI METALLO PREGIATO PER LA SQUADRA DI PARALIMPICO<\/h3>\n<\/blockquote>\n<p><strong><img loading=\"lazy\" decoding=\"async\" class=\"alignleft\" src=\"https:\/\/www.radiopiu.net\/wordpress\/wp-content\/uploads\/2021\/05\/Esordio_nuoto_paralimpico_2.jpg\" width=\"251\" height=\"152\" \/>BELLUNO\u00a0 <\/strong>La squadra di nuoto paralimpico della Sportivamente Belluno protagonista ai Campionati regionali Finp a Venezia.\u00a0 Ben 6\u00a0 le medaglie d\u2019oro conquistate dai portacolori della Sportivamente Belluno, in vasca insieme a nuotatori di altre cinque societ\u00e0 venete. Enrico Giacomin (400 stile in 6\u201921\u201d3 e 100 stile in 1\u201925\u201d09), Eleonora Dal Paos (50 dorso in 1\u201915\u201d8 e 50 stile in 1\u201929\u201d8) e Daniela Belletti (50 dorso in 1\u201959\u201d3 e 50 stile in 2\u201903\u201d8).\u00a0 A tracciare il bilancio dell\u2019esordio \u00e8 il tecnico Silvia Casagrande: <em>\u00abSono contentissima soprattutto per gli atleti. \u00c8 vero, alcuni rilevamenti cronometrici sono peggiorati rispetto alla fase precedente al Covid, ma il lungo stop causato dalla pandemia e la riduzione degli allenamenti hanno inciso in maniera profonda. Ecco perch\u00e9 mi ritengo assolutamente soddisfatta per questo risultato. Pur nella consapevolezza che non si tratta di un punto di arrivo, bens\u00ec di partenza\u00bb.<\/em> Un bravi tutti anche da Stefano Caldart, direttore di Sportivamente Belluno<\/p>\n<blockquote><p>&nbsp;<\/p><\/blockquote>\n<hr \/>\n<p>&nbsp;<\/p>\n<blockquote>\n<table width=\"100%\">\n<tbody>\n<tr>\n<td>\n<table width=\"100%\">\n<tbody>\n<tr>\n<td>\n<table width=\"100%\">\n<tbody>\n<tr>\n<td>\n<h2>HOCKEY<\/h2>\n<h1>Nazionale, domani l\u2019ultimo impegno mondiale contro gli USA<\/h1>\n<\/td>\n<\/tr>\n<\/tbody>\n<\/table>\n<\/td>\n<\/tr>\n<\/tbody>\n<\/table>\n<\/td>\n<\/tr>\n<tr>\n<td>\n<table width=\"100%\">\n<tbody>\n<tr>\n<td>\n<table width=\"100%\">\n<tbody>\n<tr>\n<td>\n<h3>Termina domani l\u2019avventura dell\u2019Italia ai Mondiali Top Division di Riga. Alle 15.15, con diretta su DAZN, gli azzurri sfidano gli USA.<\/h3>\n<\/td>\n<\/tr>\n<\/tbody>\n<\/table>\n<\/td>\n<\/tr>\n<\/tbody>\n<\/table>\n<table width=\"100%\">\n<tbody>\n<tr>\n<td>\n<table width=\"100%\">\n<tbody>\n<tr>\n<td>\n<h4><a href=\"https:\/\/www.radiopiu.net\/wordpress\/giornale-radiopiu-01-giugno-2021-direttore-mirko-mezzacasa\/ac6283fc-b174-df55-41ca-d64f53e90177\/\" rel=\"attachment wp-att-213030\"><img loading=\"lazy\" decoding=\"async\" class=\" wp-image-213030 alignleft\" src=\"https:\/\/www.radiopiu.net\/wordpress\/wp-content\/uploads\/2021\/05\/ac6283fc-b174-df55-41ca-d64f53e90177-300x200.jpg\" alt=\"\" width=\"195\" height=\"130\" srcset=\"https:\/\/www.radiopiu.net\/wordpress\/wp-content\/uploads\/2021\/05\/ac6283fc-b174-df55-41ca-d64f53e90177-300x200.jpg 300w, https:\/\/www.radiopiu.net\/wordpress\/wp-content\/uploads\/2021\/05\/ac6283fc-b174-df55-41ca-d64f53e90177-1024x683.jpg 1024w, https:\/\/www.radiopiu.net\/wordpress\/wp-content\/uploads\/2021\/05\/ac6283fc-b174-df55-41ca-d64f53e90177-768x512.jpg 768w, https:\/\/www.radiopiu.net\/wordpress\/wp-content\/uploads\/2021\/05\/ac6283fc-b174-df55-41ca-d64f53e90177-1536x1024.jpg 1536w, https:\/\/www.radiopiu.net\/wordpress\/wp-content\/uploads\/2021\/05\/ac6283fc-b174-df55-41ca-d64f53e90177-2048x1366.jpg 2048w\" sizes=\"auto, (max-width: 195px) 100vw, 195px\" \/><\/a>Ultimo allenamento della stagione alla Daugava Arena, in vista dell\u2019ultimo match dell\u2019edizione 2021 dei <strong>Mondiali Top Division<\/strong>, per la <strong>nazionale italiana di hockey su ghiaccio<\/strong>. Gli azzurri, con una selezione giovanissima, falcidiati da infortuni e <strong>Covid-19<\/strong>, e giunti in <strong>Lettonia<\/strong> senza preparazione fisica a causa dell\u2019isolamento per contenere la diffusione dei contagi all\u2019interno della squadra, hanno incassato 6 sconfitte nelle prime 6 partite del torneo. Dopo avere ottimamente figurato nei primi incontri della rassegna iridata, tenendo testa sino al termine a squadre decisamente pi\u00f9 attrezzate e blasonate, l\u2019Italia ha progressivamente accusato la stanchezza fisica e mentale. Ora, per la formazione capitanata da <strong>Daniel Frank<\/strong>, \u00e8 giunta l\u2019ora dell\u2019ultimo sforzo prima di tagliare la linea del traguardo. La sfida \u00e8 di quelle difficili e impegnative, perch\u00e9 dall\u2019altro lato della pista ci saranno gli <strong>USA<\/strong>. L\u2019incontro \u00e8 in programma oggi\u00a0alle 15.15<\/h4>\n<p>Il difensore azzurro Alex Trivellato (Foto: FISG\/Andi King)<\/td>\n<\/tr>\n<\/tbody>\n<\/table>\n<\/td>\n<\/tr>\n<\/tbody>\n<\/table>\n<\/td>\n<\/tr>\n<\/tbody>\n<\/table>\n<\/blockquote>\n<p>&nbsp;<\/p>\n<hr \/>\n<p>&nbsp;<\/p>\n<p>&nbsp;<\/p>\n<\/div>\n<\/div>\n","protected":false},"excerpt":{"rendered":"<p>&nbsp; PER\u00a0RICEVERE QUESTO NOTIZIARIO DIRETTAMENTE SUL TUO CELLULARE ISCRIVITI AL CANALE TELEGRAM\u00a0\u201cRADIO PIU\u00a0 INFORMAZIONE\u201d\u00a0 \u00a0 \u00a0 &nbsp; &nbsp; APP PER IOS-IPHONE di Nicola Vettorello https:\/\/apps.apple.com\/it\/app\/radio-pi%C3%B9-emittente-agordina\/id1515939845 ATTENZIONE: LA NUOVA APP RADIO\u00a0 PER ANDROID di Nicola Vettorello https:\/\/play.google.com\/store\/apps\/details?id=net.radiopiu.iniko &nbsp; &nbsp; &nbsp; &nbsp; PER GOSALDO PROVINCIALE 3 A SINGHIOZZO PROVINCIALE 3 VALLE IMPERINA,\u00a0 FINO ALL&#8217;11 GIUGNO &#8211; FESTIVI&hellip;<\/p>\n","protected":false},"author":4,"featured_media":213227,"comment_status":"closed","ping_status":"open","sticky":false,"template":"","format":"standard","meta":{"_monsterinsights_skip_tracking":false,"_monsterinsights_sitenote_active":false,"_monsterinsights_sitenote_note":"","_monsterinsights_sitenote_category":0,"footnotes":""},"categories":[1,51,86,49],"tags":[],"class_list":["post-212954","post","type-post","status-publish","format-standard","has-post-thumbnail","hentry","category-senza-categoria","category-evidenza-top","category-gr","category-news-18","category-1","category-51","category-86","category-49","description-off"],"img_url":"https:\/\/www.radiopiu.net\/wordpress\/wp-content\/uploads\/2021\/05\/b68f80c8-0eac-43fe-98b8-0d2fb1fd5673.jpg","_links":{"self":[{"href":"https:\/\/www.radiopiu.net\/wordpress\/wp-json\/wp\/v2\/posts\/212954","targetHints":{"allow":["GET"]}}],"collection":[{"href":"https:\/\/www.radiopiu.net\/wordpress\/wp-json\/wp\/v2\/posts"}],"about":[{"href":"https:\/\/www.radiopiu.net\/wordpress\/wp-json\/wp\/v2\/types\/post"}],"author":[{"embeddable":true,"href":"https:\/\/www.radiopiu.net\/wordpress\/wp-json\/wp\/v2\/users\/4"}],"replies":[{"embeddable":true,"href":"https:\/\/www.radiopiu.net\/wordpress\/wp-json\/wp\/v2\/comments?post=212954"}],"version-history":[{"count":0,"href":"https:\/\/www.radiopiu.net\/wordpress\/wp-json\/wp\/v2\/posts\/212954\/revisions"}],"wp:featuredmedia":[{"embeddable":true,"href":"https:\/\/www.radiopiu.net\/wordpress\/wp-json\/wp\/v2\/media\/213227"}],"wp:attachment":[{"href":"https:\/\/www.radiopiu.net\/wordpress\/wp-json\/wp\/v2\/media?parent=212954"}],"wp:term":[{"taxonomy":"category","embeddable":true,"href":"https:\/\/www.radiopiu.net\/wordpress\/wp-json\/wp\/v2\/categories?post=212954"},{"taxonomy":"post_tag","embeddable":true,"href":"https:\/\/www.radiopiu.net\/wordpress\/wp-json\/wp\/v2\/tags?post=212954"}],"curies":[{"name":"wp","href":"https:\/\/api.w.org\/{rel}","templated":true}]}}