{"id":212957,"date":"2021-05-31T05:41:25","date_gmt":"2021-05-31T03:41:25","guid":{"rendered":"https:\/\/www.radiopiu.net\/wordpress\/?p=212957"},"modified":"2021-05-31T05:47:32","modified_gmt":"2021-05-31T03:47:32","slug":"sbagliano-direzione-recuperate-due-escursioniste-sul-greto-del-mae","status":"publish","type":"post","link":"https:\/\/www.radiopiu.net\/wordpress\/sbagliano-direzione-recuperate-due-escursioniste-sul-greto-del-mae\/","title":{"rendered":"SBAGLIANO DIREZIONE, RECUPERATE DUE ESCURSIONISTE SUL GRETO DEL MA\u00c8"},"content":{"rendered":"<p><strong><img loading=\"lazy\" decoding=\"async\" class=\"alignleft\" src=\"https:\/\/www.radiopiu.net\/wordpress\/wp-content\/uploads\/2021\/04\/IMG-20210424-WA0017.jpg\" width=\"266\" height=\"200\" \/>VAL DI ZOLDO<\/strong>\u00a0 Erano convinte di trovarsi in Val Pramper, mentre invece due escursioniste erano finite dalla parte opposta, sul greto del Ma\u00e8, all&#8217;altezza di Ospitale di Zoldo. Partite da Forno di Zoldo con i loro due cani con l&#8217;intenzione di arrivare a Malga Pramper, due amiche ferraresi di 48 e 49 anni avevano imboccato il sentiero che porta a Casera Col Marsang. Dopo avere trovato neve, erano tornate indietro, salvo poi seguire una traccia che le aveva condotte, superando diversi schianti, sul greto del Ma\u00e8. In contatto con la Centrale del Suem, fortunatamente si \u00e8 riusciti a risalire alla loro posizione tramite messaggi Whatsapp ed \u00e8 subito apparso evidente che le due donne erano da tutt&#8217;altra parte rispetto a quanto ritenuto. Scattato l&#8217;allarme verso le 18.30, per attraversare il torrente una squadra del Soccorso alpino della Val di Zoldo \u00e8 dovuta scendere un chilometro pi\u00f9 a valle dove si trova un ponte. Arrivati sulla sponda opposta, i soccorritori sono risaliti lungo il sentiero, per poi abbandonarlo e avanzare a fianco del Ma\u00e8, fino a che hanno raggiunto le due amiche e con loro hanno percorso a ritroso il cammino appena fatto. Le due donne sono state poi riaccompagnate a Forno di Zoldo. L&#8217;intervento si \u00e8 concluso poco prima delle 20.<\/p>\n<p>&nbsp;<\/p>\n<p>&nbsp;<\/p>\n<p>&nbsp;<\/p>\n<p>]]]]]]\n","protected":false},"excerpt":{"rendered":"<p>VAL DI ZOLDO\u00a0 Erano convinte di trovarsi in Val Pramper, mentre invece due escursioniste erano finite dalla parte opposta, sul greto del Ma\u00e8, all&#8217;altezza di Ospitale di Zoldo. Partite da Forno di Zoldo con i loro due cani con l&#8217;intenzione di arrivare a Malga Pramper, due amiche ferraresi di 48 e 49 anni avevano imboccato&hellip;<\/p>\n","protected":false},"author":4,"featured_media":205595,"comment_status":"closed","ping_status":"open","sticky":false,"template":"","format":"standard","meta":{"_monsterinsights_skip_tracking":false,"_monsterinsights_sitenote_active":false,"_monsterinsights_sitenote_note":"","_monsterinsights_sitenote_category":0,"footnotes":""},"categories":[51,49],"tags":[],"class_list":["post-212957","post","type-post","status-publish","format-standard","has-post-thumbnail","hentry","category-evidenza-top","category-news-18","category-51","category-49","description-off"],"img_url":"https:\/\/www.radiopiu.net\/wordpress\/wp-content\/uploads\/2021\/04\/IMG-20210424-WA0017.jpg","_links":{"self":[{"href":"https:\/\/www.radiopiu.net\/wordpress\/wp-json\/wp\/v2\/posts\/212957","targetHints":{"allow":["GET"]}}],"collection":[{"href":"https:\/\/www.radiopiu.net\/wordpress\/wp-json\/wp\/v2\/posts"}],"about":[{"href":"https:\/\/www.radiopiu.net\/wordpress\/wp-json\/wp\/v2\/types\/post"}],"author":[{"embeddable":true,"href":"https:\/\/www.radiopiu.net\/wordpress\/wp-json\/wp\/v2\/users\/4"}],"replies":[{"embeddable":true,"href":"https:\/\/www.radiopiu.net\/wordpress\/wp-json\/wp\/v2\/comments?post=212957"}],"version-history":[{"count":0,"href":"https:\/\/www.radiopiu.net\/wordpress\/wp-json\/wp\/v2\/posts\/212957\/revisions"}],"wp:featuredmedia":[{"embeddable":true,"href":"https:\/\/www.radiopiu.net\/wordpress\/wp-json\/wp\/v2\/media\/205595"}],"wp:attachment":[{"href":"https:\/\/www.radiopiu.net\/wordpress\/wp-json\/wp\/v2\/media?parent=212957"}],"wp:term":[{"taxonomy":"category","embeddable":true,"href":"https:\/\/www.radiopiu.net\/wordpress\/wp-json\/wp\/v2\/categories?post=212957"},{"taxonomy":"post_tag","embeddable":true,"href":"https:\/\/www.radiopiu.net\/wordpress\/wp-json\/wp\/v2\/tags?post=212957"}],"curies":[{"name":"wp","href":"https:\/\/api.w.org\/{rel}","templated":true}]}}