{"id":212962,"date":"2021-05-31T05:30:20","date_gmt":"2021-05-31T03:30:20","guid":{"rendered":"https:\/\/www.radiopiu.net\/wordpress\/?p=212962"},"modified":"2021-05-31T05:46:15","modified_gmt":"2021-05-31T03:46:15","slug":"stasera-il-teatro-comunale-diventa-tricolore","status":"publish","type":"post","link":"https:\/\/www.radiopiu.net\/wordpress\/stasera-il-teatro-comunale-diventa-tricolore\/","title":{"rendered":"STASERA IL TEATRO COMUNALE DIVENTA TRICOLORE"},"content":{"rendered":"<blockquote>\n<h3><\/h3>\n<\/blockquote>\n<p><strong><a href=\"https:\/\/www.radiopiu.net\/wordpress\/giornale-radiopiu-31-maggio-2021-direttore-mirko-mezzacasa\/teatro-comunale-belluno-3\/\" rel=\"attachment wp-att-212942\"><img loading=\"lazy\" decoding=\"async\" class=\"size-medium wp-image-212942 alignleft\" src=\"https:\/\/www.radiopiu.net\/wordpress\/wp-content\/uploads\/2021\/05\/TEATRO-COMUNALE-BELLUNO-300x237.jpg\" alt=\"\" width=\"300\" height=\"237\" srcset=\"https:\/\/www.radiopiu.net\/wordpress\/wp-content\/uploads\/2021\/05\/TEATRO-COMUNALE-BELLUNO-300x237.jpg 300w, https:\/\/www.radiopiu.net\/wordpress\/wp-content\/uploads\/2021\/05\/TEATRO-COMUNALE-BELLUNO.jpg 550w\" sizes=\"auto, (max-width: 300px) 100vw, 300px\" \/><\/a>BELLUNO<\/strong> Se passate da piazza Vittorio Emanuele, stasera, guardate il Teatro Comunale: perch\u00e9 sar\u00e0 diverso da come siete abituati a vederlo. Se non avete in programma di passare da l\u00ec&#8230; cambiate programma. La facciata del Teatro prima diventer\u00e0 colorata (ma non sveliamo come) e poi, dopo un breve gioco di luci, sar\u00e0 abbracciata dal tricolore. Un segnale di speranza e di ripartenza, un messaggio di unit\u00e0 nazionale e di valori condivisi, con la Festa della Repubblica (2 Giugno) ormai alle porte. Il Corriere delle Alpi ha proposto al Comune di Belluno questa idea, che sar\u00e0 realizzata da Paolo Grossi di Musicstaff Italia, come omaggio alla citt\u00e0. I preparativi cominceranno nel pomeriggio: grandi fari saranno puntati verso la facciata storica dell\u2019edificio, uno dei simboli cittadini, costruito nel 1833-35 in uno stile neoclassico, su progetto dell\u2019architetto feltrino Giuseppe Segusini.\u2003 Paolo Grossi, toscano, \u00e8 un musicista e un affermato organizzatore di eventi ma da anni si \u00e8 specializzato anche nella realizzazione di illuminazioni speciali. Fa danzare colori e immagini: alla Reggia di Caserta ha fatto \u201csgretolare\u201d la facciata in un lungo show mozzafiato. Con l\u2019entrata in scena (sgradita) della pandemia, ha deciso di girare l\u2019Italia omaggiando i luoghi di una bandiera virtuale, un abbraccio per ricordare le vittime del Covid-19 e per guardare al futuro con seriet\u00e0 e speranza. Insieme al Corriere delle Alpi, e grazie all\u2019accoglienza fondamentale del Comune che mette a disposizione un suo \u201cgioiello\u201d, a Belluno dipinger\u00e0 di luce il Teatro. Grossi ha reso tricolore anche la Torre di Pisa, in una notte memorabile, di silenzi e coprifuoco; ha fatto lo stesso con monumenti, mura, palazzi storici, caserme di forze dell\u2019ordine, sedi di giornali. \u00ab<em>Il mondo dell\u2019intrattenimento soffre \u2013 dice \u2013 il mio intento \u00e8 far capire che noi, che lavoriamo in questo settore, esistiamo. E abbiamo una straordinaria passione. Vestire di tricolore i monumenti italiani, omaggiando le citt\u00e0, ha un costo. Ma ha anche un senso. Tanti guardano un evento ma pochi si ricordano di chi lavora dietro le quinte<\/em>\u00bb. Appuntamento dalle 21 in poi. Oltre ai colori, risuoneranno davanti al Teatro le note di un sax suonato in modo magistrale: l\u2019inno di Mameli e il Silenzio, per non dimenticare.<\/p>\n<p><em><strong>(fonte: Corriere Delle Alpi &#8211; foto: Tripadvisor)<\/strong><\/em><\/p>\n","protected":false},"excerpt":{"rendered":"<p>BELLUNO Se passate da piazza Vittorio Emanuele, stasera, guardate il Teatro Comunale: perch\u00e9 sar\u00e0 diverso da come siete abituati a vederlo. Se non avete in programma di passare da l\u00ec&#8230; cambiate programma. La facciata del Teatro prima diventer\u00e0 colorata (ma non sveliamo come) e poi, dopo un breve gioco di luci, sar\u00e0 abbracciata dal tricolore.&hellip;<\/p>\n","protected":false},"author":4,"featured_media":212942,"comment_status":"closed","ping_status":"open","sticky":false,"template":"","format":"standard","meta":{"_monsterinsights_skip_tracking":false,"_monsterinsights_sitenote_active":false,"_monsterinsights_sitenote_note":"","_monsterinsights_sitenote_category":0,"footnotes":""},"categories":[104,49],"tags":[],"class_list":["post-212962","post","type-post","status-publish","format-standard","has-post-thumbnail","hentry","category-evidenza_3","category-news-18","category-104","category-49","description-off"],"img_url":"https:\/\/www.radiopiu.net\/wordpress\/wp-content\/uploads\/2021\/05\/TEATRO-COMUNALE-BELLUNO.jpg","_links":{"self":[{"href":"https:\/\/www.radiopiu.net\/wordpress\/wp-json\/wp\/v2\/posts\/212962","targetHints":{"allow":["GET"]}}],"collection":[{"href":"https:\/\/www.radiopiu.net\/wordpress\/wp-json\/wp\/v2\/posts"}],"about":[{"href":"https:\/\/www.radiopiu.net\/wordpress\/wp-json\/wp\/v2\/types\/post"}],"author":[{"embeddable":true,"href":"https:\/\/www.radiopiu.net\/wordpress\/wp-json\/wp\/v2\/users\/4"}],"replies":[{"embeddable":true,"href":"https:\/\/www.radiopiu.net\/wordpress\/wp-json\/wp\/v2\/comments?post=212962"}],"version-history":[{"count":0,"href":"https:\/\/www.radiopiu.net\/wordpress\/wp-json\/wp\/v2\/posts\/212962\/revisions"}],"wp:featuredmedia":[{"embeddable":true,"href":"https:\/\/www.radiopiu.net\/wordpress\/wp-json\/wp\/v2\/media\/212942"}],"wp:attachment":[{"href":"https:\/\/www.radiopiu.net\/wordpress\/wp-json\/wp\/v2\/media?parent=212962"}],"wp:term":[{"taxonomy":"category","embeddable":true,"href":"https:\/\/www.radiopiu.net\/wordpress\/wp-json\/wp\/v2\/categories?post=212962"},{"taxonomy":"post_tag","embeddable":true,"href":"https:\/\/www.radiopiu.net\/wordpress\/wp-json\/wp\/v2\/tags?post=212962"}],"curies":[{"name":"wp","href":"https:\/\/api.w.org\/{rel}","templated":true}]}}