{"id":213044,"date":"2021-05-31T11:38:04","date_gmt":"2021-05-31T09:38:04","guid":{"rendered":"https:\/\/www.radiopiu.net\/wordpress\/?p=213044"},"modified":"2021-05-31T13:29:44","modified_gmt":"2021-05-31T11:29:44","slug":"213044-2asas","status":"publish","type":"post","link":"https:\/\/www.radiopiu.net\/wordpress\/213044-2asas\/","title":{"rendered":"ATTENZIONE E RISPETTO PER LE STATUE DI FIABANE DEDICATE AGLI ALPINI"},"content":{"rendered":"<p><strong><a href=\"https:\/\/www.radiopiu.net\/wordpress\/basta-con-la-didattica-a-distanza-sta-rovinando-la-nuova-generazione\/adda\/\" rel=\"attachment wp-att-198731\"><img loading=\"lazy\" decoding=\"async\" class=\"wp-image-198731 alignright\" src=\"https:\/\/www.radiopiu.net\/wordpress\/wp-content\/uploads\/2021\/03\/Adda-300x265.jpg\" alt=\"\" width=\"111\" height=\"98\" srcset=\"https:\/\/www.radiopiu.net\/wordpress\/wp-content\/uploads\/2021\/03\/Adda-300x265.jpg 300w, https:\/\/www.radiopiu.net\/wordpress\/wp-content\/uploads\/2021\/03\/Adda-768x677.jpg 768w, https:\/\/www.radiopiu.net\/wordpress\/wp-content\/uploads\/2021\/03\/Adda.jpg 898w\" sizes=\"auto, (max-width: 111px) 100vw, 111px\" \/><\/a>BELLUNO<\/strong> Il Ponte degli Alpini e le statue di Franco Fiabane all&#8217;attenzione del consigliere di minoranza Raffaele Addamiano di Obiettivo Belluno Fratelli d&#8217;Italia. Il consigliere fa infatti notare che alle estremit\u00e0 del manufatto sull\u2019Ardo, aperto al traffico nel 1971, vi sono due statue dell\u2019artista Franco Fiabane raffiguranti degli Alpini collocate nel 1972 in occasione del centenario della fondazione del glorioso Corpo degli Alpini con dedica <em>\u201cLa citt\u00e0 di Belluno ai suoi figli Alpini\u201d. <\/em>Sono statue imponenti che necessitano di restauro per ridargli lustro ed importanza anche in vista del centenario della fondazione Ana (20 giugno <a href=\"https:\/\/www.radiopiu.net\/wordpress\/213044-2\/ponte-degli-alpini-belluno\/\" rel=\"attachment wp-att-213045\"><img loading=\"lazy\" decoding=\"async\" class=\" wp-image-213045 alignleft\" src=\"https:\/\/www.radiopiu.net\/wordpress\/wp-content\/uploads\/2021\/05\/ponte-degli-alpini-belluno-300x225.jpg\" alt=\"\" width=\"229\" height=\"172\" srcset=\"https:\/\/www.radiopiu.net\/wordpress\/wp-content\/uploads\/2021\/05\/ponte-degli-alpini-belluno-300x225.jpg 300w, https:\/\/www.radiopiu.net\/wordpress\/wp-content\/uploads\/2021\/05\/ponte-degli-alpini-belluno.jpg 467w\" sizes=\"auto, (max-width: 229px) 100vw, 229px\" \/><\/a>1921). <em>&#8220;Per questo &#8211; dice Addamiano &#8211; chiedo al sindaco, all&#8217;assessore competente quali siano le azioni che l&#8217;amministrazione intende porre in essere per risolvere la problematica estetica-costruttiva&#8221;<\/em><\/p>\n<p>&nbsp;<\/p>\n<blockquote><p><em><strong>Ponte degli alpini<\/strong> : Aperto al traffico nel 1971, \u00e8 il ponte che collega le due sponde del torrente Ardo e ha reso possibile al traffico di non intasare il centro citt\u00e0. Lungo circa 300 me alto circa 37 metri, \u00e8 stato restaurato nel 2002. Vale la pena visitarlo soprattutto per la bella vista che si gode da lass\u00f9.<\/em><\/p><\/blockquote>\n<p>&nbsp;<\/p>\n<p>&nbsp;<\/p>\n<p>&nbsp;<\/p>\n<p>****<\/p>\n","protected":false},"excerpt":{"rendered":"<p>BELLUNO Il Ponte degli Alpini e le statue di Franco Fiabane all&#8217;attenzione del consigliere di minoranza Raffaele Addamiano di Obiettivo Belluno Fratelli d&#8217;Italia. Il consigliere fa infatti notare che alle estremit\u00e0 del manufatto sull\u2019Ardo, aperto al traffico nel 1971, vi sono due statue dell\u2019artista Franco Fiabane raffiguranti degli Alpini collocate nel 1972 in occasione del&hellip;<\/p>\n","protected":false},"author":4,"featured_media":213045,"comment_status":"closed","ping_status":"open","sticky":false,"template":"","format":"standard","meta":{"_monsterinsights_skip_tracking":false,"_monsterinsights_sitenote_active":false,"_monsterinsights_sitenote_note":"","_monsterinsights_sitenote_category":0,"footnotes":""},"categories":[1,51,49],"tags":[],"class_list":["post-213044","post","type-post","status-publish","format-standard","has-post-thumbnail","hentry","category-senza-categoria","category-evidenza-top","category-news-18","category-1","category-51","category-49","description-off"],"img_url":"https:\/\/www.radiopiu.net\/wordpress\/wp-content\/uploads\/2021\/05\/ponte-degli-alpini-belluno.jpg","_links":{"self":[{"href":"https:\/\/www.radiopiu.net\/wordpress\/wp-json\/wp\/v2\/posts\/213044","targetHints":{"allow":["GET"]}}],"collection":[{"href":"https:\/\/www.radiopiu.net\/wordpress\/wp-json\/wp\/v2\/posts"}],"about":[{"href":"https:\/\/www.radiopiu.net\/wordpress\/wp-json\/wp\/v2\/types\/post"}],"author":[{"embeddable":true,"href":"https:\/\/www.radiopiu.net\/wordpress\/wp-json\/wp\/v2\/users\/4"}],"replies":[{"embeddable":true,"href":"https:\/\/www.radiopiu.net\/wordpress\/wp-json\/wp\/v2\/comments?post=213044"}],"version-history":[{"count":0,"href":"https:\/\/www.radiopiu.net\/wordpress\/wp-json\/wp\/v2\/posts\/213044\/revisions"}],"wp:featuredmedia":[{"embeddable":true,"href":"https:\/\/www.radiopiu.net\/wordpress\/wp-json\/wp\/v2\/media\/213045"}],"wp:attachment":[{"href":"https:\/\/www.radiopiu.net\/wordpress\/wp-json\/wp\/v2\/media?parent=213044"}],"wp:term":[{"taxonomy":"category","embeddable":true,"href":"https:\/\/www.radiopiu.net\/wordpress\/wp-json\/wp\/v2\/categories?post=213044"},{"taxonomy":"post_tag","embeddable":true,"href":"https:\/\/www.radiopiu.net\/wordpress\/wp-json\/wp\/v2\/tags?post=213044"}],"curies":[{"name":"wp","href":"https:\/\/api.w.org\/{rel}","templated":true}]}}