{"id":213102,"date":"2021-05-31T14:19:14","date_gmt":"2021-05-31T12:19:14","guid":{"rendered":"https:\/\/www.radiopiu.net\/wordpress\/?p=213102"},"modified":"2021-06-01T08:42:18","modified_gmt":"2021-06-01T06:42:18","slug":"zaia-e-il-ministro-del-turismo-massimo-garavaglia","status":"publish","type":"post","link":"https:\/\/www.radiopiu.net\/wordpress\/zaia-e-il-ministro-del-turismo-massimo-garavaglia\/","title":{"rendered":"ZAIA E IL MINISTRO DEL TURISMO MASSIMO GARAVAGLIA"},"content":{"rendered":"<p><strong>VENEZIA\u00a0Il green pass? In Europa si viagger\u00e0 con le tre regole, che sono chiare. La data che si \u00e8 data l&#8217;Europa \u00e8 il 15 giugno, finch\u00e9 non ci saranno i dati digitali\u00a0 il pezzo di carta sar\u00e0 utilissimo. Le vaccinazione turistiche dove c&#8217;\u00e8 la possibilit\u00e0 di farle si facciano.<\/strong>.<\/p>\n<p><strong>LUCA ZAIA<\/strong> \u201cIl Veneto \u00e8 turismo e sono soddisfatto che anche il Ministro Garavaglia abbia avuto questa percezione, oggi a Venezia, incontrando gli stakeholders di questo comparto economico fondamentale per la nostra economia. Ha toccato, infatti, con mano la grande capacit\u00e0 di questa filiera di fare squadra, una sinergia che conferma il turismo come prima industria della nostra Regione, con 18 miliardi di fatturato, ma anche la regione d\u2019Italia pi\u00f9 visitata, con 72 milioni di presenza all\u2019anno. Stiamo vivendo un momento cruciale, ma sono certo che il Veneto torner\u00e0 presto a correre, perch\u00e9 abbiamo i numeri per farlo: siamo la prima Regione per vaccinazioni compiute e i dati confermano che chi si \u00e8 vaccinato non entra pi\u00f9 in ospedale. La luce in fondo al tunnel si vede e presto torneremo a viaggiare recuperando il tempo speso per garantire la salute a tutti i Veneti. Dobbiamo ripartire veloci e serve organizzazione, volont\u00e0, idee e dall\u2019incontro di oggi di proposte ne sono uscite molte. Il turismo \u00e8 sempre stato un business frutto della sinergia tra imprese, comunicazione-promozione, e territori. Questo per dire che prima del Covid eravamo la Regione con meno disoccupazione, oggi ne usciamo con le ossa rotta, con 50-60mila posti di lavoro persi e di questi almeno 35mila riguarda il mondo del turismo. Ma non \u00e8 nelle nostre corde guardare al passato, anzi. Il futuro ci dimostra che ci sono nuove generazioni di imprenditori pronte a raccogliere l\u2019eredit\u00e0 per ripartire. In Veneto c\u2019\u00e8 tutto quello che un turista cerca, con un vantaggio. Quello di saper garantire un turismo sicuro.<\/p>\n<p><a href=\"https:\/\/www.facebook.com\/zaiaufficiale\/videos\/489095182206709\">https:\/\/www.facebook.com\/zaiaufficiale\/videos\/489095182206709<\/a><\/p>\n<p>&nbsp;<\/p>\n","protected":false},"excerpt":{"rendered":"<p>VENEZIA\u00a0Il green pass? In Europa si viagger\u00e0 con le tre regole, che sono chiare. La data che si \u00e8 data l&#8217;Europa \u00e8 il 15 giugno, finch\u00e9 non ci saranno i dati digitali\u00a0 il pezzo di carta sar\u00e0 utilissimo. Le vaccinazione turistiche dove c&#8217;\u00e8 la possibilit\u00e0 di farle si facciano.. LUCA ZAIA \u201cIl Veneto \u00e8 turismo&hellip;<\/p>\n","protected":false},"author":4,"featured_media":213104,"comment_status":"closed","ping_status":"open","sticky":false,"template":"","format":"standard","meta":{"_monsterinsights_skip_tracking":false,"_monsterinsights_sitenote_active":false,"_monsterinsights_sitenote_note":"","_monsterinsights_sitenote_category":0,"footnotes":""},"categories":[51,49],"tags":[],"class_list":["post-213102","post","type-post","status-publish","format-standard","has-post-thumbnail","hentry","category-evidenza-top","category-news-18","category-51","category-49","description-off"],"img_url":"https:\/\/www.radiopiu.net\/wordpress\/wp-content\/uploads\/2021\/05\/WhatsApp-Image-2021-05-31-at-13.06.25-1.jpeg","_links":{"self":[{"href":"https:\/\/www.radiopiu.net\/wordpress\/wp-json\/wp\/v2\/posts\/213102","targetHints":{"allow":["GET"]}}],"collection":[{"href":"https:\/\/www.radiopiu.net\/wordpress\/wp-json\/wp\/v2\/posts"}],"about":[{"href":"https:\/\/www.radiopiu.net\/wordpress\/wp-json\/wp\/v2\/types\/post"}],"author":[{"embeddable":true,"href":"https:\/\/www.radiopiu.net\/wordpress\/wp-json\/wp\/v2\/users\/4"}],"replies":[{"embeddable":true,"href":"https:\/\/www.radiopiu.net\/wordpress\/wp-json\/wp\/v2\/comments?post=213102"}],"version-history":[{"count":0,"href":"https:\/\/www.radiopiu.net\/wordpress\/wp-json\/wp\/v2\/posts\/213102\/revisions"}],"wp:featuredmedia":[{"embeddable":true,"href":"https:\/\/www.radiopiu.net\/wordpress\/wp-json\/wp\/v2\/media\/213104"}],"wp:attachment":[{"href":"https:\/\/www.radiopiu.net\/wordpress\/wp-json\/wp\/v2\/media?parent=213102"}],"wp:term":[{"taxonomy":"category","embeddable":true,"href":"https:\/\/www.radiopiu.net\/wordpress\/wp-json\/wp\/v2\/categories?post=213102"},{"taxonomy":"post_tag","embeddable":true,"href":"https:\/\/www.radiopiu.net\/wordpress\/wp-json\/wp\/v2\/tags?post=213102"}],"curies":[{"name":"wp","href":"https:\/\/api.w.org\/{rel}","templated":true}]}}