{"id":213236,"date":"2021-06-16T05:35:35","date_gmt":"2021-06-16T03:35:35","guid":{"rendered":"https:\/\/www.radiopiu.net\/wordpress\/?p=213236"},"modified":"2021-06-16T05:46:14","modified_gmt":"2021-06-16T03:46:14","slug":"una-petizione-per-la-sicurezza-lungo-la-provinciale-che-attraversa-il-comune-di-vallada","status":"publish","type":"post","link":"https:\/\/www.radiopiu.net\/wordpress\/una-petizione-per-la-sicurezza-lungo-la-provinciale-che-attraversa-il-comune-di-vallada\/","title":{"rendered":"E&#8217; UFFICIALE, NIENTE STRISCE PEDONALI A VALLADA, PER IL RESTO SI VEDRA&#8217;"},"content":{"rendered":"<p><strong>VALLADA\u00a0<\/strong> Il sindaco Fabio Luchetta ha risposto ufficialmente alla petizione firmata da un centinaio di abitanti e non di Vallada in merito al traffico lungo la strada provinciale 346 del San Pellegrino che attraversa il paese da nord a sud. Una risposta che i firmatari non avrebbero voluto sentire, un no puntuale alle strisce pedonali in prossimit\u00e0 della fermata dell&#8217;autobus. No a losanghe sulla mezzeria. Non una decisione del primo cittadino, ma una risposta valutata negli uffici di Veneto Strade che gestisce la strada.<em> &#8220;Il Comune con diverse lettere fino dal 2017\u00a0 &#8211; ricorda il sindaco &#8211; ha interessato Veneto Strade per una riduzione del limite di velocit\u00e0 e per realizzare le strisce pedonali a Mas e Celat. In tutte le richieste da noi formulate, Veneto Strade ha sempre espresso parere negativo, ultima comunicazione del 20 giugno 2019&#8221;<\/em>. Lascia per\u00f2 intendere il sindaca Fabio Luchetta che la petizione non \u00e8 passata inosservata e per quanto possibile il Comune continuer\u00e0 a farsi portavoce della problematica presso l&#8217;ente gestore della strada cercando di intervenire e trovare una soluzione.<\/p>\n<p>&nbsp;<\/p>\n<p>&nbsp;<\/p>\n<h2><span style=\"color: #ff0000;\">ARTICOLI PRECEDENTI, DAI NOTIZIARI DI RADIO PIU\u00a0<\/span><\/h2>\n<blockquote>\n<h3>UNA PETIZIONE PER LA SICUREZZA LUNGO LA PROVINCIALE CHE ATTRAVERSA IL COMUNE DI VALLADA<\/h3>\n<\/blockquote>\n<p>&nbsp;<\/p>\n<p><strong>VALLADA<\/strong> Gli abitanti delle frazioni Mas e Celat di Vallada si uniscono e in coro mettono in evidenza il problema della velocit\u00e0 lungo la\u00a0 provinciale\u00a0 346 del San Pellegrino che da Cencenighe sale in Valle del Biois. Oltre 100 cittadini, residenti e non firmano la petizione inviata al Comune, Provincia e Veneto Strade.<\/p>\n<blockquote><p><em>&#8220;Siamo i residenti delle fazioni Mas e Celat di Vallada, gi\u00e0 da anni \u00e8 stata segnalata in forma singola la problematIca (per il rettilineo a Mas di Vallada ndr), ora assieme ci riuniamo per portare all&#8217;attenzione il problema della sicurezza nella frazione attraversata dalla provinciale 346. Chiediamo di garantire il rispetto della normativa vigente del codice della strada e di apporre le strisce pedonali nella zona di pertinenza della fermata del bus&#8221;<\/em><\/p><\/blockquote>\n<p>Come dire che a Mas e Celat si chiede un intervento puntuale per il rigoroso controllo della velocit\u00e0, non necessariamente con l&#8217;autovelox. Ci sono poi altri esempi: \u00a0a Vare di San Tomaso dove l&#8217;autovelox fisso \u00e8 un continuo invito al rispetto del limite, cos\u00ec ad Alleghe o Cencenighe, Agordo, La Valle,\u00a0 oppure caso limite Candaten lungo la 203 agordina dove impera una costante:\u00a0 il piede pesante \u00e8 inversamente proporzionale ai punti sulla patente. Metodi &#8220;costosi&#8221; che permettono al Comune di fare &#8220;cassa&#8221; ma \u00e8 anche vero che \u00e8\u00a0 l&#8217;unico vero deterrente alla velocit\u00e0 oltre alle pattuglie delle Forze dell&#8217;Ordine. Cento persone a Vallada (paese di 480 abitanti) chiedono quindi attenzione per la propria incolumit\u00e0 ad iniziare dalle strisce pedonali necessarie in prossimit\u00e0 della fermata dei bus, per i lavoratori, per gli studenti senza dimenticare gli anziani con le loro lentezze.<\/p>\n\n\t\t\t<style type='text\/css'>\n\t\t\t\t#gallery-1 {\n\t\t\t\t\tmargin: auto;\n\t\t\t\t}\n\t\t\t\t#gallery-1 .gallery-item {\n\t\t\t\t\tfloat: left;\n\t\t\t\t\tmargin-top: 10px;\n\t\t\t\t\ttext-align: center;\n\t\t\t\t\twidth: 25%;\n\t\t\t\t}\n\t\t\t\t#gallery-1 img {\n\t\t\t\t\tborder: 2px solid #cfcfcf;\n\t\t\t\t}\n\t\t\t\t#gallery-1 .gallery-caption {\n\t\t\t\t\tmargin-left: 0;\n\t\t\t\t}\n\t\t\t\t\/* see gallery_shortcode() in wp-includes\/media.php *\/\n\t\t\t<\/style>\n\t\t<div id='gallery-1' class='dt-gallery-container gallery galleryid-213236 gallery-columns-4 gallery-size-thumbnail'><dl class='gallery-item'>\n\t\t\t\t<dt class='gallery-icon landscape'>\n\t\t\t\t\t<a class=\"rollover rollover-zoom dt-pswp-item\" title=\"f9f6cee6-0fdb-4ddf-9046-358c8030a574\" data-dt-img-description=\"\" data-large_image_width=\"1600\" data-large_image_height=\"1200\"href='https:\/\/www.radiopiu.net\/wordpress\/wp-content\/uploads\/2021\/05\/f9f6cee6-0fdb-4ddf-9046-358c8030a574.jpg'><img loading=\"lazy\" decoding=\"async\" width=\"150\" height=\"150\" src=\"https:\/\/www.radiopiu.net\/wordpress\/wp-content\/uploads\/2021\/05\/f9f6cee6-0fdb-4ddf-9046-358c8030a574-150x150.jpg\" class=\"attachment-thumbnail size-thumbnail\" alt=\"\" \/><\/a>\n\t\t\t\t<\/dt><\/dl><dl class='gallery-item'>\n\t\t\t\t<dt class='gallery-icon landscape'>\n\t\t\t\t\t<a class=\"rollover rollover-zoom dt-pswp-item\" title=\"78a52368-1d77-4404-8fa6-5299cfca03ea\" data-dt-img-description=\"\" data-large_image_width=\"1600\" data-large_image_height=\"1200\"href='https:\/\/www.radiopiu.net\/wordpress\/wp-content\/uploads\/2021\/05\/78a52368-1d77-4404-8fa6-5299cfca03ea.jpg'><img loading=\"lazy\" decoding=\"async\" width=\"150\" height=\"150\" src=\"https:\/\/www.radiopiu.net\/wordpress\/wp-content\/uploads\/2021\/05\/78a52368-1d77-4404-8fa6-5299cfca03ea-150x150.jpg\" class=\"attachment-thumbnail size-thumbnail\" alt=\"\" \/><\/a>\n\t\t\t\t<\/dt><\/dl><dl class='gallery-item'>\n\t\t\t\t<dt class='gallery-icon landscape'>\n\t\t\t\t\t<a class=\"rollover rollover-zoom dt-pswp-item\" title=\"e0e29bef-74c7-4d93-8bc4-831716af01ba\" data-dt-img-description=\"\" data-large_image_width=\"1600\" data-large_image_height=\"1200\"href='https:\/\/www.radiopiu.net\/wordpress\/wp-content\/uploads\/2021\/05\/e0e29bef-74c7-4d93-8bc4-831716af01ba.jpg'><img loading=\"lazy\" decoding=\"async\" width=\"150\" height=\"150\" src=\"https:\/\/www.radiopiu.net\/wordpress\/wp-content\/uploads\/2021\/05\/e0e29bef-74c7-4d93-8bc4-831716af01ba-150x150.jpg\" class=\"attachment-thumbnail size-thumbnail\" alt=\"\" \/><\/a>\n\t\t\t\t<\/dt><\/dl><dl class='gallery-item'>\n\t\t\t\t<dt class='gallery-icon landscape'>\n\t\t\t\t\t<a class=\"rollover rollover-zoom dt-pswp-item\" title=\"2f636862-3df0-45e7-9478-9324a14ae150\" data-dt-img-description=\"\" data-large_image_width=\"1600\" data-large_image_height=\"1200\"href='https:\/\/www.radiopiu.net\/wordpress\/wp-content\/uploads\/2021\/05\/2f636862-3df0-45e7-9478-9324a14ae150.jpg'><img loading=\"lazy\" decoding=\"async\" width=\"150\" height=\"150\" src=\"https:\/\/www.radiopiu.net\/wordpress\/wp-content\/uploads\/2021\/05\/2f636862-3df0-45e7-9478-9324a14ae150-150x150.jpg\" class=\"attachment-thumbnail size-thumbnail\" alt=\"\" \/><\/a>\n\t\t\t\t<\/dt><\/dl><br style=\"clear: both\" \/><dl class='gallery-item'>\n\t\t\t\t<dt class='gallery-icon landscape'>\n\t\t\t\t\t<a class=\"rollover rollover-zoom dt-pswp-item\" title=\"ea92418f-1c62-4c8d-9678-4f9d6edd7a2e\" data-dt-img-description=\"\" data-large_image_width=\"1600\" data-large_image_height=\"1200\"href='https:\/\/www.radiopiu.net\/wordpress\/wp-content\/uploads\/2021\/05\/ea92418f-1c62-4c8d-9678-4f9d6edd7a2e.jpg'><img loading=\"lazy\" decoding=\"async\" width=\"150\" height=\"150\" src=\"https:\/\/www.radiopiu.net\/wordpress\/wp-content\/uploads\/2021\/05\/ea92418f-1c62-4c8d-9678-4f9d6edd7a2e-150x150.jpg\" class=\"attachment-thumbnail size-thumbnail\" alt=\"\" \/><\/a>\n\t\t\t\t<\/dt><\/dl><dl class='gallery-item'>\n\t\t\t\t<dt class='gallery-icon landscape'>\n\t\t\t\t\t<a class=\"rollover rollover-zoom dt-pswp-item\" title=\"83d2ebd3-5819-478e-93c6-0de39fdc41c1\" data-dt-img-description=\"\" data-large_image_width=\"1600\" data-large_image_height=\"1200\"href='https:\/\/www.radiopiu.net\/wordpress\/wp-content\/uploads\/2021\/05\/83d2ebd3-5819-478e-93c6-0de39fdc41c1.jpg'><img loading=\"lazy\" decoding=\"async\" width=\"150\" height=\"150\" src=\"https:\/\/www.radiopiu.net\/wordpress\/wp-content\/uploads\/2021\/05\/83d2ebd3-5819-478e-93c6-0de39fdc41c1-150x150.jpg\" class=\"attachment-thumbnail size-thumbnail\" alt=\"\" \/><\/a>\n\t\t\t\t<\/dt><\/dl><dl class='gallery-item'>\n\t\t\t\t<dt class='gallery-icon landscape'>\n\t\t\t\t\t<a class=\"rollover rollover-zoom dt-pswp-item\" title=\"f1a256b1-ed87-4a44-9d98-7e429e76d65b\" data-dt-img-description=\"\" data-large_image_width=\"1600\" data-large_image_height=\"1200\"href='https:\/\/www.radiopiu.net\/wordpress\/wp-content\/uploads\/2021\/05\/f1a256b1-ed87-4a44-9d98-7e429e76d65b.jpg'><img loading=\"lazy\" decoding=\"async\" width=\"150\" height=\"150\" src=\"https:\/\/www.radiopiu.net\/wordpress\/wp-content\/uploads\/2021\/05\/f1a256b1-ed87-4a44-9d98-7e429e76d65b-150x150.jpg\" class=\"attachment-thumbnail size-thumbnail\" alt=\"\" \/><\/a>\n\t\t\t\t<\/dt><\/dl><dl class='gallery-item'>\n\t\t\t\t<dt class='gallery-icon landscape'>\n\t\t\t\t\t<a class=\"rollover rollover-zoom dt-pswp-item\" title=\"101183c6-2e0d-482e-a970-4c889da3e233\" data-dt-img-description=\"\" data-large_image_width=\"1600\" data-large_image_height=\"1200\"href='https:\/\/www.radiopiu.net\/wordpress\/wp-content\/uploads\/2021\/05\/101183c6-2e0d-482e-a970-4c889da3e233.jpg'><img loading=\"lazy\" decoding=\"async\" width=\"150\" height=\"150\" src=\"https:\/\/www.radiopiu.net\/wordpress\/wp-content\/uploads\/2021\/05\/101183c6-2e0d-482e-a970-4c889da3e233-150x150.jpg\" class=\"attachment-thumbnail size-thumbnail\" alt=\"\" \/><\/a>\n\t\t\t\t<\/dt><\/dl><br style=\"clear: both\" \/>\n\t\t\t<\/div>\n\n<p>&nbsp;<\/p>\n<p>&nbsp;<\/p>\n<blockquote>\n<h3>346 A VALLADA, LUCHETTA &#8220;NULLA DI NUOVO, IL PROBLEMA E&#8217; NOTO E ORA CAMBIA L&#8217;INTERLOCUTORE&#8221;<\/h3>\n<\/blockquote>\n<p><strong>VALLADA<\/strong> I cento firmatari della petizione chiedono al Comune, Provincia, Veneto Strade di intervenire lungo un tratto di strada pericoloso a Mas d Vallada, anzi fino a Celat perch\u00e9 l&#8217;intero Comune \u00e8 attraversato dalla provinciale 346 del San Pellegrino. <em>&#8220;Noi cittadini non chiediamo necessariamente autovelox o pattuglie delle forze di polizia. Si prenda esempio dal Trentino\u00a0 peraltro proposta gi\u00e0 inviata a Veneto Strade, dove \u00e8 stata creata una losanga sulla mezzeria, attraversata da strisce pedonali, che\u00a0 dissuade dal sorpasso e restingendosi rallenta la corsa permettendo tra l&#8217;altro agli anziani di attraversare la strada in due momenti diversi con pausa nell&#8217;isola centrale&#8221;\u00a0<\/em><\/p>\n<p><strong>GLI ESEMPI&#8230;<\/strong><\/p>\n\n\t\t\t<style type='text\/css'>\n\t\t\t\t#gallery-2 {\n\t\t\t\t\tmargin: auto;\n\t\t\t\t}\n\t\t\t\t#gallery-2 .gallery-item {\n\t\t\t\t\tfloat: left;\n\t\t\t\t\tmargin-top: 10px;\n\t\t\t\t\ttext-align: center;\n\t\t\t\t\twidth: 25%;\n\t\t\t\t}\n\t\t\t\t#gallery-2 img {\n\t\t\t\t\tborder: 2px solid #cfcfcf;\n\t\t\t\t}\n\t\t\t\t#gallery-2 .gallery-caption {\n\t\t\t\t\tmargin-left: 0;\n\t\t\t\t}\n\t\t\t\t\/* see gallery_shortcode() in wp-includes\/media.php *\/\n\t\t\t<\/style>\n\t\t<div id='gallery-2' class='dt-gallery-container gallery galleryid-213236 gallery-columns-4 gallery-size-thumbnail'><dl class='gallery-item'>\n\t\t\t\t<dt class='gallery-icon landscape'>\n\t\t\t\t\t<a class=\"rollover rollover-zoom dt-pswp-item\" title=\"9bb15565-241d-454c-a326-693388ef5f75\" data-dt-img-description=\"\" data-large_image_width=\"600\" data-large_image_height=\"450\"href='https:\/\/www.radiopiu.net\/wordpress\/wp-content\/uploads\/2021\/06\/9bb15565-241d-454c-a326-693388ef5f75.jpg'><img loading=\"lazy\" decoding=\"async\" width=\"150\" height=\"150\" src=\"https:\/\/www.radiopiu.net\/wordpress\/wp-content\/uploads\/2021\/06\/9bb15565-241d-454c-a326-693388ef5f75-150x150.jpg\" class=\"attachment-thumbnail size-thumbnail\" alt=\"\" \/><\/a>\n\t\t\t\t<\/dt><\/dl><dl class='gallery-item'>\n\t\t\t\t<dt class='gallery-icon landscape'>\n\t\t\t\t\t<a class=\"rollover rollover-zoom dt-pswp-item\" title=\"22207b14-25db-4a01-8d33-55c9c295c350\" data-dt-img-description=\"\" data-large_image_width=\"600\" data-large_image_height=\"450\"href='https:\/\/www.radiopiu.net\/wordpress\/wp-content\/uploads\/2021\/06\/22207b14-25db-4a01-8d33-55c9c295c350.jpg'><img loading=\"lazy\" decoding=\"async\" width=\"150\" height=\"150\" src=\"https:\/\/www.radiopiu.net\/wordpress\/wp-content\/uploads\/2021\/06\/22207b14-25db-4a01-8d33-55c9c295c350-150x150.jpg\" class=\"attachment-thumbnail size-thumbnail\" alt=\"\" \/><\/a>\n\t\t\t\t<\/dt><\/dl><dl class='gallery-item'>\n\t\t\t\t<dt class='gallery-icon landscape'>\n\t\t\t\t\t<a class=\"rollover rollover-zoom dt-pswp-item\" title=\"8e322612-b2de-413b-80c7-5cedce252471\" data-dt-img-description=\"\" data-large_image_width=\"769\" data-large_image_height=\"376\"href='https:\/\/www.radiopiu.net\/wordpress\/wp-content\/uploads\/2021\/06\/8e322612-b2de-413b-80c7-5cedce252471.jpg'><img loading=\"lazy\" decoding=\"async\" width=\"150\" height=\"150\" src=\"https:\/\/www.radiopiu.net\/wordpress\/wp-content\/uploads\/2021\/06\/8e322612-b2de-413b-80c7-5cedce252471-150x150.jpg\" class=\"attachment-thumbnail size-thumbnail\" alt=\"\" \/><\/a>\n\t\t\t\t<\/dt><\/dl><dl class='gallery-item'>\n\t\t\t\t<dt class='gallery-icon landscape'>\n\t\t\t\t\t<a class=\"rollover rollover-zoom dt-pswp-item\" title=\"9529344f-21c7-461b-913a-43e532adf5a5\" data-dt-img-description=\"\" data-large_image_width=\"670\" data-large_image_height=\"460\"href='https:\/\/www.radiopiu.net\/wordpress\/wp-content\/uploads\/2021\/06\/9529344f-21c7-461b-913a-43e532adf5a5.jpg'><img loading=\"lazy\" decoding=\"async\" width=\"150\" height=\"150\" src=\"https:\/\/www.radiopiu.net\/wordpress\/wp-content\/uploads\/2021\/06\/9529344f-21c7-461b-913a-43e532adf5a5-150x150.jpg\" class=\"attachment-thumbnail size-thumbnail\" alt=\"\" \/><\/a>\n\t\t\t\t<\/dt><\/dl><br style=\"clear: both\" \/>\n\t\t\t<\/div>\n\n<blockquote>\n<h3><\/h3>\n<h3><a href=\"https:\/\/www.radiopiu.net\/wordpress\/elezioni-comunali-2019-vallada-agordina\/vallada-fabio-lucchetta\/\" rel=\"attachment wp-att-86485\"><img loading=\"lazy\" decoding=\"async\" class=\"wp-image-86485 alignleft\" src=\"https:\/\/www.radiopiu.net\/wordpress\/wp-content\/uploads\/2019\/05\/VALLADA-FABIO-LUCCHETTA-262x300.jpeg\" alt=\"\" width=\"131\" height=\"150\" srcset=\"https:\/\/www.radiopiu.net\/wordpress\/wp-content\/uploads\/2019\/05\/VALLADA-FABIO-LUCCHETTA-262x300.jpeg 262w, https:\/\/www.radiopiu.net\/wordpress\/wp-content\/uploads\/2019\/05\/VALLADA-FABIO-LUCCHETTA-768x880.jpeg 768w, https:\/\/www.radiopiu.net\/wordpress\/wp-content\/uploads\/2019\/05\/VALLADA-FABIO-LUCCHETTA-893x1024.jpeg 893w, https:\/\/www.radiopiu.net\/wordpress\/wp-content\/uploads\/2019\/05\/VALLADA-FABIO-LUCCHETTA.jpeg 1396w\" sizes=\"auto, (max-width: 131px) 100vw, 131px\" \/><\/a>LA\u00a0 RISPOSTA DAL SINDACO DI VALLADA, FABIO LUCHETTA CONSIGLIERE PROVINCIALE PER LA VIABILITA&#8217;.<\/h3>\n<\/blockquote>\n<audio class=\"wp-audio-shortcode\" id=\"audio-213236-1\" preload=\"none\" style=\"width: 100%;\" controls=\"controls\"><source type=\"audio\/mpeg\" src=\"https:\/\/www.radiopiu.net\/wordpress\/wp-content\/uploads\/2021\/06\/FABIO-LUCHETTA.mp3?_=1\" \/><a href=\"https:\/\/www.radiopiu.net\/wordpress\/wp-content\/uploads\/2021\/06\/FABIO-LUCHETTA.mp3\">https:\/\/www.radiopiu.net\/wordpress\/wp-content\/uploads\/2021\/06\/FABIO-LUCHETTA.mp3<\/a><\/audio>\n<p>&nbsp;<\/p>\n","protected":false},"excerpt":{"rendered":"<p>VALLADA\u00a0 Il sindaco Fabio Luchetta ha risposto ufficialmente alla petizione firmata da un centinaio di abitanti e non di Vallada in merito al traffico lungo la strada provinciale 346 del San Pellegrino che attraversa il paese da nord a sud. Una risposta che i firmatari non avrebbero voluto sentire, un no puntuale alle strisce pedonali&hellip;<\/p>\n","protected":false},"author":4,"featured_media":213237,"comment_status":"closed","ping_status":"open","sticky":false,"template":"","format":"standard","meta":{"_monsterinsights_skip_tracking":false,"_monsterinsights_sitenote_active":false,"_monsterinsights_sitenote_note":"","_monsterinsights_sitenote_category":0,"footnotes":""},"categories":[51,49],"tags":[],"class_list":["post-213236","post","type-post","status-publish","format-standard","has-post-thumbnail","hentry","category-evidenza-top","category-news-18","category-51","category-49","description-off"],"img_url":"https:\/\/www.radiopiu.net\/wordpress\/wp-content\/uploads\/2021\/05\/e0e29bef-74c7-4d93-8bc4-831716af01ba.jpg","_links":{"self":[{"href":"https:\/\/www.radiopiu.net\/wordpress\/wp-json\/wp\/v2\/posts\/213236","targetHints":{"allow":["GET"]}}],"collection":[{"href":"https:\/\/www.radiopiu.net\/wordpress\/wp-json\/wp\/v2\/posts"}],"about":[{"href":"https:\/\/www.radiopiu.net\/wordpress\/wp-json\/wp\/v2\/types\/post"}],"author":[{"embeddable":true,"href":"https:\/\/www.radiopiu.net\/wordpress\/wp-json\/wp\/v2\/users\/4"}],"replies":[{"embeddable":true,"href":"https:\/\/www.radiopiu.net\/wordpress\/wp-json\/wp\/v2\/comments?post=213236"}],"version-history":[{"count":0,"href":"https:\/\/www.radiopiu.net\/wordpress\/wp-json\/wp\/v2\/posts\/213236\/revisions"}],"wp:featuredmedia":[{"embeddable":true,"href":"https:\/\/www.radiopiu.net\/wordpress\/wp-json\/wp\/v2\/media\/213237"}],"wp:attachment":[{"href":"https:\/\/www.radiopiu.net\/wordpress\/wp-json\/wp\/v2\/media?parent=213236"}],"wp:term":[{"taxonomy":"category","embeddable":true,"href":"https:\/\/www.radiopiu.net\/wordpress\/wp-json\/wp\/v2\/categories?post=213236"},{"taxonomy":"post_tag","embeddable":true,"href":"https:\/\/www.radiopiu.net\/wordpress\/wp-json\/wp\/v2\/tags?post=213236"}],"curies":[{"name":"wp","href":"https:\/\/api.w.org\/{rel}","templated":true}]}}