{"id":213321,"date":"2021-06-01T23:59:21","date_gmt":"2021-06-01T21:59:21","guid":{"rendered":"https:\/\/www.radiopiu.net\/wordpress\/?p=213321"},"modified":"2021-06-03T05:59:12","modified_gmt":"2021-06-03T03:59:12","slug":"forcella-aurine-voglia-di-ripartire-e-con-slancio","status":"publish","type":"post","link":"https:\/\/www.radiopiu.net\/wordpress\/forcella-aurine-voglia-di-ripartire-e-con-slancio\/","title":{"rendered":"FORCELLA AURINE: VOGLIA DI RIPARTIRE E CON SLANCIO"},"content":{"rendered":"<h2><span style=\"color: #ff0000;\">IERI ALLA RADIO<\/span><\/h2>\n<p><strong><img decoding=\"async\" src=\"https:\/\/www.radiopiu.net\/wordpress\/wp-content\/uploads\/2020\/06\/forcella-aurine.jpg\" \/>GOSALDO<\/strong> A Forcella Aurine c&#8217;\u00e8 voglia di ripartenza, di estate e incontri. La Desma, societ\u00e0 che si occupa del rilancio della localit\u00e0 turistica della Conca Agordina \u00e8 al lavoro da tempo in attesa del fatidico via. Ne abbiamo parlato con Morgan Gnech.<\/p>\n<p>di Claudio Fontanive<\/p>\n<audio class=\"wp-audio-shortcode\" id=\"audio-213321-1\" preload=\"none\" style=\"width: 100%;\" controls=\"controls\"><source type=\"audio\/mpeg\" src=\"https:\/\/www.radiopiu.net\/wordpress\/wp-content\/uploads\/2021\/06\/morgan-settimana-prossima.mp3?_=1\" \/><a href=\"https:\/\/www.radiopiu.net\/wordpress\/wp-content\/uploads\/2021\/06\/morgan-settimana-prossima.mp3\">https:\/\/www.radiopiu.net\/wordpress\/wp-content\/uploads\/2021\/06\/morgan-settimana-prossima.mp3<\/a><\/audio>\n<p>&nbsp;<\/p>\n<p>&nbsp;<\/p>\n<p>&nbsp;<\/p>\n<p>****<\/p>\n","protected":false},"excerpt":{"rendered":"<p>IERI ALLA RADIO GOSALDO A Forcella Aurine c&#8217;\u00e8 voglia di ripartenza, di estate e incontri. La Desma, societ\u00e0 che si occupa del rilancio della localit\u00e0 turistica della Conca Agordina \u00e8 al lavoro da tempo in attesa del fatidico via. Ne abbiamo parlato con Morgan Gnech. di Claudio Fontanive &nbsp; &nbsp; &nbsp; ****<\/p>\n","protected":false},"author":4,"featured_media":213322,"comment_status":"closed","ping_status":"open","sticky":false,"template":"","format":"standard","meta":{"_monsterinsights_skip_tracking":false,"_monsterinsights_sitenote_active":false,"_monsterinsights_sitenote_note":"","_monsterinsights_sitenote_category":0,"footnotes":""},"categories":[104,49],"tags":[],"class_list":["post-213321","post","type-post","status-publish","format-standard","has-post-thumbnail","hentry","category-evidenza_3","category-news-18","category-104","category-49","description-off"],"img_url":"https:\/\/www.radiopiu.net\/wordpress\/wp-content\/uploads\/2021\/06\/P1070037.jpg","_links":{"self":[{"href":"https:\/\/www.radiopiu.net\/wordpress\/wp-json\/wp\/v2\/posts\/213321","targetHints":{"allow":["GET"]}}],"collection":[{"href":"https:\/\/www.radiopiu.net\/wordpress\/wp-json\/wp\/v2\/posts"}],"about":[{"href":"https:\/\/www.radiopiu.net\/wordpress\/wp-json\/wp\/v2\/types\/post"}],"author":[{"embeddable":true,"href":"https:\/\/www.radiopiu.net\/wordpress\/wp-json\/wp\/v2\/users\/4"}],"replies":[{"embeddable":true,"href":"https:\/\/www.radiopiu.net\/wordpress\/wp-json\/wp\/v2\/comments?post=213321"}],"version-history":[{"count":0,"href":"https:\/\/www.radiopiu.net\/wordpress\/wp-json\/wp\/v2\/posts\/213321\/revisions"}],"wp:featuredmedia":[{"embeddable":true,"href":"https:\/\/www.radiopiu.net\/wordpress\/wp-json\/wp\/v2\/media\/213322"}],"wp:attachment":[{"href":"https:\/\/www.radiopiu.net\/wordpress\/wp-json\/wp\/v2\/media?parent=213321"}],"wp:term":[{"taxonomy":"category","embeddable":true,"href":"https:\/\/www.radiopiu.net\/wordpress\/wp-json\/wp\/v2\/categories?post=213321"},{"taxonomy":"post_tag","embeddable":true,"href":"https:\/\/www.radiopiu.net\/wordpress\/wp-json\/wp\/v2\/tags?post=213321"}],"curies":[{"name":"wp","href":"https:\/\/api.w.org\/{rel}","templated":true}]}}