{"id":213379,"date":"2021-06-01T15:35:42","date_gmt":"2021-06-01T13:35:42","guid":{"rendered":"https:\/\/www.radiopiu.net\/wordpress\/?p=213379"},"modified":"2021-06-02T06:41:00","modified_gmt":"2021-06-02T04:41:00","slug":"laggiornamento-sulla-campagna-vaccinale-della-ulss-1-dolomiti","status":"publish","type":"post","link":"https:\/\/www.radiopiu.net\/wordpress\/laggiornamento-sulla-campagna-vaccinale-della-ulss-1-dolomiti\/","title":{"rendered":"L&#8217;AGGIORNAMENTO SULLA CAMPAGNA VACCINALE DELLA ULSS 1 DOLOMITI"},"content":{"rendered":"<p><strong>BELLUNO <\/strong>Le dosi di vaccino somministrate ad oggi sono oltre 129 mila. Pi\u00f9 in dettaglio, per quanto riguarda le classi di et\u00e0 attualmente oggetto di vaccinazione, a questa mattina sono stati vaccinati:<\/p>\n<table>\n<tbody>\n<tr>\n<td width=\"64\">et\u00e0<\/td>\n<td width=\"88\">popolazione ISTAT<\/td>\n<td width=\"85\">1 dose<\/td>\n<td width=\"81\">% copertura 1 dose<\/td>\n<td width=\"87\">cicli completi<\/td>\n<td width=\"85\">%copertura cicli completi<\/td>\n<td width=\"77\">ancora da vaccinare<\/td>\n<td width=\"87\">% ancora da vaccinare<\/td>\n<\/tr>\n<tr>\n<td width=\"64\">40-49 anni<\/td>\n<td width=\"88\">28.732<\/td>\n<td width=\"85\">2245<\/td>\n<td width=\"81\">7,8%<\/td>\n<td width=\"87\">3197<\/td>\n<td width=\"85\">11,1%<\/td>\n<td width=\"77\">23290<\/td>\n<td width=\"87\">81,1%<\/td>\n<\/tr>\n<tr>\n<td width=\"64\">50-59 anni<\/td>\n<td width=\"88\">33.149<\/td>\n<td width=\"85\">11793<\/td>\n<td width=\"81\">35,6%<\/td>\n<td width=\"87\">5256<\/td>\n<td width=\"85\">15,9%<\/td>\n<td width=\"77\">16100<\/td>\n<td width=\"87\">48,6%<\/td>\n<\/tr>\n<tr>\n<td width=\"64\">60-69 anni<\/td>\n<td width=\"88\">27.977<\/td>\n<td width=\"85\">14031<\/td>\n<td width=\"81\">50,2%<\/td>\n<td width=\"87\">7061<\/td>\n<td width=\"85\">25,2%<\/td>\n<td width=\"77\">6885<\/td>\n<td width=\"87\">24,6%<\/td>\n<\/tr>\n<tr>\n<td width=\"64\">70-79 anni<\/td>\n<td width=\"88\">23.687<\/td>\n<td width=\"85\">11371<\/td>\n<td width=\"81\">48,0%<\/td>\n<td width=\"87\">8925<\/td>\n<td width=\"85\">37,7%<\/td>\n<td width=\"77\">3391<\/td>\n<td width=\"87\">14,3%<\/td>\n<\/tr>\n<tr>\n<td width=\"64\">over 80<\/td>\n<td width=\"88\">16.821<\/td>\n<td width=\"85\">1467<\/td>\n<td width=\"81\">8,7%<\/td>\n<td width=\"87\">14.831<\/td>\n<td width=\"85\">88,2%<\/td>\n<td width=\"77\">523<\/td>\n<td width=\"87\">3,1%<\/td>\n<\/tr>\n<\/tbody>\n<\/table>\n<p>&nbsp;<\/p>\n<p>Continua il capillare impegno sul territorio dei Medici di famiglia che, con il supporto delle Amministrazioni comunali, della Protezione Civile e del Volontariato, in accordo col Dipartimento di Prevenzione e le direzioni di Distretto, organizzano sedute vaccinali di gruppo (per varie fasce d\u2019et\u00e0, prime dosi o richiami \u2013 in base alle indicazioni dei singoli MMG), oltre ad assicurare la vaccinazioni domiciliari. Dopo le sedute in Comelico dei giorni scorsi, questo il programma dei prossimi giorni: MARTED\u00ec 1\/06: Auronzo di Cadore -Pala 3 Cime, GIOVED\u00ec 3\/06: Ponte nelle Alpi &#8211; Palestra, Cortina &#8211; ambulatoriali, Belluno &#8211; medicina di gruppo, Caprile presso la palestra delle scuole medie, Agordo-\u00a0 ambulatoriali, Seren del Grappa. VENERD\u00ec 4\/06:\u00a0 Belluno &#8211; ambulatoriali. SABATO 5\/06: Cavarzano, Borgo Valbelluna, Cortina. DOMENICA 6\/06:\u00a0 Cortina stadio del Ghiaccio. LUNED\u00ec 7\/06: Belluno. MARTED\u00ec 8\/06: Belluno, Lamon. MERCOLED\u00ec 9\/06: Belluno , Pieve di Cadore, Cortina, Caprile, Sedico. Di particolare rilievo il potenziamento del Centro Vaccinale di Sedico gestito in collaborazione con Luxottica che dal 3 giugno garantir\u00e0 500 vaccinazioni al giorno 7 giorni su 7 nella fascia oraria 12.00 \u2013 20.00 con appuntamenti gestiti dal portale regionale. Sempre in collaborazione con Luxottica, da venerd\u00ec 4 giugno il drive in vaccinale di Agordo gi\u00e0 attivo il marted\u00ec, il gioved\u00ec e il sabato, allargher\u00e0 l\u2019operativit\u00e0 tutti i venerd\u00ec dalle 10.00 alle 15.00 a favore di 250 persone a seduta, con accesso derivante da prenotazione a portale.<\/p>\n","protected":false},"excerpt":{"rendered":"<p>BELLUNO Le dosi di vaccino somministrate ad oggi sono oltre 129 mila. Pi\u00f9 in dettaglio, per quanto riguarda le classi di et\u00e0 attualmente oggetto di vaccinazione, a questa mattina sono stati vaccinati: et\u00e0 popolazione ISTAT 1 dose % copertura 1 dose cicli completi %copertura cicli completi ancora da vaccinare % ancora da vaccinare 40-49 anni&hellip;<\/p>\n","protected":false},"author":4,"featured_media":196946,"comment_status":"closed","ping_status":"open","sticky":false,"template":"","format":"standard","meta":{"_monsterinsights_skip_tracking":false,"_monsterinsights_sitenote_active":false,"_monsterinsights_sitenote_note":"","_monsterinsights_sitenote_category":0,"footnotes":""},"categories":[51,49],"tags":[],"class_list":["post-213379","post","type-post","status-publish","format-standard","has-post-thumbnail","hentry","category-evidenza-top","category-news-18","category-51","category-49","description-off"],"img_url":"https:\/\/www.radiopiu.net\/wordpress\/wp-content\/uploads\/2021\/03\/VACCINO.jpg","_links":{"self":[{"href":"https:\/\/www.radiopiu.net\/wordpress\/wp-json\/wp\/v2\/posts\/213379","targetHints":{"allow":["GET"]}}],"collection":[{"href":"https:\/\/www.radiopiu.net\/wordpress\/wp-json\/wp\/v2\/posts"}],"about":[{"href":"https:\/\/www.radiopiu.net\/wordpress\/wp-json\/wp\/v2\/types\/post"}],"author":[{"embeddable":true,"href":"https:\/\/www.radiopiu.net\/wordpress\/wp-json\/wp\/v2\/users\/4"}],"replies":[{"embeddable":true,"href":"https:\/\/www.radiopiu.net\/wordpress\/wp-json\/wp\/v2\/comments?post=213379"}],"version-history":[{"count":0,"href":"https:\/\/www.radiopiu.net\/wordpress\/wp-json\/wp\/v2\/posts\/213379\/revisions"}],"wp:featuredmedia":[{"embeddable":true,"href":"https:\/\/www.radiopiu.net\/wordpress\/wp-json\/wp\/v2\/media\/196946"}],"wp:attachment":[{"href":"https:\/\/www.radiopiu.net\/wordpress\/wp-json\/wp\/v2\/media?parent=213379"}],"wp:term":[{"taxonomy":"category","embeddable":true,"href":"https:\/\/www.radiopiu.net\/wordpress\/wp-json\/wp\/v2\/categories?post=213379"},{"taxonomy":"post_tag","embeddable":true,"href":"https:\/\/www.radiopiu.net\/wordpress\/wp-json\/wp\/v2\/tags?post=213379"}],"curies":[{"name":"wp","href":"https:\/\/api.w.org\/{rel}","templated":true}]}}