{"id":213430,"date":"2021-06-01T17:59:21","date_gmt":"2021-06-01T15:59:21","guid":{"rendered":"https:\/\/www.radiopiu.net\/wordpress\/?p=213430"},"modified":"2021-06-01T17:59:21","modified_gmt":"2021-06-01T15:59:21","slug":"nessun-decesso-covid-in-ulss-1-dolomiti-4-nuovi-positivi-e-7-pazienti-ricoverati-negli-ospedali-bellunesi","status":"publish","type":"post","link":"https:\/\/www.radiopiu.net\/wordpress\/nessun-decesso-covid-in-ulss-1-dolomiti-4-nuovi-positivi-e-7-pazienti-ricoverati-negli-ospedali-bellunesi\/","title":{"rendered":"NESSUN DECESSO COVID IN ULSS 1 DOLOMITI, 4 NUOVI POSITIVI E 7 PAZIENTI RICOVERATI NEGLI OSPEDALI BELLUNESI"},"content":{"rendered":"<p><strong>BELLUNO<\/strong> Nelle ultime 24 ore non sono stati registrati decessi di persone covid positive, 4 le nuove positivit\u00e0 in provincia di Belluno, 146 le persone attualmente positive.<\/p>\n<p>Le persone attualmente POSITIVE ricoverate negli ospedali dell\u2019Ulss Dolomiti sono:<\/p>\n<table>\n<tbody>\n<tr>\n<td width=\"217\"><strong>\u00a0<\/strong><\/td>\n<td width=\"217\"><strong>Area NON CRITICA<\/strong><\/td>\n<td width=\"217\"><strong>Terapia Intensiva<\/strong><\/td>\n<\/tr>\n<tr>\n<td width=\"217\"><strong>Ospedale di Belluno <\/strong><\/td>\n<td width=\"217\">1<\/td>\n<td width=\"217\">0<\/td>\n<\/tr>\n<tr>\n<td width=\"217\"><strong>Ospedale di Feltre<\/strong><\/td>\n<td width=\"217\">5<\/td>\n<td width=\"217\">0<\/td>\n<\/tr>\n<\/tbody>\n<\/table>\n<p>Le persone attualmente POSITIVE ricoverate in Ospedale di Comunit\u00e0 sono:<\/p>\n<table>\n<tbody>\n<tr>\n<td width=\"326\"><strong>\u00a0<\/strong><\/td>\n<td width=\"326\"><strong>pazienti attualmente positivi<\/strong><\/td>\n<\/tr>\n<tr>\n<td width=\"326\"><strong>Ospedale di Comunit\u00e0 di FELTRE<\/strong><\/td>\n<td width=\"326\"><strong>1<\/strong><\/td>\n<\/tr>\n<\/tbody>\n<\/table>\n<p>&nbsp;<\/p>\n<p class=\"gmail-western\"><span>Di particolare rilievo il potenziamento del Centro Vaccinale di Sedico gestito in collaborazione con Luxottica che <\/span>dal 3 giugno garantir\u00e0 500 vaccinazioni al giorno 7 giorni su 7 nella fascia oraria 12.00 \u2013 20.00 con appuntamenti gestiti dal portale regionale. Sempre in collaborazione con Luxottica, da venerd\u00ec 4 giugno il drive in vaccinale di Agordo gi\u00e0 attivo il marted\u00ec, il gioved\u00ec e il sabato, allargher\u00e0 l\u2019operativit\u00e0 tutti i venerd\u00ec dalle 10.00 alle 15.00<span> a favore di 250 persone a seduta, con accesso derivante da prenotazione a portale.<\/span><\/p>\n<p>&nbsp;<\/p>\n<p>&nbsp;<\/p>\n<p>****<\/p>\n<p>&nbsp;<\/p>\n","protected":false},"excerpt":{"rendered":"<p>BELLUNO Nelle ultime 24 ore non sono stati registrati decessi di persone covid positive, 4 le nuove positivit\u00e0 in provincia di Belluno, 146 le persone attualmente positive. Le persone attualmente POSITIVE ricoverate negli ospedali dell\u2019Ulss Dolomiti sono: \u00a0 Area NON CRITICA Terapia Intensiva Ospedale di Belluno 1 0 Ospedale di Feltre 5 0 Le persone&hellip;<\/p>\n","protected":false},"author":4,"featured_media":121260,"comment_status":"closed","ping_status":"open","sticky":false,"template":"","format":"standard","meta":{"_monsterinsights_skip_tracking":false,"_monsterinsights_sitenote_active":false,"_monsterinsights_sitenote_note":"","_monsterinsights_sitenote_category":0,"footnotes":""},"categories":[51,49],"tags":[],"class_list":["post-213430","post","type-post","status-publish","format-standard","has-post-thumbnail","hentry","category-evidenza-top","category-news-18","category-51","category-49","description-off"],"img_url":"https:\/\/www.radiopiu.net\/wordpress\/wp-content\/uploads\/2020\/03\/covid-ulss.jpg","_links":{"self":[{"href":"https:\/\/www.radiopiu.net\/wordpress\/wp-json\/wp\/v2\/posts\/213430","targetHints":{"allow":["GET"]}}],"collection":[{"href":"https:\/\/www.radiopiu.net\/wordpress\/wp-json\/wp\/v2\/posts"}],"about":[{"href":"https:\/\/www.radiopiu.net\/wordpress\/wp-json\/wp\/v2\/types\/post"}],"author":[{"embeddable":true,"href":"https:\/\/www.radiopiu.net\/wordpress\/wp-json\/wp\/v2\/users\/4"}],"replies":[{"embeddable":true,"href":"https:\/\/www.radiopiu.net\/wordpress\/wp-json\/wp\/v2\/comments?post=213430"}],"version-history":[{"count":0,"href":"https:\/\/www.radiopiu.net\/wordpress\/wp-json\/wp\/v2\/posts\/213430\/revisions"}],"wp:featuredmedia":[{"embeddable":true,"href":"https:\/\/www.radiopiu.net\/wordpress\/wp-json\/wp\/v2\/media\/121260"}],"wp:attachment":[{"href":"https:\/\/www.radiopiu.net\/wordpress\/wp-json\/wp\/v2\/media?parent=213430"}],"wp:term":[{"taxonomy":"category","embeddable":true,"href":"https:\/\/www.radiopiu.net\/wordpress\/wp-json\/wp\/v2\/categories?post=213430"},{"taxonomy":"post_tag","embeddable":true,"href":"https:\/\/www.radiopiu.net\/wordpress\/wp-json\/wp\/v2\/tags?post=213430"}],"curies":[{"name":"wp","href":"https:\/\/api.w.org\/{rel}","templated":true}]}}