{"id":213553,"date":"2021-06-03T05:28:52","date_gmt":"2021-06-03T03:28:52","guid":{"rendered":"https:\/\/www.radiopiu.net\/wordpress\/?p=213553"},"modified":"2021-06-03T05:55:48","modified_gmt":"2021-06-03T03:55:48","slug":"il-sentiero-della-sensibilita-inaugurazione-il-13-in-alpago","status":"publish","type":"post","link":"https:\/\/www.radiopiu.net\/wordpress\/il-sentiero-della-sensibilita-inaugurazione-il-13-in-alpago\/","title":{"rendered":"IL \u201cSENTIERO DELLA SENSIBILIT\u00c0\u201d: INAUGURAZIONE IL 13 IN ALPAGO"},"content":{"rendered":"<p><strong>di Renato Bona<\/strong><\/p>\n<p>Secondo l\u2019annuncio della sezione \u201cBenito Saviane\u201d del Cai Alpago (presidente Luca Dal Paos, vice presidente Gabriela De Bortoli, segretaria Gloria Vettori, tesoriere Graziano Boccanegra, consiglieri: Flavio Dassi\u00e8, Giorgia De Bona e Loredana Stiletto), domenica 13 giugno sar\u00e0 ufficialmente inaugurato il \u201cSentiero della Sensibilit\u00e0\u201d. Di cosa si tratta? Lo aveva spiegato in maniera esaustiva Loredana Stiletto in un servizio del 20 giugno dello scorso anno per il quotidiano Il Corriere delle Alpi, specificando, anche con parole del presidente della Sezione Cai, Dal Paos, che \u00e8 un percorso di 24 chilometri adatto a quanti per et\u00e0, condizione fisica, disabilit\u00e0 non possono affrontare significativi dislivelli montani. Partendo da Sant\u2019Anna di Tambre, il tracciato si sviluppa in quota tra i 1000 ed i 1300 metri su una strada che \u00e8 asfaltata solo in piccole porzioni e praticamente chiusa al traffico, dunque senza rischi di sorta. \u201cIdeale per consentire ai disabili in carrozzina, agli ipovedenti, agli anziani, alle famiglie con bambini anche piccoli e a tutti coloro che vogliono trascorrere qualche ora camminando senza eccessivo impegno fisico e cogliendo quelle informazioni preziose di arricchimento culturale disponibili lungo i 24 chilometri, grazie ad un sistema informatico innovativo\u201d. Intervistato dalla Stiletto, il presidente della Sezione del Club alpino italiano ricordato che il Cai Alpago \u00e8 partner del Progetto Interreg Italia-Austria A-A Gate (Granting Accessible Tourism for Everyone) finanziato nell\u2019ambito del programma di cooperazione transfrontaliera, ha spiegato che \u201csi tratta di un sistema che utilizzando le nuove tecnologie si propone di potenziare il turismo inclusivo in territori patrimonio dell\u2019umanit\u00e0, alpini e prealpini\u201d. Insomma: Gate sta per possibilit\u00e0 offerta a chiunque di vivere un\u2019esperienza interessante e arricchente, indipendentemente da ostacoli ambientali, fisici, linguistici. In proposito, la \u201cBenito Saviane\u201d ha usufruito di un corposo finanziamento: 70 mila euro da spendere totalmente per l\u2019allestimento e la pubblicit\u00e0 dell\u2019iniziativa. Che contemplava l\u2019installazione di tre tabelloni di informazioni generali alle estremit\u00e0 del tracciato e a Malga Cate con indicazioni in inglese, tedesco e \u201clis\u201d (linguaggio sensoriale) e \u201csistemare lungo il percorso le dodici colonnine sulle quali un cloud consentir\u00e0 di ascoltare attraverso un\u2019App scaricabile tutte le informazioni in italiano, tedesco e inglese\u201d. Ancora: per i disabili in carrozzina previsti i primi sei chilometri dal Rifugio Carota alla frazione dfi San Martino e da Malga Cate a Pianon. Si tratta di un\u2019offerta, quella del \u201cSentiero della sensibilit\u00e0\u201d dell\u2019Alpago, che grazie anche all\u2019interessamento della presidentessa Gabriela De Bortoli (ha passato il testimone al presidente Luca Dal Paos) due anni fa disse s\u00ec alla proposta del Cai regionale veneto di essere partner del progetto europeo) \u00e8 in grado di garantire tanto verde, il Lago di Santa Croce, la foresta del Cansiglio, numerose testimonianze storiche,e scusate se \u00e8 poco\u2026 Concetto ribadito nel sito \u201cgateproject.dolomitiunesco\u201d dove si pu\u00f2 leggere che la meravigliosa conca dell\u2019Alpago racchiude tra le sue montagne un ambiente selvaggio e incontaminato, ricco di tradizioni, borghi storici risorse naturali e paesaggistiche. Nel contesto del progetto Interreg Italia-Austria Gate, la Sezione Cai Alpago propone il \u2018Sentiero della sensibilit\u00e0\u2019 percorso pensato e sviluppato per l\u2019inclusione di ipovedenti e, per determinati tratti, per chi presenta problemi di deambulazione. Lungo i 24 km che si snodano alla base dei principali gruppi montuosi della conca si alternano tratti di salita e discesa che non superano mai i 300 m di dislivello, rendendolo di fatto un sentiero escursionistico adatto a tutti. Inoltre il facile accesso dai paesi a valle, offre la possibilit\u00e0 di percorrerlo tutto in giornata o di suddividerlo a piacimento in diverse tappe. L\u2019ospitalit\u00e0 in strutture ricettive alberghiere o extralberghiere non manca. L\u2019esperienza escursionista potr\u00e0 essere inoltre implementata grazie all\u2019applicazione sentiero della sensibilit\u00e0 che, una volta scaricata, nella vicinanza di localit\u00e0 d\u2019interesse, si attiver\u00e0 automaticamente condividendo tracce audio descrittive, foto e video che amplieranno l\u2019esperienza dell\u2019escursionista fornendo una lettura curiosa degli aspetti culturali, naturali e paesaggistici di questa Terra.<\/p>\n\n\t\t\t<style type='text\/css'>\n\t\t\t\t#gallery-1 {\n\t\t\t\t\tmargin: auto;\n\t\t\t\t}\n\t\t\t\t#gallery-1 .gallery-item {\n\t\t\t\t\tfloat: left;\n\t\t\t\t\tmargin-top: 10px;\n\t\t\t\t\ttext-align: center;\n\t\t\t\t\twidth: 14%;\n\t\t\t\t}\n\t\t\t\t#gallery-1 img {\n\t\t\t\t\tborder: 2px solid #cfcfcf;\n\t\t\t\t}\n\t\t\t\t#gallery-1 .gallery-caption {\n\t\t\t\t\tmargin-left: 0;\n\t\t\t\t}\n\t\t\t\t\/* see gallery_shortcode() in wp-includes\/media.php *\/\n\t\t\t<\/style>\n\t\t<div id='gallery-1' class='dt-gallery-container gallery galleryid-213553 gallery-columns-7 gallery-size-thumbnail'><dl class='gallery-item'>\n\t\t\t\t<dt class='gallery-icon portrait'>\n\t\t\t\t\t<a class=\"rollover rollover-zoom dt-pswp-item\" title=\"193977641_389598509074762_159195810470841447_n\" data-dt-img-description=\"\" data-large_image_width=\"302\" data-large_image_height=\"403\"href='https:\/\/www.radiopiu.net\/wordpress\/wp-content\/uploads\/2021\/06\/193977641_389598509074762_159195810470841447_n.jpg'><img loading=\"lazy\" decoding=\"async\" width=\"150\" height=\"150\" src=\"https:\/\/www.radiopiu.net\/wordpress\/wp-content\/uploads\/2021\/06\/193977641_389598509074762_159195810470841447_n-150x150.jpg\" class=\"attachment-thumbnail size-thumbnail\" alt=\"\" \/><\/a>\n\t\t\t\t<\/dt><\/dl><dl class='gallery-item'>\n\t\t\t\t<dt class='gallery-icon portrait'>\n\t\t\t\t\t<a class=\"rollover rollover-zoom dt-pswp-item\" title=\"191347323_1791298414382108_7454658061117969602_n\" data-dt-img-description=\"\" data-large_image_width=\"320\" data-large_image_height=\"693\"href='https:\/\/www.radiopiu.net\/wordpress\/wp-content\/uploads\/2021\/06\/191347323_1791298414382108_7454658061117969602_n.jpg'><img loading=\"lazy\" decoding=\"async\" width=\"150\" height=\"150\" src=\"https:\/\/www.radiopiu.net\/wordpress\/wp-content\/uploads\/2021\/06\/191347323_1791298414382108_7454658061117969602_n-150x150.jpg\" class=\"attachment-thumbnail size-thumbnail\" alt=\"\" \/><\/a>\n\t\t\t\t<\/dt><\/dl><dl class='gallery-item'>\n\t\t\t\t<dt class='gallery-icon portrait'>\n\t\t\t\t\t<a class=\"rollover rollover-zoom dt-pswp-item\" title=\"194174479_149667917190476_603295777252988448_n\" data-dt-img-description=\"\" data-large_image_width=\"370\" data-large_image_height=\"403\"href='https:\/\/www.radiopiu.net\/wordpress\/wp-content\/uploads\/2021\/06\/194174479_149667917190476_603295777252988448_n.jpg'><img loading=\"lazy\" decoding=\"async\" width=\"150\" height=\"150\" src=\"https:\/\/www.radiopiu.net\/wordpress\/wp-content\/uploads\/2021\/06\/194174479_149667917190476_603295777252988448_n-150x150.jpg\" class=\"attachment-thumbnail size-thumbnail\" alt=\"\" \/><\/a>\n\t\t\t\t<\/dt><\/dl><dl class='gallery-item'>\n\t\t\t\t<dt class='gallery-icon landscape'>\n\t\t\t\t\t<a class=\"rollover rollover-zoom dt-pswp-item\" title=\"194047140_230318261857275_4588492441373106795_n\" data-dt-img-description=\"\" data-large_image_width=\"183\" data-large_image_height=\"183\"href='https:\/\/www.radiopiu.net\/wordpress\/wp-content\/uploads\/2021\/06\/194047140_230318261857275_4588492441373106795_n.jpg'><img loading=\"lazy\" decoding=\"async\" width=\"150\" height=\"150\" src=\"https:\/\/www.radiopiu.net\/wordpress\/wp-content\/uploads\/2021\/06\/194047140_230318261857275_4588492441373106795_n-150x150.jpg\" class=\"attachment-thumbnail size-thumbnail\" alt=\"\" srcset=\"https:\/\/www.radiopiu.net\/wordpress\/wp-content\/uploads\/2021\/06\/194047140_230318261857275_4588492441373106795_n-150x150.jpg 150w, https:\/\/www.radiopiu.net\/wordpress\/wp-content\/uploads\/2021\/06\/194047140_230318261857275_4588492441373106795_n.jpg 183w\" sizes=\"auto, (max-width: 150px) 100vw, 150px\" \/><\/a>\n\t\t\t\t<\/dt><\/dl><dl class='gallery-item'>\n\t\t\t\t<dt class='gallery-icon landscape'>\n\t\t\t\t\t<a class=\"rollover rollover-zoom dt-pswp-item\" title=\"195887186_954333075320357_7346871746242178717_n\" data-dt-img-description=\"\" data-large_image_width=\"692\" data-large_image_height=\"403\"href='https:\/\/www.radiopiu.net\/wordpress\/wp-content\/uploads\/2021\/06\/195887186_954333075320357_7346871746242178717_n.jpg'><img loading=\"lazy\" decoding=\"async\" width=\"150\" height=\"150\" src=\"https:\/\/www.radiopiu.net\/wordpress\/wp-content\/uploads\/2021\/06\/195887186_954333075320357_7346871746242178717_n-150x150.jpg\" class=\"attachment-thumbnail size-thumbnail\" alt=\"\" \/><\/a>\n\t\t\t\t<\/dt><\/dl><dl class='gallery-item'>\n\t\t\t\t<dt class='gallery-icon landscape'>\n\t\t\t\t\t<a class=\"rollover rollover-zoom dt-pswp-item\" title=\"195919610_385535016115160_8139464321797427036_n\" data-dt-img-description=\"\" data-large_image_width=\"610\" data-large_image_height=\"403\"href='https:\/\/www.radiopiu.net\/wordpress\/wp-content\/uploads\/2021\/06\/195919610_385535016115160_8139464321797427036_n.png'><img loading=\"lazy\" decoding=\"async\" width=\"150\" height=\"150\" src=\"https:\/\/www.radiopiu.net\/wordpress\/wp-content\/uploads\/2021\/06\/195919610_385535016115160_8139464321797427036_n-150x150.png\" class=\"attachment-thumbnail size-thumbnail\" alt=\"\" \/><\/a>\n\t\t\t\t<\/dt><\/dl><dl class='gallery-item'>\n\t\t\t\t<dt class='gallery-icon landscape'>\n\t\t\t\t\t<a class=\"rollover rollover-zoom dt-pswp-item\" title=\"193900335_318627359864102_6875077898483249014_n\" data-dt-img-description=\"\" data-large_image_width=\"640\" data-large_image_height=\"400\"href='https:\/\/www.radiopiu.net\/wordpress\/wp-content\/uploads\/2021\/06\/193900335_318627359864102_6875077898483249014_n.png'><img loading=\"lazy\" decoding=\"async\" width=\"150\" height=\"150\" src=\"https:\/\/www.radiopiu.net\/wordpress\/wp-content\/uploads\/2021\/06\/193900335_318627359864102_6875077898483249014_n-150x150.png\" class=\"attachment-thumbnail size-thumbnail\" alt=\"\" \/><\/a>\n\t\t\t\t<\/dt><\/dl><br style=\"clear: both\" \/><dl class='gallery-item'>\n\t\t\t\t<dt class='gallery-icon landscape'>\n\t\t\t\t\t<a class=\"rollover rollover-zoom dt-pswp-item\" title=\"196012232_4275951989101900_8512764265997905502_n\" data-dt-img-description=\"\" data-large_image_width=\"593\" data-large_image_height=\"403\"href='https:\/\/www.radiopiu.net\/wordpress\/wp-content\/uploads\/2021\/06\/196012232_4275951989101900_8512764265997905502_n.jpg'><img loading=\"lazy\" decoding=\"async\" width=\"150\" height=\"150\" src=\"https:\/\/www.radiopiu.net\/wordpress\/wp-content\/uploads\/2021\/06\/196012232_4275951989101900_8512764265997905502_n-150x150.jpg\" class=\"attachment-thumbnail size-thumbnail\" alt=\"\" \/><\/a>\n\t\t\t\t<\/dt><\/dl><dl class='gallery-item'>\n\t\t\t\t<dt class='gallery-icon portrait'>\n\t\t\t\t\t<a class=\"rollover rollover-zoom dt-pswp-item\" title=\"194886597_689218138513443_1553149265351995317_n\" data-dt-img-description=\"\" data-large_image_width=\"320\" data-large_image_height=\"693\"href='https:\/\/www.radiopiu.net\/wordpress\/wp-content\/uploads\/2021\/06\/194886597_689218138513443_1553149265351995317_n.jpg'><img loading=\"lazy\" decoding=\"async\" width=\"150\" height=\"150\" src=\"https:\/\/www.radiopiu.net\/wordpress\/wp-content\/uploads\/2021\/06\/194886597_689218138513443_1553149265351995317_n-150x150.jpg\" class=\"attachment-thumbnail size-thumbnail\" alt=\"\" \/><\/a>\n\t\t\t\t<\/dt><\/dl><dl class='gallery-item'>\n\t\t\t\t<dt class='gallery-icon portrait'>\n\t\t\t\t\t<a class=\"rollover rollover-zoom dt-pswp-item\" title=\"195514066_4155034601229772_8822887583288017177_n\" data-dt-img-description=\"\" data-large_image_width=\"302\" data-large_image_height=\"403\"href='https:\/\/www.radiopiu.net\/wordpress\/wp-content\/uploads\/2021\/06\/195514066_4155034601229772_8822887583288017177_n.jpg'><img loading=\"lazy\" decoding=\"async\" width=\"150\" height=\"150\" src=\"https:\/\/www.radiopiu.net\/wordpress\/wp-content\/uploads\/2021\/06\/195514066_4155034601229772_8822887583288017177_n-150x150.jpg\" class=\"attachment-thumbnail size-thumbnail\" alt=\"\" \/><\/a>\n\t\t\t\t<\/dt><\/dl><dl class='gallery-item'>\n\t\t\t\t<dt class='gallery-icon portrait'>\n\t\t\t\t\t<a class=\"rollover rollover-zoom dt-pswp-item\" title=\"194430678_849820709287083_440216442860991270_n\" data-dt-img-description=\"\" data-large_image_width=\"320\" data-large_image_height=\"531\"href='https:\/\/www.radiopiu.net\/wordpress\/wp-content\/uploads\/2021\/06\/194430678_849820709287083_440216442860991270_n.jpg'><img loading=\"lazy\" decoding=\"async\" width=\"150\" height=\"150\" src=\"https:\/\/www.radiopiu.net\/wordpress\/wp-content\/uploads\/2021\/06\/194430678_849820709287083_440216442860991270_n-150x150.jpg\" class=\"attachment-thumbnail size-thumbnail\" alt=\"\" \/><\/a>\n\t\t\t\t<\/dt><\/dl><dl class='gallery-item'>\n\t\t\t\t<dt class='gallery-icon landscape'>\n\t\t\t\t\t<a class=\"rollover rollover-zoom dt-pswp-item\" title=\"196149363_381188846627334_245930462246002214_n\" data-dt-img-description=\"\" data-large_image_width=\"872\" data-large_image_height=\"403\"href='https:\/\/www.radiopiu.net\/wordpress\/wp-content\/uploads\/2021\/06\/196149363_381188846627334_245930462246002214_n.jpg'><img loading=\"lazy\" decoding=\"async\" width=\"150\" height=\"150\" src=\"https:\/\/www.radiopiu.net\/wordpress\/wp-content\/uploads\/2021\/06\/196149363_381188846627334_245930462246002214_n-150x150.jpg\" class=\"attachment-thumbnail size-thumbnail\" alt=\"\" \/><\/a>\n\t\t\t\t<\/dt><\/dl><dl class='gallery-item'>\n\t\t\t\t<dt class='gallery-icon landscape'>\n\t\t\t\t\t<a class=\"rollover rollover-zoom dt-pswp-item\" title=\"195274893_172887988101533_5095549376435314711_n\" data-dt-img-description=\"\" data-large_image_width=\"537\" data-large_image_height=\"403\"href='https:\/\/www.radiopiu.net\/wordpress\/wp-content\/uploads\/2021\/06\/195274893_172887988101533_5095549376435314711_n.jpg'><img loading=\"lazy\" decoding=\"async\" width=\"150\" height=\"150\" src=\"https:\/\/www.radiopiu.net\/wordpress\/wp-content\/uploads\/2021\/06\/195274893_172887988101533_5095549376435314711_n-150x150.jpg\" class=\"attachment-thumbnail size-thumbnail\" alt=\"\" \/><\/a>\n\t\t\t\t<\/dt><\/dl><dl class='gallery-item'>\n\t\t\t\t<dt class='gallery-icon portrait'>\n\t\t\t\t\t<a class=\"rollover rollover-zoom dt-pswp-item\" title=\"196143563_976669023144138_6083830208297760765_n\" data-dt-img-description=\"\" data-large_image_width=\"302\" data-large_image_height=\"403\"href='https:\/\/www.radiopiu.net\/wordpress\/wp-content\/uploads\/2021\/06\/196143563_976669023144138_6083830208297760765_n.jpg'><img loading=\"lazy\" decoding=\"async\" width=\"150\" height=\"150\" src=\"https:\/\/www.radiopiu.net\/wordpress\/wp-content\/uploads\/2021\/06\/196143563_976669023144138_6083830208297760765_n-150x150.jpg\" class=\"attachment-thumbnail size-thumbnail\" alt=\"\" \/><\/a>\n\t\t\t\t<\/dt><\/dl><br style=\"clear: both\" \/>\n\t\t\t<\/div>\n\n<p>NELLE FOTO (sito Cai Alpago e gateproject.dolomitiunesco): Malga Cate lungo il tragitto del \u201cSentiero della sensibilit\u00e0\u201d; il presidente della sezione \u201cBenito Saviane\u201d del Cai Alpago, Luca Dal Paos; il logo del benemerito sodalizio; fasi di predisposizione della segnaletica lungo il sentiero; il rifugio Carota; panorami.<\/p>\n","protected":false},"excerpt":{"rendered":"<p>di Renato Bona Secondo l\u2019annuncio della sezione \u201cBenito Saviane\u201d del Cai Alpago (presidente Luca Dal Paos, vice presidente Gabriela De Bortoli, segretaria Gloria Vettori, tesoriere Graziano Boccanegra, consiglieri: Flavio Dassi\u00e8, Giorgia De Bona e Loredana Stiletto), domenica 13 giugno sar\u00e0 ufficialmente inaugurato il \u201cSentiero della Sensibilit\u00e0\u201d. Di cosa si tratta? Lo aveva spiegato in maniera&hellip;<\/p>\n","protected":false},"author":4,"featured_media":213559,"comment_status":"closed","ping_status":"open","sticky":false,"template":"","format":"standard","meta":{"_monsterinsights_skip_tracking":false,"_monsterinsights_sitenote_active":false,"_monsterinsights_sitenote_note":"","_monsterinsights_sitenote_category":0,"footnotes":""},"categories":[51,49],"tags":[],"class_list":["post-213553","post","type-post","status-publish","format-standard","has-post-thumbnail","hentry","category-evidenza-top","category-news-18","category-51","category-49","description-off"],"img_url":"https:\/\/www.radiopiu.net\/wordpress\/wp-content\/uploads\/2021\/06\/195919610_385535016115160_8139464321797427036_n.png","_links":{"self":[{"href":"https:\/\/www.radiopiu.net\/wordpress\/wp-json\/wp\/v2\/posts\/213553","targetHints":{"allow":["GET"]}}],"collection":[{"href":"https:\/\/www.radiopiu.net\/wordpress\/wp-json\/wp\/v2\/posts"}],"about":[{"href":"https:\/\/www.radiopiu.net\/wordpress\/wp-json\/wp\/v2\/types\/post"}],"author":[{"embeddable":true,"href":"https:\/\/www.radiopiu.net\/wordpress\/wp-json\/wp\/v2\/users\/4"}],"replies":[{"embeddable":true,"href":"https:\/\/www.radiopiu.net\/wordpress\/wp-json\/wp\/v2\/comments?post=213553"}],"version-history":[{"count":0,"href":"https:\/\/www.radiopiu.net\/wordpress\/wp-json\/wp\/v2\/posts\/213553\/revisions"}],"wp:featuredmedia":[{"embeddable":true,"href":"https:\/\/www.radiopiu.net\/wordpress\/wp-json\/wp\/v2\/media\/213559"}],"wp:attachment":[{"href":"https:\/\/www.radiopiu.net\/wordpress\/wp-json\/wp\/v2\/media?parent=213553"}],"wp:term":[{"taxonomy":"category","embeddable":true,"href":"https:\/\/www.radiopiu.net\/wordpress\/wp-json\/wp\/v2\/categories?post=213553"},{"taxonomy":"post_tag","embeddable":true,"href":"https:\/\/www.radiopiu.net\/wordpress\/wp-json\/wp\/v2\/tags?post=213553"}],"curies":[{"name":"wp","href":"https:\/\/api.w.org\/{rel}","templated":true}]}}