{"id":213590,"date":"2021-06-04T05:54:47","date_gmt":"2021-06-04T03:54:47","guid":{"rendered":"https:\/\/www.radiopiu.net\/wordpress\/?p=213590"},"modified":"2021-06-04T10:00:06","modified_gmt":"2021-06-04T08:00:06","slug":"giornale-radiopiu-04-giugno-2021-direttore-mirko-mezzacasa","status":"publish","type":"post","link":"https:\/\/www.radiopiu.net\/wordpress\/giornale-radiopiu-04-giugno-2021-direttore-mirko-mezzacasa\/","title":{"rendered":"GIORNALE RADIOPIU 04 GIUGNO 2021 DIRETTORE MIRKO MEZZACASA"},"content":{"rendered":"<h3><span style=\"color: #0000ff;\">PER<strong>\u00a0RICEVERE QUESTO NOTIZIARIO DIRETTAMENTE SUL TUO CELLULARE ISCRIVITI AL CANALE TELEGRAM\u00a0<\/strong><strong>\u201cRADIO PIU\u00a0 INFORMAZIONE\u201d\u00a0 \u00a0 \u00a0\u00a0<\/strong><\/span><\/h3>\n<blockquote><p>&nbsp;<\/p>\n<p><em><strong>LUXOTTICA\u00a0 <\/strong>L&#8217;ASSEMBLEA DEGLI AZIONISTI ESSILUX HA APPROVATO LA DISTRIBUZIONE DEI DIVIDENDI, PER CHI HA ACQUISTATO AZIONI BOOST NEL 2019-20 (E SONO TANTI GLI INTERESSATI) RICEVERANNO UN DIVIDENDO ORDINARIO DI 1.08 EURO PER AZIONE CON LA PAGA DEL 9 LUGLIO\u00a0\u00a0<\/em><\/p><\/blockquote>\n<hr \/>\n<p>&nbsp;<\/p>\n<p>&nbsp;<\/p>\n<p><strong>**VACCINAZIONI COVID-19 IN VENETO**<\/strong> Dalla mezzanotte alle 17,15 di ieri , il numero di persone di et\u00e0 superiore ai 12 anni che si sono prenotate per la somministrazione ammonta a 284.019 unit\u00e0.<\/p>\n<p>&nbsp;<\/p>\n<p>&nbsp;<\/p>\n<hr \/>\n<p><strong>\u00a0\u00a0<\/strong><\/p>\n<p><strong><span style=\"color: #ff0000;\">IN CASO DI NECESSITA&#8217;&#8230; ABBIATE PAZIENZA TORNIAMO AL MATTINO<\/span><\/strong><\/p>\n<p><strong>L&#8217;ARTICOLO PIU&#8217; CLICCATO NELLE ULTIME 48 ORE.<\/strong>&#8230; di Radio Pi\u00f9. Una bella storia raccontata da Rossella dal Peron di Sedico che tra l&#8217;altro mette in evidenza la sconcertante mancata reperibilit\u00e0 della Polizia Provinciale nelle ore notturne in caso di emergenza. FOTO E VIDEO ESCLUSIVO<\/p>\n<blockquote class=\"wp-embedded-content\" data-secret=\"LYyyJ5HA44\"><p><a href=\"https:\/\/www.radiopiu.net\/wordpress\/due-cuccioli-di-capriolo-salvati-nel-bosco-la-mamma-morta-durante-il-parto\/\">DUE CUCCIOLI DI CAPRIOLO SALVATI NEL BOSCO. LA MAMMA MORTA DURANTE IL PARTO<\/a><\/p><\/blockquote>\n<p><iframe loading=\"lazy\" class=\"wp-embedded-content\" sandbox=\"allow-scripts\" security=\"restricted\" style=\"position: absolute; clip: rect(1px, 1px, 1px, 1px);\" title=\"&#8220;DUE CUCCIOLI DI CAPRIOLO SALVATI NEL BOSCO. LA MAMMA MORTA DURANTE IL PARTO&#8221; &#8212; Radio Pi\u00f9\" src=\"https:\/\/www.radiopiu.net\/wordpress\/due-cuccioli-di-capriolo-salvati-nel-bosco-la-mamma-morta-durante-il-parto\/embed\/#?secret=LYyyJ5HA44\" data-secret=\"LYyyJ5HA44\" width=\"600\" height=\"338\" frameborder=\"0\" marginwidth=\"0\" marginheight=\"0\" scrolling=\"no\"><\/iframe><\/p>\n<p>&nbsp;<\/p>\n<hr \/>\n<p>&nbsp;<\/p>\n<p><em><a href=\"https:\/\/www.radiopiu.net\/wordpress\/giornale-radiopiu-24-gennaio-2021-direttore-mirko-mezzacasa\/79216601_126817312416448_708980208774483089_n\/\" rel=\"attachment wp-att-186567\"><img loading=\"lazy\" decoding=\"async\" class=\"size-medium wp-image-186567 alignleft\" src=\"https:\/\/www.radiopiu.net\/wordpress\/wp-content\/uploads\/2021\/01\/79216601_126817312416448_708980208774483089_n-300x114.jpg\" sizes=\"auto, (max-width: 300px) 100vw, 300px\" srcset=\"https:\/\/www.radiopiu.net\/wordpress\/wp-content\/uploads\/2021\/01\/79216601_126817312416448_708980208774483089_n-300x114.jpg 300w, https:\/\/www.radiopiu.net\/wordpress\/wp-content\/uploads\/2021\/01\/79216601_126817312416448_708980208774483089_n-768x292.jpg 768w, https:\/\/www.radiopiu.net\/wordpress\/wp-content\/uploads\/2021\/01\/79216601_126817312416448_708980208774483089_n.jpg 820w\" alt=\"\" width=\"300\" height=\"114\" \/><\/a>A<\/em><em>PP PER IOS-IPHONE di Nicola Vettorello <\/em><a href=\"https:\/\/apps.apple.com\/it\/app\/radio-pi%C3%B9-emittente-agordina\/id1515939845\">https:\/\/apps.apple.com\/it\/app\/radio-pi%C3%B9-emittente-agordina\/id1515939845<\/a><\/p>\n<p><em>ATTENZIONE: LA NUOVA APP RADIO\u00a0 PER ANDROID di Nicola Vettorello<\/em><\/p>\n<p><a href=\"https:\/\/play.google.com\/store\/apps\/details?id=net.radiopiu.iniko\" target=\"_blank\" rel=\"noopener noreferrer\">https:\/\/play.google.com\/store\/apps\/details?id=net.radiopiu.iniko<\/a><\/p>\n<p>&nbsp;<\/p>\n<p>&nbsp;<\/p>\n<hr \/>\n<blockquote>\n<blockquote>\n<h3><\/h3>\n<p><b>GALLERIA \u2018COMELICO <\/b>fino al 31 luglio\u00a0 dalle 21 alle\u00a0 6 la galleria sar\u00e0 chiusa al traffico. Per i veicoli pesanti trainanti un rimorchio \u00e8 prevista la deviazione sulla SR 48 \u201cdelle Dolomiti e sulla SP 49 \u201cMisurina\u201d,\u00a0 \u00a0il traffico pesante sar\u00e0 deviato lungo la SP 532 \u201cPasso S. Antonio\u201d. Il traffico leggero\u00a0 sulla SP 532.<\/p>\n<p><strong>PROVINCIALE 3 VALLE IMPERINA,\u00a0 <\/strong>FINO ALL&#8217;11 GIUGNO &#8211; FESTIVI E PRE FESTIVI ESCLUSI &#8211; INTERRUZIONE TOTALE ALLA VIABILITA&#8217; PER LAVORI DI ESBOSCO DALLE 8 ALLE 9.45, DALLE 10 ALLE 12, DALLE 13.45 ALLE 15.50 E DALLE 16.10 ALLE 17.30<\/p><\/blockquote>\n<\/blockquote>\n<blockquote>\n<blockquote><p><strong>REGIONALE 203 AGORDINA<\/strong> dal 7 al 15 giugno &#8211; festivi e prefestivi esclusi &#8211; tra Taibon e Cencenighe lavori sul margine della carreggiata, limite 60 orari e divieto di sorpasso<\/p><\/blockquote>\n<\/blockquote>\n<blockquote>\n<blockquote>\n<h3><span style=\"font-size: 14px; font-weight: normal;\"><strong>48 DELLE DOLOMITI<\/strong> Fino al 16 luglio da Pieve di Livinallongo ad Arabba si potr\u00e0 transitare ma in determinate fasce orarie. Dalle 7 del mattino alle 18 sono infatti previste interruzioni fino a 20 minuti per permettere i lavori di esbosco e realizzazione paramassi. Per tutta la durata dei lavori senso unico alternato nei periodi non interessati delle interruzioni.<\/span><\/h3>\n<\/blockquote>\n<\/blockquote>\n<blockquote>\n<blockquote>\n<h3><strong style=\"font-size: 14px;\">REGIONALE 203 AGORDINA <\/strong><span style=\"font-size: 14px; font-weight: normal;\">\u00a0Fino al 18 giugno\u00a0 Dalle 7 alle 18 (esclusi festivi e prefestivi) tra Ru Sech e Zunaia,\u00a0 interruzioni della durata massima di 20 minuti e senso unico alternato nei periodi non interessati dalle interruzioni<\/span><\/h3>\n<\/blockquote>\n<\/blockquote>\n<p>&nbsp;<\/p>\n<hr \/>\n<p>&nbsp;<\/p>\n<blockquote>\n<h3>AGGIORNAMENTO COVID ULSS DOLOMITI: NESSUN DECESSO, 5 NUOVI POSITIVI E 6 PAZIENTI RICOVERATI NEGLI OSPEDALI BELLUNESI<\/h3>\n<\/blockquote>\n<p><strong>BELLUNO<\/strong> Nelle ultime 24 ore non sono stati registrati decessi di persone covid positive, 5 le nuove positivit\u00e0 in provincia di Belluno, 142 le persone attualmente positive.<\/p>\n<p>Le persone attualmente POSITIVE ricoverate negli ospedali dell\u2019Ulss Dolomiti sono:<\/p>\n<table>\n<tbody>\n<tr>\n<td width=\"217\"><strong>\u00a0<\/strong><\/td>\n<td width=\"217\"><strong>Area NON CRITICA<\/strong><\/td>\n<td width=\"217\"><strong>Terapia Intensiva<\/strong><\/td>\n<\/tr>\n<tr>\n<td width=\"217\"><strong>Ospedale di Belluno <\/strong><\/td>\n<td width=\"217\">2<\/td>\n<td width=\"217\">0<\/td>\n<\/tr>\n<tr>\n<td width=\"217\"><strong>Ospedale di Feltre<\/strong><\/td>\n<td width=\"217\">1<\/td>\n<td width=\"217\">0<\/td>\n<\/tr>\n<\/tbody>\n<\/table>\n<p>Le persone attualmente POSITIVE ricoverate in Ospedale di Comunit\u00e0 sono:<\/p>\n<table>\n<tbody>\n<tr>\n<td width=\"326\"><strong>\u00a0<\/strong><\/td>\n<td width=\"326\"><strong>pazienti attualmente positivi<\/strong><\/td>\n<\/tr>\n<tr>\n<td width=\"326\"><strong>Ospedale di Comunit\u00e0 di FELTRE<\/strong><\/td>\n<td width=\"326\"><strong>3<\/strong><\/td>\n<\/tr>\n<\/tbody>\n<\/table>\n<p>&nbsp;<\/p>\n<p class=\"gmail-western\">Nel corso dell&#8217;ultima giornata sono stati attivati ulteriori posti per la categoria 12-39 anni per un totale di 8.270 posti, al momento quasi esauriti. Ulteriori posti saranno attivati in base alle dosi disponibili<\/p>\n<p>&nbsp;<\/p>\n<p>&nbsp;<\/p>\n<hr \/>\n<p>&nbsp;<\/p>\n<blockquote>\n<h3>AGGIORNAMENTO CAMPAGNA VACCINALE, DUE APPUNTAMENTI PER OVER 60<\/h3>\n<\/blockquote>\n<p><strong>BELLUNO<\/strong>\u00a0 L&#8217;altra notte sono stati aperti e sono prenotabili dal portale regionale e dal sito www.aulss1.veneto.it\u00a0 i posti per la vaccinazione delle persone tra 12 e 39 anni. I posti disponibili per questa categoria sono 7.500. Ulteriori posti saranno attivati in base alle disponibilit\u00e0 di vaccino. Vista una disponibilit\u00e0 straordinaria di vaccino, sono state organizzate sedute ad accesso libero a cura dei medici del distretto<b>, <\/b>per over 60 oggi\u00a0Sala Convegni Comune di Sospirolo dalle\u00a0 9.30 alle\u00a0 11:\u00a0 Impianti sportivi di Quero-Vas dalle 14.30 alle 16.00<\/p>\n<p>&nbsp;<\/p>\n<hr \/>\n<blockquote>\n<h3><\/h3>\n<h3>IL CENTRO RIABILITATIVO DI LAMON, PRESENTATI I NUOVI LAVORI DI ADEGUAMENTO<\/h3>\n<\/blockquote>\n<p>&nbsp;<\/p>\n<p><strong><img decoding=\"async\" src=\"https:\/\/www.radiopiu.net\/wordpress\/wp-content\/uploads\/2021\/06\/85a52151-d1c4-4fb3-b519-dac4312d9ce8.jpg\" \/><\/strong><\/p>\n<p><strong>LAMON <\/strong>Consegnati i lavori\u00a0 all\u2019ospedale di Lamon. La struttura\u00a0 \u00e8 individuata come riabilitativa provinciale, polo di coordinamento riabilitativo aziendale, con attivit\u00e0 di riabilitazione multidisciplinare\u00a0 con 70 posti letto. Il progetto prevede una ristrutturazione per un importo di 5 milioni di euro, di cui 4 finanziati dal Fondo Comuni Confinanti e 1 dalla Regione del Veneto<\/p>\n<p><strong>di Moreno Gioli<\/strong><\/p>\n<audio class=\"wp-audio-shortcode\" id=\"audio-213590-1\" preload=\"none\" style=\"width: 100%;\" controls=\"controls\"><source type=\"audio\/mpeg\" src=\"https:\/\/www.radiopiu.net\/wordpress\/wp-content\/uploads\/2021\/06\/moreno-1.mp3?_=1\" \/><a href=\"https:\/\/www.radiopiu.net\/wordpress\/wp-content\/uploads\/2021\/06\/moreno-1.mp3\">https:\/\/www.radiopiu.net\/wordpress\/wp-content\/uploads\/2021\/06\/moreno-1.mp3<\/a><\/audio>\n<p>&nbsp;<\/p>\n<p><strong><a href=\"https:\/\/www.radiopiu.net\/wordpress\/giornale-radiopiu-04-giugno-2021-direttore-mirko-mezzacasa\/de5f32c9-ae46-4cc8-9502-888c0a481d30\/\" rel=\"attachment wp-att-213688\"><img loading=\"lazy\" decoding=\"async\" class=\"wp-image-213688 alignleft\" src=\"https:\/\/www.radiopiu.net\/wordpress\/wp-content\/uploads\/2021\/06\/de5f32c9-ae46-4cc8-9502-888c0a481d30-300x138.jpg\" alt=\"\" width=\"191\" height=\"88\" srcset=\"https:\/\/www.radiopiu.net\/wordpress\/wp-content\/uploads\/2021\/06\/de5f32c9-ae46-4cc8-9502-888c0a481d30-300x138.jpg 300w, https:\/\/www.radiopiu.net\/wordpress\/wp-content\/uploads\/2021\/06\/de5f32c9-ae46-4cc8-9502-888c0a481d30-1024x472.jpg 1024w, https:\/\/www.radiopiu.net\/wordpress\/wp-content\/uploads\/2021\/06\/de5f32c9-ae46-4cc8-9502-888c0a481d30-768x354.jpg 768w, https:\/\/www.radiopiu.net\/wordpress\/wp-content\/uploads\/2021\/06\/de5f32c9-ae46-4cc8-9502-888c0a481d30-1536x708.jpg 1536w, https:\/\/www.radiopiu.net\/wordpress\/wp-content\/uploads\/2021\/06\/de5f32c9-ae46-4cc8-9502-888c0a481d30.jpg 2000w\" sizes=\"auto, (max-width: 191px) 100vw, 191px\" \/><\/a><\/strong><\/p>\n<p>&nbsp;<\/p>\n<p><strong>L&#8217;ASSESSORE MANUELA LANZARIN\u00a0<\/strong><\/p>\n<audio class=\"wp-audio-shortcode\" id=\"audio-213590-2\" preload=\"none\" style=\"width: 100%;\" controls=\"controls\"><source type=\"audio\/mpeg\" src=\"https:\/\/www.radiopiu.net\/wordpress\/wp-content\/uploads\/2021\/06\/lanzarin.mp3?_=2\" \/><a href=\"https:\/\/www.radiopiu.net\/wordpress\/wp-content\/uploads\/2021\/06\/lanzarin.mp3\">https:\/\/www.radiopiu.net\/wordpress\/wp-content\/uploads\/2021\/06\/lanzarin.mp3<\/a><\/audio>\n<p>&nbsp;<\/p>\n<p>&nbsp;<\/p>\n<p><strong><a href=\"https:\/\/www.radiopiu.net\/wordpress\/giornale-radiopiu-04-giugno-2021-direttore-mirko-mezzacasa\/ea44bcf3-fed0-490b-b862-3ec62bc2d942\/\" rel=\"attachment wp-att-213689\"><img loading=\"lazy\" decoding=\"async\" class=\"wp-image-213689 alignleft\" src=\"https:\/\/www.radiopiu.net\/wordpress\/wp-content\/uploads\/2021\/06\/ea44bcf3-fed0-490b-b862-3ec62bc2d942-300x138.jpg\" alt=\"\" width=\"191\" height=\"88\" srcset=\"https:\/\/www.radiopiu.net\/wordpress\/wp-content\/uploads\/2021\/06\/ea44bcf3-fed0-490b-b862-3ec62bc2d942-300x138.jpg 300w, https:\/\/www.radiopiu.net\/wordpress\/wp-content\/uploads\/2021\/06\/ea44bcf3-fed0-490b-b862-3ec62bc2d942-1024x472.jpg 1024w, https:\/\/www.radiopiu.net\/wordpress\/wp-content\/uploads\/2021\/06\/ea44bcf3-fed0-490b-b862-3ec62bc2d942-768x354.jpg 768w, https:\/\/www.radiopiu.net\/wordpress\/wp-content\/uploads\/2021\/06\/ea44bcf3-fed0-490b-b862-3ec62bc2d942-1536x707.jpg 1536w, https:\/\/www.radiopiu.net\/wordpress\/wp-content\/uploads\/2021\/06\/ea44bcf3-fed0-490b-b862-3ec62bc2d942.jpg 2048w\" sizes=\"auto, (max-width: 191px) 100vw, 191px\" \/><\/a>IL DIRETTORE DELLA ULSS1 MARIA GRAZIA CARRARO<\/strong><\/p>\n<audio class=\"wp-audio-shortcode\" id=\"audio-213590-3\" preload=\"none\" style=\"width: 100%;\" controls=\"controls\"><source type=\"audio\/mpeg\" src=\"https:\/\/www.radiopiu.net\/wordpress\/wp-content\/uploads\/2021\/06\/carraro.mp3?_=3\" \/><a href=\"https:\/\/www.radiopiu.net\/wordpress\/wp-content\/uploads\/2021\/06\/carraro.mp3\">https:\/\/www.radiopiu.net\/wordpress\/wp-content\/uploads\/2021\/06\/carraro.mp3<\/a><\/audio>\n<p>&nbsp;<\/p>\n<p>&nbsp;<\/p>\n<p>&nbsp;<\/p>\n<hr \/>\n<p>&nbsp;<\/p>\n<p>&nbsp;<\/p>\n<blockquote>\n<h2>DILLO A RADIO PIU&#8230; COINCIDENZE, INCOMPRENSIONI E SCARSA ATTENZIONE PER IL CLIENTE<\/h2>\n<\/blockquote>\n<p><strong>REDAZIONE<\/strong> Riceviamo e volentieri pubblichiamo la critica di Marco Martini<\/p>\n<p><img loading=\"lazy\" decoding=\"async\" class=\"alignleft\" src=\"https:\/\/www.radiopiu.net\/wordpress\/wp-content\/uploads\/2020\/06\/80c303ed-9a2e-49f0-8b20-3dd5e061bbf3.jpg\" width=\"315\" height=\"236\" \/>&#8220;Ieri decido di partire da Selva di Cadore usufruendo del servizio offerto alla comunit\u00e0 da parte di Dolomitibus per recarmi ad un appuntamento a Belluno che per\u00f2\u00a0 mio malgrado ho dovuto annullare. Il primo segnale a Cencenighe alle 15 quando l&#8217;autista non\u00a0 avvisa i passeggeri che devono cambiare corriera, infatti un ragazzo al momento della chiusura delle porte ha chiesto e ottenuto inforamazioni. Sulla corriera c&#8217;era scritto Caprile-Agordo e quindi non era scontato di dover cambiare. Una volta scesi la corriera riparte come\u00a0 e noi li\u00ec in attesa del pullman da Falcade. Dopo aver atteso circa 5 minuti la corriera appena ripartita torna indietro e ci fa risalire perch\u00e8 l&#8217;autista che doveva attenderci in piazza a Cencenighe era alla fermata di fronte alla gelateria &#8220;gelatomania&#8221;, quindi decisamente pi\u00f9 avanti rispetto a quanto dovuto, ma in ogni caso siamo\u00a0 riusciti a prendere quella coincidenza. Una volta arrivati ad Agordo, verso le 15.10,\u00a0 \u00a0si scende per prendere la coincidenza\u00a0 per Belluno ma\u00a0 non c&#8217;\u00e8 pi\u00f9, quindi noi 5 passeggeri siamo rimasti appiedati fino alla corsa successiva\u00a0 delle 16.15. Una volta chieste spiegazioni la risposta dataci \u00e8 stata la seguente: <em>&#8220;L&#8217;autista che alla guida \u00e8 nuovo, per un&#8217;incomprensione\u00a0 non ha aspettato la coincidenza&#8221;<\/em>.\u00a0 Sono fatti gi\u00e0 accaduti, soprattutto al mattino, anche d&#8217;inverno quando nevica. Il primo giorno di scuola, il 15 settembre\u00a0 la corriera delle 6.30 a Selva di Cadore non si \u00e8 vista perch\u00e8 nonostante le corriere partissero dal deposito di Santa Maria delle Grazie\u00a0 sono finite entrambe a Rocca Pietore lasciando i comuni di Selva e Colle in assenza del servizio<\/p>\n<p><strong><em>Marco Martini<\/em><\/strong><\/p>\n<p>&nbsp;<\/p>\n<p>&nbsp;<\/p>\n<hr \/>\n<blockquote>\n<h3><\/h3>\n<h3>ATTI VANDALICI AD AGORDO, ANCORA UNA VOLTA PRESI DI MIRA I FIORI SUL PONTE DEL TORRENTE ROVA<\/h3>\n<\/blockquote>\n<p><strong><a href=\"https:\/\/www.radiopiu.net\/wordpress\/atti-vandalici-ad-agordo-ancora-una-volta-presi-di-mira-i-fiori-sul-ponte-del-torrente-rova\/0578083a-89ea-45bf-a63d-4b34100963ac\/\" rel=\"attachment wp-att-213775\"><img loading=\"lazy\" decoding=\"async\" class=\"size-medium wp-image-213775 alignleft\" src=\"https:\/\/www.radiopiu.net\/wordpress\/wp-content\/uploads\/2021\/06\/0578083a-89ea-45bf-a63d-4b34100963ac-300x135.jpg\" alt=\"\" width=\"300\" height=\"135\" srcset=\"https:\/\/www.radiopiu.net\/wordpress\/wp-content\/uploads\/2021\/06\/0578083a-89ea-45bf-a63d-4b34100963ac-300x135.jpg 300w, https:\/\/www.radiopiu.net\/wordpress\/wp-content\/uploads\/2021\/06\/0578083a-89ea-45bf-a63d-4b34100963ac-1024x461.jpg 1024w, https:\/\/www.radiopiu.net\/wordpress\/wp-content\/uploads\/2021\/06\/0578083a-89ea-45bf-a63d-4b34100963ac-768x346.jpg 768w, https:\/\/www.radiopiu.net\/wordpress\/wp-content\/uploads\/2021\/06\/0578083a-89ea-45bf-a63d-4b34100963ac-1536x691.jpg 1536w, https:\/\/www.radiopiu.net\/wordpress\/wp-content\/uploads\/2021\/06\/0578083a-89ea-45bf-a63d-4b34100963ac.jpg 1600w\" sizes=\"auto, (max-width: 300px) 100vw, 300px\" \/><\/a>AGORDO<\/strong><\/p>\n<p>di Gianni Santomaso<\/p>\n<audio class=\"wp-audio-shortcode\" id=\"audio-213590-4\" preload=\"none\" style=\"width: 100%;\" controls=\"controls\"><source type=\"audio\/mpeg\" src=\"https:\/\/www.radiopiu.net\/wordpress\/wp-content\/uploads\/2021\/06\/GIANNI-FIORI-NEL-TORRENTE-ROVA.mp3?_=4\" \/><a href=\"https:\/\/www.radiopiu.net\/wordpress\/wp-content\/uploads\/2021\/06\/GIANNI-FIORI-NEL-TORRENTE-ROVA.mp3\">https:\/\/www.radiopiu.net\/wordpress\/wp-content\/uploads\/2021\/06\/GIANNI-FIORI-NEL-TORRENTE-ROVA.mp3<\/a><\/audio>\n<p>&nbsp;<\/p>\n\n\t\t\t<style type='text\/css'>\n\t\t\t\t#gallery-1 {\n\t\t\t\t\tmargin: auto;\n\t\t\t\t}\n\t\t\t\t#gallery-1 .gallery-item {\n\t\t\t\t\tfloat: left;\n\t\t\t\t\tmargin-top: 10px;\n\t\t\t\t\ttext-align: center;\n\t\t\t\t\twidth: 50%;\n\t\t\t\t}\n\t\t\t\t#gallery-1 img {\n\t\t\t\t\tborder: 2px solid #cfcfcf;\n\t\t\t\t}\n\t\t\t\t#gallery-1 .gallery-caption {\n\t\t\t\t\tmargin-left: 0;\n\t\t\t\t}\n\t\t\t\t\/* see gallery_shortcode() in wp-includes\/media.php *\/\n\t\t\t<\/style>\n\t\t<div id='gallery-1' class='dt-gallery-container gallery galleryid-213590 gallery-columns-2 gallery-size-medium'><dl class='gallery-item'>\n\t\t\t\t<dt class='gallery-icon portrait'>\n\t\t\t\t\t<a class=\"rollover rollover-zoom dt-pswp-item\" title=\"80822d01-f5bd-4a5b-a321-0a84cbed5f3a\" data-dt-img-description=\"\" data-large_image_width=\"720\" data-large_image_height=\"1600\"href='https:\/\/www.radiopiu.net\/wordpress\/wp-content\/uploads\/2021\/06\/80822d01-f5bd-4a5b-a321-0a84cbed5f3a.jpg'><img loading=\"lazy\" decoding=\"async\" width=\"135\" height=\"300\" src=\"https:\/\/www.radiopiu.net\/wordpress\/wp-content\/uploads\/2021\/06\/80822d01-f5bd-4a5b-a321-0a84cbed5f3a-135x300.jpg\" class=\"attachment-medium size-medium\" alt=\"\" srcset=\"https:\/\/www.radiopiu.net\/wordpress\/wp-content\/uploads\/2021\/06\/80822d01-f5bd-4a5b-a321-0a84cbed5f3a-135x300.jpg 135w, https:\/\/www.radiopiu.net\/wordpress\/wp-content\/uploads\/2021\/06\/80822d01-f5bd-4a5b-a321-0a84cbed5f3a-461x1024.jpg 461w, https:\/\/www.radiopiu.net\/wordpress\/wp-content\/uploads\/2021\/06\/80822d01-f5bd-4a5b-a321-0a84cbed5f3a-691x1536.jpg 691w, https:\/\/www.radiopiu.net\/wordpress\/wp-content\/uploads\/2021\/06\/80822d01-f5bd-4a5b-a321-0a84cbed5f3a.jpg 720w\" sizes=\"auto, (max-width: 135px) 100vw, 135px\" \/><\/a>\n\t\t\t\t<\/dt><\/dl><dl class='gallery-item'>\n\t\t\t\t<dt class='gallery-icon portrait'>\n\t\t\t\t\t<a class=\"rollover rollover-zoom dt-pswp-item\" title=\"636322f3-3783-4d8a-b291-37052e56ebe9\" data-dt-img-description=\"\" data-large_image_width=\"720\" data-large_image_height=\"1600\"href='https:\/\/www.radiopiu.net\/wordpress\/wp-content\/uploads\/2021\/06\/636322f3-3783-4d8a-b291-37052e56ebe9.jpg'><img loading=\"lazy\" decoding=\"async\" width=\"135\" height=\"300\" src=\"https:\/\/www.radiopiu.net\/wordpress\/wp-content\/uploads\/2021\/06\/636322f3-3783-4d8a-b291-37052e56ebe9-135x300.jpg\" class=\"attachment-medium size-medium\" alt=\"\" srcset=\"https:\/\/www.radiopiu.net\/wordpress\/wp-content\/uploads\/2021\/06\/636322f3-3783-4d8a-b291-37052e56ebe9-135x300.jpg 135w, https:\/\/www.radiopiu.net\/wordpress\/wp-content\/uploads\/2021\/06\/636322f3-3783-4d8a-b291-37052e56ebe9-461x1024.jpg 461w, https:\/\/www.radiopiu.net\/wordpress\/wp-content\/uploads\/2021\/06\/636322f3-3783-4d8a-b291-37052e56ebe9-691x1536.jpg 691w, https:\/\/www.radiopiu.net\/wordpress\/wp-content\/uploads\/2021\/06\/636322f3-3783-4d8a-b291-37052e56ebe9.jpg 720w\" sizes=\"auto, (max-width: 135px) 100vw, 135px\" \/><\/a>\n\t\t\t\t<\/dt><\/dl><br style=\"clear: both\" \/>\n\t\t\t<\/div>\n\n<p>&nbsp;<\/p>\n<hr \/>\n<p>&nbsp;<\/p>\n<blockquote>\n<h2 style=\"text-align: left;\">IL NUOVO PRESIDENTE DEL CAI SEZIONE AGORDINA, E&#8217; DARIO DELL&#8217;OSBEL<\/h2>\n<\/blockquote>\n<p><a href=\"https:\/\/www.radiopiu.net\/wordpress\/il-nuovo-presidente-del-cai-sezione-agordina-e-dario-dellosbel\/9143cba2-1a19-44d2-8c6d-9e84f04aa9f1\/\" rel=\"attachment wp-att-213819\"><img loading=\"lazy\" decoding=\"async\" class=\"size-medium wp-image-213819 alignleft\" src=\"https:\/\/www.radiopiu.net\/wordpress\/wp-content\/uploads\/2021\/06\/9143cba2-1a19-44d2-8c6d-9e84f04aa9f1-246x300.jpg\" alt=\"\" width=\"246\" height=\"300\" srcset=\"https:\/\/www.radiopiu.net\/wordpress\/wp-content\/uploads\/2021\/06\/9143cba2-1a19-44d2-8c6d-9e84f04aa9f1-246x300.jpg 246w, https:\/\/www.radiopiu.net\/wordpress\/wp-content\/uploads\/2021\/06\/9143cba2-1a19-44d2-8c6d-9e84f04aa9f1-839x1024.jpg 839w, https:\/\/www.radiopiu.net\/wordpress\/wp-content\/uploads\/2021\/06\/9143cba2-1a19-44d2-8c6d-9e84f04aa9f1-768x938.jpg 768w, https:\/\/www.radiopiu.net\/wordpress\/wp-content\/uploads\/2021\/06\/9143cba2-1a19-44d2-8c6d-9e84f04aa9f1-1258x1536.jpg 1258w, https:\/\/www.radiopiu.net\/wordpress\/wp-content\/uploads\/2021\/06\/9143cba2-1a19-44d2-8c6d-9e84f04aa9f1.jpg 1563w\" sizes=\"auto, (max-width: 246px) 100vw, 246px\" \/><\/a><\/p>\n<p><strong>AGORDO<\/strong> <span style=\"color: #000000;\">Alla prima donna presidente della Sezione Agordina, Anna Magro non pi\u00f9 rieleggibile dopo il secondo mandato consecutivo, alla guida della &#8220;Armando Da Roit&#8221; succede il\u00a0 nuovo Presidente Dario Dell&#8217;Osbel, gi\u00e0 vice della Magro ed eletto con voto unanime dei consiglieri. <\/span><span style=\"color: #000000;\">Dario Dell&#8217;Osbel \u00e8 una figura che negli ultimi anni ha ricoperto numerosi incarichi oltre alla vice presidenza, anche a livello regionale ed \u00e8 stato un punto di riferimento sia per l&#8217;attivit\u00e0 del Direttivo che per l&#8217;intera Sezione. Apprezzato e stimato per la sua versatilit\u00e0 e disponibilit\u00e0 \u00e8 il degno successore di Tom\u00e8, Gurekian, Tama Da Roit, Bien, per citare alcuni tra i pi\u00f9 famosi presidenti del passato.\u00a0 Persona preparata, genuina e riservata, ha raccolto la stima di tanti soci anche di altre sezioni e del volontariato agordino. A Dario e al nuovo Consiglio Direttivo vanno i complimenti per l&#8217;elezione e un caloroso auguri di buon lavoro e il grazie ad Anna Magro per il grande lavoro svolto negli anni di Vaia e della pandemia.\u00a0<\/span><\/p>\n<p>&nbsp;<\/p>\n<p>&nbsp;<\/p>\n<p>&nbsp;<\/p>\n<p>&nbsp;<\/p>\n<hr \/>\n<p>&nbsp;<\/p>\n<blockquote>\n<h3>DOLOMITI FILM FESTIVAL Premi e sintesi prima edizione<\/h3>\n<\/blockquote>\n<p><strong><a href=\"https:\/\/www.radiopiu.net\/wordpress\/dolomiti-film-festival-premi-e-sintesi-prima-edizione\/02-5\/\" rel=\"attachment wp-att-213669\"><img loading=\"lazy\" decoding=\"async\" class=\"size-medium wp-image-213669 alignleft\" src=\"https:\/\/www.radiopiu.net\/wordpress\/wp-content\/uploads\/2021\/06\/02-300x169.jpeg\" alt=\"\" width=\"300\" height=\"169\" srcset=\"https:\/\/www.radiopiu.net\/wordpress\/wp-content\/uploads\/2021\/06\/02-300x169.jpeg 300w, https:\/\/www.radiopiu.net\/wordpress\/wp-content\/uploads\/2021\/06\/02.jpeg 640w\" sizes=\"auto, (max-width: 300px) 100vw, 300px\" \/><\/a>ALLEGHE<\/strong> Dopo quattro intense giornate si \u00e8 conclusa domenica la prima edizione di DOLOMITI FILM FESTIVAL, tra Falcade\/Sala Dolomiti, Caviola\/Casa delle Associazioni ed Alleghe\/Sala Franceschini, con la presentazione dei lavori di \u201cDOLOMITI FILM MAKING\u201d e la premiazione delle pellicole in concorso con grande coraggio e sforzo organizzativo da parte degli organizzatori Federico Massa di Gooliver e Tommaso Brugin di Settimo Binario<strong>\u00a0Per gli istituti di primo grado<\/strong> il vincitore \u00e8 stato \u201c1,2,3\u2026adesso tocca a te\u201d, presentato dall\u2019 IC 2 Damiani Morbegno, al secondo posto \u201cRi\u201d della Scuola Ilaria Alpi, di Bolzano, terzo classificato \u201cC\u2019era una volta un albero\u201d, presentato dalla Scuola F. Pennacchi, di Assisi (PG). <strong>Per le scuole secondarie di secondo grado<\/strong> il primo premio \u00e8 stato assegnato a \u201cGreen Sound\u201d elaborato dal Liceo Artistico di Porta Romana e Sesto Fiorentino (Firenze), al secondo posto \u201c2 gradi\u201d dell\u2019 IIS \u201cG. Ferraris-<a href=\"https:\/\/www.radiopiu.net\/wordpress\/dolomiti-film-festival-premi-e-sintesi-prima-edizione\/09-4\/\" rel=\"attachment wp-att-213672\"><img loading=\"lazy\" decoding=\"async\" class=\"wp-image-213672 alignright\" src=\"https:\/\/www.radiopiu.net\/wordpress\/wp-content\/uploads\/2021\/06\/09-300x176.jpeg\" alt=\"\" width=\"210\" height=\"123\" srcset=\"https:\/\/www.radiopiu.net\/wordpress\/wp-content\/uploads\/2021\/06\/09-300x176.jpeg 300w, https:\/\/www.radiopiu.net\/wordpress\/wp-content\/uploads\/2021\/06\/09.jpeg 640w\" sizes=\"auto, (max-width: 210px) 100vw, 210px\" \/><\/a>F.Brunelleschi\u201d di Empoli, \u00a0al terzo posto \u201cIGNORE\u201d realizzato dal Liceo Artistico Bruno Munari di Vittorio Veneto. \u00a0La premiazione del concorso internazionale ha visto l\u2019assegnazione del Premio Dolomiti per la miglior regia a \u201cZener\u00f9\u201d film documentario sulla tradizione alpina agropastorale. Ad \u201cAuspicio\u201d \u00e8 andato il Premio Marmolada per il miglior documentario. Premio \u201cCivetta d\u2019Oro per il miglior cortometraggio ex aequo a \u201cSlaughter\u201d, film iraniano, e \u201cCraks in the pavement\u201d corto d\u2019animazione argentino. Secondo Federico Massa merita una menzione particolare il risultato di DOLOMITI FILM MAKING, ovvero il lavoratorio residenziale che ha presentato i suoi lavori domenica mattina a Caviola. Dolomiti Film Making, \u00e8 stata una residenza cinematografica gratuita rivolta a giovani artisti under 35. Ben 10 artisti, tra scrittori, filmmaker, sceneggiatori e registi, che hanno potuto perfezionare le loro conoscenze sulla scrittura audiovisiva per quattrordici giorni in Agordino acquisendo le competenze per progettare e presentare in modo efficace un\u2019opera audiovisiva, grazie al supporto di un team di professionisti del <a href=\"https:\/\/www.radiopiu.net\/wordpress\/dolomiti-film-festival-premi-e-sintesi-prima-edizione\/03-4\/\" rel=\"attachment wp-att-213670\"><img loading=\"lazy\" decoding=\"async\" class=\"size-medium wp-image-213670 alignleft\" src=\"https:\/\/www.radiopiu.net\/wordpress\/wp-content\/uploads\/2021\/06\/03-300x169.jpeg\" alt=\"\" width=\"300\" height=\"169\" srcset=\"https:\/\/www.radiopiu.net\/wordpress\/wp-content\/uploads\/2021\/06\/03-300x169.jpeg 300w, https:\/\/www.radiopiu.net\/wordpress\/wp-content\/uploads\/2021\/06\/03.jpeg 640w\" sizes=\"auto, (max-width: 300px) 100vw, 300px\" \/><\/a>settore composto dai creative producer Federico Massa e Tommaso Brugin, dagli sceneggiatori Raffaele Pizzatti Sertorelli e Gerassimos Valentis e della marketing manager Livia Rod\u00e0.\u00a0 Alla fine di questo intenso percorso formativo i partecipanti hanno presentato l\u2019esito del loro lavoro con la modalit\u00e0 del pitch pubblico con un panel di produttori e distributori nazionali. Tommaso Brugin, sentito a conclusione della prima edizione del Dolomiti Film Festival ha dichiarato quanto sia stato importante nonostante l\u2019oggettiva difficolt\u00e0 organizzativa, riportare le persone in presenza ad un evento culturale e di come sia significativo il fatto di averlo potuto realizzare nel cuore delle Dolomiti agordine, creando situazioni di confronto sull\u2019ambiente, la natura e la montagna che sono le tematiche portanti del DOLOMITI FILM FESTIVAL, un progetto vincitore del Bando MIUR MIC \u201cBuone Pratiche, Rassegne e Festival\u201d, nell\u2019ambito del Piano Nazionale Cinema per la Scuola 2019\/2020.<\/p>\n<p>&nbsp;<\/p>\n<hr \/>\n<p>&nbsp;<\/p>\n<blockquote>\n<h3 class=\"p1\"><span class=\"s1\">MONTAGNA, PADRIN: \u00abAL LAVORO PER I TERRITORI. SERVIZI E FORMAZIONE CENTRALI NELLA DEFINIZIONE DELLA STRATEGIA\u00bb<\/span><\/h3>\n<\/blockquote>\n<p class=\"p1\"><span class=\"s1\"><strong><a href=\"https:\/\/www.radiopiu.net\/wordpress\/giornale-radiopiu-04-giugno-2021-direttore-mirko-mezzacasa\/tavolo-montagna-3-giugno\/\" rel=\"attachment wp-att-213753\"><img loading=\"lazy\" decoding=\"async\" class=\"size-medium wp-image-213753 alignleft\" src=\"https:\/\/www.radiopiu.net\/wordpress\/wp-content\/uploads\/2021\/06\/tavolo-montagna-3-giugno-300x152.jpg\" alt=\"\" width=\"300\" height=\"152\" srcset=\"https:\/\/www.radiopiu.net\/wordpress\/wp-content\/uploads\/2021\/06\/tavolo-montagna-3-giugno-300x152.jpg 300w, https:\/\/www.radiopiu.net\/wordpress\/wp-content\/uploads\/2021\/06\/tavolo-montagna-3-giugno-1024x518.jpg 1024w, https:\/\/www.radiopiu.net\/wordpress\/wp-content\/uploads\/2021\/06\/tavolo-montagna-3-giugno-768x388.jpg 768w, https:\/\/www.radiopiu.net\/wordpress\/wp-content\/uploads\/2021\/06\/tavolo-montagna-3-giugno-1536x776.jpg 1536w, https:\/\/www.radiopiu.net\/wordpress\/wp-content\/uploads\/2021\/06\/tavolo-montagna-3-giugno.jpg 1856w\" sizes=\"auto, (max-width: 300px) 100vw, 300px\" \/><\/a>BELLUNO<\/strong> \u00ab<em>Piena e profonda collaborazione da parte di Belluno per la definizione delle strategie riguardanti la montagna. Tra il coordinamento delle Province interamente montane e questa nuova iniziativa, verranno poste le basi per garantire un nuovo sviluppo alle terre alte e superare le differenze tra territori<\/em>\u00bb. \u00c8 quanto ha detto il presidente della Provincia di Belluno Roberto Padrin, intervenuto\u00a0 in videoconferenza alla presentazione del Tavolo tecnico scientifico nazionale per l&#8217;attuazione della strategia per la montagna.<\/span><\/p>\n<p><strong>IL PRESIDENTE DELLA PROVINCIA DI BELLUNO ROBERTO PADRIN<\/strong><\/p>\n<audio class=\"wp-audio-shortcode\" id=\"audio-213590-5\" preload=\"none\" style=\"width: 100%;\" controls=\"controls\"><source type=\"audio\/mpeg\" src=\"https:\/\/www.radiopiu.net\/wordpress\/wp-content\/uploads\/2021\/06\/PADRIN-INCONTRO-MONTAGNA.mp3?_=5\" \/><a href=\"https:\/\/www.radiopiu.net\/wordpress\/wp-content\/uploads\/2021\/06\/PADRIN-INCONTRO-MONTAGNA.mp3\">https:\/\/www.radiopiu.net\/wordpress\/wp-content\/uploads\/2021\/06\/PADRIN-INCONTRO-MONTAGNA.mp3<\/a><\/audio>\n<p>&nbsp;<\/p>\n<p>&nbsp;<\/p>\n<hr \/>\n<p>&nbsp;<\/p>\n<p><a href=\"https:\/\/www.radiopiu.net\/wordpress\/giornale-radiopiu-04-giugno-2021-direttore-mirko-mezzacasa\/adc6aca1-7334-4f3d-be0d-8bd9eef9fee1\/\" rel=\"attachment wp-att-213763\"><img loading=\"lazy\" decoding=\"async\" class=\"alignnone wp-image-213763 size-full\" src=\"https:\/\/www.radiopiu.net\/wordpress\/wp-content\/uploads\/2021\/06\/adc6aca1-7334-4f3d-be0d-8bd9eef9fee1.jpg\" alt=\"\" width=\"1024\" height=\"769\" srcset=\"https:\/\/www.radiopiu.net\/wordpress\/wp-content\/uploads\/2021\/06\/adc6aca1-7334-4f3d-be0d-8bd9eef9fee1.jpg 1024w, https:\/\/www.radiopiu.net\/wordpress\/wp-content\/uploads\/2021\/06\/adc6aca1-7334-4f3d-be0d-8bd9eef9fee1-300x225.jpg 300w, https:\/\/www.radiopiu.net\/wordpress\/wp-content\/uploads\/2021\/06\/adc6aca1-7334-4f3d-be0d-8bd9eef9fee1-768x577.jpg 768w\" sizes=\"auto, (max-width: 1024px) 100vw, 1024px\" \/><\/a><\/p>\n<p>&nbsp;<\/p>\n<blockquote class=\"wp-embedded-content\" data-secret=\"sjWlD6Dhme\"><p><a href=\"https:\/\/www.radiopiu.net\/wordpress\/aggiornamentogiu03\/\">CORONAVIRUS: AGGIORNAMENTO NAZIONALE 03 GIUGNO  2021<\/a><\/p><\/blockquote>\n<p><iframe loading=\"lazy\" class=\"wp-embedded-content\" sandbox=\"allow-scripts\" security=\"restricted\" style=\"position: absolute; clip: rect(1px, 1px, 1px, 1px);\" title=\"&#8220;CORONAVIRUS: AGGIORNAMENTO NAZIONALE 03 GIUGNO  2021&#8221; &#8212; Radio Pi\u00f9\" src=\"https:\/\/www.radiopiu.net\/wordpress\/aggiornamentogiu03\/embed\/#?secret=sjWlD6Dhme\" data-secret=\"sjWlD6Dhme\" width=\"600\" height=\"338\" frameborder=\"0\" marginwidth=\"0\" marginheight=\"0\" scrolling=\"no\"><\/iframe><\/p>\n<p>&nbsp;<\/p>\n<blockquote class=\"wp-embedded-content\" data-secret=\"frn1uxDRQT\"><p><a href=\"https:\/\/www.radiopiu.net\/wordpress\/sono-55-le-nuove-positivita-registrate-in-veneto-nellultima-giornata-4-i-decessi-ricoveri-in-calo-ma-3-pazienti-in-piu-in-terapia-intensiva\/\">SONO 55 LE NUOVE POSITIVITA&#8217; REGISTRATE IN VENETO NELL&#8217;ULTIMA GIORNATA, 4 I DECESSI. RICOVERI IN CALO MA 3 PAZIENTI IN PIU&#8217; IN TERAPIA INTENSIVA<\/a><\/p><\/blockquote>\n<p><iframe loading=\"lazy\" class=\"wp-embedded-content\" sandbox=\"allow-scripts\" security=\"restricted\" style=\"position: absolute; clip: rect(1px, 1px, 1px, 1px);\" title=\"&#8220;SONO 55 LE NUOVE POSITIVITA&#8217; REGISTRATE IN VENETO NELL&#8217;ULTIMA GIORNATA, 4 I DECESSI. RICOVERI IN CALO MA 3 PAZIENTI IN PIU&#8217; IN TERAPIA INTENSIVA&#8221; &#8212; Radio Pi\u00f9\" src=\"https:\/\/www.radiopiu.net\/wordpress\/sono-55-le-nuove-positivita-registrate-in-veneto-nellultima-giornata-4-i-decessi-ricoveri-in-calo-ma-3-pazienti-in-piu-in-terapia-intensiva\/embed\/#?secret=frn1uxDRQT\" data-secret=\"frn1uxDRQT\" width=\"600\" height=\"338\" frameborder=\"0\" marginwidth=\"0\" marginheight=\"0\" scrolling=\"no\"><\/iframe><\/p>\n<p>&nbsp;<\/p>\n<h3>I GRAFICI DI TIZAINO DE COL<\/h3>\n\n\t\t\t<style type='text\/css'>\n\t\t\t\t#gallery-2 {\n\t\t\t\t\tmargin: auto;\n\t\t\t\t}\n\t\t\t\t#gallery-2 .gallery-item {\n\t\t\t\t\tfloat: left;\n\t\t\t\t\tmargin-top: 10px;\n\t\t\t\t\ttext-align: center;\n\t\t\t\t\twidth: 20%;\n\t\t\t\t}\n\t\t\t\t#gallery-2 img {\n\t\t\t\t\tborder: 2px solid #cfcfcf;\n\t\t\t\t}\n\t\t\t\t#gallery-2 .gallery-caption {\n\t\t\t\t\tmargin-left: 0;\n\t\t\t\t}\n\t\t\t\t\/* see gallery_shortcode() in wp-includes\/media.php *\/\n\t\t\t<\/style>\n\t\t<div id='gallery-2' class='dt-gallery-container gallery galleryid-213590 gallery-columns-5 gallery-size-medium'><dl class='gallery-item'>\n\t\t\t\t<dt class='gallery-icon landscape'>\n\t\t\t\t\t<a class=\"rollover rollover-zoom dt-pswp-item\" title=\"8adf6c07-ed74-43ee-a320-5ca24aa336db\" data-dt-img-description=\"\" data-large_image_width=\"604\" data-large_image_height=\"351\"href='https:\/\/www.radiopiu.net\/wordpress\/wp-content\/uploads\/2021\/06\/8adf6c07-ed74-43ee-a320-5ca24aa336db.jpg'><img loading=\"lazy\" decoding=\"async\" width=\"300\" height=\"174\" src=\"https:\/\/www.radiopiu.net\/wordpress\/wp-content\/uploads\/2021\/06\/8adf6c07-ed74-43ee-a320-5ca24aa336db-300x174.jpg\" class=\"attachment-medium size-medium\" alt=\"\" srcset=\"https:\/\/www.radiopiu.net\/wordpress\/wp-content\/uploads\/2021\/06\/8adf6c07-ed74-43ee-a320-5ca24aa336db-300x174.jpg 300w, https:\/\/www.radiopiu.net\/wordpress\/wp-content\/uploads\/2021\/06\/8adf6c07-ed74-43ee-a320-5ca24aa336db.jpg 604w\" sizes=\"auto, (max-width: 300px) 100vw, 300px\" \/><\/a>\n\t\t\t\t<\/dt><\/dl><dl class='gallery-item'>\n\t\t\t\t<dt class='gallery-icon landscape'>\n\t\t\t\t\t<a class=\"rollover rollover-zoom dt-pswp-item\" title=\"1dc05114-a27f-4787-8134-041ce62b89a1\" data-dt-img-description=\"\" data-large_image_width=\"608\" data-large_image_height=\"351\"href='https:\/\/www.radiopiu.net\/wordpress\/wp-content\/uploads\/2021\/06\/1dc05114-a27f-4787-8134-041ce62b89a1.jpg'><img loading=\"lazy\" decoding=\"async\" width=\"300\" height=\"173\" src=\"https:\/\/www.radiopiu.net\/wordpress\/wp-content\/uploads\/2021\/06\/1dc05114-a27f-4787-8134-041ce62b89a1-300x173.jpg\" class=\"attachment-medium size-medium\" alt=\"\" srcset=\"https:\/\/www.radiopiu.net\/wordpress\/wp-content\/uploads\/2021\/06\/1dc05114-a27f-4787-8134-041ce62b89a1-300x173.jpg 300w, https:\/\/www.radiopiu.net\/wordpress\/wp-content\/uploads\/2021\/06\/1dc05114-a27f-4787-8134-041ce62b89a1.jpg 608w\" sizes=\"auto, (max-width: 300px) 100vw, 300px\" \/><\/a>\n\t\t\t\t<\/dt><\/dl><dl class='gallery-item'>\n\t\t\t\t<dt class='gallery-icon landscape'>\n\t\t\t\t\t<a class=\"rollover rollover-zoom dt-pswp-item\" title=\"8f8b534d-5100-4b34-9c00-f2bc8598d80b\" data-dt-img-description=\"\" data-large_image_width=\"608\" data-large_image_height=\"352\"href='https:\/\/www.radiopiu.net\/wordpress\/wp-content\/uploads\/2021\/06\/8f8b534d-5100-4b34-9c00-f2bc8598d80b.jpg'><img loading=\"lazy\" decoding=\"async\" width=\"300\" height=\"174\" src=\"https:\/\/www.radiopiu.net\/wordpress\/wp-content\/uploads\/2021\/06\/8f8b534d-5100-4b34-9c00-f2bc8598d80b-300x174.jpg\" class=\"attachment-medium size-medium\" alt=\"\" srcset=\"https:\/\/www.radiopiu.net\/wordpress\/wp-content\/uploads\/2021\/06\/8f8b534d-5100-4b34-9c00-f2bc8598d80b-300x174.jpg 300w, https:\/\/www.radiopiu.net\/wordpress\/wp-content\/uploads\/2021\/06\/8f8b534d-5100-4b34-9c00-f2bc8598d80b.jpg 608w\" sizes=\"auto, (max-width: 300px) 100vw, 300px\" \/><\/a>\n\t\t\t\t<\/dt><\/dl><dl class='gallery-item'>\n\t\t\t\t<dt class='gallery-icon landscape'>\n\t\t\t\t\t<a class=\"rollover rollover-zoom dt-pswp-item\" title=\"8b80342e-7e55-4454-9fe5-b335566510df\" data-dt-img-description=\"\" data-large_image_width=\"610\" data-large_image_height=\"353\"href='https:\/\/www.radiopiu.net\/wordpress\/wp-content\/uploads\/2021\/06\/8b80342e-7e55-4454-9fe5-b335566510df.jpg'><img loading=\"lazy\" decoding=\"async\" width=\"300\" height=\"174\" src=\"https:\/\/www.radiopiu.net\/wordpress\/wp-content\/uploads\/2021\/06\/8b80342e-7e55-4454-9fe5-b335566510df-300x174.jpg\" class=\"attachment-medium size-medium\" alt=\"\" srcset=\"https:\/\/www.radiopiu.net\/wordpress\/wp-content\/uploads\/2021\/06\/8b80342e-7e55-4454-9fe5-b335566510df-300x174.jpg 300w, https:\/\/www.radiopiu.net\/wordpress\/wp-content\/uploads\/2021\/06\/8b80342e-7e55-4454-9fe5-b335566510df.jpg 610w\" sizes=\"auto, (max-width: 300px) 100vw, 300px\" \/><\/a>\n\t\t\t\t<\/dt><\/dl><dl class='gallery-item'>\n\t\t\t\t<dt class='gallery-icon landscape'>\n\t\t\t\t\t<a class=\"rollover rollover-zoom dt-pswp-item\" title=\"51d52057-6911-4105-af48-e117f0f82a4b\" data-dt-img-description=\"\" data-large_image_width=\"614\" data-large_image_height=\"355\"href='https:\/\/www.radiopiu.net\/wordpress\/wp-content\/uploads\/2021\/06\/51d52057-6911-4105-af48-e117f0f82a4b.jpg'><img loading=\"lazy\" decoding=\"async\" width=\"300\" height=\"173\" src=\"https:\/\/www.radiopiu.net\/wordpress\/wp-content\/uploads\/2021\/06\/51d52057-6911-4105-af48-e117f0f82a4b-300x173.jpg\" class=\"attachment-medium size-medium\" alt=\"\" srcset=\"https:\/\/www.radiopiu.net\/wordpress\/wp-content\/uploads\/2021\/06\/51d52057-6911-4105-af48-e117f0f82a4b-300x173.jpg 300w, https:\/\/www.radiopiu.net\/wordpress\/wp-content\/uploads\/2021\/06\/51d52057-6911-4105-af48-e117f0f82a4b.jpg 614w\" sizes=\"auto, (max-width: 300px) 100vw, 300px\" \/><\/a>\n\t\t\t\t<\/dt><\/dl><br style=\"clear: both\" \/>\n\t\t\t<\/div>\n\n<p>&nbsp;<\/p>\n<hr \/>\n<p>&nbsp;<\/p>\n<blockquote>\n<h2>VACCINAZIONI: DALLE 12 PRENOTAZIONI APERTE PER GLI ADDETTI AL TURISMO, la conferenza stampa di Zaia<\/h2>\n<\/blockquote>\n<p>&nbsp;<\/p>\n<p><em>Assalto di prenotazioni: 250.000 da mezzanotte, per la maggior parte giovani. Rt 0,64%, incidenza 19,9 su 100.000 abitanti. Siamo abbondantemente in zona bianca.\u00a0 In 4 al tavolo al ristorante? Restrizione esagerata, soprattutto in zona bianca. Se ne parler\u00e0 oggi in riunione. Abbiamo scollinato, ci aspetta una ripartenza, anche del Pil\u00bb.<\/em><\/p>\n<p><strong>COPERTURA VACCINALI<\/strong> 98% over 80;\u00a0 87%, 7-70-79 anni, 81%, 60-69 anni, 71%, 50-59 anni;\u00a0 46% 40-49 anni. Abbiamo aperto la vaccinazioni dai 12 anni all&#8217;infinito, questa notte a mezzanotte. <strong><span style=\"color: #ff0000;\">Alle 12 apriranno le liste di prenotazione per gli operatori del turismo, ci sono 50 mila posti. Saranno vaccinati subito gi\u00e0 da domani per 9000 posti, 10mila la prossima settimana.\u00a0 <span style=\"color: #000000;\">RIAPERTURE<\/span><\/span><\/strong><span style=\"color: #ff0000;\"><span style=\"color: #000000;\"> Siamo abbondantemente in zona bianca, stiamo uscendo dal tunnel, evitiamo gli incidenti da ultimo chilometro. Dire che si vada al ristorante al massimo con 4 persone al tavolo \u00e8 esagerato, soprattutto in zona bianca. Nessuna battaglia, ma accompagnamento.<strong> QUANDO LE ORDINANZE?<\/strong> Dobbiamo la classificazione e poi si vedr\u00e0. Non ci sar\u00e0 pi\u00f9 il coprifuoco e avremo una serie di novit\u00e0 che sortiranno dalla riunione di oggi. Onestamente aspetterei domani per capire come ci muoveremo con ordinanze in tempo reale non saranno restrizioni ma la utilizzeremo come vademecum. L&#8217;ordinanza e&#8217; un atto dovuto che nessuno di inquieti.\u00a0 <strong>VACCINI IN VACANZA<\/strong> Dopo le discussione in commissione salute se ne parler\u00e0 oggi, anche per coloro che arrivano in Veneto per lavoro pur non domiciliati.\u00a0<\/span><\/span><\/p>\n<p>&nbsp;<\/p>\n<p><a href=\"https:\/\/www.facebook.com\/zaiaufficiale\/videos\/296077848824297\">https:\/\/www.facebook.com\/zaiaufficiale\/videos\/296077848824297<\/a><\/p>\n<p>&nbsp;<\/p>\n<p>&nbsp;<\/p>\n<p>&nbsp;<\/p>\n<hr \/>\n<p>&nbsp;<\/p>\n<h3><span style=\"color: #ff0000;\">L&#8217;OPINIONE\u00a0<\/span><\/h3>\n<p><strong>BELLUNO<\/strong> Riceviamo e pubblichiamo una considerazione del Presidente del consiglio comunale Francesco Rasera Berna in merito alla mozione annunciata dai consiglieri Gamba e Olivotto per chiedere il ritorno in presenza nelle sedute del consiglio.<\/p>\n<p><strong>di Francesco Rasera Berna\u00a0<\/strong><\/p>\n<blockquote><p><em>Condivido la mozione (anche perch\u00e9 la modalit\u00e0 da remoto impedisce a chi presiede la riunione di essere sostituito anche per pochi minuti) ovviamente\u00a0 l&#8217;esigenza di tornare alla consueta modalit\u00e0, da contemperare ovviamente con la necessaria cautela imposta dalla pandemia. Non a caso, proprio nell&#8217;ultima riunione della conferenza capigruppo, ove il problema come gi\u00e0 altre volte \u00e8 stato sollevato, si \u00e8 detto di tornare alle riunioni in presenza a partire da luglio, previa verifica dell&#8217;andamento della situazione sanitaria e della campagna vaccinale. Nulla impedisce che &#8211; a fronte di dati rassicuranti &#8211; si possa provvedere da prima. Ci\u00f2 che onestamente mi stupisce \u00e8 che si presenti una mozione e che con essa si voglia impegnare il Sindaco, quando la convocazione del consiglio comunale non \u00e8 opera del Sindaco, ma del sottoscritto, sentita la conferenza dei capigruppo. Alla conferenza dei capigruppo (ad oggi fissata al 7 giugno e luogo deputato) nulla impedisce di discutere e dare l&#8217;indicazione di tornare alle riunioni in presenza, cos\u00ec come finora \u00e8 invece prevalsa la decisione di procedere da remoto dopo le ulteriori ondate del virus.<\/em><\/p><\/blockquote>\n<p>&nbsp;<\/p>\n<p>&nbsp;<\/p>\n<hr \/>\n<p>&nbsp;<\/p>\n<blockquote>\n<h3>UNA STUDENTESSA BELLUNESE FRA I VINCITORI DEL PROGETTO\/CONCORSO \u201cPRETENDIAMO LEGALIT\u00c0<\/h3>\n<\/blockquote>\n<p><strong>BELLUNO <\/strong>Si sono svolte nella mattina di oggi, in modalit\u00e0 live streaming dalla Sala Conferenze del Ministero dell\u2019Interno, le premiazioni della quarta edizione del Progetto\/concorso \u201cPretenDiamo Legalit\u00e0\u201d per l\u2019anno scolastico 2020\/2021. La studentessa Giulia Cesa, della classe 3^D della Scuola Secondaria di primo grado dell\u2019 \u2019Istituto Comprensivo di Ponte nelle Alpi ha vinto nella categoria \u201cgraphic novel con il suo fumetto \u201cCommissario Mascherpa \u2013 Le mascherine del Sant\u2019Ugo\u201d. Il progetto, avviato con successo in collaborazione con il Ministero dell\u2019istruzione, si pone l\u2019obiettivo di promuovere la legalit\u00e0, attraverso i temi del rispetto delle regole, del corretto utilizzo di internet e dei valori della costituzione che, insieme all\u2019amicizia, alla libert\u00e0 e alla solidariet\u00e0, rappresentano le basi per la crescita dei cittadini di domani. Gli studenti di ogni ordine e grado delle Questure (72) che hanno aderito al progetto, tra cui la Questura di Belluno, a seguito degli incontri tenuti dai poliziotti hanno presentato un elaborato \u2013 individuale o di gruppo \u2013 sui temi trattati. La commissione provinciale presieduta dal Questore e da un rappresentante del mondo scolastico, a fine maggio ha selezionato i lavori da inviare a Roma per le fasi finali del concorso. Il fumetto della bellunese Giulia Cesa \u00e8 risultato tra i lavori vincitori delle nove questure che si sono collegate in contemporanea dai vari istituti scolastici in video conferenza per la cerimonia di premiazione. Alle premiazioni presso l\u2019aula magna della scuola secondaria di primo grado di Ponte nelle Alpi, oltre la Dirigente Scolastica Orietta Isotton ed il personale docente, erano presenti il Questore Lilia Fredella, che ha consegnato il tablet del premio all\u2019alunna Giulia Cesa ed una targa di partecipazione all\u2019Istituto<\/p>\n\n\t\t\t<style type='text\/css'>\n\t\t\t\t#gallery-3 {\n\t\t\t\t\tmargin: auto;\n\t\t\t\t}\n\t\t\t\t#gallery-3 .gallery-item {\n\t\t\t\t\tfloat: left;\n\t\t\t\t\tmargin-top: 10px;\n\t\t\t\t\ttext-align: center;\n\t\t\t\t\twidth: 20%;\n\t\t\t\t}\n\t\t\t\t#gallery-3 img {\n\t\t\t\t\tborder: 2px solid #cfcfcf;\n\t\t\t\t}\n\t\t\t\t#gallery-3 .gallery-caption {\n\t\t\t\t\tmargin-left: 0;\n\t\t\t\t}\n\t\t\t\t\/* see gallery_shortcode() in wp-includes\/media.php *\/\n\t\t\t<\/style>\n\t\t<div id='gallery-3' class='dt-gallery-container gallery galleryid-213590 gallery-columns-5 gallery-size-thumbnail'><dl class='gallery-item'>\n\t\t\t\t<dt class='gallery-icon landscape'>\n\t\t\t\t\t<a class=\"rollover rollover-zoom dt-pswp-item\" title=\"IMG-20210603-WA0017\" data-dt-img-description=\"\" data-large_image_width=\"1600\" data-large_image_height=\"900\"href='https:\/\/www.radiopiu.net\/wordpress\/wp-content\/uploads\/2021\/06\/IMG-20210603-WA0017.jpg'><img loading=\"lazy\" decoding=\"async\" width=\"150\" height=\"150\" src=\"https:\/\/www.radiopiu.net\/wordpress\/wp-content\/uploads\/2021\/06\/IMG-20210603-WA0017-150x150.jpg\" class=\"attachment-thumbnail size-thumbnail\" alt=\"\" \/><\/a>\n\t\t\t\t<\/dt><\/dl><dl class='gallery-item'>\n\t\t\t\t<dt class='gallery-icon portrait'>\n\t\t\t\t\t<a class=\"rollover rollover-zoom dt-pswp-item\" title=\"IMG-20210603-WA0028\" data-dt-img-description=\"\" data-large_image_width=\"1134\" data-large_image_height=\"2016\"href='https:\/\/www.radiopiu.net\/wordpress\/wp-content\/uploads\/2021\/06\/IMG-20210603-WA0028.jpg'><img loading=\"lazy\" decoding=\"async\" width=\"150\" height=\"150\" src=\"https:\/\/www.radiopiu.net\/wordpress\/wp-content\/uploads\/2021\/06\/IMG-20210603-WA0028-150x150.jpg\" class=\"attachment-thumbnail size-thumbnail\" alt=\"\" \/><\/a>\n\t\t\t\t<\/dt><\/dl><dl class='gallery-item'>\n\t\t\t\t<dt class='gallery-icon landscape'>\n\t\t\t\t\t<a class=\"rollover rollover-zoom dt-pswp-item\" title=\"IMG-20210603-WA0030\" data-dt-img-description=\"\" data-large_image_width=\"2016\" data-large_image_height=\"1134\"href='https:\/\/www.radiopiu.net\/wordpress\/wp-content\/uploads\/2021\/06\/IMG-20210603-WA0030-rotated.jpg'><img loading=\"lazy\" decoding=\"async\" width=\"150\" height=\"150\" src=\"https:\/\/www.radiopiu.net\/wordpress\/wp-content\/uploads\/2021\/06\/IMG-20210603-WA0030-150x150.jpg\" class=\"attachment-thumbnail size-thumbnail\" alt=\"\" \/><\/a>\n\t\t\t\t<\/dt><\/dl><dl class='gallery-item'>\n\t\t\t\t<dt class='gallery-icon landscape'>\n\t\t\t\t\t<a class=\"rollover rollover-zoom dt-pswp-item\" title=\"IMG-20210603-WA0032\" data-dt-img-description=\"\" data-large_image_width=\"2016\" data-large_image_height=\"1134\"href='https:\/\/www.radiopiu.net\/wordpress\/wp-content\/uploads\/2021\/06\/IMG-20210603-WA0032.jpg'><img loading=\"lazy\" decoding=\"async\" width=\"150\" height=\"150\" src=\"https:\/\/www.radiopiu.net\/wordpress\/wp-content\/uploads\/2021\/06\/IMG-20210603-WA0032-150x150.jpg\" class=\"attachment-thumbnail size-thumbnail\" alt=\"\" \/><\/a>\n\t\t\t\t<\/dt><\/dl><dl class='gallery-item'>\n\t\t\t\t<dt class='gallery-icon landscape'>\n\t\t\t\t\t<a class=\"rollover rollover-zoom dt-pswp-item\" title=\"IMG-20210603-WA0035\" data-dt-img-description=\"\" data-large_image_width=\"2016\" data-large_image_height=\"1134\"href='https:\/\/www.radiopiu.net\/wordpress\/wp-content\/uploads\/2021\/06\/IMG-20210603-WA0035.jpg'><img loading=\"lazy\" decoding=\"async\" width=\"150\" height=\"150\" src=\"https:\/\/www.radiopiu.net\/wordpress\/wp-content\/uploads\/2021\/06\/IMG-20210603-WA0035-150x150.jpg\" class=\"attachment-thumbnail size-thumbnail\" alt=\"\" \/><\/a>\n\t\t\t\t<\/dt><\/dl><br style=\"clear: both\" \/>\n\t\t\t<\/div>\n\n<hr \/>\n<p>&nbsp;<\/p>\n<p>&nbsp;<\/p>\n<h1><span style=\"color: #ff0000;\">ALLA RADIO<\/span><\/h1>\n<p><strong><a href=\"https:\/\/www.radiopiu.net\/wordpress\/cisl_la-voce-dei-lavoratori-a-sedico-boom-di-lavoro-e-assunzioni\/c0766f2f-bad0-4b99-9b28-6fc347559664\/\" rel=\"attachment wp-att-213529\"><img loading=\"lazy\" decoding=\"async\" class=\" wp-image-213529 alignright\" src=\"https:\/\/www.radiopiu.net\/wordpress\/wp-content\/uploads\/2021\/06\/c0766f2f-bad0-4b99-9b28-6fc347559664-166x300.jpg\" alt=\"\" width=\"104\" height=\"188\" srcset=\"https:\/\/www.radiopiu.net\/wordpress\/wp-content\/uploads\/2021\/06\/c0766f2f-bad0-4b99-9b28-6fc347559664-166x300.jpg 166w, https:\/\/www.radiopiu.net\/wordpress\/wp-content\/uploads\/2021\/06\/c0766f2f-bad0-4b99-9b28-6fc347559664.jpg 566w\" sizes=\"auto, (max-width: 104px) 100vw, 104px\" \/><\/a><\/strong><\/p>\n<p>&nbsp;<\/p>\n<p><strong>IN CISL LA VOCE DEI LAVORATORI, QUINDICINALE APPUNTAMENTO ALLA RADIO ALESSIO PICCOLI, RSU LUXOTTICA SEDICO.\u00a0\u00a0<\/strong><\/p>\n<p><strong><span style=\"color: #ff0000;\">AUDIO<\/span><\/strong><\/p>\n<audio class=\"wp-audio-shortcode\" id=\"audio-213590-6\" preload=\"none\" style=\"width: 100%;\" controls=\"controls\"><source type=\"audio\/mpeg\" src=\"https:\/\/www.radiopiu.net\/wordpress\/wp-content\/uploads\/2021\/06\/CISL.mp3?_=6\" \/><a href=\"https:\/\/www.radiopiu.net\/wordpress\/wp-content\/uploads\/2021\/06\/CISL.mp3\">https:\/\/www.radiopiu.net\/wordpress\/wp-content\/uploads\/2021\/06\/CISL.mp3<\/a><\/audio>\n<p>&nbsp;<\/p>\n<p>&nbsp;<\/p>\n<p>&nbsp;<\/p>\n<hr \/>\n<p>&nbsp;<\/p>\n<p>&nbsp;<\/p>\n<blockquote>\n<h2>TIPI DA SPIAGGIA, COCO BEACH WORK IN PROGRESS<\/h2>\n<\/blockquote>\n<p><img loading=\"lazy\" decoding=\"async\" class=\"alignleft\" src=\"https:\/\/www.radiopiu.net\/wordpress\/wp-content\/uploads\/2021\/06\/194823319_1772256149644160_4456634123329460860_n.jpg\" width=\"239\" height=\"168\" \/> <strong>ALLEGHE<\/strong> Sul lago in navigazione a breve\u2026 la zattera di Caronte. L\u2019idea di Giuseppe Rudatis prende forza, un pedal\u00f2 per collegare le due sponde del lago, ma ci sar\u00e0 anche lo zatterone trainato per il giro del lago, compreso il giro \u201cspritz\u201d con a bordo il \u201cdiavolo\u201d fotografo e cicerone nel racconto della storia del lago di Alleghe dopo la frana. <em>\u201cSe troviamo uno con la chitarra o fisarmonica &#8211; racconta Giuseppe, al secolo il Barone &#8211; renderemo il giro pi\u00f9 bello, la musica \u00e8 comunque assicurata dalla nostra radio\u2026Radio Pi\u00f9 Emittente Agordina\u201d<\/em><\/p>\n<p>&nbsp;<\/p>\n<p>&nbsp;<\/p>\n<p>&nbsp;<\/p>\n<p>&nbsp;<\/p>\n<hr \/>\n<p>&nbsp;<\/p>\n<p>&nbsp;<\/p>\n<blockquote><p><strong><a href=\"https:\/\/play.google.com\/store\/apps\/details?id=net.radiopiu.iniko\" target=\"_blank\" rel=\"noopener noreferrer\"><img loading=\"lazy\" decoding=\"async\" class=\"i09qtzwb n7fi1qx3 datstx6m pmk7jnqg j9ispegn kr520xx4 k4urcfbm alignleft\" src=\"https:\/\/scontent-mxp1-1.xx.fbcdn.net\/v\/t1.6435-0\/s600x600\/192950937_10219140776972288_6699133753035262982_n.jpg?_nc_cat=110&amp;ccb=1-3&amp;_nc_sid=b9115d&amp;_nc_ohc=YSegC1IpI7IAX-yjzGZ&amp;tn=ZnLnDCNpCPSxP-1d&amp;_nc_ht=scontent-mxp1-1.xx&amp;tp=7&amp;oh=aae44140defad982b3253b6181839e84&amp;oe=60DE0202\" alt=\"\" width=\"174\" height=\"377\" \/><\/a>DILLO A RADIO PIU&#8217;&#8230; mancano i cestini per le deiezioni di cani<\/strong><\/p>\n<p><em><strong>ALLEGHE<\/strong> Premessa: noi, come tanti altri, abbiamo un cane. Dopo aver partecipato alla giornata ecologica abbiamo portato all&#8217;attenzione dell&#8217;amministrazione comunale la mancanza di cestini per le deiezioni dei nostri amici a 4 zampe, sulla passeggiata da Vallazza a Santa Maria delle Grazie. Purtroppo noi abbiamo raccolto tante\u00a0 cacchine gi\u00e0 insacchettate, ma abbandonate. La cosa ci ha un po&#8217; rattristato perch\u00e9 i proprietari hanno fatto un lavoro a met\u00e0. Invece ieri abbiamo notato un auto che si \u00e8 fermata lato strada, appena dopo la sede ambulanze andando verso Alleghe, \u00e8 scesa una donna e ha messo il sacchetto del suo cane nel bidone a loro dedicato sul bordo del parco. \u00c8 stato un bell&#8217; esempio di civilt\u00e0, non abbandonato nella natura e neppure gettato nel bidone del bar o di altre attivit\u00e0<\/em><\/p><\/blockquote>\n<p>&nbsp;<\/p>\n<p><strong>Eliana Renon<\/strong><\/p>\n<p>foto&#8230; a proposito di animali: fotografo ad Alleghe<\/p>\n<p>&nbsp;<\/p>\n<p>&nbsp;<\/p>\n<hr \/>\n<blockquote>\n<h3><\/h3>\n<h3>CONCORSO PUBBLICO PER UN ISTRUTTORE<\/h3>\n<\/blockquote>\n<p><strong>FELTRE<\/strong> L&#8217;unione montana Feltrina ha indetto un concorso pubblico<span lang=\"IT\" style=\"font-size: 12.0pt; line-height: 115%; font-family: 'Bookman Old Style';\"> per l&#8217;assunzione a tempo indeterminato e pieno di\u00a0 un Istruttore Tecnico categoria di accesso C presso l\u2019unit\u00e0 organizzativa viabilit\u00e0, verde e difesa del suolo del settore gestione del territorio del Comune di Feltre. <\/span><span lang=\"IT\" style=\"font-size: 12.0pt; line-height: 115%; font-family: 'Bookman Old Style';\">Le domande di partecipazione dovranno essere presentate tramite apposita piattaforma dell&#8217;Unione Montana Feltrina <\/span><span lang=\"IT\" style=\"font-size: 12.0pt; line-height: 115%; font-family: 'Bookman Old Style';\">Termine di scadenza per la presentazione delle domande ore 12 del 19\/07\/2021.\u00a0<\/span><\/p>\n<p>&nbsp;<\/p>\n<hr \/>\n<blockquote><p>&nbsp;<\/p>\n<h3>TRASPORTO PUBBLICO ORARI INVERNALI FINO AL 13 GIUGNO<\/h3>\n<\/blockquote>\n<p><strong>BELLUNO<\/strong> La Dolomitibus informa che la Provincia ha prorogato la validit\u00e0 dell&#8217;orario invernale fino al 13 giugno, dal 7 al 13 il servizio verr\u00e0 effettuato da orario invernale &#8220;non scolastico&#8221;, la lunedi 14 entra in vigore l&#8217;orario estivo.<\/p>\n<blockquote><p>&nbsp;<\/p><\/blockquote>\n<hr \/>\n<p>&nbsp;<\/p>\n<blockquote>\n<h3>LA POLIZIA DI STATO CERCA 15 ATLETI DA ASSEGNARE ALLE FIAMME ORO<\/h3>\n<\/blockquote>\n<p><strong><a href=\"https:\/\/www.radiopiu.net\/wordpress\/questura-2-nuovi-poliziotti-anziche-3\/volante-questura-2\/\" rel=\"attachment wp-att-63841\"><img loading=\"lazy\" decoding=\"async\" class=\" wp-image-63841 alignleft\" src=\"https:\/\/www.radiopiu.net\/wordpress\/wp-content\/uploads\/2018\/10\/Volante-Questura-2.jpg\" alt=\"\" width=\"108\" height=\"108\" srcset=\"https:\/\/www.radiopiu.net\/wordpress\/wp-content\/uploads\/2018\/10\/Volante-Questura-2.jpg 200w, https:\/\/www.radiopiu.net\/wordpress\/wp-content\/uploads\/2018\/10\/Volante-Questura-2-150x150.jpg 150w\" sizes=\"auto, (max-width: 108px) 100vw, 108px\" \/><\/a>BELLUNO\u00a0<\/strong>\u00c8 stato pubblicato il bando di concorso pubblico, per titoli, per l&#8217;assunzione di 15 atleti da assegnare ai gruppi sportivi della Polizia di Stato &#8211; Fiamme Oro che saranno inquadrati nel ruolo di agenti e assistenti della Polizia di Stato. La domanda di partecipazione deve essere compilata e trasmessa entro il 21 giugno utilizzando esclusivamente la procedura online sul sito https:\/\/concorsionline.poliziadistato.it<\/p>\n<p>&nbsp;<\/p>\n<p>&nbsp;<\/p>\n<hr \/>\n<p>&nbsp;<\/p>\n<blockquote>\n<h3>ASSOCIAZIONE PETTIROSSO AGORDINO IN ASSEMBLEA<\/h3>\n<\/blockquote>\n<p><strong>AGORDO<\/strong> Giovedi 10 giugno alle 20 in sala Don Tamis assemblea annuale degli associati alla Pettirosso Agordino. All&#8217;ordine del giorno: relazione del presidente Sonia d&#8217;Agostini, presentazione ed approvazione del bilancio e del programma.<\/p>\n<p>&nbsp;<\/p>\n<hr \/>\n<p>&nbsp;<\/p>\n<blockquote>\n<h3>DAL 7 GIUGNO RIAPRE LA PISCINA DI AGORDO<\/h3>\n<\/blockquote>\n<p><strong><a href=\"https:\/\/www.radiopiu.net\/wordpress\/giornale-radiopiu-02-giugno-2021-direttore-mirko-mezzacasa\/82acac9a-d279-4c86-b53b-3412abc1465c\/\" rel=\"attachment wp-att-213409\"><img loading=\"lazy\" decoding=\"async\" class=\"wp-image-213409 alignleft\" src=\"https:\/\/www.radiopiu.net\/wordpress\/wp-content\/uploads\/2021\/06\/82acac9a-d279-4c86-b53b-3412abc1465c-300x300.jpg\" alt=\"\" width=\"137\" height=\"137\" srcset=\"https:\/\/www.radiopiu.net\/wordpress\/wp-content\/uploads\/2021\/06\/82acac9a-d279-4c86-b53b-3412abc1465c-300x300.jpg 300w, https:\/\/www.radiopiu.net\/wordpress\/wp-content\/uploads\/2021\/06\/82acac9a-d279-4c86-b53b-3412abc1465c-150x150.jpg 150w, https:\/\/www.radiopiu.net\/wordpress\/wp-content\/uploads\/2021\/06\/82acac9a-d279-4c86-b53b-3412abc1465c.jpg 526w\" sizes=\"auto, (max-width: 137px) 100vw, 137px\" \/><\/a> <\/strong><\/p>\n<p><strong>\u00a0<\/strong><strong>AGORDO <\/strong>La piscina comprensoriale di Agordo gestita da Attivamente Agordino SSD riapre al pubblico luned\u00ec 7 giugno 2021. Con il passaggio della Regione Veneto in zona bianca finalmente l\u2019impianto agordino potr\u00e0 ritornare ai ritmi normali, dopo 7 mesi di chiusura, con la drastica sospensione di tutte le attivit\u00e0 organizzate (corsi, ginnastica, riabilitazione e fisioterapia in acqua e nuoto libero). L\u2019apertura garantir\u00e0 tutte le attivit\u00e0 e l\u2019accesso per il nuoto libero in totale sicurezza, seguendo i protocolli imposti dalle linee guida. Riprenderanno dunque i corsi di scuola nuoto bambini, ragazzi e adulti, l\u2019acquafitness (acquagym, circuit training e ginnastica dolce), i corsi baby, babyssimi e gestanti. Si ricorda che \u00e8 obbligatoria la prenotazione per il nuoto libero e i corsi acquafitness, mentre per la prenotazione ai corsi \u00e8 possibile rivolgersi presso la segreteria aperta dal luned\u00ec al venerd\u00ec dalle 14.30 alle 20.00 e il sabato dalle 9.30 alle 13.00. Per info \u00e8 consultabile il nuovo sito web <a href=\"http:\/\/www.piscinacomprensorialeagordina.it\/\">www.piscinacomprensorialeagordina.it<\/a> o potete visitare la pagina Facebook o Instagram.<\/p>\n<p>&nbsp;<\/p>\n<p><span style=\"color: #ff0000;\"><strong><a href=\"https:\/\/www.radiopiu.net\/wordpress\/appuntamento-mensile-con-la-piscina-di-agordo\/piscina-agordo-2\/\" rel=\"attachment wp-att-205123\"><img loading=\"lazy\" decoding=\"async\" class=\"wp-image-205123 alignleft\" src=\"https:\/\/www.radiopiu.net\/wordpress\/wp-content\/uploads\/2021\/04\/PISCINA-AGORDO-300x225.jpg\" alt=\"\" width=\"155\" height=\"116\" srcset=\"https:\/\/www.radiopiu.net\/wordpress\/wp-content\/uploads\/2021\/04\/PISCINA-AGORDO-300x225.jpg 300w, https:\/\/www.radiopiu.net\/wordpress\/wp-content\/uploads\/2021\/04\/PISCINA-AGORDO-1024x768.jpg 1024w, https:\/\/www.radiopiu.net\/wordpress\/wp-content\/uploads\/2021\/04\/PISCINA-AGORDO-768x576.jpg 768w, https:\/\/www.radiopiu.net\/wordpress\/wp-content\/uploads\/2021\/04\/PISCINA-AGORDO-1536x1152.jpg 1536w, https:\/\/www.radiopiu.net\/wordpress\/wp-content\/uploads\/2021\/04\/PISCINA-AGORDO.jpg 1600w\" sizes=\"auto, (max-width: 155px) 100vw, 155px\" \/><\/a>IERI ALLA RADIO, L&#8217;INTERVISTA<\/strong><\/span><\/p>\n<p><span style=\"color: #000000;\"><strong>Dalla piscina comprensoriale<\/strong><\/span><\/p>\n<p><span style=\"color: #000000;\"><strong>di Claudio Fontanive\u00a0\u00a0<\/strong><\/span><\/p>\n<p>&nbsp;<\/p>\n<audio class=\"wp-audio-shortcode\" id=\"audio-213590-7\" preload=\"none\" style=\"width: 100%;\" controls=\"controls\"><source type=\"audio\/mpeg\" src=\"https:\/\/www.radiopiu.net\/wordpress\/wp-content\/uploads\/2021\/06\/piscina-intervista-giugno-2021.mp3?_=7\" \/><a href=\"https:\/\/www.radiopiu.net\/wordpress\/wp-content\/uploads\/2021\/06\/piscina-intervista-giugno-2021.mp3\">https:\/\/www.radiopiu.net\/wordpress\/wp-content\/uploads\/2021\/06\/piscina-intervista-giugno-2021.mp3<\/a><\/audio>\n<p>&nbsp;<\/p>\n<hr \/>\n<p>&nbsp;<\/p>\n<p>&nbsp;<\/p>\n<blockquote>\n<h3>\u00a0IN SALA DON TAMIS\u00a0 ALLE 18 LA CONFERENZA &#8220;IL PAESAGGIO NELL\u2019ARTE. L\u2019ARTE NEL PAESAGGIO&#8221;<\/h3>\n<\/blockquote>\n<p><strong>\u00a0DI GIANNI SANTOMASO<\/strong><\/p>\n<audio class=\"wp-audio-shortcode\" id=\"audio-213590-8\" preload=\"none\" style=\"width: 100%;\" controls=\"controls\"><source type=\"audio\/mpeg\" src=\"https:\/\/www.radiopiu.net\/wordpress\/wp-content\/uploads\/2021\/06\/GIANNI-CONFERENZA-SALA-DON-TAMIS.mp3?_=8\" \/><a href=\"https:\/\/www.radiopiu.net\/wordpress\/wp-content\/uploads\/2021\/06\/GIANNI-CONFERENZA-SALA-DON-TAMIS.mp3\">https:\/\/www.radiopiu.net\/wordpress\/wp-content\/uploads\/2021\/06\/GIANNI-CONFERENZA-SALA-DON-TAMIS.mp3<\/a><\/audio>\n<p>&nbsp;<\/p>\n<p><strong>AGORDO <\/strong>Un flusso di immagini creato da 274 scatti, risultato di una campagna fotografica condotta lungo le valli alpine italiane, dal confine francese a quello sloveno. Attraverso le Alpi \u00e8 il racconto fotografico delle trasformazioni del paesaggio alpino voluto dall\u2019Associazione Architetti Arco Alpino<\/p>\n<p>&nbsp;<\/p>\n<p>&nbsp;<\/p>\n<hr \/>\n<blockquote>\n<h3><\/h3>\n<h3>L&#8217;OM SELAVRECH E IL MATHAROL AL MUSEO DI SERAVELLA<\/h3>\n<\/blockquote>\n<p><strong>CESIOMAGGIORE<\/strong> Attivit\u00e0 dedicate alle famiglie e in particolare ai pi\u00f9 piccoli al museo di Seravella, anche con uno speciale laboratorio sulle figure mitologiche locali, dall\u2019Om Selvarech al Matharol.\u00a0 Domenica 13 giugno alle 15 \u201cDue passi tra i musei di Cesiomaggiore\u201d: laboratorio ludico, caccia al tesoro, l&#8217;audiogioco itinerante \u201cLe stagioni del giardino di Marianna e Martino\u201d. Domenica 20 giugno sempre alle 15 audiogioco \u201cMezzadri mezzi ladri? Peripezie di contadini\u201d nel giardino del Museo etnografico. Per tutte le attivit\u00e0, iscrizioni obbligatorie via whatsapp o sms al 3519927115.<\/p>\n\n\t\t\t<style type='text\/css'>\n\t\t\t\t#gallery-4 {\n\t\t\t\t\tmargin: auto;\n\t\t\t\t}\n\t\t\t\t#gallery-4 .gallery-item {\n\t\t\t\t\tfloat: left;\n\t\t\t\t\tmargin-top: 10px;\n\t\t\t\t\ttext-align: center;\n\t\t\t\t\twidth: 50%;\n\t\t\t\t}\n\t\t\t\t#gallery-4 img {\n\t\t\t\t\tborder: 2px solid #cfcfcf;\n\t\t\t\t}\n\t\t\t\t#gallery-4 .gallery-caption {\n\t\t\t\t\tmargin-left: 0;\n\t\t\t\t}\n\t\t\t\t\/* see gallery_shortcode() in wp-includes\/media.php *\/\n\t\t\t<\/style>\n\t\t<div id='gallery-4' class='dt-gallery-container gallery galleryid-213590 gallery-columns-2 gallery-size-medium'><dl class='gallery-item'>\n\t\t\t\t<dt class='gallery-icon portrait'>\n\t\t\t\t\t<a class=\"rollover rollover-zoom dt-pswp-item\" title=\"IMG_9902-2\" data-dt-img-description=\"\" data-large_image_width=\"720\" data-large_image_height=\"960\"href='https:\/\/www.radiopiu.net\/wordpress\/wp-content\/uploads\/2021\/06\/IMG_9902-2.jpg'><img loading=\"lazy\" decoding=\"async\" width=\"225\" height=\"300\" src=\"https:\/\/www.radiopiu.net\/wordpress\/wp-content\/uploads\/2021\/06\/IMG_9902-2-225x300.jpg\" class=\"attachment-medium size-medium\" alt=\"\" srcset=\"https:\/\/www.radiopiu.net\/wordpress\/wp-content\/uploads\/2021\/06\/IMG_9902-2-225x300.jpg 225w, https:\/\/www.radiopiu.net\/wordpress\/wp-content\/uploads\/2021\/06\/IMG_9902-2.jpg 720w\" sizes=\"auto, (max-width: 225px) 100vw, 225px\" \/><\/a>\n\t\t\t\t<\/dt><\/dl><dl class='gallery-item'>\n\t\t\t\t<dt class='gallery-icon landscape'>\n\t\t\t\t\t<a class=\"rollover rollover-zoom dt-pswp-item\" title=\"IMG_9901-1\" data-dt-img-description=\"\" data-large_image_width=\"960\" data-large_image_height=\"720\"href='https:\/\/www.radiopiu.net\/wordpress\/wp-content\/uploads\/2021\/06\/IMG_9901-1.jpg'><img loading=\"lazy\" decoding=\"async\" width=\"300\" height=\"225\" src=\"https:\/\/www.radiopiu.net\/wordpress\/wp-content\/uploads\/2021\/06\/IMG_9901-1-300x225.jpg\" class=\"attachment-medium size-medium\" alt=\"\" srcset=\"https:\/\/www.radiopiu.net\/wordpress\/wp-content\/uploads\/2021\/06\/IMG_9901-1-300x225.jpg 300w, https:\/\/www.radiopiu.net\/wordpress\/wp-content\/uploads\/2021\/06\/IMG_9901-1-768x576.jpg 768w, https:\/\/www.radiopiu.net\/wordpress\/wp-content\/uploads\/2021\/06\/IMG_9901-1.jpg 960w\" sizes=\"auto, (max-width: 300px) 100vw, 300px\" \/><\/a>\n\t\t\t\t<\/dt><\/dl><br style=\"clear: both\" \/>\n\t\t\t<\/div>\n\n<p>&nbsp;<\/p>\n<p>&nbsp;<\/p>\n<p>&nbsp;<\/p>\n<hr \/>\n<p>&nbsp;<\/p>\n<blockquote>\n<h3>\u00a0RIAPRE IL CASTELLO DI ANDRAZ<\/h3>\n<\/blockquote>\n<p><strong>LIVINALLONGO<\/strong> Il Castello di Andraz riapre al pubblico, grazie alla collaborazione fra il Comune di Livinallongo del Col di Lana e l\u2019Istitut Cultural Ladin Cesa de Jan. Per il <strong>mese di giugno<\/strong> le aperture saranno le seguenti: 2, 5, 6 e, nelle successive settimane, <strong>dal gioved\u00ec alla domenica<\/strong>. L\u2019orario rimarr\u00e0 lo stesso per tutta l\u2019estate e cio\u00e8 dalle 10 alle 12:30 e dalle 14:30 alle 18.<\/p>\n<p>&nbsp;<\/p>\n<p>&nbsp;<\/p>\n<hr \/>\n<p>&nbsp;<\/p>\n<blockquote>\n<h3>DOMENICA GIORNATA DI PULIZIA SUL PIAVE<\/h3>\n<\/blockquote>\n<p><strong>BELLUNO<\/strong> \u00c8 in programma per domenica la prima edizione del Piave Net, una giornata dedicata alla pulizia delle sponde del Piave. Ritrovo alle 8:30, sul posto tutto il necessario per la giornata ecologica (gilet ad alta visibilit\u00e0, guanti protettivi, cappellino, sacchetti e contenitori). Per evitare assembramenti l&#8217;iscrizione deve avvenire presso i referenti di zona.<\/p>\n<p>&nbsp;<\/p>\n<p>&nbsp;<\/p>\n<hr \/>\n<p>&nbsp;<\/p>\n<blockquote>\n<h3>IL CAI DI BELLUNO ORGANIZZA UN&#8217;ESCURSIONE IN VAL DI ZOLDO<\/h3>\n<\/blockquote>\n<p><strong>BELLUNO <\/strong>La sezione di Belluno del Club Alpino Italiano propone, per domenica 6 giugno, un&#8217;escursione nel cuore della Val di Zoldo, accompagnati da Giuliano Dal Mas: Da Pralongo alla Forcella del Col de Michiel per la Croda Daerta , momenti panoramici straordinari sulla Val Pramper. E\u2019 obbligatorio attenersi scrupolosamente alle norme anti-covid e, dunque, nel rispetto degli altri indossare la mascherina durante tutto il percorso, operare il dovuto distanziamento e le iscrizioni, aperte solo ai soci CAI, si effettuano esclusivamente in modalit\u00e0 online. Per maggiori informazioni:\u00a0<a href=\"http:\/\/www.caibelluno.it\/\">www.caibelluno.it<\/a>.<\/p>\n<p>&nbsp;<\/p>\n<p>&nbsp;<\/p>\n<hr \/>\n<p>&nbsp;<\/p>\n<blockquote>\n<h3>&#8220;LE MUSE E LE DOLOMITI&#8221; IN CONCERTO AD AGORDO DOMENICA 6 GIUGNO<\/h3>\n<p>alla radio Oda<\/p>\n<audio class=\"wp-audio-shortcode\" id=\"audio-213590-9\" preload=\"none\" style=\"width: 100%;\" controls=\"controls\"><source type=\"audio\/mpeg\" src=\"https:\/\/www.radiopiu.net\/wordpress\/wp-content\/uploads\/2021\/06\/oda.mp3?_=9\" \/><a href=\"https:\/\/www.radiopiu.net\/wordpress\/wp-content\/uploads\/2021\/06\/oda.mp3\">https:\/\/www.radiopiu.net\/wordpress\/wp-content\/uploads\/2021\/06\/oda.mp3<\/a><\/audio><\/blockquote>\n<p><strong><a href=\"https:\/\/www.radiopiu.net\/wordpress\/le-muse-e-le-dolomiti-il-concerto-ad-agordo-domenica-6-giugno\/musedolomiti_consdir2021\/\" rel=\"attachment wp-att-211621\"><img loading=\"lazy\" decoding=\"async\" class=\"size-medium wp-image-211621 alignleft\" src=\"https:\/\/www.radiopiu.net\/wordpress\/wp-content\/uploads\/2021\/05\/MuseDolomiti_ConsDir2021-300x174.jpg\" alt=\"\" width=\"300\" height=\"174\" srcset=\"https:\/\/www.radiopiu.net\/wordpress\/wp-content\/uploads\/2021\/05\/MuseDolomiti_ConsDir2021-300x174.jpg 300w, https:\/\/www.radiopiu.net\/wordpress\/wp-content\/uploads\/2021\/05\/MuseDolomiti_ConsDir2021-1024x593.jpg 1024w, https:\/\/www.radiopiu.net\/wordpress\/wp-content\/uploads\/2021\/05\/MuseDolomiti_ConsDir2021-768x445.jpg 768w, https:\/\/www.radiopiu.net\/wordpress\/wp-content\/uploads\/2021\/05\/MuseDolomiti_ConsDir2021-1536x890.jpg 1536w, https:\/\/www.radiopiu.net\/wordpress\/wp-content\/uploads\/2021\/05\/MuseDolomiti_ConsDir2021-2048x1187.jpg 2048w\" sizes=\"auto, (max-width: 300px) 100vw, 300px\" \/><\/a>FALCADE <\/strong>Dopo lunghissimi mesi di assenza forzata, in cui il mondo dello spettacolo si \u00e8 fermato, l\u2019Associazione culturale \u201cLe Muse e le Dolomiti\u201d di fatto non si \u00e8 fermata: \u00e8 pronta a riportare la musica e il Belcanto di fronte al pubblico. Si parte con un concerto di solidariet\u00e0 dedicato alle vittime della pandemia e al ricordo degli affetti spezzati. Petite Messe Solennelle, l&#8217;ultima grande opera del compositore Gioacchino Rossini, per solisti, coro, pianoforte e armonium, che Domenica 06 Giugno 2021 alle ore 20.45 nella Chiesa Arcidiaconale di Agordo porter\u00e0 in scena 30 professionisti dello spettacolo. L\u2019appuntamento desidera essere, oltre ad un\u2019opportunit\u00e0 artistica di rilievo, un evento con forte scopo sociale. La cultura e l\u2019arte, fondamenta essenziali della societ\u00e0, hanno il potere di unirci. Ci ricordano che proviamo tutti le stesse emozioni. &#8220;Un concerto per sentirci vicini sia nel lutto per le vittime che nella speranza di uscire al pi\u00f9 presto dalla pandemia. La musica davvero pu\u00f2 essere un\u2019ancora di salvezza per l\u2019anima. Il concerto sar\u00e0 diretto dal Maestro Andrea Gasperin, originario di Belluno; la sua brillante carriera internazionale l\u2019ha portato a lavorare con i pi\u00f9 prestigiosi teatri, maestri e solisti dei nostri tempi. Preparato dal Maestro Paolo Piana, si esibir\u00e0 il Coro Citt\u00e0 di Piazzola sul Brenta, considerato nella regione del Veneto come una delle formazioni corali di maggior spicco. Si esibiranno inoltre Midori Namikawa, soprano; Oda Zoe Hochscheid, contralto; Hun Kim, tenore; Kwangsik Park, basso; Alberto Boischio, pianoforte; Ai Yoshida, armonium.<\/p>\n<p>&nbsp;<\/p>\n<p>&nbsp;<\/p>\n<hr \/>\n<p>&nbsp;<\/p>\n<p>&nbsp;<\/p>\n<blockquote>\n<h3>CLARA GALANTE E OPERA PRIMA CONSORT, DOMENICA ALLE 19 SALA GIOVANNI XXIII<\/h3>\n<\/blockquote>\n<p><strong><a href=\"https:\/\/www.radiopiu.net\/wordpress\/?attachment_id=213304\" rel=\"attachment wp-att-213304\"><img loading=\"lazy\" decoding=\"async\" class=\"size-medium wp-image-213304 alignleft\" src=\"https:\/\/www.radiopiu.net\/wordpress\/wp-content\/uploads\/2021\/06\/Opera-Prima-cd-GRAUN-FOTO-300x207.png\" alt=\"\" width=\"300\" height=\"207\" srcset=\"https:\/\/www.radiopiu.net\/wordpress\/wp-content\/uploads\/2021\/06\/Opera-Prima-cd-GRAUN-FOTO-300x207.png 300w, https:\/\/www.radiopiu.net\/wordpress\/wp-content\/uploads\/2021\/06\/Opera-Prima-cd-GRAUN-FOTO-768x531.png 768w, https:\/\/www.radiopiu.net\/wordpress\/wp-content\/uploads\/2021\/06\/Opera-Prima-cd-GRAUN-FOTO.png 1000w\" sizes=\"auto, (max-width: 300px) 100vw, 300px\" \/><\/a>BELLUNO<\/strong> Un compositore inglese nato nel 1562\u00a0 e un&#8217;opera diventata leggendaria. \u00c8 la serata proposta dal Circolo Culturale Bellunese, domenica 6 giugno 2021, ore 19:00, Teatro Giovanni XXIII, Belluno con un organico di grande interesse. la cantante, attrice e autrice Clara Galante e l&#8217;ensemble Oper Prima Consort, ovvero Bor Zuljan, liuto; Marco Casonato, Noelia Reverte, Alberto Casarin, Rosita Ippolito, viole da gamba e Cristiano Contadin, viola soprano e direzione. In programma, l\u2019esecuzione del ciclo completo delle <em>Lachrimae<\/em> di John Dowland, opera strumentale pubblicata nel 1604.<\/p>\n<blockquote><p><strong>John Dowland<\/strong> \u00e8 il pi\u00f9 insigne tra i compositori inglesi del rinascimento dell\u2019epoca elisabettiana. Compositore, liutista e cantore, nato nel 1562 e morto a Londra nel 1626. <strong>Clara Galante<\/strong> attrice, cantante, autrice, alterna la recitazione, la scrittura, la regia e il canto. Si \u00e8 esibita con successo in Italia e nel mondo e la sua voce spazia dal popolare alla sperimentazione. <strong>Opera Prima<\/strong>, ensemble di recente costituzione diretto da Cristiano Contadin<\/p><\/blockquote>\n<p>Prenotazione presso Agenzia Alpe Bellunese: tel. <strong>0437 940407<\/strong>, e-mail: info@alpebellunese.it<\/p>\n<p>&nbsp;<\/p>\n<p>&nbsp;<\/p>\n<p>&nbsp;<\/p>\n<hr \/>\n<p>&nbsp;<\/p>\n<blockquote>\n<h3>CACCIA PESCA NATURA DIGITAL, INAUGURA L&#8217;IMPORTANZA DELLA FORMAZIONE<\/h3>\n<\/blockquote>\n<p><strong><a href=\"https:\/\/www.radiopiu.net\/wordpress\/giornale-radiopiu-05-maggio-2021-direttore-mirko-mezzacasa\/longarone-fiere-3\/\" rel=\"attachment wp-att-207549\"><img loading=\"lazy\" decoding=\"async\" class=\"size-medium wp-image-207549 alignleft\" src=\"https:\/\/www.radiopiu.net\/wordpress\/wp-content\/uploads\/2021\/05\/LONGARONE-FIERE-300x119.jpg\" alt=\"\" width=\"300\" height=\"119\" srcset=\"https:\/\/www.radiopiu.net\/wordpress\/wp-content\/uploads\/2021\/05\/LONGARONE-FIERE-300x119.jpg 300w, https:\/\/www.radiopiu.net\/wordpress\/wp-content\/uploads\/2021\/05\/LONGARONE-FIERE.jpg 556w\" sizes=\"auto, (max-width: 300px) 100vw, 300px\" \/><\/a>LONGARONE<\/strong> Domani alle 15 si svolger\u00e0 il convegno inaugurale online del nuovo progetto di Longarone Fiere Dolomiti: forum e vetrina di prodotti, attrezzature e servizi per la caccia e la pesca sportiva, potr\u00e0 essere seguito liberamente in diretta streaming sulla home page del sito <a href=\"https:\/\/forum.caccia-pesca-natura.it\/\">https:\/\/forum.caccia-pesca-natura.it<\/a>. Saranno presenti il consigliere regionale Cristiano Corazzari con il Presidente della Provincia Roberto Padrin e il presidente di Longarone Fiere Gian Angelo Bellati. Interverranno: <strong>Gianpietro Possamai <\/strong><em>Consigliere della Regione del Veneto;\u00a0 <\/em><strong>Gianluca Fregolent <\/strong><em>Direzione Agroambiente, programmazione e gestione ittica e faunistico venatoria;\u00a0 <\/em><strong>Franco De Bon <\/strong><em>Consigliere della Provincia di Belluno con delega alla caccia e alla pesca;\u00a0 <\/em><strong>Ettore Zanon <\/strong><em>Coordinatore Accademia Ambiente Foreste e Fauna del Trentino. <\/em><strong>Armando David <\/strong><em>Presidente Riserva Alpina di Caccia di Ospitale di Cadore; <\/em><strong>Filippo Sitran <\/strong><em>Presidente del Bacino di pesca n. 7 Alpago<\/em><\/p>\n<p>&nbsp;<\/p>\n<p>&nbsp;<\/p>\n<p>&nbsp;<\/p>\n<hr \/>\n<p>&nbsp;<\/p>\n<blockquote>\n<h3>RIAPRE IL CENTRO LA SANTINA<\/h3>\n<\/blockquote>\n<p><strong>FELTRE<\/strong> Il 6 giugno riapre al pubblico il centro di educazione ambientale &#8220;La Santina&#8221;, in Val Canzoi.<br \/>\nIl Centro \u00e8 gestito dalle guide ambientali ed escursionistiche della Cooperativa Mazarol, che sono a disposizione di visitatori e turisti per fornire informazioni sul Parco e materiali divulgativi. Per informazioni 329.0040808<\/p>\n<p>&nbsp;<\/p>\n<p>&nbsp;<\/p>\n<hr \/>\n<p>&nbsp;<\/p>\n<blockquote>\n<h3>FALCADE 2005: GLI STADIO DI GAETANO CURRERI PRIMO EVENTO AL PALAFALCADE<\/h3>\n<\/blockquote>\n<p><strong>FALCADE<\/strong> Per iniziativa di un gruppo privato in vacanza bianca a Falcade anche un concerto, degli Stadio al Palazzetto accanto all&#8217;Istituto Alberghiero. Non era ancora definitivamente determinato ma gi\u00e0 dava prova di essere un contenitore per appuntamenti importanti. Sono seguiti i concerti con Radio Pi\u00f9, Comune di Falcade, Consorzio Turistico, Giulia Serafini: Anna Oxa, Ron, Nomadi (due volte), Giacobazzi, Fichi d&#8217;India, Dolcenera, Eugenio Finardi<\/p>\n<p>&nbsp;<\/p>\n\n\t\t\t<style type='text\/css'>\n\t\t\t\t#gallery-5 {\n\t\t\t\t\tmargin: auto;\n\t\t\t\t}\n\t\t\t\t#gallery-5 .gallery-item {\n\t\t\t\t\tfloat: left;\n\t\t\t\t\tmargin-top: 10px;\n\t\t\t\t\ttext-align: center;\n\t\t\t\t\twidth: 16%;\n\t\t\t\t}\n\t\t\t\t#gallery-5 img {\n\t\t\t\t\tborder: 2px solid #cfcfcf;\n\t\t\t\t}\n\t\t\t\t#gallery-5 .gallery-caption {\n\t\t\t\t\tmargin-left: 0;\n\t\t\t\t}\n\t\t\t\t\/* see gallery_shortcode() in wp-includes\/media.php *\/\n\t\t\t<\/style>\n\t\t<div id='gallery-5' class='dt-gallery-container gallery galleryid-213590 gallery-columns-6 gallery-size-thumbnail'><dl class='gallery-item'>\n\t\t\t\t<dt class='gallery-icon landscape'>\n\t\t\t\t\t<a class=\"rollover rollover-zoom dt-pswp-item\" title=\"KONICA MINOLTA DIGITAL CAMERA\" data-dt-img-description=\"\" data-large_image_width=\"1600\" data-large_image_height=\"1200\"href='https:\/\/www.radiopiu.net\/wordpress\/wp-content\/uploads\/2021\/06\/PICT6747.jpg'><img loading=\"lazy\" decoding=\"async\" width=\"150\" height=\"150\" src=\"https:\/\/www.radiopiu.net\/wordpress\/wp-content\/uploads\/2021\/06\/PICT6747-150x150.jpg\" class=\"attachment-thumbnail size-thumbnail\" alt=\"\" \/><\/a>\n\t\t\t\t<\/dt><\/dl><dl class='gallery-item'>\n\t\t\t\t<dt class='gallery-icon landscape'>\n\t\t\t\t\t<a class=\"rollover rollover-zoom dt-pswp-item\" title=\"KONICA MINOLTA DIGITAL CAMERA\" data-dt-img-description=\"\" data-large_image_width=\"1600\" data-large_image_height=\"1200\"href='https:\/\/www.radiopiu.net\/wordpress\/wp-content\/uploads\/2021\/06\/PICT6745.jpg'><img loading=\"lazy\" decoding=\"async\" width=\"150\" height=\"150\" src=\"https:\/\/www.radiopiu.net\/wordpress\/wp-content\/uploads\/2021\/06\/PICT6745-150x150.jpg\" class=\"attachment-thumbnail size-thumbnail\" alt=\"\" \/><\/a>\n\t\t\t\t<\/dt><\/dl><dl class='gallery-item'>\n\t\t\t\t<dt class='gallery-icon landscape'>\n\t\t\t\t\t<a class=\"rollover rollover-zoom dt-pswp-item\" title=\"KONICA MINOLTA DIGITAL CAMERA\" data-dt-img-description=\"\" data-large_image_width=\"1600\" data-large_image_height=\"1200\"href='https:\/\/www.radiopiu.net\/wordpress\/wp-content\/uploads\/2021\/06\/PICT6746.jpg'><img loading=\"lazy\" decoding=\"async\" width=\"150\" height=\"150\" src=\"https:\/\/www.radiopiu.net\/wordpress\/wp-content\/uploads\/2021\/06\/PICT6746-150x150.jpg\" class=\"attachment-thumbnail size-thumbnail\" alt=\"\" \/><\/a>\n\t\t\t\t<\/dt><\/dl><dl class='gallery-item'>\n\t\t\t\t<dt class='gallery-icon landscape'>\n\t\t\t\t\t<a class=\"rollover rollover-zoom dt-pswp-item\" title=\"KONICA MINOLTA DIGITAL CAMERA\" data-dt-img-description=\"\" data-large_image_width=\"1600\" data-large_image_height=\"1200\"href='https:\/\/www.radiopiu.net\/wordpress\/wp-content\/uploads\/2021\/06\/PICT6744.jpg'><img loading=\"lazy\" decoding=\"async\" width=\"150\" height=\"150\" src=\"https:\/\/www.radiopiu.net\/wordpress\/wp-content\/uploads\/2021\/06\/PICT6744-150x150.jpg\" class=\"attachment-thumbnail size-thumbnail\" alt=\"\" \/><\/a>\n\t\t\t\t<\/dt><\/dl><dl class='gallery-item'>\n\t\t\t\t<dt class='gallery-icon landscape'>\n\t\t\t\t\t<a class=\"rollover rollover-zoom dt-pswp-item\" title=\"KONICA MINOLTA DIGITAL CAMERA\" data-dt-img-description=\"\" data-large_image_width=\"1600\" data-large_image_height=\"1200\"href='https:\/\/www.radiopiu.net\/wordpress\/wp-content\/uploads\/2021\/06\/PICT6743.jpg'><img loading=\"lazy\" decoding=\"async\" width=\"150\" height=\"150\" src=\"https:\/\/www.radiopiu.net\/wordpress\/wp-content\/uploads\/2021\/06\/PICT6743-150x150.jpg\" class=\"attachment-thumbnail size-thumbnail\" alt=\"\" \/><\/a>\n\t\t\t\t<\/dt><\/dl><dl class='gallery-item'>\n\t\t\t\t<dt class='gallery-icon landscape'>\n\t\t\t\t\t<a class=\"rollover rollover-zoom dt-pswp-item\" title=\"KONICA MINOLTA DIGITAL CAMERA\" data-dt-img-description=\"\" data-large_image_width=\"1600\" data-large_image_height=\"1200\"href='https:\/\/www.radiopiu.net\/wordpress\/wp-content\/uploads\/2021\/06\/PICT6748.jpg'><img loading=\"lazy\" decoding=\"async\" width=\"150\" height=\"150\" src=\"https:\/\/www.radiopiu.net\/wordpress\/wp-content\/uploads\/2021\/06\/PICT6748-150x150.jpg\" class=\"attachment-thumbnail size-thumbnail\" alt=\"\" \/><\/a>\n\t\t\t\t<\/dt><\/dl><br style=\"clear: both\" \/><dl class='gallery-item'>\n\t\t\t\t<dt class='gallery-icon landscape'>\n\t\t\t\t\t<a class=\"rollover rollover-zoom dt-pswp-item\" title=\"KONICA MINOLTA DIGITAL CAMERA\" data-dt-img-description=\"\" data-large_image_width=\"1600\" data-large_image_height=\"1200\"href='https:\/\/www.radiopiu.net\/wordpress\/wp-content\/uploads\/2021\/06\/PICT6740.jpg'><img loading=\"lazy\" decoding=\"async\" width=\"150\" height=\"150\" src=\"https:\/\/www.radiopiu.net\/wordpress\/wp-content\/uploads\/2021\/06\/PICT6740-150x150.jpg\" class=\"attachment-thumbnail size-thumbnail\" alt=\"\" \/><\/a>\n\t\t\t\t<\/dt><\/dl><dl class='gallery-item'>\n\t\t\t\t<dt class='gallery-icon landscape'>\n\t\t\t\t\t<a class=\"rollover rollover-zoom dt-pswp-item\" title=\"KONICA MINOLTA DIGITAL CAMERA\" data-dt-img-description=\"\" data-large_image_width=\"1600\" data-large_image_height=\"1200\"href='https:\/\/www.radiopiu.net\/wordpress\/wp-content\/uploads\/2021\/06\/PICT6739.jpg'><img loading=\"lazy\" decoding=\"async\" width=\"150\" height=\"150\" src=\"https:\/\/www.radiopiu.net\/wordpress\/wp-content\/uploads\/2021\/06\/PICT6739-150x150.jpg\" class=\"attachment-thumbnail size-thumbnail\" alt=\"\" \/><\/a>\n\t\t\t\t<\/dt><\/dl><dl class='gallery-item'>\n\t\t\t\t<dt class='gallery-icon landscape'>\n\t\t\t\t\t<a class=\"rollover rollover-zoom dt-pswp-item\" title=\"KONICA MINOLTA DIGITAL CAMERA\" data-dt-img-description=\"\" data-large_image_width=\"1600\" data-large_image_height=\"1200\"href='https:\/\/www.radiopiu.net\/wordpress\/wp-content\/uploads\/2021\/06\/PICT6738.jpg'><img loading=\"lazy\" decoding=\"async\" width=\"150\" height=\"150\" src=\"https:\/\/www.radiopiu.net\/wordpress\/wp-content\/uploads\/2021\/06\/PICT6738-150x150.jpg\" class=\"attachment-thumbnail size-thumbnail\" alt=\"\" \/><\/a>\n\t\t\t\t<\/dt><\/dl><dl class='gallery-item'>\n\t\t\t\t<dt class='gallery-icon landscape'>\n\t\t\t\t\t<a class=\"rollover rollover-zoom dt-pswp-item\" title=\"KONICA MINOLTA DIGITAL CAMERA\" data-dt-img-description=\"\" data-large_image_width=\"1600\" data-large_image_height=\"1200\"href='https:\/\/www.radiopiu.net\/wordpress\/wp-content\/uploads\/2021\/06\/PICT6751.jpg'><img loading=\"lazy\" decoding=\"async\" width=\"150\" height=\"150\" src=\"https:\/\/www.radiopiu.net\/wordpress\/wp-content\/uploads\/2021\/06\/PICT6751-150x150.jpg\" class=\"attachment-thumbnail size-thumbnail\" alt=\"\" \/><\/a>\n\t\t\t\t<\/dt><\/dl><dl class='gallery-item'>\n\t\t\t\t<dt class='gallery-icon landscape'>\n\t\t\t\t\t<a class=\"rollover rollover-zoom dt-pswp-item\" title=\"KONICA MINOLTA DIGITAL CAMERA\" data-dt-img-description=\"\" data-large_image_width=\"1600\" data-large_image_height=\"1200\"href='https:\/\/www.radiopiu.net\/wordpress\/wp-content\/uploads\/2021\/06\/PICT6749.jpg'><img loading=\"lazy\" decoding=\"async\" width=\"150\" height=\"150\" src=\"https:\/\/www.radiopiu.net\/wordpress\/wp-content\/uploads\/2021\/06\/PICT6749-150x150.jpg\" class=\"attachment-thumbnail size-thumbnail\" alt=\"\" \/><\/a>\n\t\t\t\t<\/dt><\/dl>\n\t\t\t\t<br style='clear: both' \/>\n\t\t\t<\/div>\n\n<p>&nbsp;<\/p>\n<hr \/>\n<p>&nbsp;<\/p>\n<blockquote>\n<h3>RIVAMONTE. \u201cFINESTRA\u201d SULLE FRAZIONI DI: FOCA, FONTANELLE, FRANCHE E FRELE<\/h3>\n<\/blockquote>\n<p><strong>di Renato Bona<\/strong><\/p>\n<p>Proseguendo il nostro \u201cviaggio\u201d in quel di Rivamonte Agordino, le sue frazioni e le sue borgate, facciamo tappa a Foca, Fontanelle, Franche e Frele, grazie al libro \u201cUna finestra su Riva\u201d edito a cura del Club Unesco Agordino presieduto dal caro amico Giuliano Laveder (nella foto di Radio Pi\u00f9), con il patrocinio di Ficlu, vale a dire la Federazione italiana club e centri Unesco, membro della federazione mondiale, con stampa (ottobre 2013) e grafica della tipografia Castaldi di Agordo. Iniziativa di ricerca e testimonianza esemplare, che molte realt\u00e0 della provincia dovrebbero imitare\u2026 Laveder e gli altri curatori dell\u2019opera: Rita Mottes, Emilia Sommariva e Caterina Tazzer, nell\u2019introduzione rivolgono \u201ci pi\u00f9 sinceri ringraziamenti a quanti hanno donato le immagini e agli informatori, numerosissimi, perch\u00e9 senza di loro questa \u2018finestra\u2019 su Rivamonte che racconta chi siamo e da dove veniamo, non sarebbe stata possibile\u201d. Ricordato poi che nel 1938 Rivamonte contava 38 frazioni e localit\u00e0 e di alcune non sono state reperite immagini, le elenca tutte per \u201cdare loro la giusta attenzione, in memoria di tutti gli abitanti che in queste sono nati e che vi hanno trascorso la loro vita\u201d e citano la localit\u00e0 N\u00f3f dove abitava una famiglia che era registrata sotto la frazione Castei. Esprimono poi l\u2019auspicio che il libro \u201cpossa essere anche uno stimolo per andare a riscoprire alcuni di questi angoli con occhi curiosi e vedere Rivamonte sotto una luce nuova\u201d. Ed eccoci a commentare le splendide immagini (Breveglieri, Burloni, A. Case, don Elio Cesco, Della Lucia, Ganz Falcade, Giorgio Fontanive, Cesare Gnech, Gubert, Giuliano Laveder, Piatti, don Giovanni Ren) con coordinamento didascalico di Emilia Sommariva. FOCA: Veduta degli anni \u201950: sulla destra \u00e8 visibile, con le sue stalle e la strada che portava al villaggio della Foca; la strada, che proseguiva verso le miniere di Valle Imperina, era percorsa quotidianamente, anche di notte a seconda dei turni, dai minatori di Tos, Valchesina e anche di Tiser. Immagine dell\u2019anziana Maria Zanin (Rossa) nella stessa epoca alla Foca dove, nella bella stagione, si era accolti dal profumo e dai colori dei fiori e dalle numerose piante da frutto, il terreno aveva ripreso ad essere ricco e fertile, cosa difficile da pensare negli anni in cui le attivit\u00e0 connesse alla miniera avevano reso complessivamente brulle le pendici circostanti. La famiglia di Carlo Zanin del Pat\u00e0col, anni \u201930: da sinistra,m davanti: Maria, Fioretta Fossen nonna di Antonietta Pasquali, Luigi e Gianni; da sinistra, dietro: Alba, Amalia e Dina. Foca, anni \u201960:a destra Clementina Pizzero (C\u00f2chi) ed il fratello Mario; anni \u201940:Maria Zanin e sorella; va ricordato che nel 1944 gli abitanti della Foca erano undici!; foto di gruppo per abitanti della frazione durante i lavori estivi di fienagione; negli anni \u201950 le famiglie erano queste: Caterina Xaiz, Carlo Zanin (Pat\u00e0col) e Amalia, Igino Schena (Gino) e Gemma (madre di Mario e Clementina, detta C\u00f2chi), Carla e Maria (delle Rosse); sempre a Foca, anni \u201930: da sinistra le sorelle Gemma (madre di Clementina pizzero), Carmela (figlia della Rossa) e Maria Schena. Siamo a FONTANELLA, con la sola immagine della Cooperativa Agricola Canop che \u00e8 stata costituita il 14 novembre 1975 e contava alla sua nascita 31 soci (attualmente sono la met\u00e0). E continuiamo con FRANCHE: panoramica di Rivamonte da Forcella Franche, anni \u201950; ciclisti sulla strada verso Franche negli anni \u201930, sulla destra Pietro Fossen, fratello di Paolino dei Marang\u00f3i, emigrato in Francia negli anni \u201930 e sposato con la Gigia del Tiri; cava di Franche, 1959: Pietro Casera ottenne nel 1931 l\u2019autorizzazione per riattivare la fornace a calce ancora oggi visibile nella localit\u00e0 Col del Mut; veduta di Rivamone da Forcella Franche, anni \u201940; Luigi Schena (Lisi) con la moglie Maria Elisa Fossen, Forcella Franche anni \u201950; festa da ballo a Ronch\u00e8i nel luglio 1936; una curiosit\u00e0: proprio da Ronch\u00e8i proveniva la sabbia utilizzata nella costruzione delle abitazioni di Rivamonte. Conclusione con FRELE: una veduta dei Frele dell\u2019estate 1993; infine: anni \u201980, da sinistra: Celeste Gnech e Vittorina Andriollo.<\/p>\n\n\t\t\t<style type='text\/css'>\n\t\t\t\t#gallery-6 {\n\t\t\t\t\tmargin: auto;\n\t\t\t\t}\n\t\t\t\t#gallery-6 .gallery-item {\n\t\t\t\t\tfloat: left;\n\t\t\t\t\tmargin-top: 10px;\n\t\t\t\t\ttext-align: center;\n\t\t\t\t\twidth: 11%;\n\t\t\t\t}\n\t\t\t\t#gallery-6 img {\n\t\t\t\t\tborder: 2px solid #cfcfcf;\n\t\t\t\t}\n\t\t\t\t#gallery-6 .gallery-caption {\n\t\t\t\t\tmargin-left: 0;\n\t\t\t\t}\n\t\t\t\t\/* see gallery_shortcode() in wp-includes\/media.php *\/\n\t\t\t<\/style>\n\t\t<div id='gallery-6' class='dt-gallery-container gallery galleryid-213590 gallery-columns-9 gallery-size-thumbnail'><dl class='gallery-item'>\n\t\t\t\t<dt class='gallery-icon landscape'>\n\t\t\t\t\t<a class=\"rollover rollover-zoom dt-pswp-item\" title=\"194479748_1041146270039807_6154429816734227836_n\" data-dt-img-description=\"\" data-large_image_width=\"600\" data-large_image_height=\"401\"href='https:\/\/www.radiopiu.net\/wordpress\/wp-content\/uploads\/2021\/06\/194479748_1041146270039807_6154429816734227836_n.jpg'><img loading=\"lazy\" decoding=\"async\" width=\"150\" height=\"150\" src=\"https:\/\/www.radiopiu.net\/wordpress\/wp-content\/uploads\/2021\/06\/194479748_1041146270039807_6154429816734227836_n-150x150.jpg\" class=\"attachment-thumbnail size-thumbnail\" alt=\"\" \/><\/a>\n\t\t\t\t<\/dt><\/dl><dl class='gallery-item'>\n\t\t\t\t<dt class='gallery-icon portrait'>\n\t\t\t\t\t<a class=\"rollover rollover-zoom dt-pswp-item\" title=\"195011453_1219047718549517_3411579476212663887_n\" data-dt-img-description=\"\" data-large_image_width=\"197\" data-large_image_height=\"255\"href='https:\/\/www.radiopiu.net\/wordpress\/wp-content\/uploads\/2021\/06\/195011453_1219047718549517_3411579476212663887_n.jpg'><img loading=\"lazy\" decoding=\"async\" width=\"150\" height=\"150\" src=\"https:\/\/www.radiopiu.net\/wordpress\/wp-content\/uploads\/2021\/06\/195011453_1219047718549517_3411579476212663887_n-150x150.jpg\" class=\"attachment-thumbnail size-thumbnail\" alt=\"\" \/><\/a>\n\t\t\t\t<\/dt><\/dl><dl class='gallery-item'>\n\t\t\t\t<dt class='gallery-icon portrait'>\n\t\t\t\t\t<a class=\"rollover rollover-zoom dt-pswp-item\" title=\"194801293_835703293713690_1631581334481594576_n\" data-dt-img-description=\"\" data-large_image_width=\"320\" data-large_image_height=\"463\"href='https:\/\/www.radiopiu.net\/wordpress\/wp-content\/uploads\/2021\/06\/194801293_835703293713690_1631581334481594576_n.jpg'><img loading=\"lazy\" decoding=\"async\" width=\"150\" height=\"150\" src=\"https:\/\/www.radiopiu.net\/wordpress\/wp-content\/uploads\/2021\/06\/194801293_835703293713690_1631581334481594576_n-150x150.jpg\" class=\"attachment-thumbnail size-thumbnail\" alt=\"\" \/><\/a>\n\t\t\t\t<\/dt><\/dl><dl class='gallery-item'>\n\t\t\t\t<dt class='gallery-icon landscape'>\n\t\t\t\t\t<a class=\"rollover rollover-zoom dt-pswp-item\" title=\"194958367_948272986026443_5061019604381757105_n\" data-dt-img-description=\"\" data-large_image_width=\"563\" data-large_image_height=\"403\"href='https:\/\/www.radiopiu.net\/wordpress\/wp-content\/uploads\/2021\/06\/194958367_948272986026443_5061019604381757105_n.jpg'><img loading=\"lazy\" decoding=\"async\" width=\"150\" height=\"150\" src=\"https:\/\/www.radiopiu.net\/wordpress\/wp-content\/uploads\/2021\/06\/194958367_948272986026443_5061019604381757105_n-150x150.jpg\" class=\"attachment-thumbnail size-thumbnail\" alt=\"\" \/><\/a>\n\t\t\t\t<\/dt><\/dl><dl class='gallery-item'>\n\t\t\t\t<dt class='gallery-icon portrait'>\n\t\t\t\t\t<a class=\"rollover rollover-zoom dt-pswp-item\" title=\"195339036_771194466878612_9065631019275970858_n\" data-dt-img-description=\"\" data-large_image_width=\"343\" data-large_image_height=\"403\"href='https:\/\/www.radiopiu.net\/wordpress\/wp-content\/uploads\/2021\/06\/195339036_771194466878612_9065631019275970858_n.jpg'><img loading=\"lazy\" decoding=\"async\" width=\"150\" height=\"150\" src=\"https:\/\/www.radiopiu.net\/wordpress\/wp-content\/uploads\/2021\/06\/195339036_771194466878612_9065631019275970858_n-150x150.jpg\" class=\"attachment-thumbnail size-thumbnail\" alt=\"\" \/><\/a>\n\t\t\t\t<\/dt><\/dl><dl class='gallery-item'>\n\t\t\t\t<dt class='gallery-icon portrait'>\n\t\t\t\t\t<a class=\"rollover rollover-zoom dt-pswp-item\" title=\"195397425_811097809828544_6167780436518585775_n\" data-dt-img-description=\"\" data-large_image_width=\"355\" data-large_image_height=\"403\"href='https:\/\/www.radiopiu.net\/wordpress\/wp-content\/uploads\/2021\/06\/195397425_811097809828544_6167780436518585775_n.jpg'><img loading=\"lazy\" decoding=\"async\" width=\"150\" height=\"150\" src=\"https:\/\/www.radiopiu.net\/wordpress\/wp-content\/uploads\/2021\/06\/195397425_811097809828544_6167780436518585775_n-150x150.jpg\" class=\"attachment-thumbnail size-thumbnail\" alt=\"\" \/><\/a>\n\t\t\t\t<\/dt><\/dl><dl class='gallery-item'>\n\t\t\t\t<dt class='gallery-icon landscape'>\n\t\t\t\t\t<a class=\"rollover rollover-zoom dt-pswp-item\" title=\"195295578_1454876604848176_8042319028563423715_n\" data-dt-img-description=\"\" data-large_image_width=\"411\" data-large_image_height=\"403\"href='https:\/\/www.radiopiu.net\/wordpress\/wp-content\/uploads\/2021\/06\/195295578_1454876604848176_8042319028563423715_n.jpg'><img loading=\"lazy\" decoding=\"async\" width=\"150\" height=\"150\" src=\"https:\/\/www.radiopiu.net\/wordpress\/wp-content\/uploads\/2021\/06\/195295578_1454876604848176_8042319028563423715_n-150x150.jpg\" class=\"attachment-thumbnail size-thumbnail\" alt=\"\" \/><\/a>\n\t\t\t\t<\/dt><\/dl><dl class='gallery-item'>\n\t\t\t\t<dt class='gallery-icon portrait'>\n\t\t\t\t\t<a class=\"rollover rollover-zoom dt-pswp-item\" title=\"194453130_466359994656024_7617542597810771042_n\" data-dt-img-description=\"\" data-large_image_width=\"299\" data-large_image_height=\"403\"href='https:\/\/www.radiopiu.net\/wordpress\/wp-content\/uploads\/2021\/06\/194453130_466359994656024_7617542597810771042_n.jpg'><img loading=\"lazy\" decoding=\"async\" width=\"150\" height=\"150\" src=\"https:\/\/www.radiopiu.net\/wordpress\/wp-content\/uploads\/2021\/06\/194453130_466359994656024_7617542597810771042_n-150x150.jpg\" class=\"attachment-thumbnail size-thumbnail\" alt=\"\" \/><\/a>\n\t\t\t\t<\/dt><\/dl><dl class='gallery-item'>\n\t\t\t\t<dt class='gallery-icon landscape'>\n\t\t\t\t\t<a class=\"rollover rollover-zoom dt-pswp-item\" title=\"195793423_957504418340526_3589121395816713399_n\" data-dt-img-description=\"\" data-large_image_width=\"639\" data-large_image_height=\"403\"href='https:\/\/www.radiopiu.net\/wordpress\/wp-content\/uploads\/2021\/06\/195793423_957504418340526_3589121395816713399_n.jpg'><img loading=\"lazy\" decoding=\"async\" width=\"150\" height=\"150\" src=\"https:\/\/www.radiopiu.net\/wordpress\/wp-content\/uploads\/2021\/06\/195793423_957504418340526_3589121395816713399_n-150x150.jpg\" class=\"attachment-thumbnail size-thumbnail\" alt=\"\" \/><\/a>\n\t\t\t\t<\/dt><\/dl><br style=\"clear: both\" \/><dl class='gallery-item'>\n\t\t\t\t<dt class='gallery-icon portrait'>\n\t\t\t\t\t<a class=\"rollover rollover-zoom dt-pswp-item\" title=\"194610805_500992337623253_2943895709736539178_n\" data-dt-img-description=\"\" data-large_image_width=\"320\" data-large_image_height=\"453\"href='https:\/\/www.radiopiu.net\/wordpress\/wp-content\/uploads\/2021\/06\/194610805_500992337623253_2943895709736539178_n.jpg'><img loading=\"lazy\" decoding=\"async\" width=\"150\" height=\"150\" src=\"https:\/\/www.radiopiu.net\/wordpress\/wp-content\/uploads\/2021\/06\/194610805_500992337623253_2943895709736539178_n-150x150.jpg\" class=\"attachment-thumbnail size-thumbnail\" alt=\"\" \/><\/a>\n\t\t\t\t<\/dt><\/dl><dl class='gallery-item'>\n\t\t\t\t<dt class='gallery-icon portrait'>\n\t\t\t\t\t<a class=\"rollover rollover-zoom dt-pswp-item\" title=\"194425093_150079600477909_3485835696458303352_n\" data-dt-img-description=\"\" data-large_image_width=\"320\" data-large_image_height=\"473\"href='https:\/\/www.radiopiu.net\/wordpress\/wp-content\/uploads\/2021\/06\/194425093_150079600477909_3485835696458303352_n.jpg'><img loading=\"lazy\" decoding=\"async\" width=\"150\" height=\"150\" src=\"https:\/\/www.radiopiu.net\/wordpress\/wp-content\/uploads\/2021\/06\/194425093_150079600477909_3485835696458303352_n-150x150.jpg\" class=\"attachment-thumbnail size-thumbnail\" alt=\"\" \/><\/a>\n\t\t\t\t<\/dt><\/dl><dl class='gallery-item'>\n\t\t\t\t<dt class='gallery-icon landscape'>\n\t\t\t\t\t<a class=\"rollover rollover-zoom dt-pswp-item\" title=\"195536826_182175287044364_6667683284182355860_n\" data-dt-img-description=\"\" data-large_image_width=\"590\" data-large_image_height=\"403\"href='https:\/\/www.radiopiu.net\/wordpress\/wp-content\/uploads\/2021\/06\/195536826_182175287044364_6667683284182355860_n.jpg'><img loading=\"lazy\" decoding=\"async\" width=\"150\" height=\"150\" src=\"https:\/\/www.radiopiu.net\/wordpress\/wp-content\/uploads\/2021\/06\/195536826_182175287044364_6667683284182355860_n-150x150.jpg\" class=\"attachment-thumbnail size-thumbnail\" alt=\"\" \/><\/a>\n\t\t\t\t<\/dt><\/dl><dl class='gallery-item'>\n\t\t\t\t<dt class='gallery-icon portrait'>\n\t\t\t\t\t<a class=\"rollover rollover-zoom dt-pswp-item\" title=\"195558060_511145710220874_2756973799698462760_n\" data-dt-img-description=\"\" data-large_image_width=\"336\" data-large_image_height=\"403\"href='https:\/\/www.radiopiu.net\/wordpress\/wp-content\/uploads\/2021\/06\/195558060_511145710220874_2756973799698462760_n.jpg'><img loading=\"lazy\" decoding=\"async\" width=\"150\" height=\"150\" src=\"https:\/\/www.radiopiu.net\/wordpress\/wp-content\/uploads\/2021\/06\/195558060_511145710220874_2756973799698462760_n-150x150.jpg\" class=\"attachment-thumbnail size-thumbnail\" alt=\"\" \/><\/a>\n\t\t\t\t<\/dt><\/dl><dl class='gallery-item'>\n\t\t\t\t<dt class='gallery-icon portrait'>\n\t\t\t\t\t<a class=\"rollover rollover-zoom dt-pswp-item\" title=\"196028759_386796342654517_5994435353963942205_n\" data-dt-img-description=\"\" data-large_image_width=\"300\" data-large_image_height=\"417\"href='https:\/\/www.radiopiu.net\/wordpress\/wp-content\/uploads\/2021\/06\/196028759_386796342654517_5994435353963942205_n.jpg'><img loading=\"lazy\" decoding=\"async\" width=\"150\" height=\"150\" src=\"https:\/\/www.radiopiu.net\/wordpress\/wp-content\/uploads\/2021\/06\/196028759_386796342654517_5994435353963942205_n-150x150.jpg\" class=\"attachment-thumbnail size-thumbnail\" alt=\"\" \/><\/a>\n\t\t\t\t<\/dt><\/dl><dl class='gallery-item'>\n\t\t\t\t<dt class='gallery-icon portrait'>\n\t\t\t\t\t<a class=\"rollover rollover-zoom dt-pswp-item\" title=\"195114767_320702846293315_5603415804945224096_n\" data-dt-img-description=\"\" data-large_image_width=\"332\" data-large_image_height=\"403\"href='https:\/\/www.radiopiu.net\/wordpress\/wp-content\/uploads\/2021\/06\/195114767_320702846293315_5603415804945224096_n.jpg'><img loading=\"lazy\" decoding=\"async\" width=\"150\" height=\"150\" src=\"https:\/\/www.radiopiu.net\/wordpress\/wp-content\/uploads\/2021\/06\/195114767_320702846293315_5603415804945224096_n-150x150.jpg\" class=\"attachment-thumbnail size-thumbnail\" alt=\"\" \/><\/a>\n\t\t\t\t<\/dt><\/dl><dl class='gallery-item'>\n\t\t\t\t<dt class='gallery-icon landscape'>\n\t\t\t\t\t<a class=\"rollover rollover-zoom dt-pswp-item\" title=\"194905935_3119334684969822_5888084034053196952_n\" data-dt-img-description=\"\" data-large_image_width=\"694\" data-large_image_height=\"403\"href='https:\/\/www.radiopiu.net\/wordpress\/wp-content\/uploads\/2021\/06\/194905935_3119334684969822_5888084034053196952_n.jpg'><img loading=\"lazy\" decoding=\"async\" width=\"150\" height=\"150\" src=\"https:\/\/www.radiopiu.net\/wordpress\/wp-content\/uploads\/2021\/06\/194905935_3119334684969822_5888084034053196952_n-150x150.jpg\" class=\"attachment-thumbnail size-thumbnail\" alt=\"\" \/><\/a>\n\t\t\t\t<\/dt><\/dl><dl class='gallery-item'>\n\t\t\t\t<dt class='gallery-icon portrait'>\n\t\t\t\t\t<a class=\"rollover rollover-zoom dt-pswp-item\" title=\"195608839_1174104723071722_6735257170186860009_n\" data-dt-img-description=\"\" data-large_image_width=\"299\" data-large_image_height=\"403\"href='https:\/\/www.radiopiu.net\/wordpress\/wp-content\/uploads\/2021\/06\/195608839_1174104723071722_6735257170186860009_n.jpg'><img loading=\"lazy\" decoding=\"async\" width=\"150\" height=\"150\" src=\"https:\/\/www.radiopiu.net\/wordpress\/wp-content\/uploads\/2021\/06\/195608839_1174104723071722_6735257170186860009_n-150x150.jpg\" class=\"attachment-thumbnail size-thumbnail\" alt=\"\" \/><\/a>\n\t\t\t\t<\/dt><\/dl>\n\t\t\t\t<br style='clear: both' \/>\n\t\t\t<\/div>\n\n<p>&nbsp;<\/p>\n<p>&nbsp;<\/p>\n<p>&nbsp;<\/p>\n<hr \/>\n<blockquote>\n<h2><\/h2>\n<h2>FANTASTICHE DOLOMITI, NUOVA STAGIONE. APPUNTAMENTO QUINDICINALE IL GIOVEDI ALLE 10.30 E 19.00<\/h2>\n<\/blockquote>\n<h2><\/h2>\n<h2><span style=\"color: #ff0000;\"><strong><a class=\"dt-pswp-item\" href=\"https:\/\/www.radiopiu.net\/wordpress\/wp-content\/uploads\/2020\/08\/montagna-2020-scaled.jpg\" data-dt-img-description=\"\" data-large_image_width=\"2560\" data-large_image_height=\"1440\"><img loading=\"lazy\" decoding=\"async\" class=\"wp-image-158273 alignleft\" src=\"https:\/\/www.radiopiu.net\/wordpress\/wp-content\/uploads\/2020\/08\/montagna-2020-300x169.jpg\" alt=\"\" width=\"147\" height=\"83\" srcset=\"https:\/\/www.radiopiu.net\/wordpress\/wp-content\/uploads\/2020\/08\/montagna-2020-300x169.jpg 300w, https:\/\/www.radiopiu.net\/wordpress\/wp-content\/uploads\/2020\/08\/montagna-2020-1024x576.jpg 1024w, https:\/\/www.radiopiu.net\/wordpress\/wp-content\/uploads\/2020\/08\/montagna-2020-768x432.jpg 768w, https:\/\/www.radiopiu.net\/wordpress\/wp-content\/uploads\/2020\/08\/montagna-2020-1536x864.jpg 1536w, https:\/\/www.radiopiu.net\/wordpress\/wp-content\/uploads\/2020\/08\/montagna-2020-2048x1152.jpg 2048w, https:\/\/www.radiopiu.net\/wordpress\/wp-content\/uploads\/2020\/08\/montagna-2020-640x360.jpg 640w\" sizes=\"auto, (max-width: 147px) 100vw, 147px\" \/><\/a><\/strong><\/span><\/h2>\n<h2><span style=\"color: #ff0000;\">PUNTATA 17 03 GIUGNO\u00a0<\/span><\/h2>\n<p><strong>OSPITE IL PRESIDENTE CLAUDIO CANOVA<\/strong><\/p>\n<audio class=\"wp-audio-shortcode\" id=\"audio-213590-10\" preload=\"none\" style=\"width: 100%;\" controls=\"controls\"><source type=\"audio\/mpeg\" src=\"https:\/\/www.radiopiu.net\/wordpress\/wp-content\/uploads\/2021\/06\/fantastiche-dolomiti-3-giugno.mp3?_=10\" \/><a href=\"https:\/\/www.radiopiu.net\/wordpress\/wp-content\/uploads\/2021\/06\/fantastiche-dolomiti-3-giugno.mp3\">https:\/\/www.radiopiu.net\/wordpress\/wp-content\/uploads\/2021\/06\/fantastiche-dolomiti-3-giugno.mp3<\/a><\/audio>\n<h3>LA RACCOLTA COMPLETA<\/h3>\n<p>&nbsp;<\/p>\n<blockquote class=\"wp-embedded-content\" data-secret=\"eA9trMcKSX\"><p><a href=\"https:\/\/www.radiopiu.net\/wordpress\/raccolta-completa11\/\">FANTASTICHE DOLOMITI LA RACCOLTA COMPLETA<\/a><\/p><\/blockquote>\n<p><iframe loading=\"lazy\" class=\"wp-embedded-content\" sandbox=\"allow-scripts\" security=\"restricted\" style=\"position: absolute; clip: rect(1px, 1px, 1px, 1px);\" title=\"&#8220;FANTASTICHE DOLOMITI LA RACCOLTA COMPLETA&#8221; &#8212; Radio Pi\u00f9\" src=\"https:\/\/www.radiopiu.net\/wordpress\/raccolta-completa11\/embed\/#?secret=eA9trMcKSX\" data-secret=\"eA9trMcKSX\" width=\"600\" height=\"338\" frameborder=\"0\" marginwidth=\"0\" marginheight=\"0\" scrolling=\"no\"><\/iframe><\/p>\n<p>&nbsp;<\/p>\n<p>&nbsp;<\/p>\n<p>&nbsp;<\/p>\n<hr \/>\n<div>\n<div>\n<div class=\"b654a4as d2edcug0\">\n<div class=\"rq0escxv hkbzh7o3 jwdofwj8 n8tt0mok r8blr3vg hyh9befq\">\n<div class=\"b654a4as d2edcug0\">\n<h2><span style=\"color: #008000;\">\u00a0<\/span><\/h2>\n<h2><span style=\"color: #008000;\">ERBE E PIANTE CURATIVE&#8230;IL\u00a0 PROGRAMMA DI PAOLA LANCIATO<\/span><\/h2>\n<\/div>\n<p><strong><img loading=\"lazy\" decoding=\"async\" class=\"alignleft\" src=\"https:\/\/www.radiopiu.net\/wordpress\/wp-content\/uploads\/2021\/06\/th-3.jpg\" width=\"158\" height=\"98\" \/>AUDIO,\u00a0 L&#8217;ORTICA\u00a0<\/strong><\/p>\n<audio class=\"wp-audio-shortcode\" id=\"audio-213590-11\" preload=\"none\" style=\"width: 100%;\" controls=\"controls\"><source type=\"audio\/mpeg\" src=\"https:\/\/www.radiopiu.net\/wordpress\/wp-content\/uploads\/2021\/06\/16-Lortica-M.mp3?_=11\" \/><a href=\"https:\/\/www.radiopiu.net\/wordpress\/wp-content\/uploads\/2021\/06\/16-Lortica-M.mp3\">https:\/\/www.radiopiu.net\/wordpress\/wp-content\/uploads\/2021\/06\/16-Lortica-M.mp3<\/a><\/audio>\n<p>LA RACCOLTA COMPLETA<\/p>\n<blockquote class=\"wp-embedded-content\" data-secret=\"jF38l0pAs2\"><p><a href=\"https:\/\/www.radiopiu.net\/wordpress\/erbe-e-piante-curative-il-mandorlo\/\">L\u2019ERBA VOGLIO DEL GIARDINO DEL RE\u2026 ERBE, FIORI E PIANTE DI E CON PAOLA LANCIATO<\/a><\/p><\/blockquote>\n<p><iframe loading=\"lazy\" class=\"wp-embedded-content\" sandbox=\"allow-scripts\" security=\"restricted\" style=\"position: absolute; clip: rect(1px, 1px, 1px, 1px);\" title=\"&#8220;L\u2019ERBA VOGLIO DEL GIARDINO DEL RE\u2026 ERBE, FIORI E PIANTE DI E CON PAOLA LANCIATO&#8221; &#8212; Radio Pi\u00f9\" src=\"https:\/\/www.radiopiu.net\/wordpress\/erbe-e-piante-curative-il-mandorlo\/embed\/#?secret=jF38l0pAs2\" data-secret=\"jF38l0pAs2\" width=\"600\" height=\"338\" frameborder=\"0\" marginwidth=\"0\" marginheight=\"0\" scrolling=\"no\"><\/iframe><\/p>\n<p>&nbsp;<\/p>\n<p>&nbsp;<\/p>\n<\/div>\n<\/div>\n<\/div>\n<\/div>\n<p>&nbsp;<\/p>\n<p>&nbsp;<\/p>\n<hr \/>\n<p>&nbsp;<\/p>\n<div>\n<h2><span style=\"color: #ff0000;\"><strong>IN VIVO VERSO 2020-21 ESTATE, RIASCOLTIAMOLI&#8230; DAL CASSETTO DEI RICORDI DI RADIO PIU&#8217;&#8230; LE PRIME\u00a0 SEI STAGIONI\u00a0\u00a0<\/strong><\/span><\/h2>\n<div class=\"page-title-head hgroup\">\n<div class=\"page-title-head hgroup\">\n<div class=\"page-title-head hgroup\">\n<div class=\"page-title-head hgroup\">\n<div class=\"page-title-head hgroup\">\n<div class=\"page-title-head hgroup\">\n<blockquote>\n<blockquote>\n<h3>riascoltiamole, TATUAGGIO di ROBERTO TOTARO 2015<\/h3>\n<\/blockquote>\n<p><strong>AUDIO<\/strong><\/p>\n<audio class=\"wp-audio-shortcode\" id=\"audio-213590-12\" preload=\"none\" style=\"width: 100%;\" controls=\"controls\"><source type=\"audio\/mpeg\" src=\"https:\/\/www.radiopiu.net\/wordpress\/wp-content\/uploads\/2021\/05\/VIVO-VERSO-GIO-3.mp3?_=12\" \/><a href=\"https:\/\/www.radiopiu.net\/wordpress\/wp-content\/uploads\/2021\/05\/VIVO-VERSO-GIO-3.mp3\">https:\/\/www.radiopiu.net\/wordpress\/wp-content\/uploads\/2021\/05\/VIVO-VERSO-GIO-3.mp3<\/a><\/audio>\n<p>&nbsp;<\/p>\n<h3><strong style=\"font-size: 14px;\">LA RACCOLTA COMPLETA<\/strong><\/h3>\n<\/blockquote>\n<\/div>\n<\/div>\n<\/div>\n<\/div>\n<\/div>\n<\/div>\n<blockquote class=\"wp-embedded-content\" data-secret=\"DLKPwgw9Id\"><p><a href=\"https:\/\/www.radiopiu.net\/wordpress\/in-vivo-verso\/\">In Vivo Verso<\/a><\/p><\/blockquote>\n<p><iframe loading=\"lazy\" class=\"wp-embedded-content\" sandbox=\"allow-scripts\" security=\"restricted\" style=\"position: absolute; clip: rect(1px, 1px, 1px, 1px);\" title=\"&#8220;In Vivo Verso&#8221; &#8212; Radio Pi\u00f9\" src=\"https:\/\/www.radiopiu.net\/wordpress\/in-vivo-verso\/embed\/#?secret=DLKPwgw9Id\" data-secret=\"DLKPwgw9Id\" width=\"600\" height=\"338\" frameborder=\"0\" marginwidth=\"0\" marginheight=\"0\" scrolling=\"no\"><\/iframe><\/p>\n<p>&nbsp;<\/p>\n<p>&nbsp;<\/p>\n<hr \/>\n<\/div>\n<blockquote>\n<blockquote>\n<h2><\/h2>\n<\/blockquote>\n<\/blockquote>\n<div>\n<div class=\"b654a4as d2edcug0\">\n<div class=\"rq0escxv hkbzh7o3 jwdofwj8 n8tt0mok r8blr3vg hyh9befq\">\n<p>&nbsp;<\/p>\n<blockquote>\n<h2><span style=\"color: #ff0000;\"><em>ZAINO ALLA RADIO&#8230;ESTATE DI PAOLA LANCIATO TUTTI I GIORNI dal lunedi al venerdi ALLE 14 E 23.30\u00a0<\/em><\/span><\/h2>\n<\/blockquote>\n<div class=\"b654a4as d2edcug0\">\n<h2><a href=\"https:\/\/www.radiopiu.net\/wordpress\/giornale-radiopiu-04-giugno-2021-direttore-mirko-mezzacasa\/4-48\/\" rel=\"attachment wp-att-213675\"><img loading=\"lazy\" decoding=\"async\" class=\"wp-image-213675 alignleft\" src=\"https:\/\/www.radiopiu.net\/wordpress\/wp-content\/uploads\/2021\/06\/4-2-300x225.jpg\" alt=\"\" width=\"177\" height=\"133\" srcset=\"https:\/\/www.radiopiu.net\/wordpress\/wp-content\/uploads\/2021\/06\/4-2-300x225.jpg 300w, https:\/\/www.radiopiu.net\/wordpress\/wp-content\/uploads\/2021\/06\/4-2.jpg 550w\" sizes=\"auto, (max-width: 177px) 100vw, 177px\" \/><\/a>CARRARA E I SUOI MARMI zaino da viaggio estate &#8211;<\/h2>\n<audio class=\"wp-audio-shortcode\" id=\"audio-213590-13\" preload=\"none\" style=\"width: 100%;\" controls=\"controls\"><source type=\"audio\/mpeg\" src=\"https:\/\/www.radiopiu.net\/wordpress\/wp-content\/uploads\/2021\/05\/19-Carrara-e-i-suoi-marmi-M.mp3?_=13\" \/><a href=\"https:\/\/www.radiopiu.net\/wordpress\/wp-content\/uploads\/2021\/05\/19-Carrara-e-i-suoi-marmi-M.mp3\">https:\/\/www.radiopiu.net\/wordpress\/wp-content\/uploads\/2021\/05\/19-Carrara-e-i-suoi-marmi-M.mp3<\/a><\/audio>\n<h2><\/h2>\n<\/div>\n<blockquote class=\"wp-embedded-content\" data-secret=\"6TosjnQ1Yz\"><p><a href=\"https:\/\/www.radiopiu.net\/wordpress\/zaino-femminile-lanciato\/\">Zaino da viaggio al femminile<\/a><\/p><\/blockquote>\n<p><iframe loading=\"lazy\" class=\"wp-embedded-content\" sandbox=\"allow-scripts\" security=\"restricted\" style=\"position: absolute; clip: rect(1px, 1px, 1px, 1px);\" title=\"&#8220;Zaino da viaggio al femminile&#8221; &#8212; Radio Pi\u00f9\" src=\"https:\/\/www.radiopiu.net\/wordpress\/zaino-femminile-lanciato\/embed\/#?secret=6TosjnQ1Yz\" data-secret=\"6TosjnQ1Yz\" width=\"600\" height=\"338\" frameborder=\"0\" marginwidth=\"0\" marginheight=\"0\" scrolling=\"no\"><\/iframe><\/p>\n<p>&nbsp;<\/p>\n<\/div>\n<\/div>\n<\/div>\n<p>&nbsp;<\/p>\n<hr \/>\n<p>&nbsp;<\/p>\n<p>&nbsp;<\/p>\n<div>\n<div class=\"b654a4as d2edcug0\">\n<div class=\"rq0escxv hkbzh7o3 jwdofwj8 n8tt0mok r8blr3vg hyh9befq\">\n<p><a class=\"dt-pswp-item\" href=\"https:\/\/www.radiopiu.net\/wordpress\/wp-content\/uploads\/2020\/10\/pp.jpg\" data-dt-img-description=\"\" data-large_image_width=\"640\" data-large_image_height=\"640\"><img loading=\"lazy\" decoding=\"async\" class=\"wp-image-163678 alignleft\" src=\"https:\/\/www.radiopiu.net\/wordpress\/wp-content\/uploads\/2020\/10\/pp-300x300.jpg\" alt=\"\" width=\"106\" height=\"106\" srcset=\"https:\/\/www.radiopiu.net\/wordpress\/wp-content\/uploads\/2020\/10\/pp-300x300.jpg 300w, https:\/\/www.radiopiu.net\/wordpress\/wp-content\/uploads\/2020\/10\/pp-150x150.jpg 150w, https:\/\/www.radiopiu.net\/wordpress\/wp-content\/uploads\/2020\/10\/pp-125x125.jpg 125w, https:\/\/www.radiopiu.net\/wordpress\/wp-content\/uploads\/2020\/10\/pp-200x200.jpg 200w, https:\/\/www.radiopiu.net\/wordpress\/wp-content\/uploads\/2020\/10\/pp-80x80.jpg 80w, https:\/\/www.radiopiu.net\/wordpress\/wp-content\/uploads\/2020\/10\/pp-480x480.jpg 480w, https:\/\/www.radiopiu.net\/wordpress\/wp-content\/uploads\/2020\/10\/pp.jpg 640w\" sizes=\"auto, (max-width: 106px) 100vw, 106px\" \/><\/a><\/p>\n<\/div>\n<\/div>\n<\/div>\n<div>\n<div class=\"page-title-head hgroup\">\n<div class=\"page-title-head hgroup\">\n<div class=\"b654a4as d2edcug0\">\n<div class=\"j83agx80 btwxx1t3 lhclo0ds hop8lmos nkwizq5d scwd0bx6 roh60bw9\">\n<div class=\"rq0escxv hkbzh7o3 jwdofwj8 n8tt0mok r8blr3vg hyh9befq\">\n<div class=\"do00u71z l9j0dhe7 k4urcfbm\">\n<h2><span style=\"color: #000080;\">DON CESARE, IL PENSIERO DEL GIORNO. ALLA RADIO ALLE 7 DEL MATTINO E ALLE 19.30 DELLA SERA.\u00a0\u00a0<\/span><\/h2>\n<\/div>\n<\/div>\n<\/div>\n<div class=\"rq0escxv hkbzh7o3 jwdofwj8 n8tt0mok r8blr3vg hyh9befq\">\n<p>&nbsp;<\/p>\n<p>&nbsp;<\/p>\n<\/div>\n<\/div>\n<\/div>\n<\/div>\n<\/div>\n<audio class=\"wp-audio-shortcode\" id=\"audio-213590-14\" preload=\"none\" style=\"width: 100%;\" controls=\"controls\"><source type=\"audio\/mpeg\" src=\"https:\/\/www.radiopiu.net\/wordpress\/wp-content\/uploads\/2021\/06\/CESARE-2.mp3?_=14\" \/><a href=\"https:\/\/www.radiopiu.net\/wordpress\/wp-content\/uploads\/2021\/06\/CESARE-2.mp3\">https:\/\/www.radiopiu.net\/wordpress\/wp-content\/uploads\/2021\/06\/CESARE-2.mp3<\/a><\/audio>\n<p>&nbsp;<\/p>\n<p>&nbsp;<\/p>\n<p>&nbsp;<\/p>\n<hr \/>\n<p>&nbsp;<\/p>\n<div>\n<h2><span style=\"color: #800080;\"><strong>LA RASSEGNA STAMPA DA L&#8217;AMICO DEL POPOLO\u00a0<\/strong><\/span><\/h2>\n<h3 class=\"kvgmc6g5 cxmmr5t8 oygrvhab hcukyx3x c1et5uql\"><span style=\"color: #0000ff;\"> INFORMAZIONE il canale su TELEGRAM informazione di prima mano e in tempo reale. iscriviti ed aiutaci a farlo conoscere\u00a0<\/span><\/h3>\n<p><strong><a href=\"https:\/\/www.radiopiu.net\/wordpress\/la-rassegna-stampa-da-lamico-del-popolo-29-maggio-2021\/giovanni-deon\/\" rel=\"attachment wp-att-212771\"><img loading=\"lazy\" decoding=\"async\" class=\"size-full wp-image-212771 alignleft\" src=\"https:\/\/www.radiopiu.net\/wordpress\/wp-content\/uploads\/2021\/05\/GIOVANNI-DEON.jpg\" alt=\"\" width=\"228\" height=\"221\" \/><\/a>di Gianni Santomaso<\/strong><\/p>\n<p>OSPITE: Giovanni Deon Sindaco di Rivamonte<\/p>\n<audio class=\"wp-audio-shortcode\" id=\"audio-213590-15\" preload=\"none\" style=\"width: 100%;\" controls=\"controls\"><source type=\"audio\/mpeg\" src=\"https:\/\/www.radiopiu.net\/wordpress\/wp-content\/uploads\/2021\/05\/RASSEGNA-GIANNI-4.mp3?_=15\" \/><a href=\"https:\/\/www.radiopiu.net\/wordpress\/wp-content\/uploads\/2021\/05\/RASSEGNA-GIANNI-4.mp3\">https:\/\/www.radiopiu.net\/wordpress\/wp-content\/uploads\/2021\/05\/RASSEGNA-GIANNI-4.mp3<\/a><\/audio>\n<p><strong>LA RACCOLTA COMPLETA<\/strong><\/p>\n<blockquote class=\"wp-embedded-content\" data-secret=\"MPoYP88blC\"><p><a href=\"https:\/\/www.radiopiu.net\/wordpress\/rassegna-stampa-di-gianni-santomaso\/\">Rassegna stampa da l&#8217;amico del popolo &#8211; di Gianni Santomaso<\/a><\/p><\/blockquote>\n<p><iframe loading=\"lazy\" class=\"wp-embedded-content\" sandbox=\"allow-scripts\" security=\"restricted\" style=\"position: absolute; clip: rect(1px, 1px, 1px, 1px);\" title=\"&#8220;Rassegna stampa da l&#8217;amico del popolo &#8211; di Gianni Santomaso&#8221; &#8212; Radio Pi\u00f9\" src=\"https:\/\/www.radiopiu.net\/wordpress\/rassegna-stampa-di-gianni-santomaso\/embed\/#?secret=MPoYP88blC\" data-secret=\"MPoYP88blC\" width=\"600\" height=\"338\" frameborder=\"0\" marginwidth=\"0\" marginheight=\"0\" scrolling=\"no\"><\/iframe><\/p>\n<div class=\"b654a4as d2edcug0\"><\/div>\n<\/div>\n<p>&nbsp;<\/p>\n<hr \/>\n<p>&nbsp;<\/p>\n<div dir=\"auto\">\n<p>&nbsp;<\/p>\n<blockquote>\n<h3 class=\"kvgmc6g5 cxmmr5t8 oygrvhab hcukyx3x c1et5uql\"><span style=\"color: #0000ff;\">INFORMAZIONE il canale su TELEGRAM informazione di prima mano e in tempo reale. iscriviti ed aiutaci a farlo conoscere\u00a0<\/span><\/h3>\n<\/blockquote>\n<h2><a href=\"https:\/\/www.radiopiu.net\/wordpress\/strutturare-lo-studio\/studiare\/\" rel=\"attachment wp-att-210171\"><img loading=\"lazy\" decoding=\"async\" class=\" wp-image-210171 alignleft\" src=\"https:\/\/www.radiopiu.net\/wordpress\/wp-content\/uploads\/2021\/05\/studiare-300x200.jpeg\" alt=\"\" width=\"177\" height=\"118\" srcset=\"https:\/\/www.radiopiu.net\/wordpress\/wp-content\/uploads\/2021\/05\/studiare-300x200.jpeg 300w, https:\/\/www.radiopiu.net\/wordpress\/wp-content\/uploads\/2021\/05\/studiare.jpeg 626w\" sizes=\"auto, (max-width: 177px) 100vw, 177px\" \/><\/a>007 IN CONDOTTA CON LA PROF. MARIA ROSA SALMAZO IL LUNEDI ALLE 10,30 E ALLE 19.00 LA DOMENICA ALLE 8 DEL MATTINO. NONA STAGIONE<\/h2>\n<p><span style=\"color: #ff0000;\"><strong>PUNTATA DEL 31 MAGGIO 2021\u00a0 \u00a0<\/strong><\/span><\/p>\n<\/div>\n<div dir=\"auto\">\n<audio class=\"wp-audio-shortcode\" id=\"audio-213590-16\" preload=\"none\" style=\"width: 100%;\" controls=\"controls\"><source type=\"audio\/mpeg\" src=\"https:\/\/www.radiopiu.net\/wordpress\/wp-content\/uploads\/2021\/05\/007-31-maggio.mp3?_=16\" \/><a href=\"https:\/\/www.radiopiu.net\/wordpress\/wp-content\/uploads\/2021\/05\/007-31-maggio.mp3\">https:\/\/www.radiopiu.net\/wordpress\/wp-content\/uploads\/2021\/05\/007-31-maggio.mp3<\/a><\/audio>\n<h2>LA RACCOLTA COMPLETA<\/h2>\n<blockquote><p>&nbsp;<\/p><\/blockquote>\n<blockquote class=\"wp-embedded-content\" data-secret=\"sXqposUGwO\"><p><a href=\"https:\/\/www.radiopiu.net\/wordpress\/007incondotta-9\/\">007 in condotta<\/a><\/p><\/blockquote>\n<p><iframe loading=\"lazy\" class=\"wp-embedded-content\" sandbox=\"allow-scripts\" security=\"restricted\" style=\"position: absolute; clip: rect(1px, 1px, 1px, 1px);\" title=\"&#8220;007 in condotta&#8221; &#8212; Radio Pi\u00f9\" src=\"https:\/\/www.radiopiu.net\/wordpress\/007incondotta-9\/embed\/#?secret=sXqposUGwO\" data-secret=\"sXqposUGwO\" width=\"600\" height=\"338\" frameborder=\"0\" marginwidth=\"0\" marginheight=\"0\" scrolling=\"no\"><\/iframe><\/p>\n<p>&nbsp;<\/p>\n<h1><\/h1>\n<\/div>\n<hr \/>\n<p>&nbsp;<\/p>\n<p>&nbsp;<\/p>\n<div dir=\"auto\">\n<blockquote>\n<h3>SALUTE E SOCIETA&#8217; IL LUNEDI ALLE 13.10 E ALLE 20.10, LA DOMENICA ALLE 10.30 A CURA DEL DOTTOR MARCO CARACCIOLO. QUINTA STAGIONE<\/h3>\n<\/blockquote>\n<p><strong>LA PUNTATA DELLA SETTIMANA del 24 <\/strong><strong>MAGGIO<\/strong><\/p>\n<p><a href=\"https:\/\/www.radiopiu.net\/wordpress\/giornale-radiopiu-01-giugno-2021-direttore-mirko-mezzacasa\/ccaa5c0c-533d-34f0-9761-e954cd20b0f1\/\" rel=\"attachment wp-att-213029\"><img loading=\"lazy\" decoding=\"async\" class=\"size-medium wp-image-213029 alignleft\" src=\"https:\/\/www.radiopiu.net\/wordpress\/wp-content\/uploads\/2021\/05\/ccaa5c0c-533d-34f0-9761-e954cd20b0f1-300x169.png\" alt=\"\" width=\"300\" height=\"169\" srcset=\"https:\/\/www.radiopiu.net\/wordpress\/wp-content\/uploads\/2021\/05\/ccaa5c0c-533d-34f0-9761-e954cd20b0f1-300x169.png 300w, https:\/\/www.radiopiu.net\/wordpress\/wp-content\/uploads\/2021\/05\/ccaa5c0c-533d-34f0-9761-e954cd20b0f1-1024x576.png 1024w, https:\/\/www.radiopiu.net\/wordpress\/wp-content\/uploads\/2021\/05\/ccaa5c0c-533d-34f0-9761-e954cd20b0f1-768x432.png 768w, https:\/\/www.radiopiu.net\/wordpress\/wp-content\/uploads\/2021\/05\/ccaa5c0c-533d-34f0-9761-e954cd20b0f1.png 1280w\" sizes=\"auto, (max-width: 300px) 100vw, 300px\" \/><\/a><\/p>\n<p>in questa edizione: La poliposi nasale \u00e8 una malattia cronica della mucosa nasale di cui si ignorano ancora le cause. Frequentemente si associa a malattie allergiche, intolleranze ad alcuni farmaci o a disordini immunitari. Nicola Casella ne ha parlato con\u00a0Alberto Macchi, Accademia Italiana di Rinologia<\/p>\n<p><strong>AUDIO\u00a0\u00a0<\/strong><\/p>\n<div dir=\"auto\">\n<audio class=\"wp-audio-shortcode\" id=\"audio-213590-17\" preload=\"none\" style=\"width: 100%;\" controls=\"controls\"><source type=\"audio\/mpeg\" src=\"https:\/\/www.radiopiu.net\/wordpress\/wp-content\/uploads\/2021\/05\/SALUTE-4.mp3?_=17\" \/><a href=\"https:\/\/www.radiopiu.net\/wordpress\/wp-content\/uploads\/2021\/05\/SALUTE-4.mp3\">https:\/\/www.radiopiu.net\/wordpress\/wp-content\/uploads\/2021\/05\/SALUTE-4.mp3<\/a><\/audio>\n<p><strong>LA RACCOLTA COMPLETA\u00a0<\/strong><\/p>\n<\/div>\n<blockquote class=\"wp-embedded-content\" data-secret=\"1UvFLxnktv\"><p><a href=\"https:\/\/www.radiopiu.net\/wordpress\/saluteesocieta\/\">Salute e Societ\u00e0<\/a><\/p><\/blockquote>\n<p><iframe loading=\"lazy\" class=\"wp-embedded-content\" sandbox=\"allow-scripts\" security=\"restricted\" style=\"position: absolute; clip: rect(1px, 1px, 1px, 1px);\" title=\"&#8220;Salute e Societ\u00e0&#8221; &#8212; Radio Pi\u00f9\" src=\"https:\/\/www.radiopiu.net\/wordpress\/saluteesocieta\/embed\/#?secret=1UvFLxnktv\" data-secret=\"1UvFLxnktv\" width=\"600\" height=\"338\" frameborder=\"0\" marginwidth=\"0\" marginheight=\"0\" scrolling=\"no\"><\/iframe><\/p>\n<\/div>\n<div dir=\"auto\">\n<h1><\/h1>\n<\/div>\n<hr \/>\n<blockquote>\n<h3 id=\"titlewrap\"><\/h3>\n<h3>COLLAGE DI LORIS SCUSSEL, DAL LUNEDI AL VENERDI ALLE 16 E ALLE 23<\/h3>\n<\/blockquote>\n<div><\/div>\n<div>\n<p><strong>AUDIO PUNTATA 359 DEL\u00a0 03 GIUGNO<\/strong><\/p>\n<audio class=\"wp-audio-shortcode\" id=\"audio-213590-18\" preload=\"none\" style=\"width: 100%;\" controls=\"controls\"><source type=\"audio\/mpeg\" src=\"https:\/\/www.radiopiu.net\/wordpress\/wp-content\/uploads\/2021\/06\/Collage-359.mp3?_=18\" \/><a href=\"https:\/\/www.radiopiu.net\/wordpress\/wp-content\/uploads\/2021\/06\/Collage-359.mp3\">https:\/\/www.radiopiu.net\/wordpress\/wp-content\/uploads\/2021\/06\/Collage-359.mp3<\/a><\/audio>\n<p><strong>\u00a0 \u00a0<\/strong><\/p>\n<p><strong>\u00a0<\/strong><img loading=\"lazy\" decoding=\"async\" class=\"alignleft\" src=\"https:\/\/www.radiopiu.net\/wordpress\/wp-content\/uploads\/2021\/05\/Schermata-2021-05-23-alle-11.50.11.png\" width=\"186\" height=\"131\" \/>Il programma \u00e8 andato in onda da dicembre 2013 fino a luglio 2019, comprese le repliche, in due serie per 350 puntate complessive con 1.890 brani trasmessi. L\u2019obiettivo del programma: riproporre agli ascoltatori pi\u00f9 grandicelli le canzoni che ascoltavano nel passato e nello stesso tempo farle conoscere anche ai pi\u00f9 giovani.<\/p>\n<p>&nbsp;<\/p>\n<\/div>\n<p>&nbsp;<\/p>\n<h1><\/h1>\n<div>\n<div>\n<div class=\"page-title-head hgroup\">\n<div class=\"page-title-head hgroup\">\n<div class=\"page-title-head hgroup\">\n<div>\n<div>\n<div class=\"b654a4as d2edcug0\">\n<div class=\"rq0escxv hkbzh7o3 jwdofwj8 n8tt0mok r8blr3vg hyh9befq\">\n<hr \/>\n<\/div>\n<\/div>\n<\/div>\n<div>\n<div class=\"page-title-head hgroup\">\n<div class=\"page-title-head hgroup\">\n<div>\n<div class=\"b654a4as d2edcug0\">\n<p>&nbsp;<\/p>\n<blockquote>\n<h3>L&#8217;ALMANACCO LADINO CON L&#8217;ISTITUT CESA DE JAN QUINDICINALE APPUNTAMENTO. LA DOMENICA ALLE 9 IL LUNEDI ALLE 8.35 IL MARTEDI ALLE 12.35 IL MERCOLEDI ALLE 18.35. SECONDA STAGIONE.<\/h3>\n<\/blockquote>\n<p><strong>RACCOLTA COMPLETA\u00a0<\/strong><\/p>\n<blockquote class=\"wp-embedded-content\" data-secret=\"J7NxdreehH\"><p><a href=\"https:\/\/www.radiopiu.net\/wordpress\/almanacco-ladino\/\">Almanacco Ladino<\/a><\/p><\/blockquote>\n<p><iframe loading=\"lazy\" class=\"wp-embedded-content\" sandbox=\"allow-scripts\" security=\"restricted\" style=\"position: absolute; clip: rect(1px, 1px, 1px, 1px);\" title=\"&#8220;Almanacco Ladino&#8221; &#8212; Radio Pi\u00f9\" src=\"https:\/\/www.radiopiu.net\/wordpress\/almanacco-ladino\/embed\/#?secret=J7NxdreehH\" data-secret=\"J7NxdreehH\" width=\"600\" height=\"338\" frameborder=\"0\" marginwidth=\"0\" marginheight=\"0\" scrolling=\"no\"><\/iframe><\/p>\n<div dir=\"auto\"><\/div>\n<\/div>\n<div>\n<p>&nbsp;<\/p>\n<hr \/>\n<h2><span style=\"color: #808000;\">\u00a0<\/span><\/h2>\n<h2><span style=\"color: #808000;\">DUE MINUTI UN LIBRO\u00a0 TUTTI I GIORNI ALLA RADIO ALLE 9.30 E ALLE 18. QUINTA STAGIONE\u00a0 \u00a0\u00a0<\/span><\/h2>\n<blockquote class=\"wp-embedded-content\" data-secret=\"z5HtLhcrU2\"><p><a href=\"https:\/\/www.radiopiu.net\/wordpress\/ti-lascio-la-luce-accesa\/\">TI LASCIO LA LUCE ACCESA<\/a><\/p><\/blockquote>\n<p><iframe loading=\"lazy\" class=\"wp-embedded-content\" sandbox=\"allow-scripts\" security=\"restricted\" style=\"position: absolute; clip: rect(1px, 1px, 1px, 1px);\" title=\"&#8220;TI LASCIO LA LUCE ACCESA&#8221; &#8212; Radio Pi\u00f9\" src=\"https:\/\/www.radiopiu.net\/wordpress\/ti-lascio-la-luce-accesa\/embed\/#?secret=z5HtLhcrU2\" data-secret=\"z5HtLhcrU2\" width=\"600\" height=\"338\" frameborder=\"0\" marginwidth=\"0\" marginheight=\"0\" scrolling=\"no\"><\/iframe><\/p>\n<h3><span style=\"color: #808000;\">\u00a0<\/span>LA RACCOLTA COMPLETA<\/h3>\n<blockquote class=\"wp-embedded-content\" data-secret=\"yHsM1baPmr\"><p><a href=\"https:\/\/www.radiopiu.net\/wordpress\/due-minuti-un-libro\/\">Due minuti un libro<\/a><\/p><\/blockquote>\n<p><iframe loading=\"lazy\" class=\"wp-embedded-content\" sandbox=\"allow-scripts\" security=\"restricted\" style=\"position: absolute; clip: rect(1px, 1px, 1px, 1px);\" title=\"&#8220;Due minuti un libro&#8221; &#8212; Radio Pi\u00f9\" src=\"https:\/\/www.radiopiu.net\/wordpress\/due-minuti-un-libro\/embed\/#?secret=yHsM1baPmr\" data-secret=\"yHsM1baPmr\" width=\"600\" height=\"338\" frameborder=\"0\" marginwidth=\"0\" marginheight=\"0\" scrolling=\"no\"><\/iframe><\/p>\n<p>&nbsp;<\/p>\n<p>&nbsp;<\/p>\n<hr \/>\n<p>\u200b<\/p>\n<div>\n<h2><span style=\"color: #33cccc;\">I RACCONTI DI PAOLO SOPPELSA il lunedi alle 9.30 e 18.30<\/span><\/h2>\n<blockquote class=\"wp-embedded-content\" data-secret=\"htsWz9b8wr\"><p><a href=\"https:\/\/www.radiopiu.net\/wordpress\/i-racconti-di-paolo-soppelsa-settantasettesima-puntata\/\">I RACCONTI DI PAOLO SOPPELSA SETTANTASETTESIMA PUNTATA<\/a><\/p><\/blockquote>\n<p><iframe loading=\"lazy\" class=\"wp-embedded-content\" sandbox=\"allow-scripts\" security=\"restricted\" style=\"position: absolute; clip: rect(1px, 1px, 1px, 1px);\" title=\"&#8220;I RACCONTI DI PAOLO SOPPELSA SETTANTASETTESIMA PUNTATA&#8221; &#8212; Radio Pi\u00f9\" src=\"https:\/\/www.radiopiu.net\/wordpress\/i-racconti-di-paolo-soppelsa-settantasettesima-puntata\/embed\/#?secret=htsWz9b8wr\" data-secret=\"htsWz9b8wr\" width=\"600\" height=\"338\" frameborder=\"0\" marginwidth=\"0\" marginheight=\"0\" scrolling=\"no\"><\/iframe><\/p>\n<p>&nbsp;<\/p>\n<p><span style=\"color: #0000ff;\">INFORMAZIONE il canale su TELEGRAM informazione di prima mano e in tempo reale. iscriviti ed aiutaci a farlo conoscere\u00a0<\/span><\/p>\n<h2><span style=\"color: #33cccc;\"><strong>RACCOLTA COMPLETA<\/strong><\/span><\/h2>\n<blockquote class=\"wp-embedded-content\" data-secret=\"j1b8udpQiD\"><p><a href=\"https:\/\/www.radiopiu.net\/wordpress\/i-racconti-di-paolo-soppelsa\/\">I racconti di Paolo Soppelsa<\/a><\/p><\/blockquote>\n<p><iframe loading=\"lazy\" class=\"wp-embedded-content\" sandbox=\"allow-scripts\" security=\"restricted\" style=\"position: absolute; clip: rect(1px, 1px, 1px, 1px);\" title=\"&#8220;I racconti di Paolo Soppelsa&#8221; &#8212; Radio Pi\u00f9\" src=\"https:\/\/www.radiopiu.net\/wordpress\/i-racconti-di-paolo-soppelsa\/embed\/#?secret=j1b8udpQiD\" data-secret=\"j1b8udpQiD\" width=\"600\" height=\"338\" frameborder=\"0\" marginwidth=\"0\" marginheight=\"0\" scrolling=\"no\"><\/iframe><\/p>\n<p>&nbsp;<\/p>\n<\/div>\n<\/div>\n<hr \/>\n<p>&nbsp;<\/p>\n<h2><strong><span style=\"color: #ff0000;\">ALLA RADIO<\/span><\/strong><\/h2>\n<div data-offset-key=\"5n5nl-0-0\">\n<h3>Per ricevere gli aggiornamenti in tempo reale delle notizie pubblicate alla radio e sul sito di radio pi\u00f9 iscriviti al gruppo RADIO PIU INFORMAZIONE su Telegram.\u00a0\u00a0<a href=\"https:\/\/t.me\/radiopiu\">clicca qui<\/a><\/h3>\n<p>&nbsp;<\/p>\n<\/div>\n<blockquote><p><strong><a href=\"https:\/\/www.radiopiu.net\/wordpress\/cassa-solidarieta-luxottica-puntata-del-19-giugno-2020\/cslxo-2\/\" rel=\"attachment wp-att-145244\"><img loading=\"lazy\" decoding=\"async\" class=\"size-medium wp-image-145244 alignleft\" src=\"https:\/\/www.radiopiu.net\/wordpress\/wp-content\/uploads\/2020\/06\/cassa-solidarieta-luxottica-300x148.jpg\" alt=\"\" width=\"300\" height=\"148\" srcset=\"https:\/\/www.radiopiu.net\/wordpress\/wp-content\/uploads\/2020\/06\/cassa-solidarieta-luxottica-300x148.jpg 300w, https:\/\/www.radiopiu.net\/wordpress\/wp-content\/uploads\/2020\/06\/cassa-solidarieta-luxottica-1024x504.jpg 1024w, https:\/\/www.radiopiu.net\/wordpress\/wp-content\/uploads\/2020\/06\/cassa-solidarieta-luxottica-768x378.jpg 768w, https:\/\/www.radiopiu.net\/wordpress\/wp-content\/uploads\/2020\/06\/cassa-solidarieta-luxottica.jpg 1167w\" sizes=\"auto, (max-width: 300px) 100vw, 300px\" \/><\/a>di Claudio Fontanive<\/strong><\/p>\n<p>OSPITI: Paolo Chissal\u00e8 e Fabrizio Campedel<\/p>\n<p>&nbsp;<\/p>\n<p>&nbsp;<\/p>\n<p>&nbsp;<\/p>\n<p><strong>PUNTATA MAGGIO 2021<\/strong><\/p>\n<audio class=\"wp-audio-shortcode\" id=\"audio-213590-19\" preload=\"none\" style=\"width: 100%;\" controls=\"controls\"><source type=\"audio\/mpeg\" src=\"https:\/\/www.radiopiu.net\/wordpress\/wp-content\/uploads\/2021\/05\/ca-sol-lux-maggio-2021.mp3?_=19\" \/><a href=\"https:\/\/www.radiopiu.net\/wordpress\/wp-content\/uploads\/2021\/05\/ca-sol-lux-maggio-2021.mp3\">https:\/\/www.radiopiu.net\/wordpress\/wp-content\/uploads\/2021\/05\/ca-sol-lux-maggio-2021.mp3<\/a><\/audio>\n<p>&nbsp;<\/p>\n<h2>RACCOLTA COMPLETA<\/h2>\n<\/blockquote>\n<blockquote class=\"wp-embedded-content\" data-secret=\"lCLzB9OYqi\"><p><a href=\"https:\/\/www.radiopiu.net\/wordpress\/cassa-solidarieta-luxottica-puntata-del-16-ottobre-2020\/\">CASSA SOLIDARIET\u00c0 LUXOTTICA &#8211; TUTTE LE PUNTATE<\/a><\/p><\/blockquote>\n<p><iframe loading=\"lazy\" class=\"wp-embedded-content\" sandbox=\"allow-scripts\" security=\"restricted\" style=\"position: absolute; clip: rect(1px, 1px, 1px, 1px);\" title=\"&#8220;CASSA SOLIDARIET\u00c0 LUXOTTICA &#8211; TUTTE LE PUNTATE&#8221; &#8212; Radio Pi\u00f9\" src=\"https:\/\/www.radiopiu.net\/wordpress\/cassa-solidarieta-luxottica-puntata-del-16-ottobre-2020\/embed\/#?secret=lCLzB9OYqi\" data-secret=\"lCLzB9OYqi\" width=\"600\" height=\"338\" frameborder=\"0\" marginwidth=\"0\" marginheight=\"0\" scrolling=\"no\"><\/iframe><\/p>\n<div>\n<p>&nbsp;<\/p>\n<hr \/>\n<h2><span style=\"color: #ff6600;\">\u00a0<\/span><\/h2>\n<h2><span style=\"color: #ff6600;\">I PROFESSIONISTI DEL POLIAMBULATORIO AGORDINO RISPONDONO<\/span><\/h2>\n<p><span style=\"color: #0000ff;\"><strong>PUNTATA 01\u00a0<\/strong><\/span><\/p>\n<p><strong>IL POLIAMBULATORIO AGORDINO RISPONDE &#8211; LA PUNTATA DEL 26 MAGGIO 2021<\/strong><\/p>\n<audio class=\"wp-audio-shortcode\" id=\"audio-213590-20\" preload=\"none\" style=\"width: 100%;\" controls=\"controls\"><source type=\"audio\/mpeg\" src=\"https:\/\/www.radiopiu.net\/wordpress\/wp-content\/uploads\/2021\/05\/DILLO-A-RADIOPIU.mp3?_=20\" \/><a href=\"https:\/\/www.radiopiu.net\/wordpress\/wp-content\/uploads\/2021\/05\/DILLO-A-RADIOPIU.mp3\">https:\/\/www.radiopiu.net\/wordpress\/wp-content\/uploads\/2021\/05\/DILLO-A-RADIOPIU.mp3<\/a><\/audio>\n<p>\u200b<\/p>\n<hr \/>\n<p><strong><span style=\"color: #ff0000;\">\u00a0<\/span><\/strong><\/p>\n<h2><strong><span style=\"color: #ff0000;\">QUINDICINALE APPUNTAMENTO ALLA RADIO<\/span><\/strong><\/h2>\n<blockquote>\n<h3><a style=\"font-size: 14px; font-weight: normal;\" href=\"https:\/\/www.radiopiu.net\/wordpress\/giornale-radiopiu-06-febbraio-2019-direttore-mirko-mezzacasa\/logo_spi-cgil-800x445\/\" rel=\"attachment wp-att-75538\"><img loading=\"lazy\" decoding=\"async\" class=\"wp-image-75538 alignleft\" src=\"https:\/\/www.radiopiu.net\/wordpress\/wp-content\/uploads\/2019\/02\/Logo_Spi-CGIL-800x445-300x167.jpg\" alt=\"\" width=\"210\" height=\"117\" srcset=\"https:\/\/www.radiopiu.net\/wordpress\/wp-content\/uploads\/2019\/02\/Logo_Spi-CGIL-800x445-300x167.jpg 300w, https:\/\/www.radiopiu.net\/wordpress\/wp-content\/uploads\/2019\/02\/Logo_Spi-CGIL-800x445-768x427.jpg 768w, https:\/\/www.radiopiu.net\/wordpress\/wp-content\/uploads\/2019\/02\/Logo_Spi-CGIL-800x445.jpg 800w\" sizes=\"auto, (max-width: 210px) 100vw, 210px\" \/><\/a><\/h3>\n<\/blockquote>\n<blockquote>\n<h3>ALLA RADIO, APPUNTAMENTO QUINDICINALE CON SPI-CGIL BELLUNO, IN STUDIO MARIA RITA GENTILIN<\/h3>\n<\/blockquote>\n<p><strong>di Claudio Fontanive\u00a0<\/strong><\/p>\n<p><span style=\"color: #ff0000;\"><strong>PUNTATA DEL 27 MAGGIO 2021<br \/>\n<\/strong><\/span><\/p>\n<audio class=\"wp-audio-shortcode\" id=\"audio-213590-21\" preload=\"none\" style=\"width: 100%;\" controls=\"controls\"><source type=\"audio\/mpeg\" src=\"https:\/\/www.radiopiu.net\/wordpress\/wp-content\/uploads\/2021\/04\/spi-cgil-28-aprile.mp3?_=21\" \/><a href=\"https:\/\/www.radiopiu.net\/wordpress\/wp-content\/uploads\/2021\/04\/spi-cgil-28-aprile.mp3\">https:\/\/www.radiopiu.net\/wordpress\/wp-content\/uploads\/2021\/04\/spi-cgil-28-aprile.mp3<\/a><\/audio>\n<p>&nbsp;<\/p>\n<\/div>\n<p>&nbsp;<\/p>\n<hr \/>\n<\/div>\n<blockquote>\n<blockquote>\n<h2><a href=\"https:\/\/www.radiopiu.net\/wordpress\/speciale-solidarieta-veneto\/solidarieta-veneto-3\/\" rel=\"attachment wp-att-134366\">\u00a0<\/a><\/h2>\n<h2><a href=\"https:\/\/www.radiopiu.net\/wordpress\/speciale-solidarieta-veneto\/solidarieta-veneto-3\/\" rel=\"attachment wp-att-134366\"><img loading=\"lazy\" decoding=\"async\" class=\"wp-image-134366 alignleft\" src=\"https:\/\/www.radiopiu.net\/wordpress\/wp-content\/uploads\/2020\/05\/solidariet\u00e0-veneto-300x210.jpg\" alt=\"\" width=\"102\" height=\"71\" srcset=\"https:\/\/www.radiopiu.net\/wordpress\/wp-content\/uploads\/2020\/05\/solidariet\u00e0-veneto-300x210.jpg 300w, https:\/\/www.radiopiu.net\/wordpress\/wp-content\/uploads\/2020\/05\/solidariet\u00e0-veneto-1024x717.jpg 1024w, https:\/\/www.radiopiu.net\/wordpress\/wp-content\/uploads\/2020\/05\/solidariet\u00e0-veneto-768x538.jpg 768w, https:\/\/www.radiopiu.net\/wordpress\/wp-content\/uploads\/2020\/05\/solidariet\u00e0-veneto.jpg 1373w\" sizes=\"auto, (max-width: 102px) 100vw, 102px\" \/><\/a>SOLIDARIETA&#8217; VENETO FONDO PENSIONE, IN ONDA IL PRIMO VENERDI DEL MESE ALLE 10.30 E ALLE 19.00 QUINTA STAGIONE<\/h2>\n<\/blockquote>\n<h2><strong><span style=\"color: #ff0000;\">AUDIO MAGGIO 2021<\/span><\/strong><\/h2>\n<\/blockquote>\n<div>\n<audio class=\"wp-audio-shortcode\" id=\"audio-213590-22\" preload=\"none\" style=\"width: 100%;\" controls=\"controls\"><source type=\"audio\/mpeg\" src=\"https:\/\/www.radiopiu.net\/wordpress\/wp-content\/uploads\/2021\/05\/solidarieta-veneto-maggio-2021.mp3?_=22\" \/><a href=\"https:\/\/www.radiopiu.net\/wordpress\/wp-content\/uploads\/2021\/05\/solidarieta-veneto-maggio-2021.mp3\">https:\/\/www.radiopiu.net\/wordpress\/wp-content\/uploads\/2021\/05\/solidarieta-veneto-maggio-2021.mp3<\/a><\/audio>\n<\/div>\n<h2>LA RACCOLTA COMPLETA<\/h2>\n<blockquote class=\"wp-embedded-content\" data-secret=\"CiB14oamFh\"><p><a href=\"https:\/\/www.radiopiu.net\/wordpress\/solidarieta-veneto\/\">Solidariet\u00e0 Veneto<\/a><\/p><\/blockquote>\n<p><iframe loading=\"lazy\" class=\"wp-embedded-content\" sandbox=\"allow-scripts\" security=\"restricted\" style=\"position: absolute; clip: rect(1px, 1px, 1px, 1px);\" title=\"&#8220;Solidariet\u00e0 Veneto&#8221; &#8212; Radio Pi\u00f9\" src=\"https:\/\/www.radiopiu.net\/wordpress\/solidarieta-veneto\/embed\/#?secret=CiB14oamFh\" data-secret=\"CiB14oamFh\" width=\"600\" height=\"338\" frameborder=\"0\" marginwidth=\"0\" marginheight=\"0\" scrolling=\"no\"><\/iframe><\/p>\n<blockquote>\n<h2><\/h2>\n<h2><\/h2>\n<\/blockquote>\n<div>\n<hr \/>\n<\/div>\n<div class=\"page-title-head hgroup\">\n<div>\n<p>&nbsp;<\/p>\n<h2><span style=\"color: #ff0000;\">MUSLA, CON LA NUOVA GENERAZIONE LINGUE, USI, COSTUMI , raccolta completa<\/span><\/h2>\n<blockquote class=\"wp-embedded-content\" data-secret=\"rvlSKHkr92\"><p><a href=\"https:\/\/www.radiopiu.net\/wordpress\/agora-agordina-la-nosta-piaza\/\">AGORA&#8217; AGORDINA&#8230; LA NOSTA PIAZA LADINA RACCOLTA COMPLETA PRIMA STAGIONE<\/a><\/p><\/blockquote>\n<p><iframe loading=\"lazy\" class=\"wp-embedded-content\" sandbox=\"allow-scripts\" security=\"restricted\" style=\"position: absolute; clip: rect(1px, 1px, 1px, 1px);\" title=\"&#8220;AGORA&#8217; AGORDINA&#8230; LA NOSTA PIAZA LADINA RACCOLTA COMPLETA PRIMA STAGIONE&#8221; &#8212; Radio Pi\u00f9\" src=\"https:\/\/www.radiopiu.net\/wordpress\/agora-agordina-la-nosta-piaza\/embed\/#?secret=rvlSKHkr92\" data-secret=\"rvlSKHkr92\" width=\"600\" height=\"338\" frameborder=\"0\" marginwidth=\"0\" marginheight=\"0\" scrolling=\"no\"><\/iframe><\/p>\n<p>&nbsp;<\/p>\n<div class=\"b654a4as d2edcug0\">\n<div dir=\"auto\">\n<h1><\/h1>\n<hr \/>\n<p>&nbsp;<\/p>\n<div>\n<h2><span style=\"color: #ff0000;\">LEGGERMENTE BELLUNESI CON LUISA ALCHINI la raccolta completa<\/span><\/h2>\n<\/div>\n<div>\n<blockquote class=\"wp-embedded-content\" data-secret=\"qtwvApvZed\"><p><a href=\"https:\/\/www.radiopiu.net\/wordpress\/leggermente-20\/\">LEGGERmente&#8230;Bellunesi<\/a><\/p><\/blockquote>\n<p><iframe loading=\"lazy\" class=\"wp-embedded-content\" sandbox=\"allow-scripts\" security=\"restricted\" style=\"position: absolute; clip: rect(1px, 1px, 1px, 1px);\" title=\"&#8220;LEGGERmente&#8230;Bellunesi&#8221; &#8212; Radio Pi\u00f9\" src=\"https:\/\/www.radiopiu.net\/wordpress\/leggermente-20\/embed\/#?secret=qtwvApvZed\" data-secret=\"qtwvApvZed\" width=\"600\" height=\"338\" frameborder=\"0\" marginwidth=\"0\" marginheight=\"0\" scrolling=\"no\"><\/iframe><\/p>\n<\/div>\n<\/div>\n<p>&nbsp;<\/p>\n<hr \/>\n<p>&nbsp;<\/p>\n<h2><span style=\"color: #ff0000;\">GOCCE DI FILOSOFIA, CON CHIARA CAU, CON LISA DE LUCA la raccolta completa<\/span><\/h2>\n<blockquote class=\"wp-embedded-content\" data-secret=\"wzVPoBB1gz\"><p><a href=\"https:\/\/www.radiopiu.net\/wordpress\/gocce-filosofia\/\">Gocce di filosofia<\/a><\/p><\/blockquote>\n<p><iframe loading=\"lazy\" class=\"wp-embedded-content\" sandbox=\"allow-scripts\" security=\"restricted\" style=\"position: absolute; clip: rect(1px, 1px, 1px, 1px);\" title=\"&#8220;Gocce di filosofia&#8221; &#8212; Radio Pi\u00f9\" src=\"https:\/\/www.radiopiu.net\/wordpress\/gocce-filosofia\/embed\/#?secret=wzVPoBB1gz\" data-secret=\"wzVPoBB1gz\" width=\"600\" height=\"338\" frameborder=\"0\" marginwidth=\"0\" marginheight=\"0\" scrolling=\"no\"><\/iframe><\/p>\n<p>&nbsp;<\/p>\n<p>&nbsp;<\/p>\n<p>&nbsp;<\/p>\n<p>&nbsp;<\/p>\n<hr \/>\n<\/div>\n<\/div>\n<p>&nbsp;<\/p>\n<p><a href=\"https:\/\/www.radiopiu.net\/wordpress\/giornale-radiopiu-26-settembre-2018-direttore-mirko-mezzacasa\/viabilita-2\/\" rel=\"attachment wp-att-61954\"><img loading=\"lazy\" decoding=\"async\" class=\"wp-image-61954 size-full aligncenter\" src=\"https:\/\/www.radiopiu.net\/wordpress\/wp-content\/uploads\/2018\/09\/viabilita.jpeg\" alt=\"\" width=\"800\" height=\"100\" srcset=\"https:\/\/www.radiopiu.net\/wordpress\/wp-content\/uploads\/2018\/09\/viabilita.jpeg 800w, https:\/\/www.radiopiu.net\/wordpress\/wp-content\/uploads\/2018\/09\/viabilita-300x38.jpeg 300w, https:\/\/www.radiopiu.net\/wordpress\/wp-content\/uploads\/2018\/09\/viabilita-768x96.jpeg 768w\" sizes=\"auto, (max-width: 800px) 100vw, 800px\" \/><\/a><\/p>\n<blockquote><p><a href=\"https:\/\/www.radiopiu.net\/wordpress\/giornale-radiopiu-09-agosto-2018-direttore-mirko-mezzacasa\/viabilia\/\" rel=\"attachment wp-att-57053\"><img loading=\"lazy\" decoding=\"async\" class=\" wp-image-57053 alignleft\" src=\"https:\/\/www.radiopiu.net\/wordpress\/wp-content\/uploads\/2018\/08\/VIABILIA-300x180.jpeg\" alt=\"\" width=\"220\" height=\"132\" srcset=\"https:\/\/www.radiopiu.net\/wordpress\/wp-content\/uploads\/2018\/08\/VIABILIA-300x180.jpeg 300w, https:\/\/www.radiopiu.net\/wordpress\/wp-content\/uploads\/2018\/08\/VIABILIA-768x461.jpeg 768w, https:\/\/www.radiopiu.net\/wordpress\/wp-content\/uploads\/2018\/08\/VIABILIA-1024x614.jpeg 1024w, https:\/\/www.radiopiu.net\/wordpress\/wp-content\/uploads\/2018\/08\/VIABILIA.jpeg 1280w\" sizes=\"auto, (max-width: 220px) 100vw, 220px\" \/><\/a>La viabilit\u00e0 con gli ultimi aggiornamenti da Veneto Strade.<\/p>\n<p><span style=\"color: #ff0000;\"><strong>in onda alla radio: 4.05, 6.18, 14 30 , 18.30, 23.25\u00a0<\/strong><\/span><\/p><\/blockquote>\n<\/div>\n<div><\/div>\n<div><\/div>\n<div><\/div>\n<div><\/div>\n<\/div>\n<\/div>\n<\/div>\n<\/div>\n<audio class=\"wp-audio-shortcode\" id=\"audio-213590-23\" preload=\"none\" style=\"width: 100%;\" controls=\"controls\"><source type=\"audio\/mpeg\" src=\"https:\/\/www.radiopiu.net\/wordpress\/wp-content\/uploads\/2021\/05\/VIABILITA-11.mp3?_=23\" \/><a href=\"https:\/\/www.radiopiu.net\/wordpress\/wp-content\/uploads\/2021\/05\/VIABILITA-11.mp3\">https:\/\/www.radiopiu.net\/wordpress\/wp-content\/uploads\/2021\/05\/VIABILITA-11.mp3<\/a><\/audio>\n<p>&nbsp;<\/p>\n<p>&nbsp;<\/p>\n<\/div>\n<\/div>\n<hr \/>\n<p>&nbsp;<\/p>\n<\/div>\n<\/div>\n<div>\n<div class=\"page-title-head hgroup\">\n<div class=\"page-title-head hgroup\">\n<div dir=\"auto\">\n<p><a class=\"dt-pswp-item pspw-wrap-ready\" href=\"https:\/\/i0.wp.com\/www.radiopiu.net\/wordpress\/wp-content\/uploads\/2018\/09\/WhatsApp-Image-2018-09-20-at-16.04.06.jpeg?ssl=1\" data-dt-img-description=\"\" data-large_image_width=\"800\" data-large_image_height=\"100\"><img loading=\"lazy\" decoding=\"async\" class=\"aligncenter wp-image-61378 size-full jetpack-lazy-image jetpack-lazy-image--handled\" src=\"https:\/\/i0.wp.com\/www.radiopiu.net\/wordpress\/wp-content\/uploads\/2018\/09\/WhatsApp-Image-2018-09-20-at-16.04.06.jpeg?resize=800%2C100&amp;ssl=1\" sizes=\"auto, (max-width: 800px) 100vw, 800px\" srcset=\"https:\/\/i0.wp.com\/www.radiopiu.net\/wordpress\/wp-content\/uploads\/2018\/09\/WhatsApp-Image-2018-09-20-at-16.04.06.jpeg?w=800&amp;ssl=1 800w, https:\/\/i0.wp.com\/www.radiopiu.net\/wordpress\/wp-content\/uploads\/2018\/09\/WhatsApp-Image-2018-09-20-at-16.04.06.jpeg?resize=300%2C38&amp;ssl=1 300w, https:\/\/i0.wp.com\/www.radiopiu.net\/wordpress\/wp-content\/uploads\/2018\/09\/WhatsApp-Image-2018-09-20-at-16.04.06.jpeg?resize=768%2C96&amp;ssl=1 768w\" alt=\"\" width=\"800\" height=\"100\" data-lazy-loaded=\"1\" \/><\/a><\/p>\n<p>&nbsp;<\/p>\n<div><center><b>Venerdi 4<\/b><\/center><b>Tempo atteso: <\/b>Tempo inizialmente soleggiato con cielo sereno o poco nuvoloso per primi cumuli in tarda mattinata. Dalle ore centrali in poi riduzione del soleggiamento per attivit\u00e0 cumuliforme, pi\u00f9 intensa rispetto ai giorni precedenti, e il rischio di fenomeni convettivi aumenter\u00e0. Contesto termico sempre pi\u00f9 estivo.<br \/>\n<b>Precipitazioni: <\/b>Al mattino assenti (0%). Al pomeriggio rischio medio di rovesci e temporali (40\/60%). I cumuli di pioggia saranno molto variabili, ma pi\u00f9 significativi per maggiore umidit\u00e0 disponibile (0-15 mm).<br \/>\n<b>Temperature: <\/b>In lieve aumento a tutte le quote ed estive nei fondovalle. Sono previste punte massime di 25\/27\u00b0C nei fondovalle prealpini e di 21\/24\u00b0C a 1000\/1200 m. Su Prealpi a 1500 m min 10\u00b0C max 17\u00b0C, a 2000 m min 8 max 12\u00b0C. Su Dolomiti a 2000 m min 7\u00b0C max 13\u00b0C, a 3000 m min 3\u00b0C max 4\u00b0C.<br \/>\n<b>Venti: <\/b>Deboli per brezze nelle valli, a tratti moderati nei settori solitamente pi\u00f9 ventilati, e rinforzi per raffiche temporalesche. In quota in prevalenza deboli da nord-ovest al mattino e da ovest sud-ovest al pomeriggio, a 5-10 km\/h sia a 2000 m che a 3000 m.<\/p>\n<hr \/>\n<p><center><b>Sabato 5<\/b><\/center><b>Tempo atteso: <\/b>Sole e velature del cielo con nascente attivit\u00e0 cumuliforme, gi\u00e0 al mattino. Dalle ore centrali in poi forte riduzione del soleggiamento per addensamenti, anche intensi e associati a instabilit\u00e0 convettiva. La maggiore nuvolosit\u00e0 e il deficit di sole rispetto a venerd\u00ec potrebbero limitare il riscaldamento diurno.<br \/>\n<b>Precipitazioni: <\/b>Al mattino assenti (0%). Al pomeriggio rischio medio-alto di rovesci e temporali (70\/80%) sulle Dolomiti, e medio sulle Prealpi (40\/60%). Nel tardo pomeriggio\/sera eventuale intensificazione dell&#8217;instabilit\u00e0 sulle Dolomiti. I cumuli di pioggia saranno molto variabili e generalmente maggiori rispetto a venerd\u00ec.<br \/>\n<b>Temperature: <\/b>Minime in ulteriore lieve aumento e massime in leggera flessione. Sono previste punte massime di 24\/25\u00b0C nei fondovalle prealpini e di 19\/21\u00b0C a 1000\/1200 m. Su Prealpi a 1500 m min 11\u00b0C max 16\u00b0C, a 2000 m min 9 max 12\u00b0C. Su Dolomiti a 2000 m min 8\u00b0C max 12\u00b0C, a 3000 m min 3\u00b0C max 4\u00b0C.<br \/>\n<b>Venti: <\/b>Nelle valli deboli per brezze, localmente e a tratti moderati nei settori solitamente pi\u00f9 ventilati, eventuali rinforzi per raffiche temporalesche; in quota perlopi\u00f9 deboli da sud-ovest al mattino, poi da sud-ovest, a 5-10 km\/h a 2000 m e 5-15 km\/h a 3000 m.<\/p>\n<hr \/>\n<p><center><b>Domenica 6<\/b><\/center>Sole e cielo sereno o poco nuvoloso al mattino, ma dalle ore centrali rapido aumento dell&#8217;attivit\u00e0 cumuliforme con addensamenti intensi e frequenti rovesci e temporali sparsi. Temperature in generale lieve flessione. Nelle valli venti deboli per brezze, salvo rinforzi nei consueti settori, anche in corrispondenza delle situazioni temporalesche; in quota deboli da nord-est al mattino e moderati al pomeriggio.<\/p>\n<hr \/>\n<p><center><b>Lunedi 7<\/b><\/center>Tratti di sereno e parzialmente nuvoloso per ristagno di umidit\u00e0 e presenza di stratocumuli al mattino, poi attivit\u00e0 cumuliformi con addensamenti e persistenza dell&#8217;insidia di rovesci e temporali. Temperature in leggera ripresa in quota, mentre nelle valli l&#8217;andamento termico dipender\u00e0 dalla presenza di nubi o meno nella notte e dall&#8217;entit\u00e0 del soleggiamento in giornata. Venti deboli a regime di brezza nelle valli, localmente e a tratti moderati nei settori solitamente pi\u00f9 ventilati; in quota deboli dai quadranti orientali, a tratti moderati sulle vette pi\u00f9 alte. Previsore: R.L.Th.<\/p>\n<hr \/>\n<\/div>\n<p><center><\/center>&nbsp;<\/p>\n<p>&nbsp;<\/p>\n<\/div>\n<p>&nbsp;<\/p>\n<div dir=\"auto\"><\/div>\n<\/div>\n<\/div>\n<p><a href=\"https:\/\/www.radiopiu.net\/wordpress\/giornale-radiopiu-15-settembre-2018-direttore-mirko-mezzacasa\/sport-7\/\" rel=\"attachment wp-att-60761\"><img loading=\"lazy\" decoding=\"async\" class=\"aligncenter wp-image-60761 size-full\" src=\"https:\/\/www.radiopiu.net\/wordpress\/wp-content\/uploads\/2018\/09\/sport.jpg\" alt=\"\" width=\"800\" height=\"100\" srcset=\"https:\/\/www.radiopiu.net\/wordpress\/wp-content\/uploads\/2018\/09\/sport.jpg 800w, https:\/\/www.radiopiu.net\/wordpress\/wp-content\/uploads\/2018\/09\/sport-300x38.jpg 300w, https:\/\/www.radiopiu.net\/wordpress\/wp-content\/uploads\/2018\/09\/sport-768x96.jpg 768w\" sizes=\"auto, (max-width: 800px) 100vw, 800px\" \/><\/a><\/p>\n<p>&nbsp;<\/p>\n<blockquote>\n<h3>VENERDI&#8217; 11 GIUGNO IL PASSAGGIO DEL GIRO D&#8217;ITALIA UNDER 23 IN AGORDINO<\/h3>\n<\/blockquote>\n<p><strong><a href=\"https:\/\/www.radiopiu.net\/wordpress\/il-giro-ditalia-under-23-in-provincia-di-belluno-la-nona-tappa-con-arrivo-sul-nevegal\/giro-italia-under-23\/\" rel=\"attachment wp-att-204904\"><img loading=\"lazy\" decoding=\"async\" class=\"size-medium wp-image-204904 alignleft\" src=\"https:\/\/www.radiopiu.net\/wordpress\/wp-content\/uploads\/2021\/04\/giro-italia-under-23-300x300.jpg\" alt=\"\" width=\"300\" height=\"300\" srcset=\"https:\/\/www.radiopiu.net\/wordpress\/wp-content\/uploads\/2021\/04\/giro-italia-under-23-300x300.jpg 300w, https:\/\/www.radiopiu.net\/wordpress\/wp-content\/uploads\/2021\/04\/giro-italia-under-23-1024x1024.jpg 1024w, https:\/\/www.radiopiu.net\/wordpress\/wp-content\/uploads\/2021\/04\/giro-italia-under-23-150x150.jpg 150w, https:\/\/www.radiopiu.net\/wordpress\/wp-content\/uploads\/2021\/04\/giro-italia-under-23-768x768.jpg 768w, https:\/\/www.radiopiu.net\/wordpress\/wp-content\/uploads\/2021\/04\/giro-italia-under-23.jpg 1307w\" sizes=\"auto, (max-width: 300px) 100vw, 300px\" \/><\/a>REDAZIONE<\/strong> Dopo il passaggio della corsa rosa ad Agordo due settimane fa, l&#8217;Agordino sar\u00e0 ancora protagonista delle corse ciclistiche nei prossimi giorni. \u00c8 in programma per venerd\u00ec 11 giugno il passaggio del Giro D&#8217;Italia Under 23. Nella nona tappa della manifestazione i ciclisti partiranno da Cavalese per arrivare sul Nevegal. In Agordino il Giro arriver\u00e0 dalla Valle del Biois, infatti, dopo il Passo Valles, i ciclisti transiteranno a Falcade, Canale D&#8217;Agordo, Cencenighe, Taibon ed Agordo. Nel capoluogo di vallata \u00e8 previsto il transito tra le 12:43 e le 12:53.<\/p>\n<p><strong>LA TAPPA DELL&#8217;11 GIUGNO<\/strong><\/p>\n<p>Terza tappa di montagna consecutiva, superando i 3mila metri di dislivello. Da Cavalese Val di Fiemme si sale subito fino ad arrivare al km 23 di gara al primo gran premio della montagna di prima categoria della giornata, il Passo Valles (2031 metri di altitudine). Si scende verso valle ad alta velocit\u00e0 fino ad Agordo e si prosegue con la strada in leggera discesa fino al km 81, quando il transito nel centro abitato di Belluno vale come sprint per l\u2019intergiro. Al km 92 si torna a salire per il secondo gran premio della montagna di Pieve d\u2019Alpago (3\u00b0 cat.), si scende poi fino a Cadola dove inizia la salita verso il Nevegal, dove si transita sotto l\u2019arrivo a circa 30 km dalla conclusione. A quel punto si scende verso Castion e Levego, da dove comincia la salita che in 15 km porter\u00e0 di nuovi i corridori al traguardo del Nevegal.<\/p>\n<p><strong>IL CRONOPROGRAMMA<\/strong><\/p>\n<p><a href=\"https:\/\/www.radiopiu.net\/wordpress\/venerdi-11-giugno-il-passaggio-del-giro-ditalia-under-23-in-agordino\/3c568815-4745-4d5b-9754-256f54b9a6d0\/\" rel=\"attachment wp-att-213719\"><img loading=\"lazy\" decoding=\"async\" class=\"alignnone wp-image-213719 size-large\" src=\"https:\/\/www.radiopiu.net\/wordpress\/wp-content\/uploads\/2021\/06\/3c568815-4745-4d5b-9754-256f54b9a6d0-1024x895.jpg\" alt=\"\" width=\"1024\" height=\"895\" srcset=\"https:\/\/www.radiopiu.net\/wordpress\/wp-content\/uploads\/2021\/06\/3c568815-4745-4d5b-9754-256f54b9a6d0-1024x895.jpg 1024w, https:\/\/www.radiopiu.net\/wordpress\/wp-content\/uploads\/2021\/06\/3c568815-4745-4d5b-9754-256f54b9a6d0-300x262.jpg 300w, https:\/\/www.radiopiu.net\/wordpress\/wp-content\/uploads\/2021\/06\/3c568815-4745-4d5b-9754-256f54b9a6d0-768x671.jpg 768w, https:\/\/www.radiopiu.net\/wordpress\/wp-content\/uploads\/2021\/06\/3c568815-4745-4d5b-9754-256f54b9a6d0.jpg 1536w\" sizes=\"auto, (max-width: 1024px) 100vw, 1024px\" \/><\/a><\/p>\n<p>&nbsp;<\/p>\n<hr \/>\n<p>&nbsp;<\/p>\n<blockquote>\n<h3>GS LA PIAVE 2000, TINO FERRIGHETTO AI TRICOLORI DI DECATHLON<\/h3>\n<\/blockquote>\n<p>&nbsp;<\/p>\n<blockquote><p><em><strong><a href=\"https:\/\/www.radiopiu.net\/wordpress\/gs-la-piave-2000-tino-ferrighetto-ai-tricolori-di-decathlon\/ferrighetto_tino_ph-atl-eticamente\/\" rel=\"attachment wp-att-213678\"><img loading=\"lazy\" decoding=\"async\" class=\"wp-image-213678 alignleft\" src=\"https:\/\/www.radiopiu.net\/wordpress\/wp-content\/uploads\/2021\/06\/Ferrighetto_Tino_ph.-Atl-Eticamente-263x300.jpg\" alt=\"\" width=\"168\" height=\"192\" srcset=\"https:\/\/www.radiopiu.net\/wordpress\/wp-content\/uploads\/2021\/06\/Ferrighetto_Tino_ph.-Atl-Eticamente-263x300.jpg 263w, https:\/\/www.radiopiu.net\/wordpress\/wp-content\/uploads\/2021\/06\/Ferrighetto_Tino_ph.-Atl-Eticamente-898x1024.jpg 898w, https:\/\/www.radiopiu.net\/wordpress\/wp-content\/uploads\/2021\/06\/Ferrighetto_Tino_ph.-Atl-Eticamente-768x875.jpg 768w, https:\/\/www.radiopiu.net\/wordpress\/wp-content\/uploads\/2021\/06\/Ferrighetto_Tino_ph.-Atl-Eticamente.jpg 1080w\" sizes=\"auto, (max-width: 168px) 100vw, 168px\" \/><\/a>Lo junior bellunese garegger\u00e0 nel weekend a Fabriano: con i 6505 punti dei campionati regionali di Agordo ha il terzo punteggio di presentazione. Elena Nessenzia \u00e8 campionessa regionale assoluta dei 100 ostacoli, bronzo per Francesca Comiotto (800)\u00a0\u00a0\u00a0\u00a0\u00a0 <\/strong><\/em><\/p><\/blockquote>\n<p><strong>MEL<\/strong> E\u2019 partita con il giusto ritmo la stagione su pista del Gs La Piave 2000. Nel weekend, sabato 5 e domenica 6 giugno, arriva il primo appuntamento tricolore: lo junior Tino Ferrighetto sar\u00e0 impegnato a Fabriano (Ancona) nei campionati italiani di categoria di decathlon. Il 18enne di Mel \u00e8\u00a0 allenato da Stefano Corte, il 25 aprile, ad Agordo, ha chiuso il suo primo decathlon da juniores con un bottino di 6505 punti che gli \u00e8 valso il titolo regionale juniores e la <a href=\"https:\/\/www.radiopiu.net\/wordpress\/gs-la-piave-2000-tino-ferrighetto-ai-tricolori-di-decathlon\/nessenzia_elena_ph-atl-eticamente\/\" rel=\"attachment wp-att-213679\"><img loading=\"lazy\" decoding=\"async\" class=\"size-medium wp-image-213679 alignright\" src=\"https:\/\/www.radiopiu.net\/wordpress\/wp-content\/uploads\/2021\/06\/Nessenzia_Elena_ph.-Atl-Eticamente-219x300.jpg\" alt=\"\" width=\"219\" height=\"300\" srcset=\"https:\/\/www.radiopiu.net\/wordpress\/wp-content\/uploads\/2021\/06\/Nessenzia_Elena_ph.-Atl-Eticamente-219x300.jpg 219w, https:\/\/www.radiopiu.net\/wordpress\/wp-content\/uploads\/2021\/06\/Nessenzia_Elena_ph.-Atl-Eticamente.jpg 674w\" sizes=\"auto, (max-width: 219px) 100vw, 219px\" \/><\/a>candidatura per un posto da protagonista nella rassegna tricolore. Tino \u00e8 pronto per le dieci fatiche e spera di tornare dalle Marche portando con s\u00e9 anche il nuovo record personale.<\/p>\n<p>Lo scorso weekend a\u00a0 Mestre, il Gs La Piave 2000 ha conquistato il primo titolo regionale assoluto della sua storia, primeggiando con Elena Nessenzia nei 100 ostacoli. La 18enne, alle prime esperienze nella categoria juniores, ha fermato il cronometro a 14\u201d71, rimanendo ad appena 7\/100 dal record personale stabilito il 22 maggio a Padova. Sul podio mestrino \u00e8 salita anche Francesca Comiotto, terza negli 800, suo miglior tempo stagionale. Sia Nessenzia (100 ostacoli e 4&#215;100) che Comiotto (800) gareggeranno domenica 6 giugno a Vittorio Veneto nel meeting internazionale Atl-Etica.\u00a0 (foto <i>credito Atl-Eticamente)<\/i><\/p>\n<p>&nbsp;<\/p>\n<\/div>\n<hr \/>\n<p>&nbsp;<\/p>\n<blockquote>\n<h3>OTTAVA EDIZIONE DELLE CRONO\u00a0 RIFUGIO SETTIMO ALPINI<\/h3>\n<p>BELLUNO La corsa a piedi di circa 7 km con 900 metri di dislivello positivo si terr\u00e0 domenica 12 luglio. L\u2019iscrizione per gli atleti gi\u00e0 tesserati CSI per l\u2019attivit\u00e0 di atletica deve essere effettuata tramite il portale di gestione campionati. Evento organizzato dall&#8217;associazione ricreativa di Bolzano Bellunese e Csi.<\/p><\/blockquote>\n<p>&nbsp;<\/p>\n<\/div>\n","protected":false},"excerpt":{"rendered":"<p>PER\u00a0RICEVERE QUESTO NOTIZIARIO DIRETTAMENTE SUL TUO CELLULARE ISCRIVITI AL CANALE TELEGRAM\u00a0\u201cRADIO PIU\u00a0 INFORMAZIONE\u201d\u00a0 \u00a0 \u00a0\u00a0 &nbsp; LUXOTTICA\u00a0 L&#8217;ASSEMBLEA DEGLI AZIONISTI ESSILUX HA APPROVATO LA DISTRIBUZIONE DEI DIVIDENDI, PER CHI HA ACQUISTATO AZIONI BOOST NEL 2019-20 (E SONO TANTI GLI INTERESSATI) RICEVERANNO UN DIVIDENDO ORDINARIO DI 1.08 EURO PER AZIONE CON LA PAGA DEL 9 LUGLIO\u00a0\u00a0&hellip;<\/p>\n","protected":false},"author":4,"featured_media":213669,"comment_status":"closed","ping_status":"open","sticky":false,"template":"","format":"standard","meta":{"_monsterinsights_skip_tracking":false,"_monsterinsights_sitenote_active":false,"_monsterinsights_sitenote_note":"","_monsterinsights_sitenote_category":0,"footnotes":""},"categories":[1,51,86,49],"tags":[],"class_list":["post-213590","post","type-post","status-publish","format-standard","has-post-thumbnail","hentry","category-senza-categoria","category-evidenza-top","category-gr","category-news-18","category-1","category-51","category-86","category-49","description-off"],"img_url":"https:\/\/www.radiopiu.net\/wordpress\/wp-content\/uploads\/2021\/06\/02.jpeg","_links":{"self":[{"href":"https:\/\/www.radiopiu.net\/wordpress\/wp-json\/wp\/v2\/posts\/213590","targetHints":{"allow":["GET"]}}],"collection":[{"href":"https:\/\/www.radiopiu.net\/wordpress\/wp-json\/wp\/v2\/posts"}],"about":[{"href":"https:\/\/www.radiopiu.net\/wordpress\/wp-json\/wp\/v2\/types\/post"}],"author":[{"embeddable":true,"href":"https:\/\/www.radiopiu.net\/wordpress\/wp-json\/wp\/v2\/users\/4"}],"replies":[{"embeddable":true,"href":"https:\/\/www.radiopiu.net\/wordpress\/wp-json\/wp\/v2\/comments?post=213590"}],"version-history":[{"count":0,"href":"https:\/\/www.radiopiu.net\/wordpress\/wp-json\/wp\/v2\/posts\/213590\/revisions"}],"wp:featuredmedia":[{"embeddable":true,"href":"https:\/\/www.radiopiu.net\/wordpress\/wp-json\/wp\/v2\/media\/213669"}],"wp:attachment":[{"href":"https:\/\/www.radiopiu.net\/wordpress\/wp-json\/wp\/v2\/media?parent=213590"}],"wp:term":[{"taxonomy":"category","embeddable":true,"href":"https:\/\/www.radiopiu.net\/wordpress\/wp-json\/wp\/v2\/categories?post=213590"},{"taxonomy":"post_tag","embeddable":true,"href":"https:\/\/www.radiopiu.net\/wordpress\/wp-json\/wp\/v2\/tags?post=213590"}],"curies":[{"name":"wp","href":"https:\/\/api.w.org\/{rel}","templated":true}]}}