{"id":213712,"date":"2021-06-04T05:28:37","date_gmt":"2021-06-04T03:28:37","guid":{"rendered":"https:\/\/www.radiopiu.net\/wordpress\/?p=213712"},"modified":"2021-06-04T05:56:55","modified_gmt":"2021-06-04T03:56:55","slug":"dalla-piscina-di-agordo-le-ultime-novita","status":"publish","type":"post","link":"https:\/\/www.radiopiu.net\/wordpress\/dalla-piscina-di-agordo-le-ultime-novita\/","title":{"rendered":"DA LUNEDI  ATTIVAMENTE IN VASCA, RIAPRE LA PISCINA"},"content":{"rendered":"<p>&nbsp;<\/p>\n<blockquote>\n<h3>DAL 7 GIUGNO RIAPRE<\/h3>\n<\/blockquote>\n<p><strong><a href=\"https:\/\/www.radiopiu.net\/wordpress\/giornale-radiopiu-02-giugno-2021-direttore-mirko-mezzacasa\/82acac9a-d279-4c86-b53b-3412abc1465c\/\" rel=\"attachment wp-att-213409\"><img loading=\"lazy\" decoding=\"async\" class=\"wp-image-213409 alignleft\" src=\"https:\/\/www.radiopiu.net\/wordpress\/wp-content\/uploads\/2021\/06\/82acac9a-d279-4c86-b53b-3412abc1465c-300x300.jpg\" alt=\"\" width=\"137\" height=\"137\" srcset=\"https:\/\/www.radiopiu.net\/wordpress\/wp-content\/uploads\/2021\/06\/82acac9a-d279-4c86-b53b-3412abc1465c-300x300.jpg 300w, https:\/\/www.radiopiu.net\/wordpress\/wp-content\/uploads\/2021\/06\/82acac9a-d279-4c86-b53b-3412abc1465c-150x150.jpg 150w, https:\/\/www.radiopiu.net\/wordpress\/wp-content\/uploads\/2021\/06\/82acac9a-d279-4c86-b53b-3412abc1465c.jpg 526w\" sizes=\"auto, (max-width: 137px) 100vw, 137px\" \/><\/a> <\/strong><\/p>\n<p><strong>\u00a0<\/strong><strong>AGORDO<\/strong>La piscina comprensoriale di Agordo gestita da Attivamente Agordino SSD riapre al pubblico luned\u00ec 7 giugno 2021.Con il passaggio della Regione Veneto in zona bianca finalmente l\u2019impianto agordino potr\u00e0 ritornare ai ritmi normali, dopo 7 mesi di chiusura, con la drastica sospensione di tutte le attivit\u00e0 organizzate (corsi, ginnastica, riabilitazione e fisioterapia in acqua e nuoto libero).L\u2019apertura garantir\u00e0 tutte le attivit\u00e0 e l\u2019accesso per il nuoto libero in totale sicurezza, seguendo i protocolli imposti dalle linee guida. Riprenderanno dunque i corsi di scuola nuoto bambini, ragazzi e adulti, l\u2019acquafitness (acquagym, circuit training e ginnastica dolce), i corsi baby, babyssimi e gestanti.Si ricorda che \u00e8 obbligatoria la prenotazione per il nuoto libero e i corsi acquafitness, mentre per la prenotazione ai corsi \u00e8 possibile rivolgersi presso la segreteria aperta dal luned\u00ec al venerd\u00ec dalle 14.30 alle 20.00 e il sabato dalle 9.30 alle 13.00.Per info \u00e8 consultabile il nuovo sito web <a href=\"http:\/\/www.piscinacomprensorialeagordina.it\">www.piscinacomprensorialeagordina.it<\/a> o potete visitare la pagina Facebook o Instagram.<\/p>\n<p>&nbsp;<\/p>\n<p><span style=\"color: #ff0000;\"><strong><a href=\"https:\/\/www.radiopiu.net\/wordpress\/appuntamento-mensile-con-la-piscina-di-agordo\/piscina-agordo-2\/\" rel=\"attachment wp-att-205123\"><img loading=\"lazy\" decoding=\"async\" class=\"wp-image-205123 alignleft\" src=\"https:\/\/www.radiopiu.net\/wordpress\/wp-content\/uploads\/2021\/04\/PISCINA-AGORDO-300x225.jpg\" alt=\"\" width=\"155\" height=\"116\" srcset=\"https:\/\/www.radiopiu.net\/wordpress\/wp-content\/uploads\/2021\/04\/PISCINA-AGORDO-300x225.jpg 300w, https:\/\/www.radiopiu.net\/wordpress\/wp-content\/uploads\/2021\/04\/PISCINA-AGORDO-1024x768.jpg 1024w, https:\/\/www.radiopiu.net\/wordpress\/wp-content\/uploads\/2021\/04\/PISCINA-AGORDO-768x576.jpg 768w, https:\/\/www.radiopiu.net\/wordpress\/wp-content\/uploads\/2021\/04\/PISCINA-AGORDO-1536x1152.jpg 1536w, https:\/\/www.radiopiu.net\/wordpress\/wp-content\/uploads\/2021\/04\/PISCINA-AGORDO.jpg 1600w\" sizes=\"auto, (max-width: 155px) 100vw, 155px\" \/><\/a>IERI ALLA RADIO, L&#8217;INTERVISTA<\/strong><\/span><\/p>\n<p><span style=\"color: #000000;\"><strong>Dalla piscina comprensoriale<\/strong><\/span><\/p>\n<p><span style=\"color: #000000;\"><strong>di Claudio Fontanive\u00a0\u00a0<\/strong><\/span><\/p>\n<p>&nbsp;<\/p>\n<audio class=\"wp-audio-shortcode\" id=\"audio-213712-1\" preload=\"none\" style=\"width: 100%;\" controls=\"controls\"><source type=\"audio\/mpeg\" src=\"https:\/\/www.radiopiu.net\/wordpress\/wp-content\/uploads\/2021\/06\/piscina-intervista-giugno-2021.mp3?_=1\" \/><a href=\"https:\/\/www.radiopiu.net\/wordpress\/wp-content\/uploads\/2021\/06\/piscina-intervista-giugno-2021.mp3\">https:\/\/www.radiopiu.net\/wordpress\/wp-content\/uploads\/2021\/06\/piscina-intervista-giugno-2021.mp3<\/a><\/audio>\n<p>&nbsp;<\/p>\n","protected":false},"excerpt":{"rendered":"<p>&nbsp; DAL 7 GIUGNO RIAPRE \u00a0AGORDOLa piscina comprensoriale di Agordo gestita da Attivamente Agordino SSD riapre al pubblico luned\u00ec 7 giugno 2021.Con il passaggio della Regione Veneto in zona bianca finalmente l\u2019impianto agordino potr\u00e0 ritornare ai ritmi normali, dopo 7 mesi di chiusura, con la drastica sospensione di tutte le attivit\u00e0 organizzate (corsi, ginnastica, riabilitazione&hellip;<\/p>\n","protected":false},"author":4,"featured_media":213409,"comment_status":"closed","ping_status":"open","sticky":false,"template":"","format":"standard","meta":{"_monsterinsights_skip_tracking":false,"_monsterinsights_sitenote_active":false,"_monsterinsights_sitenote_note":"","_monsterinsights_sitenote_category":0,"footnotes":""},"categories":[104,49],"tags":[],"class_list":["post-213712","post","type-post","status-publish","format-standard","has-post-thumbnail","hentry","category-evidenza_3","category-news-18","category-104","category-49","description-off"],"img_url":"https:\/\/www.radiopiu.net\/wordpress\/wp-content\/uploads\/2021\/06\/82acac9a-d279-4c86-b53b-3412abc1465c.jpg","_links":{"self":[{"href":"https:\/\/www.radiopiu.net\/wordpress\/wp-json\/wp\/v2\/posts\/213712","targetHints":{"allow":["GET"]}}],"collection":[{"href":"https:\/\/www.radiopiu.net\/wordpress\/wp-json\/wp\/v2\/posts"}],"about":[{"href":"https:\/\/www.radiopiu.net\/wordpress\/wp-json\/wp\/v2\/types\/post"}],"author":[{"embeddable":true,"href":"https:\/\/www.radiopiu.net\/wordpress\/wp-json\/wp\/v2\/users\/4"}],"replies":[{"embeddable":true,"href":"https:\/\/www.radiopiu.net\/wordpress\/wp-json\/wp\/v2\/comments?post=213712"}],"version-history":[{"count":0,"href":"https:\/\/www.radiopiu.net\/wordpress\/wp-json\/wp\/v2\/posts\/213712\/revisions"}],"wp:featuredmedia":[{"embeddable":true,"href":"https:\/\/www.radiopiu.net\/wordpress\/wp-json\/wp\/v2\/media\/213409"}],"wp:attachment":[{"href":"https:\/\/www.radiopiu.net\/wordpress\/wp-json\/wp\/v2\/media?parent=213712"}],"wp:term":[{"taxonomy":"category","embeddable":true,"href":"https:\/\/www.radiopiu.net\/wordpress\/wp-json\/wp\/v2\/categories?post=213712"},{"taxonomy":"post_tag","embeddable":true,"href":"https:\/\/www.radiopiu.net\/wordpress\/wp-json\/wp\/v2\/tags?post=213712"}],"curies":[{"name":"wp","href":"https:\/\/api.w.org\/{rel}","templated":true}]}}