{"id":213743,"date":"2021-06-03T15:49:54","date_gmt":"2021-06-03T13:49:54","guid":{"rendered":"https:\/\/www.radiopiu.net\/wordpress\/?p=213743"},"modified":"2021-06-04T05:55:36","modified_gmt":"2021-06-04T03:55:36","slug":"una-studentessa-bellunese-fra-i-vincitori-del-progetto-concorso-pretendiamo-legalita","status":"publish","type":"post","link":"https:\/\/www.radiopiu.net\/wordpress\/una-studentessa-bellunese-fra-i-vincitori-del-progetto-concorso-pretendiamo-legalita\/","title":{"rendered":"UNA STUDENTESSA BELLUNESE FRA I VINCITORI DEL PROGETTO\/CONCORSO \u201cPRETENDIAMO LEGALIT\u00c0"},"content":{"rendered":"<p><strong>BELLUNO <\/strong>Si sono svolte nella mattina di oggi, in modalit\u00e0 live streaming dalla Sala Conferenze del Ministero dell\u2019Interno, le premiazioni della quarta edizione del Progetto\/concorso \u201cPretenDiamo Legalit\u00e0\u201d per l\u2019anno scolastico 2020\/2021. La studentessa Giulia Cesa, della classe 3^D della Scuola Secondaria di primo grado dell\u2019 \u2019Istituto Comprensivo di Ponte nelle Alpi ha vinto nella categoria \u201cgraphic novel con il suo fumetto \u201cCommissario Mascherpa \u2013 Le mascherine del Sant\u2019Ugo\u201d. Il progetto, avviato con successo in collaborazione con il Ministero dell\u2019istruzione, si pone l\u2019obiettivo di promuovere la legalit\u00e0, attraverso i temi del rispetto delle regole, del corretto utilizzo di internet e dei valori della costituzione che, insieme all\u2019amicizia, alla libert\u00e0 e alla solidariet\u00e0, rappresentano le basi per la crescita dei cittadini di domani. Gli studenti di ogni ordine e grado delle Questure (72) che hanno aderito al progetto, tra cui la Questura di Belluno, a seguito degli incontri tenuti dai poliziotti hanno presentato un elaborato \u2013 individuale o di gruppo \u2013 sui temi trattati. La commissione provinciale presieduta dal Questore e da un rappresentante del mondo scolastico, a fine maggio ha selezionato i lavori da inviare a Roma per le fasi finali del concorso. Il fumetto della bellunese Giulia Cesa \u00e8 risultato tra i lavori vincitori delle nove questure che si sono collegate in contemporanea dai vari istituti scolastici in video conferenza per la cerimonia di premiazione. Alle premiazioni presso l\u2019aula magna della scuola secondaria di primo grado di Ponte nelle Alpi, oltre la Dirigente Scolastica Orietta Isotton ed il personale docente, erano presenti il Questore Lilia Fredella, che ha consegnato il tablet del premio all\u2019alunna Giulia Cesa ed una targa di partecipazione all\u2019Istituto, il sindaco di Ponte nelle Alpi Paolo Vendramini ed il vice sindaco Lucia Da Rold, nonch\u00e9 il personale della Questura che ha tenuto gli incontri attinenti al progetto. La cerimonia da Roma \u00e8 stata presentata da Flavio Insinna, con la partecipazione\u00a0 degli atleti delle Fiamme Oro Ayomide Folorunso e Marcel Jacobs, in procinto di partire per le Olimpiadi di Tokyo. Grande \u00e8 stata l\u2019emozione quando il conduttore Insinna ha nominato la vincitrice Giulia Cesa, fino a quel momento ignara, applauditissima da tutta la sua classe. Il Questore ha sottolineato la contemporaneit\u00e0 della vicenda narrata nel fumetto, ovvero il furto di mascherine in un ospedale e l\u2019indagine condotta dal Commissario Mascherpa. Viva soddisfazione \u00e8 stata espressa dalla Dirigente scolastica Orietta Isotton\u00a0 per il lavoro svolto dal personale docente che ha stimolato le riflessioni sui temi attinenti al progetto\/concorso e che hanno ispirato il graphic novel di Giulia, che sar\u00e0 pubblicato in formato pdf sul sito della Questura di Belluno in un articolo ad esso dedicato.\u00a0 Il Sindaco Paolo Vendramin: \u201c<em>Questo premio a livello nazionale \u00e8 un orgoglio per l\u2019intera comunit\u00e0, anche perch\u00e9 \u00e8 abbinato a un valore di imprescindibile importanza come quello della legalit\u00e0. Complimenti agli insegnanti, alla dirigente scolastica e alla bravissima Giulia<\/em>\u201d. Sulla stessa lunghezza di pensiero la vice sindaca Lucia Da Rold: \u201c<em>Abbiamo vissuto una mattinata ricca di emozioni e di assoluta rilevanza per i ragazzi. La cultura della legalit\u00e0\u00a0 deve partire dalla scuola ed essere costruita insieme a loro, ai giovani: non solo attraverso una semplice lezione\u00a0 o una spiegazione, ma facendo in modo che le parole e gli insegnamenti siano concreti e calati nella realt\u00e0<\/em>\u201d.<\/p>\n\n\t\t\t<style type='text\/css'>\n\t\t\t\t#gallery-1 {\n\t\t\t\t\tmargin: auto;\n\t\t\t\t}\n\t\t\t\t#gallery-1 .gallery-item {\n\t\t\t\t\tfloat: left;\n\t\t\t\t\tmargin-top: 10px;\n\t\t\t\t\ttext-align: center;\n\t\t\t\t\twidth: 20%;\n\t\t\t\t}\n\t\t\t\t#gallery-1 img {\n\t\t\t\t\tborder: 2px solid #cfcfcf;\n\t\t\t\t}\n\t\t\t\t#gallery-1 .gallery-caption {\n\t\t\t\t\tmargin-left: 0;\n\t\t\t\t}\n\t\t\t\t\/* see gallery_shortcode() in wp-includes\/media.php *\/\n\t\t\t<\/style>\n\t\t<div id='gallery-1' class='dt-gallery-container gallery galleryid-213743 gallery-columns-5 gallery-size-thumbnail'><dl class='gallery-item'>\n\t\t\t\t<dt class='gallery-icon landscape'>\n\t\t\t\t\t<a class=\"rollover rollover-zoom dt-pswp-item\" title=\"IMG-20210603-WA0017\" data-dt-img-description=\"\" data-large_image_width=\"1600\" data-large_image_height=\"900\"href='https:\/\/www.radiopiu.net\/wordpress\/wp-content\/uploads\/2021\/06\/IMG-20210603-WA0017.jpg'><img loading=\"lazy\" decoding=\"async\" width=\"150\" height=\"150\" src=\"https:\/\/www.radiopiu.net\/wordpress\/wp-content\/uploads\/2021\/06\/IMG-20210603-WA0017-150x150.jpg\" class=\"attachment-thumbnail size-thumbnail\" alt=\"\" \/><\/a>\n\t\t\t\t<\/dt><\/dl><dl class='gallery-item'>\n\t\t\t\t<dt class='gallery-icon portrait'>\n\t\t\t\t\t<a class=\"rollover rollover-zoom dt-pswp-item\" title=\"IMG-20210603-WA0028\" data-dt-img-description=\"\" data-large_image_width=\"1134\" data-large_image_height=\"2016\"href='https:\/\/www.radiopiu.net\/wordpress\/wp-content\/uploads\/2021\/06\/IMG-20210603-WA0028.jpg'><img loading=\"lazy\" decoding=\"async\" width=\"150\" height=\"150\" src=\"https:\/\/www.radiopiu.net\/wordpress\/wp-content\/uploads\/2021\/06\/IMG-20210603-WA0028-150x150.jpg\" class=\"attachment-thumbnail size-thumbnail\" alt=\"\" \/><\/a>\n\t\t\t\t<\/dt><\/dl><dl class='gallery-item'>\n\t\t\t\t<dt class='gallery-icon landscape'>\n\t\t\t\t\t<a class=\"rollover rollover-zoom dt-pswp-item\" title=\"IMG-20210603-WA0030\" data-dt-img-description=\"\" data-large_image_width=\"2016\" data-large_image_height=\"1134\"href='https:\/\/www.radiopiu.net\/wordpress\/wp-content\/uploads\/2021\/06\/IMG-20210603-WA0030-rotated.jpg'><img loading=\"lazy\" decoding=\"async\" width=\"150\" height=\"150\" src=\"https:\/\/www.radiopiu.net\/wordpress\/wp-content\/uploads\/2021\/06\/IMG-20210603-WA0030-150x150.jpg\" class=\"attachment-thumbnail size-thumbnail\" alt=\"\" \/><\/a>\n\t\t\t\t<\/dt><\/dl><dl class='gallery-item'>\n\t\t\t\t<dt class='gallery-icon landscape'>\n\t\t\t\t\t<a class=\"rollover rollover-zoom dt-pswp-item\" title=\"IMG-20210603-WA0032\" data-dt-img-description=\"\" data-large_image_width=\"2016\" data-large_image_height=\"1134\"href='https:\/\/www.radiopiu.net\/wordpress\/wp-content\/uploads\/2021\/06\/IMG-20210603-WA0032.jpg'><img loading=\"lazy\" decoding=\"async\" width=\"150\" height=\"150\" src=\"https:\/\/www.radiopiu.net\/wordpress\/wp-content\/uploads\/2021\/06\/IMG-20210603-WA0032-150x150.jpg\" class=\"attachment-thumbnail size-thumbnail\" alt=\"\" \/><\/a>\n\t\t\t\t<\/dt><\/dl><dl class='gallery-item'>\n\t\t\t\t<dt class='gallery-icon landscape'>\n\t\t\t\t\t<a class=\"rollover rollover-zoom dt-pswp-item\" title=\"IMG-20210603-WA0035\" data-dt-img-description=\"\" data-large_image_width=\"2016\" data-large_image_height=\"1134\"href='https:\/\/www.radiopiu.net\/wordpress\/wp-content\/uploads\/2021\/06\/IMG-20210603-WA0035.jpg'><img loading=\"lazy\" decoding=\"async\" width=\"150\" height=\"150\" src=\"https:\/\/www.radiopiu.net\/wordpress\/wp-content\/uploads\/2021\/06\/IMG-20210603-WA0035-150x150.jpg\" class=\"attachment-thumbnail size-thumbnail\" alt=\"\" \/><\/a>\n\t\t\t\t<\/dt><\/dl><br style=\"clear: both\" \/>\n\t\t\t<\/div>\n\n<p>&nbsp;<\/p>\n<p>&nbsp;<\/p>\n<p>&nbsp;<\/p>\n<p>****<\/p>\n","protected":false},"excerpt":{"rendered":"<p>BELLUNO Si sono svolte nella mattina di oggi, in modalit\u00e0 live streaming dalla Sala Conferenze del Ministero dell\u2019Interno, le premiazioni della quarta edizione del Progetto\/concorso \u201cPretenDiamo Legalit\u00e0\u201d per l\u2019anno scolastico 2020\/2021. La studentessa Giulia Cesa, della classe 3^D della Scuola Secondaria di primo grado dell\u2019 \u2019Istituto Comprensivo di Ponte nelle Alpi ha vinto nella categoria&hellip;<\/p>\n","protected":false},"author":4,"featured_media":213748,"comment_status":"closed","ping_status":"open","sticky":false,"template":"","format":"standard","meta":{"_monsterinsights_skip_tracking":false,"_monsterinsights_sitenote_active":false,"_monsterinsights_sitenote_note":"","_monsterinsights_sitenote_category":0,"footnotes":""},"categories":[51,49],"tags":[],"class_list":["post-213743","post","type-post","status-publish","format-standard","has-post-thumbnail","hentry","category-evidenza-top","category-news-18","category-51","category-49","description-off"],"img_url":"https:\/\/www.radiopiu.net\/wordpress\/wp-content\/uploads\/2021\/06\/IMG-20210603-WA0035.jpg","_links":{"self":[{"href":"https:\/\/www.radiopiu.net\/wordpress\/wp-json\/wp\/v2\/posts\/213743","targetHints":{"allow":["GET"]}}],"collection":[{"href":"https:\/\/www.radiopiu.net\/wordpress\/wp-json\/wp\/v2\/posts"}],"about":[{"href":"https:\/\/www.radiopiu.net\/wordpress\/wp-json\/wp\/v2\/types\/post"}],"author":[{"embeddable":true,"href":"https:\/\/www.radiopiu.net\/wordpress\/wp-json\/wp\/v2\/users\/4"}],"replies":[{"embeddable":true,"href":"https:\/\/www.radiopiu.net\/wordpress\/wp-json\/wp\/v2\/comments?post=213743"}],"version-history":[{"count":0,"href":"https:\/\/www.radiopiu.net\/wordpress\/wp-json\/wp\/v2\/posts\/213743\/revisions"}],"wp:featuredmedia":[{"embeddable":true,"href":"https:\/\/www.radiopiu.net\/wordpress\/wp-json\/wp\/v2\/media\/213748"}],"wp:attachment":[{"href":"https:\/\/www.radiopiu.net\/wordpress\/wp-json\/wp\/v2\/media?parent=213743"}],"wp:term":[{"taxonomy":"category","embeddable":true,"href":"https:\/\/www.radiopiu.net\/wordpress\/wp-json\/wp\/v2\/categories?post=213743"},{"taxonomy":"post_tag","embeddable":true,"href":"https:\/\/www.radiopiu.net\/wordpress\/wp-json\/wp\/v2\/tags?post=213743"}],"curies":[{"name":"wp","href":"https:\/\/api.w.org\/{rel}","templated":true}]}}