{"id":213915,"date":"2021-06-04T13:07:34","date_gmt":"2021-06-04T11:07:34","guid":{"rendered":"https:\/\/www.radiopiu.net\/wordpress\/?p=213915"},"modified":"2021-06-05T06:14:45","modified_gmt":"2021-06-05T04:14:45","slug":"belluno-protagonista-allassemblea-academy-di-cittaslow-internazione","status":"publish","type":"post","link":"https:\/\/www.radiopiu.net\/wordpress\/belluno-protagonista-allassemblea-academy-di-cittaslow-internazione\/","title":{"rendered":"BELLUNO PROTAGONISTA ALL&#8217;ASSEMBLEA\u00a0 ACADEMY DI CITTASLOW INTERNAZIONE"},"content":{"rendered":"<blockquote>\n<h3><\/h3>\n<\/blockquote>\n<p><strong><a href=\"https:\/\/www.radiopiu.net\/wordpress\/giornale-radiopiu-05-giugno-2021-direttore-mirko-mezzacasa\/th-131\/\" rel=\"attachment wp-att-213913\"><img loading=\"lazy\" decoding=\"async\" class=\"size-full wp-image-213913 alignleft\" src=\"https:\/\/www.radiopiu.net\/wordpress\/wp-content\/uploads\/2021\/06\/th-4.jpg\" alt=\"\" width=\"209\" height=\"198\" \/><\/a>BELLUNO<\/strong> Il Comune di Belluno sar\u00e0 protagonista di Cittaslow Academy, la serie di incontri organizzati dall&#8217;omonima associazione che si terranno la prossima settimana in preparazione dell&#8217;assemblea nazionale di sabato. Dal 7 all&#8217;11 giugno, infatti, saranno una decina gli incontri che si svolgeranno online e che coinvolgeranno le 275 citt\u00e0 associate, sparse in 30 paesi del mondo; di questi, ben quattro vedranno protagonista il capoluogo dolomitico. Marted\u00ec 8 toccher\u00e0 a Matilde Ciafarone, Alice Nicolini e Mariachiara Roldo \u2013 le ragazze che partecipano al progetto Alps 2030. Oltre all&#8217;intervento di apertura, a Matilde, Alice e Mariachiara \u00e8 stato assegnato il compito di coordinare i lavori della giornata. Mercoled\u00ec, invece, spazio all&#8217;agrobiologia e alle api nelle Cittaslow\u00a0 interverr\u00e0 anche l&#8217;assessora Yuki d&#8217;Emilia per illustrare il progetto BeeAware, conclusosi poche settimane fa. Sar\u00e0 invece il primo cittadino di Belluno, Jacopo Massaro, a spiegare la realt\u00e0 \u201cBelluno dei bambini e dei ragazzi\u201d nel corso del convegno sull&#8217;educazione civica, insieme ad altri colleghi e docenti da Francia, Belgio, Irlanda, Germania e Polonia. Tutti gli incontri saranno trasmessi in diretta sulla pagina Facebook e sul canale YouTube di Cittaslow International.<\/p>\n<blockquote><p><em>\u00abSi tratta di un&#8217;importante occasione per confrontarsi con tante altre realt\u00e0 impegnate a livello internazionale nella realizzazione di progetti legati alle comunit\u00e0, alla tutela dell&#8217;ambiente, allo sviluppo socio-economico sostenibile. &#8211; commenta il sindaco Massaro \u2013 Per noi ci sar\u00e0 quindi l&#8217;opportunit\u00e0 di ascoltare i racconti delle buone pratiche messe in atto in ogni angolo del mondo e l&#8217;onore di poter raccontare su un palcoscenico di tale portata le attivit\u00e0 che da tempo la nostra amministrazione porta avanti per valorizzare le ricchezze sociali, ambientali e turistiche del suo territorio\u00bb.<\/em><\/p><\/blockquote>\n<p>&nbsp;<\/p>\n","protected":false},"excerpt":{"rendered":"<p>BELLUNO Il Comune di Belluno sar\u00e0 protagonista di Cittaslow Academy, la serie di incontri organizzati dall&#8217;omonima associazione che si terranno la prossima settimana in preparazione dell&#8217;assemblea nazionale di sabato. Dal 7 all&#8217;11 giugno, infatti, saranno una decina gli incontri che si svolgeranno online e che coinvolgeranno le 275 citt\u00e0 associate, sparse in 30 paesi del&hellip;<\/p>\n","protected":false},"author":4,"featured_media":213913,"comment_status":"closed","ping_status":"open","sticky":false,"template":"","format":"standard","meta":{"_monsterinsights_skip_tracking":false,"_monsterinsights_sitenote_active":false,"_monsterinsights_sitenote_note":"","_monsterinsights_sitenote_category":0,"footnotes":""},"categories":[1,49],"tags":[],"class_list":["post-213915","post","type-post","status-publish","format-standard","has-post-thumbnail","hentry","category-senza-categoria","category-news-18","category-1","category-49","description-off"],"img_url":"https:\/\/www.radiopiu.net\/wordpress\/wp-content\/uploads\/2021\/06\/th-4.jpg","_links":{"self":[{"href":"https:\/\/www.radiopiu.net\/wordpress\/wp-json\/wp\/v2\/posts\/213915","targetHints":{"allow":["GET"]}}],"collection":[{"href":"https:\/\/www.radiopiu.net\/wordpress\/wp-json\/wp\/v2\/posts"}],"about":[{"href":"https:\/\/www.radiopiu.net\/wordpress\/wp-json\/wp\/v2\/types\/post"}],"author":[{"embeddable":true,"href":"https:\/\/www.radiopiu.net\/wordpress\/wp-json\/wp\/v2\/users\/4"}],"replies":[{"embeddable":true,"href":"https:\/\/www.radiopiu.net\/wordpress\/wp-json\/wp\/v2\/comments?post=213915"}],"version-history":[{"count":0,"href":"https:\/\/www.radiopiu.net\/wordpress\/wp-json\/wp\/v2\/posts\/213915\/revisions"}],"wp:featuredmedia":[{"embeddable":true,"href":"https:\/\/www.radiopiu.net\/wordpress\/wp-json\/wp\/v2\/media\/213913"}],"wp:attachment":[{"href":"https:\/\/www.radiopiu.net\/wordpress\/wp-json\/wp\/v2\/media?parent=213915"}],"wp:term":[{"taxonomy":"category","embeddable":true,"href":"https:\/\/www.radiopiu.net\/wordpress\/wp-json\/wp\/v2\/categories?post=213915"},{"taxonomy":"post_tag","embeddable":true,"href":"https:\/\/www.radiopiu.net\/wordpress\/wp-json\/wp\/v2\/tags?post=213915"}],"curies":[{"name":"wp","href":"https:\/\/api.w.org\/{rel}","templated":true}]}}