{"id":213946,"date":"2021-06-05T05:50:02","date_gmt":"2021-06-05T03:50:02","guid":{"rendered":"https:\/\/www.radiopiu.net\/wordpress\/?p=213946"},"modified":"2021-06-05T06:16:45","modified_gmt":"2021-06-05T04:16:45","slug":"meteo-in-arrivo-rovesci-e-temporali-sulle-zone-montane-e-pedemontane","status":"publish","type":"post","link":"https:\/\/www.radiopiu.net\/wordpress\/meteo-in-arrivo-rovesci-e-temporali-sulle-zone-montane-e-pedemontane\/","title":{"rendered":"METEO. IN ARRIVO ROVESCI E TEMPORALI SULLE ZONE MONTANE E PEDEMONTANE"},"content":{"rendered":"<p><strong><img loading=\"lazy\" decoding=\"async\" class=\"alignleft\" src=\"https:\/\/www.radiopiu.net\/wordpress\/wp-content\/uploads\/2018\/08\/instabilita.jpg\" width=\"268\" height=\"161\" \/>VENEZIA<\/strong> Il Centro funzionale decentrato della Protezione Civile del Veneto, in considerazione delle previsioni metereologiche previste nelle prossime ore, che annunciano piogge e temporali sulle zone montane e pedemontane, ha emesso un nuovo avviso di criticit\u00e0 idrogeologica per i disagi che potrebbero verificarsi nel sistema di drenaggio urbano e lungo la rete idrografica minore, valevole, complessivamente, fino alla mezzanotte di domenica 6 giugno. La fase di instabilit\u00e0 prevista per oggi continuer\u00e0 anche domani, sabato 5 giugno, con fenomeni localmente intensi quali forti rovesci, forti raffiche di vento e locali grandinate, sempre sulle Dolomiti, Prealpi e pianura. Considerata l\u2019entit\u00e0 dei fenomeni attesi, la criticit\u00e0 idrogeologica \u00e8 riferita allo scenario per temporali forti, quindi, viene dichiarato lo stato di attenzione per criticit\u00e0 idrogeologica,\u00a0 allerta gialla con possibilit\u00e0 d&#8217;innesco di fenomeni franosi superficiali sui versanti e la possibilit\u00e0 di innesco di colate rapide.<\/p>\n<p>&nbsp;<\/p>\n","protected":false},"excerpt":{"rendered":"<p>VENEZIA Il Centro funzionale decentrato della Protezione Civile del Veneto, in considerazione delle previsioni metereologiche previste nelle prossime ore, che annunciano piogge e temporali sulle zone montane e pedemontane, ha emesso un nuovo avviso di criticit\u00e0 idrogeologica per i disagi che potrebbero verificarsi nel sistema di drenaggio urbano e lungo la rete idrografica minore, valevole,&hellip;<\/p>\n","protected":false},"author":4,"featured_media":57488,"comment_status":"closed","ping_status":"open","sticky":false,"template":"","format":"standard","meta":{"_monsterinsights_skip_tracking":false,"_monsterinsights_sitenote_active":false,"_monsterinsights_sitenote_note":"","_monsterinsights_sitenote_category":0,"footnotes":""},"categories":[51,49],"tags":[],"class_list":["post-213946","post","type-post","status-publish","format-standard","has-post-thumbnail","hentry","category-evidenza-top","category-news-18","category-51","category-49","description-off"],"img_url":"https:\/\/www.radiopiu.net\/wordpress\/wp-content\/uploads\/2018\/08\/instabilita.jpg","_links":{"self":[{"href":"https:\/\/www.radiopiu.net\/wordpress\/wp-json\/wp\/v2\/posts\/213946","targetHints":{"allow":["GET"]}}],"collection":[{"href":"https:\/\/www.radiopiu.net\/wordpress\/wp-json\/wp\/v2\/posts"}],"about":[{"href":"https:\/\/www.radiopiu.net\/wordpress\/wp-json\/wp\/v2\/types\/post"}],"author":[{"embeddable":true,"href":"https:\/\/www.radiopiu.net\/wordpress\/wp-json\/wp\/v2\/users\/4"}],"replies":[{"embeddable":true,"href":"https:\/\/www.radiopiu.net\/wordpress\/wp-json\/wp\/v2\/comments?post=213946"}],"version-history":[{"count":0,"href":"https:\/\/www.radiopiu.net\/wordpress\/wp-json\/wp\/v2\/posts\/213946\/revisions"}],"wp:featuredmedia":[{"embeddable":true,"href":"https:\/\/www.radiopiu.net\/wordpress\/wp-json\/wp\/v2\/media\/57488"}],"wp:attachment":[{"href":"https:\/\/www.radiopiu.net\/wordpress\/wp-json\/wp\/v2\/media?parent=213946"}],"wp:term":[{"taxonomy":"category","embeddable":true,"href":"https:\/\/www.radiopiu.net\/wordpress\/wp-json\/wp\/v2\/categories?post=213946"},{"taxonomy":"post_tag","embeddable":true,"href":"https:\/\/www.radiopiu.net\/wordpress\/wp-json\/wp\/v2\/tags?post=213946"}],"curies":[{"name":"wp","href":"https:\/\/api.w.org\/{rel}","templated":true}]}}