{"id":214102,"date":"2021-06-05T05:56:02","date_gmt":"2021-06-05T03:56:02","guid":{"rendered":"https:\/\/www.radiopiu.net\/wordpress\/?p=214102"},"modified":"2021-06-05T06:13:46","modified_gmt":"2021-06-05T04:13:46","slug":"dopo-le-valanghe-le-frane-a-col-di-pra-foto-e-video","status":"publish","type":"post","link":"https:\/\/www.radiopiu.net\/wordpress\/dopo-le-valanghe-le-frane-a-col-di-pra-foto-e-video\/","title":{"rendered":"DOPO LE VALANGHE LE FRANE.  A COL DI PRA, FOTO E VIDEO"},"content":{"rendered":"<p><strong>TAIBON<\/strong> Nel tardo pomeriggio il rumore di sassi dalle pareti\u00a0 del Col Negro in Valle di San Lucano ha attirato l&#8217;attenzione degli abitanti della frazione Col di Pra. Sullo sfondo il &#8220;gigante&#8221;\u00a0 Agner e in primo piano\u00a0 la nuvola di polvere e ben visibile il movimento della massa di terra, comunque lontano fortunatamente dalle abitazioni. . E&#8217; tutto documentato nella foto e video di Ivan Melaia, l&#8217;episodio alle 20.05\u00a0 sopra la strada in fase di realizzazione in localit\u00e0 Farsenade-Col Broa. Se il materiale \u00e8 arrivato sulla silvo pastorale lo scoprir\u00e0 l&#8217;ufficio tecnico e gli operati del Comune domani con il ritorno della luce.<\/p>\n\n\t\t\t<style type='text\/css'>\n\t\t\t\t#gallery-1 {\n\t\t\t\t\tmargin: auto;\n\t\t\t\t}\n\t\t\t\t#gallery-1 .gallery-item {\n\t\t\t\t\tfloat: left;\n\t\t\t\t\tmargin-top: 10px;\n\t\t\t\t\ttext-align: center;\n\t\t\t\t\twidth: 50%;\n\t\t\t\t}\n\t\t\t\t#gallery-1 img {\n\t\t\t\t\tborder: 2px solid #cfcfcf;\n\t\t\t\t}\n\t\t\t\t#gallery-1 .gallery-caption {\n\t\t\t\t\tmargin-left: 0;\n\t\t\t\t}\n\t\t\t\t\/* see gallery_shortcode() in wp-includes\/media.php *\/\n\t\t\t<\/style>\n\t\t<div id='gallery-1' class='dt-gallery-container gallery galleryid-214102 gallery-columns-2 gallery-size-large'><dl class='gallery-item'>\n\t\t\t\t<dt class='gallery-icon portrait'>\n\t\t\t\t\t<a class=\"rollover rollover-zoom dt-pswp-item\" title=\"31d56bca-8e3f-4249-ac47-7ba0afc9f8fc\" data-dt-img-description=\"\" data-large_image_width=\"1536\" data-large_image_height=\"2048\"href='https:\/\/www.radiopiu.net\/wordpress\/wp-content\/uploads\/2021\/06\/31d56bca-8e3f-4249-ac47-7ba0afc9f8fc.jpg'><img loading=\"lazy\" decoding=\"async\" width=\"768\" height=\"1024\" src=\"https:\/\/www.radiopiu.net\/wordpress\/wp-content\/uploads\/2021\/06\/31d56bca-8e3f-4249-ac47-7ba0afc9f8fc-768x1024.jpg\" class=\"attachment-large size-large\" alt=\"\" srcset=\"https:\/\/www.radiopiu.net\/wordpress\/wp-content\/uploads\/2021\/06\/31d56bca-8e3f-4249-ac47-7ba0afc9f8fc-768x1024.jpg 768w, https:\/\/www.radiopiu.net\/wordpress\/wp-content\/uploads\/2021\/06\/31d56bca-8e3f-4249-ac47-7ba0afc9f8fc-225x300.jpg 225w, https:\/\/www.radiopiu.net\/wordpress\/wp-content\/uploads\/2021\/06\/31d56bca-8e3f-4249-ac47-7ba0afc9f8fc-1152x1536.jpg 1152w, https:\/\/www.radiopiu.net\/wordpress\/wp-content\/uploads\/2021\/06\/31d56bca-8e3f-4249-ac47-7ba0afc9f8fc.jpg 1536w\" sizes=\"auto, (max-width: 768px) 100vw, 768px\" \/><\/a>\n\t\t\t\t<\/dt><\/dl><dl class='gallery-item'>\n\t\t\t\t<dt class='gallery-icon portrait'>\n\t\t\t\t\t<a class=\"rollover rollover-zoom dt-pswp-item\" title=\"1662d5e6-5acf-40f1-a94d-a260eaf64b5e\" data-dt-img-description=\"\" data-large_image_width=\"1536\" data-large_image_height=\"2048\"href='https:\/\/www.radiopiu.net\/wordpress\/wp-content\/uploads\/2021\/06\/1662d5e6-5acf-40f1-a94d-a260eaf64b5e.jpg'><img loading=\"lazy\" decoding=\"async\" width=\"768\" height=\"1024\" src=\"https:\/\/www.radiopiu.net\/wordpress\/wp-content\/uploads\/2021\/06\/1662d5e6-5acf-40f1-a94d-a260eaf64b5e-768x1024.jpg\" class=\"attachment-large size-large\" alt=\"\" srcset=\"https:\/\/www.radiopiu.net\/wordpress\/wp-content\/uploads\/2021\/06\/1662d5e6-5acf-40f1-a94d-a260eaf64b5e-768x1024.jpg 768w, https:\/\/www.radiopiu.net\/wordpress\/wp-content\/uploads\/2021\/06\/1662d5e6-5acf-40f1-a94d-a260eaf64b5e-225x300.jpg 225w, https:\/\/www.radiopiu.net\/wordpress\/wp-content\/uploads\/2021\/06\/1662d5e6-5acf-40f1-a94d-a260eaf64b5e-1152x1536.jpg 1152w, https:\/\/www.radiopiu.net\/wordpress\/wp-content\/uploads\/2021\/06\/1662d5e6-5acf-40f1-a94d-a260eaf64b5e.jpg 1536w\" sizes=\"auto, (max-width: 768px) 100vw, 768px\" \/><\/a>\n\t\t\t\t<\/dt><\/dl><br style=\"clear: both\" \/>\n\t\t\t<\/div>\n\n<p>&nbsp;<\/p>\n<div style=\"width: 640px;\" class=\"wp-video\"><video class=\"wp-video-shortcode\" id=\"video-214102-1\" width=\"640\" height=\"352\" preload=\"metadata\" controls=\"controls\"><source type=\"video\/mp4\" src=\"https:\/\/www.radiopiu.net\/wordpress\/wp-content\/uploads\/2021\/06\/WhatsApp-Video-2021-06-04-at-21.00.19.mp4?_=1\" \/><a href=\"https:\/\/www.radiopiu.net\/wordpress\/wp-content\/uploads\/2021\/06\/WhatsApp-Video-2021-06-04-at-21.00.19.mp4\">https:\/\/www.radiopiu.net\/wordpress\/wp-content\/uploads\/2021\/06\/WhatsApp-Video-2021-06-04-at-21.00.19.mp4<\/a><\/video><\/div>\n","protected":false},"excerpt":{"rendered":"<p>TAIBON Nel tardo pomeriggio il rumore di sassi dalle pareti\u00a0 del Col Negro in Valle di San Lucano ha attirato l&#8217;attenzione degli abitanti della frazione Col di Pra. Sullo sfondo il &#8220;gigante&#8221;\u00a0 Agner e in primo piano\u00a0 la nuvola di polvere e ben visibile il movimento della massa di terra, comunque lontano fortunatamente dalle abitazioni.&hellip;<\/p>\n","protected":false},"author":4,"featured_media":214106,"comment_status":"closed","ping_status":"open","sticky":false,"template":"","format":"standard","meta":{"_monsterinsights_skip_tracking":false,"_monsterinsights_sitenote_active":false,"_monsterinsights_sitenote_note":"","_monsterinsights_sitenote_category":0,"footnotes":""},"categories":[51,49],"tags":[],"class_list":["post-214102","post","type-post","status-publish","format-standard","has-post-thumbnail","hentry","category-evidenza-top","category-news-18","category-51","category-49","description-off"],"img_url":"https:\/\/www.radiopiu.net\/wordpress\/wp-content\/uploads\/2021\/06\/1662d5e6-5acf-40f1-a94d-a260eaf64b5e.jpg","_links":{"self":[{"href":"https:\/\/www.radiopiu.net\/wordpress\/wp-json\/wp\/v2\/posts\/214102","targetHints":{"allow":["GET"]}}],"collection":[{"href":"https:\/\/www.radiopiu.net\/wordpress\/wp-json\/wp\/v2\/posts"}],"about":[{"href":"https:\/\/www.radiopiu.net\/wordpress\/wp-json\/wp\/v2\/types\/post"}],"author":[{"embeddable":true,"href":"https:\/\/www.radiopiu.net\/wordpress\/wp-json\/wp\/v2\/users\/4"}],"replies":[{"embeddable":true,"href":"https:\/\/www.radiopiu.net\/wordpress\/wp-json\/wp\/v2\/comments?post=214102"}],"version-history":[{"count":0,"href":"https:\/\/www.radiopiu.net\/wordpress\/wp-json\/wp\/v2\/posts\/214102\/revisions"}],"wp:featuredmedia":[{"embeddable":true,"href":"https:\/\/www.radiopiu.net\/wordpress\/wp-json\/wp\/v2\/media\/214106"}],"wp:attachment":[{"href":"https:\/\/www.radiopiu.net\/wordpress\/wp-json\/wp\/v2\/media?parent=214102"}],"wp:term":[{"taxonomy":"category","embeddable":true,"href":"https:\/\/www.radiopiu.net\/wordpress\/wp-json\/wp\/v2\/categories?post=214102"},{"taxonomy":"post_tag","embeddable":true,"href":"https:\/\/www.radiopiu.net\/wordpress\/wp-json\/wp\/v2\/tags?post=214102"}],"curies":[{"name":"wp","href":"https:\/\/api.w.org\/{rel}","templated":true}]}}