{"id":214112,"date":"2021-06-06T06:43:13","date_gmt":"2021-06-06T04:43:13","guid":{"rendered":"https:\/\/www.radiopiu.net\/wordpress\/?p=214112"},"modified":"2021-06-06T07:45:52","modified_gmt":"2021-06-06T05:45:52","slug":"giornale-radiopiu-06-giugno-2021-direttore-mirko-mezzacasa","status":"publish","type":"post","link":"https:\/\/www.radiopiu.net\/wordpress\/giornale-radiopiu-06-giugno-2021-direttore-mirko-mezzacasa\/","title":{"rendered":"GIORNALE RADIOPIU 06 GIUGNO 2021 DIRETTORE MIRKO MEZZACASA"},"content":{"rendered":"<h3><span style=\"color: #0000ff;\">PER<strong>\u00a0RICEVERE QUESTO NOTIZIARIO DIRETTAMENTE SUL TUO CELLULARE ISCRIVITI AL CANALE TELEGRAM\u00a0<\/strong><strong>\u201cRADIO PIU\u00a0 INFORMAZIONE\u201d\u00a0 \u00a0 \u00a0<\/strong><\/span><\/h3>\n<p>&nbsp;<\/p>\n<hr \/>\n<p>&nbsp;<\/p>\n<p><em><a href=\"https:\/\/www.radiopiu.net\/wordpress\/giornale-radiopiu-24-gennaio-2021-direttore-mirko-mezzacasa\/79216601_126817312416448_708980208774483089_n\/\" rel=\"attachment wp-att-186567\"><img loading=\"lazy\" decoding=\"async\" class=\"size-medium wp-image-186567 alignleft\" src=\"https:\/\/www.radiopiu.net\/wordpress\/wp-content\/uploads\/2021\/01\/79216601_126817312416448_708980208774483089_n-300x114.jpg\" sizes=\"auto, (max-width: 300px) 100vw, 300px\" srcset=\"https:\/\/www.radiopiu.net\/wordpress\/wp-content\/uploads\/2021\/01\/79216601_126817312416448_708980208774483089_n-300x114.jpg 300w, https:\/\/www.radiopiu.net\/wordpress\/wp-content\/uploads\/2021\/01\/79216601_126817312416448_708980208774483089_n-768x292.jpg 768w, https:\/\/www.radiopiu.net\/wordpress\/wp-content\/uploads\/2021\/01\/79216601_126817312416448_708980208774483089_n.jpg 820w\" alt=\"\" width=\"300\" height=\"114\" \/><\/a>A<\/em><em>PP PER IOS-IPHONE di Nicola Vettorello <\/em><a href=\"https:\/\/apps.apple.com\/it\/app\/radio-pi%C3%B9-emittente-agordina\/id1515939845\">https:\/\/apps.apple.com\/it\/app\/radio-pi%C3%B9-emittente-agordina\/id1515939845<\/a><\/p>\n<p><em>ATTENZIONE: LA NUOVA APP RADIO\u00a0 PER ANDROID di Nicola Vettorello<\/em><\/p>\n<p><a href=\"https:\/\/play.google.com\/store\/apps\/details?id=net.radiopiu.iniko\" target=\"_blank\" rel=\"noopener noreferrer\">https:\/\/play.google.com\/store\/apps\/details?id=net.radiopiu.iniko<\/a><\/p>\n<p>&nbsp;<\/p>\n<p>&nbsp;<\/p>\n<p>&nbsp;<\/p>\n<p>&nbsp;<\/p>\n<hr \/>\n<blockquote>\n<blockquote>\n<h3><\/h3>\n<\/blockquote>\n<h2><strong>DALLA MEZZANOTTE DI NUOVO CHIUSA LA PROVINCIALE 2 DEL MIS PER CADUTA SASSI<\/strong><\/h2>\n<\/blockquote>\n<h3><span style=\"color: #ff0000;\"><strong>Aggiornamento al 06\/06\/2021 ore 0.30 .<\/strong><\/span><strong style=\"font-size: 14px;\">&#8211; S.P. 2 \u201cdella Val del Mis\u201d dal km 14+920 (loc. Gena Bassa) al km 20+650 (loc. Titele) per caduta<\/strong><\/h3>\n<h3><strong>sassi ;<\/strong><\/h3>\n<blockquote>\n<blockquote><p>Permangono le chiusure al transito dei seguenti tratti stradali:<br \/>\n&#8211; S.P. 5 dir \u201cdi Lamosano\u201d dal km 0+500 (loc. Schiucaz) al km 1+250 (loc. incrocio S.P. 4);<br \/>\n&#8211; S.P. 42 \u201cdella Cavallera\u201d dal km 2+780 al km 3+160 (loc. Perarolo);<br \/>\n&#8211; S.P. 33 \u201cdi Sauris\u201d dal km 0+000 (loc. innesto S.P. 619 Casera Razzo) al km 6+800 (loc. confine<br \/>\ncon Provincia di Udine)<\/p><\/blockquote>\n<\/blockquote>\n<p>&nbsp;<\/p>\n<hr \/>\n<p>&nbsp;<\/p>\n<blockquote>\n<h2><a href=\"https:\/\/www.radiopiu.net\/wordpress\/giornale-radiopiu-06-giugno-2021-direttore-mirko-mezzacasa\/e3a3561a-4d57-4b01-b7a8-cae11e2ff132\/\" rel=\"attachment wp-att-214254\"><img loading=\"lazy\" decoding=\"async\" class=\"wp-image-214254 alignleft\" src=\"https:\/\/www.radiopiu.net\/wordpress\/wp-content\/uploads\/2021\/06\/e3a3561a-4d57-4b01-b7a8-cae11e2ff132-225x300.jpg\" alt=\"\" width=\"102\" height=\"136\" srcset=\"https:\/\/www.radiopiu.net\/wordpress\/wp-content\/uploads\/2021\/06\/e3a3561a-4d57-4b01-b7a8-cae11e2ff132-225x300.jpg 225w, https:\/\/www.radiopiu.net\/wordpress\/wp-content\/uploads\/2021\/06\/e3a3561a-4d57-4b01-b7a8-cae11e2ff132-768x1024.jpg 768w, https:\/\/www.radiopiu.net\/wordpress\/wp-content\/uploads\/2021\/06\/e3a3561a-4d57-4b01-b7a8-cae11e2ff132.jpg 960w\" sizes=\"auto, (max-width: 102px) 100vw, 102px\" \/><\/a>IL MALTEMPO DI IERI SERA<\/h2>\n<\/blockquote>\n<p><strong>BELLUNO<\/strong> Incidente stradale a Marisiga\u00a0 (foto telegram viabilita&#8217; provincia belluno) con una persona rimasta ferita e strada chiusa. Un automobilista \u00e8 rimasto bloccato tra Zei e Tisoi a seguito della colata d&#8217;acqua dalla montagna. Allagamenti tra Sedico e Sospirolo, al Mas il rio Fontana ha interessato il campo sportivo, la protezione civile \u00e8 intervenuta a Villa di Sedico per gli allagamenti.<\/p>\n<p>&nbsp;<\/p>\n<p>&nbsp;<\/p>\n<hr \/>\n<p>&nbsp;<\/p>\n<blockquote>\n<h3>MANAGER ORIGINARIO DEL FELTRINO MUORE NEL TERRIBILE INCIDENTE NEL BOLOGNESE<\/h3>\n<\/blockquote>\n<p>&nbsp;<\/p>\n<p><strong><img decoding=\"async\" class=\"aligncenter\" src=\"https:\/\/www.radiopiu.net\/wordpress\/wp-content\/uploads\/2021\/06\/195997950_110832397880902_6257630031364810113_n.jpg\" \/><\/strong><\/p>\n<p><strong>FELTRE\u00a0<\/strong> \u00a0Leonardo Saffayeh, manager 42enne residente in provincia di Bergamo ma feltrino di origine ha perso la vita in un incidente,\u00a0 Era\u00a0 in sella a una Bmw Adventure, sarebbe caduto \u2013 secondo una prima ricostruzione \u2013 per poi essere travolto da un Suv Volkswagen guidato da una bolognese 51enne, che procedeva in direzione opposta, nel rettilineo di via C\u00e0 de Masi. Uno schianto terribile che, purtroppo, non ha lasciato scampo al centauro che \u00e8 morto poche ore dopo nell\u2019Ospedale Maggiore di Bologna a causa dei gravi traumi riportati. Spesso tornava a far visita ai genitori e ai suoi tanti amici ed ex compagni di scuola. Diplomato al liceo scientifico Dal Piaz nel 1999, si era poi iscritto a Economia a Venezia e dopo un periodo di lavoro nel Bellunese, si era trasferito a Milano.Attualmente era responsabile dell&#8217;ufficio controllo di gestione della Gi Group, agenzia di Cologno Monzese che si occupa di somministrazione di lavoro interinale<\/p>\n<p><em>Leonardo lascia la figlia Valeria di 7 anni, mamma Fulvia Pisan apprezzata psicologa del servizio di psichiatria di Feltre, ora in pensione, pap\u00e0 Atef conosciuto come conduttore di lunga data dello store Guerra Computer e la sorella Amira di qualche anno pi\u00f9 giovane di lui.\u00a0<\/em><\/p>\n<p>&nbsp;<\/p>\n<hr \/>\n<blockquote>\n<h3><\/h3>\n<h3>AGGIORNAMENTO COVID ULSS 1 DOLOMITI: NESSUN DECESSO, 6 NUOVI POSITIVI E 6 PAZIENTI RICOVERATI NEGLI OSPEDALI BELLUNESI<\/h3>\n<\/blockquote>\n<p><strong>BELLUNO<\/strong> Nelle ultime 24 ore non sono stati registrati decessi di persone covid positive, 6 le nuove positivit\u00e0 in provincia di Belluno, 125 le persone attualmente positive.<\/p>\n<p>Le persone attualmente POSITIVE ricoverate negli ospedali dell\u2019Ulss Dolomiti sono:<\/p>\n<table>\n<tbody>\n<tr>\n<td width=\"217\"><strong>\u00a0<\/strong><\/td>\n<td width=\"217\"><strong>Area NON CRITICA<\/strong><\/td>\n<td width=\"217\"><strong>Terapia Intensiva<\/strong><\/td>\n<\/tr>\n<tr>\n<td width=\"217\"><strong>Ospedale di Belluno <\/strong><\/td>\n<td width=\"217\">2<\/td>\n<td width=\"217\">0<\/td>\n<\/tr>\n<tr>\n<td width=\"217\"><strong>Ospedale di Feltre<\/strong><\/td>\n<td width=\"217\">0<\/td>\n<td width=\"217\">0<\/td>\n<\/tr>\n<\/tbody>\n<\/table>\n<p>Le persone attualmente POSITIVE ricoverate in Ospedale di Comunit\u00e0 sono:<\/p>\n<table>\n<tbody>\n<tr>\n<td width=\"326\"><strong>\u00a0<\/strong><\/td>\n<td width=\"326\"><strong>pazienti attualmente positivi<\/strong><\/td>\n<\/tr>\n<tr>\n<td width=\"326\"><strong>Ospedale di Comunit\u00e0 di FELTRE<\/strong><\/td>\n<td width=\"326\"><strong>4<\/strong><\/td>\n<\/tr>\n<\/tbody>\n<\/table>\n<p>&nbsp;<\/p>\n<p>&nbsp;<\/p>\n<hr \/>\n<p>&nbsp;<\/p>\n<blockquote>\n<h3>METEO. NELLE PROSSIME ORE, IN VENETO, PREVISTE PRECIPITAZIONI, ANCHE INTENSE, SU ZONE MONTANE, PEDEMONTANE E PIANURA<\/h3>\n<\/blockquote>\n<p><strong><a href=\"https:\/\/www.radiopiu.net\/wordpress\/forte-maltempo-in-arrivo-in-veneto-zaia-istituisce-e-convoca-unita-di-crisi-la-coordina-lassessore-bottacin\/pioggia\/\" rel=\"attachment wp-att-65370\"><img loading=\"lazy\" decoding=\"async\" class=\"size-medium wp-image-65370 alignleft\" src=\"https:\/\/www.radiopiu.net\/wordpress\/wp-content\/uploads\/2018\/10\/pioggia-300x144.jpg\" alt=\"\" width=\"300\" height=\"144\" srcset=\"https:\/\/www.radiopiu.net\/wordpress\/wp-content\/uploads\/2018\/10\/pioggia-300x144.jpg 300w, https:\/\/www.radiopiu.net\/wordpress\/wp-content\/uploads\/2018\/10\/pioggia-768x368.jpg 768w, https:\/\/www.radiopiu.net\/wordpress\/wp-content\/uploads\/2018\/10\/pioggia-1024x490.jpg 1024w, https:\/\/www.radiopiu.net\/wordpress\/wp-content\/uploads\/2018\/10\/pioggia.jpg 1280w\" sizes=\"auto, (max-width: 300px) 100vw, 300px\" \/><\/a>VENEZIA <\/strong>Le previsioni meteorologiche del Veneto segnalano fino a domani, una fase di instabilit\u00e0 con rovesci e temporali sparsi inizialmente sulle zone montane e pedemontane e successivamente in estensione anche alla pianura. Non si escludono anche possibili fenomeni localmente intensi (forti rovesci, forti raffiche di vento e locali grandinate). Visti i fenomeni meteorologici previsti la criticit\u00e0 idrogeologica attesa \u00e8 riferita allo scenario per temporali forti. Il Centro Funzionale Decentrato della Protezione Civile della Regione ha emesso un avviso di criticit\u00e0 idrogeologica, con particolare riferimento alla rete idraulica secondaria, stabilendo dalle 00.00 di domenica 6 giugno fino alle 14.00 di luned\u00ec 7 giugno, lo stato di Attenzione (allerta gialla) per i bacini: Piave Pedemontano (BL-TV), Alto Brenta \u2013 Bacchiglione -Alpone (VI-BL-TV-VR), Adige- Garda e Monti Lessini (VR), Po \u2013 Fissero \u2013 Tartaro &#8211; Canal Bianco e Basso Adige (RO-VR), Basso Brenta \u2013 Bacchiglione (PD-VI-VR-VE-TV), Basso Piave &#8211; Sile e Bacino scolante in laguna (VE-TV-PD), Livenza &#8211; Lemene e Tagliamento (VE-TV).<\/p>\n<p>&nbsp;<\/p>\n<p>&nbsp;<\/p>\n<hr \/>\n<p>&nbsp;<\/p>\n<h1>COLLE SANTA LUCIA, IL GIORNO DOPO L&#8217;INFERNO<\/h1>\n<p><em>Il Comune di Colle Santa Lucia avr\u00e0 un conto corrente dedicato per avviare le operazioni di rinascita del borgo<\/em><\/p>\n<p>Quattro edifici bruciati, 2 case e altrettanti fienili, tutto sotto sequestro con sigilli apposti dai Carabinieri di Caprile e Vigili del Fuoco. Crispino Pallua,\u00a0 non sa dare una spiegazione a quanto accaduto anche perch\u00e9 non stava lavorando all&#8217;interno o in prossimit\u00e0 del primo fienile bruciato. L&#8217;uomo, 71 anni, che ha dovuto ricorrere alla cure mediche per ustioni sulle braccia e sulle gambe \u00e8 tornato a casa. E&#8217; stato il primo ad accorrere sul posto tentando di salvare almeno il trattore.<\/p>\n<p>Due settimane fa per un sasso in bilico sulle Pale di San Lucano a Taibon\u00a0 (lo \u00e8 probabilmente da qualche secolo&#8230;) in seguito all&#8217;allarme di un cittadino che gli sembrava di averlo visto muoversi, sono saliti da Bologna i vigili del fuoco con un enorme elicottero per sorvolare la zona con i tecnici della Provincia e poi tornare a Bologna, tutto rapidamente in un paio d&#8217;ore. Era cosi&#8217; difficile prevedere un elicottero per portare l&#8217;acqua in quota ai 1500 di Canazei? Avrebbe sicuramente evitato ai camion dei pompieri di fare la spola tra la frazione e il paese di Colle Santa Lucia fino al torrente Codalonga per caricare l&#8217;acqua tramite delle pompe.\u00a0 In frazione Canazei come in molte altre della vallata tra l&#8217;altro gli idranti si caratterizzano per la\u00a0 la bassa pressione<\/p>\n<p>IL SINDACO PAOLO FRENA\u00a0 <em>&#8220;Dobbiamo\u00a0 trovare un alloggio al 63enne che ieri ha ricevuto la notifica di sgombero&#8221;.<\/em> Per questo il primo cittadino ha\u00a0 contattato l&#8217;Ater per un appartamento a Colle.<em> &#8220;Stiiamo lavorando per accendere un conto corrente per dare dignit\u00e0 al borgo<\/em><\/p>\n<p>&nbsp;<\/p>\n<blockquote>\n<h3>DAL NOTIZIARIO DI ANTENNA 3 DI IERI SERA ALLE 20, IL SERVIZIO DA COLLE SANTA LUCIA<\/h3>\n<h3>di Fabio C. Fioravanzi<\/h3>\n<\/blockquote>\n<p><iframe loading=\"lazy\" title=\"DISASTRO: IL GIORNO DOPO L&#039;INCENDIO  | 05\/06\/2021\" width=\"1200\" height=\"675\" src=\"https:\/\/www.youtube.com\/embed\/u3c5sdoN-1E?feature=oembed\" frameborder=\"0\" allow=\"accelerometer; autoplay; clipboard-write; encrypted-media; gyroscope; picture-in-picture\" allowfullscreen><\/iframe><\/p>\n<p>&nbsp;<\/p>\n<p>&nbsp;<\/p>\n<hr \/>\n<div class=\"page-title-head hgroup\">\n<blockquote>\n<h3 class=\"entry-title\"><\/h3>\n<h3 class=\"entry-title\">INCENDIO COLLE SANTA LUCIA, BOND : \u00abBISOGNA SEMPLIFICARE IL RECUPERO DEI VECCHI FIENILI, ANCHE A LIVELLO ASSICURATIVO\u00bb<\/h3>\n<\/blockquote>\n<\/div>\n<div class=\"page-title-breadcrumbs\">\n<p><strong><a href=\"https:\/\/www.radiopiu.net\/wordpress\/giornale-radiopiu-16-luglio-2020-direttore-mirko-mezzacasa\/bond-roma-2\/\" rel=\"attachment wp-att-149602\"><img loading=\"lazy\" decoding=\"async\" class=\"size-medium wp-image-149602 alignleft\" src=\"https:\/\/www.radiopiu.net\/wordpress\/wp-content\/uploads\/2020\/07\/BOND-ROMA-300x300.jpg\" alt=\"\" width=\"300\" height=\"300\" srcset=\"https:\/\/www.radiopiu.net\/wordpress\/wp-content\/uploads\/2020\/07\/BOND-ROMA-300x300.jpg 300w, https:\/\/www.radiopiu.net\/wordpress\/wp-content\/uploads\/2020\/07\/BOND-ROMA-150x150.jpg 150w, https:\/\/www.radiopiu.net\/wordpress\/wp-content\/uploads\/2020\/07\/BOND-ROMA.jpg 640w\" sizes=\"auto, (max-width: 300px) 100vw, 300px\" \/><\/a>ROMA <\/strong>\u00ab<em>Bellissimo il legno, caratteristico per i nostri paesi di montagna. Ma attenzione all\u2019elevata infiammabilit\u00e0 e al rischio di disastro, come purtroppo stiamo vedendo a Colle Santa Lucia. Servono semplificazioni per il recupero dei tabi\u00e0 e dei fienili<\/em>\u00bb. Cos\u00ec il deputato di Forza Italia Dario Bond, relativamente al vasto incendio che ha colpito la frazione di Canazei, in Comune di Colle Santa Lucia. \u00ab<em>La Soprintendenza prescrive regole ferree nel recupero dei vecchi fabbricati del Cadore e dell\u2019Alto Agordino, imponendo l\u2019uso del legno. In un\u2019ottica esclusivamente estetica \u00e8 perfetto, ma allora si agevolino le polizze assicurative, che oggi costano tantissimo per chi intende ristrutturare un tabi\u00e0. Vanno studiate misure semplificative, utilizzando gi\u00e0 il Decreto Semplificazioni. Primo per evitare i disastri che stiamo vedendo in queste ore a Colle Santa Lucia. E secondo, per agevolare anche il recupero degli edifici e la permanenza delle persone in montagna. La lotta allo spopolamento parte anche da qui<\/em>\u00bb. \u00ab<em>Esprimo solidariet\u00e0 agli abitanti di Canazei e a chi ha perso la casa nell\u2019incendio, o a ha avuto danni\u00bb conclude Dario Bond. \u00abMi metto a disposizione del sindaco e dell\u2019amministrazione comunale per dare una mano<\/em>\u00bb.<\/p>\n<p>&nbsp;<\/p>\n<p>&nbsp;<\/p>\n<hr \/>\n<p>&nbsp;<\/p>\n<blockquote>\n<h3>LA FRANA IN VALLE DI SAN LUCANO, FOTO E VIDEO<\/h3>\n<\/blockquote>\n<p><strong>TAIBON <\/strong>Ieri sera alle 20.05 la frana di sassi sopra Col di Pra, lontano dalle abitazioni ma non dalla strada silvo pastorale in fase di realizzazione a Farsenade attraversata dal materiale in frana, alcuni sassi sono arrivati a valle, sul greto del torrente Tegnas. I sassi cadono tutto l&#8217;anno in Valle di San Lucano, da lontano si sentono i tonfi dalle Pale o dall&#8217;Agner e poi ci sono le frane, ancora di pi\u00f9 dopo i giorni di Vaia.<\/p>\n<div style=\"width: 640px;\" class=\"wp-video\"><video class=\"wp-video-shortcode\" id=\"video-214112-1\" width=\"640\" height=\"352\" preload=\"metadata\" controls=\"controls\"><source type=\"video\/mp4\" src=\"https:\/\/www.radiopiu.net\/wordpress\/wp-content\/uploads\/2021\/06\/WhatsApp-Video-2021-06-05-at-10.47.24.mp4?_=1\" \/><a href=\"https:\/\/www.radiopiu.net\/wordpress\/wp-content\/uploads\/2021\/06\/WhatsApp-Video-2021-06-05-at-10.47.24.mp4\">https:\/\/www.radiopiu.net\/wordpress\/wp-content\/uploads\/2021\/06\/WhatsApp-Video-2021-06-05-at-10.47.24.mp4<\/a><\/video><\/div>\n\n\t\t\t<style type='text\/css'>\n\t\t\t\t#gallery-1 {\n\t\t\t\t\tmargin: auto;\n\t\t\t\t}\n\t\t\t\t#gallery-1 .gallery-item {\n\t\t\t\t\tfloat: left;\n\t\t\t\t\tmargin-top: 10px;\n\t\t\t\t\ttext-align: center;\n\t\t\t\t\twidth: 50%;\n\t\t\t\t}\n\t\t\t\t#gallery-1 img {\n\t\t\t\t\tborder: 2px solid #cfcfcf;\n\t\t\t\t}\n\t\t\t\t#gallery-1 .gallery-caption {\n\t\t\t\t\tmargin-left: 0;\n\t\t\t\t}\n\t\t\t\t\/* see gallery_shortcode() in wp-includes\/media.php *\/\n\t\t\t<\/style>\n\t\t<div id='gallery-1' class='dt-gallery-container gallery galleryid-214112 gallery-columns-2 gallery-size-large'><dl class='gallery-item'>\n\t\t\t\t<dt class='gallery-icon landscape'>\n\t\t\t\t\t<a class=\"rollover rollover-zoom dt-pswp-item\" title=\"7f83174a-28e5-45a0-845e-e24765b0b378\" data-dt-img-description=\"\" data-large_image_width=\"1920\" data-large_image_height=\"1080\"href='https:\/\/www.radiopiu.net\/wordpress\/wp-content\/uploads\/2021\/06\/7f83174a-28e5-45a0-845e-e24765b0b378.jpg'><img loading=\"lazy\" decoding=\"async\" width=\"1024\" height=\"576\" src=\"https:\/\/www.radiopiu.net\/wordpress\/wp-content\/uploads\/2021\/06\/7f83174a-28e5-45a0-845e-e24765b0b378-1024x576.jpg\" class=\"attachment-large size-large\" alt=\"\" srcset=\"https:\/\/www.radiopiu.net\/wordpress\/wp-content\/uploads\/2021\/06\/7f83174a-28e5-45a0-845e-e24765b0b378-1024x576.jpg 1024w, https:\/\/www.radiopiu.net\/wordpress\/wp-content\/uploads\/2021\/06\/7f83174a-28e5-45a0-845e-e24765b0b378-300x169.jpg 300w, https:\/\/www.radiopiu.net\/wordpress\/wp-content\/uploads\/2021\/06\/7f83174a-28e5-45a0-845e-e24765b0b378-768x432.jpg 768w, https:\/\/www.radiopiu.net\/wordpress\/wp-content\/uploads\/2021\/06\/7f83174a-28e5-45a0-845e-e24765b0b378-1536x864.jpg 1536w, https:\/\/www.radiopiu.net\/wordpress\/wp-content\/uploads\/2021\/06\/7f83174a-28e5-45a0-845e-e24765b0b378.jpg 1920w\" sizes=\"auto, (max-width: 1024px) 100vw, 1024px\" \/><\/a>\n\t\t\t\t<\/dt><\/dl><dl class='gallery-item'>\n\t\t\t\t<dt class='gallery-icon landscape'>\n\t\t\t\t\t<a class=\"rollover rollover-zoom dt-pswp-item\" title=\"e59c12f9-6ccb-4db1-af3d-3efc3f782946\" data-dt-img-description=\"\" data-large_image_width=\"1920\" data-large_image_height=\"1080\"href='https:\/\/www.radiopiu.net\/wordpress\/wp-content\/uploads\/2021\/06\/e59c12f9-6ccb-4db1-af3d-3efc3f782946.jpg'><img loading=\"lazy\" decoding=\"async\" width=\"1024\" height=\"576\" src=\"https:\/\/www.radiopiu.net\/wordpress\/wp-content\/uploads\/2021\/06\/e59c12f9-6ccb-4db1-af3d-3efc3f782946-1024x576.jpg\" class=\"attachment-large size-large\" alt=\"\" srcset=\"https:\/\/www.radiopiu.net\/wordpress\/wp-content\/uploads\/2021\/06\/e59c12f9-6ccb-4db1-af3d-3efc3f782946-1024x576.jpg 1024w, https:\/\/www.radiopiu.net\/wordpress\/wp-content\/uploads\/2021\/06\/e59c12f9-6ccb-4db1-af3d-3efc3f782946-300x169.jpg 300w, https:\/\/www.radiopiu.net\/wordpress\/wp-content\/uploads\/2021\/06\/e59c12f9-6ccb-4db1-af3d-3efc3f782946-768x432.jpg 768w, https:\/\/www.radiopiu.net\/wordpress\/wp-content\/uploads\/2021\/06\/e59c12f9-6ccb-4db1-af3d-3efc3f782946-1536x864.jpg 1536w, https:\/\/www.radiopiu.net\/wordpress\/wp-content\/uploads\/2021\/06\/e59c12f9-6ccb-4db1-af3d-3efc3f782946.jpg 1920w\" sizes=\"auto, (max-width: 1024px) 100vw, 1024px\" \/><\/a>\n\t\t\t\t<\/dt><\/dl><br style=\"clear: both\" \/><dl class='gallery-item'>\n\t\t\t\t<dt class='gallery-icon landscape'>\n\t\t\t\t\t<a class=\"rollover rollover-zoom dt-pswp-item\" title=\"9e97eed9-c1bf-4d28-a0c8-1958a908aa4b\" data-dt-img-description=\"\" data-large_image_width=\"2000\" data-large_image_height=\"1500\"href='https:\/\/www.radiopiu.net\/wordpress\/wp-content\/uploads\/2021\/06\/9e97eed9-c1bf-4d28-a0c8-1958a908aa4b.jpg'><img loading=\"lazy\" decoding=\"async\" width=\"1024\" height=\"768\" src=\"https:\/\/www.radiopiu.net\/wordpress\/wp-content\/uploads\/2021\/06\/9e97eed9-c1bf-4d28-a0c8-1958a908aa4b-1024x768.jpg\" class=\"attachment-large size-large\" alt=\"\" srcset=\"https:\/\/www.radiopiu.net\/wordpress\/wp-content\/uploads\/2021\/06\/9e97eed9-c1bf-4d28-a0c8-1958a908aa4b-1024x768.jpg 1024w, https:\/\/www.radiopiu.net\/wordpress\/wp-content\/uploads\/2021\/06\/9e97eed9-c1bf-4d28-a0c8-1958a908aa4b-300x225.jpg 300w, https:\/\/www.radiopiu.net\/wordpress\/wp-content\/uploads\/2021\/06\/9e97eed9-c1bf-4d28-a0c8-1958a908aa4b-768x576.jpg 768w, https:\/\/www.radiopiu.net\/wordpress\/wp-content\/uploads\/2021\/06\/9e97eed9-c1bf-4d28-a0c8-1958a908aa4b-1536x1152.jpg 1536w, https:\/\/www.radiopiu.net\/wordpress\/wp-content\/uploads\/2021\/06\/9e97eed9-c1bf-4d28-a0c8-1958a908aa4b.jpg 2000w\" sizes=\"auto, (max-width: 1024px) 100vw, 1024px\" \/><\/a>\n\t\t\t\t<\/dt><\/dl><dl class='gallery-item'>\n\t\t\t\t<dt class='gallery-icon landscape'>\n\t\t\t\t\t<a class=\"rollover rollover-zoom dt-pswp-item\" title=\"7ff2aba5-4af1-4f47-b10f-54d34ba4dcad\" data-dt-img-description=\"\" data-large_image_width=\"2000\" data-large_image_height=\"1500\"href='https:\/\/www.radiopiu.net\/wordpress\/wp-content\/uploads\/2021\/06\/7ff2aba5-4af1-4f47-b10f-54d34ba4dcad.jpg'><img loading=\"lazy\" decoding=\"async\" width=\"1024\" height=\"768\" src=\"https:\/\/www.radiopiu.net\/wordpress\/wp-content\/uploads\/2021\/06\/7ff2aba5-4af1-4f47-b10f-54d34ba4dcad-1024x768.jpg\" class=\"attachment-large size-large\" alt=\"\" srcset=\"https:\/\/www.radiopiu.net\/wordpress\/wp-content\/uploads\/2021\/06\/7ff2aba5-4af1-4f47-b10f-54d34ba4dcad-1024x768.jpg 1024w, https:\/\/www.radiopiu.net\/wordpress\/wp-content\/uploads\/2021\/06\/7ff2aba5-4af1-4f47-b10f-54d34ba4dcad-300x225.jpg 300w, https:\/\/www.radiopiu.net\/wordpress\/wp-content\/uploads\/2021\/06\/7ff2aba5-4af1-4f47-b10f-54d34ba4dcad-768x576.jpg 768w, https:\/\/www.radiopiu.net\/wordpress\/wp-content\/uploads\/2021\/06\/7ff2aba5-4af1-4f47-b10f-54d34ba4dcad-1536x1152.jpg 1536w, https:\/\/www.radiopiu.net\/wordpress\/wp-content\/uploads\/2021\/06\/7ff2aba5-4af1-4f47-b10f-54d34ba4dcad.jpg 2000w\" sizes=\"auto, (max-width: 1024px) 100vw, 1024px\" \/><\/a>\n\t\t\t\t<\/dt><\/dl><br style=\"clear: both\" \/>\n\t\t\t<\/div>\n\n<p>&nbsp;<\/p>\n<p>&nbsp;<\/p>\n<hr \/>\n<p>&nbsp;<\/p>\n<p><a href=\"https:\/\/www.radiopiu.net\/wordpress\/giornale-radiopiu-06-giugno-2021-direttore-mirko-mezzacasa\/9e6826e6-70a9-41bf-b1c3-5703f890e676\/\" rel=\"attachment wp-att-214217\"><img loading=\"lazy\" decoding=\"async\" class=\"alignnone wp-image-214217 size-full\" src=\"https:\/\/www.radiopiu.net\/wordpress\/wp-content\/uploads\/2021\/06\/9e6826e6-70a9-41bf-b1c3-5703f890e676.jpg\" alt=\"\" width=\"1024\" height=\"769\" srcset=\"https:\/\/www.radiopiu.net\/wordpress\/wp-content\/uploads\/2021\/06\/9e6826e6-70a9-41bf-b1c3-5703f890e676.jpg 1024w, https:\/\/www.radiopiu.net\/wordpress\/wp-content\/uploads\/2021\/06\/9e6826e6-70a9-41bf-b1c3-5703f890e676-300x225.jpg 300w, https:\/\/www.radiopiu.net\/wordpress\/wp-content\/uploads\/2021\/06\/9e6826e6-70a9-41bf-b1c3-5703f890e676-768x577.jpg 768w\" sizes=\"auto, (max-width: 1024px) 100vw, 1024px\" \/><\/a><\/p>\n<p>&nbsp;<\/p>\n<blockquote class=\"wp-embedded-content\" data-secret=\"6sWA3vUGQ2\"><p><a href=\"https:\/\/www.radiopiu.net\/wordpress\/aggiornamentogiu05\/\">CORONAVIRUS: AGGIORNAMENTO NAZIONALE 05 GIUGNO  2021<\/a><\/p><\/blockquote>\n<p><iframe loading=\"lazy\" class=\"wp-embedded-content\" sandbox=\"allow-scripts\" security=\"restricted\" style=\"position: absolute; clip: rect(1px, 1px, 1px, 1px);\" title=\"&#8220;CORONAVIRUS: AGGIORNAMENTO NAZIONALE 05 GIUGNO  2021&#8221; &#8212; Radio Pi\u00f9\" src=\"https:\/\/www.radiopiu.net\/wordpress\/aggiornamentogiu05\/embed\/#?secret=6sWA3vUGQ2\" data-secret=\"6sWA3vUGQ2\" width=\"600\" height=\"338\" frameborder=\"0\" marginwidth=\"0\" marginheight=\"0\" scrolling=\"no\"><\/iframe><\/p>\n<p>&nbsp;<\/p>\n<blockquote class=\"wp-embedded-content\" data-secret=\"pyvCFBXQgZ\"><p><a href=\"https:\/\/www.radiopiu.net\/wordpress\/nessun-decesso-in-veneto-nelle-ultime-24-ore-137-nuovi-positivi\/\">NESSUN DECESSO IN VENETO NELLE ULTIME 24 ORE, 137 NUOVI POSITIVI<\/a><\/p><\/blockquote>\n<p><iframe loading=\"lazy\" class=\"wp-embedded-content\" sandbox=\"allow-scripts\" security=\"restricted\" style=\"position: absolute; clip: rect(1px, 1px, 1px, 1px);\" title=\"&#8220;NESSUN DECESSO IN VENETO NELLE ULTIME 24 ORE, 137 NUOVI POSITIVI&#8221; &#8212; Radio Pi\u00f9\" src=\"https:\/\/www.radiopiu.net\/wordpress\/nessun-decesso-in-veneto-nelle-ultime-24-ore-137-nuovi-positivi\/embed\/#?secret=pyvCFBXQgZ\" data-secret=\"pyvCFBXQgZ\" width=\"600\" height=\"338\" frameborder=\"0\" marginwidth=\"0\" marginheight=\"0\" scrolling=\"no\"><\/iframe><\/p>\n<p>&nbsp;<\/p>\n<h3>I GRAFICI DI TIZIANO DE COL<\/h3>\n\n\t\t\t<style type='text\/css'>\n\t\t\t\t#gallery-2 {\n\t\t\t\t\tmargin: auto;\n\t\t\t\t}\n\t\t\t\t#gallery-2 .gallery-item {\n\t\t\t\t\tfloat: left;\n\t\t\t\t\tmargin-top: 10px;\n\t\t\t\t\ttext-align: center;\n\t\t\t\t\twidth: 20%;\n\t\t\t\t}\n\t\t\t\t#gallery-2 img {\n\t\t\t\t\tborder: 2px solid #cfcfcf;\n\t\t\t\t}\n\t\t\t\t#gallery-2 .gallery-caption {\n\t\t\t\t\tmargin-left: 0;\n\t\t\t\t}\n\t\t\t\t\/* see gallery_shortcode() in wp-includes\/media.php *\/\n\t\t\t<\/style>\n\t\t<div id='gallery-2' class='dt-gallery-container gallery galleryid-214112 gallery-columns-5 gallery-size-medium'><dl class='gallery-item'>\n\t\t\t\t<dt class='gallery-icon landscape'>\n\t\t\t\t\t<a class=\"rollover rollover-zoom dt-pswp-item\" title=\"6253a208-a7f9-4fda-bd85-569d75b4a217\" data-dt-img-description=\"\" data-large_image_width=\"590\" data-large_image_height=\"350\"href='https:\/\/www.radiopiu.net\/wordpress\/wp-content\/uploads\/2021\/06\/6253a208-a7f9-4fda-bd85-569d75b4a217.jpg'><img loading=\"lazy\" decoding=\"async\" width=\"300\" height=\"178\" src=\"https:\/\/www.radiopiu.net\/wordpress\/wp-content\/uploads\/2021\/06\/6253a208-a7f9-4fda-bd85-569d75b4a217-300x178.jpg\" class=\"attachment-medium size-medium\" alt=\"\" srcset=\"https:\/\/www.radiopiu.net\/wordpress\/wp-content\/uploads\/2021\/06\/6253a208-a7f9-4fda-bd85-569d75b4a217-300x178.jpg 300w, https:\/\/www.radiopiu.net\/wordpress\/wp-content\/uploads\/2021\/06\/6253a208-a7f9-4fda-bd85-569d75b4a217.jpg 590w\" sizes=\"auto, (max-width: 300px) 100vw, 300px\" \/><\/a>\n\t\t\t\t<\/dt><\/dl><dl class='gallery-item'>\n\t\t\t\t<dt class='gallery-icon landscape'>\n\t\t\t\t\t<a class=\"rollover rollover-zoom dt-pswp-item\" title=\"1d0eb166-d217-4492-854b-b6e21a7fcd1a\" data-dt-img-description=\"\" data-large_image_width=\"610\" data-large_image_height=\"365\"href='https:\/\/www.radiopiu.net\/wordpress\/wp-content\/uploads\/2021\/06\/1d0eb166-d217-4492-854b-b6e21a7fcd1a.jpg'><img loading=\"lazy\" decoding=\"async\" width=\"300\" height=\"180\" src=\"https:\/\/www.radiopiu.net\/wordpress\/wp-content\/uploads\/2021\/06\/1d0eb166-d217-4492-854b-b6e21a7fcd1a-300x180.jpg\" class=\"attachment-medium size-medium\" alt=\"\" srcset=\"https:\/\/www.radiopiu.net\/wordpress\/wp-content\/uploads\/2021\/06\/1d0eb166-d217-4492-854b-b6e21a7fcd1a-300x180.jpg 300w, https:\/\/www.radiopiu.net\/wordpress\/wp-content\/uploads\/2021\/06\/1d0eb166-d217-4492-854b-b6e21a7fcd1a.jpg 610w\" sizes=\"auto, (max-width: 300px) 100vw, 300px\" \/><\/a>\n\t\t\t\t<\/dt><\/dl><dl class='gallery-item'>\n\t\t\t\t<dt class='gallery-icon landscape'>\n\t\t\t\t\t<a class=\"rollover rollover-zoom dt-pswp-item\" title=\"e5808dc4-17eb-4a94-9367-fd2914dd18c6\" data-dt-img-description=\"\" data-large_image_width=\"608\" data-large_image_height=\"368\"href='https:\/\/www.radiopiu.net\/wordpress\/wp-content\/uploads\/2021\/06\/e5808dc4-17eb-4a94-9367-fd2914dd18c6.jpg'><img loading=\"lazy\" decoding=\"async\" width=\"300\" height=\"182\" src=\"https:\/\/www.radiopiu.net\/wordpress\/wp-content\/uploads\/2021\/06\/e5808dc4-17eb-4a94-9367-fd2914dd18c6-300x182.jpg\" class=\"attachment-medium size-medium\" alt=\"\" srcset=\"https:\/\/www.radiopiu.net\/wordpress\/wp-content\/uploads\/2021\/06\/e5808dc4-17eb-4a94-9367-fd2914dd18c6-300x182.jpg 300w, https:\/\/www.radiopiu.net\/wordpress\/wp-content\/uploads\/2021\/06\/e5808dc4-17eb-4a94-9367-fd2914dd18c6.jpg 608w\" sizes=\"auto, (max-width: 300px) 100vw, 300px\" \/><\/a>\n\t\t\t\t<\/dt><\/dl><dl class='gallery-item'>\n\t\t\t\t<dt class='gallery-icon landscape'>\n\t\t\t\t\t<a class=\"rollover rollover-zoom dt-pswp-item\" title=\"89be31e1-8dee-4d5f-aa08-03e7a429e312\" data-dt-img-description=\"\" data-large_image_width=\"610\" data-large_image_height=\"364\"href='https:\/\/www.radiopiu.net\/wordpress\/wp-content\/uploads\/2021\/06\/89be31e1-8dee-4d5f-aa08-03e7a429e312.jpg'><img loading=\"lazy\" decoding=\"async\" width=\"300\" height=\"179\" src=\"https:\/\/www.radiopiu.net\/wordpress\/wp-content\/uploads\/2021\/06\/89be31e1-8dee-4d5f-aa08-03e7a429e312-300x179.jpg\" class=\"attachment-medium size-medium\" alt=\"\" srcset=\"https:\/\/www.radiopiu.net\/wordpress\/wp-content\/uploads\/2021\/06\/89be31e1-8dee-4d5f-aa08-03e7a429e312-300x179.jpg 300w, https:\/\/www.radiopiu.net\/wordpress\/wp-content\/uploads\/2021\/06\/89be31e1-8dee-4d5f-aa08-03e7a429e312.jpg 610w\" sizes=\"auto, (max-width: 300px) 100vw, 300px\" \/><\/a>\n\t\t\t\t<\/dt><\/dl><dl class='gallery-item'>\n\t\t\t\t<dt class='gallery-icon landscape'>\n\t\t\t\t\t<a class=\"rollover rollover-zoom dt-pswp-item\" title=\"575d0ce7-6f3c-4a01-8442-84151759e1a2\" data-dt-img-description=\"\" data-large_image_width=\"604\" data-large_image_height=\"365\"href='https:\/\/www.radiopiu.net\/wordpress\/wp-content\/uploads\/2021\/06\/575d0ce7-6f3c-4a01-8442-84151759e1a2.jpg'><img loading=\"lazy\" decoding=\"async\" width=\"300\" height=\"181\" src=\"https:\/\/www.radiopiu.net\/wordpress\/wp-content\/uploads\/2021\/06\/575d0ce7-6f3c-4a01-8442-84151759e1a2-300x181.jpg\" class=\"attachment-medium size-medium\" alt=\"\" srcset=\"https:\/\/www.radiopiu.net\/wordpress\/wp-content\/uploads\/2021\/06\/575d0ce7-6f3c-4a01-8442-84151759e1a2-300x181.jpg 300w, https:\/\/www.radiopiu.net\/wordpress\/wp-content\/uploads\/2021\/06\/575d0ce7-6f3c-4a01-8442-84151759e1a2.jpg 604w\" sizes=\"auto, (max-width: 300px) 100vw, 300px\" \/><\/a>\n\t\t\t\t<\/dt><\/dl><br style=\"clear: both\" \/>\n\t\t\t<\/div>\n\n<p>&nbsp;<\/p>\n<p>&nbsp;<\/p>\n<hr \/>\n<p>&nbsp;<\/p>\n<blockquote>\n<h3>IL PRESIDENTE DEL VENETO LUCA ZAIA FIRMA L&#8217;ORDINANZA PER LA RIPRESA DELLE ATTIVITA&#8217; ECONOMICHE E SOCIALI<\/h3>\n<\/blockquote>\n<p><strong>VENEZIA<\/strong> \u00c8 stata firmata dal governatore del Veneto Luca Zaia l&#8217;ordinanza per la ripresa delle attivit\u00e0 economiche e sociali.<\/p>\n<p><strong>L&#8217;ORDINANZA (6 PAGINE)<\/strong><\/p>\n<a href=\"https:\/\/www.radiopiu.net\/wordpress\/wp-content\/uploads\/2021\/06\/OPGR_2021_06_05_N_83.pdf\" class=\"pdfemb-viewer\" style=\"\" data-width=\"max\" data-height=\"max\" data-toolbar=\"top\" data-toolbar-fixed=\"on\">OPGR_2021_06_05_N_83<\/a>\n<p>&nbsp;<\/p>\n<p><strong>LE LINEE GUIDA ( 35 PAGINE)<\/strong><\/p>\n<a href=\"https:\/\/www.radiopiu.net\/wordpress\/wp-content\/uploads\/2021\/06\/OPGR_83_2021_Allegato.pdf\" class=\"pdfemb-viewer\" style=\"\" data-width=\"max\" data-height=\"max\" data-toolbar=\"top\" data-toolbar-fixed=\"on\">OPGR_83_2021_Allegato<\/a>\n<p>&nbsp;<\/p>\n<p>&nbsp;<\/p>\n<hr \/>\n<p>&nbsp;<\/p>\n<blockquote>\n<h3>VACCINI, BOOM DI PRENOTAZIONI UNDER 20 E TRENTENNI<\/h3>\n<\/blockquote>\n<p><strong><a href=\"https:\/\/www.radiopiu.net\/wordpress\/come-si-e-preparata-la-ulss-1-dolomiti-per-il-v-day\/vaccino-covid\/\" rel=\"attachment wp-att-181587\"><img loading=\"lazy\" decoding=\"async\" class=\"size-medium wp-image-181587 alignleft\" src=\"https:\/\/www.radiopiu.net\/wordpress\/wp-content\/uploads\/2020\/12\/VACCINO-COVID-300x212.jpg\" alt=\"\" width=\"300\" height=\"212\" srcset=\"https:\/\/www.radiopiu.net\/wordpress\/wp-content\/uploads\/2020\/12\/VACCINO-COVID-300x212.jpg 300w, https:\/\/www.radiopiu.net\/wordpress\/wp-content\/uploads\/2020\/12\/VACCINO-COVID-1024x724.jpg 1024w, https:\/\/www.radiopiu.net\/wordpress\/wp-content\/uploads\/2020\/12\/VACCINO-COVID-768x543.jpg 768w, https:\/\/www.radiopiu.net\/wordpress\/wp-content\/uploads\/2020\/12\/VACCINO-COVID-1536x1086.jpg 1536w, https:\/\/www.radiopiu.net\/wordpress\/wp-content\/uploads\/2020\/12\/VACCINO-COVID.jpg 1920w\" sizes=\"auto, (max-width: 300px) 100vw, 300px\" \/><\/a>VENEZIA <\/strong>\u201c<em>I giovani si confermano ancora gli outsider del COVID 19, perch\u00e9 lo hanno dimostrato nel periodo del lockdown, lo hanno dimostrato nelle tante scelte che abbiamo preso tutti insieme come comunit\u00e0. In questo periodo difficile della pandemia, i giovani sono stati i pi\u00f9 rispettosi delle regole ma anche quelli che hanno sofferto maggiormente a causa delle restrizioni. Ora, con la campagna vaccinale, stanno ancora una volta dimostrando di essere responsabili, prendendola davvero di petto. I miei complimenti ai ragazzi perch\u00e9 vedo un futuro rappresentato da una comunit\u00e0 giovanile veramente in gamba<\/em>\u201d. Non nasconde il suo compiacimento il Presidente della Regione Veneto, Luca Zaia, di fronte ai numeri sui giovani e giovanissimi che si sono vaccinati contro il COVID 19 dal 3 giugno scorso, giorno in cui sono stati aperti gli slot anche per loro, fino alle ore 16.00 di oggi. Dalle 00.01 del 3 di giugno ad oggi pomeriggio sono 375.793 le persone che si sono prenotate per la vaccinazione anti Covid-19, dopo il boom nella prima giornata con oltre 284mila click. Ad accedere al portale della Regione sono stati soprattutto gli under 20 e i trentenni: complessivamente tra i nati nel 2000 e il 2004 sono stati 72.339 i giovani che hanno aderito alla campagna vaccinale. Elevato anche il numero dei \u201cgiovanissimi\u201d, la classe dal 2005 al 2009 che sono stati 30.722. Tra i 21 e i 12 anni a richiedere la prima dose sono 103.061. I trentenni sono 138.092. La classe d\u2019et\u00e0 pi\u00f9 rappresentata \u00e8 quella dei nati nel 2000 (16.276), seguita da chi \u00e8 nato nel 1999 (15.964 e nel 1998 (15.773). Un dato, che sommato al precedente fa ben sperare per un inizio di anno scolastico sia nelle Scuole Medie sia all\u2019Universit\u00e0, all\u2019insegna della sicurezza. Merita comunque di essere segnalata anche la \u201ccorsa\u201d dei quarantenni che da quando \u00e8 stata aperta la vaccinazione alla loro categoria continuano a iscriversi ogni giorno. Anche durante il fine settimana il portale continuer\u00e0 a ricevere le prenotazioni, sulla base delle dosi che sono disponibili.<\/p>\n<h3>LA SITUAZIONE CON OPERATORI DEL TURISMO E CENTRI ESTIVI<\/h3>\n<p>Sono quasi 6000 gli operatori del turismo e dei centri estivi che si sono prenotati alle slot, aperte dalle Ulss venete, a partire da ieri, venerd\u00ec 4 giugno. Entrambe le categorie hanno aderito massicciamente alla proposta di prenotazione: il caso pi\u00f9 eclatante \u00e8 quello della Ulss 3 Serenissima che, in poco tempo dall\u2019apertura delle slot, ha terminato tutti i posti a disposizione, ben 1702. Buonissima l\u2019adesione anche alla Ulss 4 con 1505 prenotazioni, alla Ulss 5 con 1364 e alla Ulss 9 con 663 e nelle Ulss che riterranno di aprire ulteriori slot. Si registrano ancora disponibilit\u00e0 per gli operatori che desiderassero vaccinarsi nei territori di Belluno, Padova, Rovigo, Verona, Pedemontana.<\/p>\n<p>&nbsp;<\/p>\n<hr \/>\n<p>&nbsp;<\/p>\n<blockquote>\n<h3>LE CELEBRAZIONI DEL 207\u00b0 ANNUALE DELLA FONDAZIONE DELL&#8217;ARMA DEI CARABINIERI<\/h3>\n<\/blockquote>\n<p><strong><a href=\"https:\/\/www.radiopiu.net\/wordpress\/le-celebrazioni-del-207-annuale-della-fondazione-dellarma-dei-carabinieri\/immagine-2021-06-05-134952\/\" rel=\"attachment wp-att-214172\"><img loading=\"lazy\" decoding=\"async\" class=\"size-medium wp-image-214172 alignleft\" src=\"https:\/\/www.radiopiu.net\/wordpress\/wp-content\/uploads\/2021\/06\/Immagine-2021-06-05-134952-300x205.png\" alt=\"\" width=\"300\" height=\"205\" srcset=\"https:\/\/www.radiopiu.net\/wordpress\/wp-content\/uploads\/2021\/06\/Immagine-2021-06-05-134952-300x205.png 300w, https:\/\/www.radiopiu.net\/wordpress\/wp-content\/uploads\/2021\/06\/Immagine-2021-06-05-134952-1024x701.png 1024w, https:\/\/www.radiopiu.net\/wordpress\/wp-content\/uploads\/2021\/06\/Immagine-2021-06-05-134952-768x526.png 768w, https:\/\/www.radiopiu.net\/wordpress\/wp-content\/uploads\/2021\/06\/Immagine-2021-06-05-134952.png 1087w\" sizes=\"auto, (max-width: 300px) 100vw, 300px\" \/><\/a>BELLUNO <\/strong>Oggi si \u00e8 celebrata una simbolica cerimonia per il 207\u00b0 annuale di fondazione dell\u2019Arma dei Carabinieri. La cerimonia in virt\u00f9 delle misure di contenimento della pandemia ha visto la partecipazione di una ridotta rappresentanza dell\u2019Arma e la presenza del Prefetto di Belluno Dott. Mariano Savastano. La cerimonia si \u00e8 aperta con la deposizione da parte del Prefetto e del Ten. Col. Francesco Rastelli, di una corona di alloro presso il monumento dei caduti, all\u2019interno della Caserma Ten. Luigi Giarnieri M.A.V.M. sede del Comando Provinciale Carabinieri di Belluno. Successivamente il Prefetto, accompagnato dal Comandante provinciale, ha visitato alcuni reparti.<\/p>\n<p><strong>LE MAGGIORI OPERAZIONI SVOLTE NEL 2021 DAI COMANDI PROVINCIALI<\/strong><\/p>\n<p>Nel marzo 2021, militari della Compagnia Carabinieri di Feltre hanno effettuato il fermo di P.G. nei confronti di un 37enne senza fissa dimora ritenuto responsabile della rapina in abitazione perpetrata, in Feltre, il precedente 9 marzo ai danni di una pensionata 76 enne, nonch\u00e9 di ulteriori due analoghi episodi posti in essere nel tardo pomeriggio dell\u201911 marzo 2021 ai danni di una tabaccheria e di un negozio di generi alimentari, del centro cittadino di Feltre. Nel corso dell\u2019attivit\u00e0 d\u2019indagine \u00e8 stata interamente recuperata la refurtiva.<\/p>\n<p>Dal febbraio all\u2019aprile 2021 la Compagnia Carabinieri di Cortina d\u2019Ampezzo ha posto in essere un\u2019articolata attivit\u00e0 d\u2019indagine antidroga svolta nel territorio del Comelico che ha consentito l\u2019arresto di una persona, il deferimento in stato di libert\u00e0 di 8 persone, la segnalazione di 15 persone all\u2019Autorit\u00e0 amministrativa nonch\u00e9 il sequestro di 140 grammi di hashish e di 2 grammi di cocaina.<\/p>\n<p>Nel gennaio 2021, la Stazione Carabinieri di Feltre, a conclusione di prolungata attivit\u00e0 investigativa, traeva in arresto un 48enne del luogo ritenuto responsabile di detenzione di ingente quantit\u00e0 di materiale pedopornografico. In sede di perquisizione personale e domiciliare vanivano sequestrati telefonini e tablet contenenti complessivamente nr. 5000 immagini raffiguranti minori di anni 18 in pose sessualmente esplicite, nonch\u00e9 diversi capi di abbigliamento e biancheria intima per bambini.<\/p>\n<p><strong>IL VIDEO CELEBRATIVO DEL 207\u00b0 DEI CARABINIERI E L&#8217;ARRIVO DEL PREFETTO SAVASTANO\u00a0 AL COMANDO PROVINCIALE DI BELLUNO<\/strong><\/p>\n<div style=\"width: 1200px;\" class=\"wp-video\"><video class=\"wp-video-shortcode\" id=\"video-214112-2\" width=\"1200\" height=\"675\" preload=\"metadata\" controls=\"controls\"><source type=\"video\/mp4\" src=\"https:\/\/www.radiopiu.net\/wordpress\/wp-content\/uploads\/2021\/06\/carabinieri-5-giugno.mp4?_=2\" \/><a href=\"https:\/\/www.radiopiu.net\/wordpress\/wp-content\/uploads\/2021\/06\/carabinieri-5-giugno.mp4\">https:\/\/www.radiopiu.net\/wordpress\/wp-content\/uploads\/2021\/06\/carabinieri-5-giugno.mp4<\/a><\/video><\/div>\n<p>&nbsp;<\/p>\n<hr \/>\n<p>&nbsp;<\/p>\n<blockquote>\n<h3>SPORT E CONTRIBUTI: L&#8217;APPELLO DELL&#8217;ASSESSORE REGIONALE SILVIA CESTARO<\/h3>\n<\/blockquote>\n<p><strong><a href=\"https:\/\/www.radiopiu.net\/wordpress\/sport-e-contributi-lappello-dellassessore-regionale-silvia-cestaro\/sport-cs-cestaro\/\" rel=\"attachment wp-att-214183\"><img loading=\"lazy\" decoding=\"async\" class=\"size-medium wp-image-214183 alignleft\" src=\"https:\/\/www.radiopiu.net\/wordpress\/wp-content\/uploads\/2021\/06\/Sport-cs-Cestaro-300x225.jpeg\" alt=\"\" width=\"300\" height=\"225\" srcset=\"https:\/\/www.radiopiu.net\/wordpress\/wp-content\/uploads\/2021\/06\/Sport-cs-Cestaro-300x225.jpeg 300w, https:\/\/www.radiopiu.net\/wordpress\/wp-content\/uploads\/2021\/06\/Sport-cs-Cestaro-768x576.jpeg 768w, https:\/\/www.radiopiu.net\/wordpress\/wp-content\/uploads\/2021\/06\/Sport-cs-Cestaro.jpeg 1024w\" sizes=\"auto, (max-width: 300px) 100vw, 300px\" \/><\/a>SELVA DI CADORE <\/strong>Il Comune di Selva Di Cadore acquista 15 mini bici per insegnare l&#8217;equilibrio e lo sci ai bambini. \u201cRipartiamo dalla pratica sportiva, per superare il trauma del Covid\u201d, annuncia il consigliere regionale ed ex sindaco, Silvia Cestaro che contestualmente lancia un appello alle associazioni e ai Comuni. \u201c<em>Partecipate al bando regionale per la promozione dello sport, chiedete il sostegno anche degli enti pubblici<\/em>\u201d. A Selva Di Cadore sono gi\u00e0 passati dalle parole ai fatti e nel corso di quest&#8217;anno scolastico hanno avviato un&#8217;attivit\u00e0 per i piccoli della scuola materna e della primaria del comune, finalizzata ad insegnare l&#8217;equilibrio, quindi l&#8217;utilizzo della bicicletta senza rotelle e, poi, degli sci. Un progetto pensato per sviluppare capacit\u00e0 e indipendenza nei bambini, per favorire la valorizzazione di attivit\u00e0 sportive tradizionali legate alla montagna, come lo sci, e per aiutare a superare questo momento difficile. Il bando a cui fa riferimento il consigliere regionale \u00e8 \u201cLo sport riparte. Contributi per la pratica sportiva e motoria 2021\u201d, che distribuir\u00e0 400 mila euro alle associazioni che ne faranno richiesta presentando iniziative e progetti come corsi di avviamento all&#8217;attivit\u00e0 motoria e sportiva, manifestazioni sportive, seminari e convegni. I progetti esaminati e rispondenti ai criteri richiesti entreranno in graduatoria e potranno ottenere contributi da un minimo di 1000 euro ad un massimo di 3 mila. Sono previsti inoltre due elementi di premialit\u00e0, con un bonus di 2mila nel caso le iniziative risultino di rilevanza internazionale e nel caso siano di comprovata qualit\u00e0, con ampio bacino d&#8217;utenza interessato dall&#8217;iniziativa, o realizzate da soggetti con elevata rappresentativit\u00e0 territoriale, con esperienza pregressa nella realizzazione di iniziative analoghe. I fondi stanziati verranno ripartiti, fino a loro esaurimento, tra i progetti ammissibili che hanno ottenuto il punteggio minimo previsto dal bando.<\/p>\n<p><strong><a href=\"https:\/\/www.radiopiu.net\/wordpress\/sport-e-contributi-lappello-dellassessore-regionale-silvia-cestaro\/cestaro-8\/\" rel=\"attachment wp-att-214182\"><img loading=\"lazy\" decoding=\"async\" class=\"wp-image-214182 alignleft\" src=\"https:\/\/www.radiopiu.net\/wordpress\/wp-content\/uploads\/2021\/06\/Cestaro-300x296.jpeg\" alt=\"\" width=\"130\" height=\"128\" srcset=\"https:\/\/www.radiopiu.net\/wordpress\/wp-content\/uploads\/2021\/06\/Cestaro-300x296.jpeg 300w, https:\/\/www.radiopiu.net\/wordpress\/wp-content\/uploads\/2021\/06\/Cestaro-768x757.jpeg 768w, https:\/\/www.radiopiu.net\/wordpress\/wp-content\/uploads\/2021\/06\/Cestaro.jpeg 1022w\" sizes=\"auto, (max-width: 130px) 100vw, 130px\" \/><\/a> <\/strong><\/p>\n<p><strong>\u00a0<\/strong><\/p>\n<p><strong>\u00a0<\/strong><\/p>\n<p><strong>IL CONSIGLIERE REGIONALE SILVIA CESTARO<\/strong><\/p>\n<audio class=\"wp-audio-shortcode\" id=\"audio-214112-1\" preload=\"none\" style=\"width: 100%;\" controls=\"controls\"><source type=\"audio\/mpeg\" src=\"https:\/\/www.radiopiu.net\/wordpress\/wp-content\/uploads\/2021\/06\/Cestaro-su-sport.mp3?_=1\" \/><a href=\"https:\/\/www.radiopiu.net\/wordpress\/wp-content\/uploads\/2021\/06\/Cestaro-su-sport.mp3\">https:\/\/www.radiopiu.net\/wordpress\/wp-content\/uploads\/2021\/06\/Cestaro-su-sport.mp3<\/a><\/audio>\n<p>&nbsp;<\/p>\n<hr \/>\n<p>&nbsp;<\/p>\n<blockquote>\n<h3>IL MINISTRO FEDERICO D&#8217;INCA&#8217; A SOSTEGNO DELLE PRO LOCO<\/h3>\n<\/blockquote>\n<p><strong>AURONZO<\/strong> Il Ministro Federico D&#8217;Inc\u00e0 \u00e8 stato ad Auronzo di Cadore per partecipare ad una iniziativa in sostegno delle pro loco del Veneto. &#8220;<em>Nel nostro Paese ci sono oltre 600 mila volontari che mettono a disposizione il loro tempo e le loro professionalit\u00e0 per i territori. Nella regione Veneto ne abbiamo oltre 58 mila. Le pro loco sono una realt\u00e0 importantissima per promuovere la cultura, far conoscere gli splendidi luoghi che abbiamo in Italia e per promuovere le attivit\u00e0 sociali e le tradizioni territoriali. Il loro contributo durante questi ultimi 15 mesi di pandemia \u00e8 stato importantissimo per aiutare le comunit\u00e0. Per questo voglio ringraziare tutti i volontari che operano in queste meravigliose realt\u00e0 associative. Sono sicuro che questa estate sar\u00e0 un momento di rinascita per il nostro Paese e di ripresa delle attivit\u00e0 che sono fortemente legate al turismo e allo sport. Potremo riprenderci la nostra vita con un senso di comunit\u00e0 ancora pi\u00f9 forte. Per accelerare i tempi, vaccinarsi \u00e8 di fondamentale importanza. La campagna di vaccinazione sta andando molto bene e i dati sulla diffusione sono molto positivi. E questo \u00e8 un grande messaggio di speranza per tutti. Al termine dell&#8217;incontro in video conferenza con le altre pro loco venete, ne ho approfittato per andare a vedere la casa del Tiziano. I nostri territori hanno dei luoghi meravigliosi, delle gemme nascoste che meritano davvero di essere mostrate<\/em>&#8221; ha scritto in un post su Facebook il Ministro Bellunese.<\/p>\n<p><strong>L&#8217;INTERVENTO DI FEDERICO D&#8217;INCA&#8217;<\/strong><\/p>\n<p>https:\/\/www.facebook.com\/watch\/?v=510763160355360<\/p>\n<p>&nbsp;<\/p>\n<hr \/>\n<p>&nbsp;<\/p>\n<blockquote>\n<h3>ASSUNZIONI NEI COMUNI, BUSSONE (UNCEM): &#8220;TEMPI DETERMINATI NON SERVONO AI PICCOLI COMUNI<\/h3>\n<\/blockquote>\n<p><strong><a href=\"https:\/\/www.radiopiu.net\/wordpress\/giornale-radiopiu-06-novembre-2020-direttore-mirko-mezzacasa\/logouncem_no_scritta-wdtr\/\" rel=\"attachment wp-att-170846\"><img loading=\"lazy\" decoding=\"async\" class=\"size-medium wp-image-170846 alignleft\" src=\"https:\/\/www.radiopiu.net\/wordpress\/wp-content\/uploads\/2020\/11\/logoUNCEM_no_scritta-wdtr-300x300.jpg\" alt=\"\" width=\"300\" height=\"300\" srcset=\"https:\/\/www.radiopiu.net\/wordpress\/wp-content\/uploads\/2020\/11\/logoUNCEM_no_scritta-wdtr-300x300.jpg 300w, https:\/\/www.radiopiu.net\/wordpress\/wp-content\/uploads\/2020\/11\/logoUNCEM_no_scritta-wdtr-150x150.jpg 150w, https:\/\/www.radiopiu.net\/wordpress\/wp-content\/uploads\/2020\/11\/logoUNCEM_no_scritta-wdtr.jpg 640w\" sizes=\"auto, (max-width: 300px) 100vw, 300px\" \/><\/a>ROMA<\/strong> &#8220;<em>Avr\u00e0 molto da lavorare il Parlamento per correggere il Decreto sulla Pubblica Amministrazione varato ieri dal Governo. Per i Comuni \u00e8 miope. Perch\u00e9, come gi\u00e0 il bando per le assunzioni al sud, parla di tempi determinati e guarda, come sempre, solo ai grandi Comuni. Guarda al Piano nazionale di Ripresa e Resilienza, importante certo, ma i problemi degli Enti territoriali, Brunetta dovrebbe sapere che sono altri. In primo luogo nei 5mila piccoli Comuni italiani servono ragionieri, tecnici e Segretari comunali che sappiano lavorare insieme. Occorre puntare sulle unioni di questi Comuni, gi\u00e0 esistenti e da rafforzare, per evitare di non essere competitivi nelle sfide della pianificazione e degli investimenti per lo sviluppo e la ripartenza. Delle due l&#8217;una. O Brunetta non considera i Comuni fino a 5mila abitanti italiani, come gi\u00e0 non sono considerati sulle 2800 assunzioni al Sud, e li vuole eliminare, oppure non il Ministro non sa bene come sia fatta l&#8217;Italia. Non vorrei continuassimo a infilarci in un tunnel per il quale le grandi citt\u00e0 vengono assistite con un po&#8217; di assunzioni, a tempo determinato, e poi tutto il resto viene lasciato alla deriva, come gi\u00e0 abbiamo visto pi\u00f9 volte in passato. Per mere questioni ideologiche. Disattenzioni che abbiamo pagate care. Inutile poi la retorica e i luoghi comuni sulla bellezza dei borghi e della montagna dei gerani e della neve dello sci sentita nel corso della pandemia. Le proposte su assunzioni e segretari comunali Uncem le ha fatte e le faremo ancora al Parlamento nelle prossime settimane. Per evitare una nuova contrapposizioni tra istituzioni centrali ed Enti locali. Se sui piccoli qualcuno ha dubbi di efficacia, se non si capisce l&#8217;importanza del lavoro insieme sancito dalla legge 158\/2017, qualche informazione Uncem \u00e8 in grado di darla..<\/em>.&#8221; Lo afferma Marco Bussone, Presidente nazionale Uncem.<\/p>\n<p>&nbsp;<\/p>\n<p>&nbsp;<\/p>\n<hr \/>\n<p>&nbsp;<\/p>\n<blockquote>\n<h3>LE NUOVE UNITA&#8217; CINOFILE DEL SOCCORSO ALPINO, CONSEGNATI I BREVETTI<\/h3>\n<\/blockquote>\n<p><strong><a href=\"https:\/\/www.radiopiu.net\/wordpress\/le-nuove-unita-cinofile-del-soccorso-alpino-consegnati-i-brevetti\/img-20210604-wa0101\/\" rel=\"attachment wp-att-214201\"><img loading=\"lazy\" decoding=\"async\" class=\"size-medium wp-image-214201 alignleft\" src=\"https:\/\/www.radiopiu.net\/wordpress\/wp-content\/uploads\/2021\/06\/IMG-20210604-WA0101-225x300.jpg\" alt=\"\" width=\"225\" height=\"300\" srcset=\"https:\/\/www.radiopiu.net\/wordpress\/wp-content\/uploads\/2021\/06\/IMG-20210604-WA0101-225x300.jpg 225w, https:\/\/www.radiopiu.net\/wordpress\/wp-content\/uploads\/2021\/06\/IMG-20210604-WA0101-768x1024.jpg 768w, https:\/\/www.radiopiu.net\/wordpress\/wp-content\/uploads\/2021\/06\/IMG-20210604-WA0101.jpg 1002w\" sizes=\"auto, (max-width: 225px) 100vw, 225px\" \/><\/a>GALLIO (VI)<\/strong> Nuove unit\u00e0 cinofile operative per il Corpo Nazionale Soccorso alpino e Speleologico. Si \u00e8 chiuso con la consegna dei brevetti il 32\u00b0 corso nazionale unit\u00e0 cinofile da ricerca di superficie, Ucrs, e unit\u00e0 cinofile da macerie, Ucrm, ospitato per il secondo anno di seguito a Gallio, con scenari distribuiti in diverse localit\u00e0 dell&#8217;Altopiano dei Sette Comuni. Una cinquantina i binomi provenienti da tutta Italia &#8211; Abruzzo, Basilicata, Calabria, Friuli Venezia Giulia, Lazio, Liguria, Lombardia, Marche, Molise, Piemonte, Toscana, Trentino Alto Adige, Valle d&#8217;Aosta, Veneto &#8211; che hanno preso parte al corso suddiviso per: classe A, 13 unit\u00e0 cinofile, classe B, 20 unit\u00e0 cinofile, Puppy, 4 unit\u00e0 cinofile, Ucrm, 15 unit\u00e0 cinofile. Malinois, Border collie, Golden retriever, Labrador, Pastore tedesco grigione, Bloodhound, Segugio bavarese, Kelpie, Hovawart, le razze presenti. Gli aspiranti della classe A, dopo le lezioni in videoconferenza dei mesi scorsi, ne hanno seguita una riguardante l&#8217;utilizzo del Gps in presenza e hanno consolidato quanto fatto nel primo anno di addestramento dei cani: miniricerche e tanto gioco per alzare la motivazione alla ricerca, sfruttando la predatoriet\u00e0 con l&#8217;utilizzo di manicotti o palline. Per la classe Puppy, dai 2 ai 6 mesi, \u00e8 solo ed esclusivamente gioco. Per la Classe B, prima del brevetto, si approfondiscono e poi mettono in pratica l&#8217;uso di Gps, cartografia, comunicazione radio per la bonifica delle aree dei simulati. Gli scenari, Santuario del Buso della Madonna del Caravaggio, Val di Nos, Monte Melette, Monte Fior, Forte Lisser, distribuiti nei diversi comuni dell&#8217;Altopiano, hanno visto operativi i binomi in trincee, grotte, anfratti e trasportati dall&#8217;elicottero del 4\u00b0 Reggimento Aves Altair di Bolzano. Sotto la supervisione degli istruttori nazionali tecnici, cani e conduttori hanno effettuato calate dalle pareti e teleferiche, mentre le unit\u00e0 cinofile molecolari si sono mosse sia in ambiente urbano, che boschivo impervio. I binomi della Classe B brevettati saranno operativi da subito nelle regioni di appartenenza o a livello nazionale, se richiesto. Presente per il dipartimento di Protezione civile nazionale il funzionario Stefano Vallari. Durante il corso \u00e8 infine ripresa l\u2019attivit\u00e0 formativa dei Tuc, tecnici di unit\u00e0 cinofile, una nuova figura di supporto agli istruttori nazionali nelle regioni di appartenenza. Positivo il bilancio di Adriano Favre, responsabile tecnico nazionale delle sette scuole del Cnsas: &#8221; <em>Siamo tornati molto volentieri sull&#8217;Altopiano dei Sette Comuni, territorio che ha perfettamente riposto alle diverse esigenze addestrative. Il corso \u00e8 stato caratterizzato da elevati contenuti tecnici: un plauso per il grande impegno profuso ai conduttori che, non possiamo mai dimenticarlo, dura 365 giorni all&#8217;anno. Un grazie particolare al Servizio regionale Veneto, alle autorit\u00e0 locali, per l&#8217;accoglienza e il supporto<\/em>&#8220;.<\/p>\n\n\t\t\t<style type='text\/css'>\n\t\t\t\t#gallery-3 {\n\t\t\t\t\tmargin: auto;\n\t\t\t\t}\n\t\t\t\t#gallery-3 .gallery-item {\n\t\t\t\t\tfloat: left;\n\t\t\t\t\tmargin-top: 10px;\n\t\t\t\t\ttext-align: center;\n\t\t\t\t\twidth: 33%;\n\t\t\t\t}\n\t\t\t\t#gallery-3 img {\n\t\t\t\t\tborder: 2px solid #cfcfcf;\n\t\t\t\t}\n\t\t\t\t#gallery-3 .gallery-caption {\n\t\t\t\t\tmargin-left: 0;\n\t\t\t\t}\n\t\t\t\t\/* see gallery_shortcode() in wp-includes\/media.php *\/\n\t\t\t<\/style>\n\t\t<div id='gallery-3' class='dt-gallery-container gallery galleryid-214112 gallery-columns-3 gallery-size-medium'><dl class='gallery-item'>\n\t\t\t\t<dt class='gallery-icon landscape'>\n\t\t\t\t\t<a class=\"rollover rollover-zoom dt-pswp-item\" title=\"IMG-20210605-WA0004\" data-dt-img-description=\"\" data-large_image_width=\"2048\" data-large_image_height=\"1536\"href='https:\/\/www.radiopiu.net\/wordpress\/wp-content\/uploads\/2021\/06\/IMG-20210605-WA0004.jpg'><img loading=\"lazy\" decoding=\"async\" width=\"300\" height=\"225\" src=\"https:\/\/www.radiopiu.net\/wordpress\/wp-content\/uploads\/2021\/06\/IMG-20210605-WA0004-300x225.jpg\" class=\"attachment-medium size-medium\" alt=\"\" srcset=\"https:\/\/www.radiopiu.net\/wordpress\/wp-content\/uploads\/2021\/06\/IMG-20210605-WA0004-300x225.jpg 300w, https:\/\/www.radiopiu.net\/wordpress\/wp-content\/uploads\/2021\/06\/IMG-20210605-WA0004-1024x768.jpg 1024w, https:\/\/www.radiopiu.net\/wordpress\/wp-content\/uploads\/2021\/06\/IMG-20210605-WA0004-768x576.jpg 768w, https:\/\/www.radiopiu.net\/wordpress\/wp-content\/uploads\/2021\/06\/IMG-20210605-WA0004-1536x1152.jpg 1536w, https:\/\/www.radiopiu.net\/wordpress\/wp-content\/uploads\/2021\/06\/IMG-20210605-WA0004.jpg 2048w\" sizes=\"auto, (max-width: 300px) 100vw, 300px\" \/><\/a>\n\t\t\t\t<\/dt><\/dl><dl class='gallery-item'>\n\t\t\t\t<dt class='gallery-icon landscape'>\n\t\t\t\t\t<a class=\"rollover rollover-zoom dt-pswp-item\" title=\"IMG-20210605-WA0003\" data-dt-img-description=\"\" data-large_image_width=\"1920\" data-large_image_height=\"1080\"href='https:\/\/www.radiopiu.net\/wordpress\/wp-content\/uploads\/2021\/06\/IMG-20210605-WA0003.jpg'><img loading=\"lazy\" decoding=\"async\" width=\"300\" height=\"169\" src=\"https:\/\/www.radiopiu.net\/wordpress\/wp-content\/uploads\/2021\/06\/IMG-20210605-WA0003-300x169.jpg\" class=\"attachment-medium size-medium\" alt=\"\" srcset=\"https:\/\/www.radiopiu.net\/wordpress\/wp-content\/uploads\/2021\/06\/IMG-20210605-WA0003-300x169.jpg 300w, https:\/\/www.radiopiu.net\/wordpress\/wp-content\/uploads\/2021\/06\/IMG-20210605-WA0003-1024x576.jpg 1024w, https:\/\/www.radiopiu.net\/wordpress\/wp-content\/uploads\/2021\/06\/IMG-20210605-WA0003-768x432.jpg 768w, https:\/\/www.radiopiu.net\/wordpress\/wp-content\/uploads\/2021\/06\/IMG-20210605-WA0003-1536x864.jpg 1536w, https:\/\/www.radiopiu.net\/wordpress\/wp-content\/uploads\/2021\/06\/IMG-20210605-WA0003.jpg 1920w\" sizes=\"auto, (max-width: 300px) 100vw, 300px\" \/><\/a>\n\t\t\t\t<\/dt><\/dl><dl class='gallery-item'>\n\t\t\t\t<dt class='gallery-icon landscape'>\n\t\t\t\t\t<a class=\"rollover rollover-zoom dt-pswp-item\" title=\"IMG-20210604-WA0050\" data-dt-img-description=\"\" data-large_image_width=\"1600\" data-large_image_height=\"1200\"href='https:\/\/www.radiopiu.net\/wordpress\/wp-content\/uploads\/2021\/06\/IMG-20210604-WA0050.jpg'><img loading=\"lazy\" decoding=\"async\" width=\"300\" height=\"225\" src=\"https:\/\/www.radiopiu.net\/wordpress\/wp-content\/uploads\/2021\/06\/IMG-20210604-WA0050-300x225.jpg\" class=\"attachment-medium size-medium\" alt=\"\" srcset=\"https:\/\/www.radiopiu.net\/wordpress\/wp-content\/uploads\/2021\/06\/IMG-20210604-WA0050-300x225.jpg 300w, https:\/\/www.radiopiu.net\/wordpress\/wp-content\/uploads\/2021\/06\/IMG-20210604-WA0050-1024x768.jpg 1024w, https:\/\/www.radiopiu.net\/wordpress\/wp-content\/uploads\/2021\/06\/IMG-20210604-WA0050-768x576.jpg 768w, https:\/\/www.radiopiu.net\/wordpress\/wp-content\/uploads\/2021\/06\/IMG-20210604-WA0050-1536x1152.jpg 1536w, https:\/\/www.radiopiu.net\/wordpress\/wp-content\/uploads\/2021\/06\/IMG-20210604-WA0050.jpg 1600w\" sizes=\"auto, (max-width: 300px) 100vw, 300px\" \/><\/a>\n\t\t\t\t<\/dt><\/dl><br style=\"clear: both\" \/><dl class='gallery-item'>\n\t\t\t\t<dt class='gallery-icon portrait'>\n\t\t\t\t\t<a class=\"rollover rollover-zoom dt-pswp-item\" title=\"IMG-20210604-WA0002\" data-dt-img-description=\"\" data-large_image_width=\"1536\" data-large_image_height=\"2048\"href='https:\/\/www.radiopiu.net\/wordpress\/wp-content\/uploads\/2021\/06\/IMG-20210604-WA0002.jpg'><img loading=\"lazy\" decoding=\"async\" width=\"225\" height=\"300\" src=\"https:\/\/www.radiopiu.net\/wordpress\/wp-content\/uploads\/2021\/06\/IMG-20210604-WA0002-225x300.jpg\" class=\"attachment-medium size-medium\" alt=\"\" srcset=\"https:\/\/www.radiopiu.net\/wordpress\/wp-content\/uploads\/2021\/06\/IMG-20210604-WA0002-225x300.jpg 225w, https:\/\/www.radiopiu.net\/wordpress\/wp-content\/uploads\/2021\/06\/IMG-20210604-WA0002-768x1024.jpg 768w, https:\/\/www.radiopiu.net\/wordpress\/wp-content\/uploads\/2021\/06\/IMG-20210604-WA0002-1152x1536.jpg 1152w, https:\/\/www.radiopiu.net\/wordpress\/wp-content\/uploads\/2021\/06\/IMG-20210604-WA0002.jpg 1536w\" sizes=\"auto, (max-width: 225px) 100vw, 225px\" \/><\/a>\n\t\t\t\t<\/dt><\/dl><dl class='gallery-item'>\n\t\t\t\t<dt class='gallery-icon portrait'>\n\t\t\t\t\t<a class=\"rollover rollover-zoom dt-pswp-item\" title=\"IMG-20210603-WA0014\" data-dt-img-description=\"\" data-large_image_width=\"1200\" data-large_image_height=\"1599\"href='https:\/\/www.radiopiu.net\/wordpress\/wp-content\/uploads\/2021\/06\/IMG-20210603-WA0014.jpg'><img loading=\"lazy\" decoding=\"async\" width=\"225\" height=\"300\" src=\"https:\/\/www.radiopiu.net\/wordpress\/wp-content\/uploads\/2021\/06\/IMG-20210603-WA0014-225x300.jpg\" class=\"attachment-medium size-medium\" alt=\"\" srcset=\"https:\/\/www.radiopiu.net\/wordpress\/wp-content\/uploads\/2021\/06\/IMG-20210603-WA0014-225x300.jpg 225w, https:\/\/www.radiopiu.net\/wordpress\/wp-content\/uploads\/2021\/06\/IMG-20210603-WA0014-768x1023.jpg 768w, https:\/\/www.radiopiu.net\/wordpress\/wp-content\/uploads\/2021\/06\/IMG-20210603-WA0014-1153x1536.jpg 1153w, https:\/\/www.radiopiu.net\/wordpress\/wp-content\/uploads\/2021\/06\/IMG-20210603-WA0014.jpg 1200w\" sizes=\"auto, (max-width: 225px) 100vw, 225px\" \/><\/a>\n\t\t\t\t<\/dt><\/dl><dl class='gallery-item'>\n\t\t\t\t<dt class='gallery-icon portrait'>\n\t\t\t\t\t<a class=\"rollover rollover-zoom dt-pswp-item\" title=\"IMG-20210603-WA0012\" data-dt-img-description=\"\" data-large_image_width=\"1200\" data-large_image_height=\"1599\"href='https:\/\/www.radiopiu.net\/wordpress\/wp-content\/uploads\/2021\/06\/IMG-20210603-WA0012.jpg'><img loading=\"lazy\" decoding=\"async\" width=\"225\" height=\"300\" src=\"https:\/\/www.radiopiu.net\/wordpress\/wp-content\/uploads\/2021\/06\/IMG-20210603-WA0012-225x300.jpg\" class=\"attachment-medium size-medium\" alt=\"\" srcset=\"https:\/\/www.radiopiu.net\/wordpress\/wp-content\/uploads\/2021\/06\/IMG-20210603-WA0012-225x300.jpg 225w, https:\/\/www.radiopiu.net\/wordpress\/wp-content\/uploads\/2021\/06\/IMG-20210603-WA0012-768x1023.jpg 768w, https:\/\/www.radiopiu.net\/wordpress\/wp-content\/uploads\/2021\/06\/IMG-20210603-WA0012-1153x1536.jpg 1153w, https:\/\/www.radiopiu.net\/wordpress\/wp-content\/uploads\/2021\/06\/IMG-20210603-WA0012.jpg 1200w\" sizes=\"auto, (max-width: 225px) 100vw, 225px\" \/><\/a>\n\t\t\t\t<\/dt><\/dl><br style=\"clear: both\" \/>\n\t\t\t<\/div>\n\n<p>&nbsp;<\/p>\n<hr \/>\n<p>&nbsp;<\/p>\n<blockquote>\n<h3 class=\"p1\"><span class=\"s1\">COMINCIATI I LAVORI ALLA PALESTRA DELL\u2019ISTITUTO CALVI, INVESTIMENTO DA 1 MILIONE DI EURO<\/span><\/h3>\n<\/blockquote>\n<p class=\"p1\"><span class=\"s1\"><strong>BELLUNO <\/strong>Sono cominciati nei giorni scorsi i lavori nella palestra dell\u2019istituto Calvi (a Mier). Un\u2019operazione avviata dalla Provincia che rimetter\u00e0 a nuovo la struttura. Adeguamento sismico, cappotto ed efficientamento energetico gli interventi pi\u00f9 consistenti. Ma nel programma c\u2019\u00e8 anche la sostituzione completa dei serramenti e la possibilit\u00e0 di trasformare l\u2019edificio per renderlo utilizzabile anche per scopi diversi da quelli della didattica, come concerti, convegni ed eventi. La palestra infatti misura 900 metri quadrati e dispone di un\u2019ampia parte di spalti e gradinate per ospitare il pubblico, sovradimensionati rispetto all\u2019utilizzo scolastico. <\/span><span class=\"s1\">\u00ab<em>Abbiamo investito 1 milione di euro e a settembre consegneremo una struttura rinnovata, sicura e pi\u00f9 accogliente &#8211; spiega la consigliera provinciale con delega all\u2019edilizia scolastica, Serenella Bogana -. Se contiamo anche i nuovi moduli appena installati nel cortile, per il Calvi arriviamo a oltre 1 milione e mezzo di intervento<\/em>\u00bb. <\/span><span class=\"s1\">I lavori alla palestra sono cominciati una decina di giorni fa e nella prima fase stanno riguardando soprattutto l\u2019interno, dove la gradinata degli spalti \u00e8 stata rialzata in modo da permettere una maggiore accessibilit\u00e0, anche a persone con disabilit\u00e0. I pilastri portanti verranno rinforzati nelle prossime settimane, secondo il progetto di adeguamento sismico, poi toccher\u00e0 alla parte esterna, dove \u00e8 gi\u00e0 stato predisposto un ulteriore ispessimento della base delle strutture portanti, che sar\u00e0 completato con il cappotto termico. Nella sostituzione dei serramenti, saranno chiuse alcune finestre, senza togliere punti luce e garantendo un\u2019adeguata illuminazione dell\u2019interno. I lavori si chiuderanno entro l\u2019ultima settimana di settembre. <\/span><span class=\"s1\">\u00ab<em>La Provincia conferma la propria attenzione agli edifici scolastici, nell\u2019ottica di garantire luoghi adeguati allo studio e alla didattica &#8211; conclude la consigliera Bogana -. La riduzione della demografia scolastica, che sta osservando un calo consistente fin dalle elementari, ci imporr\u00e0 delle scelte di razionalizzazione, per alzare lo standard qualitativo delle nostre scuole e ottimizzare spazi e logistica. Questo non significa abbandonare certe strutture e l\u2019intervento alla palestra del Calvi lo dimostra: quella struttura viene potenziata, perch\u00e9 pu\u00f2 tornare utile anche al di fuori degli utilizzi strettamente scolastici<\/em>\u00bb.<\/span><\/p>\n\n\t\t\t<style type='text\/css'>\n\t\t\t\t#gallery-4 {\n\t\t\t\t\tmargin: auto;\n\t\t\t\t}\n\t\t\t\t#gallery-4 .gallery-item {\n\t\t\t\t\tfloat: left;\n\t\t\t\t\tmargin-top: 10px;\n\t\t\t\t\ttext-align: center;\n\t\t\t\t\twidth: 20%;\n\t\t\t\t}\n\t\t\t\t#gallery-4 img {\n\t\t\t\t\tborder: 2px solid #cfcfcf;\n\t\t\t\t}\n\t\t\t\t#gallery-4 .gallery-caption {\n\t\t\t\t\tmargin-left: 0;\n\t\t\t\t}\n\t\t\t\t\/* see gallery_shortcode() in wp-includes\/media.php *\/\n\t\t\t<\/style>\n\t\t<div id='gallery-4' class='dt-gallery-container gallery galleryid-214112 gallery-columns-5 gallery-size-thumbnail'><dl class='gallery-item'>\n\t\t\t\t<dt class='gallery-icon landscape'>\n\t\t\t\t\t<a class=\"rollover rollover-zoom dt-pswp-item\" title=\"IMG_9905\" data-dt-img-description=\"\" data-large_image_width=\"2016\" data-large_image_height=\"1512\"href='https:\/\/www.radiopiu.net\/wordpress\/wp-content\/uploads\/2021\/06\/IMG_9905.jpg'><img loading=\"lazy\" decoding=\"async\" width=\"150\" height=\"150\" src=\"https:\/\/www.radiopiu.net\/wordpress\/wp-content\/uploads\/2021\/06\/IMG_9905-150x150.jpg\" class=\"attachment-thumbnail size-thumbnail\" alt=\"\" \/><\/a>\n\t\t\t\t<\/dt><\/dl><dl class='gallery-item'>\n\t\t\t\t<dt class='gallery-icon landscape'>\n\t\t\t\t\t<a class=\"rollover rollover-zoom dt-pswp-item\" title=\"IMG_9907\" data-dt-img-description=\"\" data-large_image_width=\"2016\" data-large_image_height=\"1512\"href='https:\/\/www.radiopiu.net\/wordpress\/wp-content\/uploads\/2021\/06\/IMG_9907.jpg'><img loading=\"lazy\" decoding=\"async\" width=\"150\" height=\"150\" src=\"https:\/\/www.radiopiu.net\/wordpress\/wp-content\/uploads\/2021\/06\/IMG_9907-150x150.jpg\" class=\"attachment-thumbnail size-thumbnail\" alt=\"\" \/><\/a>\n\t\t\t\t<\/dt><\/dl><dl class='gallery-item'>\n\t\t\t\t<dt class='gallery-icon landscape'>\n\t\t\t\t\t<a class=\"rollover rollover-zoom dt-pswp-item\" title=\"IMG_9908\" data-dt-img-description=\"\" data-large_image_width=\"2016\" data-large_image_height=\"1512\"href='https:\/\/www.radiopiu.net\/wordpress\/wp-content\/uploads\/2021\/06\/IMG_9908.jpg'><img loading=\"lazy\" decoding=\"async\" width=\"150\" height=\"150\" src=\"https:\/\/www.radiopiu.net\/wordpress\/wp-content\/uploads\/2021\/06\/IMG_9908-150x150.jpg\" class=\"attachment-thumbnail size-thumbnail\" alt=\"\" \/><\/a>\n\t\t\t\t<\/dt><\/dl><dl class='gallery-item'>\n\t\t\t\t<dt class='gallery-icon landscape'>\n\t\t\t\t\t<a class=\"rollover rollover-zoom dt-pswp-item\" title=\"IMG_9910\" data-dt-img-description=\"\" data-large_image_width=\"2016\" data-large_image_height=\"1512\"href='https:\/\/www.radiopiu.net\/wordpress\/wp-content\/uploads\/2021\/06\/IMG_9910.jpg'><img loading=\"lazy\" decoding=\"async\" width=\"150\" height=\"150\" src=\"https:\/\/www.radiopiu.net\/wordpress\/wp-content\/uploads\/2021\/06\/IMG_9910-150x150.jpg\" class=\"attachment-thumbnail size-thumbnail\" alt=\"\" \/><\/a>\n\t\t\t\t<\/dt><\/dl><dl class='gallery-item'>\n\t\t\t\t<dt class='gallery-icon landscape'>\n\t\t\t\t\t<a class=\"rollover rollover-zoom dt-pswp-item\" title=\"IMG_9911\" data-dt-img-description=\"\" data-large_image_width=\"2016\" data-large_image_height=\"1512\"href='https:\/\/www.radiopiu.net\/wordpress\/wp-content\/uploads\/2021\/06\/IMG_9911.jpg'><img loading=\"lazy\" decoding=\"async\" width=\"150\" height=\"150\" src=\"https:\/\/www.radiopiu.net\/wordpress\/wp-content\/uploads\/2021\/06\/IMG_9911-150x150.jpg\" class=\"attachment-thumbnail size-thumbnail\" alt=\"\" \/><\/a>\n\t\t\t\t<\/dt><\/dl><br style=\"clear: both\" \/>\n\t\t\t<\/div>\n\n<p>&nbsp;<\/p>\n<p>&nbsp;<\/p>\n<hr \/>\n<p>&nbsp;<\/p>\n<blockquote>\n<h3 class=\"p1\"><span class=\"s1\">LAVORI FERROVIA, SCOPEL: \u00abBENE IL POTENZIAMENTO, ADESSO CONTINUIAMO CON LA FELTRE-PRIMOLANO\u00bb<\/span><\/h3>\n<\/blockquote>\n<p class=\"p1\"><span class=\"s1\"><strong><a href=\"https:\/\/www.radiopiu.net\/wordpress\/giornale-radiopiu-05-gennaio-2019-direttore-mirko-mezzacasa\/download-479\/\" rel=\"attachment wp-att-71362\"><img loading=\"lazy\" decoding=\"async\" class=\"size-full wp-image-71362 alignleft\" src=\"https:\/\/www.radiopiu.net\/wordpress\/wp-content\/uploads\/2019\/01\/download-2.jpg\" alt=\"\" width=\"183\" height=\"276\" \/><\/a>BELLUNO<\/strong> \u00ab<em>I lavori nel tratto ferroviario Feltre-Montebelluna segnano un\u2019ulteriore tappa nel potenziamento del servizio del treno.<\/em> \u00c8 il commento del consigliere provinciale Dario Scopel (delegato alla mobilit\u00e0), relativamente all\u2019avvio dei lavori sulla tratta ferroviaria Feltre-Montebelluna.\u00a0\u00a0<\/span><\/p>\n<p>&nbsp;<\/p>\n<p>&nbsp;<\/p>\n<p>&nbsp;<\/p>\n<p>&nbsp;<\/p>\n<p><strong>IL CONSIGLIERE PROVINCIALE DARIO SCOPEL<\/strong><\/p>\n<audio class=\"wp-audio-shortcode\" id=\"audio-214112-2\" preload=\"none\" style=\"width: 100%;\" controls=\"controls\"><source type=\"audio\/mpeg\" src=\"https:\/\/www.radiopiu.net\/wordpress\/wp-content\/uploads\/2021\/06\/SCOPEL-FERROVIA-FELTRE.mp3?_=2\" \/><a href=\"https:\/\/www.radiopiu.net\/wordpress\/wp-content\/uploads\/2021\/06\/SCOPEL-FERROVIA-FELTRE.mp3\">https:\/\/www.radiopiu.net\/wordpress\/wp-content\/uploads\/2021\/06\/SCOPEL-FERROVIA-FELTRE.mp3<\/a><\/audio>\n<p>&nbsp;<\/p>\n<p>&nbsp;<\/p>\n<hr \/>\n<p>&nbsp;<\/p>\n<blockquote>\n<h3>CAMPAGNA DI COMUNICAZIONE E SENSIBILIZZAZIONE \u201cZERO PLASTICA\u201d: CONSEGNATI I MATERIALI ALL&#8217;ISTITUTO COMPRENSIVO DI FELTRE<\/h3>\n<\/blockquote>\n<p><strong><a href=\"https:\/\/www.radiopiu.net\/wordpress\/giornale-radiopiu-06-giugno-2021-direttore-mirko-mezzacasa\/campagna-zero-plastica\/\" rel=\"attachment wp-att-214195\"><img loading=\"lazy\" decoding=\"async\" class=\"size-medium wp-image-214195 alignleft\" src=\"https:\/\/www.radiopiu.net\/wordpress\/wp-content\/uploads\/2021\/06\/Campagna-Zero-Plastica-300x241.jpg\" alt=\"\" width=\"300\" height=\"241\" srcset=\"https:\/\/www.radiopiu.net\/wordpress\/wp-content\/uploads\/2021\/06\/Campagna-Zero-Plastica-300x241.jpg 300w, https:\/\/www.radiopiu.net\/wordpress\/wp-content\/uploads\/2021\/06\/Campagna-Zero-Plastica-1024x822.jpg 1024w, https:\/\/www.radiopiu.net\/wordpress\/wp-content\/uploads\/2021\/06\/Campagna-Zero-Plastica-768x617.jpg 768w, https:\/\/www.radiopiu.net\/wordpress\/wp-content\/uploads\/2021\/06\/Campagna-Zero-Plastica.jpg 1265w\" sizes=\"auto, (max-width: 300px) 100vw, 300px\" \/><\/a>FELTRE <\/strong>Il Comune di Feltre, in collaborazione col gestore del servizio rifiuti Bellunum, ha promosso in queste settimane la diffusione sul territorio comunale di una campagna di comunicazione volta a sensibilizzare la popolazione sull\u2019uso corretto della plastica usa e getta, attraverso l&#8217;affissione di manifesti e cartelli di efficace impatto visivo. Le immagini utilizzate richiamano l\u2019attenzione sulle alternative \u201cecologiche\u201d e sulla possibilit\u00e0 di effettuare scelte consapevoli per eliminare dalla nostra quotidianit\u00e0 gli oggetti monouso ed incentivare il riutilizzo di oggetti durevoli. In questi giorni l&#8217;assessore alla Gestione del Territorio Adis Zatta ha consegnato alla dirigente e al vice-dirigente dell&#8217;Istituto Comprensivo di Feltre il materiale informativo destinato all&#8217;affissione all&#8217;interno delle scuole primarie e delle medie del Feltrino. \u201c<em>La proposta di promuovere la campagna \u201cZero Plastica\u201d anche all\u2019interno degli Istituti Scolastici nasce dalla convinzione che la vera sfida per il futuro non \u00e8 solo differenziare correttamente, ma ridurre all\u2019origine la produzione di rifiuti adottando comportamenti virtuosi<\/em>\u201d, sottolinea l&#8217;assessore alla Gestione del Territorio del Comune di Feltre Adis Zatta. &#8220;<em>E&#8217; evidente, prosegue Zatta, che sono proprio i nostri ragazzi i primi protagonisti di questa \u201crivoluzione culturale\u201d; il nostro impegno \u00e8 quello di coinvolgerli, con questa come con altre iniziative analoghe, e di renderli protagonisti consapevoli delle scelte di oggi e di domani, che avranno ricadute determinati per la qualit\u00e0 della loro vita e dell&#8217;ambiente che ci circonda. Un ringraziamento particolare \u2013 conclude Zatta &#8211; va alla societ\u00e0 Bellunum che ha promosso l&#8217;iniziativa, investendo con convinzione nel progetto<\/em>\u201d.<\/p>\n<p>&nbsp;<\/p>\n<p>&nbsp;<\/p>\n<hr \/>\n<p>&nbsp;<\/p>\n<blockquote>\n<h3 class=\"p1\"><span class=\"s1\">\u00c8 MORTO EMILIO BRIDDA. COLONNA PORTANTE DELLA FAMIGLIA EX EMIGRANTI \u201cMONTE PIZZOCCO\u201d. PREMIO \u201cECCELLENZE VENETE\u201d 2019<\/span><\/h3>\n<\/blockquote>\n<p class=\"p1\"><span class=\"s1\"><strong><a href=\"https:\/\/www.radiopiu.net\/wordpress\/giornale-radiopiu-06-giugno-2021-direttore-mirko-mezzacasa\/emilio_bridda\/\" rel=\"attachment wp-att-214226\"><img loading=\"lazy\" decoding=\"async\" class=\" wp-image-214226 alignleft\" src=\"https:\/\/www.radiopiu.net\/wordpress\/wp-content\/uploads\/2021\/06\/emilio_bridda-300x300.jpeg\" alt=\"\" width=\"149\" height=\"149\" srcset=\"https:\/\/www.radiopiu.net\/wordpress\/wp-content\/uploads\/2021\/06\/emilio_bridda.jpeg 300w, https:\/\/www.radiopiu.net\/wordpress\/wp-content\/uploads\/2021\/06\/emilio_bridda-150x150.jpeg 150w\" sizes=\"auto, (max-width: 149px) 100vw, 149px\" \/><\/a>BELLUNO <\/strong>Un altro lutto ha colpito l\u2019Associazione Bellunesi nel Mondo. \u00c8 venuto a mancare oggi, all\u2019et\u00e0 di 91 anni, Emilio Bridda vice presidente della Famiglia Ex emigranti \u201cMonte Pizzocco\u201d. Una grave perdita per il sodalizio che raggruppa i comuni di Santa Giustina, Sedico, Cesiomaggiore, San Gregorio nelle Alpi e Sospirolo. S\u00ec, perch\u00e9 Emilio era una delle colonne portanti della Famiglia \u201cMonte Pizzocco\u201d, ma anche della stessa Abm. Era orgoglioso di essere socio Abm ed era orgoglioso di essere stato emigrante. Una lunga vita da emigrante quella di Emilio. Operaio tecnico in pensione, originario di Sospirolo, Bridda ha speso la sua vita lavorando in giro per il mondo, tra Svizzera, Turchia, Pakistan, Marocco e Iran; solo per citare alcuni Paesi. <\/span><span class=\"s1\">\u00ab<em>L\u2019Abm \u00e8 orfana di una persona straordinaria &#8211; le parole del presidente Abm Oscar De Bona &#8211; che ha dato tutto se stessa per la crescita della nostra Associazione e della Famiglia \u201cMonte Pizzocco\u201d. Una persona da cui prendere esempio e che di certo non dimenticheremo. Siamo vicini ai figli Marisa &#8211; con Gabriele &#8211; e Michele, agli adorati nipoti Gilles e Mia<\/em>\u00bb. <\/span><span class=\"s1\">Emilio era sempre presente e disponibile. Ha collaborato anche con il MiM Belluno, portando la sua diretta testimonianza di emigrante in occasione di diversi incontro con studenti. <\/span><span class=\"s1\">Da ricordare anche il premio \u201cEccellenze venete\u201d che ricevette nel 2019 in Cansiglio in occasione della Festa dei Veneti nel Mondo. A tal proposito lo ricorda la vice presidente Abm Patrizia Burigo: \u00ab<em>Sicuramente la festa in Cansiglio, in cui \u00e8 stato premiato come veneto eccellente, \u00e8 stata il coronamento di una lunga vita di impegno. Lo ricordo emozionato e orgoglioso nella sua semplicit\u00e0 e umilt\u00e0<\/em>\u00bb.<\/span><\/p>\n<p>&nbsp;<\/p>\n<p>&nbsp;<\/p>\n<hr \/>\n<p>&nbsp;<\/p>\n<blockquote>\n<h3>DISPOSIZIONI ANTICIPATE DI TRATTAMENTO: AL VIA LUNED\u00cc 7 GIUGNO L\u2019INDAGINE TELEFONICA PER CAPIRE QUANTO NE SAPPIAMO SULL\u2019ARGOMENTO<\/h3>\n<\/blockquote>\n<p><strong><a href=\"https:\/\/www.radiopiu.net\/wordpress\/giornale-radiopiu-06-giugno-2021-direttore-mirko-mezzacasa\/mano_amica\/\" rel=\"attachment wp-att-214219\"><img loading=\"lazy\" decoding=\"async\" class=\"size-medium wp-image-214219 alignleft\" src=\"https:\/\/www.radiopiu.net\/wordpress\/wp-content\/uploads\/2021\/06\/mano_amica-300x188.jpg\" alt=\"\" width=\"300\" height=\"188\" srcset=\"https:\/\/www.radiopiu.net\/wordpress\/wp-content\/uploads\/2021\/06\/mano_amica-300x188.jpg 300w, https:\/\/www.radiopiu.net\/wordpress\/wp-content\/uploads\/2021\/06\/mano_amica.jpg 400w\" sizes=\"auto, (max-width: 300px) 100vw, 300px\" \/><\/a>FONZASO <\/strong>Prende il via luned\u00ec prossimo la ricerca promossa da Mano Amica in collaborazione con Dolomiti Hub sulla legge 219 del 2017 che contiene le norme in materia di consenso informato e di disposizioni anticipate di trattamento (DAT). La legge prevede l\u2019autonomia di autodeterminazione nelle scelte terapeutiche, attribuendo al singolo il diritto ad una piena conoscenza dei trattamenti sanitari, al fine di poter scegliere consapevolmente quale cura adottare o addirittura se ricorrere o meno ad una cura. Connessa al tema del consenso \u00e8 quello del &#8220;testamento biologico&#8221; &#8211; o, in senso pi\u00f9 ampio di una dichiarazione anticipata di trattamento &#8211; con cui si fa riferimento all&#8217;espressione di volont\u00e0, mediante un documento scritto, da parte di un soggetto, fornita in condizioni di lucidit\u00e0 mentale, con il quale vengono dettate indicazioni anticipate di trattamento circa le terapie che intende o non intende seguire nell&#8217;eventualit\u00e0 in cui dovesse trovarsi nella condizione di incapacit\u00e0 ad esercitare il proprio diritto ad acconsentire o meno alle cure proposte per malattie o lesioni traumatiche cerebrali irreversibili o invalidanti, malattie che costringano a trattamenti permanenti con macchine o sistemi artificiali che impediscano una normale vita di relazione. La legge \u00e8 entrata in vigore nel 2018 ma la conoscenza, da parte dei cittadini, \u00e8 poco nota e per tale motivo l&#8217;associazione Mano Amica di Feltre, da anni impegnata a sollecitare l\u2019attenzione sui temi che riguardano le cure palliative e il fine vita, ha deciso di avviare, con la collaborazione di Dolomiti Hub, un\u2019indagine telefonica su un campione rappresentativo della popolazione dei 15 Comuni del Distretto Ulss 1 di Feltre (Alano di Piave, Borgo Valbelluna, Sedico, Arsi\u00e8, Seren del Grappa, Cesiomaggiore, Pedavena, Sospirolo, Feltre, Quero Vas, Sovramonte, Fonzaso, San Gregorio nelle Alpi, Lamon, Santa Giustina). L\u2019obiettivo \u00e8 quello di capire se le persone sono al corrente dell\u2019esistenza della legge, se hanno ricevuto le informazioni necessarie per esprimere le DAT, quali azioni sarebbe opportuno mettere in campo per informare i cittadini di questo diritto che \u00e8 stato loro riconosciuto. Il questionario \u00e8 stato realizzato dal gruppo scientifico di Mano Amica costituito da Franco Capretta, Luigi Cazzola, Giampietro Luisetto e Osvaldo Zanin mentre il gruppo di Dolomiti Hub da Debora Nicoletto, Mauro Soppelsa, Gaia Volta con la collaborazione di InNova Studi e Ricerche. Prender\u00e0 il via luned\u00ec 7 giugno 2021 la ricerca attraverso delle interviste telefoniche a un campione rappresentativo della popolazione. Si invita pertanto la popolazione a rispondere con attenzione in caso fossero contattati esclusivamente per via telefonica.<\/p>\n<p>&nbsp;<\/p>\n<p>&nbsp;<\/p>\n<hr \/>\n<p>&nbsp;<\/p>\n<\/div>\n<blockquote>\n<h3>CONCORSO PUBBLICO PER UN ISTRUTTORE<\/h3>\n<\/blockquote>\n<p><strong>FELTRE<\/strong> L&#8217;unione montana Feltrina ha indetto un concorso pubblico<span lang=\"IT\" style=\"font-size: 12.0pt; line-height: 115%; font-family: 'Bookman Old Style';\"> per l&#8217;assunzione a tempo indeterminato e pieno di\u00a0 un Istruttore Tecnico categoria di accesso C presso l\u2019unit\u00e0 organizzativa viabilit\u00e0, verde e difesa del suolo del settore gestione del territorio del Comune di Feltre. <\/span><span lang=\"IT\" style=\"font-size: 12.0pt; line-height: 115%; font-family: 'Bookman Old Style';\">Le domande di partecipazione dovranno essere presentate tramite apposita piattaforma dell&#8217;Unione Montana Feltrina <\/span><span lang=\"IT\" style=\"font-size: 12.0pt; line-height: 115%; font-family: 'Bookman Old Style';\">Termine di scadenza per la presentazione delle domande ore 12 del 19\/07\/2021.\u00a0<\/span><\/p>\n<p>&nbsp;<\/p>\n<hr \/>\n<blockquote><p>&nbsp;<\/p>\n<h3>TRASPORTO PUBBLICO ORARI INVERNALI FINO AL 13 GIUGNO<\/h3>\n<\/blockquote>\n<p><strong>BELLUNO<\/strong> La Dolomitibus informa che la Provincia ha prorogato la validit\u00e0 dell&#8217;orario invernale fino al 13 giugno, dal 7 al 13 il servizio verr\u00e0 effettuato da orario invernale &#8220;non scolastico&#8221;, la lunedi 14 entra in vigore l&#8217;orario estivo.<\/p>\n<blockquote><p>&nbsp;<\/p><\/blockquote>\n<hr \/>\n<p>&nbsp;<\/p>\n<blockquote>\n<h3>LA POLIZIA DI STATO CERCA 15 ATLETI DA ASSEGNARE ALLE FIAMME ORO<\/h3>\n<\/blockquote>\n<p><strong><a href=\"https:\/\/www.radiopiu.net\/wordpress\/questura-2-nuovi-poliziotti-anziche-3\/volante-questura-2\/\" rel=\"attachment wp-att-63841\"><img loading=\"lazy\" decoding=\"async\" class=\" wp-image-63841 alignleft\" src=\"https:\/\/www.radiopiu.net\/wordpress\/wp-content\/uploads\/2018\/10\/Volante-Questura-2.jpg\" alt=\"\" width=\"108\" height=\"108\" srcset=\"https:\/\/www.radiopiu.net\/wordpress\/wp-content\/uploads\/2018\/10\/Volante-Questura-2.jpg 200w, https:\/\/www.radiopiu.net\/wordpress\/wp-content\/uploads\/2018\/10\/Volante-Questura-2-150x150.jpg 150w\" sizes=\"auto, (max-width: 108px) 100vw, 108px\" \/><\/a>BELLUNO\u00a0<\/strong>\u00c8 stato pubblicato il bando di concorso pubblico, per titoli, per l&#8217;assunzione di 15 atleti da assegnare ai gruppi sportivi della Polizia di Stato &#8211; Fiamme Oro che saranno inquadrati nel ruolo di agenti e assistenti della Polizia di Stato. La domanda di partecipazione deve essere compilata e trasmessa entro il 21 giugno utilizzando esclusivamente la procedura online sul sito https:\/\/concorsionline.poliziadistato.it<\/p>\n<p>&nbsp;<\/p>\n<p>&nbsp;<\/p>\n<p>&nbsp;<\/p>\n<hr \/>\n<p>&nbsp;<\/p>\n<blockquote>\n<h3>ASSOCIAZIONE PETTIROSSO AGORDINO IN ASSEMBLEA<\/h3>\n<\/blockquote>\n<p><strong>AGORDO<\/strong> Giovedi 10 giugno alle 20 in sala Don Tamis assemblea annuale degli associati alla Pettirosso Agordino. All&#8217;ordine del giorno: relazione del presidente Sonia d&#8217;Agostini, presentazione ed approvazione del bilancio e del programma.<\/p>\n<p>&nbsp;<\/p>\n<hr \/>\n<p>&nbsp;<\/p>\n<blockquote>\n<h3>DAL LUNEDI RIAPRE LA PISCINA DI AGORDO<\/h3>\n<\/blockquote>\n<p><strong><a href=\"https:\/\/www.radiopiu.net\/wordpress\/giornale-radiopiu-02-giugno-2021-direttore-mirko-mezzacasa\/82acac9a-d279-4c86-b53b-3412abc1465c\/\" rel=\"attachment wp-att-213409\"><img loading=\"lazy\" decoding=\"async\" class=\"wp-image-213409 alignleft\" src=\"https:\/\/www.radiopiu.net\/wordpress\/wp-content\/uploads\/2021\/06\/82acac9a-d279-4c86-b53b-3412abc1465c-300x300.jpg\" alt=\"\" width=\"137\" height=\"137\" srcset=\"https:\/\/www.radiopiu.net\/wordpress\/wp-content\/uploads\/2021\/06\/82acac9a-d279-4c86-b53b-3412abc1465c-300x300.jpg 300w, https:\/\/www.radiopiu.net\/wordpress\/wp-content\/uploads\/2021\/06\/82acac9a-d279-4c86-b53b-3412abc1465c-150x150.jpg 150w, https:\/\/www.radiopiu.net\/wordpress\/wp-content\/uploads\/2021\/06\/82acac9a-d279-4c86-b53b-3412abc1465c.jpg 526w\" sizes=\"auto, (max-width: 137px) 100vw, 137px\" \/><\/a> <\/strong><\/p>\n<p><strong>\u00a0<\/strong><strong>AGORDO <\/strong>La piscina comprensoriale di Agordo gestita da Attivamente Agordino SSD riapre al pubblico luned\u00ec 7 giugno 2021.\u00a0 L\u2019apertura garantir\u00e0 tutte le attivit\u00e0 e l\u2019accesso per il nuoto libero in totale sicurezza \u00e8 obbligatoria la prenotazione per il nuoto libero e i corsi acquafitness, mentre per la prenotazione ai corsi \u00e8 possibile rivolgersi presso la segreteria aperta dal luned\u00ec al venerd\u00ec dalle 14.30 alle 20.00 e il sabato dalle 9.30 alle 13.00. Per info \u00e8 consultabile il nuovo sito web <a href=\"http:\/\/www.piscinacomprensorialeagordina.it\/\">www.piscinacomprensorialeagordina.it<\/a> o potete visitare la pagina Facebook o Instagram.<\/p>\n<p>&nbsp;<\/p>\n<p>&nbsp;<\/p>\n<hr \/>\n<p>&nbsp;<\/p>\n<blockquote>\n<h3>RIAPRE IL CASTELLO DI ANDRAZ<\/h3>\n<\/blockquote>\n<p><strong>LIVINALLONGO<\/strong> Il Castello di Andraz riapre al pubblico, grazie alla collaborazione fra il Comune di Livinallongo del Col di Lana e l\u2019Istitut Cultural Ladin Cesa de Jan. Per il <strong>mese di giugno<\/strong> le aperture saranno le seguenti: 2, 5, 6 e, nelle successive settimane, <strong>dal gioved\u00ec alla domenica<\/strong>. L\u2019orario rimarr\u00e0 lo stesso per tutta l\u2019estate e cio\u00e8 dalle 10 alle 12:30 e dalle 14:30 alle 18.<\/p>\n<p>&nbsp;<\/p>\n<p>&nbsp;<\/p>\n<hr \/>\n<p>&nbsp;<\/p>\n<blockquote>\n<h3>OGGI GIORNATA DI PULIZIA SUL PIAVE<\/h3>\n<\/blockquote>\n<p><strong>BELLUNO<\/strong> \u00c8 in programma per oggi la prima edizione del Piave Net, una giornata dedicata alla pulizia delle sponde del Piave. Ritrovo alle 8:30, sul posto tutto il necessario per la giornata ecologica (gilet ad alta visibilit\u00e0, guanti protettivi, cappellino, sacchetti e contenitori). Per evitare assembramenti l&#8217;iscrizione deve avvenire presso i referenti di zona.<\/p>\n<p>&nbsp;<\/p>\n<p>&nbsp;<\/p>\n<hr \/>\n<p>&nbsp;<\/p>\n<blockquote>\n<h3>IL CAI DI BELLUNO ORGANIZZA UN&#8217;ESCURSIONE IN VAL DI ZOLDO<\/h3>\n<\/blockquote>\n<p><strong>BELLUNO <\/strong>La sezione di Belluno del Club Alpino Italiano propone, oggi, un&#8217;escursione nel cuore della Val di Zoldo, accompagnati da Giuliano Dal Mas: Da Pralongo alla Forcella del Col de Michiel per la Croda Daerta , momenti panoramici straordinari sulla Val Pramper. E\u2019 obbligatorio attenersi scrupolosamente alle norme anti-covid e, dunque, nel rispetto degli altri indossare la mascherina durante tutto il percorso, operare il dovuto distanziamento e le iscrizioni, aperte solo ai soci CAI, si effettuano esclusivamente in modalit\u00e0 online. Per maggiori informazioni: <a href=\"http:\/\/www.caibelluno.it\/\">www.caibelluno.it<\/a>.<\/p>\n<p>&nbsp;<\/p>\n<hr \/>\n<p>&nbsp;<\/p>\n<blockquote>\n<h3>CORSO GRATUITO PER ATTREZZISTA CNC: E\u2019 POSSIBILE ISCRIVERSI FINO AL 25 GIUGNO<\/h3>\n<\/blockquote>\n<p><strong>LONGARONE<\/strong> Iscrizioni aperte fino al 25 giugno per il nuovo corso gratuito, promosso dall\u2019Area Formazione di Certottica, per attrezzista di macchine settore occhialeria.\u00a0 Si tratta di una Work Experience gratuita, destinata a 9 persone disoccupate\/inoccupate in possesso di diploma.\u00a0 Info:\u00a0 sito www.certottica.it<\/p>\n<p>&nbsp;<\/p>\n<p>&nbsp;<\/p>\n<hr \/>\n<p>&nbsp;<\/p>\n<blockquote>\n<h3><span style=\"color: #ff0000;\">L&#8217;INTERVISTA\u00a0<\/span><\/h3>\n<h2>&#8220;LE MUSE E LE DOLOMITI&#8221; DOMANI IN CONCERTO AD AGORDO<\/h2>\n<p><strong>con Oda Hochscheid ed Andrea Gasperin<\/strong><\/p>\n<audio class=\"wp-audio-shortcode\" id=\"audio-214112-3\" preload=\"none\" style=\"width: 100%;\" controls=\"controls\"><source type=\"audio\/mpeg\" src=\"https:\/\/www.radiopiu.net\/wordpress\/wp-content\/uploads\/2021\/06\/oda-concerti.mp3?_=3\" \/><a href=\"https:\/\/www.radiopiu.net\/wordpress\/wp-content\/uploads\/2021\/06\/oda-concerti.mp3\">https:\/\/www.radiopiu.net\/wordpress\/wp-content\/uploads\/2021\/06\/oda-concerti.mp3<\/a><\/audio>\n<p>&nbsp;<\/p>\n<p><strong><a href=\"https:\/\/www.radiopiu.net\/wordpress\/le-muse-e-le-dolomiti-il-concerto-ad-agordo-domenica-6-giugno\/musedolomiti_consdir2021\/\" rel=\"attachment wp-att-211621\"><img loading=\"lazy\" decoding=\"async\" class=\"size-medium wp-image-211621 alignleft\" src=\"https:\/\/www.radiopiu.net\/wordpress\/wp-content\/uploads\/2021\/05\/MuseDolomiti_ConsDir2021-300x174.jpg\" alt=\"\" width=\"300\" height=\"174\" srcset=\"https:\/\/www.radiopiu.net\/wordpress\/wp-content\/uploads\/2021\/05\/MuseDolomiti_ConsDir2021-300x174.jpg 300w, https:\/\/www.radiopiu.net\/wordpress\/wp-content\/uploads\/2021\/05\/MuseDolomiti_ConsDir2021-1024x593.jpg 1024w, https:\/\/www.radiopiu.net\/wordpress\/wp-content\/uploads\/2021\/05\/MuseDolomiti_ConsDir2021-768x445.jpg 768w, https:\/\/www.radiopiu.net\/wordpress\/wp-content\/uploads\/2021\/05\/MuseDolomiti_ConsDir2021-1536x890.jpg 1536w, https:\/\/www.radiopiu.net\/wordpress\/wp-content\/uploads\/2021\/05\/MuseDolomiti_ConsDir2021-2048x1187.jpg 2048w\" sizes=\"auto, (max-width: 300px) 100vw, 300px\" \/><\/a>FALCADE <\/strong>concerto di solidariet\u00e0 dedicato alle vittime della pandemia. Petite Messe Solennelle, l&#8217;ultima grande opera del compositore Gioacchino Rossini, per solisti, coro, pianoforte e armonium, che stasera alle ore 20.45 nella Chiesa Arcidiaconale di Agordo porter\u00e0 in scena 30 professionisti dello spettacolo.<\/p>\n<blockquote><p>Il concerto sar\u00e0 diretto dal Maestro Andrea Gasperin, originario di Belluno. Preparato dal Maestro Paolo Piana, si esibir\u00e0 il Coro Citt\u00e0 di Piazzola sul Brenta, considerato nella regione del Veneto come una delle formazioni corali di maggior spicco. Si esibiranno inoltre Midori Namikawa, soprano; Oda Zoe Hochscheid, contralto; Hun Kim, tenore; Kwangsik Park, basso; Alberto Boischio, pianoforte; Ai Yoshida, armonium.<\/p><\/blockquote>\n<\/blockquote>\n<p>&nbsp;<\/p>\n<hr \/>\n<p>&nbsp;<\/p>\n<p>&nbsp;<\/p>\n<blockquote>\n<h3>CLARA GALANTE E OPERA PRIMA CONSORT, OGGI ALLE 19 SALA GIOVANNI XXIII<\/h3>\n<\/blockquote>\n<p><strong>BELLUNO<\/strong> Un compositore inglese nato nel 1562\u00a0 e un&#8217;opera diventata leggendaria. \u00c8 la serata proposta dal Circolo Culturale Bellunese, oggi alle 19 al Teatro Giovanni XXIII, Belluno con un organico di grande interesse. la cantante, attrice e autrice Clara Galante e l&#8217;ensemble Oper Prima Consort, ovvero Bor Zuljan, liuto; Marco Casonato, Noelia Reverte, Alberto Casarin, Rosita Ippolito, viole da gamba e Cristiano Contadin, viola soprano e direzione. In programma, l\u2019esecuzione del ciclo completo delle <em>Lachrimae<\/em> di John Dowland, opera strumentale pubblicata nel 1604.<\/p>\n<p>&nbsp;<\/p>\n<hr \/>\n<p>&nbsp;<\/p>\n<blockquote>\n<h3>RIAPRE IL CENTRO LA SANTINA<\/h3>\n<\/blockquote>\n<p><strong>FELTRE<\/strong>\u00a0 Oggi\u00a0 riapre al pubblico il centro di educazione ambientale &#8220;La Santina&#8221;, in Val Canzoi.<br \/>\nIl Centro \u00e8 gestito dalle guide ambientali ed escursionistiche della Cooperativa Mazarol, che sono a disposizione di visitatori e turisti per fornire informazioni sul Parco e materiali divulgativi. Per informazioni 329.0040808<\/p>\n<p>&nbsp;<\/p>\n<hr \/>\n<p>&nbsp;<\/p>\n<h1><span style=\"color: #ff0000;\">ALLA RADIO<\/span><\/h1>\n<p><strong><a href=\"https:\/\/www.radiopiu.net\/wordpress\/cisl_la-voce-dei-lavoratori-a-sedico-boom-di-lavoro-e-assunzioni\/c0766f2f-bad0-4b99-9b28-6fc347559664\/\" rel=\"attachment wp-att-213529\"><img loading=\"lazy\" decoding=\"async\" class=\" wp-image-213529 alignright\" src=\"https:\/\/www.radiopiu.net\/wordpress\/wp-content\/uploads\/2021\/06\/c0766f2f-bad0-4b99-9b28-6fc347559664-166x300.jpg\" alt=\"\" width=\"104\" height=\"188\" srcset=\"https:\/\/www.radiopiu.net\/wordpress\/wp-content\/uploads\/2021\/06\/c0766f2f-bad0-4b99-9b28-6fc347559664-166x300.jpg 166w, https:\/\/www.radiopiu.net\/wordpress\/wp-content\/uploads\/2021\/06\/c0766f2f-bad0-4b99-9b28-6fc347559664.jpg 566w\" sizes=\"auto, (max-width: 104px) 100vw, 104px\" \/><\/a><\/strong><\/p>\n<p>&nbsp;<\/p>\n<p><strong>IN CISL LA VOCE DEI LAVORATORI, QUINDICINALE APPUNTAMENTO ALLA RADIO ALESSIO PICCOLI, RSU LUXOTTICA SEDICO.\u00a0\u00a0<\/strong><\/p>\n<p><strong><span style=\"color: #ff0000;\">AUDIO<\/span><\/strong><\/p>\n<audio class=\"wp-audio-shortcode\" id=\"audio-214112-4\" preload=\"none\" style=\"width: 100%;\" controls=\"controls\"><source type=\"audio\/mpeg\" src=\"https:\/\/www.radiopiu.net\/wordpress\/wp-content\/uploads\/2021\/06\/CISL.mp3?_=4\" \/><a href=\"https:\/\/www.radiopiu.net\/wordpress\/wp-content\/uploads\/2021\/06\/CISL.mp3\">https:\/\/www.radiopiu.net\/wordpress\/wp-content\/uploads\/2021\/06\/CISL.mp3<\/a><\/audio>\n<p>&nbsp;<\/p>\n<p>&nbsp;<\/p>\n<p>&nbsp;<\/p>\n<hr \/>\n<blockquote>\n<h2><\/h2>\n<h2>FANTASTICHE DOLOMITI, NUOVA STAGIONE. APPUNTAMENTO QUINDICINALE IL GIOVEDI ALLE 10.30 E 19.00<\/h2>\n<\/blockquote>\n<h2><\/h2>\n<h2><span style=\"color: #ff0000;\"><strong><a class=\"dt-pswp-item\" href=\"https:\/\/www.radiopiu.net\/wordpress\/wp-content\/uploads\/2020\/08\/montagna-2020-scaled.jpg\" data-dt-img-description=\"\" data-large_image_width=\"2560\" data-large_image_height=\"1440\"><img loading=\"lazy\" decoding=\"async\" class=\"wp-image-158273 alignleft\" src=\"https:\/\/www.radiopiu.net\/wordpress\/wp-content\/uploads\/2020\/08\/montagna-2020-300x169.jpg\" alt=\"\" width=\"147\" height=\"83\" srcset=\"https:\/\/www.radiopiu.net\/wordpress\/wp-content\/uploads\/2020\/08\/montagna-2020-300x169.jpg 300w, https:\/\/www.radiopiu.net\/wordpress\/wp-content\/uploads\/2020\/08\/montagna-2020-1024x576.jpg 1024w, https:\/\/www.radiopiu.net\/wordpress\/wp-content\/uploads\/2020\/08\/montagna-2020-768x432.jpg 768w, https:\/\/www.radiopiu.net\/wordpress\/wp-content\/uploads\/2020\/08\/montagna-2020-1536x864.jpg 1536w, https:\/\/www.radiopiu.net\/wordpress\/wp-content\/uploads\/2020\/08\/montagna-2020-2048x1152.jpg 2048w, https:\/\/www.radiopiu.net\/wordpress\/wp-content\/uploads\/2020\/08\/montagna-2020-640x360.jpg 640w\" sizes=\"auto, (max-width: 147px) 100vw, 147px\" \/><\/a><\/strong><\/span><\/h2>\n<h2><span style=\"color: #ff0000;\">PUNTATA 17 03 GIUGNO\u00a0<\/span><\/h2>\n<p><strong>OSPITE IL PRESIDENTE CLAUDIO CANOVA<\/strong><\/p>\n<audio class=\"wp-audio-shortcode\" id=\"audio-214112-5\" preload=\"none\" style=\"width: 100%;\" controls=\"controls\"><source type=\"audio\/mpeg\" src=\"https:\/\/www.radiopiu.net\/wordpress\/wp-content\/uploads\/2021\/06\/fantastiche-dolomiti-3-giugno.mp3?_=5\" \/><a href=\"https:\/\/www.radiopiu.net\/wordpress\/wp-content\/uploads\/2021\/06\/fantastiche-dolomiti-3-giugno.mp3\">https:\/\/www.radiopiu.net\/wordpress\/wp-content\/uploads\/2021\/06\/fantastiche-dolomiti-3-giugno.mp3<\/a><\/audio>\n<h3>LA RACCOLTA COMPLETA<\/h3>\n<p>https:\/\/www.radiopiu.net\/wordpress\/raccolta-completa\/<\/p>\n<p>&nbsp;<\/p>\n<p>&nbsp;<\/p>\n<p>&nbsp;<\/p>\n<hr \/>\n<div>\n<div>\n<div class=\"b654a4as d2edcug0\">\n<div class=\"rq0escxv hkbzh7o3 jwdofwj8 n8tt0mok r8blr3vg hyh9befq\">\n<div class=\"b654a4as d2edcug0\">\n<h2><span style=\"color: #008000;\">\u00a0<\/span><\/h2>\n<h2><span style=\"color: #008000;\">ERBE E PIANTE CURATIVE&#8230;IL\u00a0 PROGRAMMA DI PAOLA LANCIATO<\/span><\/h2>\n<\/div>\n<p><strong><img loading=\"lazy\" decoding=\"async\" class=\"alignleft\" src=\"https:\/\/www.radiopiu.net\/wordpress\/wp-content\/uploads\/2021\/06\/th-3.jpg\" width=\"158\" height=\"98\" \/>AUDIO,\u00a0 L&#8217;ORTICA\u00a0<\/strong><\/p>\n<audio class=\"wp-audio-shortcode\" id=\"audio-214112-6\" preload=\"none\" style=\"width: 100%;\" controls=\"controls\"><source type=\"audio\/mpeg\" src=\"https:\/\/www.radiopiu.net\/wordpress\/wp-content\/uploads\/2021\/06\/16-Lortica-M.mp3?_=6\" \/><a href=\"https:\/\/www.radiopiu.net\/wordpress\/wp-content\/uploads\/2021\/06\/16-Lortica-M.mp3\">https:\/\/www.radiopiu.net\/wordpress\/wp-content\/uploads\/2021\/06\/16-Lortica-M.mp3<\/a><\/audio>\n<p>LA RACCOLTA COMPLETA<\/p>\n<blockquote class=\"wp-embedded-content\" data-secret=\"a5YF2hzMOx\"><p><a href=\"https:\/\/www.radiopiu.net\/wordpress\/erbe-e-piante-curative-il-mandorlo\/\">L\u2019ERBA VOGLIO DEL GIARDINO DEL RE\u2026 ERBE, FIORI E PIANTE DI E CON PAOLA LANCIATO<\/a><\/p><\/blockquote>\n<p><iframe loading=\"lazy\" class=\"wp-embedded-content\" sandbox=\"allow-scripts\" security=\"restricted\" style=\"position: absolute; clip: rect(1px, 1px, 1px, 1px);\" title=\"&#8220;L\u2019ERBA VOGLIO DEL GIARDINO DEL RE\u2026 ERBE, FIORI E PIANTE DI E CON PAOLA LANCIATO&#8221; &#8212; Radio Pi\u00f9\" src=\"https:\/\/www.radiopiu.net\/wordpress\/erbe-e-piante-curative-il-mandorlo\/embed\/#?secret=a5YF2hzMOx\" data-secret=\"a5YF2hzMOx\" width=\"600\" height=\"338\" frameborder=\"0\" marginwidth=\"0\" marginheight=\"0\" scrolling=\"no\"><\/iframe><\/p>\n<p>&nbsp;<\/p>\n<p>&nbsp;<\/p>\n<\/div>\n<\/div>\n<\/div>\n<\/div>\n<p>&nbsp;<\/p>\n<p>&nbsp;<\/p>\n<hr \/>\n<p>&nbsp;<\/p>\n<div>\n<h2><span style=\"color: #ff0000;\"><strong>IN VIVO VERSO 2020-21 ESTATE, RIASCOLTIAMOLI&#8230; DAL CASSETTO DEI RICORDI DI RADIO PIU&#8217;&#8230; LE PRIME\u00a0 SEI STAGIONI\u00a0\u00a0<\/strong><\/span><\/h2>\n<div class=\"page-title-head hgroup\">\n<div class=\"page-title-head hgroup\">\n<div class=\"page-title-head hgroup\">\n<div class=\"page-title-head hgroup\">\n<div class=\"page-title-head hgroup\">\n<div class=\"page-title-head hgroup\">\n<p>&nbsp;<\/p>\n<blockquote>\n<h3><strong style=\"font-size: 14px;\">LA RACCOLTA COMPLETA<\/strong><\/h3>\n<\/blockquote>\n<\/div>\n<\/div>\n<\/div>\n<\/div>\n<\/div>\n<\/div>\n<blockquote class=\"wp-embedded-content\" data-secret=\"102T4apRD9\"><p><a href=\"https:\/\/www.radiopiu.net\/wordpress\/in-vivo-verso\/\">In Vivo Verso<\/a><\/p><\/blockquote>\n<p><iframe loading=\"lazy\" class=\"wp-embedded-content\" sandbox=\"allow-scripts\" security=\"restricted\" style=\"position: absolute; clip: rect(1px, 1px, 1px, 1px);\" title=\"&#8220;In Vivo Verso&#8221; &#8212; Radio Pi\u00f9\" src=\"https:\/\/www.radiopiu.net\/wordpress\/in-vivo-verso\/embed\/#?secret=102T4apRD9\" data-secret=\"102T4apRD9\" width=\"600\" height=\"338\" frameborder=\"0\" marginwidth=\"0\" marginheight=\"0\" scrolling=\"no\"><\/iframe><\/p>\n<p>&nbsp;<\/p>\n<p>&nbsp;<\/p>\n<hr \/>\n<\/div>\n<blockquote>\n<blockquote>\n<h2><\/h2>\n<\/blockquote>\n<\/blockquote>\n<div>\n<div class=\"b654a4as d2edcug0\">\n<div class=\"rq0escxv hkbzh7o3 jwdofwj8 n8tt0mok r8blr3vg hyh9befq\">\n<p>&nbsp;<\/p>\n<blockquote>\n<h2><span style=\"color: #ff0000;\"><em>ZAINO ALLA RADIO&#8230;ESTATE DI PAOLA LANCIATO TUTTI I GIORNI dal lunedi al venerdi ALLE 14 E 23.30\u00a0<\/em><\/span><\/h2>\n<\/blockquote>\n<div class=\"b654a4as d2edcug0\"><\/div>\n<blockquote class=\"wp-embedded-content\" data-secret=\"H8Bd2BZmQC\"><p><a href=\"https:\/\/www.radiopiu.net\/wordpress\/zaino-femminile-lanciato\/\">Zaino da viaggio al femminile<\/a><\/p><\/blockquote>\n<p><iframe loading=\"lazy\" class=\"wp-embedded-content\" sandbox=\"allow-scripts\" security=\"restricted\" style=\"position: absolute; clip: rect(1px, 1px, 1px, 1px);\" title=\"&#8220;Zaino da viaggio al femminile&#8221; &#8212; Radio Pi\u00f9\" src=\"https:\/\/www.radiopiu.net\/wordpress\/zaino-femminile-lanciato\/embed\/#?secret=H8Bd2BZmQC\" data-secret=\"H8Bd2BZmQC\" width=\"600\" height=\"338\" frameborder=\"0\" marginwidth=\"0\" marginheight=\"0\" scrolling=\"no\"><\/iframe><\/p>\n<p>&nbsp;<\/p>\n<\/div>\n<\/div>\n<\/div>\n<p>&nbsp;<\/p>\n<hr \/>\n<p>&nbsp;<\/p>\n<div>\n<div class=\"b654a4as d2edcug0\">\n<div class=\"rq0escxv hkbzh7o3 jwdofwj8 n8tt0mok r8blr3vg hyh9befq\">\n<p><a class=\"dt-pswp-item\" href=\"https:\/\/www.radiopiu.net\/wordpress\/wp-content\/uploads\/2020\/10\/pp.jpg\" data-dt-img-description=\"\" data-large_image_width=\"640\" data-large_image_height=\"640\"><img loading=\"lazy\" decoding=\"async\" class=\"wp-image-163678 alignleft\" src=\"https:\/\/www.radiopiu.net\/wordpress\/wp-content\/uploads\/2020\/10\/pp-300x300.jpg\" alt=\"\" width=\"106\" height=\"106\" srcset=\"https:\/\/www.radiopiu.net\/wordpress\/wp-content\/uploads\/2020\/10\/pp-300x300.jpg 300w, https:\/\/www.radiopiu.net\/wordpress\/wp-content\/uploads\/2020\/10\/pp-150x150.jpg 150w, https:\/\/www.radiopiu.net\/wordpress\/wp-content\/uploads\/2020\/10\/pp-125x125.jpg 125w, https:\/\/www.radiopiu.net\/wordpress\/wp-content\/uploads\/2020\/10\/pp-200x200.jpg 200w, https:\/\/www.radiopiu.net\/wordpress\/wp-content\/uploads\/2020\/10\/pp-80x80.jpg 80w, https:\/\/www.radiopiu.net\/wordpress\/wp-content\/uploads\/2020\/10\/pp-480x480.jpg 480w, https:\/\/www.radiopiu.net\/wordpress\/wp-content\/uploads\/2020\/10\/pp.jpg 640w\" sizes=\"auto, (max-width: 106px) 100vw, 106px\" \/><\/a><\/p>\n<\/div>\n<\/div>\n<\/div>\n<div>\n<div class=\"page-title-head hgroup\">\n<div class=\"page-title-head hgroup\">\n<div class=\"b654a4as d2edcug0\">\n<div class=\"j83agx80 btwxx1t3 lhclo0ds hop8lmos nkwizq5d scwd0bx6 roh60bw9\">\n<div class=\"rq0escxv hkbzh7o3 jwdofwj8 n8tt0mok r8blr3vg hyh9befq\">\n<div class=\"do00u71z l9j0dhe7 k4urcfbm\">\n<h2><span style=\"color: #000080;\">DON CESARE, IL PENSIERO DEL GIORNO. ALLA RADIO ALLE 7 DEL MATTINO E ALLE 19.30 DELLA SERA.\u00a0\u00a0<\/span><\/h2>\n<\/div>\n<\/div>\n<\/div>\n<div class=\"rq0escxv hkbzh7o3 jwdofwj8 n8tt0mok r8blr3vg hyh9befq\">\n<p>&nbsp;<\/p>\n<\/div>\n<\/div>\n<\/div>\n<\/div>\n<\/div>\n<audio class=\"wp-audio-shortcode\" id=\"audio-214112-7\" preload=\"none\" style=\"width: 100%;\" controls=\"controls\"><source type=\"audio\/mpeg\" src=\"https:\/\/www.radiopiu.net\/wordpress\/wp-content\/uploads\/2021\/06\/CESARE-4.mp3?_=7\" \/><a href=\"https:\/\/www.radiopiu.net\/wordpress\/wp-content\/uploads\/2021\/06\/CESARE-4.mp3\">https:\/\/www.radiopiu.net\/wordpress\/wp-content\/uploads\/2021\/06\/CESARE-4.mp3<\/a><\/audio>\n<p>&nbsp;<\/p>\n<hr \/>\n<p>&nbsp;<\/p>\n<h2><a href=\"https:\/\/www.radiopiu.net\/wordpress\/laugurio-di-monsignor-giorgio-lise-agli-agordini\/don-giorgio-lise\/\" rel=\"attachment wp-att-177420\"><img loading=\"lazy\" decoding=\"async\" class=\"size-medium wp-image-177420 alignleft\" src=\"https:\/\/www.radiopiu.net\/wordpress\/wp-content\/uploads\/2020\/12\/DON-GIORGIO-LISE-300x169.jpg\" alt=\"\" width=\"300\" height=\"169\" srcset=\"https:\/\/www.radiopiu.net\/wordpress\/wp-content\/uploads\/2020\/12\/DON-GIORGIO-LISE-300x169.jpg 300w, https:\/\/www.radiopiu.net\/wordpress\/wp-content\/uploads\/2020\/12\/DON-GIORGIO-LISE-1024x577.jpg 1024w, https:\/\/www.radiopiu.net\/wordpress\/wp-content\/uploads\/2020\/12\/DON-GIORGIO-LISE-768x432.jpg 768w, https:\/\/www.radiopiu.net\/wordpress\/wp-content\/uploads\/2020\/12\/DON-GIORGIO-LISE-1536x865.jpg 1536w, https:\/\/www.radiopiu.net\/wordpress\/wp-content\/uploads\/2020\/12\/DON-GIORGIO-LISE.jpg 1600w\" sizes=\"auto, (max-width: 300px) 100vw, 300px\" \/><\/a><span style=\"color: #993366;\">DUE MINUTI PER TE&#8230;CON DON GIORGIO LISE<\/span><\/h2>\n<audio class=\"wp-audio-shortcode\" id=\"audio-214112-8\" preload=\"none\" style=\"width: 100%;\" controls=\"controls\"><source type=\"audio\/mpeg\" src=\"https:\/\/www.radiopiu.net\/wordpress\/wp-content\/uploads\/2021\/06\/DON-GIORGIO.mp3?_=8\" \/><a href=\"https:\/\/www.radiopiu.net\/wordpress\/wp-content\/uploads\/2021\/06\/DON-GIORGIO.mp3\">https:\/\/www.radiopiu.net\/wordpress\/wp-content\/uploads\/2021\/06\/DON-GIORGIO.mp3<\/a><\/audio>\n<p>&nbsp;<\/p>\n<hr \/>\n<p>&nbsp;<\/p>\n<div>\n<h2><span style=\"color: #800080;\"><strong>LA RASSEGNA STAMPA DA L&#8217;AMICO DEL POPOLO\u00a0<\/strong><\/span><\/h2>\n<h3 class=\"kvgmc6g5 cxmmr5t8 oygrvhab hcukyx3x c1et5uql\"><span style=\"color: #0000ff;\"> INFORMAZIONE il canale su TELEGRAM informazione di prima mano e in tempo reale. iscriviti ed aiutaci a farlo conoscere\u00a0<\/span><\/h3>\n<p><strong><a href=\"https:\/\/www.radiopiu.net\/wordpress\/?attachment_id=214211\" rel=\"attachment wp-att-214211\"><img loading=\"lazy\" decoding=\"async\" class=\"size-medium wp-image-214211 alignleft\" src=\"https:\/\/www.radiopiu.net\/wordpress\/wp-content\/uploads\/2021\/06\/72617426_10217056632511154_1899306852655562752_n-225x300.jpg\" alt=\"\" width=\"225\" height=\"300\" srcset=\"https:\/\/www.radiopiu.net\/wordpress\/wp-content\/uploads\/2021\/06\/72617426_10217056632511154_1899306852655562752_n-225x300.jpg 225w, https:\/\/www.radiopiu.net\/wordpress\/wp-content\/uploads\/2021\/06\/72617426_10217056632511154_1899306852655562752_n-768x1024.jpg 768w, https:\/\/www.radiopiu.net\/wordpress\/wp-content\/uploads\/2021\/06\/72617426_10217056632511154_1899306852655562752_n-1152x1536.jpg 1152w, https:\/\/www.radiopiu.net\/wordpress\/wp-content\/uploads\/2021\/06\/72617426_10217056632511154_1899306852655562752_n.jpg 1511w\" sizes=\"auto, (max-width: 225px) 100vw, 225px\" \/><\/a>di Gianni Santomaso<\/strong><\/p>\n<p>OSPITE: Liana Cavallet<\/p>\n<audio class=\"wp-audio-shortcode\" id=\"audio-214112-9\" preload=\"none\" style=\"width: 100%;\" controls=\"controls\"><source type=\"audio\/mpeg\" src=\"https:\/\/www.radiopiu.net\/wordpress\/wp-content\/uploads\/2021\/06\/RASSEGNA-GIANNI.mp3?_=9\" \/><a href=\"https:\/\/www.radiopiu.net\/wordpress\/wp-content\/uploads\/2021\/06\/RASSEGNA-GIANNI.mp3\">https:\/\/www.radiopiu.net\/wordpress\/wp-content\/uploads\/2021\/06\/RASSEGNA-GIANNI.mp3<\/a><\/audio>\n<p>&nbsp;<\/p>\n<p><strong>LA RACCOLTA COMPLETA<\/strong><\/p>\n<blockquote class=\"wp-embedded-content\" data-secret=\"Duiuhnus9I\"><p><a href=\"https:\/\/www.radiopiu.net\/wordpress\/rassegna-stampa-di-gianni-santomaso\/\">Rassegna stampa da l&#8217;amico del popolo &#8211; di Gianni Santomaso<\/a><\/p><\/blockquote>\n<p><iframe loading=\"lazy\" class=\"wp-embedded-content\" sandbox=\"allow-scripts\" security=\"restricted\" style=\"position: absolute; clip: rect(1px, 1px, 1px, 1px);\" title=\"&#8220;Rassegna stampa da l&#8217;amico del popolo &#8211; di Gianni Santomaso&#8221; &#8212; Radio Pi\u00f9\" src=\"https:\/\/www.radiopiu.net\/wordpress\/rassegna-stampa-di-gianni-santomaso\/embed\/#?secret=Duiuhnus9I\" data-secret=\"Duiuhnus9I\" width=\"600\" height=\"338\" frameborder=\"0\" marginwidth=\"0\" marginheight=\"0\" scrolling=\"no\"><\/iframe><\/p>\n<div class=\"b654a4as d2edcug0\"><\/div>\n<\/div>\n<p>&nbsp;<\/p>\n<hr \/>\n<p>&nbsp;<\/p>\n<div dir=\"auto\">\n<p>&nbsp;<\/p>\n<blockquote>\n<h3 class=\"kvgmc6g5 cxmmr5t8 oygrvhab hcukyx3x c1et5uql\"><span style=\"color: #0000ff;\">INFORMAZIONE il canale su TELEGRAM informazione di prima mano e in tempo reale. iscriviti ed aiutaci a farlo conoscere\u00a0<\/span><\/h3>\n<\/blockquote>\n<h2><a href=\"https:\/\/www.radiopiu.net\/wordpress\/strutturare-lo-studio\/studiare\/\" rel=\"attachment wp-att-210171\"><img loading=\"lazy\" decoding=\"async\" class=\" wp-image-210171 alignleft\" src=\"https:\/\/www.radiopiu.net\/wordpress\/wp-content\/uploads\/2021\/05\/studiare-300x200.jpeg\" alt=\"\" width=\"177\" height=\"118\" srcset=\"https:\/\/www.radiopiu.net\/wordpress\/wp-content\/uploads\/2021\/05\/studiare-300x200.jpeg 300w, https:\/\/www.radiopiu.net\/wordpress\/wp-content\/uploads\/2021\/05\/studiare.jpeg 626w\" sizes=\"auto, (max-width: 177px) 100vw, 177px\" \/><\/a>007 IN CONDOTTA CON LA PROF. MARIA ROSA SALMAZO IL LUNEDI ALLE 10,30 E ALLE 19.00 LA DOMENICA ALLE 8 DEL MATTINO. NONA STAGIONE<\/h2>\n<p><span style=\"color: #ff0000;\"><strong>PUNTATA DEL 31 MAGGIO 2021\u00a0 \u00a0<\/strong><\/span><\/p>\n<\/div>\n<div dir=\"auto\">\n<audio class=\"wp-audio-shortcode\" id=\"audio-214112-10\" preload=\"none\" style=\"width: 100%;\" controls=\"controls\"><source type=\"audio\/mpeg\" src=\"https:\/\/www.radiopiu.net\/wordpress\/wp-content\/uploads\/2021\/05\/007-31-maggio.mp3?_=10\" \/><a href=\"https:\/\/www.radiopiu.net\/wordpress\/wp-content\/uploads\/2021\/05\/007-31-maggio.mp3\">https:\/\/www.radiopiu.net\/wordpress\/wp-content\/uploads\/2021\/05\/007-31-maggio.mp3<\/a><\/audio>\n<h2>LA RACCOLTA COMPLETA<\/h2>\n<blockquote><p>&nbsp;<\/p><\/blockquote>\n<blockquote class=\"wp-embedded-content\" data-secret=\"DH8MSh1ZYL\"><p><a href=\"https:\/\/www.radiopiu.net\/wordpress\/007incondotta-9\/\">007 in condotta<\/a><\/p><\/blockquote>\n<p><iframe loading=\"lazy\" class=\"wp-embedded-content\" sandbox=\"allow-scripts\" security=\"restricted\" style=\"position: absolute; clip: rect(1px, 1px, 1px, 1px);\" title=\"&#8220;007 in condotta&#8221; &#8212; Radio Pi\u00f9\" src=\"https:\/\/www.radiopiu.net\/wordpress\/007incondotta-9\/embed\/#?secret=DH8MSh1ZYL\" data-secret=\"DH8MSh1ZYL\" width=\"600\" height=\"338\" frameborder=\"0\" marginwidth=\"0\" marginheight=\"0\" scrolling=\"no\"><\/iframe><\/p>\n<p>&nbsp;<\/p>\n<h1><\/h1>\n<\/div>\n<hr \/>\n<p>&nbsp;<\/p>\n<p>&nbsp;<\/p>\n<div dir=\"auto\">\n<blockquote>\n<h3>SALUTE E SOCIETA&#8217; IL LUNEDI ALLE 13.10 E ALLE 20.10, LA DOMENICA ALLE 10.30 A CURA DEL DOTTOR MARCO CARACCIOLO. QUINTA STAGIONE<\/h3>\n<\/blockquote>\n<p><strong>LA PUNTATA DELLA SETTIMANA del 24 <\/strong><strong>MAGGIO<\/strong><\/p>\n<p><a href=\"https:\/\/www.radiopiu.net\/wordpress\/giornale-radiopiu-01-giugno-2021-direttore-mirko-mezzacasa\/ccaa5c0c-533d-34f0-9761-e954cd20b0f1\/\" rel=\"attachment wp-att-213029\"><img loading=\"lazy\" decoding=\"async\" class=\"size-medium wp-image-213029 alignleft\" src=\"https:\/\/www.radiopiu.net\/wordpress\/wp-content\/uploads\/2021\/05\/ccaa5c0c-533d-34f0-9761-e954cd20b0f1-300x169.png\" alt=\"\" width=\"300\" height=\"169\" srcset=\"https:\/\/www.radiopiu.net\/wordpress\/wp-content\/uploads\/2021\/05\/ccaa5c0c-533d-34f0-9761-e954cd20b0f1-300x169.png 300w, https:\/\/www.radiopiu.net\/wordpress\/wp-content\/uploads\/2021\/05\/ccaa5c0c-533d-34f0-9761-e954cd20b0f1-1024x576.png 1024w, https:\/\/www.radiopiu.net\/wordpress\/wp-content\/uploads\/2021\/05\/ccaa5c0c-533d-34f0-9761-e954cd20b0f1-768x432.png 768w, https:\/\/www.radiopiu.net\/wordpress\/wp-content\/uploads\/2021\/05\/ccaa5c0c-533d-34f0-9761-e954cd20b0f1.png 1280w\" sizes=\"auto, (max-width: 300px) 100vw, 300px\" \/><\/a><\/p>\n<p>in questa edizione: La poliposi nasale \u00e8 una malattia cronica della mucosa nasale di cui si ignorano ancora le cause. Frequentemente si associa a malattie allergiche, intolleranze ad alcuni farmaci o a disordini immunitari. Nicola Casella ne ha parlato con\u00a0Alberto Macchi, Accademia Italiana di Rinologia<\/p>\n<p><strong>AUDIO\u00a0\u00a0<\/strong><\/p>\n<div dir=\"auto\">\n<audio class=\"wp-audio-shortcode\" id=\"audio-214112-11\" preload=\"none\" style=\"width: 100%;\" controls=\"controls\"><source type=\"audio\/mpeg\" src=\"https:\/\/www.radiopiu.net\/wordpress\/wp-content\/uploads\/2021\/05\/SALUTE-4.mp3?_=11\" \/><a href=\"https:\/\/www.radiopiu.net\/wordpress\/wp-content\/uploads\/2021\/05\/SALUTE-4.mp3\">https:\/\/www.radiopiu.net\/wordpress\/wp-content\/uploads\/2021\/05\/SALUTE-4.mp3<\/a><\/audio>\n<p><strong>LA RACCOLTA COMPLETA\u00a0<\/strong><\/p>\n<\/div>\n<blockquote class=\"wp-embedded-content\" data-secret=\"WfSUFXhSPm\"><p><a href=\"https:\/\/www.radiopiu.net\/wordpress\/saluteesocieta\/\">Salute e Societ\u00e0<\/a><\/p><\/blockquote>\n<p><iframe loading=\"lazy\" class=\"wp-embedded-content\" sandbox=\"allow-scripts\" security=\"restricted\" style=\"position: absolute; clip: rect(1px, 1px, 1px, 1px);\" title=\"&#8220;Salute e Societ\u00e0&#8221; &#8212; Radio Pi\u00f9\" src=\"https:\/\/www.radiopiu.net\/wordpress\/saluteesocieta\/embed\/#?secret=WfSUFXhSPm\" data-secret=\"WfSUFXhSPm\" width=\"600\" height=\"338\" frameborder=\"0\" marginwidth=\"0\" marginheight=\"0\" scrolling=\"no\"><\/iframe><\/p>\n<\/div>\n<div dir=\"auto\">\n<h1><\/h1>\n<\/div>\n<hr \/>\n<blockquote>\n<h3 id=\"titlewrap\"><\/h3>\n<h3>COLLAGE DI LORIS SCUSSEL, DAL LUNEDI AL VENERDI ALLE 16 E ALLE 23<\/h3>\n<\/blockquote>\n<div><\/div>\n<div>\n<p><strong>AUDIO PUNTATA 360 DEL\u00a0 04 GIUGNO\u00a0<\/strong><\/p>\n<audio class=\"wp-audio-shortcode\" id=\"audio-214112-12\" preload=\"none\" style=\"width: 100%;\" controls=\"controls\"><source type=\"audio\/mpeg\" src=\"https:\/\/www.radiopiu.net\/wordpress\/wp-content\/uploads\/2021\/05\/Collage-360.mp3?_=12\" \/><a href=\"https:\/\/www.radiopiu.net\/wordpress\/wp-content\/uploads\/2021\/05\/Collage-360.mp3\">https:\/\/www.radiopiu.net\/wordpress\/wp-content\/uploads\/2021\/05\/Collage-360.mp3<\/a><\/audio>\n<p><strong>\u00a0 \u00a0<\/strong><\/p>\n<p><strong>\u00a0<\/strong><img loading=\"lazy\" decoding=\"async\" class=\"alignleft\" src=\"https:\/\/www.radiopiu.net\/wordpress\/wp-content\/uploads\/2021\/05\/Schermata-2021-05-23-alle-11.50.11.png\" width=\"186\" height=\"131\" \/>Il programma \u00e8 andato in onda da dicembre 2013 fino a luglio 2019, comprese le repliche, in due serie per 350 puntate complessive con 1.890 brani trasmessi. L\u2019obiettivo del programma: riproporre agli ascoltatori pi\u00f9 grandicelli le canzoni che ascoltavano nel passato e nello stesso tempo farle conoscere anche ai pi\u00f9 giovani.<\/p>\n<p>&nbsp;<\/p>\n<\/div>\n<p>&nbsp;<\/p>\n<h1><\/h1>\n<div>\n<div>\n<div class=\"page-title-head hgroup\">\n<div class=\"page-title-head hgroup\">\n<div class=\"page-title-head hgroup\">\n<div>\n<div>\n<div class=\"b654a4as d2edcug0\">\n<div class=\"rq0escxv hkbzh7o3 jwdofwj8 n8tt0mok r8blr3vg hyh9befq\">\n<hr \/>\n<\/div>\n<\/div>\n<\/div>\n<div>\n<div class=\"page-title-head hgroup\">\n<div class=\"page-title-head hgroup\">\n<div>\n<div class=\"b654a4as d2edcug0\">\n<p>&nbsp;<\/p>\n<blockquote>\n<h3>L&#8217;ALMANACCO LADINO CON L&#8217;ISTITUT CESA DE JAN QUINDICINALE APPUNTAMENTO. LA DOMENICA ALLE 9 IL LUNEDI ALLE 8.35 IL MARTEDI ALLE 12.35 IL MERCOLEDI ALLE 18.35. SECONDA STAGIONE.<\/h3>\n<\/blockquote>\n<p><strong>RACCOLTA COMPLETA\u00a0<\/strong><\/p>\n<blockquote class=\"wp-embedded-content\" data-secret=\"YSgbyhugnw\"><p><a href=\"https:\/\/www.radiopiu.net\/wordpress\/almanacco-ladino\/\">Almanacco Ladino<\/a><\/p><\/blockquote>\n<p><iframe loading=\"lazy\" class=\"wp-embedded-content\" sandbox=\"allow-scripts\" security=\"restricted\" style=\"position: absolute; clip: rect(1px, 1px, 1px, 1px);\" title=\"&#8220;Almanacco Ladino&#8221; &#8212; Radio Pi\u00f9\" src=\"https:\/\/www.radiopiu.net\/wordpress\/almanacco-ladino\/embed\/#?secret=YSgbyhugnw\" data-secret=\"YSgbyhugnw\" width=\"600\" height=\"338\" frameborder=\"0\" marginwidth=\"0\" marginheight=\"0\" scrolling=\"no\"><\/iframe><\/p>\n<div dir=\"auto\"><\/div>\n<\/div>\n<div>\n<p>&nbsp;<\/p>\n<hr \/>\n<h2><span style=\"color: #808000;\">\u00a0<\/span><\/h2>\n<h2><span style=\"color: #808000;\">DUE MINUTI UN LIBRO\u00a0 TUTTI I GIORNI ALLA RADIO ALLE 9.30 E ALLE 18. QUINTA STAGIONE\u00a0 \u00a0\u00a0<\/span><\/h2>\n<blockquote class=\"wp-embedded-content\" data-secret=\"JM8lDAFocP\"><p><a href=\"https:\/\/www.radiopiu.net\/wordpress\/due-minuti-un-libro\/\">Due minuti un libro<\/a><\/p><\/blockquote>\n<p><iframe loading=\"lazy\" class=\"wp-embedded-content\" sandbox=\"allow-scripts\" security=\"restricted\" style=\"position: absolute; clip: rect(1px, 1px, 1px, 1px);\" title=\"&#8220;Due minuti un libro&#8221; &#8212; Radio Pi\u00f9\" src=\"https:\/\/www.radiopiu.net\/wordpress\/due-minuti-un-libro\/embed\/#?secret=JM8lDAFocP\" data-secret=\"JM8lDAFocP\" width=\"600\" height=\"338\" frameborder=\"0\" marginwidth=\"0\" marginheight=\"0\" scrolling=\"no\"><\/iframe><\/p>\n<p>&nbsp;<\/p>\n<p>&nbsp;<\/p>\n<hr \/>\n<p>\u200b<\/p>\n<div>\n<h2><span style=\"color: #33cccc;\">I RACCONTI DI PAOLO SOPPELSA il lunedi alle 9.30 e 18.30<\/span><\/h2>\n<p><span style=\"color: #0000ff;\">INFORMAZIONE il canale su TELEGRAM informazione di prima mano e in tempo reale. iscriviti ed aiutaci a farlo conoscere\u00a0<\/span><\/p>\n<h2><\/h2>\n<blockquote class=\"wp-embedded-content\" data-secret=\"q0OT6pQOGR\"><p><a href=\"https:\/\/www.radiopiu.net\/wordpress\/i-racconti-di-paolo-soppelsa\/\">I racconti di Paolo Soppelsa<\/a><\/p><\/blockquote>\n<p><iframe loading=\"lazy\" class=\"wp-embedded-content\" sandbox=\"allow-scripts\" security=\"restricted\" style=\"position: absolute; clip: rect(1px, 1px, 1px, 1px);\" title=\"&#8220;I racconti di Paolo Soppelsa&#8221; &#8212; Radio Pi\u00f9\" src=\"https:\/\/www.radiopiu.net\/wordpress\/i-racconti-di-paolo-soppelsa\/embed\/#?secret=q0OT6pQOGR\" data-secret=\"q0OT6pQOGR\" width=\"600\" height=\"338\" frameborder=\"0\" marginwidth=\"0\" marginheight=\"0\" scrolling=\"no\"><\/iframe><\/p>\n<p>&nbsp;<\/p>\n<\/div>\n<\/div>\n<hr \/>\n<p>&nbsp;<\/p>\n<h2><strong><span style=\"color: #ff0000;\">ALLA RADIO<\/span><\/strong><\/h2>\n<div data-offset-key=\"5n5nl-0-0\">\n<h3>Per ricevere gli aggiornamenti in tempo reale delle notizie pubblicate alla radio e sul sito di radio pi\u00f9 iscriviti al gruppo RADIO PIU INFORMAZIONE su Telegram.\u00a0\u00a0<a href=\"https:\/\/t.me\/radiopiu\">clicca qui<\/a><\/h3>\n<p>&nbsp;<\/p>\n<\/div>\n<blockquote><p><strong><a href=\"https:\/\/www.radiopiu.net\/wordpress\/cassa-solidarieta-luxottica-puntata-del-19-giugno-2020\/cslxo-2\/\" rel=\"attachment wp-att-145244\"><img loading=\"lazy\" decoding=\"async\" class=\"size-medium wp-image-145244 alignleft\" src=\"https:\/\/www.radiopiu.net\/wordpress\/wp-content\/uploads\/2020\/06\/cassa-solidarieta-luxottica-300x148.jpg\" alt=\"\" width=\"300\" height=\"148\" srcset=\"https:\/\/www.radiopiu.net\/wordpress\/wp-content\/uploads\/2020\/06\/cassa-solidarieta-luxottica-300x148.jpg 300w, https:\/\/www.radiopiu.net\/wordpress\/wp-content\/uploads\/2020\/06\/cassa-solidarieta-luxottica-1024x504.jpg 1024w, https:\/\/www.radiopiu.net\/wordpress\/wp-content\/uploads\/2020\/06\/cassa-solidarieta-luxottica-768x378.jpg 768w, https:\/\/www.radiopiu.net\/wordpress\/wp-content\/uploads\/2020\/06\/cassa-solidarieta-luxottica.jpg 1167w\" sizes=\"auto, (max-width: 300px) 100vw, 300px\" \/><\/a>di Claudio Fontanive<\/strong><\/p>\n<p>OSPITI: Paolo Chissal\u00e8 e Fabrizio Campedel<\/p>\n<p>&nbsp;<\/p>\n<p><strong>PUNTATA MAGGIO 2021<\/strong><\/p>\n<audio class=\"wp-audio-shortcode\" id=\"audio-214112-13\" preload=\"none\" style=\"width: 100%;\" controls=\"controls\"><source type=\"audio\/mpeg\" src=\"https:\/\/www.radiopiu.net\/wordpress\/wp-content\/uploads\/2021\/05\/ca-sol-lux-maggio-2021.mp3?_=13\" \/><a href=\"https:\/\/www.radiopiu.net\/wordpress\/wp-content\/uploads\/2021\/05\/ca-sol-lux-maggio-2021.mp3\">https:\/\/www.radiopiu.net\/wordpress\/wp-content\/uploads\/2021\/05\/ca-sol-lux-maggio-2021.mp3<\/a><\/audio>\n<p>&nbsp;<\/p>\n<h2>RACCOLTA COMPLETA<\/h2>\n<\/blockquote>\n<blockquote class=\"wp-embedded-content\" data-secret=\"g5ldHGaizu\"><p><a href=\"https:\/\/www.radiopiu.net\/wordpress\/cassa-solidarieta-luxottica-puntata-del-16-ottobre-2020\/\">CASSA SOLIDARIET\u00c0 LUXOTTICA &#8211; TUTTE LE PUNTATE<\/a><\/p><\/blockquote>\n<p><iframe loading=\"lazy\" class=\"wp-embedded-content\" sandbox=\"allow-scripts\" security=\"restricted\" style=\"position: absolute; clip: rect(1px, 1px, 1px, 1px);\" title=\"&#8220;CASSA SOLIDARIET\u00c0 LUXOTTICA &#8211; TUTTE LE PUNTATE&#8221; &#8212; Radio Pi\u00f9\" src=\"https:\/\/www.radiopiu.net\/wordpress\/cassa-solidarieta-luxottica-puntata-del-16-ottobre-2020\/embed\/#?secret=g5ldHGaizu\" data-secret=\"g5ldHGaizu\" width=\"600\" height=\"338\" frameborder=\"0\" marginwidth=\"0\" marginheight=\"0\" scrolling=\"no\"><\/iframe><\/p>\n<div>\n<p>&nbsp;<\/p>\n<hr \/>\n<h2><span style=\"color: #ff6600;\">\u00a0<\/span><\/h2>\n<h2><span style=\"color: #ff6600;\">I PROFESSIONISTI DEL POLIAMBULATORIO AGORDINO RISPONDONO<\/span><\/h2>\n<p><span style=\"color: #0000ff;\"><strong>PUNTATA 01\u00a0<\/strong><\/span><\/p>\n<p><strong>IL POLIAMBULATORIO AGORDINO RISPONDE &#8211; LA PUNTATA DEL 26 MAGGIO 2021<\/strong><\/p>\n<audio class=\"wp-audio-shortcode\" id=\"audio-214112-14\" preload=\"none\" style=\"width: 100%;\" controls=\"controls\"><source type=\"audio\/mpeg\" src=\"https:\/\/www.radiopiu.net\/wordpress\/wp-content\/uploads\/2021\/05\/DILLO-A-RADIOPIU.mp3?_=14\" \/><a href=\"https:\/\/www.radiopiu.net\/wordpress\/wp-content\/uploads\/2021\/05\/DILLO-A-RADIOPIU.mp3\">https:\/\/www.radiopiu.net\/wordpress\/wp-content\/uploads\/2021\/05\/DILLO-A-RADIOPIU.mp3<\/a><\/audio>\n<p>\u200b<\/p>\n<hr \/>\n<p><strong><span style=\"color: #ff0000;\">\u00a0<\/span><\/strong><\/p>\n<h2><strong><span style=\"color: #ff0000;\">QUINDICINALE APPUNTAMENTO ALLA RADIO<\/span><\/strong><\/h2>\n<blockquote>\n<h3><a style=\"font-size: 14px; font-weight: normal;\" href=\"https:\/\/www.radiopiu.net\/wordpress\/giornale-radiopiu-06-febbraio-2019-direttore-mirko-mezzacasa\/logo_spi-cgil-800x445\/\" rel=\"attachment wp-att-75538\"><img loading=\"lazy\" decoding=\"async\" class=\"wp-image-75538 alignleft\" src=\"https:\/\/www.radiopiu.net\/wordpress\/wp-content\/uploads\/2019\/02\/Logo_Spi-CGIL-800x445-300x167.jpg\" alt=\"\" width=\"210\" height=\"117\" srcset=\"https:\/\/www.radiopiu.net\/wordpress\/wp-content\/uploads\/2019\/02\/Logo_Spi-CGIL-800x445-300x167.jpg 300w, https:\/\/www.radiopiu.net\/wordpress\/wp-content\/uploads\/2019\/02\/Logo_Spi-CGIL-800x445-768x427.jpg 768w, https:\/\/www.radiopiu.net\/wordpress\/wp-content\/uploads\/2019\/02\/Logo_Spi-CGIL-800x445.jpg 800w\" sizes=\"auto, (max-width: 210px) 100vw, 210px\" \/><\/a><\/h3>\n<\/blockquote>\n<blockquote>\n<h3>ALLA RADIO, APPUNTAMENTO QUINDICINALE CON SPI-CGIL BELLUNO, IN STUDIO MARIA RITA GENTILIN<\/h3>\n<\/blockquote>\n<p><strong>di Claudio Fontanive\u00a0<\/strong><\/p>\n<p><span style=\"color: #ff0000;\"><strong>PUNTATA DEL 27 MAGGIO 2021<br \/>\n<\/strong><\/span><\/p>\n<audio class=\"wp-audio-shortcode\" id=\"audio-214112-15\" preload=\"none\" style=\"width: 100%;\" controls=\"controls\"><source type=\"audio\/mpeg\" src=\"https:\/\/www.radiopiu.net\/wordpress\/wp-content\/uploads\/2021\/04\/spi-cgil-28-aprile.mp3?_=15\" \/><a href=\"https:\/\/www.radiopiu.net\/wordpress\/wp-content\/uploads\/2021\/04\/spi-cgil-28-aprile.mp3\">https:\/\/www.radiopiu.net\/wordpress\/wp-content\/uploads\/2021\/04\/spi-cgil-28-aprile.mp3<\/a><\/audio>\n<p>&nbsp;<\/p>\n<\/div>\n<p>&nbsp;<\/p>\n<hr \/>\n<\/div>\n<blockquote>\n<blockquote>\n<h2><a href=\"https:\/\/www.radiopiu.net\/wordpress\/speciale-solidarieta-veneto\/solidarieta-veneto-3\/\" rel=\"attachment wp-att-134366\">\u00a0<\/a><\/h2>\n<h2><a href=\"https:\/\/www.radiopiu.net\/wordpress\/speciale-solidarieta-veneto\/solidarieta-veneto-3\/\" rel=\"attachment wp-att-134366\"><img loading=\"lazy\" decoding=\"async\" class=\"wp-image-134366 alignleft\" src=\"https:\/\/www.radiopiu.net\/wordpress\/wp-content\/uploads\/2020\/05\/solidariet\u00e0-veneto-300x210.jpg\" alt=\"\" width=\"102\" height=\"71\" srcset=\"https:\/\/www.radiopiu.net\/wordpress\/wp-content\/uploads\/2020\/05\/solidariet\u00e0-veneto-300x210.jpg 300w, https:\/\/www.radiopiu.net\/wordpress\/wp-content\/uploads\/2020\/05\/solidariet\u00e0-veneto-1024x717.jpg 1024w, https:\/\/www.radiopiu.net\/wordpress\/wp-content\/uploads\/2020\/05\/solidariet\u00e0-veneto-768x538.jpg 768w, https:\/\/www.radiopiu.net\/wordpress\/wp-content\/uploads\/2020\/05\/solidariet\u00e0-veneto.jpg 1373w\" sizes=\"auto, (max-width: 102px) 100vw, 102px\" \/><\/a>SOLIDARIETA&#8217; VENETO FONDO PENSIONE, IN ONDA IL PRIMO VENERDI DEL MESE ALLE 10.30 E ALLE 19.00 QUINTA STAGIONE<\/h2>\n<\/blockquote>\n<h2><strong><span style=\"color: #ff0000;\">AUDIO MAGGIO 2021<\/span><\/strong><\/h2>\n<\/blockquote>\n<div>\n<audio class=\"wp-audio-shortcode\" id=\"audio-214112-16\" preload=\"none\" style=\"width: 100%;\" controls=\"controls\"><source type=\"audio\/mpeg\" src=\"https:\/\/www.radiopiu.net\/wordpress\/wp-content\/uploads\/2021\/05\/solidarieta-veneto-maggio-2021.mp3?_=16\" \/><a href=\"https:\/\/www.radiopiu.net\/wordpress\/wp-content\/uploads\/2021\/05\/solidarieta-veneto-maggio-2021.mp3\">https:\/\/www.radiopiu.net\/wordpress\/wp-content\/uploads\/2021\/05\/solidarieta-veneto-maggio-2021.mp3<\/a><\/audio>\n<\/div>\n<h2>LA RACCOLTA COMPLETA<\/h2>\n<blockquote class=\"wp-embedded-content\" data-secret=\"sraPFByk5f\"><p><a href=\"https:\/\/www.radiopiu.net\/wordpress\/solidarieta-veneto\/\">Solidariet\u00e0 Veneto<\/a><\/p><\/blockquote>\n<p><iframe loading=\"lazy\" class=\"wp-embedded-content\" sandbox=\"allow-scripts\" security=\"restricted\" style=\"position: absolute; clip: rect(1px, 1px, 1px, 1px);\" title=\"&#8220;Solidariet\u00e0 Veneto&#8221; &#8212; Radio Pi\u00f9\" src=\"https:\/\/www.radiopiu.net\/wordpress\/solidarieta-veneto\/embed\/#?secret=sraPFByk5f\" data-secret=\"sraPFByk5f\" width=\"600\" height=\"338\" frameborder=\"0\" marginwidth=\"0\" marginheight=\"0\" scrolling=\"no\"><\/iframe><\/p>\n<blockquote>\n<h2><\/h2>\n<h2><\/h2>\n<\/blockquote>\n<div>\n<hr \/>\n<\/div>\n<div class=\"page-title-head hgroup\">\n<div>\n<p>&nbsp;<\/p>\n<h2><span style=\"color: #ff0000;\">MUSLA, CON LA NUOVA GENERAZIONE LINGUE, USI, COSTUMI , raccolta completa<\/span><\/h2>\n<blockquote class=\"wp-embedded-content\" data-secret=\"KsJazLydP3\"><p><a href=\"https:\/\/www.radiopiu.net\/wordpress\/agora-agordina-la-nosta-piaza\/\">AGORA&#8217; AGORDINA&#8230; LA NOSTA PIAZA LADINA RACCOLTA COMPLETA PRIMA STAGIONE<\/a><\/p><\/blockquote>\n<p><iframe loading=\"lazy\" class=\"wp-embedded-content\" sandbox=\"allow-scripts\" security=\"restricted\" style=\"position: absolute; clip: rect(1px, 1px, 1px, 1px);\" title=\"&#8220;AGORA&#8217; AGORDINA&#8230; LA NOSTA PIAZA LADINA RACCOLTA COMPLETA PRIMA STAGIONE&#8221; &#8212; Radio Pi\u00f9\" src=\"https:\/\/www.radiopiu.net\/wordpress\/agora-agordina-la-nosta-piaza\/embed\/#?secret=KsJazLydP3\" data-secret=\"KsJazLydP3\" width=\"600\" height=\"338\" frameborder=\"0\" marginwidth=\"0\" marginheight=\"0\" scrolling=\"no\"><\/iframe><\/p>\n<p>&nbsp;<\/p>\n<div class=\"b654a4as d2edcug0\">\n<div dir=\"auto\">\n<h1><\/h1>\n<hr \/>\n<p>&nbsp;<\/p>\n<div>\n<h2><span style=\"color: #ff0000;\">LEGGERMENTE BELLUNESI CON LUISA ALCHINI la raccolta completa<\/span><\/h2>\n<\/div>\n<div>\n<blockquote class=\"wp-embedded-content\" data-secret=\"kvDJBiQi8V\"><p><a href=\"https:\/\/www.radiopiu.net\/wordpress\/leggermente-20\/\">LEGGERmente&#8230;Bellunesi<\/a><\/p><\/blockquote>\n<p><iframe loading=\"lazy\" class=\"wp-embedded-content\" sandbox=\"allow-scripts\" security=\"restricted\" style=\"position: absolute; clip: rect(1px, 1px, 1px, 1px);\" title=\"&#8220;LEGGERmente&#8230;Bellunesi&#8221; &#8212; Radio Pi\u00f9\" src=\"https:\/\/www.radiopiu.net\/wordpress\/leggermente-20\/embed\/#?secret=kvDJBiQi8V\" data-secret=\"kvDJBiQi8V\" width=\"600\" height=\"338\" frameborder=\"0\" marginwidth=\"0\" marginheight=\"0\" scrolling=\"no\"><\/iframe><\/p>\n<\/div>\n<\/div>\n<p>&nbsp;<\/p>\n<hr \/>\n<p>&nbsp;<\/p>\n<h2><span style=\"color: #ff0000;\">GOCCE DI FILOSOFIA, CON CHIARA CAU, CON LISA DE LUCA la raccolta completa<\/span><\/h2>\n<blockquote class=\"wp-embedded-content\" data-secret=\"n1PrbGxsiI\"><p><a href=\"https:\/\/www.radiopiu.net\/wordpress\/gocce-filosofia\/\">Gocce di filosofia<\/a><\/p><\/blockquote>\n<p><iframe loading=\"lazy\" class=\"wp-embedded-content\" sandbox=\"allow-scripts\" security=\"restricted\" style=\"position: absolute; clip: rect(1px, 1px, 1px, 1px);\" title=\"&#8220;Gocce di filosofia&#8221; &#8212; Radio Pi\u00f9\" src=\"https:\/\/www.radiopiu.net\/wordpress\/gocce-filosofia\/embed\/#?secret=n1PrbGxsiI\" data-secret=\"n1PrbGxsiI\" width=\"600\" height=\"338\" frameborder=\"0\" marginwidth=\"0\" marginheight=\"0\" scrolling=\"no\"><\/iframe><\/p>\n<p>&nbsp;<\/p>\n<p>&nbsp;<\/p>\n<p>&nbsp;<\/p>\n<p>&nbsp;<\/p>\n<hr \/>\n<\/div>\n<\/div>\n<p>&nbsp;<\/p>\n<p><a href=\"https:\/\/www.radiopiu.net\/wordpress\/giornale-radiopiu-26-settembre-2018-direttore-mirko-mezzacasa\/viabilita-2\/\" rel=\"attachment wp-att-61954\"><img loading=\"lazy\" decoding=\"async\" class=\"wp-image-61954 size-full aligncenter\" src=\"https:\/\/www.radiopiu.net\/wordpress\/wp-content\/uploads\/2018\/09\/viabilita.jpeg\" alt=\"\" width=\"800\" height=\"100\" srcset=\"https:\/\/www.radiopiu.net\/wordpress\/wp-content\/uploads\/2018\/09\/viabilita.jpeg 800w, https:\/\/www.radiopiu.net\/wordpress\/wp-content\/uploads\/2018\/09\/viabilita-300x38.jpeg 300w, https:\/\/www.radiopiu.net\/wordpress\/wp-content\/uploads\/2018\/09\/viabilita-768x96.jpeg 768w\" sizes=\"auto, (max-width: 800px) 100vw, 800px\" \/><\/a><\/p>\n<blockquote><p><a href=\"https:\/\/www.radiopiu.net\/wordpress\/giornale-radiopiu-09-agosto-2018-direttore-mirko-mezzacasa\/viabilia\/\" rel=\"attachment wp-att-57053\"><img loading=\"lazy\" decoding=\"async\" class=\" wp-image-57053 alignleft\" src=\"https:\/\/www.radiopiu.net\/wordpress\/wp-content\/uploads\/2018\/08\/VIABILIA-300x180.jpeg\" alt=\"\" width=\"220\" height=\"132\" srcset=\"https:\/\/www.radiopiu.net\/wordpress\/wp-content\/uploads\/2018\/08\/VIABILIA-300x180.jpeg 300w, https:\/\/www.radiopiu.net\/wordpress\/wp-content\/uploads\/2018\/08\/VIABILIA-768x461.jpeg 768w, https:\/\/www.radiopiu.net\/wordpress\/wp-content\/uploads\/2018\/08\/VIABILIA-1024x614.jpeg 1024w, https:\/\/www.radiopiu.net\/wordpress\/wp-content\/uploads\/2018\/08\/VIABILIA.jpeg 1280w\" sizes=\"auto, (max-width: 220px) 100vw, 220px\" \/><\/a>La viabilit\u00e0 con gli ultimi aggiornamenti da Veneto Strade.<\/p>\n<p><span style=\"color: #ff0000;\"><strong>in onda alla radio: 4.05, 6.18, 14 30 , 18.30, 23.25\u00a0<\/strong><\/span><\/p><\/blockquote>\n<\/div>\n<div>\n<audio class=\"wp-audio-shortcode\" id=\"audio-214112-17\" preload=\"none\" style=\"width: 100%;\" controls=\"controls\"><source type=\"audio\/mpeg\" src=\"https:\/\/www.radiopiu.net\/wordpress\/wp-content\/uploads\/2021\/06\/VIABILITA-1.mp3?_=17\" \/><a href=\"https:\/\/www.radiopiu.net\/wordpress\/wp-content\/uploads\/2021\/06\/VIABILITA-1.mp3\">https:\/\/www.radiopiu.net\/wordpress\/wp-content\/uploads\/2021\/06\/VIABILITA-1.mp3<\/a><\/audio>\n<\/div>\n<div><\/div>\n<\/div>\n<\/div>\n<\/div>\n<\/div>\n<p>&nbsp;<\/p>\n<p>&nbsp;<\/p>\n<\/div>\n<\/div>\n<hr \/>\n<p>&nbsp;<\/p>\n<\/div>\n<\/div>\n<div>\n<div class=\"page-title-head hgroup\">\n<div class=\"page-title-head hgroup\">\n<div dir=\"auto\">\n<p><a class=\"dt-pswp-item pspw-wrap-ready\" href=\"https:\/\/i0.wp.com\/www.radiopiu.net\/wordpress\/wp-content\/uploads\/2018\/09\/WhatsApp-Image-2018-09-20-at-16.04.06.jpeg?ssl=1\" data-dt-img-description=\"\" data-large_image_width=\"800\" data-large_image_height=\"100\"><img loading=\"lazy\" decoding=\"async\" class=\"aligncenter wp-image-61378 size-full jetpack-lazy-image jetpack-lazy-image--handled\" src=\"https:\/\/i0.wp.com\/www.radiopiu.net\/wordpress\/wp-content\/uploads\/2018\/09\/WhatsApp-Image-2018-09-20-at-16.04.06.jpeg?resize=800%2C100&amp;ssl=1\" sizes=\"auto, (max-width: 800px) 100vw, 800px\" srcset=\"https:\/\/i0.wp.com\/www.radiopiu.net\/wordpress\/wp-content\/uploads\/2018\/09\/WhatsApp-Image-2018-09-20-at-16.04.06.jpeg?w=800&amp;ssl=1 800w, https:\/\/i0.wp.com\/www.radiopiu.net\/wordpress\/wp-content\/uploads\/2018\/09\/WhatsApp-Image-2018-09-20-at-16.04.06.jpeg?resize=300%2C38&amp;ssl=1 300w, https:\/\/i0.wp.com\/www.radiopiu.net\/wordpress\/wp-content\/uploads\/2018\/09\/WhatsApp-Image-2018-09-20-at-16.04.06.jpeg?resize=768%2C96&amp;ssl=1 768w\" alt=\"\" width=\"800\" height=\"100\" data-lazy-loaded=\"1\" \/><\/a><\/p>\n<div>\n<p>&nbsp;<\/p>\n<p><center><b>Domenica 6<\/b><\/center><b>Tempo atteso: <\/b>Nottetempo eventuale residua instabilit\u00e0, specie sulle Prealpi. Al mattino tratti soleggiati e annuvolamenti cumuliformi irregolari, i primi pi\u00f9 frequenti sulle Dolomiti, mentre la nuvolosit\u00e0 sar\u00e0 predominante sulle Prealpi, dove una sporadica instabilit\u00e0 sar\u00e0 un po&#8217; pi\u00f9 presente. Al pomeriggio crescente attivit\u00e0 cumuliforme e ripresa dell&#8217;instabilit\u00e0, contenuta e sporadica sulle Dolomiti, pi\u00f9 intensa e diffusa sulle Prealpi. Attenuazione del caldo avvertito venerd\u00ec e sabato.<br \/>\n<b>Precipitazioni: <\/b>Nella notte probabilit\u00e0 di rovesci o temporali (40\/50%), specie sulle Prealpi. Al mattino probabilit\u00e0 assai contenuta sulle Dolomiti (10\/20%) e maggiore sulle Prealpi (30\/50%). Al pomeriggio aumento del rischio di rovesci e temporali (60\/70%). Un po&#8217; di neve cadr\u00e0 sulle cime dolomitiche pi\u00f9 alte. I cumuli di pioggia saranno molto variabili, presumibilmente minori rispetto a sabato, specie sulle Dolomiti.<br \/>\n<b>Temperature: <\/b>In generale lieve flessione. Sono previste punte massime di 21\/22\u00b0C nei fondovalle prealpini e di 17\/19\u00b0C a 1000\/1200 m. Su Prealpi a 1500 m min 10\u00b0C max 13\u00b0C, a 2000 m min 8 max 11\u00b0C. Su Dolomiti a 2000 m min 7\u00b0C max 10\u00b0C, a 3000 m min 0\u00b0C max 2\u00b0C.<br \/>\n<b>Venti: <\/b>Nelle valli deboli\/moderati per brezze ed eventuali rinforzi per raffiche in corrispondenza dei temporali; in quota deboli da nord-est al mattino e moderati al pomeriggio, a 5-10 km\/h a 2000 m e 5-15 km\/h a 3000 m.<\/p>\n<hr \/>\n<p><center><b>Lunedi 7<\/b><\/center><b>Tempo atteso: <\/b>Schiarite e nuvolosit\u00e0 irregolare al mattino, senza escludere qualche precoce e sporadico fenomeno. Al pomeriggio maggiore nuvolosit\u00e0 cumuliforme con addensamenti e nuovi rovesci e temporali. Il contesto termico rimarr\u00e0 piacevole, nonostante il deficit di sole per nuvolosit\u00e0 predominante ed effettiva instabilit\u00e0.<br \/>\n<b>Precipitazioni: <\/b>Al mattino qualche fenomeno sparso (30\/40%). Al pomeriggio nuovi rovesci e temporali sparsi (50\/70%) in un contesto leggermente meno instabile rispetto al weekend. I rovesci saranno nevosi oltre i 3100 m.<br \/>\n<b>Temperature: <\/b>Pressoch\u00e9 stazionarie in quota, mentre nelle valli l&#8217;andamento termico dipender\u00e0 dalla presenza di nubi o meno nella notte e dall&#8217;entit\u00e0 del soleggiamento in giornata.. Su Prealpi a 1500 m min 10\u00b0C max 13\u00b0C, a 2000 m min 8 max 11\u00b0C. Su Dolomiti a 2000 m min 7\u00b0C max 10\u00b0C, a 3000 m min 0\u00b0C max 2\u00b0C.<br \/>\n<b>Venti: <\/b>Nelle valli deboli\/moderati per brezze ed eventuali rinforzi per raffiche in corrispondenza dei temporali; in quota generalmente deboli da nord-est, a 5-10 km\/h a 2000 m e 10-15 km\/h a 3000 m.<\/p>\n<hr \/>\n<p><center><b>Martedi 8<\/b><\/center>Maggiormente soleggiato e minore attivit\u00e0 cumuliforme, pur conservando un leggero rischio di fenomeni convettivi, pi\u00f9 probabile sulle Prealpi che non sulle Dolomiti, dove affluir\u00e0 aria pi\u00f9 secca. Temperature minime in leggero calo e massime in lieve ripresa, perlopi\u00f9 nella media del periodo. Venti deboli dai quadranti settentrionali in quota; perlopi\u00f9 deboli per brezze nelle valli, a tratti e localmente moderati nei settori solitamente pi\u00f9 ventilati.<\/p>\n<hr \/>\n<p><center><b>Mercoledi 9<\/b><\/center>Sempre pi\u00f9 soleggiato e nuvolosit\u00e0 un po&#8217; meno presente, anche se gli addensamenti saranno presenti al pomeriggio e saranno occasionalmente associati a qualche fenomeno convettiva, piuttosto raro sulle Dolomiti e locale sulle Prealpi. Temperature in generale lieve calo, eccetto rialzo delle massime nelle valli per maggiore presenza di sole. Venti deboli per brezze nelle valli, localmente e a tratti moderati nei settori solitamente pi\u00f9 ventilati; in quota deboli da nord-ovest. Previsore: R.L.Th.<\/p>\n<p>&nbsp;<\/p>\n<p>&nbsp;<\/p>\n<hr \/>\n<\/div>\n<p>&nbsp;<\/p>\n<\/div>\n<div dir=\"auto\"><\/div>\n<\/div>\n<\/div>\n<p><a href=\"https:\/\/www.radiopiu.net\/wordpress\/giornale-radiopiu-15-settembre-2018-direttore-mirko-mezzacasa\/sport-7\/\" rel=\"attachment wp-att-60761\"><img loading=\"lazy\" decoding=\"async\" class=\"aligncenter wp-image-60761 size-full\" src=\"https:\/\/www.radiopiu.net\/wordpress\/wp-content\/uploads\/2018\/09\/sport.jpg\" alt=\"\" width=\"800\" height=\"100\" srcset=\"https:\/\/www.radiopiu.net\/wordpress\/wp-content\/uploads\/2018\/09\/sport.jpg 800w, https:\/\/www.radiopiu.net\/wordpress\/wp-content\/uploads\/2018\/09\/sport-300x38.jpg 300w, https:\/\/www.radiopiu.net\/wordpress\/wp-content\/uploads\/2018\/09\/sport-768x96.jpg 768w\" sizes=\"auto, (max-width: 800px) 100vw, 800px\" \/><\/a><\/p>\n<p>&nbsp;<\/p>\n<blockquote>\n<h1>IL FINE SETTIMANA DI\u00a0 ANDREA FONTANA<\/h1>\n<\/blockquote>\n<\/div>\n<p><strong>\u00a0Ieri\u00a0 \u00a0qualifiche European Le Mans Series al Paul Richard, Le castellet&#x1f1eb;&#x1f1f7; Jody Fannin,\u00a0 a scelta di andare in qualifica con la mescola di gomme medie non ha pagato, domani si punta ad una gara in rimonta, anche se le alte temperature della pista non la renderanno facile!<\/strong><\/p>\n<p>&nbsp;<\/p>\n<p><iframe loading=\"lazy\" title=\"LIVE EN - Qualifications - 4 Hours of Le Castellet 2021\" width=\"1200\" height=\"675\" src=\"https:\/\/www.youtube.com\/embed\/4wxcyp9_gZM?feature=oembed\" frameborder=\"0\" allow=\"accelerometer; autoplay; clipboard-write; encrypted-media; gyroscope; picture-in-picture\" allowfullscreen><\/iframe><\/p>\n<\/div>\n","protected":false},"excerpt":{"rendered":"<p>PER\u00a0RICEVERE QUESTO NOTIZIARIO DIRETTAMENTE SUL TUO CELLULARE ISCRIVITI AL CANALE TELEGRAM\u00a0\u201cRADIO PIU\u00a0 INFORMAZIONE\u201d\u00a0 \u00a0 \u00a0 &nbsp; &nbsp; APP PER IOS-IPHONE di Nicola Vettorello https:\/\/apps.apple.com\/it\/app\/radio-pi%C3%B9-emittente-agordina\/id1515939845 ATTENZIONE: LA NUOVA APP RADIO\u00a0 PER ANDROID di Nicola Vettorello https:\/\/play.google.com\/store\/apps\/details?id=net.radiopiu.iniko &nbsp; &nbsp; &nbsp; &nbsp; DALLA MEZZANOTTE DI NUOVO CHIUSA LA PROVINCIALE 2 DEL MIS PER CADUTA SASSI Aggiornamento al 06\/06\/2021&hellip;<\/p>\n","protected":false},"author":4,"featured_media":214198,"comment_status":"closed","ping_status":"open","sticky":false,"template":"","format":"standard","meta":{"_monsterinsights_skip_tracking":false,"_monsterinsights_sitenote_active":false,"_monsterinsights_sitenote_note":"","_monsterinsights_sitenote_category":0,"footnotes":""},"categories":[1,51,86,49],"tags":[],"class_list":["post-214112","post","type-post","status-publish","format-standard","has-post-thumbnail","hentry","category-senza-categoria","category-evidenza-top","category-gr","category-news-18","category-1","category-51","category-86","category-49","description-off"],"img_url":"https:\/\/www.radiopiu.net\/wordpress\/wp-content\/uploads\/2021\/06\/IMG-20210603-WA0014.jpg","_links":{"self":[{"href":"https:\/\/www.radiopiu.net\/wordpress\/wp-json\/wp\/v2\/posts\/214112","targetHints":{"allow":["GET"]}}],"collection":[{"href":"https:\/\/www.radiopiu.net\/wordpress\/wp-json\/wp\/v2\/posts"}],"about":[{"href":"https:\/\/www.radiopiu.net\/wordpress\/wp-json\/wp\/v2\/types\/post"}],"author":[{"embeddable":true,"href":"https:\/\/www.radiopiu.net\/wordpress\/wp-json\/wp\/v2\/users\/4"}],"replies":[{"embeddable":true,"href":"https:\/\/www.radiopiu.net\/wordpress\/wp-json\/wp\/v2\/comments?post=214112"}],"version-history":[{"count":0,"href":"https:\/\/www.radiopiu.net\/wordpress\/wp-json\/wp\/v2\/posts\/214112\/revisions"}],"wp:featuredmedia":[{"embeddable":true,"href":"https:\/\/www.radiopiu.net\/wordpress\/wp-json\/wp\/v2\/media\/214198"}],"wp:attachment":[{"href":"https:\/\/www.radiopiu.net\/wordpress\/wp-json\/wp\/v2\/media?parent=214112"}],"wp:term":[{"taxonomy":"category","embeddable":true,"href":"https:\/\/www.radiopiu.net\/wordpress\/wp-json\/wp\/v2\/categories?post=214112"},{"taxonomy":"post_tag","embeddable":true,"href":"https:\/\/www.radiopiu.net\/wordpress\/wp-json\/wp\/v2\/tags?post=214112"}],"curies":[{"name":"wp","href":"https:\/\/api.w.org\/{rel}","templated":true}]}}