{"id":214228,"date":"2021-06-05T18:12:29","date_gmt":"2021-06-05T16:12:29","guid":{"rendered":"https:\/\/www.radiopiu.net\/wordpress\/?p=214228"},"modified":"2021-06-06T07:45:34","modified_gmt":"2021-06-06T05:45:34","slug":"vaccini-boom-di-prenotazioni-under-20-e-trentenni","status":"publish","type":"post","link":"https:\/\/www.radiopiu.net\/wordpress\/vaccini-boom-di-prenotazioni-under-20-e-trentenni\/","title":{"rendered":"VACCINI, BOOM DI PRENOTAZIONI UNDER 20 E TRENTENNI"},"content":{"rendered":"<p><strong><a href=\"https:\/\/www.radiopiu.net\/wordpress\/come-si-e-preparata-la-ulss-1-dolomiti-per-il-v-day\/vaccino-covid\/\" rel=\"attachment wp-att-181587\"><img loading=\"lazy\" decoding=\"async\" class=\"size-medium wp-image-181587 alignleft\" src=\"https:\/\/www.radiopiu.net\/wordpress\/wp-content\/uploads\/2020\/12\/VACCINO-COVID-300x212.jpg\" alt=\"\" width=\"300\" height=\"212\" srcset=\"https:\/\/www.radiopiu.net\/wordpress\/wp-content\/uploads\/2020\/12\/VACCINO-COVID-300x212.jpg 300w, https:\/\/www.radiopiu.net\/wordpress\/wp-content\/uploads\/2020\/12\/VACCINO-COVID-1024x724.jpg 1024w, https:\/\/www.radiopiu.net\/wordpress\/wp-content\/uploads\/2020\/12\/VACCINO-COVID-768x543.jpg 768w, https:\/\/www.radiopiu.net\/wordpress\/wp-content\/uploads\/2020\/12\/VACCINO-COVID-1536x1086.jpg 1536w, https:\/\/www.radiopiu.net\/wordpress\/wp-content\/uploads\/2020\/12\/VACCINO-COVID.jpg 1920w\" sizes=\"auto, (max-width: 300px) 100vw, 300px\" \/><\/a>VENEZIA <\/strong>\u201c<em>I giovani si confermano ancora gli outsider del COVID 19, perch\u00e9 lo hanno dimostrato nel periodo del lockdown, lo hanno dimostrato nelle tante scelte che abbiamo preso tutti insieme come comunit\u00e0. In questo periodo difficile della pandemia, i giovani sono stati i pi\u00f9 rispettosi delle regole ma anche quelli che hanno sofferto maggiormente a causa delle restrizioni. Ora, con la campagna vaccinale, stanno ancora una volta dimostrando di essere responsabili, prendendola davvero di petto. I miei complimenti ai ragazzi perch\u00e9 vedo un futuro rappresentato da una comunit\u00e0 giovanile veramente in gamba<\/em>\u201d. Non nasconde il suo compiacimento il Presidente della Regione Veneto, Luca Zaia, di fronte ai numeri sui giovani e giovanissimi che si sono vaccinati contro il COVID 19 dal 3 giugno scorso, giorno in cui sono stati aperti gli slot anche per loro, fino alle ore 16.00 di oggi. Dalle 00.01 del 3 di giugno ad oggi pomeriggio sono 375.793 le persone che si sono prenotate per la vaccinazione anti Covid-19, dopo il boom nella prima giornata con oltre 284mila click. Ad accedere al portale della Regione sono stati soprattutto gli under 20 e i trentenni: complessivamente tra i nati nel 2000 e il 2004 sono stati 72.339 i giovani che hanno aderito alla campagna vaccinale. Elevato anche il numero dei \u201cgiovanissimi\u201d, la classe dal 2005 al 2009 che sono stati 30.722. Tra i 21 e i 12 anni a richiedere la prima dose sono 103.061. I trentenni sono 138.092. La classe d\u2019et\u00e0 pi\u00f9 rappresentata \u00e8 quella dei nati nel 2000 (16.276), seguita da chi \u00e8 nato nel 1999 (15.964 e nel 1998 (15.773). Un dato, che sommato al precedente fa ben sperare per un inizio di anno scolastico sia nelle Scuole Medie sia all\u2019Universit\u00e0, all\u2019insegna della sicurezza. Merita comunque di essere segnalata anche la \u201ccorsa\u201d dei quarantenni che da quando \u00e8 stata aperta la vaccinazione alla loro categoria continuano a iscriversi ogni giorno. Anche durante il fine settimana il portale continuer\u00e0 a ricevere le prenotazioni, sulla base delle dosi che sono disponibili.<\/p>\n<h3>LA SITUAZIONE CON OPERATORI DEL TURISMO E CENTRI ESTIVI<\/h3>\n<p>Sono quasi 6000 gli operatori del turismo e dei centri estivi che si sono prenotati alle slot, aperte dalle Ulss venete, a partire da ieri, venerd\u00ec 4 giugno. Entrambe le categorie hanno aderito massicciamente alla proposta di prenotazione: il caso pi\u00f9 eclatante \u00e8 quello della Ulss 3 Serenissima che, in poco tempo dall\u2019apertura delle slot, ha terminato tutti i posti a disposizione, ben 1702. Buonissima l\u2019adesione anche alla Ulss 4 con 1505 prenotazioni, alla Ulss 5 con 1364 e alla Ulss 9 con 663 e nelle Ulss che riterranno di aprire ulteriori slot. Si registrano ancora disponibilit\u00e0 per gli operatori che desiderassero vaccinarsi nei territori di Belluno, Padova, Rovigo, Verona, Pedemontana.<\/p>\n<p>&nbsp;<\/p>\n<p>&nbsp;<\/p>\n<p>&nbsp;<\/p>\n<p>***<\/p>\n","protected":false},"excerpt":{"rendered":"<p>VENEZIA \u201cI giovani si confermano ancora gli outsider del COVID 19, perch\u00e9 lo hanno dimostrato nel periodo del lockdown, lo hanno dimostrato nelle tante scelte che abbiamo preso tutti insieme come comunit\u00e0. In questo periodo difficile della pandemia, i giovani sono stati i pi\u00f9 rispettosi delle regole ma anche quelli che hanno sofferto maggiormente a&hellip;<\/p>\n","protected":false},"author":4,"featured_media":181587,"comment_status":"closed","ping_status":"open","sticky":false,"template":"","format":"standard","meta":{"_monsterinsights_skip_tracking":false,"_monsterinsights_sitenote_active":false,"_monsterinsights_sitenote_note":"","_monsterinsights_sitenote_category":0,"footnotes":""},"categories":[1,51,49],"tags":[],"class_list":["post-214228","post","type-post","status-publish","format-standard","has-post-thumbnail","hentry","category-senza-categoria","category-evidenza-top","category-news-18","category-1","category-51","category-49","description-off"],"img_url":"https:\/\/www.radiopiu.net\/wordpress\/wp-content\/uploads\/2020\/12\/VACCINO-COVID.jpg","_links":{"self":[{"href":"https:\/\/www.radiopiu.net\/wordpress\/wp-json\/wp\/v2\/posts\/214228","targetHints":{"allow":["GET"]}}],"collection":[{"href":"https:\/\/www.radiopiu.net\/wordpress\/wp-json\/wp\/v2\/posts"}],"about":[{"href":"https:\/\/www.radiopiu.net\/wordpress\/wp-json\/wp\/v2\/types\/post"}],"author":[{"embeddable":true,"href":"https:\/\/www.radiopiu.net\/wordpress\/wp-json\/wp\/v2\/users\/4"}],"replies":[{"embeddable":true,"href":"https:\/\/www.radiopiu.net\/wordpress\/wp-json\/wp\/v2\/comments?post=214228"}],"version-history":[{"count":0,"href":"https:\/\/www.radiopiu.net\/wordpress\/wp-json\/wp\/v2\/posts\/214228\/revisions"}],"wp:featuredmedia":[{"embeddable":true,"href":"https:\/\/www.radiopiu.net\/wordpress\/wp-json\/wp\/v2\/media\/181587"}],"wp:attachment":[{"href":"https:\/\/www.radiopiu.net\/wordpress\/wp-json\/wp\/v2\/media?parent=214228"}],"wp:term":[{"taxonomy":"category","embeddable":true,"href":"https:\/\/www.radiopiu.net\/wordpress\/wp-json\/wp\/v2\/categories?post=214228"},{"taxonomy":"post_tag","embeddable":true,"href":"https:\/\/www.radiopiu.net\/wordpress\/wp-json\/wp\/v2\/tags?post=214228"}],"curies":[{"name":"wp","href":"https:\/\/api.w.org\/{rel}","templated":true}]}}