{"id":214281,"date":"2021-06-07T05:55:51","date_gmt":"2021-06-07T03:55:51","guid":{"rendered":"https:\/\/www.radiopiu.net\/wordpress\/?p=214281"},"modified":"2021-06-07T06:05:08","modified_gmt":"2021-06-07T04:05:08","slug":"incendio-di-canazei-una-ferita-da-sanare-lammministrazione-comunale-ce","status":"publish","type":"post","link":"https:\/\/www.radiopiu.net\/wordpress\/incendio-di-canazei-una-ferita-da-sanare-lammministrazione-comunale-ce\/","title":{"rendered":"INCENDIO DI CANAZEI UNA FERITA DA SANARE, L&#8217;AMMMINISTRAZIONE COMUNALE C&#8217;E&#8217;"},"content":{"rendered":"<p><strong><a href=\"https:\/\/www.radiopiu.net\/wordpress\/giornale-radiopiu-26-marzo-2018-direttore-mirko-mezzacasa\/paolo_frena\/\" rel=\"attachment wp-att-45409\"><img loading=\"lazy\" decoding=\"async\" class=\"size-medium wp-image-45409 alignleft\" src=\"https:\/\/www.radiopiu.net\/wordpress\/wp-content\/uploads\/2018\/03\/paolo_frena-263x300.jpg\" alt=\"\" width=\"263\" height=\"300\" srcset=\"https:\/\/www.radiopiu.net\/wordpress\/wp-content\/uploads\/2018\/03\/paolo_frena-263x300.jpg 263w, https:\/\/www.radiopiu.net\/wordpress\/wp-content\/uploads\/2018\/03\/paolo_frena-768x877.jpg 768w, https:\/\/www.radiopiu.net\/wordpress\/wp-content\/uploads\/2018\/03\/paolo_frena.jpg 774w\" sizes=\"auto, (max-width: 263px) 100vw, 263px\" \/><\/a>COLLE SANTA LUCIA<\/strong> Il messaggio del sindaco Paolo Frena dopo il furioso incendio che ha devastato la frazione Canazei.<\/p>\n<blockquote><p><em>Rappresentava uno dei luoghi simbolo del nostro comune, dove l\u2019amministrazione comunale stava lavorando per ultimare i lavori del post Vaia, per ridare a questo angolo di paese quell\u2019antico splendore ma anche la funzionalit\u00e0 dal punto di vista logistico per coloro che ci abitano stabilmente. Tutto questo anche per dare dei servizi migliori ai tanti turisti che volevano godere di uno splendido ed appagante panorama, in un ambiente incontaminato ma soprattutto ancora vissuto e \u201cpresidiato\u201d. Luogo caratteristico della nostra cultura ladina, crocevia e base di partenza di numerosi percorsi verso il monte Pore, la strada de la Vena ed il castello di Andraz, le miniere del Fursil, l\u2019alta via dell\u2019orso. Localit\u00e0 dove nel 2018 la tempesta Vaia ha lasciato una pesante eredit\u00e0 che lentamente stavamo lasciandoci alle spalle. Tutto questo ora \u00e8 stato seriamente compromesso dal devastante incendio, che venerd\u00ec pomeriggio ha distrutto buona parte di questo patrimonio caratterizzato da elementi architettonici di grande pregio. Incendio che poteva avere dei risvolti ben pi\u00f9 gravi, se non fosse stato contenuto e controllato ed infine domato dai nostri instancabili Vigili del Fuoco volontari dei distaccamenti di Colle, Selva-Livinallongo-Rocca e Alleghe ai quali si sono aggiunti i VVFF permanenti di Agordo. Un ringraziamento particolare quindi, da parte mia e dell\u2019amministrazione comunale di Colle S. Lucia anche a nome degli sfortunati residenti e non della frazione di Canazei, a tutti voi che con dedizione e grandi sacrifici dedicate al volontariato \u201cistituzionale\u201d parte del vostro tempo con l\u2019obiettivo di aiutare noi pubblici amministratori a contenere il disagio dei nostri cittadini. Un ringraziamento anche ai VVFF permanenti, riconosciuti da tutti ormai come capisaldi nella gestione delle emergenze che sempre pi\u00f9 frequentemente interessano i nostri territori e la nostra popolazione. Un grazie di cuore anche ai volontari della Croce Bianca di Colle per il prezioso supporto assistenziale e umano nei confronti delle persone coinvolte in questa terribile esperienza. Tanto \u00e8 stato fatto, ma tantissimo resta ancora da fare, per cercare di tornare alla normalit\u00e0 e portare un po&#8217; di serenit\u00e0 a quelle persone sfiduciate e con il morale a terra. L\u2019impegno massimo da parte dell\u2019amministrazione Comunale per quanto di competenza, per cercare\u00a0 di sanare questa ferita\u00a0 che arriva in un momento difficile consapevoli che, con l\u2019aiuto di tutti, sapremo come al solito reagire ed affrontare anche questa sfida che si aggiunge alle altre non ancora completamente superate.<\/em><\/p>\n<p><em>El Capocomun da Col<\/em><\/p>\n<p><em>Paolo Frena<\/em><\/p><\/blockquote>\n<p>&nbsp;<\/p>\n<p>&nbsp;<\/p>\n<p>&nbsp;<\/p>\n<p>****<\/p>\n","protected":false},"excerpt":{"rendered":"<p>COLLE SANTA LUCIA Il messaggio del sindaco Paolo Frena dopo il furioso incendio che ha devastato la frazione Canazei. Rappresentava uno dei luoghi simbolo del nostro comune, dove l\u2019amministrazione comunale stava lavorando per ultimare i lavori del post Vaia, per ridare a questo angolo di paese quell\u2019antico splendore ma anche la funzionalit\u00e0 dal punto di&hellip;<\/p>\n","protected":false},"author":4,"featured_media":214048,"comment_status":"closed","ping_status":"open","sticky":false,"template":"","format":"standard","meta":{"_monsterinsights_skip_tracking":false,"_monsterinsights_sitenote_active":false,"_monsterinsights_sitenote_note":"","_monsterinsights_sitenote_category":0,"footnotes":""},"categories":[51,49],"tags":[],"class_list":["post-214281","post","type-post","status-publish","format-standard","has-post-thumbnail","hentry","category-evidenza-top","category-news-18","category-51","category-49","description-off"],"img_url":"https:\/\/www.radiopiu.net\/wordpress\/wp-content\/uploads\/2021\/06\/541da647-eefe-4779-a421-553abdb77405.jpg","_links":{"self":[{"href":"https:\/\/www.radiopiu.net\/wordpress\/wp-json\/wp\/v2\/posts\/214281","targetHints":{"allow":["GET"]}}],"collection":[{"href":"https:\/\/www.radiopiu.net\/wordpress\/wp-json\/wp\/v2\/posts"}],"about":[{"href":"https:\/\/www.radiopiu.net\/wordpress\/wp-json\/wp\/v2\/types\/post"}],"author":[{"embeddable":true,"href":"https:\/\/www.radiopiu.net\/wordpress\/wp-json\/wp\/v2\/users\/4"}],"replies":[{"embeddable":true,"href":"https:\/\/www.radiopiu.net\/wordpress\/wp-json\/wp\/v2\/comments?post=214281"}],"version-history":[{"count":0,"href":"https:\/\/www.radiopiu.net\/wordpress\/wp-json\/wp\/v2\/posts\/214281\/revisions"}],"wp:featuredmedia":[{"embeddable":true,"href":"https:\/\/www.radiopiu.net\/wordpress\/wp-json\/wp\/v2\/media\/214048"}],"wp:attachment":[{"href":"https:\/\/www.radiopiu.net\/wordpress\/wp-json\/wp\/v2\/media?parent=214281"}],"wp:term":[{"taxonomy":"category","embeddable":true,"href":"https:\/\/www.radiopiu.net\/wordpress\/wp-json\/wp\/v2\/categories?post=214281"},{"taxonomy":"post_tag","embeddable":true,"href":"https:\/\/www.radiopiu.net\/wordpress\/wp-json\/wp\/v2\/tags?post=214281"}],"curies":[{"name":"wp","href":"https:\/\/api.w.org\/{rel}","templated":true}]}}