{"id":214512,"date":"2021-06-07T23:59:03","date_gmt":"2021-06-07T21:59:03","guid":{"rendered":"https:\/\/www.radiopiu.net\/wordpress\/?p=214512"},"modified":"2021-06-07T11:45:24","modified_gmt":"2021-06-07T09:45:24","slug":"gli-aggiornamenti-storici-su-rocca-pietore","status":"publish","type":"post","link":"https:\/\/www.radiopiu.net\/wordpress\/gli-aggiornamenti-storici-su-rocca-pietore\/","title":{"rendered":"GLI AGGIORNAMENTI STORICI SU ROCCA PIETORE"},"content":{"rendered":"<p><strong><a href=\"https:\/\/www.radiopiu.net\/wordpress\/diana-iraci-chiede-le-pubblicazioni-delle-sue-interrogazioni-allamministrazione-di-rocca-pietore\/rocca-pietore-2\/\" rel=\"attachment wp-att-127376\"><img loading=\"lazy\" decoding=\"async\" class=\"size-medium wp-image-127376 alignleft\" src=\"https:\/\/www.radiopiu.net\/wordpress\/wp-content\/uploads\/2020\/04\/ROCCA-PIETORE-300x173.png\" alt=\"\" width=\"300\" height=\"173\" srcset=\"https:\/\/www.radiopiu.net\/wordpress\/wp-content\/uploads\/2020\/04\/ROCCA-PIETORE-300x173.png 300w, https:\/\/www.radiopiu.net\/wordpress\/wp-content\/uploads\/2020\/04\/ROCCA-PIETORE.png 712w\" sizes=\"auto, (max-width: 300px) 100vw, 300px\" \/><\/a>di Alberto Agostinelli<\/strong><\/p>\n<p>Verso la fine dell\u2019estate scorsa mi venne fra le mani un libro che illustrava le chiese gotiche cadorine, ed in fondo al libro c\u2019era un riferimento anche alla chiesa di Rocca Pietore, credo per la sua importanza anche se non \u00e8 cadorina, dove era scritto che la chiesa era assai antica, ampliata nel 1442 e nel 1871, come riportato da Ottone Brentari nel libro GUIDA STORICO-ALPINA DI BELLUNO, FELTRE, PRIMIERO, AGORDO, ZOLDO &#8211;\u00a0 anno 1877 .\u00a0 \u00a0Pensai di fare una ricerca per sapere se questo libro fosse disponibile e trovandolo, lo acquistai, come ristampa dell\u2019anno 2013 (col patrocinio del CAI ). Il prof. Ottone Brentari era originario di Strigno, Valsugana trentina, una persona poliedrica ed irredentista, figlio di un ufficiale giudiziario. Comp\u00ec gli studi letterari con indirizzo storico e geografico nelle universit\u00e0 di Innsbruck, di Vienna e di Padova dove ottenne il dottorato. Insegn\u00f2 per alcuni anni, poi si stabil\u00ec a Milano per dedicarsi al giornalismo come collaboratore del Corriere della Sera. Nella presentazione del libro sopra riportato, egli ringrazia tutti i sindaci e i segretari di quei Comuni che hanno risposto al questionario che aveva loro inviato. Sicuramente lo invi\u00f2 anche al Comune di Rocca Pietore per quanto lui ha scritto riguardo a diversi temi, tra cui quello storico, riferiti al \u00a0nostro territorio in quell\u2019epoca e che riporter\u00f2 qui per quanto indicato nel titolo di questo articolo. Il Brentari scrive quindi molto riguardo ai comuni dell\u2019Agordino che visit\u00f2 raggiungendoli a piedi e descrivendo le loro caratteristiche ambientali, la storia, la presenza di attivit\u00e0 produttive e anche il nome delle malghe; per l\u2019emigrazione scrive che dal Comune di\u00a0 Rocca Pietore, con una popolazione di 2335 persone, nel periodo invernale emigrano in 600, dei quali oltre 300 in Austria come minatori e muratori, 200 a Venezia ed altre citt\u00e0 come pasticceri, fornai, salsicciai, una trentina in Svizzera come minatori, il resto in Grecia ed altrove. Era una situazione economica difficile che interessava buona parte delle famiglie con enormi sacrifici anche per le donne che rimanevano a casa con i figli e che dovevano curare, in prevalenza, pure il bestiame. Il libro del Brentari \u00e8 composto di 400 pagine fittamente scritte e con caratteri minuti. Entrando nei particolari che ci interessano, a pag. 233 il Brentari descrive la storia di Rocca Pietore nel 1360 dove si legge che, in quel particolare momento (sempre considerando che l\u2019Europa politicamente era governata da Imperatori del Sacro Romano Impero) \u201c \u2026..Il dominio del Carrara (conferitogli da Lodovico re d\u2019Ungheria), signoria di Padova, si estendeva anche sulla Rocca di Pietore, detta anche, in carte del secolo, Roccabruna, quindi Rocha Pectoris, e dai tedeschi RUCPRAUN. Da questa giurisdizione trasse il nome una nobile famiglia bellunese. Rocca deve essere stata in antico una terra feudale, ma quando la si riscontra nella storia, essa non aveva castellani ereditari, ma solo temporanei, i quali esigevano le tasse ed amministravano la giustizia: e per il Carrara c\u2019era Baggio da Cornazzano\u00a0 (1362-1370). Il Carrara ebbe occasione di estendere il suo dominio anche su Andrazzo.\u00a0 \u2026..\u201d Ecco quindi che compare il nome tedesco Rucpraun , meglio Rukepraun, che\u00a0 si legge ufficialmente \u00a0in una pergamena originale del 24 agosto 1290 che si trova nell\u2019Archivio di Stato di Bolzano, archivio Vescovile di Bressanone, n. 1635. Ora ho la conferma che si tratta del nome di Rocca Pietore in tedesco per quanto lessi durante la stesura del mio libro \u00a0e per quanto sopra riportato dal Brentari. A mio avviso, Rukepraun indica anche il territorio del Comune di Rocca Pietore, (senza la frazione di Calloneghe) ed \u00e8 comparabile al nome Buchenstein indicante il territorio del Livinallongo; per\u00f2 il dominio di Rocca Pietore era affidato ad un Duca e quello del Livinallongo, con Colle S. Lucia, al Principe Vescovo di Bressanone di rango inferiore, tramite un castellano. Il Brentari chiarisce che Rocca ottenne sempre, per via degli antichi privilegi, di essere sottomessa direttamente alla podest\u00e0 del signore, cio\u00e8 del Duca, che nominava il castellano della \u201crocca\u201d, che aveva funzioni di ordinaria amministrazione o esecutore di ordini superiori. Ritengo, inoltre, che Rukepraun sia antico, da quando Rocca entr\u00f2 a far parte del Regno orientale dei Franchi con il trattato di Verdun del 843. A questo proposito, per inciso, penso interessante raccontare un episodio vissuto in prima persona oltre 50 anni fa. Era il 22 di Luglio, giorno di S. Maria Maddalena, sagra in paese, ed ero sulla piazza di Rocca in compagnia di alcune persone tra cui il sig. Tota (soprannome) di Caprile, che ha svolto per molti anni anche la professione di taxista della zona, qualcuno lo ricorder\u00e0 sicuramente. Quello di cui si parlava era una chiacchierata tranquilla su diversi temi. Ad un certo punto, inaspettatamente, sento dire queste testuali parole dal sig. Tota: \u201c Voi tedeschi di Rocca\u201d, dette in modo tranquillo senza astio o altro di negativo. Io rimasi allibito, non dissi niente come gli altri e la conversazione continu\u00f2. Ora, dopo una analisi di quanto ho letto negli anni sulla storia di Rocca, posso dire indicativamente che Rocca Pietore rimase in territorio tedesco dal 843 al 1386, quando pass\u00f2 al Duca Giangaleazzo Visconti di Milano, con un \u201catto \u00a0speciale di dedizione\u201d (Brentari, pag. 234) subito dopo la podest\u00e0 di Leopoldo III d\u2019Asburgo Duca del Tirolo e di Rocca Pietore, diversamente da Belluno che pass\u00f2 ai Visconti tramite i Carraresi, \u00a0e che quella affermazione del \u201cTota\u201d , a mio giudizio, \u00e8 una reminescenza o memoria \u00a0collettiva della gente di Caprile che si \u00e8 protratta fino ai nostri giorni e che indica l\u2019appartenenza antica\u00a0 di Rocca \u00a0al territorio tedesco. Oltretutto la lingua Ladina di Rocca Pietore, \u00e8 pi\u00f9 simile alla parlata delle valli di Fassa e di Fiemme , \u00a0lontane da Rocca , che non a quella di Caprile vicinissima. Ne consegue che sicuramente il torrente Pettorina da Sottoguda a Saviner ed il torrente Cordevole \u00a0all\u2019altezza di Saviner, facevano da confine di \u201cStato\u201d con altri domini e di conseguenza il ponte di Saviner collegava due realt\u00e0 molto diverse come dominio fin dai tempi pi\u00f9 remoti. Come avrete notato, ho scritto che Leopoldo III era Duca anche di Rocca Pietore, sempre nell\u2019ambito del Sacro Romano Impero. E\u2019 leggendo il Brentari (pag. 234) che ho appreso questa novit\u00e0: cio\u00e8 Rocca, o Rukepraun, politicamente dipendeva da un Duca, conservando cos\u00ec gli antichi privilegi come riportato pi\u00f9 sopra. Anche il Principe Vescovo di Bressanone dipendeva dallo stesso Duca. Questo stato di cose avr\u00e0 avuto sicuramente ripercussioni positive nelle relazioni tra Rocca Pietore e i vicini di Livinallongo, con una probabile appartenenza speciale di Rocca, come alleato, al territorio del Principato di Bressanone. Dal punto di vista religioso, il Vescovo di Bressanone nel 1300 ed anche precedentemente aveva comunque la guida religiosa della popolazione di Rocca tramite suoi sacerdoti. A questo punto mi chiedo come mai Rocca Pietore aveva questo privilegio di dipendere da un Duca di rango superiore al Principe? Tutto ebbe inizio dagli Arimanni che prendevano ordini dal Re longobardo che loro eleggevano ( Rocca, come ho scritto nel mio libro, era una Arimannia longobarda di confine). Quando Carlo Magno (che poi divenne Imperatore del Sacro Romano Impero &#8211; 800 d.C.) arriv\u00f2 in Italia nel 774 d.C. per sconfiggere i Longobardi, non venne per cambiare gli usi e le consuetudini dei diversi territori, come anche nelle altre parti dell\u2019Impero, ma sostitu\u00ec solo la classe dirigente, per cui Rocca continu\u00f2 a ricevere ordini da livelli alti e cio\u00e8, una volta sconfitti i Longobardi, da Duchi. Un\u2019altra considerazione \u00e8 che durante il dominio Longobardo, il territorio di Rocca, assieme alla val di Fassa e di Fiemme, sia stato sotto il controllo del Duca longobardo di Trento, viste le affinit\u00e0 linguistiche con quelle valli e che ci fossero dei legami stretti con Castelrotto come arimannia, riscontrato che anche quella gente a quel tempo era solita fare scorribande nei territori contigui, come era solita fare quella di Rocca . Anticamente, come scrisse lo storico fassano Frumenzio Ghetta, la Rocca di Pietore\u00a0 aveva autorit\u00e0 fino a Campitello di Fassa ed il Rio Duron faceva da confine con il resto della Val di Fassa e probabilmente anche col territorio di Castelrotto. Facendo ora ancora riferimento al libro del Brentari, ritorno di nuovo a scrivere sulla posizione dove era allocata la Rocca di Pietore. Riporto di seguito quanto scritto dal Brentari al riguardo, assieme ad altre notizie, quando arriv\u00f2 a Rocca, dove ritengo si sia fermato per alcuni giorni, vista la conoscenza approfondita della nostra storia: nel Municipio di Rocca a quel tempo ci dovevano essere documenti importanti al riguardo, andati persi a causa di incendi che interessarono il Municipio stesso, come comunemente noto. A pag. 315 si legge: \u201c\u2026..A Rocca posta e telegrafo ( importantissima \u00a0la\u00a0 presenza del telegrafo). Albergo Stella Alpina di Luigi Nicolao. E\u2019 in costruzione una casa con stanze per forestieri. Due altre osterie. Assai interessante \u00e8 la chiesa, colle sue svelte finestre di stile gotico. Ha finestre colorate, e pavimento in legno. Preziosa la pala dell\u2019altar maggiore, del 1517 di scuola tedesca, con intagli in legno. Figure ad autorilievo e dorature; ed assai pregiati i dipinti delle due porte destinate a chiudere, a foggia d\u2019armadio, la pala. Ha due cappelle laterali, con altarini di legno dorato. La chiesa aveva sacerdote curato nel sec. XIV, nel 1578 lo ebbe da sola staccandosi da Alleghe, nel 1593 venne dichiarata parrocchia (di elezione popolare) staccandosi da Agordo. La chiesa attuale, assai antica, venne ampliata nel 1442 e nel 1871. Della importanza storica di Rocca abbiamo gi\u00e0 detto (vedi pag. 233). (poi il Brentari cos\u00ec prosegue:) PRESSO IL VILLAGGIO DI RONCH , SOPRA UNA RUPE ( qui intende il Sass de la Murada) DOMINANTE LE VALLATE DI CAPRILE, ALLEGHE, ROCCA E LIVINALLONGO, VEDONSI ANCORA LE VESTIGIA (nel paese di Rocca Pietore) DELL\u2019ANTICHISSIMO CASTELLO O ROCCA, CHE DIEDE IL NOME AL PAESE; ED ALLE FALDE DEL COLLE (cio\u00e8 di Rocca Pietore), PRESSO SAVINER SORGONO ANCORA LE MURA DELLA CASA ( ABBANDONATA DA CIRCA MEZZO SECOLO) DETTA PALAZZO DI GIUSTIZIA COSTRUITA CIRCA IL 1600 PER 2\/3 A SPESE DELLA CITTA\u2019 DI BELLUNO E PER 1\/3 DI ROCCA. VI SI RADUNAVANO A CONSIGLIO, COL CONCORSO DEL CAPITANO DI GIUSTIZIA MANDATO DUE VOLTE L\u2019ANNO DA BELLUNO, I CAPIFAMIGLIA DEL PAESE.\u00a0\u00a0 \u2026..\u201d Riscontro che Il Sass de la Murada viene chiamato RUPE e nient\u2019altro. Per VESTIGIA si intendono i ruderi e le rovine della Rocca di Pietore, costituiti da una marea di pietre. Le stesse vestigia le not\u00f2 anche la turista e scrittrice inglese Amelia B. Edwards quando pass\u00f2 per Rocca per andare a Ronk e menzionate nel suo libro \u201cCIME INVIOLATE E VALLI SCONOSCIUTE\u201d del 1872, che ho gi\u00e0 avuto modo di ricordare in passato sul bollettino parrocchiale. Anche la Edward chiamava il Sass de la Murada solo come SASSO, poi non si sa come mai gli si diede un nome. Quindi, per quanto testimoniato sopra dal Brentari, non ci sono pi\u00f9 dubbi: LA \u201cROCCA DI PIETORE\u201d FU COSTRUITA SUL LUOGO DELLA PIAZZA DI ROCCA PIETORE (Come gi\u00e0 indicato in altri articoli che ho scritto sul bollettino parrocchiale). La distesa di pietre era perci\u00f2 ancora visibile alla fine dell\u2019800 e probabilmente ancora all\u2019inizio del 900, ma con la costruzione di nuove case e fienili lentamente fu fatta pulizia ed attualmente non se ne vede traccia, vedendo ora parte di tali pietre, per esempio, anche sui confini della casa dove abito a Rocca su 3 lati e come sostegno al terreno che mio nonno paterno acquist\u00f2 negli anni trenta del secolo scorso sotto casa mia. La zona dove abito a Rocca \u00e8 denominata Fop (nome che indica piccolo avvallamento di terreno),\u00a0 ma anche Masarei: da giovane si diceva che si andava in gruppo \u201csun chi (gi\u00f9 verso i) masarei\u201d per passare il tempo: Masarei come distesa di pietre. A questo punto confesso che, ormai da tempo, sono convinto che il nome di Rocca Pietore si possa intendere come Rocca di Pietre, cio\u00e8 costruita con pietre. Anche\u00a0 dopo la frana del 1771 scesa dal monte Piz, che form\u00f2 il lago di Alleghe, al paese che sorse sulla distesa di sassi e detriti venne dato il nome di Masar\u00e8. Ora, non posso non far riferimento a don Tamis, che stimo e che apprezzo come storico dell\u2019Agordino, che aveva indicato il Sass de la Murada come sede della \u201crocca\u201d. Suppongo che non abbia letto il libro del Brentari, probabilmente non pi\u00f9 disponibile da anni nelle librerie, la cui ristampa \u00e8 avvenuta nel 2013, cio\u00e8 dopo la sua scomparsa, altrimenti si sarebbe fatto un\u2019altra idea di dove era posizionata la \u201crocca\u201d. Infine, mi auguro che dubbi, per quanto concerne l\u2019antica posizione della \u201crocca\u201d, non ce ne dovrebbero pi\u00f9 essere e che questo capitolo sia chiuso.<\/p>\n<p>&nbsp;<\/p>\n<p>&nbsp;<\/p>\n<p>&nbsp;<\/p>\n<p>****<\/p>\n","protected":false},"excerpt":{"rendered":"<p>di Alberto Agostinelli Verso la fine dell\u2019estate scorsa mi venne fra le mani un libro che illustrava le chiese gotiche cadorine, ed in fondo al libro c\u2019era un riferimento anche alla chiesa di Rocca Pietore, credo per la sua importanza anche se non \u00e8 cadorina, dove era scritto che la chiesa era assai antica, ampliata&hellip;<\/p>\n","protected":false},"author":4,"featured_media":127376,"comment_status":"closed","ping_status":"open","sticky":false,"template":"","format":"standard","meta":{"_monsterinsights_skip_tracking":false,"_monsterinsights_sitenote_active":false,"_monsterinsights_sitenote_note":"","_monsterinsights_sitenote_category":0,"footnotes":""},"categories":[49],"tags":[],"class_list":["post-214512","post","type-post","status-publish","format-standard","has-post-thumbnail","hentry","category-news-18","category-49","description-off"],"img_url":"https:\/\/www.radiopiu.net\/wordpress\/wp-content\/uploads\/2020\/04\/ROCCA-PIETORE.png","_links":{"self":[{"href":"https:\/\/www.radiopiu.net\/wordpress\/wp-json\/wp\/v2\/posts\/214512","targetHints":{"allow":["GET"]}}],"collection":[{"href":"https:\/\/www.radiopiu.net\/wordpress\/wp-json\/wp\/v2\/posts"}],"about":[{"href":"https:\/\/www.radiopiu.net\/wordpress\/wp-json\/wp\/v2\/types\/post"}],"author":[{"embeddable":true,"href":"https:\/\/www.radiopiu.net\/wordpress\/wp-json\/wp\/v2\/users\/4"}],"replies":[{"embeddable":true,"href":"https:\/\/www.radiopiu.net\/wordpress\/wp-json\/wp\/v2\/comments?post=214512"}],"version-history":[{"count":0,"href":"https:\/\/www.radiopiu.net\/wordpress\/wp-json\/wp\/v2\/posts\/214512\/revisions"}],"wp:featuredmedia":[{"embeddable":true,"href":"https:\/\/www.radiopiu.net\/wordpress\/wp-json\/wp\/v2\/media\/127376"}],"wp:attachment":[{"href":"https:\/\/www.radiopiu.net\/wordpress\/wp-json\/wp\/v2\/media?parent=214512"}],"wp:term":[{"taxonomy":"category","embeddable":true,"href":"https:\/\/www.radiopiu.net\/wordpress\/wp-json\/wp\/v2\/categories?post=214512"},{"taxonomy":"post_tag","embeddable":true,"href":"https:\/\/www.radiopiu.net\/wordpress\/wp-json\/wp\/v2\/tags?post=214512"}],"curies":[{"name":"wp","href":"https:\/\/api.w.org\/{rel}","templated":true}]}}