{"id":214515,"date":"2021-06-07T12:25:20","date_gmt":"2021-06-07T10:25:20","guid":{"rendered":"https:\/\/www.radiopiu.net\/wordpress\/?p=214515"},"modified":"2021-06-07T13:15:19","modified_gmt":"2021-06-07T11:15:19","slug":"da-oggi-il-veneto-in-zona-bianca-la-conferenza-stampa-di-luca-zaia","status":"publish","type":"post","link":"https:\/\/www.radiopiu.net\/wordpress\/da-oggi-il-veneto-in-zona-bianca-la-conferenza-stampa-di-luca-zaia\/","title":{"rendered":"DA OGGI IL VENETO IN ZONA BIANCA. LA CONFERENZA STAMPA DI LUCA ZAIA"},"content":{"rendered":"<p><strong>VENEZIA<\/strong>\u00a0 Consueto appuntamento dalla sede della Protezione Civile di Marghera, le ultime notizie sul covi19<\/p>\n<p>&nbsp;<\/p>\n<p><strong>I NUMERI <\/strong>\u00a0TOTALE TAMPONI 10 MILIONI 353 MILA TAMPONI IERI\u00a0 POSITIVI 4618\u00a0 IERI\u00a0 +38\u00a0 \u00a0INCIDENZA POSITIVI 0,82% POSITIVI DA INIZIO EPIDEMIA 424040\u00a0 POSITIVI ATTUALI 6819\u00a0 \u00a0 RICOVERI 571 (-5)\u00a0 IN AREA NON CRITICA 506\u00a0 \u00a0(-4) IN TERAPIA INTENSIVA 65\u00a0 (-1) \u00a0 ALTRI PAZIENTI NON COVID in terapia intensiva\u00a0 342\u00a0 \u00a0DECESSI\u00a0 11581 (+1) DIMESSI 21.846<\/p>\n<p>&nbsp;<\/p>\n<blockquote><p><strong> <a href=\"https:\/\/www.radiopiu.net\/wordpress\/giornale-radiopiu-28-marzo-2021-direttore-mirko-mezzacasa\/ministrodinca_direttivo_abm\/\" rel=\"attachment wp-att-199592\"><img loading=\"lazy\" decoding=\"async\" class=\"wp-image-199592 alignleft\" src=\"https:\/\/www.radiopiu.net\/wordpress\/wp-content\/uploads\/2021\/03\/ministrodinca_direttivo_abm-300x169.png\" alt=\"\" width=\"147\" height=\"83\" srcset=\"https:\/\/www.radiopiu.net\/wordpress\/wp-content\/uploads\/2021\/03\/ministrodinca_direttivo_abm-300x169.png 300w, https:\/\/www.radiopiu.net\/wordpress\/wp-content\/uploads\/2021\/03\/ministrodinca_direttivo_abm-1024x576.png 1024w, https:\/\/www.radiopiu.net\/wordpress\/wp-content\/uploads\/2021\/03\/ministrodinca_direttivo_abm-768x432.png 768w, https:\/\/www.radiopiu.net\/wordpress\/wp-content\/uploads\/2021\/03\/ministrodinca_direttivo_abm-1536x864.png 1536w, https:\/\/www.radiopiu.net\/wordpress\/wp-content\/uploads\/2021\/03\/ministrodinca_direttivo_abm.png 1920w\" sizes=\"auto, (max-width: 147px) 100vw, 147px\" \/><\/a>D&#8217;INCA&#8217; CRITICO SULLA PEDEMONTANA Troppi costi e non sostenibile. <\/strong><\/p>\n<p><span style=\"color: #ff0000;\">LA REPLICA DI ZAIA<\/span> Io ho dubbi sulla sostenibilit\u00e0 di quello che dice il Ministro, ha fatto un grande passo avanti il suo partito ha fatto una campagna contro la Pedemontana, ora va bene perch\u00e9 la usano e non sta in piedi. Quella di D&#8217;Inc\u00e0 \u00e8 una dichiarazione inutile. Se ha D&#8217;Inc\u00e0 non piace la Pedamontana faccia strade ordinarie. Il Ministro della Repubblica con tutti i problemi che ha si occupa di questo? E&#8217; una degna persona ma tutto ha un limite.<\/p><\/blockquote>\n<p>&nbsp;<\/p>\n<blockquote>\n<h2>LEGGI LA CONFERENZA STAMPA DI LUCA ZAIA, aggiornamento in tempo reale<\/h2>\n<p><em><img loading=\"lazy\" decoding=\"async\" class=\"alignleft\" src=\"https:\/\/www.radiopiu.net\/wordpress\/wp-content\/uploads\/2021\/06\/354adcac-0ba8-4380-aac1-dc3c539f424b.jpg\" width=\"257\" height=\"193\" \/>Quanto durer\u00e0 la conferenza stampa? Finch\u00e9 serve anche se\u00a0 \u00e8 un impegno, ma con il prezioso aiuto della stampa riusciamo ad avere la campagna vaccinale piu&#8217; performante d&#8217;Italia. Durer\u00e0 finch\u00e9 avremo comunicazioni da dare a i veneti e non ci sono scuse di elezioni, non \u00e8 campagna elettorale.\u00a0 Comunque i vaccinati oggi non si ammalano&#8230;<\/em><\/p><\/blockquote>\n<p><strong>LA RICERCA E&#8217; VITA<\/strong> Oggi nota di merito per la Citt\u00e0 della Speranza e l&#8217;ennesima iniziativa importante. Iniziativa nuova: acquista con 20 euro l&#8217;asciugamano (il 19 a Villaverla o tramite il sito) &#8220;In spiaggia, tutte aperte, vogliamo vedervi con l&#8217;asciugamano Citt\u00e0 della Speranza&#8221;. La presidente Stefania Focchesato racconta i\u00a0 26 anni di impegno per aiutare i bimbi in Italia e migliorare la ricerca. Iniziative come questa ci permette di avere qualche ricercatore in pi\u00f9.\u00a0<strong>SUPERATI I 3 MILIONI DI VACCINI <\/strong>66mila oltre, 1 milione sono cicli completi\u00a0 <strong>DALLA MEZZANOTTE E&#8217; SCATTATA LA ZONA BIANCA<\/strong> E&#8217; un successo dato dal fatto che ci vuole fortuna. Siamo la prima &#8220;grande&#8221; regione che entra in zona bianca, ma ci vuole ancora prudenza il pericolo \u00e8 sempre dietro l&#8217;angolo. Gradualmente anche la mascherina diventer\u00e0 l&#8217;accessorio come l&#8217;ombrello quando serve e se esci di casa senza rischi di prendere la lavata che non finisce pi\u00f9. La mascherina di porta non fino a quando ma a quanto finir\u00e0. <strong>VACCINI<\/strong> Una cosa \u00e8 certa, il vaccinato non si ammala, si sono svuotati gli ospedali. Quando ci arrivano gli infettati che hanno sviluppato la farmacia notiamo che non sono vaccinati. Noi ci stiamo mettendo il massimo di impegno ma serve un po&#8217; di attenzione. <strong>MATRIMONI<\/strong> chi ha la partecipazione puo&#8217; vaccinarsi subito. Gli invitati saranno vaccinati subito.\u00a0 <strong>J&amp;J\u00a0 PER GLI OVER 60<\/strong> Chi ha pi\u00f9 di 60 anni puo&#8217; andare senza appuntamento con accesso diretto in qualsiasi centro vaccinale e ha diritto alla vaccinazione con J&amp;J monodose, da oggi. <strong>ZAIA PALADINO DELLA VACCINAZIONE NEMICO DEI NO VAX<\/strong>\u00a0 Abbiamo fatto il nostro mestiere e dovere non c&#8217;\u00e8 una situazione in cui non abbia parlato dei vaccini ribadendo che \u00e8 volontaria. Ho fatto anche l&#8217;esempio di veneto banca, nell&#8217;ultima assemblea un signore mi ha detto che ce l&#8217;aveva con me perch\u00e9 avevo comperato anch&#8217;io le azioni. Abbiamo &#8211; come squadra &#8211;\u00a0 responsabilmente l&#8217;obbligo di organizzare la macchina e accedere al servizio, nessuno \u00e8 portata alla vaccinazione con forza<em> &#8220;\u00e8 la scelta di un popolo di condividere con la malattia&#8221; <\/em><strong>E&#8217; STATO MINACCIATO? <\/strong>Arrivano minacce a tutte le ore. Se \u00e8 una colpa fare il proprio mestiere pazienza. <strong>TAMPONI E PIANO SANITARIO<\/strong> Il piano sanitario prevede i tamponi, prevediamo &#8220;carotaggi&#8221; nella popolazione, non abbandoniamo, ogni 30 giorni controllo dei sanitari ogni 20 gli ospiti delle strutture. E&#8217; un piano complesso che presenteremo. Non eliminiamo i tamponi, monitoriamo le varianti. Il mondo scientifico dice che i vaccini sono performanti anche per la coperture alle varianti e il decreto prevede il numero minimo di tamponi.<strong> FIGLIUOLO PARLA DI TERZA ONDATA DI VACCINAZIONI<\/strong> Noi siamo pronti aspettiamo la direttiva della sanit\u00e0, capire a quanti mesi dalla seconda dose. Attendiamo al circolare per capire il lasso di tempo tra le seconda e terza moda e anche la modalit\u00e0.<\/p>\n<p><a href=\"https:\/\/www.facebook.com\/zaiaufficiale\/videos\/770782806953792\">https:\/\/www.facebook.com\/zaiaufficiale\/videos\/770782806953792<\/a><\/p>\n<p>&nbsp;<\/p>\n","protected":false},"excerpt":{"rendered":"<p>VENEZIA\u00a0 Consueto appuntamento dalla sede della Protezione Civile di Marghera, le ultime notizie sul covi19 &nbsp; I NUMERI \u00a0TOTALE TAMPONI 10 MILIONI 353 MILA TAMPONI IERI\u00a0 POSITIVI 4618\u00a0 IERI\u00a0 +38\u00a0 \u00a0INCIDENZA POSITIVI 0,82% POSITIVI DA INIZIO EPIDEMIA 424040\u00a0 POSITIVI ATTUALI 6819\u00a0 \u00a0 RICOVERI 571 (-5)\u00a0 IN AREA NON CRITICA 506\u00a0 \u00a0(-4) IN TERAPIA INTENSIVA 65\u00a0&hellip;<\/p>\n","protected":false},"author":4,"featured_media":214524,"comment_status":"closed","ping_status":"open","sticky":false,"template":"","format":"standard","meta":{"_monsterinsights_skip_tracking":false,"_monsterinsights_sitenote_active":false,"_monsterinsights_sitenote_note":"","_monsterinsights_sitenote_category":0,"footnotes":""},"categories":[51,49],"tags":[],"class_list":["post-214515","post","type-post","status-publish","format-standard","has-post-thumbnail","hentry","category-evidenza-top","category-news-18","category-51","category-49","description-off"],"img_url":"https:\/\/www.radiopiu.net\/wordpress\/wp-content\/uploads\/2021\/06\/354adcac-0ba8-4380-aac1-dc3c539f424b.jpg","_links":{"self":[{"href":"https:\/\/www.radiopiu.net\/wordpress\/wp-json\/wp\/v2\/posts\/214515","targetHints":{"allow":["GET"]}}],"collection":[{"href":"https:\/\/www.radiopiu.net\/wordpress\/wp-json\/wp\/v2\/posts"}],"about":[{"href":"https:\/\/www.radiopiu.net\/wordpress\/wp-json\/wp\/v2\/types\/post"}],"author":[{"embeddable":true,"href":"https:\/\/www.radiopiu.net\/wordpress\/wp-json\/wp\/v2\/users\/4"}],"replies":[{"embeddable":true,"href":"https:\/\/www.radiopiu.net\/wordpress\/wp-json\/wp\/v2\/comments?post=214515"}],"version-history":[{"count":0,"href":"https:\/\/www.radiopiu.net\/wordpress\/wp-json\/wp\/v2\/posts\/214515\/revisions"}],"wp:featuredmedia":[{"embeddable":true,"href":"https:\/\/www.radiopiu.net\/wordpress\/wp-json\/wp\/v2\/media\/214524"}],"wp:attachment":[{"href":"https:\/\/www.radiopiu.net\/wordpress\/wp-json\/wp\/v2\/media?parent=214515"}],"wp:term":[{"taxonomy":"category","embeddable":true,"href":"https:\/\/www.radiopiu.net\/wordpress\/wp-json\/wp\/v2\/categories?post=214515"},{"taxonomy":"post_tag","embeddable":true,"href":"https:\/\/www.radiopiu.net\/wordpress\/wp-json\/wp\/v2\/tags?post=214515"}],"curies":[{"name":"wp","href":"https:\/\/api.w.org\/{rel}","templated":true}]}}