{"id":214568,"date":"2021-06-07T23:53:14","date_gmt":"2021-06-07T21:53:14","guid":{"rendered":"https:\/\/www.radiopiu.net\/wordpress\/?p=214568"},"modified":"2021-06-07T14:54:50","modified_gmt":"2021-06-07T12:54:50","slug":"da-ferrari-a-cargnel-locchialeria-del-molina-di-calalzo-unica-in-italia","status":"publish","type":"post","link":"https:\/\/www.radiopiu.net\/wordpress\/da-ferrari-a-cargnel-locchialeria-del-molina-di-calalzo-unica-in-italia\/","title":{"rendered":"DA FERRARI A CARGNEL: L\u2019OCCHIALERIA DEL MOLIN\u00c0 DI CALALZO UNICA IN ITALIA"},"content":{"rendered":"<p>&nbsp;<\/p>\n<h3><em><strong>di RENATO BONA<\/strong><\/em><\/h3>\n<p><strong>BELLUNO<\/strong> Nell\u2019affascinante storia dell\u2019industria dell\u2019occhiale, messa nero su bianco dal dott. Enrico De Lotto, in occasione della \u201cMostra dell\u2019occhiale attraverso i secoli\u201d che \u2013 ad iniziativa della Camera di commercio, industria ed agricoltura di Belluno &#8211; era stata allestita nel palazzo della Magnifica comunit\u00e0 cadorina, a Pieve, in occasione dell\u2019edizione numero 7 dei Giochi olimpici invernali che furono ospitati a Cortina, un capitolo, il ventesimo, dell\u2019ottimo libro intitolato \u201cDallo smeraldo di Nerone agli occhiali del Cadore\u201d edito nel 1956 per i tipi delle tipografia bellunese Silvio Benetta, \u00e8 stato dedicato a: \u201cL\u2019occhialeria del Molin\u00e0 di Ulisse Cargnel, succeduto al Ferrari, \u00e8 l\u2019unica in Italia. Notevole sviluppo dal 1900 alla prima guerra mondiale\u201d. Di Carlo Enrico Ferrari, uno dei pionieri dell\u2019occhialeria cadorina, bellunese, italiana ed internazionale abbiamo detto nel precedente servizio. Oggi ci occupiamo molto volentieri di Ulisse Cargnel (nato a Pieve di Cadore il 15 maggio 1873 da Giovanni Maria e da Giulia Poletti) che a seguito dello scioglimento della societ\u00e0 \u201cC.E. Ferrari &amp; C.\u201d venne nominato con il milanese Gio Batta Cattaneo procuratore del liquidatore e diede il via alla costituzione &#8211; era il 23 gennaio 1901 &#8211; alla societ\u00e0 \u201cCattaneo, Cargnel &amp; C.\u201d. Un passo indietro: per ricordare che, giovanissimo, fu impiegato nel Municipio del paese natale dal 1884 al 1888 quindi con la ditta Bazzole che aveva in gestione le esattorie del Comelico, dal 1889 ql 1891. Il 24 gennaio 1892 fu assunto dalla ditta del Ferrari il quale aveva promosso l\u2019avvio della piccola occhialeria alla Molin\u00e0 di Calalzo. Con la scomparsa di Cattaneo nel 1905 venne costituita la societ\u00e0 Ulisse Cargnel &amp; C, e fu in questo contesto &#8211; come scrive Enrico De Lotto \u2013 \u201callo scopo di sviluppare l\u2019industria ed emancipare la nazione dalla importazione estera delle lenti, continuando l\u2019iniziativa veramente coraggiosa del suo predecessore Ferrari, intraprese dei viaggi all\u2019estero, prima in Francia e poi in Germania per studiare i nuovi metodi di lavorazione: nel marzo 1905 Cargnel con Arturo Fanton come interprete e Noelte (tecnico tedesco) fingendosi giornalisti visitarono le principali fabbriche di lenti tedesche a Monaco, Norimberga, Furth e Pforzheim. Nel tentativo fi entrare clandestinamente nella fabbrica Schwizer di Furth, vennero fermati per qualche ora ma poi rilasciati, riuscendo per\u00f2 a carpire il segreto del procedimento per fissare la lente al blocco mediante uno speciale collante (chiamato in gergo castagna). Subito dopo Cargnel, con il rag. Francesco Arfini di Viadana, si rec\u00f2 in Francia (a Ligny) per visitare fabbriche di altro tipo, osserv\u00f2 il funzionamento dei macchinari per la lavorazione delle lenti, assunse preziose informazioni tecniche e riusc\u00ec a procurarsi campioni di materie prime come quella speciale composizione tanto necessaria per incollare le lenti sulle forme. A proposito di lenti, Cargnel continu\u00f2 e svilupp\u00f2 l\u2019iniziativa del Ferrari e nel 1906 fece costruire su progetto del padovano ing. Carlo Canella due nuovi edifici accanto alla vecchia fabbrica. Gli operai occupati erano sui duecento e garantivano una produzione giornaliera mediai di 4 mila lenti e 2 mila paia di occhiali. Largamente esportati nell\u2019America del Sud. Nel contempo prese il via la fabbricazione di lenti per occhiali di ogni qualit\u00e0 e tipo : menischi, cilindriche, sferocilindriche, prismatiche, toriche e bifocali. E\u2019 del 1920 la costruzione del nuovo canale in muratura con sfioratore dell\u2019occhialeria, utile per il funzionamento di una nuova turbina, moderna e pi\u00f9 potente. Intanto, il 19 novembre 1905 Cargnel era stato insignito dell\u2019onorificenza di cavaliere del lavoro perch\u00e9 \u201cunico in Italia ebbe il merito di produrre montature di metallo \u201ca giorno\u201d e cerchiate per tutti i tipi di lente. Risale al 1907 la visita allo stabilimento Cargnel del ministro dell\u2019agricoltura, industria e commercio Rava. Tre anni dopo l\u2019imprenditore cadorino avvi\u00f2 la produzione delle prime montature in celluloide: il capo meccanico Giuseppe Lozza costru\u00ec col fratello Lucio le prime apparecchiature metalliche proprio per le montature di nuovo tipo; con l\u2019occasione fu costituito il primo reparto, con a capo Callisto Fedon, per la lavorazione di questi occhiali. Nel 1917 devastazione dell\u2019industria da parte dell\u2019occupante austriaco e, su richiesta del Ministro, Cargnel si trasfer\u00ec a Milano per l\u2019avvio di un impianto per la produzione di lenti ed occhiali di protezione per i combattenti italiani della grande Guerra. A fine conflitto tutti i macchinari della fabbrica di Milano furono portasti nella sede del Molin\u00e0 dunque a Calalzo dove, grazie al finanziamento da parte delle banche,si provvide alla sistemazione dei locali devastati ma\u2026 la liquidazione dei danni di guerra da parte del Governo fu molto inferiore alle aspettative e in presenza di varie difficolt\u00e0 il nostro fu costretto il 12 settembre 1932 a dichiarare il fallimento con la perdita di tutti i suoi beni. In chiusura, Enrico De Lotto pur in presenza di un finale cos\u00ec drammatico scrive giustamente. \u201cUlisse Cargnel si deve considerare uno dei pionieri delle industrie cadorine degli occhiali, perch\u00e9 seppe sviluppare l\u2019opera del Ferrari e continuare per quasi 30 anni la fabbricazione non solo delle montature, ma soprattutto delle lenti correttive. Le numerose onorificenze concesse sono una testimonianza delle benemerenze acquisite durante tutti gli anni di lavoro e di sacrifici\u201d. Nel 1934, l\u2019azienda fu riattivata da Guglielmo Tabacchi sotto il nome di Safilo. Ma questa \u00e8 un\u2019altra storia\u2026 Ulisse Cargnel continu\u00f2 a collaborare con i tre figli presso la nuova occhialeria \u201cFratelli Cargnel di Ulisse di Pieve\u201d, industria di modeste proporzioni, e il 16 luglio 1948 pass\u00f2 a miglior vita in seguito ad un intervento chirurgico.<\/p>\n<p>&nbsp;<\/p>\n\n\t\t\t<style type='text\/css'>\n\t\t\t\t#gallery-1 {\n\t\t\t\t\tmargin: auto;\n\t\t\t\t}\n\t\t\t\t#gallery-1 .gallery-item {\n\t\t\t\t\tfloat: left;\n\t\t\t\t\tmargin-top: 10px;\n\t\t\t\t\ttext-align: center;\n\t\t\t\t\twidth: 25%;\n\t\t\t\t}\n\t\t\t\t#gallery-1 img {\n\t\t\t\t\tborder: 2px solid #cfcfcf;\n\t\t\t\t}\n\t\t\t\t#gallery-1 .gallery-caption {\n\t\t\t\t\tmargin-left: 0;\n\t\t\t\t}\n\t\t\t\t\/* see gallery_shortcode() in wp-includes\/media.php *\/\n\t\t\t<\/style>\n\t\t<div id='gallery-1' class='dt-gallery-container gallery galleryid-214568 gallery-columns-4 gallery-size-thumbnail'><dl class='gallery-item'>\n\t\t\t\t<dt class='gallery-icon portrait'>\n\t\t\t\t\t<a class=\"rollover rollover-zoom dt-pswp-item\" title=\"197706588_500666841376058_4504372013530609803_n\" data-dt-img-description=\"\" data-large_image_width=\"156\" data-large_image_height=\"225\"href='https:\/\/www.radiopiu.net\/wordpress\/wp-content\/uploads\/2021\/06\/197706588_500666841376058_4504372013530609803_n.jpg'><img loading=\"lazy\" decoding=\"async\" width=\"150\" height=\"150\" src=\"https:\/\/www.radiopiu.net\/wordpress\/wp-content\/uploads\/2021\/06\/197706588_500666841376058_4504372013530609803_n-150x150.jpg\" class=\"attachment-thumbnail size-thumbnail\" alt=\"\" \/><\/a>\n\t\t\t\t<\/dt><\/dl><dl class='gallery-item'>\n\t\t\t\t<dt class='gallery-icon portrait'>\n\t\t\t\t\t<a class=\"rollover rollover-zoom dt-pswp-item\" title=\"197313194_383247309774543_7037493720212325450_n\" data-dt-img-description=\"\" data-large_image_width=\"154\" data-large_image_height=\"315\"href='https:\/\/www.radiopiu.net\/wordpress\/wp-content\/uploads\/2021\/06\/197313194_383247309774543_7037493720212325450_n.jpg'><img loading=\"lazy\" decoding=\"async\" width=\"150\" height=\"150\" src=\"https:\/\/www.radiopiu.net\/wordpress\/wp-content\/uploads\/2021\/06\/197313194_383247309774543_7037493720212325450_n-150x150.jpg\" class=\"attachment-thumbnail size-thumbnail\" alt=\"\" \/><\/a>\n\t\t\t\t<\/dt><\/dl><dl class='gallery-item'>\n\t\t\t\t<dt class='gallery-icon landscape'>\n\t\t\t\t\t<a class=\"rollover rollover-zoom dt-pswp-item\" title=\"197490215_324906359205641_4623751370189442548_n\" data-dt-img-description=\"\" data-large_image_width=\"280\" data-large_image_height=\"203\"href='https:\/\/www.radiopiu.net\/wordpress\/wp-content\/uploads\/2021\/06\/197490215_324906359205641_4623751370189442548_n.jpg'><img loading=\"lazy\" decoding=\"async\" width=\"150\" height=\"150\" src=\"https:\/\/www.radiopiu.net\/wordpress\/wp-content\/uploads\/2021\/06\/197490215_324906359205641_4623751370189442548_n-150x150.jpg\" class=\"attachment-thumbnail size-thumbnail\" alt=\"\" \/><\/a>\n\t\t\t\t<\/dt><\/dl><dl class='gallery-item'>\n\t\t\t\t<dt class='gallery-icon portrait'>\n\t\t\t\t\t<a class=\"rollover rollover-zoom dt-pswp-item\" title=\"196945440_333707428140023_8890631305732789129_n\" data-dt-img-description=\"\" data-large_image_width=\"150\" data-large_image_height=\"240\"href='https:\/\/www.radiopiu.net\/wordpress\/wp-content\/uploads\/2021\/06\/196945440_333707428140023_8890631305732789129_n.jpg'><img loading=\"lazy\" decoding=\"async\" width=\"150\" height=\"150\" src=\"https:\/\/www.radiopiu.net\/wordpress\/wp-content\/uploads\/2021\/06\/196945440_333707428140023_8890631305732789129_n-150x150.jpg\" class=\"attachment-thumbnail size-thumbnail\" alt=\"\" \/><\/a>\n\t\t\t\t<\/dt><\/dl><br style=\"clear: both\" \/><dl class='gallery-item'>\n\t\t\t\t<dt class='gallery-icon portrait'>\n\t\t\t\t\t<a class=\"rollover rollover-zoom dt-pswp-item\" title=\"197237176_489113672295774_6199049566880866997_n\" data-dt-img-description=\"\" data-large_image_width=\"206\" data-large_image_height=\"207\"href='https:\/\/www.radiopiu.net\/wordpress\/wp-content\/uploads\/2021\/06\/197237176_489113672295774_6199049566880866997_n.jpg'><img loading=\"lazy\" decoding=\"async\" width=\"150\" height=\"150\" src=\"https:\/\/www.radiopiu.net\/wordpress\/wp-content\/uploads\/2021\/06\/197237176_489113672295774_6199049566880866997_n-150x150.jpg\" class=\"attachment-thumbnail size-thumbnail\" alt=\"\" srcset=\"https:\/\/www.radiopiu.net\/wordpress\/wp-content\/uploads\/2021\/06\/197237176_489113672295774_6199049566880866997_n-150x150.jpg 150w, https:\/\/www.radiopiu.net\/wordpress\/wp-content\/uploads\/2021\/06\/197237176_489113672295774_6199049566880866997_n.jpg 206w\" sizes=\"auto, (max-width: 150px) 100vw, 150px\" \/><\/a>\n\t\t\t\t<\/dt><\/dl><dl class='gallery-item'>\n\t\t\t\t<dt class='gallery-icon landscape'>\n\t\t\t\t\t<a class=\"rollover rollover-zoom dt-pswp-item\" title=\"196676524_643737597025065_3658213581729258295_n\" data-dt-img-description=\"\" data-large_image_width=\"344\" data-large_image_height=\"206\"href='https:\/\/www.radiopiu.net\/wordpress\/wp-content\/uploads\/2021\/06\/196676524_643737597025065_3658213581729258295_n.jpg'><img loading=\"lazy\" decoding=\"async\" width=\"150\" height=\"150\" src=\"https:\/\/www.radiopiu.net\/wordpress\/wp-content\/uploads\/2021\/06\/196676524_643737597025065_3658213581729258295_n-150x150.jpg\" class=\"attachment-thumbnail size-thumbnail\" alt=\"\" \/><\/a>\n\t\t\t\t<\/dt><\/dl><dl class='gallery-item'>\n\t\t\t\t<dt class='gallery-icon portrait'>\n\t\t\t\t\t<a class=\"rollover rollover-zoom dt-pswp-item\" title=\"197281302_2898799120374842_32361633052773758_n\" data-dt-img-description=\"\" data-large_image_width=\"154\" data-large_image_height=\"296\"href='https:\/\/www.radiopiu.net\/wordpress\/wp-content\/uploads\/2021\/06\/197281302_2898799120374842_32361633052773758_n.jpg'><img loading=\"lazy\" decoding=\"async\" width=\"150\" height=\"150\" src=\"https:\/\/www.radiopiu.net\/wordpress\/wp-content\/uploads\/2021\/06\/197281302_2898799120374842_32361633052773758_n-150x150.jpg\" class=\"attachment-thumbnail size-thumbnail\" alt=\"\" \/><\/a>\n\t\t\t\t<\/dt><\/dl><dl class='gallery-item'>\n\t\t\t\t<dt class='gallery-icon landscape'>\n\t\t\t\t\t<a class=\"rollover rollover-zoom dt-pswp-item\" title=\"198096141_841467239825230_2282529914446932601_n\" data-dt-img-description=\"\" data-large_image_width=\"261\" data-large_image_height=\"206\"href='https:\/\/www.radiopiu.net\/wordpress\/wp-content\/uploads\/2021\/06\/198096141_841467239825230_2282529914446932601_n.jpg'><img loading=\"lazy\" decoding=\"async\" width=\"150\" height=\"150\" src=\"https:\/\/www.radiopiu.net\/wordpress\/wp-content\/uploads\/2021\/06\/198096141_841467239825230_2282529914446932601_n-150x150.jpg\" class=\"attachment-thumbnail size-thumbnail\" alt=\"\" \/><\/a>\n\t\t\t\t<\/dt><\/dl><br style=\"clear: both\" \/>\n\t\t\t<\/div>\n\n<p>&nbsp;<\/p>\n<p>NELLE FOTO (riproduzioni dal libro \u201cDallo smeraldo di Nerone agli occhiali del Cadore): il cavaliere del lavoro Ulisse Cargnel: svilupp\u00f2, primo in Italia, la produzione delle lenti in Cadore; nel 1907 il ministro Rava visit\u00f2 l\u2019occhialeria Cargnel; maestranze della ditta riprese nel 1907, a destra, in basso: Cargnel, Bepi Lozza, Arturo Fanton, Lucio Lozza, Tita Vecellio, Giorgio Fedon, Callisto Fedon; panoramica degli stabilimenti nel 1908; all\u2019inizio del secolo, la Cargnel era l\u2019unica in Italia a fabbricare l\u2019occhiale completo; anno 1907: concessa alla ditta Cargnel una medaglia d\u2019argento alla Esposizione di Budapest; sin dal 1900 la ditta calaltina si era specializzata nella fabbricazione di occhiali tipo \u201cstringinaso\u201d; gli occhiali moderni protettivi sono un importante oggetto di abbigliamento e la loro foggia varia continuamente.<\/p>\n","protected":false},"excerpt":{"rendered":"<p>&nbsp; di RENATO BONA BELLUNO Nell\u2019affascinante storia dell\u2019industria dell\u2019occhiale, messa nero su bianco dal dott. Enrico De Lotto, in occasione della \u201cMostra dell\u2019occhiale attraverso i secoli\u201d che \u2013 ad iniziativa della Camera di commercio, industria ed agricoltura di Belluno &#8211; era stata allestita nel palazzo della Magnifica comunit\u00e0 cadorina, a Pieve, in occasione dell\u2019edizione numero&hellip;<\/p>\n","protected":false},"author":4,"featured_media":214575,"comment_status":"closed","ping_status":"open","sticky":false,"template":"","format":"standard","meta":{"_monsterinsights_skip_tracking":false,"_monsterinsights_sitenote_active":false,"_monsterinsights_sitenote_note":"","_monsterinsights_sitenote_category":0,"footnotes":""},"categories":[104,49],"tags":[],"class_list":["post-214568","post","type-post","status-publish","format-standard","has-post-thumbnail","hentry","category-evidenza_3","category-news-18","category-104","category-49","description-off"],"img_url":"https:\/\/www.radiopiu.net\/wordpress\/wp-content\/uploads\/2021\/06\/197281302_2898799120374842_32361633052773758_n.jpg","_links":{"self":[{"href":"https:\/\/www.radiopiu.net\/wordpress\/wp-json\/wp\/v2\/posts\/214568","targetHints":{"allow":["GET"]}}],"collection":[{"href":"https:\/\/www.radiopiu.net\/wordpress\/wp-json\/wp\/v2\/posts"}],"about":[{"href":"https:\/\/www.radiopiu.net\/wordpress\/wp-json\/wp\/v2\/types\/post"}],"author":[{"embeddable":true,"href":"https:\/\/www.radiopiu.net\/wordpress\/wp-json\/wp\/v2\/users\/4"}],"replies":[{"embeddable":true,"href":"https:\/\/www.radiopiu.net\/wordpress\/wp-json\/wp\/v2\/comments?post=214568"}],"version-history":[{"count":0,"href":"https:\/\/www.radiopiu.net\/wordpress\/wp-json\/wp\/v2\/posts\/214568\/revisions"}],"wp:featuredmedia":[{"embeddable":true,"href":"https:\/\/www.radiopiu.net\/wordpress\/wp-json\/wp\/v2\/media\/214575"}],"wp:attachment":[{"href":"https:\/\/www.radiopiu.net\/wordpress\/wp-json\/wp\/v2\/media?parent=214568"}],"wp:term":[{"taxonomy":"category","embeddable":true,"href":"https:\/\/www.radiopiu.net\/wordpress\/wp-json\/wp\/v2\/categories?post=214568"},{"taxonomy":"post_tag","embeddable":true,"href":"https:\/\/www.radiopiu.net\/wordpress\/wp-json\/wp\/v2\/tags?post=214568"}],"curies":[{"name":"wp","href":"https:\/\/api.w.org\/{rel}","templated":true}]}}