{"id":214656,"date":"2021-06-08T05:29:21","date_gmt":"2021-06-08T03:29:21","guid":{"rendered":"https:\/\/www.radiopiu.net\/wordpress\/?p=214656"},"modified":"2021-06-08T05:47:16","modified_gmt":"2021-06-08T03:47:16","slug":"214656-2","status":"publish","type":"post","link":"https:\/\/www.radiopiu.net\/wordpress\/214656-2\/","title":{"rendered":"LA FAMIGLIA FRIGIMELICA GETTA LA SPUGNA, COSTI INSOSTENIBILI A MALGA FRAMONT"},"content":{"rendered":"<p align=\"center\"><i>Donazzolo: \u201cAffitti alti e taglio ai contributi, vogliono chiudere la montagna\u201d<\/i><\/p>\n<p><strong><a href=\"https:\/\/www.radiopiu.net\/wordpress\/giornale-radiopiu-08-giugno-2021-direttore-mirko-mezzacasa\/malga-framont2\/\" rel=\"attachment wp-att-214655\"><img loading=\"lazy\" decoding=\"async\" class=\" wp-image-214655 alignleft\" src=\"https:\/\/www.radiopiu.net\/wordpress\/wp-content\/uploads\/2021\/06\/Malga-Framont2-300x300.jpg\" alt=\"\" width=\"234\" height=\"234\" srcset=\"https:\/\/www.radiopiu.net\/wordpress\/wp-content\/uploads\/2021\/06\/Malga-Framont2-300x300.jpg 300w, https:\/\/www.radiopiu.net\/wordpress\/wp-content\/uploads\/2021\/06\/Malga-Framont2-1024x1024.jpg 1024w, https:\/\/www.radiopiu.net\/wordpress\/wp-content\/uploads\/2021\/06\/Malga-Framont2-150x150.jpg 150w, https:\/\/www.radiopiu.net\/wordpress\/wp-content\/uploads\/2021\/06\/Malga-Framont2-768x768.jpg 768w, https:\/\/www.radiopiu.net\/wordpress\/wp-content\/uploads\/2021\/06\/Malga-Framont2.jpg 1080w\" sizes=\"auto, (max-width: 234px) 100vw, 234px\" \/><\/a>BELLUNO<\/strong> Pochi contributi e pagati sempre in ritardo. Anche di tre anni. Sono i motivi per cui i gestori delle malghe fanno sempre pi\u00f9 fatica a sopravvivere, sotto il peso di costi sempre pi\u00f9 alti e problemi irrisolti come gli assalti del lupo e della fauna selvatica. Giacomo Frigimelica, da 14 anni gestore di Malga Framont, ad Agordo, passer\u00e0 l\u2019ultima estate in quota con le sue vacche e le sue pecore. Poi abbandoner\u00e0 quella che \u00e8 una delle mete pi\u00f9 amate dagli appassionati della natura, dell\u2019arrampicata e di formaggi dal sapore unico.<\/p>\n<p><em>\u201cMi piange il cuore lasciare quello che per me \u00e8 il pi\u00f9 bel posto delle Dolomiti, ma \u00e8 impossibile andare avanti \u2013 spiega Frigimelica, allevatore a Bolzano Bellunese e padre di Giulia, presidente dei giovani di <b>Confagricoltura Belluno<\/b>, che fa pure l\u2019allevatrice -. Paghiamo al Comune 10.700 euro di affitto per tre mesi, alle dieci di sera non c\u2019\u00e8 pi\u00f9 energia elettrica e andiamo a candele perch\u00e9 ci hanno messo i pannelli con due kilowatt di energia e Avepa, l\u2019agenzia regionale per i pagamenti in agricoltura, ci ha ridotto di un terzo i contributi e da tre anni, inoltre, non vediamo un euro. Il punto \u00e8 che i contributi vengono pagati a ettaro e, quando abbiamo preso in gestione la malga, gli ettari erano 105. Poi, gradualmente, ce li hanno diminuiti, fino ad arrivare ai 41 odierni. Vuol dire che prenderemo quasi un terzo di fondi e che non ce la faremo pi\u00f9 a pagare le spese di trasporto, il gasolio e neanche il dipendente che abbiamo sempre avuto. Quindi quest\u2019anno porter\u00f2 su le bestie per l\u2019ultima volta, poi ridurr\u00f2 il numero delle vacche e rester\u00f2 gi\u00f9 a Belluno. Non far\u00f2 pi\u00f9 formaggio, vender\u00f2 latte e basta\u201d. <\/em><a href=\"https:\/\/www.radiopiu.net\/wordpress\/giornale-radiopiu-08-giugno-2021-direttore-mirko-mezzacasa\/malga-framont-3\/\" rel=\"attachment wp-att-214653\"><img loading=\"lazy\" decoding=\"async\" class=\"size-medium wp-image-214653 alignright\" src=\"https:\/\/www.radiopiu.net\/wordpress\/wp-content\/uploads\/2021\/06\/Malga-Framont-300x225.jpg\" alt=\"\" width=\"300\" height=\"225\" srcset=\"https:\/\/www.radiopiu.net\/wordpress\/wp-content\/uploads\/2021\/06\/Malga-Framont-300x225.jpg 300w, https:\/\/www.radiopiu.net\/wordpress\/wp-content\/uploads\/2021\/06\/Malga-Framont-1024x768.jpg 1024w, https:\/\/www.radiopiu.net\/wordpress\/wp-content\/uploads\/2021\/06\/Malga-Framont-768x576.jpg 768w, https:\/\/www.radiopiu.net\/wordpress\/wp-content\/uploads\/2021\/06\/Malga-Framont.jpg 1080w\" sizes=\"auto, (max-width: 300px) 100vw, 300px\" \/><\/a>La vita del malgaro \u00e8 sempre pi\u00f9 dura tra maltempo e aumento incontrollato della fauna selvatica e dei lupi. La stagione avrebbe dovuto iniziare il 15 giugno, ma partir\u00e0 in ritardo perch\u00e9 fa ancora freddo e anche l\u2019erba stenta a crescere. \u201cNon vedo bene la situazione per gli amici degli alpeggi \u2013 sottolinea <b>Diego Donazzolo<\/b>, presidente di <b> Confagricoltura Belluno<\/b> -. I danni da fauna sono in aumento, gli affitti sono alti e il bosco continua ad avanzare. In pi\u00f9, con il freddo, il periodo di alpeggio quest\u2019anno sar\u00e0 pi\u00f9 corto e questo significa che gli animali mangiano a casa e per l\u2019azienda aumentano i costi. Se poi guardiamo dal punto di vista del turismo, se non fa caldo la gente non viene in montagna e quindi tutte le attivit\u00e0 connesse all\u2019alpeggio perdono redditivit\u00e0\u201d. <b>Senza sostegni, quindi, \u00e8 evidente che la montagna andr\u00e0 a morire<\/b>.\u00a0 \u201cChieder\u00f2 un incontro urgentissimo con i vertici regionali di Avepa \u2013 annuncia Donazzolo -, che \u00e8 sempre pi\u00f9 lontana dalla realt\u00e0 agricola e zootecnica. \u00c8 inammissibile che le malghe siano costrette a pagare tecnici per certificare la presenza dei pascoli e che poi si vedano riconosciute contributi sempre pi\u00f9 inconsistenti, che non bastano neppure a sostenere i costi. Vogliono che le malghe chiudano? Ce lo dicano, ma sappiano che senza gli agricoltori che tengono puliti e in ordine i pascoli andr\u00e0 a morire non solo il turismo, ma la montagna stessa, che diventer\u00e0 impraticabile e invasa sempre di pi\u00f9 da cervi, cinghiali e lupi\u201d.<\/p>\n","protected":false},"excerpt":{"rendered":"<p>Donazzolo: \u201cAffitti alti e taglio ai contributi, vogliono chiudere la montagna\u201d BELLUNO Pochi contributi e pagati sempre in ritardo. Anche di tre anni. Sono i motivi per cui i gestori delle malghe fanno sempre pi\u00f9 fatica a sopravvivere, sotto il peso di costi sempre pi\u00f9 alti e problemi irrisolti come gli assalti del lupo e&hellip;<\/p>\n","protected":false},"author":4,"featured_media":214654,"comment_status":"closed","ping_status":"open","sticky":false,"template":"","format":"standard","meta":{"_monsterinsights_skip_tracking":false,"_monsterinsights_sitenote_active":false,"_monsterinsights_sitenote_note":"","_monsterinsights_sitenote_category":0,"footnotes":""},"categories":[104,49],"tags":[],"class_list":["post-214656","post","type-post","status-publish","format-standard","has-post-thumbnail","hentry","category-evidenza_3","category-news-18","category-104","category-49","description-off"],"img_url":"https:\/\/www.radiopiu.net\/wordpress\/wp-content\/uploads\/2021\/06\/Giacomo-Frigimelica-con-la-figlia-Giulia.jpg","_links":{"self":[{"href":"https:\/\/www.radiopiu.net\/wordpress\/wp-json\/wp\/v2\/posts\/214656","targetHints":{"allow":["GET"]}}],"collection":[{"href":"https:\/\/www.radiopiu.net\/wordpress\/wp-json\/wp\/v2\/posts"}],"about":[{"href":"https:\/\/www.radiopiu.net\/wordpress\/wp-json\/wp\/v2\/types\/post"}],"author":[{"embeddable":true,"href":"https:\/\/www.radiopiu.net\/wordpress\/wp-json\/wp\/v2\/users\/4"}],"replies":[{"embeddable":true,"href":"https:\/\/www.radiopiu.net\/wordpress\/wp-json\/wp\/v2\/comments?post=214656"}],"version-history":[{"count":0,"href":"https:\/\/www.radiopiu.net\/wordpress\/wp-json\/wp\/v2\/posts\/214656\/revisions"}],"wp:featuredmedia":[{"embeddable":true,"href":"https:\/\/www.radiopiu.net\/wordpress\/wp-json\/wp\/v2\/media\/214654"}],"wp:attachment":[{"href":"https:\/\/www.radiopiu.net\/wordpress\/wp-json\/wp\/v2\/media?parent=214656"}],"wp:term":[{"taxonomy":"category","embeddable":true,"href":"https:\/\/www.radiopiu.net\/wordpress\/wp-json\/wp\/v2\/categories?post=214656"},{"taxonomy":"post_tag","embeddable":true,"href":"https:\/\/www.radiopiu.net\/wordpress\/wp-json\/wp\/v2\/tags?post=214656"}],"curies":[{"name":"wp","href":"https:\/\/api.w.org\/{rel}","templated":true}]}}