{"id":214704,"date":"2021-06-09T05:50:13","date_gmt":"2021-06-09T03:50:13","guid":{"rendered":"https:\/\/www.radiopiu.net\/wordpress\/?p=214704"},"modified":"2021-06-09T09:58:36","modified_gmt":"2021-06-09T07:58:36","slug":"giornale-radiopiu-09-giugno-2021-direttore-mirko-mezzacasa","status":"publish","type":"post","link":"https:\/\/www.radiopiu.net\/wordpress\/giornale-radiopiu-09-giugno-2021-direttore-mirko-mezzacasa\/","title":{"rendered":"GIORNALE RADIOPIU 09 GIUGNO 2021 DIRETTORE MIRKO MEZZACASA"},"content":{"rendered":"<p>&nbsp;<\/p>\n<h3><span style=\"color: #0000ff;\">PER<strong>\u00a0RICEVERE QUESTO NOTIZIARIO DIRETTAMENTE SUL TUO CELLULARE ISCRIVITI AL CANALE TELEGRAM\u00a0<\/strong><strong>\u201cRADIO PIU\u00a0 INFORMAZIONE\u201d\u00a0 \u00a0 \u00a0<\/strong><\/span><\/h3>\n<p>&nbsp;<\/p>\n<blockquote>\n<h3>DEDICATO AI LADIN DEL POI, AL NUOVO GRAFFITO DI DUNIO PICCOLIN CON GLI STUDENTI DELLA SCUOLA PRIMARIA, AL PAESE DI OLTACH. RIPRESE DRONE di Emanuele<\/h3>\n<p><span style=\"color: #ff0000;\">DOMENICA A VOLTAGO AGORDINO,\u00a0 DAL DRONE DI EMANUELE AGRIMI<\/span><\/p><\/blockquote>\n<p><iframe loading=\"lazy\" title=\"Drone remix\" width=\"1200\" height=\"675\" src=\"https:\/\/www.youtube.com\/embed\/GCh3OX9Dhfk?feature=oembed\" frameborder=\"0\" allow=\"accelerometer; autoplay; clipboard-write; encrypted-media; gyroscope; picture-in-picture\" allowfullscreen><\/iframe><\/p>\n<p>&nbsp;<\/p>\n<p>&nbsp;<\/p>\n<hr \/>\n<p>&nbsp;<\/p>\n<p><em><a href=\"https:\/\/www.radiopiu.net\/wordpress\/giornale-radiopiu-24-gennaio-2021-direttore-mirko-mezzacasa\/79216601_126817312416448_708980208774483089_n\/\" rel=\"attachment wp-att-186567\"><img loading=\"lazy\" decoding=\"async\" class=\"size-medium wp-image-186567 alignleft\" src=\"https:\/\/www.radiopiu.net\/wordpress\/wp-content\/uploads\/2021\/01\/79216601_126817312416448_708980208774483089_n-300x114.jpg\" sizes=\"auto, (max-width: 300px) 100vw, 300px\" srcset=\"https:\/\/www.radiopiu.net\/wordpress\/wp-content\/uploads\/2021\/01\/79216601_126817312416448_708980208774483089_n-300x114.jpg 300w, https:\/\/www.radiopiu.net\/wordpress\/wp-content\/uploads\/2021\/01\/79216601_126817312416448_708980208774483089_n-768x292.jpg 768w, https:\/\/www.radiopiu.net\/wordpress\/wp-content\/uploads\/2021\/01\/79216601_126817312416448_708980208774483089_n.jpg 820w\" alt=\"\" width=\"300\" height=\"114\" \/><\/a>A<\/em><em>PP PER IOS-IPHONE di Nicola Vettorello <\/em><a href=\"https:\/\/apps.apple.com\/it\/app\/radio-pi%C3%B9-emittente-agordina\/id1515939845\">https:\/\/apps.apple.com\/it\/app\/radio-pi%C3%B9-emittente-agordina\/id1515939845<\/a><\/p>\n<p><em>ATTENZIONE: LA NUOVA APP RADIO\u00a0 PER ANDROID di Nicola Vettorello<\/em><\/p>\n<p><a href=\"https:\/\/play.google.com\/store\/apps\/details?id=net.radiopiu.iniko\" target=\"_blank\" rel=\"noopener noreferrer\">https:\/\/play.google.com\/store\/apps\/details?id=net.radiopiu.iniko<\/a><\/p>\n<p>&nbsp;<\/p>\n<p>&nbsp;<\/p>\n<hr \/>\n<p>&nbsp;<\/p>\n<blockquote><p><strong>DALLE 17 DI IERI E&#8217; RIAPERTA LA PROVINCIALE 2 DELLA VALLE DEL MIS PRECEDENTEMENTE INTERROTTA PER FRANA (DA SABATO) TRA GENA E TITELE<\/strong><\/p><\/blockquote>\n<p><strong><img loading=\"lazy\" decoding=\"async\" class=\"alignleft\" src=\"https:\/\/www.radiopiu.net\/wordpress\/wp-content\/uploads\/2020\/09\/b02367e5-1196-46a9-ae96-15143d25c59f.jpg\" width=\"258\" height=\"129\" \/>VOLTAGO<\/strong>\u00a0 Da oggi\u00a0 al 3 luglio, domeniche escluse, per consentire i lavori di esbosco\u00a0 interdizione totale alla circolazione\u00a0 dalle 8 alle 17 lungo la Strada provinciale 26 \u201cdi Digoman\u201d, nei comuni di Rivamonte e Voltago Agordino.\u00a0 Nei periodi non interessati dalle chiusure sar\u00e0 istituto il senso unico alternato regolato da impianto semaforico.<\/p>\n<p>&nbsp;<\/p>\n<p><span style=\"color: #ff0000;\">ALTRE INTERRUZIONI TOTALI<\/span><\/p>\n<p><strong><span style=\"color: #ff0000;\"><span style=\"color: #000000;\">GIRO DEL PIAVE,<\/span>\u00a0<\/span><\/strong><span style=\"color: #000000;\"> Domenica 13 giugno arrivo ai Piani di Pezze&#8217;. La strada sar\u00e0 chiusa sia in salita che in discesa da Alleghe ai Piani di Pezz\u00e8 dalle 15 alle 17.<\/span><\/p>\n<p><b>GALLERIA \u2018COMELICO\u00a0<\/b>fino al 31 luglio\u00a0 dalle 21 alle\u00a0 6 la galleria sar\u00e0 chiusa al traffico. Per i veicoli pesanti trainanti un rimorchio \u00e8 prevista la deviazione sulla SR 48 \u201cdelle Dolomiti e sulla SP 49 \u201cMisurina\u201d,\u00a0 \u00a0il traffico pesante sar\u00e0 deviato lungo la SP 532 \u201cPasso S. Antonio\u201d. Il traffico leggero\u00a0 sulla SP 532.<\/p>\n<p><strong>PROVINCIALE 3 VALLE IMPERINA,\u00a0\u00a0<\/strong>FINO ALL\u201911 GIUGNO INTERRUZIONE TOTALE ALLA VIABILITA\u2019 PER LAVORI DI ESBOSCO DALLE 8 ALLE 9.45, DALLE 10 ALLE 12, DALLE 13.45 ALLE 15.50 E DALLE 16.10 ALLE 17.30<\/p>\n<p><span style=\"color: #ff0000;\">INTERRUZIONI FINO A 20 MINUTI<\/span><\/p>\n<p><strong>48 DELLE DOLOMITI<\/strong>\u00a0Fino al 16 luglio da Pieve di Livinallongo ad Arabba si potr\u00e0 transitare ma in determinate fasce orarie. Dalle 7 del mattino alle 18 sono infatti previste interruzioni fino a 20 minuti per permettere i lavori di esbosco e realizzazione paramassi. Per tutta la durata dei lavori senso unico alternato nei periodi non interessati delle interruzioni.<\/p>\n<p><strong>REGIONALE 203 AGORDINA\u00a0<\/strong>\u00a0Fino al 18 giugno\u00a0 Dalle 7 alle 18 (esclusi festivi e prefestivi) tra Ru Sech e Zunaia,\u00a0 interruzioni della durata massima di 20 minuti e senso unico alternato nei periodi non interessati dalle interruzioni<\/p>\n<p>&nbsp;<\/p>\n<hr \/>\n<p>&nbsp;<\/p>\n<blockquote>\n<h3>IL POOH ROBY FACCHINETTI IL 24 LUGLIO A LE BUSE DI FALCADE<\/h3>\n<\/blockquote>\n<p><strong><a class=\"dt-pswp-item\" href=\"https:\/\/www.radiopiu.net\/wordpress\/wp-content\/uploads\/2021\/06\/5596534a-febd-4df2-9b68-21c2440ddcc0.jpg\" data-dt-img-description=\"\" data-large_image_width=\"1600\" data-large_image_height=\"1600\"><img loading=\"lazy\" decoding=\"async\" class=\" wp-image-214770 alignleft\" src=\"https:\/\/www.radiopiu.net\/wordpress\/wp-content\/uploads\/2021\/06\/5596534a-febd-4df2-9b68-21c2440ddcc0-300x300.jpg\" alt=\"\" width=\"191\" height=\"191\" srcset=\"https:\/\/www.radiopiu.net\/wordpress\/wp-content\/uploads\/2021\/06\/5596534a-febd-4df2-9b68-21c2440ddcc0-300x300.jpg 300w, https:\/\/www.radiopiu.net\/wordpress\/wp-content\/uploads\/2021\/06\/5596534a-febd-4df2-9b68-21c2440ddcc0-1024x1024.jpg 1024w, https:\/\/www.radiopiu.net\/wordpress\/wp-content\/uploads\/2021\/06\/5596534a-febd-4df2-9b68-21c2440ddcc0-150x150.jpg 150w, https:\/\/www.radiopiu.net\/wordpress\/wp-content\/uploads\/2021\/06\/5596534a-febd-4df2-9b68-21c2440ddcc0-768x768.jpg 768w, https:\/\/www.radiopiu.net\/wordpress\/wp-content\/uploads\/2021\/06\/5596534a-febd-4df2-9b68-21c2440ddcc0-1536x1536.jpg 1536w, https:\/\/www.radiopiu.net\/wordpress\/wp-content\/uploads\/2021\/06\/5596534a-febd-4df2-9b68-21c2440ddcc0.jpg 1600w\" sizes=\"auto, (max-width: 191px) 100vw, 191px\" \/><\/a><\/strong><\/p>\n<p><strong>FALCADE<\/strong> Nei prossimi giorni si apriranno le prenotazioni per il concerto a Le Buse, per il terzo anno consecutivo. Un concerto ad entrata libera, le offerte saranno devolute alle associazioni di volontariato. Con l&#8217;orchestra del maestro Diego Basso un grande protagonista della musica italiana, Roby Facchinetti dei Pooh. Oggi alle 15.10 lo speciale alla radio con Renzo Minella responsabile Marketing area San Pellegrino<\/p>\n<p>&nbsp;<\/p>\n<p><strong> l&#8217;anticipazione nel servizio di Claudio Fontanive\u00a0<\/strong><\/p>\n<audio class=\"wp-audio-shortcode\" id=\"audio-214704-1\" preload=\"none\" style=\"width: 100%;\" controls=\"controls\"><source type=\"audio\/mpeg\" src=\"https:\/\/www.radiopiu.net\/wordpress\/wp-content\/uploads\/2021\/06\/minella-estate1111111.mp3?_=1\" \/><a href=\"https:\/\/www.radiopiu.net\/wordpress\/wp-content\/uploads\/2021\/06\/minella-estate1111111.mp3\">https:\/\/www.radiopiu.net\/wordpress\/wp-content\/uploads\/2021\/06\/minella-estate1111111.mp3<\/a><\/audio>\n<p>&nbsp;<\/p>\n<hr \/>\n<p>&nbsp;<\/p>\n<blockquote>\n<h3>ATTIVAZIONE RACCOLTA FONDI PER L&#8217;INCENDIO DI CANAZEI A COLLE SANTA LUCIA<\/h3>\n<\/blockquote>\n<p><strong><a href=\"https:\/\/www.radiopiu.net\/wordpress\/ancora-al-lavoro-i-vigili-del-fuoco-a-canazei-di-colle-santa-lucia\/1a1a094a-7a44-4ffc-8b60-56b1a06b12e8\/\" rel=\"attachment wp-att-214046\"><img loading=\"lazy\" decoding=\"async\" class=\" wp-image-214046 alignleft\" src=\"https:\/\/www.radiopiu.net\/wordpress\/wp-content\/uploads\/2021\/06\/1a1a094a-7a44-4ffc-8b60-56b1a06b12e8-300x225.jpg\" alt=\"\" width=\"227\" height=\"170\" srcset=\"https:\/\/www.radiopiu.net\/wordpress\/wp-content\/uploads\/2021\/06\/1a1a094a-7a44-4ffc-8b60-56b1a06b12e8-300x225.jpg 300w, https:\/\/www.radiopiu.net\/wordpress\/wp-content\/uploads\/2021\/06\/1a1a094a-7a44-4ffc-8b60-56b1a06b12e8-1024x768.jpg 1024w, https:\/\/www.radiopiu.net\/wordpress\/wp-content\/uploads\/2021\/06\/1a1a094a-7a44-4ffc-8b60-56b1a06b12e8-768x576.jpg 768w, https:\/\/www.radiopiu.net\/wordpress\/wp-content\/uploads\/2021\/06\/1a1a094a-7a44-4ffc-8b60-56b1a06b12e8.jpg 1280w\" sizes=\"auto, (max-width: 227px) 100vw, 227px\" \/><\/a>COLLE SANTA LUCIA <\/strong>In seguito all&#8217;incendio sviluppatosi nel pomeriggio di venerd\u00ec 4 giugno 2021 a Canazei frazione in Comune di Colle Santa Lucia, la giunta municipale del Comune di Colle Santa Lucia approvato una delibera contenente l&#8217;attivazione di una sottoscrizione di fondi sul conto di tesoreria comunale, con l&#8217;obiettivo di sostenere la fase di prima emergenza, messa in sicurezza e recupero delle zone danneggiate dall&#8217;incendio. Le donazioni potranno essere effettuate al seguente conto corrente bancario Unicredit banca SPA intestato al Comune di Colle Santa Lucia: IT15A0200861000000002713253 inserendo la seguente causale: \u201cIncendio Canazei di Colle Santa Lucia del 4 giugno 2021\u201d.<\/p>\n<p><strong>DI GIANNI SANTOMASO\u00a0\u00a0<\/strong><\/p>\n<audio class=\"wp-audio-shortcode\" id=\"audio-214704-2\" preload=\"none\" style=\"width: 100%;\" controls=\"controls\"><source type=\"audio\/mpeg\" src=\"https:\/\/www.radiopiu.net\/wordpress\/wp-content\/uploads\/2021\/06\/gianni-conto.mp3?_=2\" \/><a href=\"https:\/\/www.radiopiu.net\/wordpress\/wp-content\/uploads\/2021\/06\/gianni-conto.mp3\">https:\/\/www.radiopiu.net\/wordpress\/wp-content\/uploads\/2021\/06\/gianni-conto.mp3<\/a><\/audio>\n<p>&nbsp;<\/p>\n<div class=\"kvgmc6g5 cxmmr5t8 oygrvhab hcukyx3x c1et5uql ii04i59q\">\n<blockquote>\n<h3 dir=\"auto\">QUELLO CHE RIMANE DOPO IL FURIOSO INCENDIO<\/h3>\n<\/blockquote>\n<\/div>\n<div dir=\"auto\">\n\n\t\t\t<style type='text\/css'>\n\t\t\t\t#gallery-1 {\n\t\t\t\t\tmargin: auto;\n\t\t\t\t}\n\t\t\t\t#gallery-1 .gallery-item {\n\t\t\t\t\tfloat: left;\n\t\t\t\t\tmargin-top: 10px;\n\t\t\t\t\ttext-align: center;\n\t\t\t\t\twidth: 33%;\n\t\t\t\t}\n\t\t\t\t#gallery-1 img {\n\t\t\t\t\tborder: 2px solid #cfcfcf;\n\t\t\t\t}\n\t\t\t\t#gallery-1 .gallery-caption {\n\t\t\t\t\tmargin-left: 0;\n\t\t\t\t}\n\t\t\t\t\/* see gallery_shortcode() in wp-includes\/media.php *\/\n\t\t\t<\/style>\n\t\t<div id='gallery-1' class='dt-gallery-container gallery galleryid-214704 gallery-columns-3 gallery-size-thumbnail'><dl class='gallery-item'>\n\t\t\t\t<dt class='gallery-icon landscape'>\n\t\t\t\t\t<a class=\"rollover rollover-zoom dt-pswp-item\" title=\"196879286_987011735171763_8886419436707564149_n\" data-dt-img-description=\"\" data-large_image_width=\"600\" data-large_image_height=\"450\"href='https:\/\/www.radiopiu.net\/wordpress\/wp-content\/uploads\/2021\/06\/196879286_987011735171763_8886419436707564149_n.jpg'><img loading=\"lazy\" decoding=\"async\" width=\"150\" height=\"150\" src=\"https:\/\/www.radiopiu.net\/wordpress\/wp-content\/uploads\/2021\/06\/196879286_987011735171763_8886419436707564149_n-150x150.jpg\" class=\"attachment-thumbnail size-thumbnail\" alt=\"\" \/><\/a>\n\t\t\t\t<\/dt><\/dl><dl class='gallery-item'>\n\t\t\t\t<dt class='gallery-icon landscape'>\n\t\t\t\t\t<a class=\"rollover rollover-zoom dt-pswp-item\" title=\"194847665_987011798505090_1550191163843784012_n\" data-dt-img-description=\"\" data-large_image_width=\"600\" data-large_image_height=\"450\"href='https:\/\/www.radiopiu.net\/wordpress\/wp-content\/uploads\/2021\/06\/194847665_987011798505090_1550191163843784012_n.jpg'><img loading=\"lazy\" decoding=\"async\" width=\"150\" height=\"150\" src=\"https:\/\/www.radiopiu.net\/wordpress\/wp-content\/uploads\/2021\/06\/194847665_987011798505090_1550191163843784012_n-150x150.jpg\" class=\"attachment-thumbnail size-thumbnail\" alt=\"\" \/><\/a>\n\t\t\t\t<\/dt><\/dl><dl class='gallery-item'>\n\t\t\t\t<dt class='gallery-icon landscape'>\n\t\t\t\t\t<a class=\"rollover rollover-zoom dt-pswp-item\" title=\"197361557_987011775171759_1215655654723479750_n\" data-dt-img-description=\"\" data-large_image_width=\"600\" data-large_image_height=\"480\"href='https:\/\/www.radiopiu.net\/wordpress\/wp-content\/uploads\/2021\/06\/197361557_987011775171759_1215655654723479750_n.jpg'><img loading=\"lazy\" decoding=\"async\" width=\"150\" height=\"150\" src=\"https:\/\/www.radiopiu.net\/wordpress\/wp-content\/uploads\/2021\/06\/197361557_987011775171759_1215655654723479750_n-150x150.jpg\" class=\"attachment-thumbnail size-thumbnail\" alt=\"\" \/><\/a>\n\t\t\t\t<\/dt><\/dl><br style=\"clear: both\" \/>\n\t\t\t<\/div>\n\n<\/div>\n<div dir=\"auto\"><\/div>\n<div dir=\"auto\">\n<p><strong>dai Pompieri Volontari di Colle Santa Lucia\u00a0<\/strong><\/p>\n<\/div>\n<div class=\"o9v6fnle cxmmr5t8 oygrvhab hcukyx3x c1et5uql ii04i59q\">\n<div dir=\"auto\"><em>Sono tante le sensazioni che si provano nell&#8217;osservare ci\u00f2 che \u00e8 rimasto, ma una su tutte prevale. L&#8217;amarezza del vedere un pezzo di storia del nostro paese andato letteralmente in fumo. Noi, come tutte le squadre di Vigili del Fuoco, volontari e permanenti, ma anche come tutti i cittadini che sono accorsi sul posto per dare una mano, ce l&#8217;abbiamo messa davvero tutta cercando di salvare quanto pi\u00f9 possibile. Un pensiero va a coloro che son stati maggiormente toccati da questo disastro<\/em><\/div>\n<\/div>\n<p>&nbsp;<\/p>\n<p>&nbsp;<\/p>\n<hr \/>\n<p>&nbsp;<\/p>\n<blockquote>\n<h3>COLTA DA MALORE CADE IN STRADA<\/h3>\n<p><strong>BELLUNO<\/strong> Ieri pomeriggio una donna \u00e8\u00a0 stata colta da malore, nessuna conseguenza grave per fortuna, ma lo spavento per la donna non \u00e8 mancato. E&#8217;stata soccorsa dall&#8217;ambulanza inviata dal Suem in prossimit\u00e0 dell&#8217;Enoteca Mendoza dopo l&#8217;allarme dato dai passanti. Ha perso l&#8217;equilibrio mentre in sella alla bicicletta viaggiava in direzione del centro ma ha accusato un malessere. Sono intervenuti i sanitari e agli agenti della polizia di Stato. La donna era cosciente ed \u00e8 stata trasferita al pronto soccorso per accertamenti.<\/p>\n<p>&nbsp;<\/p><\/blockquote>\n<hr \/>\n<p>&nbsp;<\/p>\n<h3>IL QUINDICENNE FOLGORATO DAL CONGELATORE FUORI DALL&#8217;AREA INTENSIVA <em>Conclusi gli accertamenti clinici, per il ragazzo potrebbe per\u00f2 venir disposto il trasferimento all&#8217;ospedale di Feltre<\/em><\/h3>\n<blockquote><p><strong>CESIOMAGGIORE<\/strong> \u00a0Il giovane fologorato dal congelatore a casa dei nonni ha\u00a0 lasciato il reparto intensivo di Treviso ed \u00e8 stato trasferito in un reparto normale di degenza, in attesa di un possibile trasferimento al Santa Maria del Prato\u00a0 di Feltre.\u00a0 Dunque in deciso miglioramento le condizioni del quindicenne di San Gregorio.<\/p><\/blockquote>\n<p>&nbsp;<\/p>\n<hr \/>\n<p>&nbsp;<\/p>\n<blockquote>\n<h2>LUXOTTICA AIUTA E LA ULSS POTENZIA I PUNTI VACCINALI DI SEDICO E AGORDO<\/h2>\n<\/blockquote>\n<p><a class=\"dt-pswp-item\" href=\"https:\/\/www.radiopiu.net\/wordpress\/wp-content\/uploads\/2021\/06\/download-1.jpg\" data-dt-img-description=\"\" data-large_image_width=\"285\" data-large_image_height=\"177\"><img loading=\"lazy\" decoding=\"async\" class=\" wp-image-214801 alignleft\" src=\"https:\/\/www.radiopiu.net\/wordpress\/wp-content\/uploads\/2021\/06\/download-1.jpg\" alt=\"\" width=\"250\" height=\"155\" \/><\/a>Cinque sei positivi al giorno, 119 positivi attuali, 3 covid positivi a Belluno in area non critica, nessun paziente in terapia intensiva e 4 in ospedale di comunit\u00e0, possiamo dire che sta andando bene anche con l&#8217;incidenza scesa a 10 (da 16), da ieri siamo in area bianca e riprendono le attivit\u00e0 della nostra vita sociale con l&#8217;invito alla prudenza. Campagna vaccinale, 10 minuti fa: 52 mila i cicli completi (prima e seconda dose) popolazione residente prima dose 52,1% della popolazione. Ad oggi abbiamo aperto per la fascia d&#8217;et\u00e0 12-17 anni e abbiamo oltre 2000 prenotati, 18-39 anni 9919 prenotazioni, aperto alle aziende del turismo con 1500 posti prenotabili al momento circa 260 prenotazioni. E&#8217; un settore molto importante per il territorio. Fino al 4 agosto 21500 prenotazioni con il sistema del portale. Dal\u00a0 aprile al 4 agosto il sistema ha retto per 59mila prenotazioni, numeri importanti. Da oggi si puo&#8217; prenotare con qualsiasi fascia d&#8217;et\u00e0 con l&#8217;invito a farsi avanti chi opera nel turismo ma anche nelle cerimonie come i matrimoni che prevedono la corsia preferenziale tramite il portale dedicato. <strong>Grazie a Luxottica raddoppiata la linea produttiva a Sedico e sempre con Luxottica potenziato anche il punto di Agordo.<\/strong><\/p>\n<p><strong>IL DOTTOR SANDRO CINQUETTI<\/strong><\/p>\n<audio class=\"wp-audio-shortcode\" id=\"audio-214704-3\" preload=\"none\" style=\"width: 100%;\" controls=\"controls\"><source type=\"audio\/mpeg\" src=\"https:\/\/www.radiopiu.net\/wordpress\/wp-content\/uploads\/2021\/06\/CINQUETTI.mp3?_=3\" \/><a href=\"https:\/\/www.radiopiu.net\/wordpress\/wp-content\/uploads\/2021\/06\/CINQUETTI.mp3\">https:\/\/www.radiopiu.net\/wordpress\/wp-content\/uploads\/2021\/06\/CINQUETTI.mp3<\/a><\/audio>\n<p><strong>\u00a0<\/strong><\/p>\n<p><strong>IL DIRETTORE MARIA GRAZIA CARRARO<\/strong><\/p>\n<audio class=\"wp-audio-shortcode\" id=\"audio-214704-4\" preload=\"none\" style=\"width: 100%;\" controls=\"controls\"><source type=\"audio\/mpeg\" src=\"https:\/\/www.radiopiu.net\/wordpress\/wp-content\/uploads\/2021\/06\/CARRARO.mp3?_=4\" \/><a href=\"https:\/\/www.radiopiu.net\/wordpress\/wp-content\/uploads\/2021\/06\/CARRARO.mp3\">https:\/\/www.radiopiu.net\/wordpress\/wp-content\/uploads\/2021\/06\/CARRARO.mp3<\/a><\/audio>\n<p>&nbsp;<\/p>\n<p>https:\/\/www.facebook.com\/Mirkomezziano\/videos\/2982095542073212<\/p>\n<p>&nbsp;<\/p>\n<p>&nbsp;<\/p>\n<hr \/>\n<p>&nbsp;<\/p>\n<blockquote>\n<h3>SITUAZIONE EPIDEMIOLOGICA: 119 positivi 3 ricoverati in area non critica<\/h3>\n<\/blockquote>\n<p align=\"LEFT\">Incidenza settimanale (31 maggio \u2013 6 giugno): 10 su 100 mila abitanti.\u00a0 Campagna vaccinale: dosi somministrate totali:144.342 cicli completi totali: 52.652 % popolazione con almeno una dose: 52,1%<\/p>\n<table border=\"1\" width=\"655\" rules=\"GROUPS\" cellspacing=\"0\" cellpadding=\"5\">\n<colgroup>\n<col width=\"54\" \/>\n<col width=\"78\" \/> <\/colgroup>\n<colgroup>\n<col width=\"75\" \/> <\/colgroup>\n<colgroup>\n<col width=\"71\" \/> <\/colgroup>\n<colgroup>\n<col width=\"77\" \/> <\/colgroup>\n<colgroup>\n<col width=\"75\" \/> <\/colgroup>\n<colgroup>\n<col width=\"67\" \/> <\/colgroup>\n<colgroup>\n<col width=\"76\" \/> <\/colgroup>\n<tbody>\n<tr valign=\"BOTTOM\">\n<td width=\"54\" height=\"50\">\n<p align=\"LEFT\"><span style=\"color: #000000;\">et\u00e0<\/span><\/p>\n<\/td>\n<td bgcolor=\"#00b0f0\" width=\"78\">\n<p align=\"LEFT\"><span style=\"color: #000000;\">popolazione ISTAT<\/span><\/p>\n<\/td>\n<td bgcolor=\"#00b0f0\" width=\"75\">\n<p align=\"LEFT\"><span style=\"color: #000000;\">1 dose<\/span><\/p>\n<\/td>\n<td bgcolor=\"#00b0f0\" width=\"71\">\n<p align=\"LEFT\"><span style=\"color: #000000;\">% copertura 1 dose<\/span><\/p>\n<\/td>\n<td bgcolor=\"#00b0f0\" width=\"77\">\n<p align=\"LEFT\"><span style=\"color: #000000;\">cicli completi<\/span><\/p>\n<\/td>\n<td bgcolor=\"#00b0f0\" width=\"75\">\n<p align=\"LEFT\"><span style=\"color: #000000;\">%copertura cicli completi<\/span><\/p>\n<\/td>\n<td bgcolor=\"#00b0f0\" width=\"67\">\n<p align=\"LEFT\"><span style=\"color: #000000;\">ancora da vaccinare<\/span><\/p>\n<\/td>\n<td bgcolor=\"#00b0f0\" width=\"76\">\n<p align=\"LEFT\"><span style=\"color: #000000;\">% ancora da vaccinare<\/span><\/p>\n<\/td>\n<\/tr>\n<tr valign=\"BOTTOM\">\n<td width=\"54\" height=\"10\">\n<p align=\"LEFT\"><span style=\"color: #000000;\">40-49 anni<\/span><\/p>\n<\/td>\n<td width=\"78\">\n<p align=\"RIGHT\"><span style=\"color: #000000;\">28.732<\/span><\/p>\n<\/td>\n<td width=\"75\">\n<p align=\"RIGHT\"><span style=\"color: #000000;\"><span style=\"font-size: small;\"><span lang=\"it-IT\">5259<\/span><\/span><\/span><\/p>\n<\/td>\n<td width=\"71\">\n<p align=\"RIGHT\"><span style=\"color: #000000;\"><span style=\"font-size: small;\"><span lang=\"it-IT\">18,3%<\/span><\/span><\/span><\/p>\n<\/td>\n<td width=\"77\">\n<p align=\"RIGHT\"><span style=\"color: #000000;\"><span style=\"font-size: small;\"><span lang=\"it-IT\">3627<\/span><\/span><\/span><\/p>\n<\/td>\n<td width=\"75\">\n<p align=\"RIGHT\"><span style=\"color: #000000;\">12,6%<\/span><\/p>\n<\/td>\n<td width=\"67\">\n<p align=\"RIGHT\"><span style=\"color: #000000;\"><span style=\"font-size: small;\"><span lang=\"it-IT\">19846<\/span><\/span><\/span><\/p>\n<\/td>\n<td width=\"76\">\n<p align=\"RIGHT\"><span style=\"color: #000000;\">69,1%<\/span><\/p>\n<\/td>\n<\/tr>\n<\/tbody>\n<tbody>\n<tr valign=\"BOTTOM\">\n<td width=\"54\" height=\"10\">\n<p align=\"LEFT\"><span style=\"color: #000000;\">50-59 anni<\/span><\/p>\n<\/td>\n<td width=\"78\">\n<p align=\"RIGHT\"><span style=\"color: #000000;\">33.149<\/span><\/p>\n<\/td>\n<td width=\"75\">\n<p align=\"RIGHT\"><span style=\"color: #000000;\"><span style=\"font-size: small;\"><span lang=\"it-IT\">13631<\/span><\/span><\/span><\/p>\n<\/td>\n<td width=\"71\">\n<p align=\"RIGHT\"><span style=\"color: #000000;\"><span style=\"font-size: small;\"><span lang=\"it-IT\">41,1<\/span><\/span><\/span><span style=\"color: #000000;\">%<\/span><\/p>\n<\/td>\n<td width=\"77\">\n<p align=\"RIGHT\"><span style=\"color: #000000;\"><span style=\"font-size: small;\"><span lang=\"it-IT\">5854<\/span><\/span><\/span><\/p>\n<\/td>\n<td width=\"75\">\n<p align=\"RIGHT\"><span style=\"color: #000000;\">17,7%<\/span><\/p>\n<\/td>\n<td width=\"67\">\n<p align=\"RIGHT\"><span style=\"color: #000000;\"><span style=\"font-size: small;\"><span lang=\"it-IT\">13664<\/span><\/span><\/span><\/p>\n<\/td>\n<td width=\"76\">\n<p align=\"RIGHT\"><span style=\"color: #000000;\">41,2%<\/span><\/p>\n<\/td>\n<\/tr>\n<\/tbody>\n<tbody>\n<tr valign=\"BOTTOM\">\n<td width=\"54\" height=\"10\">\n<p align=\"LEFT\"><span style=\"color: #000000;\">60-69 anni<\/span><\/p>\n<\/td>\n<td width=\"78\">\n<p align=\"RIGHT\"><span style=\"color: #000000;\">27.977<\/span><\/p>\n<\/td>\n<td width=\"75\">\n<p align=\"RIGHT\"><span style=\"color: #000000;\"><span style=\"font-size: small;\"><span lang=\"it-IT\">12462<\/span><\/span><\/span><\/p>\n<\/td>\n<td width=\"71\">\n<p align=\"RIGHT\"><span style=\"color: #000000;\">44,5%<\/span><\/p>\n<\/td>\n<td width=\"77\">\n<p align=\"RIGHT\"><span style=\"color: #000000;\"><span style=\"font-size: small;\"><span lang=\"it-IT\">8854<\/span><\/span><\/span><\/p>\n<\/td>\n<td width=\"75\">\n<p align=\"RIGHT\"><span style=\"color: #000000;\">31,6%<\/span><\/p>\n<\/td>\n<td width=\"67\">\n<p align=\"RIGHT\"><span style=\"color: #000000;\"><span style=\"font-size: small;\"><span lang=\"it-IT\">6661<\/span><\/span><\/span><\/p>\n<\/td>\n<td width=\"76\">\n<p align=\"RIGHT\"><span style=\"color: #000000;\">23,8%<\/span><\/p>\n<\/td>\n<\/tr>\n<\/tbody>\n<tbody>\n<tr valign=\"BOTTOM\">\n<td width=\"54\" height=\"10\">\n<p align=\"LEFT\"><span style=\"color: #000000;\">70-79 anni<\/span><\/p>\n<\/td>\n<td width=\"78\">\n<p align=\"RIGHT\"><span style=\"color: #000000;\">23.687<\/span><\/p>\n<\/td>\n<td width=\"75\">\n<p align=\"RIGHT\"><span style=\"color: #000000;\"><span style=\"font-size: small;\"><span lang=\"it-IT\">6688<\/span><\/span><\/span><\/p>\n<\/td>\n<td width=\"71\">\n<p align=\"RIGHT\"><span style=\"color: #000000;\">28,2%<\/span><\/p>\n<\/td>\n<td width=\"77\">\n<p align=\"RIGHT\"><span style=\"color: #000000;\"><span style=\"font-size: small;\"><span lang=\"it-IT\">13742<\/span><\/span><\/span><\/p>\n<\/td>\n<td width=\"75\">\n<p align=\"RIGHT\"><span style=\"color: #000000;\">58,0%<\/span><\/p>\n<\/td>\n<td width=\"67\">\n<p align=\"RIGHT\"><span style=\"color: #000000;\"><span style=\"font-size: small;\"><span lang=\"it-IT\">3257<\/span><\/span><\/span><\/p>\n<\/td>\n<td width=\"76\">\n<p align=\"RIGHT\"><span style=\"color: #000000;\">13,8%<\/span><\/p>\n<\/td>\n<\/tr>\n<\/tbody>\n<tbody>\n<tr valign=\"BOTTOM\">\n<td width=\"54\" height=\"9\">\n<p align=\"LEFT\"><span style=\"color: #000000;\">over 80 <\/span><\/p>\n<\/td>\n<td width=\"78\">\n<p align=\"RIGHT\"><span style=\"color: #000000;\">16.821<\/span><\/p>\n<\/td>\n<td width=\"75\">\n<p align=\"RIGHT\"><span style=\"color: #000000;\"><span style=\"font-size: small;\"><span lang=\"it-IT\">1418<\/span><\/span><\/span><\/p>\n<\/td>\n<td width=\"71\">\n<p align=\"RIGHT\"><span style=\"color: #000000;\">8,4%<\/span><\/p>\n<\/td>\n<td width=\"77\">\n<p align=\"RIGHT\"><span style=\"color: #000000;\">14.927<\/span><\/p>\n<\/td>\n<td width=\"75\">\n<p align=\"RIGHT\"><span style=\"color: #000000;\">88,7%<\/span><\/p>\n<\/td>\n<td width=\"67\">\n<p align=\"RIGHT\"><span style=\"color: #000000;\"><span style=\"font-size: small;\"><span lang=\"it-IT\">476<\/span><\/span><\/span><\/p>\n<\/td>\n<td width=\"76\">\n<p align=\"RIGHT\"><span style=\"color: #000000;\">2,8%<\/span><\/p>\n<\/td>\n<\/tr>\n<\/tbody>\n<\/table>\n<p>&nbsp;<\/p>\n<p><strong>PRENOTATI ad oggi:<\/strong> 12-17 : 2.045 prenotati 18-39: 9.919 prenotati turismo: 258 prenotati su 1516 posti centri estivi: 294 prenotati su 430 posti totale prenotati dal 9 giugno al 4 agosto: 21.449 dal 1\u00b0 aprile al 4 agosto 58.515 prenotazioni Prenotabili: tutte le et\u00e0 categorie \u201cprioritarie\u201d: operatori turismo, centri estivi, partecipanti a cerimonie<\/p>\n<p align=\"LEFT\"><span style=\"font-family: Arial, serif;\"><span style=\"font-size: large;\"><b><img loading=\"lazy\" decoding=\"async\" class=\"alignleft\" src=\"https:\/\/www.radiopiu.net\/wordpress\/wp-content\/uploads\/2021\/06\/punti-vaccinali-8-12-giugno.png\" width=\"288\" height=\"242\" \/>Centri Vaccinali\u00a0<\/b><\/span><\/span><\/p>\n<p>Accesso Libero over 60: CVP Sedico Palaskating \u2013 tutti i giorni dalle 15.00 alle 17.00 Drive-in Feltre Marangoni \u2013 dal luned\u00ec al sabato dalle 11.00 alle 13.00 Drive in Paludi \u2013 dal luned\u00ec al sabato dalle 15.00 alle 17.00 Drive-in Tai Piazzale Dolomiti \u2013 luned\u00ec mercoled\u00ec venerd\u00ec dalle 17.00 alle 18.00 Drive-in Agordo Piazzale Tamonich \u2013 marted\u00ec gioved\u00ec sabato dalle 17.00 alle 18.00 Sedute territoriali MMG: \u00a0<strong>OGGI<\/strong> Pieve di Cadore (9:30-13:00) teatro Cosmo\u00a0 Cencenighe domiciliari\/ambulatoriali\u00a0 Caprile (mattina) ambulatori\u00a0 Sedico (tutto il giorno) <strong>DOMANI\u00a0<\/strong> Santa Giustina (mattina) \u00a0 Caprile (mattina)\u00a0 Cortina (mattina)\u00a0 Belluno e Agordo (domiciliari) \u00a0CVP Comelico (palestra scuole medie)<\/p>\n<p>&nbsp;<\/p>\n<hr \/>\n<p>&nbsp;<\/p>\n<blockquote>\n<h3>MARCO SCHENA CONFERMATO PRESIDENTE DEL MANDAMENTO AGORDINO DELL&#8217;APPIA<\/h3>\n<\/blockquote>\n<p>di Gianni Santomaso<\/p>\n<p><strong>AGORDO<\/strong> Marco Schena confermato all&#8217;unanimit\u00e0 presidente del mandamento di Agordo dell&#8217;Appia. \u00ab\u00c8 con grande responsabilit\u00e0 che affronto questo nuovo mandato\u00bb, dice, \u00abho riproposto la mia candidatura perch\u00e9 abbiamo iniziato un percorso quattro anni fa; percorso che, per\u00f2, \u00e8 stato pesantemente condizionato dalla pandemia. C&#8217;\u00e8 quindi la volont\u00e0 di riprendere le iniziative sospese che, negli intenti, dovranno soprattutto riportare interesse verso l&#8217;artigianato nell&#8217;agordino\u00bb. Schena sar\u00e0 affiancato da Stefano Conedera (vice presidente), da Miriam Da Roit, da Andrea Da Ronch, da Moreno De Val, da Celestino Del Din, da Dario Soccol e da Ferruccio Soccol.<\/p>\n<p>&nbsp;<\/p>\n<p>&nbsp;<\/p>\n<hr \/>\n<p>&nbsp;<\/p>\n<p>&nbsp;<\/p>\n<blockquote>\n<h3>DOMANI L&#8217;ECLISSE UN FANTASTICO FENOMENO DI PROSPETTIVA<\/h3>\n<p><strong><span style=\"color: #0000ff;\">di Claudio Pra<\/span><\/strong><\/p><\/blockquote>\n<p><a href=\"https:\/\/www.radiopiu.net\/wordpress\/giornale-radiopiu-09-giugno-2021-direttore-mirko-mezzacasa\/de90b03a-c43f-4e40-9e46-e0e1249b4b2a\/\" rel=\"attachment wp-att-214957\"><img loading=\"lazy\" decoding=\"async\" class=\"wp-image-214957 alignleft\" src=\"https:\/\/www.radiopiu.net\/wordpress\/wp-content\/uploads\/2021\/06\/de90b03a-c43f-4e40-9e46-e0e1249b4b2a-291x300.jpg\" alt=\"\" width=\"159\" height=\"164\" srcset=\"https:\/\/www.radiopiu.net\/wordpress\/wp-content\/uploads\/2021\/06\/de90b03a-c43f-4e40-9e46-e0e1249b4b2a-291x300.jpg 291w, https:\/\/www.radiopiu.net\/wordpress\/wp-content\/uploads\/2021\/06\/de90b03a-c43f-4e40-9e46-e0e1249b4b2a-993x1024.jpg 993w, https:\/\/www.radiopiu.net\/wordpress\/wp-content\/uploads\/2021\/06\/de90b03a-c43f-4e40-9e46-e0e1249b4b2a-768x792.jpg 768w, https:\/\/www.radiopiu.net\/wordpress\/wp-content\/uploads\/2021\/06\/de90b03a-c43f-4e40-9e46-e0e1249b4b2a.jpg 1080w\" sizes=\"auto, (max-width: 159px) 100vw, 159px\" \/><\/a> Domani verificher\u00e0 un&#8217; eclisse anulare di Sole, che per le nostre regioni risulter\u00e0 un eclisse parziale. Un eclisse anulare \u00e8 molto spettacolare, con la Luna che, a causa della distanza dalla Terra al momento del fenomeno, non riesce a coprire interamente l&#8217;astro diurno, lasciandone scoperti i bordi, creando quindi un suggestivo brillante anello. Purtroppo da noi non si noter\u00e0 nulla in pi\u00f9 di un leggero intaccamento del bordo solare che, al momento del massimo dell&#8217;eclisse, corrisponder\u00e0 a meno del 10%. Il fenomeno inizier\u00e0 alle 11.43 ed avr\u00e0 il suo apice alle 12.26. Alle 13.12 il disco lunare lascer\u00e0 quello solare. Non una grande eclisse dunque, ma pur sempre un momento da seguire, muniti di apposito filtro, in cui l&#8217;allineamento Terra, Luna, Sole produce un fantastico fenomeno di prospettiva, con il nostro satellite naturale che passa tra noi e la nostra stella.<\/p>\n<p>&nbsp;<\/p>\n<p>&nbsp;<\/p>\n<p>&nbsp;<\/p>\n<p>&nbsp;<\/p>\n<hr \/>\n<p>&nbsp;<\/p>\n<blockquote class=\"wp-embedded-content\" data-secret=\"jSzim6SQwC\"><p><a href=\"https:\/\/www.radiopiu.net\/wordpress\/aggiornamentogiu08\/\">CORONAVIRUS: AGGIORNAMENTO NAZIONALE 08 GIUGNO  2021<\/a><\/p><\/blockquote>\n<p><iframe loading=\"lazy\" class=\"wp-embedded-content\" sandbox=\"allow-scripts\" security=\"restricted\" style=\"position: absolute; clip: rect(1px, 1px, 1px, 1px);\" title=\"&#8220;CORONAVIRUS: AGGIORNAMENTO NAZIONALE 08 GIUGNO  2021&#8221; &#8212; Radio Pi\u00f9\" src=\"https:\/\/www.radiopiu.net\/wordpress\/aggiornamentogiu08\/embed\/#?secret=jSzim6SQwC\" data-secret=\"jSzim6SQwC\" width=\"600\" height=\"338\" frameborder=\"0\" marginwidth=\"0\" marginheight=\"0\" scrolling=\"no\"><\/iframe><\/p>\n<p>&nbsp;<\/p>\n<blockquote class=\"wp-embedded-content\" data-secret=\"FZqHyyxbzz\"><p><a href=\"https:\/\/www.radiopiu.net\/wordpress\/agg9070sd6a\/\">OLTRE 100 POSITIVI E 8 DECESSI NEL BOLLETTINO DEL MARTEDI CHE RIALLINEA I DATI DEL FINE SETTIMANA<\/a><\/p><\/blockquote>\n<p><iframe loading=\"lazy\" class=\"wp-embedded-content\" sandbox=\"allow-scripts\" security=\"restricted\" style=\"position: absolute; clip: rect(1px, 1px, 1px, 1px);\" title=\"&#8220;OLTRE 100 POSITIVI E 8 DECESSI NEL BOLLETTINO DEL MARTEDI CHE RIALLINEA I DATI DEL FINE SETTIMANA&#8221; &#8212; Radio Pi\u00f9\" src=\"https:\/\/www.radiopiu.net\/wordpress\/agg9070sd6a\/embed\/#?secret=FZqHyyxbzz\" data-secret=\"FZqHyyxbzz\" width=\"600\" height=\"338\" frameborder=\"0\" marginwidth=\"0\" marginheight=\"0\" scrolling=\"no\"><\/iframe><\/p>\n<p>&nbsp;<\/p>\n<p><strong>I GRAFICI DI TIZIANO DE COL\u00a0<\/strong><\/p>\n\n\t\t\t<style type='text\/css'>\n\t\t\t\t#gallery-2 {\n\t\t\t\t\tmargin: auto;\n\t\t\t\t}\n\t\t\t\t#gallery-2 .gallery-item {\n\t\t\t\t\tfloat: left;\n\t\t\t\t\tmargin-top: 10px;\n\t\t\t\t\ttext-align: center;\n\t\t\t\t\twidth: 20%;\n\t\t\t\t}\n\t\t\t\t#gallery-2 img {\n\t\t\t\t\tborder: 2px solid #cfcfcf;\n\t\t\t\t}\n\t\t\t\t#gallery-2 .gallery-caption {\n\t\t\t\t\tmargin-left: 0;\n\t\t\t\t}\n\t\t\t\t\/* see gallery_shortcode() in wp-includes\/media.php *\/\n\t\t\t<\/style>\n\t\t<div id='gallery-2' class='dt-gallery-container gallery galleryid-214704 gallery-columns-5 gallery-size-thumbnail'><dl class='gallery-item'>\n\t\t\t\t<dt class='gallery-icon landscape'>\n\t\t\t\t\t<a class=\"rollover rollover-zoom dt-pswp-item\" title=\"7ff4f364-eb41-4c7b-a257-3cca5e0ac655\" data-dt-img-description=\"\" data-large_image_width=\"600\" data-large_image_height=\"352\"href='https:\/\/www.radiopiu.net\/wordpress\/wp-content\/uploads\/2021\/06\/7ff4f364-eb41-4c7b-a257-3cca5e0ac655.jpg'><img loading=\"lazy\" decoding=\"async\" width=\"150\" height=\"150\" src=\"https:\/\/www.radiopiu.net\/wordpress\/wp-content\/uploads\/2021\/06\/7ff4f364-eb41-4c7b-a257-3cca5e0ac655-150x150.jpg\" class=\"attachment-thumbnail size-thumbnail\" alt=\"\" \/><\/a>\n\t\t\t\t<\/dt><\/dl><dl class='gallery-item'>\n\t\t\t\t<dt class='gallery-icon landscape'>\n\t\t\t\t\t<a class=\"rollover rollover-zoom dt-pswp-item\" title=\"49a0e8e5-3f9f-46ea-adba-726a081b8249\" data-dt-img-description=\"\" data-large_image_width=\"598\" data-large_image_height=\"352\"href='https:\/\/www.radiopiu.net\/wordpress\/wp-content\/uploads\/2021\/06\/49a0e8e5-3f9f-46ea-adba-726a081b8249.jpg'><img loading=\"lazy\" decoding=\"async\" width=\"150\" height=\"150\" src=\"https:\/\/www.radiopiu.net\/wordpress\/wp-content\/uploads\/2021\/06\/49a0e8e5-3f9f-46ea-adba-726a081b8249-150x150.jpg\" class=\"attachment-thumbnail size-thumbnail\" alt=\"\" \/><\/a>\n\t\t\t\t<\/dt><\/dl><dl class='gallery-item'>\n\t\t\t\t<dt class='gallery-icon landscape'>\n\t\t\t\t\t<a class=\"rollover rollover-zoom dt-pswp-item\" title=\"abe1c6dc-1b09-4626-b2a7-985aa0c0e56e\" data-dt-img-description=\"\" data-large_image_width=\"614\" data-large_image_height=\"356\"href='https:\/\/www.radiopiu.net\/wordpress\/wp-content\/uploads\/2021\/06\/abe1c6dc-1b09-4626-b2a7-985aa0c0e56e.jpg'><img loading=\"lazy\" decoding=\"async\" width=\"150\" height=\"150\" src=\"https:\/\/www.radiopiu.net\/wordpress\/wp-content\/uploads\/2021\/06\/abe1c6dc-1b09-4626-b2a7-985aa0c0e56e-150x150.jpg\" class=\"attachment-thumbnail size-thumbnail\" alt=\"\" \/><\/a>\n\t\t\t\t<\/dt><\/dl><dl class='gallery-item'>\n\t\t\t\t<dt class='gallery-icon landscape'>\n\t\t\t\t\t<a class=\"rollover rollover-zoom dt-pswp-item\" title=\"8fb33ad8-8d9a-4080-ad84-99a28649c8cf\" data-dt-img-description=\"\" data-large_image_width=\"612\" data-large_image_height=\"351\"href='https:\/\/www.radiopiu.net\/wordpress\/wp-content\/uploads\/2021\/06\/8fb33ad8-8d9a-4080-ad84-99a28649c8cf.jpg'><img loading=\"lazy\" decoding=\"async\" width=\"150\" height=\"150\" src=\"https:\/\/www.radiopiu.net\/wordpress\/wp-content\/uploads\/2021\/06\/8fb33ad8-8d9a-4080-ad84-99a28649c8cf-150x150.jpg\" class=\"attachment-thumbnail size-thumbnail\" alt=\"\" \/><\/a>\n\t\t\t\t<\/dt><\/dl><dl class='gallery-item'>\n\t\t\t\t<dt class='gallery-icon landscape'>\n\t\t\t\t\t<a class=\"rollover rollover-zoom dt-pswp-item\" title=\"602a8f69-be72-407a-b3b0-81680655ff3a\" data-dt-img-description=\"\" data-large_image_width=\"736\" data-large_image_height=\"420\"href='https:\/\/www.radiopiu.net\/wordpress\/wp-content\/uploads\/2021\/06\/602a8f69-be72-407a-b3b0-81680655ff3a.jpg'><img loading=\"lazy\" decoding=\"async\" width=\"150\" height=\"150\" src=\"https:\/\/www.radiopiu.net\/wordpress\/wp-content\/uploads\/2021\/06\/602a8f69-be72-407a-b3b0-81680655ff3a-150x150.jpg\" class=\"attachment-thumbnail size-thumbnail\" alt=\"\" \/><\/a>\n\t\t\t\t<\/dt><\/dl><br style=\"clear: both\" \/>\n\t\t\t<\/div>\n\n<p>&nbsp;<\/p>\n<p>&nbsp;<\/p>\n<p>&nbsp;<\/p>\n<hr \/>\n<p>&nbsp;<\/p>\n<blockquote>\n<h2>IL MISTERO DELLE PECORE SCOMPARSE<\/h2>\n<\/blockquote>\n<h3><a href=\"https:\/\/www.radiopiu.net\/wordpress\/la-giunta-comunale-di-rivamonte-stanzia-100-mila-euro-per-lasfaltatura\/rivamonte-8\/\" rel=\"attachment wp-att-139538\"><img loading=\"lazy\" decoding=\"async\" class=\" wp-image-139538 alignleft\" src=\"https:\/\/www.radiopiu.net\/wordpress\/wp-content\/uploads\/2020\/05\/RIVAMONTE-300x140.jpg\" alt=\"\" width=\"249\" height=\"116\" srcset=\"https:\/\/www.radiopiu.net\/wordpress\/wp-content\/uploads\/2020\/05\/RIVAMONTE-300x140.jpg 300w, https:\/\/www.radiopiu.net\/wordpress\/wp-content\/uploads\/2020\/05\/RIVAMONTE-768x359.jpg 768w, https:\/\/www.radiopiu.net\/wordpress\/wp-content\/uploads\/2020\/05\/RIVAMONTE.jpg 1024w\" sizes=\"auto, (max-width: 249px) 100vw, 249px\" \/><\/a><\/h3>\n<h3>NON SAREBBE IL LUPO IL RESPONSABILE DELLA SPARIZIONE DELLE PECORE, AGNELLI E UN MONTONE. IERI IL SOPRALLUOGO DELLA POLIZIA PROVINCIALE E DEI CARABINIERI FORESTALI<\/h3>\n<p><strong>RIVAMONTE\u00a0<\/strong><\/p>\n<p><strong>GIANNI SANTOMASO\u00a0<\/strong><\/p>\n<audio class=\"wp-audio-shortcode\" id=\"audio-214704-5\" preload=\"none\" style=\"width: 100%;\" controls=\"controls\"><source type=\"audio\/mpeg\" src=\"https:\/\/www.radiopiu.net\/wordpress\/wp-content\/uploads\/2021\/06\/gianni-lupo.mp3?_=5\" \/><a href=\"https:\/\/www.radiopiu.net\/wordpress\/wp-content\/uploads\/2021\/06\/gianni-lupo.mp3\">https:\/\/www.radiopiu.net\/wordpress\/wp-content\/uploads\/2021\/06\/gianni-lupo.mp3<\/a><\/audio>\n<p>&nbsp;<\/p>\n<p>&nbsp;<\/p>\n<hr \/>\n<blockquote>\n<h2><\/h2>\n<h2>LA STORIA DI DEVID, 46CHILOMETRI AL GIORNO IN PIU&#8217;, ANDATA E RITORNO DA SOSPIROLO A BITTI DI GOSALDO<\/h2>\n<\/blockquote>\n<p><strong><a href=\"https:\/\/www.radiopiu.net\/wordpress\/giornale-radiopiu-09-giugno-2021-direttore-mirko-mezzacasa\/db02a18b-cc99-4bc0-989b-366832c339e0\/\" rel=\"attachment wp-att-214862\"><img loading=\"lazy\" decoding=\"async\" class=\"size-medium wp-image-214862 alignleft\" src=\"https:\/\/www.radiopiu.net\/wordpress\/wp-content\/uploads\/2021\/06\/db02a18b-cc99-4bc0-989b-366832c339e0-300x142.jpg\" alt=\"\" width=\"300\" height=\"142\" srcset=\"https:\/\/www.radiopiu.net\/wordpress\/wp-content\/uploads\/2021\/06\/db02a18b-cc99-4bc0-989b-366832c339e0-300x142.jpg 300w, https:\/\/www.radiopiu.net\/wordpress\/wp-content\/uploads\/2021\/06\/db02a18b-cc99-4bc0-989b-366832c339e0-1024x484.jpg 1024w, https:\/\/www.radiopiu.net\/wordpress\/wp-content\/uploads\/2021\/06\/db02a18b-cc99-4bc0-989b-366832c339e0-768x363.jpg 768w, https:\/\/www.radiopiu.net\/wordpress\/wp-content\/uploads\/2021\/06\/db02a18b-cc99-4bc0-989b-366832c339e0-1536x727.jpg 1536w, https:\/\/www.radiopiu.net\/wordpress\/wp-content\/uploads\/2021\/06\/db02a18b-cc99-4bc0-989b-366832c339e0.jpg 1600w\" sizes=\"auto, (max-width: 300px) 100vw, 300px\" \/><\/a>SOSPIROLO<\/strong> Poco meno di 10000 chilometri in pi\u00f9 tra andata e ritorno, dallo scorso 2 dicembre a ieri perch\u00e9 un conto \u00e8 salire a Bitti di Gosaldo da Sospirolo attraverso la provinciale 2 del Mis, un altro paio di maniche \u00e8 prendere l&#8217;auto e salire lungo la 203 agordina fino a Ponte Alto di Agordo cio\u00e8 fino al bivio per Rivamonte e poi gi\u00f9 nel cuore della Valle del Mis fino alla stalla. Devid Casaril \u00e8 il vincitore del <em>&#8220;giro dell&#8217;oca&#8221;<\/em>, dallo scorso dicembre ogni giorno (dopo l&#8217;impegno lavorativo in latteria a Lentiai) sale a Bitti di Gosaldo per prendersi cura dei suoi bovini in quella stalla gi\u00e0 del nonno Gianni Stalliviere &#8220;Veneranda&#8221;. Devid ha voluto continuare a dare spazio alla sua passione, nonostante tutto. In ricaduta un grande vantaggio per il territorio con\u00a0 prati sfalciati, ripe custodite,\u00a0 vegetazione sotto controllo. Sembrava un sogno venerdi quando la strada \u00e8 stata riaperta a senso unico alternato, ma \u00e8 <a href=\"https:\/\/www.radiopiu.net\/wordpress\/giornale-radiopiu-09-giugno-2021-direttore-mirko-mezzacasa\/69202aae-6129-4b3e-9e83-5a696e6e2039\/\" rel=\"attachment wp-att-214861\"><img loading=\"lazy\" decoding=\"async\" class=\"size-medium wp-image-214861 alignright\" src=\"https:\/\/www.radiopiu.net\/wordpress\/wp-content\/uploads\/2021\/06\/69202aae-6129-4b3e-9e83-5a696e6e2039-300x142.jpg\" alt=\"\" width=\"300\" height=\"142\" srcset=\"https:\/\/www.radiopiu.net\/wordpress\/wp-content\/uploads\/2021\/06\/69202aae-6129-4b3e-9e83-5a696e6e2039-300x142.jpg 300w, https:\/\/www.radiopiu.net\/wordpress\/wp-content\/uploads\/2021\/06\/69202aae-6129-4b3e-9e83-5a696e6e2039-1024x484.jpg 1024w, https:\/\/www.radiopiu.net\/wordpress\/wp-content\/uploads\/2021\/06\/69202aae-6129-4b3e-9e83-5a696e6e2039-768x363.jpg 768w, https:\/\/www.radiopiu.net\/wordpress\/wp-content\/uploads\/2021\/06\/69202aae-6129-4b3e-9e83-5a696e6e2039-1536x727.jpg 1536w, https:\/\/www.radiopiu.net\/wordpress\/wp-content\/uploads\/2021\/06\/69202aae-6129-4b3e-9e83-5a696e6e2039.jpg 1600w\" sizes=\"auto, (max-width: 300px) 100vw, 300px\" \/><\/a>durato poco, il giorno dopo il nubifragio e i sassi in strada che hanno fatto scattare l&#8217;ennesima chiusura e l&#8217;ennesimo giro lungo la valle del Cordevole per il malcapitato casaro con la passione per la sua stalla agordina. E&#8217; andata meglio dei precedenti, in tre giorni gli operai hanno\u00a0 sistemato le reti di protezione e da ieri la provinciale \u00e8 riaperta. dopo\u00a0 il distacco\u00a0 poco sopra la strada. Tornando a\u00a0 Devid Casaril non pensa solo al suo problema, ma guarda anche agli imprenditori della zona che con coraggio continuano a investire tra le montagne, come il vicino Agriturismo la\u00a0 Busca facilmente raggiungibile dalla Val Belluna per la provinciale 2, o come l&#8217;officina di Massimo Campedel che ha avviato l&#8217;attivit\u00e0 di arrotino a Lambroi,\u00a0 con molti clienti nel feltrino e in Val Belluna.<\/p>\n<p><strong>DEVID CASARIL<\/strong><\/p>\n<audio class=\"wp-audio-shortcode\" id=\"audio-214704-6\" preload=\"none\" style=\"width: 100%;\" controls=\"controls\"><source type=\"audio\/mpeg\" src=\"https:\/\/www.radiopiu.net\/wordpress\/wp-content\/uploads\/2021\/06\/DEVID.mp3?_=6\" \/><a href=\"https:\/\/www.radiopiu.net\/wordpress\/wp-content\/uploads\/2021\/06\/DEVID.mp3\">https:\/\/www.radiopiu.net\/wordpress\/wp-content\/uploads\/2021\/06\/DEVID.mp3<\/a><\/audio>\n<blockquote><p><em>A proposito di cantieri, dalle 8 alle 12 e dalle 13 alle 18 dal 16 giugno (festivi e prefestivi esclusi) senso unico alternato regolato da movieri in localit\u00e0 Tiser per lavori di ripristino manto di usura. Senso unico anche sulla vicina provinciale 3 di Valle Imperina in comune di Rivamonte per tutto il mese di luglio dalle 8 alle 18 esclusi sabato e domenica per lavori di interramento della linea elettrica.<\/em><\/p><\/blockquote>\n<p>&nbsp;<\/p>\n<hr \/>\n<blockquote><p><span style=\"color: #ff0000;\">\u00a0<\/span><\/p>\n<p><span style=\"color: #ff0000;\">PASSAGGIO PER AGORDO (IN DISCESA DALLA VALLE DEL BIOIS) ALLE 12.53, ALLE 12.21 A FALCADE, QUINDI STRADE CHIUSE DALLE 11.30 DA PASSO VALLES VERSO CENCENIGHE, DALLE 12.00 DA CENCENIGHE AD AGORDO E QUINDI VERSO BELLUNO<\/span><\/p><\/blockquote>\n<p><strong><a href=\"https:\/\/www.radiopiu.net\/wordpress\/il-giro-ditalia-under-23-in-provincia-di-belluno-la-nona-tappa-con-arrivo-sul-nevegal\/giro-italia-under-23\/\" rel=\"attachment wp-att-204904\"><img loading=\"lazy\" decoding=\"async\" class=\" wp-image-204904 alignleft\" src=\"https:\/\/www.radiopiu.net\/wordpress\/wp-content\/uploads\/2021\/04\/giro-italia-under-23-300x300.jpg\" alt=\"\" width=\"177\" height=\"177\" srcset=\"https:\/\/www.radiopiu.net\/wordpress\/wp-content\/uploads\/2021\/04\/giro-italia-under-23-300x300.jpg 300w, https:\/\/www.radiopiu.net\/wordpress\/wp-content\/uploads\/2021\/04\/giro-italia-under-23-1024x1024.jpg 1024w, https:\/\/www.radiopiu.net\/wordpress\/wp-content\/uploads\/2021\/04\/giro-italia-under-23-150x150.jpg 150w, https:\/\/www.radiopiu.net\/wordpress\/wp-content\/uploads\/2021\/04\/giro-italia-under-23-768x768.jpg 768w, https:\/\/www.radiopiu.net\/wordpress\/wp-content\/uploads\/2021\/04\/giro-italia-under-23.jpg 1307w\" sizes=\"auto, (max-width: 177px) 100vw, 177px\" \/><\/a>REDAZIONE<\/strong> Venerdi in occasione del passaggio della corsa ciclistica i tratti di strada interessati saranno chiusi 30 minuti prima del passaggio dei concorrenti. Si fa riferimento alla tabella di marcia secondo l&#8217;ipotesi di transito con la media pi\u00f9 veloce.<\/p>\n<p><strong>DA PONTE NELLE ALPI AL COLLE BELLUNESE\u00a0<\/strong><\/p>\n<p>Chiusura della Provinciale 1 fino alla rotonda in Rione Santa Caterina di Ponte nelle Alpi e dal bivio di Vich all&#8217;arrivo del Nevegal, interessati da un doppio passaggio, chiusura dunque\u00a0 a partire dalla mezz&#8217;ora precedente il\u00a0 primo passaggio fino al transito del secondo passaggio della gara,\u00a0 prevista una riapertura\u00a0 (tra i due passaggi) per i soli veicoli che dalla rotonda di Santa Caterina si immettono sulla Provinciale 1 direzione Belluno o per il ponte sul Piave verso Polpet. Infine sospensione della circolazione sulla 51 dal bivio tra la statale e la Sp 423 dalle 13.15.<\/p>\n<p><strong>IL CRONOPROGRAMMA<\/strong><\/p>\n<p><a href=\"https:\/\/www.radiopiu.net\/wordpress\/venerdi-11-giugno-il-passaggio-del-giro-ditalia-under-23-in-agordino\/3c568815-4745-4d5b-9754-256f54b9a6d0\/\" rel=\"attachment wp-att-213719\"><img loading=\"lazy\" decoding=\"async\" class=\"alignnone wp-image-213719 size-large\" src=\"https:\/\/www.radiopiu.net\/wordpress\/wp-content\/uploads\/2021\/06\/3c568815-4745-4d5b-9754-256f54b9a6d0-1024x895.jpg\" alt=\"\" width=\"1024\" height=\"895\" srcset=\"https:\/\/www.radiopiu.net\/wordpress\/wp-content\/uploads\/2021\/06\/3c568815-4745-4d5b-9754-256f54b9a6d0-1024x895.jpg 1024w, https:\/\/www.radiopiu.net\/wordpress\/wp-content\/uploads\/2021\/06\/3c568815-4745-4d5b-9754-256f54b9a6d0-300x262.jpg 300w, https:\/\/www.radiopiu.net\/wordpress\/wp-content\/uploads\/2021\/06\/3c568815-4745-4d5b-9754-256f54b9a6d0-768x671.jpg 768w, https:\/\/www.radiopiu.net\/wordpress\/wp-content\/uploads\/2021\/06\/3c568815-4745-4d5b-9754-256f54b9a6d0.jpg 1536w\" sizes=\"auto, (max-width: 1024px) 100vw, 1024px\" \/><\/a><\/p>\n<p>&nbsp;<\/p>\n<hr \/>\n<blockquote>\n<h3><\/h3>\n<h3>GIRO D\u2019ITALIA UNDER 23, AIDO BELLUNO PRESENTE SUL NEVEGAL<\/h3>\n<\/blockquote>\n<p><strong><a href=\"https:\/\/www.radiopiu.net\/wordpress\/giornale-radiopiu-09-giugno-2021-direttore-mirko-mezzacasa\/3-banchetto-aido-pasqua-2\/\" rel=\"attachment wp-att-214753\"><img loading=\"lazy\" decoding=\"async\" class=\" wp-image-214753 alignleft\" src=\"https:\/\/www.radiopiu.net\/wordpress\/wp-content\/uploads\/2021\/06\/3.-Banchetto-Aido-pasqua-300x197.jpg\" alt=\"\" width=\"147\" height=\"147\" \/><\/a>BELLUNO<\/strong> L\u2019Aido (associazione italiana per la donazione di organi, tessuti e cellule) di Belluno si sta preparando a presenziare un\u2019importante manifestazione sportiva nazionale, il 44esimo Giro d\u2019Italia giovani under 23 Enel che toccher\u00e0 anche il Veneto, partendo dalla Val di Fiemme e approdando, dopo 167 chilometri e 3100 metri di dislivello, in cima al colle del Neveg\u00e0l a Belluno. L\u2019arrivo della nona tappa \u00e8 in programma venerd\u00ec 11 giugno, quando una decina di volontari della sezione locale di Aido sar\u00e0 presente con alcuni striscioni dietro allo stand associativo, dove saranno applauditi e accolti tutti gli atleti partecipanti.<\/p>\n<p>&nbsp;<\/p>\n<hr \/>\n<p>&nbsp;<\/p>\n<blockquote>\n<h3>VENERDI GIRO D&#8217;ITALIA, LUXOTTICA OK, PER I VACCINI OCCHIO ALLE VARIAZIONI<\/h3>\n<\/blockquote>\n<p><strong><a href=\"https:\/\/www.radiopiu.net\/wordpress\/venerdi-giro-ditalia-luxottica-ok-per-i-vaccini-occhio-alle-variazioni\/f38d8e9b-aa28-44ac-a347-7b268c7cc95c\/\" rel=\"attachment wp-att-214911\"><img loading=\"lazy\" decoding=\"async\" class=\"size-medium wp-image-214911 alignleft\" src=\"https:\/\/www.radiopiu.net\/wordpress\/wp-content\/uploads\/2021\/06\/f38d8e9b-aa28-44ac-a347-7b268c7cc95c-188x300.jpg\" alt=\"\" width=\"188\" height=\"300\" srcset=\"https:\/\/www.radiopiu.net\/wordpress\/wp-content\/uploads\/2021\/06\/f38d8e9b-aa28-44ac-a347-7b268c7cc95c-188x300.jpg 188w, https:\/\/www.radiopiu.net\/wordpress\/wp-content\/uploads\/2021\/06\/f38d8e9b-aa28-44ac-a347-7b268c7cc95c-641x1024.jpg 641w, https:\/\/www.radiopiu.net\/wordpress\/wp-content\/uploads\/2021\/06\/f38d8e9b-aa28-44ac-a347-7b268c7cc95c.jpg 720w\" sizes=\"auto, (max-width: 188px) 100vw, 188px\" \/><\/a> <\/strong><\/p>\n<p><strong>\u00a0<\/strong><\/p>\n<p><strong>\u00a0<\/strong><\/p>\n<p><strong>QUI LUXOTTICA<\/strong> UiltecUil. L&#8217;unica modifica agli orari degli autobus riguarder\u00e0 la corsa turnisti pomeriggio da Belluno come indicato nella variazione di orario Dolomitibus. Non \u00e8 prevista alcuna modifica agli orari di ingresso e uscita turnisti dalla fabbrica.<\/p>\n<p>&nbsp;<\/p>\n<p><strong><a href=\"https:\/\/www.radiopiu.net\/wordpress\/venerdi-giro-ditalia-luxottica-ok-per-i-vaccini-occhio-alle-variazioni\/d0ba076f-ebba-4054-a1b1-c579101de54b\/\" rel=\"attachment wp-att-214910\"><img loading=\"lazy\" decoding=\"async\" class=\" wp-image-214910 alignleft\" src=\"https:\/\/www.radiopiu.net\/wordpress\/wp-content\/uploads\/2021\/06\/d0ba076f-ebba-4054-a1b1-c579101de54b-300x169.jpg\" alt=\"\" width=\"236\" height=\"133\" srcset=\"https:\/\/www.radiopiu.net\/wordpress\/wp-content\/uploads\/2021\/06\/d0ba076f-ebba-4054-a1b1-c579101de54b-300x169.jpg 300w, https:\/\/www.radiopiu.net\/wordpress\/wp-content\/uploads\/2021\/06\/d0ba076f-ebba-4054-a1b1-c579101de54b-1024x576.jpg 1024w, https:\/\/www.radiopiu.net\/wordpress\/wp-content\/uploads\/2021\/06\/d0ba076f-ebba-4054-a1b1-c579101de54b-768x432.jpg 768w, https:\/\/www.radiopiu.net\/wordpress\/wp-content\/uploads\/2021\/06\/d0ba076f-ebba-4054-a1b1-c579101de54b-1536x864.jpg 1536w, https:\/\/www.radiopiu.net\/wordpress\/wp-content\/uploads\/2021\/06\/d0ba076f-ebba-4054-a1b1-c579101de54b.jpg 1920w\" sizes=\"auto, (max-width: 236px) 100vw, 236px\" \/><\/a>QUI ULSS 1 DOLOMITI<\/strong> <span style=\"font-size: medium; font-family: Arial, Helvetica, sans-serif;\">il drive in vaccinale di Agordo Tamonich osserver\u00e0 l\u2019orario 13.30 alle 18.30 (anzich\u00e9 10-15. Gli utenti prenotati saranno contattati per lo spostamento), L<\/span><span style=\"font-size: medium; font-family: Arial, Helvetica, sans-serif;\">a seduta tamponi pomeridiana ad Agordo Tamonich viene annullata. <\/span><span style=\"font-size: medium; font-family: Arial, Helvetica, sans-serif;\">Il drive in vaccinale di Paludi osserver\u00e0 l\u2019orario 16.00 \u2013 22.00 anzich\u00e9 (14.30 \u2013 19.30. Gli utenti prenotati saranno contattati per lo spostamento)<\/span><\/p>\n<p>&nbsp;<\/p>\n<p>&nbsp;<\/p>\n<hr \/>\n<p>&nbsp;<\/p>\n<blockquote>\n<h3>SEDUTA VACCINALE A SANTO STEFANO DI CADORE<\/h3>\n<\/blockquote>\n<p><strong>SANTO STEFANO DI CADORE <\/strong>Su iniziativa dell&#8217;Azienda Ulss n.1 Dolomiti in collaborazione con i Medici di Base,\u00a0 l&#8217;Unione Montana Comelico, i Comuni del Comprensorio e i volontari della P.C. Sezione Ana Cadore e del Gruppo Alpini di S.Stefano, \u00e8 stata programmata la\u00a0 seduta per la seconda dose di Moderna ai vaccinati del giorno 23 aprile 2021. Il giorno venerd\u00ec 11\/06\/2021 dalle ore 09.30 alle 13.30 presso il Palazzetto dello Sport di Santo Stefano di Cadore, la seduta verr\u00e0 proggrammata nel seguente modo per facilitare le operazioni: dalle ore 9.30 \u2013 persone con iniziale del cognome dalla A alla C, dalle ore 10.15 \u2013 persone con iniziale del cognome con lettera D, dalle ore 11.00 &#8211; persone con iniziale del cognome dalla E alla P, dalle 11.40 &#8211; persone con iniziale del cognome dalla Q alla Z.<\/p>\n<p>&nbsp;<\/p>\n<hr \/>\n<p>&nbsp;<\/p>\n<p>&nbsp;<\/p>\n<blockquote>\n<h3>LE NUOVE PORTE AL SINTETICO DI TAIBON<\/h3>\n<\/blockquote>\n<blockquote><p><strong>TAIBON<\/strong> Il campo sintetico del paese sfoggia le nuove porte, quelle recuperate a Cernadoi hanno ormai fatto la loro storia. <em>&#8220;Sono reti per il calcio non per arrampicare&#8221;<\/em> ricorda il vicesindaco Fernando Soccol.<\/p>\n<p><strong>AUDIO\u00a0<\/strong><\/p><\/blockquote>\n<audio class=\"wp-audio-shortcode\" id=\"audio-214704-7\" preload=\"none\" style=\"width: 100%;\" controls=\"controls\"><source type=\"audio\/mpeg\" src=\"https:\/\/www.radiopiu.net\/wordpress\/wp-content\/uploads\/2021\/06\/NANDO-CAMPO-CALCIO.mp3?_=7\" \/><a href=\"https:\/\/www.radiopiu.net\/wordpress\/wp-content\/uploads\/2021\/06\/NANDO-CAMPO-CALCIO.mp3\">https:\/\/www.radiopiu.net\/wordpress\/wp-content\/uploads\/2021\/06\/NANDO-CAMPO-CALCIO.mp3<\/a><\/audio>\n<blockquote>\n\t\t\t<style type='text\/css'>\n\t\t\t\t#gallery-3 {\n\t\t\t\t\tmargin: auto;\n\t\t\t\t}\n\t\t\t\t#gallery-3 .gallery-item {\n\t\t\t\t\tfloat: left;\n\t\t\t\t\tmargin-top: 10px;\n\t\t\t\t\ttext-align: center;\n\t\t\t\t\twidth: 33%;\n\t\t\t\t}\n\t\t\t\t#gallery-3 img {\n\t\t\t\t\tborder: 2px solid #cfcfcf;\n\t\t\t\t}\n\t\t\t\t#gallery-3 .gallery-caption {\n\t\t\t\t\tmargin-left: 0;\n\t\t\t\t}\n\t\t\t\t\/* see gallery_shortcode() in wp-includes\/media.php *\/\n\t\t\t<\/style>\n\t\t<div id='gallery-3' class='dt-gallery-container gallery galleryid-214704 gallery-columns-3 gallery-size-thumbnail'><dl class='gallery-item'>\n\t\t\t\t<dt class='gallery-icon landscape'>\n\t\t\t\t\t<a class=\"rollover rollover-zoom dt-pswp-item\" title=\"77cf3df3-0a27-4476-bdad-aec25ad66d6b\" data-dt-img-description=\"\" data-large_image_width=\"1920\" data-large_image_height=\"1080\"href='https:\/\/www.radiopiu.net\/wordpress\/wp-content\/uploads\/2021\/06\/77cf3df3-0a27-4476-bdad-aec25ad66d6b.jpg'><img loading=\"lazy\" decoding=\"async\" width=\"150\" height=\"150\" src=\"https:\/\/www.radiopiu.net\/wordpress\/wp-content\/uploads\/2021\/06\/77cf3df3-0a27-4476-bdad-aec25ad66d6b-150x150.jpg\" class=\"attachment-thumbnail size-thumbnail\" alt=\"\" \/><\/a>\n\t\t\t\t<\/dt><\/dl><dl class='gallery-item'>\n\t\t\t\t<dt class='gallery-icon landscape'>\n\t\t\t\t\t<a class=\"rollover rollover-zoom dt-pswp-item\" title=\"2d878c4f-58fe-4de9-8609-4948a6504bdf\" data-dt-img-description=\"\" data-large_image_width=\"1920\" data-large_image_height=\"1080\"href='https:\/\/www.radiopiu.net\/wordpress\/wp-content\/uploads\/2021\/06\/2d878c4f-58fe-4de9-8609-4948a6504bdf.jpg'><img loading=\"lazy\" decoding=\"async\" width=\"150\" height=\"150\" src=\"https:\/\/www.radiopiu.net\/wordpress\/wp-content\/uploads\/2021\/06\/2d878c4f-58fe-4de9-8609-4948a6504bdf-150x150.jpg\" class=\"attachment-thumbnail size-thumbnail\" alt=\"\" \/><\/a>\n\t\t\t\t<\/dt><\/dl><dl class='gallery-item'>\n\t\t\t\t<dt class='gallery-icon landscape'>\n\t\t\t\t\t<a class=\"rollover rollover-zoom dt-pswp-item\" title=\"39d03e8d-5a8f-44a5-85d0-c94555ab418e\" data-dt-img-description=\"\" data-large_image_width=\"1920\" data-large_image_height=\"1080\"href='https:\/\/www.radiopiu.net\/wordpress\/wp-content\/uploads\/2021\/06\/39d03e8d-5a8f-44a5-85d0-c94555ab418e.jpg'><img loading=\"lazy\" decoding=\"async\" width=\"150\" height=\"150\" src=\"https:\/\/www.radiopiu.net\/wordpress\/wp-content\/uploads\/2021\/06\/39d03e8d-5a8f-44a5-85d0-c94555ab418e-150x150.jpg\" class=\"attachment-thumbnail size-thumbnail\" alt=\"\" \/><\/a>\n\t\t\t\t<\/dt><\/dl><br style=\"clear: both\" \/>\n\t\t\t<\/div>\n\n<p>&nbsp;<\/p><\/blockquote>\n<hr \/>\n<blockquote><p>&nbsp;<\/p>\n<h3><a href=\"https:\/\/www.radiopiu.net\/wordpress\/plastic-free-nellagordino-missione-compiuta-a-listolade-e-domenica-tocca-al-nevegal\/196562903_514726669569847_5458961052239977466_n\/\" rel=\"attachment wp-att-214617\"><img loading=\"lazy\" decoding=\"async\" class=\"wp-image-214617 alignleft\" src=\"https:\/\/www.radiopiu.net\/wordpress\/wp-content\/uploads\/2021\/06\/196562903_514726669569847_5458961052239977466_n-300x300.jpg\" alt=\"\" width=\"168\" height=\"168\" srcset=\"https:\/\/www.radiopiu.net\/wordpress\/wp-content\/uploads\/2021\/06\/196562903_514726669569847_5458961052239977466_n-300x300.jpg 300w, https:\/\/www.radiopiu.net\/wordpress\/wp-content\/uploads\/2021\/06\/196562903_514726669569847_5458961052239977466_n-150x150.jpg 150w, https:\/\/www.radiopiu.net\/wordpress\/wp-content\/uploads\/2021\/06\/196562903_514726669569847_5458961052239977466_n.jpg 600w\" sizes=\"auto, (max-width: 168px) 100vw, 168px\" \/><\/a>PLASTIC FREE NELL&#8217;AGORDINO, PER UN MONDO LIBERO DALLA PLASTICA<\/h3>\n<p><strong>DI GIANNI SANTOMASO\u00a0<\/strong><\/p>\n<audio class=\"wp-audio-shortcode\" id=\"audio-214704-8\" preload=\"none\" style=\"width: 100%;\" controls=\"controls\"><source type=\"audio\/mpeg\" src=\"https:\/\/www.radiopiu.net\/wordpress\/wp-content\/uploads\/2021\/06\/plastic-ffree.mp3?_=8\" \/><a href=\"https:\/\/www.radiopiu.net\/wordpress\/wp-content\/uploads\/2021\/06\/plastic-ffree.mp3\">https:\/\/www.radiopiu.net\/wordpress\/wp-content\/uploads\/2021\/06\/plastic-ffree.mp3<\/a><\/audio><\/blockquote>\n<p>&nbsp;<\/p>\n<hr \/>\n<p>&nbsp;<\/p>\n<blockquote>\n<h2>IL GRAZIE AD ANNA DAI SOCI DELLA SEZIONE DEL CAI &#8220;TAMA DA ROIT&#8221;<\/h2>\n<\/blockquote>\n<blockquote><p><em><a href=\"https:\/\/www.radiopiu.net\/wordpress\/il-grazie-ad-anna-dai-soci-della-sezione-del-cai-tama-da-roit\/1fc7d047-cb88-d6b3-13b8-1f0fa0c0cc83\/\" rel=\"attachment wp-att-214936\"><img loading=\"lazy\" decoding=\"async\" class=\"size-medium wp-image-214936 alignleft\" src=\"https:\/\/www.radiopiu.net\/wordpress\/wp-content\/uploads\/2021\/06\/1fc7d047-cb88-d6b3-13b8-1f0fa0c0cc83-169x300.jpg\" alt=\"\" width=\"169\" height=\"300\" srcset=\"https:\/\/www.radiopiu.net\/wordpress\/wp-content\/uploads\/2021\/06\/1fc7d047-cb88-d6b3-13b8-1f0fa0c0cc83-169x300.jpg 169w, https:\/\/www.radiopiu.net\/wordpress\/wp-content\/uploads\/2021\/06\/1fc7d047-cb88-d6b3-13b8-1f0fa0c0cc83-577x1024.jpg 577w, https:\/\/www.radiopiu.net\/wordpress\/wp-content\/uploads\/2021\/06\/1fc7d047-cb88-d6b3-13b8-1f0fa0c0cc83-768x1364.jpg 768w, https:\/\/www.radiopiu.net\/wordpress\/wp-content\/uploads\/2021\/06\/1fc7d047-cb88-d6b3-13b8-1f0fa0c0cc83-865x1536.jpg 865w, https:\/\/www.radiopiu.net\/wordpress\/wp-content\/uploads\/2021\/06\/1fc7d047-cb88-d6b3-13b8-1f0fa0c0cc83-1153x2048.jpg 1153w, https:\/\/www.radiopiu.net\/wordpress\/wp-content\/uploads\/2021\/06\/1fc7d047-cb88-d6b3-13b8-1f0fa0c0cc83-scaled.jpg 1442w\" sizes=\"auto, (max-width: 169px) 100vw, 169px\" \/><\/a>Grazie Anna per tutto quello che hai dato e fatto come presidente e per quello che sicuramente continuerai a fare come Consigliere e Socio della nostra Sezione.\u00a0<\/em><\/p><\/blockquote>\n<p><strong>AGORDO<\/strong> Dopo la nomina del nuovo Presidente della Sezione Agordina ecco il puntuale ringraziamento per la Past President Anna Magro per il lavoro svolto a favore del Sodalizio nel periodo della sua presidenza.<br \/>\nEntrer\u00e0 sicuramente negli annali quale prima donna a ricoprire questo importante e prestigioso incarico di una altrettanto importante e prestigiosa Sezione, conosciuta e stimata a livello nazionale. Verr\u00e0 per\u00f2 anche ricordata come la Presidente che ha lavorato egregiamente non solo nell&#8217;ordinario, ma anche nel coordinamento del post-Vaia e durante la pandemia Covid ed ancora per l&#8217;ultimo l&#8217;ammodernamento del Rifugio Scarpa-Gurekian e per\u00a0il 150\u00b0 della Sezione, distinguendosi sempre per\u00a0 determinazione, risolutezza, umilt\u00e0 e profondo orgoglio di appartenere e guidare la Sezione Agordina\u00a0del Club Alpino Italiano.<\/p>\n<p><em>IL NUOVO PRESIDENTE DARIO DELL&#8217;OSBEL SARA&#8217; OSPITE DI RADIO PIU VENERDI ALLE 10.30 E 1900 SU RADIO PIU<\/em><\/p>\n<p>&nbsp;<\/p>\n<p>&nbsp;<\/p>\n<hr \/>\n<p>&nbsp;<\/p>\n<blockquote>\n<h3>CAMBIO DELLA GUARDIA A PALAZZO ROSSO, IL BENVENUTO DELLA LEGA AD ANNALISA DAL MAS<\/h3>\n<p><strong>&#8220;Verificheremo nei prossimi giorni la discrepanza nell&#8217;assegnazione dei voti tra le liste depositate in Comune e in Prefettura&#8221;.<\/strong><\/p><\/blockquote>\n<p><a href=\"https:\/\/www.radiopiu.net\/wordpress\/giornale-radiopiu-19-marzo-2021-direttore-mirko-mezzacasa\/23e2c08f-cc93-42f3-a2f4-2455fe113bac\/\" rel=\"attachment wp-att-197821\"><img loading=\"lazy\" decoding=\"async\" class=\"size-medium wp-image-197821 alignleft\" src=\"https:\/\/www.radiopiu.net\/wordpress\/wp-content\/uploads\/2021\/03\/23e2c08f-cc93-42f3-a2f4-2455fe113bac-300x200.jpg\" alt=\"\" width=\"300\" height=\"200\" srcset=\"https:\/\/www.radiopiu.net\/wordpress\/wp-content\/uploads\/2021\/03\/23e2c08f-cc93-42f3-a2f4-2455fe113bac-300x200.jpg 300w, https:\/\/www.radiopiu.net\/wordpress\/wp-content\/uploads\/2021\/03\/23e2c08f-cc93-42f3-a2f4-2455fe113bac-1024x682.jpg 1024w, https:\/\/www.radiopiu.net\/wordpress\/wp-content\/uploads\/2021\/03\/23e2c08f-cc93-42f3-a2f4-2455fe113bac-768x512.jpg 768w, https:\/\/www.radiopiu.net\/wordpress\/wp-content\/uploads\/2021\/03\/23e2c08f-cc93-42f3-a2f4-2455fe113bac-1536x1023.jpg 1536w, https:\/\/www.radiopiu.net\/wordpress\/wp-content\/uploads\/2021\/03\/23e2c08f-cc93-42f3-a2f4-2455fe113bac.jpg 1600w\" sizes=\"auto, (max-width: 300px) 100vw, 300px\" \/><\/a>\u200b<strong>BELLUNO<\/strong> Luciano Da Pian consigliere comunale (Lega Nord) ha rassegnato le dimissioni per impegni lavorativi,\u00a0 subentra Annalisa Dal Mas, ex militante all&#8217;interno della Lega, alla quale il partito da&#8217; il suo benvenuto nell&#8217;emiciclo di Palazzo Rosso e apre le porte per un dialogo costruttivo e positivo. <em>&#8220;Grazie a Da Pian, con lui abbiamo fatto sentire la voce della Lega su questioni importanti per la citt\u00e0 e per i cittadini&#8221;\u00a0<\/em> \u2013 spiega il coordinatore di Lega Belluno, Franco Gidoni <em>\u201cE&#8217; stata un&#8217;esperienza molto arricchente, dal punto di vista politico ma soprattutto umano \u2013 commenta Da Pian -, abbiamo lavorato sodo ma abbiamo anche costruito rapporti su tutti i fronti, al di l\u00e0 degli sc<a href=\"https:\/\/www.radiopiu.net\/wordpress\/giornale-radiopiu-09-giugno-2021-direttore-mirko-mezzacasa\/58814572_2291184764270952_6170058981306793984_n\/\" rel=\"attachment wp-att-214948\"><img loading=\"lazy\" decoding=\"async\" class=\" wp-image-214948 alignright\" src=\"https:\/\/www.radiopiu.net\/wordpress\/wp-content\/uploads\/2021\/06\/58814572_2291184764270952_6170058981306793984_n-300x300.jpg\" alt=\"\" width=\"203\" height=\"203\" srcset=\"https:\/\/www.radiopiu.net\/wordpress\/wp-content\/uploads\/2021\/06\/58814572_2291184764270952_6170058981306793984_n-300x300.jpg 300w, https:\/\/www.radiopiu.net\/wordpress\/wp-content\/uploads\/2021\/06\/58814572_2291184764270952_6170058981306793984_n-150x150.jpg 150w, https:\/\/www.radiopiu.net\/wordpress\/wp-content\/uploads\/2021\/06\/58814572_2291184764270952_6170058981306793984_n.jpg 509w\" sizes=\"auto, (max-width: 203px) 100vw, 203px\" \/><\/a>hieramenti. Ringrazio i miei compagni di gruppo in Consiglio comunale e adesso mi concentrer\u00f2 sulla militanza interna al mio partito\u201d.<\/em><\/p>\n<p>Il partito voleva al palazzo \u00a0il giovane Paolo Luciani o almeno questo lo prevedeva calcolatrice alla mano. Invece ecco la militante dal 2010 della lega Nord che lo scorso anno non si \u00e8 stata pi\u00f9 reiscritta alla Lega Salvini Premier senza alcuna spiegazione.\u00a0 &#8220;Mi riservo di indicare prossimamente al presidente del Consiglio comunale a quale gruppo consiliare aderire&#8221; riferisce la Dal Mas.\u00a0 <em>&#8220;Confermo di avere accettato l\u2019incarico e, come gi\u00e0 comunicato alla stampa, sono orgogliosamente a disposizione della comunit\u00e0 bellunese; far\u00f2 a tempo debito le mie considerazioni al presidente del consiglio comunale. Per ora vorrei solo metabolizzare la notizia e iniziare questa opportunit\u00e0 giunta inaspettatamente, con senso civico e responsabilit\u00e0 verso i cittadini della citt\u00e0 capoluogo&#8221;.<\/em><\/p>\n<p>&nbsp;<\/p>\n<hr \/>\n<blockquote>\n<h3><strong>\u00a0<\/strong><\/h3>\n<h3><strong>MALTEMPO DI AGOSTO 2020. ARRIVANO IN VENETO 10,8 MILIONI DI EURO<\/strong><\/h3>\n<\/blockquote>\n<p><strong>VENEZIA<\/strong> Arrivano in Veneto 10 milioni 877 mila 926,18 euro del Governo, tramite la Protezione Civile Nazionale, quali risorse per intervenire sui danni subiti da alcune aree della Regione a seguito dei eventi gravi eventi di maltempo verificatisi nel mese di agosto 2020. Le procedure per l\u2019ottenimento dell\u2019intervento nazionale erano state avviate dal Presidente della Regione, Luca Zaia, nella sua qualit\u00e0 di Commissario Delegato e sono consistite in una prima ricognizione dei danni, seguita da un\u2019integrazione. La somma in questione riguarda gli eventi calamitosi accaduti nelle province di Belluno, Padova, Verona e Vicenza ed \u00e8 stata stanziata dal Consiglio dei Ministri il 20 maggio scorso.<\/p>\n<p>&nbsp;<\/p>\n<p>&nbsp;<\/p>\n<hr \/>\n<blockquote>\n<h3><\/h3>\n<h3>RIPARTENZA, BOND (FI): &#8220;AIUTARE LE PRO LOCO PER FAR RIPARTIRE IL PAESE<\/h3>\n<\/blockquote>\n<p><strong>ROMA<\/strong> \u00ab<em>La zona bianca \u00e8 una splendida notizia. Ma adesso bisogna far decollare le attivit\u00e0 che da sempre muovono il Paese. Serve un intervento a favore delle Pro loco, ferme da oltre un anno<\/em>\u00bb. Cos\u00ec in una nota il deputato di Forza Italia Dario Bond. &#8220;<em>In un\u2019estate che dovr\u00e0 segnare la ripartenza post-Covid diventa indispensabile agevolare l\u2019attivit\u00e0 delle Pro loco, non tanto con contributi economici quanto piuttosto con semplificazioni. Un servizio al volontariato che si trasforma in un servizio al Paese&#8221;<\/em>.<\/p>\n<p>&nbsp;<\/p>\n<p>&nbsp;<\/p>\n<hr \/>\n<p>&nbsp;<\/p>\n<blockquote>\n<h3>LUNEDI&#8217; INIZIANO I LAVORI DI RIFACIMENTO DEL PONTE SUL TORRENTE CAMPREGANA AD AGORDO<\/h3>\n<\/blockquote>\n<p><strong><a href=\"https:\/\/www.radiopiu.net\/wordpress\/agordo-il-mio-paese-litalia-che-vorrei-di-mirko-mezzacasa\/8cea600a-c88b-4d28-8748-e360e4864c44\/\" rel=\"attachment wp-att-144890\"><img loading=\"lazy\" decoding=\"async\" class=\"size-medium wp-image-144890 alignleft\" src=\"https:\/\/www.radiopiu.net\/wordpress\/wp-content\/uploads\/2020\/06\/8cea600a-c88b-4d28-8748-e360e4864c44-300x225.jpg\" alt=\"\" width=\"300\" height=\"225\" srcset=\"https:\/\/www.radiopiu.net\/wordpress\/wp-content\/uploads\/2020\/06\/8cea600a-c88b-4d28-8748-e360e4864c44-300x225.jpg 300w, https:\/\/www.radiopiu.net\/wordpress\/wp-content\/uploads\/2020\/06\/8cea600a-c88b-4d28-8748-e360e4864c44-1024x768.jpg 1024w, https:\/\/www.radiopiu.net\/wordpress\/wp-content\/uploads\/2020\/06\/8cea600a-c88b-4d28-8748-e360e4864c44-768x576.jpg 768w, https:\/\/www.radiopiu.net\/wordpress\/wp-content\/uploads\/2020\/06\/8cea600a-c88b-4d28-8748-e360e4864c44-1536x1152.jpg 1536w, https:\/\/www.radiopiu.net\/wordpress\/wp-content\/uploads\/2020\/06\/8cea600a-c88b-4d28-8748-e360e4864c44.jpg 2048w\" sizes=\"auto, (max-width: 300px) 100vw, 300px\" \/><\/a>AGORDO<\/strong> Dal 14 giugno 2021 al 16 luglio, verranno eseguiti, ad opera dei Servizi Forestali di Belluno, i lavori di rifacimento del ponte sul torrente Campregana, in localita\u0300 Val di Frela. Durante tutto il periodo dei lavori in corso, al fine di limitare i disagi degli abitanti della frazione Farenzena e degli abitanti della localita\u0300 Val di Frela, destra orografica del torrente Campregana, la deviazione della circolazione veicolare avver\u00e0 lungo l\u2019unica viabilita\u0300 alternativa rappresentata dalla strada silvo-pastorale denominata Farenzena-Don, che potra\u0300 garantire il transito veicolare ai residenti, in deroga ai divieti esistenti. Con l&#8217;ordinanza il comune di Agordo apre delle finestre di transito per salire e scendere sulla strada Farenzena-Don.<\/p>\n<blockquote><p><em>Transito consentito <strong>A SALIRE<\/strong>, da frazione FARENZENA a localita\u0300 DON: dalle 6 alle 7:45, dalle 9 alle 9:45, dalle 11:00 alle 11:45, dalle 13 alle 13:45 &#8211; dalle 15 alle 15:45, dalle 17 alle 17:45, dalle 19 alle 19:45. Transito consentito<strong> A SCENDERE<\/strong>, da localita\u0300 DON a frazione FARENZENA: dalle 8 alle 8:45, dalle 10 alle 10:45, dalle 12 alle 12:45, dalle 14 alle 14:45, dalle 16 alle 16:45, dalle 18 alle 18:45, dalle 20 alle 20:45. Dalle ore 20:45 alle ore 05:45 la circolazione dei veicoli e\u0300 consentita contemporaneamente in entrambi i sensi di marcia.<\/em><\/p><\/blockquote>\n<p>&nbsp;<\/p>\n<p>&nbsp;<\/p>\n<hr \/>\n<p>&nbsp;<\/p>\n<blockquote>\n<h3>DOPOSCUOLA PER STUDENTI CON DSA E BISOGNI EDUCATIVI SPECIALI<\/h3>\n<\/blockquote>\n<p><strong><a href=\"https:\/\/www.radiopiu.net\/wordpress\/giornale-radiopiu-09-giugno-2021-direttore-mirko-mezzacasa\/locandina-feltre-11_12-giugno\/\" rel=\"attachment wp-att-214832\"><img loading=\"lazy\" decoding=\"async\" class=\"size-medium wp-image-214832 alignleft\" src=\"https:\/\/www.radiopiu.net\/wordpress\/wp-content\/uploads\/2021\/06\/Locandina-Feltre-11_12-giugno-212x300.jpg\" alt=\"\" width=\"212\" height=\"300\" srcset=\"https:\/\/www.radiopiu.net\/wordpress\/wp-content\/uploads\/2021\/06\/Locandina-Feltre-11_12-giugno-212x300.jpg 212w, https:\/\/www.radiopiu.net\/wordpress\/wp-content\/uploads\/2021\/06\/Locandina-Feltre-11_12-giugno-724x1024.jpg 724w, https:\/\/www.radiopiu.net\/wordpress\/wp-content\/uploads\/2021\/06\/Locandina-Feltre-11_12-giugno-768x1086.jpg 768w, https:\/\/www.radiopiu.net\/wordpress\/wp-content\/uploads\/2021\/06\/Locandina-Feltre-11_12-giugno-1086x1536.jpg 1086w, https:\/\/www.radiopiu.net\/wordpress\/wp-content\/uploads\/2021\/06\/Locandina-Feltre-11_12-giugno.jpg 1240w\" sizes=\"auto, (max-width: 212px) 100vw, 212px\" \/><\/a>FELTRE <\/strong>Il servizio di doposcuola specialistico per studentesse e studenti con disturbi specifici dell\u2019apprendimento e bisogni educativi speciali promosso nell&#8217;ambito del progetto Feltrino Comunit\u00e0 Educante concluder\u00e0 il suo primo anno di attivit\u00e0 con un evento formativo online aperto a genitori, insegnanti, operatori del settore, adulti di riferimento e cittadine\/i con interesse per tali tematiche. Il doposcuola ha coinvolto complessivamente 84 alunni delle scuole secondarie di primo grado (medie), di cui 63 ragazzi e 21 ragazze. L\u2019evento conclusivo si svolger\u00e0 venerd\u00ec 11 e sabato 12 giugno<\/p>\n<p>&nbsp;<\/p>\n<p>&nbsp;<\/p>\n<p>&nbsp;<\/p>\n<p>&nbsp;<\/p>\n<p>&nbsp;<\/p>\n<hr \/>\n<p>&nbsp;<\/p>\n<p>&nbsp;<\/p>\n<blockquote><p><a href=\"https:\/\/www.radiopiu.net\/wordpress\/giornale-radiopiu-09-giugno-2021-direttore-mirko-mezzacasa\/olympus-digital-camera-250\/\" rel=\"attachment wp-att-214860\"><img loading=\"lazy\" decoding=\"async\" class=\"size-medium wp-image-214860 alignleft\" src=\"https:\/\/www.radiopiu.net\/wordpress\/wp-content\/uploads\/2021\/06\/Inferno_Dante-1-225x300.jpg\" alt=\"\" width=\"225\" height=\"300\" srcset=\"https:\/\/www.radiopiu.net\/wordpress\/wp-content\/uploads\/2021\/06\/Inferno_Dante-1-225x300.jpg 225w, https:\/\/www.radiopiu.net\/wordpress\/wp-content\/uploads\/2021\/06\/Inferno_Dante-1-768x1024.jpg 768w, https:\/\/www.radiopiu.net\/wordpress\/wp-content\/uploads\/2021\/06\/Inferno_Dante-1-1152x1536.jpg 1152w, https:\/\/www.radiopiu.net\/wordpress\/wp-content\/uploads\/2021\/06\/Inferno_Dante-1-1536x2048.jpg 1536w, https:\/\/www.radiopiu.net\/wordpress\/wp-content\/uploads\/2021\/06\/Inferno_Dante-1-scaled.jpg 1920w\" sizes=\"auto, (max-width: 225px) 100vw, 225px\" \/><\/a><\/p>\n<h3>LA MOSTRA AL SEMINARIO GREGORIANO DAL 13 GIUGNO PER CELEBRARE DANTE NEL 700\u00b0 ANNO DALLA SUA MORTE<\/h3>\n<p><strong>BELLUNO\u00a0<\/strong> La mostra che verr\u00e0 inaugurata domenica 13 giugno, nel titolo scelto \u2013 \u201ce quindi uscimmo a rivedere le stelle\u201d &#8211; svela un messaggio di speranza, con l\u2019intento di ripartire, di rilanciare la cultura dopo mesi di chiusura, incertezze e difficolt\u00e0 a causa dell\u2019emergenza sanitaria. Fulcro delle celebrazioni dantesche nel capoluogo \u00e8 il Seminario Gregoriano di Belluno.\u00a0 Capofila il rettore, mons. Giorgio Lise. Protagonista della rassegna bellunese \u00e8 la Divina Commedia della Biblioteca Lolliniana. Si tratta di un manoscritto su pergamena che appartiene alla famiglia dei cosiddetti \u201cDanti del Cento\u201d. La mostra rester\u00e0 aperta fino al 18 luglio con il seguente orario: i sabati e le domeniche dalle 14:30 alle 18, i luned\u00ec dalle 9:30 alle 12. Prenotazione obbligatoria all\u2019indirizzo mail bibliotecagregoriana@chiesabellunofeltre.it. L\u2019ingresso \u00e8 dalla porta del chiostro gotico sul sagrato della chiesa di S. Pietro.<\/p><\/blockquote>\n<p>&nbsp;<\/p>\n<p>&nbsp;<\/p>\n<p>&nbsp;<\/p>\n<hr \/>\n<p>&nbsp;<\/p>\n<p>&nbsp;<\/p>\n<blockquote class=\"wp-embedded-content\" data-secret=\"MT4BD1lolS\"><p><a href=\"https:\/\/www.radiopiu.net\/wordpress\/gli-aggiornamenti-storici-su-rocca-pietore\/\">GLI AGGIORNAMENTI STORICI SU ROCCA PIETORE<\/a><\/p><\/blockquote>\n<p><iframe loading=\"lazy\" class=\"wp-embedded-content\" sandbox=\"allow-scripts\" security=\"restricted\" style=\"position: absolute; clip: rect(1px, 1px, 1px, 1px);\" title=\"&#8220;GLI AGGIORNAMENTI STORICI SU ROCCA PIETORE&#8221; &#8212; Radio Pi\u00f9\" src=\"https:\/\/www.radiopiu.net\/wordpress\/gli-aggiornamenti-storici-su-rocca-pietore\/embed\/#?secret=MT4BD1lolS\" data-secret=\"MT4BD1lolS\" width=\"600\" height=\"338\" frameborder=\"0\" marginwidth=\"0\" marginheight=\"0\" scrolling=\"no\"><\/iframe><\/p>\n<p>&nbsp;<\/p>\n<p>&nbsp;<\/p>\n<p>&nbsp;<\/p>\n<hr \/>\n<p>&nbsp;<\/p>\n<blockquote>\n<h3>CONCORSO PUBBLICO PER UN ISTRUTTORE<\/h3>\n<\/blockquote>\n<p><strong>FELTRE<\/strong> L&#8217;unione montana Feltrina ha indetto un concorso pubblico<span lang=\"IT\" style=\"font-size: 12.0pt; line-height: 115%; font-family: 'Bookman Old Style';\"> per l&#8217;assunzione a tempo indeterminato e pieno di\u00a0 un Istruttore Tecnico categoria di accesso C presso l\u2019unit\u00e0 organizzativa viabilit\u00e0, verde e difesa del suolo del settore gestione del territorio del Comune di Feltre. <\/span><span lang=\"IT\" style=\"font-size: 12.0pt; line-height: 115%; font-family: 'Bookman Old Style';\">Le domande di partecipazione dovranno essere presentate tramite apposita piattaforma dell&#8217;Unione Montana Feltrina <\/span><span lang=\"IT\" style=\"font-size: 12.0pt; line-height: 115%; font-family: 'Bookman Old Style';\">Termine di scadenza per la presentazione delle domande ore 12 del 19\/07\/2021.\u00a0<\/span><\/p>\n<p>&nbsp;<\/p>\n<hr \/>\n<blockquote><p>&nbsp;<\/p>\n<h3>TRASPORTO PUBBLICO ORARI INVERNALI FINO AL 13 GIUGNO<\/h3>\n<\/blockquote>\n<p><strong>BELLUNO<\/strong> La Dolomitibus informa che la Provincia ha prorogato la validit\u00e0 dell&#8217;orario invernale fino al 13 giugno, dal 7 al 13 il servizio verr\u00e0 effettuato da orario invernale &#8220;non scolastico&#8221;, la lunedi 14 entra in vigore l&#8217;orario estivo.<\/p>\n<blockquote><p>&nbsp;<\/p><\/blockquote>\n<hr \/>\n<p>&nbsp;<\/p>\n<blockquote>\n<h3>LA POLIZIA DI STATO CERCA 15 ATLETI DA ASSEGNARE ALLE FIAMME ORO<\/h3>\n<\/blockquote>\n<p><strong><a href=\"https:\/\/www.radiopiu.net\/wordpress\/questura-2-nuovi-poliziotti-anziche-3\/volante-questura-2\/\" rel=\"attachment wp-att-63841\"><img loading=\"lazy\" decoding=\"async\" class=\" wp-image-63841 alignleft\" src=\"https:\/\/www.radiopiu.net\/wordpress\/wp-content\/uploads\/2018\/10\/Volante-Questura-2.jpg\" alt=\"\" width=\"108\" height=\"108\" srcset=\"https:\/\/www.radiopiu.net\/wordpress\/wp-content\/uploads\/2018\/10\/Volante-Questura-2.jpg 200w, https:\/\/www.radiopiu.net\/wordpress\/wp-content\/uploads\/2018\/10\/Volante-Questura-2-150x150.jpg 150w\" sizes=\"auto, (max-width: 108px) 100vw, 108px\" \/><\/a>BELLUNO\u00a0<\/strong>\u00c8 stato pubblicato il bando di concorso pubblico, per titoli, per l&#8217;assunzione di 15 atleti da assegnare ai gruppi sportivi della Polizia di Stato &#8211; Fiamme Oro che saranno inquadrati nel ruolo di agenti e assistenti della Polizia di Stato. La domanda di partecipazione deve essere compilata e trasmessa entro il 21 giugno utilizzando esclusivamente la procedura online sul sito https:\/\/concorsionline.poliziadistato.it<\/p>\n<p>&nbsp;<\/p>\n<p>&nbsp;<\/p>\n<hr \/>\n<p>&nbsp;<\/p>\n<blockquote>\n<h3>ASSOCIAZIONE PETTIROSSO AGORDINO IN ASSEMBLEA<\/h3>\n<\/blockquote>\n<p><strong>AGORDO<\/strong> Giovedi 10 giugno alle 20 in sala Don Tamis assemblea annuale degli associati alla Pettirosso Agordino. All&#8217;ordine del giorno: relazione del presidente Sonia d&#8217;Agostini, presentazione ed approvazione del bilancio e del programma.<\/p>\n<p>&nbsp;<\/p>\n<hr \/>\n<p>&nbsp;<\/p>\n<blockquote>\n<h3>RIAPRE IL CASTELLO DI ANDRAZ<\/h3>\n<\/blockquote>\n<p><strong>LIVINALLONGO<\/strong> Il Castello di Andraz riapre al pubblico, grazie alla collaborazione fra il Comune di Livinallongo del Col di Lana e l\u2019Istitut Cultural Ladin Cesa de Jan. Per il <strong>mese di giugno<\/strong> le aperture saranno le seguenti: 2, 5, 6 e, nelle successive settimane, <strong>dal gioved\u00ec alla domenica<\/strong>. L\u2019orario rimarr\u00e0 lo stesso per tutta l\u2019estate e cio\u00e8 dalle 10 alle 12:30 e dalle 14:30 alle 18.<\/p>\n<p>&nbsp;<\/p>\n<p>&nbsp;<\/p>\n<hr \/>\n<p>&nbsp;<\/p>\n<blockquote>\n<h3>CORSO GRATUITO PER ATTREZZISTA CNC: E\u2019 POSSIBILE ISCRIVERSI FINO AL 25 GIUGNO<\/h3>\n<\/blockquote>\n<p><strong>LONGARONE<\/strong> Iscrizioni aperte fino al 25 giugno per il nuovo corso gratuito, promosso dall\u2019Area Formazione di Certottica, per attrezzista di macchine settore occhialeria.\u00a0 Si tratta di una Work Experience gratuita, destinata a 9 persone disoccupate\/inoccupate in possesso di diploma.\u00a0 Info:\u00a0 sito www.certottica.it<\/p>\n<p>&nbsp;<\/p>\n<p>&nbsp;<\/p>\n<hr \/>\n<p>&nbsp;<\/p>\n<p>&nbsp;<\/p>\n<blockquote>\n<h3>LE PREMIAZIONI DEL 3\u00b0 CONCORSO NAZIONALE CITTA&#8217; DI BELLUNO E DEL CONCORSO INTERNAZIONALE CANTO LIRICO CITTA&#8217; DI BELLUNO<\/h3>\n<\/blockquote>\n<p><strong>BELLUNO <\/strong>Si e&#8217; conclusa domenica 6 giugno scorso con il Concerto dei finalisti del\u00a0 3\u00b0 Concorso Nazionale\u00a0 citta&#8217; di Belluno, la lunga maratona musicale di audizioni e concerti del\u00a0 Concorso organizzato dalla Associazione Sociale Gocce di Sole. Oltre trenta partecipanti per la categoria \u201cPiccoli talenti\u201d, 290 audizioni per il Concorso Musicale ,e 14 cantori\u00a0 per la prima edizione del Concorso Internazionale Canto Lirico. Il\u00a0 3 \u00b0Concorso musicale citta&#8217; di Belluno\u00a0 ha decretato : 1\u00b0 Luigi Gordano Cosenza (Fisarmonica), 2\u00b0 Duo Olga Gavryliuk\/ Iuri Marchesin Treviso (Pianoforte duo a 4 mani), 2\u00b0 Matteo Perlin\u00a0 Pordenone (Pianoforte), 3\u00b0\u00a0 Margherita Pellarda\u00a0 Vicenza (Pianoforte). I premi di questa sezione sono stati\u00a0 donati e consegnati dalla Associazione Martina Bonavera . Premio della giuria \u201cConcerto e registrazione presso l&#8217;Accademia della musica e Teatro di Cosenza e Crotone assegnato a: Daniele Falco Castelfranco (Fagotto). Si \u00e8 concluso sabato 5 giugno anche la prima edizione del Concorso Internazionale di Canto Lirico citta&#8217; di Belluno. Questa la classifica dei vincitori: 1\u00b0 Kaori Yamada Giappone, 2\u00b0 Luigi Morassi Italia, 3\u00b0 Juana Strepi Albania.\u00a0 Al secondo classificato Luigi Morassi consegnata una borsa di studio per poter partecipare ad un corso presso la\u00a0 famosissima Accademia di Belcanto Rodolfo Celletti\u00a0\u00a0 di Taranto direttamente dalle mani \u201cvirtuali\u201d del Maestro Alberto Triola, in collegamento streaming.<\/p>\n\n\t\t\t<style type='text\/css'>\n\t\t\t\t#gallery-4 {\n\t\t\t\t\tmargin: auto;\n\t\t\t\t}\n\t\t\t\t#gallery-4 .gallery-item {\n\t\t\t\t\tfloat: left;\n\t\t\t\t\tmargin-top: 10px;\n\t\t\t\t\ttext-align: center;\n\t\t\t\t\twidth: 14%;\n\t\t\t\t}\n\t\t\t\t#gallery-4 img {\n\t\t\t\t\tborder: 2px solid #cfcfcf;\n\t\t\t\t}\n\t\t\t\t#gallery-4 .gallery-caption {\n\t\t\t\t\tmargin-left: 0;\n\t\t\t\t}\n\t\t\t\t\/* see gallery_shortcode() in wp-includes\/media.php *\/\n\t\t\t<\/style>\n\t\t<div id='gallery-4' class='dt-gallery-container gallery galleryid-214704 gallery-columns-7 gallery-size-thumbnail'><dl class='gallery-item'>\n\t\t\t\t<dt class='gallery-icon landscape'>\n\t\t\t\t\t<a class=\"rollover rollover-zoom dt-pswp-item\" title=\"WhatsApp Image 2021-06-07 at 17.54.21 (1)\" data-dt-img-description=\"\" data-large_image_width=\"1600\" data-large_image_height=\"1066\"href='https:\/\/www.radiopiu.net\/wordpress\/wp-content\/uploads\/2021\/06\/WhatsApp-Image-2021-06-07-at-17.54.21-1.jpeg'><img loading=\"lazy\" decoding=\"async\" width=\"150\" height=\"150\" src=\"https:\/\/www.radiopiu.net\/wordpress\/wp-content\/uploads\/2021\/06\/WhatsApp-Image-2021-06-07-at-17.54.21-1-150x150.jpeg\" class=\"attachment-thumbnail size-thumbnail\" alt=\"\" \/><\/a>\n\t\t\t\t<\/dt><\/dl><dl class='gallery-item'>\n\t\t\t\t<dt class='gallery-icon landscape'>\n\t\t\t\t\t<a class=\"rollover rollover-zoom dt-pswp-item\" title=\"WhatsApp Image 2021-06-07 at 17.54.21 (2)\" data-dt-img-description=\"\" data-large_image_width=\"1600\" data-large_image_height=\"1066\"href='https:\/\/www.radiopiu.net\/wordpress\/wp-content\/uploads\/2021\/06\/WhatsApp-Image-2021-06-07-at-17.54.21-2.jpeg'><img loading=\"lazy\" decoding=\"async\" width=\"150\" height=\"150\" src=\"https:\/\/www.radiopiu.net\/wordpress\/wp-content\/uploads\/2021\/06\/WhatsApp-Image-2021-06-07-at-17.54.21-2-150x150.jpeg\" class=\"attachment-thumbnail size-thumbnail\" alt=\"\" \/><\/a>\n\t\t\t\t<\/dt><\/dl><dl class='gallery-item'>\n\t\t\t\t<dt class='gallery-icon landscape'>\n\t\t\t\t\t<a class=\"rollover rollover-zoom dt-pswp-item\" title=\"WhatsApp Image 2021-06-07 at 17.54.22 (3)\" data-dt-img-description=\"\" data-large_image_width=\"1600\" data-large_image_height=\"1066\"href='https:\/\/www.radiopiu.net\/wordpress\/wp-content\/uploads\/2021\/06\/WhatsApp-Image-2021-06-07-at-17.54.22-3.jpeg'><img loading=\"lazy\" decoding=\"async\" width=\"150\" height=\"150\" src=\"https:\/\/www.radiopiu.net\/wordpress\/wp-content\/uploads\/2021\/06\/WhatsApp-Image-2021-06-07-at-17.54.22-3-150x150.jpeg\" class=\"attachment-thumbnail size-thumbnail\" alt=\"\" \/><\/a>\n\t\t\t\t<\/dt><\/dl><dl class='gallery-item'>\n\t\t\t\t<dt class='gallery-icon landscape'>\n\t\t\t\t\t<a class=\"rollover rollover-zoom dt-pswp-item\" title=\"WhatsApp Image 2021-06-07 at 17.54.21 (3)\" data-dt-img-description=\"\" data-large_image_width=\"1600\" data-large_image_height=\"1066\"href='https:\/\/www.radiopiu.net\/wordpress\/wp-content\/uploads\/2021\/06\/WhatsApp-Image-2021-06-07-at-17.54.21-3.jpeg'><img loading=\"lazy\" decoding=\"async\" width=\"150\" height=\"150\" src=\"https:\/\/www.radiopiu.net\/wordpress\/wp-content\/uploads\/2021\/06\/WhatsApp-Image-2021-06-07-at-17.54.21-3-150x150.jpeg\" class=\"attachment-thumbnail size-thumbnail\" alt=\"\" \/><\/a>\n\t\t\t\t<\/dt><\/dl><dl class='gallery-item'>\n\t\t\t\t<dt class='gallery-icon landscape'>\n\t\t\t\t\t<a class=\"rollover rollover-zoom dt-pswp-item\" title=\"WhatsApp Image 2021-06-07 at 17.54.22 (4)\" data-dt-img-description=\"\" data-large_image_width=\"1600\" data-large_image_height=\"1066\"href='https:\/\/www.radiopiu.net\/wordpress\/wp-content\/uploads\/2021\/06\/WhatsApp-Image-2021-06-07-at-17.54.22-4.jpeg'><img loading=\"lazy\" decoding=\"async\" width=\"150\" height=\"150\" src=\"https:\/\/www.radiopiu.net\/wordpress\/wp-content\/uploads\/2021\/06\/WhatsApp-Image-2021-06-07-at-17.54.22-4-150x150.jpeg\" class=\"attachment-thumbnail size-thumbnail\" alt=\"\" \/><\/a>\n\t\t\t\t<\/dt><\/dl><dl class='gallery-item'>\n\t\t\t\t<dt class='gallery-icon landscape'>\n\t\t\t\t\t<a class=\"rollover rollover-zoom dt-pswp-item\" title=\"WhatsApp Image 2021-06-07 at 17.54.21 (4)\" data-dt-img-description=\"\" data-large_image_width=\"1600\" data-large_image_height=\"1066\"href='https:\/\/www.radiopiu.net\/wordpress\/wp-content\/uploads\/2021\/06\/WhatsApp-Image-2021-06-07-at-17.54.21-4.jpeg'><img loading=\"lazy\" decoding=\"async\" width=\"150\" height=\"150\" src=\"https:\/\/www.radiopiu.net\/wordpress\/wp-content\/uploads\/2021\/06\/WhatsApp-Image-2021-06-07-at-17.54.21-4-150x150.jpeg\" class=\"attachment-thumbnail size-thumbnail\" alt=\"\" \/><\/a>\n\t\t\t\t<\/dt><\/dl><dl class='gallery-item'>\n\t\t\t\t<dt class='gallery-icon landscape'>\n\t\t\t\t\t<a class=\"rollover rollover-zoom dt-pswp-item\" title=\"WhatsApp Image 2021-06-07 at 17.54.22\" data-dt-img-description=\"\" data-large_image_width=\"1600\" data-large_image_height=\"1066\"href='https:\/\/www.radiopiu.net\/wordpress\/wp-content\/uploads\/2021\/06\/WhatsApp-Image-2021-06-07-at-17.54.22.jpeg'><img loading=\"lazy\" decoding=\"async\" width=\"150\" height=\"150\" src=\"https:\/\/www.radiopiu.net\/wordpress\/wp-content\/uploads\/2021\/06\/WhatsApp-Image-2021-06-07-at-17.54.22-150x150.jpeg\" class=\"attachment-thumbnail size-thumbnail\" alt=\"\" \/><\/a>\n\t\t\t\t<\/dt><\/dl><br style=\"clear: both\" \/><dl class='gallery-item'>\n\t\t\t\t<dt class='gallery-icon landscape'>\n\t\t\t\t\t<a class=\"rollover rollover-zoom dt-pswp-item\" title=\"WhatsApp Image 2021-06-07 at 17.54.21 (5)\" data-dt-img-description=\"\" data-large_image_width=\"1600\" data-large_image_height=\"1066\"href='https:\/\/www.radiopiu.net\/wordpress\/wp-content\/uploads\/2021\/06\/WhatsApp-Image-2021-06-07-at-17.54.21-5.jpeg'><img loading=\"lazy\" decoding=\"async\" width=\"150\" height=\"150\" src=\"https:\/\/www.radiopiu.net\/wordpress\/wp-content\/uploads\/2021\/06\/WhatsApp-Image-2021-06-07-at-17.54.21-5-150x150.jpeg\" class=\"attachment-thumbnail size-thumbnail\" alt=\"\" \/><\/a>\n\t\t\t\t<\/dt><\/dl><dl class='gallery-item'>\n\t\t\t\t<dt class='gallery-icon portrait'>\n\t\t\t\t\t<a class=\"rollover rollover-zoom dt-pswp-item\" title=\"WhatsApp Image 2021-06-07 at 17.56.33\" data-dt-img-description=\"\" data-large_image_width=\"710\" data-large_image_height=\"1063\"href='https:\/\/www.radiopiu.net\/wordpress\/wp-content\/uploads\/2021\/06\/WhatsApp-Image-2021-06-07-at-17.56.33.jpeg'><img loading=\"lazy\" decoding=\"async\" width=\"150\" height=\"150\" src=\"https:\/\/www.radiopiu.net\/wordpress\/wp-content\/uploads\/2021\/06\/WhatsApp-Image-2021-06-07-at-17.56.33-150x150.jpeg\" class=\"attachment-thumbnail size-thumbnail\" alt=\"\" \/><\/a>\n\t\t\t\t<\/dt><\/dl><dl class='gallery-item'>\n\t\t\t\t<dt class='gallery-icon landscape'>\n\t\t\t\t\t<a class=\"rollover rollover-zoom dt-pswp-item\" title=\"WhatsApp Image 2021-06-07 at 17.54.21\" data-dt-img-description=\"\" data-large_image_width=\"1600\" data-large_image_height=\"1066\"href='https:\/\/www.radiopiu.net\/wordpress\/wp-content\/uploads\/2021\/06\/WhatsApp-Image-2021-06-07-at-17.54.21.jpeg'><img loading=\"lazy\" decoding=\"async\" width=\"150\" height=\"150\" src=\"https:\/\/www.radiopiu.net\/wordpress\/wp-content\/uploads\/2021\/06\/WhatsApp-Image-2021-06-07-at-17.54.21-150x150.jpeg\" class=\"attachment-thumbnail size-thumbnail\" alt=\"\" \/><\/a>\n\t\t\t\t<\/dt><\/dl><dl class='gallery-item'>\n\t\t\t\t<dt class='gallery-icon landscape'>\n\t\t\t\t\t<a class=\"rollover rollover-zoom dt-pswp-item\" title=\"WhatsApp Image 2021-06-07 at 23.42.06\" data-dt-img-description=\"\" data-large_image_width=\"1600\" data-large_image_height=\"1066\"href='https:\/\/www.radiopiu.net\/wordpress\/wp-content\/uploads\/2021\/06\/WhatsApp-Image-2021-06-07-at-23.42.06.jpeg'><img loading=\"lazy\" decoding=\"async\" width=\"150\" height=\"150\" src=\"https:\/\/www.radiopiu.net\/wordpress\/wp-content\/uploads\/2021\/06\/WhatsApp-Image-2021-06-07-at-23.42.06-150x150.jpeg\" class=\"attachment-thumbnail size-thumbnail\" alt=\"\" \/><\/a>\n\t\t\t\t<\/dt><\/dl><dl class='gallery-item'>\n\t\t\t\t<dt class='gallery-icon landscape'>\n\t\t\t\t\t<a class=\"rollover rollover-zoom dt-pswp-item\" title=\"WhatsApp Image 2021-06-07 at 17.54.22 (1)\" data-dt-img-description=\"\" data-large_image_width=\"1600\" data-large_image_height=\"1066\"href='https:\/\/www.radiopiu.net\/wordpress\/wp-content\/uploads\/2021\/06\/WhatsApp-Image-2021-06-07-at-17.54.22-1.jpeg'><img loading=\"lazy\" decoding=\"async\" width=\"150\" height=\"150\" src=\"https:\/\/www.radiopiu.net\/wordpress\/wp-content\/uploads\/2021\/06\/WhatsApp-Image-2021-06-07-at-17.54.22-1-150x150.jpeg\" class=\"attachment-thumbnail size-thumbnail\" alt=\"\" \/><\/a>\n\t\t\t\t<\/dt><\/dl><dl class='gallery-item'>\n\t\t\t\t<dt class='gallery-icon landscape'>\n\t\t\t\t\t<a class=\"rollover rollover-zoom dt-pswp-item\" title=\"WhatsApp Image 2021-06-07 at 17.54.22 (2)\" data-dt-img-description=\"\" data-large_image_width=\"1600\" data-large_image_height=\"1066\"href='https:\/\/www.radiopiu.net\/wordpress\/wp-content\/uploads\/2021\/06\/WhatsApp-Image-2021-06-07-at-17.54.22-2.jpeg'><img loading=\"lazy\" decoding=\"async\" width=\"150\" height=\"150\" src=\"https:\/\/www.radiopiu.net\/wordpress\/wp-content\/uploads\/2021\/06\/WhatsApp-Image-2021-06-07-at-17.54.22-2-150x150.jpeg\" class=\"attachment-thumbnail size-thumbnail\" alt=\"\" \/><\/a>\n\t\t\t\t<\/dt><\/dl>\n\t\t\t\t<br style='clear: both' \/>\n\t\t\t<\/div>\n\n<p>&nbsp;<\/p>\n<hr \/>\n<p>&nbsp;<\/p>\n<blockquote>\n<h3>LA PROVINCIA PRESENTA L&#8217;ULTIMO TESORO D&#8217;ARTE<\/h3>\n<\/blockquote>\n<p><strong>BELLUNO<\/strong> Sabato\u00a0 alle 16 nella chiesa di Santa Maria Nascente a Pieve di Cadore sar\u00e0 presentato l&#8217;ultimo volume della collana &#8220;Tesori d&#8217;arte nelle chiese del Bellunese&#8221;, edito dalla Provincia. Il libro presenta un focus sull&#8217;altare a battenti della chiesa di Pieve, una incredibile storia di intrecci, vicende umane e storiche che circondano l&#8217;opera uscita da una bottega tirolese alla fine del Quattrocento e scomposta nell&#8217;Ottocento, quando i vari pezzi cominciarono il loro viaggio frammentato. Alla presentazione prenderanno parte, tra gli altri, la curatrice Letizia Lonzi, la storica dell&#8217;arte Silvia Spada, la Soprintendente Marta Mazza e la restauratrice Milena Dean.<\/p>\n<p>&nbsp;<\/p>\n<hr \/>\n<p>&nbsp;<\/p>\n<p>&nbsp;<\/p>\n<blockquote>\n<h3>LO YOGA AL RIFUGIO LARESEI DOMENICA 20 GIUGNO<\/h3>\n<\/blockquote>\n<p><strong>FALCADE<\/strong> Domenica 20 giugno, alle 10, al rifugio Laresei, a 2.250 metri nella Ski Area San Pellegrino, si potr\u00e0 praticare yoga con una vista a 360 gradi sulle Dolomiti. A guidare la lezione saranno i maestri della rete del Treviso Yoga Day. Solo su prenotazione attraverso il sito <a href=\"http:\/\/www.yogaday.it\/\">www.yogaday.it<\/a><\/p>\n<p>&nbsp;<\/p>\n<p>&nbsp;<\/p>\n<p>&nbsp;<\/p>\n<hr \/>\n<p>&nbsp;<\/p>\n<blockquote>\n<h3>\u201cLAVORO PER LA FAMIGLIA E LA VITA\u201d<\/h3>\n<\/blockquote>\n<p><strong><span style=\"color: #ff0000;\">di RENATO BONA<\/span><\/strong><\/p>\n<p><strong>BELLUNO<\/strong> Il prof. don Gigetto De Bortoli nell\u2019introduzione: \u201cle immagini documento storico di vita\u201d Il quarto capitolo del libro \u201cRacconti bellunesi. Cultura contadina e artigiana della Val del Piave, tra Belluno e Feltre in fotografia\u201d realizzato dal fotografo sospirolese Dino De Cian nel febbraio del 1982 con l\u2019Istituto bellunese di ricerche sociali e culturali e la tipografia Piave, e presentazione di Paolo Piccolo (che ha attivamente partecipato alla ricerca), \u00e8 intitolato \u201cLavoro per la famiglia e la vita\u201d ed offre un\u2019altra gradevolissima serie di immagini che, per dirla con il prof. don Gigetto De Bortoli che si \u00e8 occupato dell\u2019introduzione, confermano che \u201cnon si pu\u00f2 comprendere veramente una popolazione, un gruppo pi\u00f9 o meno grande i persone, reso omogeneo dalla sua storia, se non si conosce la sua civilt\u00e0 materiale che \u00e8 una chiave di interpretazione insostituibile: qualora venissero a mancare le testimonianze che la riguardano o la tramandano, il passato resterebbe pi\u00f9 scuro e non conosciuto\u201d. De Bortoli sottolineava quindi una bella realt\u00e0: \u201cPer fortuna il Bellunese &#8211; quella meravigliosa conca che si estende dai piedi delle Vette Feltrine ai declivi delle Prealpi della Sinistra Piave &#8211; oggetto di questo studio, non ha ancora tagliato i ponti con la civilt\u00e0 materiale dei secoli trascorsi\u201d. Evidenziava poi l\u2019impegno di Dino De Cian con il suo obiettivo, e quello di Paolo Piccolo autore delle didascalie, per presentare la vitalit\u00e0 attuale di questa civilt\u00e0 che \u00e8 sull\u2019orlo della scomparsa: \u201caccanitamente insaziabili di umanit\u00e0, l\u2019esperto della foto e l\u2019esperto della solitudine di montagne, valli e animali, sono andati a scovare le persone che vivono ancora pienamente nel ritmo del tempo antico, ancora perfettamente integrate, tanto da parer ignare della truculenta civilt\u00e0 contemporanea che assoterra il passato con ritmo frenetico\u201d. E constatava che i due autori \u201cl\u2019hanno ancora trovato questo mondo, carico di indipendenza, di umori, di valori, di intelligenza, di mani sapienti e di pensieri acuti, che accettano o rifiutano di colpo il malcapitato \u2018turista\u2019, entrato o non entrato in sintonia con loro. E\u2019 proprio questa sintonia &#8211; sempre secondo De Bortoli &#8211; che ha permesso a Dino De Cian di poter riprendere con una efficacia fuori dal comune, uomini e donne di oggi, ma gi\u00e0 remotissimi, alle prese con lavori ancora validi e soddisfacenti &#8211; sul piano umano &#8211; per chi riesce ancora a farli. Di fronte a lui, questi uomini e queste donne, antichi e moderni insieme, si sono lasciti andare, si sono lasciati cogliere, nella pienezza della loro esperienza umana e tecnica\u201d. Di seguito, non trascurava di evidenziare che: \u201cPer non porre ostacolo di improvvisi abbagli, De Cian si \u00e8 rifiutato di usare il flash. E l\u2019obiettivo, discretissimo il pi\u00f9 possibile, non si \u00e8 lasciato sfuggire nulla. Si tratta di foto che devono essere guardate con cura. Sono un documento storico e di vita..\u201d.<\/p>\n<p>&nbsp;<\/p>\n\n\t\t\t<style type='text\/css'>\n\t\t\t\t#gallery-5 {\n\t\t\t\t\tmargin: auto;\n\t\t\t\t}\n\t\t\t\t#gallery-5 .gallery-item {\n\t\t\t\t\tfloat: left;\n\t\t\t\t\tmargin-top: 10px;\n\t\t\t\t\ttext-align: center;\n\t\t\t\t\twidth: 16%;\n\t\t\t\t}\n\t\t\t\t#gallery-5 img {\n\t\t\t\t\tborder: 2px solid #cfcfcf;\n\t\t\t\t}\n\t\t\t\t#gallery-5 .gallery-caption {\n\t\t\t\t\tmargin-left: 0;\n\t\t\t\t}\n\t\t\t\t\/* see gallery_shortcode() in wp-includes\/media.php *\/\n\t\t\t<\/style>\n\t\t<div id='gallery-5' class='dt-gallery-container gallery galleryid-214704 gallery-columns-6 gallery-size-thumbnail'><dl class='gallery-item'>\n\t\t\t\t<dt class='gallery-icon portrait'>\n\t\t\t\t\t<a class=\"rollover rollover-zoom dt-pswp-item\" title=\"196419319_796448174338451_3790643598307106002_n\" data-dt-img-description=\"\" data-large_image_width=\"160\" data-large_image_height=\"200\"href='https:\/\/www.radiopiu.net\/wordpress\/wp-content\/uploads\/2021\/06\/196419319_796448174338451_3790643598307106002_n.jpg'><img loading=\"lazy\" decoding=\"async\" width=\"150\" height=\"150\" src=\"https:\/\/www.radiopiu.net\/wordpress\/wp-content\/uploads\/2021\/06\/196419319_796448174338451_3790643598307106002_n-150x150.jpg\" class=\"attachment-thumbnail size-thumbnail\" alt=\"\" \/><\/a>\n\t\t\t\t<\/dt><\/dl><dl class='gallery-item'>\n\t\t\t\t<dt class='gallery-icon portrait'>\n\t\t\t\t\t<a class=\"rollover rollover-zoom dt-pswp-item\" title=\"197046343_189900456372059_7853622779035324198_n\" data-dt-img-description=\"\" data-large_image_width=\"160\" data-large_image_height=\"205\"href='https:\/\/www.radiopiu.net\/wordpress\/wp-content\/uploads\/2021\/06\/197046343_189900456372059_7853622779035324198_n.jpg'><img loading=\"lazy\" decoding=\"async\" width=\"150\" height=\"150\" src=\"https:\/\/www.radiopiu.net\/wordpress\/wp-content\/uploads\/2021\/06\/197046343_189900456372059_7853622779035324198_n-150x150.jpg\" class=\"attachment-thumbnail size-thumbnail\" alt=\"\" \/><\/a>\n\t\t\t\t<\/dt><\/dl><dl class='gallery-item'>\n\t\t\t\t<dt class='gallery-icon portrait'>\n\t\t\t\t\t<a class=\"rollover rollover-zoom dt-pswp-item\" title=\"198215712_368038241320152_4961532207257244037_n\" data-dt-img-description=\"\" data-large_image_width=\"157\" data-large_image_height=\"206\"href='https:\/\/www.radiopiu.net\/wordpress\/wp-content\/uploads\/2021\/06\/198215712_368038241320152_4961532207257244037_n.jpg'><img loading=\"lazy\" decoding=\"async\" width=\"150\" height=\"150\" src=\"https:\/\/www.radiopiu.net\/wordpress\/wp-content\/uploads\/2021\/06\/198215712_368038241320152_4961532207257244037_n-150x150.jpg\" class=\"attachment-thumbnail size-thumbnail\" alt=\"\" \/><\/a>\n\t\t\t\t<\/dt><\/dl><dl class='gallery-item'>\n\t\t\t\t<dt class='gallery-icon landscape'>\n\t\t\t\t\t<a class=\"rollover rollover-zoom dt-pswp-item\" title=\"198226971_1200841377030092_2773180520940636612_n\" data-dt-img-description=\"\" data-large_image_width=\"250\" data-large_image_height=\"206\"href='https:\/\/www.radiopiu.net\/wordpress\/wp-content\/uploads\/2021\/06\/198226971_1200841377030092_2773180520940636612_n.jpg'><img loading=\"lazy\" decoding=\"async\" width=\"150\" height=\"150\" src=\"https:\/\/www.radiopiu.net\/wordpress\/wp-content\/uploads\/2021\/06\/198226971_1200841377030092_2773180520940636612_n-150x150.jpg\" class=\"attachment-thumbnail size-thumbnail\" alt=\"\" \/><\/a>\n\t\t\t\t<\/dt><\/dl><dl class='gallery-item'>\n\t\t\t\t<dt class='gallery-icon portrait'>\n\t\t\t\t\t<a class=\"rollover rollover-zoom dt-pswp-item\" title=\"196977156_150929407078848_3354550320545462443_n\" data-dt-img-description=\"\" data-large_image_width=\"155\" data-large_image_height=\"206\"href='https:\/\/www.radiopiu.net\/wordpress\/wp-content\/uploads\/2021\/06\/196977156_150929407078848_3354550320545462443_n.jpg'><img loading=\"lazy\" decoding=\"async\" width=\"150\" height=\"150\" src=\"https:\/\/www.radiopiu.net\/wordpress\/wp-content\/uploads\/2021\/06\/196977156_150929407078848_3354550320545462443_n-150x150.jpg\" class=\"attachment-thumbnail size-thumbnail\" alt=\"\" \/><\/a>\n\t\t\t\t<\/dt><\/dl><dl class='gallery-item'>\n\t\t\t\t<dt class='gallery-icon portrait'>\n\t\t\t\t\t<a class=\"rollover rollover-zoom dt-pswp-item\" title=\"197863573_231159411810197_765266793852922305_n\" data-dt-img-description=\"\" data-large_image_width=\"160\" data-large_image_height=\"225\"href='https:\/\/www.radiopiu.net\/wordpress\/wp-content\/uploads\/2021\/06\/197863573_231159411810197_765266793852922305_n.jpg'><img loading=\"lazy\" decoding=\"async\" width=\"150\" height=\"150\" src=\"https:\/\/www.radiopiu.net\/wordpress\/wp-content\/uploads\/2021\/06\/197863573_231159411810197_765266793852922305_n-150x150.jpg\" class=\"attachment-thumbnail size-thumbnail\" alt=\"\" \/><\/a>\n\t\t\t\t<\/dt><\/dl><br style=\"clear: both\" \/><dl class='gallery-item'>\n\t\t\t\t<dt class='gallery-icon portrait'>\n\t\t\t\t\t<a class=\"rollover rollover-zoom dt-pswp-item\" title=\"198502791_314979956890020_8843243375453980990_n\" data-dt-img-description=\"\" data-large_image_width=\"154\" data-large_image_height=\"206\"href='https:\/\/www.radiopiu.net\/wordpress\/wp-content\/uploads\/2021\/06\/198502791_314979956890020_8843243375453980990_n.jpg'><img loading=\"lazy\" decoding=\"async\" width=\"150\" height=\"150\" src=\"https:\/\/www.radiopiu.net\/wordpress\/wp-content\/uploads\/2021\/06\/198502791_314979956890020_8843243375453980990_n-150x150.jpg\" class=\"attachment-thumbnail size-thumbnail\" alt=\"\" \/><\/a>\n\t\t\t\t<\/dt><\/dl><dl class='gallery-item'>\n\t\t\t\t<dt class='gallery-icon landscape'>\n\t\t\t\t\t<a class=\"rollover rollover-zoom dt-pswp-item\" title=\"197948597_321913706136644_8403475474337690296_n\" data-dt-img-description=\"\" data-large_image_width=\"275\" data-large_image_height=\"206\"href='https:\/\/www.radiopiu.net\/wordpress\/wp-content\/uploads\/2021\/06\/197948597_321913706136644_8403475474337690296_n.jpg'><img loading=\"lazy\" decoding=\"async\" width=\"150\" height=\"150\" src=\"https:\/\/www.radiopiu.net\/wordpress\/wp-content\/uploads\/2021\/06\/197948597_321913706136644_8403475474337690296_n-150x150.jpg\" class=\"attachment-thumbnail size-thumbnail\" alt=\"\" \/><\/a>\n\t\t\t\t<\/dt><\/dl><dl class='gallery-item'>\n\t\t\t\t<dt class='gallery-icon portrait'>\n\t\t\t\t\t<a class=\"rollover rollover-zoom dt-pswp-item\" title=\"196907140_1637054600018563_6496817689491762924_n\" data-dt-img-description=\"\" data-large_image_width=\"155\" data-large_image_height=\"225\"href='https:\/\/www.radiopiu.net\/wordpress\/wp-content\/uploads\/2021\/06\/196907140_1637054600018563_6496817689491762924_n.jpg'><img loading=\"lazy\" decoding=\"async\" width=\"150\" height=\"150\" src=\"https:\/\/www.radiopiu.net\/wordpress\/wp-content\/uploads\/2021\/06\/196907140_1637054600018563_6496817689491762924_n-150x150.jpg\" class=\"attachment-thumbnail size-thumbnail\" alt=\"\" \/><\/a>\n\t\t\t\t<\/dt><\/dl><dl class='gallery-item'>\n\t\t\t\t<dt class='gallery-icon landscape'>\n\t\t\t\t\t<a class=\"rollover rollover-zoom dt-pswp-item\" title=\"197977717_492545625350506_2869532612709171160_n\" data-dt-img-description=\"\" data-large_image_width=\"320\" data-large_image_height=\"199\"href='https:\/\/www.radiopiu.net\/wordpress\/wp-content\/uploads\/2021\/06\/197977717_492545625350506_2869532612709171160_n.jpg'><img loading=\"lazy\" decoding=\"async\" width=\"150\" height=\"150\" src=\"https:\/\/www.radiopiu.net\/wordpress\/wp-content\/uploads\/2021\/06\/197977717_492545625350506_2869532612709171160_n-150x150.jpg\" class=\"attachment-thumbnail size-thumbnail\" alt=\"\" \/><\/a>\n\t\t\t\t<\/dt><\/dl><dl class='gallery-item'>\n\t\t\t\t<dt class='gallery-icon portrait'>\n\t\t\t\t\t<a class=\"rollover rollover-zoom dt-pswp-item\" title=\"197023048_1373455193040410_2422550688595998949_n\" data-dt-img-description=\"\" data-large_image_width=\"160\" data-large_image_height=\"202\"href='https:\/\/www.radiopiu.net\/wordpress\/wp-content\/uploads\/2021\/06\/197023048_1373455193040410_2422550688595998949_n-1.jpg'><img loading=\"lazy\" decoding=\"async\" width=\"150\" height=\"150\" src=\"https:\/\/www.radiopiu.net\/wordpress\/wp-content\/uploads\/2021\/06\/197023048_1373455193040410_2422550688595998949_n-1-150x150.jpg\" class=\"attachment-thumbnail size-thumbnail\" alt=\"\" \/><\/a>\n\t\t\t\t<\/dt><\/dl><dl class='gallery-item'>\n\t\t\t\t<dt class='gallery-icon landscape'>\n\t\t\t\t\t<a class=\"rollover rollover-zoom dt-pswp-item\" title=\"196888779_508069923963883_9121048878470259818_n\" data-dt-img-description=\"\" data-large_image_width=\"296\" data-large_image_height=\"199\"href='https:\/\/www.radiopiu.net\/wordpress\/wp-content\/uploads\/2021\/06\/196888779_508069923963883_9121048878470259818_n.jpg'><img loading=\"lazy\" decoding=\"async\" width=\"150\" height=\"150\" src=\"https:\/\/www.radiopiu.net\/wordpress\/wp-content\/uploads\/2021\/06\/196888779_508069923963883_9121048878470259818_n-150x150.jpg\" class=\"attachment-thumbnail size-thumbnail\" alt=\"\" \/><\/a>\n\t\t\t\t<\/dt><\/dl><br style=\"clear: both\" \/><dl class='gallery-item'>\n\t\t\t\t<dt class='gallery-icon portrait'>\n\t\t\t\t\t<a class=\"rollover rollover-zoom dt-pswp-item\" title=\"198374060_515799373075108_6182143378606573555_n\" data-dt-img-description=\"\" data-large_image_width=\"155\" data-large_image_height=\"225\"href='https:\/\/www.radiopiu.net\/wordpress\/wp-content\/uploads\/2021\/06\/198374060_515799373075108_6182143378606573555_n.jpg'><img loading=\"lazy\" decoding=\"async\" width=\"150\" height=\"150\" src=\"https:\/\/www.radiopiu.net\/wordpress\/wp-content\/uploads\/2021\/06\/198374060_515799373075108_6182143378606573555_n-150x150.jpg\" class=\"attachment-thumbnail size-thumbnail\" alt=\"\" \/><\/a>\n\t\t\t\t<\/dt><\/dl><dl class='gallery-item'>\n\t\t\t\t<dt class='gallery-icon portrait'>\n\t\t\t\t\t<a class=\"rollover rollover-zoom dt-pswp-item\" title=\"196988264_2688769578080797_8759886123862053863_n\" data-dt-img-description=\"\" data-large_image_width=\"149\" data-large_image_height=\"206\"href='https:\/\/www.radiopiu.net\/wordpress\/wp-content\/uploads\/2021\/06\/196988264_2688769578080797_8759886123862053863_n.jpg'><img loading=\"lazy\" decoding=\"async\" width=\"149\" height=\"150\" src=\"https:\/\/www.radiopiu.net\/wordpress\/wp-content\/uploads\/2021\/06\/196988264_2688769578080797_8759886123862053863_n-149x150.jpg\" class=\"attachment-thumbnail size-thumbnail\" alt=\"\" \/><\/a>\n\t\t\t\t<\/dt><\/dl><dl class='gallery-item'>\n\t\t\t\t<dt class='gallery-icon landscape'>\n\t\t\t\t\t<a class=\"rollover rollover-zoom dt-pswp-item\" title=\"198750528_2901218136815997_3302763750677710796_n\" data-dt-img-description=\"\" data-large_image_width=\"280\" data-large_image_height=\"203\"href='https:\/\/www.radiopiu.net\/wordpress\/wp-content\/uploads\/2021\/06\/198750528_2901218136815997_3302763750677710796_n.jpg'><img loading=\"lazy\" decoding=\"async\" width=\"150\" height=\"150\" src=\"https:\/\/www.radiopiu.net\/wordpress\/wp-content\/uploads\/2021\/06\/198750528_2901218136815997_3302763750677710796_n-150x150.jpg\" class=\"attachment-thumbnail size-thumbnail\" alt=\"\" \/><\/a>\n\t\t\t\t<\/dt><\/dl><dl class='gallery-item'>\n\t\t\t\t<dt class='gallery-icon landscape'>\n\t\t\t\t\t<a class=\"rollover rollover-zoom dt-pswp-item\" title=\"197513534_520254342430419_5502293365200323959_n\" data-dt-img-description=\"\" data-large_image_width=\"277\" data-large_image_height=\"206\"href='https:\/\/www.radiopiu.net\/wordpress\/wp-content\/uploads\/2021\/06\/197513534_520254342430419_5502293365200323959_n.jpg'><img loading=\"lazy\" decoding=\"async\" width=\"150\" height=\"150\" src=\"https:\/\/www.radiopiu.net\/wordpress\/wp-content\/uploads\/2021\/06\/197513534_520254342430419_5502293365200323959_n-150x150.jpg\" class=\"attachment-thumbnail size-thumbnail\" alt=\"\" \/><\/a>\n\t\t\t\t<\/dt><\/dl><dl class='gallery-item'>\n\t\t\t\t<dt class='gallery-icon portrait'>\n\t\t\t\t\t<a class=\"rollover rollover-zoom dt-pswp-item\" title=\"197274898_2532624703547818_1050451382288402775_n\" data-dt-img-description=\"\" data-large_image_width=\"150\" data-large_image_height=\"260\"href='https:\/\/www.radiopiu.net\/wordpress\/wp-content\/uploads\/2021\/06\/197274898_2532624703547818_1050451382288402775_n.jpg'><img loading=\"lazy\" decoding=\"async\" width=\"150\" height=\"150\" src=\"https:\/\/www.radiopiu.net\/wordpress\/wp-content\/uploads\/2021\/06\/197274898_2532624703547818_1050451382288402775_n-150x150.jpg\" class=\"attachment-thumbnail size-thumbnail\" alt=\"\" \/><\/a>\n\t\t\t\t<\/dt><\/dl><dl class='gallery-item'>\n\t\t\t\t<dt class='gallery-icon portrait'>\n\t\t\t\t\t<a class=\"rollover rollover-zoom dt-pswp-item\" title=\"197734820_318744629919258_4456836286028537589_n\" data-dt-img-description=\"\" data-large_image_width=\"151\" data-large_image_height=\"247\"href='https:\/\/www.radiopiu.net\/wordpress\/wp-content\/uploads\/2021\/06\/197734820_318744629919258_4456836286028537589_n.jpg'><img loading=\"lazy\" decoding=\"async\" width=\"150\" height=\"150\" src=\"https:\/\/www.radiopiu.net\/wordpress\/wp-content\/uploads\/2021\/06\/197734820_318744629919258_4456836286028537589_n-150x150.jpg\" class=\"attachment-thumbnail size-thumbnail\" alt=\"\" \/><\/a>\n\t\t\t\t<\/dt><\/dl><br style=\"clear: both\" \/>\n\t\t\t<\/div>\n\n<p>NELLE FOTO (riproduzioni dal libro \u201cRacconti Bellunesi\u201d): tenero e dolce granoturco bollito con fagioli: cibo tradizionale ed antico che porta il curioso nome di \u201cPaulo e Caterina\u201d di Agnese Lise; \u201cPon nos\u00e9l\u00e0\u201d, grossa mela ornata di noci, \u201cnos\u00e9le\u201d e rametti di tasso, omaggio tradizionale bellunese; Sospirolo: Albina e Antonio Viel preparano il \u201cvin de pon\u201d, mosto di mele; \u201dFar la polenta\u2026\u201d; Gianni Secco scriveva: \u201ckuaranta menuti ne kone menarla\u2026\u201d; \u201cancora da \u201cPolenta e tocio\u201d di Secco: \u201cde kas\u00e8r ge n e pi poki e su in malga senpre i vive\u2026\u201d; polenta e funghi in malga; poesia del focolare\u2026; l\u2019antico rito della \u201clissia\u201d: bollente, naturale ed ecologica candeggina dei nonni; \u201cmulino\u201d familiare; Gron di Sospirolo, 1985: la famiglia Sogne; Rina, 1918; bimba e bimbo in abbigliamento ottocentesco; Emanuela; Giuseppe; meditazioni presso il \u201clar\u00ecn\u201d; Sartena di Santa Giustina, 1980: la freschezza del lavatoio.<\/p>\n<p>&nbsp;<\/p>\n<p>&nbsp;<\/p>\n<hr \/>\n<p>&nbsp;<\/p>\n<blockquote>\n<h2>DRIVE IN TAMONICH, IL CENTRO VACCINALE CON UOMINI E DONNE DELLA PROTEZIONE CIVILE DI VOLTAGO, INDICAZIONI UTILI<\/h2>\n<\/blockquote>\n<div style=\"width: 848px;\" class=\"wp-video\"><video class=\"wp-video-shortcode\" id=\"video-214704-1\" width=\"848\" height=\"480\" preload=\"metadata\" controls=\"controls\"><source type=\"video\/mp4\" src=\"https:\/\/www.radiopiu.net\/wordpress\/wp-content\/uploads\/2021\/06\/WhatsApp-Video-2021-06-07-at-17.51.56.mp4?_=1\" \/><a href=\"https:\/\/www.radiopiu.net\/wordpress\/wp-content\/uploads\/2021\/06\/WhatsApp-Video-2021-06-07-at-17.51.56.mp4\">https:\/\/www.radiopiu.net\/wordpress\/wp-content\/uploads\/2021\/06\/WhatsApp-Video-2021-06-07-at-17.51.56.mp4<\/a><\/video><\/div>\n<p>&nbsp;<\/p>\n<p>&nbsp;<\/p>\n<p>&nbsp;<\/p>\n<hr \/>\n<p>&nbsp;<\/p>\n<h1><span style=\"color: #ff0000;\">IERI ALLA RADIO<\/span><\/h1>\n<h2><strong><a href=\"https:\/\/www.radiopiu.net\/wordpress\/gli-ultramaratoneti-elvis-secco-e-william-da-roit\/download-1126\/\" rel=\"attachment wp-att-214509\"><img loading=\"lazy\" decoding=\"async\" class=\"size-full wp-image-214509 alignleft\" src=\"https:\/\/www.radiopiu.net\/wordpress\/wp-content\/uploads\/2021\/06\/download.jpg\" alt=\"\" width=\"194\" height=\"259\" \/><\/a><span style=\"color: #ff6600;\">GLI ULTRAMARATONETI ELVIS SECCO E WILLIAM DA ROIT<\/span><\/strong><\/h2>\n<p><strong>di Claudio Fontanive<\/strong><\/p>\n<audio class=\"wp-audio-shortcode\" id=\"audio-214704-9\" preload=\"none\" style=\"width: 100%;\" controls=\"controls\"><source type=\"audio\/mpeg\" src=\"https:\/\/www.radiopiu.net\/wordpress\/wp-content\/uploads\/2021\/06\/william-elsis.mp3?_=9\" \/><a href=\"https:\/\/www.radiopiu.net\/wordpress\/wp-content\/uploads\/2021\/06\/william-elsis.mp3\">https:\/\/www.radiopiu.net\/wordpress\/wp-content\/uploads\/2021\/06\/william-elsis.mp3<\/a><\/audio>\n<p>&nbsp;<\/p>\n<p>&nbsp;<\/p>\n<p>&nbsp;<\/p>\n<hr \/>\n<p>&nbsp;<\/p>\n<h2><strong><a href=\"https:\/\/www.radiopiu.net\/wordpress\/nel-fine-settimana-el-bon-de-lansuda\/59496225_332888414086403_7618196841120661504_n\/\" rel=\"attachment wp-att-214756\"><img loading=\"lazy\" decoding=\"async\" class=\"size-medium wp-image-214756 alignleft\" src=\"https:\/\/www.radiopiu.net\/wordpress\/wp-content\/uploads\/2021\/06\/59496225_332888414086403_7618196841120661504_n-300x300.jpg\" alt=\"\" width=\"300\" height=\"300\" srcset=\"https:\/\/www.radiopiu.net\/wordpress\/wp-content\/uploads\/2021\/06\/59496225_332888414086403_7618196841120661504_n-300x300.jpg 300w, https:\/\/www.radiopiu.net\/wordpress\/wp-content\/uploads\/2021\/06\/59496225_332888414086403_7618196841120661504_n-1024x1024.jpg 1024w, https:\/\/www.radiopiu.net\/wordpress\/wp-content\/uploads\/2021\/06\/59496225_332888414086403_7618196841120661504_n-150x150.jpg 150w, https:\/\/www.radiopiu.net\/wordpress\/wp-content\/uploads\/2021\/06\/59496225_332888414086403_7618196841120661504_n-768x768.jpg 768w, https:\/\/www.radiopiu.net\/wordpress\/wp-content\/uploads\/2021\/06\/59496225_332888414086403_7618196841120661504_n-1536x1536.jpg 1536w, https:\/\/www.radiopiu.net\/wordpress\/wp-content\/uploads\/2021\/06\/59496225_332888414086403_7618196841120661504_n.jpg 1976w\" sizes=\"auto, (max-width: 300px) 100vw, 300px\" \/><\/a><\/strong><\/h2>\n<h2><\/h2>\n<h2><strong><span style=\"color: #008000;\">NEL FINE SETTIMANA &#8220;EL BON DE L&#8217;ANSUDA&#8221;<\/span><\/strong><\/h2>\n<p><strong>di Claudio Fontanive<\/strong><\/p>\n<p>OSPITI: Antonella Schena e Silvano Savio<\/p>\n<audio class=\"wp-audio-shortcode\" id=\"audio-214704-10\" preload=\"none\" style=\"width: 100%;\" controls=\"controls\"><source type=\"audio\/mpeg\" src=\"https:\/\/www.radiopiu.net\/wordpress\/wp-content\/uploads\/2021\/06\/bon-de-lansuda.mp3?_=10\" \/><a href=\"https:\/\/www.radiopiu.net\/wordpress\/wp-content\/uploads\/2021\/06\/bon-de-lansuda.mp3\">https:\/\/www.radiopiu.net\/wordpress\/wp-content\/uploads\/2021\/06\/bon-de-lansuda.mp3<\/a><\/audio>\n<p>&nbsp;<\/p>\n<p align=\"JUSTIFY\"><i><a href=\"https:\/\/www.radiopiu.net\/wordpress\/giornale-radiopiu-09-giugno-2021-direttore-mirko-mezzacasa\/el-bon-de-lansuda-2020-21\/\" rel=\"attachment wp-att-214916\"><img loading=\"lazy\" decoding=\"async\" class=\"size-medium wp-image-214916 alignleft\" src=\"https:\/\/www.radiopiu.net\/wordpress\/wp-content\/uploads\/2021\/06\/el-bon-de-lansuda-2020-21-300x214.jpeg\" alt=\"\" width=\"300\" height=\"214\" srcset=\"https:\/\/www.radiopiu.net\/wordpress\/wp-content\/uploads\/2021\/06\/el-bon-de-lansuda-2020-21-300x214.jpeg 300w, https:\/\/www.radiopiu.net\/wordpress\/wp-content\/uploads\/2021\/06\/el-bon-de-lansuda-2020-21-1024x731.jpeg 1024w, https:\/\/www.radiopiu.net\/wordpress\/wp-content\/uploads\/2021\/06\/el-bon-de-lansuda-2020-21-768x549.jpeg 768w, https:\/\/www.radiopiu.net\/wordpress\/wp-content\/uploads\/2021\/06\/el-bon-de-lansuda-2020-21-1536x1097.jpeg 1536w, https:\/\/www.radiopiu.net\/wordpress\/wp-content\/uploads\/2021\/06\/el-bon-de-lansuda-2020-21.jpeg 1599w\" sizes=\"auto, (max-width: 300px) 100vw, 300px\" \/><\/a>Ansuda <\/i>\u00e8 il dolce nome femminile con cui gli abitanti della Valle del Biois chiamano la primavera e proprio alla stagione del risveglio \u00e8 dedicata la festa del 12 e 13 giugno a Falcade, tra le Dolomiti bellunesi. Dopo i lunghi mesi invernali, segnati dal gelo e dalla neve la primavera \u00e8 una vera esplosione di colori, un ritorno alla vita nei prati e nei campi dove si possono trovare tantissime variet\u00e0 di erbe spontanee, elemento fondamentale nella cucina alpina. Proprio alle piante dei prati e ai fiori \u00e8 dedicato questo weekend di festa in cui le erbe saranno protagoniste <a href=\"https:\/\/www.radiopiu.net\/wordpress\/giornale-radiopiu-09-giugno-2021-direttore-mirko-mezzacasa\/el-bon-de-lansuda-2020-3\/\" rel=\"attachment wp-att-214915\"><img loading=\"lazy\" decoding=\"async\" class=\"size-medium wp-image-214915 alignright\" src=\"https:\/\/www.radiopiu.net\/wordpress\/wp-content\/uploads\/2021\/06\/el-bon-de-lansuda-2020-3-300x200.jpeg\" alt=\"\" width=\"300\" height=\"200\" srcset=\"https:\/\/www.radiopiu.net\/wordpress\/wp-content\/uploads\/2021\/06\/el-bon-de-lansuda-2020-3-300x200.jpeg 300w, https:\/\/www.radiopiu.net\/wordpress\/wp-content\/uploads\/2021\/06\/el-bon-de-lansuda-2020-3-1024x683.jpeg 1024w, https:\/\/www.radiopiu.net\/wordpress\/wp-content\/uploads\/2021\/06\/el-bon-de-lansuda-2020-3-768x512.jpeg 768w, https:\/\/www.radiopiu.net\/wordpress\/wp-content\/uploads\/2021\/06\/el-bon-de-lansuda-2020-3-1536x1024.jpeg 1536w, https:\/\/www.radiopiu.net\/wordpress\/wp-content\/uploads\/2021\/06\/el-bon-de-lansuda-2020-3.jpeg 2048w\" sizes=\"auto, (max-width: 300px) 100vw, 300px\" \/><\/a>nella cucina dei ristoranti, nelle passeggiate didattiche e nei laboratori di cosmesi naturale e di cucina. Saranno due giorni di festa per grandi e per bambini in cui riscoprire il contatto con la natura, con lo stare all\u2019aria aperta, rivivendo i piccoli gesti della tradizione dolomitica. L\u2019iniziativa \u00e8 organizzata dell\u2019associazione albergatori, ristoratori e rifugi della Valle del Biois con la preziosa collaborazione dei commercianti e della scuola sci Equipe. Sabato 12 e domenica 13 giugno i ristoranti di Falcade proporranno dei men\u00f9 a base di erbe spontanee, si pu\u00f2 trovare la lista dei locali aderenti ed i men\u00f9 proposti sulla pagina facebook e instagram <i>El bon de l\u2019ansuda<\/i>. Sulla Piana, il grande spazio verde al centro del paese, ci sar\u00e0 il mercatino di soli prodotti bellunesi, saranno presenti aziende del territorio provinciale che proporranno prodotti agricoli e artigianali. Per vivere appieno il contatto con la natura durante i due giorni di festa si potr\u00e0 provare l\u2019esperienza di una passeggiata con <a href=\"https:\/\/www.radiopiu.net\/wordpress\/giornale-radiopiu-09-giugno-2021-direttore-mirko-mezzacasa\/el-bon-de-lansuda-2020-82\/\" rel=\"attachment wp-att-214917\"><img loading=\"lazy\" decoding=\"async\" class=\"size-medium wp-image-214917 alignleft\" src=\"https:\/\/www.radiopiu.net\/wordpress\/wp-content\/uploads\/2021\/06\/el-bon-de-lansuda-2020-82-300x200.jpeg\" alt=\"\" width=\"300\" height=\"200\" srcset=\"https:\/\/www.radiopiu.net\/wordpress\/wp-content\/uploads\/2021\/06\/el-bon-de-lansuda-2020-82-300x200.jpeg 300w, https:\/\/www.radiopiu.net\/wordpress\/wp-content\/uploads\/2021\/06\/el-bon-de-lansuda-2020-82-1024x683.jpeg 1024w, https:\/\/www.radiopiu.net\/wordpress\/wp-content\/uploads\/2021\/06\/el-bon-de-lansuda-2020-82-768x512.jpeg 768w, https:\/\/www.radiopiu.net\/wordpress\/wp-content\/uploads\/2021\/06\/el-bon-de-lansuda-2020-82.jpeg 1368w\" sizes=\"auto, (max-width: 300px) 100vw, 300px\" \/><\/a>i lama sulla Piana, circondati dalle bellissime cime dolomitiche, o avventurarsi in mountain bike o e-bike tra boschi e sentieri accompagnati dalle guide di Agordino Bike Guide; sar\u00e0 anche possibile rilassarsi all\u2019angolo benessere con l\u2019estetica La Fenice La Valle del Biois offre tanto non solo per le bellezze naturali ma anche per l\u2019importante bagaglio culturale e per i personaggi a cui ha dato i natali. In questo weekend non si possono perdere le viste al Museo e alla Casa Natale di Papa Albino Luciani a Canale d\u2019Agordo, paese natale dell\u2019amato Papa del sorriso, e al Museo Murer a Falcade, che raccoglie le sculture, i dipinti e le opere del grande artista internazionale Augusto Murer oltre alle opere del degno figlio d\u2019arte Franco Murer. Il filo conduttore della festa \u00e8 la riscoperta delle erbe spontanee e proprio a loro \u00e8 dedicata la chiacchierata itinerante sui fiori di Bach con Liliana Piccolin, prevista per sabato 12 giugno alle ore 9.30. In collaborazione con la cooperativa agricola \u201cLa Lioda\u201d, sar\u00e0 possibile passeggiare alla scoperta delle erbe dolomitiche e, la domenica alle ore <a href=\"https:\/\/www.radiopiu.net\/wordpress\/giornale-radiopiu-09-giugno-2021-direttore-mirko-mezzacasa\/el-bon-de-lansuda-2020-4\/\" rel=\"attachment wp-att-214914\"><img loading=\"lazy\" decoding=\"async\" class=\"size-medium wp-image-214914 alignright\" src=\"https:\/\/www.radiopiu.net\/wordpress\/wp-content\/uploads\/2021\/06\/el-bon-de-lansuda-2020-4-300x200.jpeg\" alt=\"\" width=\"300\" height=\"200\" srcset=\"https:\/\/www.radiopiu.net\/wordpress\/wp-content\/uploads\/2021\/06\/el-bon-de-lansuda-2020-4-300x200.jpeg 300w, https:\/\/www.radiopiu.net\/wordpress\/wp-content\/uploads\/2021\/06\/el-bon-de-lansuda-2020-4-1024x683.jpeg 1024w, https:\/\/www.radiopiu.net\/wordpress\/wp-content\/uploads\/2021\/06\/el-bon-de-lansuda-2020-4-768x512.jpeg 768w, https:\/\/www.radiopiu.net\/wordpress\/wp-content\/uploads\/2021\/06\/el-bon-de-lansuda-2020-4.jpeg 1368w\" sizes=\"auto, (max-width: 300px) 100vw, 300px\" \/><\/a>11.00, scoprire come utilizzarle in cosmesi e per il benessere della persona, presso il giardino dell\u2019Hotel Stella Alpina. Sempre utilizzando le piante dei prati l\u2019agrichef Fabrizio Pescosta insegner\u00e0 a creare piatti ricchi di gusto. Il laboratorio sar\u00e0 sabato 12 giugno alle ore 10.30 presso l\u2019agriturismo La Piccola Baita di Sappade. Mentre i grandi parteciperanno ai laboratori con le erbe spontanee i pi\u00f9 piccoli potranno divertirsi con i laboratori manuali presso la terrazza dello Sport Hotel Cristal. Il geologo Vittorio Fenti accompagner\u00e0 gli interessati sul sentiero geologico di Falcade, con partenza alle ore 9.00 di sabato 12 giugno, mentre alle ore 16.00 \u00e8 prevista una passeggiata culturale fra le frazioni e i tabi\u00e0 di Falcade con guida turistica. Domenica alle 14.30 Cesare Andrich accompagner\u00e0 gli interessati a Vallada Agordina lungo il percorso storico artistico all\u2019aperto e nella Chiesa monumentale di San Simon. Il sabato, a partire dalle ore 15.00, sulla Piana di Falcade si potranno degustare vino, birre e miscelasti a base di erbe spontanee con <a href=\"https:\/\/www.radiopiu.net\/wordpress\/giornale-radiopiu-09-giugno-2021-direttore-mirko-mezzacasa\/manifesto-el-bon-de-lansuda-festa-di-primavera-2021\/\" rel=\"attachment wp-att-214918\"><img loading=\"lazy\" decoding=\"async\" class=\"size-medium wp-image-214918 alignleft\" src=\"https:\/\/www.radiopiu.net\/wordpress\/wp-content\/uploads\/2021\/06\/manifesto-el-bon-de-lansuda-festa-di-primavera-2021-214x300.jpg\" alt=\"\" width=\"214\" height=\"300\" srcset=\"https:\/\/www.radiopiu.net\/wordpress\/wp-content\/uploads\/2021\/06\/manifesto-el-bon-de-lansuda-festa-di-primavera-2021-214x300.jpg 214w, https:\/\/www.radiopiu.net\/wordpress\/wp-content\/uploads\/2021\/06\/manifesto-el-bon-de-lansuda-festa-di-primavera-2021-732x1024.jpg 732w, https:\/\/www.radiopiu.net\/wordpress\/wp-content\/uploads\/2021\/06\/manifesto-el-bon-de-lansuda-festa-di-primavera-2021-768x1074.jpg 768w, https:\/\/www.radiopiu.net\/wordpress\/wp-content\/uploads\/2021\/06\/manifesto-el-bon-de-lansuda-festa-di-primavera-2021-1098x1536.jpg 1098w, https:\/\/www.radiopiu.net\/wordpress\/wp-content\/uploads\/2021\/06\/manifesto-el-bon-de-lansuda-festa-di-primavera-2021-1464x2048.jpg 1464w, https:\/\/www.radiopiu.net\/wordpress\/wp-content\/uploads\/2021\/06\/manifesto-el-bon-de-lansuda-festa-di-primavera-2021-scaled.jpg 1830w\" sizes=\"auto, (max-width: 214px) 100vw, 214px\" \/><\/a>musica tradizionale. Il Gruppo Folk Union Ladina Val Biois presenter\u00e0 sabato sera, alle ore 17.30 presso la terrazza dello Sport Hotel Cristal, la collana \u201cBiblioteca del Biois\u201d dedicata alla Grande Guerra. Non potevano mancare le api, bene preziosissimo a cui si deve prestare grande attenzione: alle ore 10.30 di sabato 12 giugno, presso il giardino dell\u2019Hotel Stella Alpina, Mirco Tancon proporr\u00e0 una dimostrazione di apicoltura. Per tutta la famiglia ci saranno delle lezioni di Family yoga all\u2019aperto e per gli appassionati di fotografia un concorso fotografico in collaborazione con il Circolo fotografico agordino Gigia De Nardin. Le informazioni e le prenotazioni dei laboratori sono disponibili al numero 349 4919355 o associar.valbiois@gmail.com. Tutte le informazioni sono presenti anche sulla pagina facebook e Instagram <i>El bon de l\u2018ansuda.\u00a0\u00a0<\/i><\/p>\n<hr \/>\n<p>&nbsp;<\/p>\n<blockquote>\n<h2>GIROVAGANDO ALLA RADIO, PUNTATA 02<\/h2>\n<\/blockquote>\n<h3><a href=\"https:\/\/www.radiopiu.net\/wordpress\/giornale-radiopiu-06-giugno-2021-direttore-mirko-mezzacasa\/a76d1722-64b9-4ec6-953d-c276df81ca9b\/\" rel=\"attachment wp-att-214278\"><img loading=\"lazy\" decoding=\"async\" class=\" wp-image-214278 alignleft\" src=\"https:\/\/www.radiopiu.net\/wordpress\/wp-content\/uploads\/2021\/06\/a76d1722-64b9-4ec6-953d-c276df81ca9b-300x200.jpg\" alt=\"\" width=\"200\" height=\"133\" srcset=\"https:\/\/www.radiopiu.net\/wordpress\/wp-content\/uploads\/2021\/06\/a76d1722-64b9-4ec6-953d-c276df81ca9b-300x200.jpg 300w, https:\/\/www.radiopiu.net\/wordpress\/wp-content\/uploads\/2021\/06\/a76d1722-64b9-4ec6-953d-c276df81ca9b-1024x682.jpg 1024w, https:\/\/www.radiopiu.net\/wordpress\/wp-content\/uploads\/2021\/06\/a76d1722-64b9-4ec6-953d-c276df81ca9b-768x512.jpg 768w, https:\/\/www.radiopiu.net\/wordpress\/wp-content\/uploads\/2021\/06\/a76d1722-64b9-4ec6-953d-c276df81ca9b.jpg 1400w\" sizes=\"auto, (max-width: 200px) 100vw, 200px\" \/><\/a>PUNTATA 02 Collaborazione Thomas Soppera<\/h3>\n<p>&nbsp;<\/p>\n<p>&nbsp;<\/p>\n<p>&nbsp;<\/p>\n<p><strong>AUDIO PUNTATA 06 giugno 2021<\/strong><\/p>\n<audio class=\"wp-audio-shortcode\" id=\"audio-214704-11\" preload=\"none\" style=\"width: 100%;\" controls=\"controls\"><source type=\"audio\/mpeg\" src=\"https:\/\/www.radiopiu.net\/wordpress\/wp-content\/uploads\/2021\/06\/GIROVAGANDO-2.mp3?_=11\" \/><a href=\"https:\/\/www.radiopiu.net\/wordpress\/wp-content\/uploads\/2021\/06\/GIROVAGANDO-2.mp3\">https:\/\/www.radiopiu.net\/wordpress\/wp-content\/uploads\/2021\/06\/GIROVAGANDO-2.mp3<\/a><\/audio>\n<p>&nbsp;<\/p>\n<p><strong>LA RACCOLTA COMPLETA<\/strong><\/p>\n<blockquote class=\"wp-embedded-content\" data-secret=\"av5YL2uyDi\"><p><a href=\"https:\/\/www.radiopiu.net\/wordpress\/girovagando-in-e-bike-tra-le-dolomiti\/\">GIROVAGANDO IN E BIKE TRA LE DOLOMITI<\/a><\/p><\/blockquote>\n<p><iframe loading=\"lazy\" class=\"wp-embedded-content\" sandbox=\"allow-scripts\" security=\"restricted\" style=\"position: absolute; clip: rect(1px, 1px, 1px, 1px);\" title=\"&#8220;GIROVAGANDO IN E BIKE TRA LE DOLOMITI&#8221; &#8212; Radio Pi\u00f9\" src=\"https:\/\/www.radiopiu.net\/wordpress\/girovagando-in-e-bike-tra-le-dolomiti\/embed\/#?secret=av5YL2uyDi\" data-secret=\"av5YL2uyDi\" width=\"600\" height=\"338\" frameborder=\"0\" marginwidth=\"0\" marginheight=\"0\" scrolling=\"no\"><\/iframe><\/p>\n<p>&nbsp;<\/p>\n<p>&nbsp;<\/p>\n<hr \/>\n<p>&nbsp;<\/p>\n<blockquote>\n<h2>FANTASTICHE DOLOMITI, NUOVA STAGIONE. APPUNTAMENTO QUINDICINALE IL GIOVEDI ALLE 10.30 E 19.00<\/h2>\n<\/blockquote>\n<h2><span style=\"color: #ff0000;\"><strong><a class=\"dt-pswp-item\" href=\"https:\/\/www.radiopiu.net\/wordpress\/wp-content\/uploads\/2020\/08\/montagna-2020-scaled.jpg\" data-dt-img-description=\"\" data-large_image_width=\"2560\" data-large_image_height=\"1440\"><img loading=\"lazy\" decoding=\"async\" class=\"wp-image-158273 alignleft\" src=\"https:\/\/www.radiopiu.net\/wordpress\/wp-content\/uploads\/2020\/08\/montagna-2020-300x169.jpg\" alt=\"\" width=\"147\" height=\"83\" srcset=\"https:\/\/www.radiopiu.net\/wordpress\/wp-content\/uploads\/2020\/08\/montagna-2020-300x169.jpg 300w, https:\/\/www.radiopiu.net\/wordpress\/wp-content\/uploads\/2020\/08\/montagna-2020-1024x576.jpg 1024w, https:\/\/www.radiopiu.net\/wordpress\/wp-content\/uploads\/2020\/08\/montagna-2020-768x432.jpg 768w, https:\/\/www.radiopiu.net\/wordpress\/wp-content\/uploads\/2020\/08\/montagna-2020-1536x864.jpg 1536w, https:\/\/www.radiopiu.net\/wordpress\/wp-content\/uploads\/2020\/08\/montagna-2020-2048x1152.jpg 2048w, https:\/\/www.radiopiu.net\/wordpress\/wp-content\/uploads\/2020\/08\/montagna-2020-640x360.jpg 640w\" sizes=\"auto, (max-width: 147px) 100vw, 147px\" \/><\/a><\/strong><\/span><\/h2>\n<h2><span style=\"color: #ff0000;\">PUNTATA 17 03 GIUGNO\u00a0<\/span><\/h2>\n<p><strong>OSPITE IL PRESIDENTE CLAUDIO CANOVA<\/strong><\/p>\n<audio class=\"wp-audio-shortcode\" id=\"audio-214704-12\" preload=\"none\" style=\"width: 100%;\" controls=\"controls\"><source type=\"audio\/mpeg\" src=\"https:\/\/www.radiopiu.net\/wordpress\/wp-content\/uploads\/2021\/06\/fantastiche-dolomiti-3-giugno.mp3?_=12\" \/><a href=\"https:\/\/www.radiopiu.net\/wordpress\/wp-content\/uploads\/2021\/06\/fantastiche-dolomiti-3-giugno.mp3\">https:\/\/www.radiopiu.net\/wordpress\/wp-content\/uploads\/2021\/06\/fantastiche-dolomiti-3-giugno.mp3<\/a><\/audio>\n<h3>LA RACCOLTA COMPLETA<\/h3>\n<p>https:\/\/www.radiopiu.net\/wordpress\/raccolta-completa\/<\/p>\n<p>&nbsp;<\/p>\n<p>&nbsp;<\/p>\n<p>&nbsp;<\/p>\n<hr \/>\n<div>\n<div>\n<div class=\"b654a4as d2edcug0\">\n<div class=\"rq0escxv hkbzh7o3 jwdofwj8 n8tt0mok r8blr3vg hyh9befq\">\n<div class=\"b654a4as d2edcug0\">\n<h2><span style=\"color: #008000;\">\u00a0<\/span><\/h2>\n<h2><span style=\"color: #008000;\">ERBE E PIANTE CURATIVE&#8230;IL\u00a0 PROGRAMMA DI PAOLA LANCIATO<\/span><\/h2>\n<p><strong><a href=\"https:\/\/www.radiopiu.net\/wordpress\/erbe-e-piante-curative-il-programma-di-paola-lanciato-08-giugno-2021\/ciliegio\/\" rel=\"attachment wp-att-214762\"><img loading=\"lazy\" decoding=\"async\" class=\" wp-image-214762 alignleft\" src=\"https:\/\/www.radiopiu.net\/wordpress\/wp-content\/uploads\/2021\/06\/CILIEGIO-300x200.jpg\" alt=\"\" width=\"194\" height=\"129\" srcset=\"https:\/\/www.radiopiu.net\/wordpress\/wp-content\/uploads\/2021\/06\/CILIEGIO-300x200.jpg 300w, https:\/\/www.radiopiu.net\/wordpress\/wp-content\/uploads\/2021\/06\/CILIEGIO-1024x683.jpg 1024w, https:\/\/www.radiopiu.net\/wordpress\/wp-content\/uploads\/2021\/06\/CILIEGIO-768x512.jpg 768w, https:\/\/www.radiopiu.net\/wordpress\/wp-content\/uploads\/2021\/06\/CILIEGIO-1536x1024.jpg 1536w, https:\/\/www.radiopiu.net\/wordpress\/wp-content\/uploads\/2021\/06\/CILIEGIO.jpg 1920w\" sizes=\"auto, (max-width: 194px) 100vw, 194px\" \/><\/a>di Paola Lanciato<\/strong><\/p>\n<h2><span style=\"color: #0000ff;\">PUNTATA DEL 08 GIUGNO 2021<\/span><\/h2>\n<h2><span style=\"color: #ff00ff;\">IL CILIEGIO<\/span><\/h2>\n<audio class=\"wp-audio-shortcode\" id=\"audio-214704-13\" preload=\"none\" style=\"width: 100%;\" controls=\"controls\"><source type=\"audio\/mpeg\" src=\"https:\/\/www.radiopiu.net\/wordpress\/wp-content\/uploads\/2021\/06\/17-Il-ciliegio-M.mp3?_=13\" \/><a href=\"https:\/\/www.radiopiu.net\/wordpress\/wp-content\/uploads\/2021\/06\/17-Il-ciliegio-M.mp3\">https:\/\/www.radiopiu.net\/wordpress\/wp-content\/uploads\/2021\/06\/17-Il-ciliegio-M.mp3<\/a><\/audio>\n<p>&nbsp;<\/p>\n<\/div>\n<blockquote class=\"wp-embedded-content\" data-secret=\"stqgRh22RQ\"><p><a href=\"https:\/\/www.radiopiu.net\/wordpress\/erbe-e-piante-curative-il-mandorlo\/\">L\u2019ERBA VOGLIO DEL GIARDINO DEL RE\u2026 ERBE, FIORI E PIANTE DI E CON PAOLA LANCIATO<\/a><\/p><\/blockquote>\n<p><iframe loading=\"lazy\" class=\"wp-embedded-content\" sandbox=\"allow-scripts\" security=\"restricted\" style=\"position: absolute; clip: rect(1px, 1px, 1px, 1px);\" title=\"&#8220;L\u2019ERBA VOGLIO DEL GIARDINO DEL RE\u2026 ERBE, FIORI E PIANTE DI E CON PAOLA LANCIATO&#8221; &#8212; Radio Pi\u00f9\" src=\"https:\/\/www.radiopiu.net\/wordpress\/erbe-e-piante-curative-il-mandorlo\/embed\/#?secret=stqgRh22RQ\" data-secret=\"stqgRh22RQ\" width=\"600\" height=\"338\" frameborder=\"0\" marginwidth=\"0\" marginheight=\"0\" scrolling=\"no\"><\/iframe><\/p>\n<p>&nbsp;<\/p>\n<p>&nbsp;<\/p>\n<\/div>\n<\/div>\n<\/div>\n<\/div>\n<p>&nbsp;<\/p>\n<p>&nbsp;<\/p>\n<hr \/>\n<p>&nbsp;<\/p>\n<div>\n<h2><span style=\"color: #ff0000;\"><strong>IN VIVO VERSO 2020-21 ESTATE, RIASCOLTIAMOLI&#8230; DAL CASSETTO DEI RICORDI DI RADIO PIU&#8217;&#8230; LE PRIME\u00a0 SEI STAGIONI\u00a0\u00a0<\/strong><\/span><\/h2>\n<div class=\"page-title-head hgroup\">\n<div class=\"page-title-head hgroup\">\n<div class=\"page-title-head hgroup\">\n<div class=\"page-title-head hgroup\">\n<div class=\"page-title-head hgroup\">\n<div class=\"page-title-head hgroup\">\n<blockquote>\n<h2>riascoltiamole TRAMONTO AD ALLEGHE di EMI FRANCESCHINI<\/h2>\n<\/blockquote>\n<p><strong>AUDIO<\/strong><\/p>\n<audio class=\"wp-audio-shortcode\" id=\"audio-214704-14\" preload=\"none\" style=\"width: 100%;\" controls=\"controls\"><source type=\"audio\/mpeg\" src=\"https:\/\/www.radiopiu.net\/wordpress\/wp-content\/uploads\/2021\/06\/VIVO-VERSO-MAR.mp3?_=14\" \/><a href=\"https:\/\/www.radiopiu.net\/wordpress\/wp-content\/uploads\/2021\/06\/VIVO-VERSO-MAR.mp3\">https:\/\/www.radiopiu.net\/wordpress\/wp-content\/uploads\/2021\/06\/VIVO-VERSO-MAR.mp3<\/a><\/audio>\n<blockquote>\n<h3><strong style=\"font-size: 14px;\">LA RACCOLTA COMPLETA<\/strong><\/h3>\n<\/blockquote>\n<\/div>\n<\/div>\n<\/div>\n<\/div>\n<\/div>\n<\/div>\n<blockquote class=\"wp-embedded-content\" data-secret=\"h9xniOEeOL\"><p><a href=\"https:\/\/www.radiopiu.net\/wordpress\/in-vivo-verso\/\">In Vivo Verso<\/a><\/p><\/blockquote>\n<p><iframe loading=\"lazy\" class=\"wp-embedded-content\" sandbox=\"allow-scripts\" security=\"restricted\" style=\"position: absolute; clip: rect(1px, 1px, 1px, 1px);\" title=\"&#8220;In Vivo Verso&#8221; &#8212; Radio Pi\u00f9\" src=\"https:\/\/www.radiopiu.net\/wordpress\/in-vivo-verso\/embed\/#?secret=h9xniOEeOL\" data-secret=\"h9xniOEeOL\" width=\"600\" height=\"338\" frameborder=\"0\" marginwidth=\"0\" marginheight=\"0\" scrolling=\"no\"><\/iframe><\/p>\n<p>&nbsp;<\/p>\n<p>&nbsp;<\/p>\n<hr \/>\n<\/div>\n<blockquote>\n<blockquote>\n<h2><\/h2>\n<\/blockquote>\n<\/blockquote>\n<div>\n<div class=\"b654a4as d2edcug0\">\n<div class=\"rq0escxv hkbzh7o3 jwdofwj8 n8tt0mok r8blr3vg hyh9befq\">\n<p>&nbsp;<\/p>\n<blockquote>\n<h2><span style=\"color: #ff0000;\"><em>ZAINO ALLA RADIO&#8230;ESTATE DI PAOLA LANCIATO TUTTI I GIORNI dal lunedi al venerdi ALLE 14 E 23.30\u00a0\u00a0<\/em><\/span><\/h2>\n<\/blockquote>\n<div class=\"b654a4as d2edcug0\">\n<p><strong>AUDIO<\/strong><\/p>\n<audio class=\"wp-audio-shortcode\" id=\"audio-214704-15\" preload=\"none\" style=\"width: 100%;\" controls=\"controls\"><source type=\"audio\/mpeg\" src=\"https:\/\/www.radiopiu.net\/wordpress\/wp-content\/uploads\/2021\/06\/22-Il-Passo-dello-Stelvio-M.mp3?_=15\" \/><a href=\"https:\/\/www.radiopiu.net\/wordpress\/wp-content\/uploads\/2021\/06\/22-Il-Passo-dello-Stelvio-M.mp3\">https:\/\/www.radiopiu.net\/wordpress\/wp-content\/uploads\/2021\/06\/22-Il-Passo-dello-Stelvio-M.mp3<\/a><\/audio>\n<\/div>\n<p><a href=\"https:\/\/www.radiopiu.net\/wordpress\/?attachment_id=214449\" rel=\"attachment wp-att-214449\"><img loading=\"lazy\" decoding=\"async\" class=\"alignnone size-medium wp-image-214449\" src=\"https:\/\/www.radiopiu.net\/wordpress\/wp-content\/uploads\/2021\/06\/22-300x137.jpg\" alt=\"\" width=\"300\" height=\"137\" srcset=\"https:\/\/www.radiopiu.net\/wordpress\/wp-content\/uploads\/2021\/06\/22-300x137.jpg 300w, https:\/\/www.radiopiu.net\/wordpress\/wp-content\/uploads\/2021\/06\/22.jpg 700w\" sizes=\"auto, (max-width: 300px) 100vw, 300px\" \/><\/a><\/p>\n<blockquote class=\"wp-embedded-content\" data-secret=\"3oyXr7cNGI\"><p><a href=\"https:\/\/www.radiopiu.net\/wordpress\/zaino-femminile-lanciato\/\">Zaino da viaggio al femminile<\/a><\/p><\/blockquote>\n<p><iframe loading=\"lazy\" class=\"wp-embedded-content\" sandbox=\"allow-scripts\" security=\"restricted\" style=\"position: absolute; clip: rect(1px, 1px, 1px, 1px);\" title=\"&#8220;Zaino da viaggio al femminile&#8221; &#8212; Radio Pi\u00f9\" src=\"https:\/\/www.radiopiu.net\/wordpress\/zaino-femminile-lanciato\/embed\/#?secret=3oyXr7cNGI\" data-secret=\"3oyXr7cNGI\" width=\"600\" height=\"338\" frameborder=\"0\" marginwidth=\"0\" marginheight=\"0\" scrolling=\"no\"><\/iframe><\/p>\n<p>&nbsp;<\/p>\n<\/div>\n<\/div>\n<\/div>\n<p>&nbsp;<\/p>\n<hr \/>\n<p>&nbsp;<\/p>\n<div>\n<div class=\"b654a4as d2edcug0\">\n<div class=\"rq0escxv hkbzh7o3 jwdofwj8 n8tt0mok r8blr3vg hyh9befq\">\n<p><a class=\"dt-pswp-item\" href=\"https:\/\/www.radiopiu.net\/wordpress\/wp-content\/uploads\/2020\/10\/pp.jpg\" data-dt-img-description=\"\" data-large_image_width=\"640\" data-large_image_height=\"640\"><img loading=\"lazy\" decoding=\"async\" class=\"wp-image-163678 alignleft\" src=\"https:\/\/www.radiopiu.net\/wordpress\/wp-content\/uploads\/2020\/10\/pp-300x300.jpg\" alt=\"\" width=\"106\" height=\"106\" srcset=\"https:\/\/www.radiopiu.net\/wordpress\/wp-content\/uploads\/2020\/10\/pp-300x300.jpg 300w, https:\/\/www.radiopiu.net\/wordpress\/wp-content\/uploads\/2020\/10\/pp-150x150.jpg 150w, https:\/\/www.radiopiu.net\/wordpress\/wp-content\/uploads\/2020\/10\/pp-125x125.jpg 125w, https:\/\/www.radiopiu.net\/wordpress\/wp-content\/uploads\/2020\/10\/pp-200x200.jpg 200w, https:\/\/www.radiopiu.net\/wordpress\/wp-content\/uploads\/2020\/10\/pp-80x80.jpg 80w, https:\/\/www.radiopiu.net\/wordpress\/wp-content\/uploads\/2020\/10\/pp-480x480.jpg 480w, https:\/\/www.radiopiu.net\/wordpress\/wp-content\/uploads\/2020\/10\/pp.jpg 640w\" sizes=\"auto, (max-width: 106px) 100vw, 106px\" \/><\/a><\/p>\n<\/div>\n<\/div>\n<\/div>\n<div>\n<div class=\"page-title-head hgroup\">\n<div class=\"page-title-head hgroup\">\n<div class=\"b654a4as d2edcug0\">\n<div class=\"j83agx80 btwxx1t3 lhclo0ds hop8lmos nkwizq5d scwd0bx6 roh60bw9\">\n<div class=\"rq0escxv hkbzh7o3 jwdofwj8 n8tt0mok r8blr3vg hyh9befq\">\n<div class=\"do00u71z l9j0dhe7 k4urcfbm\">\n<h2><span style=\"color: #000080;\">DON CESARE, IL PENSIERO DEL GIORNO. ALLA RADIO ALLE 7 DEL MATTINO E ALLE 19.30 DELLA SERA.\u00a0\u00a0<\/span><\/h2>\n<\/div>\n<\/div>\n<\/div>\n<div class=\"rq0escxv hkbzh7o3 jwdofwj8 n8tt0mok r8blr3vg hyh9befq\">\n<p>&nbsp;<\/p>\n<p>&nbsp;<\/p>\n<\/div>\n<\/div>\n<\/div>\n<\/div>\n<\/div>\n<audio class=\"wp-audio-shortcode\" id=\"audio-214704-16\" preload=\"none\" style=\"width: 100%;\" controls=\"controls\"><source type=\"audio\/mpeg\" src=\"https:\/\/www.radiopiu.net\/wordpress\/wp-content\/uploads\/2021\/06\/CESARE-7.mp3?_=16\" \/><a href=\"https:\/\/www.radiopiu.net\/wordpress\/wp-content\/uploads\/2021\/06\/CESARE-7.mp3\">https:\/\/www.radiopiu.net\/wordpress\/wp-content\/uploads\/2021\/06\/CESARE-7.mp3<\/a><\/audio>\n<p>&nbsp;<\/p>\n<hr \/>\n<p>&nbsp;<\/p>\n<div>\n<h2><span style=\"color: #800080;\"><strong>LA RASSEGNA STAMPA DA L&#8217;AMICO DEL POPOLO\u00a0<\/strong><\/span><\/h2>\n<h3 class=\"kvgmc6g5 cxmmr5t8 oygrvhab hcukyx3x c1et5uql\"><span style=\"color: #0000ff;\"> INFORMAZIONE il canale su TELEGRAM informazione di prima mano e in tempo reale. iscriviti ed aiutaci a farlo conoscere\u00a0<\/span><\/h3>\n<p><strong><a href=\"https:\/\/www.radiopiu.net\/wordpress\/la-rassegna-stampa-da-lamico-del-popolo-05-giugno-2021\/72617426_10217056632511154_1899306852655562752_n\/\" rel=\"attachment wp-att-214211\"><img loading=\"lazy\" decoding=\"async\" class=\" wp-image-214211 alignleft\" src=\"https:\/\/www.radiopiu.net\/wordpress\/wp-content\/uploads\/2021\/06\/72617426_10217056632511154_1899306852655562752_n-225x300.jpg\" alt=\"\" width=\"118\" height=\"157\" srcset=\"https:\/\/www.radiopiu.net\/wordpress\/wp-content\/uploads\/2021\/06\/72617426_10217056632511154_1899306852655562752_n-225x300.jpg 225w, https:\/\/www.radiopiu.net\/wordpress\/wp-content\/uploads\/2021\/06\/72617426_10217056632511154_1899306852655562752_n-768x1024.jpg 768w, https:\/\/www.radiopiu.net\/wordpress\/wp-content\/uploads\/2021\/06\/72617426_10217056632511154_1899306852655562752_n-1152x1536.jpg 1152w, https:\/\/www.radiopiu.net\/wordpress\/wp-content\/uploads\/2021\/06\/72617426_10217056632511154_1899306852655562752_n.jpg 1511w\" sizes=\"auto, (max-width: 118px) 100vw, 118px\" \/><\/a><\/strong><\/p>\n<p>&nbsp;<\/p>\n<p><strong>di Gianni Santomaso<\/strong><\/p>\n<p>OSPITE: Liana Cavallet<\/p>\n<audio class=\"wp-audio-shortcode\" id=\"audio-214704-17\" preload=\"none\" style=\"width: 100%;\" controls=\"controls\"><source type=\"audio\/mpeg\" src=\"https:\/\/www.radiopiu.net\/wordpress\/wp-content\/uploads\/2021\/06\/RASSEGNA-GIANNI.mp3?_=17\" \/><a href=\"https:\/\/www.radiopiu.net\/wordpress\/wp-content\/uploads\/2021\/06\/RASSEGNA-GIANNI.mp3\">https:\/\/www.radiopiu.net\/wordpress\/wp-content\/uploads\/2021\/06\/RASSEGNA-GIANNI.mp3<\/a><\/audio>\n<p>&nbsp;<\/p>\n<p><strong>LA RACCOLTA COMPLETA<\/strong><\/p>\n<blockquote class=\"wp-embedded-content\" data-secret=\"qqY5oysei3\"><p><a href=\"https:\/\/www.radiopiu.net\/wordpress\/rassegna-stampa-di-gianni-santomaso\/\">Rassegna stampa da l&#8217;amico del popolo &#8211; di Gianni Santomaso<\/a><\/p><\/blockquote>\n<p><iframe loading=\"lazy\" class=\"wp-embedded-content\" sandbox=\"allow-scripts\" security=\"restricted\" style=\"position: absolute; clip: rect(1px, 1px, 1px, 1px);\" title=\"&#8220;Rassegna stampa da l&#8217;amico del popolo &#8211; di Gianni Santomaso&#8221; &#8212; Radio Pi\u00f9\" src=\"https:\/\/www.radiopiu.net\/wordpress\/rassegna-stampa-di-gianni-santomaso\/embed\/#?secret=qqY5oysei3\" data-secret=\"qqY5oysei3\" width=\"600\" height=\"338\" frameborder=\"0\" marginwidth=\"0\" marginheight=\"0\" scrolling=\"no\"><\/iframe><\/p>\n<div class=\"b654a4as d2edcug0\"><\/div>\n<\/div>\n<p>&nbsp;<\/p>\n<hr \/>\n<p>&nbsp;<\/p>\n<div dir=\"auto\">\n<p>&nbsp;<\/p>\n<blockquote>\n<h3 class=\"kvgmc6g5 cxmmr5t8 oygrvhab hcukyx3x c1et5uql\"><span style=\"color: #0000ff;\">INFORMAZIONE il canale su TELEGRAM informazione di prima mano e in tempo reale. iscriviti ed aiutaci a farlo conoscere\u00a0<\/span><\/h3>\n<\/blockquote>\n<h2><a href=\"https:\/\/www.radiopiu.net\/wordpress\/strutturare-lo-studio\/studiare\/\" rel=\"attachment wp-att-210171\"><img loading=\"lazy\" decoding=\"async\" class=\" wp-image-210171 alignleft\" src=\"https:\/\/www.radiopiu.net\/wordpress\/wp-content\/uploads\/2021\/05\/studiare-300x200.jpeg\" alt=\"\" width=\"177\" height=\"118\" srcset=\"https:\/\/www.radiopiu.net\/wordpress\/wp-content\/uploads\/2021\/05\/studiare-300x200.jpeg 300w, https:\/\/www.radiopiu.net\/wordpress\/wp-content\/uploads\/2021\/05\/studiare.jpeg 626w\" sizes=\"auto, (max-width: 177px) 100vw, 177px\" \/><\/a>007 IN CONDOTTA CON LA PROF. MARIA ROSA SALMAZO IL LUNEDI ALLE 10,30 E ALLE 19.00 LA DOMENICA ALLE 8 DEL MATTINO. NONA STAGIONE<\/h2>\n<p><span style=\"color: #ff0000;\"><strong>PUNTATA DEL 07 GIUGNO\u00a0 ULTIMA PUNTATA NONA STAGIONE, LA FINE DELL&#8217;ANNO SCOLASTICO, CON UN GRAZIE ALLA PROF. E ALLO STUDENTE &#8220;RIPETENTE&#8221; &#8230; CI SI RITROVA A SETTEMBRE PER IL DECIMO ANNO&#8230;<\/strong><\/span><\/p>\n<\/div>\n<div dir=\"auto\">\n<audio class=\"wp-audio-shortcode\" id=\"audio-214704-18\" preload=\"none\" style=\"width: 100%;\" controls=\"controls\"><source type=\"audio\/mpeg\" src=\"https:\/\/www.radiopiu.net\/wordpress\/wp-content\/uploads\/2021\/06\/007-5-giugno.mp3?_=18\" \/><a href=\"https:\/\/www.radiopiu.net\/wordpress\/wp-content\/uploads\/2021\/06\/007-5-giugno.mp3\">https:\/\/www.radiopiu.net\/wordpress\/wp-content\/uploads\/2021\/06\/007-5-giugno.mp3<\/a><\/audio>\n<h2>LA RACCOLTA COMPLETA<\/h2>\n<blockquote class=\"wp-embedded-content\" data-secret=\"7XWBiP72yS\"><p><a href=\"https:\/\/www.radiopiu.net\/wordpress\/007incondotta-9\/\">007 in condotta<\/a><\/p><\/blockquote>\n<p><iframe loading=\"lazy\" class=\"wp-embedded-content\" sandbox=\"allow-scripts\" security=\"restricted\" style=\"position: absolute; clip: rect(1px, 1px, 1px, 1px);\" title=\"&#8220;007 in condotta&#8221; &#8212; Radio Pi\u00f9\" src=\"https:\/\/www.radiopiu.net\/wordpress\/007incondotta-9\/embed\/#?secret=7XWBiP72yS\" data-secret=\"7XWBiP72yS\" width=\"600\" height=\"338\" frameborder=\"0\" marginwidth=\"0\" marginheight=\"0\" scrolling=\"no\"><\/iframe><\/p>\n<p>&nbsp;<\/p>\n<h1><\/h1>\n<\/div>\n<hr \/>\n<p>&nbsp;<\/p>\n<p>&nbsp;<\/p>\n<div dir=\"auto\">\n<blockquote>\n<h3>SALUTE E SOCIETA&#8217; IL LUNEDI ALLE 13.10 E ALLE 20.10, LA DOMENICA ALLE 10.30 A CURA DEL DOTTOR MARCO CARACCIOLO. QUINTA STAGIONE<\/h3>\n<\/blockquote>\n<p><strong>LA PUNTATA DELLA SETTIMANA del 7 GIUGNO<\/strong><\/p>\n<p>&nbsp;<\/p>\n<p><a href=\"https:\/\/www.radiopiu.net\/wordpress\/giornale-radiopiu-08-giugno-2021-direttore-mirko-mezzacasa\/3dc9e2ab-2d96-92b2-0368-5d4f1b0e76bc\/\" rel=\"attachment wp-att-214500\"><img loading=\"lazy\" decoding=\"async\" class=\" wp-image-214500 alignleft\" src=\"https:\/\/www.radiopiu.net\/wordpress\/wp-content\/uploads\/2021\/06\/3dc9e2ab-2d96-92b2-0368-5d4f1b0e76bc-300x169.png\" alt=\"\" width=\"225\" height=\"127\" srcset=\"https:\/\/www.radiopiu.net\/wordpress\/wp-content\/uploads\/2021\/06\/3dc9e2ab-2d96-92b2-0368-5d4f1b0e76bc-300x169.png 300w, https:\/\/www.radiopiu.net\/wordpress\/wp-content\/uploads\/2021\/06\/3dc9e2ab-2d96-92b2-0368-5d4f1b0e76bc-1024x576.png 1024w, https:\/\/www.radiopiu.net\/wordpress\/wp-content\/uploads\/2021\/06\/3dc9e2ab-2d96-92b2-0368-5d4f1b0e76bc-768x432.png 768w, https:\/\/www.radiopiu.net\/wordpress\/wp-content\/uploads\/2021\/06\/3dc9e2ab-2d96-92b2-0368-5d4f1b0e76bc.png 1280w\" sizes=\"auto, (max-width: 225px) 100vw, 225px\" \/><\/a>Il colangiocarcinoma \u00e8 un tumore raro che si forma nei dotti biliari. I pazienti con questa patologia spesso vengono diagnosticati in una fase tardiva o avanzata della malattia, quando la prognosi \u00e8 sfavorevole. In Europa, l\u2019incidenza del colangiocarcinoma varia tra i 6000 e gli 8000 casi. Danilo Magliano ne ha parlato con Davide Melisi, Professore di Oncologia Medica, Universit\u00e0 degli Studi di Verona<\/p>\n<p><strong>AUDIO\u00a0\u00a0<\/strong><\/p>\n<audio class=\"wp-audio-shortcode\" id=\"audio-214704-19\" preload=\"none\" style=\"width: 100%;\" controls=\"controls\"><source type=\"audio\/mpeg\" src=\"https:\/\/www.radiopiu.net\/wordpress\/wp-content\/uploads\/2021\/06\/SALUTE.mp3?_=19\" \/><a href=\"https:\/\/www.radiopiu.net\/wordpress\/wp-content\/uploads\/2021\/06\/SALUTE.mp3\">https:\/\/www.radiopiu.net\/wordpress\/wp-content\/uploads\/2021\/06\/SALUTE.mp3<\/a><\/audio>\n<p><strong>LA RACCOLTA COMPLETA\u00a0<\/strong><\/p>\n<blockquote class=\"wp-embedded-content\" data-secret=\"23XAIicGM3\"><p><a href=\"https:\/\/www.radiopiu.net\/wordpress\/saluteesocieta\/\">Salute e Societ\u00e0<\/a><\/p><\/blockquote>\n<p><iframe loading=\"lazy\" class=\"wp-embedded-content\" sandbox=\"allow-scripts\" security=\"restricted\" style=\"position: absolute; clip: rect(1px, 1px, 1px, 1px);\" title=\"&#8220;Salute e Societ\u00e0&#8221; &#8212; Radio Pi\u00f9\" src=\"https:\/\/www.radiopiu.net\/wordpress\/saluteesocieta\/embed\/#?secret=23XAIicGM3\" data-secret=\"23XAIicGM3\" width=\"600\" height=\"338\" frameborder=\"0\" marginwidth=\"0\" marginheight=\"0\" scrolling=\"no\"><\/iframe><\/p>\n<\/div>\n<div dir=\"auto\">\n<h1><\/h1>\n<\/div>\n<hr \/>\n<blockquote>\n<h3 id=\"titlewrap\"><\/h3>\n<h3>COLLAGE DI LORIS SCUSSEL, DAL LUNEDI AL VENERDI ALLE 16 E ALLE 23<\/h3>\n<\/blockquote>\n<div><strong>AUDIO PUNTATA 362 DEL\u00a0 07 GIUGNO\u00a0 \u00a0<\/strong><\/div>\n<div>\n<audio class=\"wp-audio-shortcode\" id=\"audio-214704-20\" preload=\"none\" style=\"width: 100%;\" controls=\"controls\"><source type=\"audio\/mpeg\" src=\"https:\/\/www.radiopiu.net\/wordpress\/wp-content\/uploads\/2021\/06\/Collage-362.mp3?_=20\" \/><a href=\"https:\/\/www.radiopiu.net\/wordpress\/wp-content\/uploads\/2021\/06\/Collage-362.mp3\">https:\/\/www.radiopiu.net\/wordpress\/wp-content\/uploads\/2021\/06\/Collage-362.mp3<\/a><\/audio>\n<p><strong>\u00a0 \u00a0<\/strong><strong>\u00a0<\/strong><img loading=\"lazy\" decoding=\"async\" class=\"alignleft\" src=\"https:\/\/www.radiopiu.net\/wordpress\/wp-content\/uploads\/2021\/05\/Schermata-2021-05-23-alle-11.50.11.png\" width=\"186\" height=\"131\" \/>Il programma \u00e8 andato in onda da dicembre 2013 fino a luglio 2019, comprese le repliche, in due serie per 350 puntate complessive con 1.890 brani trasmessi. L\u2019obiettivo del programma: riproporre agli ascoltatori pi\u00f9 grandicelli le canzoni che ascoltavano nel passato e nello stesso tempo farle conoscere anche ai pi\u00f9 giovani.<\/p>\n<p>&nbsp;<\/p>\n<\/div>\n<p>&nbsp;<\/p>\n<p>&nbsp;<\/p>\n<hr \/>\n<p>&nbsp;<\/p>\n<p>&nbsp;<\/p>\n<p><strong>RIASCOLTA IL CONCERTO&#8230;. DIRETTA RADIO PIU<\/strong><\/p>\n<blockquote class=\"wp-embedded-content\" data-secret=\"GJZB53TS3a\"><p><a href=\"https:\/\/www.radiopiu.net\/wordpress\/le-muse-e-le-dolomiti-il-concerto-in-diretta-dalla-chiesa-arcidiaconale-di-agordo\/\">LE MUSE E LE DOLOMITI, IL CONCERTO IN DIRETTA DALLA CHIESA ARCIDIACONALE DI AGORDO<\/a><\/p><\/blockquote>\n<p><iframe loading=\"lazy\" class=\"wp-embedded-content\" sandbox=\"allow-scripts\" security=\"restricted\" style=\"position: absolute; clip: rect(1px, 1px, 1px, 1px);\" title=\"&#8220;LE MUSE E LE DOLOMITI, IL CONCERTO IN DIRETTA DALLA CHIESA ARCIDIACONALE DI AGORDO&#8221; &#8212; Radio Pi\u00f9\" src=\"https:\/\/www.radiopiu.net\/wordpress\/le-muse-e-le-dolomiti-il-concerto-in-diretta-dalla-chiesa-arcidiaconale-di-agordo\/embed\/#?secret=GJZB53TS3a\" data-secret=\"GJZB53TS3a\" width=\"600\" height=\"338\" frameborder=\"0\" marginwidth=\"0\" marginheight=\"0\" scrolling=\"no\"><\/iframe><\/p>\n<p>&nbsp;<\/p>\n<p>&nbsp;<\/p>\n<h1><\/h1>\n<div>\n<div>\n<div class=\"page-title-head hgroup\">\n<div class=\"page-title-head hgroup\">\n<div class=\"page-title-head hgroup\">\n<div>\n<div>\n<div class=\"b654a4as d2edcug0\">\n<div class=\"rq0escxv hkbzh7o3 jwdofwj8 n8tt0mok r8blr3vg hyh9befq\">\n<hr \/>\n<\/div>\n<\/div>\n<\/div>\n<div>\n<div class=\"page-title-head hgroup\">\n<div class=\"page-title-head hgroup\">\n<div>\n<div class=\"b654a4as d2edcug0\">\n<p>&nbsp;<\/p>\n<blockquote>\n<h3><img loading=\"lazy\" decoding=\"async\" class=\"alignleft\" src=\"https:\/\/www.radiopiu.net\/wordpress\/wp-content\/uploads\/2021\/06\/fresh-flower-leaves-saffron-white-background-place-your-text-use-saffron-spice-cooking-cosmetology_347372-394.jpeg\" width=\"141\" height=\"94\" \/>L&#8217;ALMANACCO LADINO CON L&#8217;ISTITUT CESA DE JAN QUINDICINALE APPUNTAMENTO. LA DOMENICA ALLE 9 IL LUNEDI ALLE 8.35 IL MARTEDI ALLE 12.35 IL MERCOLEDI ALLE 18.35. SECONDA STAGIONE.<\/h3>\n<\/blockquote>\n<p><span style=\"color: #ff0000;\"><strong>puntata 07 giugno, numero 60<\/strong><\/span><\/p>\n<p>&nbsp;<\/p>\n<audio class=\"wp-audio-shortcode\" id=\"audio-214704-21\" preload=\"none\" style=\"width: 100%;\" controls=\"controls\"><source type=\"audio\/mpeg\" src=\"https:\/\/www.radiopiu.net\/wordpress\/wp-content\/uploads\/2021\/06\/LADINO.mp3?_=21\" \/><a href=\"https:\/\/www.radiopiu.net\/wordpress\/wp-content\/uploads\/2021\/06\/LADINO.mp3\">https:\/\/www.radiopiu.net\/wordpress\/wp-content\/uploads\/2021\/06\/LADINO.mp3<\/a><\/audio>\n<p><strong>RACCOLTA COMPLETA\u00a0<\/strong><\/p>\n<blockquote class=\"wp-embedded-content\" data-secret=\"2SHYW9RCMi\"><p><a href=\"https:\/\/www.radiopiu.net\/wordpress\/almanacco-ladino\/\">Almanacco Ladino<\/a><\/p><\/blockquote>\n<p><iframe loading=\"lazy\" class=\"wp-embedded-content\" sandbox=\"allow-scripts\" security=\"restricted\" style=\"position: absolute; clip: rect(1px, 1px, 1px, 1px);\" title=\"&#8220;Almanacco Ladino&#8221; &#8212; Radio Pi\u00f9\" src=\"https:\/\/www.radiopiu.net\/wordpress\/almanacco-ladino\/embed\/#?secret=2SHYW9RCMi\" data-secret=\"2SHYW9RCMi\" width=\"600\" height=\"338\" frameborder=\"0\" marginwidth=\"0\" marginheight=\"0\" scrolling=\"no\"><\/iframe><\/p>\n<div dir=\"auto\"><\/div>\n<\/div>\n<div>\n<p>&nbsp;<\/p>\n<hr \/>\n<h2><span style=\"color: #808000;\">\u00a0<\/span><\/h2>\n<h2><span style=\"color: #808000;\">DUE MINUTI UN LIBRO\u00a0 TUTTI I GIORNI ALLA RADIO ALLE 9.30 E ALLE 18. QUINTA STAGIONE\u00a0 \u00a0\u00a0<\/span><\/h2>\n<blockquote class=\"wp-embedded-content\" data-secret=\"GxyprVebkG\"><p><a href=\"https:\/\/www.radiopiu.net\/wordpress\/sembrava-bellezza\/\">SEMBRAVA BELLEZZA<\/a><\/p><\/blockquote>\n<p><iframe loading=\"lazy\" class=\"wp-embedded-content\" sandbox=\"allow-scripts\" security=\"restricted\" style=\"position: absolute; clip: rect(1px, 1px, 1px, 1px);\" title=\"&#8220;SEMBRAVA BELLEZZA&#8221; &#8212; Radio Pi\u00f9\" src=\"https:\/\/www.radiopiu.net\/wordpress\/sembrava-bellezza\/embed\/#?secret=GxyprVebkG\" data-secret=\"GxyprVebkG\" width=\"600\" height=\"338\" frameborder=\"0\" marginwidth=\"0\" marginheight=\"0\" scrolling=\"no\"><\/iframe><\/p>\n<blockquote class=\"wp-embedded-content\" data-secret=\"OjGbxBb179\"><p><a href=\"https:\/\/www.radiopiu.net\/wordpress\/due-minuti-un-libro\/\">Due minuti un libro<\/a><\/p><\/blockquote>\n<p><iframe loading=\"lazy\" class=\"wp-embedded-content\" sandbox=\"allow-scripts\" security=\"restricted\" style=\"position: absolute; clip: rect(1px, 1px, 1px, 1px);\" title=\"&#8220;Due minuti un libro&#8221; &#8212; Radio Pi\u00f9\" src=\"https:\/\/www.radiopiu.net\/wordpress\/due-minuti-un-libro\/embed\/#?secret=OjGbxBb179\" data-secret=\"OjGbxBb179\" width=\"600\" height=\"338\" frameborder=\"0\" marginwidth=\"0\" marginheight=\"0\" scrolling=\"no\"><\/iframe><\/p>\n<p>&nbsp;<\/p>\n<p>&nbsp;<\/p>\n<hr \/>\n<p>\u200b<\/p>\n<div>\n<h2><span style=\"color: #33cccc;\">I RACCONTI DI PAOLO SOPPELSA il lunedi alle 9.30 e 18.30<\/span><\/h2>\n<p><span style=\"color: #0000ff;\">INFORMAZIONE il canale su TELEGRAM informazione di prima mano e in tempo reale. iscriviti ed aiutaci a farlo conoscere\u00a0<\/span><\/p>\n<p>&nbsp;<\/p>\n<blockquote class=\"wp-embedded-content\" data-secret=\"oa9VFcutdF\"><p><a href=\"https:\/\/www.radiopiu.net\/wordpress\/i-racconti-di-paolo-soppelsa-settantottesima-puntata\/\">I RACCONTI DI PAOLO SOPPELSA SETTANTOTTESIMA PUNTATA<\/a><\/p><\/blockquote>\n<p><iframe loading=\"lazy\" class=\"wp-embedded-content\" sandbox=\"allow-scripts\" security=\"restricted\" style=\"position: absolute; clip: rect(1px, 1px, 1px, 1px);\" title=\"&#8220;I RACCONTI DI PAOLO SOPPELSA SETTANTOTTESIMA PUNTATA&#8221; &#8212; Radio Pi\u00f9\" src=\"https:\/\/www.radiopiu.net\/wordpress\/i-racconti-di-paolo-soppelsa-settantottesima-puntata\/embed\/#?secret=oa9VFcutdF\" data-secret=\"oa9VFcutdF\" width=\"600\" height=\"338\" frameborder=\"0\" marginwidth=\"0\" marginheight=\"0\" scrolling=\"no\"><\/iframe><\/p>\n<blockquote class=\"wp-embedded-content\" data-secret=\"PDbLikapTQ\"><p><a href=\"https:\/\/www.radiopiu.net\/wordpress\/i-racconti-di-paolo-soppelsa\/\">I racconti di Paolo Soppelsa<\/a><\/p><\/blockquote>\n<p><iframe loading=\"lazy\" class=\"wp-embedded-content\" sandbox=\"allow-scripts\" security=\"restricted\" style=\"position: absolute; clip: rect(1px, 1px, 1px, 1px);\" title=\"&#8220;I racconti di Paolo Soppelsa&#8221; &#8212; Radio Pi\u00f9\" src=\"https:\/\/www.radiopiu.net\/wordpress\/i-racconti-di-paolo-soppelsa\/embed\/#?secret=PDbLikapTQ\" data-secret=\"PDbLikapTQ\" width=\"600\" height=\"338\" frameborder=\"0\" marginwidth=\"0\" marginheight=\"0\" scrolling=\"no\"><\/iframe><\/p>\n<p>&nbsp;<\/p>\n<\/div>\n<\/div>\n<hr \/>\n<p>&nbsp;<\/p>\n<h2><strong><span style=\"color: #ff0000;\">ALLA RADIO<\/span><\/strong><\/h2>\n<div data-offset-key=\"5n5nl-0-0\">\n<h3>Per ricevere gli aggiornamenti in tempo reale delle notizie pubblicate alla radio e sul sito di radio pi\u00f9 iscriviti al gruppo RADIO PIU INFORMAZIONE su Telegram.\u00a0\u00a0<a href=\"https:\/\/t.me\/radiopiu\">clicca qui<\/a><\/h3>\n<p>&nbsp;<\/p>\n<\/div>\n<blockquote><p><strong><a href=\"https:\/\/www.radiopiu.net\/wordpress\/cassa-solidarieta-luxottica-puntata-del-19-giugno-2020\/cslxo-2\/\" rel=\"attachment wp-att-145244\"><img loading=\"lazy\" decoding=\"async\" class=\"size-medium wp-image-145244 alignleft\" src=\"https:\/\/www.radiopiu.net\/wordpress\/wp-content\/uploads\/2020\/06\/cassa-solidarieta-luxottica-300x148.jpg\" alt=\"\" width=\"300\" height=\"148\" srcset=\"https:\/\/www.radiopiu.net\/wordpress\/wp-content\/uploads\/2020\/06\/cassa-solidarieta-luxottica-300x148.jpg 300w, https:\/\/www.radiopiu.net\/wordpress\/wp-content\/uploads\/2020\/06\/cassa-solidarieta-luxottica-1024x504.jpg 1024w, https:\/\/www.radiopiu.net\/wordpress\/wp-content\/uploads\/2020\/06\/cassa-solidarieta-luxottica-768x378.jpg 768w, https:\/\/www.radiopiu.net\/wordpress\/wp-content\/uploads\/2020\/06\/cassa-solidarieta-luxottica.jpg 1167w\" sizes=\"auto, (max-width: 300px) 100vw, 300px\" \/><\/a>di Claudio Fontanive<\/strong><\/p>\n<p>OSPITI: Paolo Chissal\u00e8 e Fabrizio Campedel<\/p>\n<p>&nbsp;<\/p>\n<p><strong>PUNTATA MAGGIO 2021<\/strong><\/p>\n<audio class=\"wp-audio-shortcode\" id=\"audio-214704-22\" preload=\"none\" style=\"width: 100%;\" controls=\"controls\"><source type=\"audio\/mpeg\" src=\"https:\/\/www.radiopiu.net\/wordpress\/wp-content\/uploads\/2021\/05\/ca-sol-lux-maggio-2021.mp3?_=22\" \/><a href=\"https:\/\/www.radiopiu.net\/wordpress\/wp-content\/uploads\/2021\/05\/ca-sol-lux-maggio-2021.mp3\">https:\/\/www.radiopiu.net\/wordpress\/wp-content\/uploads\/2021\/05\/ca-sol-lux-maggio-2021.mp3<\/a><\/audio>\n<h2>RACCOLTA COMPLETA<\/h2>\n<\/blockquote>\n<blockquote class=\"wp-embedded-content\" data-secret=\"VM3uu90QM7\"><p><a href=\"https:\/\/www.radiopiu.net\/wordpress\/cassa-solidarieta-luxottica-puntata-del-16-ottobre-2020\/\">CASSA SOLIDARIET\u00c0 LUXOTTICA &#8211; TUTTE LE PUNTATE<\/a><\/p><\/blockquote>\n<p><iframe loading=\"lazy\" class=\"wp-embedded-content\" sandbox=\"allow-scripts\" security=\"restricted\" style=\"position: absolute; clip: rect(1px, 1px, 1px, 1px);\" title=\"&#8220;CASSA SOLIDARIET\u00c0 LUXOTTICA &#8211; TUTTE LE PUNTATE&#8221; &#8212; Radio Pi\u00f9\" src=\"https:\/\/www.radiopiu.net\/wordpress\/cassa-solidarieta-luxottica-puntata-del-16-ottobre-2020\/embed\/#?secret=VM3uu90QM7\" data-secret=\"VM3uu90QM7\" width=\"600\" height=\"338\" frameborder=\"0\" marginwidth=\"0\" marginheight=\"0\" scrolling=\"no\"><\/iframe><\/p>\n<div>\n<p>&nbsp;<\/p>\n<hr \/>\n<h2><span style=\"color: #ff6600;\">\u00a0<\/span><\/h2>\n<h2><span style=\"color: #ff6600;\">I PROFESSIONISTI DEL POLIAMBULATORIO AGORDINO RISPONDONO<\/span><\/h2>\n<p><span style=\"color: #0000ff;\"><strong>PUNTATA 01\u00a0<\/strong><\/span><\/p>\n<p><strong>IL POLIAMBULATORIO AGORDINO RISPONDE &#8211; LA PUNTATA DEL 26 MAGGIO 2021<\/strong><\/p>\n<audio class=\"wp-audio-shortcode\" id=\"audio-214704-23\" preload=\"none\" style=\"width: 100%;\" controls=\"controls\"><source type=\"audio\/mpeg\" src=\"https:\/\/www.radiopiu.net\/wordpress\/wp-content\/uploads\/2021\/05\/DILLO-A-RADIOPIU.mp3?_=23\" \/><a href=\"https:\/\/www.radiopiu.net\/wordpress\/wp-content\/uploads\/2021\/05\/DILLO-A-RADIOPIU.mp3\">https:\/\/www.radiopiu.net\/wordpress\/wp-content\/uploads\/2021\/05\/DILLO-A-RADIOPIU.mp3<\/a><\/audio>\n<p>\u200b<\/p>\n<hr \/>\n<p><strong><span style=\"color: #ff0000;\">\u00a0<\/span><\/strong><\/p>\n<h2><strong><span style=\"color: #ff0000;\">QUINDICINALE APPUNTAMENTO ALLA RADIO<\/span><\/strong><\/h2>\n<blockquote>\n<h3><a style=\"font-size: 14px; font-weight: normal;\" href=\"https:\/\/www.radiopiu.net\/wordpress\/giornale-radiopiu-06-febbraio-2019-direttore-mirko-mezzacasa\/logo_spi-cgil-800x445\/\" rel=\"attachment wp-att-75538\"><img loading=\"lazy\" decoding=\"async\" class=\"wp-image-75538 alignleft\" src=\"https:\/\/www.radiopiu.net\/wordpress\/wp-content\/uploads\/2019\/02\/Logo_Spi-CGIL-800x445-300x167.jpg\" alt=\"\" width=\"210\" height=\"117\" srcset=\"https:\/\/www.radiopiu.net\/wordpress\/wp-content\/uploads\/2019\/02\/Logo_Spi-CGIL-800x445-300x167.jpg 300w, https:\/\/www.radiopiu.net\/wordpress\/wp-content\/uploads\/2019\/02\/Logo_Spi-CGIL-800x445-768x427.jpg 768w, https:\/\/www.radiopiu.net\/wordpress\/wp-content\/uploads\/2019\/02\/Logo_Spi-CGIL-800x445.jpg 800w\" sizes=\"auto, (max-width: 210px) 100vw, 210px\" \/><\/a><\/h3>\n<\/blockquote>\n<blockquote>\n<h3>ALLA RADIO, APPUNTAMENTO QUINDICINALE CON SPI-CGIL BELLUNO, IN STUDIO MARIA RITA GENTILIN<\/h3>\n<\/blockquote>\n<p><strong>di Claudio Fontanive\u00a0<\/strong><\/p>\n<p><span style=\"color: #ff0000;\"><strong>PUNTATA DEL 27 MAGGIO 2021<br \/>\n<\/strong><\/span><\/p>\n<audio class=\"wp-audio-shortcode\" id=\"audio-214704-24\" preload=\"none\" style=\"width: 100%;\" controls=\"controls\"><source type=\"audio\/mpeg\" src=\"https:\/\/www.radiopiu.net\/wordpress\/wp-content\/uploads\/2021\/04\/spi-cgil-28-aprile.mp3?_=24\" \/><a href=\"https:\/\/www.radiopiu.net\/wordpress\/wp-content\/uploads\/2021\/04\/spi-cgil-28-aprile.mp3\">https:\/\/www.radiopiu.net\/wordpress\/wp-content\/uploads\/2021\/04\/spi-cgil-28-aprile.mp3<\/a><\/audio>\n<p>&nbsp;<\/p>\n<\/div>\n<p>&nbsp;<\/p>\n<hr \/>\n<\/div>\n<blockquote>\n<blockquote>\n<h2><a href=\"https:\/\/www.radiopiu.net\/wordpress\/speciale-solidarieta-veneto\/solidarieta-veneto-3\/\" rel=\"attachment wp-att-134366\">\u00a0<\/a><\/h2>\n<h2><a href=\"https:\/\/www.radiopiu.net\/wordpress\/speciale-solidarieta-veneto\/solidarieta-veneto-3\/\" rel=\"attachment wp-att-134366\"><img loading=\"lazy\" decoding=\"async\" class=\"wp-image-134366 alignleft\" src=\"https:\/\/www.radiopiu.net\/wordpress\/wp-content\/uploads\/2020\/05\/solidariet\u00e0-veneto-300x210.jpg\" alt=\"\" width=\"102\" height=\"71\" srcset=\"https:\/\/www.radiopiu.net\/wordpress\/wp-content\/uploads\/2020\/05\/solidariet\u00e0-veneto-300x210.jpg 300w, https:\/\/www.radiopiu.net\/wordpress\/wp-content\/uploads\/2020\/05\/solidariet\u00e0-veneto-1024x717.jpg 1024w, https:\/\/www.radiopiu.net\/wordpress\/wp-content\/uploads\/2020\/05\/solidariet\u00e0-veneto-768x538.jpg 768w, https:\/\/www.radiopiu.net\/wordpress\/wp-content\/uploads\/2020\/05\/solidariet\u00e0-veneto.jpg 1373w\" sizes=\"auto, (max-width: 102px) 100vw, 102px\" \/><\/a>SOLIDARIETA&#8217; VENETO FONDO PENSIONE, IN ONDA IL PRIMO VENERDI DEL MESE ALLE 10.30 E ALLE 19.00 QUINTA STAGIONE<\/h2>\n<\/blockquote>\n<h2><strong><span style=\"color: #ff0000;\">AUDIO MAGGIO 2021<\/span><\/strong><\/h2>\n<\/blockquote>\n<div>\n<audio class=\"wp-audio-shortcode\" id=\"audio-214704-25\" preload=\"none\" style=\"width: 100%;\" controls=\"controls\"><source type=\"audio\/mpeg\" src=\"https:\/\/www.radiopiu.net\/wordpress\/wp-content\/uploads\/2021\/05\/solidarieta-veneto-maggio-2021.mp3?_=25\" \/><a href=\"https:\/\/www.radiopiu.net\/wordpress\/wp-content\/uploads\/2021\/05\/solidarieta-veneto-maggio-2021.mp3\">https:\/\/www.radiopiu.net\/wordpress\/wp-content\/uploads\/2021\/05\/solidarieta-veneto-maggio-2021.mp3<\/a><\/audio>\n<\/div>\n<h2>LA RACCOLTA COMPLETA<\/h2>\n<blockquote class=\"wp-embedded-content\" data-secret=\"1H4TpHwwqk\"><p><a href=\"https:\/\/www.radiopiu.net\/wordpress\/solidarieta-veneto\/\">Solidariet\u00e0 Veneto<\/a><\/p><\/blockquote>\n<p><iframe loading=\"lazy\" class=\"wp-embedded-content\" sandbox=\"allow-scripts\" security=\"restricted\" style=\"position: absolute; clip: rect(1px, 1px, 1px, 1px);\" title=\"&#8220;Solidariet\u00e0 Veneto&#8221; &#8212; Radio Pi\u00f9\" src=\"https:\/\/www.radiopiu.net\/wordpress\/solidarieta-veneto\/embed\/#?secret=1H4TpHwwqk\" data-secret=\"1H4TpHwwqk\" width=\"600\" height=\"338\" frameborder=\"0\" marginwidth=\"0\" marginheight=\"0\" scrolling=\"no\"><\/iframe><\/p>\n<blockquote>\n<h2><\/h2>\n<h2><\/h2>\n<\/blockquote>\n<div>\n<hr \/>\n<\/div>\n<div class=\"page-title-head hgroup\">\n<div>\n<p>&nbsp;<\/p>\n<h2><span style=\"color: #ff0000;\">MUSLA, CON LA NUOVA GENERAZIONE LINGUE, USI, COSTUMI , raccolta completa<\/span><\/h2>\n<blockquote class=\"wp-embedded-content\" data-secret=\"Ft1FoeA5qj\"><p><a href=\"https:\/\/www.radiopiu.net\/wordpress\/agora-agordina-la-nosta-piaza\/\">AGORA&#8217; AGORDINA&#8230; LA NOSTA PIAZA LADINA RACCOLTA COMPLETA PRIMA STAGIONE<\/a><\/p><\/blockquote>\n<p><iframe loading=\"lazy\" class=\"wp-embedded-content\" sandbox=\"allow-scripts\" security=\"restricted\" style=\"position: absolute; clip: rect(1px, 1px, 1px, 1px);\" title=\"&#8220;AGORA&#8217; AGORDINA&#8230; LA NOSTA PIAZA LADINA RACCOLTA COMPLETA PRIMA STAGIONE&#8221; &#8212; Radio Pi\u00f9\" src=\"https:\/\/www.radiopiu.net\/wordpress\/agora-agordina-la-nosta-piaza\/embed\/#?secret=Ft1FoeA5qj\" data-secret=\"Ft1FoeA5qj\" width=\"600\" height=\"338\" frameborder=\"0\" marginwidth=\"0\" marginheight=\"0\" scrolling=\"no\"><\/iframe><\/p>\n<p>&nbsp;<\/p>\n<div class=\"b654a4as d2edcug0\">\n<div dir=\"auto\">\n<h1><\/h1>\n<hr \/>\n<p>&nbsp;<\/p>\n<div>\n<h2><span style=\"color: #ff0000;\">LEGGERMENTE BELLUNESI CON LUISA ALCHINI la raccolta completa<\/span><\/h2>\n<\/div>\n<div>\n<blockquote class=\"wp-embedded-content\" data-secret=\"kqiSx3yenR\"><p><a href=\"https:\/\/www.radiopiu.net\/wordpress\/leggermente-20\/\">LEGGERmente&#8230;Bellunesi<\/a><\/p><\/blockquote>\n<p><iframe loading=\"lazy\" class=\"wp-embedded-content\" sandbox=\"allow-scripts\" security=\"restricted\" style=\"position: absolute; clip: rect(1px, 1px, 1px, 1px);\" title=\"&#8220;LEGGERmente&#8230;Bellunesi&#8221; &#8212; Radio Pi\u00f9\" src=\"https:\/\/www.radiopiu.net\/wordpress\/leggermente-20\/embed\/#?secret=kqiSx3yenR\" data-secret=\"kqiSx3yenR\" width=\"600\" height=\"338\" frameborder=\"0\" marginwidth=\"0\" marginheight=\"0\" scrolling=\"no\"><\/iframe><\/p>\n<\/div>\n<\/div>\n<p>&nbsp;<\/p>\n<hr \/>\n<p>&nbsp;<\/p>\n<h2><span style=\"color: #ff0000;\">GOCCE DI FILOSOFIA, CON CHIARA CAU, CON LISA DE LUCA la raccolta completa<\/span><\/h2>\n<blockquote class=\"wp-embedded-content\" data-secret=\"KEs6RMjTCd\"><p><a href=\"https:\/\/www.radiopiu.net\/wordpress\/gocce-filosofia\/\">Gocce di filosofia<\/a><\/p><\/blockquote>\n<p><iframe loading=\"lazy\" class=\"wp-embedded-content\" sandbox=\"allow-scripts\" security=\"restricted\" style=\"position: absolute; clip: rect(1px, 1px, 1px, 1px);\" title=\"&#8220;Gocce di filosofia&#8221; &#8212; Radio Pi\u00f9\" src=\"https:\/\/www.radiopiu.net\/wordpress\/gocce-filosofia\/embed\/#?secret=KEs6RMjTCd\" data-secret=\"KEs6RMjTCd\" width=\"600\" height=\"338\" frameborder=\"0\" marginwidth=\"0\" marginheight=\"0\" scrolling=\"no\"><\/iframe><\/p>\n<p>&nbsp;<\/p>\n<p>&nbsp;<\/p>\n<hr \/>\n<\/div>\n<\/div>\n<p>&nbsp;<\/p>\n<p><a href=\"https:\/\/www.radiopiu.net\/wordpress\/giornale-radiopiu-26-settembre-2018-direttore-mirko-mezzacasa\/viabilita-2\/\" rel=\"attachment wp-att-61954\"><img loading=\"lazy\" decoding=\"async\" class=\"wp-image-61954 size-full aligncenter\" src=\"https:\/\/www.radiopiu.net\/wordpress\/wp-content\/uploads\/2018\/09\/viabilita.jpeg\" alt=\"\" width=\"800\" height=\"100\" srcset=\"https:\/\/www.radiopiu.net\/wordpress\/wp-content\/uploads\/2018\/09\/viabilita.jpeg 800w, https:\/\/www.radiopiu.net\/wordpress\/wp-content\/uploads\/2018\/09\/viabilita-300x38.jpeg 300w, https:\/\/www.radiopiu.net\/wordpress\/wp-content\/uploads\/2018\/09\/viabilita-768x96.jpeg 768w\" sizes=\"auto, (max-width: 800px) 100vw, 800px\" \/><\/a><\/p>\n<blockquote><p><a href=\"https:\/\/www.radiopiu.net\/wordpress\/giornale-radiopiu-09-agosto-2018-direttore-mirko-mezzacasa\/viabilia\/\" rel=\"attachment wp-att-57053\"><img loading=\"lazy\" decoding=\"async\" class=\" wp-image-57053 alignleft\" src=\"https:\/\/www.radiopiu.net\/wordpress\/wp-content\/uploads\/2018\/08\/VIABILIA-300x180.jpeg\" alt=\"\" width=\"220\" height=\"132\" srcset=\"https:\/\/www.radiopiu.net\/wordpress\/wp-content\/uploads\/2018\/08\/VIABILIA-300x180.jpeg 300w, https:\/\/www.radiopiu.net\/wordpress\/wp-content\/uploads\/2018\/08\/VIABILIA-768x461.jpeg 768w, https:\/\/www.radiopiu.net\/wordpress\/wp-content\/uploads\/2018\/08\/VIABILIA-1024x614.jpeg 1024w, https:\/\/www.radiopiu.net\/wordpress\/wp-content\/uploads\/2018\/08\/VIABILIA.jpeg 1280w\" sizes=\"auto, (max-width: 220px) 100vw, 220px\" \/><\/a>La viabilit\u00e0 con gli ultimi aggiornamenti da Veneto Strade.<\/p>\n<p><span style=\"color: #ff0000;\"><strong>in onda alla radio: 4.05, 6.18, 14 30 , 18.30, 23.25\u00a0<\/strong><\/span><\/p><\/blockquote>\n<\/div>\n<div>\n<audio class=\"wp-audio-shortcode\" id=\"audio-214704-26\" preload=\"none\" style=\"width: 100%;\" controls=\"controls\"><source type=\"audio\/mpeg\" src=\"https:\/\/www.radiopiu.net\/wordpress\/wp-content\/uploads\/2021\/06\/VIABILITA-1.mp3?_=26\" \/><a href=\"https:\/\/www.radiopiu.net\/wordpress\/wp-content\/uploads\/2021\/06\/VIABILITA-1.mp3\">https:\/\/www.radiopiu.net\/wordpress\/wp-content\/uploads\/2021\/06\/VIABILITA-1.mp3<\/a><\/audio>\n<\/div>\n<div><\/div>\n<\/div>\n<\/div>\n<\/div>\n<\/div>\n<p>&nbsp;<\/p>\n<p>&nbsp;<\/p>\n<\/div>\n<\/div>\n<hr \/>\n<p>&nbsp;<\/p>\n<\/div>\n<\/div>\n<div>\n<div class=\"page-title-head hgroup\">\n<div class=\"page-title-head hgroup\">\n<div dir=\"auto\">\n<p><a class=\"dt-pswp-item pspw-wrap-ready\" href=\"https:\/\/i0.wp.com\/www.radiopiu.net\/wordpress\/wp-content\/uploads\/2018\/09\/WhatsApp-Image-2018-09-20-at-16.04.06.jpeg?ssl=1\" data-dt-img-description=\"\" data-large_image_width=\"800\" data-large_image_height=\"100\"><img loading=\"lazy\" decoding=\"async\" class=\"aligncenter wp-image-61378 size-full jetpack-lazy-image jetpack-lazy-image--handled\" src=\"https:\/\/i0.wp.com\/www.radiopiu.net\/wordpress\/wp-content\/uploads\/2018\/09\/WhatsApp-Image-2018-09-20-at-16.04.06.jpeg?resize=800%2C100&amp;ssl=1\" sizes=\"auto, (max-width: 800px) 100vw, 800px\" srcset=\"https:\/\/i0.wp.com\/www.radiopiu.net\/wordpress\/wp-content\/uploads\/2018\/09\/WhatsApp-Image-2018-09-20-at-16.04.06.jpeg?w=800&amp;ssl=1 800w, https:\/\/i0.wp.com\/www.radiopiu.net\/wordpress\/wp-content\/uploads\/2018\/09\/WhatsApp-Image-2018-09-20-at-16.04.06.jpeg?resize=300%2C38&amp;ssl=1 300w, https:\/\/i0.wp.com\/www.radiopiu.net\/wordpress\/wp-content\/uploads\/2018\/09\/WhatsApp-Image-2018-09-20-at-16.04.06.jpeg?resize=768%2C96&amp;ssl=1 768w\" alt=\"\" width=\"800\" height=\"100\" data-lazy-loaded=\"1\" \/><\/a><\/p>\n<div>\n<p>&nbsp;<\/p>\n<p><center><b>Mercoledi 9<\/b><\/center><b>Tempo atteso: <\/b>Nuvolosit\u00e0 irregolare e tratti soleggiati per nubi medio-alte e qualche stratocumulo al mattino. In seguito l&#8217;attivit\u00e0 cumuliforme sar\u00e0 di nuovo ben sviluppata e associata a fenomeni convettivi. L&#8217;entit\u00e0 dell&#8217;instabilit\u00e0 sar\u00e0 funzione del soleggiamento, pi\u00f9 sole ci sar\u00e0 e maggiori saranno gli inneschi. Contesto termico ancora un po&#8217; meno fresco.<br \/>\n<b>Precipitazioni: <\/b>Al mattino assenti (0%), al pomeriggio probabilit\u00e0 medio-bassa sulle Dolomiti (40\/60%) per rovesci, mentre il rischio sar\u00e0 minore sulle Prealpi (30\/40%). L&#8217;insidia temporalesca sar\u00e0 presente ma occasionale. Un po&#8217; di neve cadr\u00e0 oltre i 3000 m. Gli apporti continueranno a essere molto variabili per il carattere convettivo delle precipitazioni (0-15 mm).<br \/>\n<b>Temperature: <\/b>Minime senza variazioni di rilievo nelle valli e in aumento in quota; massime in lieve ripresa, ma ancora inferiori alle medie del periodo. Sono previste punte di 23\/25\u00b0C nei fondovalle prealpini e di 17\/21\u00b0C a 1000\/1200 m. Su Prealpi a 1500 m min 10\u00b0C max 14\u00b0C, a 2000 m min 8 max 10\u00b0C. Su Dolomiti a 2000 m min 7\u00b0C max 11\u00b0C, a 3000 m min 1\u00b0C max 3\u00b0C.<br \/>\n<b>Venti: <\/b>Perlopi\u00f9 deboli per brezze nelle valli, a tratti e localmente moderati nei settori solitamente pi\u00f9 ventilati; deboli da nord-est in quota, a 5-10 km\/h sia a 2000 m che a 3000 m.<\/p>\n<hr \/>\n<p><center><b>Giovedi 10<\/b><\/center><b>Tempo atteso: <\/b>Al mattino velature e qualche annuvolamento stratiforme mattutini, in diradamento, con successivi lunghi tratti soleggiati. Al pomeriggio parziale riduzione del soleggiamento per attivit\u00e0 cumuliforme, complessivamente di minore sviluppo rispetto ai giorni precedenti e la probabilit\u00e0 di fenomeni convettivi sar\u00e0 un po&#8217; pi\u00f9 localizzata e su alcuni settori del tutto esclusa. Contesto termico diurno di nuovo pi\u00f9 mite.<br \/>\n<b>Precipitazioni: <\/b>Al mattino assenti (0%), al pomeriggio probabilit\u00e0 assai contenuta sulle Dolomiti (20\/30%) per rovesci, mentre il rischio sar\u00e0 pi\u00f9 alto sulle Prealpi (50\/60%), dove l&#8217;insidia temporalesca non sar\u00e0 da escludere, specie in caso di prolungato soleggiamento nelle prime ore del giorno.<br \/>\n<b>Temperature: <\/b>Minime in leggero calo; massime in aumento, eccetto stazionariet\u00e0 delle stesse sulle cime dolomitiche pi\u00f9 alte. Su Prealpi a 1500 m min 9\u00b0C max 14\u00b0C, a 2000 m min 7\u00b0C max 11\u00b0C. Su Dolomiti a 2000 m min 6\u00b0C max 12\u00b0C, a 3000 m min 0\u00b0C max 3\u00b0C.<br \/>\n<b>Venti: <\/b>Deboli per brezze nelle valli, localmente e a tratti moderati nei settori solitamente pi\u00f9 ventilati; in quota deboli\/moderati da nord nord-est, a 5-10 km\/h a 2000 m e 10\/20\u00b0C km\/h a 3000 m.<\/p>\n<hr \/>\n<p><center><b>Venerdi 11<\/b><\/center>Mattinata assai pi\u00f9 soleggiata, specie sulle Dolomiti, mentre banchi di nubi basse saranno inizialmente presenti sulle Prealpi, in rapido diradamento. Al pomeriggio attivit\u00e0 cumuliforme irregolare e perlopi\u00f9 modesta sulle Dolomiti, localmente moderata tra Dolomiti meridionali e Prealpi, in alcuni casi anche intensa e associa a qualche fenomeno convettivo. Temperature in lieve calo, eccetto aumento delle massime nelle valli dolomitiche. Venti deboli\/moderati per brezze nelle valli, deboli da nord-est in quota.<\/p>\n<hr \/>\n<p><center><b>Sabato 12<\/b><\/center>Sole e cielo sereno o poco nuvoloso per modesti cumuli durante le ore pi\u00f9 calde. Aria tersa ed ottima visibilit\u00e0, specie in quota. Temperature in generale aumento, eccetto calo delle minime nelle valli e alle quote medie in caso di notte serena. Venti deboli\/moderati per brezze nelle valli, deboli da nord-ovest in quota. Previsore:R.L.Th.<\/p>\n<p>&nbsp;<\/p>\n<hr \/>\n<\/div>\n<p>&nbsp;<\/p>\n<\/div>\n<div dir=\"auto\"><\/div>\n<\/div>\n<\/div>\n<p>&nbsp;<\/p>\n<p>&nbsp;<\/p>\n<blockquote>\n<h3><\/h3>\n<\/blockquote>\n<\/div>\n<\/div>\n","protected":false},"excerpt":{"rendered":"<p>&nbsp; PER\u00a0RICEVERE QUESTO NOTIZIARIO DIRETTAMENTE SUL TUO CELLULARE ISCRIVITI AL CANALE TELEGRAM\u00a0\u201cRADIO PIU\u00a0 INFORMAZIONE\u201d\u00a0 \u00a0 \u00a0 &nbsp; DEDICATO AI LADIN DEL POI, AL NUOVO GRAFFITO DI DUNIO PICCOLIN CON GLI STUDENTI DELLA SCUOLA PRIMARIA, AL PAESE DI OLTACH. RIPRESE DRONE di Emanuele DOMENICA A VOLTAGO AGORDINO,\u00a0 DAL DRONE DI EMANUELE AGRIMI &nbsp; &nbsp; &nbsp; APP&hellip;<\/p>\n","protected":false},"author":4,"featured_media":214916,"comment_status":"closed","ping_status":"open","sticky":false,"template":"","format":"standard","meta":{"_monsterinsights_skip_tracking":false,"_monsterinsights_sitenote_active":false,"_monsterinsights_sitenote_note":"","_monsterinsights_sitenote_category":0,"footnotes":""},"categories":[1,51,86,49],"tags":[],"class_list":["post-214704","post","type-post","status-publish","format-standard","has-post-thumbnail","hentry","category-senza-categoria","category-evidenza-top","category-gr","category-news-18","category-1","category-51","category-86","category-49","description-off"],"img_url":"https:\/\/www.radiopiu.net\/wordpress\/wp-content\/uploads\/2021\/06\/el-bon-de-lansuda-2020-21.jpeg","_links":{"self":[{"href":"https:\/\/www.radiopiu.net\/wordpress\/wp-json\/wp\/v2\/posts\/214704","targetHints":{"allow":["GET"]}}],"collection":[{"href":"https:\/\/www.radiopiu.net\/wordpress\/wp-json\/wp\/v2\/posts"}],"about":[{"href":"https:\/\/www.radiopiu.net\/wordpress\/wp-json\/wp\/v2\/types\/post"}],"author":[{"embeddable":true,"href":"https:\/\/www.radiopiu.net\/wordpress\/wp-json\/wp\/v2\/users\/4"}],"replies":[{"embeddable":true,"href":"https:\/\/www.radiopiu.net\/wordpress\/wp-json\/wp\/v2\/comments?post=214704"}],"version-history":[{"count":0,"href":"https:\/\/www.radiopiu.net\/wordpress\/wp-json\/wp\/v2\/posts\/214704\/revisions"}],"wp:featuredmedia":[{"embeddable":true,"href":"https:\/\/www.radiopiu.net\/wordpress\/wp-json\/wp\/v2\/media\/214916"}],"wp:attachment":[{"href":"https:\/\/www.radiopiu.net\/wordpress\/wp-json\/wp\/v2\/media?parent=214704"}],"wp:term":[{"taxonomy":"category","embeddable":true,"href":"https:\/\/www.radiopiu.net\/wordpress\/wp-json\/wp\/v2\/categories?post=214704"},{"taxonomy":"post_tag","embeddable":true,"href":"https:\/\/www.radiopiu.net\/wordpress\/wp-json\/wp\/v2\/tags?post=214704"}],"curies":[{"name":"wp","href":"https:\/\/api.w.org\/{rel}","templated":true}]}}