{"id":214842,"date":"2021-06-08T14:07:06","date_gmt":"2021-06-08T12:07:06","guid":{"rendered":"https:\/\/www.radiopiu.net\/wordpress\/?p=214842"},"modified":"2021-06-08T14:07:06","modified_gmt":"2021-06-08T12:07:06","slug":"situazione-epidemiologica-119-positivi-3-ricoverati-in-area-non-critica","status":"publish","type":"post","link":"https:\/\/www.radiopiu.net\/wordpress\/situazione-epidemiologica-119-positivi-3-ricoverati-in-area-non-critica\/","title":{"rendered":"SITUAZIONE EPIDEMIOLOGICA: 119 positivi 3 ricoverati in area non critica"},"content":{"rendered":"<p align=\"LEFT\">\n<ul>\n<li><span style=\"font-family: Arial, serif;\"><span style=\"font-size: large;\">incidenza settimanale (31 maggio \u2013 6 giugno): 10 su 100 mila abitanti<\/span><\/span><\/li>\n<\/ul>\n<p align=\"LEFT\"><span style=\"color: #c9211e;\"><span style=\"font-family: Arial, serif;\"><span style=\"font-size: large;\"><b>Campagna vaccinale: <\/b><\/span><\/span><\/span><span style=\"font-family: Arial, serif;\"><span style=\"font-size: large;\"><b>dosi somministrate totali:144.342 <\/b><\/span><\/span><span style=\"font-family: Arial, serif;\"><span style=\"font-size: large;\"><b>cicli completi totali: 52.652 <\/b><\/span><\/span><span style=\"font-family: Arial, serif;\"><span style=\"font-size: large;\"><b>% popolazione con almeno una dose: 52,1%<\/b><\/span><\/span><\/p>\n<table border=\"1\" width=\"655\" rules=\"GROUPS\" cellspacing=\"0\" cellpadding=\"5\">\n<colgroup>\n<col width=\"54\" \/>\n<col width=\"78\" \/> <\/colgroup>\n<colgroup>\n<col width=\"75\" \/> <\/colgroup>\n<colgroup>\n<col width=\"71\" \/> <\/colgroup>\n<colgroup>\n<col width=\"77\" \/> <\/colgroup>\n<colgroup>\n<col width=\"75\" \/> <\/colgroup>\n<colgroup>\n<col width=\"67\" \/> <\/colgroup>\n<colgroup>\n<col width=\"76\" \/> <\/colgroup>\n<tbody>\n<tr valign=\"BOTTOM\">\n<td width=\"54\" height=\"50\">\n<p align=\"LEFT\"><span style=\"color: #000000;\">et\u00e0<\/span><\/p>\n<\/td>\n<td bgcolor=\"#00b0f0\" width=\"78\">\n<p align=\"LEFT\"><span style=\"color: #000000;\">popolazione ISTAT<\/span><\/p>\n<\/td>\n<td bgcolor=\"#00b0f0\" width=\"75\">\n<p align=\"LEFT\"><span style=\"color: #000000;\">1 dose<\/span><\/p>\n<\/td>\n<td bgcolor=\"#00b0f0\" width=\"71\">\n<p align=\"LEFT\"><span style=\"color: #000000;\">% copertura 1 dose<\/span><\/p>\n<\/td>\n<td bgcolor=\"#00b0f0\" width=\"77\">\n<p align=\"LEFT\"><span style=\"color: #000000;\">cicli completi<\/span><\/p>\n<\/td>\n<td bgcolor=\"#00b0f0\" width=\"75\">\n<p align=\"LEFT\"><span style=\"color: #000000;\">%copertura cicli completi<\/span><\/p>\n<\/td>\n<td bgcolor=\"#00b0f0\" width=\"67\">\n<p align=\"LEFT\"><span style=\"color: #000000;\">ancora da vaccinare<\/span><\/p>\n<\/td>\n<td bgcolor=\"#00b0f0\" width=\"76\">\n<p align=\"LEFT\"><span style=\"color: #000000;\">% ancora da vaccinare<\/span><\/p>\n<\/td>\n<\/tr>\n<tr valign=\"BOTTOM\">\n<td width=\"54\" height=\"10\">\n<p align=\"LEFT\"><span style=\"color: #000000;\">40-49 anni<\/span><\/p>\n<\/td>\n<td width=\"78\">\n<p align=\"RIGHT\"><span style=\"color: #000000;\">28.732<\/span><\/p>\n<\/td>\n<td width=\"75\">\n<p align=\"RIGHT\"><span style=\"color: #000000;\"><span style=\"font-size: small;\"><span lang=\"it-IT\">5259<\/span><\/span><\/span><\/p>\n<\/td>\n<td width=\"71\">\n<p align=\"RIGHT\"><span style=\"color: #000000;\"><span style=\"font-size: small;\"><span lang=\"it-IT\">18,3%<\/span><\/span><\/span><\/p>\n<\/td>\n<td width=\"77\">\n<p align=\"RIGHT\"><span style=\"color: #000000;\"><span style=\"font-size: small;\"><span lang=\"it-IT\">3627<\/span><\/span><\/span><\/p>\n<\/td>\n<td width=\"75\">\n<p align=\"RIGHT\"><span style=\"color: #000000;\">12,6%<\/span><\/p>\n<\/td>\n<td width=\"67\">\n<p align=\"RIGHT\"><span style=\"color: #000000;\"><span style=\"font-size: small;\"><span lang=\"it-IT\">19846<\/span><\/span><\/span><\/p>\n<\/td>\n<td width=\"76\">\n<p align=\"RIGHT\"><span style=\"color: #000000;\">69,1%<\/span><\/p>\n<\/td>\n<\/tr>\n<\/tbody>\n<tbody>\n<tr valign=\"BOTTOM\">\n<td width=\"54\" height=\"10\">\n<p align=\"LEFT\"><span style=\"color: #000000;\">50-59 anni<\/span><\/p>\n<\/td>\n<td width=\"78\">\n<p align=\"RIGHT\"><span style=\"color: #000000;\">33.149<\/span><\/p>\n<\/td>\n<td width=\"75\">\n<p align=\"RIGHT\"><span style=\"color: #000000;\"><span style=\"font-size: small;\"><span lang=\"it-IT\">13631<\/span><\/span><\/span><\/p>\n<\/td>\n<td width=\"71\">\n<p align=\"RIGHT\"><span style=\"color: #000000;\"><span style=\"font-size: small;\"><span lang=\"it-IT\">41,1<\/span><\/span><\/span><span style=\"color: #000000;\">%<\/span><\/p>\n<\/td>\n<td width=\"77\">\n<p align=\"RIGHT\"><span style=\"color: #000000;\"><span style=\"font-size: small;\"><span lang=\"it-IT\">5854<\/span><\/span><\/span><\/p>\n<\/td>\n<td width=\"75\">\n<p align=\"RIGHT\"><span style=\"color: #000000;\">17,7%<\/span><\/p>\n<\/td>\n<td width=\"67\">\n<p align=\"RIGHT\"><span style=\"color: #000000;\"><span style=\"font-size: small;\"><span lang=\"it-IT\">13664<\/span><\/span><\/span><\/p>\n<\/td>\n<td width=\"76\">\n<p align=\"RIGHT\"><span style=\"color: #000000;\">41,2%<\/span><\/p>\n<\/td>\n<\/tr>\n<\/tbody>\n<tbody>\n<tr valign=\"BOTTOM\">\n<td width=\"54\" height=\"10\">\n<p align=\"LEFT\"><span style=\"color: #000000;\">60-69 anni<\/span><\/p>\n<\/td>\n<td width=\"78\">\n<p align=\"RIGHT\"><span style=\"color: #000000;\">27.977<\/span><\/p>\n<\/td>\n<td width=\"75\">\n<p align=\"RIGHT\"><span style=\"color: #000000;\"><span style=\"font-size: small;\"><span lang=\"it-IT\">12462<\/span><\/span><\/span><\/p>\n<\/td>\n<td width=\"71\">\n<p align=\"RIGHT\"><span style=\"color: #000000;\">44,5%<\/span><\/p>\n<\/td>\n<td width=\"77\">\n<p align=\"RIGHT\"><span style=\"color: #000000;\"><span style=\"font-size: small;\"><span lang=\"it-IT\">8854<\/span><\/span><\/span><\/p>\n<\/td>\n<td width=\"75\">\n<p align=\"RIGHT\"><span style=\"color: #000000;\">31,6%<\/span><\/p>\n<\/td>\n<td width=\"67\">\n<p align=\"RIGHT\"><span style=\"color: #000000;\"><span style=\"font-size: small;\"><span lang=\"it-IT\">6661<\/span><\/span><\/span><\/p>\n<\/td>\n<td width=\"76\">\n<p align=\"RIGHT\"><span style=\"color: #000000;\">23,8%<\/span><\/p>\n<\/td>\n<\/tr>\n<\/tbody>\n<tbody>\n<tr valign=\"BOTTOM\">\n<td width=\"54\" height=\"10\">\n<p align=\"LEFT\"><span style=\"color: #000000;\">70-79 anni<\/span><\/p>\n<\/td>\n<td width=\"78\">\n<p align=\"RIGHT\"><span style=\"color: #000000;\">23.687<\/span><\/p>\n<\/td>\n<td width=\"75\">\n<p align=\"RIGHT\"><span style=\"color: #000000;\"><span style=\"font-size: small;\"><span lang=\"it-IT\">6688<\/span><\/span><\/span><\/p>\n<\/td>\n<td width=\"71\">\n<p align=\"RIGHT\"><span style=\"color: #000000;\">28,2%<\/span><\/p>\n<\/td>\n<td width=\"77\">\n<p align=\"RIGHT\"><span style=\"color: #000000;\"><span style=\"font-size: small;\"><span lang=\"it-IT\">13742<\/span><\/span><\/span><\/p>\n<\/td>\n<td width=\"75\">\n<p align=\"RIGHT\"><span style=\"color: #000000;\">58,0%<\/span><\/p>\n<\/td>\n<td width=\"67\">\n<p align=\"RIGHT\"><span style=\"color: #000000;\"><span style=\"font-size: small;\"><span lang=\"it-IT\">3257<\/span><\/span><\/span><\/p>\n<\/td>\n<td width=\"76\">\n<p align=\"RIGHT\"><span style=\"color: #000000;\">13,8%<\/span><\/p>\n<\/td>\n<\/tr>\n<\/tbody>\n<tbody>\n<tr valign=\"BOTTOM\">\n<td width=\"54\" height=\"9\">\n<p align=\"LEFT\"><span style=\"color: #000000;\">over 80 <\/span><\/p>\n<\/td>\n<td width=\"78\">\n<p align=\"RIGHT\"><span style=\"color: #000000;\">16.821<\/span><\/p>\n<\/td>\n<td width=\"75\">\n<p align=\"RIGHT\"><span style=\"color: #000000;\"><span style=\"font-size: small;\"><span lang=\"it-IT\">1418<\/span><\/span><\/span><\/p>\n<\/td>\n<td width=\"71\">\n<p align=\"RIGHT\"><span style=\"color: #000000;\">8,4%<\/span><\/p>\n<\/td>\n<td width=\"77\">\n<p align=\"RIGHT\"><span style=\"color: #000000;\">14.927<\/span><\/p>\n<\/td>\n<td width=\"75\">\n<p align=\"RIGHT\"><span style=\"color: #000000;\">88,7%<\/span><\/p>\n<\/td>\n<td width=\"67\">\n<p align=\"RIGHT\"><span style=\"color: #000000;\"><span style=\"font-size: small;\"><span lang=\"it-IT\">476<\/span><\/span><\/span><\/p>\n<\/td>\n<td width=\"76\">\n<p align=\"RIGHT\"><span style=\"color: #000000;\">2,8%<\/span><\/p>\n<\/td>\n<\/tr>\n<\/tbody>\n<\/table>\n<p align=\"LEFT\"><span style=\"color: #c9211e;\"><span style=\"font-family: Arial, serif;\"><span style=\"font-size: large;\"><b>PRENOTATI ad oggi: <\/b><\/span><\/span><\/span><span style=\"font-family: Arial, serif;\"><span style=\"font-size: large;\"><b>12-17 :<\/b><\/span><\/span><span style=\"font-family: Arial, serif;\"><span style=\"font-size: large;\"> 2.045 prenotati <\/span><\/span><span style=\"font-family: Arial, serif;\"><span style=\"font-size: large;\"><b>18-39: <\/b><\/span><\/span><span style=\"font-family: Arial, serif;\"><span style=\"font-size: large;\">9.919 prenotati <\/span><\/span><span style=\"font-family: Arial, serif;\"><span style=\"font-size: large;\"><b>turismo:<\/b><\/span><\/span><span style=\"font-family: Arial, serif;\"><span style=\"font-size: large;\"> 258 prenotati su 1516 posti <\/span><\/span><span style=\"font-family: Arial, serif;\"><span style=\"font-size: large;\"><b>centri estivi: <\/b><\/span><\/span><span style=\"font-family: Arial, serif;\"><span style=\"font-size: large;\">294 prenotati su 430 posti <\/span><\/span><span style=\"font-family: Arial, serif;\"><span style=\"font-size: large;\"><b>totale prenotati dal 9 giugno al 4 agosto: 21.449 <\/b><\/span><\/span><span style=\"font-family: Arial, serif;\"><span style=\"font-size: large;\">dal 1\u00b0 aprile al 4 agosto 58.515 prenotazioni<\/span><\/span><\/p>\n<p align=\"LEFT\"><span style=\"font-family: Arial, serif;\"><span style=\"font-size: large;\"><b>Prenotabili: <\/b><\/span><\/span><span style=\"font-size: large; font-family: Arial, serif;\">tutte le et\u00e0 <\/span><span style=\"font-family: Arial, serif;\"><span style=\"font-size: large;\">categorie \u201cprioritarie\u201d: <\/span><\/span><span style=\"font-family: Arial, serif;\"><span style=\"font-size: large;\"><b>operatori turismo,<\/b><\/span><\/span><span style=\"font-family: Arial, serif;\"><span style=\"font-size: large;\"> centri estivi, partecipanti a cerimonie<\/span><\/span><\/p>\n<p align=\"LEFT\"><span style=\"font-family: Arial, serif;\"><span style=\"font-size: large;\"><b><img loading=\"lazy\" decoding=\"async\" class=\"alignleft\" src=\"https:\/\/www.radiopiu.net\/wordpress\/wp-content\/uploads\/2021\/06\/punti-vaccinali-8-12-giugno.png\" width=\"288\" height=\"242\" \/>Centri Vaccinali: <\/b><\/span><\/span><span style=\"font-family: Arial, serif;\"><span style=\"font-size: large;\">attivato punto vaccinale del <\/span><\/span><span style=\"font-family: Arial, serif;\"><span style=\"font-size: large;\"><b>Comelico <\/b><\/span><\/span><span style=\"font-size: large; font-family: Arial, serif;\">potenziato Sedico e Agordo grazie a collaborazione Luxottica<\/span><\/p>\n<p align=\"LEFT\"><span style=\"color: #c9211e;\"><span style=\"font-family: Arial, serif;\"><span style=\"font-size: large;\"><b>Accesso Libero over 60: <\/b><\/span><\/span><\/span><span style=\"color: #000000;\"><span style=\"font-family: Arial, serif;\"><span style=\"font-size: large;\">CVP <\/span><\/span><\/span><span style=\"color: #000000;\"><span style=\"font-family: Arial, serif;\"><span style=\"font-size: large;\"><b>Sedico<\/b><\/span><\/span><\/span><span style=\"color: #000000;\"><span style=\"font-family: Arial, serif;\"><span style=\"font-size: large;\"> Palaskating \u2013 tutti i giorni dalle 15.00 alle 17.00 <\/span><\/span><\/span><span style=\"color: #000000;\"><span style=\"font-family: Arial, serif;\"><span style=\"font-size: large;\">Drive-in <\/span><\/span><\/span><span style=\"color: #000000;\"><span style=\"font-family: Arial, serif;\"><span style=\"font-size: large;\"><b>Feltre<\/b><\/span><\/span><\/span><span style=\"color: #000000;\"><span style=\"font-family: Arial, serif;\"><span style=\"font-size: large;\"> Marangoni \u2013 dal luned\u00ec al sabato dalle 11.00 alle 13.00 <\/span><\/span><\/span><span style=\"color: #000000;\"><span style=\"font-family: Arial, serif;\"><span style=\"font-size: large;\">Drive in <\/span><\/span><\/span><span style=\"color: #000000;\"><span style=\"font-family: Arial, serif;\"><span style=\"font-size: large;\"><b>Paludi<\/b><\/span><\/span><\/span><span style=\"color: #000000;\"><span style=\"font-family: Arial, serif;\"><span style=\"font-size: large;\"> \u2013 dal luned\u00ec al sabato dalle 15.00 alle 17.00 <\/span><\/span><\/span><span style=\"color: #000000;\"><span style=\"font-family: Arial, serif;\"><span style=\"font-size: large;\">Drive-in <\/span><\/span><\/span><span style=\"color: #000000;\"><span style=\"font-family: Arial, serif;\"><span style=\"font-size: large;\"><b>Tai <\/b><\/span><\/span><\/span><span style=\"color: #000000;\"><span style=\"font-family: Arial, serif;\"><span style=\"font-size: large;\">Piazzale Dolomiti \u2013 luned\u00ec mercoled\u00ec venerd\u00ec dalle 17.00 alle 18.00 <\/span><\/span><\/span><span style=\"color: #000000;\"><span style=\"font-family: Arial, serif;\"><span style=\"font-size: large;\">Drive-in <\/span><\/span><\/span><span style=\"color: #000000;\"><span style=\"font-family: Arial, serif;\"><span style=\"font-size: large;\"><b>Agordo<\/b><\/span><\/span><\/span><span style=\"color: #000000;\"><span style=\"font-family: Arial, serif;\"><span style=\"font-size: large;\"> Piazzale Tamonich \u2013 marted\u00ec gioved\u00ec sabato dalle 17.00 alle 18.00 <\/span><\/span><\/span><span style=\"color: #c9211e;\"><span style=\"font-family: Arial, serif;\"><span style=\"font-size: large;\"><b>Sedute territoriali MMG: <\/b><\/span><\/span><\/span><span style=\"color: #222222;\"><span style=\"font-family: Arial, serif;\"><span style=\"font-size: large;\">MARTED\u00ec 08\/06: <\/span><\/span><\/span><span style=\"color: #222222;\"><span style=\"font-family: Arial, serif;\"><span style=\"font-size: large;\"><b>Belluno<\/b><\/span><\/span><\/span><span style=\"color: #222222;\"><span style=\"font-family: Arial, serif;\"><span style=\"font-size: large;\"> (14:00-19:00) Cavarzano sala parrocchiale\u00a0 <\/span><\/span><\/span><span style=\"color: #222222;\"><span style=\"font-family: Arial, serif;\"><span style=\"font-size: large;\">MARTED\u00ec 08\/06: <\/span><\/span><\/span><span style=\"color: #222222;\"><span style=\"font-family: Arial, serif;\"><span style=\"font-size: large;\"><b>Feltre<\/b><\/span><\/span><\/span><span style=\"color: #222222;\"><span style=\"font-family: Arial, serif;\"><span style=\"font-size: large;\"> (14:30-16.00) MGI Centro Prelievi di Feltre <\/span><\/span><\/span><span style=\"color: #222222;\"><span style=\"font-family: Arial, serif;\"><span style=\"font-size: large;\">MARTED\u00ec 08\/06: <\/span><\/span><\/span><span style=\"color: #222222;\"><span style=\"font-family: Arial, serif;\"><span style=\"font-size: large;\"><b>Sovramonte<\/b><\/span><\/span><\/span><span style=\"color: #222222;\"><span style=\"font-family: Arial, serif;\"><span style=\"font-size: large;\"> (Pomeriggio) <\/span><\/span><\/span><span style=\"color: #222222;\"><span style=\"font-family: Arial, serif;\"><span style=\"font-size: large;\">MERCOLED\u00ec 09\/06:\u00a0 <\/span><\/span><\/span><span style=\"color: #222222;\"><span style=\"font-family: Arial, serif;\"><span style=\"font-size: large;\"><b>Belluno <\/b><\/span><\/span><\/span><span style=\"color: #222222;\"><span style=\"font-family: Arial, serif;\"><span style=\"font-size: large;\">(14:00-19:00) Cavarzano sala parrocchiale\u00a0 \u00a0<\/span><\/span><\/span><span style=\"color: #222222;\"><span style=\"font-family: Arial, serif;\"><span style=\"font-size: large;\"><b>MERCOLED\u00ec 09\/06:\u00a0 Pieve di Cadore<\/b><\/span><\/span><\/span><span style=\"color: #222222;\"><span style=\"font-family: Arial, serif;\"><span style=\"font-size: large;\"> (9:30-13:00) teatro Cosmo\u00a0 <\/span><\/span><\/span><span style=\"font-size: large; font-family: Arial, serif; color: #222222;\">MERCOLED\u00ec 09\/06:\u00a0 Cencenighe domiciliari\/ambulatoriali <\/span><span style=\"font-size: large; font-family: Arial, serif; color: #222222;\">MERCOLED\u00ec 09\/06:\u00a0 Caprile (mattina) ambulatori <\/span><span style=\"color: #222222;\"><span style=\"font-family: Arial, serif;\"><span style=\"font-size: large;\"><b>MERCOLED\u00ec 09\/06:\u00a0 Sedico<\/b><\/span><\/span><\/span><span style=\"color: #222222;\"><span style=\"font-family: Arial, serif;\"><span style=\"font-size: large;\"> (tutto il giorno) <\/span><\/span><\/span><span style=\"color: #222222;\"><span style=\"font-family: Arial, serif;\"><span style=\"font-size: large;\"><b>GIOVEDI&#8217; 10\/06:\u00a0 Santa Giustina<\/b><\/span><\/span><\/span><span style=\"color: #222222;\"><span style=\"font-family: Arial, serif;\"><span style=\"font-size: large;\"> (mattina) <\/span><\/span><\/span><span style=\"font-size: large; font-family: Arial, serif; color: #222222;\">GIOVEDI&#8217; 10\/06:\u00a0 Caprile (mattina) <\/span><span style=\"color: #222222;\"><span style=\"font-family: Arial, serif;\"><span style=\"font-size: large;\"><b>GIOVEDI&#8217; 10\/06:\u00a0 Cortina<\/b><\/span><\/span><\/span><span style=\"color: #222222;\"><span style=\"font-family: Arial, serif;\"><span style=\"font-size: large;\"> (mattina) <\/span><\/span><\/span><span style=\"font-size: large; font-family: Arial, serif; color: #222222;\">GIOVEDI&#8217; 10\/06: Belluno e Agordo (domiciliari)\u00a0 <\/span><span style=\"color: #222222;\"><span style=\"font-family: Arial, serif;\"><span style=\"font-size: large;\"><b>GIOVEDI&#8217; 10\/06: CVP Comelico (<\/b><\/span><\/span><\/span><span style=\"color: #222222;\"><span style=\"font-family: Arial, serif;\"><span style=\"font-size: large;\">palestra scuole medie) <\/span><\/span><\/span><span style=\"font-size: large; font-family: Arial, serif; color: #222222;\">VENERDI&#8217; 11\/06:\u00a0 Belluno (9:00-17:00) Cavarzano sala parrocchiale\u00a0 <\/span><span style=\"color: #222222;\"><span style=\"font-family: Arial, serif;\"><span style=\"font-size: large;\"><b>VENERDi&#8217; 11\/06: Comelico S. Stefano<\/b><\/span><\/span><\/span><span style=\"color: #222222;\"><span style=\"font-family: Arial, serif;\"><span style=\"font-size: large;\"> Cadore (palestra scuole medie) <\/span><\/span><\/span><span style=\"color: #222222;\"><span style=\"font-family: Arial, serif;\"><span style=\"font-size: large;\"><b>SABATO 12\/06:\u00a0 Caprile<\/b><\/span><\/span><\/span><span style=\"color: #222222;\"><span style=\"font-family: Arial, serif;\"><span style=\"font-size: large;\"> (mattina) <\/span><\/span><\/span><span style=\"color: #222222;\"><span style=\"font-family: Arial, serif;\"><span style=\"font-size: large;\"><b>SABATO 12\/06:\u00a0 Alano di Piave<\/b><\/span><\/span><\/span><span style=\"color: #222222;\"><span style=\"font-family: Arial, serif;\"><span style=\"font-size: large;\"> (mattina) <\/span><\/span><\/span><span style=\"color: #222222;\"><span style=\"font-family: Arial, serif;\"><span style=\"font-size: large;\"><b>SABATO 12\/06:\u00a0 Lamon <\/b><\/span><\/span><\/span><span style=\"color: #222222;\"><span style=\"font-family: Arial, serif;\"><span style=\"font-size: large;\">(mattina)\u00a0<\/span><\/span><\/span><\/p>\n<p align=\"LEFT\">\n","protected":false},"excerpt":{"rendered":"<p>incidenza settimanale (31 maggio \u2013 6 giugno): 10 su 100 mila abitanti Campagna vaccinale: dosi somministrate totali:144.342 cicli completi totali: 52.652 % popolazione con almeno una dose: 52,1% et\u00e0 popolazione ISTAT 1 dose % copertura 1 dose cicli completi %copertura cicli completi ancora da vaccinare % ancora da vaccinare 40-49 anni 28.732 5259 18,3% 3627&hellip;<\/p>\n","protected":false},"author":4,"featured_media":214841,"comment_status":"closed","ping_status":"open","sticky":false,"template":"","format":"standard","meta":{"_monsterinsights_skip_tracking":false,"_monsterinsights_sitenote_active":false,"_monsterinsights_sitenote_note":"","_monsterinsights_sitenote_category":0,"footnotes":""},"categories":[49],"tags":[],"class_list":["post-214842","post","type-post","status-publish","format-standard","has-post-thumbnail","hentry","category-news-18","category-49","description-off"],"img_url":"https:\/\/www.radiopiu.net\/wordpress\/wp-content\/uploads\/2021\/06\/punti-vaccinali-8-12-giugno.png","_links":{"self":[{"href":"https:\/\/www.radiopiu.net\/wordpress\/wp-json\/wp\/v2\/posts\/214842","targetHints":{"allow":["GET"]}}],"collection":[{"href":"https:\/\/www.radiopiu.net\/wordpress\/wp-json\/wp\/v2\/posts"}],"about":[{"href":"https:\/\/www.radiopiu.net\/wordpress\/wp-json\/wp\/v2\/types\/post"}],"author":[{"embeddable":true,"href":"https:\/\/www.radiopiu.net\/wordpress\/wp-json\/wp\/v2\/users\/4"}],"replies":[{"embeddable":true,"href":"https:\/\/www.radiopiu.net\/wordpress\/wp-json\/wp\/v2\/comments?post=214842"}],"version-history":[{"count":0,"href":"https:\/\/www.radiopiu.net\/wordpress\/wp-json\/wp\/v2\/posts\/214842\/revisions"}],"wp:featuredmedia":[{"embeddable":true,"href":"https:\/\/www.radiopiu.net\/wordpress\/wp-json\/wp\/v2\/media\/214841"}],"wp:attachment":[{"href":"https:\/\/www.radiopiu.net\/wordpress\/wp-json\/wp\/v2\/media?parent=214842"}],"wp:term":[{"taxonomy":"category","embeddable":true,"href":"https:\/\/www.radiopiu.net\/wordpress\/wp-json\/wp\/v2\/categories?post=214842"},{"taxonomy":"post_tag","embeddable":true,"href":"https:\/\/www.radiopiu.net\/wordpress\/wp-json\/wp\/v2\/tags?post=214842"}],"curies":[{"name":"wp","href":"https:\/\/api.w.org\/{rel}","templated":true}]}}