{"id":214933,"date":"2021-06-10T05:45:17","date_gmt":"2021-06-10T03:45:17","guid":{"rendered":"https:\/\/www.radiopiu.net\/wordpress\/?p=214933"},"modified":"2021-06-10T09:33:24","modified_gmt":"2021-06-10T07:33:24","slug":"giornale-radiopiu-10-giugno-2021-direttore-mirko-mezzacasa","status":"publish","type":"post","link":"https:\/\/www.radiopiu.net\/wordpress\/giornale-radiopiu-10-giugno-2021-direttore-mirko-mezzacasa\/","title":{"rendered":"GIORNALE RADIOPIU 10 GIUGNO 2021 DIRETTORE MIRKO MEZZACASA"},"content":{"rendered":"<p>&nbsp;<\/p>\n<p>&nbsp;<\/p>\n<h3><span style=\"color: #0000ff;\">PER<strong>\u00a0RICEVERE QUESTO NOTIZIARIO DIRETTAMENTE SUL TUO CELLULARE ISCRIVITI AL CANALE TELEGRAM\u00a0<\/strong><strong>\u201cRADIO PIU\u00a0 INFORMAZIONE\u201d\u00a0 \u00a0<\/strong><\/span><\/h3>\n<h3><span style=\"color: #0000ff;\"><strong> \u00a0\u00a0<\/strong><\/span><\/h3>\n<blockquote>\n<h3><a href=\"https:\/\/www.radiopiu.net\/wordpress\/giornale-radiopiu-09-giugno-2021-direttore-mirko-mezzacasa\/199334364_965473247640300_97478015229752331_n\/\" rel=\"attachment wp-att-214976\"><img loading=\"lazy\" decoding=\"async\" class=\"wp-image-214976 alignleft\" src=\"https:\/\/www.radiopiu.net\/wordpress\/wp-content\/uploads\/2021\/06\/199334364_965473247640300_97478015229752331_n.jpg\" alt=\"\" width=\"166\" height=\"124\" \/><\/a>FINALMENTE\u00a0 ri-APERTA LA PROVINCIALE DEL MIS<\/h3>\n<p><strong>GOSALDO<\/strong> Con l&#8217;intervento della ditta Bressan e le reti messe in precedenza sul costone franato si \u00e8 concluso positivamente l&#8217;intervento tra Gena e Titele dopo l&#8217;episodio franoso di sabato a poche ore dalla riapertura quindi dopo i lavori di Veneto Strade per conto della Provincia poco oltre il lago del Mis dove a dicembre la strada \u00e8 collassata.<\/p><\/blockquote>\n<p><strong>TRA LE NOTIZIE PIU&#8217; CLICCATE SUL SITO DI RADIO PIU&#8217;, LE NOSTRE STORIE RACCONTATE ALLA RADIO\u00a0<\/strong><\/p>\n<blockquote class=\"wp-embedded-content\" data-secret=\"46UFlGRip8\"><p><a href=\"https:\/\/www.radiopiu.net\/wordpress\/devidcasaril2021\/\">LA STORIA DI DEVID, 46CHILOMETRI AL GIORNO IN PIU&#8217;, ANDATA E RITORNO  DA SOSPIROLO A BITTI DI GOSALDO<\/a><\/p><\/blockquote>\n<p><iframe loading=\"lazy\" class=\"wp-embedded-content\" sandbox=\"allow-scripts\" security=\"restricted\" style=\"position: absolute; clip: rect(1px, 1px, 1px, 1px);\" title=\"&#8220;LA STORIA DI DEVID, 46CHILOMETRI AL GIORNO IN PIU&#8217;, ANDATA E RITORNO  DA SOSPIROLO A BITTI DI GOSALDO&#8221; &#8212; Radio Pi\u00f9\" src=\"https:\/\/www.radiopiu.net\/wordpress\/devidcasaril2021\/embed\/#?secret=46UFlGRip8\" data-secret=\"46UFlGRip8\" width=\"600\" height=\"338\" frameborder=\"0\" marginwidth=\"0\" marginheight=\"0\" scrolling=\"no\"><\/iframe><\/p>\n<p>&nbsp;<\/p>\n<hr \/>\n<p>&nbsp;<\/p>\n<p><em><a href=\"https:\/\/www.radiopiu.net\/wordpress\/giornale-radiopiu-24-gennaio-2021-direttore-mirko-mezzacasa\/79216601_126817312416448_708980208774483089_n\/\" rel=\"attachment wp-att-186567\"><img loading=\"lazy\" decoding=\"async\" class=\"size-medium wp-image-186567 alignleft\" src=\"https:\/\/www.radiopiu.net\/wordpress\/wp-content\/uploads\/2021\/01\/79216601_126817312416448_708980208774483089_n-300x114.jpg\" sizes=\"auto, (max-width: 300px) 100vw, 300px\" srcset=\"https:\/\/www.radiopiu.net\/wordpress\/wp-content\/uploads\/2021\/01\/79216601_126817312416448_708980208774483089_n-300x114.jpg 300w, https:\/\/www.radiopiu.net\/wordpress\/wp-content\/uploads\/2021\/01\/79216601_126817312416448_708980208774483089_n-768x292.jpg 768w, https:\/\/www.radiopiu.net\/wordpress\/wp-content\/uploads\/2021\/01\/79216601_126817312416448_708980208774483089_n.jpg 820w\" alt=\"\" width=\"300\" height=\"114\" \/><\/a>A<\/em><em>PP PER IOS-IPHONE di Nicola Vettorello <\/em><a href=\"https:\/\/apps.apple.com\/it\/app\/radio-pi%C3%B9-emittente-agordina\/id1515939845\">https:\/\/apps.apple.com\/it\/app\/radio-pi%C3%B9-emittente-agordina\/id1515939845<\/a><\/p>\n<p><em>ATTENZIONE: LA NUOVA APP RADIO\u00a0 PER ANDROID di Nicola Vettorello<\/em><\/p>\n<p><a href=\"https:\/\/play.google.com\/store\/apps\/details?id=net.radiopiu.iniko\" target=\"_blank\" rel=\"noopener noreferrer\">https:\/\/play.google.com\/store\/apps\/details?id=net.radiopiu.iniko<\/a><\/p>\n<p>&nbsp;<\/p>\n<p>&nbsp;<\/p>\n<hr \/>\n<p>&nbsp;<\/p>\n<blockquote><p>&nbsp;<\/p><\/blockquote>\n<p><strong>VOLTAGO<\/strong>\u00a0 Fino al 3 luglio, domeniche escluse, per consentire i lavori di esbosco\u00a0 interdizione totale alla circolazione\u00a0 dalle 8 alle 17 lungo la Strada provinciale 26 \u201cdi Digoman\u201d, nei comuni di Rivamonte e Voltago Agordino.\u00a0 Nei periodi non interessati dalle chiusure sar\u00e0 istituto il senso unico alternato regolato da impianto semaforico.<\/p>\n<p><span style=\"color: #ff0000;\">ALTRE INTERRUZIONI TOTALI<\/span><\/p>\n<p><strong><span style=\"color: #ff0000;\"><span style=\"color: #000000;\">GIRO DEL PIAVE,<\/span>\u00a0<\/span><\/strong><span style=\"color: #000000;\"> Domenica 13 giugno arrivo ai Piani di Pezze&#8217;. La strada sar\u00e0 chiusa sia in salita che in discesa da Alleghe ai Piani di Pezz\u00e8 dalle 15 alle 17.<\/span><\/p>\n<p><b>GALLERIA \u2018COMELICO\u00a0<\/b>fino al 31 luglio\u00a0 dalle 21 alle\u00a0 6 la galleria sar\u00e0 chiusa al traffico. Per i veicoli pesanti trainanti un rimorchio \u00e8 prevista la deviazione sulla SR 48 \u201cdelle Dolomiti e sulla SP 49 \u201cMisurina\u201d,\u00a0 \u00a0il traffico pesante sar\u00e0 deviato lungo la SP 532 \u201cPasso S. Antonio\u201d. Il traffico leggero\u00a0 sulla SP 532.<\/p>\n<p><strong>PROVINCIALE 3 VALLE IMPERINA,\u00a0\u00a0<\/strong>FINO ALL\u201911 GIUGNO INTERRUZIONE TOTALE ALLA VIABILITA\u2019 PER LAVORI DI ESBOSCO DALLE 8 ALLE 9.45, DALLE 10 ALLE 12, DALLE 13.45 ALLE 15.50 E DALLE 16.10 ALLE 17.30<\/p>\n<p><span style=\"color: #ff0000;\">INTERRUZIONI FINO A 20 MINUTI<\/span><\/p>\n<p><strong>48 DELLE DOLOMITI<\/strong>\u00a0Fino al 16 luglio da Pieve di Livinallongo ad Arabba si potr\u00e0 transitare ma in determinate fasce orarie. Dalle 7 del mattino alle 18 sono infatti previste interruzioni fino a 20 minuti per permettere i lavori di esbosco e realizzazione paramassi. Per tutta la durata dei lavori senso unico alternato nei periodi non interessati delle interruzioni.<\/p>\n<p><strong>REGIONALE 203 AGORDINA\u00a0<\/strong>\u00a0Fino al 18 giugno\u00a0 Dalle 7 alle 18 (esclusi festivi e prefestivi) tra Ru Sech e Zunaia,\u00a0 interruzioni della durata massima di 20 minuti e senso unico alternato nei periodi non interessati dalle interruzioni<\/p>\n<p>&nbsp;<\/p>\n<hr \/>\n<p>&nbsp;<\/p>\n<blockquote>\n<h3>LUNEDI&#8217; INIZIANO I LAVORI DI RIFACIMENTO DEL PONTE SUL TORRENTE CAMPREGANA AD AGORDO<\/h3>\n<\/blockquote>\n<p><strong><a href=\"https:\/\/www.radiopiu.net\/wordpress\/agordo-il-mio-paese-litalia-che-vorrei-di-mirko-mezzacasa\/8cea600a-c88b-4d28-8748-e360e4864c44\/\" rel=\"attachment wp-att-144890\"><img loading=\"lazy\" decoding=\"async\" class=\"size-medium wp-image-144890 alignleft\" src=\"https:\/\/www.radiopiu.net\/wordpress\/wp-content\/uploads\/2020\/06\/8cea600a-c88b-4d28-8748-e360e4864c44-300x225.jpg\" alt=\"\" width=\"300\" height=\"225\" srcset=\"https:\/\/www.radiopiu.net\/wordpress\/wp-content\/uploads\/2020\/06\/8cea600a-c88b-4d28-8748-e360e4864c44-300x225.jpg 300w, https:\/\/www.radiopiu.net\/wordpress\/wp-content\/uploads\/2020\/06\/8cea600a-c88b-4d28-8748-e360e4864c44-1024x768.jpg 1024w, https:\/\/www.radiopiu.net\/wordpress\/wp-content\/uploads\/2020\/06\/8cea600a-c88b-4d28-8748-e360e4864c44-768x576.jpg 768w, https:\/\/www.radiopiu.net\/wordpress\/wp-content\/uploads\/2020\/06\/8cea600a-c88b-4d28-8748-e360e4864c44-1536x1152.jpg 1536w, https:\/\/www.radiopiu.net\/wordpress\/wp-content\/uploads\/2020\/06\/8cea600a-c88b-4d28-8748-e360e4864c44.jpg 2048w\" sizes=\"auto, (max-width: 300px) 100vw, 300px\" \/><\/a>AGORDO<\/strong> Dal 14 giugno 2021 al 16 luglio, verranno eseguiti, ad opera dei Servizi Forestali di Belluno, i lavori di rifacimento del ponte sul torrente Campregana, in localita\u0300 Val di Frela. Durante tutto il periodo dei lavori in corso, al fine di limitare i disagi degli abitanti della frazione Farenzena e degli abitanti della localita\u0300 Val di Frela, destra orografica del torrente Campregana, la deviazione della circolazione veicolare avverr\u00e0 lungo l\u2019unica viabilita\u0300 alternativa rappresentata dalla strada silvo-pastorale denominata Farenzena-Don, che potra\u0300 garantire il transito veicolare ai residenti, in deroga ai divieti esistenti. Con l&#8217;ordinanza il comune di Agordo apre delle finestre di transito per salire e scendere sulla strada Farenzena-Don.<\/p>\n<blockquote><p><em>Transito consentito <strong>A SALIRE<\/strong>, da frazione FARENZENA a localita\u0300 DON: dalle 6 alle 7:45, dalle 9 alle 9:45, dalle 11:00 alle 11:45, dalle 13 alle 13:45 &#8211; dalle 15 alle 15:45, dalle 17 alle 17:45, dalle 19 alle 19:45. Transito consentito<strong> A SCENDERE<\/strong>, da localita\u0300 DON a frazione FARENZENA: dalle 8 alle 8:45, dalle 10 alle 10:45, dalle 12 alle 12:45, dalle 14 alle 14:45, dalle 16 alle 16:45, dalle 18 alle 18:45, dalle 20 alle 20:45. Dalle ore 20:45 alle ore 05:45 la circolazione dei veicoli e\u0300 consentita contemporaneamente in entrambi i sensi di marcia.<\/em><\/p><\/blockquote>\n<p>&nbsp;<\/p>\n<hr \/>\n<p>&nbsp;<\/p>\n<blockquote>\n<h3>SBALZATO DALL&#8217;APE CAR NELLO SCONTRO CON IL FURGONE<\/h3>\n<\/blockquote>\n<p><strong>BORGO VALBELLUNA<\/strong>\u00a0 E&#8217; stato sbalzato dal veicolo a tre ruote direttamente sull&#8217;asfalto, l&#8217;uomo MAURIZIO TRES\u00a0 64 anni \u00e8 stato subito soccorso ed elitrasportato in ospedale a Treviso, illeso il conducente del furgone, F.P. di 21 anni. L&#8217;incidente alle 12 in via Vasco a Mel tra via Salvatelli e via Nave. Sul posto Carabinieri per i rilievi di legge e Vigili del Fuoco per la messa in sicurezza dei mezzi e della viabilit\u00e0<\/p>\n\n\t\t\t<style type='text\/css'>\n\t\t\t\t#gallery-1 {\n\t\t\t\t\tmargin: auto;\n\t\t\t\t}\n\t\t\t\t#gallery-1 .gallery-item {\n\t\t\t\t\tfloat: left;\n\t\t\t\t\tmargin-top: 10px;\n\t\t\t\t\ttext-align: center;\n\t\t\t\t\twidth: 33%;\n\t\t\t\t}\n\t\t\t\t#gallery-1 img {\n\t\t\t\t\tborder: 2px solid #cfcfcf;\n\t\t\t\t}\n\t\t\t\t#gallery-1 .gallery-caption {\n\t\t\t\t\tmargin-left: 0;\n\t\t\t\t}\n\t\t\t\t\/* see gallery_shortcode() in wp-includes\/media.php *\/\n\t\t\t<\/style>\n\t\t<div id='gallery-1' class='dt-gallery-container gallery galleryid-214933 gallery-columns-3 gallery-size-thumbnail'><dl class='gallery-item'>\n\t\t\t\t<dt class='gallery-icon landscape'>\n\t\t\t\t\t<a class=\"rollover rollover-zoom dt-pswp-item\" title=\"6e5da15c-8bb5-4fa2-a3be-c1ae3a28d045\" data-dt-img-description=\"\" data-large_image_width=\"1223\" data-large_image_height=\"789\"href='https:\/\/www.radiopiu.net\/wordpress\/wp-content\/uploads\/2021\/06\/6e5da15c-8bb5-4fa2-a3be-c1ae3a28d045-2.jpg'><img loading=\"lazy\" decoding=\"async\" width=\"150\" height=\"150\" src=\"https:\/\/www.radiopiu.net\/wordpress\/wp-content\/uploads\/2021\/06\/6e5da15c-8bb5-4fa2-a3be-c1ae3a28d045-2-150x150.jpg\" class=\"attachment-thumbnail size-thumbnail\" alt=\"\" \/><\/a>\n\t\t\t\t<\/dt><\/dl><dl class='gallery-item'>\n\t\t\t\t<dt class='gallery-icon landscape'>\n\t\t\t\t\t<a class=\"rollover rollover-zoom dt-pswp-item\" title=\"3bcd5deb-d512-4edb-8626-e03deff5104f\" data-dt-img-description=\"\" data-large_image_width=\"1280\" data-large_image_height=\"859\"href='https:\/\/www.radiopiu.net\/wordpress\/wp-content\/uploads\/2021\/06\/3bcd5deb-d512-4edb-8626-e03deff5104f.jpg'><img loading=\"lazy\" decoding=\"async\" width=\"150\" height=\"150\" src=\"https:\/\/www.radiopiu.net\/wordpress\/wp-content\/uploads\/2021\/06\/3bcd5deb-d512-4edb-8626-e03deff5104f-150x150.jpg\" class=\"attachment-thumbnail size-thumbnail\" alt=\"\" \/><\/a>\n\t\t\t\t<\/dt><\/dl><dl class='gallery-item'>\n\t\t\t\t<dt class='gallery-icon landscape'>\n\t\t\t\t\t<a class=\"rollover rollover-zoom dt-pswp-item\" title=\"e6c4db28-b71d-48fe-aa52-a9d276e0c986\" data-dt-img-description=\"\" data-large_image_width=\"960\" data-large_image_height=\"644\"href='https:\/\/www.radiopiu.net\/wordpress\/wp-content\/uploads\/2021\/06\/e6c4db28-b71d-48fe-aa52-a9d276e0c986-1.jpg'><img loading=\"lazy\" decoding=\"async\" width=\"150\" height=\"150\" src=\"https:\/\/www.radiopiu.net\/wordpress\/wp-content\/uploads\/2021\/06\/e6c4db28-b71d-48fe-aa52-a9d276e0c986-1-150x150.jpg\" class=\"attachment-thumbnail size-thumbnail\" alt=\"\" \/><\/a>\n\t\t\t\t<\/dt><\/dl><br style=\"clear: both\" \/>\n\t\t\t<\/div>\n\n<p>&nbsp;<\/p>\n<hr \/>\n<p>&nbsp;<\/p>\n<blockquote>\n<h3>INCENDIO DI CANAZEI, FRENA &#8220;SERVONO IDEE, VOLONTA&#8217; E CONDIVISIONE ALTRIMENTI NON SI VA DA NESSUNA PARTE&#8221;<\/h3>\n<p><em>Un edificio \u00e8 ancora sotto sequestro per consentire le indagini. Intanto per l&#8217;unico sfollato si apre una possibilit\u00e0 con l&#8217;Ater<\/em><\/p>\n<p><em>e poi ci sono le belle iniziative come quella di <span class=\"diy96o5h\" spellcheck=\"false\" data-offset-key=\"9m7hp-1-0\">Annalisa Scardanzan<\/span> del <span class=\"diy96o5h\" spellcheck=\"false\" data-offset-key=\"9m7hp-3-0\">Tabia Feder<\/span>\u00a0 &#8220;Dai piccoli gesti nascono grandi cose. Il nostro piccolo gesto sar\u00e0 in questo fine settimana la vendita di biscotti e carfogn. Tutto il ricavato sar\u00e0 devoluto al comune di Colle Santa Lucia in favore degli abitanti di Canazei che hanno perso le loro abitazioni nell&#8217;incendio&#8221;.<\/em><\/p>\n<h3><strong><a href=\"https:\/\/www.radiopiu.net\/wordpress\/il-minuto-di-silenzo-a-belluno-feltre-e-in-tutto-lagordino\/minuto-silenzio-frena-colle-2\/\" rel=\"attachment wp-att-126455\"><img loading=\"lazy\" decoding=\"async\" class=\" wp-image-126455 alignleft\" src=\"https:\/\/www.radiopiu.net\/wordpress\/wp-content\/uploads\/2020\/03\/MINUTO-SILENZIO-FRENA-COLLE-2-225x300.jpg\" alt=\"\" width=\"188\" height=\"251\" srcset=\"https:\/\/www.radiopiu.net\/wordpress\/wp-content\/uploads\/2020\/03\/MINUTO-SILENZIO-FRENA-COLLE-2-225x300.jpg 225w, https:\/\/www.radiopiu.net\/wordpress\/wp-content\/uploads\/2020\/03\/MINUTO-SILENZIO-FRENA-COLLE-2-768x1024.jpg 768w, https:\/\/www.radiopiu.net\/wordpress\/wp-content\/uploads\/2020\/03\/MINUTO-SILENZIO-FRENA-COLLE-2-1152x1536.jpg 1152w, https:\/\/www.radiopiu.net\/wordpress\/wp-content\/uploads\/2020\/03\/MINUTO-SILENZIO-FRENA-COLLE-2.jpg 1200w\" sizes=\"auto, (max-width: 188px) 100vw, 188px\" \/><\/a>COLLE SANTA LUCIA<\/strong> Ai microfoni di Radio Pi\u00f9 il sindaco di Colle Santa Lucia Paolo Frena. Argomento mono tematico l&#8217;incendio a Canazei di\u00a0 Colle Santa Lucia. Storia, cultura, ringraziamenti e riflessioni dopo il rogo che ha devastato uno dei pi\u00f9 bei borghi dell&#8217;arco dolomitico <em>&#8220;Ma siamo gente che si rimbocca la maniche&#8221;<\/em> dice il sindaco Frena sottolineando l&#8217;importanza di ridare dignit\u00e0, splendore e di nuovo storia alla frazione a oltre 1500 metri di quota. Ieri sera (nell&#8217;intervista realizzata per il giornale radio di ieri il sindaco dir\u00e0\u00a0 ovviamente questa sera, per chi ascolta e legge oggi riferito a ieri ndr.) incontro con tutti i proprietari delle strutture distrutte dal fuoco, sono stati tutti coinvolti in presenza o in video conferenza <em>&#8220;Il primo scopo \u00e8 la rimozione delle parti irrecuperabili e la messa in sicurezza degli edifici. Poi affrontare il resto dei tanti problemi&#8221;<\/em><\/h3>\n<\/blockquote>\n<audio class=\"wp-audio-shortcode\" id=\"audio-214933-1\" preload=\"none\" style=\"width: 100%;\" controls=\"controls\"><source type=\"audio\/mpeg\" src=\"https:\/\/www.radiopiu.net\/wordpress\/wp-content\/uploads\/2021\/06\/paolo-frena.mp3?_=1\" \/><a href=\"https:\/\/www.radiopiu.net\/wordpress\/wp-content\/uploads\/2021\/06\/paolo-frena.mp3\">https:\/\/www.radiopiu.net\/wordpress\/wp-content\/uploads\/2021\/06\/paolo-frena.mp3<\/a><\/audio>\n<blockquote><p><strong>L&#8217;INCONTRO DI IERI SERA, LE TRE DECISIONI<\/strong><\/p><\/blockquote>\n<p>Un tecnico\u00a0 raccoglier\u00e0 tutta la documentazione inerente le caratteristiche architettoniche degli edifici danneggiati. Una ditta specializzata rimuover\u00e0 e bonificher\u00e0 l&#8217;area dell&#8221;incendio. Allo studio la possibilit\u00e0 di azzerare l&#8217;intera tassazione a carico dei proprietari.<\/p>\n<p>&nbsp;<\/p>\n<p>&nbsp;<\/p>\n<hr \/>\n<blockquote>\n<h3><\/h3>\n<h3>RACCOLTA FONDI PER L&#8217;INCENDIO DI CANAZEI A COLLE SANTA LUCIA<\/h3>\n<\/blockquote>\n<p><strong><a href=\"https:\/\/www.radiopiu.net\/wordpress\/ancora-al-lavoro-i-vigili-del-fuoco-a-canazei-di-colle-santa-lucia\/1a1a094a-7a44-4ffc-8b60-56b1a06b12e8\/\" rel=\"attachment wp-att-214046\"><img loading=\"lazy\" decoding=\"async\" class=\" wp-image-214046 alignleft\" src=\"https:\/\/www.radiopiu.net\/wordpress\/wp-content\/uploads\/2021\/06\/1a1a094a-7a44-4ffc-8b60-56b1a06b12e8-300x225.jpg\" alt=\"\" width=\"227\" height=\"170\" srcset=\"https:\/\/www.radiopiu.net\/wordpress\/wp-content\/uploads\/2021\/06\/1a1a094a-7a44-4ffc-8b60-56b1a06b12e8-300x225.jpg 300w, https:\/\/www.radiopiu.net\/wordpress\/wp-content\/uploads\/2021\/06\/1a1a094a-7a44-4ffc-8b60-56b1a06b12e8-1024x768.jpg 1024w, https:\/\/www.radiopiu.net\/wordpress\/wp-content\/uploads\/2021\/06\/1a1a094a-7a44-4ffc-8b60-56b1a06b12e8-768x576.jpg 768w, https:\/\/www.radiopiu.net\/wordpress\/wp-content\/uploads\/2021\/06\/1a1a094a-7a44-4ffc-8b60-56b1a06b12e8.jpg 1280w\" sizes=\"auto, (max-width: 227px) 100vw, 227px\" \/><\/a>COLLE SANTA LUCIA <\/strong>In seguito all&#8217;incendio sviluppatosi nel pomeriggio di venerd\u00ec 4 giugno 2021 a Canazei frazione in Comune di Colle Santa Lucia, la giunta municipale del Comune di Colle Santa Lucia approvato una delibera contenente l&#8217;attivazione di una sottoscrizione di fondi sul conto di tesoreria comunale, con l&#8217;obiettivo di sostenere la fase di prima emergenza, messa in sicurezza e recupero delle zone danneggiate dall&#8217;incendio.<\/p>\n<blockquote><p>Le donazioni potranno essere effettuate al seguente conto corrente bancario Unicredit banca SPA intestato al Comune di Colle Santa Lucia: IT15A0200861000000002713253 inserendo la seguente causale: \u201cIncendio Canazei di Colle Santa Lucia del 4 giugno 2021\u201d.<\/p><\/blockquote>\n<p>&nbsp;<\/p>\n<hr \/>\n<p>&nbsp;<\/p>\n<p>&nbsp;<\/p>\n<blockquote>\n<h2>OLTRE 1000 AZIONISTI CONTRO LA BANCA POPOLARE ALTO ADIGE<\/h2>\n<\/blockquote>\n<p><strong><a href=\"https:\/\/www.radiopiu.net\/wordpress\/oltre-1000-azionisti-contro-la-banca-popolare-alto-adige\/money-2696229__340\/\" rel=\"attachment wp-att-215118\"><img loading=\"lazy\" decoding=\"async\" class=\" wp-image-215118 alignleft\" src=\"https:\/\/www.radiopiu.net\/wordpress\/wp-content\/uploads\/2021\/06\/money-2696229__340-300x173.jpg\" alt=\"\" width=\"284\" height=\"164\" srcset=\"https:\/\/www.radiopiu.net\/wordpress\/wp-content\/uploads\/2021\/06\/money-2696229__340-300x173.jpg 300w, https:\/\/www.radiopiu.net\/wordpress\/wp-content\/uploads\/2021\/06\/money-2696229__340.jpg 589w\" sizes=\"auto, (max-width: 284px) 100vw, 284px\" \/><\/a>BOLZANO<\/strong> Sono pi\u00f9 di 2.000 gli azionisti della\u00a0 Banca Popolare dell\u2019Alto Adige (Volksbank)che hanno inviato la propria manifestazione di interesse al Comitato Azionisti Suedtirol, presieduto da Walther Andreaus, per essere assistiti in un\u2019azione legale risarcitoria contro la banca. Tra loro ci sono anche dei bellunesi che si sono rivolti alle filiali locali.\u00a0 I risparmiatori raccontano di aver acquistato negli anni le azioni della Banca Popolare per un valore di circa 20 milioni di euro. Con il passare del tempo le azioni\u00a0 acquistate a prezzi elevati rispetto al loro valore reale\u00a0 si sono pesantemente deprezzate, producendo un danno per gli azionisti superiore al 50% rispetto al prezzo di acquisto. Sono pressoch\u00e9 incommerciabili, in quanto i ripetuti tentativi di venderle sono del tutto fallimentari. Dei circa 2.000 risparmiatori che hanno richiesto l\u2019intervento del Comitato, ben pi\u00f9 di 1.000 hanno gi\u00e0 firmato la delega all\u2019Avv. Prof. Massimo Cerniglia e all\u2019Avv. Alessandro Caponi per inviare un reclamo alla banca, con la richiesta dei documenti contrattuali e con l\u2019intimazione a risarcire i danni. La banca avr\u00e0 un termine di 60 giorni per rispondere. Seguiranno eventuali azioni legali.<\/p>\n<p><em><strong>Un Agordino<\/strong>: \u00abDelego gli avvocati Cerniglia e Caponi a presentare (in mio nome e per mio conto, unitamente o disgiuntamente, anche a mezzo posta elettronica certificata) reclamo alla Volksbank, per chiedere il rimborso, la ripetizione o la restituzione delle somme investite, nonch\u00e9 il risarcimento di ogni danno (materiale e morale), cos\u00ec come tutta la documentazione relativa agli acquisti, anche al fine dell&#8217;interruzione di qualsivoglia prescrizione e decadenza\u00bb.<\/em><\/p>\n<p>&nbsp;<\/p>\n<hr \/>\n<p>&nbsp;<\/p>\n<blockquote>\n<h3><a href=\"https:\/\/www.radiopiu.net\/wordpress\/asdasdasdasd-2\/195997950_110832397880902_6257630031364810113_n\/\" rel=\"attachment wp-att-214247\"><img loading=\"lazy\" decoding=\"async\" class=\" wp-image-214247 alignleft\" src=\"https:\/\/www.radiopiu.net\/wordpress\/wp-content\/uploads\/2021\/06\/195997950_110832397880902_6257630031364810113_n-300x180.jpg\" alt=\"\" width=\"173\" height=\"104\" srcset=\"https:\/\/www.radiopiu.net\/wordpress\/wp-content\/uploads\/2021\/06\/195997950_110832397880902_6257630031364810113_n-300x180.jpg 300w, https:\/\/www.radiopiu.net\/wordpress\/wp-content\/uploads\/2021\/06\/195997950_110832397880902_6257630031364810113_n.jpg 650w\" sizes=\"auto, (max-width: 173px) 100vw, 173px\" \/><\/a>I FUNERALI DI LEONARDO<\/h3>\n<p><strong>FELTRE<\/strong> Manca il nulla osta per poter\u00a0 fissare la data del funerale. A Bologna si stanno allungando i tempi degli accertamenti disposti dalla Procura per fare luce sull&#8217;incidente in cui ha perso la vita Leonardo Saffayeh. Anche ieri i familiari, a Feltre, hanno aspettato invano la comunicazione.\u00a0 L&#8217;incidente \u00e8 avvenuto venerd\u00ec nel Bolognese, l&#8217;esame autoptico era annunciato per inizio settimana ma ancora non sarebbe stato fatto.I familiari di Leonardo Saffayeh intendono dargli l&#8217;ultimo saluto in cattedrale a Feltre<\/p><\/blockquote>\n<p>&nbsp;<\/p>\n<hr \/>\n<p>&nbsp;<\/p>\n<blockquote>\n<h3>COMPLETATI I LAVORI SULLA PROVINCIALE 251 DELLA VAL DI ZOLDO<\/h3>\n<\/blockquote>\n<p><strong>VENEZIA<\/strong> Completati i lavori di messa in sicurezza della Strada Provinciale 251 della Val di Zoldo all\u2019uscita ovest della galleria di San Giovanni, seguiti dai Servizi Forestali regionali che sono intervenuti in soccorso della Provincia. Iniziati a pochi giorni dall&#8217;avvenuto evento calamitoso, i lavori sono stati coordinati tra Veneto Strade per quanto riguarda la strada e l\u2019Unit\u00e0 Organizzativa Forestale della Regione in relazione al versante a monte della stessa.<\/p>\n\n\t\t\t<style type='text\/css'>\n\t\t\t\t#gallery-2 {\n\t\t\t\t\tmargin: auto;\n\t\t\t\t}\n\t\t\t\t#gallery-2 .gallery-item {\n\t\t\t\t\tfloat: left;\n\t\t\t\t\tmargin-top: 10px;\n\t\t\t\t\ttext-align: center;\n\t\t\t\t\twidth: 50%;\n\t\t\t\t}\n\t\t\t\t#gallery-2 img {\n\t\t\t\t\tborder: 2px solid #cfcfcf;\n\t\t\t\t}\n\t\t\t\t#gallery-2 .gallery-caption {\n\t\t\t\t\tmargin-left: 0;\n\t\t\t\t}\n\t\t\t\t\/* see gallery_shortcode() in wp-includes\/media.php *\/\n\t\t\t<\/style>\n\t\t<div id='gallery-2' class='dt-gallery-container gallery galleryid-214933 gallery-columns-2 gallery-size-medium'><dl class='gallery-item'>\n\t\t\t\t<dt class='gallery-icon landscape'>\n\t\t\t\t\t<a class=\"rollover rollover-zoom dt-pswp-item\" title=\"67f4d7c9-f27b-4955-ba2a-1010bf35bc70\" data-dt-img-description=\"\" data-large_image_width=\"2000\" data-large_image_height=\"1500\"href='https:\/\/www.radiopiu.net\/wordpress\/wp-content\/uploads\/2021\/06\/67f4d7c9-f27b-4955-ba2a-1010bf35bc70.jpg'><img loading=\"lazy\" decoding=\"async\" width=\"300\" height=\"225\" src=\"https:\/\/www.radiopiu.net\/wordpress\/wp-content\/uploads\/2021\/06\/67f4d7c9-f27b-4955-ba2a-1010bf35bc70-300x225.jpg\" class=\"attachment-medium size-medium\" alt=\"\" srcset=\"https:\/\/www.radiopiu.net\/wordpress\/wp-content\/uploads\/2021\/06\/67f4d7c9-f27b-4955-ba2a-1010bf35bc70-300x225.jpg 300w, https:\/\/www.radiopiu.net\/wordpress\/wp-content\/uploads\/2021\/06\/67f4d7c9-f27b-4955-ba2a-1010bf35bc70-1024x768.jpg 1024w, https:\/\/www.radiopiu.net\/wordpress\/wp-content\/uploads\/2021\/06\/67f4d7c9-f27b-4955-ba2a-1010bf35bc70-768x576.jpg 768w, https:\/\/www.radiopiu.net\/wordpress\/wp-content\/uploads\/2021\/06\/67f4d7c9-f27b-4955-ba2a-1010bf35bc70-1536x1152.jpg 1536w, https:\/\/www.radiopiu.net\/wordpress\/wp-content\/uploads\/2021\/06\/67f4d7c9-f27b-4955-ba2a-1010bf35bc70.jpg 2000w\" sizes=\"auto, (max-width: 300px) 100vw, 300px\" \/><\/a>\n\t\t\t\t<\/dt><\/dl><dl class='gallery-item'>\n\t\t\t\t<dt class='gallery-icon landscape'>\n\t\t\t\t\t<a class=\"rollover rollover-zoom dt-pswp-item\" title=\"3b0a22a0-5254-4596-ac35-fc7dc03af2a3\" data-dt-img-description=\"\" data-large_image_width=\"2000\" data-large_image_height=\"1500\"href='https:\/\/www.radiopiu.net\/wordpress\/wp-content\/uploads\/2021\/06\/3b0a22a0-5254-4596-ac35-fc7dc03af2a3.jpg'><img loading=\"lazy\" decoding=\"async\" width=\"300\" height=\"225\" src=\"https:\/\/www.radiopiu.net\/wordpress\/wp-content\/uploads\/2021\/06\/3b0a22a0-5254-4596-ac35-fc7dc03af2a3-300x225.jpg\" class=\"attachment-medium size-medium\" alt=\"\" srcset=\"https:\/\/www.radiopiu.net\/wordpress\/wp-content\/uploads\/2021\/06\/3b0a22a0-5254-4596-ac35-fc7dc03af2a3-300x225.jpg 300w, https:\/\/www.radiopiu.net\/wordpress\/wp-content\/uploads\/2021\/06\/3b0a22a0-5254-4596-ac35-fc7dc03af2a3-1024x768.jpg 1024w, https:\/\/www.radiopiu.net\/wordpress\/wp-content\/uploads\/2021\/06\/3b0a22a0-5254-4596-ac35-fc7dc03af2a3-768x576.jpg 768w, https:\/\/www.radiopiu.net\/wordpress\/wp-content\/uploads\/2021\/06\/3b0a22a0-5254-4596-ac35-fc7dc03af2a3-1536x1152.jpg 1536w, https:\/\/www.radiopiu.net\/wordpress\/wp-content\/uploads\/2021\/06\/3b0a22a0-5254-4596-ac35-fc7dc03af2a3.jpg 2000w\" sizes=\"auto, (max-width: 300px) 100vw, 300px\" \/><\/a>\n\t\t\t\t<\/dt><\/dl><br style=\"clear: both\" \/>\n\t\t\t<\/div>\n\n<p><strong>L&#8217;ASSESSORE REGIONALE GIANPAOLO BOTTACIN<\/strong><\/p>\n<div style=\"width: 640px;\" class=\"wp-video\"><video class=\"wp-video-shortcode\" id=\"video-214933-1\" width=\"640\" height=\"352\" preload=\"metadata\" controls=\"controls\"><source type=\"video\/mp4\" src=\"https:\/\/www.radiopiu.net\/wordpress\/wp-content\/uploads\/2021\/06\/BOTTACIN-ZOLDO.mp4?_=1\" \/><a href=\"https:\/\/www.radiopiu.net\/wordpress\/wp-content\/uploads\/2021\/06\/BOTTACIN-ZOLDO.mp4\">https:\/\/www.radiopiu.net\/wordpress\/wp-content\/uploads\/2021\/06\/BOTTACIN-ZOLDO.mp4<\/a><\/video><\/div>\n<p>&nbsp;<\/p>\n<hr \/>\n<p>&nbsp;<\/p>\n<p>&nbsp;<\/p>\n<blockquote>\n<h3>ALLEGGERIMENTO\u00a0 SPONTANEO DEL CORPO DI FRANA PER 5000 METRI CUBI DI MATERIALE INSTABILE , NON MODIFICA GLI &#8220;ESPLOSIVI&#8221; PROGRAMMI<\/h3>\n<\/blockquote>\n<p><strong>PERAROLO<\/strong> Assessore Gianpaolo Bottacin in movimento sulla porta di casa, in movimento come la frana che ha &#8220;rilasciato&#8221; quasi 5000 metri cubi di materiale sceso verso il Boite.\u00a0<em> &#8220;il materiale che \u00e8 sceso spontaneamente \u00e8 pari a circa 4\/5 mila metri cubi &#8211; conferma Bottacin &#8211;\u00a0 Il Boite verr\u00e0 immediatamente liberato dal materiale sceso. Non cambia nell&#8217;approccio che prevede un alleggerimento del corpo frana con esplosivo e il fatto che sia sceso del materiale spontaneamente conferma il fatto che la frana non \u00e8 ancora sufficientemente stabile per far intervenire gli operatori senza rischio sul corpo frana&#8221;\u00a0<\/em><\/p>\n<p>La\u00a0 frana della Busa del Cristo sar\u00e0 curata con una tonnellata di esplosivo con il perito minerario del Follador di Agordo, Danilo Coppe, gi\u00e0 noto per il collassamento\u00a0 del ponte Morandi di Genova.\u00a0 Intervento simile a quello attuato per la frana di Schiucaz in Alpago. <em>\u00a0&#8220;In 48 ore l&#8217;operazione sar\u00e0 portata a termine&#8221;<\/em> dice Bottacin.<\/p>\n\n\t\t\t<style type='text\/css'>\n\t\t\t\t#gallery-3 {\n\t\t\t\t\tmargin: auto;\n\t\t\t\t}\n\t\t\t\t#gallery-3 .gallery-item {\n\t\t\t\t\tfloat: left;\n\t\t\t\t\tmargin-top: 10px;\n\t\t\t\t\ttext-align: center;\n\t\t\t\t\twidth: 33%;\n\t\t\t\t}\n\t\t\t\t#gallery-3 img {\n\t\t\t\t\tborder: 2px solid #cfcfcf;\n\t\t\t\t}\n\t\t\t\t#gallery-3 .gallery-caption {\n\t\t\t\t\tmargin-left: 0;\n\t\t\t\t}\n\t\t\t\t\/* see gallery_shortcode() in wp-includes\/media.php *\/\n\t\t\t<\/style>\n\t\t<div id='gallery-3' class='dt-gallery-container gallery galleryid-214933 gallery-columns-3 gallery-size-thumbnail'><dl class='gallery-item'>\n\t\t\t\t<dt class='gallery-icon portrait'>\n\t\t\t\t\t<a class=\"rollover rollover-zoom dt-pswp-item\" title=\"5fd613a5-8029-42d3-a368-7cf04058f24f\" data-dt-img-description=\"\" data-large_image_width=\"1200\" data-large_image_height=\"1599\"href='https:\/\/www.radiopiu.net\/wordpress\/wp-content\/uploads\/2021\/06\/5fd613a5-8029-42d3-a368-7cf04058f24f-1.jpg'><img loading=\"lazy\" decoding=\"async\" width=\"150\" height=\"150\" src=\"https:\/\/www.radiopiu.net\/wordpress\/wp-content\/uploads\/2021\/06\/5fd613a5-8029-42d3-a368-7cf04058f24f-1-150x150.jpg\" class=\"attachment-thumbnail size-thumbnail\" alt=\"\" \/><\/a>\n\t\t\t\t<\/dt><\/dl><dl class='gallery-item'>\n\t\t\t\t<dt class='gallery-icon portrait'>\n\t\t\t\t\t<a class=\"rollover rollover-zoom dt-pswp-item\" title=\"63e833c3-fe47-4674-b4f6-2e3b7c2dc1ec\" data-dt-img-description=\"\" data-large_image_width=\"1200\" data-large_image_height=\"1599\"href='https:\/\/www.radiopiu.net\/wordpress\/wp-content\/uploads\/2021\/06\/63e833c3-fe47-4674-b4f6-2e3b7c2dc1ec-1.jpg'><img loading=\"lazy\" decoding=\"async\" width=\"150\" height=\"150\" src=\"https:\/\/www.radiopiu.net\/wordpress\/wp-content\/uploads\/2021\/06\/63e833c3-fe47-4674-b4f6-2e3b7c2dc1ec-1-150x150.jpg\" class=\"attachment-thumbnail size-thumbnail\" alt=\"\" \/><\/a>\n\t\t\t\t<\/dt><\/dl><dl class='gallery-item'>\n\t\t\t\t<dt class='gallery-icon portrait'>\n\t\t\t\t\t<a class=\"rollover rollover-zoom dt-pswp-item\" title=\"4ca5302c-8f56-4dcd-92dd-8d939db88c19\" data-dt-img-description=\"\" data-large_image_width=\"1200\" data-large_image_height=\"1599\"href='https:\/\/www.radiopiu.net\/wordpress\/wp-content\/uploads\/2021\/06\/4ca5302c-8f56-4dcd-92dd-8d939db88c19-1.jpg'><img loading=\"lazy\" decoding=\"async\" width=\"150\" height=\"150\" src=\"https:\/\/www.radiopiu.net\/wordpress\/wp-content\/uploads\/2021\/06\/4ca5302c-8f56-4dcd-92dd-8d939db88c19-1-150x150.jpg\" class=\"attachment-thumbnail size-thumbnail\" alt=\"\" \/><\/a>\n\t\t\t\t<\/dt><\/dl><br style=\"clear: both\" \/>\n\t\t\t<\/div>\n\n<p>&nbsp;<\/p>\n<p>&nbsp;<\/p>\n<p>&nbsp;<\/p>\n<hr \/>\n<p>&nbsp;<\/p>\n<p>&nbsp;<\/p>\n<blockquote>\n<h2>IL PRESIDENTE ZAIA IN TRENO E ALL&#8217;OSPEDALE DI BELLUNO<\/h2>\n<\/blockquote>\n<p><strong><a href=\"https:\/\/www.radiopiu.net\/wordpress\/giornale-radiopiu-05-marzo-2019-direttore-mirko-mezzacasa\/zaia-belluno-3\/\" rel=\"attachment wp-att-78231\"><img loading=\"lazy\" decoding=\"async\" class=\" wp-image-78231 alignleft\" src=\"https:\/\/www.radiopiu.net\/wordpress\/wp-content\/uploads\/2019\/03\/ZAIA-BELLUNO-3-300x211.png\" alt=\"\" width=\"247\" height=\"174\" srcset=\"https:\/\/www.radiopiu.net\/wordpress\/wp-content\/uploads\/2019\/03\/ZAIA-BELLUNO-3-300x211.png 300w, https:\/\/www.radiopiu.net\/wordpress\/wp-content\/uploads\/2019\/03\/ZAIA-BELLUNO-3-768x541.png 768w, https:\/\/www.radiopiu.net\/wordpress\/wp-content\/uploads\/2019\/03\/ZAIA-BELLUNO-3.png 796w\" sizes=\"auto, (max-width: 247px) 100vw, 247px\" \/><\/a>VENEZIA<\/strong> Domani, il Presidente della Regione Veneto Luca Zaia (accompagnato dalla Vicepresidente e Assessore regionale ai Trasporti e alle Infrastrutture Elisa De Berti), effettuer\u00e0 un sopralluogo sulla nuova linea ferroviaria elettrificata Conegliano-Belluno che consentir\u00e0, fra l\u2019altro, di effettuare viaggi Venezia-Belluno senza rottura di carico. Il Presidente Luca Zaia salir\u00e0 sul treno regionale n.16856 Venezia-Belluno, nella stazione di Conegliano (TV), alle ore 9.39. All\u2019arrivo nella stazione di Belluno, alle 10.47, il Presidente Zaia, la Vicepresidente De Berti, la Presidente RFI Masutti e la Direttrice De Filippis terranno un punto stampa. Alle 12, nella U.O.C. di Radioterapia dell\u2019Ospedale di Belluno, il Presidente Zaia inaugurer\u00e0 una nuova TAC ed effettuer\u00e0 un sopralluogo sull\u2019aggiornamento evolutivo dell\u2019acceleratore lineare.<\/p>\n<p>&nbsp;<\/p>\n<p>&nbsp;<\/p>\n<hr \/>\n<p>&nbsp;<\/p>\n<p>&nbsp;<\/p>\n<p>&nbsp;<\/p>\n<blockquote class=\"wp-embedded-content\" data-secret=\"TY0xUZTNWk\"><p><a href=\"https:\/\/www.radiopiu.net\/wordpress\/ripartenza-estiva-in-marmolada-boscheri-siamo-motivati-ed-entusiasti\/\">RIPARTENZA ESTIVA IN MARMOLADA, BOSCHERI &#8220;SIAMO MOTIVATI ED ENTUSIASTI&#8221;<\/a><\/p><\/blockquote>\n<p><iframe loading=\"lazy\" class=\"wp-embedded-content\" sandbox=\"allow-scripts\" security=\"restricted\" style=\"position: absolute; clip: rect(1px, 1px, 1px, 1px);\" title=\"&#8220;RIPARTENZA ESTIVA IN MARMOLADA, BOSCHERI &#8220;SIAMO MOTIVATI ED ENTUSIASTI&#8221;&#8221; &#8212; Radio Pi\u00f9\" src=\"https:\/\/www.radiopiu.net\/wordpress\/ripartenza-estiva-in-marmolada-boscheri-siamo-motivati-ed-entusiasti\/embed\/#?secret=TY0xUZTNWk\" data-secret=\"TY0xUZTNWk\" width=\"600\" height=\"338\" frameborder=\"0\" marginwidth=\"0\" marginheight=\"0\" scrolling=\"no\"><\/iframe><\/p>\n<p>&nbsp;<\/p>\n<p>&nbsp;<\/p>\n<p>&nbsp;<\/p>\n<hr \/>\n<blockquote>\n<h3><\/h3>\n<\/blockquote>\n<p>&nbsp;<\/p>\n<blockquote class=\"wp-embedded-content\" data-secret=\"z804oRITjR\"><p><a href=\"https:\/\/www.radiopiu.net\/wordpress\/aggiornamentogiu09\/\">CORONAVIRUS: AGGIORNAMENTO NAZIONALE 09 GIUGNO  2021<\/a><\/p><\/blockquote>\n<p><iframe loading=\"lazy\" class=\"wp-embedded-content\" sandbox=\"allow-scripts\" security=\"restricted\" style=\"position: absolute; clip: rect(1px, 1px, 1px, 1px);\" title=\"&#8220;CORONAVIRUS: AGGIORNAMENTO NAZIONALE 09 GIUGNO  2021&#8221; &#8212; Radio Pi\u00f9\" src=\"https:\/\/www.radiopiu.net\/wordpress\/aggiornamentogiu09\/embed\/#?secret=z804oRITjR\" data-secret=\"z804oRITjR\" width=\"600\" height=\"338\" frameborder=\"0\" marginwidth=\"0\" marginheight=\"0\" scrolling=\"no\"><\/iframe><\/p>\n<blockquote><p>&nbsp;<\/p><\/blockquote>\n<blockquote class=\"wp-embedded-content\" data-secret=\"ZGAIZsUMHy\"><p><a href=\"https:\/\/www.radiopiu.net\/wordpress\/ag1sss\/\">DUE DECESSI IN 24 ORE, 150 POSITIVI A BELLUNO 4 PAZIENTI IN OSPEDALE NESSUNO GRAVE<\/a><\/p><\/blockquote>\n<p><iframe loading=\"lazy\" class=\"wp-embedded-content\" sandbox=\"allow-scripts\" security=\"restricted\" style=\"position: absolute; clip: rect(1px, 1px, 1px, 1px);\" title=\"&#8220;DUE DECESSI IN 24 ORE, 150 POSITIVI A BELLUNO 4 PAZIENTI IN OSPEDALE NESSUNO GRAVE&#8221; &#8212; Radio Pi\u00f9\" src=\"https:\/\/www.radiopiu.net\/wordpress\/ag1sss\/embed\/#?secret=ZGAIZsUMHy\" data-secret=\"ZGAIZsUMHy\" width=\"600\" height=\"338\" frameborder=\"0\" marginwidth=\"0\" marginheight=\"0\" scrolling=\"no\"><\/iframe><\/p>\n<blockquote><p>&nbsp;<\/p><\/blockquote>\n<h2>I GRAFICI DI TIZIANO DE COL<\/h2>\n\n\t\t\t<style type='text\/css'>\n\t\t\t\t#gallery-4 {\n\t\t\t\t\tmargin: auto;\n\t\t\t\t}\n\t\t\t\t#gallery-4 .gallery-item {\n\t\t\t\t\tfloat: left;\n\t\t\t\t\tmargin-top: 10px;\n\t\t\t\t\ttext-align: center;\n\t\t\t\t\twidth: 20%;\n\t\t\t\t}\n\t\t\t\t#gallery-4 img {\n\t\t\t\t\tborder: 2px solid #cfcfcf;\n\t\t\t\t}\n\t\t\t\t#gallery-4 .gallery-caption {\n\t\t\t\t\tmargin-left: 0;\n\t\t\t\t}\n\t\t\t\t\/* see gallery_shortcode() in wp-includes\/media.php *\/\n\t\t\t<\/style>\n\t\t<div id='gallery-4' class='dt-gallery-container gallery galleryid-214933 gallery-columns-5 gallery-size-thumbnail'><dl class='gallery-item'>\n\t\t\t\t<dt class='gallery-icon landscape'>\n\t\t\t\t\t<a class=\"rollover rollover-zoom dt-pswp-item\" title=\"00094b66-e78f-4899-81ed-c9ecb5a6b666\" data-dt-img-description=\"\" data-large_image_width=\"594\" data-large_image_height=\"352\"href='https:\/\/www.radiopiu.net\/wordpress\/wp-content\/uploads\/2021\/06\/00094b66-e78f-4899-81ed-c9ecb5a6b666.jpg'><img loading=\"lazy\" decoding=\"async\" width=\"150\" height=\"150\" src=\"https:\/\/www.radiopiu.net\/wordpress\/wp-content\/uploads\/2021\/06\/00094b66-e78f-4899-81ed-c9ecb5a6b666-150x150.jpg\" class=\"attachment-thumbnail size-thumbnail\" alt=\"\" \/><\/a>\n\t\t\t\t<\/dt><\/dl><dl class='gallery-item'>\n\t\t\t\t<dt class='gallery-icon landscape'>\n\t\t\t\t\t<a class=\"rollover rollover-zoom dt-pswp-item\" title=\"91833310-650f-4127-a0c9-282e5703ec60\" data-dt-img-description=\"\" data-large_image_width=\"604\" data-large_image_height=\"347\"href='https:\/\/www.radiopiu.net\/wordpress\/wp-content\/uploads\/2021\/06\/91833310-650f-4127-a0c9-282e5703ec60.jpg'><img loading=\"lazy\" decoding=\"async\" width=\"150\" height=\"150\" src=\"https:\/\/www.radiopiu.net\/wordpress\/wp-content\/uploads\/2021\/06\/91833310-650f-4127-a0c9-282e5703ec60-150x150.jpg\" class=\"attachment-thumbnail size-thumbnail\" alt=\"\" \/><\/a>\n\t\t\t\t<\/dt><\/dl><dl class='gallery-item'>\n\t\t\t\t<dt class='gallery-icon landscape'>\n\t\t\t\t\t<a class=\"rollover rollover-zoom dt-pswp-item\" title=\"a1d0a0df-8a18-4cc7-be83-19e817f7371f\" data-dt-img-description=\"\" data-large_image_width=\"622\" data-large_image_height=\"353\"href='https:\/\/www.radiopiu.net\/wordpress\/wp-content\/uploads\/2021\/06\/a1d0a0df-8a18-4cc7-be83-19e817f7371f.jpg'><img loading=\"lazy\" decoding=\"async\" width=\"150\" height=\"150\" src=\"https:\/\/www.radiopiu.net\/wordpress\/wp-content\/uploads\/2021\/06\/a1d0a0df-8a18-4cc7-be83-19e817f7371f-150x150.jpg\" class=\"attachment-thumbnail size-thumbnail\" alt=\"\" \/><\/a>\n\t\t\t\t<\/dt><\/dl><dl class='gallery-item'>\n\t\t\t\t<dt class='gallery-icon landscape'>\n\t\t\t\t\t<a class=\"rollover rollover-zoom dt-pswp-item\" title=\"55ffdc0a-6d8c-442d-b71c-beaa109f4fc1\" data-dt-img-description=\"\" data-large_image_width=\"620\" data-large_image_height=\"355\"href='https:\/\/www.radiopiu.net\/wordpress\/wp-content\/uploads\/2021\/06\/55ffdc0a-6d8c-442d-b71c-beaa109f4fc1.jpg'><img loading=\"lazy\" decoding=\"async\" width=\"150\" height=\"150\" src=\"https:\/\/www.radiopiu.net\/wordpress\/wp-content\/uploads\/2021\/06\/55ffdc0a-6d8c-442d-b71c-beaa109f4fc1-150x150.jpg\" class=\"attachment-thumbnail size-thumbnail\" alt=\"\" \/><\/a>\n\t\t\t\t<\/dt><\/dl><dl class='gallery-item'>\n\t\t\t\t<dt class='gallery-icon landscape'>\n\t\t\t\t\t<a class=\"rollover rollover-zoom dt-pswp-item\" title=\"9cc9efa7-37e9-43ec-93da-f2632b542c3a\" data-dt-img-description=\"\" data-large_image_width=\"612\" data-large_image_height=\"354\"href='https:\/\/www.radiopiu.net\/wordpress\/wp-content\/uploads\/2021\/06\/9cc9efa7-37e9-43ec-93da-f2632b542c3a.jpg'><img loading=\"lazy\" decoding=\"async\" width=\"150\" height=\"150\" src=\"https:\/\/www.radiopiu.net\/wordpress\/wp-content\/uploads\/2021\/06\/9cc9efa7-37e9-43ec-93da-f2632b542c3a-150x150.jpg\" class=\"attachment-thumbnail size-thumbnail\" alt=\"\" \/><\/a>\n\t\t\t\t<\/dt><\/dl><br style=\"clear: both\" \/>\n\t\t\t<\/div>\n\n<h3><span style=\"color: #0000ff;\">PER<strong>\u00a0RICEVERE QUESTO NOTIZIARIO DIRETTAMENTE SUL TUO CELLULARE ISCRIVITI AL CANALE TELEGRAM\u00a0<\/strong><strong>\u201cRADIO PIU\u00a0 INFORMAZIONE\u201d\u00a0 \u00a0 \u00a0<\/strong><\/span><\/h3>\n<p>&nbsp;<\/p>\n<hr \/>\n<blockquote><p>&nbsp;<\/p>\n<h3>ULSS1, PUNTO EPIDEMIOLOGICO E VACCINALE<\/h3>\n<\/blockquote>\n<p><strong><a href=\"https:\/\/www.radiopiu.net\/wordpress\/ulss1-punto-epidemiologico-e-vaccinale\/7115978d-7fdc-48ec-8636-08f05c9b2830\/\" rel=\"attachment wp-att-215051\"><img loading=\"lazy\" decoding=\"async\" class=\"size-medium wp-image-215051 alignleft\" src=\"https:\/\/www.radiopiu.net\/wordpress\/wp-content\/uploads\/2021\/06\/7115978d-7fdc-48ec-8636-08f05c9b2830-300x138.jpg\" alt=\"\" width=\"300\" height=\"138\" srcset=\"https:\/\/www.radiopiu.net\/wordpress\/wp-content\/uploads\/2021\/06\/7115978d-7fdc-48ec-8636-08f05c9b2830-300x138.jpg 300w, https:\/\/www.radiopiu.net\/wordpress\/wp-content\/uploads\/2021\/06\/7115978d-7fdc-48ec-8636-08f05c9b2830-1024x472.jpg 1024w, https:\/\/www.radiopiu.net\/wordpress\/wp-content\/uploads\/2021\/06\/7115978d-7fdc-48ec-8636-08f05c9b2830-768x354.jpg 768w, https:\/\/www.radiopiu.net\/wordpress\/wp-content\/uploads\/2021\/06\/7115978d-7fdc-48ec-8636-08f05c9b2830-1536x708.jpg 1536w, https:\/\/www.radiopiu.net\/wordpress\/wp-content\/uploads\/2021\/06\/7115978d-7fdc-48ec-8636-08f05c9b2830.jpg 1600w\" sizes=\"auto, (max-width: 300px) 100vw, 300px\" \/><\/a>BELLUNO<\/strong><\/p>\n<p>di Moreno Gioli<\/p>\n<audio class=\"wp-audio-shortcode\" id=\"audio-214933-2\" preload=\"none\" style=\"width: 100%;\" controls=\"controls\"><source type=\"audio\/mpeg\" src=\"https:\/\/www.radiopiu.net\/wordpress\/wp-content\/uploads\/2021\/06\/GIOLI-SITUAZIONE-EPIDEMIOLOGICA.mp3?_=2\" \/><a href=\"https:\/\/www.radiopiu.net\/wordpress\/wp-content\/uploads\/2021\/06\/GIOLI-SITUAZIONE-EPIDEMIOLOGICA.mp3\">https:\/\/www.radiopiu.net\/wordpress\/wp-content\/uploads\/2021\/06\/GIOLI-SITUAZIONE-EPIDEMIOLOGICA.mp3<\/a><\/audio>\n<p>&nbsp;<\/p>\n<hr \/>\n<p>&nbsp;<\/p>\n<blockquote>\n<h3>A SCUOLA CON LA NEFROLOGIA &#8220;LA FISTOLA E&#8217; LA LINEA DELLA VITA&#8221;<\/h3>\n<\/blockquote>\n<p><strong><a href=\"https:\/\/www.radiopiu.net\/wordpress\/a-scuola-con-la-nefrologia-la-fistola-e-la-linea-della-vita\/nefro-bl\/\" rel=\"attachment wp-att-215083\"><img loading=\"lazy\" decoding=\"async\" class=\" wp-image-215083 alignleft\" src=\"https:\/\/www.radiopiu.net\/wordpress\/wp-content\/uploads\/2021\/06\/nefro-BL-300x200.jpg\" alt=\"\" width=\"272\" height=\"181\" srcset=\"https:\/\/www.radiopiu.net\/wordpress\/wp-content\/uploads\/2021\/06\/nefro-BL-300x200.jpg 300w, https:\/\/www.radiopiu.net\/wordpress\/wp-content\/uploads\/2021\/06\/nefro-BL-1024x683.jpg 1024w, https:\/\/www.radiopiu.net\/wordpress\/wp-content\/uploads\/2021\/06\/nefro-BL-768x512.jpg 768w, https:\/\/www.radiopiu.net\/wordpress\/wp-content\/uploads\/2021\/06\/nefro-BL-1536x1024.jpg 1536w, https:\/\/www.radiopiu.net\/wordpress\/wp-content\/uploads\/2021\/06\/nefro-BL-2048x1365.jpg 2048w\" sizes=\"auto, (max-width: 272px) 100vw, 272px\" \/><\/a>BELLUNO<\/strong> Al via\u00a0 per l&#8217;undicesimo anno la \u201cScuola dell\u2019Accesso vascolare Dialitico e di Nefrologia Interventistica 2021\u201d che richiama specialisti cultori di questa materia tra nefrologi, chirurghi vascolari e radiologi da tutto il panorama nazionale. Il primario della Nefrologia di Belluno dott. Andrea Bandera presenta un programma didattico molto intenso, che copre tutti gli aspetti della nefrologia interventistica e dell\u2019accesso vascolare in particolare. La nefrologia bellunese sta facendo scuola in questo campo nel panorama veneto, ci pu\u00f2 raccontare la sua esperienza?<em> &#8220;La mia esperienza &#8211; risponde Bandera &#8211;\u00a0 \u00e8 iniziata quando\u00a0 ancora ero a Trento e ormai da pi\u00f9 di 20 anni mi occupo di queste problematiche. E fin dall\u2019inizio delle mie esperienze in dialisi ho capito quanto importante fosse per il paziente dializzato avere un buon accesso vascolare tanto che nel mondo germanico si dice: \u201cmein Shunt ist die\u00a0 Lebensader\u201d che significa la fistola\u00a0 \u00e8 la linea della vita. La mia formazione \u00e8 stata sia con nefrologi pi\u00f9 esperti ma soprattutto con\u00a0 i chirurghi vascolari di Trento. Da quando sono venuto prima a Feltre ed ora a Belluno abbiamo creato una rete di collaborazione con diverse nefrologie del Veneto e molti pazienti con problematiche dell\u2019accesso vascolare che si sottopongono ai trattamenti dialitici\u00a0 vengano indirizzati al nostro centro per la creazione della fistola&#8221;.\u00a0 P<\/em>erch\u00e8 organizza questa iniziativa formativa? <em>&#8220;Nelle Nefrologie la creazione e gestione degli accessi vascolari dialitici viene eseguita sempre meno o non pi\u00f9 dai nefrologi ma da altri specialisti con un utilizzo eccessivo di accessi vascolari non di prima scelta. E\u2019necessario quindi una formazione continua\u00a0 e acquisire\u00a0 adeguate competenze\u00a0 ed esperienza&#8221;.\u00a0<\/em><\/p>\n<p>&nbsp;<\/p>\n<hr \/>\n<p>&nbsp;<\/p>\n<blockquote>\n<p style=\"text-align: center;\" align=\"LEFT\"><span style=\"color: #050505;\"><span style=\"font-family: Arial, serif;\"><span style=\"font-size: medium;\"><b>GRAZIE ai volontari dell\u2019ANA e della Protezione Civile\u00a0<\/b><\/span><\/span><\/span><\/p>\n<p align=\"LEFT\"><a href=\"https:\/\/www.radiopiu.net\/wordpress\/giornale-radiopiu-10-giugno-2021-direttore-mirko-mezzacasa\/whatsapp-image-2021-06-09-at-16-33-45\/\" rel=\"attachment wp-att-215143\"><img loading=\"lazy\" decoding=\"async\" class=\" wp-image-215143 aligncenter\" src=\"https:\/\/www.radiopiu.net\/wordpress\/wp-content\/uploads\/2021\/06\/WhatsApp-Image-2021-06-09-at-16.33.45-300x225.jpeg\" alt=\"\" width=\"353\" height=\"265\" srcset=\"https:\/\/www.radiopiu.net\/wordpress\/wp-content\/uploads\/2021\/06\/WhatsApp-Image-2021-06-09-at-16.33.45-300x225.jpeg 300w, https:\/\/www.radiopiu.net\/wordpress\/wp-content\/uploads\/2021\/06\/WhatsApp-Image-2021-06-09-at-16.33.45-1024x768.jpeg 1024w, https:\/\/www.radiopiu.net\/wordpress\/wp-content\/uploads\/2021\/06\/WhatsApp-Image-2021-06-09-at-16.33.45-768x576.jpeg 768w, https:\/\/www.radiopiu.net\/wordpress\/wp-content\/uploads\/2021\/06\/WhatsApp-Image-2021-06-09-at-16.33.45-1536x1152.jpeg 1536w, https:\/\/www.radiopiu.net\/wordpress\/wp-content\/uploads\/2021\/06\/WhatsApp-Image-2021-06-09-at-16.33.45.jpeg 1600w\" sizes=\"auto, (max-width: 353px) 100vw, 353px\" \/><\/a><\/p>\n<p align=\"LEFT\"><span style=\"color: #050505;\"><span style=\"font-family: Arial, serif;\"><span style=\"font-size: medium;\"><strong>PIEVE DI CADORE<\/strong>\u00a0 il Direttore Generale con il sindaco di Pieve di Cadore Giuseppe Casagrande, ha incontrato i Volontari degli Alpini ANA Cadore<\/span><\/span><\/span> <span style=\"color: #050505;\"><span style=\"font-family: Arial, serif;\"><span style=\"font-size: medium;\">e della Protezione Civile Veneto<\/span><\/span><\/span> <span style=\"color: #050505;\"><span style=\"font-family: Arial, serif;\"><span style=\"font-size: medium;\">per un ringraziamento per l&#8217;instancabile attivit\u00e0 quotidiana che contribuisce a portare i servizi vicini al cittadino. <\/span><\/span><\/span><span style=\"font-size: medium; font-family: Arial, serif; color: #050505;\">Il Drive in delle Dolomiti del Cadore era stato il primo ad essere attivato, lo scorso luglio, per le vaccinazioni anti TBE in modalit\u00e0 drive in.\u00a0<\/span><span style=\"color: #050505;\"> <span style=\"font-family: Arial, serif;\"><span style=\"font-size: medium;\">In seguito il Drive in \u00e8 stato usato in modo flessibile per tamponi e vaccini anti covid, in modo rapido e sicuro. <\/span><\/span><\/span><span style=\"color: #050505;\"><span style=\"font-family: Arial, serif;\"><span style=\"font-size: medium;\">Oltre 12 mila i vaccini anti covid eseguiti al drive in di Tai da inizio campagna oltre a <\/span><\/span><\/span><span style=\"color: #050505;\"><span style=\"font-family: Arial, serif;\"><span style=\"font-size: medium;\">7178 tamponi molecolari e 4510 tamponi antigenic <\/span><\/span><\/span><span style=\"color: #050505;\"><span style=\"font-family: Arial, serif;\"><span style=\"font-size: medium;\">Fondamentale il lavoro quotidiano dei Volontari in questo e negli altri drive in, a supporto dei nostri operatori, sempre col sorriso e grande generosit\u00e0.<\/span><\/span><\/span><\/p>\n<\/blockquote>\n<p>&nbsp;<\/p>\n<p>&nbsp;<\/p>\n<p>&nbsp;<\/p>\n<hr \/>\n<p>&nbsp;<\/p>\n<p><strong><span style=\"color: #ff0000;\">LA GRANA<\/span><\/strong><\/p>\n<blockquote>\n<h3>NEL PAESE DEI COSCRITTI IL PONTE SUL TEGNAS FESTEGGIA I 18 ANNI COLLASSANDO, SARA&#8217; DEMOLITO<\/h3>\n<\/blockquote>\n<audio class=\"wp-audio-shortcode\" id=\"audio-214933-3\" preload=\"none\" style=\"width: 100%;\" controls=\"controls\"><source type=\"audio\/mpeg\" src=\"https:\/\/www.radiopiu.net\/wordpress\/wp-content\/uploads\/2021\/06\/gianni-porte.mp3?_=3\" \/><a href=\"https:\/\/www.radiopiu.net\/wordpress\/wp-content\/uploads\/2021\/06\/gianni-porte.mp3\">https:\/\/www.radiopiu.net\/wordpress\/wp-content\/uploads\/2021\/06\/gianni-porte.mp3<\/a><\/audio>\n\n\t\t\t<style type='text\/css'>\n\t\t\t\t#gallery-5 {\n\t\t\t\t\tmargin: auto;\n\t\t\t\t}\n\t\t\t\t#gallery-5 .gallery-item {\n\t\t\t\t\tfloat: left;\n\t\t\t\t\tmargin-top: 10px;\n\t\t\t\t\ttext-align: center;\n\t\t\t\t\twidth: 33%;\n\t\t\t\t}\n\t\t\t\t#gallery-5 img {\n\t\t\t\t\tborder: 2px solid #cfcfcf;\n\t\t\t\t}\n\t\t\t\t#gallery-5 .gallery-caption {\n\t\t\t\t\tmargin-left: 0;\n\t\t\t\t}\n\t\t\t\t\/* see gallery_shortcode() in wp-includes\/media.php *\/\n\t\t\t<\/style>\n\t\t<div id='gallery-5' class='dt-gallery-container gallery galleryid-214933 gallery-columns-3 gallery-size-thumbnail'><dl class='gallery-item'>\n\t\t\t\t<dt class='gallery-icon landscape'>\n\t\t\t\t\t<a class=\"rollover rollover-zoom dt-pswp-item\" title=\"c540163a-cb93-4e1c-b32f-82de4ddaa45e\" data-dt-img-description=\"\" data-large_image_width=\"1920\" data-large_image_height=\"1080\"href='https:\/\/www.radiopiu.net\/wordpress\/wp-content\/uploads\/2021\/06\/c540163a-cb93-4e1c-b32f-82de4ddaa45e.jpg'><img loading=\"lazy\" decoding=\"async\" width=\"150\" height=\"150\" src=\"https:\/\/www.radiopiu.net\/wordpress\/wp-content\/uploads\/2021\/06\/c540163a-cb93-4e1c-b32f-82de4ddaa45e-150x150.jpg\" class=\"attachment-thumbnail size-thumbnail\" alt=\"\" \/><\/a>\n\t\t\t\t<\/dt><\/dl><dl class='gallery-item'>\n\t\t\t\t<dt class='gallery-icon landscape'>\n\t\t\t\t\t<a class=\"rollover rollover-zoom dt-pswp-item\" title=\"bb85af47-2daa-4ae4-933b-f0ab552dbe67\" data-dt-img-description=\"\" data-large_image_width=\"1920\" data-large_image_height=\"1080\"href='https:\/\/www.radiopiu.net\/wordpress\/wp-content\/uploads\/2021\/06\/bb85af47-2daa-4ae4-933b-f0ab552dbe67.jpg'><img loading=\"lazy\" decoding=\"async\" width=\"150\" height=\"150\" src=\"https:\/\/www.radiopiu.net\/wordpress\/wp-content\/uploads\/2021\/06\/bb85af47-2daa-4ae4-933b-f0ab552dbe67-150x150.jpg\" class=\"attachment-thumbnail size-thumbnail\" alt=\"\" \/><\/a>\n\t\t\t\t<\/dt><\/dl><dl class='gallery-item'>\n\t\t\t\t<dt class='gallery-icon landscape'>\n\t\t\t\t\t<a class=\"rollover rollover-zoom dt-pswp-item\" title=\"TAIBON PARCO (1)\" data-dt-img-description=\"\" data-large_image_width=\"960\" data-large_image_height=\"720\"href='https:\/\/www.radiopiu.net\/wordpress\/wp-content\/uploads\/2021\/06\/TAIBON-PARCO-1.jpg'><img loading=\"lazy\" decoding=\"async\" width=\"150\" height=\"150\" src=\"https:\/\/www.radiopiu.net\/wordpress\/wp-content\/uploads\/2021\/06\/TAIBON-PARCO-1-150x150.jpg\" class=\"attachment-thumbnail size-thumbnail\" alt=\"\" \/><\/a>\n\t\t\t\t<\/dt><\/dl><br style=\"clear: both\" \/>\n\t\t\t<\/div>\n\n<p>&nbsp;<\/p>\n<p>&nbsp;<\/p>\n<p>&nbsp;<\/p>\n<hr \/>\n<p>&nbsp;<\/p>\n<blockquote>\n<h3><strong><span style=\"color: #ff0000;\">VOLONTARIATO\u00a0\u00a0<\/span><\/strong><\/h3>\n<p><img loading=\"lazy\" decoding=\"async\" class=\"alignleft\" src=\"https:\/\/www.radiopiu.net\/wordpress\/wp-content\/uploads\/2020\/09\/auser-1.jpg\" width=\"195\" height=\"89\" \/>AUSER: 943 ORE DI IMPEGNO, 84 GLI ANZIANI ACCOMPAGNATI. PERATONER &#8220;IL BILANCIO RISENTE INVECE DELLA PANDEMIA COVID&#8221;<\/p><\/blockquote>\n<p><strong>AGORDO\u00a0<\/strong><br \/>\n<strong>\u00a0<\/strong><br \/>\n<strong>di GIANNI SANTOMASO\u00a0<\/strong><\/p>\n<audio class=\"wp-audio-shortcode\" id=\"audio-214933-4\" preload=\"none\" style=\"width: 100%;\" controls=\"controls\"><source type=\"audio\/mpeg\" src=\"https:\/\/www.radiopiu.net\/wordpress\/wp-content\/uploads\/2021\/06\/gianni-assemblea-auser.mp3?_=4\" \/><a href=\"https:\/\/www.radiopiu.net\/wordpress\/wp-content\/uploads\/2021\/06\/gianni-assemblea-auser.mp3\">https:\/\/www.radiopiu.net\/wordpress\/wp-content\/uploads\/2021\/06\/gianni-assemblea-auser.mp3<\/a><\/audio>\n<p>&nbsp;<\/p>\n<p>&nbsp;<\/p>\n<hr \/>\n<blockquote>\n<h3>ELEZIONI RSU ALL\u2019UNIFARCO DI SANTA GIUSTINA: FEMCA CISL CONFERMATA SINDACATO DI MAGGIORANZA<\/h3>\n<\/blockquote>\n<p><strong><a href=\"https:\/\/www.radiopiu.net\/wordpress\/femca-cisl-domande-e-risposte-sullaccordo-luxottica\/femca-cisl\/\" rel=\"attachment wp-att-127312\"><img loading=\"lazy\" decoding=\"async\" class=\" wp-image-127312 alignleft\" src=\"https:\/\/www.radiopiu.net\/wordpress\/wp-content\/uploads\/2020\/04\/FEMCA-CISL.png\" alt=\"\" width=\"133\" height=\"133\" srcset=\"https:\/\/www.radiopiu.net\/wordpress\/wp-content\/uploads\/2020\/04\/FEMCA-CISL.png 225w, https:\/\/www.radiopiu.net\/wordpress\/wp-content\/uploads\/2020\/04\/FEMCA-CISL-150x150.png 150w\" sizes=\"auto, (max-width: 133px) 100vw, 133px\" \/><\/a>SANTA GIUSTINA\u00a0 <\/strong>Con il 60% dei consensi e 5 delegati eletti su 9, Femca Cisl si conferma primo sindacato all\u2019Unifarco di Santa Giustina. Le elezioni delle RSU si sono svolte nelle giornate di luned\u00ec e marted\u00ec. Chiamati alle urne per eleggere i rappresentanti dei lavoratori i 436 dipendenti dell\u2019azienda. I votanti sono stati 280, 2 le schede bianche. La Cisl ha ottenuto 167 voti, eleggendo 5 delegati; la Cgil 89, con 3 rappresentanti eletti e la Uil 22 voti e un delegato. Gli eletti Cisl sono Teresa Funes, Monica De Paris, Paola Gramegna e Massimo Mossa per lo stabilimento principale di Santa Giustina e Paola Riccardi per la sede di Alpago.<\/p>\n<p>&nbsp;<\/p>\n<hr \/>\n<p>&nbsp;<\/p>\n<blockquote>\n<h3>SI ATTIVA IL GRUPPO DI COORDINAMENTO STRATEGICO, CESTARO &#8220;E&#8217; IL CAMBIO DI PASSO&#8221;<\/h3>\n<p><em>Con Bond e la Cestaro nei rispettivi ruoli il tavolo per il piano strategico pu\u00f2 decollare con l&#8217;obiettivo di dare una risposta a tutti i settori facendo leva sui vari contributi e fondi<\/em><\/p><\/blockquote>\n<p><strong>BELLUNO<\/strong> Prendono il via\u00a0 i lavori del Gruppo di Coordinamento strategico, con la riunione del primo tavolo politico. La nomina dell&#8217;onorevole Dario Bond a presidente dei Fondi di confine e la delega regionale alla consigliera Silvia Cestaro danno il via ai lavori del Coordinamento che si propone di portare la <img loading=\"lazy\" decoding=\"async\" class=\"alignleft\" src=\"https:\/\/www.radiopiu.net\/wordpress\/wp-content\/uploads\/2021\/06\/Cestaro.jpeg\" width=\"168\" height=\"166\" \/>provincia di Belluno ad avere un piano operativo capace di guidare tutte le realt\u00e0 pubbliche e private nei vari settori, verso\u00a0 obiettivi ben delineati, per utilizzare al meglio i fondi destinati al territorio.<\/p>\n<p>&nbsp;<\/p>\n<p>&nbsp;<\/p>\n<p><strong>IL CONSIGLIERE REGIONALE SILVIA CESTARO<\/strong><\/p>\n<audio class=\"wp-audio-shortcode\" id=\"audio-214933-5\" preload=\"none\" style=\"width: 100%;\" controls=\"controls\"><source type=\"audio\/mpeg\" src=\"https:\/\/www.radiopiu.net\/wordpress\/wp-content\/uploads\/2021\/06\/CESTARO.mp3?_=5\" \/><a href=\"https:\/\/www.radiopiu.net\/wordpress\/wp-content\/uploads\/2021\/06\/CESTARO.mp3\">https:\/\/www.radiopiu.net\/wordpress\/wp-content\/uploads\/2021\/06\/CESTARO.mp3<\/a><\/audio>\n<p>&nbsp;<\/p>\n<p>&nbsp;<\/p>\n<hr \/>\n<h2><span style=\"color: #ff6600;\"><img loading=\"lazy\" decoding=\"async\" class=\"alignleft\" src=\"https:\/\/www.radiopiu.net\/wordpress\/wp-content\/uploads\/2020\/05\/poliambulatorio.png\" width=\"178\" height=\"124\" \/>I PROFESSIONISTI DEL POLIAMBULATORIO AGORDINO RISPONDONO<\/span><\/h2>\n<p><span style=\"color: #0000ff;\"><strong>PUNTATA 02 con il dottor Cesare Dal Bo&#8217;<\/strong><\/span><\/p>\n<p><strong>IL POLIAMBULATORIO AGORDINO RISPONDE &#8211; LA PUNTATA DEL 26 MAGGIO 2021\u00a0<\/strong><\/p>\n<audio class=\"wp-audio-shortcode\" id=\"audio-214933-6\" preload=\"none\" style=\"width: 100%;\" controls=\"controls\"><source type=\"audio\/mpeg\" src=\"https:\/\/www.radiopiu.net\/wordpress\/wp-content\/uploads\/2021\/06\/poli-agordo-risponde-seconda-puntata.mp3?_=6\" \/><a href=\"https:\/\/www.radiopiu.net\/wordpress\/wp-content\/uploads\/2021\/06\/poli-agordo-risponde-seconda-puntata.mp3\">https:\/\/www.radiopiu.net\/wordpress\/wp-content\/uploads\/2021\/06\/poli-agordo-risponde-seconda-puntata.mp3<\/a><\/audio>\n<p>\u200b<\/p>\n<p>&nbsp;<\/p>\n<hr \/>\n<blockquote>\n<h3><\/h3>\n<h3>OGGI L&#8217;ECLISSE UN FANTASTICO FENOMENO DI PROSPETTIVA<\/h3>\n<p><strong><span style=\"color: #0000ff;\">di Claudio Pra<\/span><\/strong><\/p><\/blockquote>\n<p><a href=\"https:\/\/www.radiopiu.net\/wordpress\/giornale-radiopiu-09-giugno-2021-direttore-mirko-mezzacasa\/de90b03a-c43f-4e40-9e46-e0e1249b4b2a\/\" rel=\"attachment wp-att-214957\"><img loading=\"lazy\" decoding=\"async\" class=\"wp-image-214957 alignleft\" src=\"https:\/\/www.radiopiu.net\/wordpress\/wp-content\/uploads\/2021\/06\/de90b03a-c43f-4e40-9e46-e0e1249b4b2a-291x300.jpg\" alt=\"\" width=\"159\" height=\"164\" srcset=\"https:\/\/www.radiopiu.net\/wordpress\/wp-content\/uploads\/2021\/06\/de90b03a-c43f-4e40-9e46-e0e1249b4b2a-291x300.jpg 291w, https:\/\/www.radiopiu.net\/wordpress\/wp-content\/uploads\/2021\/06\/de90b03a-c43f-4e40-9e46-e0e1249b4b2a-993x1024.jpg 993w, https:\/\/www.radiopiu.net\/wordpress\/wp-content\/uploads\/2021\/06\/de90b03a-c43f-4e40-9e46-e0e1249b4b2a-768x792.jpg 768w, https:\/\/www.radiopiu.net\/wordpress\/wp-content\/uploads\/2021\/06\/de90b03a-c43f-4e40-9e46-e0e1249b4b2a.jpg 1080w\" sizes=\"auto, (max-width: 159px) 100vw, 159px\" \/><\/a>Oggi si verificher\u00e0 un&#8217; eclisse anulare di Sole, che per le nostre regioni risulter\u00e0 un eclisse parziale. Un eclisse anulare \u00e8 molto spettacolare, con la Luna che, a causa della distanza dalla Terra al momento del fenomeno, non riesce a coprire interamente l&#8217;astro diurno, lasciandone scoperti i bordi, creando quindi un suggestivo brillante anello. Purtroppo da noi non si noter\u00e0 nulla in pi\u00f9 di un leggero intaccamento del bordo solare che, al momento del massimo dell&#8217;eclisse, corrisponder\u00e0 a meno del 10%. Il fenomeno inizier\u00e0 alle 11.43 ed avr\u00e0 il suo apice alle 12.26. Alle 13.12 il disco lunare lascer\u00e0 quello solare. Non una grande eclisse dunque, ma pur sempre un momento da seguire, muniti di apposito filtro, in cui l&#8217;allineamento Terra, Luna, Sole produce un fantastico fenomeno di prospettiva, con il nostro satellite naturale che passa tra noi e la nostra stella.<\/p>\n<p>&nbsp;<\/p>\n<p>&nbsp;<\/p>\n<p>&nbsp;<\/p>\n<hr \/>\n<p>&nbsp;<\/p>\n<blockquote>\n<h3>RINNOVATA LA CONVENZIONE PER L\u2019UTILIZZO DI UN \u201cDOBLO\u2019\u201d A FAVORE DELL\u2019AIPD BELLUNO<\/h3>\n<\/blockquote>\n<p><strong><a href=\"https:\/\/www.radiopiu.net\/wordpress\/giornale-radiopiu-10-giugno-2021-direttore-mirko-mezzacasa\/gruppo-doblo\/\" rel=\"attachment wp-att-215048\"><img loading=\"lazy\" decoding=\"async\" class=\" wp-image-215048 alignleft\" src=\"https:\/\/www.radiopiu.net\/wordpress\/wp-content\/uploads\/2021\/06\/GRUPPO-DOBLO-300x252.jpg\" alt=\"\" width=\"172\" height=\"145\" srcset=\"https:\/\/www.radiopiu.net\/wordpress\/wp-content\/uploads\/2021\/06\/GRUPPO-DOBLO-300x252.jpg 300w, https:\/\/www.radiopiu.net\/wordpress\/wp-content\/uploads\/2021\/06\/GRUPPO-DOBLO.jpg 596w\" sizes=\"auto, (max-width: 172px) 100vw, 172px\" \/><\/a>FELTRE<\/strong> Riconferma del comodato d\u2019uso per l\u2019utilizzo di un\u2019autovettura \u201cDobl\u00f2\u201d all&#8217;\u2019AIPD Belluno (Associazione Italiana Persone Down). Alla presenza del rappresentante dell\u2019Agenzia titolare del mezzo (\u201cMobilit\u00e0 Sociale\u201d &#8211; Progetti del Cuore), di un gruppo di Soci dell\u2019AIPD e di alcuni titolari delle ditte, industriali e\/o commerciali, che hanno sponsorizzato l\u2019iniziativa, vi \u00e8 stata dapprima la benedizione dell\u2019automezzo da parte di don Angelo Balcon, parroco del Duomo.<\/p>\n<p>&nbsp;<\/p>\n<p>&nbsp;<\/p>\n<hr \/>\n<p>&nbsp;<\/p>\n<blockquote><p><span style=\"color: #ff0000;\">PASSAGGIO PER AGORDO (IN DISCESA DALLA VALLE DEL BIOIS) ALLE 12.53, ALLE 12.21 A FALCADE, QUINDI STRADE CHIUSE DALLE 11.30 DA PASSO VALLES VERSO CENCENIGHE, DALLE 12.00 DA CENCENIGHE AD AGORDO E QUINDI VERSO BELLUNO<\/span><\/p><\/blockquote>\n<p><strong><a href=\"https:\/\/www.radiopiu.net\/wordpress\/venerdi-11-giugno-il-passaggio-del-giro-ditalia-under-23-in-agordino\/3c568815-4745-4d5b-9754-256f54b9a6d0\/\" rel=\"attachment wp-att-213719\"><img loading=\"lazy\" decoding=\"async\" class=\"wp-image-213719 alignleft\" src=\"https:\/\/www.radiopiu.net\/wordpress\/wp-content\/uploads\/2021\/06\/3c568815-4745-4d5b-9754-256f54b9a6d0-1024x895.jpg\" alt=\"\" width=\"268\" height=\"235\" srcset=\"https:\/\/www.radiopiu.net\/wordpress\/wp-content\/uploads\/2021\/06\/3c568815-4745-4d5b-9754-256f54b9a6d0-1024x895.jpg 1024w, https:\/\/www.radiopiu.net\/wordpress\/wp-content\/uploads\/2021\/06\/3c568815-4745-4d5b-9754-256f54b9a6d0-300x262.jpg 300w, https:\/\/www.radiopiu.net\/wordpress\/wp-content\/uploads\/2021\/06\/3c568815-4745-4d5b-9754-256f54b9a6d0-768x671.jpg 768w, https:\/\/www.radiopiu.net\/wordpress\/wp-content\/uploads\/2021\/06\/3c568815-4745-4d5b-9754-256f54b9a6d0.jpg 1536w\" sizes=\"auto, (max-width: 268px) 100vw, 268px\" \/><\/a>REDAZIONE<\/strong> Venerdi in occasione del passaggio della corsa ciclistica i tratti di strada interessati saranno chiusi 30 minuti prima del passaggio dei concorrenti. Si fa riferimento alla tabella di marcia secondo l&#8217;ipotesi di transito con la media pi\u00f9 veloce.<\/p>\n<p><strong>DA PONTE NELLE ALPI AL COLLE BELLUNESE\u00a0<\/strong><\/p>\n<p>Chiusura della Provinciale 1 fino alla rotonda in Rione Santa Caterina di Ponte nelle Alpi e dal bivio di Vich all&#8217;arrivo del Nevegal, interessati da un doppio passaggio, chiusura dunque\u00a0 a partire dalla mezz&#8217;ora precedente il\u00a0 primo passaggio fino al transito del secondo passaggio della gara,\u00a0 prevista una riapertura\u00a0 (tra i due passaggi) per i soli veicoli che dalla rotonda di Santa Caterina si immettono sulla Provinciale 1 direzione Belluno o per il ponte sul Piave verso Polpet. Infine sospensione della circolazione sulla 51 dal bivio tra la statale e la Sp 423 dalle 13.15.<\/p>\n<p><strong><a href=\"https:\/\/www.radiopiu.net\/wordpress\/venerdi-giro-ditalia-luxottica-ok-per-i-vaccini-occhio-alle-variazioni\/d0ba076f-ebba-4054-a1b1-c579101de54b\/\" rel=\"attachment wp-att-214910\"><img loading=\"lazy\" decoding=\"async\" class=\" wp-image-214910 alignleft\" src=\"https:\/\/www.radiopiu.net\/wordpress\/wp-content\/uploads\/2021\/06\/d0ba076f-ebba-4054-a1b1-c579101de54b-300x169.jpg\" alt=\"\" width=\"236\" height=\"133\" srcset=\"https:\/\/www.radiopiu.net\/wordpress\/wp-content\/uploads\/2021\/06\/d0ba076f-ebba-4054-a1b1-c579101de54b-300x169.jpg 300w, https:\/\/www.radiopiu.net\/wordpress\/wp-content\/uploads\/2021\/06\/d0ba076f-ebba-4054-a1b1-c579101de54b-1024x576.jpg 1024w, https:\/\/www.radiopiu.net\/wordpress\/wp-content\/uploads\/2021\/06\/d0ba076f-ebba-4054-a1b1-c579101de54b-768x432.jpg 768w, https:\/\/www.radiopiu.net\/wordpress\/wp-content\/uploads\/2021\/06\/d0ba076f-ebba-4054-a1b1-c579101de54b-1536x864.jpg 1536w, https:\/\/www.radiopiu.net\/wordpress\/wp-content\/uploads\/2021\/06\/d0ba076f-ebba-4054-a1b1-c579101de54b.jpg 1920w\" sizes=\"auto, (max-width: 236px) 100vw, 236px\" \/><\/a>QUI ULSS 1 DOLOMITI<\/strong> <span style=\"font-size: medium; font-family: Arial, Helvetica, sans-serif;\">il drive in vaccinale di Agordo Tamonich VENERDI osserver\u00e0 l\u2019orario 13.30 alle 18.30 (anzich\u00e9 10-15. Gli utenti prenotati saranno contattati per lo spostamento), L<\/span><span style=\"font-size: medium; font-family: Arial, Helvetica, sans-serif;\">a seduta tamponi pomeridiana ad Agordo Tamonich viene annullata. <\/span><span style=\"font-size: medium; font-family: Arial, Helvetica, sans-serif;\">Il drive in vaccinale di Paludi osserver\u00e0 l\u2019orario 16.00 \u2013 22.00 anzich\u00e9 (14.30 \u2013 19.30. Gli utenti prenotati saranno contattati per lo spostamento)<\/span><\/p>\n<p>&nbsp;<\/p>\n<hr \/>\n<p>&nbsp;<\/p>\n<p>&nbsp;<\/p>\n<p><strong><span style=\"color: #ff0000;\">MUSICA<\/span><\/strong><\/p>\n<blockquote>\n<h3><a href=\"https:\/\/www.radiopiu.net\/wordpress\/giornale-radiopiu-10-giugno-2021-direttore-mirko-mezzacasa\/05axel-trolese\/\" rel=\"attachment wp-att-215125\"><img loading=\"lazy\" decoding=\"async\" class=\"wp-image-215125 alignleft\" src=\"https:\/\/www.radiopiu.net\/wordpress\/wp-content\/uploads\/2021\/06\/05Axel-Trolese-300x200.jpeg\" alt=\"\" width=\"164\" height=\"109\" srcset=\"https:\/\/www.radiopiu.net\/wordpress\/wp-content\/uploads\/2021\/06\/05Axel-Trolese-300x200.jpeg 300w, https:\/\/www.radiopiu.net\/wordpress\/wp-content\/uploads\/2021\/06\/05Axel-Trolese-1024x682.jpeg 1024w, https:\/\/www.radiopiu.net\/wordpress\/wp-content\/uploads\/2021\/06\/05Axel-Trolese-768x512.jpeg 768w, https:\/\/www.radiopiu.net\/wordpress\/wp-content\/uploads\/2021\/06\/05Axel-Trolese.jpeg 1280w\" sizes=\"auto, (max-width: 164px) 100vw, 164px\" \/><\/a>ALEX TROLESE IL 15 GIUGNO AL GIOVANNI XXXIII, MICHELIN E GUALAZZI A FELTRE<\/h3>\n<\/blockquote>\n<p><strong>BELLUNO<\/strong> Una serata di virtuosismo al pianoforte, con Alex Trolese, ospite a Belluno, marted\u00ec 15 giugno alle 19 al Teatro Giovanni XXIII, \u00e8 richiesta la prenotazione allo 0437 940407, e-mail: info@alpebellunese.it. <a href=\"https:\/\/www.radiopiu.net\/wordpress\/giornale-radiopiu-10-giugno-2021-direttore-mirko-mezzacasa\/michielin-tour\/\" rel=\"attachment wp-att-215126\"><img loading=\"lazy\" decoding=\"async\" class=\"wp-image-215126 alignright\" src=\"https:\/\/www.radiopiu.net\/wordpress\/wp-content\/uploads\/2021\/06\/Michielin-Tour-300x300.jpg\" alt=\"\" width=\"150\" height=\"150\" srcset=\"https:\/\/www.radiopiu.net\/wordpress\/wp-content\/uploads\/2021\/06\/Michielin-Tour-300x300.jpg 300w, https:\/\/www.radiopiu.net\/wordpress\/wp-content\/uploads\/2021\/06\/Michielin-Tour-150x150.jpg 150w, https:\/\/www.radiopiu.net\/wordpress\/wp-content\/uploads\/2021\/06\/Michielin-Tour-768x768.jpg 768w, https:\/\/www.radiopiu.net\/wordpress\/wp-content\/uploads\/2021\/06\/Michielin-Tour.jpg 960w\" sizes=\"auto, (max-width: 150px) 100vw, 150px\" \/><\/a>Info su www.belcircolo.org. <strong>FELTRE\u00a0<\/strong>Il Comune ha messo in calendario una seria di appuntamenti: Moni Ovadia (25 giugno, piazza Maggiore), Giuseppe Giacobazzi (10 luglio, Pala Feltre), Murubutu e Claver Gold (24 luglio, piazza Maggiore) si aggiungono i concerti di Francesca Michielin e Raphael Gualazzi. La cantautrice veneta\u00a0 si esibir\u00e0 marted\u00ec 27 luglio in Piazza Maggiore.\u00a0Raphael Gualazzi arriver\u00e0 invece mercoled\u00ec 11 agosto e ripercorrer\u00e0 la sua carriera tra brani del suo repertorio e reinterpretazioni di chicche e standard del blues\/soul internazionale.<\/p>\n<p>&nbsp;<\/p>\n<p>&nbsp;<\/p>\n<hr \/>\n<p>&nbsp;<\/p>\n<blockquote>\n<h3>DANTE A BORGO VALBELLUNA<\/h3>\n<\/blockquote>\n<p><strong>BORGO VALBELLUNA<\/strong><\/p>\n<p><strong>di DAMIANO TORMEN<\/strong><\/p>\n<audio class=\"wp-audio-shortcode\" id=\"audio-214933-7\" preload=\"none\" style=\"width: 100%;\" controls=\"controls\"><source type=\"audio\/mpeg\" src=\"https:\/\/www.radiopiu.net\/wordpress\/wp-content\/uploads\/2021\/06\/DAMIANO.mp3?_=7\" \/><a href=\"https:\/\/www.radiopiu.net\/wordpress\/wp-content\/uploads\/2021\/06\/DAMIANO.mp3\">https:\/\/www.radiopiu.net\/wordpress\/wp-content\/uploads\/2021\/06\/DAMIANO.mp3<\/a><\/audio>\n<h3><\/h3>\n<p><strong><a href=\"https:\/\/www.radiopiu.net\/wordpress\/giornale-radiopiu-10-giugno-2021-direttore-mirko-mezzacasa\/inferno_spettacolo-teatrale_giugno-2021\/\" rel=\"attachment wp-att-215130\"><img loading=\"lazy\" decoding=\"async\" class=\"size-medium wp-image-215130 alignleft\" src=\"https:\/\/www.radiopiu.net\/wordpress\/wp-content\/uploads\/2021\/06\/Inferno_spettacolo-teatrale_giugno-2021-212x300.jpg\" alt=\"\" width=\"212\" height=\"300\" srcset=\"https:\/\/www.radiopiu.net\/wordpress\/wp-content\/uploads\/2021\/06\/Inferno_spettacolo-teatrale_giugno-2021-212x300.jpg 212w, https:\/\/www.radiopiu.net\/wordpress\/wp-content\/uploads\/2021\/06\/Inferno_spettacolo-teatrale_giugno-2021-724x1024.jpg 724w, https:\/\/www.radiopiu.net\/wordpress\/wp-content\/uploads\/2021\/06\/Inferno_spettacolo-teatrale_giugno-2021-768x1086.jpg 768w, https:\/\/www.radiopiu.net\/wordpress\/wp-content\/uploads\/2021\/06\/Inferno_spettacolo-teatrale_giugno-2021-1086x1536.jpg 1086w, https:\/\/www.radiopiu.net\/wordpress\/wp-content\/uploads\/2021\/06\/Inferno_spettacolo-teatrale_giugno-2021.jpg 1131w\" sizes=\"auto, (max-width: 212px) 100vw, 212px\" \/><\/a>BORGO VALBELLUNA\u00a0<\/strong> Domenica 13 giugno alle 20.30, nel centro storico di Mel, spettacolo teatrale sull\u2019Inferno di Dante, proposto dalla compagnia An\u00e0-Thema Teatro di Udine. \u201cInferno\u201d \u00e8 uno spettacolo coinvolgente e divertente, ispirato ai personaggi e alle atmosfere della Divina Commedia, che ha la particolarit\u00e0 di essere itinerante: il pubblico viene suddiviso in gruppi e accompagnato verso le tappe dello spettacolo, distribuite nelle strade, nelle piazzette, nei giardini del centro storico di Mel. Dopo una scena iniziale di gruppo, gli attori guidati da Dante Alighieri in persona andranno alle loro postazioni e per il pubblico comincer\u00e0 un viaggio avvincente lungo il quale incontreranno Virgilio, Paolo e Francesca, Ulisse, Caronte, Minosse, il Conte Ugolino e molti altri protagonisti infernali. In caso di maltempo, lo spettacolo si svolger\u00e0 nella chiesa di San Pietro di Mel. L\u2019ingresso \u00e8 gratuito. Per informazioni e prenotazioni: info@anathemateatro.com o 345 3146797 dalle 14 alle 18. www.anathemateatro.com.<\/p>\n<blockquote><p>Riservata ai bambini invece, la proposta delle biblioteche di Borgo Valbelluna che hanno organizzato a maggio, per le classi quinte delle scuole primarie del Comune, \u201cNella selva oscura: a spasso con Dante dall\u2019Inferno al Paradiso, passando per il Purgatorio\u201d, letture ad alta voce di adattamenti per bambini e ragazzi della Divina Commedia, eseguite da Livio Vianello, lettore professionista attivo da molti anni sulla scena veneta.<\/p>\n<p>&nbsp;<\/p><\/blockquote>\n<p>&nbsp;<\/p>\n<p>&nbsp;<\/p>\n<hr \/>\n<p>&nbsp;<\/p>\n<blockquote>\n<h3>ASSOCIAZIONE PETTIROSSO AGORDINO IN ASSEMBLEA<\/h3>\n<\/blockquote>\n<p><strong>AGORDO<\/strong> Oggi alle 20 in sala Don Tamis assemblea annuale degli associati alla Pettirosso Agordino. All&#8217;ordine del giorno: relazione del presidente Sonia d&#8217;Agostini, presentazione ed approvazione del bilancio e del programma.<\/p>\n<p>&nbsp;<\/p>\n<hr \/>\n<p>&nbsp;<\/p>\n<blockquote>\n<h3>RIAPRE IL CASTELLO DI ANDRAZ<\/h3>\n<\/blockquote>\n<p><strong>LIVINALLONGO<\/strong> Il Castello di Andraz riapre al pubblico, grazie alla collaborazione fra il Comune di Livinallongo del Col di Lana e l\u2019Istitut Cultural Ladin Cesa de Jan. Per il <strong>mese di giugno<\/strong> le aperture saranno le seguenti: 2, 5, 6 e, nelle successive settimane, <strong>dal gioved\u00ec alla domenica<\/strong>. L\u2019orario rimarr\u00e0 lo stesso per tutta l\u2019estate e cio\u00e8 dalle 10 alle 12:30 e dalle 14:30 alle 18.<\/p>\n<p>&nbsp;<\/p>\n<p>&nbsp;<\/p>\n<hr \/>\n<p>&nbsp;<\/p>\n<h2><strong><a href=\"https:\/\/www.radiopiu.net\/wordpress\/nel-fine-settimana-el-bon-de-lansuda\/59496225_332888414086403_7618196841120661504_n\/\" rel=\"attachment wp-att-214756\"><img loading=\"lazy\" decoding=\"async\" class=\" wp-image-214756 alignleft\" src=\"https:\/\/www.radiopiu.net\/wordpress\/wp-content\/uploads\/2021\/06\/59496225_332888414086403_7618196841120661504_n-300x300.jpg\" alt=\"\" width=\"94\" height=\"94\" srcset=\"https:\/\/www.radiopiu.net\/wordpress\/wp-content\/uploads\/2021\/06\/59496225_332888414086403_7618196841120661504_n-300x300.jpg 300w, https:\/\/www.radiopiu.net\/wordpress\/wp-content\/uploads\/2021\/06\/59496225_332888414086403_7618196841120661504_n-1024x1024.jpg 1024w, https:\/\/www.radiopiu.net\/wordpress\/wp-content\/uploads\/2021\/06\/59496225_332888414086403_7618196841120661504_n-150x150.jpg 150w, https:\/\/www.radiopiu.net\/wordpress\/wp-content\/uploads\/2021\/06\/59496225_332888414086403_7618196841120661504_n-768x768.jpg 768w, https:\/\/www.radiopiu.net\/wordpress\/wp-content\/uploads\/2021\/06\/59496225_332888414086403_7618196841120661504_n-1536x1536.jpg 1536w, https:\/\/www.radiopiu.net\/wordpress\/wp-content\/uploads\/2021\/06\/59496225_332888414086403_7618196841120661504_n.jpg 1976w\" sizes=\"auto, (max-width: 94px) 100vw, 94px\" \/><\/a><\/strong><\/h2>\n<h2><\/h2>\n<h2><strong><span style=\"color: #008000;\">NEL FINE SETTIMANA &#8220;EL BON DE L&#8217;ANSUDA&#8221;<\/span><\/strong><\/h2>\n<p>&nbsp;<\/p>\n<p><strong>DI GIANNI SANTOMASO\u00a0<\/strong><\/p>\n<audio class=\"wp-audio-shortcode\" id=\"audio-214933-8\" preload=\"none\" style=\"width: 100%;\" controls=\"controls\"><source type=\"audio\/mpeg\" src=\"https:\/\/www.radiopiu.net\/wordpress\/wp-content\/uploads\/2021\/06\/gianni-due-giorni-di-festa-ansuda.mp3?_=8\" \/><a href=\"https:\/\/www.radiopiu.net\/wordpress\/wp-content\/uploads\/2021\/06\/gianni-due-giorni-di-festa-ansuda.mp3\">https:\/\/www.radiopiu.net\/wordpress\/wp-content\/uploads\/2021\/06\/gianni-due-giorni-di-festa-ansuda.mp3<\/a><\/audio>\n<p>&nbsp;<\/p>\n<p><strong>l&#8217;intervista di Claudio Fontanive <\/strong><\/p>\n<audio class=\"wp-audio-shortcode\" id=\"audio-214933-9\" preload=\"none\" style=\"width: 100%;\" controls=\"controls\"><source type=\"audio\/mpeg\" src=\"https:\/\/www.radiopiu.net\/wordpress\/wp-content\/uploads\/2021\/06\/bon-de-lansuda.mp3?_=9\" \/><a href=\"https:\/\/www.radiopiu.net\/wordpress\/wp-content\/uploads\/2021\/06\/bon-de-lansuda.mp3\">https:\/\/www.radiopiu.net\/wordpress\/wp-content\/uploads\/2021\/06\/bon-de-lansuda.mp3<\/a><\/audio>\n<p>&nbsp;<\/p>\n<p>&nbsp;<\/p>\n<hr \/>\n<blockquote>\n<h3 class=\"Didefault\"><\/h3>\n<h3 class=\"Didefault\">35ESIMA EDIZIONE DELLA MOSTRA DELL\u2019ARTIGIANATO DI FELTRE<\/h3>\n<\/blockquote>\n<p><strong><a href=\"https:\/\/www.radiopiu.net\/wordpress\/giornale-radiopiu-10-giugno-2021-direttore-mirko-mezzacasa\/mostra_artigianato_feltre_2021\/\" rel=\"attachment wp-att-215032\"><img loading=\"lazy\" decoding=\"async\" class=\"size-medium wp-image-215032 alignleft\" src=\"https:\/\/www.radiopiu.net\/wordpress\/wp-content\/uploads\/2021\/06\/mostra_artigianato_feltre_2021-300x125.jpg\" alt=\"\" width=\"300\" height=\"125\" srcset=\"https:\/\/www.radiopiu.net\/wordpress\/wp-content\/uploads\/2021\/06\/mostra_artigianato_feltre_2021-300x125.jpg 300w, https:\/\/www.radiopiu.net\/wordpress\/wp-content\/uploads\/2021\/06\/mostra_artigianato_feltre_2021-1024x427.jpg 1024w, https:\/\/www.radiopiu.net\/wordpress\/wp-content\/uploads\/2021\/06\/mostra_artigianato_feltre_2021-768x320.jpg 768w, https:\/\/www.radiopiu.net\/wordpress\/wp-content\/uploads\/2021\/06\/mostra_artigianato_feltre_2021-1536x640.jpg 1536w, https:\/\/www.radiopiu.net\/wordpress\/wp-content\/uploads\/2021\/06\/mostra_artigianato_feltre_2021.jpg 1920w\" sizes=\"auto, (max-width: 300px) 100vw, 300px\" \/><\/a>FELTRE <\/strong>A poco pi\u00f9 di due settimane dall\u2019avvio della rassegna, la macchina organizzativa della 35esima edizione della Mostra dell\u2019Artigianato di Feltre \u00e8 gi\u00e0 a pieno regime.Anche quest\u2019anno fabbri protagonisti a colpi di maglio, parteciperanno al concorso di forgiatura\u00a0 si sfideranno per l\u2019assegnazione del premio intitolato a Carlo Rizzarda.<\/p>\n<p>&nbsp;<\/p>\n<p>&nbsp;<\/p>\n<p>&nbsp;<\/p>\n<hr \/>\n<p>&nbsp;<\/p>\n<blockquote>\n<h3>LA PROVINCIA PRESENTA L&#8217;ULTIMO TESORO D&#8217;ARTE<\/h3>\n<\/blockquote>\n<p><strong>BELLUNO<\/strong> Sabato\u00a0 alle 16 nella chiesa di Santa Maria Nascente a Pieve di Cadore sar\u00e0 presentato l&#8217;ultimo volume della collana &#8220;Tesori d&#8217;arte nelle chiese del Bellunese&#8221;, edito dalla Provincia. Il libro presenta un focus sull&#8217;altare a battenti della chiesa di Pieve, una incredibile storia di intrecci, vicende umane e storiche che circondano l&#8217;opera uscita da una bottega tirolese alla fine del Quattrocento e scomposta nell&#8217;Ottocento, quando i vari pezzi cominciarono il loro viaggio frammentato. Alla presentazione prenderanno parte, tra gli altri, la curatrice Letizia Lonzi, la storica dell&#8217;arte Silvia Spada, la Soprintendente Marta Mazza e la restauratrice Milena Dean.<\/p>\n<p>&nbsp;<\/p>\n<p>&nbsp;<\/p>\n<p>&nbsp;<\/p>\n<hr \/>\n<blockquote>\n<h3><\/h3>\n<h3>LO YOGA AL RIFUGIO LARESEI DOMENICA 20 GIUGNO<\/h3>\n<\/blockquote>\n<p><strong>FALCADE<\/strong> Domenica 20 giugno, alle 10, al rifugio Laresei, a 2.250 metri nella Ski Area San Pellegrino, si potr\u00e0 praticare yoga con una vista a 360 gradi sulle Dolomiti. A guidare la lezione saranno i maestri della rete del Treviso Yoga Day. Solo su prenotazione attraverso il sito <a href=\"http:\/\/www.yogaday.it\/\">www.yogaday.it<\/a><\/p>\n<p>&nbsp;<\/p>\n<hr \/>\n<p>&nbsp;<\/p>\n<blockquote>\n<h2>LA IDROELETTRICA VENETA E LA \u201cCISMON\u201d PER USARE LE ACQUE DI PIAVE E TORRENTI<\/h2>\n<\/blockquote>\n<p><span style=\"color: #ff0000;\"><strong>DI RENATO BONA<\/strong><\/span><\/p>\n<p><strong>BELLUNO<\/strong> Nel precedente servizio, postato il 21 maggio scorso, ci siamo occupati della Societ\u00e0 idroelettrica veneta ed in particolare delle opere di presa dal Piave, del lago-serbatoio di Santa Croce, dell\u2019impianto di Fadalto e dell\u2019impianto di Nove dei quali abbiamo letto sull\u2019introvabile volume \u201cLa Provincia di Belluno in regime fascista\u201d, edito con lo stabilimento tipografico \u201cPanfilo Castaldi\u201d di Feltre a cura della Regia Prefettura e della Federazione provinciale fascista di Belluno il 21 aprile 1934. Prima di soffermarci ad illustrare la Societ\u00e0 idroelettrica Cismon, eccoci a ricordare che, all\u2019epoca, l\u2019impianto di Nove utilizzava, derivandola dal lago Morto, l\u2019acqua di scarico dell\u2019impianto di Fadalto. Il lago, con una oscillazione di 4 metri tra le quote 272 e 276 ha una capacit\u00e0 utile di invaso di tre milioni di metri cubi e consente quindi una notevole elasticit\u00e0 ed indipendenza di funzionamento alle due centrali fra le quali \u00e8 interposto. La centrale ha schema elettrico analogo a quello di Fadalto ma il fabbricato trasformatori \u00e8 situato a fianco della sala macchine. Anche questo \u00e8 destinato al servizio di punta e quindi per utilizzare la portata media di 33 metri cubi al secondo sotto un salto medio di 99 metri, ed \u00e8 attrezzato con macchinario di potenza quasi tripla. Veniamo all\u2019impianto di San Floriano riportando dal libro accennato: \u201cLe acque di scarico della Centrale di Nove si riversano direttamente nel laghetto artificiale del Restello, il quale, colla sua capacit\u00f2 utile di mc. 800.000, fra le quote 174,50 e 180, costituisce un serbatoio giornaliero destinato a regolarizzare in modo quasi uniforme (come \u00e8 richiesto dalla sottostante centrale4 di San Floriano) gli scarichi assai variabili di Nove\u201d. Il serbatoio \u00e8 ottenuto mediante un piccolo sbarramento in muratura nella gola rocciosa del fiume Meschio in corrispondenza della chiesa di San Floriano, circa mezzo chilometro a valle della centrale di Nove. Ed eccoci al canale adduttore agli impianti di Castelletto e di Caneva che \u201csi svolge sul fianco meridionale del massiccio del Cansiglio attraversandone con numerose e lunghe gallerie i contrafforti: molti ed importanti sono i manufatti per gli attraversamenti stradali e dei torrenti\u201d: la ripresa delle acque avviene dal Meschio, poco a valle del laghetto di Negrisiola, grazie ad uno sbarramento a paratoie automatiche che garantiscono anche la derivazione nel canale &#8211; che dalla presa e fino al pozzo piezometrico della Centrale di Caneva \u00e8 lungo oltre 14 chilometri &#8211; della quantit\u00e0 di acqua richiesta e la competenza di 3 metri cubi al Meschio. Impianto di Caneva: oltre la presa per Castelletto, il canale continua per altri 8.750 metri quasi tutto in galleria e la valle del torrente Friga \u00e8 attraversata con un grande sifone in calcestruzzo armato, sostenuto da pilastri, lungo circa 400 metri e con diametro interno di 4. L\u2019ultimo tratto del canale, 440 metri, \u00e8 in galleria forzata che termina al pozzo piezometrico di Caneva \u201cscavato in roccia e munito di sfioratore per lo smaltimento dell\u2019acqua eventualmente in eccesso\u201d. Detto che per quanto riguarda l\u2019impianto del Livenza l\u2019edificio della centrale sorge in prossimit\u00e0 della sponda destra del corso d\u2019acqua e che vi sono stati installati due gruppi con turbine ed alternatori, il canale di scarico lungo 70 metri porta le acque del Livenza a quota 13 sul livello del mare, ci occupiamo della Societ\u00e0 idroelettrica Cismon, che all\u2019epoca sovrintendeva all\u2019impianto di San Silvestro (utilizza le acque del torrente Vanoi e dei suoi affluenti di sinistra per una superficie complessiva di 157 chilometri quadrati di bacino imbrifero) e di quello di Moline (le acque di Vanoi e Cismon vengono captate poco a valle dello scarico della Centrale di San Silvestro per un bacino imbrifero complessivo di 353 chilometri quadrati). A questo punto viene proposta nel volume una tabella riassuntiva con i dati delle varie centrali: Fadalto portata media continua 33, massima in punta 120, salti medi lordi 106 metri, potenza nominale 46.640 hp, macchinario installato 130.000 hp, produzione annua di energia 218.000.000 kwh; Nove: 33, 80, 99, 43.560, 90.000, 204.000.000; San Floriano: 33, 48, 13,75, 6.050, 6.000,19.000.000; Castelletto: 6, 10, 62,50, 5.000, 8.000, 15.000.000: Caneva: 25,5, 45, 105, 35.700, 55.500, 135.000.000; Livenza: 13,7, 34, 23, 4.200, 9.000, 15.000.000; totale potenza nominale 141.150; totale macchinario installato 298.500; totale produzione annua di energia: 606.000.000. La condotta forzata di San Silvestro \u00e8 costituita da unico tubo in lamiera di acciaio saldata del diametro decrescente da 1,80 metri a 1,30 metri per la lunghezza di 533,67 metri e utilizza il salto di 208 metri. Nella centrale sono installati due gruppi turbine-generatori. Sul piazzale esterno vi \u00e8 la stazione di trasformazione all\u2019aperto con due trasformatori. Moline: il torrente Cismon \u00e8 sbarrato con una diga a paratoie delle quali tre sono di 8 metri di larghezza per tre di altezza, ed una, presso la sponda destra, di 3,50 per 3,50 metri. Il primo tratto di canale in galleria, di 276,50 metri \u00e8 largo 2 metri e 40 ed alto 3 e 25. Il salto utilizzato \u00e8 di 143,10 metri; nella centrale due i gruppi di turbine-generatori; lo scarico delle acque avviene sotto l\u2019abitato di Moline.<\/p>\n\n\t\t\t<style type='text\/css'>\n\t\t\t\t#gallery-6 {\n\t\t\t\t\tmargin: auto;\n\t\t\t\t}\n\t\t\t\t#gallery-6 .gallery-item {\n\t\t\t\t\tfloat: left;\n\t\t\t\t\tmargin-top: 10px;\n\t\t\t\t\ttext-align: center;\n\t\t\t\t\twidth: 16%;\n\t\t\t\t}\n\t\t\t\t#gallery-6 img {\n\t\t\t\t\tborder: 2px solid #cfcfcf;\n\t\t\t\t}\n\t\t\t\t#gallery-6 .gallery-caption {\n\t\t\t\t\tmargin-left: 0;\n\t\t\t\t}\n\t\t\t\t\/* see gallery_shortcode() in wp-includes\/media.php *\/\n\t\t\t<\/style>\n\t\t<div id='gallery-6' class='dt-gallery-container gallery galleryid-214933 gallery-columns-6 gallery-size-thumbnail'><dl class='gallery-item'>\n\t\t\t\t<dt class='gallery-icon landscape'>\n\t\t\t\t\t<a class=\"rollover rollover-zoom dt-pswp-item\" title=\"198668081_188160413103968_3483808612046638345_n\" data-dt-img-description=\"\" data-large_image_width=\"296\" data-large_image_height=\"202\"href='https:\/\/www.radiopiu.net\/wordpress\/wp-content\/uploads\/2021\/06\/198668081_188160413103968_3483808612046638345_n.jpg'><img loading=\"lazy\" decoding=\"async\" width=\"150\" height=\"150\" src=\"https:\/\/www.radiopiu.net\/wordpress\/wp-content\/uploads\/2021\/06\/198668081_188160413103968_3483808612046638345_n-150x150.jpg\" class=\"attachment-thumbnail size-thumbnail\" alt=\"\" \/><\/a>\n\t\t\t\t<\/dt><\/dl><dl class='gallery-item'>\n\t\t\t\t<dt class='gallery-icon portrait'>\n\t\t\t\t\t<a class=\"rollover rollover-zoom dt-pswp-item\" title=\"198144658_212385044041901_8891903542422053383_n\" data-dt-img-description=\"\" data-large_image_width=\"152\" data-large_image_height=\"206\"href='https:\/\/www.radiopiu.net\/wordpress\/wp-content\/uploads\/2021\/06\/198144658_212385044041901_8891903542422053383_n.jpg'><img loading=\"lazy\" decoding=\"async\" width=\"150\" height=\"150\" src=\"https:\/\/www.radiopiu.net\/wordpress\/wp-content\/uploads\/2021\/06\/198144658_212385044041901_8891903542422053383_n-150x150.jpg\" class=\"attachment-thumbnail size-thumbnail\" alt=\"\" \/><\/a>\n\t\t\t\t<\/dt><\/dl><dl class='gallery-item'>\n\t\t\t\t<dt class='gallery-icon landscape'>\n\t\t\t\t\t<a class=\"rollover rollover-zoom dt-pswp-item\" title=\"197847256_228699678780627_7261838092156779340_n\" data-dt-img-description=\"\" data-large_image_width=\"320\" data-large_image_height=\"206\"href='https:\/\/www.radiopiu.net\/wordpress\/wp-content\/uploads\/2021\/06\/197847256_228699678780627_7261838092156779340_n.jpg'><img loading=\"lazy\" decoding=\"async\" width=\"150\" height=\"150\" src=\"https:\/\/www.radiopiu.net\/wordpress\/wp-content\/uploads\/2021\/06\/197847256_228699678780627_7261838092156779340_n-150x150.jpg\" class=\"attachment-thumbnail size-thumbnail\" alt=\"\" \/><\/a>\n\t\t\t\t<\/dt><\/dl><dl class='gallery-item'>\n\t\t\t\t<dt class='gallery-icon landscape'>\n\t\t\t\t\t<a class=\"rollover rollover-zoom dt-pswp-item\" title=\"197657431_261061615705622_1135518826680497587_n\" data-dt-img-description=\"\" data-large_image_width=\"296\" data-large_image_height=\"200\"href='https:\/\/www.radiopiu.net\/wordpress\/wp-content\/uploads\/2021\/06\/197657431_261061615705622_1135518826680497587_n.jpg'><img loading=\"lazy\" decoding=\"async\" width=\"150\" height=\"150\" src=\"https:\/\/www.radiopiu.net\/wordpress\/wp-content\/uploads\/2021\/06\/197657431_261061615705622_1135518826680497587_n-150x150.jpg\" class=\"attachment-thumbnail size-thumbnail\" alt=\"\" \/><\/a>\n\t\t\t\t<\/dt><\/dl><dl class='gallery-item'>\n\t\t\t\t<dt class='gallery-icon landscape'>\n\t\t\t\t\t<a class=\"rollover rollover-zoom dt-pswp-item\" title=\"199263269_298466118659559_3213247018581294127_n\" data-dt-img-description=\"\" data-large_image_width=\"259\" data-large_image_height=\"194\"href='https:\/\/www.radiopiu.net\/wordpress\/wp-content\/uploads\/2021\/06\/199263269_298466118659559_3213247018581294127_n.jpg'><img loading=\"lazy\" decoding=\"async\" width=\"150\" height=\"150\" src=\"https:\/\/www.radiopiu.net\/wordpress\/wp-content\/uploads\/2021\/06\/199263269_298466118659559_3213247018581294127_n-150x150.jpg\" class=\"attachment-thumbnail size-thumbnail\" alt=\"\" \/><\/a>\n\t\t\t\t<\/dt><\/dl><dl class='gallery-item'>\n\t\t\t\t<dt class='gallery-icon landscape'>\n\t\t\t\t\t<a class=\"rollover rollover-zoom dt-pswp-item\" title=\"197683350_273509537854858_7727187936680034228_n\" data-dt-img-description=\"\" data-large_image_width=\"220\" data-large_image_height=\"164\"href='https:\/\/www.radiopiu.net\/wordpress\/wp-content\/uploads\/2021\/06\/197683350_273509537854858_7727187936680034228_n.jpg'><img loading=\"lazy\" decoding=\"async\" width=\"150\" height=\"150\" src=\"https:\/\/www.radiopiu.net\/wordpress\/wp-content\/uploads\/2021\/06\/197683350_273509537854858_7727187936680034228_n-150x150.jpg\" class=\"attachment-thumbnail size-thumbnail\" alt=\"\" \/><\/a>\n\t\t\t\t<\/dt><\/dl><br style=\"clear: both\" \/><dl class='gallery-item'>\n\t\t\t\t<dt class='gallery-icon landscape'>\n\t\t\t\t\t<a class=\"rollover rollover-zoom dt-pswp-item\" title=\"199427931_974345546670834_3293170294010548759_n\" data-dt-img-description=\"\" data-large_image_width=\"296\" data-large_image_height=\"206\"href='https:\/\/www.radiopiu.net\/wordpress\/wp-content\/uploads\/2021\/06\/199427931_974345546670834_3293170294010548759_n.jpg'><img loading=\"lazy\" decoding=\"async\" width=\"150\" height=\"150\" src=\"https:\/\/www.radiopiu.net\/wordpress\/wp-content\/uploads\/2021\/06\/199427931_974345546670834_3293170294010548759_n-150x150.jpg\" class=\"attachment-thumbnail size-thumbnail\" alt=\"\" \/><\/a>\n\t\t\t\t<\/dt><\/dl><dl class='gallery-item'>\n\t\t\t\t<dt class='gallery-icon landscape'>\n\t\t\t\t\t<a class=\"rollover rollover-zoom dt-pswp-item\" title=\"198850403_347279840075213_1075401955131417832_n\" data-dt-img-description=\"\" data-large_image_width=\"275\" data-large_image_height=\"206\"href='https:\/\/www.radiopiu.net\/wordpress\/wp-content\/uploads\/2021\/06\/198850403_347279840075213_1075401955131417832_n.jpg'><img loading=\"lazy\" decoding=\"async\" width=\"150\" height=\"150\" src=\"https:\/\/www.radiopiu.net\/wordpress\/wp-content\/uploads\/2021\/06\/198850403_347279840075213_1075401955131417832_n-150x150.jpg\" class=\"attachment-thumbnail size-thumbnail\" alt=\"\" \/><\/a>\n\t\t\t\t<\/dt><\/dl><dl class='gallery-item'>\n\t\t\t\t<dt class='gallery-icon landscape'>\n\t\t\t\t\t<a class=\"rollover rollover-zoom dt-pswp-item\" title=\"198038329_152797426875174_6914103441062121585_n\" data-dt-img-description=\"\" data-large_image_width=\"402\" data-large_image_height=\"206\"href='https:\/\/www.radiopiu.net\/wordpress\/wp-content\/uploads\/2021\/06\/198038329_152797426875174_6914103441062121585_n.jpg'><img loading=\"lazy\" decoding=\"async\" width=\"150\" height=\"150\" src=\"https:\/\/www.radiopiu.net\/wordpress\/wp-content\/uploads\/2021\/06\/198038329_152797426875174_6914103441062121585_n-150x150.jpg\" class=\"attachment-thumbnail size-thumbnail\" alt=\"\" \/><\/a>\n\t\t\t\t<\/dt><\/dl><dl class='gallery-item'>\n\t\t\t\t<dt class='gallery-icon landscape'>\n\t\t\t\t\t<a class=\"rollover rollover-zoom dt-pswp-item\" title=\"198170735_942975469892193_2318328101099781065_n\" data-dt-img-description=\"\" data-large_image_width=\"259\" data-large_image_height=\"194\"href='https:\/\/www.radiopiu.net\/wordpress\/wp-content\/uploads\/2021\/06\/198170735_942975469892193_2318328101099781065_n.jpg'><img loading=\"lazy\" decoding=\"async\" width=\"150\" height=\"150\" src=\"https:\/\/www.radiopiu.net\/wordpress\/wp-content\/uploads\/2021\/06\/198170735_942975469892193_2318328101099781065_n-150x150.jpg\" class=\"attachment-thumbnail size-thumbnail\" alt=\"\" \/><\/a>\n\t\t\t\t<\/dt><\/dl><dl class='gallery-item'>\n\t\t\t\t<dt class='gallery-icon landscape'>\n\t\t\t\t\t<a class=\"rollover rollover-zoom dt-pswp-item\" title=\"197422895_750829372262864_8426221238627645014_n\" data-dt-img-description=\"\" data-large_image_width=\"308\" data-large_image_height=\"206\"href='https:\/\/www.radiopiu.net\/wordpress\/wp-content\/uploads\/2021\/06\/197422895_750829372262864_8426221238627645014_n.jpg'><img loading=\"lazy\" decoding=\"async\" width=\"150\" height=\"150\" src=\"https:\/\/www.radiopiu.net\/wordpress\/wp-content\/uploads\/2021\/06\/197422895_750829372262864_8426221238627645014_n-150x150.jpg\" class=\"attachment-thumbnail size-thumbnail\" alt=\"\" \/><\/a>\n\t\t\t\t<\/dt><\/dl>\n\t\t\t\t<br style='clear: both' \/>\n\t\t\t<\/div>\n\n<p>NELLE FOTO (riproduzioni dal libro \u201cLa Provincia di Belluno in regime fascista\u201d, Wikipedia, mapio.net, Turisti per caso, pescare in Trentino): impianti idroelettrici Piave-Santa Croce: la centrale di Nove; e quella di Caneva; Societ\u00e0 idroelettrica Cismon: veduta d\u2019interno dell\u2019impianto di San Silvestro; dissabbiatore Dufour dell\u2019impianto di Moline della Idroelettrica Cismon; veduta d\u2019insieme della centrale di Moline; la tabella riassuntiva con i dati delle singole centrali; il torrente Cismon oggi; veduta del lago Restello; attualit\u00e0 del laghetto Negrisiola; il Livenza; il Vanoi<\/p>\n<p>&nbsp;<\/p>\n<hr \/>\n<p>&nbsp;<\/p>\n<h2><span style=\"color: #800080;\"><strong>LA RASSEGNA STAMPA DA L&#8217;AMICO DEL POPOLO\u00a0<\/strong><\/span><\/h2>\n<h3 class=\"kvgmc6g5 cxmmr5t8 oygrvhab hcukyx3x c1et5uql\"><span style=\"color: #0000ff;\"> INFORMAZIONE il canale su TELEGRAM informazione di prima mano e in tempo reale. iscriviti ed aiutaci a farlo conoscere\u00a0<\/span><\/h3>\n<p><strong><a href=\"https:\/\/www.radiopiu.net\/wordpress\/la-rassegna-stampa-da-lamico-del-popolo-05-giugno-2021\/72617426_10217056632511154_1899306852655562752_n\/\" rel=\"attachment wp-att-214211\"><img loading=\"lazy\" decoding=\"async\" class=\" wp-image-214211 alignleft\" src=\"https:\/\/www.radiopiu.net\/wordpress\/wp-content\/uploads\/2021\/06\/72617426_10217056632511154_1899306852655562752_n-225x300.jpg\" alt=\"\" width=\"64\" height=\"85\" srcset=\"https:\/\/www.radiopiu.net\/wordpress\/wp-content\/uploads\/2021\/06\/72617426_10217056632511154_1899306852655562752_n-225x300.jpg 225w, https:\/\/www.radiopiu.net\/wordpress\/wp-content\/uploads\/2021\/06\/72617426_10217056632511154_1899306852655562752_n-768x1024.jpg 768w, https:\/\/www.radiopiu.net\/wordpress\/wp-content\/uploads\/2021\/06\/72617426_10217056632511154_1899306852655562752_n-1152x1536.jpg 1152w, https:\/\/www.radiopiu.net\/wordpress\/wp-content\/uploads\/2021\/06\/72617426_10217056632511154_1899306852655562752_n.jpg 1511w\" sizes=\"auto, (max-width: 64px) 100vw, 64px\" \/><\/a><\/strong><\/p>\n<p>&nbsp;<\/p>\n<p><strong>di Gianni Santomaso<\/strong><\/p>\n<p>OSPITE: Liana Cavallet<\/p>\n<audio class=\"wp-audio-shortcode\" id=\"audio-214933-10\" preload=\"none\" style=\"width: 100%;\" controls=\"controls\"><source type=\"audio\/mpeg\" src=\"https:\/\/www.radiopiu.net\/wordpress\/wp-content\/uploads\/2021\/06\/RASSEGNA-GIANNI.mp3?_=10\" \/><a href=\"https:\/\/www.radiopiu.net\/wordpress\/wp-content\/uploads\/2021\/06\/RASSEGNA-GIANNI.mp3\">https:\/\/www.radiopiu.net\/wordpress\/wp-content\/uploads\/2021\/06\/RASSEGNA-GIANNI.mp3<\/a><\/audio>\n<p><strong>LA RACCOLTA COMPLETA<\/strong><\/p>\n<blockquote class=\"wp-embedded-content\" data-secret=\"YoiOc6usHc\"><p><a href=\"https:\/\/www.radiopiu.net\/wordpress\/rassegna-stampa-di-gianni-santomaso\/\">Rassegna stampa da l&#8217;amico del popolo &#8211; di Gianni Santomaso<\/a><\/p><\/blockquote>\n<p><iframe loading=\"lazy\" class=\"wp-embedded-content\" sandbox=\"allow-scripts\" security=\"restricted\" style=\"position: absolute; clip: rect(1px, 1px, 1px, 1px);\" title=\"&#8220;Rassegna stampa da l&#8217;amico del popolo &#8211; di Gianni Santomaso&#8221; &#8212; Radio Pi\u00f9\" src=\"https:\/\/www.radiopiu.net\/wordpress\/rassegna-stampa-di-gianni-santomaso\/embed\/#?secret=YoiOc6usHc\" data-secret=\"YoiOc6usHc\" width=\"600\" height=\"338\" frameborder=\"0\" marginwidth=\"0\" marginheight=\"0\" scrolling=\"no\"><\/iframe><\/p>\n<div class=\"b654a4as d2edcug0\"><\/div>\n<p>&nbsp;<\/p>\n<p>&nbsp;<\/p>\n<hr \/>\n<p>&nbsp;<\/p>\n<blockquote>\n<h2>DRIVE IN TAMONICH, IL CENTRO VACCINALE CON UOMINI E DONNE DELLA PROTEZIONE CIVILE DI VOLTAGO, INDICAZIONI UTILI<\/h2>\n<\/blockquote>\n<div style=\"width: 848px;\" class=\"wp-video\"><video class=\"wp-video-shortcode\" id=\"video-214933-2\" width=\"848\" height=\"480\" preload=\"metadata\" controls=\"controls\"><source type=\"video\/mp4\" src=\"https:\/\/www.radiopiu.net\/wordpress\/wp-content\/uploads\/2021\/06\/WhatsApp-Video-2021-06-07-at-17.51.56.mp4?_=2\" \/><a href=\"https:\/\/www.radiopiu.net\/wordpress\/wp-content\/uploads\/2021\/06\/WhatsApp-Video-2021-06-07-at-17.51.56.mp4\">https:\/\/www.radiopiu.net\/wordpress\/wp-content\/uploads\/2021\/06\/WhatsApp-Video-2021-06-07-at-17.51.56.mp4<\/a><\/video><\/div>\n<p>&nbsp;<\/p>\n<blockquote>\n<h2><span style=\"color: #000000;\">DOMENICA A VOLTAGO AGORDINO,\u00a0 DAL DRONE DI EMANUELE AGRIMI<\/span><\/h2>\n<\/blockquote>\n<p><iframe loading=\"lazy\" title=\"Drone remix\" width=\"1200\" height=\"675\" src=\"https:\/\/www.youtube.com\/embed\/GCh3OX9Dhfk?feature=oembed\" frameborder=\"0\" allow=\"accelerometer; autoplay; clipboard-write; encrypted-media; gyroscope; picture-in-picture\" allowfullscreen><\/iframe><\/p>\n<p>&nbsp;<\/p>\n<hr \/>\n<p>&nbsp;<\/p>\n<blockquote><p><a href=\"https:\/\/www.radiopiu.net\/wordpress\/giornale-radiopiu-09-giugno-2021-direttore-mirko-mezzacasa\/olympus-digital-camera-250\/\" rel=\"attachment wp-att-214860\"><img loading=\"lazy\" decoding=\"async\" class=\"size-medium wp-image-214860 alignleft\" src=\"https:\/\/www.radiopiu.net\/wordpress\/wp-content\/uploads\/2021\/06\/Inferno_Dante-1-225x300.jpg\" alt=\"\" width=\"225\" height=\"300\" srcset=\"https:\/\/www.radiopiu.net\/wordpress\/wp-content\/uploads\/2021\/06\/Inferno_Dante-1-225x300.jpg 225w, https:\/\/www.radiopiu.net\/wordpress\/wp-content\/uploads\/2021\/06\/Inferno_Dante-1-768x1024.jpg 768w, https:\/\/www.radiopiu.net\/wordpress\/wp-content\/uploads\/2021\/06\/Inferno_Dante-1-1152x1536.jpg 1152w, https:\/\/www.radiopiu.net\/wordpress\/wp-content\/uploads\/2021\/06\/Inferno_Dante-1-1536x2048.jpg 1536w, https:\/\/www.radiopiu.net\/wordpress\/wp-content\/uploads\/2021\/06\/Inferno_Dante-1-scaled.jpg 1920w\" sizes=\"auto, (max-width: 225px) 100vw, 225px\" \/><\/a><\/p>\n<h3>LA MOSTRA AL SEMINARIO GREGORIANO DAL 13 GIUGNO PER CELEBRARE DANTE NEL 700\u00b0 ANNO DALLA SUA MORTE<\/h3>\n<p><strong>BELLUNO\u00a0<\/strong> La mostra che verr\u00e0 inaugurata domenica 13 giugno, nel titolo scelto \u2013 \u201ce quindi uscimmo a rivedere le stelle\u201d &#8211; svela un messaggio di speranza, con l\u2019intento di ripartire, di rilanciare la cultura dopo mesi di chiusura, incertezze e difficolt\u00e0 a causa dell\u2019emergenza sanitaria. Fulcro delle celebrazioni dantesche nel capoluogo \u00e8 il Seminario Gregoriano di Belluno.\u00a0 Capofila il rettore, mons. Giorgio Lise. Protagonista della rassegna bellunese \u00e8 la Divina Commedia della Biblioteca Lolliniana. Si tratta di un manoscritto su pergamena che appartiene alla famiglia dei cosiddetti \u201cDanti del Cento\u201d. La mostra rester\u00e0 aperta fino al 18 luglio con il seguente orario: i sabati e le domeniche dalle 14:30 alle 18, i luned\u00ec dalle 9:30 alle 12. Prenotazione obbligatoria all\u2019indirizzo mail bibliotecagregoriana@chiesabellunofeltre.it. L\u2019ingresso \u00e8 dalla porta del chiostro gotico sul sagrato della chiesa di S. Pietro.<\/p><\/blockquote>\n<p>&nbsp;<\/p>\n<p>&nbsp;<\/p>\n<hr \/>\n<p>&nbsp;<\/p>\n<blockquote>\n<h3>ASSEGNO UNICO 2021: LA UIL BELLUNO TREVISO FA CHIAREZZA<\/h3>\n<\/blockquote>\n<p><strong>BELLUNO<\/strong> A partire dal mese di luglio e fino alla fine del 2021, le famiglie con figli da 0 a 21 anni potranno richiedere l&#8217;assegno unico. La UIL di Belluno-Treviso ha ideato un vademecum per fare chiarezza su come e chi pu\u00f2 fare richiesta dell&#8217;assegno<\/p>\n<p><strong>IL MATERIALE INFORMATIVO DELLA UIL (2 PAGINE)<\/strong><\/p>\n<a href=\"https:\/\/www.radiopiu.net\/wordpress\/wp-content\/uploads\/2021\/06\/Assegno-Unico-2021.pdf\" class=\"pdfemb-viewer\" style=\"\" data-width=\"max\" data-height=\"max\" data-toolbar=\"top\" data-toolbar-fixed=\"on\">Assegno Unico 2021<\/a>\n<p>&nbsp;<\/p>\n<p>&nbsp;<\/p>\n<hr \/>\n<p>&nbsp;<\/p>\n<blockquote>\n<h3>LA STORIA AD AGORDO, CERCASI INFORMAZIONI&#8230;<\/h3>\n<p><strong><em>Ieri ci ha scritto Edi Dal Pont che nei meandri della sua abitazione ha trovato delle scatole di latta made in Agordo. Ad Edi piacerebbe conoscere la storia dei biscotti agordini&#8230;<\/em><\/strong><\/p><\/blockquote>\n\n\t\t\t<style type='text\/css'>\n\t\t\t\t#gallery-7 {\n\t\t\t\t\tmargin: auto;\n\t\t\t\t}\n\t\t\t\t#gallery-7 .gallery-item {\n\t\t\t\t\tfloat: left;\n\t\t\t\t\tmargin-top: 10px;\n\t\t\t\t\ttext-align: center;\n\t\t\t\t\twidth: 50%;\n\t\t\t\t}\n\t\t\t\t#gallery-7 img {\n\t\t\t\t\tborder: 2px solid #cfcfcf;\n\t\t\t\t}\n\t\t\t\t#gallery-7 .gallery-caption {\n\t\t\t\t\tmargin-left: 0;\n\t\t\t\t}\n\t\t\t\t\/* see gallery_shortcode() in wp-includes\/media.php *\/\n\t\t\t<\/style>\n\t\t<div id='gallery-7' class='dt-gallery-container gallery galleryid-214933 gallery-columns-2 gallery-size-large'><dl class='gallery-item'>\n\t\t\t\t<dt class='gallery-icon portrait'>\n\t\t\t\t\t<a class=\"rollover\" href='https:\/\/www.radiopiu.net\/wordpress\/la-storia-ad-agordo-cercasi-informazioni\/img_20210517_191015\/'><img loading=\"lazy\" decoding=\"async\" width=\"768\" height=\"1024\" src=\"https:\/\/www.radiopiu.net\/wordpress\/wp-content\/uploads\/2021\/06\/IMG_20210517_191015-768x1024.jpg\" class=\"attachment-large size-large\" alt=\"\" srcset=\"https:\/\/www.radiopiu.net\/wordpress\/wp-content\/uploads\/2021\/06\/IMG_20210517_191015-768x1024.jpg 768w, https:\/\/www.radiopiu.net\/wordpress\/wp-content\/uploads\/2021\/06\/IMG_20210517_191015-225x300.jpg 225w, https:\/\/www.radiopiu.net\/wordpress\/wp-content\/uploads\/2021\/06\/IMG_20210517_191015.jpg 780w\" sizes=\"auto, (max-width: 768px) 100vw, 768px\" \/><\/a>\n\t\t\t\t<\/dt><\/dl><dl class='gallery-item'>\n\t\t\t\t<dt class='gallery-icon portrait'>\n\t\t\t\t\t<a class=\"rollover\" href='https:\/\/www.radiopiu.net\/wordpress\/la-storia-ad-agordo-cercasi-informazioni\/img_20210517_191003\/'><img loading=\"lazy\" decoding=\"async\" width=\"768\" height=\"1024\" src=\"https:\/\/www.radiopiu.net\/wordpress\/wp-content\/uploads\/2021\/06\/IMG_20210517_191003-768x1024.jpg\" class=\"attachment-large size-large\" alt=\"\" srcset=\"https:\/\/www.radiopiu.net\/wordpress\/wp-content\/uploads\/2021\/06\/IMG_20210517_191003-768x1024.jpg 768w, https:\/\/www.radiopiu.net\/wordpress\/wp-content\/uploads\/2021\/06\/IMG_20210517_191003-225x300.jpg 225w, https:\/\/www.radiopiu.net\/wordpress\/wp-content\/uploads\/2021\/06\/IMG_20210517_191003.jpg 780w\" sizes=\"auto, (max-width: 768px) 100vw, 768px\" \/><\/a>\n\t\t\t\t<\/dt><\/dl><br style=\"clear: both\" \/>\n\t\t\t<\/div>\n\n<p>&nbsp;<\/p>\n<hr \/>\n<p>&nbsp;<\/p>\n<p><strong><span style=\"color: #ff0000;\">\u00a0ALLA RADIO\u00a0<\/span><\/strong><\/p>\n<blockquote>\n<h3>RENZO MINELLA PRESENTA LA NUOVA STAGIONE E L&#8217;EVENTO DEL 24 LUGLIO CON LA GRANDE MUSICA<\/h3>\n<\/blockquote>\n<p><strong><a class=\"dt-pswp-item\" href=\"https:\/\/www.radiopiu.net\/wordpress\/wp-content\/uploads\/2021\/06\/5596534a-febd-4df2-9b68-21c2440ddcc0.jpg\" data-dt-img-description=\"\" data-large_image_width=\"1600\" data-large_image_height=\"1600\"><img loading=\"lazy\" decoding=\"async\" class=\" wp-image-214770 alignleft\" src=\"https:\/\/www.radiopiu.net\/wordpress\/wp-content\/uploads\/2021\/06\/5596534a-febd-4df2-9b68-21c2440ddcc0-300x300.jpg\" alt=\"\" width=\"191\" height=\"191\" srcset=\"https:\/\/www.radiopiu.net\/wordpress\/wp-content\/uploads\/2021\/06\/5596534a-febd-4df2-9b68-21c2440ddcc0-300x300.jpg 300w, https:\/\/www.radiopiu.net\/wordpress\/wp-content\/uploads\/2021\/06\/5596534a-febd-4df2-9b68-21c2440ddcc0-1024x1024.jpg 1024w, https:\/\/www.radiopiu.net\/wordpress\/wp-content\/uploads\/2021\/06\/5596534a-febd-4df2-9b68-21c2440ddcc0-150x150.jpg 150w, https:\/\/www.radiopiu.net\/wordpress\/wp-content\/uploads\/2021\/06\/5596534a-febd-4df2-9b68-21c2440ddcc0-768x768.jpg 768w, https:\/\/www.radiopiu.net\/wordpress\/wp-content\/uploads\/2021\/06\/5596534a-febd-4df2-9b68-21c2440ddcc0-1536x1536.jpg 1536w, https:\/\/www.radiopiu.net\/wordpress\/wp-content\/uploads\/2021\/06\/5596534a-febd-4df2-9b68-21c2440ddcc0.jpg 1600w\" sizes=\"auto, (max-width: 191px) 100vw, 191px\" \/><\/a><\/strong><\/p>\n<p><strong>FALCADE<\/strong><\/p>\n<p>&nbsp;<\/p>\n<p>&nbsp;<\/p>\n<p>OSPITE RENZO MINELLA<\/p>\n<p>&nbsp;<\/p>\n<p>&nbsp;<\/p>\n<p>&nbsp;<\/p>\n<p>DI CLAUDIO FONTANIVE<\/p>\n<audio class=\"wp-audio-shortcode\" id=\"audio-214933-11\" preload=\"none\" style=\"width: 100%;\" controls=\"controls\"><source type=\"audio\/mpeg\" src=\"https:\/\/www.radiopiu.net\/wordpress\/wp-content\/uploads\/2021\/06\/minella-estate-1.mp3?_=11\" \/><a href=\"https:\/\/www.radiopiu.net\/wordpress\/wp-content\/uploads\/2021\/06\/minella-estate-1.mp3\">https:\/\/www.radiopiu.net\/wordpress\/wp-content\/uploads\/2021\/06\/minella-estate-1.mp3<\/a><\/audio>\n<p>&nbsp;<\/p>\n<p>&nbsp;<\/p>\n<p>&nbsp;<\/p>\n<hr \/>\n<blockquote>\n<h2><\/h2>\n<h2>GIROVAGANDO ALLA RADIO, PUNTATA 02<\/h2>\n<\/blockquote>\n<h3><a href=\"https:\/\/www.radiopiu.net\/wordpress\/giornale-radiopiu-06-giugno-2021-direttore-mirko-mezzacasa\/a76d1722-64b9-4ec6-953d-c276df81ca9b\/\" rel=\"attachment wp-att-214278\"><img loading=\"lazy\" decoding=\"async\" class=\" wp-image-214278 alignleft\" src=\"https:\/\/www.radiopiu.net\/wordpress\/wp-content\/uploads\/2021\/06\/a76d1722-64b9-4ec6-953d-c276df81ca9b-300x200.jpg\" alt=\"\" width=\"200\" height=\"133\" srcset=\"https:\/\/www.radiopiu.net\/wordpress\/wp-content\/uploads\/2021\/06\/a76d1722-64b9-4ec6-953d-c276df81ca9b-300x200.jpg 300w, https:\/\/www.radiopiu.net\/wordpress\/wp-content\/uploads\/2021\/06\/a76d1722-64b9-4ec6-953d-c276df81ca9b-1024x682.jpg 1024w, https:\/\/www.radiopiu.net\/wordpress\/wp-content\/uploads\/2021\/06\/a76d1722-64b9-4ec6-953d-c276df81ca9b-768x512.jpg 768w, https:\/\/www.radiopiu.net\/wordpress\/wp-content\/uploads\/2021\/06\/a76d1722-64b9-4ec6-953d-c276df81ca9b.jpg 1400w\" sizes=\"auto, (max-width: 200px) 100vw, 200px\" \/><\/a>PUNTATA 02 Collaborazione Thomas Soppera<\/h3>\n<p>&nbsp;<\/p>\n<p>&nbsp;<\/p>\n<p>&nbsp;<\/p>\n<p><strong>AUDIO PUNTATA 06 giugno 2021<\/strong><\/p>\n<audio class=\"wp-audio-shortcode\" id=\"audio-214933-12\" preload=\"none\" style=\"width: 100%;\" controls=\"controls\"><source type=\"audio\/mpeg\" src=\"https:\/\/www.radiopiu.net\/wordpress\/wp-content\/uploads\/2021\/06\/GIROVAGANDO-2.mp3?_=12\" \/><a href=\"https:\/\/www.radiopiu.net\/wordpress\/wp-content\/uploads\/2021\/06\/GIROVAGANDO-2.mp3\">https:\/\/www.radiopiu.net\/wordpress\/wp-content\/uploads\/2021\/06\/GIROVAGANDO-2.mp3<\/a><\/audio>\n<p>&nbsp;<\/p>\n<p><strong>LA RACCOLTA COMPLETA<\/strong><\/p>\n<blockquote class=\"wp-embedded-content\" data-secret=\"X4Krk9vIgF\"><p><a href=\"https:\/\/www.radiopiu.net\/wordpress\/girovagando-in-e-bike-tra-le-dolomiti\/\">GIROVAGANDO IN E BIKE TRA LE DOLOMITI<\/a><\/p><\/blockquote>\n<p><iframe loading=\"lazy\" class=\"wp-embedded-content\" sandbox=\"allow-scripts\" security=\"restricted\" style=\"position: absolute; clip: rect(1px, 1px, 1px, 1px);\" title=\"&#8220;GIROVAGANDO IN E BIKE TRA LE DOLOMITI&#8221; &#8212; Radio Pi\u00f9\" src=\"https:\/\/www.radiopiu.net\/wordpress\/girovagando-in-e-bike-tra-le-dolomiti\/embed\/#?secret=X4Krk9vIgF\" data-secret=\"X4Krk9vIgF\" width=\"600\" height=\"338\" frameborder=\"0\" marginwidth=\"0\" marginheight=\"0\" scrolling=\"no\"><\/iframe><\/p>\n<p>&nbsp;<\/p>\n<p>&nbsp;<\/p>\n<hr \/>\n<p>&nbsp;<\/p>\n<blockquote>\n<h2>FANTASTICHE DOLOMITI, NUOVA STAGIONE. APPUNTAMENTO QUINDICINALE IL GIOVEDI ALLE 10.30 E 19.00<\/h2>\n<\/blockquote>\n<h2><span style=\"color: #ff0000;\"><strong><a class=\"dt-pswp-item\" href=\"https:\/\/www.radiopiu.net\/wordpress\/wp-content\/uploads\/2020\/08\/montagna-2020-scaled.jpg\" data-dt-img-description=\"\" data-large_image_width=\"2560\" data-large_image_height=\"1440\"><img loading=\"lazy\" decoding=\"async\" class=\"wp-image-158273 alignleft\" src=\"https:\/\/www.radiopiu.net\/wordpress\/wp-content\/uploads\/2020\/08\/montagna-2020-300x169.jpg\" alt=\"\" width=\"147\" height=\"83\" srcset=\"https:\/\/www.radiopiu.net\/wordpress\/wp-content\/uploads\/2020\/08\/montagna-2020-300x169.jpg 300w, https:\/\/www.radiopiu.net\/wordpress\/wp-content\/uploads\/2020\/08\/montagna-2020-1024x576.jpg 1024w, https:\/\/www.radiopiu.net\/wordpress\/wp-content\/uploads\/2020\/08\/montagna-2020-768x432.jpg 768w, https:\/\/www.radiopiu.net\/wordpress\/wp-content\/uploads\/2020\/08\/montagna-2020-1536x864.jpg 1536w, https:\/\/www.radiopiu.net\/wordpress\/wp-content\/uploads\/2020\/08\/montagna-2020-2048x1152.jpg 2048w, https:\/\/www.radiopiu.net\/wordpress\/wp-content\/uploads\/2020\/08\/montagna-2020-640x360.jpg 640w\" sizes=\"auto, (max-width: 147px) 100vw, 147px\" \/><\/a><\/strong><\/span><\/h2>\n<h2><span style=\"color: #ff0000;\">PUNTATA 17 03 GIUGNO\u00a0<\/span><\/h2>\n<p><strong>OSPITE IL PRESIDENTE CLAUDIO CANOVA<\/strong><\/p>\n<audio class=\"wp-audio-shortcode\" id=\"audio-214933-13\" preload=\"none\" style=\"width: 100%;\" controls=\"controls\"><source type=\"audio\/mpeg\" src=\"https:\/\/www.radiopiu.net\/wordpress\/wp-content\/uploads\/2021\/06\/fantastiche-dolomiti-3-giugno.mp3?_=13\" \/><a href=\"https:\/\/www.radiopiu.net\/wordpress\/wp-content\/uploads\/2021\/06\/fantastiche-dolomiti-3-giugno.mp3\">https:\/\/www.radiopiu.net\/wordpress\/wp-content\/uploads\/2021\/06\/fantastiche-dolomiti-3-giugno.mp3<\/a><\/audio>\n<h3>LA RACCOLTA COMPLETA<\/h3>\n<p>https:\/\/www.radiopiu.net\/wordpress\/raccolta-completa\/<\/p>\n<p>&nbsp;<\/p>\n<p>&nbsp;<\/p>\n<hr \/>\n<div>\n<div>\n<div class=\"b654a4as d2edcug0\">\n<div class=\"rq0escxv hkbzh7o3 jwdofwj8 n8tt0mok r8blr3vg hyh9befq\">\n<div class=\"b654a4as d2edcug0\">\n<h2><span style=\"color: #008000;\">\u00a0<\/span><\/h2>\n<h2><span style=\"color: #008000;\">ERBE E PIANTE CURATIVE&#8230;IL\u00a0 PROGRAMMA DI PAOLA LANCIATO<\/span><\/h2>\n<p><strong><a href=\"https:\/\/www.radiopiu.net\/wordpress\/erbe-e-piante-curative-il-programma-di-paola-lanciato-08-giugno-2021\/ciliegio\/\" rel=\"attachment wp-att-214762\"><img loading=\"lazy\" decoding=\"async\" class=\" wp-image-214762 alignleft\" src=\"https:\/\/www.radiopiu.net\/wordpress\/wp-content\/uploads\/2021\/06\/CILIEGIO-300x200.jpg\" alt=\"\" width=\"194\" height=\"129\" srcset=\"https:\/\/www.radiopiu.net\/wordpress\/wp-content\/uploads\/2021\/06\/CILIEGIO-300x200.jpg 300w, https:\/\/www.radiopiu.net\/wordpress\/wp-content\/uploads\/2021\/06\/CILIEGIO-1024x683.jpg 1024w, https:\/\/www.radiopiu.net\/wordpress\/wp-content\/uploads\/2021\/06\/CILIEGIO-768x512.jpg 768w, https:\/\/www.radiopiu.net\/wordpress\/wp-content\/uploads\/2021\/06\/CILIEGIO-1536x1024.jpg 1536w, https:\/\/www.radiopiu.net\/wordpress\/wp-content\/uploads\/2021\/06\/CILIEGIO.jpg 1920w\" sizes=\"auto, (max-width: 194px) 100vw, 194px\" \/><\/a>di Paola Lanciato<\/strong><\/p>\n<h2><span style=\"color: #0000ff;\">PUNTATA DEL 08 GIUGNO 2021<\/span><\/h2>\n<h2><span style=\"color: #ff00ff;\">IL CILIEGIO<\/span><\/h2>\n<audio class=\"wp-audio-shortcode\" id=\"audio-214933-14\" preload=\"none\" style=\"width: 100%;\" controls=\"controls\"><source type=\"audio\/mpeg\" src=\"https:\/\/www.radiopiu.net\/wordpress\/wp-content\/uploads\/2021\/06\/17-Il-ciliegio-M.mp3?_=14\" \/><a href=\"https:\/\/www.radiopiu.net\/wordpress\/wp-content\/uploads\/2021\/06\/17-Il-ciliegio-M.mp3\">https:\/\/www.radiopiu.net\/wordpress\/wp-content\/uploads\/2021\/06\/17-Il-ciliegio-M.mp3<\/a><\/audio>\n<p>&nbsp;<\/p>\n<\/div>\n<blockquote class=\"wp-embedded-content\" data-secret=\"ZHnjbi2nRF\"><p><a href=\"https:\/\/www.radiopiu.net\/wordpress\/erbe-e-piante-curative-il-mandorlo\/\">L\u2019ERBA VOGLIO DEL GIARDINO DEL RE\u2026 ERBE, FIORI E PIANTE DI E CON PAOLA LANCIATO<\/a><\/p><\/blockquote>\n<p><iframe loading=\"lazy\" class=\"wp-embedded-content\" sandbox=\"allow-scripts\" security=\"restricted\" style=\"position: absolute; clip: rect(1px, 1px, 1px, 1px);\" title=\"&#8220;L\u2019ERBA VOGLIO DEL GIARDINO DEL RE\u2026 ERBE, FIORI E PIANTE DI E CON PAOLA LANCIATO&#8221; &#8212; Radio Pi\u00f9\" src=\"https:\/\/www.radiopiu.net\/wordpress\/erbe-e-piante-curative-il-mandorlo\/embed\/#?secret=ZHnjbi2nRF\" data-secret=\"ZHnjbi2nRF\" width=\"600\" height=\"338\" frameborder=\"0\" marginwidth=\"0\" marginheight=\"0\" scrolling=\"no\"><\/iframe><\/p>\n<p>&nbsp;<\/p>\n<p>&nbsp;<\/p>\n<\/div>\n<\/div>\n<\/div>\n<\/div>\n<p>&nbsp;<\/p>\n<p>&nbsp;<\/p>\n<hr \/>\n<p>&nbsp;<\/p>\n<div>\n<h2><span style=\"color: #ff0000;\"><strong>IN VIVO VERSO 2020-21 ESTATE, RIASCOLTIAMOLI&#8230; DAL CASSETTO DEI RICORDI DI RADIO PIU&#8217;&#8230; LE PRIME\u00a0 SEI STAGIONI\u00a0\u00a0<\/strong><\/span><\/h2>\n<div class=\"page-title-head hgroup\">\n<div class=\"page-title-head hgroup\">\n<div class=\"page-title-head hgroup\">\n<div class=\"page-title-head hgroup\">\n<div class=\"page-title-head hgroup\">\n<div class=\"page-title-head hgroup\">\n<blockquote>\n<h2>riascoltiamole FIGURE E SORGENTI di LUCIANO NANNI 2016<\/h2>\n<\/blockquote>\n<p>AUDIO<\/p>\n<audio class=\"wp-audio-shortcode\" id=\"audio-214933-15\" preload=\"none\" style=\"width: 100%;\" controls=\"controls\"><source type=\"audio\/mpeg\" src=\"https:\/\/www.radiopiu.net\/wordpress\/wp-content\/uploads\/2021\/06\/VIVO-VERSO-MER.mp3?_=15\" \/><a href=\"https:\/\/www.radiopiu.net\/wordpress\/wp-content\/uploads\/2021\/06\/VIVO-VERSO-MER.mp3\">https:\/\/www.radiopiu.net\/wordpress\/wp-content\/uploads\/2021\/06\/VIVO-VERSO-MER.mp3<\/a><\/audio>\n<blockquote>\n<h3><strong style=\"font-size: 14px;\">LA RACCOLTA COMPLETA<\/strong><\/h3>\n<\/blockquote>\n<\/div>\n<\/div>\n<\/div>\n<\/div>\n<\/div>\n<\/div>\n<blockquote class=\"wp-embedded-content\" data-secret=\"o1lHIudCtH\"><p><a href=\"https:\/\/www.radiopiu.net\/wordpress\/in-vivo-verso\/\">In Vivo Verso<\/a><\/p><\/blockquote>\n<p><iframe loading=\"lazy\" class=\"wp-embedded-content\" sandbox=\"allow-scripts\" security=\"restricted\" style=\"position: absolute; clip: rect(1px, 1px, 1px, 1px);\" title=\"&#8220;In Vivo Verso&#8221; &#8212; Radio Pi\u00f9\" src=\"https:\/\/www.radiopiu.net\/wordpress\/in-vivo-verso\/embed\/#?secret=o1lHIudCtH\" data-secret=\"o1lHIudCtH\" width=\"600\" height=\"338\" frameborder=\"0\" marginwidth=\"0\" marginheight=\"0\" scrolling=\"no\"><\/iframe><\/p>\n<p>&nbsp;<\/p>\n<p>&nbsp;<\/p>\n<hr \/>\n<\/div>\n<blockquote>\n<blockquote>\n<h2><\/h2>\n<\/blockquote>\n<\/blockquote>\n<div>\n<div class=\"b654a4as d2edcug0\">\n<div class=\"rq0escxv hkbzh7o3 jwdofwj8 n8tt0mok r8blr3vg hyh9befq\">\n<p>&nbsp;<\/p>\n<blockquote>\n<h2><span style=\"color: #ff0000;\"><em>ZAINO ALLA RADIO&#8230;ESTATE DI PAOLA LANCIATO TUTTI I GIORNI dal lunedi al venerdi ALLE 14 E 23.30\u00a0 \u00a0<\/em><\/span><\/h2>\n<h2>LE CINQUE TERRE &#8211; ZAINO DA VIAGGIO ESTATE di Paola Lanciato<\/h2>\n<\/blockquote>\n<div class=\"b654a4as d2edcug0\">\n<p><strong>AUDIO<\/strong><\/p>\n<\/div>\n<audio class=\"wp-audio-shortcode\" id=\"audio-214933-16\" preload=\"none\" style=\"width: 100%;\" controls=\"controls\"><source type=\"audio\/mpeg\" src=\"https:\/\/www.radiopiu.net\/wordpress\/wp-content\/uploads\/2021\/06\/23-Le-Cinque-Terre-M.mp3?_=16\" \/><a href=\"https:\/\/www.radiopiu.net\/wordpress\/wp-content\/uploads\/2021\/06\/23-Le-Cinque-Terre-M.mp3\">https:\/\/www.radiopiu.net\/wordpress\/wp-content\/uploads\/2021\/06\/23-Le-Cinque-Terre-M.mp3<\/a><\/audio>\n<p><img loading=\"lazy\" decoding=\"async\" class=\"\" src=\"https:\/\/www.radiopiu.net\/wordpress\/wp-content\/uploads\/2021\/06\/23.jpg\" width=\"276\" height=\"207\" \/><\/p>\n<blockquote class=\"wp-embedded-content\" data-secret=\"fRjZZEzzHe\"><p><a href=\"https:\/\/www.radiopiu.net\/wordpress\/zaino-femminile-lanciato\/\">Zaino da viaggio al femminile<\/a><\/p><\/blockquote>\n<p><iframe loading=\"lazy\" class=\"wp-embedded-content\" sandbox=\"allow-scripts\" security=\"restricted\" style=\"position: absolute; clip: rect(1px, 1px, 1px, 1px);\" title=\"&#8220;Zaino da viaggio al femminile&#8221; &#8212; Radio Pi\u00f9\" src=\"https:\/\/www.radiopiu.net\/wordpress\/zaino-femminile-lanciato\/embed\/#?secret=fRjZZEzzHe\" data-secret=\"fRjZZEzzHe\" width=\"600\" height=\"338\" frameborder=\"0\" marginwidth=\"0\" marginheight=\"0\" scrolling=\"no\"><\/iframe><\/p>\n<p>&nbsp;<\/p>\n<\/div>\n<\/div>\n<\/div>\n<p>&nbsp;<\/p>\n<hr \/>\n<p>&nbsp;<\/p>\n<div>\n<div class=\"b654a4as d2edcug0\">\n<div class=\"rq0escxv hkbzh7o3 jwdofwj8 n8tt0mok r8blr3vg hyh9befq\">\n<p><a class=\"dt-pswp-item\" href=\"https:\/\/www.radiopiu.net\/wordpress\/wp-content\/uploads\/2020\/10\/pp.jpg\" data-dt-img-description=\"\" data-large_image_width=\"640\" data-large_image_height=\"640\"><img loading=\"lazy\" decoding=\"async\" class=\"wp-image-163678 alignleft\" src=\"https:\/\/www.radiopiu.net\/wordpress\/wp-content\/uploads\/2020\/10\/pp-300x300.jpg\" alt=\"\" width=\"106\" height=\"106\" srcset=\"https:\/\/www.radiopiu.net\/wordpress\/wp-content\/uploads\/2020\/10\/pp-300x300.jpg 300w, https:\/\/www.radiopiu.net\/wordpress\/wp-content\/uploads\/2020\/10\/pp-150x150.jpg 150w, https:\/\/www.radiopiu.net\/wordpress\/wp-content\/uploads\/2020\/10\/pp-125x125.jpg 125w, https:\/\/www.radiopiu.net\/wordpress\/wp-content\/uploads\/2020\/10\/pp-200x200.jpg 200w, https:\/\/www.radiopiu.net\/wordpress\/wp-content\/uploads\/2020\/10\/pp-80x80.jpg 80w, https:\/\/www.radiopiu.net\/wordpress\/wp-content\/uploads\/2020\/10\/pp-480x480.jpg 480w, https:\/\/www.radiopiu.net\/wordpress\/wp-content\/uploads\/2020\/10\/pp.jpg 640w\" sizes=\"auto, (max-width: 106px) 100vw, 106px\" \/><\/a><\/p>\n<\/div>\n<\/div>\n<\/div>\n<div>\n<div class=\"page-title-head hgroup\">\n<div class=\"page-title-head hgroup\">\n<div class=\"b654a4as d2edcug0\">\n<div class=\"j83agx80 btwxx1t3 lhclo0ds hop8lmos nkwizq5d scwd0bx6 roh60bw9\">\n<div class=\"rq0escxv hkbzh7o3 jwdofwj8 n8tt0mok r8blr3vg hyh9befq\">\n<div class=\"do00u71z l9j0dhe7 k4urcfbm\">\n<h2><span style=\"color: #000080;\">DON CESARE, IL PENSIERO DEL GIORNO. ALLA RADIO ALLE 7 DEL MATTINO E ALLE 19.30 DELLA SERA.\u00a0\u00a0<\/span><\/h2>\n<\/div>\n<\/div>\n<\/div>\n<div class=\"rq0escxv hkbzh7o3 jwdofwj8 n8tt0mok r8blr3vg hyh9befq\">\n<p>&nbsp;<\/p>\n<\/div>\n<\/div>\n<\/div>\n<\/div>\n<\/div>\n<audio class=\"wp-audio-shortcode\" id=\"audio-214933-17\" preload=\"none\" style=\"width: 100%;\" controls=\"controls\"><source type=\"audio\/mpeg\" src=\"https:\/\/www.radiopiu.net\/wordpress\/wp-content\/uploads\/2021\/06\/CESARE-8.mp3?_=17\" \/><a href=\"https:\/\/www.radiopiu.net\/wordpress\/wp-content\/uploads\/2021\/06\/CESARE-8.mp3\">https:\/\/www.radiopiu.net\/wordpress\/wp-content\/uploads\/2021\/06\/CESARE-8.mp3<\/a><\/audio>\n<p>&nbsp;<\/p>\n<p>&nbsp;<\/p>\n<p>&nbsp;<\/p>\n<hr \/>\n<p>&nbsp;<\/p>\n<div dir=\"auto\">\n<p>&nbsp;<\/p>\n<blockquote>\n<h3 class=\"kvgmc6g5 cxmmr5t8 oygrvhab hcukyx3x c1et5uql\"><span style=\"color: #0000ff;\">INFORMAZIONE il canale su TELEGRAM informazione di prima mano e in tempo reale. iscriviti ed aiutaci a farlo conoscere\u00a0<\/span><\/h3>\n<\/blockquote>\n<h2><a href=\"https:\/\/www.radiopiu.net\/wordpress\/strutturare-lo-studio\/studiare\/\" rel=\"attachment wp-att-210171\"><img loading=\"lazy\" decoding=\"async\" class=\" wp-image-210171 alignleft\" src=\"https:\/\/www.radiopiu.net\/wordpress\/wp-content\/uploads\/2021\/05\/studiare-300x200.jpeg\" alt=\"\" width=\"177\" height=\"118\" srcset=\"https:\/\/www.radiopiu.net\/wordpress\/wp-content\/uploads\/2021\/05\/studiare-300x200.jpeg 300w, https:\/\/www.radiopiu.net\/wordpress\/wp-content\/uploads\/2021\/05\/studiare.jpeg 626w\" sizes=\"auto, (max-width: 177px) 100vw, 177px\" \/><\/a>007 IN CONDOTTA CON LA PROF. MARIA ROSA SALMAZO IL LUNEDI ALLE 10,30 E ALLE 19.00 LA DOMENICA ALLE 8 DEL MATTINO. NONA STAGIONE<\/h2>\n<p><span style=\"color: #ff0000;\"><strong>PUNTATA DEL 07 GIUGNO\u00a0 ULTIMA PUNTATA NONA STAGIONE, LA FINE DELL&#8217;ANNO SCOLASTICO, CON UN GRAZIE ALLA PROF. E ALLO STUDENTE &#8220;RIPETENTE&#8221; &#8230; CI SI RITROVA A SETTEMBRE PER IL DECIMO ANNO&#8230;<\/strong><\/span><\/p>\n<\/div>\n<div dir=\"auto\">\n<audio class=\"wp-audio-shortcode\" id=\"audio-214933-18\" preload=\"none\" style=\"width: 100%;\" controls=\"controls\"><source type=\"audio\/mpeg\" src=\"https:\/\/www.radiopiu.net\/wordpress\/wp-content\/uploads\/2021\/06\/007-5-giugno.mp3?_=18\" \/><a href=\"https:\/\/www.radiopiu.net\/wordpress\/wp-content\/uploads\/2021\/06\/007-5-giugno.mp3\">https:\/\/www.radiopiu.net\/wordpress\/wp-content\/uploads\/2021\/06\/007-5-giugno.mp3<\/a><\/audio>\n<h2>LA RACCOLTA COMPLETA<\/h2>\n<blockquote class=\"wp-embedded-content\" data-secret=\"M6IxdEGfya\"><p><a href=\"https:\/\/www.radiopiu.net\/wordpress\/007incondotta-9\/\">007 in condotta<\/a><\/p><\/blockquote>\n<p><iframe loading=\"lazy\" class=\"wp-embedded-content\" sandbox=\"allow-scripts\" security=\"restricted\" style=\"position: absolute; clip: rect(1px, 1px, 1px, 1px);\" title=\"&#8220;007 in condotta&#8221; &#8212; Radio Pi\u00f9\" src=\"https:\/\/www.radiopiu.net\/wordpress\/007incondotta-9\/embed\/#?secret=M6IxdEGfya\" data-secret=\"M6IxdEGfya\" width=\"600\" height=\"338\" frameborder=\"0\" marginwidth=\"0\" marginheight=\"0\" scrolling=\"no\"><\/iframe><\/p>\n<p>&nbsp;<\/p>\n<h1><\/h1>\n<\/div>\n<hr \/>\n<p>&nbsp;<\/p>\n<p>&nbsp;<\/p>\n<div dir=\"auto\">\n<blockquote>\n<h3>SALUTE E SOCIETA&#8217; IL LUNEDI ALLE 13.10 E ALLE 20.10, LA DOMENICA ALLE 10.30 A CURA DEL DOTTOR MARCO CARACCIOLO. QUINTA STAGIONE<\/h3>\n<\/blockquote>\n<p><strong>LA PUNTATA DELLA SETTIMANA del 7 GIUGNO<\/strong><\/p>\n<p><a href=\"https:\/\/www.radiopiu.net\/wordpress\/giornale-radiopiu-08-giugno-2021-direttore-mirko-mezzacasa\/3dc9e2ab-2d96-92b2-0368-5d4f1b0e76bc\/\" rel=\"attachment wp-att-214500\"><img loading=\"lazy\" decoding=\"async\" class=\" wp-image-214500 alignleft\" src=\"https:\/\/www.radiopiu.net\/wordpress\/wp-content\/uploads\/2021\/06\/3dc9e2ab-2d96-92b2-0368-5d4f1b0e76bc-300x169.png\" alt=\"\" width=\"225\" height=\"127\" srcset=\"https:\/\/www.radiopiu.net\/wordpress\/wp-content\/uploads\/2021\/06\/3dc9e2ab-2d96-92b2-0368-5d4f1b0e76bc-300x169.png 300w, https:\/\/www.radiopiu.net\/wordpress\/wp-content\/uploads\/2021\/06\/3dc9e2ab-2d96-92b2-0368-5d4f1b0e76bc-1024x576.png 1024w, https:\/\/www.radiopiu.net\/wordpress\/wp-content\/uploads\/2021\/06\/3dc9e2ab-2d96-92b2-0368-5d4f1b0e76bc-768x432.png 768w, https:\/\/www.radiopiu.net\/wordpress\/wp-content\/uploads\/2021\/06\/3dc9e2ab-2d96-92b2-0368-5d4f1b0e76bc.png 1280w\" sizes=\"auto, (max-width: 225px) 100vw, 225px\" \/><\/a>Il colangiocarcinoma \u00e8 un tumore raro che si forma nei dotti biliari. I pazienti con questa patologia spesso vengono diagnosticati in una fase tardiva o avanzata della malattia, quando la prognosi \u00e8 sfavorevole. In Europa, l\u2019incidenza del colangiocarcinoma varia tra i 6000 e gli 8000 casi. Danilo Magliano ne ha parlato con Davide Melisi, Professore di Oncologia Medica, Universit\u00e0 degli Studi di Verona<\/p>\n<p><strong>AUDIO\u00a0\u00a0<\/strong><\/p>\n<audio class=\"wp-audio-shortcode\" id=\"audio-214933-19\" preload=\"none\" style=\"width: 100%;\" controls=\"controls\"><source type=\"audio\/mpeg\" src=\"https:\/\/www.radiopiu.net\/wordpress\/wp-content\/uploads\/2021\/06\/SALUTE.mp3?_=19\" \/><a href=\"https:\/\/www.radiopiu.net\/wordpress\/wp-content\/uploads\/2021\/06\/SALUTE.mp3\">https:\/\/www.radiopiu.net\/wordpress\/wp-content\/uploads\/2021\/06\/SALUTE.mp3<\/a><\/audio>\n<p><strong>LA RACCOLTA COMPLETA\u00a0<\/strong><\/p>\n<blockquote class=\"wp-embedded-content\" data-secret=\"1uONfbHDma\"><p><a href=\"https:\/\/www.radiopiu.net\/wordpress\/saluteesocieta\/\">Salute e Societ\u00e0<\/a><\/p><\/blockquote>\n<p><iframe loading=\"lazy\" class=\"wp-embedded-content\" sandbox=\"allow-scripts\" security=\"restricted\" style=\"position: absolute; clip: rect(1px, 1px, 1px, 1px);\" title=\"&#8220;Salute e Societ\u00e0&#8221; &#8212; Radio Pi\u00f9\" src=\"https:\/\/www.radiopiu.net\/wordpress\/saluteesocieta\/embed\/#?secret=1uONfbHDma\" data-secret=\"1uONfbHDma\" width=\"600\" height=\"338\" frameborder=\"0\" marginwidth=\"0\" marginheight=\"0\" scrolling=\"no\"><\/iframe><\/p>\n<\/div>\n<div dir=\"auto\">\n<h1><\/h1>\n<\/div>\n<hr \/>\n<blockquote>\n<h3 id=\"titlewrap\"><\/h3>\n<h3>COLLAGE DI LORIS SCUSSEL, DAL LUNEDI AL VENERDI ALLE 16 E ALLE 23<\/h3>\n<\/blockquote>\n<div><strong>AUDIO PUNTATA 363 DEL\u00a0 09 GIUGNO\u00a0 \u00a0<\/strong><\/div>\n<div>\n<audio class=\"wp-audio-shortcode\" id=\"audio-214933-20\" preload=\"none\" style=\"width: 100%;\" controls=\"controls\"><source type=\"audio\/mpeg\" src=\"https:\/\/www.radiopiu.net\/wordpress\/wp-content\/uploads\/2021\/06\/Collage-363.mp3?_=20\" \/><a href=\"https:\/\/www.radiopiu.net\/wordpress\/wp-content\/uploads\/2021\/06\/Collage-363.mp3\">https:\/\/www.radiopiu.net\/wordpress\/wp-content\/uploads\/2021\/06\/Collage-363.mp3<\/a><\/audio>\n<p><strong>\u00a0 \u00a0<\/strong><strong>\u00a0<\/strong><img loading=\"lazy\" decoding=\"async\" class=\"alignleft\" src=\"https:\/\/www.radiopiu.net\/wordpress\/wp-content\/uploads\/2021\/05\/Schermata-2021-05-23-alle-11.50.11.png\" width=\"186\" height=\"131\" \/>Il programma \u00e8 andato in onda da dicembre 2013 fino a luglio 2019, comprese le repliche, in due serie per 350 puntate complessive con 1.890 brani trasmessi. L\u2019obiettivo del programma: riproporre agli ascoltatori pi\u00f9 grandicelli le canzoni che ascoltavano nel passato e nello stesso tempo farle conoscere anche ai pi\u00f9 giovani.<\/p>\n<p>&nbsp;<\/p>\n<\/div>\n<p>&nbsp;<\/p>\n<p>&nbsp;<\/p>\n<hr \/>\n<p>&nbsp;<\/p>\n<p>&nbsp;<\/p>\n<p><strong>RIASCOLTA IL CONCERTO&#8230;. DIRETTA RADIO PIU<\/strong><\/p>\n<blockquote class=\"wp-embedded-content\" data-secret=\"x9rSAImEZd\"><p><a href=\"https:\/\/www.radiopiu.net\/wordpress\/le-muse-e-le-dolomiti-il-concerto-in-diretta-dalla-chiesa-arcidiaconale-di-agordo\/\">LE MUSE E LE DOLOMITI, IL CONCERTO IN DIRETTA DALLA CHIESA ARCIDIACONALE DI AGORDO<\/a><\/p><\/blockquote>\n<p><iframe loading=\"lazy\" class=\"wp-embedded-content\" sandbox=\"allow-scripts\" security=\"restricted\" style=\"position: absolute; clip: rect(1px, 1px, 1px, 1px);\" title=\"&#8220;LE MUSE E LE DOLOMITI, IL CONCERTO IN DIRETTA DALLA CHIESA ARCIDIACONALE DI AGORDO&#8221; &#8212; Radio Pi\u00f9\" src=\"https:\/\/www.radiopiu.net\/wordpress\/le-muse-e-le-dolomiti-il-concerto-in-diretta-dalla-chiesa-arcidiaconale-di-agordo\/embed\/#?secret=x9rSAImEZd\" data-secret=\"x9rSAImEZd\" width=\"600\" height=\"338\" frameborder=\"0\" marginwidth=\"0\" marginheight=\"0\" scrolling=\"no\"><\/iframe><\/p>\n<p>&nbsp;<\/p>\n<p>&nbsp;<\/p>\n<h1><\/h1>\n<div>\n<div>\n<div class=\"page-title-head hgroup\">\n<div class=\"page-title-head hgroup\">\n<div class=\"page-title-head hgroup\">\n<div>\n<div>\n<div class=\"b654a4as d2edcug0\">\n<div class=\"rq0escxv hkbzh7o3 jwdofwj8 n8tt0mok r8blr3vg hyh9befq\">\n<hr \/>\n<\/div>\n<\/div>\n<\/div>\n<div>\n<div class=\"page-title-head hgroup\">\n<div class=\"page-title-head hgroup\">\n<div>\n<div class=\"b654a4as d2edcug0\">\n<p>&nbsp;<\/p>\n<blockquote>\n<h3><img loading=\"lazy\" decoding=\"async\" class=\"alignleft\" src=\"https:\/\/www.radiopiu.net\/wordpress\/wp-content\/uploads\/2021\/06\/fresh-flower-leaves-saffron-white-background-place-your-text-use-saffron-spice-cooking-cosmetology_347372-394.jpeg\" width=\"141\" height=\"94\" \/>L&#8217;ALMANACCO LADINO CON L&#8217;ISTITUT CESA DE JAN QUINDICINALE APPUNTAMENTO. LA DOMENICA ALLE 9 IL LUNEDI ALLE 8.35 IL MARTEDI ALLE 12.35 IL MERCOLEDI ALLE 18.35. SECONDA STAGIONE.<\/h3>\n<\/blockquote>\n<p><span style=\"color: #ff0000;\"><strong>puntata 07 giugno, numero 60<\/strong><\/span><\/p>\n<audio class=\"wp-audio-shortcode\" id=\"audio-214933-21\" preload=\"none\" style=\"width: 100%;\" controls=\"controls\"><source type=\"audio\/mpeg\" src=\"https:\/\/www.radiopiu.net\/wordpress\/wp-content\/uploads\/2021\/06\/LADINO.mp3?_=21\" \/><a href=\"https:\/\/www.radiopiu.net\/wordpress\/wp-content\/uploads\/2021\/06\/LADINO.mp3\">https:\/\/www.radiopiu.net\/wordpress\/wp-content\/uploads\/2021\/06\/LADINO.mp3<\/a><\/audio>\n<p><strong>RACCOLTA COMPLETA\u00a0<\/strong><\/p>\n<blockquote class=\"wp-embedded-content\" data-secret=\"YCemKgijb5\"><p><a href=\"https:\/\/www.radiopiu.net\/wordpress\/almanacco-ladino\/\">Almanacco Ladino<\/a><\/p><\/blockquote>\n<p><iframe loading=\"lazy\" class=\"wp-embedded-content\" sandbox=\"allow-scripts\" security=\"restricted\" style=\"position: absolute; clip: rect(1px, 1px, 1px, 1px);\" title=\"&#8220;Almanacco Ladino&#8221; &#8212; Radio Pi\u00f9\" src=\"https:\/\/www.radiopiu.net\/wordpress\/almanacco-ladino\/embed\/#?secret=YCemKgijb5\" data-secret=\"YCemKgijb5\" width=\"600\" height=\"338\" frameborder=\"0\" marginwidth=\"0\" marginheight=\"0\" scrolling=\"no\"><\/iframe><\/p>\n<div dir=\"auto\"><\/div>\n<\/div>\n<div>\n<p>&nbsp;<\/p>\n<hr \/>\n<h2><span style=\"color: #808000;\">\u00a0<\/span><\/h2>\n<h2><span style=\"color: #808000;\">DUE MINUTI UN LIBRO\u00a0 TUTTI I GIORNI ALLA RADIO ALLE 9.30 E ALLE 18. QUINTA STAGIONE\u00a0 \u00a0\u00a0<\/span><\/h2>\n<blockquote class=\"wp-embedded-content\" data-secret=\"8uro9ESflR\"><p><a href=\"https:\/\/www.radiopiu.net\/wordpress\/piangi-pure\/\">PIANGI PURE<\/a><\/p><\/blockquote>\n<p><iframe loading=\"lazy\" class=\"wp-embedded-content\" sandbox=\"allow-scripts\" security=\"restricted\" style=\"position: absolute; clip: rect(1px, 1px, 1px, 1px);\" title=\"&#8220;PIANGI PURE&#8221; &#8212; Radio Pi\u00f9\" src=\"https:\/\/www.radiopiu.net\/wordpress\/piangi-pure\/embed\/#?secret=8uro9ESflR\" data-secret=\"8uro9ESflR\" width=\"600\" height=\"338\" frameborder=\"0\" marginwidth=\"0\" marginheight=\"0\" scrolling=\"no\"><\/iframe><\/p>\n<blockquote class=\"wp-embedded-content\" data-secret=\"gcHdA33mI8\"><p><a href=\"https:\/\/www.radiopiu.net\/wordpress\/due-minuti-un-libro\/\">Due minuti un libro<\/a><\/p><\/blockquote>\n<p><iframe loading=\"lazy\" class=\"wp-embedded-content\" sandbox=\"allow-scripts\" security=\"restricted\" style=\"position: absolute; clip: rect(1px, 1px, 1px, 1px);\" title=\"&#8220;Due minuti un libro&#8221; &#8212; Radio Pi\u00f9\" src=\"https:\/\/www.radiopiu.net\/wordpress\/due-minuti-un-libro\/embed\/#?secret=gcHdA33mI8\" data-secret=\"gcHdA33mI8\" width=\"600\" height=\"338\" frameborder=\"0\" marginwidth=\"0\" marginheight=\"0\" scrolling=\"no\"><\/iframe><\/p>\n<p>&nbsp;<\/p>\n<p>&nbsp;<\/p>\n<hr \/>\n<p>\u200b<\/p>\n<div>\n<h2><span style=\"color: #33cccc;\">I RACCONTI DI PAOLO SOPPELSA il lunedi alle 9.30 e 18.30<\/span><\/h2>\n<p><span style=\"color: #0000ff;\">INFORMAZIONE il canale su TELEGRAM informazione di prima mano e in tempo reale. iscriviti ed aiutaci a farlo conoscere\u00a0<\/span><\/p>\n<p>&nbsp;<\/p>\n<blockquote class=\"wp-embedded-content\" data-secret=\"xh56VJdjUf\"><p><a href=\"https:\/\/www.radiopiu.net\/wordpress\/i-racconti-di-paolo-soppelsa-settantottesima-puntata\/\">I RACCONTI DI PAOLO SOPPELSA SETTANTOTTESIMA PUNTATA<\/a><\/p><\/blockquote>\n<p><iframe loading=\"lazy\" class=\"wp-embedded-content\" sandbox=\"allow-scripts\" security=\"restricted\" style=\"position: absolute; clip: rect(1px, 1px, 1px, 1px);\" title=\"&#8220;I RACCONTI DI PAOLO SOPPELSA SETTANTOTTESIMA PUNTATA&#8221; &#8212; Radio Pi\u00f9\" src=\"https:\/\/www.radiopiu.net\/wordpress\/i-racconti-di-paolo-soppelsa-settantottesima-puntata\/embed\/#?secret=xh56VJdjUf\" data-secret=\"xh56VJdjUf\" width=\"600\" height=\"338\" frameborder=\"0\" marginwidth=\"0\" marginheight=\"0\" scrolling=\"no\"><\/iframe><\/p>\n<blockquote class=\"wp-embedded-content\" data-secret=\"ZB4r3yrgd2\"><p><a href=\"https:\/\/www.radiopiu.net\/wordpress\/i-racconti-di-paolo-soppelsa\/\">I racconti di Paolo Soppelsa<\/a><\/p><\/blockquote>\n<p><iframe loading=\"lazy\" class=\"wp-embedded-content\" sandbox=\"allow-scripts\" security=\"restricted\" style=\"position: absolute; clip: rect(1px, 1px, 1px, 1px);\" title=\"&#8220;I racconti di Paolo Soppelsa&#8221; &#8212; Radio Pi\u00f9\" src=\"https:\/\/www.radiopiu.net\/wordpress\/i-racconti-di-paolo-soppelsa\/embed\/#?secret=ZB4r3yrgd2\" data-secret=\"ZB4r3yrgd2\" width=\"600\" height=\"338\" frameborder=\"0\" marginwidth=\"0\" marginheight=\"0\" scrolling=\"no\"><\/iframe><\/p>\n<p>&nbsp;<\/p>\n<\/div>\n<\/div>\n<hr \/>\n<p>&nbsp;<\/p>\n<h2><strong><span style=\"color: #ff0000;\">ALLA RADIO<\/span><\/strong><\/h2>\n<div data-offset-key=\"5n5nl-0-0\">\n<h3>Per ricevere gli aggiornamenti in tempo reale delle notizie pubblicate alla radio e sul sito di radio pi\u00f9 iscriviti al gruppo RADIO PIU INFORMAZIONE su Telegram.\u00a0\u00a0<a href=\"https:\/\/t.me\/radiopiu\">clicca qui<\/a><\/h3>\n<p>&nbsp;<\/p>\n<\/div>\n<blockquote><p><strong><a href=\"https:\/\/www.radiopiu.net\/wordpress\/cassa-solidarieta-luxottica-puntata-del-19-giugno-2020\/cslxo-2\/\" rel=\"attachment wp-att-145244\"><img loading=\"lazy\" decoding=\"async\" class=\"size-medium wp-image-145244 alignleft\" src=\"https:\/\/www.radiopiu.net\/wordpress\/wp-content\/uploads\/2020\/06\/cassa-solidarieta-luxottica-300x148.jpg\" alt=\"\" width=\"300\" height=\"148\" srcset=\"https:\/\/www.radiopiu.net\/wordpress\/wp-content\/uploads\/2020\/06\/cassa-solidarieta-luxottica-300x148.jpg 300w, https:\/\/www.radiopiu.net\/wordpress\/wp-content\/uploads\/2020\/06\/cassa-solidarieta-luxottica-1024x504.jpg 1024w, https:\/\/www.radiopiu.net\/wordpress\/wp-content\/uploads\/2020\/06\/cassa-solidarieta-luxottica-768x378.jpg 768w, https:\/\/www.radiopiu.net\/wordpress\/wp-content\/uploads\/2020\/06\/cassa-solidarieta-luxottica.jpg 1167w\" sizes=\"auto, (max-width: 300px) 100vw, 300px\" \/><\/a>di Claudio Fontanive<\/strong><\/p>\n<p>OSPITI: Paolo Chissal\u00e8 e Fabrizio Campedel<\/p>\n<p>&nbsp;<\/p>\n<p><strong>PUNTATA MAGGIO 2021<\/strong><\/p>\n<audio class=\"wp-audio-shortcode\" id=\"audio-214933-22\" preload=\"none\" style=\"width: 100%;\" controls=\"controls\"><source type=\"audio\/mpeg\" src=\"https:\/\/www.radiopiu.net\/wordpress\/wp-content\/uploads\/2021\/05\/ca-sol-lux-maggio-2021.mp3?_=22\" \/><a href=\"https:\/\/www.radiopiu.net\/wordpress\/wp-content\/uploads\/2021\/05\/ca-sol-lux-maggio-2021.mp3\">https:\/\/www.radiopiu.net\/wordpress\/wp-content\/uploads\/2021\/05\/ca-sol-lux-maggio-2021.mp3<\/a><\/audio>\n<h2>RACCOLTA COMPLETA<\/h2>\n<\/blockquote>\n<blockquote class=\"wp-embedded-content\" data-secret=\"twf3Y88xxk\"><p><a href=\"https:\/\/www.radiopiu.net\/wordpress\/cassa-solidarieta-luxottica-puntata-del-16-ottobre-2020\/\">CASSA SOLIDARIET\u00c0 LUXOTTICA &#8211; TUTTE LE PUNTATE<\/a><\/p><\/blockquote>\n<p><iframe loading=\"lazy\" class=\"wp-embedded-content\" sandbox=\"allow-scripts\" security=\"restricted\" style=\"position: absolute; clip: rect(1px, 1px, 1px, 1px);\" title=\"&#8220;CASSA SOLIDARIET\u00c0 LUXOTTICA &#8211; TUTTE LE PUNTATE&#8221; &#8212; Radio Pi\u00f9\" src=\"https:\/\/www.radiopiu.net\/wordpress\/cassa-solidarieta-luxottica-puntata-del-16-ottobre-2020\/embed\/#?secret=twf3Y88xxk\" data-secret=\"twf3Y88xxk\" width=\"600\" height=\"338\" frameborder=\"0\" marginwidth=\"0\" marginheight=\"0\" scrolling=\"no\"><\/iframe><\/p>\n<div>\n<p>&nbsp;<\/p>\n<h2><\/h2>\n<hr \/>\n<p><strong><span style=\"color: #ff0000;\">\u00a0<\/span><\/strong><\/p>\n<h2><strong><span style=\"color: #ff0000;\">QUINDICINALE APPUNTAMENTO ALLA RADIO<\/span><\/strong><\/h2>\n<blockquote>\n<h3><a style=\"font-size: 14px; font-weight: normal;\" href=\"https:\/\/www.radiopiu.net\/wordpress\/giornale-radiopiu-06-febbraio-2019-direttore-mirko-mezzacasa\/logo_spi-cgil-800x445\/\" rel=\"attachment wp-att-75538\"><img loading=\"lazy\" decoding=\"async\" class=\"wp-image-75538 alignleft\" src=\"https:\/\/www.radiopiu.net\/wordpress\/wp-content\/uploads\/2019\/02\/Logo_Spi-CGIL-800x445-300x167.jpg\" alt=\"\" width=\"210\" height=\"117\" srcset=\"https:\/\/www.radiopiu.net\/wordpress\/wp-content\/uploads\/2019\/02\/Logo_Spi-CGIL-800x445-300x167.jpg 300w, https:\/\/www.radiopiu.net\/wordpress\/wp-content\/uploads\/2019\/02\/Logo_Spi-CGIL-800x445-768x427.jpg 768w, https:\/\/www.radiopiu.net\/wordpress\/wp-content\/uploads\/2019\/02\/Logo_Spi-CGIL-800x445.jpg 800w\" sizes=\"auto, (max-width: 210px) 100vw, 210px\" \/><\/a><\/h3>\n<\/blockquote>\n<blockquote>\n<h3>ALLA RADIO, APPUNTAMENTO QUINDICINALE CON SPI-CGIL BELLUNO, IN STUDIO MARIA RITA GENTILIN<\/h3>\n<\/blockquote>\n<p><strong>di Claudio Fontanive\u00a0<\/strong><\/p>\n<p><span style=\"color: #ff0000;\"><strong>PUNTATA DEL 27 MAGGIO 2021<br \/>\n<\/strong><\/span><\/p>\n<audio class=\"wp-audio-shortcode\" id=\"audio-214933-23\" preload=\"none\" style=\"width: 100%;\" controls=\"controls\"><source type=\"audio\/mpeg\" src=\"https:\/\/www.radiopiu.net\/wordpress\/wp-content\/uploads\/2021\/04\/spi-cgil-28-aprile.mp3?_=23\" \/><a href=\"https:\/\/www.radiopiu.net\/wordpress\/wp-content\/uploads\/2021\/04\/spi-cgil-28-aprile.mp3\">https:\/\/www.radiopiu.net\/wordpress\/wp-content\/uploads\/2021\/04\/spi-cgil-28-aprile.mp3<\/a><\/audio>\n<p>&nbsp;<\/p>\n<\/div>\n<p>&nbsp;<\/p>\n<hr \/>\n<\/div>\n<blockquote>\n<blockquote>\n<h2><a href=\"https:\/\/www.radiopiu.net\/wordpress\/speciale-solidarieta-veneto\/solidarieta-veneto-3\/\" rel=\"attachment wp-att-134366\">\u00a0<\/a><\/h2>\n<h2><a href=\"https:\/\/www.radiopiu.net\/wordpress\/speciale-solidarieta-veneto\/solidarieta-veneto-3\/\" rel=\"attachment wp-att-134366\"><img loading=\"lazy\" decoding=\"async\" class=\"wp-image-134366 alignleft\" src=\"https:\/\/www.radiopiu.net\/wordpress\/wp-content\/uploads\/2020\/05\/solidariet\u00e0-veneto-300x210.jpg\" alt=\"\" width=\"102\" height=\"71\" srcset=\"https:\/\/www.radiopiu.net\/wordpress\/wp-content\/uploads\/2020\/05\/solidariet\u00e0-veneto-300x210.jpg 300w, https:\/\/www.radiopiu.net\/wordpress\/wp-content\/uploads\/2020\/05\/solidariet\u00e0-veneto-1024x717.jpg 1024w, https:\/\/www.radiopiu.net\/wordpress\/wp-content\/uploads\/2020\/05\/solidariet\u00e0-veneto-768x538.jpg 768w, https:\/\/www.radiopiu.net\/wordpress\/wp-content\/uploads\/2020\/05\/solidariet\u00e0-veneto.jpg 1373w\" sizes=\"auto, (max-width: 102px) 100vw, 102px\" \/><\/a>SOLIDARIETA&#8217; VENETO FONDO PENSIONE, IN ONDA IL PRIMO VENERDI DEL MESE ALLE 10.30 E ALLE 19.00 QUINTA STAGIONE<\/h2>\n<\/blockquote>\n<h2><strong><span style=\"color: #ff0000;\">AUDIO MAGGIO 2021<\/span><\/strong><\/h2>\n<\/blockquote>\n<div>\n<audio class=\"wp-audio-shortcode\" id=\"audio-214933-24\" preload=\"none\" style=\"width: 100%;\" controls=\"controls\"><source type=\"audio\/mpeg\" src=\"https:\/\/www.radiopiu.net\/wordpress\/wp-content\/uploads\/2021\/05\/solidarieta-veneto-maggio-2021.mp3?_=24\" \/><a href=\"https:\/\/www.radiopiu.net\/wordpress\/wp-content\/uploads\/2021\/05\/solidarieta-veneto-maggio-2021.mp3\">https:\/\/www.radiopiu.net\/wordpress\/wp-content\/uploads\/2021\/05\/solidarieta-veneto-maggio-2021.mp3<\/a><\/audio>\n<\/div>\n<h2>LA RACCOLTA COMPLETA<\/h2>\n<blockquote class=\"wp-embedded-content\" data-secret=\"cleVb4mqqJ\"><p><a href=\"https:\/\/www.radiopiu.net\/wordpress\/solidarieta-veneto\/\">Solidariet\u00e0 Veneto<\/a><\/p><\/blockquote>\n<p><iframe loading=\"lazy\" class=\"wp-embedded-content\" sandbox=\"allow-scripts\" security=\"restricted\" style=\"position: absolute; clip: rect(1px, 1px, 1px, 1px);\" title=\"&#8220;Solidariet\u00e0 Veneto&#8221; &#8212; Radio Pi\u00f9\" src=\"https:\/\/www.radiopiu.net\/wordpress\/solidarieta-veneto\/embed\/#?secret=cleVb4mqqJ\" data-secret=\"cleVb4mqqJ\" width=\"600\" height=\"338\" frameborder=\"0\" marginwidth=\"0\" marginheight=\"0\" scrolling=\"no\"><\/iframe><\/p>\n<blockquote>\n<h2><\/h2>\n<h2><\/h2>\n<\/blockquote>\n<div>\n<hr \/>\n<\/div>\n<div class=\"page-title-head hgroup\">\n<div>\n<p>&nbsp;<\/p>\n<h2><span style=\"color: #ff0000;\">MUSLA, CON LA NUOVA GENERAZIONE LINGUE, USI, COSTUMI , raccolta completa<\/span><\/h2>\n<blockquote class=\"wp-embedded-content\" data-secret=\"GG9BAC4vwq\"><p><a href=\"https:\/\/www.radiopiu.net\/wordpress\/agora-agordina-la-nosta-piaza\/\">AGORA&#8217; AGORDINA&#8230; LA NOSTA PIAZA LADINA RACCOLTA COMPLETA PRIMA STAGIONE<\/a><\/p><\/blockquote>\n<p><iframe loading=\"lazy\" class=\"wp-embedded-content\" sandbox=\"allow-scripts\" security=\"restricted\" style=\"position: absolute; clip: rect(1px, 1px, 1px, 1px);\" title=\"&#8220;AGORA&#8217; AGORDINA&#8230; LA NOSTA PIAZA LADINA RACCOLTA COMPLETA PRIMA STAGIONE&#8221; &#8212; Radio Pi\u00f9\" src=\"https:\/\/www.radiopiu.net\/wordpress\/agora-agordina-la-nosta-piaza\/embed\/#?secret=GG9BAC4vwq\" data-secret=\"GG9BAC4vwq\" width=\"600\" height=\"338\" frameborder=\"0\" marginwidth=\"0\" marginheight=\"0\" scrolling=\"no\"><\/iframe><\/p>\n<p>&nbsp;<\/p>\n<div class=\"b654a4as d2edcug0\">\n<div dir=\"auto\">\n<h1><\/h1>\n<hr \/>\n<p>&nbsp;<\/p>\n<div>\n<h2><span style=\"color: #ff0000;\">LEGGERMENTE BELLUNESI CON LUISA ALCHINI la raccolta completa<\/span><\/h2>\n<\/div>\n<div>\n<blockquote class=\"wp-embedded-content\" data-secret=\"3rJPQFkXbj\"><p><a href=\"https:\/\/www.radiopiu.net\/wordpress\/leggermente-20\/\">LEGGERmente&#8230;Bellunesi<\/a><\/p><\/blockquote>\n<p><iframe loading=\"lazy\" class=\"wp-embedded-content\" sandbox=\"allow-scripts\" security=\"restricted\" style=\"position: absolute; clip: rect(1px, 1px, 1px, 1px);\" title=\"&#8220;LEGGERmente&#8230;Bellunesi&#8221; &#8212; Radio Pi\u00f9\" src=\"https:\/\/www.radiopiu.net\/wordpress\/leggermente-20\/embed\/#?secret=3rJPQFkXbj\" data-secret=\"3rJPQFkXbj\" width=\"600\" height=\"338\" frameborder=\"0\" marginwidth=\"0\" marginheight=\"0\" scrolling=\"no\"><\/iframe><\/p>\n<\/div>\n<\/div>\n<p>&nbsp;<\/p>\n<hr \/>\n<p>&nbsp;<\/p>\n<h2><span style=\"color: #ff0000;\">GOCCE DI FILOSOFIA, CON CHIARA CAU, CON LISA DE LUCA la raccolta completa<\/span><\/h2>\n<blockquote class=\"wp-embedded-content\" data-secret=\"I17VcQzLVd\"><p><a href=\"https:\/\/www.radiopiu.net\/wordpress\/gocce-filosofia\/\">Gocce di filosofia<\/a><\/p><\/blockquote>\n<p><iframe loading=\"lazy\" class=\"wp-embedded-content\" sandbox=\"allow-scripts\" security=\"restricted\" style=\"position: absolute; clip: rect(1px, 1px, 1px, 1px);\" title=\"&#8220;Gocce di filosofia&#8221; &#8212; Radio Pi\u00f9\" src=\"https:\/\/www.radiopiu.net\/wordpress\/gocce-filosofia\/embed\/#?secret=I17VcQzLVd\" data-secret=\"I17VcQzLVd\" width=\"600\" height=\"338\" frameborder=\"0\" marginwidth=\"0\" marginheight=\"0\" scrolling=\"no\"><\/iframe><\/p>\n<p>&nbsp;<\/p>\n<p>&nbsp;<\/p>\n<hr \/>\n<\/div>\n<\/div>\n<p>&nbsp;<\/p>\n<p><a href=\"https:\/\/www.radiopiu.net\/wordpress\/giornale-radiopiu-26-settembre-2018-direttore-mirko-mezzacasa\/viabilita-2\/\" rel=\"attachment wp-att-61954\"><img loading=\"lazy\" decoding=\"async\" class=\"wp-image-61954 size-full aligncenter\" src=\"https:\/\/www.radiopiu.net\/wordpress\/wp-content\/uploads\/2018\/09\/viabilita.jpeg\" alt=\"\" width=\"800\" height=\"100\" srcset=\"https:\/\/www.radiopiu.net\/wordpress\/wp-content\/uploads\/2018\/09\/viabilita.jpeg 800w, https:\/\/www.radiopiu.net\/wordpress\/wp-content\/uploads\/2018\/09\/viabilita-300x38.jpeg 300w, https:\/\/www.radiopiu.net\/wordpress\/wp-content\/uploads\/2018\/09\/viabilita-768x96.jpeg 768w\" sizes=\"auto, (max-width: 800px) 100vw, 800px\" \/><\/a><\/p>\n<blockquote><p><a href=\"https:\/\/www.radiopiu.net\/wordpress\/giornale-radiopiu-09-agosto-2018-direttore-mirko-mezzacasa\/viabilia\/\" rel=\"attachment wp-att-57053\"><img loading=\"lazy\" decoding=\"async\" class=\" wp-image-57053 alignleft\" src=\"https:\/\/www.radiopiu.net\/wordpress\/wp-content\/uploads\/2018\/08\/VIABILIA-300x180.jpeg\" alt=\"\" width=\"220\" height=\"132\" srcset=\"https:\/\/www.radiopiu.net\/wordpress\/wp-content\/uploads\/2018\/08\/VIABILIA-300x180.jpeg 300w, https:\/\/www.radiopiu.net\/wordpress\/wp-content\/uploads\/2018\/08\/VIABILIA-768x461.jpeg 768w, https:\/\/www.radiopiu.net\/wordpress\/wp-content\/uploads\/2018\/08\/VIABILIA-1024x614.jpeg 1024w, https:\/\/www.radiopiu.net\/wordpress\/wp-content\/uploads\/2018\/08\/VIABILIA.jpeg 1280w\" sizes=\"auto, (max-width: 220px) 100vw, 220px\" \/><\/a>La viabilit\u00e0 con gli ultimi aggiornamenti da Veneto Strade.<\/p>\n<p><span style=\"color: #ff0000;\"><strong>in onda alla radio: 4.05, 6.18, 14 30 , 18.30, 23.25\u00a0<\/strong><\/span><\/p><\/blockquote>\n<\/div>\n<div>\n<audio class=\"wp-audio-shortcode\" id=\"audio-214933-25\" preload=\"none\" style=\"width: 100%;\" controls=\"controls\"><source type=\"audio\/mpeg\" src=\"https:\/\/www.radiopiu.net\/wordpress\/wp-content\/uploads\/2021\/06\/VIABILITA-2.mp3?_=25\" \/><a href=\"https:\/\/www.radiopiu.net\/wordpress\/wp-content\/uploads\/2021\/06\/VIABILITA-2.mp3\">https:\/\/www.radiopiu.net\/wordpress\/wp-content\/uploads\/2021\/06\/VIABILITA-2.mp3<\/a><\/audio>\n<\/div>\n<\/div>\n<\/div>\n<\/div>\n<\/div>\n<p>&nbsp;<\/p>\n<p>&nbsp;<\/p>\n<\/div>\n<\/div>\n<hr \/>\n<p>&nbsp;<\/p>\n<\/div>\n<\/div>\n<div>\n<div class=\"page-title-head hgroup\">\n<div class=\"page-title-head hgroup\">\n<div dir=\"auto\">\n<p><a class=\"dt-pswp-item pspw-wrap-ready\" href=\"https:\/\/i0.wp.com\/www.radiopiu.net\/wordpress\/wp-content\/uploads\/2018\/09\/WhatsApp-Image-2018-09-20-at-16.04.06.jpeg?ssl=1\" data-dt-img-description=\"\" data-large_image_width=\"800\" data-large_image_height=\"100\"><img loading=\"lazy\" decoding=\"async\" class=\"aligncenter wp-image-61378 size-full jetpack-lazy-image jetpack-lazy-image--handled\" src=\"https:\/\/i0.wp.com\/www.radiopiu.net\/wordpress\/wp-content\/uploads\/2018\/09\/WhatsApp-Image-2018-09-20-at-16.04.06.jpeg?resize=800%2C100&amp;ssl=1\" sizes=\"auto, (max-width: 800px) 100vw, 800px\" srcset=\"https:\/\/i0.wp.com\/www.radiopiu.net\/wordpress\/wp-content\/uploads\/2018\/09\/WhatsApp-Image-2018-09-20-at-16.04.06.jpeg?w=800&amp;ssl=1 800w, https:\/\/i0.wp.com\/www.radiopiu.net\/wordpress\/wp-content\/uploads\/2018\/09\/WhatsApp-Image-2018-09-20-at-16.04.06.jpeg?resize=300%2C38&amp;ssl=1 300w, https:\/\/i0.wp.com\/www.radiopiu.net\/wordpress\/wp-content\/uploads\/2018\/09\/WhatsApp-Image-2018-09-20-at-16.04.06.jpeg?resize=768%2C96&amp;ssl=1 768w\" alt=\"\" width=\"800\" height=\"100\" data-lazy-loaded=\"1\" \/><\/a><\/p>\n<div>\n<p>&nbsp;<\/p>\n<p><center><b>Giovedi 10<\/b><\/center><b>Tempo atteso: <\/b>Al mattino velature e qualche annuvolamento stratiforme o addensamento mattutino sulle Prealpi, in diradamento. Altrove tratti soleggiati e nascente attivit\u00e0 cumuliforme. Al pomeriggio parziale riduzione del soleggiamento per attivit\u00e0 cumuliforme irregolare, complessivamente di minore entit\u00e0 rispetto ai giorni precedenti, e l&#8217;insidia fenomeni convettivi si attenuer\u00e0, pur rimanendo sulle stesse probabilit\u00e0. Contesto termico diurno relativamente caldo nei posti pi\u00f9 assolati.<br \/>\n<b>Precipitazioni: <\/b>Nottetempo precipitazioni sulle Prealpi (50\/60%). Al mattino assenti sulle Dolomiti (0%) e residue sulle Prealpi occidentali (30\/40%). Al pomeriggio probabilit\u00e0 assai contenuta per rovesci sulle Dolomiti (40\/50%), mentre il rischio sar\u00e0 pi\u00f9 alto sulle Prealpi (60\/70%), dove l&#8217;insidia temporalesca non sar\u00e0 da escludere, specie in caso di prolungato soleggiamento nelle prime ore del giorno. Gli apporti saranno minori rispetto a mercoled\u00ec.<br \/>\n<b>Temperature: <\/b>Minime in leggero calo; massime in aumento, eccetto stazionariet\u00e0 delle stesse sulle cime dolomitiche pi\u00f9 alte. Su Prealpi a 1500 m min 10\u00b0C max 16\u00b0C, a 2000 m min 7\u00b0C max 12\u00b0C. Su Dolomiti a 2000 m min 6\u00b0C max 13\u00b0C, a 3000 m min 1\u00b0C max 3\u00b0C.<br \/>\n<b>Venti: <\/b>Deboli per brezze nelle valli, localmente e a tratti moderati nei settori solitamente pi\u00f9 ventilati; in quota deboli al mattino e moderati al pomeriggio da nord, a 5-10 km\/h a 2000 m e 10\/20 km\/h a 3000 m.<\/p>\n<hr \/>\n<p><center><b>Venerdi 11<\/b><\/center><b>Tempo atteso: <\/b>Mattinata assai pi\u00f9 soleggiata, specie sulle Dolomiti, mentre banchi di stratocumuli mattutini saranno inizialmente presenti sulle Prealpi, in diradamento. Al pomeriggio attivit\u00e0 cumuliforme irregolare e perlopi\u00f9 modesta sulle Dolomiti, localmente moderata\/forte tra Dolomiti meridionali e Prealpi, dove gli addensamenti saranno assai pi\u00f9 intensi e associati a nuovi fenomeni convettivi.<br \/>\n<b>Precipitazioni: <\/b>Al mattino assenti (0%). Al pomeriggio probabilit\u00e0 piuttosto remota sulle Dolomiti centro-settentrionali, mentre tale rischio crescer\u00e0 gradualmente dalle Dolomiti meridionali (30\/40%) alle Prealpi (60\/70%) per rovesci e temporali, i quali si estenderanno alla pedemontana, intensificandosi. Dove piover\u00e0, gli apporti saranno pi\u00f9 rilevanti rispetto ai giorni precedenti.<br \/>\n<b>Temperature: <\/b>Minime in leggero rialzo in quota e in calo nelle valli, massime stazionarie a tutte le quote sulle Dolomiti, mentre saranno in calo sulle Prealpi per maggiore instabilit\u00e0. Su Prealpi a 1500 m min 11\u00b0C max 15\u00b0C, a 2000 m min 8\u00b0C max 11\u00b0C. Su Dolomiti a 2000 m min 7\u00b0C max 13\u00b0C, a 3000 m min 2\u00b0C max 3\u00b0C.<br \/>\n<b>Venti: <\/b>Perlopi\u00f9 deboli per brezze nelle valli, localmente e a tratti moderati nei settori solitamente pi\u00f9 ventilati; in quota deboli\/moderati da nord, a 5-10 km\/h a 2000 m e 15-25 km\/h a 3000 m.<\/p>\n<hr \/>\n<p><center><b>Sabato 12<\/b><\/center>Sole e cielo sereno o poco nuvoloso per modesti cumuli durante le ore pi\u00f9 calde e ingresso di velature per nubi alte da met\u00e0 pomeriggio in poi. Aria tersa ed ottima visibilit\u00e0 al mattino. Temperature in generale aumento, eccetto calo delle minime nelle valli e alle quote medie in caso di notte serena. Venti deboli\/moderati per brezze nelle valli, deboli\/moderati da nord in quota, in rinforzo alla sera.<\/p>\n<hr \/>\n<p><center><b>Domenica 13<\/b><\/center>Tempo in prevalenza soleggiato con cielo sereno o poco nuvoloso per temporanee velature del cielo al primo mattino e modesti cumuli durante le ore pi\u00f9 calde. Aria tersa ed ottima visibilit\u00e0 al mattino e in quota. Temperature in generale aumento e di nuovo estive (29\/31\u00b0C nei fondovalle prealpini e 25\/27\u00b0C a 1000\/1200 m). Venti deboli\/moderati per brezze nelle valli, moderati\/tesi da nord nord-ovest in quota. Previsore:R.L.Th.<\/p>\n<p>&nbsp;<\/p>\n<hr \/>\n<\/div>\n<p>&nbsp;<\/p>\n<\/div>\n<div dir=\"auto\"><\/div>\n<\/div>\n<\/div>\n<p><a href=\"https:\/\/www.radiopiu.net\/wordpress\/giornale-radiopiu-15-settembre-2018-direttore-mirko-mezzacasa\/sport-7\/\" rel=\"attachment wp-att-60761\"><img loading=\"lazy\" decoding=\"async\" class=\"aligncenter wp-image-60761 size-full\" src=\"https:\/\/www.radiopiu.net\/wordpress\/wp-content\/uploads\/2018\/09\/sport.jpg\" alt=\"\" width=\"800\" height=\"100\" srcset=\"https:\/\/www.radiopiu.net\/wordpress\/wp-content\/uploads\/2018\/09\/sport.jpg 800w, https:\/\/www.radiopiu.net\/wordpress\/wp-content\/uploads\/2018\/09\/sport-300x38.jpg 300w, https:\/\/www.radiopiu.net\/wordpress\/wp-content\/uploads\/2018\/09\/sport-768x96.jpg 768w\" sizes=\"auto, (max-width: 800px) 100vw, 800px\" \/><\/a><\/p>\n<p>&nbsp;<\/p>\n<blockquote>\n<h3>DENIS MEZZACASA A CACCIA DEL TERZO PODIO STAGIONALE<\/h3>\n<\/blockquote>\n<p><strong><a href=\"https:\/\/www.radiopiu.net\/wordpress\/denis-mezzacasa-a-caccia-del-terzo-podio-stagionale\/denismezzacasa-tatuusformularenaulte2ss2000\/\" rel=\"attachment wp-att-214982\"><img loading=\"lazy\" decoding=\"async\" class=\"size-medium wp-image-214982 alignleft\" src=\"https:\/\/www.radiopiu.net\/wordpress\/wp-content\/uploads\/2021\/06\/DenisMezzacasa-TatuusFormulaRenaultE2SS2000-300x200.jpg\" alt=\"\" width=\"300\" height=\"200\" srcset=\"https:\/\/www.radiopiu.net\/wordpress\/wp-content\/uploads\/2021\/06\/DenisMezzacasa-TatuusFormulaRenaultE2SS2000-300x200.jpg 300w, https:\/\/www.radiopiu.net\/wordpress\/wp-content\/uploads\/2021\/06\/DenisMezzacasa-TatuusFormulaRenaultE2SS2000.jpg 720w\" sizes=\"auto, (max-width: 300px) 100vw, 300px\" \/><\/a>BELLUNO<\/strong><\/p>\n<p>di Roberto Bona<\/p>\n<audio class=\"wp-audio-shortcode\" id=\"audio-214933-26\" preload=\"none\" style=\"width: 100%;\" controls=\"controls\"><source type=\"audio\/mpeg\" src=\"https:\/\/www.radiopiu.net\/wordpress\/wp-content\/uploads\/2021\/06\/ROBERTO-BONA-MEZZACASA-9-GIUGNO-2021.mp3?_=26\" \/><a href=\"https:\/\/www.radiopiu.net\/wordpress\/wp-content\/uploads\/2021\/06\/ROBERTO-BONA-MEZZACASA-9-GIUGNO-2021.mp3\">https:\/\/www.radiopiu.net\/wordpress\/wp-content\/uploads\/2021\/06\/ROBERTO-BONA-MEZZACASA-9-GIUGNO-2021.mp3<\/a><\/audio>\n<p>&nbsp;<\/p>\n<hr \/>\n<p>&nbsp;<\/p>\n<blockquote>\n<h3>AL VIA DELLA DOLOMITI EXTREME TRAIL CI SARANNO 33 NAZIONI<\/h3>\n<\/blockquote>\n<p><strong><a href=\"https:\/\/www.radiopiu.net\/wordpress\/giornale-radiopiu-10-giugno-2021-direttore-mirko-mezzacasa\/jmmy-pellegrini-vincitore-dxt-2019-sullo-sfondo-il-monte-pelmo-credito-andrea-sagui\/\" rel=\"attachment wp-att-215046\"><img loading=\"lazy\" decoding=\"async\" class=\" wp-image-215046 alignleft\" src=\"https:\/\/www.radiopiu.net\/wordpress\/wp-content\/uploads\/2021\/06\/jmmy-pellegrini-vincitore-dxt-2019-sullo-sfondo-il-monte-pelmo-credito-ANDREA-SAGUI-300x200.jpg\" alt=\"\" width=\"210\" height=\"140\" srcset=\"https:\/\/www.radiopiu.net\/wordpress\/wp-content\/uploads\/2021\/06\/jmmy-pellegrini-vincitore-dxt-2019-sullo-sfondo-il-monte-pelmo-credito-ANDREA-SAGUI-300x200.jpg 300w, https:\/\/www.radiopiu.net\/wordpress\/wp-content\/uploads\/2021\/06\/jmmy-pellegrini-vincitore-dxt-2019-sullo-sfondo-il-monte-pelmo-credito-ANDREA-SAGUI-1024x684.jpg 1024w, https:\/\/www.radiopiu.net\/wordpress\/wp-content\/uploads\/2021\/06\/jmmy-pellegrini-vincitore-dxt-2019-sullo-sfondo-il-monte-pelmo-credito-ANDREA-SAGUI-768x513.jpg 768w, https:\/\/www.radiopiu.net\/wordpress\/wp-content\/uploads\/2021\/06\/jmmy-pellegrini-vincitore-dxt-2019-sullo-sfondo-il-monte-pelmo-credito-ANDREA-SAGUI.jpg 1200w\" sizes=\"auto, (max-width: 210px) 100vw, 210px\" \/><\/a>VAL DI ZOLDO <\/strong><span class=\"s1\">Saranno 33 le nazioni protagoniste dell\u2019ottava edizione di \u00a0Dolomiti Extreme Trail, evento che si svolger\u00e0 dall\u201911 al 13 giugno sui sentieri della Val di Zoldo. <\/span><span class=\"s1\">\u00a0Le nazioni pi\u00f9 rappresentate sono Francia, con 100 iscritti, Olanda, con 40, Polonia, con 31, e Belgio, con 21. Gli stranieri rappresentano il 30 per cento del totale<\/span><\/p>\n<\/div>\n<p>&nbsp;<\/p>\n<\/div>\n","protected":false},"excerpt":{"rendered":"<p>&nbsp; &nbsp; PER\u00a0RICEVERE QUESTO NOTIZIARIO DIRETTAMENTE SUL TUO CELLULARE ISCRIVITI AL CANALE TELEGRAM\u00a0\u201cRADIO PIU\u00a0 INFORMAZIONE\u201d\u00a0 \u00a0 \u00a0\u00a0 FINALMENTE\u00a0 ri-APERTA LA PROVINCIALE DEL MIS GOSALDO Con l&#8217;intervento della ditta Bressan e le reti messe in precedenza sul costone franato si \u00e8 concluso positivamente l&#8217;intervento tra Gena e Titele dopo l&#8217;episodio franoso di sabato a poche ore&hellip;<\/p>\n","protected":false},"author":4,"featured_media":214977,"comment_status":"closed","ping_status":"open","sticky":false,"template":"","format":"standard","meta":{"_monsterinsights_skip_tracking":false,"_monsterinsights_sitenote_active":false,"_monsterinsights_sitenote_note":"","_monsterinsights_sitenote_category":0,"footnotes":""},"categories":[1,51,86,49],"tags":[],"class_list":["post-214933","post","type-post","status-publish","format-standard","has-post-thumbnail","hentry","category-senza-categoria","category-evidenza-top","category-gr","category-news-18","category-1","category-51","category-86","category-49","description-off"],"img_url":"https:\/\/www.radiopiu.net\/wordpress\/wp-content\/uploads\/2021\/06\/198552722_348629200203884_3394762270526554921_n.jpg","_links":{"self":[{"href":"https:\/\/www.radiopiu.net\/wordpress\/wp-json\/wp\/v2\/posts\/214933","targetHints":{"allow":["GET"]}}],"collection":[{"href":"https:\/\/www.radiopiu.net\/wordpress\/wp-json\/wp\/v2\/posts"}],"about":[{"href":"https:\/\/www.radiopiu.net\/wordpress\/wp-json\/wp\/v2\/types\/post"}],"author":[{"embeddable":true,"href":"https:\/\/www.radiopiu.net\/wordpress\/wp-json\/wp\/v2\/users\/4"}],"replies":[{"embeddable":true,"href":"https:\/\/www.radiopiu.net\/wordpress\/wp-json\/wp\/v2\/comments?post=214933"}],"version-history":[{"count":0,"href":"https:\/\/www.radiopiu.net\/wordpress\/wp-json\/wp\/v2\/posts\/214933\/revisions"}],"wp:featuredmedia":[{"embeddable":true,"href":"https:\/\/www.radiopiu.net\/wordpress\/wp-json\/wp\/v2\/media\/214977"}],"wp:attachment":[{"href":"https:\/\/www.radiopiu.net\/wordpress\/wp-json\/wp\/v2\/media?parent=214933"}],"wp:term":[{"taxonomy":"category","embeddable":true,"href":"https:\/\/www.radiopiu.net\/wordpress\/wp-json\/wp\/v2\/categories?post=214933"},{"taxonomy":"post_tag","embeddable":true,"href":"https:\/\/www.radiopiu.net\/wordpress\/wp-json\/wp\/v2\/tags?post=214933"}],"curies":[{"name":"wp","href":"https:\/\/api.w.org\/{rel}","templated":true}]}}