{"id":214949,"date":"2021-06-09T05:27:42","date_gmt":"2021-06-09T03:27:42","guid":{"rendered":"https:\/\/www.radiopiu.net\/wordpress\/?p=214949"},"modified":"2021-06-09T09:42:11","modified_gmt":"2021-06-09T07:42:11","slug":"cambio-della-guardia-a-palazzo-rosso-il-benvenuto-della-lega-ad-annalisa-dal-mas","status":"publish","type":"post","link":"https:\/\/www.radiopiu.net\/wordpress\/cambio-della-guardia-a-palazzo-rosso-il-benvenuto-della-lega-ad-annalisa-dal-mas\/","title":{"rendered":"CAMBIO DELLA GUARDIA A PALAZZO ROSSO, IL BENVENUTO DELLA LEGA AD ANNALISA DAL MAS\u00a0"},"content":{"rendered":"<blockquote><p><strong>&#8220;Verificheremo nei prossimi giorni la discrepanza nell&#8217;assegnazione dei voti tra le liste depositate in Comune e in Prefettura&#8221;.<\/strong><\/p><\/blockquote>\n<p><a href=\"https:\/\/www.radiopiu.net\/wordpress\/giornale-radiopiu-19-marzo-2021-direttore-mirko-mezzacasa\/23e2c08f-cc93-42f3-a2f4-2455fe113bac\/\" rel=\"attachment wp-att-197821\"><img loading=\"lazy\" decoding=\"async\" class=\"size-medium wp-image-197821 alignleft\" src=\"https:\/\/www.radiopiu.net\/wordpress\/wp-content\/uploads\/2021\/03\/23e2c08f-cc93-42f3-a2f4-2455fe113bac-300x200.jpg\" alt=\"\" width=\"300\" height=\"200\" srcset=\"https:\/\/www.radiopiu.net\/wordpress\/wp-content\/uploads\/2021\/03\/23e2c08f-cc93-42f3-a2f4-2455fe113bac-300x200.jpg 300w, https:\/\/www.radiopiu.net\/wordpress\/wp-content\/uploads\/2021\/03\/23e2c08f-cc93-42f3-a2f4-2455fe113bac-1024x682.jpg 1024w, https:\/\/www.radiopiu.net\/wordpress\/wp-content\/uploads\/2021\/03\/23e2c08f-cc93-42f3-a2f4-2455fe113bac-768x512.jpg 768w, https:\/\/www.radiopiu.net\/wordpress\/wp-content\/uploads\/2021\/03\/23e2c08f-cc93-42f3-a2f4-2455fe113bac-1536x1023.jpg 1536w, https:\/\/www.radiopiu.net\/wordpress\/wp-content\/uploads\/2021\/03\/23e2c08f-cc93-42f3-a2f4-2455fe113bac.jpg 1600w\" sizes=\"auto, (max-width: 300px) 100vw, 300px\" \/><\/a>\u200b<strong>BELLUNO<\/strong> Luciano Da Pian consigliere comunale (Lega Nord) ha rassegnato le dimissioni per impegni lavorativi,\u00a0 subentra Annalisa Dal Mas, ex militante all&#8217;interno della Lega, alla quale il partito da&#8217; il suo benvenuto nell&#8217;emiciclo di Palazzo Rosso e apre le porte per un dialogo costruttivo e positivo. <em>&#8220;Grazie a Da Pian, con lui abbiamo fatto sentire la voce della Lega su questioni importanti per la citt\u00e0 e per i cittadini&#8221;\u00a0<\/em> \u2013 spiega il coordinatore di Lega Belluno, Franco Gidoni <em>\u201cE&#8217; stata un&#8217;esperienza molto arricchente, dal punto di vista politico ma soprattutto umano \u2013 commenta Da Pian -, abbiamo lavorato sodo ma abbiamo anche costruito rapporti su tutti i fronti, al di l\u00e0 degli sc<a href=\"https:\/\/www.radiopiu.net\/wordpress\/giornale-radiopiu-09-giugno-2021-direttore-mirko-mezzacasa\/58814572_2291184764270952_6170058981306793984_n\/\" rel=\"attachment wp-att-214948\"><img loading=\"lazy\" decoding=\"async\" class=\" wp-image-214948 alignright\" src=\"https:\/\/www.radiopiu.net\/wordpress\/wp-content\/uploads\/2021\/06\/58814572_2291184764270952_6170058981306793984_n-300x300.jpg\" alt=\"\" width=\"203\" height=\"203\" srcset=\"https:\/\/www.radiopiu.net\/wordpress\/wp-content\/uploads\/2021\/06\/58814572_2291184764270952_6170058981306793984_n-300x300.jpg 300w, https:\/\/www.radiopiu.net\/wordpress\/wp-content\/uploads\/2021\/06\/58814572_2291184764270952_6170058981306793984_n-150x150.jpg 150w, https:\/\/www.radiopiu.net\/wordpress\/wp-content\/uploads\/2021\/06\/58814572_2291184764270952_6170058981306793984_n.jpg 509w\" sizes=\"auto, (max-width: 203px) 100vw, 203px\" \/><\/a>hieramenti. Ringrazio i miei compagni di gruppo in Consiglio comunale e adesso mi concentrer\u00f2 sulla militanza interna al mio partito\u201d.<\/em><\/p>\n<p>Il partito voleva al palazzo \u00a0il giovane Paolo Luciani o almeno questo lo prevedeva calcolatrice alla mano. Invece ecco la militante dal 2010 della lega Nord che lo scorso anno non si \u00e8 stata pi\u00f9 reiscritta alla Lega Salvini Premier senza alcuna spiegazione.\u00a0 &#8220;Mi riservo di indicare prossimamente al presidente del Consiglio comunale a quale gruppo consiliare aderire&#8221; riferisce la Dal Mas.\u00a0 <em>&#8220;Confermo di avere accettato l\u2019incarico e, come gi\u00e0 comunicato alla stampa, sono orgogliosamente a disposizione della comunit\u00e0 bellunese; far\u00f2 a tempo debito le mie considerazioni al presidente del consiglio comunale. Per ora vorrei solo metabolizzare la notizia e iniziare questa opportunit\u00e0 giunta inaspettatamente, con senso civico e responsabilit\u00e0 verso i cittadini della citt\u00e0 capoluogo&#8221;.<\/em><\/p>\n","protected":false},"excerpt":{"rendered":"<p>&#8220;Verificheremo nei prossimi giorni la discrepanza nell&#8217;assegnazione dei voti tra le liste depositate in Comune e in Prefettura&#8221;. \u200bBELLUNO Luciano Da Pian consigliere comunale (Lega Nord) ha rassegnato le dimissioni per impegni lavorativi,\u00a0 subentra Annalisa Dal Mas, ex militante all&#8217;interno della Lega, alla quale il partito da&#8217; il suo benvenuto nell&#8217;emiciclo di Palazzo Rosso e&hellip;<\/p>\n","protected":false},"author":4,"featured_media":214950,"comment_status":"closed","ping_status":"open","sticky":false,"template":"","format":"standard","meta":{"_monsterinsights_skip_tracking":false,"_monsterinsights_sitenote_active":false,"_monsterinsights_sitenote_note":"","_monsterinsights_sitenote_category":0,"footnotes":""},"categories":[51,49],"tags":[],"class_list":["post-214949","post","type-post","status-publish","format-standard","has-post-thumbnail","hentry","category-evidenza-top","category-news-18","category-51","category-49","description-off"],"img_url":"https:\/\/www.radiopiu.net\/wordpress\/wp-content\/uploads\/2021\/06\/19809_500008956721884_1470398639_n.jpg","_links":{"self":[{"href":"https:\/\/www.radiopiu.net\/wordpress\/wp-json\/wp\/v2\/posts\/214949","targetHints":{"allow":["GET"]}}],"collection":[{"href":"https:\/\/www.radiopiu.net\/wordpress\/wp-json\/wp\/v2\/posts"}],"about":[{"href":"https:\/\/www.radiopiu.net\/wordpress\/wp-json\/wp\/v2\/types\/post"}],"author":[{"embeddable":true,"href":"https:\/\/www.radiopiu.net\/wordpress\/wp-json\/wp\/v2\/users\/4"}],"replies":[{"embeddable":true,"href":"https:\/\/www.radiopiu.net\/wordpress\/wp-json\/wp\/v2\/comments?post=214949"}],"version-history":[{"count":0,"href":"https:\/\/www.radiopiu.net\/wordpress\/wp-json\/wp\/v2\/posts\/214949\/revisions"}],"wp:featuredmedia":[{"embeddable":true,"href":"https:\/\/www.radiopiu.net\/wordpress\/wp-json\/wp\/v2\/media\/214950"}],"wp:attachment":[{"href":"https:\/\/www.radiopiu.net\/wordpress\/wp-json\/wp\/v2\/media?parent=214949"}],"wp:term":[{"taxonomy":"category","embeddable":true,"href":"https:\/\/www.radiopiu.net\/wordpress\/wp-json\/wp\/v2\/categories?post=214949"},{"taxonomy":"post_tag","embeddable":true,"href":"https:\/\/www.radiopiu.net\/wordpress\/wp-json\/wp\/v2\/tags?post=214949"}],"curies":[{"name":"wp","href":"https:\/\/api.w.org\/{rel}","templated":true}]}}