{"id":215100,"date":"2021-06-10T05:40:53","date_gmt":"2021-06-10T03:40:53","guid":{"rendered":"https:\/\/www.radiopiu.net\/wordpress\/?p=215100"},"modified":"2021-06-10T07:13:07","modified_gmt":"2021-06-10T05:13:07","slug":"incendio-di-canazei-frena-servono-idee-volonta-e-condivisione-altrimenti-non-si-va-da-nessuna-parte","status":"publish","type":"post","link":"https:\/\/www.radiopiu.net\/wordpress\/incendio-di-canazei-frena-servono-idee-volonta-e-condivisione-altrimenti-non-si-va-da-nessuna-parte\/","title":{"rendered":"INCENDIO DI CANAZEI, FRENA &#8220;SERVONO IDEE, VOLONTA&#8217; E CONDIVISIONE ALTRIMENTI NON SI VA DA NESSUNA PARTE&#8221;"},"content":{"rendered":"<p>&nbsp;<\/p>\n<blockquote><p><em>e poi ci sono le belle iniziative come quella di <span class=\"diy96o5h\" spellcheck=\"false\" data-offset-key=\"9m7hp-1-0\">Annalisa Scardanzan<\/span> del <span class=\"diy96o5h\" spellcheck=\"false\" data-offset-key=\"9m7hp-3-0\">Tabia Feder<\/span>\u00a0 &#8220;Dai piccoli gesti nascono grandi cose. Il nostro piccolo gesto sar\u00e0 in questo fine settimana la vendita di biscotti e carfogn. Tutto il ricavato sar\u00e0 devoluto al comune di Colle Santa Lucia in favore degli abitanti di Canazei che hanno perso le loro abitazioni nell&#8217;incendio&#8221;.<\/em><\/p><\/blockquote>\n<p><strong><a href=\"https:\/\/www.radiopiu.net\/wordpress\/il-minuto-di-silenzo-a-belluno-feltre-e-in-tutto-lagordino\/minuto-silenzio-frena-colle-2\/\" rel=\"attachment wp-att-126455\"><img loading=\"lazy\" decoding=\"async\" class=\" wp-image-126455 alignleft\" src=\"https:\/\/www.radiopiu.net\/wordpress\/wp-content\/uploads\/2020\/03\/MINUTO-SILENZIO-FRENA-COLLE-2-225x300.jpg\" alt=\"\" width=\"188\" height=\"251\" srcset=\"https:\/\/www.radiopiu.net\/wordpress\/wp-content\/uploads\/2020\/03\/MINUTO-SILENZIO-FRENA-COLLE-2-225x300.jpg 225w, https:\/\/www.radiopiu.net\/wordpress\/wp-content\/uploads\/2020\/03\/MINUTO-SILENZIO-FRENA-COLLE-2-768x1024.jpg 768w, https:\/\/www.radiopiu.net\/wordpress\/wp-content\/uploads\/2020\/03\/MINUTO-SILENZIO-FRENA-COLLE-2-1152x1536.jpg 1152w, https:\/\/www.radiopiu.net\/wordpress\/wp-content\/uploads\/2020\/03\/MINUTO-SILENZIO-FRENA-COLLE-2.jpg 1200w\" sizes=\"auto, (max-width: 188px) 100vw, 188px\" \/><\/a>COLLE SANTA LUCIA<\/strong> Ai microfoni di Radio Pi\u00f9 il sindaco di Colle Santa Lucia Paolo Frena. Argomento mono tematico l&#8217;incendio a Canazei di\u00a0 Colle Santa Lucia. Storia, cultura, volontariato, ringraziamenti e riflessioni dopo il rogo che ha devastato uno dei pi\u00f9 bei borghi dell&#8217;arco dolomitico <em>&#8220;Ma siamo gente che si rimbocca la maniche&#8221;<\/em> dice il sindaco Frena sottolineando l&#8217;importanza di ridare dignit\u00e0, splendore e di nuovo storia alla frazione a oltre 1500 metri di quota. Oggi alle 17.30 incontro con tutti i proprietari delle strutture distrutte dal fuoco, sono stati tutti coinvolti in presenza o in video conferenza <em>&#8220;Il primo scopo \u00e8 la rimozione delle parti irrecuperabili e la messa in sicurezza degli edifici. Poi affrontare il resto dei tanti problemi. Oggi decideremo se rilevare come Comune i fabbricati danneggiati da ricostruire in chiave moderna&#8221;.<\/em><\/p>\n<audio class=\"wp-audio-shortcode\" id=\"audio-215100-1\" preload=\"none\" style=\"width: 100%;\" controls=\"controls\"><source type=\"audio\/mpeg\" src=\"https:\/\/www.radiopiu.net\/wordpress\/wp-content\/uploads\/2021\/06\/paolo-frena.mp3?_=1\" \/><a href=\"https:\/\/www.radiopiu.net\/wordpress\/wp-content\/uploads\/2021\/06\/paolo-frena.mp3\">https:\/\/www.radiopiu.net\/wordpress\/wp-content\/uploads\/2021\/06\/paolo-frena.mp3<\/a><\/audio>\n<blockquote><p><strong>\u00a0<\/strong><\/p>\n<p><strong>L&#8217;INCONTRO DI IERI SERA\u00a0 E LE TRE DECISIONI<\/strong><\/p><\/blockquote>\n<p>Un tecnico\u00a0 raccoglier\u00e0 tutta la documentazione inerente le caratteristiche architettoniche degli edifici danneggiati. Una ditta specializzata rimuover\u00e0 e bonificher\u00e0 l&#8217;area dell&#8221;incendio. Allo studio la possibilit\u00e0 di azzerare l&#8217;intera tassazione a carico dei proprietari.<\/p>\n<blockquote>\n<h3><\/h3>\n<h3>\u00a0ATTIVAZIONE RACCOLTA FONDI PER L&#8217;INCENDIO DI CANAZEI A COLLE SANTA LUCIA<\/h3>\n<\/blockquote>\n<p><strong><a href=\"https:\/\/www.radiopiu.net\/wordpress\/ancora-al-lavoro-i-vigili-del-fuoco-a-canazei-di-colle-santa-lucia\/1a1a094a-7a44-4ffc-8b60-56b1a06b12e8\/\" rel=\"attachment wp-att-214046\"><img loading=\"lazy\" decoding=\"async\" class=\" wp-image-214046 alignleft\" src=\"https:\/\/www.radiopiu.net\/wordpress\/wp-content\/uploads\/2021\/06\/1a1a094a-7a44-4ffc-8b60-56b1a06b12e8-300x225.jpg\" alt=\"\" width=\"227\" height=\"170\" srcset=\"https:\/\/www.radiopiu.net\/wordpress\/wp-content\/uploads\/2021\/06\/1a1a094a-7a44-4ffc-8b60-56b1a06b12e8-300x225.jpg 300w, https:\/\/www.radiopiu.net\/wordpress\/wp-content\/uploads\/2021\/06\/1a1a094a-7a44-4ffc-8b60-56b1a06b12e8-1024x768.jpg 1024w, https:\/\/www.radiopiu.net\/wordpress\/wp-content\/uploads\/2021\/06\/1a1a094a-7a44-4ffc-8b60-56b1a06b12e8-768x576.jpg 768w, https:\/\/www.radiopiu.net\/wordpress\/wp-content\/uploads\/2021\/06\/1a1a094a-7a44-4ffc-8b60-56b1a06b12e8.jpg 1280w\" sizes=\"auto, (max-width: 227px) 100vw, 227px\" \/><\/a>COLLE SANTA LUCIA <\/strong>In seguito all&#8217;incendio sviluppatosi nel pomeriggio di venerd\u00ec 4 giugno 2021 a Canazei frazione in Comune di Colle Santa Lucia, la giunta municipale del Comune di Colle Santa Lucia approvato una delibera contenente l&#8217;attivazione di una sottoscrizione di fondi sul conto di tesoreria comunale, con l&#8217;obiettivo di sostenere la fase di prima emergenza, messa in sicurezza e recupero delle zone danneggiate dall&#8217;incendio. Le donazioni potranno essere effettuate al seguente conto corrente bancario Unicredit banca SPA intestato al Comune di Colle Santa Lucia: IT15A0200861000000002713253 inserendo la seguente causale: \u201cIncendio Canazei di Colle Santa Lucia del 4 giugno 2021\u201d.<\/p>\n<p><strong>DI GIANNI SANTOMASO\u00a0\u00a0<\/strong><\/p>\n<audio class=\"wp-audio-shortcode\" id=\"audio-215100-2\" preload=\"none\" style=\"width: 100%;\" controls=\"controls\"><source type=\"audio\/mpeg\" src=\"https:\/\/www.radiopiu.net\/wordpress\/wp-content\/uploads\/2021\/06\/gianni-conto.mp3?_=2\" \/><a href=\"https:\/\/www.radiopiu.net\/wordpress\/wp-content\/uploads\/2021\/06\/gianni-conto.mp3\">https:\/\/www.radiopiu.net\/wordpress\/wp-content\/uploads\/2021\/06\/gianni-conto.mp3<\/a><\/audio>\n<p>&nbsp;<\/p>\n<div class=\"kvgmc6g5 cxmmr5t8 oygrvhab hcukyx3x c1et5uql ii04i59q\">\n<blockquote>\n<h3 dir=\"auto\">QUELLO CHE RIMANE DOPO IL FURIOSO INCENDIO<\/h3>\n<\/blockquote>\n<\/div>\n<div dir=\"auto\">\n\n\t\t\t<style type='text\/css'>\n\t\t\t\t#gallery-1 {\n\t\t\t\t\tmargin: auto;\n\t\t\t\t}\n\t\t\t\t#gallery-1 .gallery-item {\n\t\t\t\t\tfloat: left;\n\t\t\t\t\tmargin-top: 10px;\n\t\t\t\t\ttext-align: center;\n\t\t\t\t\twidth: 33%;\n\t\t\t\t}\n\t\t\t\t#gallery-1 img {\n\t\t\t\t\tborder: 2px solid #cfcfcf;\n\t\t\t\t}\n\t\t\t\t#gallery-1 .gallery-caption {\n\t\t\t\t\tmargin-left: 0;\n\t\t\t\t}\n\t\t\t\t\/* see gallery_shortcode() in wp-includes\/media.php *\/\n\t\t\t<\/style>\n\t\t<div id='gallery-1' class='dt-gallery-container gallery galleryid-215100 gallery-columns-3 gallery-size-thumbnail'><dl class='gallery-item'>\n\t\t\t\t<dt class='gallery-icon landscape'>\n\t\t\t\t\t<a class=\"rollover rollover-zoom dt-pswp-item\" title=\"196879286_987011735171763_8886419436707564149_n\" data-dt-img-description=\"\" data-large_image_width=\"600\" data-large_image_height=\"450\"href='https:\/\/www.radiopiu.net\/wordpress\/wp-content\/uploads\/2021\/06\/196879286_987011735171763_8886419436707564149_n.jpg'><img loading=\"lazy\" decoding=\"async\" width=\"150\" height=\"150\" src=\"https:\/\/www.radiopiu.net\/wordpress\/wp-content\/uploads\/2021\/06\/196879286_987011735171763_8886419436707564149_n-150x150.jpg\" class=\"attachment-thumbnail size-thumbnail\" alt=\"\" \/><\/a>\n\t\t\t\t<\/dt><\/dl><dl class='gallery-item'>\n\t\t\t\t<dt class='gallery-icon landscape'>\n\t\t\t\t\t<a class=\"rollover rollover-zoom dt-pswp-item\" title=\"194847665_987011798505090_1550191163843784012_n\" data-dt-img-description=\"\" data-large_image_width=\"600\" data-large_image_height=\"450\"href='https:\/\/www.radiopiu.net\/wordpress\/wp-content\/uploads\/2021\/06\/194847665_987011798505090_1550191163843784012_n.jpg'><img loading=\"lazy\" decoding=\"async\" width=\"150\" height=\"150\" src=\"https:\/\/www.radiopiu.net\/wordpress\/wp-content\/uploads\/2021\/06\/194847665_987011798505090_1550191163843784012_n-150x150.jpg\" class=\"attachment-thumbnail size-thumbnail\" alt=\"\" \/><\/a>\n\t\t\t\t<\/dt><\/dl><dl class='gallery-item'>\n\t\t\t\t<dt class='gallery-icon landscape'>\n\t\t\t\t\t<a class=\"rollover rollover-zoom dt-pswp-item\" title=\"197361557_987011775171759_1215655654723479750_n\" data-dt-img-description=\"\" data-large_image_width=\"600\" data-large_image_height=\"480\"href='https:\/\/www.radiopiu.net\/wordpress\/wp-content\/uploads\/2021\/06\/197361557_987011775171759_1215655654723479750_n.jpg'><img loading=\"lazy\" decoding=\"async\" width=\"150\" height=\"150\" src=\"https:\/\/www.radiopiu.net\/wordpress\/wp-content\/uploads\/2021\/06\/197361557_987011775171759_1215655654723479750_n-150x150.jpg\" class=\"attachment-thumbnail size-thumbnail\" alt=\"\" \/><\/a>\n\t\t\t\t<\/dt><\/dl><br style=\"clear: both\" \/>\n\t\t\t<\/div>\n\n<\/div>\n<div dir=\"auto\"><\/div>\n<div dir=\"auto\">\n<p><strong>dai Pompieri Volontari di Colle Santa Lucia\u00a0<\/strong><\/p>\n<\/div>\n<div class=\"o9v6fnle cxmmr5t8 oygrvhab hcukyx3x c1et5uql ii04i59q\">\n<div dir=\"auto\"><em>Sono tante le sensazioni che si provano nell&#8217;osservare ci\u00f2 che \u00e8 rimasto, ma una su tutte prevale. L&#8217;amarezza del vedere un pezzo di storia del nostro paese andato letteralmente in fumo. Noi, come tutte le squadre di Vigili del Fuoco, volontari e permanenti, ma anche come tutti i cittadini che sono accorsi sul posto per dare una mano, ce l&#8217;abbiamo messa davvero tutta cercando di salvare quanto pi\u00f9 possibile. Un pensiero va a coloro che son stati maggiormente toccati da questo disastro<\/em><\/div>\n<\/div>\n<p>&nbsp;<\/p>\n","protected":false},"excerpt":{"rendered":"<p>&nbsp; e poi ci sono le belle iniziative come quella di Annalisa Scardanzan del Tabia Feder\u00a0 &#8220;Dai piccoli gesti nascono grandi cose. Il nostro piccolo gesto sar\u00e0 in questo fine settimana la vendita di biscotti e carfogn. Tutto il ricavato sar\u00e0 devoluto al comune di Colle Santa Lucia in favore degli abitanti di Canazei che&hellip;<\/p>\n","protected":false},"author":4,"featured_media":214942,"comment_status":"closed","ping_status":"open","sticky":false,"template":"","format":"standard","meta":{"_monsterinsights_skip_tracking":false,"_monsterinsights_sitenote_active":false,"_monsterinsights_sitenote_note":"","_monsterinsights_sitenote_category":0,"footnotes":""},"categories":[51,49],"tags":[],"class_list":["post-215100","post","type-post","status-publish","format-standard","has-post-thumbnail","hentry","category-evidenza-top","category-news-18","category-51","category-49","description-off"],"img_url":"https:\/\/www.radiopiu.net\/wordpress\/wp-content\/uploads\/2021\/06\/194847665_987011798505090_1550191163843784012_n.jpg","_links":{"self":[{"href":"https:\/\/www.radiopiu.net\/wordpress\/wp-json\/wp\/v2\/posts\/215100","targetHints":{"allow":["GET"]}}],"collection":[{"href":"https:\/\/www.radiopiu.net\/wordpress\/wp-json\/wp\/v2\/posts"}],"about":[{"href":"https:\/\/www.radiopiu.net\/wordpress\/wp-json\/wp\/v2\/types\/post"}],"author":[{"embeddable":true,"href":"https:\/\/www.radiopiu.net\/wordpress\/wp-json\/wp\/v2\/users\/4"}],"replies":[{"embeddable":true,"href":"https:\/\/www.radiopiu.net\/wordpress\/wp-json\/wp\/v2\/comments?post=215100"}],"version-history":[{"count":0,"href":"https:\/\/www.radiopiu.net\/wordpress\/wp-json\/wp\/v2\/posts\/215100\/revisions"}],"wp:featuredmedia":[{"embeddable":true,"href":"https:\/\/www.radiopiu.net\/wordpress\/wp-json\/wp\/v2\/media\/214942"}],"wp:attachment":[{"href":"https:\/\/www.radiopiu.net\/wordpress\/wp-json\/wp\/v2\/media?parent=215100"}],"wp:term":[{"taxonomy":"category","embeddable":true,"href":"https:\/\/www.radiopiu.net\/wordpress\/wp-json\/wp\/v2\/categories?post=215100"},{"taxonomy":"post_tag","embeddable":true,"href":"https:\/\/www.radiopiu.net\/wordpress\/wp-json\/wp\/v2\/tags?post=215100"}],"curies":[{"name":"wp","href":"https:\/\/api.w.org\/{rel}","templated":true}]}}