{"id":215172,"date":"2021-06-11T05:45:52","date_gmt":"2021-06-11T03:45:52","guid":{"rendered":"https:\/\/www.radiopiu.net\/wordpress\/?p=215172"},"modified":"2021-06-11T10:27:07","modified_gmt":"2021-06-11T08:27:07","slug":"giornale-radiopiu-11-giugno-2021-direttore-mirko-mezzacasa","status":"publish","type":"post","link":"https:\/\/www.radiopiu.net\/wordpress\/giornale-radiopiu-11-giugno-2021-direttore-mirko-mezzacasa\/","title":{"rendered":"GIORNALE RADIOPIU 11 GIUGNO 2021 DIRETTORE MIRKO MEZZACASA"},"content":{"rendered":"<p>&nbsp;<\/p>\n<p>&nbsp;<\/p>\n<h3><span style=\"color: #0000ff;\">PER<strong>\u00a0RICEVERE QUESTO NOTIZIARIO DIRETTAMENTE SUL TUO CELLULARE ISCRIVITI AL CANALE TELEGRAM\u00a0<\/strong><strong>\u201cRADIO PIU\u00a0 INFORMAZIONE\u201d\u00a0 \u00a0 \u00a0<\/strong><\/span><\/h3>\n<h3><span style=\"color: #ff0000;\"><strong> 76^ edizione giro del Piave 13 giugno 2021 . Arrivo ai Piani di Pezze. Strada chiusa in salta e discesa da Alleghe a piani di Pezze dalle 15,00 alle 17,00.<\/strong><\/span><\/h3>\n<blockquote>\n<h3>OGGI IL GIORNO DEL GIRO D&#8217;ITALIA UNDER 23, DA PASSO VALLES AL NEVEGAL. STRADE CHIUSE UNA MEZZ&#8217;ORA PRIMA DEL PASSAGGIO E AL BIVIO DI PONTE NELLE ALPI CHIUSURA DALLE 13 ALLE 15<\/h3>\n<h3>LA ULSS1 HA RIMODULATO GLI ORARI DEI DRIVE IN VACCINALI <span style=\"font-family: Arial, Helvetica, sans-serif;\"><span style=\"font-size: medium;\">Gli utenti prenotati saranno contattati per lo spostamento<\/span><\/span><\/h3>\n<\/blockquote>\n<ul>\n<li>\n<p align=\"LEFT\"><span style=\"font-family: Arial, Helvetica, sans-serif;\"><span style=\"font-size: medium;\">il drive in vaccinale di Agordo Tamonich osserver\u00e0 l\u2019orario 13.30 alle 18.30 e <\/span><\/span><span style=\"font-family: Arial, Helvetica, sans-serif;\"><span style=\"font-size: medium;\">la seduta tamponi pomeridiana viene annullata.<\/span><\/span><\/p>\n<\/li>\n<li>\n<p align=\"LEFT\"><span style=\"font-family: Arial, Helvetica, sans-serif;\"><span style=\"font-size: medium;\">Il drive in vaccinale di Paludi osserver\u00e0 l\u2019orario 16\u201322.\u00a0<\/span><\/span><\/p>\n<\/li>\n<\/ul>\n<div style=\"width: 848px;\" class=\"wp-video\"><video class=\"wp-video-shortcode\" id=\"video-215172-1\" width=\"848\" height=\"480\" preload=\"metadata\" controls=\"controls\"><source type=\"video\/mp4\" src=\"https:\/\/www.radiopiu.net\/wordpress\/wp-content\/uploads\/2021\/06\/WhatsApp-Video-2021-06-07-at-17.51.56.mp4?_=1\" \/><a href=\"https:\/\/www.radiopiu.net\/wordpress\/wp-content\/uploads\/2021\/06\/WhatsApp-Video-2021-06-07-at-17.51.56.mp4\">https:\/\/www.radiopiu.net\/wordpress\/wp-content\/uploads\/2021\/06\/WhatsApp-Video-2021-06-07-at-17.51.56.mp4<\/a><\/video><\/div>\n<p>&nbsp;<\/p>\n<p>&nbsp;<\/p>\n<hr \/>\n<p>&nbsp;<\/p>\n<p><em><a href=\"https:\/\/www.radiopiu.net\/wordpress\/giornale-radiopiu-24-gennaio-2021-direttore-mirko-mezzacasa\/79216601_126817312416448_708980208774483089_n\/\" rel=\"attachment wp-att-186567\"><img loading=\"lazy\" decoding=\"async\" class=\"size-medium wp-image-186567 alignleft\" src=\"https:\/\/www.radiopiu.net\/wordpress\/wp-content\/uploads\/2021\/01\/79216601_126817312416448_708980208774483089_n-300x114.jpg\" sizes=\"auto, (max-width: 300px) 100vw, 300px\" srcset=\"https:\/\/www.radiopiu.net\/wordpress\/wp-content\/uploads\/2021\/01\/79216601_126817312416448_708980208774483089_n-300x114.jpg 300w, https:\/\/www.radiopiu.net\/wordpress\/wp-content\/uploads\/2021\/01\/79216601_126817312416448_708980208774483089_n-768x292.jpg 768w, https:\/\/www.radiopiu.net\/wordpress\/wp-content\/uploads\/2021\/01\/79216601_126817312416448_708980208774483089_n.jpg 820w\" alt=\"\" width=\"300\" height=\"114\" \/><\/a>A<\/em><em>PP PER IOS-IPHONE di Nicola Vettorello <\/em><a href=\"https:\/\/apps.apple.com\/it\/app\/radio-pi%C3%B9-emittente-agordina\/id1515939845\">https:\/\/apps.apple.com\/it\/app\/radio-pi%C3%B9-emittente-agordina\/id1515939845<\/a><\/p>\n<p><em>ATTENZIONE: LA NUOVA APP RADIO\u00a0 PER ANDROID di Nicola Vettorello<\/em><\/p>\n<p><a href=\"https:\/\/play.google.com\/store\/apps\/details?id=net.radiopiu.iniko\" target=\"_blank\" rel=\"noopener noreferrer\">https:\/\/play.google.com\/store\/apps\/details?id=net.radiopiu.iniko<\/a><\/p>\n<p>&nbsp;<\/p>\n<p>&nbsp;<\/p>\n<hr \/>\n<p>&nbsp;<\/p>\n<blockquote><p>&nbsp;<\/p><\/blockquote>\n<p><strong>VOLTAGO<\/strong>\u00a0 Fino al 3 luglio, domeniche escluse, per consentire i lavori di esbosco\u00a0 interdizione totale alla circolazione\u00a0 dalle 8 alle 17 lungo la Strada provinciale 26 \u201cdi Digoman\u201d, nei comuni di Rivamonte e Voltago Agordino.\u00a0 Nei periodi non interessati dalle chiusure sar\u00e0 istituto il senso unico alternato regolato da impianto semaforico.<\/p>\n<p><span style=\"color: #ff0000;\">ALTRE INTERRUZIONI TOTALI<\/span><\/p>\n<p><strong><span style=\"color: #ff0000;\"><span style=\"color: #000000;\">GIRO DEL PIAVE,<\/span>\u00a0<\/span><\/strong><span style=\"color: #000000;\"> Domenica 13 giugno arrivo ai Piani di Pezze&#8217;. La strada sar\u00e0 chiusa sia in salita che in discesa da Alleghe ai Piani di Pezz\u00e8 dalle 15 alle 17.<\/span><\/p>\n<p><b>GALLERIA \u2018COMELICO\u00a0<\/b>fino al 31 luglio\u00a0 dalle 21 alle\u00a0 6 la galleria sar\u00e0 chiusa al traffico. Per i veicoli pesanti trainanti un rimorchio \u00e8 prevista la deviazione sulla SR 48 \u201cdelle Dolomiti e sulla SP 49 \u201cMisurina\u201d,\u00a0 \u00a0il traffico pesante sar\u00e0 deviato lungo la SP 532 \u201cPasso S. Antonio\u201d. Il traffico leggero\u00a0 sulla SP 532.<\/p>\n<p><strong>PROVINCIALE 3 VALLE IMPERINA,\u00a0\u00a0<\/strong>FINO ALL\u201911 GIUGNO INTERRUZIONE TOTALE ALLA VIABILITA\u2019 PER LAVORI DI ESBOSCO DALLE 8 ALLE 9.45, DALLE 10 ALLE 12, DALLE 13.45 ALLE 15.50 E DALLE 16.10 ALLE 17.30<\/p>\n<p><span style=\"color: #ff0000;\">INTERRUZIONI FINO A 20 MINUTI<\/span><\/p>\n<p><strong>48 DELLE DOLOMITI<\/strong>\u00a0Fino al 16 luglio da Pieve di Livinallongo ad Arabba si potr\u00e0 transitare ma in determinate fasce orarie. Dalle 7 del mattino alle 18 sono infatti previste interruzioni fino a 20 minuti per permettere i lavori di esbosco e realizzazione paramassi. Per tutta la durata dei lavori senso unico alternato nei periodi non interessati delle interruzioni.<\/p>\n<p><strong>REGIONALE 203 AGORDINA\u00a0<\/strong>\u00a0Fino al 18 giugno\u00a0 Dalle 7 alle 18 (esclusi festivi e prefestivi) tra Ru Sech e Zunaia,\u00a0 interruzioni della durata massima di 20 minuti e senso unico alternato nei periodi non interessati dalle interruzioni<\/p>\n<p>&nbsp;<\/p>\n<hr \/>\n<p>&nbsp;<\/p>\n<blockquote>\n<h3>LUNEDI&#8217; INIZIANO I LAVORI DI RIFACIMENTO DEL PONTE SUL TORRENTE CAMPREGANA AD AGORDO<\/h3>\n<\/blockquote>\n<p><strong><a href=\"https:\/\/www.radiopiu.net\/wordpress\/agordo-il-mio-paese-litalia-che-vorrei-di-mirko-mezzacasa\/8cea600a-c88b-4d28-8748-e360e4864c44\/\" rel=\"attachment wp-att-144890\"><img loading=\"lazy\" decoding=\"async\" class=\"size-medium wp-image-144890 alignleft\" src=\"https:\/\/www.radiopiu.net\/wordpress\/wp-content\/uploads\/2020\/06\/8cea600a-c88b-4d28-8748-e360e4864c44-300x225.jpg\" alt=\"\" width=\"300\" height=\"225\" srcset=\"https:\/\/www.radiopiu.net\/wordpress\/wp-content\/uploads\/2020\/06\/8cea600a-c88b-4d28-8748-e360e4864c44-300x225.jpg 300w, https:\/\/www.radiopiu.net\/wordpress\/wp-content\/uploads\/2020\/06\/8cea600a-c88b-4d28-8748-e360e4864c44-1024x768.jpg 1024w, https:\/\/www.radiopiu.net\/wordpress\/wp-content\/uploads\/2020\/06\/8cea600a-c88b-4d28-8748-e360e4864c44-768x576.jpg 768w, https:\/\/www.radiopiu.net\/wordpress\/wp-content\/uploads\/2020\/06\/8cea600a-c88b-4d28-8748-e360e4864c44-1536x1152.jpg 1536w, https:\/\/www.radiopiu.net\/wordpress\/wp-content\/uploads\/2020\/06\/8cea600a-c88b-4d28-8748-e360e4864c44.jpg 2048w\" sizes=\"auto, (max-width: 300px) 100vw, 300px\" \/><\/a>AGORDO<\/strong> Dal 14 giugno 2021 al 16 luglio, verranno eseguiti, ad opera dei Servizi Forestali di Belluno, i lavori di rifacimento del ponte sul torrente Campregana, in localita\u0300 Val di Frela. Durante tutto il periodo dei lavori in corso, al fine di limitare i disagi degli abitanti della frazione Farenzena e degli abitanti della localita\u0300 Val di Frela, destra orografica del torrente Campregana, la deviazione della circolazione veicolare avverr\u00e0 lungo l\u2019unica viabilita\u0300 alternativa rappresentata dalla strada silvo-pastorale denominata Farenzena-Don, che potra\u0300 garantire il transito veicolare ai residenti, in deroga ai divieti esistenti. Con l&#8217;ordinanza il comune di Agordo apre delle finestre di transito per salire e scendere sulla strada Farenzena-Don.<\/p>\n<blockquote><p><em>Transito consentito <strong>A SALIRE<\/strong>, da frazione FARENZENA a localita\u0300 DON: dalle 6 alle 7:45, dalle 9 alle 9:45, dalle 11:00 alle 11:45, dalle 13 alle 13:45 &#8211; dalle 15 alle 15:45, dalle 17 alle 17:45, dalle 19 alle 19:45. Transito consentito<strong> A SCENDERE<\/strong>, da localita\u0300 DON a frazione FARENZENA: dalle 8 alle 8:45, dalle 10 alle 10:45, dalle 12 alle 12:45, dalle 14 alle 14:45, dalle 16 alle 16:45, dalle 18 alle 18:45, dalle 20 alle 20:45. Dalle ore 20:45 alle ore 05:45 la circolazione dei veicoli e\u0300 consentita contemporaneamente in entrambi i sensi di marcia.<\/em><\/p><\/blockquote>\n<p>&nbsp;<\/p>\n<hr \/>\n<p>&nbsp;<\/p>\n<blockquote>\n<h3>DURA PER IL DURAN<\/h3>\n<\/blockquote>\n<p><em>Due sensi unici alternati &#8211; regolamentati da semaforo &#8211; sulla SP347 del Passo Dur\u00e0n a monte dell&#8217;abitato di La Valle Agordina. Uno attualmente tra le chilometriche 36,1 e 36,5 circa, ma in possibile spostamento per il procedere del cantiere di posa in opera cavidotto ed il secondo tra le chilometriche 37,7 e 37,9 circa per un cantiere di esbosco di legname abbattuto da Vaia<\/em><\/p>\n<p>&nbsp;<\/p>\n<hr \/>\n<p>&nbsp;<\/p>\n<blockquote>\n<h3>UBRIACO AL VOLANTE E CON LA PATENTE FALSIFICATA. DENUNCIATO UN CINESE DOPO LO STOP DELLA POLIZIA<\/h3>\n<\/blockquote>\n<p><strong><a href=\"https:\/\/www.radiopiu.net\/wordpress\/?attachment_id=60258\" rel=\"attachment wp-att-60258\"><img loading=\"lazy\" decoding=\"async\" class=\"size-medium wp-image-60258 alignleft\" src=\"https:\/\/www.radiopiu.net\/wordpress\/wp-content\/uploads\/2018\/09\/POLIZIA-1-300x225.jpg\" alt=\"\" width=\"300\" height=\"225\" srcset=\"https:\/\/www.radiopiu.net\/wordpress\/wp-content\/uploads\/2018\/09\/POLIZIA-1-300x225.jpg 300w, https:\/\/www.radiopiu.net\/wordpress\/wp-content\/uploads\/2018\/09\/POLIZIA-1-768x576.jpg 768w, https:\/\/www.radiopiu.net\/wordpress\/wp-content\/uploads\/2018\/09\/POLIZIA-1-1024x768.jpg 1024w, https:\/\/www.radiopiu.net\/wordpress\/wp-content\/uploads\/2018\/09\/POLIZIA-1.jpg 1600w\" sizes=\"auto, (max-width: 300px) 100vw, 300px\" \/><\/a>ALANO DI PIAVE\u00a0<\/strong> All&#8217;alt della Polizia Stradale di Feltre al\u00a0 posto di controllo lungo la SR 348 in localit\u00e0 Fener,\u00a0 non ha fermato\u00a0 la autovettura, si \u00e8 arrestata poi, a\u00a0 50 metri dagli agenti. Si chiama riflessi lenti.\u00a0 Gli agenti, insospettiti dalla scarsa attenzione evidenziata da chi era alla guida hanno identificando le persone a bordo: il conducente, un cittadino cinese di anni 29 con precedenti, la moglie e i due figli minori, di cui uno trasportato senza il previsto sistema di ritenuta per bambini. Durante la verbalizzazione dell\u2019infrazione, gli agenti si sono accorti che il conducente mostrava i sintomi tipici dell\u2019alterazione correlata all\u2019abuso di alcol; il conducente \u00e8 stato sottoposto all\u2019accertamento etilometrico come da rito, che dava esito positivo con un valore accertato pari a 1,15 g\/l. L&#8217;uomo \u00e8 stato denunciato all\u2019Autorit\u00e0 Giudiziaria per il reato di guida in stato di ebbrezza, che prevede in questo caso l\u2019arresto fino a sei mesi e un\u2019ammenda fino a 3.200 euro, nonch\u00e9 la sospensione della patente di guida fino ad un anno. Una volta ritirata la patente, gli agenti hanno notato una difformit\u00e0 rispetto agli originali conosciuti. Dopo un controllo pi\u00f9 approfondito, emergeva che la patente risultava intestata ad altra persona. L\u2019uomo, gi\u00e0 con precedenti specifici di questo tipo, \u00e8 stato ulteriormente sanzionato per guida senza patente e una sanzione amministrativa pecuniaria pari a 5.100 euro, la patente \u00e8 stata sequestrata e, oltre che per la guida in stato di ebbrezza, \u00e8 stato denunciato anche per falsit\u00e0 documentale.<\/p>\n<p>&nbsp;<\/p>\n<p>&nbsp;<\/p>\n<hr \/>\n<p>&nbsp;<\/p>\n<p>&nbsp;<\/p>\n<blockquote>\n<h2>GRAVE ALPINISTA PRECIPITATO SOTTO LA TORRE PICCOLA DI FALZAREGO<\/h2>\n<\/blockquote>\n<p><strong><img loading=\"lazy\" decoding=\"async\" class=\"alignleft\" src=\"https:\/\/www.radiopiu.net\/wordpress\/wp-content\/uploads\/2021\/06\/salt_20210610_183225_256.jpg\" width=\"198\" height=\"264\" \/>CORTINA<\/strong> Attorno alle 16.15 l&#8217;elicottero del Suem di Pieve di Cadore \u00e8 decollato in direzione della Torre Piccola di Falzarego, dove un alpinista era ruzzolato per una cinquantina di metri sulle rocce riportando un grave politrauma, nel tragitto solitamente utilizzato per rientrare dalle vie. L&#8217;uomo, un cinquantattreenne tedesco, raggiunto dai due compagni di cordata che avevano lanciato l&#8217;allarme, \u00e8 stato individuato dall&#8217;eliambulanza. Dopo aver calato con un verricello di 40 metri tecnico di elisoccorso, medico e infermiere, che hanno subito iniziato a prestare le cure pi\u00f9 urgenti, l&#8217;elicottero \u00e8 sceso a imbarcare due soccorritori del Sagf di Cortina, in supporto alle operazioni di recupero. Imbarellato, l&#8217;infortunato \u00e8 stato caricato a bordo e trasportato all&#8217;ospedale di Treviso. I soccorritori sono rientrati assieme agli altri due scalatori.<\/p>\n<p>&nbsp;<\/p>\n<p>&nbsp;<\/p>\n<p>&nbsp;<\/p>\n<p>&nbsp;<\/p>\n<p>&nbsp;<\/p>\n<hr \/>\n<p>&nbsp;<\/p>\n<blockquote>\n<h3>E&#8217; MORTA LA PROF. CASAGRANDE<\/h3>\n<p><strong>BELLUNO<\/strong> Ieri \u00e8 mancata\u00a0 al San Martino di Belluno la professoressa Roberta Casagrande, insegnante di Scienze Naturali al liceo liceo Galileo e Tiziano.\u00a0 Ieri il dirigente scolastico Andrea Pozzobon ha avvisato il corpo docente e gli studenti. Da alcuni mesi la sua cattedra era stata affidata ad un supplente e i suoi alunni avevano saputo dei problemi di salute che la affliggevano.\u00a0 Aveva\u00a0 64 anni; lascia il marito Ivano Fant, i figli Lorenzo e Leonardo, e la sorella Tiziana, gi\u00e0 docente di Lettere, impegnata sino allo scorso anno all&#8217;Istituto Brustolon. I funerali si svolgeranno sabato pomeriggio, alle ore 14,45, nella chiesa parrocchiale di Salce.<\/p><\/blockquote>\n<p>&nbsp;<\/p>\n<p>&nbsp;<\/p>\n<hr \/>\n<blockquote>\n<h3><\/h3>\n<h3>DOMANI I FUNERALI DI RENATO BAZZOCCO &#8220;RENE'&#8221;<\/h3>\n<p><strong>FELTRE<\/strong> I funerali dll&#8217;edicolante-barista di Arten Ciro Renato Bazzocco &#8220;Ren\u00e9&#8221; si svolgeranno domani alle 16 nella parrocchiale San Gottardo di Arten a Fonzaso. L&#8217;uomo \u00e8 deceduto sabato 29 maggio dopo il ricovero al Santa Maria Del Prato di Feltre nel reparto di Neurologia. Tutto era iniziato dopo un incidente domestico, domenica 23 maggio.<\/p><\/blockquote>\n<p>&nbsp;<\/p>\n<hr \/>\n<p>&nbsp;<\/p>\n<blockquote>\n<h3>FORSE OGGI LA NOTIZIA DEI FUNERALI DI LEONARDO<\/h3>\n<p><strong>FELTRE<\/strong> L&#8217;autopsia \u00e8 stata programmata,\u00a0 stamattina la famiglia di Leonardo Saffayeh spera di poter avere\u00a0 il nulla osta per celebrare a Feltre i funerali del manager di 42 anni morto venerd\u00ec scorso dopo un incidente stradale. Fosse cosi&#8217; domani in duomo l&#8217;ultimo saluto prima della sepoltura che avverr\u00e0 nella tomba di famiglia ad Alano di Piave.\u00a0 E&#8217; il luogo di origine della mamma, Fulvia Pisan. Leonardo Saffayeh, figlio di Atef, conosciuto per aver gestito a lungo il negozio Guerra computer, aveva frequentato il liceo Dal Piaz e si era laureato in Economia e commercio a Venezia.<\/p><\/blockquote>\n<p>&nbsp;<\/p>\n<p>&nbsp;<\/p>\n<hr \/>\n<p>&nbsp;<\/p>\n<blockquote>\n<h3><a href=\"https:\/\/www.radiopiu.net\/wordpress\/giornale-radiopiu-27-luglio-2019-direttore-mirko-mezzacasa\/la-valle-5\/\" rel=\"attachment wp-att-93156\"><img loading=\"lazy\" decoding=\"async\" class=\"size-full wp-image-93156 alignleft\" src=\"https:\/\/www.radiopiu.net\/wordpress\/wp-content\/uploads\/2019\/07\/LA-VALLE.jpg\" alt=\"\" width=\"259\" height=\"194\" \/><\/a>BOSNIACO RESIDENTE A LA VALLE AGORDINA RINVIATO A GIUDIZIO<\/h3>\n<p><em>Il reddito di cittadinanza non gli spettava. Un cittadino bosniaco \u00e8 stato rinviato a giudizio dal giudice per le udienze preliminari Enrica Marson, su richiesta del pubblico ministero Roberta Gallego.<\/em><\/p><\/blockquote>\n<p><strong>BELLUNO<\/strong> Il Giudice per le Indagini Preliminari del Tribunale di Belluno ha rinviato a giudizio Enes Kaltak, 60enne di La Valle Agordina. Ha ottenuto dallo Stato Italiano 4177 euro (reddito di cittadinanza espressione della politica 5 Stelle) imbrogliando il Paese che lo ospita. L&#8217;uomo riceveva 700 euro al mese dall&#8217;agosto del 2019 (fino allo scorso gennaio). Per raggiungere lo scopo ha raccontato una bugia sulla sua famiglia composta di 2 persone e non di 6 come invece ha dichiarato, cos\u00ec come avrebbe dichiarato di risiedere in Italia da almeno 10 anni, di cui 2 senza interruzione. Quando gli investigatori sono andati a chiedere a chiarimenti a La Valle hanno trovato la porta chiusa e l&#8217;uomo irreperibile. In Tribunale\u00a0 il 15 settembre sar\u00e0 chiarito se di truffa si tratta, oppure di malinteso con il centro di assistenza fiscale (Caf)<\/p>\n<p><strong>OGGI GIGI SOSSO SUL CORRIERE DELLE ALPI:<\/strong>\u00a0 Le indagini sono state coordinate dalla Procura della Repubblica, dopo la segnalazione arrivata dall&#8217;Inps e si \u00e8 arrivati alla richiesta di rinvio a giudizio, sulla quale si \u00e8 discusso ieri mattina, in camera di consiglio. La difesa ha chiesto una sentenza di non luogo a procedere, ma il gup ha deciso di accogliere la richiesta della pubblica accusa. Fino a ieri non risultava la scelta di riti alternativi. Si andr\u00e0 al dibattimento con l&#8217;audizione di un certo numero di testimoni, a cominciare da quelli che hanno svolto le indagini<\/p>\n<p>&nbsp;<\/p>\n<hr \/>\n<blockquote>\n<h2><\/h2>\n<h2>IL MORBO DI VANDALO COLPISCE DI NUOVO. INGUARIBILE MALATTIA AD AGORDO<\/h2>\n<\/blockquote>\n<p><em><span style=\"color: #0000ff;\">La storia si ripete, esattamente come un anno fa<\/span><\/em><\/p>\n<p><strong>AGORDO<\/strong> Alcune notti fa se la sono presa con i vasi dei fiori sul ponte che porta al Palazzetto dello Sport,\u00a0 i vasi come un anno fa sono stati scagliati sul greto del torrente Rova. Esattamente come in passato, senza che nessuno sia riuscito a scorgere il fatto. L&#8217;altra notte replica anche al Ponte Rova lungo la regionale 203 agordina che porta in centro, difronte al\u00a0 distributore (peraltro a pochi metri dalla Caserma dei Carabinieri), anche qui come un anno fa i fiori hanno fatto un brutta fine. Sono stati strappati e con violenza gettatti nel Rova sulla destra guardando al torrente Cordevole. I vasi sono rimasti al loro posto ma il danno resta.<\/p>\n<p><strong><span style=\"color: #ff0000;\">SERVIZIO PRECEDENTE DI GIANNI SANTOMASO\u00a0<\/span><\/strong><\/p>\n<blockquote>\n<h3>ATTI VANDALICI AD AGORDO, ANCORA UNA VOLTA PRESI DI MIRA I FIORI SUL PONTE DEL TORRENTE ROVA<\/h3>\n<\/blockquote>\n<p><strong><a href=\"https:\/\/www.radiopiu.net\/wordpress\/atti-vandalici-ad-agordo-ancora-una-volta-presi-di-mira-i-fiori-sul-ponte-del-torrente-rova\/0578083a-89ea-45bf-a63d-4b34100963ac\/\" rel=\"attachment wp-att-213775\"><img loading=\"lazy\" decoding=\"async\" class=\"size-medium wp-image-213775 alignleft\" src=\"https:\/\/www.radiopiu.net\/wordpress\/wp-content\/uploads\/2021\/06\/0578083a-89ea-45bf-a63d-4b34100963ac-300x135.jpg\" alt=\"\" width=\"300\" height=\"135\" srcset=\"https:\/\/www.radiopiu.net\/wordpress\/wp-content\/uploads\/2021\/06\/0578083a-89ea-45bf-a63d-4b34100963ac-300x135.jpg 300w, https:\/\/www.radiopiu.net\/wordpress\/wp-content\/uploads\/2021\/06\/0578083a-89ea-45bf-a63d-4b34100963ac-1024x461.jpg 1024w, https:\/\/www.radiopiu.net\/wordpress\/wp-content\/uploads\/2021\/06\/0578083a-89ea-45bf-a63d-4b34100963ac-768x346.jpg 768w, https:\/\/www.radiopiu.net\/wordpress\/wp-content\/uploads\/2021\/06\/0578083a-89ea-45bf-a63d-4b34100963ac-1536x691.jpg 1536w, https:\/\/www.radiopiu.net\/wordpress\/wp-content\/uploads\/2021\/06\/0578083a-89ea-45bf-a63d-4b34100963ac.jpg 1600w\" sizes=\"auto, (max-width: 300px) 100vw, 300px\" \/><\/a><\/strong><\/p>\n<audio class=\"wp-audio-shortcode\" id=\"audio-215172-1\" preload=\"none\" style=\"width: 100%;\" controls=\"controls\"><source type=\"audio\/mpeg\" src=\"https:\/\/www.radiopiu.net\/wordpress\/wp-content\/uploads\/2021\/06\/GIANNI-FIORI-NEL-TORRENTE-ROVA.mp3?_=1\" \/><a href=\"https:\/\/www.radiopiu.net\/wordpress\/wp-content\/uploads\/2021\/06\/GIANNI-FIORI-NEL-TORRENTE-ROVA.mp3\">https:\/\/www.radiopiu.net\/wordpress\/wp-content\/uploads\/2021\/06\/GIANNI-FIORI-NEL-TORRENTE-ROVA.mp3<\/a><\/audio>\n<p>&nbsp;<\/p>\n<p>&nbsp;<\/p>\n<hr \/>\n<blockquote>\n<h2><\/h2>\n<h2>PIANTE TAGLIATE IN RITARDO E FRETTOLOSAMENTE, UN PERICOLO PER LA VIABILITA&#8217;<\/h2>\n<\/blockquote>\n<p><strong>AGORDO<\/strong> Il gruppo di opposizione con una lettera al sindaco di Agordo Roberto Chissal\u00e8 e al Presidente dell&#8217;Unione Montana Agordina Michele Costa, evidenzia lo stato in cui versa l&#8217;area in prossimit\u00e0 del Polifunzionale (centro residenza anziani) gestito da Asca. <em>&#8220;E\u2019 evidente che la visione d\u2019insieme offre un aspetto degradante, accompagnato da fioriere rotte e sfasciume vegetale&#8221; <\/em>dicono i consiglieri comunali. Arriva l&#8217;estate e la vegetazione si propaga a vista d&#8217;occhio, anzi a dare fastidio all&#8217;occhio di chi si sposta sulla strada comunale verso la frazione Rif di Agordo salendo dall&#8217;ospedale, perch\u00e9 in curva quell&#8217;agglomerato di &#8220;verdura&#8221; occulta la visione. Il gruppo consiliare &#8220;Agordo Cambia&#8221; in consiglio comunale con Paolo Selva Moretti, Silvano Savio, Gherardo Zaltron e Sergio De Riva ha sottoscritto un documento per una problematica che secondo i firmatari si ripete annualmente nelle pertinenze della struttura gestita da Asca lungo\u00a0 via Fontana. <em>&#8220;Parliamo di un&#8217;espansione incontrollata, seccaginosa &#8211; insistono i consiglieri &#8211;\u00a0 che poco si configurano in una visione urbanistica contestualizzata. <\/em>Gi\u00e0 in passato il consigliere\u00a0 Silvano Savio\u00a0 si \u00e8 recato pi\u00f9 volte negli uffici di Asca\u00a0 per segnalare il problema e sollecitarne una soluzione, evidentamente senza esito auspicato. Non si puo&#8217; certo dire che non parli con cognizione di causa per due motivi, il primo che abita proprio difronte e quindi conosce la situazione al passar dei giorni, secondo perch\u00e9 l&#8217;ambiente e la vegetazione sono stati argomenti della sua vita professionale.\u00a0 <em>&#8220;Non solo all&#8217;Asca anche in sede comunale sarebbe gi\u00e0 stata segnalata la situazione da parte di alcuni cittadini di Agordo&#8221;. <\/em>Secondo Agordo Cambia <em>\u00a0<\/em>Il taglio della parte erbacea avviene puntualmente in ritardo, in modo frettoloso anche perch\u00e9 le pendenze delle scarpate con necessario uso di scale non permettono agilit\u00e0 d\u2019azione e spesso mettono in pericolo l\u2019operatore,\u00a0 forse non opportuno in questo tipo di lavoro<em>. &#8220;In un ambito\u00a0 di sensibilit\u00e0 ambientale e di organizzazione urbana, il buon senso non raggiunge tutte le anime, vogliamo pertanto porre l\u2019attenzione sull\u2019aspetto legislativo per quanto riguarda la citata limitazione di visibilit\u00e0 stradale: il sindaco costituisce la pi\u00f9 alta carica di pubblica sicurezza nel suo territorio&#8221;. \u00a0<\/em>Dunque un invito ad intervenire e come? i consiglieri comunali propongono il posizionamento di un telo permeabile da pacciamatura e successiva messa a dimora di piante arbustive di Cotoneaster horizontalis lungo l\u2019intera superficie, previa ripulitura e rimozione della vegetazione esistente.<\/p>\n\n\t\t\t<style type='text\/css'>\n\t\t\t\t#gallery-1 {\n\t\t\t\t\tmargin: auto;\n\t\t\t\t}\n\t\t\t\t#gallery-1 .gallery-item {\n\t\t\t\t\tfloat: left;\n\t\t\t\t\tmargin-top: 10px;\n\t\t\t\t\ttext-align: center;\n\t\t\t\t\twidth: 33%;\n\t\t\t\t}\n\t\t\t\t#gallery-1 img {\n\t\t\t\t\tborder: 2px solid #cfcfcf;\n\t\t\t\t}\n\t\t\t\t#gallery-1 .gallery-caption {\n\t\t\t\t\tmargin-left: 0;\n\t\t\t\t}\n\t\t\t\t\/* see gallery_shortcode() in wp-includes\/media.php *\/\n\t\t\t<\/style>\n\t\t<div id='gallery-1' class='dt-gallery-container gallery galleryid-215172 gallery-columns-3 gallery-size-thumbnail'><dl class='gallery-item'>\n\t\t\t\t<dt class='gallery-icon landscape'>\n\t\t\t\t\t<a class=\"rollover rollover-zoom dt-pswp-item\" title=\"20210523_151215\" data-dt-img-description=\"\" data-large_image_width=\"2064\" data-large_image_height=\"1548\"href='https:\/\/www.radiopiu.net\/wordpress\/wp-content\/uploads\/2021\/06\/20210523_151215.jpg'><img loading=\"lazy\" decoding=\"async\" width=\"150\" height=\"150\" src=\"https:\/\/www.radiopiu.net\/wordpress\/wp-content\/uploads\/2021\/06\/20210523_151215-150x150.jpg\" class=\"attachment-thumbnail size-thumbnail\" alt=\"\" \/><\/a>\n\t\t\t\t<\/dt><\/dl><dl class='gallery-item'>\n\t\t\t\t<dt class='gallery-icon landscape'>\n\t\t\t\t\t<a class=\"rollover rollover-zoom dt-pswp-item\" title=\"20210523_151318\" data-dt-img-description=\"\" data-large_image_width=\"2064\" data-large_image_height=\"1548\"href='https:\/\/www.radiopiu.net\/wordpress\/wp-content\/uploads\/2021\/06\/20210523_151318.jpg'><img loading=\"lazy\" decoding=\"async\" width=\"150\" height=\"150\" src=\"https:\/\/www.radiopiu.net\/wordpress\/wp-content\/uploads\/2021\/06\/20210523_151318-150x150.jpg\" class=\"attachment-thumbnail size-thumbnail\" alt=\"\" \/><\/a>\n\t\t\t\t<\/dt><\/dl><dl class='gallery-item'>\n\t\t\t\t<dt class='gallery-icon landscape'>\n\t\t\t\t\t<a class=\"rollover rollover-zoom dt-pswp-item\" title=\"20210523_151333\" data-dt-img-description=\"\" data-large_image_width=\"2064\" data-large_image_height=\"1548\"href='https:\/\/www.radiopiu.net\/wordpress\/wp-content\/uploads\/2021\/06\/20210523_151333.jpg'><img loading=\"lazy\" decoding=\"async\" width=\"150\" height=\"150\" src=\"https:\/\/www.radiopiu.net\/wordpress\/wp-content\/uploads\/2021\/06\/20210523_151333-150x150.jpg\" class=\"attachment-thumbnail size-thumbnail\" alt=\"\" \/><\/a>\n\t\t\t\t<\/dt><\/dl><br style=\"clear: both\" \/><dl class='gallery-item'>\n\t\t\t\t<dt class='gallery-icon landscape'>\n\t\t\t\t\t<a class=\"rollover rollover-zoom dt-pswp-item\" title=\"20210523_151303\" data-dt-img-description=\"\" data-large_image_width=\"2064\" data-large_image_height=\"1548\"href='https:\/\/www.radiopiu.net\/wordpress\/wp-content\/uploads\/2021\/06\/20210523_151303.jpg'><img loading=\"lazy\" decoding=\"async\" width=\"150\" height=\"150\" src=\"https:\/\/www.radiopiu.net\/wordpress\/wp-content\/uploads\/2021\/06\/20210523_151303-150x150.jpg\" class=\"attachment-thumbnail size-thumbnail\" alt=\"\" \/><\/a>\n\t\t\t\t<\/dt><\/dl><dl class='gallery-item'>\n\t\t\t\t<dt class='gallery-icon landscape'>\n\t\t\t\t\t<a class=\"rollover rollover-zoom dt-pswp-item\" title=\"20210523_151256\" data-dt-img-description=\"\" data-large_image_width=\"2064\" data-large_image_height=\"1548\"href='https:\/\/www.radiopiu.net\/wordpress\/wp-content\/uploads\/2021\/06\/20210523_151256.jpg'><img loading=\"lazy\" decoding=\"async\" width=\"150\" height=\"150\" src=\"https:\/\/www.radiopiu.net\/wordpress\/wp-content\/uploads\/2021\/06\/20210523_151256-150x150.jpg\" class=\"attachment-thumbnail size-thumbnail\" alt=\"\" \/><\/a>\n\t\t\t\t<\/dt><\/dl><dl class='gallery-item'>\n\t\t\t\t<dt class='gallery-icon landscape'>\n\t\t\t\t\t<a class=\"rollover rollover-zoom dt-pswp-item\" title=\"20210523_151233\" data-dt-img-description=\"\" data-large_image_width=\"2064\" data-large_image_height=\"1548\"href='https:\/\/www.radiopiu.net\/wordpress\/wp-content\/uploads\/2021\/06\/20210523_151233.jpg'><img loading=\"lazy\" decoding=\"async\" width=\"150\" height=\"150\" src=\"https:\/\/www.radiopiu.net\/wordpress\/wp-content\/uploads\/2021\/06\/20210523_151233-150x150.jpg\" class=\"attachment-thumbnail size-thumbnail\" alt=\"\" \/><\/a>\n\t\t\t\t<\/dt><\/dl><br style=\"clear: both\" \/>\n\t\t\t<\/div>\n\n<p>&nbsp;<\/p>\n<p>&nbsp;<\/p>\n<hr \/>\n<p>&nbsp;<\/p>\n<blockquote>\n<h2>FALCADE-CENCENIGHE-AGORDO-BELLUNO OGGI STRADE CHIUSE DALLE 11.30 PER IL PASSAGGIO DEI CICLISTI<\/h2>\n<p><span style=\"color: #ff0000;\">PASSAGGIO PER AGORDO (IN DISCESA DALLA VALLE DEL BIOIS) ALLE 12.53, ALLE 12.21 A FALCADE, QUINDI STRADE CHIUSE DALLE 11.30 DA PASSO VALLES VERSO CENCENIGHE, DALLE 12.00 DA CENCENIGHE AD AGORDO E QUINDI VERSO BELLUNO<\/span><\/p><\/blockquote>\n<p><strong><a href=\"https:\/\/www.radiopiu.net\/wordpress\/venerdi-11-giugno-il-passaggio-del-giro-ditalia-under-23-in-agordino\/3c568815-4745-4d5b-9754-256f54b9a6d0\/\" rel=\"attachment wp-att-213719\"><img loading=\"lazy\" decoding=\"async\" class=\"wp-image-213719 alignleft\" src=\"https:\/\/www.radiopiu.net\/wordpress\/wp-content\/uploads\/2021\/06\/3c568815-4745-4d5b-9754-256f54b9a6d0-1024x895.jpg\" alt=\"\" width=\"268\" height=\"235\" srcset=\"https:\/\/www.radiopiu.net\/wordpress\/wp-content\/uploads\/2021\/06\/3c568815-4745-4d5b-9754-256f54b9a6d0-1024x895.jpg 1024w, https:\/\/www.radiopiu.net\/wordpress\/wp-content\/uploads\/2021\/06\/3c568815-4745-4d5b-9754-256f54b9a6d0-300x262.jpg 300w, https:\/\/www.radiopiu.net\/wordpress\/wp-content\/uploads\/2021\/06\/3c568815-4745-4d5b-9754-256f54b9a6d0-768x671.jpg 768w, https:\/\/www.radiopiu.net\/wordpress\/wp-content\/uploads\/2021\/06\/3c568815-4745-4d5b-9754-256f54b9a6d0.jpg 1536w\" sizes=\"auto, (max-width: 268px) 100vw, 268px\" \/><\/a>REDAZIONE<\/strong> Oggi in occasione del passaggio della corsa ciclistica i tratti di strada interessati saranno chiusi 30 minuti prima del passaggio dei concorrenti. Si fa riferimento alla tabella di marcia secondo l&#8217;ipotesi di transito con la media pi\u00f9 veloce.<\/p>\n<p><strong>DA PONTE NELLE ALPI AL COLLE BELLUNESE\u00a0<\/strong><\/p>\n<p>Chiusura della Provinciale 1 fino alla rotonda in Rione Santa Caterina di Ponte nelle Alpi e dal bivio di Vich all&#8217;arrivo del Nevegal, interessati da un doppio passaggio, chiusura dunque\u00a0 a partire dalla mezz&#8217;ora precedente il\u00a0 primo passaggio fino al transito del secondo passaggio della gara,\u00a0 prevista una riapertura\u00a0 (tra i due passaggi) per i soli veicoli che dalla rotonda di Santa Caterina si immettono sulla Provinciale 1 direzione Belluno o per il ponte sul Piave verso Polpet. Infine sospensione della circolazione sulla 51 dal bivio tra la statale e la Sp 423 dalle 13.15.<\/p>\n<p>&nbsp;<\/p>\n<p>&nbsp;<\/p>\n<hr \/>\n<p>&nbsp;<\/p>\n<p>&nbsp;<\/p>\n<div dir=\"auto\"><\/div>\n<blockquote>\n<h2>RAGGIUNTE LE 150MILA DOSI DI VACCINO SOMMINISTRATE, LA ULSS ASSUME 38 INFERMIERI PER LE CASE DI RIPOSO<\/h2>\n<\/blockquote>\n<p><a href=\"https:\/\/www.radiopiu.net\/wordpress\/raggiunte-le-150mila-dosi-di-vaccino-somministrate-la-ulss-assume-38-infermieri-per-le-case-di-riposo\/whatsapp-image-2021-06-10-at-15-29-27\/\" rel=\"attachment wp-att-215364\"><img loading=\"lazy\" decoding=\"async\" class=\"size-medium wp-image-215364 alignleft\" src=\"https:\/\/www.radiopiu.net\/wordpress\/wp-content\/uploads\/2021\/06\/WhatsApp-Image-2021-06-10-at-15.29.27-169x300.jpeg\" alt=\"\" width=\"169\" height=\"300\" srcset=\"https:\/\/www.radiopiu.net\/wordpress\/wp-content\/uploads\/2021\/06\/WhatsApp-Image-2021-06-10-at-15.29.27-169x300.jpeg 169w, https:\/\/www.radiopiu.net\/wordpress\/wp-content\/uploads\/2021\/06\/WhatsApp-Image-2021-06-10-at-15.29.27-576x1024.jpeg 576w, https:\/\/www.radiopiu.net\/wordpress\/wp-content\/uploads\/2021\/06\/WhatsApp-Image-2021-06-10-at-15.29.27-768x1365.jpeg 768w, https:\/\/www.radiopiu.net\/wordpress\/wp-content\/uploads\/2021\/06\/WhatsApp-Image-2021-06-10-at-15.29.27-864x1536.jpeg 864w, https:\/\/www.radiopiu.net\/wordpress\/wp-content\/uploads\/2021\/06\/WhatsApp-Image-2021-06-10-at-15.29.27.jpeg 900w\" sizes=\"auto, (max-width: 169px) 100vw, 169px\" \/><\/a><span style=\"font-family: Arial, serif;\"><strong>BELLUNO<\/strong> Alle ore 16.17 di oggi l\u2019Ulss Dolomiti ha eseguito la <\/span><span style=\"font-family: Arial, serif;\"><b>150millesima dose <\/b><\/span><span style=\"font-family: Arial, serif;\">di vaccino anti covid. Si tratta di un traguardo importante frutto del grande impegno collaborativo degli operatori dell\u2019ulss dei medici di medicina generale (che hanno eseguito <\/span><span style=\"font-family: Arial, serif;\"><b>oltre 21 mila dosi di vaccino ad oggi<\/b><\/span><span style=\"font-family: Arial, serif;\">) della Protezione Civile delle associaizone di volontariato delle amministrazioni comunali e di altre istituzioni che a vario titolo hanno contribuito a questa unica e storica campagna di prevenzione primaria dell\u2019infezione covid. <\/span><span style=\"font-family: Arial, serif;\">La campagna vaccinale \u00e8 caratterizzata da una grande capillarit\u00e0 di presenza nel territorio provinciale: nel pomeriggio di oggi ha preso avvio il punto vaccinale del Comelico nella Palestra di Santo Stefano di Cadore, centro che si affianca ai drive in vaccinali di Feltre, Paludi, Tai di Cadore e Agordo e al Centro Vaccinale di Sedico (attivato in collaborazione con Luxottica). <\/span><span style=\"font-family: Arial, serif;\"><b>Oggi in Comelico sono state eseguite 200 vaccinazioni. <\/b><\/span><span style=\"font-family: Arial, serif;\">Il centro del Comelico sar\u00e0 attivo dalla prossima settimana tutti i venerd\u00ec con posti prenotabili per tutte le categorie dal portale regionale o dal sito <\/span><span style=\"color: #000080;\"><span lang=\"it-IT\"><u><a href=\"http:\/\/www.aulss1.veneto.it\/\"><span style=\"font-family: Arial, serif;\">www.aulss1.veneto.it<\/span><\/a><\/u><\/span><\/span><\/p>\n<p align=\"CENTER\"><span style=\"color: #00000a;\"><span style=\"font-size: large;\"><span lang=\"it-IT\"><b>Assunti 38 infermieri con possibilit\u00e0 di supportare le case di riposo per sei mesi<\/b><\/span><\/span><\/span><\/p>\n<p align=\"LEFT\">L\u2019Ulss Dolomiti ha assunto ulteriori 38 infermieri a tempo indeterminato, attingendo dalla graduatoria in esito al concorso gestito da Azienda Zero. Per rispondere alle sollecitazioni e ai bisogni dei Centri di servizio, in ottica di rete, al momento dell\u2019assunzione in Ulss, sar\u00e0 proposta ai professionisti un\u2019assegnazione temporanea per un periodo di 6 mesi, prorogabili, nelle case di riposo del territorio. <em>\u00abAbbiamo messo in campo questa iniziativa, prevista dalla programmazione regionale, per supportare i centri di servizio del territorio\u00bb, spiega il Direttore Generale Maria Grazia Carraro, \u00abla carenza di professionisti riguarda sia l\u2019Ulss che le case di riposo: in questo modo diamo la possibilit\u00e0 di contemperare gli interessi e fare squadra, a favore della qualit\u00e0 dell\u2019assistenza in tutte le strutture\u00bb.<\/em><\/p>\n<p>&nbsp;<\/p>\n<p>&nbsp;<\/p>\n<p>&nbsp;<\/p>\n<hr \/>\n<blockquote>\n<h3><strong>\u00a0<\/strong><\/h3>\n<h3><strong>NUOVO VICE PREFETTO VICARIO A BELLUNO<\/strong><\/h3>\n<\/blockquote>\n<p><strong>BELLUNO<\/strong>\u00a0 Lo scorso 7 giugno\u00a0 ha preso servizio in\u00a0 Prefettura a Belluno\u00a0 Gloria Allegretto, nuovo Vice Prefetto Vicario. Prima di approdare alla Prefettura di Belluno,\u00a0 Allegretto ha prestato servizio presso la Prefettura di Udine e, in precedenza, presso quella di Gorizia svolgendo in entrambi i casi la funzione vicariale.<\/p>\n<p>&nbsp;<\/p>\n<p><strong><img loading=\"lazy\" decoding=\"async\" class=\"alignleft\" src=\"https:\/\/www.radiopiu.net\/wordpress\/wp-content\/uploads\/2021\/04\/707112018174833_SAVASTANO.jpg\" width=\"118\" height=\"116\" \/>\u00a0AGORDO\u00a0<\/strong>Ieri mattina il Prefetto di Belluno, Mariano Savastano, ha visitato gli stabilimenti Luxottica di Agordo. Il Prefetto \u00e8 stato accolto dai vertici aziendali che gli hanno presentato le attivit\u00e0 del Gruppo. Nel ringraziare Luxottica per l\u2019invito ricevuto, il Prefetto ha voluto sottolineare il proprio apprezzamento per l\u2019operato di un\u2019azienda che, oltre ad essere una delle eccellenze italiane nel mondo, rappresenta un solido punto di riferimento per la comunit\u00e0 bellunese che vede nel settore dell\u2019occhialeria uno dei motori trainanti della propria economia. (foto piemonteoggi.it)<\/p>\n<p>&nbsp;<\/p>\n<p>&nbsp;<\/p>\n<hr \/>\n<p>&nbsp;<\/p>\n<blockquote>\n<h3>NUOVE VASCHE IMHOFF A TAIBON, NUOVI ALLACCI FOGNARI AD ALLEGHE<\/h3>\n<\/blockquote>\n<p><a href=\"https:\/\/www.radiopiu.net\/wordpress\/giornale-radiopiu-26-maggio-2021-direttore-mirko-mezzacasa\/dav-229\/\" rel=\"attachment wp-att-211992\"><img loading=\"lazy\" decoding=\"async\" class=\"wp-image-211992 alignleft\" src=\"https:\/\/www.radiopiu.net\/wordpress\/wp-content\/uploads\/2021\/05\/BimGsp_Attilio_Sommavilla_1-227x300.jpg\" alt=\"\" width=\"141\" height=\"186\" srcset=\"https:\/\/www.radiopiu.net\/wordpress\/wp-content\/uploads\/2021\/05\/BimGsp_Attilio_Sommavilla_1-227x300.jpg 227w, https:\/\/www.radiopiu.net\/wordpress\/wp-content\/uploads\/2021\/05\/BimGsp_Attilio_Sommavilla_1-775x1024.jpg 775w, https:\/\/www.radiopiu.net\/wordpress\/wp-content\/uploads\/2021\/05\/BimGsp_Attilio_Sommavilla_1-768x1015.jpg 768w, https:\/\/www.radiopiu.net\/wordpress\/wp-content\/uploads\/2021\/05\/BimGsp_Attilio_Sommavilla_1.jpg 1134w\" sizes=\"auto, (max-width: 141px) 100vw, 141px\" \/><\/a><\/p>\n<p><strong>BELLUNO<\/strong> Nuovo impianto di trattamento dei reflui fognari a Taibon Agordino. Bim Gsp, con un investimento dal 175 mila euro, ha completato in questi giorni il cantiere avviato lo scorso dicembre per la posa di due nuove vasche, prefabbricate e con capienza complessiva di 150 metri cubi, necessarie a trattare i reflui di buona parte dell\u2019abitato di Taibon. L\u2019intervento, realizzato con fondi del Commissario Delegato all\u2019emergenza Vaia, ha consentito di dismettere la struttura esistente, pesantemente danneggiata dalla tempesta Vaia nell\u2019autunno 2018. In parallelo, a monte dell\u2019impianto, \u00e8 stata ripristinata la funzionalit\u00e0 di un tratto di fognatura danneggiata, cos\u00ec da garantire il corretto deflusso all\u2019impianto. Ultimati anche i lavori di dismissione di un tratto di rete fognaria in depressione ad Alleghe, in via Lungolago, nella porzione che si innesta in Corso Italia e risale il declivio ai piedi del Garn\u00ec \u201cLa Nava\u201d. Bim Gsp, infatti, ha provveduto ad allacciare gli stabili presenti in zona alla fognatura a gravit\u00e0 gi\u00e0 posata in precedenza. Un intervento strategico, che completa un quadro di progetto molto pi\u00f9 ampio e articolato in sedici stralci, quattro dei quali gi\u00e0 eseguiti e i restanti da realizzare in pi\u00f9 annualit\u00e0 <em>\u201cUn progetto indubbiamente di rilievo in termini di risorse economiche e impegno di tempo \u2013 spiega Attilio Sommavilla, presidente di Bim Gsp (foto) \u2013 ma che ci permetter\u00e0, da un lato, di risolvere annose criticit\u00e0 legate ai frequenti malfunzionamenti del sistema attuale e di restituire, dall\u2019altro, al territorio e alla comunit\u00e0 locale una fognatura efficiente e funzionante che, con la realizzazione del depuratore in localit\u00e0 \u201cLe Pale\u201d, costituir\u00e0 un\u2019ulteriore garanzia a salvaguardia dell\u2019ambiente e dell\u2019ecosistema naturale\u201d.\u00a0<\/em><\/p>\n\n\t\t\t<style type='text\/css'>\n\t\t\t\t#gallery-2 {\n\t\t\t\t\tmargin: auto;\n\t\t\t\t}\n\t\t\t\t#gallery-2 .gallery-item {\n\t\t\t\t\tfloat: left;\n\t\t\t\t\tmargin-top: 10px;\n\t\t\t\t\ttext-align: center;\n\t\t\t\t\twidth: 50%;\n\t\t\t\t}\n\t\t\t\t#gallery-2 img {\n\t\t\t\t\tborder: 2px solid #cfcfcf;\n\t\t\t\t}\n\t\t\t\t#gallery-2 .gallery-caption {\n\t\t\t\t\tmargin-left: 0;\n\t\t\t\t}\n\t\t\t\t\/* see gallery_shortcode() in wp-includes\/media.php *\/\n\t\t\t<\/style>\n\t\t<div id='gallery-2' class='dt-gallery-container gallery galleryid-215172 gallery-columns-2 gallery-size-medium'><dl class='gallery-item'>\n\t\t\t\t<dt class='gallery-icon landscape'>\n\t\t\t\t\t<a class=\"rollover rollover-zoom dt-pswp-item\" title=\"Alleghe_lungolago_2\" data-dt-img-description=\"\" data-large_image_width=\"1134\" data-large_image_height=\"631\"href='https:\/\/www.radiopiu.net\/wordpress\/wp-content\/uploads\/2021\/06\/Alleghe_lungolago_2.jpg'><img loading=\"lazy\" decoding=\"async\" width=\"300\" height=\"167\" src=\"https:\/\/www.radiopiu.net\/wordpress\/wp-content\/uploads\/2021\/06\/Alleghe_lungolago_2-300x167.jpg\" class=\"attachment-medium size-medium\" alt=\"\" aria-describedby=\"gallery-2-215304\" srcset=\"https:\/\/www.radiopiu.net\/wordpress\/wp-content\/uploads\/2021\/06\/Alleghe_lungolago_2-300x167.jpg 300w, https:\/\/www.radiopiu.net\/wordpress\/wp-content\/uploads\/2021\/06\/Alleghe_lungolago_2-1024x570.jpg 1024w, https:\/\/www.radiopiu.net\/wordpress\/wp-content\/uploads\/2021\/06\/Alleghe_lungolago_2-768x427.jpg 768w, https:\/\/www.radiopiu.net\/wordpress\/wp-content\/uploads\/2021\/06\/Alleghe_lungolago_2.jpg 1134w\" sizes=\"auto, (max-width: 300px) 100vw, 300px\" \/><\/a>\n\t\t\t\t<\/dt>\n\t\t\t\t\t<dd class='wp-caption-text gallery-caption' id='gallery-2-215304'>\n\t\t\t\t\tALLEGHE\n\t\t\t\t\t<\/dd><\/dl><dl class='gallery-item'>\n\t\t\t\t<dt class='gallery-icon landscape'>\n\t\t\t\t\t<a class=\"rollover rollover-zoom dt-pswp-item\" title=\"Taibon_posa_vasche_1\" data-dt-img-description=\"\" data-large_image_width=\"1181\" data-large_image_height=\"709\"href='https:\/\/www.radiopiu.net\/wordpress\/wp-content\/uploads\/2021\/06\/Taibon_posa_vasche_1.jpg'><img loading=\"lazy\" decoding=\"async\" width=\"300\" height=\"180\" src=\"https:\/\/www.radiopiu.net\/wordpress\/wp-content\/uploads\/2021\/06\/Taibon_posa_vasche_1-300x180.jpg\" class=\"attachment-medium size-medium\" alt=\"\" aria-describedby=\"gallery-2-215303\" srcset=\"https:\/\/www.radiopiu.net\/wordpress\/wp-content\/uploads\/2021\/06\/Taibon_posa_vasche_1-300x180.jpg 300w, https:\/\/www.radiopiu.net\/wordpress\/wp-content\/uploads\/2021\/06\/Taibon_posa_vasche_1-1024x615.jpg 1024w, https:\/\/www.radiopiu.net\/wordpress\/wp-content\/uploads\/2021\/06\/Taibon_posa_vasche_1-768x461.jpg 768w, https:\/\/www.radiopiu.net\/wordpress\/wp-content\/uploads\/2021\/06\/Taibon_posa_vasche_1.jpg 1181w\" sizes=\"auto, (max-width: 300px) 100vw, 300px\" \/><\/a>\n\t\t\t\t<\/dt>\n\t\t\t\t\t<dd class='wp-caption-text gallery-caption' id='gallery-2-215303'>\n\t\t\t\t\tTAIBON\n\t\t\t\t\t<\/dd><\/dl><br style=\"clear: both\" \/>\n\t\t\t<\/div>\n\n<p>&nbsp;<\/p>\n<p>&nbsp;<\/p>\n<hr \/>\n<p>&nbsp;<\/p>\n<p>&nbsp;<\/p>\n<p><strong><span style=\"color: #ff0000;\">STORIE DI FRATERNE AMICIZIE<\/span><\/strong><\/p>\n<blockquote>\n<h3><em>AUGUSTO E BRUNO, DIVERSI PER STORIE E IDEE POLITICHE,\u00a0 MA ACCOMUNATI DAL LEGAME PER LA TERRA AGORDINA<\/em><\/h3>\n<\/blockquote>\n<h3><em><br \/>\n<\/em><em style=\"font-size: 14px; font-weight: normal;\">36\u00b0 Anniversario della morte di Augusto Murer l&#8217;associazione Erma dedica una saletta nel museo con le opere dell&#8217;artista della collezione Bruno Dai Pra, messe a disposizione dalla famiglia. Alle stampe il quaderno ricordo &#8220;l&#8217;amicizia preziosa&#8221;.<\/em><em><br \/>\n<\/em><\/h3>\n<p><strong>DI GIANNI SANTOMASO\u00a0<\/strong><\/p>\n<audio class=\"wp-audio-shortcode\" id=\"audio-215172-2\" preload=\"none\" style=\"width: 100%;\" controls=\"controls\"><source type=\"audio\/mpeg\" src=\"https:\/\/www.radiopiu.net\/wordpress\/wp-content\/uploads\/2021\/06\/GIANNI-SVEVA.mp3?_=2\" \/><a href=\"https:\/\/www.radiopiu.net\/wordpress\/wp-content\/uploads\/2021\/06\/GIANNI-SVEVA.mp3\">https:\/\/www.radiopiu.net\/wordpress\/wp-content\/uploads\/2021\/06\/GIANNI-SVEVA.mp3<\/a><\/audio>\n<p>&nbsp;<\/p>\n\n\t\t\t<style type='text\/css'>\n\t\t\t\t#gallery-3 {\n\t\t\t\t\tmargin: auto;\n\t\t\t\t}\n\t\t\t\t#gallery-3 .gallery-item {\n\t\t\t\t\tfloat: left;\n\t\t\t\t\tmargin-top: 10px;\n\t\t\t\t\ttext-align: center;\n\t\t\t\t\twidth: 33%;\n\t\t\t\t}\n\t\t\t\t#gallery-3 img {\n\t\t\t\t\tborder: 2px solid #cfcfcf;\n\t\t\t\t}\n\t\t\t\t#gallery-3 .gallery-caption {\n\t\t\t\t\tmargin-left: 0;\n\t\t\t\t}\n\t\t\t\t\/* see gallery_shortcode() in wp-includes\/media.php *\/\n\t\t\t<\/style>\n\t\t<div id='gallery-3' class='dt-gallery-container gallery galleryid-215172 gallery-columns-3 gallery-size-thumbnail'><dl class='gallery-item'>\n\t\t\t\t<dt class='gallery-icon portrait'>\n\t\t\t\t\t<a class=\"rollover rollover-zoom dt-pswp-item\" title=\"Copertina catalogo amicizia Murer-Dai Pr\u00e0 (1)\" data-dt-img-description=\"\" data-large_image_width=\"1141\" data-large_image_height=\"1467\"href='https:\/\/www.radiopiu.net\/wordpress\/wp-content\/uploads\/2021\/06\/Copertina-catalogo-amicizia-Murer-Dai-Pra-1.jpeg'><img loading=\"lazy\" decoding=\"async\" width=\"150\" height=\"150\" src=\"https:\/\/www.radiopiu.net\/wordpress\/wp-content\/uploads\/2021\/06\/Copertina-catalogo-amicizia-Murer-Dai-Pra-1-150x150.jpeg\" class=\"attachment-thumbnail size-thumbnail\" alt=\"\" \/><\/a>\n\t\t\t\t<\/dt><\/dl><dl class='gallery-item'>\n\t\t\t\t<dt class='gallery-icon portrait'>\n\t\t\t\t\t<a class=\"rollover rollover-zoom dt-pswp-item\" title=\"Murer-maternit\u00e0 1961\" data-dt-img-description=\"\" data-large_image_width=\"1154\" data-large_image_height=\"1575\"href='https:\/\/www.radiopiu.net\/wordpress\/wp-content\/uploads\/2021\/06\/Murer-maternita-1961.jpeg'><img loading=\"lazy\" decoding=\"async\" width=\"150\" height=\"150\" src=\"https:\/\/www.radiopiu.net\/wordpress\/wp-content\/uploads\/2021\/06\/Murer-maternita-1961-150x150.jpeg\" class=\"attachment-thumbnail size-thumbnail\" alt=\"\" \/><\/a>\n\t\t\t\t<\/dt><\/dl><dl class='gallery-item'>\n\t\t\t\t<dt class='gallery-icon portrait'>\n\t\t\t\t\t<a class=\"rollover rollover-zoom dt-pswp-item\" title=\"Murer-Dai Pr\u00e0 (3)\" data-dt-img-description=\"\" data-large_image_width=\"1231\" data-large_image_height=\"1715\"href='https:\/\/www.radiopiu.net\/wordpress\/wp-content\/uploads\/2021\/06\/Murer-Dai-Pra-3.jpg'><img loading=\"lazy\" decoding=\"async\" width=\"150\" height=\"150\" src=\"https:\/\/www.radiopiu.net\/wordpress\/wp-content\/uploads\/2021\/06\/Murer-Dai-Pra-3-150x150.jpg\" class=\"attachment-thumbnail size-thumbnail\" alt=\"\" \/><\/a>\n\t\t\t\t<\/dt><\/dl><br style=\"clear: both\" \/><dl class='gallery-item'>\n\t\t\t\t<dt class='gallery-icon portrait'>\n\t\t\t\t\t<a class=\"rollover rollover-zoom dt-pswp-item\" title=\"Murer-Dai Pr\u00e0 (1)\" data-dt-img-description=\"\" data-large_image_width=\"1182\" data-large_image_height=\"1600\"href='https:\/\/www.radiopiu.net\/wordpress\/wp-content\/uploads\/2021\/06\/Murer-Dai-Pra-1.jpg'><img loading=\"lazy\" decoding=\"async\" width=\"150\" height=\"150\" src=\"https:\/\/www.radiopiu.net\/wordpress\/wp-content\/uploads\/2021\/06\/Murer-Dai-Pra-1-150x150.jpg\" class=\"attachment-thumbnail size-thumbnail\" alt=\"\" \/><\/a>\n\t\t\t\t<\/dt><\/dl><dl class='gallery-item'>\n\t\t\t\t<dt class='gallery-icon landscape'>\n\t\t\t\t\t<a class=\"rollover rollover-zoom dt-pswp-item\" title=\"Murer-Dai Pr\u00e0 (4)\" data-dt-img-description=\"\" data-large_image_width=\"1600\" data-large_image_height=\"1113\"href='https:\/\/www.radiopiu.net\/wordpress\/wp-content\/uploads\/2021\/06\/Murer-Dai-Pra-4.jpg'><img loading=\"lazy\" decoding=\"async\" width=\"150\" height=\"150\" src=\"https:\/\/www.radiopiu.net\/wordpress\/wp-content\/uploads\/2021\/06\/Murer-Dai-Pra-4-150x150.jpg\" class=\"attachment-thumbnail size-thumbnail\" alt=\"\" \/><\/a>\n\t\t\t\t<\/dt><\/dl><dl class='gallery-item'>\n\t\t\t\t<dt class='gallery-icon landscape'>\n\t\t\t\t\t<a class=\"rollover rollover-zoom dt-pswp-item\" title=\"Murer-Dai Pr\u00e0 (2)\" data-dt-img-description=\"\" data-large_image_width=\"1600\" data-large_image_height=\"1115\"href='https:\/\/www.radiopiu.net\/wordpress\/wp-content\/uploads\/2021\/06\/Murer-Dai-Pra-2.jpg'><img loading=\"lazy\" decoding=\"async\" width=\"150\" height=\"150\" src=\"https:\/\/www.radiopiu.net\/wordpress\/wp-content\/uploads\/2021\/06\/Murer-Dai-Pra-2-150x150.jpg\" class=\"attachment-thumbnail size-thumbnail\" alt=\"\" \/><\/a>\n\t\t\t\t<\/dt><\/dl><br style=\"clear: both\" \/>\n\t\t\t<\/div>\n\n<p>&nbsp;<\/p>\n<p>&nbsp;<\/p>\n<p>&nbsp;<\/p>\n<hr \/>\n<blockquote>\n<h3><\/h3>\n<h3>VALPE AMBIENTE INSTALLA AD AGORDO UN DISTRIBUTORE AUTOMATICO DI SACCHETTI PER LE UTENZE DELL\u2019UNIONE MONTANA AGORDINA<\/h3>\n<\/blockquote>\n<p><strong><a href=\"https:\/\/www.radiopiu.net\/wordpress\/valpe-ambientre-installa-ad-agordo-un-distributore-automatico-di-sacchetti-per-le-utenze-dellunione-montana-agordina\/img_8220\/\" rel=\"attachment wp-att-215271\"><img loading=\"lazy\" decoding=\"async\" class=\" wp-image-215271 alignleft\" src=\"https:\/\/www.radiopiu.net\/wordpress\/wp-content\/uploads\/2021\/06\/IMG_8220-225x300.jpg\" alt=\"\" width=\"197\" height=\"263\" srcset=\"https:\/\/www.radiopiu.net\/wordpress\/wp-content\/uploads\/2021\/06\/IMG_8220-225x300.jpg 225w, https:\/\/www.radiopiu.net\/wordpress\/wp-content\/uploads\/2021\/06\/IMG_8220-768x1024.jpg 768w, https:\/\/www.radiopiu.net\/wordpress\/wp-content\/uploads\/2021\/06\/IMG_8220-1152x1536.jpg 1152w, https:\/\/www.radiopiu.net\/wordpress\/wp-content\/uploads\/2021\/06\/IMG_8220-1536x2048.jpg 1536w, https:\/\/www.radiopiu.net\/wordpress\/wp-content\/uploads\/2021\/06\/IMG_8220-scaled.jpg 1920w\" sizes=\"auto, (max-width: 197px) 100vw, 197px\" \/><\/a>AGORDO <\/strong>In Via Pragrande 2 ad Agordo \u00e8 stato installato un distributore automatico di sacchetti per la raccolta differenziata di umido e secco non riciclabile, disponibile per tutte le utenze dell\u2019Unione Montana Agordina. Il distributore, accessibile dall\u2019esterno della sede di Valpe Ambiente, \u00e8 attivo tutti i giorni, 24 ore su 24, come uno sportello bancomat, e consente di ritirare in maniera automatica i sacchetti, utilizzando semplicemente la fattura o la tessera sanitaria dell\u2019intestatario del contratto. \u201c<em>Grazie a questo distributore automatico \u2013 ha dichiarato Michele Rasera, Direttore di Valpe Ambiente \u2013 le utenze dell\u2019Unione Montana Agordina potranno ritirare gratuitamente, in maniera veloce e automatica i sacchetti per i rifiuti, senza fare code o dover fissare appuntamenti allo sportello<\/em>.\u201d Si tratta di un nuovo servizio che consente di agevolare i cittadini nel ritiro della fornitura annua gratuita di sacchetti, ma offre anche la possibilit\u00e0 di richiedere eventuali dotazioni aggiuntive, con addebito in fattura degli eventuali costi per la fornitura di sacchetti oltre lo standard. Per ulteriori informazioni, \u00e8 possibile inviare una mail a <a href=\"mailto:info@valpeambiente.it\">info@valpeambiente.it<\/a> oppure contattare i numeri 0437 640462 oppure 0437 643621.<\/p>\n<p>&nbsp;<\/p>\n<p>&nbsp;<\/p>\n<p>&nbsp;<\/p>\n<hr \/>\n<p>&nbsp;<\/p>\n<blockquote>\n<h2>DILLO A RADIO PIU&#8230; 10 GIUGNO, ASSEMBRAMENTO ALL&#8217;ECOCENTRO DI FALCADE<\/h2>\n<\/blockquote>\n<p><a href=\"https:\/\/www.radiopiu.net\/wordpress\/dillo-a-radio-piu-10-giugno-assembramento-allecocentro-di-falcade\/9679d66c-140c-4d97-9d0b-a8a2cacc4767\/\" rel=\"attachment wp-att-215317\"><img loading=\"lazy\" decoding=\"async\" class=\" wp-image-215317 alignleft\" src=\"https:\/\/www.radiopiu.net\/wordpress\/wp-content\/uploads\/2021\/06\/9679d66c-140c-4d97-9d0b-a8a2cacc4767-300x169.jpg\" alt=\"\" width=\"259\" height=\"146\" srcset=\"https:\/\/www.radiopiu.net\/wordpress\/wp-content\/uploads\/2021\/06\/9679d66c-140c-4d97-9d0b-a8a2cacc4767-300x169.jpg 300w, https:\/\/www.radiopiu.net\/wordpress\/wp-content\/uploads\/2021\/06\/9679d66c-140c-4d97-9d0b-a8a2cacc4767-1024x576.jpg 1024w, https:\/\/www.radiopiu.net\/wordpress\/wp-content\/uploads\/2021\/06\/9679d66c-140c-4d97-9d0b-a8a2cacc4767-768x432.jpg 768w, https:\/\/www.radiopiu.net\/wordpress\/wp-content\/uploads\/2021\/06\/9679d66c-140c-4d97-9d0b-a8a2cacc4767-1536x864.jpg 1536w, https:\/\/www.radiopiu.net\/wordpress\/wp-content\/uploads\/2021\/06\/9679d66c-140c-4d97-9d0b-a8a2cacc4767.jpg 1599w\" sizes=\"auto, (max-width: 259px) 100vw, 259px\" \/><\/a><\/p>\n<div dir=\"auto\">\n<p><strong>FALCADE<\/strong> Simone\u00a0 nel pomeriggio di oggi, alle 14.30, come molti altri agordini si \u00e8 recato all&#8217;ecocentro di Falcade chiuso da giorni, era la giornata ideale per scaricare quanto accumulato ultimamente. L&#8217;ecocentro, chiuso dal 26 maggio, avrebbe dovuto riaprire oggi o almeno cosi&#8217; si leggeva sul sito internet di Valpe Ambiente.<em> &#8220;Infatti &#8211; dice Simone che ha gi\u00e0 protestato anche presso Valpe &#8211; il sito lo riportava, specificava un periodo di chiusura fino a domani e invece oggi sul cancello ecco spuntare un nuovo cartello che informa che il centro rimane chiuso fino al 19 giugno&#8221;<\/em>, peccato che il sito non sia stato aggiornato e per questo molti hanno creduto al primo annuncio di Valpe, quello dell&#8217;odierna riapertura non avvenuta. &#8220;<em>Quindi &#8211; l&#8217;amara conclusione di Simone-\u00a0 gran fila di uomini e\u00a0 mezzi che volevano\u00a0 scaricare ma hanno dovuto fare ritorno a casa.<\/em> <em>L&#8217;operatore mi ha anche detto che oggi \u00e8 aperto l&#8217;ecocentro di La Valle e Rocca Pietore forse dimenticando che siamo dall&#8217;altra parte, a Falcade. Mi meraviglia che Valpe abbia scoperto ieri sera, quando pro<\/em><em>babilmente ha cambiato il cartello al cancello,\u00a0 che per completare i lavori ci vogliono altri 10 giorni&#8221;.<\/em><\/p>\n<p>Nel pomeriggio Valpe ha aggiornato il sito:<em> Il maltempo di questi giorni ha determinato un rallentamento degli\u00a0interventi di manutenzione straordinaria\u00a0attualmente in corso\u00a0presso l\u2019Ecocentro di Falcade. Per consentire l\u2019ultimazione dei lavori, si \u00e8 dunque resa necessaria una\u00a0proroga della chiusura della struttura fino al 18 giugno 2021. Durante il periodo di chiusura\u00a0i cittadini potranno accedere a qualsiasi Ecocentro del territorio dell\u2019Unione Montana Agordina, verificando sedi e orari di apertura sul manuale informativo consegnato oppure\u00a0<a title=\"apri il link\" href=\"https:\/\/valpeambiente.it\/p\/gestione-rifiuti\/ecocentro\" target=\"_blank\" rel=\"noopener\">cliccando qui<\/a>. L\u2019Ecocentro di Falcade\u00a0sar\u00e0 nuovamente accessibile ai cittadini da sabato 19 giugno. Scusandoci per i disagi, ricordiamo che per ulteriori informazioni, \u00e8 possibile inviare una mail a info@valpeambiente.it oppure contattare i numeri 0437 640462 oppure 0437 643621.<\/em><\/p>\n<\/div>\n<p>&nbsp;<\/p>\n<hr \/>\n<p>&nbsp;<\/p>\n<p>&nbsp;<\/p>\n<h1><strong><span style=\"color: #ff0000;\">VIDEO sconsigliato agli amanti dell&#8217;ambiente<\/span><\/strong><\/h1>\n<blockquote class=\"wp-embedded-content\" data-secret=\"btS7D4HaAo\"><p><a href=\"https:\/\/www.radiopiu.net\/wordpress\/replica-dellincivilta-a-passo-staulanza\/\">REPLICA DELL&#8217;INCIVILTA&#8217; A PASSO STAULANZA<\/a><\/p><\/blockquote>\n<p><iframe loading=\"lazy\" class=\"wp-embedded-content\" sandbox=\"allow-scripts\" security=\"restricted\" style=\"position: absolute; clip: rect(1px, 1px, 1px, 1px);\" title=\"&#8220;REPLICA DELL&#8217;INCIVILTA&#8217; A PASSO STAULANZA&#8221; &#8212; Radio Pi\u00f9\" src=\"https:\/\/www.radiopiu.net\/wordpress\/replica-dellincivilta-a-passo-staulanza\/embed\/#?secret=btS7D4HaAo\" data-secret=\"btS7D4HaAo\" width=\"600\" height=\"338\" frameborder=\"0\" marginwidth=\"0\" marginheight=\"0\" scrolling=\"no\"><\/iframe><\/p>\n<p>&nbsp;<\/p>\n<hr \/>\n<p>&nbsp;<\/p>\n<p>&nbsp;<\/p>\n<p>&nbsp;<\/p>\n<blockquote>\n<h3>ESSILORLUXOTTICA UN ALTRO PASSO NEL PROGETTO D&#8217;ACQUISIZIONE DI GRANDVISION<\/h3>\n<\/blockquote>\n<p><strong><img loading=\"lazy\" decoding=\"async\" class=\"alignleft\" src=\"https:\/\/www.radiopiu.net\/wordpress\/wp-content\/uploads\/2021\/02\/ESSILORLUXOTTICA.png\" width=\"104\" height=\"59\" \/>FRANCIA-ITALIA<\/strong> EssilorLuxottica conferma che in data odierna l\u2019Autorit\u00e0 della Concorrenza turca (TCA) ha autorizzato il progetto di acquisizione di GrandVision. L\u2019autorizzazione \u00e8 stata concessa a seguito di alcuni impegni comportamentali assunti da EssilorLuxottica, relativi alle sue attivit\u00e0 nel mercato locale. Con il via libera dell\u2019autorit\u00e0 turca sono state ottenute tutte le approvazioni regolamentari per la finalizzazione della transazione. La finalizzazione dell\u2019operazione \u00e8 ancora soggetta all\u2019esito dei procedimenti giudiziali pendenti.<\/p>\n<p>&nbsp;<\/p>\n<p>&nbsp;<\/p>\n<p>&nbsp;<\/p>\n<hr \/>\n<p>&nbsp;<\/p>\n<blockquote>\n<h2>ABITA A TAIBON L&#8217;INDOVINO CON LA BACCHETTA, E&#8217; RICHIESTISSIMO L&#8217;UOMO CHE CERCA E TROVA L&#8217;ACQUA<\/h2>\n<\/blockquote>\n<p>&nbsp;<\/p>\n<p><strong><a href=\"https:\/\/www.radiopiu.net\/wordpress\/giornale-radiopiu-11-giugno-2021-direttore-mirko-mezzacasa\/80c1ccd1-8d2d-40de-8467-5557822a0223\/\" rel=\"attachment wp-att-215352\"><img loading=\"lazy\" decoding=\"async\" class=\" wp-image-215352 alignleft\" src=\"https:\/\/www.radiopiu.net\/wordpress\/wp-content\/uploads\/2021\/06\/80c1ccd1-8d2d-40de-8467-5557822a0223-169x300.jpg\" alt=\"\" width=\"118\" height=\"209\" srcset=\"https:\/\/www.radiopiu.net\/wordpress\/wp-content\/uploads\/2021\/06\/80c1ccd1-8d2d-40de-8467-5557822a0223-169x300.jpg 169w, https:\/\/www.radiopiu.net\/wordpress\/wp-content\/uploads\/2021\/06\/80c1ccd1-8d2d-40de-8467-5557822a0223-577x1024.jpg 577w, https:\/\/www.radiopiu.net\/wordpress\/wp-content\/uploads\/2021\/06\/80c1ccd1-8d2d-40de-8467-5557822a0223-768x1364.jpg 768w, https:\/\/www.radiopiu.net\/wordpress\/wp-content\/uploads\/2021\/06\/80c1ccd1-8d2d-40de-8467-5557822a0223-865x1536.jpg 865w, https:\/\/www.radiopiu.net\/wordpress\/wp-content\/uploads\/2021\/06\/80c1ccd1-8d2d-40de-8467-5557822a0223.jpg 901w\" sizes=\"auto, (max-width: 118px) 100vw, 118px\" \/><\/a>TAIBON<\/strong>\u00a0 Dino Farenzena &#8220;subiot&#8221; l&#8217;uomo che fin dall&#8217;adolescenza sente l&#8217;acqua, la vita,\u00a0la capacit\u00e0 di scoprire vene sotterranee di acqua per mezzo delle indicazioni fornite da una sottile bacchetta biforcuta, tenuta pi\u00f9 o meno orizzontale con le mani per le due estremit\u00e0. Dino si \u00e8 raccontato ai microfoni di Gianni Santomaso<\/p>\n<p><strong>di GIANNI SANTOMASO<\/strong><\/p>\n<audio class=\"wp-audio-shortcode\" id=\"audio-215172-3\" preload=\"none\" style=\"width: 100%;\" controls=\"controls\"><source type=\"audio\/mpeg\" src=\"https:\/\/www.radiopiu.net\/wordpress\/wp-content\/uploads\/2021\/06\/GIANNI-LACQUA.mp3?_=3\" \/><a href=\"https:\/\/www.radiopiu.net\/wordpress\/wp-content\/uploads\/2021\/06\/GIANNI-LACQUA.mp3\">https:\/\/www.radiopiu.net\/wordpress\/wp-content\/uploads\/2021\/06\/GIANNI-LACQUA.mp3<\/a><\/audio>\n<p>&nbsp;<\/p>\n\n\t\t\t<style type='text\/css'>\n\t\t\t\t#gallery-4 {\n\t\t\t\t\tmargin: auto;\n\t\t\t\t}\n\t\t\t\t#gallery-4 .gallery-item {\n\t\t\t\t\tfloat: left;\n\t\t\t\t\tmargin-top: 10px;\n\t\t\t\t\ttext-align: center;\n\t\t\t\t\twidth: 50%;\n\t\t\t\t}\n\t\t\t\t#gallery-4 img {\n\t\t\t\t\tborder: 2px solid #cfcfcf;\n\t\t\t\t}\n\t\t\t\t#gallery-4 .gallery-caption {\n\t\t\t\t\tmargin-left: 0;\n\t\t\t\t}\n\t\t\t\t\/* see gallery_shortcode() in wp-includes\/media.php *\/\n\t\t\t<\/style>\n\t\t<div id='gallery-4' class='dt-gallery-container gallery galleryid-215172 gallery-columns-2 gallery-size-thumbnail'><dl class='gallery-item'>\n\t\t\t\t<dt class='gallery-icon landscape'>\n\t\t\t\t\t<a class=\"rollover rollover-zoom dt-pswp-item\" title=\"33e6aee4-842f-4349-8379-81d873ba98d9\" data-dt-img-description=\"\" data-large_image_width=\"1600\" data-large_image_height=\"901\"href='https:\/\/www.radiopiu.net\/wordpress\/wp-content\/uploads\/2021\/06\/33e6aee4-842f-4349-8379-81d873ba98d9.jpg'><img loading=\"lazy\" decoding=\"async\" width=\"150\" height=\"150\" src=\"https:\/\/www.radiopiu.net\/wordpress\/wp-content\/uploads\/2021\/06\/33e6aee4-842f-4349-8379-81d873ba98d9-150x150.jpg\" class=\"attachment-thumbnail size-thumbnail\" alt=\"\" \/><\/a>\n\t\t\t\t<\/dt><\/dl><dl class='gallery-item'>\n\t\t\t\t<dt class='gallery-icon landscape'>\n\t\t\t\t\t<a class=\"rollover rollover-zoom dt-pswp-item\" title=\"31bbfdde-b9f8-40bd-99a2-1e4206bac152\" data-dt-img-description=\"\" data-large_image_width=\"1600\" data-large_image_height=\"901\"href='https:\/\/www.radiopiu.net\/wordpress\/wp-content\/uploads\/2021\/06\/31bbfdde-b9f8-40bd-99a2-1e4206bac152.jpg'><img loading=\"lazy\" decoding=\"async\" width=\"150\" height=\"150\" src=\"https:\/\/www.radiopiu.net\/wordpress\/wp-content\/uploads\/2021\/06\/31bbfdde-b9f8-40bd-99a2-1e4206bac152-150x150.jpg\" class=\"attachment-thumbnail size-thumbnail\" alt=\"\" \/><\/a>\n\t\t\t\t<\/dt><\/dl><br style=\"clear: both\" \/>\n\t\t\t<\/div>\n\n<p>&nbsp;<\/p>\n<p>&nbsp;<\/p>\n<p>&nbsp;<\/p>\n<p>&nbsp;<\/p>\n<p>&nbsp;<\/p>\n<hr \/>\n<p>&nbsp;<\/p>\n<p>&nbsp;<\/p>\n<blockquote class=\"wp-embedded-content\" data-secret=\"c1cGSxjcNE\"><p><a href=\"https:\/\/www.radiopiu.net\/wordpress\/aggiornamentogiu10\/\">CORONAVIRUS: AGGIORNAMENTO NAZIONALE 10 GIUGNO  2021<\/a><\/p><\/blockquote>\n<p><iframe loading=\"lazy\" class=\"wp-embedded-content\" sandbox=\"allow-scripts\" security=\"restricted\" style=\"position: absolute; clip: rect(1px, 1px, 1px, 1px);\" title=\"&#8220;CORONAVIRUS: AGGIORNAMENTO NAZIONALE 10 GIUGNO  2021&#8221; &#8212; Radio Pi\u00f9\" src=\"https:\/\/www.radiopiu.net\/wordpress\/aggiornamentogiu10\/embed\/#?secret=c1cGSxjcNE\" data-secret=\"c1cGSxjcNE\" width=\"600\" height=\"338\" frameborder=\"0\" marginwidth=\"0\" marginheight=\"0\" scrolling=\"no\"><\/iframe><\/p>\n<p>&nbsp;<\/p>\n<blockquote class=\"wp-embedded-content\" data-secret=\"nDcHWojpQJ\"><p><a href=\"https:\/\/www.radiopiu.net\/wordpress\/adddg1sss\/\">NELLE ULTIME 24 ORE 32 PERSONE HANNO LASCIATO L&#8217;OSPEDALE, GUARITI. SONO 60 I PAZIENTI IN TERAPIA INTENSIVA. A BELLUNO UN SOLO NUOVO CASO<\/a><\/p><\/blockquote>\n<p><iframe loading=\"lazy\" class=\"wp-embedded-content\" sandbox=\"allow-scripts\" security=\"restricted\" style=\"position: absolute; clip: rect(1px, 1px, 1px, 1px);\" title=\"&#8220;NELLE ULTIME 24 ORE 32 PERSONE HANNO LASCIATO L&#8217;OSPEDALE, GUARITI. SONO 60 I PAZIENTI IN TERAPIA INTENSIVA. A BELLUNO UN SOLO NUOVO CASO&#8221; &#8212; Radio Pi\u00f9\" src=\"https:\/\/www.radiopiu.net\/wordpress\/adddg1sss\/embed\/#?secret=nDcHWojpQJ\" data-secret=\"nDcHWojpQJ\" width=\"600\" height=\"338\" frameborder=\"0\" marginwidth=\"0\" marginheight=\"0\" scrolling=\"no\"><\/iframe><\/p>\n<p>&nbsp;<\/p>\n<p>&nbsp;<\/p>\n<p>&nbsp;<\/p>\n<hr \/>\n<p>&nbsp;<\/p>\n<blockquote>\n<h3>IL NUOVO PIANO DI SALUTE PUBBLICA, 0,26 L&#8217;INCIDENZA MAI COSI&#8217; BASSA<\/h3>\n<\/blockquote>\n<blockquote>\n<h2>LEGGI LA CONFERENZA STAMPA DI LUCA ZAIA, aggiornamento in tempo reale<\/h2>\n<p><em>Non abbassiamo la guardia e non l&#8217;abbasseremo neanche d&#8217;estate. Resteranno aperti i Covid-point. Faremo i tamponi a chi si reca a far visita ai pazienti in ospedale. Astrazeneca in Veneto? Solo agli over 60. Agli over 60 non serve l&#8217;appuntamento al centro vaccinale\u00a0 per il siero Johnson &amp; Johnson (mono dose). Case di riposo e Ospedali per le visite stiamo sollecitando le strutture ad adeguarsi alle linee guida.<\/em><\/p><\/blockquote>\n<p>Ieri 41 mila vaccini, oltre 444mila vaccini in magazzino, 210mila sono Astrazeneca e J&amp;Johnson cio\u00e8 su un binario morto e sono la met\u00e0.<br \/>\n<strong>Il piano di sanit\u00e0 pubblica<\/strong> \u00e8 virtuoso e noi non abbiamo abbassato la guardia stiamo gi\u00e0 pensando alla stagione autunnale-invernale, per schierare tutta l&#8217;artiglieria in caso di emergenza. <strong>Case di risposo<\/strong> Il comportamento \u00e8 variegato ma con il piano sanit\u00e0 pubblica ci sono le indicazioni precise. A giorni, anche per le visite in ospedale, verranno emanate linee guida comuni, ricalcheranno le linee guida in uso nelle Rsa. Ci sta lavorando l&#8217;assessore Lanzarin. Da definire quale sar\u00e0 la durata della visita, oggi limitata al massimo a 15 minuti che non sono una visita, ma una telefonata. <strong>Vaccino ai turisti <\/strong>Noi faremo i vaccini ai turisti e non sar\u00e0 un fiume in piena, la permanenza media del turista \u00e8 di tre giorni \u00e8 mezzo. E&#8217; un atto di attenzione e raffinatezza presso l&#8217;ospite che per noi \u00e8 sacro. E rilasciamo pure il certificato perch\u00e9 venga riconosciuto altrove. I turisti che hanno bisogno del vaccino avranno accesso diretto dal portale con la forzatura. Dovremo stabilire l&#8217;arco temporale minimo di chi viene in vacanza.<strong> Astrazenca con esortazione di non utilizzarlo sotto i 60 anni<\/strong> In Veneto non li abbiamo mai fatti. Non dobbiamo chiarire nulla la nostra posizione \u00e8 limpida. Asrtazeneca ha la condotta per gli under 55, under 60 e poi gli over 60, da 3 mesi \u00e8 uscita una circolare di utilizzarlo sopra i 60 anni (21 aprile) e quel giorno in conferenza stampa abbiamo confermato che avremo applicato la raccomandazione sotto i 60 anni. C&#8217;\u00e8 il rischio che i vaccini vadano su un binario morto, noi li abbiamo accantanati per le seconde dosi e ne abbiamo 144mila, 78mila di J&amp;J.<strong> Proloco e Sagre linee guida impossibili<\/strong> Ad oggi non abbiamo contingentamenti per le piazze e dal 21 di giugno scompare il coprifuoco dove ancora c&#8217;\u00e8. Anche qui si entra nel capitolo buonsenso.<\/p>\n<p><strong>L&#8217;ASSESSORE MANUELA LANZARIN\u00a0<\/strong><\/p>\n<p><strong>CASE DI RIPOSO<\/strong> Noi abbiamo applicato l&#8217;ordinanza Speranza dell&#8217;8 maggio, due giorni dopo abbiamo trasmesso a tutte le aziende l&#8217;ordinanza con specifiche anche sui tamponi (si entra in casa di riposo solo con il green pass: vaccinazione, guarigione o tampone). Abbiamo applicato le indicazioni nazionali gi\u00e0 discusse con le Regioni il Cts etc. Ho incontrato lunedi le confederazioni dei sindacati compresi i pensionati che chiedevano un incontro perch\u00e9 alcune strutture non aprono o mantengono i divisori cio\u00e8 non applicano le linee guida. Lunedi indagine struttura per struttura e li abbiamo presentati lunedi ma non ancora completi pur con una risposta buona, qualche struttura non sta applicando le linee guida. Ieri abbiamo chiuso la ricognizione e oggi avremo i dati. Per quelle strutture che abbiamo visto che non applicano le linee guida saranno richiamate con una nota. Ci sono pero&#8217; le autonomie gestionali interne che possono avere atteggiamenti diversi. Monitoreremo e solleciteremo le strutture ad applicare le normative. <strong>OSPEDALI<\/strong> Abbiamo chiesto una nuova circolare chiarificatrice in quanto ad accessi. Attivit\u00e0 da riprendere in sicureza. Pero&#8217; se pensiamo di tornare come prima sar\u00e0 difficile, serve una sorta di educazione civica, Entrare in ospedale o casa di riposo quando si vuole e senza avvisare non sar\u00e0 possibile cos\u00ec come entrare nelle camere dei degenti in 5 persone. Questo ci insegna ad essere pi\u00f9 ordinati.<\/p>\n<p><span style=\"color: #ff0000;\"><strong>LA PRESENTAZIONE DEL PIANO SANITA&#8217; PUBBLICA, quarto aggiornamento\u00a0 DALLA DOTTORESSA FRANCESCA RUSSO<br \/>\n<\/strong><span style=\"color: #000000;\">aggiorna l&#8217;accesso alle strutture sanitarie, la diagnostica, contiene gli elementi specifici del covid ma anche altri elementi come altre vaccinazioni per recuperare tutte quelle che sono state rallentate o abbandonate. Viene inserita la<strong> sicurezza sul lavoro<\/strong> con lo Spisal e anche le nuove modalit\u00e0 per due servizi socio sanitari importanti: centri diurni anziani non autosufficienti (alcuni sono oggi aperti altri no) devono riaprire tutti e dobbiamo tornare alle caratteristiche pre-covid nel settore disabili. <\/span><\/span>E&#8217; un piano in continuit\u00e0 con quelli precedenti per adattare i comportamenti al variare dello scenario epidemiologico. Siamo in uno scenario di <strong>bassa incidenza<\/strong> con misure da rivedere sia in termini di sorveglianza sanitaria sia in termini di frequenza degli screening messi a sistema nei confronti degli operatori sanitari<strong>. L&#8217;indagine epidemiologica<\/strong> se c&#8217;\u00e8 un caso di positivit\u00e0, deve aumentare e non diminuire in una situazione come l&#8217;attuale di bassa circolazione del virus. Vanno sorvegliati anche i contatti a basso rischio, soprattutto per quanto riguarda le varianti.\u00a0 In condizioni di bassa incidenza il minimo stabilito tra Regioni \u00e8 di 150 tamponi su 100.000\u00bb.\u00a0 <strong>Durata della quarantena<\/strong> 10 giorni anche nei casi di varianti,\u00a0 in caso di variante la chiusura della quarantena potr\u00e0 avvenire solo con tampone molecolar <strong>Tamponi agli operatori sanitari<\/strong> non vaccinati: tamponi ogni 7 giorni, vaccinati ogni 30 giorni. <strong>test salivare<\/strong>\u00a0 \u00e8 previsto un progetto pilota per l&#8217;autocontrollo in determinati contesti lavorativi o sociali.\u00a0 <strong>Sanitari non vaccinati<\/strong> Sta continuando il lavoro di accompagnamento. Stiamo notando un certo recupero. I medici in Veneto sono vaccinati oltre la soglia del 90%. Terza dose\u00a0 la scheda tecnica dei vaccini attualmente autorizzati prevede due dosi. Se si vuole aggiungere una terza dose, va cambiata la scheda tecnica da parte delle aziende produttrici e va cambiato il calendario vaccinale. Presumiamo ci possa essere un richiamo a 12 mesi,\u00a0 la terza dose \u00e8 probabile ma non \u00e8 certa l&#8217;immunit\u00e0 dura 9 mesi. Potrebbe essere necessario anche un ulteriore quarto richiamo, ma non abbiamo ancora dati sufficienti sulla durata della protezione<\/p>\n<p><a href=\"https:\/\/www.facebook.com\/zaiaufficiale\/videos\/318853309874306\">https:\/\/www.facebook.com\/zaiaufficiale\/videos\/318853309874306<\/a><\/p>\n<p>&nbsp;<\/p>\n<p><strong>13 pagine<\/strong><\/p>\n<a href=\"https:\/\/www.radiopiu.net\/wordpress\/wp-content\/uploads\/2021\/06\/sanita-pubblica-6-21.pdf\" class=\"pdfemb-viewer\" style=\"\" data-width=\"max\" data-height=\"max\" data-toolbar=\"top\" data-toolbar-fixed=\"on\">sanita-pubblica-6-21<\/a>\n<p>&nbsp;<\/p>\n<p>&nbsp;<\/p>\n<hr \/>\n<blockquote>\n<h3><\/h3>\n<h3>POLITICHE DI SOSTEGNO AI CITTADINI E ALLE ATTIVIT\u00c0 ECONOMICHE POST-COVID: LA CONFERENZA DEI CAPIGRUPPO PROPONE ALL\u2019AMMINISTRAZIONE UN PRIMO PACCHETTO DI INTERVENTI PER 260 MILA EURO<\/h3>\n<\/blockquote>\n<p><strong><a href=\"https:\/\/www.radiopiu.net\/wordpress\/omaggi-a-feltre-dallalto\/3e7be193-53c9-4876-94ca-d11c734b2d00\/\" rel=\"attachment wp-att-145787\"><img loading=\"lazy\" decoding=\"async\" class=\" wp-image-145787 alignleft\" src=\"https:\/\/www.radiopiu.net\/wordpress\/wp-content\/uploads\/2020\/06\/3e7be193-53c9-4876-94ca-d11c734b2d00-300x225.jpg\" alt=\"\" width=\"176\" height=\"132\" srcset=\"https:\/\/www.radiopiu.net\/wordpress\/wp-content\/uploads\/2020\/06\/3e7be193-53c9-4876-94ca-d11c734b2d00-300x225.jpg 300w, https:\/\/www.radiopiu.net\/wordpress\/wp-content\/uploads\/2020\/06\/3e7be193-53c9-4876-94ca-d11c734b2d00-768x576.jpg 768w, https:\/\/www.radiopiu.net\/wordpress\/wp-content\/uploads\/2020\/06\/3e7be193-53c9-4876-94ca-d11c734b2d00.jpg 960w\" sizes=\"auto, (max-width: 176px) 100vw, 176px\" \/><\/a>FELTRE <\/strong>Nelle ultime settimane la Conferenza dei Capigruppo consiliari ha dato seguito al lavoro svolto lo scorso anno per mitigare gli effetti economici e sociali dell\u2019emergenza sanitaria.\u00a0 In un documento\u00a0 la Conferenza dei Capigruppo ha individuato un primo pacchetto di interventi proposti, riservandosi in maniera prudenziale di ridefinire in un secondo tempo, ovvero con quella che sar\u00e0 definita la \u201cFase 2\u201d, ulteriori azioni e misure, in base all&#8217;evoluzione della situazione. \u201c<em>Un primo pacchetto di interventi di 260 mila euro&#8221; <\/em>sottolinea il presidente del consiglio comunale Manuel Sacchet. Ma non \u00e8 tutto. \u201c<em>In una seconda fase &#8211; aggiunge Sacchet &#8211;\u00a0 faremo una valutazione complessiva delle misure adottate anche in rapporto all&#8217;andamento dell&#8217;emergenza sanitaria, la Conferenza decider\u00e0 le modalit\u00e0 pi\u00f9 opportune per utilizzare la parte rimanente del fondo a disposizione<\/em>.<\/p>\n<p>&nbsp;<\/p>\n<p>&nbsp;<\/p>\n<hr \/>\n<p>&nbsp;<\/p>\n<blockquote>\n<h3>29 CHILOMETRI DI LINEA ELETTRICA TECNOLOGICAMENTE ALL&#8217;AVANGUARDIA<\/h3>\n<p><em>Al termine dei lavori sar\u00e0 possibile demolire la precedente linea aerea lunga oltre 22 chilometri con 120 sostegni tra cui ben 40 tralicci.<\/em><\/p><\/blockquote>\n<p><strong><a href=\"https:\/\/www.radiopiu.net\/wordpress\/giornale-radiopiu-11-giugno-2021-direttore-mirko-mezzacasa\/lamon_fraz-oltra-post-intervento-2\/\" rel=\"attachment wp-att-215258\"><img loading=\"lazy\" decoding=\"async\" class=\" wp-image-215258 alignleft\" src=\"https:\/\/www.radiopiu.net\/wordpress\/wp-content\/uploads\/2021\/06\/Lamon_fraz-Oltra-POST-INTERVENTO-2-300x244.jpg\" alt=\"\" width=\"225\" height=\"183\" srcset=\"https:\/\/www.radiopiu.net\/wordpress\/wp-content\/uploads\/2021\/06\/Lamon_fraz-Oltra-POST-INTERVENTO-2-300x244.jpg 300w, https:\/\/www.radiopiu.net\/wordpress\/wp-content\/uploads\/2021\/06\/Lamon_fraz-Oltra-POST-INTERVENTO-2.jpg 372w\" sizes=\"auto, (max-width: 225px) 100vw, 225px\" \/><\/a>BELLUNO <\/strong>E-Distribuzione sta per completare un lungo e complesso intervento articolato in pi\u00f9 fasi che porter\u00e0 presto alla messa in servizio di una nuova linea tecnologicamente all\u2019avanguardia per la fornitura dei comuni di Lamon, Pedavena, Sovramonte e Fonzaso. La nuova linea \u00e8 lunga\u00a0 29 km. L\u2019investimento, dell\u2019ordine di oltre 150.000 euro, porter\u00e0 benefici diffusi che riguarderanno oltre 12.000 abitanti dell\u2019area. A Lamon \u00e8 attualmente in corso l\u2019ultima fase del progetto attraverso l\u2019interramento di un tratto di 580 m di linea aerea in centro abitato. La nuova infrastruttura abilita\u00a0 un nuovo assetto di rete che favorir\u00e0 molte forniture strategiche per la comunit\u00e0 come Municipio, scuole, esercizi commerciali ed imprenditoriali e l\u2019interramento dei conduttori migliorer\u00e0 complessivamente tutto il contesto.<\/p>\n<p>&nbsp;<\/p>\n<p>&nbsp;<\/p>\n<p>&nbsp;<\/p>\n<hr \/>\n<p>&nbsp;<\/p>\n<blockquote>\n<h3>PD E IL TRENO, DE MENECH &#8220;CI SONO TANTE COSE DA FARE&#8230;POTENZIARE QUANTO ESISTENTE FINO A CALALZO&#8221;<\/h3>\n<\/blockquote>\n<h3><em>Idee, progetti e proposte del Partito democratico<\/em><\/h3>\n<div><strong><img loading=\"lazy\" decoding=\"async\" class=\"alignleft\" src=\"https:\/\/www.radiopiu.net\/wordpress\/wp-content\/uploads\/2021\/06\/fd9a1611-ca70-4f6a-81f8-2fa9358101c2.jpg\" width=\"291\" height=\"134\" \/>BELLUNO<\/strong> Stamane conferenza stampa del Partito Democratico su &#8220;Ferrovia asse della mobilit\u00e0 nelle Dolomiti&#8221;. Hanno partecipato Graziano Delrio, gi\u00e0 ministro per le Infrastrutture e i trasporti e ideatore del piano straordinario \u2018Cura del ferro\u2019; Roger De Menech, deputato bellunese; Giacomo Possamai, capogruppo PD in Consiglio regionale; Monica Lotto, segretaria provinciale del PD; Paolo Vendramini, sindaco di Ponte nelle Alpi; Alessandro Del Bianco, vice sindaco di Feltre. . <em>&#8220;Dopo gli interventi in corso &#8211; elettrificazione e ristrutturazione delle stazioni &#8211; le Olimpiadi invernali 2026 offrono un\u2019opportunit\u00e0 per connettere velocemente la pianura con la montagna e migliorare sensibilmente la mobilit\u00e0 interna di gran parte dell\u2019area delle Dolomiti.\u00a0 <\/em>Al termine della conferenza ha parlato ai giornalisti Roger De Menech.<\/div>\n<div><\/div>\n<div><\/div>\n<div><strong>di MORENO GIOLI<\/strong><\/div>\n<div>\n<audio class=\"wp-audio-shortcode\" id=\"audio-215172-4\" preload=\"none\" style=\"width: 100%;\" controls=\"controls\"><source type=\"audio\/mpeg\" src=\"https:\/\/www.radiopiu.net\/wordpress\/wp-content\/uploads\/2021\/06\/moreno-trreno.mp3?_=4\" \/><a href=\"https:\/\/www.radiopiu.net\/wordpress\/wp-content\/uploads\/2021\/06\/moreno-trreno.mp3\">https:\/\/www.radiopiu.net\/wordpress\/wp-content\/uploads\/2021\/06\/moreno-trreno.mp3<\/a><\/audio>\n<\/div>\n<div><\/div>\n<div><\/div>\n<div class=\"\"><strong>INTERVENTO A MARGINE DI ROGER DE MENECH<\/strong><\/div>\n<div>\n<audio class=\"wp-audio-shortcode\" id=\"audio-215172-5\" preload=\"none\" style=\"width: 100%;\" controls=\"controls\"><source type=\"audio\/mpeg\" src=\"https:\/\/www.radiopiu.net\/wordpress\/wp-content\/uploads\/2021\/06\/roger-de-menech.mp3?_=5\" \/><a href=\"https:\/\/www.radiopiu.net\/wordpress\/wp-content\/uploads\/2021\/06\/roger-de-menech.mp3\">https:\/\/www.radiopiu.net\/wordpress\/wp-content\/uploads\/2021\/06\/roger-de-menech.mp3<\/a><\/audio>\n<p>&nbsp;<\/p>\n<hr \/>\n<blockquote>\n<h3><\/h3>\n<h3>DILLO A RADIO PIU&#8217;&#8230; ELETTRIFICARE NON SIGNIFICA TOGLIERE I DISAGI<\/h3>\n<\/blockquote>\n<p><strong><a href=\"https:\/\/www.radiopiu.net\/wordpress\/dillo-a-radio-piu-elettrificare-non-significa-togliere-i-disagi\/400px-stazione_belluno01\/\" rel=\"attachment wp-att-215350\"><img loading=\"lazy\" decoding=\"async\" class=\"wp-image-215350 alignleft\" src=\"https:\/\/www.radiopiu.net\/wordpress\/wp-content\/uploads\/2021\/06\/400px-Stazione_Belluno01-300x225.jpg\" alt=\"\" width=\"171\" height=\"128\" srcset=\"https:\/\/www.radiopiu.net\/wordpress\/wp-content\/uploads\/2021\/06\/400px-Stazione_Belluno01-300x225.jpg 300w, https:\/\/www.radiopiu.net\/wordpress\/wp-content\/uploads\/2021\/06\/400px-Stazione_Belluno01.jpg 400w\" sizes=\"auto, (max-width: 171px) 100vw, 171px\" \/><\/a>BELLUNO<\/strong> Da Roberto Mosca riceviamo e volentieri pubblichiamo, sono considerazioni di chi si muove spesso con il trasporto pubblico tanto su ruota che su rotaia, come in questo caso proprio nel giorno in cui arrivano in provincia il Presidente della Regione Luca Zaia, il Ministro Federico D&#8217;Inc\u00e0 e altre autorit\u00e0 sul treno Conegliano-Belluno per la prima corsa elettrificata.<\/p>\n<p>&nbsp;<\/p>\n<p><em>&#8220;Qualcuno mi spieghi perch\u00e9 molte risorse sulla riqualificazione delle stazioni nella tratta Belluno-Conegliano sono state veicolate su una stazione secondaria come Ponte Nelle Alpi che viene dotata di sottopassaggio servito da agevoli ascensori, a Belluno a parte l\u2019elettronicazione della linea non vi sono altre modifiche, degli ascensori nemmeno l\u2019ombra, chi transita sul secondo e terzo binario deve salire a piedi con il bagaglio parecchi gradini. Penso ai disabili e alle persone pi\u00f9 anziane, tra l\u2019altro alla domenica il bar della stazione di Belluno chiude \u00e8 cos\u00ec i viaggiatori si ritrovano senza un punto di riferimento dove acquistare una bottiglietta d\u2019acqua o uno snack,\u00a0 sono per\u00f2 aperti i servizi igienici fatiscenti e non certo agevoli per chi desidera quell\u2019attimo di privacy per espletare i propri bisogni fisiologici, penso alle donne che non possono accedere in sicurezza poich\u00e9 su alcune porte hanno divelto la serratura&#8221;.<\/em><\/p>\n<\/div>\n<p>&nbsp;<\/p>\n<hr \/>\n<blockquote>\n<h3><\/h3>\n<h3>STASERA IL CONSIGLIO DELL&#8217;UNIONE MONTANA AGORDINA<\/h3>\n<\/blockquote>\n<p><strong>AGORDO<\/strong> Sar\u00e0 in videoconferenza il consiglio dell&#8217;Unione Montana Agordina in programma questa sera alle 20:30. Il presidente Michele Costa ha convocato i consiglieri per discutere di un solo punto all&#8217;ordine del giorno: Strategia nazionale aree interne, approvazione del documento di strategia dell&#8217;Unione Montana Agordina. <span style=\"color: #ff0000;\">DIRETTA RADIO PIU FACEBOOK E TELEGRAM<\/span><\/p>\n<p>&nbsp;<\/p>\n<p>&nbsp;<\/p>\n<hr \/>\n<p>&nbsp;<\/p>\n<blockquote>\n<h3>RACCOLTA FONDI PER L&#8217;INCENDIO DI CANAZEI A COLLE SANTA LUCIA<\/h3>\n<\/blockquote>\n<p><strong><a href=\"https:\/\/www.radiopiu.net\/wordpress\/ancora-al-lavoro-i-vigili-del-fuoco-a-canazei-di-colle-santa-lucia\/1a1a094a-7a44-4ffc-8b60-56b1a06b12e8\/\" rel=\"attachment wp-att-214046\"><img loading=\"lazy\" decoding=\"async\" class=\" wp-image-214046 alignleft\" src=\"https:\/\/www.radiopiu.net\/wordpress\/wp-content\/uploads\/2021\/06\/1a1a094a-7a44-4ffc-8b60-56b1a06b12e8-300x225.jpg\" alt=\"\" width=\"227\" height=\"170\" srcset=\"https:\/\/www.radiopiu.net\/wordpress\/wp-content\/uploads\/2021\/06\/1a1a094a-7a44-4ffc-8b60-56b1a06b12e8-300x225.jpg 300w, https:\/\/www.radiopiu.net\/wordpress\/wp-content\/uploads\/2021\/06\/1a1a094a-7a44-4ffc-8b60-56b1a06b12e8-1024x768.jpg 1024w, https:\/\/www.radiopiu.net\/wordpress\/wp-content\/uploads\/2021\/06\/1a1a094a-7a44-4ffc-8b60-56b1a06b12e8-768x576.jpg 768w, https:\/\/www.radiopiu.net\/wordpress\/wp-content\/uploads\/2021\/06\/1a1a094a-7a44-4ffc-8b60-56b1a06b12e8.jpg 1280w\" sizes=\"auto, (max-width: 227px) 100vw, 227px\" \/><\/a>COLLE SANTA LUCIA <\/strong>In seguito all&#8217;incendio sviluppatosi nel pomeriggio di venerd\u00ec 4 giugno 2021 a Canazei frazione in Comune di Colle Santa Lucia, la giunta municipale del Comune di Colle Santa Lucia approvato una delibera contenente l&#8217;attivazione di una sottoscrizione di fondi sul conto di tesoreria comunale, con l&#8217;obiettivo di sostenere la fase di prima emergenza, messa in sicurezza e recupero delle zone danneggiate dall&#8217;incendio.<\/p>\n<blockquote><p>Le donazioni potranno essere effettuate al seguente conto corrente bancario Unicredit banca SPA intestato al Comune di Colle Santa Lucia: IT15A0200861000000002713253 inserendo la seguente causale: \u201cIncendio Canazei di Colle Santa Lucia del 4 giugno 2021\u201d.<\/p><\/blockquote>\n<p>&nbsp;<\/p>\n<hr \/>\n<p>&nbsp;<\/p>\n<p>&nbsp;<\/p>\n<blockquote>\n<h2>I PROTAGONISTI DEL FUTURO PROGETTANO LA SCUOLA CHE VORREBBERO<\/h2>\n<\/blockquote>\n<p><strong>BORGO VALBELLUNA<\/strong>\u00a0 <span style=\"font-family: Arial, serif;\">Sono stati inaugurati\u00a0 alle scuole\u00a0 primarie di Mel e Villa\u00a0 due graffiti realizzati sotto la guida dell\u2019artista Dunio Piccolin nell\u2019ambito del Progetto \u201cScuola Attiva\u201d, gli studenti hanno esperimentano per la prima volta la tecnica del graffito. Al taglio del nastro anche gli applausi\u00a0 del Dirigente dell\u2019Istituto Comprensivo Umberto De Col,\u00a0 del Sindaco Stefano Cesa e\u00a0 genitori. <\/span><span style=\"font-family: Arial, serif;\">L\u2019Istituto Comprensivo di Mel da tre anni fa parte della Rete del Progetto &#8220;Scuola Attiva&#8221;,\u00a0 Quest&#8217;anno<\/span><span style=\"font-family: Arial, serif;\"> sono state coinvolte quattro classi sperimentali: le terze e le quarte a tempo pieno e a tempo normale della scuola primaria di Mel con le insegnati Francesca Guerrazzi, Antonella Paolin e Jamaica Samaria, Marzia Comiotto e Graziella Tormen. Tema del percorso <\/span><span style=\"font-family: Arial, serif;\">che ha portato alla realizzazione dei graffiti l&#8217;ambiente vissuto quotidianamente dai bambini, da scoprire e conoscere per poterne avere rispetto e cura. <\/span><span style=\"font-family: Arial, serif;\">Gli esperti Francesca Barp ed Alessandro Moretto dell\u2019associazione Isoipse hanno analizzato e progettato un cortile pi\u00f9 accogliente e colorato<\/span><span style=\"font-family: Arial, serif;\">.<\/span><\/p>\n<p>&nbsp;<\/p>\n\n\t\t\t<style type='text\/css'>\n\t\t\t\t#gallery-5 {\n\t\t\t\t\tmargin: auto;\n\t\t\t\t}\n\t\t\t\t#gallery-5 .gallery-item {\n\t\t\t\t\tfloat: left;\n\t\t\t\t\tmargin-top: 10px;\n\t\t\t\t\ttext-align: center;\n\t\t\t\t\twidth: 20%;\n\t\t\t\t}\n\t\t\t\t#gallery-5 img {\n\t\t\t\t\tborder: 2px solid #cfcfcf;\n\t\t\t\t}\n\t\t\t\t#gallery-5 .gallery-caption {\n\t\t\t\t\tmargin-left: 0;\n\t\t\t\t}\n\t\t\t\t\/* see gallery_shortcode() in wp-includes\/media.php *\/\n\t\t\t<\/style>\n\t\t<div id='gallery-5' class='dt-gallery-container gallery galleryid-215172 gallery-columns-5 gallery-size-thumbnail'><dl class='gallery-item'>\n\t\t\t\t<dt class='gallery-icon landscape'>\n\t\t\t\t\t<a class=\"rollover rollover-zoom dt-pswp-item\" title=\"IMG_9340\" data-dt-img-description=\"\" data-large_image_width=\"2016\" data-large_image_height=\"1512\"href='https:\/\/www.radiopiu.net\/wordpress\/wp-content\/uploads\/2021\/06\/IMG_9340.jpg'><img loading=\"lazy\" decoding=\"async\" width=\"150\" height=\"150\" src=\"https:\/\/www.radiopiu.net\/wordpress\/wp-content\/uploads\/2021\/06\/IMG_9340-150x150.jpg\" class=\"attachment-thumbnail size-thumbnail\" alt=\"\" \/><\/a>\n\t\t\t\t<\/dt><\/dl><dl class='gallery-item'>\n\t\t\t\t<dt class='gallery-icon landscape'>\n\t\t\t\t\t<a class=\"rollover rollover-zoom dt-pswp-item\" title=\"IMG_20210601_164649\" data-dt-img-description=\"\" data-large_image_width=\"2560\" data-large_image_height=\"1920\"href='https:\/\/www.radiopiu.net\/wordpress\/wp-content\/uploads\/2021\/06\/IMG_20210601_164649-scaled.jpg'><img loading=\"lazy\" decoding=\"async\" width=\"150\" height=\"150\" src=\"https:\/\/www.radiopiu.net\/wordpress\/wp-content\/uploads\/2021\/06\/IMG_20210601_164649-150x150.jpg\" class=\"attachment-thumbnail size-thumbnail\" alt=\"\" \/><\/a>\n\t\t\t\t<\/dt><\/dl><dl class='gallery-item'>\n\t\t\t\t<dt class='gallery-icon landscape'>\n\t\t\t\t\t<a class=\"rollover rollover-zoom dt-pswp-item\" title=\"20210502_060242 (1)\" data-dt-img-description=\"\" data-large_image_width=\"1852\" data-large_image_height=\"1350\"href='https:\/\/www.radiopiu.net\/wordpress\/wp-content\/uploads\/2021\/06\/20210502_060242-1.jpg'><img loading=\"lazy\" decoding=\"async\" width=\"150\" height=\"150\" src=\"https:\/\/www.radiopiu.net\/wordpress\/wp-content\/uploads\/2021\/06\/20210502_060242-1-150x150.jpg\" class=\"attachment-thumbnail size-thumbnail\" alt=\"\" \/><\/a>\n\t\t\t\t<\/dt><\/dl><dl class='gallery-item'>\n\t\t\t\t<dt class='gallery-icon landscape'>\n\t\t\t\t\t<a class=\"rollover rollover-zoom dt-pswp-item\" title=\"20210512_200832 (1)\" data-dt-img-description=\"\" data-large_image_width=\"1859\" data-large_image_height=\"939\"href='https:\/\/www.radiopiu.net\/wordpress\/wp-content\/uploads\/2021\/06\/20210512_200832-1.jpg'><img loading=\"lazy\" decoding=\"async\" width=\"150\" height=\"150\" src=\"https:\/\/www.radiopiu.net\/wordpress\/wp-content\/uploads\/2021\/06\/20210512_200832-1-150x150.jpg\" class=\"attachment-thumbnail size-thumbnail\" alt=\"\" \/><\/a>\n\t\t\t\t<\/dt><\/dl><dl class='gallery-item'>\n\t\t\t\t<dt class='gallery-icon portrait'>\n\t\t\t\t\t<a class=\"rollover rollover-zoom dt-pswp-item\" title=\"20210502_062234\" data-dt-img-description=\"\" data-large_image_width=\"1091\" data-large_image_height=\"1424\"href='https:\/\/www.radiopiu.net\/wordpress\/wp-content\/uploads\/2021\/06\/20210502_062234.jpg'><img loading=\"lazy\" decoding=\"async\" width=\"150\" height=\"150\" src=\"https:\/\/www.radiopiu.net\/wordpress\/wp-content\/uploads\/2021\/06\/20210502_062234-150x150.jpg\" class=\"attachment-thumbnail size-thumbnail\" alt=\"\" \/><\/a>\n\t\t\t\t<\/dt><\/dl><br style=\"clear: both\" \/>\n\t\t\t<\/div>\n\n<p>&nbsp;<\/p>\n<p><span style=\"font-family: Arial, serif;\">I<strong> \u201ccustodi del giardino\u201d<\/strong> \u00e8 il titolo del graffito che ravviva la parete esterna della Scuola Primaria di Mel, dove personaggi ed elementi fantastici si muovono in modo armonioso, colorando e proteggendo i giochi felici e i momenti di lavoro degli alunni. <\/span><span style=\"font-family: Arial, serif;\">Il tocco prezioso dell&#8217;artista ha trovato spazio anche nell&#8217;atrio interno della scuola primaria di Villa di Villa rendendo omaggio al pittore zumellese<strong> Luigi Cima<\/strong> attraverso il racconto della sua vita. <\/span><span style=\"font-family: Arial, serif;\">Importante \u00e8 stata l&#8217;esperienza laboratoriale di coding con l&#8217;esperto Erik Sacco Zirio,\u00a0 ogni alunno ha programmato tramite\u00a0 software una storia ambientata negli spazi esterni dell\u2019edificio scolastico.<\/span><\/p>\n<p>&nbsp;<\/p>\n<p>&nbsp;<\/p>\n<hr \/>\n<p>&nbsp;<\/p>\n<h1><span style=\"color: #ff0000;\">IERI ALLA RADIO<\/span><\/h1>\n<h2><strong><a href=\"https:\/\/www.radiopiu.net\/wordpress\/dario-dellosbel-il-nuovo-presidente-del-cai-di-agordo\/31f7d549-7db9-40c8-bb08-fe52b95e6d6c\/\" rel=\"attachment wp-att-214093\"><img loading=\"lazy\" decoding=\"async\" class=\"size-medium wp-image-214093 alignleft\" src=\"https:\/\/www.radiopiu.net\/wordpress\/wp-content\/uploads\/2021\/06\/31f7d549-7db9-40c8-bb08-fe52b95e6d6c-300x169.jpg\" alt=\"\" width=\"300\" height=\"169\" srcset=\"https:\/\/www.radiopiu.net\/wordpress\/wp-content\/uploads\/2021\/06\/31f7d549-7db9-40c8-bb08-fe52b95e6d6c-300x169.jpg 300w, https:\/\/www.radiopiu.net\/wordpress\/wp-content\/uploads\/2021\/06\/31f7d549-7db9-40c8-bb08-fe52b95e6d6c-1024x577.jpg 1024w, https:\/\/www.radiopiu.net\/wordpress\/wp-content\/uploads\/2021\/06\/31f7d549-7db9-40c8-bb08-fe52b95e6d6c-768x432.jpg 768w, https:\/\/www.radiopiu.net\/wordpress\/wp-content\/uploads\/2021\/06\/31f7d549-7db9-40c8-bb08-fe52b95e6d6c-1536x865.jpg 1536w, https:\/\/www.radiopiu.net\/wordpress\/wp-content\/uploads\/2021\/06\/31f7d549-7db9-40c8-bb08-fe52b95e6d6c.jpg 1600w\" sizes=\"auto, (max-width: 300px) 100vw, 300px\" \/><\/a><\/strong><span style=\"color: #0000ff;\">IL NEO PRESIDENTE DEL CAI DI AGORDO DARIO DELL&#8217;OSBEL A RADIO PIU&#8217;<\/span><\/h2>\n<p><strong>di Claudio Fontanive<\/strong><\/p>\n<audio class=\"wp-audio-shortcode\" id=\"audio-215172-6\" preload=\"none\" style=\"width: 100%;\" controls=\"controls\"><source type=\"audio\/mpeg\" src=\"https:\/\/www.radiopiu.net\/wordpress\/wp-content\/uploads\/2021\/06\/dario-dell-osbel.mp3?_=6\" \/><a href=\"https:\/\/www.radiopiu.net\/wordpress\/wp-content\/uploads\/2021\/06\/dario-dell-osbel.mp3\">https:\/\/www.radiopiu.net\/wordpress\/wp-content\/uploads\/2021\/06\/dario-dell-osbel.mp3<\/a><\/audio>\n<p>&nbsp;<\/p>\n<p><strong>\u00a0<\/strong><\/p>\n<hr \/>\n<p>&nbsp;<\/p>\n<blockquote>\n<h2>CLAUDIO PRA FOTOGRAFA L&#8217;ECLISSE ANULARE DI SOLE<\/h2>\n<\/blockquote>\n<blockquote>\n<h3><em><a href=\"https:\/\/www.radiopiu.net\/wordpress\/domani-leclisse-un-fantastico-fenomeno-di-prospettiva\/57048943-a440-42f3-8312-1b6afa501c63\/\" rel=\"attachment wp-att-215292\"><img loading=\"lazy\" decoding=\"async\" class=\"size-medium wp-image-215292 alignleft\" src=\"https:\/\/www.radiopiu.net\/wordpress\/wp-content\/uploads\/2021\/06\/57048943-a440-42f3-8312-1b6afa501c63-300x246.jpg\" alt=\"\" width=\"300\" height=\"246\" srcset=\"https:\/\/www.radiopiu.net\/wordpress\/wp-content\/uploads\/2021\/06\/57048943-a440-42f3-8312-1b6afa501c63-300x246.jpg 300w, https:\/\/www.radiopiu.net\/wordpress\/wp-content\/uploads\/2021\/06\/57048943-a440-42f3-8312-1b6afa501c63-1024x838.jpg 1024w, https:\/\/www.radiopiu.net\/wordpress\/wp-content\/uploads\/2021\/06\/57048943-a440-42f3-8312-1b6afa501c63-768x629.jpg 768w, https:\/\/www.radiopiu.net\/wordpress\/wp-content\/uploads\/2021\/06\/57048943-a440-42f3-8312-1b6afa501c63-1536x1258.jpg 1536w, https:\/\/www.radiopiu.net\/wordpress\/wp-content\/uploads\/2021\/06\/57048943-a440-42f3-8312-1b6afa501c63-2048x1677.jpg 2048w\" sizes=\"auto, (max-width: 300px) 100vw, 300px\" \/><\/a>&#8220;L&#8217; eclisse parziale di Sole verificatasi oggi, gi\u00e0 di per s\u00e9 modesta, \u00e8 stata anche bersagliata dalle nubi. Da Alleghe, sono riuscito a riprendere gli atti i che hanno preceduto la fine del fenomeno, quando un ormai limitatissima disco lunare stava per lasciare il Sole&#8221;.<\/em><\/h3>\n<p><strong><span style=\"color: #0000ff;\">di Claudio Pra<\/span><\/strong><\/p><\/blockquote>\n<p><a href=\"https:\/\/www.radiopiu.net\/wordpress\/giornale-radiopiu-09-giugno-2021-direttore-mirko-mezzacasa\/de90b03a-c43f-4e40-9e46-e0e1249b4b2a\/\" rel=\"attachment wp-att-214957\"><img loading=\"lazy\" decoding=\"async\" class=\"wp-image-214957 alignright\" src=\"https:\/\/www.radiopiu.net\/wordpress\/wp-content\/uploads\/2021\/06\/de90b03a-c43f-4e40-9e46-e0e1249b4b2a-291x300.jpg\" alt=\"\" width=\"159\" height=\"164\" srcset=\"https:\/\/www.radiopiu.net\/wordpress\/wp-content\/uploads\/2021\/06\/de90b03a-c43f-4e40-9e46-e0e1249b4b2a-291x300.jpg 291w, https:\/\/www.radiopiu.net\/wordpress\/wp-content\/uploads\/2021\/06\/de90b03a-c43f-4e40-9e46-e0e1249b4b2a-993x1024.jpg 993w, https:\/\/www.radiopiu.net\/wordpress\/wp-content\/uploads\/2021\/06\/de90b03a-c43f-4e40-9e46-e0e1249b4b2a-768x792.jpg 768w, https:\/\/www.radiopiu.net\/wordpress\/wp-content\/uploads\/2021\/06\/de90b03a-c43f-4e40-9e46-e0e1249b4b2a.jpg 1080w\" sizes=\"auto, (max-width: 159px) 100vw, 159px\" \/><\/a>Ieri si\u00a0 \u00e8 verificata un&#8217;eclisse anulare di Sole, che per le nostre regioni \u00e8 risultata un&#8217;eclisse parziale. Un&#8217;eclisse anulare \u00e8 molto spettacolare, con la Luna che, a causa della distanza dalla Terra al momento del fenomeno, non riesce a coprire interamente l&#8217;astro diurno, lasciandone scoperti i bordi, creando quindi un suggestivo brillante anello. Purtroppo da noi non si \u00e8 notato nulla in pi\u00f9 di un leggero intaccamento del bordo solare che, al momento del massimo dell&#8217;eclisse, corrispondeva a meno del 10%. Il fenomeno iniziato alle 11.43 ha avuto il suo apice alle 12.26. Alle 13.12 il disco lunare ha lasciato quello solare. Non una grande eclisse dunque, ma pur sempre un momento da seguire, con il nostro satellite naturale\u00a0 tra noi e la nostra stella.<\/p>\n<p>&nbsp;<\/p>\n<p>&nbsp;<\/p>\n<hr \/>\n<p>&nbsp;<\/p>\n<blockquote class=\"wp-embedded-content\" data-secret=\"ncQxzsVOh7\"><p><a href=\"https:\/\/www.radiopiu.net\/wordpress\/ricordi-alla-radio-ciclinvalle-2001-in-valle-di-san-lucano\/\">RICORDI ALLA RADIO, CICLINVALLE 2001 IN VALLE DI SAN LUCANO<\/a><\/p><\/blockquote>\n<p><iframe loading=\"lazy\" class=\"wp-embedded-content\" sandbox=\"allow-scripts\" security=\"restricted\" style=\"position: absolute; clip: rect(1px, 1px, 1px, 1px);\" title=\"&#8220;RICORDI ALLA RADIO, CICLINVALLE 2001 IN VALLE DI SAN LUCANO&#8221; &#8212; Radio Pi\u00f9\" src=\"https:\/\/www.radiopiu.net\/wordpress\/ricordi-alla-radio-ciclinvalle-2001-in-valle-di-san-lucano\/embed\/#?secret=ncQxzsVOh7\" data-secret=\"ncQxzsVOh7\" width=\"600\" height=\"338\" frameborder=\"0\" marginwidth=\"0\" marginheight=\"0\" scrolling=\"no\"><\/iframe><\/p>\n<p>&nbsp;<\/p>\n<p>&nbsp;<\/p>\n<p>&nbsp;<\/p>\n<hr \/>\n<p>&nbsp;<\/p>\n<blockquote>\n<h3>IL COMUNE DI AGORDO APRE UNA SELEZIONE PER RILEVATORI DATI ISTAT<\/h3>\n<\/blockquote>\n<p><strong><a href=\"https:\/\/www.radiopiu.net\/wordpress\/la-rassegna-stampa-da-lamico-del-popolo-29-maggio-2021\/agordo-2-4\/\" rel=\"attachment wp-att-212853\"><img loading=\"lazy\" decoding=\"async\" class=\"size-medium wp-image-212853 alignleft\" src=\"https:\/\/www.radiopiu.net\/wordpress\/wp-content\/uploads\/2021\/05\/agordo-2-300x225.jpg\" alt=\"\" width=\"300\" height=\"225\" srcset=\"https:\/\/www.radiopiu.net\/wordpress\/wp-content\/uploads\/2021\/05\/agordo-2-300x225.jpg 300w, https:\/\/www.radiopiu.net\/wordpress\/wp-content\/uploads\/2021\/05\/agordo-2-768x576.jpg 768w, https:\/\/www.radiopiu.net\/wordpress\/wp-content\/uploads\/2021\/05\/agordo-2.jpg 960w\" sizes=\"auto, (max-width: 300px) 100vw, 300px\" \/><\/a>AGORDO <\/strong>E&#8217; indetta una selezione pubblica per titoli per la formazione di una graduatoria di Rilevatori per il Censimento Permanente della Popolazione e delle Abitazioni anno 2021, nonch\u00e9 per altre indagini statistiche ordinarie e straordinarie che saranno eventualmente richieste al Comune di Agordo dall\u2019ISTAT. La domanda di ammissione alla selezione, redatta utilizzando esclusivamente l&#8217;apposito modulo, dovr\u00e0 essere indirizzata al Comune di Agordo e dovr\u00e0 pervenire, con i documenti allegati, entro e non oltre le ore 12:00 del giorno 23 giugno 2021,\u00a0il termine \u00e8 perentorio, con le seguenti modalit\u00e0: tramite Posta Elettronica Certificata (PEC) al seguente indirizzo: comune.agordo.bl@pecveneto.it esclusivamente tramite PEC (la PEC del Comune \u00e8 chiusa, pertanto, l\u2019eventuale invio tramite semplice e mail non viene ricevuto dal sistema); tramite e-mail al seguente indirizzo: agordo@comune.agordo.bl.it; in via residuale direttamente a mano o a mezzo postale presso: Comune di Agordo (BL) \u2013 Piazzale Guglielmo Marconi n. 1 \u2013 32021 Agordo (BL).<\/p>\n<p>&nbsp;<\/p>\n<p>&nbsp;<\/p>\n<hr \/>\n<p>&nbsp;<\/p>\n<blockquote>\n<h3>DANTE A BORGO VALBELLUNA<\/h3>\n<\/blockquote>\n<p><strong>BORGO VALBELLUNA\u00a0<\/strong> Domenica 13 giugno alle 20.30, nel centro storico di Mel, spettacolo teatrale sull\u2019Inferno di Dante, proposto dalla compagnia An\u00e0-Thema Teatro di Udine. \u201cInferno\u201d \u00e8 uno spettacolo coinvolgente e divertente, ispirato ai personaggi e alle atmosfere della Divina Commedia. L\u2019ingresso \u00e8 gratuito. Per informazioni e prenotazioni: info@anathemateatro.com o 345 3146797 dalle 14 alle 18. www.anathemateatro.com.<\/p>\n<blockquote><p>Riservata ai bambini invece, la proposta delle biblioteche di Borgo Valbelluna che hanno organizzato a maggio, per le classi quinte delle scuole primarie del Comune, \u201cNella selva oscura: a spasso con Dante dall\u2019Inferno al Paradiso, passando per il Purgatorio\u201d, letture ad alta voce di adattamenti per bambini e ragazzi della Divina Commedia, eseguite da Livio Vianello, lettore professionista attivo da molti anni sulla scena veneta.<\/p><\/blockquote>\n<p>&nbsp;<\/p>\n<p>&nbsp;<\/p>\n<hr \/>\n<p>&nbsp;<\/p>\n<h3 align=\"CENTER\"><span style=\"color: #000000;\"><span style=\"font-family: Arial, serif;\"><b>OLTRE TRENTA I GIOVANI ISCRITTI AL PROGETTO DI VOLONTARIATO ESTIVO<\/b><\/span><\/span><\/h3>\n<p align=\"JUSTIFY\"><span style=\"color: #000000;\"><span style=\"font-family: Arial, serif;\"><strong><a href=\"https:\/\/www.radiopiu.net\/wordpress\/giornale-radiopiu-11-giugno-2021-direttore-mirko-mezzacasa\/th-134\/\" rel=\"attachment wp-att-215337\"><img loading=\"lazy\" decoding=\"async\" class=\" wp-image-215337 alignleft\" src=\"https:\/\/www.radiopiu.net\/wordpress\/wp-content\/uploads\/2021\/06\/th-7.jpg\" alt=\"\" width=\"238\" height=\"134\" \/><\/a>SANTA GIUSTINA<\/strong> <\/span><\/span><span style=\"color: #000000;\"><span style=\"font-family: Arial, serif;\">Oltre trenta ragazzi saranno impegnati da giugno ad agosto con le tante realt\u00e0 del territorio che propongono ai giovanissimi settimane di campus di vario genere, dallo sport alla creativit\u00e0, dalle attivit\u00e0 ambientali a quelle culturali. <\/span><\/span><span style=\"color: #000000;\"><span style=\"font-family: Arial, serif;\">Ad ospitare i volontari saranno la Protezione Civile per attivit\u00e0 di manutenzione sul territorio, la Biblioteca Civica, la Plavis-Pizzocco, Polisportiva Atletica e Ondablu per la gestione dei centri estivi sportivi, il Comune e la Parocchia per i centri estivi per i pi\u00f9 piccoli, l\u2019Associazione St.Art per la promozione di attivit\u00e0 ludico-ricreative. <\/span><\/span><span style=\"color: #000000;\"><span style=\"font-family: Arial, serif;\">Ogni giovane sar\u00e0 impegnato per 40 ore complessive concordate con l\u2019ente\/associazione ospitante in base alle preferenze indicate al momento dell\u2019iscrizione. <\/span><\/span><em><span style=\"font-family: Arial, serif; color: #000000;\">Si tratta di un segnale positivo di risposta all\u2019iniziativa dell\u2019Amministrazione comunale &#8211; sottolinea il Sindaco Ivan Minella (foto) &#8211; dopo tanti mesi in cui i ragazzi sono rimasti chiusi in casa e privi di contatti sociali se non \u201conline\u201d: la ripresa di tante attivit\u00e0 costituisce un contributo alla ripartenza generale, nonch\u00e9 un passo verso la sensibilizzazione al volontariato che nei nostri paesi rappresenta ancora un valore condiviso&#8221;<\/span><\/em><\/p>\n<p>&nbsp;<\/p>\n<p>&nbsp;<\/p>\n<hr \/>\n<p>&nbsp;<\/p>\n<blockquote>\n<h3>RIAPRE IL CASTELLO DI ANDRAZ<\/h3>\n<\/blockquote>\n<p><strong>LIVINALLONGO<\/strong> Il Castello di Andraz riapre al pubblico, grazie alla collaborazione fra il Comune di Livinallongo del Col di Lana e l\u2019Istitut Cultural Ladin Cesa de Jan. Per il <strong>mese di giugno<\/strong> le aperture saranno le seguenti: 2, 5, 6 e, nelle successive settimane, <strong>dal gioved\u00ec alla domenica<\/strong>. L\u2019orario rimarr\u00e0 lo stesso per tutta l\u2019estate e cio\u00e8 dalle 10 alle 12:30 e dalle 14:30 alle 18.<\/p>\n<p>&nbsp;<\/p>\n<p>&nbsp;<\/p>\n<hr \/>\n<p>&nbsp;<\/p>\n<h2><strong><a href=\"https:\/\/www.radiopiu.net\/wordpress\/nel-fine-settimana-el-bon-de-lansuda\/59496225_332888414086403_7618196841120661504_n\/\" rel=\"attachment wp-att-214756\"><img loading=\"lazy\" decoding=\"async\" class=\" wp-image-214756 alignleft\" src=\"https:\/\/www.radiopiu.net\/wordpress\/wp-content\/uploads\/2021\/06\/59496225_332888414086403_7618196841120661504_n-300x300.jpg\" alt=\"\" width=\"94\" height=\"94\" srcset=\"https:\/\/www.radiopiu.net\/wordpress\/wp-content\/uploads\/2021\/06\/59496225_332888414086403_7618196841120661504_n-300x300.jpg 300w, https:\/\/www.radiopiu.net\/wordpress\/wp-content\/uploads\/2021\/06\/59496225_332888414086403_7618196841120661504_n-1024x1024.jpg 1024w, https:\/\/www.radiopiu.net\/wordpress\/wp-content\/uploads\/2021\/06\/59496225_332888414086403_7618196841120661504_n-150x150.jpg 150w, https:\/\/www.radiopiu.net\/wordpress\/wp-content\/uploads\/2021\/06\/59496225_332888414086403_7618196841120661504_n-768x768.jpg 768w, https:\/\/www.radiopiu.net\/wordpress\/wp-content\/uploads\/2021\/06\/59496225_332888414086403_7618196841120661504_n-1536x1536.jpg 1536w, https:\/\/www.radiopiu.net\/wordpress\/wp-content\/uploads\/2021\/06\/59496225_332888414086403_7618196841120661504_n.jpg 1976w\" sizes=\"auto, (max-width: 94px) 100vw, 94px\" \/><\/a><\/strong><\/h2>\n<h2><\/h2>\n<h2><strong><span style=\"color: #008000;\">NEL FINE SETTIMANA &#8220;EL BON DE L&#8217;ANSUDA&#8221;<\/span><\/strong><\/h2>\n<p>&nbsp;<\/p>\n<p><strong>DI GIANNI SANTOMASO\u00a0<\/strong><\/p>\n<audio class=\"wp-audio-shortcode\" id=\"audio-215172-7\" preload=\"none\" style=\"width: 100%;\" controls=\"controls\"><source type=\"audio\/mpeg\" src=\"https:\/\/www.radiopiu.net\/wordpress\/wp-content\/uploads\/2021\/06\/gianni-due-giorni-di-festa-ansuda.mp3?_=7\" \/><a href=\"https:\/\/www.radiopiu.net\/wordpress\/wp-content\/uploads\/2021\/06\/gianni-due-giorni-di-festa-ansuda.mp3\">https:\/\/www.radiopiu.net\/wordpress\/wp-content\/uploads\/2021\/06\/gianni-due-giorni-di-festa-ansuda.mp3<\/a><\/audio>\n<p>&nbsp;<\/p>\n<p><strong>l&#8217;intervista di Claudio Fontanive <\/strong>OSPITI: Antonella Schena e Silvano Savio<\/p>\n<audio class=\"wp-audio-shortcode\" id=\"audio-215172-8\" preload=\"none\" style=\"width: 100%;\" controls=\"controls\"><source type=\"audio\/mpeg\" src=\"https:\/\/www.radiopiu.net\/wordpress\/wp-content\/uploads\/2021\/06\/bon-de-lansuda.mp3?_=8\" \/><a href=\"https:\/\/www.radiopiu.net\/wordpress\/wp-content\/uploads\/2021\/06\/bon-de-lansuda.mp3\">https:\/\/www.radiopiu.net\/wordpress\/wp-content\/uploads\/2021\/06\/bon-de-lansuda.mp3<\/a><\/audio>\n<p>&nbsp;<\/p>\n<hr \/>\n<p>&nbsp;<\/p>\n<p>&nbsp;<\/p>\n<blockquote>\n<h3><a href=\"https:\/\/www.radiopiu.net\/wordpress\/giornale-radiopiu-11-giugno-2021-direttore-mirko-mezzacasa\/img_20210610_211343-1\/\" rel=\"attachment wp-att-215400\"><img loading=\"lazy\" decoding=\"async\" class=\"wp-image-215400 alignleft\" src=\"https:\/\/www.radiopiu.net\/wordpress\/wp-content\/uploads\/2021\/06\/IMG_20210610_211343-1-300x267.jpg\" alt=\"\" width=\"227\" height=\"202\" srcset=\"https:\/\/www.radiopiu.net\/wordpress\/wp-content\/uploads\/2021\/06\/IMG_20210610_211343-1-300x267.jpg 300w, https:\/\/www.radiopiu.net\/wordpress\/wp-content\/uploads\/2021\/06\/IMG_20210610_211343-1-1024x911.jpg 1024w, https:\/\/www.radiopiu.net\/wordpress\/wp-content\/uploads\/2021\/06\/IMG_20210610_211343-1-768x683.jpg 768w, https:\/\/www.radiopiu.net\/wordpress\/wp-content\/uploads\/2021\/06\/IMG_20210610_211343-1-1536x1366.jpg 1536w, https:\/\/www.radiopiu.net\/wordpress\/wp-content\/uploads\/2021\/06\/IMG_20210610_211343-1.jpg 1710w\" sizes=\"auto, (max-width: 227px) 100vw, 227px\" \/><\/a>13 GIUGNO, 9^BENEDIZIONE AUTO E MOTO D&#8217;EPOCA AL SANTUARIO DI SAN VITTORE E CORONA<\/h3>\n<h3><strong><span style=\"color: #ff0000;\">\u00a0Berto Gidoni, circolo bellunese auto e moto d&#8217;epoca<\/span><\/strong><\/h3>\n<p>FELTRE La benedizione di auto e moto d&#8217;epoca segna la ripresa dell&#8217;attivit\u00e0 dopo la pausa forzata dovuta al covid 19. Programma: 830 ritrovo a Belluno stazione, 9 partenza verso il centro storico, Limana, Trichiana,Mel, Lentiai, Villapaiera 950 arrivo al Santuario, 10 benedizione 1045 spostamento in Birreria Pedavena, 12 verso la Calliera di Lamen 13 pranzo.<\/p><\/blockquote>\n<p>&nbsp;<\/p>\n<p>&nbsp;<\/p>\n<p>&nbsp;<\/p>\n<hr \/>\n<blockquote>\n<h3>TORNA DOMENICA PROSSIMA LA FIERA DELL&#8217;OGGETTO RITROVATO<\/h3>\n<\/blockquote>\n<p><strong><a href=\"https:\/\/www.radiopiu.net\/wordpress\/giornale-radiopiu-11-giugno-2021-direttore-mirko-mezzacasa\/fiera-oggetto-ritrovato\/\" rel=\"attachment wp-att-215243\"><img loading=\"lazy\" decoding=\"async\" class=\"size-medium wp-image-215243 alignleft\" src=\"https:\/\/www.radiopiu.net\/wordpress\/wp-content\/uploads\/2021\/06\/Fiera-oggetto-ritrovato-300x225.jpg\" alt=\"\" width=\"300\" height=\"225\" srcset=\"https:\/\/www.radiopiu.net\/wordpress\/wp-content\/uploads\/2021\/06\/Fiera-oggetto-ritrovato-300x225.jpg 300w, https:\/\/www.radiopiu.net\/wordpress\/wp-content\/uploads\/2021\/06\/Fiera-oggetto-ritrovato-1024x768.jpg 1024w, https:\/\/www.radiopiu.net\/wordpress\/wp-content\/uploads\/2021\/06\/Fiera-oggetto-ritrovato-768x576.jpg 768w, https:\/\/www.radiopiu.net\/wordpress\/wp-content\/uploads\/2021\/06\/Fiera-oggetto-ritrovato.jpg 1080w\" sizes=\"auto, (max-width: 300px) 100vw, 300px\" \/><\/a>FELTRE <\/strong>Ritorna domenica prossima, 13 giugno, &#8211; dopo la pausa dovuta alle disposizioni per l&#8217;emergenza sanitaria &#8211; l&#8217;appuntamento con la Fiera dell\u2019Oggetto Ritrovato, il mercatino dell\u2019antiquariato e dell\u2019usato che si svolge nel centro storico di Feltre. Come da tradizione, ogni seconda domenica del mese, Piazza Maggiore, Via Mezzaterra e le vie adiacenti, dall\u2019alba al tramonto, saranno animate da oltre 80 espositori provenienti da tutto il Triveneto che proporranno una vasta scelta di oggetti usati e d\u2019antiquariato, libri, mobili, lampade, vestiti, ed altri oggetti di interesse. Un\u2019occasione per visitare il Centro storico di Feltre e le sue bellezze architettoniche, le sue proposte culturali e, perch\u00e9 no, per assaggiare le specialit\u00e0 delle sue osterie in prossimit\u00e0. La Fiera si svolge nel rispetto delle norme anti-Covid: i visitatori dovranno essere muniti di mascherina e rispettare le distanze interpersonali<\/p>\n<p>&nbsp;<\/p>\n<p>&nbsp;<\/p>\n<p>&nbsp;<\/p>\n<hr \/>\n<p>&nbsp;<\/p>\n<blockquote>\n<h3 class=\"Didefault\">DOMENICA A SERAVELLA<\/h3>\n<p><em>Costo 10 euro a bambino tutto compreso.<\/em><\/p><\/blockquote>\n<p><strong>CESIOMAGGIORE<\/strong> \u00a0Domenica\u00a0 pomeriggio\u00a0 visite guidate e audio giochi per i pi\u00f9 piccoli. dalle 15.30. E \u201cDue passi tra i musei di Cesiomaggiore\u201d per i bambini, con ritrovo alle 15 al Museo storico della bicicletta. A seguire l\u2019audio gioco itinerante \u201cLe stagioni del giardino di Marianna e Martino\u201d con arrivo nel giardino di Seravella.<\/p>\n<p>&nbsp;<\/p>\n<hr \/>\n<p>&nbsp;<\/p>\n<p>&nbsp;<\/p>\n<blockquote>\n<h3>LA PROVINCIA PRESENTA L&#8217;ULTIMO TESORO D&#8217;ARTE<\/h3>\n<\/blockquote>\n<p><strong>BELLUNO<\/strong> Sabato\u00a0 alle 16 nella chiesa di Santa Maria Nascente a Pieve di Cadore sar\u00e0 presentato l&#8217;ultimo volume della collana &#8220;Tesori d&#8217;arte nelle chiese del Bellunese&#8221;, edito dalla Provincia. Il libro presenta un focus sull&#8217;altare a battenti della chiesa di Pieve, una incredibile storia di intrecci, vicende umane e storiche che circondano l&#8217;opera uscita da una bottega tirolese alla fine del Quattrocento e scomposta nell&#8217;Ottocento, quando i vari pezzi cominciarono il loro viaggio frammentato. Alla presentazione prenderanno parte, tra gli altri, la curatrice Letizia Lonzi, la storica dell&#8217;arte Silvia Spada, la Soprintendente Marta Mazza e la restauratrice Milena Dean.<\/p>\n<p>&nbsp;<\/p>\n<p>&nbsp;<\/p>\n<p>&nbsp;<\/p>\n<hr \/>\n<blockquote>\n<h3><\/h3>\n<h3>LO YOGA AL RIFUGIO LARESEI DOMENICA 20 GIUGNO<\/h3>\n<\/blockquote>\n<p><strong>FALCADE<\/strong> Domenica 20 giugno, alle 10, al rifugio Laresei, a 2.250 metri nella Ski Area San Pellegrino, si potr\u00e0 praticare yoga con una vista a 360 gradi sulle Dolomiti. A guidare la lezione saranno i maestri della rete del Treviso Yoga Day. Solo su prenotazione attraverso il sito <a href=\"http:\/\/www.yogaday.it\/\">www.yogaday.it<\/a><\/p>\n<p>&nbsp;<\/p>\n<p>&nbsp;<\/p>\n<hr \/>\n<p>&nbsp;<\/p>\n<blockquote><p><a href=\"https:\/\/www.radiopiu.net\/wordpress\/giornale-radiopiu-09-giugno-2021-direttore-mirko-mezzacasa\/olympus-digital-camera-250\/\" rel=\"attachment wp-att-214860\"><img loading=\"lazy\" decoding=\"async\" class=\"size-medium wp-image-214860 alignleft\" src=\"https:\/\/www.radiopiu.net\/wordpress\/wp-content\/uploads\/2021\/06\/Inferno_Dante-1-225x300.jpg\" alt=\"\" width=\"225\" height=\"300\" srcset=\"https:\/\/www.radiopiu.net\/wordpress\/wp-content\/uploads\/2021\/06\/Inferno_Dante-1-225x300.jpg 225w, https:\/\/www.radiopiu.net\/wordpress\/wp-content\/uploads\/2021\/06\/Inferno_Dante-1-768x1024.jpg 768w, https:\/\/www.radiopiu.net\/wordpress\/wp-content\/uploads\/2021\/06\/Inferno_Dante-1-1152x1536.jpg 1152w, https:\/\/www.radiopiu.net\/wordpress\/wp-content\/uploads\/2021\/06\/Inferno_Dante-1-1536x2048.jpg 1536w, https:\/\/www.radiopiu.net\/wordpress\/wp-content\/uploads\/2021\/06\/Inferno_Dante-1-scaled.jpg 1920w\" sizes=\"auto, (max-width: 225px) 100vw, 225px\" \/><\/a><\/p>\n<h3>LA MOSTRA AL SEMINARIO GREGORIANO DAL 13 GIUGNO PER CELEBRARE DANTE NEL 700\u00b0 ANNO DALLA SUA MORTE<\/h3>\n<p><strong>BELLUNO\u00a0<\/strong> La mostra che verr\u00e0 inaugurata domenica 13 giugno, nel titolo scelto \u2013 \u201ce quindi uscimmo a rivedere le stelle\u201d &#8211; svela un messaggio di speranza, con l\u2019intento di ripartire, di rilanciare la cultura dopo mesi di chiusura, incertezze e difficolt\u00e0 a causa dell\u2019emergenza sanitaria. Fulcro delle celebrazioni dantesche nel capoluogo \u00e8 il Seminario Gregoriano di Belluno.\u00a0 Capofila il rettore, mons. Giorgio Lise. Protagonista della rassegna bellunese \u00e8 la Divina Commedia della Biblioteca Lolliniana. Si tratta di un manoscritto su pergamena che appartiene alla famiglia dei cosiddetti \u201cDanti del Cento\u201d. La mostra rester\u00e0 aperta fino al 18 luglio con il seguente orario: i sabati e le domeniche dalle 14:30 alle 18, i luned\u00ec dalle 9:30 alle 12. Prenotazione obbligatoria all\u2019indirizzo mail bibliotecagregoriana@chiesabellunofeltre.it. L\u2019ingresso \u00e8 dalla porta del chiostro gotico sul sagrato della chiesa di S. Pietro.<\/p><\/blockquote>\n<p>&nbsp;<\/p>\n<hr \/>\n<p>&nbsp;<\/p>\n<p>&nbsp;<\/p>\n<blockquote>\n<h3>Concerto di Gala<br \/>\n<em>Concerto celebrativo del 154\u00b0 anno dalla fondazione della Filarmonica di Belluno.<\/em><\/h3>\n<p><strong>19 giugno 2021, ore 20:30 &#8211; Piazza Duomo Belluno<\/strong><\/p>\n<p><strong>BELLUNO<\/strong> La Filarmonica, diretta dai maestri Sandro De Marchi e Andrea Gasperin, si esibir\u00e0 in un articolato programma che spazia dalla musica originale per banda ad apposite trascrizioni di musica classica, dalla musica pop alle colonne sonore fino alla musica jazz. Per poter partecipare all&#8217;evento \u00e8\u00a0 necessario prenotare il proprio posto tramite la piattaforma <a href=\"https:\/\/bandabelluno.us15.list-manage.com\/track\/click?u=894cd617e4f50012757ef7e42&amp;id=72f2c8ec21&amp;e=40f9faa4f0\">Eventbrite<\/a>. Per accedere <a href=\"https:\/\/bandabelluno.us15.list-manage.com\/track\/click?u=894cd617e4f50012757ef7e42&amp;id=814a764e20&amp;e=40f9faa4f0\">clicca qui<\/a>. Ingresso libero.<\/p><\/blockquote>\n<p>&nbsp;<\/p>\n<p>&nbsp;<\/p>\n<hr \/>\n<p>&nbsp;<\/p>\n<blockquote>\n<h3><\/h3>\n<h3 style=\"text-align: left;\">MARCO &#8220;PIZZUL&#8221; DAL FARRA SALUTA IL CALCIO EUROPEO\u00a0 A MODO SUO<\/h3>\n<\/blockquote>\n<p><strong>REDAZIONE\u00a0<\/strong> Marco Dal Farra \u00a0&#8220;Pizzul&#8221;\u00a0 inaugura la prima partita dell&#8217;europeo.<\/p>\n<p>&nbsp;<\/p>\n<div style=\"width: 640px;\" class=\"wp-video\"><video class=\"wp-video-shortcode\" id=\"video-215172-2\" width=\"640\" height=\"352\" preload=\"metadata\" controls=\"controls\"><source type=\"video\/mp4\" src=\"https:\/\/www.radiopiu.net\/wordpress\/wp-content\/uploads\/2021\/06\/WhatsApp-Video-2021-06-06-at-14.35.45.mp4?_=2\" \/><a href=\"https:\/\/www.radiopiu.net\/wordpress\/wp-content\/uploads\/2021\/06\/WhatsApp-Video-2021-06-06-at-14.35.45.mp4\">https:\/\/www.radiopiu.net\/wordpress\/wp-content\/uploads\/2021\/06\/WhatsApp-Video-2021-06-06-at-14.35.45.mp4<\/a><\/video><\/div>\n<p>&nbsp;<\/p>\n<hr \/>\n<p>&nbsp;<\/p>\n<p>&nbsp;<\/p>\n<p>&nbsp;<\/p>\n<blockquote class=\"wp-embedded-content\" data-secret=\"ncQxzsVOh7\"><p><a href=\"https:\/\/www.radiopiu.net\/wordpress\/ricordi-alla-radio-ciclinvalle-2001-in-valle-di-san-lucano\/\">RICORDI ALLA RADIO, CICLINVALLE 2001 IN VALLE DI SAN LUCANO<\/a><\/p><\/blockquote>\n<p><iframe loading=\"lazy\" class=\"wp-embedded-content\" sandbox=\"allow-scripts\" security=\"restricted\" style=\"position: absolute; clip: rect(1px, 1px, 1px, 1px);\" title=\"&#8220;RICORDI ALLA RADIO, CICLINVALLE 2001 IN VALLE DI SAN LUCANO&#8221; &#8212; Radio Pi\u00f9\" src=\"https:\/\/www.radiopiu.net\/wordpress\/ricordi-alla-radio-ciclinvalle-2001-in-valle-di-san-lucano\/embed\/#?secret=ncQxzsVOh7\" data-secret=\"ncQxzsVOh7\" width=\"600\" height=\"338\" frameborder=\"0\" marginwidth=\"0\" marginheight=\"0\" scrolling=\"no\"><\/iframe><\/p>\n<p>&nbsp;<\/p>\n<p>&nbsp;<\/p>\n<p>&nbsp;<\/p>\n<hr \/>\n<p>&nbsp;<\/p>\n<blockquote>\n<h2>FANTASTICHE DOLOMITI, NUOVA STAGIONE. APPUNTAMENTO QUINDICINALE IL GIOVEDI ALLE 10.30 E 19.00<\/h2>\n<\/blockquote>\n<h2><span style=\"color: #ff0000;\"><strong><a class=\"dt-pswp-item\" href=\"https:\/\/www.radiopiu.net\/wordpress\/wp-content\/uploads\/2020\/08\/montagna-2020-scaled.jpg\" data-dt-img-description=\"\" data-large_image_width=\"2560\" data-large_image_height=\"1440\"><img loading=\"lazy\" decoding=\"async\" class=\"wp-image-158273 alignleft\" src=\"https:\/\/www.radiopiu.net\/wordpress\/wp-content\/uploads\/2020\/08\/montagna-2020-300x169.jpg\" alt=\"\" width=\"147\" height=\"83\" srcset=\"https:\/\/www.radiopiu.net\/wordpress\/wp-content\/uploads\/2020\/08\/montagna-2020-300x169.jpg 300w, https:\/\/www.radiopiu.net\/wordpress\/wp-content\/uploads\/2020\/08\/montagna-2020-1024x576.jpg 1024w, https:\/\/www.radiopiu.net\/wordpress\/wp-content\/uploads\/2020\/08\/montagna-2020-768x432.jpg 768w, https:\/\/www.radiopiu.net\/wordpress\/wp-content\/uploads\/2020\/08\/montagna-2020-1536x864.jpg 1536w, https:\/\/www.radiopiu.net\/wordpress\/wp-content\/uploads\/2020\/08\/montagna-2020-2048x1152.jpg 2048w, https:\/\/www.radiopiu.net\/wordpress\/wp-content\/uploads\/2020\/08\/montagna-2020-640x360.jpg 640w\" sizes=\"auto, (max-width: 147px) 100vw, 147px\" \/><\/a><\/strong><\/span><\/h2>\n<h2><span style=\"color: #ff0000;\">PUNTATA 17 03 GIUGNO\u00a0<\/span><\/h2>\n<p><strong>OSPITE IL PRESIDENTE CLAUDIO CANOVA<\/strong><\/p>\n<audio class=\"wp-audio-shortcode\" id=\"audio-215172-9\" preload=\"none\" style=\"width: 100%;\" controls=\"controls\"><source type=\"audio\/mpeg\" src=\"https:\/\/www.radiopiu.net\/wordpress\/wp-content\/uploads\/2021\/06\/fantastiche-dolomiti-3-giugno.mp3?_=9\" \/><a href=\"https:\/\/www.radiopiu.net\/wordpress\/wp-content\/uploads\/2021\/06\/fantastiche-dolomiti-3-giugno.mp3\">https:\/\/www.radiopiu.net\/wordpress\/wp-content\/uploads\/2021\/06\/fantastiche-dolomiti-3-giugno.mp3<\/a><\/audio>\n<h3>LA RACCOLTA COMPLETA<\/h3>\n<p>https:\/\/www.radiopiu.net\/wordpress\/raccolta-completa\/<\/p>\n<p>&nbsp;<\/p>\n<p>&nbsp;<\/p>\n<hr \/>\n<div>\n<div>\n<div class=\"b654a4as d2edcug0\">\n<div class=\"rq0escxv hkbzh7o3 jwdofwj8 n8tt0mok r8blr3vg hyh9befq\">\n<div class=\"b654a4as d2edcug0\">\n<h2><span style=\"color: #008000;\">\u00a0<\/span><\/h2>\n<h2><span style=\"color: #008000;\">ERBE E PIANTE CURATIVE&#8230;IL\u00a0 PROGRAMMA DI PAOLA LANCIATO<\/span><\/h2>\n<p><strong><a href=\"https:\/\/www.radiopiu.net\/wordpress\/erbe-e-piante-curative-il-programma-di-paola-lanciato-08-giugno-2021\/ciliegio\/\" rel=\"attachment wp-att-214762\"><img loading=\"lazy\" decoding=\"async\" class=\" wp-image-214762 alignleft\" src=\"https:\/\/www.radiopiu.net\/wordpress\/wp-content\/uploads\/2021\/06\/CILIEGIO-300x200.jpg\" alt=\"\" width=\"194\" height=\"129\" srcset=\"https:\/\/www.radiopiu.net\/wordpress\/wp-content\/uploads\/2021\/06\/CILIEGIO-300x200.jpg 300w, https:\/\/www.radiopiu.net\/wordpress\/wp-content\/uploads\/2021\/06\/CILIEGIO-1024x683.jpg 1024w, https:\/\/www.radiopiu.net\/wordpress\/wp-content\/uploads\/2021\/06\/CILIEGIO-768x512.jpg 768w, https:\/\/www.radiopiu.net\/wordpress\/wp-content\/uploads\/2021\/06\/CILIEGIO-1536x1024.jpg 1536w, https:\/\/www.radiopiu.net\/wordpress\/wp-content\/uploads\/2021\/06\/CILIEGIO.jpg 1920w\" sizes=\"auto, (max-width: 194px) 100vw, 194px\" \/><\/a>di Paola Lanciato<\/strong><\/p>\n<h2><span style=\"color: #0000ff;\">PUNTATA DEL 08 GIUGNO 2021<\/span><\/h2>\n<h2><span style=\"color: #ff00ff;\">IL CILIEGIO<\/span><\/h2>\n<audio class=\"wp-audio-shortcode\" id=\"audio-215172-10\" preload=\"none\" style=\"width: 100%;\" controls=\"controls\"><source type=\"audio\/mpeg\" src=\"https:\/\/www.radiopiu.net\/wordpress\/wp-content\/uploads\/2021\/06\/17-Il-ciliegio-M.mp3?_=10\" \/><a href=\"https:\/\/www.radiopiu.net\/wordpress\/wp-content\/uploads\/2021\/06\/17-Il-ciliegio-M.mp3\">https:\/\/www.radiopiu.net\/wordpress\/wp-content\/uploads\/2021\/06\/17-Il-ciliegio-M.mp3<\/a><\/audio>\n<\/div>\n<blockquote class=\"wp-embedded-content\" data-secret=\"vXyMhztD1V\"><p><a href=\"https:\/\/www.radiopiu.net\/wordpress\/erbe-e-piante-curative-il-mandorlo\/\">L\u2019ERBA VOGLIO DEL GIARDINO DEL RE\u2026 ERBE, FIORI E PIANTE DI E CON PAOLA LANCIATO<\/a><\/p><\/blockquote>\n<p><iframe loading=\"lazy\" class=\"wp-embedded-content\" sandbox=\"allow-scripts\" security=\"restricted\" style=\"position: absolute; clip: rect(1px, 1px, 1px, 1px);\" title=\"&#8220;L\u2019ERBA VOGLIO DEL GIARDINO DEL RE\u2026 ERBE, FIORI E PIANTE DI E CON PAOLA LANCIATO&#8221; &#8212; Radio Pi\u00f9\" src=\"https:\/\/www.radiopiu.net\/wordpress\/erbe-e-piante-curative-il-mandorlo\/embed\/#?secret=vXyMhztD1V\" data-secret=\"vXyMhztD1V\" width=\"600\" height=\"338\" frameborder=\"0\" marginwidth=\"0\" marginheight=\"0\" scrolling=\"no\"><\/iframe><\/p>\n<p>&nbsp;<\/p>\n<p>&nbsp;<\/p>\n<\/div>\n<\/div>\n<\/div>\n<\/div>\n<p>&nbsp;<\/p>\n<p>&nbsp;<\/p>\n<hr \/>\n<p>&nbsp;<\/p>\n<div>\n<h2><span style=\"color: #ff0000;\"><strong>IN VIVO VERSO 2020-21 ESTATE, RIASCOLTIAMOLI&#8230; DAL CASSETTO DEI RICORDI DI RADIO PIU&#8217;&#8230; LE PRIME\u00a0 SEI STAGIONI\u00a0 \u00a0<\/strong><\/span><\/h2>\n<blockquote>\n<h2>riascoltiamole REGALAMI UN BACIO di MARIA PIA VIDO 2015<\/h2>\n<\/blockquote>\n<div class=\"page-title-head hgroup\">\n<div class=\"page-title-head hgroup\">\n<div class=\"page-title-head hgroup\">\n<div class=\"page-title-head hgroup\">\n<div class=\"page-title-head hgroup\">\n<div class=\"page-title-head hgroup\">\n<blockquote><p><strong>AUDIO<\/strong><\/p>\n<audio class=\"wp-audio-shortcode\" id=\"audio-215172-11\" preload=\"none\" style=\"width: 100%;\" controls=\"controls\"><source type=\"audio\/mpeg\" src=\"https:\/\/www.radiopiu.net\/wordpress\/wp-content\/uploads\/2021\/06\/VIVO-VERSO-GIO.mp3?_=11\" \/><a href=\"https:\/\/www.radiopiu.net\/wordpress\/wp-content\/uploads\/2021\/06\/VIVO-VERSO-GIO.mp3\">https:\/\/www.radiopiu.net\/wordpress\/wp-content\/uploads\/2021\/06\/VIVO-VERSO-GIO.mp3<\/a><\/audio>\n<p><strong>LA RACCOLTA COMPLETA<\/strong><\/p><\/blockquote>\n<\/div>\n<\/div>\n<\/div>\n<\/div>\n<\/div>\n<\/div>\n<blockquote class=\"wp-embedded-content\" data-secret=\"WCf3ysTxVT\"><p><a href=\"https:\/\/www.radiopiu.net\/wordpress\/in-vivo-verso\/\">In Vivo Verso<\/a><\/p><\/blockquote>\n<p><iframe loading=\"lazy\" class=\"wp-embedded-content\" sandbox=\"allow-scripts\" security=\"restricted\" style=\"position: absolute; clip: rect(1px, 1px, 1px, 1px);\" title=\"&#8220;In Vivo Verso&#8221; &#8212; Radio Pi\u00f9\" src=\"https:\/\/www.radiopiu.net\/wordpress\/in-vivo-verso\/embed\/#?secret=WCf3ysTxVT\" data-secret=\"WCf3ysTxVT\" width=\"600\" height=\"338\" frameborder=\"0\" marginwidth=\"0\" marginheight=\"0\" scrolling=\"no\"><\/iframe><\/p>\n<p>&nbsp;<\/p>\n<p>&nbsp;<\/p>\n<hr \/>\n<\/div>\n<blockquote>\n<blockquote>\n<h2><\/h2>\n<\/blockquote>\n<\/blockquote>\n<div>\n<div class=\"b654a4as d2edcug0\">\n<div class=\"rq0escxv hkbzh7o3 jwdofwj8 n8tt0mok r8blr3vg hyh9befq\">\n<p>&nbsp;<\/p>\n<blockquote>\n<h2><span style=\"color: #ff0000;\"><em>ZAINO ALLA RADIO&#8230;ESTATE DI PAOLA LANCIATO TUTTI I GIORNI dal lunedi al venerdi ALLE 14 E 23.30\u00a0 \u00a0<\/em><\/span><\/h2>\n<h2>ZAINO DA VIAGGIO ESTATE di PAOLA LANCIATO Il Labirinto della Masone e Fontanellato M.<\/h2>\n<\/blockquote>\n<div class=\"b654a4as d2edcug0\">\n<p>audio<\/p>\n<audio class=\"wp-audio-shortcode\" id=\"audio-215172-12\" preload=\"none\" style=\"width: 100%;\" controls=\"controls\"><source type=\"audio\/mpeg\" src=\"https:\/\/www.radiopiu.net\/wordpress\/wp-content\/uploads\/2021\/06\/24-Il-Labirinto-della-Masone-e-Fontanellato-M.mp3?_=12\" \/><a href=\"https:\/\/www.radiopiu.net\/wordpress\/wp-content\/uploads\/2021\/06\/24-Il-Labirinto-della-Masone-e-Fontanellato-M.mp3\">https:\/\/www.radiopiu.net\/wordpress\/wp-content\/uploads\/2021\/06\/24-Il-Labirinto-della-Masone-e-Fontanellato-M.mp3<\/a><\/audio>\n<p>&nbsp;<\/p>\n<p><a href=\"https:\/\/www.radiopiu.net\/wordpress\/?attachment_id=214453\" rel=\"attachment wp-att-214453\"><img loading=\"lazy\" decoding=\"async\" class=\"alignnone size-medium wp-image-214453\" src=\"https:\/\/www.radiopiu.net\/wordpress\/wp-content\/uploads\/2021\/06\/24-300x161.jpg\" alt=\"\" width=\"300\" height=\"161\" srcset=\"https:\/\/www.radiopiu.net\/wordpress\/wp-content\/uploads\/2021\/06\/24-300x161.jpg 300w, https:\/\/www.radiopiu.net\/wordpress\/wp-content\/uploads\/2021\/06\/24.jpg 650w\" sizes=\"auto, (max-width: 300px) 100vw, 300px\" \/><\/a><\/p>\n<\/div>\n<blockquote class=\"wp-embedded-content\" data-secret=\"7Ll70xyNpk\"><p><a href=\"https:\/\/www.radiopiu.net\/wordpress\/zaino-femminile-lanciato\/\">Zaino da viaggio al femminile<\/a><\/p><\/blockquote>\n<p><iframe loading=\"lazy\" class=\"wp-embedded-content\" sandbox=\"allow-scripts\" security=\"restricted\" style=\"position: absolute; clip: rect(1px, 1px, 1px, 1px);\" title=\"&#8220;Zaino da viaggio al femminile&#8221; &#8212; Radio Pi\u00f9\" src=\"https:\/\/www.radiopiu.net\/wordpress\/zaino-femminile-lanciato\/embed\/#?secret=7Ll70xyNpk\" data-secret=\"7Ll70xyNpk\" width=\"600\" height=\"338\" frameborder=\"0\" marginwidth=\"0\" marginheight=\"0\" scrolling=\"no\"><\/iframe><\/p>\n<p>&nbsp;<\/p>\n<p>&nbsp;<\/p>\n<hr \/>\n<p>&nbsp;<\/p>\n<blockquote>\n<h2>LE VILLE DEL VIALE DI CART, LA STRADA DEI BOSCHI E LE PENDICI DEL SAN MAURO<\/h2>\n<\/blockquote>\n<\/div>\n<\/div>\n<\/div>\n<p>di RENATO BONA<\/p>\n<p>&nbsp;<\/p>\n<p>BELLUNO Siamo alla terza proposta delle dieci relative a sentieri da visitare, illustrate nel libro \u201cLe ville nel paesaggio prealpino della Provincia di Belluno\u201d edito nel 1997 per l\u2019Amministrazione provinciale di Belluno da Charta di Milano, con il contributo della Fondazione Cassa di Risparmio di Verona, Vicenza Belluno e Ancona. Il volume-guida, curato dallo storico Paolo Conte con testi di Simonetta Chiovaro e pregevoli fotografie del bellunese Mauro De Santi (ed altre di: Stefano Renier di Venezia; Cristiano Velo e Lucio Dalla Giustina di Feltre; Luciano Solero di Sappada; ministero della Difesa), e presentazione curata dal presidente della Provincia Oscar De Bona e dalla responsabile dell\u2019assessorato ai Beni culturali prof. Nicoletta Comar, era stato ufficialmente presentato il 20 dicembre di 24 anni fa a villa De\u2019 Manzoni ai Patt di Sedico. Questo terzo itinerario si snoda dal Viale di Cart-San Liberale per portare alle Ville Vellaio e Villalta e quindi alle Ville Damello, Bert\u00f2n e Bianco e poi, nella localit\u00e0 San Silvestro, sempre a Cart, alla Villa Villabruna, proseguendo per la localit\u00e0 Case Bianche che propone Villa Dei-Rosada prima che a Grum si possa ammirare Villa de\u2019 Mezzan e nella localit\u00e0 Lusa la Villa omonima, per concludersi ad Arson, sempre a Feltre, con un\u2019altra Villa Lusa. La Chiovaro prima di soffermarsi sulle singole ville ricorda fra l\u2019altro che: \u201cI nobili, durante il periodo invernale vivevano in citt\u00e0: a testimonianza di ci\u00f2 rimangono i numerosissimi palazzi del centro storico di Feltre che non a caso portano gli stessi nomi delle ville di campagna. La famiglia si trasferiva in villa all\u2019inizio della bella stagione e restava sino a raccolti terminati, per seguire i lavori dei campi\u201d quindi aggiunge: tutte le ville edificate lungo il viale di Cart godono di una felice esposizione con la fronte principale rivolta verso sud e protette dai venti: d\u2019estate una ricca vegetazione, invece, mitiga il caldo. Nella stagione primaverile o autunnale, quando l\u2019assenza delle foglie rende meno fitta, la barriera vegetale, la suggestiva composizione urbanistico-ambientale determinata dalle ville del Viale di Cart \u00e8 ben visibile ed apprezzabile dalla strada statale che collega Feltre a Belluno, all\u2019altezza del Casonetto. Ed eccoci a VILLA VELLAIO ora VILLA ERMINIA, XVIII secolo: struttura piuttosto complessa, con Alpago Novello che non esclude una precedente costruzione in presenza di un massiccio impianto murario ancora ben leggibile nella grande cantina. L\u2019edificio sembra suddiviso in due settori: il primo verso l\u2019interno del giardino con classica impostazione tripartita della villa dominicale, il secondo pi\u00f9 moderno ed originale. Sul retro un grande prato ospita la chiesetta di San Liberale. VILLA VILLALTA: XVI secolo, non visitabile e tuttavia bella la passeggiata che conduce nei pressi, passando per la Vellaio-Erminia. Il portico al piano terra \u00e8 formato da due sole arcate mentre la loggia del piano superiore ne ha quattro. L\u2019autrice ricorda che Adalgerio Villalta fu vescovo di Belluno e Feltre dal 1257 al 1289: la famiglia si estinse nel 1559. VILLA DAMELLO, XVI secolo: fu di propriet\u00e0 del canonico Girolamo Damello e nel \u2018700 vi risiedette la famiglia Fac\u00e8n-\u00d2rum il cui stemma \u00e8 affrescato sopra l\u2019ingresso principale. Alle \u201celeganti mensole del balcone con intagli rinascimentali si sovrappone un parapetto a liste di ferro dal caratteristico profilo rigonfio\u201d. VILLA BIANCO, XIX secolo: \u201cDietro la vegetazione risalta la bianca facciata che si sviluppa su tre piani. Le quattro aperture centrali, squadrate e senza cornici, una sovrapposta all\u2019altra, creano un accentuato incolonnamento che enfatizza la parte mediana dell\u2019edificio. Da notare anche i grandi camini a pianta ottagonale allungata\u201d. VILLA VILLABRUNA, XVIII secolo: \u201cSi adagia sulla sommit\u00e0 di una collina in posizione dominante sula vallata. L\u2019ingresso \u00e8 laterale:la veduta della facciata p\u00e8 quindi di scorcio, con la chiesa in lontananza. La villa \u00e8 settecentesca e composta da un corpo principale pi\u00f9 alto affiancato da due minori ali rustiche. Si tratta di un edificio poco scenografico ma curato nei dettagli che meriterebbe una visione pi\u00f9 ravvicinata\u2026 Vi nacque nel 1764 monsignor Bartolomeo Villabruna, storico e letterato, fondatore nel 1804 dell\u2019Accademia letteraria degli Erranti, disciolta qualche anno dopo per motivi politici\u201d. VILLA DEI-ROSADA, XVII secolo: anche in questo caso si tratta di un complesso di edifici che in varie epoche si sono aggregati tra loro. Il corpo padronale presenta un allungamento che a sua volta e completato da una lunga ala rustica per formare una composizione a L. Notevolmente trasformata la facciata principale. L\u2019antico proprietario, il conte Jacopo Dei, era collezionista di opere d\u2019arte in parte conservate nel Museo civico di Feltre. Arricchisce il complesso padronale la chiesetta che delimita la corte-giardino. VILLA DE\u2019 MEZZAN, XVII secolo; l\u2019ingresso probabilmente non \u00e8 quello originale; salone centrale e due stanze laterali per lato collegate dalle tipiche porte in asse. La facciata si sviluppa su tre piani. Imponente il corpo rustico, caratterizzato da un avancorpo centrale, eretto verso la fine del 1700-inizi 1800. Sukl retro della costruzione, la piccola chiesa che delimita una modesta piazza. Eccoci alla prima VILLA LUSA, XII secolo: sorge su un colle dove il torrente Sti\u00e8n confluisce nel Caorame. Portone d\u2019ingresso in assi di legno inserito in un muro di pietra e dotato di un maniglione batti-porta in ferro: non esiste un campanello elettrico, per annunciarsi \u00e8 necessario tirare un filo di metallo collegato ad una campanella posta all\u2019interno dell\u2019edificio. E\u2019 sorta inglobando un\u2019antica torre medievale ed \u00e8 stata destinata ad uso residenziale attraverso molteplici graduali trasformazioni. Quando nel 982 il vescovo Giovanni di Belluno conquist\u00f2 il castello di Petra Bullada Lusia, la costruzione fortilizia aveva un perimetro molto pi\u00f9 ampio dell\u2019attuale. Durante i restauri sono venute alla luce le tracce delle antiche mura di cinta. Chiude l\u2019itinerario proposto la seconda VILLA LUSA, XVII-XVIII secolo: piccola costruzione composta da un corpo principale con un\u2019ala rustica pi\u00f9 bassa. Attualmente \u201csi presenta molto trasformata dal tempo e dall\u2019uso promiscuo cui \u00e8 sottoposta\u201d. Come che sia, \u201cla sua esistenza documenta la potenza raggiunta dalla famiglia dei nobili Lusa, una delle pi\u00f9 antiche del Feltrino, proprietaria del castello medievale di Lusa, di un altro localizzato a Pullir e di uno anche ad Arson, strategico punto di avvistamento sul territorio. Il frontone superstite \u00e8 l\u2019elemento caratterizzante l\u2019edificio. Una coppia di alti camini, a pianta quadrata con copertura a quattro fronti, completa l\u2019insieme.<\/p>\n\n\t\t\t<style type='text\/css'>\n\t\t\t\t#gallery-6 {\n\t\t\t\t\tmargin: auto;\n\t\t\t\t}\n\t\t\t\t#gallery-6 .gallery-item {\n\t\t\t\t\tfloat: left;\n\t\t\t\t\tmargin-top: 10px;\n\t\t\t\t\ttext-align: center;\n\t\t\t\t\twidth: 20%;\n\t\t\t\t}\n\t\t\t\t#gallery-6 img {\n\t\t\t\t\tborder: 2px solid #cfcfcf;\n\t\t\t\t}\n\t\t\t\t#gallery-6 .gallery-caption {\n\t\t\t\t\tmargin-left: 0;\n\t\t\t\t}\n\t\t\t\t\/* see gallery_shortcode() in wp-includes\/media.php *\/\n\t\t\t<\/style>\n\t\t<div id='gallery-6' class='dt-gallery-container gallery galleryid-215172 gallery-columns-5 gallery-size-thumbnail'><dl class='gallery-item'>\n\t\t\t\t<dt class='gallery-icon landscape'>\n\t\t\t\t\t<a class=\"rollover rollover-zoom dt-pswp-item\" title=\"200692838_931617097632921_337693867772620006_n\" data-dt-img-description=\"\" data-large_image_width=\"235\" data-large_image_height=\"203\"href='https:\/\/www.radiopiu.net\/wordpress\/wp-content\/uploads\/2021\/06\/200692838_931617097632921_337693867772620006_n.jpg'><img loading=\"lazy\" decoding=\"async\" width=\"150\" height=\"150\" src=\"https:\/\/www.radiopiu.net\/wordpress\/wp-content\/uploads\/2021\/06\/200692838_931617097632921_337693867772620006_n-150x150.jpg\" class=\"attachment-thumbnail size-thumbnail\" alt=\"\" \/><\/a>\n\t\t\t\t<\/dt><\/dl><dl class='gallery-item'>\n\t\t\t\t<dt class='gallery-icon landscape'>\n\t\t\t\t\t<a class=\"rollover rollover-zoom dt-pswp-item\" title=\"198359061_1685852748273014_5436805603127829602_n\" data-dt-img-description=\"\" data-large_image_width=\"434\" data-large_image_height=\"206\"href='https:\/\/www.radiopiu.net\/wordpress\/wp-content\/uploads\/2021\/06\/198359061_1685852748273014_5436805603127829602_n.jpg'><img loading=\"lazy\" decoding=\"async\" width=\"150\" height=\"150\" src=\"https:\/\/www.radiopiu.net\/wordpress\/wp-content\/uploads\/2021\/06\/198359061_1685852748273014_5436805603127829602_n-150x150.jpg\" class=\"attachment-thumbnail size-thumbnail\" alt=\"\" \/><\/a>\n\t\t\t\t<\/dt><\/dl><dl class='gallery-item'>\n\t\t\t\t<dt class='gallery-icon landscape'>\n\t\t\t\t\t<a class=\"rollover rollover-zoom dt-pswp-item\" title=\"198841927_362013992010074_1154862026314767906_n\" data-dt-img-description=\"\" data-large_image_width=\"293\" data-large_image_height=\"206\"href='https:\/\/www.radiopiu.net\/wordpress\/wp-content\/uploads\/2021\/06\/198841927_362013992010074_1154862026314767906_n.jpg'><img loading=\"lazy\" decoding=\"async\" width=\"150\" height=\"150\" src=\"https:\/\/www.radiopiu.net\/wordpress\/wp-content\/uploads\/2021\/06\/198841927_362013992010074_1154862026314767906_n-150x150.jpg\" class=\"attachment-thumbnail size-thumbnail\" alt=\"\" \/><\/a>\n\t\t\t\t<\/dt><\/dl><dl class='gallery-item'>\n\t\t\t\t<dt class='gallery-icon landscape'>\n\t\t\t\t\t<a class=\"rollover rollover-zoom dt-pswp-item\" title=\"197434562_2007073082792389_3639737220607067964_n\" data-dt-img-description=\"\" data-large_image_width=\"274\" data-large_image_height=\"206\"href='https:\/\/www.radiopiu.net\/wordpress\/wp-content\/uploads\/2021\/06\/197434562_2007073082792389_3639737220607067964_n.jpg'><img loading=\"lazy\" decoding=\"async\" width=\"150\" height=\"150\" src=\"https:\/\/www.radiopiu.net\/wordpress\/wp-content\/uploads\/2021\/06\/197434562_2007073082792389_3639737220607067964_n-150x150.jpg\" class=\"attachment-thumbnail size-thumbnail\" alt=\"\" \/><\/a>\n\t\t\t\t<\/dt><\/dl><dl class='gallery-item'>\n\t\t\t\t<dt class='gallery-icon landscape'>\n\t\t\t\t\t<a class=\"rollover rollover-zoom dt-pswp-item\" title=\"199430421_548064099687054_4731442388419823659_n\" data-dt-img-description=\"\" data-large_image_width=\"371\" data-large_image_height=\"206\"href='https:\/\/www.radiopiu.net\/wordpress\/wp-content\/uploads\/2021\/06\/199430421_548064099687054_4731442388419823659_n.jpg'><img loading=\"lazy\" decoding=\"async\" width=\"150\" height=\"150\" src=\"https:\/\/www.radiopiu.net\/wordpress\/wp-content\/uploads\/2021\/06\/199430421_548064099687054_4731442388419823659_n-150x150.jpg\" class=\"attachment-thumbnail size-thumbnail\" alt=\"\" \/><\/a>\n\t\t\t\t<\/dt><\/dl><br style=\"clear: both\" \/><dl class='gallery-item'>\n\t\t\t\t<dt class='gallery-icon landscape'>\n\t\t\t\t\t<a class=\"rollover rollover-zoom dt-pswp-item\" title=\"197842662_835818653998550_4257944221241212298_n\" data-dt-img-description=\"\" data-large_image_width=\"370\" data-large_image_height=\"200\"href='https:\/\/www.radiopiu.net\/wordpress\/wp-content\/uploads\/2021\/06\/197842662_835818653998550_4257944221241212298_n.jpg'><img loading=\"lazy\" decoding=\"async\" width=\"150\" height=\"150\" src=\"https:\/\/www.radiopiu.net\/wordpress\/wp-content\/uploads\/2021\/06\/197842662_835818653998550_4257944221241212298_n-150x150.jpg\" class=\"attachment-thumbnail size-thumbnail\" alt=\"\" \/><\/a>\n\t\t\t\t<\/dt><\/dl><dl class='gallery-item'>\n\t\t\t\t<dt class='gallery-icon landscape'>\n\t\t\t\t\t<a class=\"rollover rollover-zoom dt-pswp-item\" title=\"197847543_530195821486603_7571882120218452823_n\" data-dt-img-description=\"\" data-large_image_width=\"296\" data-large_image_height=\"202\"href='https:\/\/www.radiopiu.net\/wordpress\/wp-content\/uploads\/2021\/06\/197847543_530195821486603_7571882120218452823_n.jpg'><img loading=\"lazy\" decoding=\"async\" width=\"150\" height=\"150\" src=\"https:\/\/www.radiopiu.net\/wordpress\/wp-content\/uploads\/2021\/06\/197847543_530195821486603_7571882120218452823_n-150x150.jpg\" class=\"attachment-thumbnail size-thumbnail\" alt=\"\" \/><\/a>\n\t\t\t\t<\/dt><\/dl><dl class='gallery-item'>\n\t\t\t\t<dt class='gallery-icon landscape'>\n\t\t\t\t\t<a class=\"rollover rollover-zoom dt-pswp-item\" title=\"199180271_303308978154847_1596050195459121133_n\" data-dt-img-description=\"\" data-large_image_width=\"280\" data-large_image_height=\"199\"href='https:\/\/www.radiopiu.net\/wordpress\/wp-content\/uploads\/2021\/06\/199180271_303308978154847_1596050195459121133_n.jpg'><img loading=\"lazy\" decoding=\"async\" width=\"150\" height=\"150\" src=\"https:\/\/www.radiopiu.net\/wordpress\/wp-content\/uploads\/2021\/06\/199180271_303308978154847_1596050195459121133_n-150x150.jpg\" class=\"attachment-thumbnail size-thumbnail\" alt=\"\" \/><\/a>\n\t\t\t\t<\/dt><\/dl><dl class='gallery-item'>\n\t\t\t\t<dt class='gallery-icon landscape'>\n\t\t\t\t\t<a class=\"rollover rollover-zoom dt-pswp-item\" title=\"199697144_583257215985427_5264089800700831207_n\" data-dt-img-description=\"\" data-large_image_width=\"262\" data-large_image_height=\"206\"href='https:\/\/www.radiopiu.net\/wordpress\/wp-content\/uploads\/2021\/06\/199697144_583257215985427_5264089800700831207_n.jpg'><img loading=\"lazy\" decoding=\"async\" width=\"150\" height=\"150\" src=\"https:\/\/www.radiopiu.net\/wordpress\/wp-content\/uploads\/2021\/06\/199697144_583257215985427_5264089800700831207_n-150x150.jpg\" class=\"attachment-thumbnail size-thumbnail\" alt=\"\" \/><\/a>\n\t\t\t\t<\/dt><\/dl><dl class='gallery-item'>\n\t\t\t\t<dt class='gallery-icon landscape'>\n\t\t\t\t\t<a class=\"rollover rollover-zoom dt-pswp-item\" title=\"198408289_543352713492999_54275917518410957_n\" data-dt-img-description=\"\" data-large_image_width=\"217\" data-large_image_height=\"206\"href='https:\/\/www.radiopiu.net\/wordpress\/wp-content\/uploads\/2021\/06\/198408289_543352713492999_54275917518410957_n.jpg'><img loading=\"lazy\" decoding=\"async\" width=\"150\" height=\"150\" src=\"https:\/\/www.radiopiu.net\/wordpress\/wp-content\/uploads\/2021\/06\/198408289_543352713492999_54275917518410957_n-150x150.jpg\" class=\"attachment-thumbnail size-thumbnail\" alt=\"\" \/><\/a>\n\t\t\t\t<\/dt><\/dl><br style=\"clear: both\" \/>\n\t\t\t<\/div>\n\n<p>NELLE FOTO (riproduzioni dal libro \u201cLe ville nel paesaggio prealpino della provincia di Belluno\u201d): prospetto sul giardino di Villa Vellaio: scorcio del loggiato di Villa Villalta; Villa Damello come appare dalla strada privata d\u2019accesso; Villa Bianco: fronte sud con lo sfondo delle Vette Feltrine; Villa Villabruna e Cappella come si possono vedere dalla strada principale; il complesso della Villa Dei-Rosada; l\u2019imponente facciata sud della Villa De\u2019 Mezzan; ecco come appare in lontananza, dall\u2019abitato di Grum, la Villa Lusa; particolare del loggiato, della cinta muraria e del bastione circolare; un ambiente interno.<\/p>\n<hr \/>\n<p>&nbsp;<\/p>\n<div>\n<div class=\"b654a4as d2edcug0\">\n<div class=\"rq0escxv hkbzh7o3 jwdofwj8 n8tt0mok r8blr3vg hyh9befq\">\n<p><a class=\"dt-pswp-item\" href=\"https:\/\/www.radiopiu.net\/wordpress\/wp-content\/uploads\/2020\/10\/pp.jpg\" data-dt-img-description=\"\" data-large_image_width=\"640\" data-large_image_height=\"640\"><img loading=\"lazy\" decoding=\"async\" class=\"wp-image-163678 alignleft\" src=\"https:\/\/www.radiopiu.net\/wordpress\/wp-content\/uploads\/2020\/10\/pp-300x300.jpg\" alt=\"\" width=\"106\" height=\"106\" srcset=\"https:\/\/www.radiopiu.net\/wordpress\/wp-content\/uploads\/2020\/10\/pp-300x300.jpg 300w, https:\/\/www.radiopiu.net\/wordpress\/wp-content\/uploads\/2020\/10\/pp-150x150.jpg 150w, https:\/\/www.radiopiu.net\/wordpress\/wp-content\/uploads\/2020\/10\/pp-125x125.jpg 125w, https:\/\/www.radiopiu.net\/wordpress\/wp-content\/uploads\/2020\/10\/pp-200x200.jpg 200w, https:\/\/www.radiopiu.net\/wordpress\/wp-content\/uploads\/2020\/10\/pp-80x80.jpg 80w, https:\/\/www.radiopiu.net\/wordpress\/wp-content\/uploads\/2020\/10\/pp-480x480.jpg 480w, https:\/\/www.radiopiu.net\/wordpress\/wp-content\/uploads\/2020\/10\/pp.jpg 640w\" sizes=\"auto, (max-width: 106px) 100vw, 106px\" \/><\/a><\/p>\n<\/div>\n<\/div>\n<\/div>\n<div>\n<div class=\"page-title-head hgroup\">\n<div class=\"page-title-head hgroup\">\n<div class=\"b654a4as d2edcug0\">\n<div class=\"j83agx80 btwxx1t3 lhclo0ds hop8lmos nkwizq5d scwd0bx6 roh60bw9\">\n<div class=\"rq0escxv hkbzh7o3 jwdofwj8 n8tt0mok r8blr3vg hyh9befq\">\n<div class=\"do00u71z l9j0dhe7 k4urcfbm\">\n<h2><span style=\"color: #000080;\">DON CESARE, IL PENSIERO DEL GIORNO. ALLA RADIO ALLE 7 DEL MATTINO E ALLE 19.30 DELLA SERA.\u00a0\u00a0<\/span><\/h2>\n<\/div>\n<\/div>\n<\/div>\n<div class=\"rq0escxv hkbzh7o3 jwdofwj8 n8tt0mok r8blr3vg hyh9befq\">\n<p>&nbsp;<\/p>\n<p>&nbsp;<\/p>\n<\/div>\n<\/div>\n<\/div>\n<\/div>\n<\/div>\n<audio class=\"wp-audio-shortcode\" id=\"audio-215172-13\" preload=\"none\" style=\"width: 100%;\" controls=\"controls\"><source type=\"audio\/mpeg\" src=\"https:\/\/www.radiopiu.net\/wordpress\/wp-content\/uploads\/2021\/06\/CESARE-9.mp3?_=13\" \/><a href=\"https:\/\/www.radiopiu.net\/wordpress\/wp-content\/uploads\/2021\/06\/CESARE-9.mp3\">https:\/\/www.radiopiu.net\/wordpress\/wp-content\/uploads\/2021\/06\/CESARE-9.mp3<\/a><\/audio>\n<hr \/>\n<p>&nbsp;<\/p>\n<div>\n<h2><span style=\"color: #800080;\"><strong>LA RASSEGNA STAMPA DA L&#8217;AMICO DEL POPOLO\u00a0<\/strong><\/span><\/h2>\n<h3 class=\"kvgmc6g5 cxmmr5t8 oygrvhab hcukyx3x c1et5uql\"><span style=\"color: #0000ff;\"> INFORMAZIONE il canale su TELEGRAM informazione di prima mano e in tempo reale. iscriviti ed aiutaci a farlo conoscere\u00a0<\/span><\/h3>\n<p><strong><a href=\"https:\/\/www.radiopiu.net\/wordpress\/la-rassegna-stampa-da-lamico-del-popolo-05-giugno-2021\/72617426_10217056632511154_1899306852655562752_n\/\" rel=\"attachment wp-att-214211\"><img loading=\"lazy\" decoding=\"async\" class=\" wp-image-214211 alignleft\" src=\"https:\/\/www.radiopiu.net\/wordpress\/wp-content\/uploads\/2021\/06\/72617426_10217056632511154_1899306852655562752_n-225x300.jpg\" alt=\"\" width=\"118\" height=\"157\" srcset=\"https:\/\/www.radiopiu.net\/wordpress\/wp-content\/uploads\/2021\/06\/72617426_10217056632511154_1899306852655562752_n-225x300.jpg 225w, https:\/\/www.radiopiu.net\/wordpress\/wp-content\/uploads\/2021\/06\/72617426_10217056632511154_1899306852655562752_n-768x1024.jpg 768w, https:\/\/www.radiopiu.net\/wordpress\/wp-content\/uploads\/2021\/06\/72617426_10217056632511154_1899306852655562752_n-1152x1536.jpg 1152w, https:\/\/www.radiopiu.net\/wordpress\/wp-content\/uploads\/2021\/06\/72617426_10217056632511154_1899306852655562752_n.jpg 1511w\" sizes=\"auto, (max-width: 118px) 100vw, 118px\" \/><\/a><\/strong><\/p>\n<p>&nbsp;<\/p>\n<p><strong>di Gianni Santomaso<\/strong><\/p>\n<p>OSPITE: Liana Cavallet<\/p>\n<audio class=\"wp-audio-shortcode\" id=\"audio-215172-14\" preload=\"none\" style=\"width: 100%;\" controls=\"controls\"><source type=\"audio\/mpeg\" src=\"https:\/\/www.radiopiu.net\/wordpress\/wp-content\/uploads\/2021\/06\/RASSEGNA-GIANNI.mp3?_=14\" \/><a href=\"https:\/\/www.radiopiu.net\/wordpress\/wp-content\/uploads\/2021\/06\/RASSEGNA-GIANNI.mp3\">https:\/\/www.radiopiu.net\/wordpress\/wp-content\/uploads\/2021\/06\/RASSEGNA-GIANNI.mp3<\/a><\/audio>\n<p>&nbsp;<\/p>\n<p><strong>LA RACCOLTA COMPLETA<\/strong><\/p>\n<blockquote class=\"wp-embedded-content\" data-secret=\"I8TBJQhpew\"><p><a href=\"https:\/\/www.radiopiu.net\/wordpress\/rassegna-stampa-di-gianni-santomaso\/\">Rassegna stampa da l&#8217;amico del popolo &#8211; di Gianni Santomaso<\/a><\/p><\/blockquote>\n<p><iframe loading=\"lazy\" class=\"wp-embedded-content\" sandbox=\"allow-scripts\" security=\"restricted\" style=\"position: absolute; clip: rect(1px, 1px, 1px, 1px);\" title=\"&#8220;Rassegna stampa da l&#8217;amico del popolo &#8211; di Gianni Santomaso&#8221; &#8212; Radio Pi\u00f9\" src=\"https:\/\/www.radiopiu.net\/wordpress\/rassegna-stampa-di-gianni-santomaso\/embed\/#?secret=I8TBJQhpew\" data-secret=\"I8TBJQhpew\" width=\"600\" height=\"338\" frameborder=\"0\" marginwidth=\"0\" marginheight=\"0\" scrolling=\"no\"><\/iframe><\/p>\n<div class=\"b654a4as d2edcug0\"><\/div>\n<\/div>\n<p>&nbsp;<\/p>\n<hr \/>\n<p>&nbsp;<\/p>\n<div dir=\"auto\">\n<p>&nbsp;<\/p>\n<blockquote>\n<h3 class=\"kvgmc6g5 cxmmr5t8 oygrvhab hcukyx3x c1et5uql\"><span style=\"color: #0000ff;\">INFORMAZIONE il canale su TELEGRAM informazione di prima mano e in tempo reale. iscriviti ed aiutaci a farlo conoscere\u00a0<\/span><\/h3>\n<\/blockquote>\n<h2><a href=\"https:\/\/www.radiopiu.net\/wordpress\/strutturare-lo-studio\/studiare\/\" rel=\"attachment wp-att-210171\"><img loading=\"lazy\" decoding=\"async\" class=\" wp-image-210171 alignleft\" src=\"https:\/\/www.radiopiu.net\/wordpress\/wp-content\/uploads\/2021\/05\/studiare-300x200.jpeg\" alt=\"\" width=\"177\" height=\"118\" srcset=\"https:\/\/www.radiopiu.net\/wordpress\/wp-content\/uploads\/2021\/05\/studiare-300x200.jpeg 300w, https:\/\/www.radiopiu.net\/wordpress\/wp-content\/uploads\/2021\/05\/studiare.jpeg 626w\" sizes=\"auto, (max-width: 177px) 100vw, 177px\" \/><\/a>007 IN CONDOTTA CON LA PROF. MARIA ROSA SALMAZO IL LUNEDI ALLE 10,30 E ALLE 19.00 LA DOMENICA ALLE 8 DEL MATTINO. NONA STAGIONE<\/h2>\n<p><span style=\"color: #ff0000;\"><strong>PUNTATA DEL 07 GIUGNO\u00a0 ULTIMA PUNTATA NONA STAGIONE, LA FINE DELL&#8217;ANNO SCOLASTICO, CON UN GRAZIE ALLA PROF. E ALLO STUDENTE &#8220;RIPETENTE&#8221; &#8230; CI SI RITROVA A SETTEMBRE PER IL DECIMO ANNO&#8230;<\/strong><\/span><\/p>\n<\/div>\n<div dir=\"auto\">\n<audio class=\"wp-audio-shortcode\" id=\"audio-215172-15\" preload=\"none\" style=\"width: 100%;\" controls=\"controls\"><source type=\"audio\/mpeg\" src=\"https:\/\/www.radiopiu.net\/wordpress\/wp-content\/uploads\/2021\/06\/007-5-giugno.mp3?_=15\" \/><a href=\"https:\/\/www.radiopiu.net\/wordpress\/wp-content\/uploads\/2021\/06\/007-5-giugno.mp3\">https:\/\/www.radiopiu.net\/wordpress\/wp-content\/uploads\/2021\/06\/007-5-giugno.mp3<\/a><\/audio>\n<h2>LA RACCOLTA COMPLETA<\/h2>\n<blockquote class=\"wp-embedded-content\" data-secret=\"JUCBY6CsYA\"><p><a href=\"https:\/\/www.radiopiu.net\/wordpress\/007incondotta-9\/\">007 in condotta<\/a><\/p><\/blockquote>\n<p><iframe loading=\"lazy\" class=\"wp-embedded-content\" sandbox=\"allow-scripts\" security=\"restricted\" style=\"position: absolute; clip: rect(1px, 1px, 1px, 1px);\" title=\"&#8220;007 in condotta&#8221; &#8212; Radio Pi\u00f9\" src=\"https:\/\/www.radiopiu.net\/wordpress\/007incondotta-9\/embed\/#?secret=JUCBY6CsYA\" data-secret=\"JUCBY6CsYA\" width=\"600\" height=\"338\" frameborder=\"0\" marginwidth=\"0\" marginheight=\"0\" scrolling=\"no\"><\/iframe><\/p>\n<p>&nbsp;<\/p>\n<h1><\/h1>\n<\/div>\n<hr \/>\n<p>&nbsp;<\/p>\n<p>&nbsp;<\/p>\n<div dir=\"auto\">\n<blockquote>\n<h3>SALUTE E SOCIETA&#8217; IL LUNEDI ALLE 13.10 E ALLE 20.10, LA DOMENICA ALLE 10.30 A CURA DEL DOTTOR MARCO CARACCIOLO. QUINTA STAGIONE<\/h3>\n<\/blockquote>\n<p><strong>LA PUNTATA DELLA SETTIMANA del 7 GIUGNO<\/strong><\/p>\n<p><a href=\"https:\/\/www.radiopiu.net\/wordpress\/giornale-radiopiu-08-giugno-2021-direttore-mirko-mezzacasa\/3dc9e2ab-2d96-92b2-0368-5d4f1b0e76bc\/\" rel=\"attachment wp-att-214500\"><img loading=\"lazy\" decoding=\"async\" class=\" wp-image-214500 alignleft\" src=\"https:\/\/www.radiopiu.net\/wordpress\/wp-content\/uploads\/2021\/06\/3dc9e2ab-2d96-92b2-0368-5d4f1b0e76bc-300x169.png\" alt=\"\" width=\"225\" height=\"127\" srcset=\"https:\/\/www.radiopiu.net\/wordpress\/wp-content\/uploads\/2021\/06\/3dc9e2ab-2d96-92b2-0368-5d4f1b0e76bc-300x169.png 300w, https:\/\/www.radiopiu.net\/wordpress\/wp-content\/uploads\/2021\/06\/3dc9e2ab-2d96-92b2-0368-5d4f1b0e76bc-1024x576.png 1024w, https:\/\/www.radiopiu.net\/wordpress\/wp-content\/uploads\/2021\/06\/3dc9e2ab-2d96-92b2-0368-5d4f1b0e76bc-768x432.png 768w, https:\/\/www.radiopiu.net\/wordpress\/wp-content\/uploads\/2021\/06\/3dc9e2ab-2d96-92b2-0368-5d4f1b0e76bc.png 1280w\" sizes=\"auto, (max-width: 225px) 100vw, 225px\" \/><\/a>Il colangiocarcinoma \u00e8 un tumore raro che si forma nei dotti biliari. I pazienti con questa patologia spesso vengono diagnosticati in una fase tardiva o avanzata della malattia, quando la prognosi \u00e8 sfavorevole. In Europa, l\u2019incidenza del colangiocarcinoma varia tra i 6000 e gli 8000 casi. Danilo Magliano ne ha parlato con Davide Melisi, Professore di Oncologia Medica, Universit\u00e0 degli Studi di Verona<\/p>\n<p><strong>AUDIO\u00a0\u00a0<\/strong><\/p>\n<audio class=\"wp-audio-shortcode\" id=\"audio-215172-16\" preload=\"none\" style=\"width: 100%;\" controls=\"controls\"><source type=\"audio\/mpeg\" src=\"https:\/\/www.radiopiu.net\/wordpress\/wp-content\/uploads\/2021\/06\/SALUTE.mp3?_=16\" \/><a href=\"https:\/\/www.radiopiu.net\/wordpress\/wp-content\/uploads\/2021\/06\/SALUTE.mp3\">https:\/\/www.radiopiu.net\/wordpress\/wp-content\/uploads\/2021\/06\/SALUTE.mp3<\/a><\/audio>\n<p><strong>LA RACCOLTA COMPLETA\u00a0<\/strong><\/p>\n<blockquote class=\"wp-embedded-content\" data-secret=\"aqFNho8Dkv\"><p><a href=\"https:\/\/www.radiopiu.net\/wordpress\/saluteesocieta\/\">Salute e Societ\u00e0<\/a><\/p><\/blockquote>\n<p><iframe loading=\"lazy\" class=\"wp-embedded-content\" sandbox=\"allow-scripts\" security=\"restricted\" style=\"position: absolute; clip: rect(1px, 1px, 1px, 1px);\" title=\"&#8220;Salute e Societ\u00e0&#8221; &#8212; Radio Pi\u00f9\" src=\"https:\/\/www.radiopiu.net\/wordpress\/saluteesocieta\/embed\/#?secret=aqFNho8Dkv\" data-secret=\"aqFNho8Dkv\" width=\"600\" height=\"338\" frameborder=\"0\" marginwidth=\"0\" marginheight=\"0\" scrolling=\"no\"><\/iframe><\/p>\n<\/div>\n<div dir=\"auto\">\n<h1><\/h1>\n<\/div>\n<hr \/>\n<blockquote>\n<h3 id=\"titlewrap\"><\/h3>\n<h3>COLLAGE DI LORIS SCUSSEL, DAL LUNEDI AL VENERDI ALLE 16 E ALLE 23<\/h3>\n<\/blockquote>\n<div><strong>AUDIO PUNTATA 364 DEL\u00a0 10 GIUGNO\u00a0 \u00a0<\/strong><\/div>\n<div>\n<audio class=\"wp-audio-shortcode\" id=\"audio-215172-17\" preload=\"none\" style=\"width: 100%;\" controls=\"controls\"><source type=\"audio\/mpeg\" src=\"https:\/\/www.radiopiu.net\/wordpress\/wp-content\/uploads\/2021\/06\/Collage-364.mp3?_=17\" \/><a href=\"https:\/\/www.radiopiu.net\/wordpress\/wp-content\/uploads\/2021\/06\/Collage-364.mp3\">https:\/\/www.radiopiu.net\/wordpress\/wp-content\/uploads\/2021\/06\/Collage-364.mp3<\/a><\/audio>\n<p><strong>\u00a0<\/strong><\/p>\n<\/div>\n<div>\n<p><strong>\u00a0 \u00a0<\/strong><strong>\u00a0<\/strong><img loading=\"lazy\" decoding=\"async\" class=\"alignleft\" src=\"https:\/\/www.radiopiu.net\/wordpress\/wp-content\/uploads\/2021\/05\/Schermata-2021-05-23-alle-11.50.11.png\" width=\"186\" height=\"131\" \/>Il programma \u00e8 andato in onda da dicembre 2013 fino a luglio 2019, comprese le repliche, in due serie per 350 puntate complessive con 1.890 brani trasmessi. L\u2019obiettivo del programma: riproporre agli ascoltatori pi\u00f9 grandicelli le canzoni che ascoltavano nel passato e nello stesso tempo farle conoscere anche ai pi\u00f9 giovani.<\/p>\n<p>&nbsp;<\/p>\n<\/div>\n<p>&nbsp;<\/p>\n<p>&nbsp;<\/p>\n<p>&nbsp;<\/p>\n<hr \/>\n<p>&nbsp;<\/p>\n<p>&nbsp;<\/p>\n<p><strong>RIASCOLTA IL CONCERTO&#8230;. DIRETTA RADIO PIU<\/strong><\/p>\n<blockquote class=\"wp-embedded-content\" data-secret=\"o7fOH7unM0\"><p><a href=\"https:\/\/www.radiopiu.net\/wordpress\/le-muse-e-le-dolomiti-il-concerto-in-diretta-dalla-chiesa-arcidiaconale-di-agordo\/\">LE MUSE E LE DOLOMITI, IL CONCERTO IN DIRETTA DALLA CHIESA ARCIDIACONALE DI AGORDO<\/a><\/p><\/blockquote>\n<p><iframe loading=\"lazy\" class=\"wp-embedded-content\" sandbox=\"allow-scripts\" security=\"restricted\" style=\"position: absolute; clip: rect(1px, 1px, 1px, 1px);\" title=\"&#8220;LE MUSE E LE DOLOMITI, IL CONCERTO IN DIRETTA DALLA CHIESA ARCIDIACONALE DI AGORDO&#8221; &#8212; Radio Pi\u00f9\" src=\"https:\/\/www.radiopiu.net\/wordpress\/le-muse-e-le-dolomiti-il-concerto-in-diretta-dalla-chiesa-arcidiaconale-di-agordo\/embed\/#?secret=o7fOH7unM0\" data-secret=\"o7fOH7unM0\" width=\"600\" height=\"338\" frameborder=\"0\" marginwidth=\"0\" marginheight=\"0\" scrolling=\"no\"><\/iframe><\/p>\n<p>&nbsp;<\/p>\n<p>&nbsp;<\/p>\n<h1><\/h1>\n<div>\n<div>\n<div class=\"page-title-head hgroup\">\n<div class=\"page-title-head hgroup\">\n<div class=\"page-title-head hgroup\">\n<div>\n<div>\n<div class=\"b654a4as d2edcug0\">\n<div class=\"rq0escxv hkbzh7o3 jwdofwj8 n8tt0mok r8blr3vg hyh9befq\">\n<hr \/>\n<\/div>\n<\/div>\n<\/div>\n<div>\n<div class=\"page-title-head hgroup\">\n<div class=\"page-title-head hgroup\">\n<div>\n<div class=\"b654a4as d2edcug0\">\n<p>&nbsp;<\/p>\n<blockquote>\n<h3><img loading=\"lazy\" decoding=\"async\" class=\"alignleft\" src=\"https:\/\/www.radiopiu.net\/wordpress\/wp-content\/uploads\/2021\/06\/fresh-flower-leaves-saffron-white-background-place-your-text-use-saffron-spice-cooking-cosmetology_347372-394.jpeg\" width=\"141\" height=\"94\" \/>L&#8217;ALMANACCO LADINO CON L&#8217;ISTITUT CESA DE JAN QUINDICINALE APPUNTAMENTO. LA DOMENICA ALLE 9 IL LUNEDI ALLE 8.35 IL MARTEDI ALLE 12.35 IL MERCOLEDI ALLE 18.35. SECONDA STAGIONE.<\/h3>\n<\/blockquote>\n<p><span style=\"color: #ff0000;\"><strong>puntata 07 giugno, numero 60<\/strong><\/span><\/p>\n<audio class=\"wp-audio-shortcode\" id=\"audio-215172-18\" preload=\"none\" style=\"width: 100%;\" controls=\"controls\"><source type=\"audio\/mpeg\" src=\"https:\/\/www.radiopiu.net\/wordpress\/wp-content\/uploads\/2021\/06\/LADINO.mp3?_=18\" \/><a href=\"https:\/\/www.radiopiu.net\/wordpress\/wp-content\/uploads\/2021\/06\/LADINO.mp3\">https:\/\/www.radiopiu.net\/wordpress\/wp-content\/uploads\/2021\/06\/LADINO.mp3<\/a><\/audio>\n<p><strong>RACCOLTA COMPLETA\u00a0<\/strong><\/p>\n<blockquote class=\"wp-embedded-content\" data-secret=\"ZIEBbEcBuf\"><p><a href=\"https:\/\/www.radiopiu.net\/wordpress\/almanacco-ladino\/\">Almanacco Ladino<\/a><\/p><\/blockquote>\n<p><iframe loading=\"lazy\" class=\"wp-embedded-content\" sandbox=\"allow-scripts\" security=\"restricted\" style=\"position: absolute; clip: rect(1px, 1px, 1px, 1px);\" title=\"&#8220;Almanacco Ladino&#8221; &#8212; Radio Pi\u00f9\" src=\"https:\/\/www.radiopiu.net\/wordpress\/almanacco-ladino\/embed\/#?secret=ZIEBbEcBuf\" data-secret=\"ZIEBbEcBuf\" width=\"600\" height=\"338\" frameborder=\"0\" marginwidth=\"0\" marginheight=\"0\" scrolling=\"no\"><\/iframe><\/p>\n<div dir=\"auto\"><\/div>\n<\/div>\n<div>\n<p>&nbsp;<\/p>\n<hr \/>\n<h2><span style=\"color: #808000;\">\u00a0<\/span><\/h2>\n<h2><span style=\"color: #808000;\">DUE MINUTI UN LIBRO\u00a0 TUTTI I GIORNI ALLA RADIO ALLE 9.30 E ALLE 18. QUINTA STAGIONE\u00a0 \u00a0\u00a0<\/span><\/h2>\n<blockquote class=\"wp-embedded-content\" data-secret=\"1okQrTNubp\"><p><a href=\"https:\/\/www.radiopiu.net\/wordpress\/il-ballo-delle-pazze\/\">IL BALLO DELLE PAZZE<\/a><\/p><\/blockquote>\n<p><iframe loading=\"lazy\" class=\"wp-embedded-content\" sandbox=\"allow-scripts\" security=\"restricted\" style=\"position: absolute; clip: rect(1px, 1px, 1px, 1px);\" title=\"&#8220;IL BALLO DELLE PAZZE&#8221; &#8212; Radio Pi\u00f9\" src=\"https:\/\/www.radiopiu.net\/wordpress\/il-ballo-delle-pazze\/embed\/#?secret=1okQrTNubp\" data-secret=\"1okQrTNubp\" width=\"600\" height=\"338\" frameborder=\"0\" marginwidth=\"0\" marginheight=\"0\" scrolling=\"no\"><\/iframe><\/p>\n<p>&nbsp;<\/p>\n<blockquote class=\"wp-embedded-content\" data-secret=\"PerZHpyhM0\"><p><a href=\"https:\/\/www.radiopiu.net\/wordpress\/due-minuti-un-libro\/\">Due minuti un libro<\/a><\/p><\/blockquote>\n<p><iframe loading=\"lazy\" class=\"wp-embedded-content\" sandbox=\"allow-scripts\" security=\"restricted\" style=\"position: absolute; clip: rect(1px, 1px, 1px, 1px);\" title=\"&#8220;Due minuti un libro&#8221; &#8212; Radio Pi\u00f9\" src=\"https:\/\/www.radiopiu.net\/wordpress\/due-minuti-un-libro\/embed\/#?secret=PerZHpyhM0\" data-secret=\"PerZHpyhM0\" width=\"600\" height=\"338\" frameborder=\"0\" marginwidth=\"0\" marginheight=\"0\" scrolling=\"no\"><\/iframe><\/p>\n<p>&nbsp;<\/p>\n<p>&nbsp;<\/p>\n<hr \/>\n<p>\u200b<\/p>\n<div>\n<h2><span style=\"color: #33cccc;\">I RACCONTI DI PAOLO SOPPELSA il lunedi alle 9.30 e 18.30<\/span><\/h2>\n<p><span style=\"color: #0000ff;\">INFORMAZIONE il canale su TELEGRAM informazione di prima mano e in tempo reale. iscriviti ed aiutaci a farlo conoscere\u00a0<\/span><\/p>\n<p>&nbsp;<\/p>\n<blockquote class=\"wp-embedded-content\" data-secret=\"3OgchkiBmX\"><p><a href=\"https:\/\/www.radiopiu.net\/wordpress\/i-racconti-di-paolo-soppelsa-settantottesima-puntata\/\">I RACCONTI DI PAOLO SOPPELSA SETTANTOTTESIMA PUNTATA<\/a><\/p><\/blockquote>\n<p><iframe loading=\"lazy\" class=\"wp-embedded-content\" sandbox=\"allow-scripts\" security=\"restricted\" style=\"position: absolute; clip: rect(1px, 1px, 1px, 1px);\" title=\"&#8220;I RACCONTI DI PAOLO SOPPELSA SETTANTOTTESIMA PUNTATA&#8221; &#8212; Radio Pi\u00f9\" src=\"https:\/\/www.radiopiu.net\/wordpress\/i-racconti-di-paolo-soppelsa-settantottesima-puntata\/embed\/#?secret=3OgchkiBmX\" data-secret=\"3OgchkiBmX\" width=\"600\" height=\"338\" frameborder=\"0\" marginwidth=\"0\" marginheight=\"0\" scrolling=\"no\"><\/iframe><\/p>\n<blockquote class=\"wp-embedded-content\" data-secret=\"ekOxxygsov\"><p><a href=\"https:\/\/www.radiopiu.net\/wordpress\/i-racconti-di-paolo-soppelsa\/\">I racconti di Paolo Soppelsa<\/a><\/p><\/blockquote>\n<p><iframe loading=\"lazy\" class=\"wp-embedded-content\" sandbox=\"allow-scripts\" security=\"restricted\" style=\"position: absolute; clip: rect(1px, 1px, 1px, 1px);\" title=\"&#8220;I racconti di Paolo Soppelsa&#8221; &#8212; Radio Pi\u00f9\" src=\"https:\/\/www.radiopiu.net\/wordpress\/i-racconti-di-paolo-soppelsa\/embed\/#?secret=ekOxxygsov\" data-secret=\"ekOxxygsov\" width=\"600\" height=\"338\" frameborder=\"0\" marginwidth=\"0\" marginheight=\"0\" scrolling=\"no\"><\/iframe><\/p>\n<p>&nbsp;<\/p>\n<\/div>\n<\/div>\n<hr \/>\n<p>&nbsp;<\/p>\n<h2><strong><span style=\"color: #ff0000;\">ALLA RADIO<\/span><\/strong><\/h2>\n<div data-offset-key=\"5n5nl-0-0\">\n<h3>Per ricevere gli aggiornamenti in tempo reale delle notizie pubblicate alla radio e sul sito di radio pi\u00f9 iscriviti al gruppo RADIO PIU INFORMAZIONE su Telegram.\u00a0\u00a0<a href=\"https:\/\/t.me\/radiopiu\">clicca qui<\/a><\/h3>\n<p>&nbsp;<\/p>\n<\/div>\n<blockquote><p><strong><a href=\"https:\/\/www.radiopiu.net\/wordpress\/cassa-solidarieta-luxottica-puntata-del-19-giugno-2020\/cslxo-2\/\" rel=\"attachment wp-att-145244\"><img loading=\"lazy\" decoding=\"async\" class=\"size-medium wp-image-145244 alignleft\" src=\"https:\/\/www.radiopiu.net\/wordpress\/wp-content\/uploads\/2020\/06\/cassa-solidarieta-luxottica-300x148.jpg\" alt=\"\" width=\"300\" height=\"148\" srcset=\"https:\/\/www.radiopiu.net\/wordpress\/wp-content\/uploads\/2020\/06\/cassa-solidarieta-luxottica-300x148.jpg 300w, https:\/\/www.radiopiu.net\/wordpress\/wp-content\/uploads\/2020\/06\/cassa-solidarieta-luxottica-1024x504.jpg 1024w, https:\/\/www.radiopiu.net\/wordpress\/wp-content\/uploads\/2020\/06\/cassa-solidarieta-luxottica-768x378.jpg 768w, https:\/\/www.radiopiu.net\/wordpress\/wp-content\/uploads\/2020\/06\/cassa-solidarieta-luxottica.jpg 1167w\" sizes=\"auto, (max-width: 300px) 100vw, 300px\" \/><\/a>di Claudio Fontanive<\/strong><\/p>\n<p>OSPITI: Paolo Chissal\u00e8 e Fabrizio Campedel<\/p>\n<p>&nbsp;<\/p>\n<p><strong>PUNTATA MAGGIO 2021<\/strong><\/p>\n<audio class=\"wp-audio-shortcode\" id=\"audio-215172-19\" preload=\"none\" style=\"width: 100%;\" controls=\"controls\"><source type=\"audio\/mpeg\" src=\"https:\/\/www.radiopiu.net\/wordpress\/wp-content\/uploads\/2021\/05\/ca-sol-lux-maggio-2021.mp3?_=19\" \/><a href=\"https:\/\/www.radiopiu.net\/wordpress\/wp-content\/uploads\/2021\/05\/ca-sol-lux-maggio-2021.mp3\">https:\/\/www.radiopiu.net\/wordpress\/wp-content\/uploads\/2021\/05\/ca-sol-lux-maggio-2021.mp3<\/a><\/audio>\n<h2>RACCOLTA COMPLETA<\/h2>\n<\/blockquote>\n<blockquote class=\"wp-embedded-content\" data-secret=\"31j7fgqELe\"><p><a href=\"https:\/\/www.radiopiu.net\/wordpress\/cassa-solidarieta-luxottica-puntata-del-16-ottobre-2020\/\">CASSA SOLIDARIET\u00c0 LUXOTTICA &#8211; TUTTE LE PUNTATE<\/a><\/p><\/blockquote>\n<p><iframe loading=\"lazy\" class=\"wp-embedded-content\" sandbox=\"allow-scripts\" security=\"restricted\" style=\"position: absolute; clip: rect(1px, 1px, 1px, 1px);\" title=\"&#8220;CASSA SOLIDARIET\u00c0 LUXOTTICA &#8211; TUTTE LE PUNTATE&#8221; &#8212; Radio Pi\u00f9\" src=\"https:\/\/www.radiopiu.net\/wordpress\/cassa-solidarieta-luxottica-puntata-del-16-ottobre-2020\/embed\/#?secret=31j7fgqELe\" data-secret=\"31j7fgqELe\" width=\"600\" height=\"338\" frameborder=\"0\" marginwidth=\"0\" marginheight=\"0\" scrolling=\"no\"><\/iframe><\/p>\n<div>\n<p>&nbsp;<\/p>\n<h2><\/h2>\n<hr \/>\n<p><strong><span style=\"color: #ff0000;\">\u00a0<\/span><\/strong><\/p>\n<h2><strong><span style=\"color: #ff0000;\">QUINDICINALE APPUNTAMENTO ALLA RADIO<\/span><\/strong><\/h2>\n<blockquote>\n<h3><a style=\"font-size: 14px; font-weight: normal;\" href=\"https:\/\/www.radiopiu.net\/wordpress\/giornale-radiopiu-06-febbraio-2019-direttore-mirko-mezzacasa\/logo_spi-cgil-800x445\/\" rel=\"attachment wp-att-75538\"><img loading=\"lazy\" decoding=\"async\" class=\"wp-image-75538 alignleft\" src=\"https:\/\/www.radiopiu.net\/wordpress\/wp-content\/uploads\/2019\/02\/Logo_Spi-CGIL-800x445-300x167.jpg\" alt=\"\" width=\"210\" height=\"117\" srcset=\"https:\/\/www.radiopiu.net\/wordpress\/wp-content\/uploads\/2019\/02\/Logo_Spi-CGIL-800x445-300x167.jpg 300w, https:\/\/www.radiopiu.net\/wordpress\/wp-content\/uploads\/2019\/02\/Logo_Spi-CGIL-800x445-768x427.jpg 768w, https:\/\/www.radiopiu.net\/wordpress\/wp-content\/uploads\/2019\/02\/Logo_Spi-CGIL-800x445.jpg 800w\" sizes=\"auto, (max-width: 210px) 100vw, 210px\" \/><\/a><\/h3>\n<\/blockquote>\n<blockquote>\n<h3>ALLA RADIO, APPUNTAMENTO QUINDICINALE CON SPI-CGIL BELLUNO, IN STUDIO MARIA RITA GENTILIN<\/h3>\n<\/blockquote>\n<p><strong>di Claudio Fontanive\u00a0<\/strong><\/p>\n<p><span style=\"color: #ff0000;\"><strong>PUNTATA DEL 10 GIUGNO 2021<br \/>\n<\/strong><\/span><\/p>\n<audio class=\"wp-audio-shortcode\" id=\"audio-215172-20\" preload=\"none\" style=\"width: 100%;\" controls=\"controls\"><source type=\"audio\/mpeg\" src=\"https:\/\/www.radiopiu.net\/wordpress\/wp-content\/uploads\/2021\/06\/spi-cgil-10-giugno.mp3?_=20\" \/><a href=\"https:\/\/www.radiopiu.net\/wordpress\/wp-content\/uploads\/2021\/06\/spi-cgil-10-giugno.mp3\">https:\/\/www.radiopiu.net\/wordpress\/wp-content\/uploads\/2021\/06\/spi-cgil-10-giugno.mp3<\/a><\/audio>\n<\/div>\n<p>&nbsp;<\/p>\n<hr \/>\n<\/div>\n<blockquote>\n<blockquote>\n<h2><a href=\"https:\/\/www.radiopiu.net\/wordpress\/speciale-solidarieta-veneto\/solidarieta-veneto-3\/\" rel=\"attachment wp-att-134366\">\u00a0<\/a><\/h2>\n<h2><a href=\"https:\/\/www.radiopiu.net\/wordpress\/speciale-solidarieta-veneto\/solidarieta-veneto-3\/\" rel=\"attachment wp-att-134366\"><img loading=\"lazy\" decoding=\"async\" class=\"wp-image-134366 alignleft\" src=\"https:\/\/www.radiopiu.net\/wordpress\/wp-content\/uploads\/2020\/05\/solidariet\u00e0-veneto-300x210.jpg\" alt=\"\" width=\"102\" height=\"71\" srcset=\"https:\/\/www.radiopiu.net\/wordpress\/wp-content\/uploads\/2020\/05\/solidariet\u00e0-veneto-300x210.jpg 300w, https:\/\/www.radiopiu.net\/wordpress\/wp-content\/uploads\/2020\/05\/solidariet\u00e0-veneto-1024x717.jpg 1024w, https:\/\/www.radiopiu.net\/wordpress\/wp-content\/uploads\/2020\/05\/solidariet\u00e0-veneto-768x538.jpg 768w, https:\/\/www.radiopiu.net\/wordpress\/wp-content\/uploads\/2020\/05\/solidariet\u00e0-veneto.jpg 1373w\" sizes=\"auto, (max-width: 102px) 100vw, 102px\" \/><\/a>SOLIDARIETA&#8217; VENETO FONDO PENSIONE, IN ONDA IL PRIMO VENERDI DEL MESE ALLE 10.30 E ALLE 19.00 QUINTA STAGIONE<\/h2>\n<\/blockquote>\n<h2><strong><span style=\"color: #ff0000;\">AUDIO MAGGIO 2021<\/span><\/strong><\/h2>\n<\/blockquote>\n<div>\n<audio class=\"wp-audio-shortcode\" id=\"audio-215172-21\" preload=\"none\" style=\"width: 100%;\" controls=\"controls\"><source type=\"audio\/mpeg\" src=\"https:\/\/www.radiopiu.net\/wordpress\/wp-content\/uploads\/2021\/05\/solidarieta-veneto-maggio-2021.mp3?_=21\" \/><a href=\"https:\/\/www.radiopiu.net\/wordpress\/wp-content\/uploads\/2021\/05\/solidarieta-veneto-maggio-2021.mp3\">https:\/\/www.radiopiu.net\/wordpress\/wp-content\/uploads\/2021\/05\/solidarieta-veneto-maggio-2021.mp3<\/a><\/audio>\n<\/div>\n<h2>LA RACCOLTA COMPLETA<\/h2>\n<blockquote class=\"wp-embedded-content\" data-secret=\"3G5GMw9yJF\"><p><a href=\"https:\/\/www.radiopiu.net\/wordpress\/solidarieta-veneto\/\">Solidariet\u00e0 Veneto<\/a><\/p><\/blockquote>\n<p><iframe loading=\"lazy\" class=\"wp-embedded-content\" sandbox=\"allow-scripts\" security=\"restricted\" style=\"position: absolute; clip: rect(1px, 1px, 1px, 1px);\" title=\"&#8220;Solidariet\u00e0 Veneto&#8221; &#8212; Radio Pi\u00f9\" src=\"https:\/\/www.radiopiu.net\/wordpress\/solidarieta-veneto\/embed\/#?secret=3G5GMw9yJF\" data-secret=\"3G5GMw9yJF\" width=\"600\" height=\"338\" frameborder=\"0\" marginwidth=\"0\" marginheight=\"0\" scrolling=\"no\"><\/iframe><\/p>\n<blockquote>\n<h2><\/h2>\n<h2><\/h2>\n<\/blockquote>\n<div>\n<hr \/>\n<\/div>\n<div class=\"page-title-head hgroup\">\n<div>\n<p>&nbsp;<\/p>\n<h2><span style=\"color: #ff0000;\">MUSLA, CON LA NUOVA GENERAZIONE LINGUE, USI, COSTUMI , raccolta completa<\/span><\/h2>\n<blockquote class=\"wp-embedded-content\" data-secret=\"SfnvyUupkW\"><p><a href=\"https:\/\/www.radiopiu.net\/wordpress\/agora-agordina-la-nosta-piaza\/\">AGORA&#8217; AGORDINA&#8230; LA NOSTA PIAZA LADINA RACCOLTA COMPLETA PRIMA STAGIONE<\/a><\/p><\/blockquote>\n<p><iframe loading=\"lazy\" class=\"wp-embedded-content\" sandbox=\"allow-scripts\" security=\"restricted\" style=\"position: absolute; clip: rect(1px, 1px, 1px, 1px);\" title=\"&#8220;AGORA&#8217; AGORDINA&#8230; LA NOSTA PIAZA LADINA RACCOLTA COMPLETA PRIMA STAGIONE&#8221; &#8212; Radio Pi\u00f9\" src=\"https:\/\/www.radiopiu.net\/wordpress\/agora-agordina-la-nosta-piaza\/embed\/#?secret=SfnvyUupkW\" data-secret=\"SfnvyUupkW\" width=\"600\" height=\"338\" frameborder=\"0\" marginwidth=\"0\" marginheight=\"0\" scrolling=\"no\"><\/iframe><\/p>\n<p>&nbsp;<\/p>\n<div class=\"b654a4as d2edcug0\">\n<div dir=\"auto\">\n<h1><\/h1>\n<hr \/>\n<p>&nbsp;<\/p>\n<div>\n<h2><span style=\"color: #ff0000;\">LEGGERMENTE BELLUNESI CON LUISA ALCHINI la raccolta completa<\/span><\/h2>\n<\/div>\n<div>\n<blockquote class=\"wp-embedded-content\" data-secret=\"MOSt442r9N\"><p><a href=\"https:\/\/www.radiopiu.net\/wordpress\/leggermente-20\/\">LEGGERmente&#8230;Bellunesi<\/a><\/p><\/blockquote>\n<p><iframe loading=\"lazy\" class=\"wp-embedded-content\" sandbox=\"allow-scripts\" security=\"restricted\" style=\"position: absolute; clip: rect(1px, 1px, 1px, 1px);\" title=\"&#8220;LEGGERmente&#8230;Bellunesi&#8221; &#8212; Radio Pi\u00f9\" src=\"https:\/\/www.radiopiu.net\/wordpress\/leggermente-20\/embed\/#?secret=MOSt442r9N\" data-secret=\"MOSt442r9N\" width=\"600\" height=\"338\" frameborder=\"0\" marginwidth=\"0\" marginheight=\"0\" scrolling=\"no\"><\/iframe><\/p>\n<\/div>\n<\/div>\n<p>&nbsp;<\/p>\n<hr \/>\n<p>&nbsp;<\/p>\n<h2><span style=\"color: #ff0000;\">GOCCE DI FILOSOFIA, CON CHIARA CAU, CON LISA DE LUCA la raccolta completa<\/span><\/h2>\n<blockquote class=\"wp-embedded-content\" data-secret=\"NUVGtcZaVM\"><p><a href=\"https:\/\/www.radiopiu.net\/wordpress\/gocce-filosofia\/\">Gocce di filosofia<\/a><\/p><\/blockquote>\n<p><iframe loading=\"lazy\" class=\"wp-embedded-content\" sandbox=\"allow-scripts\" security=\"restricted\" style=\"position: absolute; clip: rect(1px, 1px, 1px, 1px);\" title=\"&#8220;Gocce di filosofia&#8221; &#8212; Radio Pi\u00f9\" src=\"https:\/\/www.radiopiu.net\/wordpress\/gocce-filosofia\/embed\/#?secret=NUVGtcZaVM\" data-secret=\"NUVGtcZaVM\" width=\"600\" height=\"338\" frameborder=\"0\" marginwidth=\"0\" marginheight=\"0\" scrolling=\"no\"><\/iframe><\/p>\n<p>&nbsp;<\/p>\n<p>&nbsp;<\/p>\n<hr \/>\n<\/div>\n<\/div>\n<p>&nbsp;<\/p>\n<p><a href=\"https:\/\/www.radiopiu.net\/wordpress\/giornale-radiopiu-26-settembre-2018-direttore-mirko-mezzacasa\/viabilita-2\/\" rel=\"attachment wp-att-61954\"><img loading=\"lazy\" decoding=\"async\" class=\"wp-image-61954 size-full aligncenter\" src=\"https:\/\/www.radiopiu.net\/wordpress\/wp-content\/uploads\/2018\/09\/viabilita.jpeg\" alt=\"\" width=\"800\" height=\"100\" srcset=\"https:\/\/www.radiopiu.net\/wordpress\/wp-content\/uploads\/2018\/09\/viabilita.jpeg 800w, https:\/\/www.radiopiu.net\/wordpress\/wp-content\/uploads\/2018\/09\/viabilita-300x38.jpeg 300w, https:\/\/www.radiopiu.net\/wordpress\/wp-content\/uploads\/2018\/09\/viabilita-768x96.jpeg 768w\" sizes=\"auto, (max-width: 800px) 100vw, 800px\" \/><\/a><\/p>\n<blockquote><p><a href=\"https:\/\/www.radiopiu.net\/wordpress\/giornale-radiopiu-09-agosto-2018-direttore-mirko-mezzacasa\/viabilia\/\" rel=\"attachment wp-att-57053\"><img loading=\"lazy\" decoding=\"async\" class=\" wp-image-57053 alignleft\" src=\"https:\/\/www.radiopiu.net\/wordpress\/wp-content\/uploads\/2018\/08\/VIABILIA-300x180.jpeg\" alt=\"\" width=\"220\" height=\"132\" srcset=\"https:\/\/www.radiopiu.net\/wordpress\/wp-content\/uploads\/2018\/08\/VIABILIA-300x180.jpeg 300w, https:\/\/www.radiopiu.net\/wordpress\/wp-content\/uploads\/2018\/08\/VIABILIA-768x461.jpeg 768w, https:\/\/www.radiopiu.net\/wordpress\/wp-content\/uploads\/2018\/08\/VIABILIA-1024x614.jpeg 1024w, https:\/\/www.radiopiu.net\/wordpress\/wp-content\/uploads\/2018\/08\/VIABILIA.jpeg 1280w\" sizes=\"auto, (max-width: 220px) 100vw, 220px\" \/><\/a>La viabilit\u00e0 con gli ultimi aggiornamenti da Veneto Strade.<\/p>\n<p><span style=\"color: #ff0000;\"><strong>in onda alla radio: 4.05, 6.18, 14 30 , 18.30, 23.25\u00a0<\/strong><\/span><\/p><\/blockquote>\n<\/div>\n<\/div>\n<\/div>\n<\/div>\n<\/div>\n<audio class=\"wp-audio-shortcode\" id=\"audio-215172-22\" preload=\"none\" style=\"width: 100%;\" controls=\"controls\"><source type=\"audio\/mpeg\" src=\"https:\/\/www.radiopiu.net\/wordpress\/wp-content\/uploads\/2021\/06\/VIABILITA-3.mp3?_=22\" \/><a href=\"https:\/\/www.radiopiu.net\/wordpress\/wp-content\/uploads\/2021\/06\/VIABILITA-3.mp3\">https:\/\/www.radiopiu.net\/wordpress\/wp-content\/uploads\/2021\/06\/VIABILITA-3.mp3<\/a><\/audio>\n<p>&nbsp;<\/p>\n<\/div>\n<\/div>\n<hr \/>\n<p>&nbsp;<\/p>\n<\/div>\n<\/div>\n<div>\n<div class=\"page-title-head hgroup\">\n<div class=\"page-title-head hgroup\">\n<div dir=\"auto\">\n<p><a class=\"dt-pswp-item pspw-wrap-ready\" href=\"https:\/\/i0.wp.com\/www.radiopiu.net\/wordpress\/wp-content\/uploads\/2018\/09\/WhatsApp-Image-2018-09-20-at-16.04.06.jpeg?ssl=1\" data-dt-img-description=\"\" data-large_image_width=\"800\" data-large_image_height=\"100\"><img loading=\"lazy\" decoding=\"async\" class=\"aligncenter wp-image-61378 size-full jetpack-lazy-image jetpack-lazy-image--handled\" src=\"https:\/\/i0.wp.com\/www.radiopiu.net\/wordpress\/wp-content\/uploads\/2018\/09\/WhatsApp-Image-2018-09-20-at-16.04.06.jpeg?resize=800%2C100&amp;ssl=1\" sizes=\"auto, (max-width: 800px) 100vw, 800px\" srcset=\"https:\/\/i0.wp.com\/www.radiopiu.net\/wordpress\/wp-content\/uploads\/2018\/09\/WhatsApp-Image-2018-09-20-at-16.04.06.jpeg?w=800&amp;ssl=1 800w, https:\/\/i0.wp.com\/www.radiopiu.net\/wordpress\/wp-content\/uploads\/2018\/09\/WhatsApp-Image-2018-09-20-at-16.04.06.jpeg?resize=300%2C38&amp;ssl=1 300w, https:\/\/i0.wp.com\/www.radiopiu.net\/wordpress\/wp-content\/uploads\/2018\/09\/WhatsApp-Image-2018-09-20-at-16.04.06.jpeg?resize=768%2C96&amp;ssl=1 768w\" alt=\"\" width=\"800\" height=\"100\" data-lazy-loaded=\"1\" \/><\/a><\/p>\n<div>\n<p>&nbsp;<\/p>\n<p><center><b>Venerdi 11<\/b><\/center><b>Tempo atteso: <\/b>Mattinata assai pi\u00f9 soleggiata, specie sulle Dolomiti, mentre banchi di stratocumuli mattutini saranno inizialmente presenti sulle Prealpi, in diradamento. Prima delle ore centrali crescente attivit\u00e0 cumuliforme, irregolare e perlopi\u00f9 contenuta sulle Dolomiti, localmente moderata\/forte tra Dolomiti meridionali e Prealpi, dove gli addensamenti saranno in alcuni casi intensi e associati a nuovi fenomeni convettivi. Migliorer\u00e0 con ampi rasserenamenti alla sera.<br \/>\n<b>Precipitazioni: <\/b>Al mattino assenti (0%). Dalle ore centrali probabilit\u00e0 piuttosto remota sulle Dolomiti centro-settentrionali (10\/20%), mentre tale rischio crescer\u00e0 gradualmente dalle Dolomiti meridionali (20\/30%) alle Prealpi (50\/60%) per rovesci e temporali, i quali si estenderanno alla pedemontana. Dove piover\u00e0, gli apporti saranno perlopi\u00f9 compresi tra 1 e 10 mm.<br \/>\n<b>Temperature: <\/b>Minime in leggero rialzo in quota e in calo nelle valli; massime pressoch\u00e9 stazionarie sulle Dolomiti, mentre saranno in calo sulle Prealpi per instabilit\u00e0 pomeridiana. Su Prealpi a 1500 m min 11\u00b0C max 16\u00b0C, a 2000 m min 8\u00b0C max 11\u00b0C. Su Dolomiti a 2000 m min 7\u00b0C max 13\u00b0C, a 3000 m min 2\u00b0C max 3\u00b0C.<br \/>\n<b>Venti: <\/b>Perlopi\u00f9 deboli per brezze nelle valli, localmente e a tratti moderati nei settori solitamente pi\u00f9 ventilati; in quota deboli\/moderati da nord, in lieve rinforzo alla sera, a 5-10 km\/h a 2000 m e 15-30 km\/h a 3000 m.<\/p>\n<hr \/>\n<p><center><b>Sabato 12<\/b><\/center><b>Tempo atteso: <\/b>Sole e cielo sereno o poco nuvoloso per tenmporanee velature sia al mattino che al pomeriggio e modesti cumuli durante le ore pi\u00f9 calde. Aria tersa ed ottima visibilit\u00e0 al mattino. Temperature in generale aumento, eccetto calo delle minime nelle valli e alle quote medie in caso di notte serena.<br \/>\n<b>Precipitazioni: <\/b>Assenti (0%)<br \/>\n<b>Temperature: <\/b>Minime in leggero rialzo in quota e in calo nelle valli, massime in generale sensibile aumento a tutte le quote. Sono previste punte di 28\/29\u00b0C nei fondovalle prealpini e di 23\/25\u00b0C a 1000\/1200 m. Su Prealpi a 1500 m min 12\u00b0C max 19\u00b0C, a 2000 m min 10\u00b0C max 15\u00b0C. Su Dolomiti a 2000 m min 9\u00b0C max 16\u00b0C, a 3000 m min 3\u00b0C max 6\u00b0C.<br \/>\n<b>Venti: <\/b>Perlopi\u00f9 deboli per brezze nelle valli, localmente e a tratti moderati nei settori solitamente pi\u00f9 ventilati; in quota deboli\/moderati da nord nord-ovest, a 5-10 km\/h a 2000 m e 15-25 km\/h a 3000 m.<\/p>\n<hr \/>\n<p><center><b>Domenica 13<\/b><\/center>Tempo in prevalenza soleggiato con cielo sereno o poco nuvoloso per temporanee velature del cielo al primo mattino e modesti cumuli durante le ore pi\u00f9 calde. Aria tersa ed ottima visibilit\u00e0 al mattino e in quota. Temperature in generale aumento e di nuovo estive (29\/31\u00b0C nei fondovalle prealpini e 24\/27\u00b0C a 1000\/1200 m). Venti deboli per brezze nelle valli, a tratti e localmente moderati nei settori consuetamente pi\u00f9 ventilati; inizialmente moderati\/tesi da nord in quota, in attenuazione con il passare delle ore.<\/p>\n<hr \/>\n<p><center><b>Lunedi 14<\/b><\/center>Tempo ben soleggiato con cielo sereno, salvo modesti cumuli durante le ore pi\u00f9 calde. Aria tersa ed ottima visibilit\u00e0 al mattino e in quota. Temperature in generale lieve calo, eccetto le massime in alta quota, ma i livelli saranno prettamente estivi e superiori alla norma. Venti deboli per brezze nelle valli, a tratti e localmente moderati nei settori consuetamente pi\u00f9 ventilati; deboli\/moderati da nord-ovest in quota. Previsore:R.L.Th.<\/p>\n<p>&nbsp;<\/p>\n<hr \/>\n<\/div>\n<p>&nbsp;<\/p>\n<\/div>\n<div dir=\"auto\"><\/div>\n<\/div>\n<\/div>\n<p><a href=\"https:\/\/www.radiopiu.net\/wordpress\/giornale-radiopiu-15-settembre-2018-direttore-mirko-mezzacasa\/sport-7\/\" rel=\"attachment wp-att-60761\"><img loading=\"lazy\" decoding=\"async\" class=\"aligncenter wp-image-60761 size-full\" src=\"https:\/\/www.radiopiu.net\/wordpress\/wp-content\/uploads\/2018\/09\/sport.jpg\" alt=\"\" width=\"800\" height=\"100\" srcset=\"https:\/\/www.radiopiu.net\/wordpress\/wp-content\/uploads\/2018\/09\/sport.jpg 800w, https:\/\/www.radiopiu.net\/wordpress\/wp-content\/uploads\/2018\/09\/sport-300x38.jpg 300w, https:\/\/www.radiopiu.net\/wordpress\/wp-content\/uploads\/2018\/09\/sport-768x96.jpg 768w\" sizes=\"auto, (max-width: 800px) 100vw, 800px\" \/><\/a><\/p>\n<p>&nbsp;<\/p>\n<blockquote>\n<h3>GS LA PIAVE 2000, FERRIGHETTO E SCHENARDI AI TRICOLORI DI GROSSETO<\/h3>\n<\/blockquote>\n<p><strong><a href=\"https:\/\/www.radiopiu.net\/wordpress\/giornale-radiopiu-11-giugno-2021-direttore-mirko-mezzacasa\/ferrighetto_tino_ph-atl-eticamente-2\/\" rel=\"attachment wp-att-215237\"><img loading=\"lazy\" decoding=\"async\" class=\" wp-image-215237 alignleft\" src=\"https:\/\/www.radiopiu.net\/wordpress\/wp-content\/uploads\/2021\/06\/Ferrighetto_Tino_ph-Atl-Eticamente-263x300.jpg\" alt=\"\" width=\"216\" height=\"247\" srcset=\"https:\/\/www.radiopiu.net\/wordpress\/wp-content\/uploads\/2021\/06\/Ferrighetto_Tino_ph-Atl-Eticamente-263x300.jpg 263w, https:\/\/www.radiopiu.net\/wordpress\/wp-content\/uploads\/2021\/06\/Ferrighetto_Tino_ph-Atl-Eticamente-898x1024.jpg 898w, https:\/\/www.radiopiu.net\/wordpress\/wp-content\/uploads\/2021\/06\/Ferrighetto_Tino_ph-Atl-Eticamente-768x875.jpg 768w, https:\/\/www.radiopiu.net\/wordpress\/wp-content\/uploads\/2021\/06\/Ferrighetto_Tino_ph-Atl-Eticamente.jpg 1080w\" sizes=\"auto, (max-width: 216px) 100vw, 216px\" \/><\/a>MEL &#8211; BORGO VALBELLUNA\u00a0<\/strong>Ancora un weekend tricolore per il Gs La Piave 2000. Dopo il quarto posto di Tino Ferrighetto ai campionati italiani juniores di decathlon, disputati a Fabriano (Ancona), il club bellunese sar\u00e0 presente con due atleti ai Tricolori juniores di Grosseto, che iniziano oggi. Lo stesso Ferrighetto, non pago del bel risultato ottenuto nel decathlon, sar\u00e0 impegnato in due gare: il giavellotto, forte del 50.69 realizzato il 25 aprile ai campionati regionali di prove multiple di Agordo, e il salto con l\u2019asta, dove proprio a Fabriano ha migliorato di 10 centimetri il record personale, portandolo a 4.40. Un atleta in piena crescita, proprio come la compagna di squadra Valeria Schenardi, attesa a Grosseto dai 3000 siepi. A testimonianza di un\u2019invidiabile costanza di rendimento, per Valeria si tratta della terza presenza tricolore consecutiva, dopo le due apparizioni da allieva nei 2000 siepi. Classe 2003, al primo anno di categoria, la mezzofondista del Gs La Piave 2000 arriva a Grosseto con un record personale di 12\u201913\u201d62, realizzato il 16 maggio a Vicenza. La gara tricolore \u00e8 l\u2019occasione per provare a fare meglio.<\/p>\n<p>&nbsp;<\/p>\n<p>&nbsp;<\/p>\n<hr \/>\n<blockquote>\n<h3><a href=\"https:\/\/www.radiopiu.net\/wordpress\/giornale-radiopiu-11-giugno-2021-direttore-mirko-mezzacasa\/giro-del-lago-2019-5\/\" rel=\"attachment wp-att-215326\">\u00a0\u00a0<\/a><\/h3>\n<p>&nbsp;<\/p>\n<p>&nbsp;<\/p>\n<h3><a href=\"https:\/\/www.radiopiu.net\/wordpress\/giornale-radiopiu-11-giugno-2021-direttore-mirko-mezzacasa\/giro-del-lago-2019-5\/\" rel=\"attachment wp-att-215326\"><img loading=\"lazy\" decoding=\"async\" class=\"size-medium wp-image-215326 alignleft\" src=\"https:\/\/www.radiopiu.net\/wordpress\/wp-content\/uploads\/2021\/06\/giro-del-lago-2019-300x200.jpg\" alt=\"\" width=\"300\" height=\"200\" srcset=\"https:\/\/www.radiopiu.net\/wordpress\/wp-content\/uploads\/2021\/06\/giro-del-lago-2019-300x200.jpg 300w, https:\/\/www.radiopiu.net\/wordpress\/wp-content\/uploads\/2021\/06\/giro-del-lago-2019-1024x683.jpg 1024w, https:\/\/www.radiopiu.net\/wordpress\/wp-content\/uploads\/2021\/06\/giro-del-lago-2019-768x512.jpg 768w, https:\/\/www.radiopiu.net\/wordpress\/wp-content\/uploads\/2021\/06\/giro-del-lago-2019-1536x1024.jpg 1536w, https:\/\/www.radiopiu.net\/wordpress\/wp-content\/uploads\/2021\/06\/giro-del-lago-2019.jpg 1900w\" sizes=\"auto, (max-width: 300px) 100vw, 300px\" \/><\/a>DOMENICA 22 AGOSTO IL GIRO DEL LAGO DI SANTA CROCE<\/h3>\n<p>ALPAGO Ritorner\u00e0 il 22 agosto\u00a0 il <strong>Giro del Lago di Santa Croce<\/strong>. Al fianco dell\u2019associazione organizzatrice\u00a0 la realt\u00e0 che gestisce la Casa<strong> \u201cVia di Natale\u201d <\/strong>di Aviano dando assistenza ai malati terminali oncologici e ospitalit\u00e0 ai familiari, e della <strong>\u201c<\/strong><strong>Cucchini\u201d<\/strong>, associazione bellunese che si occupa di assistenza sanitaria, fisioterapica e sociale del malato oncologico in fase evolutiva irreversibile. &#8220;Domenica 22 agosto torneremo a pedalare, correre, passeggiare e pattinare intorno al Lago di Santa Croce\u00a0 &#8211; conferma <strong>Ennio Soccal<\/strong>, presidente del comitato Alpago 2 Ruote&amp;Solidariet\u00e0 &#8211;\u00a0 \u00e8 importante ripartire e ridare slancio alla solidariet\u00e0 per sostenere, nel nostro caso, due associazioni che vivono esclusivamente di donazioni&#8221;. Per approfondimenti si possono consultare il sito internet <a href=\"http:\/\/www.2ruotealpago.it\">www.2ruotealpago.it<\/a> o il profilo Facebook.<\/p><\/blockquote>\n<p>&nbsp;<\/p>\n<\/div>\n<\/div>\n","protected":false},"excerpt":{"rendered":"<p>&nbsp; &nbsp; PER\u00a0RICEVERE QUESTO NOTIZIARIO DIRETTAMENTE SUL TUO CELLULARE ISCRIVITI AL CANALE TELEGRAM\u00a0\u201cRADIO PIU\u00a0 INFORMAZIONE\u201d\u00a0 \u00a0 \u00a0 76^ edizione giro del Piave 13 giugno 2021 . Arrivo ai Piani di Pezze. Strada chiusa in salta e discesa da Alleghe a piani di Pezze dalle 15,00 alle 17,00. OGGI IL GIORNO DEL GIRO D&#8217;ITALIA UNDER 23,&hellip;<\/p>\n","protected":false},"author":4,"featured_media":215350,"comment_status":"closed","ping_status":"open","sticky":false,"template":"","format":"standard","meta":{"_monsterinsights_skip_tracking":false,"_monsterinsights_sitenote_active":false,"_monsterinsights_sitenote_note":"","_monsterinsights_sitenote_category":0,"footnotes":""},"categories":[1,51,86,49],"tags":[],"class_list":["post-215172","post","type-post","status-publish","format-standard","has-post-thumbnail","hentry","category-senza-categoria","category-evidenza-top","category-gr","category-news-18","category-1","category-51","category-86","category-49","description-off"],"img_url":"https:\/\/www.radiopiu.net\/wordpress\/wp-content\/uploads\/2021\/06\/400px-Stazione_Belluno01.jpg","_links":{"self":[{"href":"https:\/\/www.radiopiu.net\/wordpress\/wp-json\/wp\/v2\/posts\/215172","targetHints":{"allow":["GET"]}}],"collection":[{"href":"https:\/\/www.radiopiu.net\/wordpress\/wp-json\/wp\/v2\/posts"}],"about":[{"href":"https:\/\/www.radiopiu.net\/wordpress\/wp-json\/wp\/v2\/types\/post"}],"author":[{"embeddable":true,"href":"https:\/\/www.radiopiu.net\/wordpress\/wp-json\/wp\/v2\/users\/4"}],"replies":[{"embeddable":true,"href":"https:\/\/www.radiopiu.net\/wordpress\/wp-json\/wp\/v2\/comments?post=215172"}],"version-history":[{"count":0,"href":"https:\/\/www.radiopiu.net\/wordpress\/wp-json\/wp\/v2\/posts\/215172\/revisions"}],"wp:featuredmedia":[{"embeddable":true,"href":"https:\/\/www.radiopiu.net\/wordpress\/wp-json\/wp\/v2\/media\/215350"}],"wp:attachment":[{"href":"https:\/\/www.radiopiu.net\/wordpress\/wp-json\/wp\/v2\/media?parent=215172"}],"wp:term":[{"taxonomy":"category","embeddable":true,"href":"https:\/\/www.radiopiu.net\/wordpress\/wp-json\/wp\/v2\/categories?post=215172"},{"taxonomy":"post_tag","embeddable":true,"href":"https:\/\/www.radiopiu.net\/wordpress\/wp-json\/wp\/v2\/tags?post=215172"}],"curies":[{"name":"wp","href":"https:\/\/api.w.org\/{rel}","templated":true}]}}