{"id":215215,"date":"2021-06-10T10:24:02","date_gmt":"2021-06-10T08:24:02","guid":{"rendered":"https:\/\/www.radiopiu.net\/wordpress\/?p=215215"},"modified":"2021-06-10T10:27:56","modified_gmt":"2021-06-10T08:27:56","slug":"ubriaco-al-volante-e-con-la-patente-falsificata-denunciato-un-cinese-dopo-lo-stop-della-polizia","status":"publish","type":"post","link":"https:\/\/www.radiopiu.net\/wordpress\/ubriaco-al-volante-e-con-la-patente-falsificata-denunciato-un-cinese-dopo-lo-stop-della-polizia\/","title":{"rendered":"UBRIACO AL VOLANTE E CON LA PATENTE FALSIFICATA. DENUNCIATO UN CINESE DOPO LO STOP DELLA POLIZIA"},"content":{"rendered":"<p><strong><a href=\"https:\/\/www.radiopiu.net\/wordpress\/?attachment_id=60258\" rel=\"attachment wp-att-60258\"><img loading=\"lazy\" decoding=\"async\" class=\"size-medium wp-image-60258 alignleft\" src=\"https:\/\/www.radiopiu.net\/wordpress\/wp-content\/uploads\/2018\/09\/POLIZIA-1-300x225.jpg\" alt=\"\" width=\"300\" height=\"225\" srcset=\"https:\/\/www.radiopiu.net\/wordpress\/wp-content\/uploads\/2018\/09\/POLIZIA-1-300x225.jpg 300w, https:\/\/www.radiopiu.net\/wordpress\/wp-content\/uploads\/2018\/09\/POLIZIA-1-768x576.jpg 768w, https:\/\/www.radiopiu.net\/wordpress\/wp-content\/uploads\/2018\/09\/POLIZIA-1-1024x768.jpg 1024w, https:\/\/www.radiopiu.net\/wordpress\/wp-content\/uploads\/2018\/09\/POLIZIA-1.jpg 1600w\" sizes=\"auto, (max-width: 300px) 100vw, 300px\" \/><\/a>ALANO DI PIAVE\u00a0<\/strong> All&#8217;alt della Polizia Stradale di Feltre al\u00a0 posto di controllo lungo la SR 348 in localit\u00e0 Fener,\u00a0 non ha fermato\u00a0 la autovettura, si \u00e8 arrestata poi, a\u00a0 50 metri dagli agenti. Si chiama riflessi lenti.\u00a0 Gli agenti, insospettiti dalla scarsa attenzione evidenziata da chi era alla guida hanno identificando le persone a bordo: il conducente, un cittadino cinese di anni 29 con precedenti, la moglie e i due figli minori, di cui uno trasportato senza il previsto sistema di ritenuta per bambini. Durante la verbalizzazione dell\u2019infrazione, gli agenti si sono accorti che il conducente mostrava i sintomi tipici dell\u2019alterazione correlata all\u2019abuso di alcol; il conducente \u00e8 stato sottoposto all\u2019accertamento etilometrico come da rito, che dava esito positivo con un valore accertato pari a 1,15 g\/l. L&#8217;uomo \u00e8 stato denunciato all\u2019Autorit\u00e0 Giudiziaria per il reato di guida in stato di ebbrezza, che prevede in questo caso l\u2019arresto fino a sei mesi e un\u2019ammenda fino a 3.200 euro, nonch\u00e9 la sospensione della patente di guida fino ad un anno. Una volta ritirata la patente, gli agenti hanno notato una difformit\u00e0 rispetto agli originali conosciuti. Dopo un controllo pi\u00f9 approfondito, emergeva che la patente risultava intestata ad altra persona. L\u2019uomo, gi\u00e0 con precedenti specifici di questo tipo, \u00e8 stato ulteriormente sanzionato per guida senza patente e una sanzione amministrativa pecuniaria pari a 5.100 euro, la patente \u00e8 stata sequestrata e, oltre che per la guida in stato di ebbrezza, \u00e8 stato denunciato anche per falsit\u00e0 documentale.<\/p>\n<p>&nbsp;<\/p>\n<p>&nbsp;<\/p>\n<p>&nbsp;<\/p>\n<p>&nbsp;<\/p>\n<p>*****<\/p>\n","protected":false},"excerpt":{"rendered":"<p>ALANO DI PIAVE\u00a0 All&#8217;alt della Polizia Stradale di Feltre al\u00a0 posto di controllo lungo la SR 348 in localit\u00e0 Fener,\u00a0 non ha fermato\u00a0 la autovettura, si \u00e8 arrestata poi, a\u00a0 50 metri dagli agenti. Si chiama riflessi lenti.\u00a0 Gli agenti, insospettiti dalla scarsa attenzione evidenziata da chi era alla guida hanno identificando le persone a&hellip;<\/p>\n","protected":false},"author":4,"featured_media":60258,"comment_status":"closed","ping_status":"open","sticky":false,"template":"","format":"standard","meta":{"_monsterinsights_skip_tracking":false,"_monsterinsights_sitenote_active":false,"_monsterinsights_sitenote_note":"","_monsterinsights_sitenote_category":0,"footnotes":""},"categories":[51,49],"tags":[],"class_list":["post-215215","post","type-post","status-publish","format-standard","has-post-thumbnail","hentry","category-evidenza-top","category-news-18","category-51","category-49","description-off"],"img_url":"https:\/\/www.radiopiu.net\/wordpress\/wp-content\/uploads\/2018\/09\/POLIZIA-1.jpg","_links":{"self":[{"href":"https:\/\/www.radiopiu.net\/wordpress\/wp-json\/wp\/v2\/posts\/215215","targetHints":{"allow":["GET"]}}],"collection":[{"href":"https:\/\/www.radiopiu.net\/wordpress\/wp-json\/wp\/v2\/posts"}],"about":[{"href":"https:\/\/www.radiopiu.net\/wordpress\/wp-json\/wp\/v2\/types\/post"}],"author":[{"embeddable":true,"href":"https:\/\/www.radiopiu.net\/wordpress\/wp-json\/wp\/v2\/users\/4"}],"replies":[{"embeddable":true,"href":"https:\/\/www.radiopiu.net\/wordpress\/wp-json\/wp\/v2\/comments?post=215215"}],"version-history":[{"count":0,"href":"https:\/\/www.radiopiu.net\/wordpress\/wp-json\/wp\/v2\/posts\/215215\/revisions"}],"wp:featuredmedia":[{"embeddable":true,"href":"https:\/\/www.radiopiu.net\/wordpress\/wp-json\/wp\/v2\/media\/60258"}],"wp:attachment":[{"href":"https:\/\/www.radiopiu.net\/wordpress\/wp-json\/wp\/v2\/media?parent=215215"}],"wp:term":[{"taxonomy":"category","embeddable":true,"href":"https:\/\/www.radiopiu.net\/wordpress\/wp-json\/wp\/v2\/categories?post=215215"},{"taxonomy":"post_tag","embeddable":true,"href":"https:\/\/www.radiopiu.net\/wordpress\/wp-json\/wp\/v2\/tags?post=215215"}],"curies":[{"name":"wp","href":"https:\/\/api.w.org\/{rel}","templated":true}]}}