{"id":215310,"date":"2021-06-10T15:03:31","date_gmt":"2021-06-10T13:03:31","guid":{"rendered":"https:\/\/www.radiopiu.net\/wordpress\/?p=215310"},"modified":"2021-06-11T08:20:11","modified_gmt":"2021-06-11T06:20:11","slug":"pd-e-il-treno-de-menech-ci-sono-tante-cose-da-fare-potenziare-quanto-esistente-fino-a-calalzo","status":"publish","type":"post","link":"https:\/\/www.radiopiu.net\/wordpress\/pd-e-il-treno-de-menech-ci-sono-tante-cose-da-fare-potenziare-quanto-esistente-fino-a-calalzo\/","title":{"rendered":"PD E IL TRENO, DE MENECH &#8220;CI SONO TANTE COSE DA FARE&#8230;POTENZIARE QUANTO ESISTENTE FINO A CALALZO&#8221;"},"content":{"rendered":"<div class=\"\"><\/div>\n<div><strong><img loading=\"lazy\" decoding=\"async\" class=\"alignleft\" src=\"https:\/\/www.radiopiu.net\/wordpress\/wp-content\/uploads\/2021\/06\/fd9a1611-ca70-4f6a-81f8-2fa9358101c2.jpg\" width=\"291\" height=\"134\" \/>BELLUNO<\/strong> Stamane conferenza stampa del Partito Democratico su &#8220;Ferrovia asse della mobilit\u00e0 nelle Dolomiti&#8221;. Hanno partecipato Graziano Delrio, gi\u00e0 ministro per le Infrastrutture e i trasporti e ideatore del piano straordinario \u2018Cura del ferro\u2019; Roger De Menech, deputato bellunese; Giacomo Possamai, capogruppo PD in Consiglio regionale; Monica Lotto, segretaria provinciale del PD; Paolo Vendramini, sindaco di Ponte nelle Alpi; Alessandro Del Bianco, vice sindaco di Feltre. . <em>&#8220;Dopo gli interventi in corso &#8211; elettrificazione e ristrutturazione delle stazioni &#8211; le Olimpiadi invernali 2026 offrono un\u2019opportunit\u00e0 per connettere velocemente la pianura con la montagna e migliorare sensibilmente la mobilit\u00e0 interna di gran parte dell\u2019area delle Dolomiti. Idee, progetti e proposte del Partito democratico&#8221;.\u00a0<\/em>Al termine della conferenza (di cui riferir\u00e0 a breve Moreno Gioli presente per Radio Pi\u00f9) ha parlato ai giornalisti Roger De Menech. Agli agordini non \u00e8 sfuggito lo scivolone perch\u00e9 mentre si parla di tre progetti (due per il Cadore e uno per l&#8217;Agordino di Stefano Dell&#8217;Osbel), Provincia e Regione devono ancora decidere, il Deputato Pd ha guardato avanti parlando del treno a Calalzo, manco per ipotesi quello della Val Cordevole.<\/div>\n<div><\/div>\n<div class=\"\"><strong>INTERVENTO A MARGINE DI ROGER DE MENECH<\/strong><\/div>\n<div>\n<audio class=\"wp-audio-shortcode\" id=\"audio-215310-1\" preload=\"none\" style=\"width: 100%;\" controls=\"controls\"><source type=\"audio\/mpeg\" src=\"https:\/\/www.radiopiu.net\/wordpress\/wp-content\/uploads\/2021\/06\/roger-de-menech.mp3?_=1\" \/><a href=\"https:\/\/www.radiopiu.net\/wordpress\/wp-content\/uploads\/2021\/06\/roger-de-menech.mp3\">https:\/\/www.radiopiu.net\/wordpress\/wp-content\/uploads\/2021\/06\/roger-de-menech.mp3<\/a><\/audio>\n<\/div>\n","protected":false},"excerpt":{"rendered":"<p>BELLUNO Stamane conferenza stampa del Partito Democratico su &#8220;Ferrovia asse della mobilit\u00e0 nelle Dolomiti&#8221;. Hanno partecipato Graziano Delrio, gi\u00e0 ministro per le Infrastrutture e i trasporti e ideatore del piano straordinario \u2018Cura del ferro\u2019; Roger De Menech, deputato bellunese; Giacomo Possamai, capogruppo PD in Consiglio regionale; Monica Lotto, segretaria provinciale del PD; Paolo Vendramini, sindaco&hellip;<\/p>\n","protected":false},"author":4,"featured_media":215313,"comment_status":"closed","ping_status":"open","sticky":false,"template":"","format":"standard","meta":{"_monsterinsights_skip_tracking":false,"_monsterinsights_sitenote_active":false,"_monsterinsights_sitenote_note":"","_monsterinsights_sitenote_category":0,"footnotes":""},"categories":[104,49],"tags":[],"class_list":["post-215310","post","type-post","status-publish","format-standard","has-post-thumbnail","hentry","category-evidenza_3","category-news-18","category-104","category-49","description-off"],"img_url":"https:\/\/www.radiopiu.net\/wordpress\/wp-content\/uploads\/2021\/06\/fd9a1611-ca70-4f6a-81f8-2fa9358101c2.jpg","_links":{"self":[{"href":"https:\/\/www.radiopiu.net\/wordpress\/wp-json\/wp\/v2\/posts\/215310","targetHints":{"allow":["GET"]}}],"collection":[{"href":"https:\/\/www.radiopiu.net\/wordpress\/wp-json\/wp\/v2\/posts"}],"about":[{"href":"https:\/\/www.radiopiu.net\/wordpress\/wp-json\/wp\/v2\/types\/post"}],"author":[{"embeddable":true,"href":"https:\/\/www.radiopiu.net\/wordpress\/wp-json\/wp\/v2\/users\/4"}],"replies":[{"embeddable":true,"href":"https:\/\/www.radiopiu.net\/wordpress\/wp-json\/wp\/v2\/comments?post=215310"}],"version-history":[{"count":0,"href":"https:\/\/www.radiopiu.net\/wordpress\/wp-json\/wp\/v2\/posts\/215310\/revisions"}],"wp:featuredmedia":[{"embeddable":true,"href":"https:\/\/www.radiopiu.net\/wordpress\/wp-json\/wp\/v2\/media\/215313"}],"wp:attachment":[{"href":"https:\/\/www.radiopiu.net\/wordpress\/wp-json\/wp\/v2\/media?parent=215310"}],"wp:term":[{"taxonomy":"category","embeddable":true,"href":"https:\/\/www.radiopiu.net\/wordpress\/wp-json\/wp\/v2\/categories?post=215310"},{"taxonomy":"post_tag","embeddable":true,"href":"https:\/\/www.radiopiu.net\/wordpress\/wp-json\/wp\/v2\/tags?post=215310"}],"curies":[{"name":"wp","href":"https:\/\/api.w.org\/{rel}","templated":true}]}}