{"id":215390,"date":"2021-06-13T09:03:58","date_gmt":"2021-06-13T07:03:58","guid":{"rendered":"https:\/\/www.radiopiu.net\/wordpress\/?p=215390"},"modified":"2021-06-13T09:03:36","modified_gmt":"2021-06-13T07:03:36","slug":"abita-a-taibon-lindovino-con-la-bacchetta-e-richiestissimo-luomo-che-cerca-e-trova-lacqua","status":"publish","type":"post","link":"https:\/\/www.radiopiu.net\/wordpress\/abita-a-taibon-lindovino-con-la-bacchetta-e-richiestissimo-luomo-che-cerca-e-trova-lacqua\/","title":{"rendered":"ABITA A TAIBON  L&#8217;INDOVINO CON LA BACCHETTA, E&#8217; RICHIESTISSIMO L&#8217;UOMO CHE CERCA E TROVA L&#8217;ACQUA"},"content":{"rendered":"<p>&nbsp;<\/p>\n<p><strong><a href=\"https:\/\/www.radiopiu.net\/wordpress\/giornale-radiopiu-11-giugno-2021-direttore-mirko-mezzacasa\/80c1ccd1-8d2d-40de-8467-5557822a0223\/\" rel=\"attachment wp-att-215352\"><img loading=\"lazy\" decoding=\"async\" class=\" wp-image-215352 alignleft\" src=\"https:\/\/www.radiopiu.net\/wordpress\/wp-content\/uploads\/2021\/06\/80c1ccd1-8d2d-40de-8467-5557822a0223-169x300.jpg\" alt=\"\" width=\"118\" height=\"209\" srcset=\"https:\/\/www.radiopiu.net\/wordpress\/wp-content\/uploads\/2021\/06\/80c1ccd1-8d2d-40de-8467-5557822a0223-169x300.jpg 169w, https:\/\/www.radiopiu.net\/wordpress\/wp-content\/uploads\/2021\/06\/80c1ccd1-8d2d-40de-8467-5557822a0223-577x1024.jpg 577w, https:\/\/www.radiopiu.net\/wordpress\/wp-content\/uploads\/2021\/06\/80c1ccd1-8d2d-40de-8467-5557822a0223-768x1364.jpg 768w, https:\/\/www.radiopiu.net\/wordpress\/wp-content\/uploads\/2021\/06\/80c1ccd1-8d2d-40de-8467-5557822a0223-865x1536.jpg 865w, https:\/\/www.radiopiu.net\/wordpress\/wp-content\/uploads\/2021\/06\/80c1ccd1-8d2d-40de-8467-5557822a0223.jpg 901w\" sizes=\"auto, (max-width: 118px) 100vw, 118px\" \/><\/a>TAIBON<\/strong>\u00a0 Dino Farenzena &#8220;subiot&#8221; l&#8217;uomo che fin dall&#8217;adolescenza sente l&#8217;acqua, la vita,\u00a0la capacit\u00e0 di scoprire vene sotterranee di acqua per mezzo delle indicazioni fornite da una sottile bacchetta biforcuta, tenuta pi\u00f9 o meno orizzontale con le mani per le due estremit\u00e0. Dino si \u00e8 raccontato ai microfoni di Gianni Santomaso<\/p>\n<p><strong>di GIANNI SANTOMASO<\/strong><\/p>\n<audio class=\"wp-audio-shortcode\" id=\"audio-215390-1\" preload=\"none\" style=\"width: 100%;\" controls=\"controls\"><source type=\"audio\/mpeg\" src=\"https:\/\/www.radiopiu.net\/wordpress\/wp-content\/uploads\/2021\/06\/GIANNI-LACQUA.mp3?_=1\" \/><a href=\"https:\/\/www.radiopiu.net\/wordpress\/wp-content\/uploads\/2021\/06\/GIANNI-LACQUA.mp3\">https:\/\/www.radiopiu.net\/wordpress\/wp-content\/uploads\/2021\/06\/GIANNI-LACQUA.mp3<\/a><\/audio>\n<p>&nbsp;<\/p>\n\n\t\t\t<style type='text\/css'>\n\t\t\t\t#gallery-1 {\n\t\t\t\t\tmargin: auto;\n\t\t\t\t}\n\t\t\t\t#gallery-1 .gallery-item {\n\t\t\t\t\tfloat: left;\n\t\t\t\t\tmargin-top: 10px;\n\t\t\t\t\ttext-align: center;\n\t\t\t\t\twidth: 50%;\n\t\t\t\t}\n\t\t\t\t#gallery-1 img {\n\t\t\t\t\tborder: 2px solid #cfcfcf;\n\t\t\t\t}\n\t\t\t\t#gallery-1 .gallery-caption {\n\t\t\t\t\tmargin-left: 0;\n\t\t\t\t}\n\t\t\t\t\/* see gallery_shortcode() in wp-includes\/media.php *\/\n\t\t\t<\/style>\n\t\t<div id='gallery-1' class='dt-gallery-container gallery galleryid-215390 gallery-columns-2 gallery-size-thumbnail'><dl class='gallery-item'>\n\t\t\t\t<dt class='gallery-icon landscape'>\n\t\t\t\t\t<a class=\"rollover rollover-zoom dt-pswp-item\" title=\"31bbfdde-b9f8-40bd-99a2-1e4206bac152\" data-dt-img-description=\"\" data-large_image_width=\"1600\" data-large_image_height=\"901\"href='https:\/\/www.radiopiu.net\/wordpress\/wp-content\/uploads\/2021\/06\/31bbfdde-b9f8-40bd-99a2-1e4206bac152.jpg'><img loading=\"lazy\" decoding=\"async\" width=\"150\" height=\"150\" src=\"https:\/\/www.radiopiu.net\/wordpress\/wp-content\/uploads\/2021\/06\/31bbfdde-b9f8-40bd-99a2-1e4206bac152-150x150.jpg\" class=\"attachment-thumbnail size-thumbnail\" alt=\"\" \/><\/a>\n\t\t\t\t<\/dt><\/dl><dl class='gallery-item'>\n\t\t\t\t<dt class='gallery-icon landscape'>\n\t\t\t\t\t<a class=\"rollover rollover-zoom dt-pswp-item\" title=\"33e6aee4-842f-4349-8379-81d873ba98d9\" data-dt-img-description=\"\" data-large_image_width=\"1600\" data-large_image_height=\"901\"href='https:\/\/www.radiopiu.net\/wordpress\/wp-content\/uploads\/2021\/06\/33e6aee4-842f-4349-8379-81d873ba98d9.jpg'><img loading=\"lazy\" decoding=\"async\" width=\"150\" height=\"150\" src=\"https:\/\/www.radiopiu.net\/wordpress\/wp-content\/uploads\/2021\/06\/33e6aee4-842f-4349-8379-81d873ba98d9-150x150.jpg\" class=\"attachment-thumbnail size-thumbnail\" alt=\"\" \/><\/a>\n\t\t\t\t<\/dt><\/dl><br style=\"clear: both\" \/>\n\t\t\t<\/div>\n\n<p>&nbsp;<\/p>\n","protected":false},"excerpt":{"rendered":"<p>&nbsp; TAIBON\u00a0 Dino Farenzena &#8220;subiot&#8221; l&#8217;uomo che fin dall&#8217;adolescenza sente l&#8217;acqua, la vita,\u00a0la capacit\u00e0 di scoprire vene sotterranee di acqua per mezzo delle indicazioni fornite da una sottile bacchetta biforcuta, tenuta pi\u00f9 o meno orizzontale con le mani per le due estremit\u00e0. Dino si \u00e8 raccontato ai microfoni di Gianni Santomaso di GIANNI SANTOMASO &nbsp;&hellip;<\/p>\n","protected":false},"author":4,"featured_media":215353,"comment_status":"closed","ping_status":"open","sticky":false,"template":"","format":"standard","meta":{"_monsterinsights_skip_tracking":false,"_monsterinsights_sitenote_active":false,"_monsterinsights_sitenote_note":"","_monsterinsights_sitenote_category":0,"footnotes":""},"categories":[104,49],"tags":[],"class_list":["post-215390","post","type-post","status-publish","format-standard","has-post-thumbnail","hentry","category-evidenza_3","category-news-18","category-104","category-49","description-off"],"img_url":"https:\/\/www.radiopiu.net\/wordpress\/wp-content\/uploads\/2021\/06\/31bbfdde-b9f8-40bd-99a2-1e4206bac152.jpg","_links":{"self":[{"href":"https:\/\/www.radiopiu.net\/wordpress\/wp-json\/wp\/v2\/posts\/215390","targetHints":{"allow":["GET"]}}],"collection":[{"href":"https:\/\/www.radiopiu.net\/wordpress\/wp-json\/wp\/v2\/posts"}],"about":[{"href":"https:\/\/www.radiopiu.net\/wordpress\/wp-json\/wp\/v2\/types\/post"}],"author":[{"embeddable":true,"href":"https:\/\/www.radiopiu.net\/wordpress\/wp-json\/wp\/v2\/users\/4"}],"replies":[{"embeddable":true,"href":"https:\/\/www.radiopiu.net\/wordpress\/wp-json\/wp\/v2\/comments?post=215390"}],"version-history":[{"count":0,"href":"https:\/\/www.radiopiu.net\/wordpress\/wp-json\/wp\/v2\/posts\/215390\/revisions"}],"wp:featuredmedia":[{"embeddable":true,"href":"https:\/\/www.radiopiu.net\/wordpress\/wp-json\/wp\/v2\/media\/215353"}],"wp:attachment":[{"href":"https:\/\/www.radiopiu.net\/wordpress\/wp-json\/wp\/v2\/media?parent=215390"}],"wp:term":[{"taxonomy":"category","embeddable":true,"href":"https:\/\/www.radiopiu.net\/wordpress\/wp-json\/wp\/v2\/categories?post=215390"},{"taxonomy":"post_tag","embeddable":true,"href":"https:\/\/www.radiopiu.net\/wordpress\/wp-json\/wp\/v2\/tags?post=215390"}],"curies":[{"name":"wp","href":"https:\/\/api.w.org\/{rel}","templated":true}]}}