{"id":215397,"date":"2021-06-12T05:45:43","date_gmt":"2021-06-12T03:45:43","guid":{"rendered":"https:\/\/www.radiopiu.net\/wordpress\/?p=215397"},"modified":"2021-06-13T07:22:49","modified_gmt":"2021-06-13T05:22:49","slug":"giornale-radiopiu-12-giugno-2021-direttore-mirko-mezzacasa","status":"publish","type":"post","link":"https:\/\/www.radiopiu.net\/wordpress\/giornale-radiopiu-12-giugno-2021-direttore-mirko-mezzacasa\/","title":{"rendered":"GIORNALE RADIOPIU 12 GIUGNO 2021 DIRETTORE MIRKO MEZZACASA"},"content":{"rendered":"<h3><span style=\"color: #0000ff;\">PER<strong>\u00a0RICEVERE QUESTO NOTIZIARIO DIRETTAMENTE SUL TUO CELLULARE ISCRIVITI AL CANALE TELEGRAM\u00a0<\/strong><strong>\u201cRADIO PIU\u00a0 INFORMAZIONE\u201d\u00a0 \u00a0 \u00a0 \u00a0<\/strong><\/span><\/h3>\n<p><strong><a href=\"https:\/\/www.radiopiu.net\/wordpress\/sito-radio-piu-sfiorati-i-7-milioni-di-contatti-in-162-giorni\/2bdf1ee3-9167-4a7b-ac3c-d1a5f6587b0b\/\" rel=\"attachment wp-att-215641\"><img loading=\"lazy\" decoding=\"async\" class=\"size-medium wp-image-215641 alignleft\" src=\"https:\/\/www.radiopiu.net\/wordpress\/wp-content\/uploads\/2021\/06\/2bdf1ee3-9167-4a7b-ac3c-d1a5f6587b0b-300x169.jpg\" alt=\"\" width=\"300\" height=\"169\" srcset=\"https:\/\/www.radiopiu.net\/wordpress\/wp-content\/uploads\/2021\/06\/2bdf1ee3-9167-4a7b-ac3c-d1a5f6587b0b-300x169.jpg 300w, https:\/\/www.radiopiu.net\/wordpress\/wp-content\/uploads\/2021\/06\/2bdf1ee3-9167-4a7b-ac3c-d1a5f6587b0b-1024x576.jpg 1024w, https:\/\/www.radiopiu.net\/wordpress\/wp-content\/uploads\/2021\/06\/2bdf1ee3-9167-4a7b-ac3c-d1a5f6587b0b-768x432.jpg 768w, https:\/\/www.radiopiu.net\/wordpress\/wp-content\/uploads\/2021\/06\/2bdf1ee3-9167-4a7b-ac3c-d1a5f6587b0b-1536x864.jpg 1536w, https:\/\/www.radiopiu.net\/wordpress\/wp-content\/uploads\/2021\/06\/2bdf1ee3-9167-4a7b-ac3c-d1a5f6587b0b.jpg 1920w\" sizes=\"auto, (max-width: 300px) 100vw, 300px\" \/><\/a><\/strong><\/p>\n<p>&nbsp;<\/p>\n<p><strong>REDAZIONE<\/strong> Il sito internet di Radio Pi\u00f9 continua a darci grandi soddisfazioni, l&#8217;impegno della redazione per un&#8217;informazione dall&#8217;Agordino e Provincia, impegno h24 con la collaborazione di Marco Gaz, Iliana Comina e tutte le voci della redazione, \u00e8 ripagato dalla fiducia dei nostri ascoltatori-lettori.<br \/>\na tutti grazie<\/p>\n<p>mirko<\/p>\n<p>&nbsp;<\/p>\n<hr \/>\n<p>&nbsp;<\/p>\n<blockquote>\n<h3>L&#8217;INNO D&#8217;ITALIA PIU BELLO DEL MONDO<\/h3>\n<p>&nbsp;<\/p><\/blockquote>\n<audio class=\"wp-audio-shortcode\" id=\"audio-215397-1\" preload=\"none\" style=\"width: 100%;\" controls=\"controls\"><source type=\"audio\/mpeg\" src=\"https:\/\/www.radiopiu.net\/wordpress\/wp-content\/uploads\/2021\/06\/bambini.mp3?_=1\" \/><a href=\"https:\/\/www.radiopiu.net\/wordpress\/wp-content\/uploads\/2021\/06\/bambini.mp3\">https:\/\/www.radiopiu.net\/wordpress\/wp-content\/uploads\/2021\/06\/bambini.mp3<\/a><\/audio>\n<p>&nbsp;<\/p>\n\n\t\t\t<style type='text\/css'>\n\t\t\t\t#gallery-1 {\n\t\t\t\t\tmargin: auto;\n\t\t\t\t}\n\t\t\t\t#gallery-1 .gallery-item {\n\t\t\t\t\tfloat: left;\n\t\t\t\t\tmargin-top: 10px;\n\t\t\t\t\ttext-align: center;\n\t\t\t\t\twidth: 50%;\n\t\t\t\t}\n\t\t\t\t#gallery-1 img {\n\t\t\t\t\tborder: 2px solid #cfcfcf;\n\t\t\t\t}\n\t\t\t\t#gallery-1 .gallery-caption {\n\t\t\t\t\tmargin-left: 0;\n\t\t\t\t}\n\t\t\t\t\/* see gallery_shortcode() in wp-includes\/media.php *\/\n\t\t\t<\/style>\n\t\t<div id='gallery-1' class='dt-gallery-container gallery galleryid-215397 gallery-columns-2 gallery-size-thumbnail'><dl class='gallery-item'>\n\t\t\t\t<dt class='gallery-icon landscape'>\n\t\t\t\t\t<a class=\"rollover rollover-zoom dt-pswp-item\" title=\"bc4999bf-df43-4858-9f46-f63cae4fbf93\" data-dt-img-description=\"\" data-large_image_width=\"1600\" data-large_image_height=\"737\"href='https:\/\/www.radiopiu.net\/wordpress\/wp-content\/uploads\/2021\/06\/bc4999bf-df43-4858-9f46-f63cae4fbf93.jpg'><img loading=\"lazy\" decoding=\"async\" width=\"150\" height=\"150\" src=\"https:\/\/www.radiopiu.net\/wordpress\/wp-content\/uploads\/2021\/06\/bc4999bf-df43-4858-9f46-f63cae4fbf93-150x150.jpg\" class=\"attachment-thumbnail size-thumbnail\" alt=\"\" \/><\/a>\n\t\t\t\t<\/dt><\/dl><dl class='gallery-item'>\n\t\t\t\t<dt class='gallery-icon landscape'>\n\t\t\t\t\t<a class=\"rollover rollover-zoom dt-pswp-item\" title=\"e5c9e75a-5142-4f6e-bb5a-be6e684277ec\" data-dt-img-description=\"\" data-large_image_width=\"1600\" data-large_image_height=\"737\"href='https:\/\/www.radiopiu.net\/wordpress\/wp-content\/uploads\/2021\/06\/e5c9e75a-5142-4f6e-bb5a-be6e684277ec.jpg'><img loading=\"lazy\" decoding=\"async\" width=\"150\" height=\"150\" src=\"https:\/\/www.radiopiu.net\/wordpress\/wp-content\/uploads\/2021\/06\/e5c9e75a-5142-4f6e-bb5a-be6e684277ec-150x150.jpg\" class=\"attachment-thumbnail size-thumbnail\" alt=\"\" \/><\/a>\n\t\t\t\t<\/dt><\/dl><br style=\"clear: both\" \/>\n\t\t\t<\/div>\n\n<p>&nbsp;<\/p>\n<p>&nbsp;<\/p>\n<hr \/>\n<p>&nbsp;<\/p>\n<p><em><a href=\"https:\/\/www.radiopiu.net\/wordpress\/giornale-radiopiu-24-gennaio-2021-direttore-mirko-mezzacasa\/79216601_126817312416448_708980208774483089_n\/\" rel=\"attachment wp-att-186567\"><img loading=\"lazy\" decoding=\"async\" class=\"size-medium wp-image-186567 alignleft\" src=\"https:\/\/www.radiopiu.net\/wordpress\/wp-content\/uploads\/2021\/01\/79216601_126817312416448_708980208774483089_n-300x114.jpg\" sizes=\"auto, (max-width: 300px) 100vw, 300px\" srcset=\"https:\/\/www.radiopiu.net\/wordpress\/wp-content\/uploads\/2021\/01\/79216601_126817312416448_708980208774483089_n-300x114.jpg 300w, https:\/\/www.radiopiu.net\/wordpress\/wp-content\/uploads\/2021\/01\/79216601_126817312416448_708980208774483089_n-768x292.jpg 768w, https:\/\/www.radiopiu.net\/wordpress\/wp-content\/uploads\/2021\/01\/79216601_126817312416448_708980208774483089_n.jpg 820w\" alt=\"\" width=\"300\" height=\"114\" \/><\/a>A<\/em><em>PP PER IOS-IPHONE di Nicola Vettorello <\/em><a href=\"https:\/\/apps.apple.com\/it\/app\/radio-pi%C3%B9-emittente-agordina\/id1515939845\">https:\/\/apps.apple.com\/it\/app\/radio-pi%C3%B9-emittente-agordina\/id1515939845<\/a><\/p>\n<p><em>ATTENZIONE: LA NUOVA APP RADIO\u00a0 PER ANDROID di Nicola Vettorello<\/em><\/p>\n<p><a href=\"https:\/\/play.google.com\/store\/apps\/details?id=net.radiopiu.iniko\" target=\"_blank\" rel=\"noopener noreferrer\">https:\/\/play.google.com\/store\/apps\/details?id=net.radiopiu.iniko<\/a><\/p>\n<p>&nbsp;<\/p>\n<p>&nbsp;<\/p>\n<hr \/>\n<p>&nbsp;<\/p>\n<p><strong><span style=\"color: #ff0000;\"><span style=\"color: #000000;\">GIRO DEL PIAVE,<\/span>\u00a0<\/span><\/strong><span style=\"color: #000000;\"> Domani arrivo ai Piani di Pezze&#8217;. La strada sar\u00e0 chiusa sia in salita che in discesa da Alleghe ai Piani di Pezz\u00e8 dalle 15 alle 17.\u00a0<\/span><\/p>\n<p>Quest&#8217;anno la corsa percorrer\u00e0 135 chilometri che avranno inizio a Mel di Borgo Valbelluna (Belluno) e termineranno ai Piani di Pezz\u00e8 ad Alleghe (Belluno). La gara attraverser\u00e0 numerosi paesi della vallata bellunese, passando per Borgo Valbelluna, il Feltrino ed infine salendo verso il territorio agordino.<\/p>\n<p><strong><label>Partenza:<\/label>Localit\u00e0 MEL su SP 1\u00a0 alle\u00a0 13:00, chi si ritrova in coda dopo Ponte Mas (tanto per fare un esempio) dovr\u00e0 rimanere dietro all&#8217;ultimo concorrente fino ad Alleghe, presumbilmente tra le 13.30 e le 15.\u00a0 Arrivo Presso gli Impianti di Sci a Pian De Pezz\u00e8 Alleghe\u00a0 alle 17<\/strong><\/p>\n<p><strong>PERCORSO<\/strong> Mel, Piazza Luciani, trasferimento 800 mt, fino inesto SP 1, Lentiai, Busche, SS 50 Santa Giustina, Bribano, Mel, Lentiai, Busche, Villa Paiera, Anzu, Rasai, Seren del Grappa, Caupo, Mugnai, Pedavena, Foen, Vallebruna, Cesiomaggiore, Via Santa Giustina, Bribano, Sedico Centro, Campagnola, Vignole, Mas-Sedico, Peron, La Stanga, inizio Galleria La Muda, uscita galleria dritti su SR 203, galleria su SR 203, Lago Ghirlo, Masar\u00e8 Alleghe funivie, dritti corso Italia, Localit\u00e0 Frena,ARRIVO Pian del Pezz\u00e8.<\/p>\n<blockquote><p><em>La temporanea sospensione della circolazione limitatamente allo spazio intercorrente tra il veicolo di \u201cInizio gara\u201de quello di \u201cFine gara\u201d , nei tratti di strada interessati dalla manifestazione<\/em><\/p>\n<p><strong><em>\u00a0\u00e8 fatto obbligo a tutti i veicoli provenienti da strade o da aree che intersecano ovvero che si immettono su quella interessata dal transito dei concorrenti di arrestarsi<\/em><\/strong><\/p><\/blockquote>\n<p>&nbsp;<\/p>\n<hr \/>\n<p>&nbsp;<\/p>\n<p><b>GALLERIA \u2018COMELICO\u00a0<\/b>fino al 31 luglio\u00a0 dalle 21 alle\u00a0 6 la galleria sar\u00e0 chiusa al traffico. Deviazioni\u00a0 anche per\u00a0 veicoli pesanti<\/p>\n<p>&nbsp;<\/p>\n<hr \/>\n<p>&nbsp;<\/p>\n<blockquote><p><strong><span style=\"color: #0000ff;\">AD ALLEGHE, LOCALITA&#8217; LAGUSELLO L&#8217;ACQUA NON \u00e8 POTABILE, PER SCOPI ALIMENTARI SOLO PREVIA BOLLITURA\u00a0<\/span><\/strong><\/p><\/blockquote>\n<p>&nbsp;<\/p>\n<hr \/>\n<p>&nbsp;<\/p>\n<blockquote><p><strong><span style=\"color: #800000;\">ENEL, INTERRUZIONI PROGRAMMATE PER LAVORI SULLE LINEE ELETTRICHE\u00a0 \u00a0&#8211; Per installazione fibra ottica sotto la linea<\/span><\/strong><\/p><\/blockquote>\n<p><strong>\u00a0FALCADE<\/strong>\u00a0 Mercoledi, Giovedi e\u00a0 Venerdi dalle 9 alle 16 localit\u00e0 Sappade, Tabiadon, Meneghina, Barezze, Pians.<\/p>\n<p>&nbsp;<\/p>\n<hr \/>\n<p>&nbsp;<\/p>\n<p>&nbsp;<\/p>\n<h2><a href=\"https:\/\/www.radiopiu.net\/wordpress\/giornale-radiopiu-12-giugno-2021-direttore-mirko-mezzacasa\/7e58fac5-21ee-44ec-9ea7-3dac05887a56\/\" rel=\"attachment wp-att-215628\"><img loading=\"lazy\" decoding=\"async\" class=\"wp-image-215628 alignleft\" src=\"https:\/\/www.radiopiu.net\/wordpress\/wp-content\/uploads\/2021\/06\/7e58fac5-21ee-44ec-9ea7-3dac05887a56-300x256.jpg\" alt=\"\" width=\"173\" height=\"148\" srcset=\"https:\/\/www.radiopiu.net\/wordpress\/wp-content\/uploads\/2021\/06\/7e58fac5-21ee-44ec-9ea7-3dac05887a56-300x256.jpg 300w, https:\/\/www.radiopiu.net\/wordpress\/wp-content\/uploads\/2021\/06\/7e58fac5-21ee-44ec-9ea7-3dac05887a56-1024x873.jpg 1024w, https:\/\/www.radiopiu.net\/wordpress\/wp-content\/uploads\/2021\/06\/7e58fac5-21ee-44ec-9ea7-3dac05887a56-768x655.jpg 768w, https:\/\/www.radiopiu.net\/wordpress\/wp-content\/uploads\/2021\/06\/7e58fac5-21ee-44ec-9ea7-3dac05887a56.jpg 1070w\" sizes=\"auto, (max-width: 173px) 100vw, 173px\" \/><\/a>UN ALTRO RINVIO PER IL TROFEO 16 COMUNI<\/h2>\n<p><strong>CANALE D&#8217;AGORDO<\/strong> Come un anno fa, con largo anticipo, l&#8217;organizzazione rinvia la competizione dei Comuni Agordini al 2022. Motivo: la pandemia.<br \/>\nLa notizia \u00e8 stata data ieri sulle pagine facebook del 16 Comuni.<\/p>\n<div><\/div>\n<div><\/div>\n<p>&nbsp;<\/p>\n<p>&nbsp;<\/p>\n<p>&nbsp;<\/p>\n<hr \/>\n<blockquote>\n<h3>LUNEDI&#8217; INIZIANO I LAVORI DI RIFACIMENTO DEL PONTE SUL TORRENTE CAMPREGANA AD AGORDO<\/h3>\n<\/blockquote>\n<p><strong><a href=\"https:\/\/www.radiopiu.net\/wordpress\/agordo-il-mio-paese-litalia-che-vorrei-di-mirko-mezzacasa\/8cea600a-c88b-4d28-8748-e360e4864c44\/\" rel=\"attachment wp-att-144890\"><img loading=\"lazy\" decoding=\"async\" class=\"size-medium wp-image-144890 alignleft\" src=\"https:\/\/www.radiopiu.net\/wordpress\/wp-content\/uploads\/2020\/06\/8cea600a-c88b-4d28-8748-e360e4864c44-300x225.jpg\" alt=\"\" width=\"300\" height=\"225\" srcset=\"https:\/\/www.radiopiu.net\/wordpress\/wp-content\/uploads\/2020\/06\/8cea600a-c88b-4d28-8748-e360e4864c44-300x225.jpg 300w, https:\/\/www.radiopiu.net\/wordpress\/wp-content\/uploads\/2020\/06\/8cea600a-c88b-4d28-8748-e360e4864c44-1024x768.jpg 1024w, https:\/\/www.radiopiu.net\/wordpress\/wp-content\/uploads\/2020\/06\/8cea600a-c88b-4d28-8748-e360e4864c44-768x576.jpg 768w, https:\/\/www.radiopiu.net\/wordpress\/wp-content\/uploads\/2020\/06\/8cea600a-c88b-4d28-8748-e360e4864c44-1536x1152.jpg 1536w, https:\/\/www.radiopiu.net\/wordpress\/wp-content\/uploads\/2020\/06\/8cea600a-c88b-4d28-8748-e360e4864c44.jpg 2048w\" sizes=\"auto, (max-width: 300px) 100vw, 300px\" \/><\/a>AGORDO<\/strong> Dal 14 giugno 2021 al 16 luglio, verranno eseguiti, ad opera dei Servizi Forestali di Belluno, i lavori di rifacimento del ponte sul torrente Campregana, in localita\u0300 Val di Frela. Durante tutto il periodo dei lavori in corso, al fine di limitare i disagi degli abitanti della frazione Farenzena e degli abitanti della localita\u0300 Val di Frela, destra orografica del torrente Campregana, la deviazione della circolazione veicolare avverr\u00e0 lungo l\u2019unica viabilita\u0300 alternativa rappresentata dalla strada silvo-pastorale denominata Farenzena-Don, che potra\u0300 garantire il transito veicolare ai residenti, in deroga ai divieti esistenti. Con l&#8217;ordinanza il comune di Agordo apre delle finestre di transito per salire e scendere sulla strada Farenzena-Don.<\/p>\n<blockquote><p><em>Transito consentito <strong>A SALIRE<\/strong>, da frazione FARENZENA a localita\u0300 DON: dalle 6 alle 7:45, dalle 9 alle 9:45, dalle 11:00 alle 11:45, dalle 13 alle 13:45 &#8211; dalle 15 alle 15:45, dalle 17 alle 17:45, dalle 19 alle 19:45. Transito consentito<strong> A SCENDERE<\/strong>, da localita\u0300 DON a frazione FARENZENA: dalle 8 alle 8:45, dalle 10 alle 10:45, dalle 12 alle 12:45, dalle 14 alle 14:45, dalle 16 alle 16:45, dalle 18 alle 18:45, dalle 20 alle 20:45. Dalle ore 20:45 alle ore 05:45 la circolazione dei veicoli e\u0300 consentita contemporaneamente in entrambi i sensi di marcia.<\/em><\/p><\/blockquote>\n<p>&nbsp;<\/p>\n<hr \/>\n<p>&nbsp;<\/p>\n<blockquote>\n<h3>RACCOLTA FONDI PER L&#8217;INCENDIO DI CANAZEI A COLLE SANTA LUCIA<\/h3>\n<\/blockquote>\n<p><strong><a href=\"https:\/\/www.radiopiu.net\/wordpress\/ancora-al-lavoro-i-vigili-del-fuoco-a-canazei-di-colle-santa-lucia\/1a1a094a-7a44-4ffc-8b60-56b1a06b12e8\/\" rel=\"attachment wp-att-214046\"><img loading=\"lazy\" decoding=\"async\" class=\" wp-image-214046 alignleft\" src=\"https:\/\/www.radiopiu.net\/wordpress\/wp-content\/uploads\/2021\/06\/1a1a094a-7a44-4ffc-8b60-56b1a06b12e8-300x225.jpg\" alt=\"\" width=\"227\" height=\"170\" srcset=\"https:\/\/www.radiopiu.net\/wordpress\/wp-content\/uploads\/2021\/06\/1a1a094a-7a44-4ffc-8b60-56b1a06b12e8-300x225.jpg 300w, https:\/\/www.radiopiu.net\/wordpress\/wp-content\/uploads\/2021\/06\/1a1a094a-7a44-4ffc-8b60-56b1a06b12e8-1024x768.jpg 1024w, https:\/\/www.radiopiu.net\/wordpress\/wp-content\/uploads\/2021\/06\/1a1a094a-7a44-4ffc-8b60-56b1a06b12e8-768x576.jpg 768w, https:\/\/www.radiopiu.net\/wordpress\/wp-content\/uploads\/2021\/06\/1a1a094a-7a44-4ffc-8b60-56b1a06b12e8.jpg 1280w\" sizes=\"auto, (max-width: 227px) 100vw, 227px\" \/><\/a>COLLE SANTA LUCIA <\/strong>In seguito all&#8217;incendio sviluppatosi nel pomeriggio di venerd\u00ec 4 giugno 2021 a Canazei frazione in Comune di Colle Santa Lucia, la giunta municipale del Comune di Colle Santa Lucia approvato una delibera contenente l&#8217;attivazione di una sottoscrizione di fondi sul conto di tesoreria comunale, con l&#8217;obiettivo di sostenere la fase di prima emergenza, messa in sicurezza e recupero delle zone danneggiate dall&#8217;incendio.<\/p>\n<blockquote><p>Le donazioni potranno essere effettuate al seguente conto corrente bancario Unicredit banca SPA intestato al Comune di Colle Santa Lucia: IT15A0200861000000002713253 inserendo la seguente causale: \u201cIncendio Canazei di Colle Santa Lucia del 4 giugno 2021\u201d.<\/p><\/blockquote>\n<p>&nbsp;<\/p>\n<hr \/>\n<p>&nbsp;<\/p>\n<p>&nbsp;<\/p>\n<blockquote>\n<h3><a href=\"https:\/\/www.radiopiu.net\/wordpress\/giornale-radiopiu-12-giugno-2021-direttore-mirko-mezzacasa\/emilia-1\/\" rel=\"attachment wp-att-215492\"><img loading=\"lazy\" decoding=\"async\" class=\"wp-image-215492 alignleft\" src=\"https:\/\/www.radiopiu.net\/wordpress\/wp-content\/uploads\/2021\/06\/emilia-1-169x300.jpeg\" alt=\"\" width=\"92\" height=\"163\" srcset=\"https:\/\/www.radiopiu.net\/wordpress\/wp-content\/uploads\/2021\/06\/emilia-1-169x300.jpeg 169w, https:\/\/www.radiopiu.net\/wordpress\/wp-content\/uploads\/2021\/06\/emilia-1-576x1024.jpeg 576w, https:\/\/www.radiopiu.net\/wordpress\/wp-content\/uploads\/2021\/06\/emilia-1.jpeg 750w\" sizes=\"auto, (max-width: 92px) 100vw, 92px\" \/><\/a>ADDIO AD EMILIA OLIVOTTO AMBASTRATRICE DEL GELATO<\/h3>\n<\/blockquote>\n<p><strong>BELLUNO<\/strong> Il mondo del gelato artigianale bellunese perde una sua ambasciatrice. \u00c8 venuta a mancare all\u2019et\u00e0 di 94 anni, Emilia Olivotto madre di Riccardo Simonetti, consigliere Abm e vice presidente della Famiglia Bellunese Nord Reno Westfalia &#8211; Germania.\u00a0 <em>\u00abSiamo vicini a Riccardo e a tutti i suoi fratelli &#8211; le parole del presidente Abm Oscar De Bona &#8211; perdere la mamma lascia un immenso vuoto, ma di certo la grande famiglia dell\u2019Associazione Bellunesi nel Mondo vi sar\u00e0 sempre vicini\u00bb.<\/em><br \/>\nEmilia ha raggiunto suo marito Dante Edoardo, che mor\u00ec in giovane et\u00e0 nel 1977.<\/p>\n<p>&nbsp;<\/p>\n<p>&nbsp;<\/p>\n<hr \/>\n<p>&nbsp;<\/p>\n<blockquote>\n<h3><a href=\"https:\/\/www.radiopiu.net\/wordpress\/asdasdasdasd-2\/195997950_110832397880902_6257630031364810113_n\/\" rel=\"attachment wp-att-214247\"><img loading=\"lazy\" decoding=\"async\" class=\"wp-image-214247 alignleft\" src=\"https:\/\/www.radiopiu.net\/wordpress\/wp-content\/uploads\/2021\/06\/195997950_110832397880902_6257630031364810113_n-300x180.jpg\" alt=\"\" width=\"153\" height=\"92\" srcset=\"https:\/\/www.radiopiu.net\/wordpress\/wp-content\/uploads\/2021\/06\/195997950_110832397880902_6257630031364810113_n-300x180.jpg 300w, https:\/\/www.radiopiu.net\/wordpress\/wp-content\/uploads\/2021\/06\/195997950_110832397880902_6257630031364810113_n.jpg 650w\" sizes=\"auto, (max-width: 153px) 100vw, 153px\" \/><\/a>L&#8217;ULTIMO SALUTO A LEONARDO, OGGI IN DUOMO<\/h3>\n<\/blockquote>\n<p><strong>FELTRE<\/strong> Sono fissati per oggi \u00a0alle 15 nella cattedrale di Feltre i funerali di Leonardo Saffayeh, nato a Feltre ma residente nel milanese dove viveva con la moglie e la figlioletta di sei anni, \u00e8 morto tragicamente sabato scorso a bordo della sua moto mentre era in vacanza nel bolognese. Ieri \u00e8 arrivato il nulla osta dalla procura e la famiglia ha potuto organizzare il trasferimento di Leonardo a Feltre e la cerimonia funebre.<br \/>\n<b class=\"paragrafo titoletto\"><\/b><\/p>\n<p>&nbsp;<\/p>\n<hr \/>\n<blockquote>\n<h3><\/h3>\n<h3>TENTATIVO DI FURTO IN STRADA, IN PIENO GIORNO i ladri, uomo e donna viaggiano a bordo di un AUDI di colore scuro, forse nera, forse verde scuro.<\/h3>\n<\/blockquote>\n<p><strong>BELLUNO<\/strong>\u00a0 Ha tentato la rapina in centro a Cavarzano alla luce del sole. In via Pellegrini un uomo di 78 anni\u00a0 R.D.C. \u00e8 stato avvicinato da una donna appena scesa da un&#8217;Audi scura. Gli chiede l&#8217;ora e se conosce un certo Marcello (nome inventato) quindi tenta di strappargli l&#8217;orologio dal polso. L&#8217;uomo riesce ad allontanare la donna e si mette ad urlare cos\u00ec la malvivente si da alla fuga seguita dall&#8217;Audi condotta da un uomo. Sui fatti sta indagando la Polizia.\u00a0 Sembra che l&#8217;auto, un&#8217;Audi scura (nera, o verde bottiglia) si aggirasse per via Pellegrini gi\u00e0 da qualche giorno.<\/p>\n<p>&nbsp;<\/p>\n<hr \/>\n<blockquote>\n<h3><\/h3>\n<h3>CADE DALLA BICICLETTA, SE LA CAVA CON POCHE FERITE<\/h3>\n<\/blockquote>\n<p><strong>SOSPIROLO\u00a0<\/strong> Un 15enne di Sospirolo mentre stava pedalando nella zona della frazione di San Zenon ha perso l&#8217;equilibrio battendo la faccia sull&#8217;asfalto, il ragazzo \u00e8 stato trasportato\u00a0 con traumi di media gravit\u00e0 al Pronto soccorso dell&#8217;ospedale San Martino di Belluno, dopo essere medicato\u00a0 \u00e8 tornato a casa. &#8212;<\/p>\n<blockquote>\n<h3><\/h3>\n<h3><\/h3>\n<\/blockquote>\n<hr \/>\n<h3><\/h3>\n<blockquote>\n<h3>SOPRA RIVAMONTE LA PECORA MORTA, LA PRIMA DELLE DODICI?<\/h3>\n<\/blockquote>\n<p><strong>RIVAMONTE\u00a0<\/strong> E&#8217; stata Jessica ad avvisare Alfredo, il pastore a Le Miotte che da giorni cerca le sue sette pecore, cinque agnelli e un montone. La notizia e la foto del ritrovamento di una pecora nei boschi sopra il paese verso\u00a0 Casera<b>\u00a0Marol<\/b>\u00a0(Casera<b>\u00a0Armarolo<\/b> in italiano, 1515 metri s.l.m.).\u00a0<em> &#8220;Inequivocabile, \u00e8 una delle mie pecore&#8221;<\/em> ci dice Alfredo, sempre pi\u00f9 avvilito. Se questa \u00e8 la premessa, la storia prende davvero una brutta piega.<\/p>\n\n\t\t\t<style type='text\/css'>\n\t\t\t\t#gallery-2 {\n\t\t\t\t\tmargin: auto;\n\t\t\t\t}\n\t\t\t\t#gallery-2 .gallery-item {\n\t\t\t\t\tfloat: left;\n\t\t\t\t\tmargin-top: 10px;\n\t\t\t\t\ttext-align: center;\n\t\t\t\t\twidth: 50%;\n\t\t\t\t}\n\t\t\t\t#gallery-2 img {\n\t\t\t\t\tborder: 2px solid #cfcfcf;\n\t\t\t\t}\n\t\t\t\t#gallery-2 .gallery-caption {\n\t\t\t\t\tmargin-left: 0;\n\t\t\t\t}\n\t\t\t\t\/* see gallery_shortcode() in wp-includes\/media.php *\/\n\t\t\t<\/style>\n\t\t<div id='gallery-2' class='dt-gallery-container gallery galleryid-215397 gallery-columns-2 gallery-size-medium'><dl class='gallery-item'>\n\t\t\t\t<dt class='gallery-icon portrait'>\n\t\t\t\t\t<a class=\"rollover rollover-zoom dt-pswp-item\" title=\"198364685_499071771516973_4629658547100265834_n\" data-dt-img-description=\"\" data-large_image_width=\"1536\" data-large_image_height=\"2048\"href='https:\/\/www.radiopiu.net\/wordpress\/wp-content\/uploads\/2021\/06\/198364685_499071771516973_4629658547100265834_n.jpg'><img loading=\"lazy\" decoding=\"async\" width=\"225\" height=\"300\" src=\"https:\/\/www.radiopiu.net\/wordpress\/wp-content\/uploads\/2021\/06\/198364685_499071771516973_4629658547100265834_n-225x300.jpg\" class=\"attachment-medium size-medium\" alt=\"\" srcset=\"https:\/\/www.radiopiu.net\/wordpress\/wp-content\/uploads\/2021\/06\/198364685_499071771516973_4629658547100265834_n-225x300.jpg 225w, https:\/\/www.radiopiu.net\/wordpress\/wp-content\/uploads\/2021\/06\/198364685_499071771516973_4629658547100265834_n-768x1024.jpg 768w, https:\/\/www.radiopiu.net\/wordpress\/wp-content\/uploads\/2021\/06\/198364685_499071771516973_4629658547100265834_n-1152x1536.jpg 1152w, https:\/\/www.radiopiu.net\/wordpress\/wp-content\/uploads\/2021\/06\/198364685_499071771516973_4629658547100265834_n.jpg 1536w\" sizes=\"auto, (max-width: 225px) 100vw, 225px\" \/><\/a>\n\t\t\t\t<\/dt><\/dl><dl class='gallery-item'>\n\t\t\t\t<dt class='gallery-icon portrait'>\n\t\t\t\t\t<a class=\"rollover rollover-zoom dt-pswp-item\" title=\"199294282_967866570629063_5300958317697827633_n\" data-dt-img-description=\"\" data-large_image_width=\"1536\" data-large_image_height=\"2048\"href='https:\/\/www.radiopiu.net\/wordpress\/wp-content\/uploads\/2021\/06\/199294282_967866570629063_5300958317697827633_n.jpg'><img loading=\"lazy\" decoding=\"async\" width=\"225\" height=\"300\" src=\"https:\/\/www.radiopiu.net\/wordpress\/wp-content\/uploads\/2021\/06\/199294282_967866570629063_5300958317697827633_n-225x300.jpg\" class=\"attachment-medium size-medium\" alt=\"\" srcset=\"https:\/\/www.radiopiu.net\/wordpress\/wp-content\/uploads\/2021\/06\/199294282_967866570629063_5300958317697827633_n-225x300.jpg 225w, https:\/\/www.radiopiu.net\/wordpress\/wp-content\/uploads\/2021\/06\/199294282_967866570629063_5300958317697827633_n-768x1024.jpg 768w, https:\/\/www.radiopiu.net\/wordpress\/wp-content\/uploads\/2021\/06\/199294282_967866570629063_5300958317697827633_n-1152x1536.jpg 1152w, https:\/\/www.radiopiu.net\/wordpress\/wp-content\/uploads\/2021\/06\/199294282_967866570629063_5300958317697827633_n.jpg 1536w\" sizes=\"auto, (max-width: 225px) 100vw, 225px\" \/><\/a>\n\t\t\t\t<\/dt><\/dl><br style=\"clear: both\" \/>\n\t\t\t<\/div>\n\n<p>&nbsp;<\/p>\n<hr \/>\n<p>&nbsp;<\/p>\n<p><span style=\"color: #ff0000;\">IERI IN PREFETTURA<\/span><\/p>\n<blockquote>\n<h3><a href=\"https:\/\/www.radiopiu.net\/wordpress\/premiati-i-nuovi-cavalieri-della-repubblica-elogi-al-personale-sanitario\/68d028ad-2468-42a2-a92d-95fbdaa97527\/\" rel=\"attachment wp-att-213618\"><img loading=\"lazy\" decoding=\"async\" class=\"wp-image-213618 alignleft\" src=\"https:\/\/www.radiopiu.net\/wordpress\/wp-content\/uploads\/2021\/06\/68d028ad-2468-42a2-a92d-95fbdaa97527-300x225.jpg\" alt=\"\" width=\"184\" height=\"138\" srcset=\"https:\/\/www.radiopiu.net\/wordpress\/wp-content\/uploads\/2021\/06\/68d028ad-2468-42a2-a92d-95fbdaa97527-300x225.jpg 300w, https:\/\/www.radiopiu.net\/wordpress\/wp-content\/uploads\/2021\/06\/68d028ad-2468-42a2-a92d-95fbdaa97527-768x576.jpg 768w, https:\/\/www.radiopiu.net\/wordpress\/wp-content\/uploads\/2021\/06\/68d028ad-2468-42a2-a92d-95fbdaa97527.jpg 1024w\" sizes=\"auto, (max-width: 184px) 100vw, 184px\" \/><\/a>OTTO MEDAGLIE D&#8217;ONORE PER ALTRETTANTI BELLUNESI<\/h3>\n<\/blockquote>\n<p><strong>BELLUNO<\/strong> Ieri la consegna delle onoreficienze concesse dal Presidente della Repubblica a cittadini italiani sia militari che civili deportati nei lager nazisti durante la seconda guerra mondiale. Le medaglie d&#8217;onore alla memoria sono state consegnate ai parenti dell&#8217;agordino Pietro Mo\u00e8, internato ad Auschwitz, di Alvise Battain, internato in Germania, di Canale d&#8217;Agordo, dei bellunesi Giuseppe Boito, internato in Germania, Antonio Dal Farra, imprigionato in uno stalag tedesco per detenuti non civili, ufficiali o truppe, Antonio Pachner, internato nel campo di sterminio di Dachau, e Martino Pulvirenti, internato a Oflag. Tra i due premiati c&#8217;erano anche due rappresentanti della comunit\u00e0 sospirolese: Pietro Casanova, internato in Germania, e Querino Tosato, internato in Austria.<\/p>\n<p>&nbsp;<\/p>\n<hr \/>\n<p>&nbsp;<\/p>\n<p><span style=\"color: #ff0000;\">OGGI SUL CORRIERE DELLE ALPI di Gigi Sosso\u00a0<\/span><\/p>\n<blockquote>\n<h3>PREDATORE SUI SOCIAL, COLLEZIONA VIDEO DI MINORI<\/h3>\n<\/blockquote>\n<p><strong>BELLUNO<\/strong> Adescava le ragazze e poi le convinceva a inviargli fotografie e filmati a sfondo erotico. Bisognava che niente fosse lasciato all&#8217;immaginazione: materiale che doveva rimanere riservato, ma cos\u00ec non dev&#8217;essere successo. Ci sono anche due minorenni bellunesi, fra le 75 giovani donne, che sono cadute nella rete telematica di un salernitano trapiantato a Bologna, collezionista di scatti e filmati hard con giovanissime protagoniste, che in qualche modo devono essere stati condivisi o resi pubblici. La Procura della Repubblica ha chiuso le indagini e chiesto il rinvio a giudizio per l&#8217;ipotesi di reato di pornografia minorile&#8230;..<\/p>\n<p>&nbsp;<\/p>\n<blockquote><p>&nbsp;<\/p><\/blockquote>\n<hr \/>\n<blockquote><p>\u200b<\/p>\n<h3>LUCA ZAIA IN TRENO ELETTRIFICATO A BELLUNO &#8220;IL TRENO PER L&#8217;AGORDINO NON E&#8217; IPOTESI DA SCARTARE&#8221;<\/h3>\n<\/blockquote>\n<p><strong><img loading=\"lazy\" decoding=\"async\" class=\"alignleft\" src=\"https:\/\/www.radiopiu.net\/wordpress\/wp-content\/uploads\/2021\/06\/43ffc6a9-798f-4a3b-b98f-d030af1e3cb3.jpg\" width=\"240\" height=\"135\" \/>BELLUNO<\/strong> Il Presidente della Regione Veneto Luca Zaia in treno elettrificato da Conegliano a Belluno per la prima corsa ha parlato anche dl futuro, oltre Ponte nelle Alpi. Ha riconosciuto l&#8217;importanza dei progetti del Cadore per il treno ma anche a proposito del progetto agordino di Stefano Dell&#8217;Osbel. Sar\u00e0 il territorio che dovr\u00e0 fare sintesi e decidere la concusione.<\/p>\n<p>&nbsp;<\/p>\n<p><strong>AUDIO Zaia in stazione a Belluno<\/strong><\/p>\n<audio class=\"wp-audio-shortcode\" id=\"audio-215397-2\" preload=\"none\" style=\"width: 100%;\" controls=\"controls\"><source type=\"audio\/mpeg\" src=\"https:\/\/www.radiopiu.net\/wordpress\/wp-content\/uploads\/2021\/06\/ZAIA-AGORDINO.mp3?_=2\" \/><a href=\"https:\/\/www.radiopiu.net\/wordpress\/wp-content\/uploads\/2021\/06\/ZAIA-AGORDINO.mp3\">https:\/\/www.radiopiu.net\/wordpress\/wp-content\/uploads\/2021\/06\/ZAIA-AGORDINO.mp3<\/a><\/audio>\n<p>&nbsp;<\/p>\n<p>&nbsp;<\/p>\n<p>https:\/\/www.facebook.com\/zaiaufficiale\/videos\/493440948643173<\/p>\n<p>&nbsp;<\/p>\n<hr \/>\n<p>&nbsp;<\/p>\n<p>&nbsp;<\/p>\n<blockquote>\n<h3>TRENO DELLE DOLOMITI, DE BERTI &#8220;SERVE UNA VALUTAZIONE GENERALE SULLA VIABILITA&#8217; BELLUNESE&#8221;<\/h3>\n<h3><em><a href=\"https:\/\/www.radiopiu.net\/wordpress\/giornale-radiopiu-12-giugno-2021-direttore-mirko-mezzacasa\/e0540b40-5dd7-4e85-b056-b1332c49379e\/\" rel=\"attachment wp-att-215473\"><img loading=\"lazy\" decoding=\"async\" class=\" wp-image-215473 alignleft\" src=\"https:\/\/www.radiopiu.net\/wordpress\/wp-content\/uploads\/2021\/06\/e0540b40-5dd7-4e85-b056-b1332c49379e-300x138.jpg\" alt=\"\" width=\"276\" height=\"127\" srcset=\"https:\/\/www.radiopiu.net\/wordpress\/wp-content\/uploads\/2021\/06\/e0540b40-5dd7-4e85-b056-b1332c49379e-300x138.jpg 300w, https:\/\/www.radiopiu.net\/wordpress\/wp-content\/uploads\/2021\/06\/e0540b40-5dd7-4e85-b056-b1332c49379e-1024x472.jpg 1024w, https:\/\/www.radiopiu.net\/wordpress\/wp-content\/uploads\/2021\/06\/e0540b40-5dd7-4e85-b056-b1332c49379e-768x354.jpg 768w, https:\/\/www.radiopiu.net\/wordpress\/wp-content\/uploads\/2021\/06\/e0540b40-5dd7-4e85-b056-b1332c49379e-1536x708.jpg 1536w, https:\/\/www.radiopiu.net\/wordpress\/wp-content\/uploads\/2021\/06\/e0540b40-5dd7-4e85-b056-b1332c49379e.jpg 1600w\" sizes=\"auto, (max-width: 276px) 100vw, 276px\" \/><\/a>&#8220;Si cerca il pelo nell&#8217;uovo per fare polemica e non si vedono i grandi vantaggi&#8221;<\/em><\/h3>\n<\/blockquote>\n<p><strong>BELLUNO<\/strong> Moreno Gioli ha chiesto all&#8217;assessore regionale Elisa De Berti la situazione in merito al treno delle Dolomiti. Giovedi inizia il confronto con il territorio. Sull&#8217;elettrificazione verso il Cadore, \u00e8 davvero fattibile? Infine le polemiche sugli orari, non si poteva fare diversamente?<\/p>\n<p><strong>AUDIO<\/strong><\/p>\n<audio class=\"wp-audio-shortcode\" id=\"audio-215397-3\" preload=\"none\" style=\"width: 100%;\" controls=\"controls\"><source type=\"audio\/mpeg\" src=\"https:\/\/www.radiopiu.net\/wordpress\/wp-content\/uploads\/2021\/06\/de-berti.mp3?_=3\" \/><a href=\"https:\/\/www.radiopiu.net\/wordpress\/wp-content\/uploads\/2021\/06\/de-berti.mp3\">https:\/\/www.radiopiu.net\/wordpress\/wp-content\/uploads\/2021\/06\/de-berti.mp3<\/a><\/audio>\n<p>&nbsp;<\/p>\n<p>&nbsp;<\/p>\n<hr \/>\n<p>&nbsp;<\/p>\n<blockquote>\n<h3>IL PRESIDENTE DELLA PROVINCIA PADRIN\u00a0 &#8220;POTENZIARE LA LINEA VERSO CALALZO&#8221;<\/h3>\n<h3>Come Roger De Menech (conferenza stampa Pd) anche Padrin (inaugurazione linea elettrificata) ha parole solo per il treno verso Calalzo e il Cadore<\/h3>\n<blockquote>\n<h3><em>Il Presidente della Provincia non proferisce parola sul progetto per il treno Agordino ma si limita a citare il potenziamento&#8230;verso Calalzo.\u00a0<\/em><\/h3>\n<\/blockquote>\n<\/blockquote>\n<p><em><strong><img loading=\"lazy\" decoding=\"async\" class=\"alignleft\" src=\"https:\/\/www.radiopiu.net\/wordpress\/wp-content\/uploads\/2021\/06\/e0540b40-5dd7-4e85-b056-b1332c49379e.jpg\" width=\"356\" height=\"164\" \/><\/strong>\u00abIl transito dei primi treni elettrici a Belluno \u00e8 un traguardo importante. Ma attenzione: \u00e8 un punto di partenza, o meglio di ri-partenza, non certo un punto di arrivo. Da qui dobbiamo proseguire verso Feltre e Montebelluna, da un lato. E potenziare anche la linea verso Calalzo, dall\u2019altro\u00bb. \u00c8 quanto ha detto il presidente della Provincia di Belluno Roberto Padrin, intervenuto\u00a0 all\u2019avvio del servizio ferroviario elettrificato sulla Conegliano-Belluno. \u00abL\u2019elettrificazione della Conegliano-Belluno sembrava un sogno fino a qualche anno fa. Invece, grazie al gioco di squadra Governo-Regione-territorio, avviato nel 2016, siamo oggi qui ad accogliere in stazione a Belluno i primi treni elettrici. \u00c8 la prova che quando remiamo tutti dalla stessa parte, facciamo il bene del territorio e realizziamo opere utili. Per una provincia che sconta la marginalit\u00e0 e il fatto di essere periferica rispetto ai centri del Veneto ogni infrastruttura \u00e8 utile. Per questo ringrazio l\u2019impegno della Regione per aver tenuto fede alla promessa di ripristinare i collegamenti diretti tra Belluno e Venezia. Da oggi parte un servizio pi\u00f9 efficiente e accogliente. Ma i risultati non si vedranno nell\u2019immediato. La chiusura della linea per i lavori e soprattutto l\u2019emergenza Covid hanno creato una diffusa disaffezione nei confronti del trasporto pubblico. Il nostro compito sar\u00e0 quello di recuperare la fiducia degli utenti da qui ai prossimi mesi. Sono convinto che con questi treni elettrici sar\u00e0 pi\u00f9 facile\u00bb.\u00a0<\/em><\/p>\n<p>&nbsp;<\/p>\n<p>&nbsp;<\/p>\n<p>&nbsp;<\/p>\n<hr \/>\n<p>&nbsp;<\/p>\n<p>&nbsp;<\/p>\n<p><span style=\"color: #000000; font-family: Helvetica; font-size: large;\"><b>L<\/b><b>a stazione di Ponte nelle Alpi accoglie il primo treno elettrico: \u00abMomento storico\u00bb<\/b><\/span><\/p>\n\n\t\t\t<style type='text\/css'>\n\t\t\t\t#gallery-3 {\n\t\t\t\t\tmargin: auto;\n\t\t\t\t}\n\t\t\t\t#gallery-3 .gallery-item {\n\t\t\t\t\tfloat: left;\n\t\t\t\t\tmargin-top: 10px;\n\t\t\t\t\ttext-align: center;\n\t\t\t\t\twidth: 50%;\n\t\t\t\t}\n\t\t\t\t#gallery-3 img {\n\t\t\t\t\tborder: 2px solid #cfcfcf;\n\t\t\t\t}\n\t\t\t\t#gallery-3 .gallery-caption {\n\t\t\t\t\tmargin-left: 0;\n\t\t\t\t}\n\t\t\t\t\/* see gallery_shortcode() in wp-includes\/media.php *\/\n\t\t\t<\/style>\n\t\t<div id='gallery-3' class='dt-gallery-container gallery galleryid-215397 gallery-columns-2 gallery-size-medium'><dl class='gallery-item'>\n\t\t\t\t<dt class='gallery-icon landscape'>\n\t\t\t\t\t<a class=\"rollover rollover-zoom dt-pswp-item\" title=\"Treno_Ponte_3\" data-dt-img-description=\"\" data-large_image_width=\"2463\" data-large_image_height=\"1420\"href='https:\/\/www.radiopiu.net\/wordpress\/wp-content\/uploads\/2021\/06\/Treno_Ponte_3.jpg'><img loading=\"lazy\" decoding=\"async\" width=\"300\" height=\"173\" src=\"https:\/\/www.radiopiu.net\/wordpress\/wp-content\/uploads\/2021\/06\/Treno_Ponte_3-300x173.jpg\" class=\"attachment-medium size-medium\" alt=\"\" srcset=\"https:\/\/www.radiopiu.net\/wordpress\/wp-content\/uploads\/2021\/06\/Treno_Ponte_3-300x173.jpg 300w, https:\/\/www.radiopiu.net\/wordpress\/wp-content\/uploads\/2021\/06\/Treno_Ponte_3-1024x590.jpg 1024w, https:\/\/www.radiopiu.net\/wordpress\/wp-content\/uploads\/2021\/06\/Treno_Ponte_3-768x443.jpg 768w, https:\/\/www.radiopiu.net\/wordpress\/wp-content\/uploads\/2021\/06\/Treno_Ponte_3-1536x886.jpg 1536w, https:\/\/www.radiopiu.net\/wordpress\/wp-content\/uploads\/2021\/06\/Treno_Ponte_3-2048x1181.jpg 2048w\" sizes=\"auto, (max-width: 300px) 100vw, 300px\" \/><\/a>\n\t\t\t\t<\/dt><\/dl><dl class='gallery-item'>\n\t\t\t\t<dt class='gallery-icon landscape'>\n\t\t\t\t\t<a class=\"rollover rollover-zoom dt-pswp-item\" title=\"Treno_Ponte_2\" data-dt-img-description=\"\" data-large_image_width=\"2323\" data-large_image_height=\"1614\"href='https:\/\/www.radiopiu.net\/wordpress\/wp-content\/uploads\/2021\/06\/Treno_Ponte_2.jpg'><img loading=\"lazy\" decoding=\"async\" width=\"300\" height=\"208\" src=\"https:\/\/www.radiopiu.net\/wordpress\/wp-content\/uploads\/2021\/06\/Treno_Ponte_2-300x208.jpg\" class=\"attachment-medium size-medium\" alt=\"\" srcset=\"https:\/\/www.radiopiu.net\/wordpress\/wp-content\/uploads\/2021\/06\/Treno_Ponte_2-300x208.jpg 300w, https:\/\/www.radiopiu.net\/wordpress\/wp-content\/uploads\/2021\/06\/Treno_Ponte_2-1024x711.jpg 1024w, https:\/\/www.radiopiu.net\/wordpress\/wp-content\/uploads\/2021\/06\/Treno_Ponte_2-768x534.jpg 768w, https:\/\/www.radiopiu.net\/wordpress\/wp-content\/uploads\/2021\/06\/Treno_Ponte_2-1536x1067.jpg 1536w, https:\/\/www.radiopiu.net\/wordpress\/wp-content\/uploads\/2021\/06\/Treno_Ponte_2-2048x1423.jpg 2048w\" sizes=\"auto, (max-width: 300px) 100vw, 300px\" \/><\/a>\n\t\t\t\t<\/dt><\/dl><br style=\"clear: both\" \/>\n\t\t\t<\/div>\n\n<p><span style=\"color: #000000; font-family: Helvetica;\">Venerd\u00ec 11 giugno, ore 10.31. Un momento a suo modo indimenticabile per <b>Ponte nelle Alpi <\/b>e la sua<b> stazione<\/b>. Perch\u00e9 \u00e8 il momento in cui arriva il primo <b>treno elettrico<\/b>.\u00a0 <\/span><span style=\"color: #000000; font-family: Helvetica;\">Il romanzo ferroviario si arricchisce cos\u00ec di un nuovo ed emozionante capitolo, che proietta il territorio nel futuro. E lo apre al mondo: in primis a quello turistico. Per la soddisfazione del parlamentare, ed ex sindaco, <b>Roger De Menech<\/b>: \u00ab\u00c8 una giornata che non esiterei a definire storica. Per Ponte nelle Alpi e l\u2019intera provincia di Belluno. Questo diventa uno snodo sempre pi\u00f9 importante sia a livello lavorativo, sia nell\u2019ambito del turismo, se \u00e8 vero che mette in relazione l\u2019anello basso e alto. A tale proposito, la ferrovia \u00e8 pi\u00f9 che mai centrale in termini di sviluppo, anche in relazione ai prossimi eventi sportivi. Come i Giochi olimpici invernali di Cortina, nel 2026\u00bb.\u00a0 <\/span><span style=\"color: #000000; font-family: Helvetica;\">Senza considerare che gli investimenti non abbracciano solo l\u2019elettrificazione dei binari, ma coinvolgono la stessa stazione di Polpet, diventata un <b>hub di importanza strategica su scala regionale<\/b>.\u00a0 <\/span><span style=\"color: #000000; font-family: Helvetica;\">In merito ai lavori, si va dagli ascensori al binario (di fatto abbattono le barriere architettoniche e vanno incontro alle esigenze di chi ha difficolt\u00e0 a deambulare), al miglioramento dell\u2019edificio che ospita la biglietteria, fino all\u2019occhio di riguardo per l\u2019interscambio gomma-rotaia. \u00abCrediamo in maniera particolare nel turismo sostenibile &#8211; sono le parole del <b>sindaco Paolo Vendramini<\/b> &#8211; e da vivere pedalando, in bicicletta. Dalla nostra stazione, infatti, partiranno tre corriere che raggiungeranno altre mete e localit\u00e0 turistiche. A conferma di quanto sia ormai strategica Ponte nelle Alpi. Il cicloturismo parte da qui\u00bb.\u00a0 <\/span><span style=\"color: #000000; font-family: Helvetica;\">Dopo la riqualificazione dell\u2019area ex Comedil e la nuova piazza della Poesia, di fronte alla rinnovata biblioteca civica, la stazione elettrificata \u00e8 un ulteriore e fondamentale tassello in un quadro sempre pi\u00f9 definito: il futuro \u00e8 adesso.\u00a0<\/span><\/p>\n<p>&nbsp;<\/p>\n<hr \/>\n<blockquote>\n<h2><\/h2>\n<h3>TRICOLORE AL TAGLIO ANCHE PER LA NUOVA TAC DEL SAN MARTINO A BELLUNO<\/h3>\n<\/blockquote>\n<p><strong>DI MORENO GIOLI<\/strong><\/p>\n<audio class=\"wp-audio-shortcode\" id=\"audio-215397-4\" preload=\"none\" style=\"width: 100%;\" controls=\"controls\"><source type=\"audio\/mpeg\" src=\"https:\/\/www.radiopiu.net\/wordpress\/wp-content\/uploads\/2021\/06\/MORENO-OSPEDALE.mp3?_=4\" \/><a href=\"https:\/\/www.radiopiu.net\/wordpress\/wp-content\/uploads\/2021\/06\/MORENO-OSPEDALE.mp3\">https:\/\/www.radiopiu.net\/wordpress\/wp-content\/uploads\/2021\/06\/MORENO-OSPEDALE.mp3<\/a><\/audio>\n<p>&nbsp;<\/p>\n<blockquote><p>&nbsp;<\/p><\/blockquote>\n<p><a href=\"https:\/\/www.radiopiu.net\/wordpress\/giornale-radiopiu-12-giugno-2021-direttore-mirko-mezzacasa\/19177ac0-de7e-4aa7-95e5-e068c59ecfc6\/\" rel=\"attachment wp-att-215467\"><img loading=\"lazy\" decoding=\"async\" class=\"alignnone wp-image-215467 size-large\" src=\"https:\/\/www.radiopiu.net\/wordpress\/wp-content\/uploads\/2021\/06\/19177ac0-de7e-4aa7-95e5-e068c59ecfc6-1024x472.jpg\" alt=\"\" width=\"1024\" height=\"472\" srcset=\"https:\/\/www.radiopiu.net\/wordpress\/wp-content\/uploads\/2021\/06\/19177ac0-de7e-4aa7-95e5-e068c59ecfc6-1024x472.jpg 1024w, https:\/\/www.radiopiu.net\/wordpress\/wp-content\/uploads\/2021\/06\/19177ac0-de7e-4aa7-95e5-e068c59ecfc6-300x138.jpg 300w, https:\/\/www.radiopiu.net\/wordpress\/wp-content\/uploads\/2021\/06\/19177ac0-de7e-4aa7-95e5-e068c59ecfc6-768x354.jpg 768w, https:\/\/www.radiopiu.net\/wordpress\/wp-content\/uploads\/2021\/06\/19177ac0-de7e-4aa7-95e5-e068c59ecfc6-1536x708.jpg 1536w, https:\/\/www.radiopiu.net\/wordpress\/wp-content\/uploads\/2021\/06\/19177ac0-de7e-4aa7-95e5-e068c59ecfc6.jpg 1600w\" sizes=\"auto, (max-width: 1024px) 100vw, 1024px\" \/><\/a><\/p>\n<p><strong>BELLUNO.<\/strong>\u00a0 Inaugurata la nuova Tac all&#8217;Ospedale di Belluno.<em> &#8220;Belluno non \u00e8 dimenticata&#8221;<\/em> sottolinea il Presidente della Regione Luca Zaia nella giornata campale per la provincia con il primo treno elettrico in stazione e l&#8217;inaugurazione al San Martino.\u00a0 Zaia inoltre ha\u00a0 \u00a0effettuato un sopralluogo sull\u2019aggiornamento evolutivo dell\u2019acceleratore lineare.<\/p>\n\n\t\t\t<style type='text\/css'>\n\t\t\t\t#gallery-4 {\n\t\t\t\t\tmargin: auto;\n\t\t\t\t}\n\t\t\t\t#gallery-4 .gallery-item {\n\t\t\t\t\tfloat: left;\n\t\t\t\t\tmargin-top: 10px;\n\t\t\t\t\ttext-align: center;\n\t\t\t\t\twidth: 33%;\n\t\t\t\t}\n\t\t\t\t#gallery-4 img {\n\t\t\t\t\tborder: 2px solid #cfcfcf;\n\t\t\t\t}\n\t\t\t\t#gallery-4 .gallery-caption {\n\t\t\t\t\tmargin-left: 0;\n\t\t\t\t}\n\t\t\t\t\/* see gallery_shortcode() in wp-includes\/media.php *\/\n\t\t\t<\/style>\n\t\t<div id='gallery-4' class='dt-gallery-container gallery galleryid-215397 gallery-columns-3 gallery-size-thumbnail'><dl class='gallery-item'>\n\t\t\t\t<dt class='gallery-icon landscape'>\n\t\t\t\t\t<a class=\"rollover rollover-zoom dt-pswp-item\" title=\"7b3ac618-d948-41b9-afb5-45e410164a82\" data-dt-img-description=\"\" data-large_image_width=\"1600\" data-large_image_height=\"737\"href='https:\/\/www.radiopiu.net\/wordpress\/wp-content\/uploads\/2021\/06\/7b3ac618-d948-41b9-afb5-45e410164a82.jpg'><img loading=\"lazy\" decoding=\"async\" width=\"150\" height=\"150\" src=\"https:\/\/www.radiopiu.net\/wordpress\/wp-content\/uploads\/2021\/06\/7b3ac618-d948-41b9-afb5-45e410164a82-150x150.jpg\" class=\"attachment-thumbnail size-thumbnail\" alt=\"\" \/><\/a>\n\t\t\t\t<\/dt><\/dl><dl class='gallery-item'>\n\t\t\t\t<dt class='gallery-icon landscape'>\n\t\t\t\t\t<a class=\"rollover rollover-zoom dt-pswp-item\" title=\"2da1eb2c-55d6-4925-bbd7-dd796c4595d2\" data-dt-img-description=\"\" data-large_image_width=\"1600\" data-large_image_height=\"737\"href='https:\/\/www.radiopiu.net\/wordpress\/wp-content\/uploads\/2021\/06\/2da1eb2c-55d6-4925-bbd7-dd796c4595d2.jpg'><img loading=\"lazy\" decoding=\"async\" width=\"150\" height=\"150\" src=\"https:\/\/www.radiopiu.net\/wordpress\/wp-content\/uploads\/2021\/06\/2da1eb2c-55d6-4925-bbd7-dd796c4595d2-150x150.jpg\" class=\"attachment-thumbnail size-thumbnail\" alt=\"\" \/><\/a>\n\t\t\t\t<\/dt><\/dl><dl class='gallery-item'>\n\t\t\t\t<dt class='gallery-icon landscape'>\n\t\t\t\t\t<a class=\"rollover rollover-zoom dt-pswp-item\" title=\"807b7d03-8716-4728-bc56-6096fcbeaec5\" data-dt-img-description=\"\" data-large_image_width=\"1600\" data-large_image_height=\"737\"href='https:\/\/www.radiopiu.net\/wordpress\/wp-content\/uploads\/2021\/06\/807b7d03-8716-4728-bc56-6096fcbeaec5.jpg'><img loading=\"lazy\" decoding=\"async\" width=\"150\" height=\"150\" src=\"https:\/\/www.radiopiu.net\/wordpress\/wp-content\/uploads\/2021\/06\/807b7d03-8716-4728-bc56-6096fcbeaec5-150x150.jpg\" class=\"attachment-thumbnail size-thumbnail\" alt=\"\" \/><\/a>\n\t\t\t\t<\/dt><\/dl><br style=\"clear: both\" \/>\n\t\t\t<\/div>\n\n<p align=\"LEFT\"><span style=\"font-family: Calibri, serif;\">Il Tomografo Computerizzato, modello Revolution CT a 256 strati, \u00e8 un\u2019apparecchiatura di nuova generazione <\/span>in grado di acquisire ampi volumi anatomici in unica scansione (8 cm per rotazione) <i>Costo \u20ac 941.104<\/i><\/p>\n<p align=\"LEFT\"><span style=\"font-family: Calibri, serif;\">L\u2019aggiornamento evolutivo di uno dei due acceleratori della Radioterapia dell\u2019Ospedale di Belluno, mediante l\u2019accoppiamento con tubi radiogeni, di ottenere sia immagini planari 2D analoghe a quelle radiologiche che acquisizioni tridimensionali di elevata definizione <\/span><i style=\"font-family: Calibri, serif;\">Costo \u20ac 1.035.780\u00a0\u00a0<\/i><\/p>\n<div class=\"gmail-o9v6fnle gmail-cxmmr5t8 gmail-oygrvhab gmail-hcukyx3x gmail-c1et5uql gmail-ii04i59q\">\n<blockquote>\n<div dir=\"auto\">\n<div class=\"gmail-o9v6fnle gmail-cxmmr5t8 gmail-oygrvhab gmail-hcukyx3x gmail-c1et5uql gmail-ii04i59q\">\n<blockquote>\n<div dir=\"auto\"><strong>DALLA ULSS1<\/strong> <em>&#8221; P<\/em><em>er noi \u00e8 stata una giornata di festa. <\/em><em>Il Presidente ha anche\u00a0 visionato l&#8217;aggiornamento dell&#8217;acceleratore lineare della Radioterapia, del valore di un milione di euro, che consente una maggior efficacia del trattamento, grazie alla possibilit\u00e0 di erogare una dose di radiazioni pi\u00f9 elevata al bisogno, e minor tossicit\u00e0. <\/em><em>Gli investimenti in nuove tecnologie sono per noi importanti, sia per offrire servizi sempre migliori ai nostri assistiti, sia per attrarre nuovi professionisti e valorizzare gli attuali, che possono mettere cos\u00ec frutto le loro competenze e abilit\u00e0&#8221;.<\/em><\/div>\n<\/blockquote>\n<\/div>\n<div class=\"gmail-o9v6fnle gmail-cxmmr5t8 gmail-oygrvhab gmail-hcukyx3x gmail-c1et5uql gmail-ii04i59q\"><\/div>\n\n\t\t\t<style type='text\/css'>\n\t\t\t\t#gallery-5 {\n\t\t\t\t\tmargin: auto;\n\t\t\t\t}\n\t\t\t\t#gallery-5 .gallery-item {\n\t\t\t\t\tfloat: left;\n\t\t\t\t\tmargin-top: 10px;\n\t\t\t\t\ttext-align: center;\n\t\t\t\t\twidth: 50%;\n\t\t\t\t}\n\t\t\t\t#gallery-5 img {\n\t\t\t\t\tborder: 2px solid #cfcfcf;\n\t\t\t\t}\n\t\t\t\t#gallery-5 .gallery-caption {\n\t\t\t\t\tmargin-left: 0;\n\t\t\t\t}\n\t\t\t\t\/* see gallery_shortcode() in wp-includes\/media.php *\/\n\t\t\t<\/style>\n\t\t<div id='gallery-5' class='dt-gallery-container gallery galleryid-215397 gallery-columns-2 gallery-size-medium'><dl class='gallery-item'>\n\t\t\t\t<dt class='gallery-icon landscape'>\n\t\t\t\t\t<a class=\"rollover rollover-zoom dt-pswp-item\" title=\"inaugurazione bl\" data-dt-img-description=\"\" data-large_image_width=\"960\" data-large_image_height=\"720\"href='https:\/\/www.radiopiu.net\/wordpress\/wp-content\/uploads\/2021\/06\/inaugurazione-bl.jpg'><img loading=\"lazy\" decoding=\"async\" width=\"300\" height=\"225\" src=\"https:\/\/www.radiopiu.net\/wordpress\/wp-content\/uploads\/2021\/06\/inaugurazione-bl-300x225.jpg\" class=\"attachment-medium size-medium\" alt=\"\" srcset=\"https:\/\/www.radiopiu.net\/wordpress\/wp-content\/uploads\/2021\/06\/inaugurazione-bl-300x225.jpg 300w, https:\/\/www.radiopiu.net\/wordpress\/wp-content\/uploads\/2021\/06\/inaugurazione-bl-768x576.jpg 768w, https:\/\/www.radiopiu.net\/wordpress\/wp-content\/uploads\/2021\/06\/inaugurazione-bl.jpg 960w\" sizes=\"auto, (max-width: 300px) 100vw, 300px\" \/><\/a>\n\t\t\t\t<\/dt><\/dl><dl class='gallery-item'>\n\t\t\t\t<dt class='gallery-icon landscape'>\n\t\t\t\t\t<a class=\"rollover rollover-zoom dt-pswp-item\" title=\"radiologia\" data-dt-img-description=\"\" data-large_image_width=\"960\" data-large_image_height=\"720\"href='https:\/\/www.radiopiu.net\/wordpress\/wp-content\/uploads\/2021\/06\/radiologia.jpg'><img loading=\"lazy\" decoding=\"async\" width=\"300\" height=\"225\" src=\"https:\/\/www.radiopiu.net\/wordpress\/wp-content\/uploads\/2021\/06\/radiologia-300x225.jpg\" class=\"attachment-medium size-medium\" alt=\"\" srcset=\"https:\/\/www.radiopiu.net\/wordpress\/wp-content\/uploads\/2021\/06\/radiologia-300x225.jpg 300w, https:\/\/www.radiopiu.net\/wordpress\/wp-content\/uploads\/2021\/06\/radiologia-768x576.jpg 768w, https:\/\/www.radiopiu.net\/wordpress\/wp-content\/uploads\/2021\/06\/radiologia.jpg 960w\" sizes=\"auto, (max-width: 300px) 100vw, 300px\" \/><\/a>\n\t\t\t\t<\/dt><\/dl><br style=\"clear: both\" \/>\n\t\t\t<\/div>\n\n<p><strong>A MARGINE DELL&#8217;INAUGURAZIONE IL PRESIDENTE DELLA REGIONE LUCA ZAIA<\/strong><\/p>\n<\/div>\n<\/blockquote>\n<\/div>\n<audio class=\"wp-audio-shortcode\" id=\"audio-215397-5\" preload=\"none\" style=\"width: 100%;\" controls=\"controls\"><source type=\"audio\/mpeg\" src=\"https:\/\/www.radiopiu.net\/wordpress\/wp-content\/uploads\/2021\/06\/zaia-ospedale-1.mp3?_=5\" \/><a href=\"https:\/\/www.radiopiu.net\/wordpress\/wp-content\/uploads\/2021\/06\/zaia-ospedale-1.mp3\">https:\/\/www.radiopiu.net\/wordpress\/wp-content\/uploads\/2021\/06\/zaia-ospedale-1.mp3<\/a><\/audio>\n<p>&nbsp;<\/p>\n<p><strong>Il presidente Roberto Padrin<\/strong> \u00e8 intervenuto all\u2019inaugurazione delle nuove strumentazioni tecnologiche dell\u2019ospedale San Martino, insieme al presidente della conferenza dei sindaci Ulss Paolo Perenzin.<em> \u00abUn potenziamento della diagnostica e del servizio sanitario importante per la montagna. Come hanno detto il presidente Zaia e Paolo Perenzin, abbiamo adesso la necessit\u00e0 di rendere pi\u00f9 attrattivo il nostro territorio, perch\u00e9 le macchine vanno bene, ma servono uomini e donne, medici e tecnici, per farle funzionare\u00bb.<\/em><\/p>\n<p>&nbsp;<\/p>\n<hr \/>\n<blockquote>\n<h2><\/h2>\n<h2>SEDE INAIL BELLUNESE VERSO IL DECLASSAMENTO, COME A ROVIGO<\/h2>\n<\/blockquote>\n<p><strong><img loading=\"lazy\" decoding=\"async\" class=\"alignleft\" src=\"https:\/\/www.radiopiu.net\/wordpress\/wp-content\/uploads\/2021\/06\/inail.png\" width=\"282\" height=\"119\" \/>BELLUNO<\/strong> <em>\u00abIn questi giorni corre la voce di un possibile, nuovo declassamento delle sedi INAIL di Belluno e Rovigo che, se corrispondesse a verit\u00e0, sarebbe un&#8217;inaccettabile riduzione dei servizi per questi territori. Chiediamo quindi che si faccia luce su questo, per dare tranquillit\u00e0 ai dipendenti e la giusta dignit\u00e0 ai cittadini \u00bb:<\/em> Il Sindaco di Belluno, Jacopo Massaro, e il primo cittadino di Rovigo, Edoardo Gaffeo, rilanciano cos\u00ec le preoccupazioni circa il futuro delle sedi INAIL di Belluno e di Rovigo che sembrano destinate a un declassamento da parte della direzione regionale. Gi\u00e0 nel 2014, la sede provinciale bellunese aveva subito una prima riduzione di servizi, passando da \u201cclasse A\u201d a \u201cclasse B\u201d; ora, sembra che possa esserci un ulteriore passo indietro per gli uffici di Belluno e Rovigo, che potrebbero passare in \u201cclasse C\u201d eppure i numeri degli\u00a0 uffici INAIL sono in linea con quelli delle altre sedi di classe B proprio perch\u00e9 si tratta di un&#8217;unica sede provinciale. I primi cittadini sottolineano il rischio di veder indebolito il ruolo di servizio al territorio che INAIL ricopre con diverse progettualit\u00e0 e il legame con le aziende e i professionisti, che sarebbero costretti a confrontarsi con realt\u00e0 lontane territorialmente e che rispondono a logiche economiche e organizzative diverse. <em>\u00abCrediamo \u2013 concludono Massaro e Gaffeo &#8211;\u00a0 che, a fronte del dramma della pandemia che abbiamo vissuto e che stiamo vivendo e della prossima ripartenza di tutti i settori economici e produttivi, ridurre servizi come questi nei territori periferici sia una scelta inaccettabile ed illogica. Facciamo quindi appello a tutti i nostri rappresentanti a Roma affinch\u00e9 facciano sentire la loro voce e impediscano l&#8217;ennesima mazzata per cittadini e lavoratori\u00bb.<\/em><\/p>\n<p>&nbsp;<\/p>\n<p>&nbsp;<\/p>\n<p>&nbsp;<\/p>\n<hr \/>\n<p>&nbsp;<\/p>\n<blockquote>\n<h2>IL PREFETTO IN VISITA UFFICIALE A FELTRE<\/h2>\n<\/blockquote>\n<p><strong>FELTRE<\/strong> Il nuovo prefetto di Belluno, Mariano Savastano, \u00e8 stato ricevuto questa mattina, in occasione della sua prima visita ufficiale a Feltre, dal sindaco Paolo Perenzin e da alcuni rappresentanti della Giunta comunale. In un clima cordiale, l&#8217;incontro \u00e8 stato anche l&#8217;occasione per un primo utile colloquio su alcuni temi di interesse comune in vista della collaborazione futura.Il Prefetto \u00e8 stato quindi accompagnato in visita alla Galleria Rizzarda dove ha potuto ammirare la collezione di vetri Nasci-Franzoia guidato dallo stesso architetto Ferruccio Franzoia.<\/p>\n\n\t\t\t<style type='text\/css'>\n\t\t\t\t#gallery-6 {\n\t\t\t\t\tmargin: auto;\n\t\t\t\t}\n\t\t\t\t#gallery-6 .gallery-item {\n\t\t\t\t\tfloat: left;\n\t\t\t\t\tmargin-top: 10px;\n\t\t\t\t\ttext-align: center;\n\t\t\t\t\twidth: 50%;\n\t\t\t\t}\n\t\t\t\t#gallery-6 img {\n\t\t\t\t\tborder: 2px solid #cfcfcf;\n\t\t\t\t}\n\t\t\t\t#gallery-6 .gallery-caption {\n\t\t\t\t\tmargin-left: 0;\n\t\t\t\t}\n\t\t\t\t\/* see gallery_shortcode() in wp-includes\/media.php *\/\n\t\t\t<\/style>\n\t\t<div id='gallery-6' class='dt-gallery-container gallery galleryid-215397 gallery-columns-2 gallery-size-medium'><dl class='gallery-item'>\n\t\t\t\t<dt class='gallery-icon portrait'>\n\t\t\t\t\t<a class=\"rollover rollover-zoom dt-pswp-item\" title=\"276bf903-a7e7-4ac2-b1a8-bfedc857734d\" data-dt-img-description=\"\" data-large_image_width=\"1536\" data-large_image_height=\"2048\"href='https:\/\/www.radiopiu.net\/wordpress\/wp-content\/uploads\/2021\/06\/276bf903-a7e7-4ac2-b1a8-bfedc857734d.jpg'><img loading=\"lazy\" decoding=\"async\" width=\"225\" height=\"300\" src=\"https:\/\/www.radiopiu.net\/wordpress\/wp-content\/uploads\/2021\/06\/276bf903-a7e7-4ac2-b1a8-bfedc857734d-225x300.jpg\" class=\"attachment-medium size-medium\" alt=\"\" srcset=\"https:\/\/www.radiopiu.net\/wordpress\/wp-content\/uploads\/2021\/06\/276bf903-a7e7-4ac2-b1a8-bfedc857734d-225x300.jpg 225w, https:\/\/www.radiopiu.net\/wordpress\/wp-content\/uploads\/2021\/06\/276bf903-a7e7-4ac2-b1a8-bfedc857734d-768x1024.jpg 768w, https:\/\/www.radiopiu.net\/wordpress\/wp-content\/uploads\/2021\/06\/276bf903-a7e7-4ac2-b1a8-bfedc857734d-1152x1536.jpg 1152w, https:\/\/www.radiopiu.net\/wordpress\/wp-content\/uploads\/2021\/06\/276bf903-a7e7-4ac2-b1a8-bfedc857734d.jpg 1536w\" sizes=\"auto, (max-width: 225px) 100vw, 225px\" \/><\/a>\n\t\t\t\t<\/dt><\/dl><dl class='gallery-item'>\n\t\t\t\t<dt class='gallery-icon portrait'>\n\t\t\t\t\t<a class=\"rollover rollover-zoom dt-pswp-item\" title=\"2634c443-81a9-46ff-8683-bfdf578ef3e8\" data-dt-img-description=\"\" data-large_image_width=\"1536\" data-large_image_height=\"2048\"href='https:\/\/www.radiopiu.net\/wordpress\/wp-content\/uploads\/2021\/06\/2634c443-81a9-46ff-8683-bfdf578ef3e8.jpg'><img loading=\"lazy\" decoding=\"async\" width=\"225\" height=\"300\" src=\"https:\/\/www.radiopiu.net\/wordpress\/wp-content\/uploads\/2021\/06\/2634c443-81a9-46ff-8683-bfdf578ef3e8-225x300.jpg\" class=\"attachment-medium size-medium\" alt=\"\" srcset=\"https:\/\/www.radiopiu.net\/wordpress\/wp-content\/uploads\/2021\/06\/2634c443-81a9-46ff-8683-bfdf578ef3e8-225x300.jpg 225w, https:\/\/www.radiopiu.net\/wordpress\/wp-content\/uploads\/2021\/06\/2634c443-81a9-46ff-8683-bfdf578ef3e8-768x1024.jpg 768w, https:\/\/www.radiopiu.net\/wordpress\/wp-content\/uploads\/2021\/06\/2634c443-81a9-46ff-8683-bfdf578ef3e8-1152x1536.jpg 1152w, https:\/\/www.radiopiu.net\/wordpress\/wp-content\/uploads\/2021\/06\/2634c443-81a9-46ff-8683-bfdf578ef3e8.jpg 1536w\" sizes=\"auto, (max-width: 225px) 100vw, 225px\" \/><\/a>\n\t\t\t\t<\/dt><\/dl><br style=\"clear: both\" \/>\n\t\t\t<\/div>\n\n<p>&nbsp;<\/p>\n<p>&nbsp;<\/p>\n<hr \/>\n<h3><\/h3>\n<p>&nbsp;<\/p>\n<blockquote>\n<h2>LA SCUOLA MATERNA ALLA AGORDO SERVIZI, COME L&#8217;ASILO NIDO<\/h2>\n<\/blockquote>\n<p><strong><img loading=\"lazy\" decoding=\"async\" class=\"alignleft\" src=\"https:\/\/www.radiopiu.net\/wordpress\/wp-content\/uploads\/2020\/12\/ASILO.jpg\" width=\"221\" height=\"124\" \/>AGORDO<\/strong><\/p>\n<p><strong>DI GIANNI SANTOMASO<\/strong><\/p>\n<p>&nbsp;<\/p>\n<audio class=\"wp-audio-shortcode\" id=\"audio-215397-6\" preload=\"none\" style=\"width: 100%;\" controls=\"controls\"><source type=\"audio\/mpeg\" src=\"https:\/\/www.radiopiu.net\/wordpress\/wp-content\/uploads\/2021\/06\/SCUOLA-MATERNA.mp3?_=6\" \/><a href=\"https:\/\/www.radiopiu.net\/wordpress\/wp-content\/uploads\/2021\/06\/SCUOLA-MATERNA.mp3\">https:\/\/www.radiopiu.net\/wordpress\/wp-content\/uploads\/2021\/06\/SCUOLA-MATERNA.mp3<\/a><\/audio>\n<p>&nbsp;<\/p>\n<p>&nbsp;<\/p>\n<hr \/>\n<blockquote>\n<h2>Luxottica e Mazzucchelli avviano una collaborazione per l\u2019acetato sostenibile<\/h2>\n<\/blockquote>\n<p><strong><img loading=\"lazy\" decoding=\"async\" class=\"alignleft\" src=\"https:\/\/www.radiopiu.net\/wordpress\/wp-content\/uploads\/2020\/08\/LUXOTTICA-2020.jpg\" width=\"181\" height=\"136\" \/>MILANO<\/strong> Luxottica e Mazzucchelli annunciano l\u2019avvio di una collaborazione per lo sviluppo e la produzione di un acetato altamente sostenibile, accessibile a tutti gli operatori del mercato. L\u2019accordo prevede l\u2019acquisizione da parte di Luxottica di una quota di minoranza di circa il 35% del capitale sociale di Mazzucchelli, al fine di apportare ulteriori risorse finanziarie per realizzare il progetto all\u2019interno degli stabilimenti Mazzucchelli. L\u2019operazione conferma e rafforza l\u2019impegno di Luxottica, parte del gruppo EssilorLuxottica, e Mazzucchelli per ridurre nel lungo periodo l\u2019impatto ambientale delle loro attivit\u00e0 attraverso tutta la catena del valore, accrescendo l\u2019offerta di prodotti eyewear di alta qualit\u00e0 e sostenibili. Il razionale dell\u2019operazione \u00e8 di tipo finanziario e non prevede la sottoscrizione di accordi parasociali per la designazione da parte di Luxottica di alcun amministratore di Mazzucchelli. La famiglia fondatrice Orsi Mazzucchelli manterr\u00e0 la gestione dell\u2019azienda.<\/p>\n<p>&nbsp;<\/p>\n<div class=\"kvgmc6g5 cxmmr5t8 oygrvhab hcukyx3x c1et5uql\">\n<blockquote>\n<div dir=\"auto\"><em>L\u2019acetato un materiale cellulosico molto simile alla al rayon, possiamo quindi considerarlo come una fibra artificiale. La materia prima \u00e8 di origine naturale e deriva soprattutto dalle piante. Viene poi lavorato in una struttura industriale utilizzando un cocktail di acidi per formare una polvere, poi viene fuso e allungato in fili che formeranno il tessuto <\/em><em>Possiamo trovare l\u2019acetato nell\u2019abbigliamento, OCCHIALI borse, scarpe o accessori, ma anche nei mozziconi di sigaretta, o modellato in una sostanza simile alla plastica che pu\u00f2 formare le montature degli occhiali da vista o da sole.<\/em><\/div>\n<\/blockquote>\n<\/div>\n<p>&nbsp;<\/p>\n<hr \/>\n<blockquote>\n<h3 align=\"left\"><\/h3>\n<h3 align=\"left\">BADANTI IN FUGA, CARENZA DI PERSONALE E VISITE NEGATE NELLE RSA<\/h3>\n<\/blockquote>\n<div align=\"left\"><\/div>\n<div align=\"left\"><strong><a href=\"https:\/\/www.radiopiu.net\/wordpress\/giornale-radiopiu-18-luglio-2018\/xcisl_bl-tv_zuglian-png-pagespeed-ic-wmgasefvgr\/\" rel=\"attachment wp-att-54307\"><img loading=\"lazy\" decoding=\"async\" class=\" wp-image-54307 alignleft\" src=\"https:\/\/www.radiopiu.net\/wordpress\/wp-content\/uploads\/2018\/07\/xCISL_Bl-Tv_Zuglian.png.pagespeed.ic_.wmGasEFVGR.png\" alt=\"\" width=\"162\" height=\"162\" srcset=\"https:\/\/www.radiopiu.net\/wordpress\/wp-content\/uploads\/2018\/07\/xCISL_Bl-Tv_Zuglian.png.pagespeed.ic_.wmGasEFVGR.png 218w, https:\/\/www.radiopiu.net\/wordpress\/wp-content\/uploads\/2018\/07\/xCISL_Bl-Tv_Zuglian.png.pagespeed.ic_.wmGasEFVGR-150x150.png 150w\" sizes=\"auto, (max-width: 162px) 100vw, 162px\" \/><\/a>BELLUNO<\/strong>\u00a0 La Cisl interviene su temi importanti legati al periodo attuale che \u00e8 ancora di emergenza sanitaria anche se l&#8217;apice \u00e8 stato raggiunto e superato. Oggi <span style=\"color: #000000; font-family: Helvetica;\">l\u2019emergenza pi\u00f9 grave \u00e8 la carenza degli infermieri. La pandemia ha\u00a0 peggiorato la situazione, perch\u00e9 gli ospedali pubblici, con la campagna di assunzioni straordinarie, hanno assunto decine di infermieri delle Rsa, determinando un ulteriore impoverimento delle strutture del territorio, arrivando al punto che ad oggi ci sono diverse case di riposo costrette a lasciare vuoti i letti nonostante le richieste, perch\u00e9 non soddisfano pi\u00f9 i parametri relativi al rapporto fra numero di infermieri e di ospiti necessario per garantire adeguata assistenza, standard per altro gi\u00e0 sottostimato rispetto alle attuali esigenze di assistenza degli anziani.\u00a0<\/span><\/div>\n<div align=\"left\"><\/div>\n<h3 align=\"left\"><strong><span style=\"color: #000000; font-family: Helvetica;\"><em>Fabio Zuglian, segretario generale della Cisl Fp Belluno Treviso\u00a0<\/em><\/span><\/strong><\/h3>\n<audio class=\"wp-audio-shortcode\" id=\"audio-215397-7\" preload=\"none\" style=\"width: 100%;\" controls=\"controls\"><source type=\"audio\/mpeg\" src=\"https:\/\/www.radiopiu.net\/wordpress\/wp-content\/uploads\/2021\/06\/zuglian.mp3?_=7\" \/><a href=\"https:\/\/www.radiopiu.net\/wordpress\/wp-content\/uploads\/2021\/06\/zuglian.mp3\">https:\/\/www.radiopiu.net\/wordpress\/wp-content\/uploads\/2021\/06\/zuglian.mp3<\/a><\/audio>\n<p>&nbsp;<\/p>\n<p><strong>\u00a0UNA SOLUZIONE: CHE GLI INFERMIERI VENGANO ASSUNTO\u00a0 DAL SISTEMA SANITARIO REGIONALE\u00a0<\/strong><\/p>\n<blockquote><p><em><span style=\"color: #000000; font-family: Helvetica;\">\u201cUna soluzione &#8211;\u00a0 dice segretario generale della Cisl Fnp Pensionati Belluno Treviso Franco Marcuzzo &#8211; che potrebbe ovviare a un altro grave disagio vissuto dagli anziani ospiti delle Rsa: non solo il dramma del Covid, dell\u2019isolamento, della separazione dai familiari, ma anche continui addii al personale sanitario che per l\u2019ospite della casa di riposo rappresenta una vera e propria famiglia\u201d. Disagio che si aggiunge alla ancora persistente difficolt\u00e0 ad accedere alle Rsa per le visite. \u201cLa situazione varia da struttura a struttura &#8211; sottolinea il segretario della Fnp &#8211; ma non siamo ancora soddisfatti e va detto che la carenza di personale pesa anche sull\u2019applicazione dell\u2019ordinanza del ministro Speranza\u201d.\u00a0<\/span><\/em><\/p><\/blockquote>\n<p>&nbsp;<\/p>\n<hr \/>\n<p>&nbsp;<\/p>\n<p>&nbsp;<\/p>\n<blockquote class=\"wp-embedded-content\" data-secret=\"orsgRpxs9B\"><p><a href=\"https:\/\/www.radiopiu.net\/wordpress\/aggiornamentogiu11\/\">CORONAVIRUS: AGGIORNAMENTO NAZIONALE 11 GIUGNO  2021<\/a><\/p><\/blockquote>\n<p><iframe loading=\"lazy\" class=\"wp-embedded-content\" sandbox=\"allow-scripts\" security=\"restricted\" style=\"position: absolute; clip: rect(1px, 1px, 1px, 1px);\" title=\"&#8220;CORONAVIRUS: AGGIORNAMENTO NAZIONALE 11 GIUGNO  2021&#8221; &#8212; Radio Pi\u00f9\" src=\"https:\/\/www.radiopiu.net\/wordpress\/aggiornamentogiu11\/embed\/#?secret=orsgRpxs9B\" data-secret=\"orsgRpxs9B\" width=\"600\" height=\"338\" frameborder=\"0\" marginwidth=\"0\" marginheight=\"0\" scrolling=\"no\"><\/iframe><\/p>\n<p>&nbsp;<\/p>\n<blockquote class=\"wp-embedded-content\" data-secret=\"1PKaZ7vozH\"><p><a href=\"https:\/\/www.radiopiu.net\/wordpress\/aasddddg1sss\/\">A BELLUNO SI CONTANO MENO DI 100 ATTUALMENTE POSITIVI, IN VENETO SONO MENO DI 6000<\/a><\/p><\/blockquote>\n<p><iframe loading=\"lazy\" class=\"wp-embedded-content\" sandbox=\"allow-scripts\" security=\"restricted\" style=\"position: absolute; clip: rect(1px, 1px, 1px, 1px);\" title=\"&#8220;A BELLUNO SI CONTANO MENO DI 100 ATTUALMENTE POSITIVI, IN VENETO SONO MENO DI 6000&#8221; &#8212; Radio Pi\u00f9\" src=\"https:\/\/www.radiopiu.net\/wordpress\/aasddddg1sss\/embed\/#?secret=1PKaZ7vozH\" data-secret=\"1PKaZ7vozH\" width=\"600\" height=\"338\" frameborder=\"0\" marginwidth=\"0\" marginheight=\"0\" scrolling=\"no\"><\/iframe><\/p>\n<p>&nbsp;<\/p>\n<p>I GRAFICI DI TIZIANO DE COL<\/p>\n\n\t\t\t<style type='text\/css'>\n\t\t\t\t#gallery-7 {\n\t\t\t\t\tmargin: auto;\n\t\t\t\t}\n\t\t\t\t#gallery-7 .gallery-item {\n\t\t\t\t\tfloat: left;\n\t\t\t\t\tmargin-top: 10px;\n\t\t\t\t\ttext-align: center;\n\t\t\t\t\twidth: 33%;\n\t\t\t\t}\n\t\t\t\t#gallery-7 img {\n\t\t\t\t\tborder: 2px solid #cfcfcf;\n\t\t\t\t}\n\t\t\t\t#gallery-7 .gallery-caption {\n\t\t\t\t\tmargin-left: 0;\n\t\t\t\t}\n\t\t\t\t\/* see gallery_shortcode() in wp-includes\/media.php *\/\n\t\t\t<\/style>\n\t\t<div id='gallery-7' class='dt-gallery-container gallery galleryid-215397 gallery-columns-3 gallery-size-thumbnail'><dl class='gallery-item'>\n\t\t\t\t<dt class='gallery-icon landscape'>\n\t\t\t\t\t<a class=\"rollover\" href='https:\/\/www.radiopiu.net\/wordpress\/giornale-radiopiu-12-giugno-2021-direttore-mirko-mezzacasa\/08472f1b-2677-463d-b1d6-6ab9b619350a\/'><img loading=\"lazy\" decoding=\"async\" width=\"150\" height=\"150\" src=\"https:\/\/www.radiopiu.net\/wordpress\/wp-content\/uploads\/2021\/06\/08472f1b-2677-463d-b1d6-6ab9b619350a-150x150.jpg\" class=\"attachment-thumbnail size-thumbnail\" alt=\"\" \/><\/a>\n\t\t\t\t<\/dt><\/dl><dl class='gallery-item'>\n\t\t\t\t<dt class='gallery-icon landscape'>\n\t\t\t\t\t<a class=\"rollover\" href='https:\/\/www.radiopiu.net\/wordpress\/giornale-radiopiu-12-giugno-2021-direttore-mirko-mezzacasa\/4e1920fd-45c2-4bd7-824b-d9fb17ffc171\/'><img loading=\"lazy\" decoding=\"async\" width=\"150\" height=\"150\" src=\"https:\/\/www.radiopiu.net\/wordpress\/wp-content\/uploads\/2021\/06\/4e1920fd-45c2-4bd7-824b-d9fb17ffc171-150x150.jpg\" class=\"attachment-thumbnail size-thumbnail\" alt=\"\" \/><\/a>\n\t\t\t\t<\/dt><\/dl><dl class='gallery-item'>\n\t\t\t\t<dt class='gallery-icon landscape'>\n\t\t\t\t\t<a class=\"rollover\" href='https:\/\/www.radiopiu.net\/wordpress\/giornale-radiopiu-12-giugno-2021-direttore-mirko-mezzacasa\/633bb7de-254d-4626-b5bb-e9e61dfa1a4e\/'><img loading=\"lazy\" decoding=\"async\" width=\"150\" height=\"150\" src=\"https:\/\/www.radiopiu.net\/wordpress\/wp-content\/uploads\/2021\/06\/633bb7de-254d-4626-b5bb-e9e61dfa1a4e-150x150.jpg\" class=\"attachment-thumbnail size-thumbnail\" alt=\"\" \/><\/a>\n\t\t\t\t<\/dt><\/dl><br style=\"clear: both\" \/><dl class='gallery-item'>\n\t\t\t\t<dt class='gallery-icon landscape'>\n\t\t\t\t\t<a class=\"rollover\" href='https:\/\/www.radiopiu.net\/wordpress\/giornale-radiopiu-12-giugno-2021-direttore-mirko-mezzacasa\/fcbd03fe-f1a4-4a05-a8c1-7ad24ec9cd99\/'><img loading=\"lazy\" decoding=\"async\" width=\"150\" height=\"150\" src=\"https:\/\/www.radiopiu.net\/wordpress\/wp-content\/uploads\/2021\/06\/fcbd03fe-f1a4-4a05-a8c1-7ad24ec9cd99-150x150.jpg\" class=\"attachment-thumbnail size-thumbnail\" alt=\"\" \/><\/a>\n\t\t\t\t<\/dt><\/dl><dl class='gallery-item'>\n\t\t\t\t<dt class='gallery-icon landscape'>\n\t\t\t\t\t<a class=\"rollover\" href='https:\/\/www.radiopiu.net\/wordpress\/giornale-radiopiu-12-giugno-2021-direttore-mirko-mezzacasa\/7ed06d17-6fe5-4761-a170-70f006a9cb0d\/'><img loading=\"lazy\" decoding=\"async\" width=\"150\" height=\"150\" src=\"https:\/\/www.radiopiu.net\/wordpress\/wp-content\/uploads\/2021\/06\/7ed06d17-6fe5-4761-a170-70f006a9cb0d-150x150.jpg\" class=\"attachment-thumbnail size-thumbnail\" alt=\"\" \/><\/a>\n\t\t\t\t<\/dt><\/dl>\n\t\t\t\t<br style='clear: both' \/>\n\t\t\t<\/div>\n\n<hr \/>\n<p>&nbsp;<\/p>\n<blockquote>\n<h2>IERI SERA IL CONSIGLIO DELL&#8217;UNIONE MONTANA AGORDINA, ri ASCOLTALO SU RADIO PIU<\/h2>\n<\/blockquote>\n<p>https:\/\/www.facebook.com\/mirko.mezzacasa\/videos\/10226528348301797<\/p>\n<p>&nbsp;<\/p>\n<p>&nbsp;<\/p>\n<p>&nbsp;<\/p>\n<hr \/>\n<p>&nbsp;<\/p>\n<blockquote>\n<h2>&#8220;E CON GLI EVENTI TURISTICI COME LA METTIAMO&#8221; CHIEDE ADDAMIANO<\/h2>\n<\/blockquote>\n<p><strong>BELLUNO<\/strong> Sul portale adorablebelluno.it \u00e8 comparsa un laconico messaggio &#8220;Non ci sono ancora eventi programmati&#8221;. Al consigliere Raffaele Addamiano della Lista Obiettivo Belluno Fratelli d&#8217;Italia \u00e8 scattata la mosca al naso perch\u00e9 manca\u00a0 una tempestiva programmazione con il coinvolgimento di tutti gli\u00a0 interessati allo sviluppo <a href=\"https:\/\/www.radiopiu.net\/wordpress\/e-con-gli-eventi-turistici-come-la-mettiamo-chiede-addamiano\/logo-adorable-verticale-piccolo-1\/\" rel=\"attachment wp-att-215543\"><img loading=\"lazy\" decoding=\"async\" class=\"wp-image-215543 alignleft\" src=\"https:\/\/www.radiopiu.net\/wordpress\/wp-content\/uploads\/2021\/06\/logo-adorable-verticale-piccolo-1-208x300.jpg\" alt=\"\" width=\"87\" height=\"125\" srcset=\"https:\/\/www.radiopiu.net\/wordpress\/wp-content\/uploads\/2021\/06\/logo-adorable-verticale-piccolo-1-208x300.jpg 208w, https:\/\/www.radiopiu.net\/wordpress\/wp-content\/uploads\/2021\/06\/logo-adorable-verticale-piccolo-1.jpg 246w\" sizes=\"auto, (max-width: 87px) 100vw, 87px\" \/><\/a>turistico della citt\u00e0.<em> &#8220;Oggi &#8211; dice Addamiano &#8211; \u00a0vi \u00e8 stato, al riguardo, un unico incontro tra l\u2019Amministrazione Comunale di Belluno e le varie associazioni che operano in senso lato in merito e ci\u00f2 \u00e8 accaduto all\u2019inizio del corrente mese estivo&#8221; <\/em>Al Sindaco di Belluno e all\u2019assessore comunale competente\u00a0 Addamiano chiede quale sia il programma e il correlato calendario delle manifestazioni che l\u2019Amministrazione del Capoluogo intenda porre in essere per l\u2019incipiente stagione estiva&#8221;.<\/p>\n<blockquote><p><em><strong>Dal sito ADORABLE.BELLUNO.IT:<\/strong> \u201cNoi del Comune di Belluno crediamo nella nostra Citt\u00e0. Crediamo che sia bella, che sia ospitale, che sia sorprendente. Una citt\u00e0 adorabile, dove ognuno pu\u00f2 sentirsi a casa sua. Forti di questa convinzione, vogliamo condividere questo tesoro poco conosciuto e farne la meta di chi cerca un luogo dove stare bene.\u201d.<\/em><\/p><\/blockquote>\n<p>&nbsp;<\/p>\n<p>&nbsp;<\/p>\n<hr \/>\n<p>&nbsp;<\/p>\n<p>&nbsp;<\/p>\n<blockquote>\n<h2>SANT&#8217;ANTONIO E&#8217; IL SANTO DI RIVAMONTE, STASERA I CORDONI<\/h2>\n<p><img loading=\"lazy\" decoding=\"async\" class=\"alignleft\" src=\"https:\/\/www.radiopiu.net\/wordpress\/wp-content\/uploads\/2021\/06\/6b366127-8764-42ee-b699-74ffd3efcf65.jpg\" width=\"91\" height=\"152\" \/><strong>RIVAMONTE<\/strong><\/p>\n<p>&nbsp;<\/p>\n<p><strong>DI GIANNI SANTOMASO<\/strong><\/p><\/blockquote>\n<audio class=\"wp-audio-shortcode\" id=\"audio-215397-8\" preload=\"none\" style=\"width: 100%;\" controls=\"controls\"><source type=\"audio\/mpeg\" src=\"https:\/\/www.radiopiu.net\/wordpress\/wp-content\/uploads\/2021\/06\/SANTO-ANTONIO.mp3?_=8\" \/><a href=\"https:\/\/www.radiopiu.net\/wordpress\/wp-content\/uploads\/2021\/06\/SANTO-ANTONIO.mp3\">https:\/\/www.radiopiu.net\/wordpress\/wp-content\/uploads\/2021\/06\/SANTO-ANTONIO.mp3<\/a><\/audio>\n<p>&nbsp;<\/p>\n<div class=\"wp-menu-arrow\">\n<hr \/>\n<\/div>\n<div><\/div>\n<div><\/div>\n<div>\n<div class=\"page-title-head hgroup\">\n<blockquote>\n<h3 class=\"entry-title\">AD AGORDO IL PUNTO SCAMBIO IMPORTANTE AIUTO SOLIDALE<\/h3>\n<\/blockquote>\n<\/div>\n<div class=\"page-title-breadcrumbs\"><strong><a href=\"https:\/\/www.radiopiu.net\/wordpress\/215658-2\/screenshot_20210610-0751202\/\" rel=\"attachment wp-att-215659\"><img loading=\"lazy\" decoding=\"async\" class=\"size-medium wp-image-215659 alignleft\" src=\"https:\/\/www.radiopiu.net\/wordpress\/wp-content\/uploads\/2021\/06\/Screenshot_20210610-0751202-213x300.png\" alt=\"\" width=\"213\" height=\"300\" srcset=\"https:\/\/www.radiopiu.net\/wordpress\/wp-content\/uploads\/2021\/06\/Screenshot_20210610-0751202-213x300.png 213w, https:\/\/www.radiopiu.net\/wordpress\/wp-content\/uploads\/2021\/06\/Screenshot_20210610-0751202-727x1024.png 727w, https:\/\/www.radiopiu.net\/wordpress\/wp-content\/uploads\/2021\/06\/Screenshot_20210610-0751202-768x1082.png 768w, https:\/\/www.radiopiu.net\/wordpress\/wp-content\/uploads\/2021\/06\/Screenshot_20210610-0751202.png 1080w\" sizes=\"auto, (max-width: 213px) 100vw, 213px\" \/><\/a>AGORDO <\/strong>E&#8217; ripreso \u00a0il servizio offerto dal Punto di Scambio &#8211; Swappoint. Dopo la forzata chiusura. Tutte motivatissime, le volontarie accolgono il sabato dalle 16.00 alle 18.00 nella splendida sede di via degli Alpini fronte Broi ad Agordo. Si possono come sempre scambiare o portare o prendere gratuitamente; vestiti e abbigliamento in buone- ottime condizioni per neonati, bambini e adulti.<\/div>\n<\/div>\n<div><\/div>\n<div><\/div>\n<div><\/div>\n<div><\/div>\n<div><\/div>\n<div><\/div>\n<div><\/div>\n<div><\/div>\n<div><\/div>\n<div><\/div>\n<div><\/div>\n<div><\/div>\n<div>\n<hr \/>\n<\/div>\n<div><\/div>\n<div><\/div>\n<blockquote>\n<div><\/div>\n<\/blockquote>\n<h3 class=\"wp-menu-name\">24 LUGLIO FESTA A TISER, NUOVA VITA ALLA CHIESA DOPO I DANNI DI VAIA<\/h3>\n<p>&nbsp;<\/p>\n<p><strong>GOSALDO<\/strong><\/p>\n<p><strong>DI GIANNI SANTOMASO<\/strong><\/p>\n<audio class=\"wp-audio-shortcode\" id=\"audio-215397-9\" preload=\"none\" style=\"width: 100%;\" controls=\"controls\"><source type=\"audio\/mpeg\" src=\"https:\/\/www.radiopiu.net\/wordpress\/wp-content\/uploads\/2021\/06\/24-LUGLIO-TISER.mp3?_=9\" \/><a href=\"https:\/\/www.radiopiu.net\/wordpress\/wp-content\/uploads\/2021\/06\/24-LUGLIO-TISER.mp3\">https:\/\/www.radiopiu.net\/wordpress\/wp-content\/uploads\/2021\/06\/24-LUGLIO-TISER.mp3<\/a><\/audio>\n<p>&nbsp;<\/p>\n\n\t\t\t<style type='text\/css'>\n\t\t\t\t#gallery-8 {\n\t\t\t\t\tmargin: auto;\n\t\t\t\t}\n\t\t\t\t#gallery-8 .gallery-item {\n\t\t\t\t\tfloat: left;\n\t\t\t\t\tmargin-top: 10px;\n\t\t\t\t\ttext-align: center;\n\t\t\t\t\twidth: 33%;\n\t\t\t\t}\n\t\t\t\t#gallery-8 img {\n\t\t\t\t\tborder: 2px solid #cfcfcf;\n\t\t\t\t}\n\t\t\t\t#gallery-8 .gallery-caption {\n\t\t\t\t\tmargin-left: 0;\n\t\t\t\t}\n\t\t\t\t\/* see gallery_shortcode() in wp-includes\/media.php *\/\n\t\t\t<\/style>\n\t\t<div id='gallery-8' class='dt-gallery-container gallery galleryid-215397 gallery-columns-3 gallery-size-thumbnail'><dl class='gallery-item'>\n\t\t\t\t<dt class='gallery-icon portrait'>\n\t\t\t\t\t<a class=\"rollover rollover-zoom dt-pswp-item\" title=\"aeccfdb8-0a57-4667-8546-7bd436dc3c1d\" data-dt-img-description=\"\" data-large_image_width=\"1200\" data-large_image_height=\"1600\"href='https:\/\/www.radiopiu.net\/wordpress\/wp-content\/uploads\/2021\/06\/aeccfdb8-0a57-4667-8546-7bd436dc3c1d.jpg'><img loading=\"lazy\" decoding=\"async\" width=\"150\" height=\"150\" src=\"https:\/\/www.radiopiu.net\/wordpress\/wp-content\/uploads\/2021\/06\/aeccfdb8-0a57-4667-8546-7bd436dc3c1d-150x150.jpg\" class=\"attachment-thumbnail size-thumbnail\" alt=\"\" \/><\/a>\n\t\t\t\t<\/dt><\/dl><dl class='gallery-item'>\n\t\t\t\t<dt class='gallery-icon portrait'>\n\t\t\t\t\t<a class=\"rollover rollover-zoom dt-pswp-item\" title=\"e999f1bb-1831-48ce-8443-49dc405d9a7a\" data-dt-img-description=\"\" data-large_image_width=\"900\" data-large_image_height=\"1600\"href='https:\/\/www.radiopiu.net\/wordpress\/wp-content\/uploads\/2021\/06\/e999f1bb-1831-48ce-8443-49dc405d9a7a.jpg'><img loading=\"lazy\" decoding=\"async\" width=\"150\" height=\"150\" src=\"https:\/\/www.radiopiu.net\/wordpress\/wp-content\/uploads\/2021\/06\/e999f1bb-1831-48ce-8443-49dc405d9a7a-150x150.jpg\" class=\"attachment-thumbnail size-thumbnail\" alt=\"\" \/><\/a>\n\t\t\t\t<\/dt><\/dl><dl class='gallery-item'>\n\t\t\t\t<dt class='gallery-icon landscape'>\n\t\t\t\t\t<a class=\"rollover rollover-zoom dt-pswp-item\" title=\"b0c2f7a5-0328-4866-ae7c-28d8c050d472\" data-dt-img-description=\"\" data-large_image_width=\"1600\" data-large_image_height=\"1200\"href='https:\/\/www.radiopiu.net\/wordpress\/wp-content\/uploads\/2021\/06\/b0c2f7a5-0328-4866-ae7c-28d8c050d472.jpg'><img loading=\"lazy\" decoding=\"async\" width=\"150\" height=\"150\" src=\"https:\/\/www.radiopiu.net\/wordpress\/wp-content\/uploads\/2021\/06\/b0c2f7a5-0328-4866-ae7c-28d8c050d472-150x150.jpg\" class=\"attachment-thumbnail size-thumbnail\" alt=\"\" \/><\/a>\n\t\t\t\t<\/dt><\/dl><br style=\"clear: both\" \/>\n\t\t\t<\/div>\n\n<p>&nbsp;<\/p>\n<p><strong>IL PARROCO DON FABIANO DEL FAVERO<\/strong><\/p>\n<audio class=\"wp-audio-shortcode\" id=\"audio-215397-10\" preload=\"none\" style=\"width: 100%;\" controls=\"controls\"><source type=\"audio\/mpeg\" src=\"https:\/\/www.radiopiu.net\/wordpress\/wp-content\/uploads\/2021\/06\/DOB-FABIANO.mp3?_=10\" \/><a href=\"https:\/\/www.radiopiu.net\/wordpress\/wp-content\/uploads\/2021\/06\/DOB-FABIANO.mp3\">https:\/\/www.radiopiu.net\/wordpress\/wp-content\/uploads\/2021\/06\/DOB-FABIANO.mp3<\/a><\/audio>\n<p>&nbsp;<\/p>\n\n\t\t\t<style type='text\/css'>\n\t\t\t\t#gallery-9 {\n\t\t\t\t\tmargin: auto;\n\t\t\t\t}\n\t\t\t\t#gallery-9 .gallery-item {\n\t\t\t\t\tfloat: left;\n\t\t\t\t\tmargin-top: 10px;\n\t\t\t\t\ttext-align: center;\n\t\t\t\t\twidth: 50%;\n\t\t\t\t}\n\t\t\t\t#gallery-9 img {\n\t\t\t\t\tborder: 2px solid #cfcfcf;\n\t\t\t\t}\n\t\t\t\t#gallery-9 .gallery-caption {\n\t\t\t\t\tmargin-left: 0;\n\t\t\t\t}\n\t\t\t\t\/* see gallery_shortcode() in wp-includes\/media.php *\/\n\t\t\t<\/style>\n\t\t<div id='gallery-9' class='dt-gallery-container gallery galleryid-215397 gallery-columns-2 gallery-size-medium'><dl class='gallery-item'>\n\t\t\t\t<dt class='gallery-icon portrait'>\n\t\t\t\t\t<a class=\"rollover rollover-zoom dt-pswp-item\" title=\"c7b67c2c-d22e-4861-a6af-e281a3667830\" data-dt-img-description=\"\" data-large_image_width=\"1200\" data-large_image_height=\"1600\"href='https:\/\/www.radiopiu.net\/wordpress\/wp-content\/uploads\/2021\/06\/c7b67c2c-d22e-4861-a6af-e281a3667830.jpg'><img loading=\"lazy\" decoding=\"async\" width=\"225\" height=\"300\" src=\"https:\/\/www.radiopiu.net\/wordpress\/wp-content\/uploads\/2021\/06\/c7b67c2c-d22e-4861-a6af-e281a3667830-225x300.jpg\" class=\"attachment-medium size-medium\" alt=\"\" srcset=\"https:\/\/www.radiopiu.net\/wordpress\/wp-content\/uploads\/2021\/06\/c7b67c2c-d22e-4861-a6af-e281a3667830-225x300.jpg 225w, https:\/\/www.radiopiu.net\/wordpress\/wp-content\/uploads\/2021\/06\/c7b67c2c-d22e-4861-a6af-e281a3667830-768x1024.jpg 768w, https:\/\/www.radiopiu.net\/wordpress\/wp-content\/uploads\/2021\/06\/c7b67c2c-d22e-4861-a6af-e281a3667830-1152x1536.jpg 1152w, https:\/\/www.radiopiu.net\/wordpress\/wp-content\/uploads\/2021\/06\/c7b67c2c-d22e-4861-a6af-e281a3667830.jpg 1200w\" sizes=\"auto, (max-width: 225px) 100vw, 225px\" \/><\/a>\n\t\t\t\t<\/dt><\/dl><dl class='gallery-item'>\n\t\t\t\t<dt class='gallery-icon portrait'>\n\t\t\t\t\t<a class=\"rollover rollover-zoom dt-pswp-item\" title=\"d1334147-8727-4276-9fbb-5d9d8ac65e9a\" data-dt-img-description=\"\" data-large_image_width=\"1200\" data-large_image_height=\"1600\"href='https:\/\/www.radiopiu.net\/wordpress\/wp-content\/uploads\/2021\/06\/d1334147-8727-4276-9fbb-5d9d8ac65e9a.jpg'><img loading=\"lazy\" decoding=\"async\" width=\"225\" height=\"300\" src=\"https:\/\/www.radiopiu.net\/wordpress\/wp-content\/uploads\/2021\/06\/d1334147-8727-4276-9fbb-5d9d8ac65e9a-225x300.jpg\" class=\"attachment-medium size-medium\" alt=\"\" srcset=\"https:\/\/www.radiopiu.net\/wordpress\/wp-content\/uploads\/2021\/06\/d1334147-8727-4276-9fbb-5d9d8ac65e9a-225x300.jpg 225w, https:\/\/www.radiopiu.net\/wordpress\/wp-content\/uploads\/2021\/06\/d1334147-8727-4276-9fbb-5d9d8ac65e9a-768x1024.jpg 768w, https:\/\/www.radiopiu.net\/wordpress\/wp-content\/uploads\/2021\/06\/d1334147-8727-4276-9fbb-5d9d8ac65e9a-1152x1536.jpg 1152w, https:\/\/www.radiopiu.net\/wordpress\/wp-content\/uploads\/2021\/06\/d1334147-8727-4276-9fbb-5d9d8ac65e9a.jpg 1200w\" sizes=\"auto, (max-width: 225px) 100vw, 225px\" \/><\/a>\n\t\t\t\t<\/dt><\/dl><br style=\"clear: both\" \/>\n\t\t\t<\/div>\n\n<p>&nbsp;<\/p>\n<p>&nbsp;<\/p>\n<p>&nbsp;<\/p>\n<hr \/>\n<p>&nbsp;<\/p>\n<blockquote>\n<h2>PLASTIC FREE MISSIONE NEVEGAL, TUTTI I PARTICOLARI DELLA DOMENICA ECOLOGICA<\/h2>\n<\/blockquote>\n<p><strong><a href=\"https:\/\/www.radiopiu.net\/wordpress\/plastic-free-nellagordino-missione-compiuta-a-listolade-e-domenica-tocca-al-nevegal\/safe_image-24\/\" rel=\"attachment wp-att-214618\"><img loading=\"lazy\" decoding=\"async\" class=\"size-medium wp-image-214618 alignleft\" src=\"https:\/\/www.radiopiu.net\/wordpress\/wp-content\/uploads\/2021\/06\/safe_image-300x156.jpg\" alt=\"\" width=\"300\" height=\"156\" srcset=\"https:\/\/www.radiopiu.net\/wordpress\/wp-content\/uploads\/2021\/06\/safe_image-300x156.jpg 300w, https:\/\/www.radiopiu.net\/wordpress\/wp-content\/uploads\/2021\/06\/safe_image.jpg 500w\" sizes=\"auto, (max-width: 300px) 100vw, 300px\" \/><\/a><\/strong><\/p>\n<p>&nbsp;<\/p>\n<p>&nbsp;<\/p>\n<h1><strong>e domenica&#8230;. in Nevegal<\/strong><\/h1>\n<p>MARTINA SMANIOTTO<\/p>\n<p>&nbsp;<\/p>\n<audio class=\"wp-audio-shortcode\" id=\"audio-215397-11\" preload=\"none\" style=\"width: 100%;\" controls=\"controls\"><source type=\"audio\/mpeg\" src=\"https:\/\/www.radiopiu.net\/wordpress\/wp-content\/uploads\/2021\/06\/martina-nevegal-1.mp3?_=11\" \/><a href=\"https:\/\/www.radiopiu.net\/wordpress\/wp-content\/uploads\/2021\/06\/martina-nevegal-1.mp3\">https:\/\/www.radiopiu.net\/wordpress\/wp-content\/uploads\/2021\/06\/martina-nevegal-1.mp3<\/a><\/audio>\n<p>&nbsp;<\/p>\n<hr \/>\n<p>&nbsp;<\/p>\n<p>&nbsp;<\/p>\n<blockquote>\n<h3>GLI ULTRAMARATONETI ELVIS SECCO E WILLIAM DA ROIT<\/h3>\n<\/blockquote>\n<p>&nbsp;<\/p>\n<p><strong><a href=\"https:\/\/www.radiopiu.net\/wordpress\/gli-ultramaratoneti-elvis-secco-e-william-da-roit\/download-1126\/\" rel=\"attachment wp-att-214509\"><img loading=\"lazy\" decoding=\"async\" class=\"size-full wp-image-214509 alignleft\" src=\"https:\/\/www.radiopiu.net\/wordpress\/wp-content\/uploads\/2021\/06\/download.jpg\" alt=\"\" width=\"194\" height=\"259\" \/><\/a>di Claudio Fontanive<\/strong><\/p>\n<audio class=\"wp-audio-shortcode\" id=\"audio-215397-12\" preload=\"none\" style=\"width: 100%;\" controls=\"controls\"><source type=\"audio\/mpeg\" src=\"https:\/\/www.radiopiu.net\/wordpress\/wp-content\/uploads\/2021\/06\/william-elsis.mp3?_=12\" \/><a href=\"https:\/\/www.radiopiu.net\/wordpress\/wp-content\/uploads\/2021\/06\/william-elsis.mp3\">https:\/\/www.radiopiu.net\/wordpress\/wp-content\/uploads\/2021\/06\/william-elsis.mp3<\/a><\/audio>\n<p>&nbsp;<\/p>\n<p>&nbsp;<\/p>\n<p>&nbsp;<\/p>\n<hr \/>\n<blockquote>\n<h3><\/h3>\n<h3>IL COMUNE DI AGORDO APRE UNA SELEZIONE PER RILEVATORI DATI ISTAT<\/h3>\n<\/blockquote>\n<p><strong><a href=\"https:\/\/www.radiopiu.net\/wordpress\/la-rassegna-stampa-da-lamico-del-popolo-29-maggio-2021\/agordo-2-4\/\" rel=\"attachment wp-att-212853\"><img loading=\"lazy\" decoding=\"async\" class=\"size-medium wp-image-212853 alignleft\" src=\"https:\/\/www.radiopiu.net\/wordpress\/wp-content\/uploads\/2021\/05\/agordo-2-300x225.jpg\" alt=\"\" width=\"300\" height=\"225\" srcset=\"https:\/\/www.radiopiu.net\/wordpress\/wp-content\/uploads\/2021\/05\/agordo-2-300x225.jpg 300w, https:\/\/www.radiopiu.net\/wordpress\/wp-content\/uploads\/2021\/05\/agordo-2-768x576.jpg 768w, https:\/\/www.radiopiu.net\/wordpress\/wp-content\/uploads\/2021\/05\/agordo-2.jpg 960w\" sizes=\"auto, (max-width: 300px) 100vw, 300px\" \/><\/a>AGORDO <\/strong>E&#8217; indetta una selezione pubblica per titoli per la formazione di una graduatoria di Rilevatori per il Censimento Permanente della Popolazione e delle Abitazioni anno 2021, nonch\u00e9 per altre indagini statistiche ordinarie e straordinarie che saranno eventualmente richieste al Comune di Agordo dall\u2019ISTAT. La domanda di ammissione alla selezione, redatta utilizzando esclusivamente l&#8217;apposito modulo, dovr\u00e0 essere indirizzata al Comune di Agordo e dovr\u00e0 pervenire, con i documenti allegati, entro e non oltre le ore 12:00 del giorno 23 giugno 2021, il termine \u00e8 perentorio: tramite Posta Elettronica Certificata (PEC) al seguente indirizzo: comune.agordo.bl@pecveneto.it esclusivamente tramite PEC (la PEC del Comune \u00e8 chiusa, pertanto, l\u2019eventuale invio tramite semplice e mail non viene ricevuto dal sistema); tramite e-mail al seguente indirizzo: agordo@comune.agordo.bl.it; in via residuale direttamente a mano o a mezzo postale presso: Comune di Agordo (BL) \u2013 Piazzale Guglielmo Marconi n. 1 \u2013 32021 Agordo (BL).<\/p>\n<p>&nbsp;<\/p>\n<p>&nbsp;<\/p>\n<hr \/>\n<p>&nbsp;<\/p>\n<blockquote>\n<h3>IL COMUNE VUOLE ACQUISIRE UN&#8217;UNITA&#8217; IMMOBILIARE RESIDENZIALE PER FINALITA&#8217; ISTITUZIONALI DELL&#8217;AZIENDA &#8220;FODOM SERVIZI&#8221;<\/h3>\n<\/blockquote>\n<p><strong>LIVINALLONGO<\/strong> Venerdi alle 20 riunione del consiglio comunale Fodom, cinque punti all&#8217;ordine del giorno, anche l&#8217;esame del rendiconto, il riconoscimento dei debiti fuori bilancio, la variazione al bilancio e l&#8217;acquisizione dell&#8217;unit\u00e0 immobiliare.<\/p>\n<p>&nbsp;<\/p>\n<p>&nbsp;<\/p>\n<hr \/>\n<p>&nbsp;<\/p>\n<p>&nbsp;<\/p>\n<blockquote>\n<h3 align=\"left\">ASCA ASSUME NUOVI COLLABORATORI<\/h3>\n<p><strong>DI GIANNI SANTOMASO<\/strong><\/p>\n<audio class=\"wp-audio-shortcode\" id=\"audio-215397-13\" preload=\"none\" style=\"width: 100%;\" controls=\"controls\"><source type=\"audio\/mpeg\" src=\"https:\/\/www.radiopiu.net\/wordpress\/wp-content\/uploads\/2021\/06\/ASCA-STRATEGIE.mp3?_=13\" \/><a href=\"https:\/\/www.radiopiu.net\/wordpress\/wp-content\/uploads\/2021\/06\/ASCA-STRATEGIE.mp3\">https:\/\/www.radiopiu.net\/wordpress\/wp-content\/uploads\/2021\/06\/ASCA-STRATEGIE.mp3<\/a><\/audio><\/blockquote>\n<div align=\"left\"><\/div>\n<div align=\"left\"><strong>AGORDO<\/strong> Asca mette in atto nuove strategie per la gestione dei servizi residenziali e territoriali dando corso all\u2019assunzione di nuovi collaboratori: un istruttore amministrativo a tempo determinato e pieno;\u00a0 un professionista assistente sociale project manager a tempo indeterminato e pieno con iscrizione all\u2019ALBO degli assistenti sociali, con almeno un anno di esperienza nella gestione di progetti sociali o corso di specializzazione in project management o progettazione sociale. E&#8217; appena scaduta la graduatoria per l\u2019assunzione a tempo indeterminato di operatori socio sanitari e pertanto per Asca diventa necessario redigerne una nuova da utilizzare per le prossime assunzioni. Requisiti richiesti sono attestato di qualifica come Operatore Socio Sanitario oppure dichiarazione di iscrizione e frequentazione di corso O.S.S. da 1.000 ore in svolgimento sul territorio della Provincia di Belluno. Questi candidati non ancora in possesso del titolo abilitante qualora inseriti in graduatoria potranno essere assunti con il ruolo di OSS solo al conseguimento dello stesso.<\/div>\n<p>&nbsp;<\/p>\n<p>&nbsp;<\/p>\n<hr \/>\n<p>&nbsp;<\/p>\n<p><strong><span style=\"color: #ff0000;\">DOMANI<\/span><\/strong><\/p>\n<blockquote>\n<h3><a href=\"https:\/\/www.radiopiu.net\/wordpress\/giornale-radiopiu-11-giugno-2021-direttore-mirko-mezzacasa\/img_20210610_211343-1\/\" rel=\"attachment wp-att-215400\"><img loading=\"lazy\" decoding=\"async\" class=\"wp-image-215400 alignleft\" src=\"https:\/\/www.radiopiu.net\/wordpress\/wp-content\/uploads\/2021\/06\/IMG_20210610_211343-1-300x267.jpg\" alt=\"\" width=\"227\" height=\"202\" srcset=\"https:\/\/www.radiopiu.net\/wordpress\/wp-content\/uploads\/2021\/06\/IMG_20210610_211343-1-300x267.jpg 300w, https:\/\/www.radiopiu.net\/wordpress\/wp-content\/uploads\/2021\/06\/IMG_20210610_211343-1-1024x911.jpg 1024w, https:\/\/www.radiopiu.net\/wordpress\/wp-content\/uploads\/2021\/06\/IMG_20210610_211343-1-768x683.jpg 768w, https:\/\/www.radiopiu.net\/wordpress\/wp-content\/uploads\/2021\/06\/IMG_20210610_211343-1-1536x1366.jpg 1536w, https:\/\/www.radiopiu.net\/wordpress\/wp-content\/uploads\/2021\/06\/IMG_20210610_211343-1.jpg 1710w\" sizes=\"auto, (max-width: 227px) 100vw, 227px\" \/><\/a>9^BENEDIZIONE AUTO E MOTO D&#8217;EPOCA AL SANTUARIO DI SAN VITTORE E CORONA<\/h3>\n<h3><strong><span style=\"color: #ff0000;\">\u00a0Berto Gidoni, circolo bellunese auto e moto d&#8217;epoca<\/span><\/strong><\/h3>\n<p><strong>FELTRE<\/strong>\u00a0 Domani benedizione di auto e moto d&#8217;epoca segna la ripresa dell&#8217;attivit\u00e0 dopo la pausa forzata dovuta al covid 19. Programma: 830 ritrovo a Belluno stazione, 9 partenza verso il centro storico, Limana, Trichiana,Mel, Lentiai, Villapaiera 950 arrivo al Santuario, 10 benedizione 1045 spostamento in Birreria Pedavena, 12 verso la Calliera di Lamen 13 pranzo.<\/p><\/blockquote>\n<p>&nbsp;<\/p>\n<p>&nbsp;<\/p>\n<hr \/>\n<blockquote>\n<h3><\/h3>\n<h3>DANTE A BORGO VALBELLUNA<\/h3>\n<\/blockquote>\n<p><strong>BORGO VALBELLUNA\u00a0<\/strong> Domani alle 20.30, nel centro storico di Mel, spettacolo teatrale sull\u2019Inferno di Dante, proposto dalla compagnia An\u00e0-Thema Teatro di Udine. \u201cInferno\u201d \u00e8 uno spettacolo coinvolgente e divertente, ispirato ai personaggi e alle atmosfere della Divina Commedia. L\u2019ingresso \u00e8 gratuito. Per informazioni e prenotazioni: info@anathemateatro.com o 345 3146797 dalle 14 alle 18. www.anathemateatro.com.<\/p>\n<blockquote><p>Riservata ai bambini invece, la proposta delle biblioteche di Borgo Valbelluna che hanno organizzato a maggio, per le classi quinte delle scuole primarie del Comune, \u201cNella selva oscura: a spasso con Dante dall\u2019Inferno al Paradiso, passando per il Purgatorio\u201d, letture ad alta voce di adattamenti per bambini e ragazzi della Divina Commedia, eseguite da Livio Vianello, lettore professionista attivo da molti anni sulla scena veneta.<\/p><\/blockquote>\n<p>&nbsp;<\/p>\n<p>&nbsp;<\/p>\n<hr \/>\n<p>&nbsp;<\/p>\n<blockquote>\n<h3>RIAPRE IL CASTELLO DI ANDRAZ<\/h3>\n<\/blockquote>\n<p><strong>LIVINALLONGO<\/strong> Il Castello di Andraz riapre al pubblico, grazie alla collaborazione fra il Comune di Livinallongo del Col di Lana e l\u2019Istitut Cultural Ladin Cesa de Jan. Per il <strong>mese di giugno<\/strong> le aperture saranno le seguenti: 2, 5, 6 e, nelle successive settimane, <strong>dal gioved\u00ec alla domenica<\/strong>. L\u2019orario rimarr\u00e0 lo stesso per tutta l\u2019estate e cio\u00e8 dalle 10 alle 12:30 e dalle 14:30 alle 18.<\/p>\n<p>&nbsp;<\/p>\n<p>&nbsp;<\/p>\n<hr \/>\n<p>&nbsp;<\/p>\n<h2><strong><a href=\"https:\/\/www.radiopiu.net\/wordpress\/nel-fine-settimana-el-bon-de-lansuda\/59496225_332888414086403_7618196841120661504_n\/\" rel=\"attachment wp-att-214756\"><img loading=\"lazy\" decoding=\"async\" class=\" wp-image-214756 alignleft\" src=\"https:\/\/www.radiopiu.net\/wordpress\/wp-content\/uploads\/2021\/06\/59496225_332888414086403_7618196841120661504_n-300x300.jpg\" alt=\"\" width=\"94\" height=\"94\" srcset=\"https:\/\/www.radiopiu.net\/wordpress\/wp-content\/uploads\/2021\/06\/59496225_332888414086403_7618196841120661504_n-300x300.jpg 300w, https:\/\/www.radiopiu.net\/wordpress\/wp-content\/uploads\/2021\/06\/59496225_332888414086403_7618196841120661504_n-1024x1024.jpg 1024w, https:\/\/www.radiopiu.net\/wordpress\/wp-content\/uploads\/2021\/06\/59496225_332888414086403_7618196841120661504_n-150x150.jpg 150w, https:\/\/www.radiopiu.net\/wordpress\/wp-content\/uploads\/2021\/06\/59496225_332888414086403_7618196841120661504_n-768x768.jpg 768w, https:\/\/www.radiopiu.net\/wordpress\/wp-content\/uploads\/2021\/06\/59496225_332888414086403_7618196841120661504_n-1536x1536.jpg 1536w, https:\/\/www.radiopiu.net\/wordpress\/wp-content\/uploads\/2021\/06\/59496225_332888414086403_7618196841120661504_n.jpg 1976w\" sizes=\"auto, (max-width: 94px) 100vw, 94px\" \/><\/a><\/strong><\/h2>\n<h2><\/h2>\n<h2><strong><span style=\"color: #008000;\">NEL FINE SETTIMANA &#8220;EL BON DE L&#8217;ANSUDA&#8221;<\/span><\/strong><\/h2>\n<p>&nbsp;<\/p>\n<p><strong>DI GIANNI SANTOMASO\u00a0<\/strong><\/p>\n<audio class=\"wp-audio-shortcode\" id=\"audio-215397-14\" preload=\"none\" style=\"width: 100%;\" controls=\"controls\"><source type=\"audio\/mpeg\" src=\"https:\/\/www.radiopiu.net\/wordpress\/wp-content\/uploads\/2021\/06\/gianni-due-giorni-di-festa-ansuda.mp3?_=14\" \/><a href=\"https:\/\/www.radiopiu.net\/wordpress\/wp-content\/uploads\/2021\/06\/gianni-due-giorni-di-festa-ansuda.mp3\">https:\/\/www.radiopiu.net\/wordpress\/wp-content\/uploads\/2021\/06\/gianni-due-giorni-di-festa-ansuda.mp3<\/a><\/audio>\n<p>&nbsp;<\/p>\n<p><strong>l&#8217;intervista di Claudio Fontanive <\/strong>OSPITI: Antonella Schena e Silvano Savio<\/p>\n<audio class=\"wp-audio-shortcode\" id=\"audio-215397-15\" preload=\"none\" style=\"width: 100%;\" controls=\"controls\"><source type=\"audio\/mpeg\" src=\"https:\/\/www.radiopiu.net\/wordpress\/wp-content\/uploads\/2021\/06\/bon-de-lansuda.mp3?_=15\" \/><a href=\"https:\/\/www.radiopiu.net\/wordpress\/wp-content\/uploads\/2021\/06\/bon-de-lansuda.mp3\">https:\/\/www.radiopiu.net\/wordpress\/wp-content\/uploads\/2021\/06\/bon-de-lansuda.mp3<\/a><\/audio>\n<p>&nbsp;<\/p>\n<p>&nbsp;<\/p>\n<hr \/>\n<blockquote>\n<h3>L&#8217;OGGETTO RITROVATO<\/h3>\n<\/blockquote>\n<p><strong>FELTRE <\/strong>Ritorna domani &#8211; dopo la pausa dovuta alle disposizioni per l&#8217;emergenza sanitaria &#8211; l&#8217;appuntamento con la Fiera dell\u2019Oggetto Ritrovato, il mercatino dell\u2019antiquariato e dell\u2019usato che si svolge nel centro storico di Feltre.<\/p>\n<p>&nbsp;<\/p>\n<hr \/>\n<p>&nbsp;<\/p>\n<blockquote>\n<h3 class=\"Didefault\">\u00a0A SERAVELLA<\/h3>\n<p><em>Costo 10 euro a bambino tutto compreso.<\/em><\/p><\/blockquote>\n<p><strong>CESIOMAGGIORE<\/strong> \u00a0Domenica\u00a0 pomeriggio\u00a0 visite guidate e audio giochi per i pi\u00f9 piccoli. dalle 15.30. E \u201cDue passi tra i musei di Cesiomaggiore\u201d per i bambini, con ritrovo alle 15 al Museo storico della bicicletta. A seguire l\u2019audio gioco itinerante \u201cLe stagioni del giardino di Marianna e Martino\u201d con arrivo nel giardino di Seravella.<\/p>\n<p>&nbsp;<\/p>\n<hr \/>\n<p>&nbsp;<\/p>\n<p>&nbsp;<\/p>\n<blockquote>\n<h3>\u00a0L&#8217;ULTIMO TESORO D&#8217;ARTE<\/h3>\n<\/blockquote>\n<p><strong>BELLUNO<\/strong> Oggi\u00a0 alle 16 nella chiesa di Santa Maria Nascente a Pieve di Cadore sar\u00e0 presentato l&#8217;ultimo volume della collana &#8220;Tesori d&#8217;arte nelle chiese del Bellunese&#8221;, edito dalla Provincia.<\/p>\n<p>&nbsp;<\/p>\n<p>&nbsp;<\/p>\n<hr \/>\n<p>&nbsp;<\/p>\n<blockquote><p>&nbsp;<\/p>\n<h3>LA MOSTRA AL SEMINARIO GREGORIANO DAL 13 GIUGNO PER CELEBRARE DANTE NEL 700\u00b0 ANNO DALLA SUA MORTE<\/h3>\n<p><strong>BELLUNO\u00a0<\/strong> La mostra che verr\u00e0 inaugurata domani, nel titolo scelto \u2013 \u201ce quindi uscimmo a rivedere le stelle\u201d &#8211; svela un messaggio di speranza, con l\u2019intento di ripartire, di rilanciare la cultura dopo mesi di chiusura. L\u2019ingresso \u00e8 dalla porta del chiostro gotico sul sagrato della chiesa di S. Pietro.<\/p>\n<p>&nbsp;<\/p><\/blockquote>\n<hr \/>\n<p>&nbsp;<\/p>\n<h3>Concerto di Gala<br \/>\n<em>Concerto celebrativo del 154\u00b0 anno dalla fondazione della Filarmonica di Belluno.<\/em><\/h3>\n<p><strong>19 giugno 2021, ore 20:30 &#8211; Piazza Duomo Belluno<\/strong><\/p>\n<p><strong>BELLUNO<\/strong> La Filarmonica, diretta dai maestri Sandro De Marchi e Andrea Gasperin, si esibir\u00e0 in un articolato programma che spazia dalla musica originale per banda ad apposite trascrizioni di musica classica, dalla musica pop alle colonne sonore fino alla musica jazz. Per poter partecipare\u00a0<a href=\"https:\/\/bandabelluno.us15.list-manage.com\/track\/click?u=894cd617e4f50012757ef7e42&amp;id=814a764e20&amp;e=40f9faa4f0\">clicca qui<\/a>\u00a0Ingresso libero.<\/p>\n<p>&nbsp;<\/p>\n<p>&nbsp;<\/p>\n<hr \/>\n<p>&nbsp;<\/p>\n<p><strong><span style=\"color: #ff0000;\">IERI ALLA RADIO\u00a0<\/span><\/strong><\/p>\n<p>&nbsp;<\/p>\n<blockquote>\n<h3>AUGUSTO MURER, ALLA MEMORIA DI UN GRANDE AGORDINO A 36 ANNI DALLA SCOMPARSA<\/h3>\n<\/blockquote>\n<p><span style=\"color: #ff0000;\">L&#8217;ANNIVERSARIO<\/span><\/p>\n<p>&nbsp;<\/p>\n<p>di Loris Santomaso<\/p>\n<p>&nbsp;<\/p>\n<p><strong>PREMESSA\u00a0 \u00a0-AUDIO1<\/strong><\/p>\n<audio class=\"wp-audio-shortcode\" id=\"audio-215397-16\" preload=\"none\" style=\"width: 100%;\" controls=\"controls\"><source type=\"audio\/mpeg\" src=\"https:\/\/www.radiopiu.net\/wordpress\/wp-content\/uploads\/2021\/06\/LORIS.mp3?_=16\" \/><a href=\"https:\/\/www.radiopiu.net\/wordpress\/wp-content\/uploads\/2021\/06\/LORIS.mp3\">https:\/\/www.radiopiu.net\/wordpress\/wp-content\/uploads\/2021\/06\/LORIS.mp3<\/a><\/audio>\n<p>&nbsp;<\/p>\n<p><strong><img loading=\"lazy\" decoding=\"async\" class=\"alignleft\" src=\"https:\/\/www.radiopiu.net\/wordpress\/wp-content\/uploads\/2021\/06\/88930f21-2fa1-4e38-918c-d3d5b42689df.jpg\" width=\"218\" height=\"309\" \/><\/strong><\/p>\n<p>&nbsp;<\/p>\n<p>&nbsp;<\/p>\n<p>&nbsp;<\/p>\n<p><strong>A MURER di GIGI LISE\u00a0<\/strong><\/p>\n<p>&nbsp;<\/p>\n<p>&nbsp;<\/p>\n<p>&nbsp;<\/p>\n<p>&nbsp;<\/p>\n<p>&nbsp;<\/p>\n<p>&nbsp;<\/p>\n<p>&nbsp;<\/p>\n<p><strong>AUDIO 2<\/strong><\/p>\n<audio class=\"wp-audio-shortcode\" id=\"audio-215397-17\" preload=\"none\" style=\"width: 100%;\" controls=\"controls\"><source type=\"audio\/mpeg\" src=\"https:\/\/www.radiopiu.net\/wordpress\/wp-content\/uploads\/2021\/06\/GigiLise-A-Murer-11-6-2021-36mo-morte-Augusto-Murer.mp3?_=17\" \/><a href=\"https:\/\/www.radiopiu.net\/wordpress\/wp-content\/uploads\/2021\/06\/GigiLise-A-Murer-11-6-2021-36mo-morte-Augusto-Murer.mp3\">https:\/\/www.radiopiu.net\/wordpress\/wp-content\/uploads\/2021\/06\/GigiLise-A-Murer-11-6-2021-36mo-morte-Augusto-Murer.mp3<\/a><\/audio>\n<p>&nbsp;<\/p>\n<p>&nbsp;<\/p>\n<p>&nbsp;<\/p>\n<p>&nbsp;<\/p>\n<hr \/>\n<p>&nbsp;<\/p>\n<p>&nbsp;<\/p>\n<p><strong><span style=\"color: #ff0000;\">IERI ALLA RADIO\u00a0<\/span><\/strong><\/p>\n<blockquote>\n<h3><a href=\"https:\/\/www.radiopiu.net\/wordpress\/giornale-radiopiu-12-giugno-2021-direttore-mirko-mezzacasa\/1e386086-4d22-4b2e-b3bd-510aa8c95590\/\" rel=\"attachment wp-att-215505\"><img loading=\"lazy\" decoding=\"async\" class=\"size-medium wp-image-215505 alignleft\" src=\"https:\/\/www.radiopiu.net\/wordpress\/wp-content\/uploads\/2021\/06\/1e386086-4d22-4b2e-b3bd-510aa8c95590-300x157.jpg\" alt=\"\" width=\"300\" height=\"157\" srcset=\"https:\/\/www.radiopiu.net\/wordpress\/wp-content\/uploads\/2021\/06\/1e386086-4d22-4b2e-b3bd-510aa8c95590-300x157.jpg 300w, https:\/\/www.radiopiu.net\/wordpress\/wp-content\/uploads\/2021\/06\/1e386086-4d22-4b2e-b3bd-510aa8c95590-1024x536.jpg 1024w, https:\/\/www.radiopiu.net\/wordpress\/wp-content\/uploads\/2021\/06\/1e386086-4d22-4b2e-b3bd-510aa8c95590-768x402.jpg 768w, https:\/\/www.radiopiu.net\/wordpress\/wp-content\/uploads\/2021\/06\/1e386086-4d22-4b2e-b3bd-510aa8c95590.jpg 1373w\" sizes=\"auto, (max-width: 300px) 100vw, 300px\" \/><\/a>BENVENUTA ESTATE, AL VIA LA STAGIONE AD ARABBA<\/h3>\n<\/blockquote>\n<p><strong>OSPITE\u00a0 Il Presidente DIEGO DE BATTISTA\u00a0\u00a0<\/strong><\/p>\n<p>di Claudio Fontanive<\/p>\n<audio class=\"wp-audio-shortcode\" id=\"audio-215397-18\" preload=\"none\" style=\"width: 100%;\" controls=\"controls\"><source type=\"audio\/mpeg\" src=\"https:\/\/www.radiopiu.net\/wordpress\/wp-content\/uploads\/2021\/06\/diego-de-battista.mp3?_=18\" \/><a href=\"https:\/\/www.radiopiu.net\/wordpress\/wp-content\/uploads\/2021\/06\/diego-de-battista.mp3\">https:\/\/www.radiopiu.net\/wordpress\/wp-content\/uploads\/2021\/06\/diego-de-battista.mp3<\/a><\/audio>\n<p>&nbsp;<\/p>\n<p>&nbsp;<\/p>\n<hr \/>\n<p>&nbsp;<\/p>\n<p><strong><span style=\"color: #ff0000;\">IERI ALLA RADIO\u00a0<\/span><\/strong><\/p>\n<p><a href=\"https:\/\/www.radiopiu.net\/wordpress\/la-proposta-estiva-dalla-val-badia-tre-giorni-con-protagonista-il-golf\/golf-alta-badia\/\" rel=\"attachment wp-att-94022\"><img loading=\"lazy\" decoding=\"async\" class=\" wp-image-94022 alignleft\" src=\"https:\/\/www.radiopiu.net\/wordpress\/wp-content\/uploads\/2019\/08\/golf-alta-badia-300x200.jpg\" alt=\"\" width=\"215\" height=\"143\" srcset=\"https:\/\/www.radiopiu.net\/wordpress\/wp-content\/uploads\/2019\/08\/golf-alta-badia-300x200.jpg 300w, https:\/\/www.radiopiu.net\/wordpress\/wp-content\/uploads\/2019\/08\/golf-alta-badia-768x512.jpg 768w, https:\/\/www.radiopiu.net\/wordpress\/wp-content\/uploads\/2019\/08\/golf-alta-badia.jpg 900w\" sizes=\"auto, (max-width: 215px) 100vw, 215px\" \/><\/a><\/p>\n<p>&nbsp;<\/p>\n<blockquote>\n<h3>ALTA BADIA BRAND PER PROMUOVERE IL MERCATO TURISTICO<\/h3>\n<\/blockquote>\n<p><strong>OSPITE Il Direttore Roberto Huber<\/strong><\/p>\n<p>&nbsp;<\/p>\n<audio class=\"wp-audio-shortcode\" id=\"audio-215397-19\" preload=\"none\" style=\"width: 100%;\" controls=\"controls\"><source type=\"audio\/mpeg\" src=\"https:\/\/www.radiopiu.net\/wordpress\/wp-content\/uploads\/2021\/06\/alta-badia-roberto-huber-alessandro-huber.mp3?_=19\" \/><a href=\"https:\/\/www.radiopiu.net\/wordpress\/wp-content\/uploads\/2021\/06\/alta-badia-roberto-huber-alessandro-huber.mp3\">https:\/\/www.radiopiu.net\/wordpress\/wp-content\/uploads\/2021\/06\/alta-badia-roberto-huber-alessandro-huber.mp3<\/a><\/audio>\n<p>&nbsp;<\/p>\n<hr \/>\n<blockquote>\n<h3><\/h3>\n<h2>ANCHE IL CAPITOLO \u201cLAVORO\u201d NEL LIBRO \u201cCOS\u00cc LONTANO, COS\u00cc VICINO\u2026<\/h2>\n<p><strong>di RENATO BONA<\/strong><\/p>\n<p><strong>BELLUNO\u00a0<\/strong> Del 1988 Abbiamo gi\u00e0 riferito in precedenti occasioni del libro \u201cCos\u00ec lontano, cos\u00ec vicino\u201d che raccoglie cartoline di Longarone e dintorni dal 1890 al 1940, realizzato nel dicembre 1998 dalla longaronese trapiantata a Belluno Elda Deon Cardin, con Grafica Niero di Belluno, ed i commenti che si sono registrati sono stati largamente positivi, come del resto meritava lo sforzo sostenuto dalla nostra ex compagna di scuola. In questa occasione ci soffermeremo sul capitolo intitolato \u201cLavoro\u201d ma prima, ricordato che la presentazione del libro fu del sindaco Gioachino Bratti, la prefazione di Giuseppe De Vecchi, un lusinghiero commento di Marino Perera, una premessa dell\u2019autrice, ci piace riferire del \u201ccontributo\u201d di Eliana Olivotto la quale &#8211; come evidenzia la stessa autrice &#8211; ha concretamente collaborato all\u2019attuazione del progetto spiegando, con una lirica dialettale, \u201cCome leggere le cartoline raccolte da Elda\u201d e cio\u00e8 cos\u00ec: \u201cSfoglia con dita leggere, amico mio, queste pagine di tempo impalpabile e lontano. Tocca con sguardo incantato le immagini care d\u2019una realt\u00e0 rifugiata nel sogno, quasi un amore perduto e mai dimenticato, il cui ricordo ancor ti stringe il cuore. Percorri a ritroso anche tu emozioni e pensieri del tempo che fu, perdendoti un po\u2019 tra una fiaba e una storia, mentre tutto diventa memoria\u201d. Il capitolo dedicato al lavoro spazia da: La Resina a la Cartoneria, prosegue con Le Segherie, L\u2019Impresa Polla, La Faesite, quindi illustra La Fabrica di Birra e conclude con la Ditta F.lli De Biasio e la Ditta G. Plattner. Di P. Breveglieri-Belluno, collezione Giuseppe De Bona, evidenziato che \u201cle taje\u201d scivolando sulla risina giungono a valle da dove proseguono il cammino verso le segherie, viene proposta un\u2019immagine del 1901 con la dicitura: \u201c\u2018Resina\u2019: serve per la conduttura legname nel bosco di Cajada (m. 1156)\u201d. Dello stesso Breveglieri, collezione Elda Deon Cardin , specificato che \u201cL\u2019acqua del Vajont scende in una cascata, dopo un percorso di parecchi chilometri, per giungere , lungo il canale Protti scavato nella roccia, ad alimentare la fabbrica. Per Dogna e Provagna ci sono solo un sentiero e una passerella che talvolta l\u2019acqua tempestosa del Vajont travolge\u201d, questa la didascalia: \u201c1903 &#8211; Longarone &#8211; Cartoneria vista dalla strada nazionale\u201d. Editore Giuseppe Bertoia Longarone, foto Bruto Recalchi, collezione Bruno De Toffol per la terza immagine che spiega: \u201cSulla riva sinistra del Piave, sorge il villaggio del Vajont. La Cartoneria qui illustrata \u00e8 stata costruita nel 1900 da Gustavo Protti\u201d, accompagnata dalla dicitura: \u201c1928 . Dintorni di Longarone &#8211; Cartoneria S. Marsoni &amp; C\u201d. E\u2019 la volta di foto G. Burloni Belluno (collezione Elda Deon Cardin) a proposito della quale dopo aver precisato che: \u201cIn primo piano, a sinistra, notiamo le \u2018tole\u2019 accatastate vicino al canale della \u2018Roia\u2019 che forniva la forza motrice alla segheria\u201d c\u2019\u00e8 questa stringatissima illustrazione: \u201c1930 &#8211; Longarone (m. 474)\u201d. Ritorna il Breveglieri con l\u2019immagine, che fa parte della collezione Nerina e Carla Pra Baldi, a proposito della quale si pu\u00f2 leggere che: \u201cIn quegli anni l\u2019industria del legname era molto fiorente, come si pu\u00f2 notare, lungo le rive del Piave, le segherie lavoravano a pieno ritmo\u201d; poco sopra, la dicitura: \u201c1927 &#8211; Panorama di Castellavazzo visto dalle segherie Malcolm\u201d. Tocca alla Premiata Casa editrice P. Breveglieri di Belluno proporre un\u2019altra veduta panoramica: questa la didascalia: \u201c1930 &#8211; Panorama di Castellavazzo dalle Segherie Malcolm\u201d (osserviamo che nel periodo 1927-1930, la panoramica non \u00e8 cambiata per nulla &#8211; ndr.). Ci avviamo a conclusione con la Premiata Casa editrice P. Breveglieri di Belluno, foto Bruto Recalchi, collezione Giovanni Battista Polla, che offre l\u2019immagine con la dicitura: \u201c1922 \u2013 Longarone (Belluno). Stabilimento A. Polla e C.\u201d cui segue la spiegazione sul fatto che \u201cDopo la prima guerra mondiale i Fratelli Polla ed altri soci formano una societ\u00e0 e costruiscono, di fronte alla stazione ferroviaria di Fa\u00e8, uno stabilimento per la fabbricazione di serramenti in legno\u201d. Segue la foto (G. Burloni Belluno, collezione Elda Deon Cardin) con la dicitura: \u201c1936 &#8211; Longarone Fa\u00e8\u201d, e il commento che qui riportiamo: \u201cDalla lunga ciminiera esce il fumo della Faesite, entrata in funzione in questo anno\u201d. Di nuovo la Premiata Casa editrice P. Breveglieri Belluno, collezione Elda Deon Cardin) per: \u201c1917 &#8211; Longarone visto da Roggia\u201d, cos\u00ec commentata: \u201cTre distinti signori salgono la strada che porta alla fabbrica di birra. In lontananza le scuole elementari e il campanile\u201d. Tocca ad un \u201cTipografo sconosciuto\u201d, autore della immagine (collezione Elda Deon Cardin) con dicitura: \u201c1914 &#8211; Fratelli De Biasio &#8211; Longarone\u201d ed il commento: \u201cNon vi sembra di sentire nell\u2019aria il profumo dei biscotti e dei panettoni appena sfornati dal pasticcere Gigi Pozzobon?\u201d. Gli ultimi due scatti, pure di \u201cFotografo sconosciuto\u201d e stessa collezione hanno dicitura telegrafica: \u201c1922 . G. Plattner &#8211; Longarone\u201d e la spiegazione: \u201cEcco un esempio preciso di un\u2019ordinazione di una piastra per cucina economica\u201d. Siamo d\u2019accordo con quanto ebbe modo di scrivere il sindaco Bratti: \u201c\u2026 Ogni cartolina \u00e8 accompagnata da un appunto, da una spiegazione, un commento: annotazioni semplici, sempre appropriate, graziose, che vengono dal cuore e dallo spirito e nelle quali sentiamo trasparire l\u2019affetto e l\u2019immaginazione dell\u2019autrice\u201d. Della quale, vogliamo aggiungere, saremo presto lieti di commentare altre pregevoli pubblicazioni.<\/p>\n\n\t\t\t<style type='text\/css'>\n\t\t\t\t#gallery-10 {\n\t\t\t\t\tmargin: auto;\n\t\t\t\t}\n\t\t\t\t#gallery-10 .gallery-item {\n\t\t\t\t\tfloat: left;\n\t\t\t\t\tmargin-top: 10px;\n\t\t\t\t\ttext-align: center;\n\t\t\t\t\twidth: 16%;\n\t\t\t\t}\n\t\t\t\t#gallery-10 img {\n\t\t\t\t\tborder: 2px solid #cfcfcf;\n\t\t\t\t}\n\t\t\t\t#gallery-10 .gallery-caption {\n\t\t\t\t\tmargin-left: 0;\n\t\t\t\t}\n\t\t\t\t\/* see gallery_shortcode() in wp-includes\/media.php *\/\n\t\t\t<\/style>\n\t\t<div id='gallery-10' class='dt-gallery-container gallery galleryid-215397 gallery-columns-6 gallery-size-thumbnail'><dl class='gallery-item'>\n\t\t\t\t<dt class='gallery-icon landscape'>\n\t\t\t\t\t<a class=\"rollover rollover-zoom dt-pswp-item\" title=\"199375496_522352455558854_3252654549161612126_n\" data-dt-img-description=\"\" data-large_image_width=\"317\" data-large_image_height=\"206\"href='https:\/\/www.radiopiu.net\/wordpress\/wp-content\/uploads\/2021\/06\/199375496_522352455558854_3252654549161612126_n.jpg'><img loading=\"lazy\" decoding=\"async\" width=\"150\" height=\"150\" src=\"https:\/\/www.radiopiu.net\/wordpress\/wp-content\/uploads\/2021\/06\/199375496_522352455558854_3252654549161612126_n-150x150.jpg\" class=\"attachment-thumbnail size-thumbnail\" alt=\"\" \/><\/a>\n\t\t\t\t<\/dt><\/dl><dl class='gallery-item'>\n\t\t\t\t<dt class='gallery-icon portrait'>\n\t\t\t\t\t<a class=\"rollover rollover-zoom dt-pswp-item\" title=\"199351456_211527440792302_1763437231142029662_n\" data-dt-img-description=\"\" data-large_image_width=\"206\" data-large_image_height=\"207\"href='https:\/\/www.radiopiu.net\/wordpress\/wp-content\/uploads\/2021\/06\/199351456_211527440792302_1763437231142029662_n.jpg'><img loading=\"lazy\" decoding=\"async\" width=\"150\" height=\"150\" src=\"https:\/\/www.radiopiu.net\/wordpress\/wp-content\/uploads\/2021\/06\/199351456_211527440792302_1763437231142029662_n-150x150.jpg\" class=\"attachment-thumbnail size-thumbnail\" alt=\"\" srcset=\"https:\/\/www.radiopiu.net\/wordpress\/wp-content\/uploads\/2021\/06\/199351456_211527440792302_1763437231142029662_n-150x150.jpg 150w, https:\/\/www.radiopiu.net\/wordpress\/wp-content\/uploads\/2021\/06\/199351456_211527440792302_1763437231142029662_n.jpg 206w\" sizes=\"auto, (max-width: 150px) 100vw, 150px\" \/><\/a>\n\t\t\t\t<\/dt><\/dl><dl class='gallery-item'>\n\t\t\t\t<dt class='gallery-icon landscape'>\n\t\t\t\t\t<a class=\"rollover rollover-zoom dt-pswp-item\" title=\"199678835_3097135053864413_3945926435520513285_n\" data-dt-img-description=\"\" data-large_image_width=\"320\" data-large_image_height=\"200\"href='https:\/\/www.radiopiu.net\/wordpress\/wp-content\/uploads\/2021\/06\/199678835_3097135053864413_3945926435520513285_n.jpg'><img loading=\"lazy\" decoding=\"async\" width=\"150\" height=\"150\" src=\"https:\/\/www.radiopiu.net\/wordpress\/wp-content\/uploads\/2021\/06\/199678835_3097135053864413_3945926435520513285_n-150x150.jpg\" class=\"attachment-thumbnail size-thumbnail\" alt=\"\" \/><\/a>\n\t\t\t\t<\/dt><\/dl><dl class='gallery-item'>\n\t\t\t\t<dt class='gallery-icon landscape'>\n\t\t\t\t\t<a class=\"rollover rollover-zoom dt-pswp-item\" title=\"200227958_2578142669160471_8718298731915856003_n\" data-dt-img-description=\"\" data-large_image_width=\"318\" data-large_image_height=\"206\"href='https:\/\/www.radiopiu.net\/wordpress\/wp-content\/uploads\/2021\/06\/200227958_2578142669160471_8718298731915856003_n.jpg'><img loading=\"lazy\" decoding=\"async\" width=\"150\" height=\"150\" src=\"https:\/\/www.radiopiu.net\/wordpress\/wp-content\/uploads\/2021\/06\/200227958_2578142669160471_8718298731915856003_n-150x150.jpg\" class=\"attachment-thumbnail size-thumbnail\" alt=\"\" \/><\/a>\n\t\t\t\t<\/dt><\/dl><dl class='gallery-item'>\n\t\t\t\t<dt class='gallery-icon landscape'>\n\t\t\t\t\t<a class=\"rollover rollover-zoom dt-pswp-item\" title=\"197281185_154321786727417_3123669439770172975_n\" data-dt-img-description=\"\" data-large_image_width=\"350\" data-large_image_height=\"201\"href='https:\/\/www.radiopiu.net\/wordpress\/wp-content\/uploads\/2021\/06\/197281185_154321786727417_3123669439770172975_n.jpg'><img loading=\"lazy\" decoding=\"async\" width=\"150\" height=\"150\" src=\"https:\/\/www.radiopiu.net\/wordpress\/wp-content\/uploads\/2021\/06\/197281185_154321786727417_3123669439770172975_n-150x150.jpg\" class=\"attachment-thumbnail size-thumbnail\" alt=\"\" \/><\/a>\n\t\t\t\t<\/dt><\/dl><dl class='gallery-item'>\n\t\t\t\t<dt class='gallery-icon portrait'>\n\t\t\t\t\t<a class=\"rollover rollover-zoom dt-pswp-item\" title=\"199306427_196030045621667_8720067852173188903_n\" data-dt-img-description=\"\" data-large_image_width=\"153\" data-large_image_height=\"240\"href='https:\/\/www.radiopiu.net\/wordpress\/wp-content\/uploads\/2021\/06\/199306427_196030045621667_8720067852173188903_n.jpg'><img loading=\"lazy\" decoding=\"async\" width=\"150\" height=\"150\" src=\"https:\/\/www.radiopiu.net\/wordpress\/wp-content\/uploads\/2021\/06\/199306427_196030045621667_8720067852173188903_n-150x150.jpg\" class=\"attachment-thumbnail size-thumbnail\" alt=\"\" \/><\/a>\n\t\t\t\t<\/dt><\/dl><br style=\"clear: both\" \/><dl class='gallery-item'>\n\t\t\t\t<dt class='gallery-icon landscape'>\n\t\t\t\t\t<a class=\"rollover rollover-zoom dt-pswp-item\" title=\"199423914_321249836296034_5456970167733132115_n\" data-dt-img-description=\"\" data-large_image_width=\"351\" data-large_image_height=\"206\"href='https:\/\/www.radiopiu.net\/wordpress\/wp-content\/uploads\/2021\/06\/199423914_321249836296034_5456970167733132115_n.jpg'><img loading=\"lazy\" decoding=\"async\" width=\"150\" height=\"150\" src=\"https:\/\/www.radiopiu.net\/wordpress\/wp-content\/uploads\/2021\/06\/199423914_321249836296034_5456970167733132115_n-150x150.jpg\" class=\"attachment-thumbnail size-thumbnail\" alt=\"\" \/><\/a>\n\t\t\t\t<\/dt><\/dl><dl class='gallery-item'>\n\t\t\t\t<dt class='gallery-icon landscape'>\n\t\t\t\t\t<a class=\"rollover rollover-zoom dt-pswp-item\" title=\"200276264_401512641040004_5068122954232920960_n\" data-dt-img-description=\"\" data-large_image_width=\"335\" data-large_image_height=\"206\"href='https:\/\/www.radiopiu.net\/wordpress\/wp-content\/uploads\/2021\/06\/200276264_401512641040004_5068122954232920960_n.jpg'><img loading=\"lazy\" decoding=\"async\" width=\"150\" height=\"150\" src=\"https:\/\/www.radiopiu.net\/wordpress\/wp-content\/uploads\/2021\/06\/200276264_401512641040004_5068122954232920960_n-150x150.jpg\" class=\"attachment-thumbnail size-thumbnail\" alt=\"\" \/><\/a>\n\t\t\t\t<\/dt><\/dl><dl class='gallery-item'>\n\t\t\t\t<dt class='gallery-icon landscape'>\n\t\t\t\t\t<a class=\"rollover rollover-zoom dt-pswp-item\" title=\"200117363_813039142731927_3126012427310251338_n\" data-dt-img-description=\"\" data-large_image_width=\"315\" data-large_image_height=\"206\"href='https:\/\/www.radiopiu.net\/wordpress\/wp-content\/uploads\/2021\/06\/200117363_813039142731927_3126012427310251338_n.jpg'><img loading=\"lazy\" decoding=\"async\" width=\"150\" height=\"150\" src=\"https:\/\/www.radiopiu.net\/wordpress\/wp-content\/uploads\/2021\/06\/200117363_813039142731927_3126012427310251338_n-150x150.jpg\" class=\"attachment-thumbnail size-thumbnail\" alt=\"\" \/><\/a>\n\t\t\t\t<\/dt><\/dl><dl class='gallery-item'>\n\t\t\t\t<dt class='gallery-icon landscape'>\n\t\t\t\t\t<a class=\"rollover rollover-zoom dt-pswp-item\" title=\"198623558_114994027357934_5122731990206101006_n\" data-dt-img-description=\"\" data-large_image_width=\"336\" data-large_image_height=\"206\"href='https:\/\/www.radiopiu.net\/wordpress\/wp-content\/uploads\/2021\/06\/198623558_114994027357934_5122731990206101006_n.jpg'><img loading=\"lazy\" decoding=\"async\" width=\"150\" height=\"150\" src=\"https:\/\/www.radiopiu.net\/wordpress\/wp-content\/uploads\/2021\/06\/198623558_114994027357934_5122731990206101006_n-150x150.jpg\" class=\"attachment-thumbnail size-thumbnail\" alt=\"\" \/><\/a>\n\t\t\t\t<\/dt><\/dl><dl class='gallery-item'>\n\t\t\t\t<dt class='gallery-icon landscape'>\n\t\t\t\t\t<a class=\"rollover rollover-zoom dt-pswp-item\" title=\"198281800_896638887552908_4622967028080005214_n\" data-dt-img-description=\"\" data-large_image_width=\"314\" data-large_image_height=\"206\"href='https:\/\/www.radiopiu.net\/wordpress\/wp-content\/uploads\/2021\/06\/198281800_896638887552908_4622967028080005214_n.jpg'><img loading=\"lazy\" decoding=\"async\" width=\"150\" height=\"150\" src=\"https:\/\/www.radiopiu.net\/wordpress\/wp-content\/uploads\/2021\/06\/198281800_896638887552908_4622967028080005214_n-150x150.jpg\" class=\"attachment-thumbnail size-thumbnail\" alt=\"\" \/><\/a>\n\t\t\t\t<\/dt><\/dl>\n\t\t\t\t<br style='clear: both' \/>\n\t\t\t<\/div>\n\n<p>&nbsp;<\/p>\n<p>&nbsp;<\/p><\/blockquote>\n<hr \/>\n<blockquote>\n<h3><\/h3>\n<h3>SOLIDARIETA&#8217; VENETO FONDO PENSIONE, ORA ANCHE IN VIDEO<\/h3>\n<\/blockquote>\n<p><span style=\"color: #ff0000;\">LA PRIMA PUNTATA<\/span><\/p>\n<p><iframe loading=\"lazy\" title=\"fiscalit\u00e0 con avvertenza\" width=\"1200\" height=\"675\" src=\"https:\/\/www.youtube.com\/embed\/dv9VMVnh8Pg?feature=oembed\" frameborder=\"0\" allow=\"accelerometer; autoplay; clipboard-write; encrypted-media; gyroscope; picture-in-picture\" allowfullscreen><\/iframe><\/p>\n<p>&nbsp;<\/p>\n<hr \/>\n<blockquote>\n<h2><\/h2>\n<h2>FANTASTICHE DOLOMITI, NUOVA STAGIONE. APPUNTAMENTO QUINDICINALE IL GIOVEDI ALLE 10.30 E 19.00<\/h2>\n<\/blockquote>\n<h2><span style=\"color: #ff0000;\"><strong><a class=\"dt-pswp-item\" href=\"https:\/\/www.radiopiu.net\/wordpress\/wp-content\/uploads\/2020\/08\/montagna-2020-scaled.jpg\" data-dt-img-description=\"\" data-large_image_width=\"2560\" data-large_image_height=\"1440\"><img loading=\"lazy\" decoding=\"async\" class=\"wp-image-158273 alignleft\" src=\"https:\/\/www.radiopiu.net\/wordpress\/wp-content\/uploads\/2020\/08\/montagna-2020-300x169.jpg\" alt=\"\" width=\"147\" height=\"83\" srcset=\"https:\/\/www.radiopiu.net\/wordpress\/wp-content\/uploads\/2020\/08\/montagna-2020-300x169.jpg 300w, https:\/\/www.radiopiu.net\/wordpress\/wp-content\/uploads\/2020\/08\/montagna-2020-1024x576.jpg 1024w, https:\/\/www.radiopiu.net\/wordpress\/wp-content\/uploads\/2020\/08\/montagna-2020-768x432.jpg 768w, https:\/\/www.radiopiu.net\/wordpress\/wp-content\/uploads\/2020\/08\/montagna-2020-1536x864.jpg 1536w, https:\/\/www.radiopiu.net\/wordpress\/wp-content\/uploads\/2020\/08\/montagna-2020-2048x1152.jpg 2048w, https:\/\/www.radiopiu.net\/wordpress\/wp-content\/uploads\/2020\/08\/montagna-2020-640x360.jpg 640w\" sizes=\"auto, (max-width: 147px) 100vw, 147px\" \/><\/a><\/strong><\/span><\/h2>\n<h2><span style=\"color: #ff0000;\">PUNTATA 17 03 GIUGNO\u00a0<\/span><\/h2>\n<p><strong>OSPITE IL PRESIDENTE CLAUDIO CANOVA<\/strong><\/p>\n<audio class=\"wp-audio-shortcode\" id=\"audio-215397-20\" preload=\"none\" style=\"width: 100%;\" controls=\"controls\"><source type=\"audio\/mpeg\" src=\"https:\/\/www.radiopiu.net\/wordpress\/wp-content\/uploads\/2021\/06\/fantastiche-dolomiti-3-giugno.mp3?_=20\" \/><a href=\"https:\/\/www.radiopiu.net\/wordpress\/wp-content\/uploads\/2021\/06\/fantastiche-dolomiti-3-giugno.mp3\">https:\/\/www.radiopiu.net\/wordpress\/wp-content\/uploads\/2021\/06\/fantastiche-dolomiti-3-giugno.mp3<\/a><\/audio>\n<h3>LA RACCOLTA COMPLETA<\/h3>\n<p>&nbsp;<\/p>\n<blockquote class=\"wp-embedded-content\" data-secret=\"db9NEz8pqs\"><p><a href=\"https:\/\/www.radiopiu.net\/wordpress\/raccolta-completa11\/\">FANTASTICHE DOLOMITI LA RACCOLTA COMPLETA<\/a><\/p><\/blockquote>\n<p><iframe loading=\"lazy\" class=\"wp-embedded-content\" sandbox=\"allow-scripts\" security=\"restricted\" style=\"position: absolute; clip: rect(1px, 1px, 1px, 1px);\" title=\"&#8220;FANTASTICHE DOLOMITI LA RACCOLTA COMPLETA&#8221; &#8212; Radio Pi\u00f9\" src=\"https:\/\/www.radiopiu.net\/wordpress\/raccolta-completa11\/embed\/#?secret=db9NEz8pqs\" data-secret=\"db9NEz8pqs\" width=\"600\" height=\"338\" frameborder=\"0\" marginwidth=\"0\" marginheight=\"0\" scrolling=\"no\"><\/iframe><\/p>\n<p>&nbsp;<\/p>\n<p>&nbsp;<\/p>\n<p>&nbsp;<\/p>\n<hr \/>\n<div>\n<div>\n<div class=\"b654a4as d2edcug0\">\n<div class=\"rq0escxv hkbzh7o3 jwdofwj8 n8tt0mok r8blr3vg hyh9befq\">\n<div class=\"b654a4as d2edcug0\">\n<h2><span style=\"color: #008000;\">\u00a0<\/span><\/h2>\n<h2><span style=\"color: #008000;\">ERBE E PIANTE CURATIVE&#8230;IL\u00a0 PROGRAMMA DI PAOLA LANCIATO<\/span><\/h2>\n<p><strong><a href=\"https:\/\/www.radiopiu.net\/wordpress\/erbe-e-piante-curative-il-programma-di-paola-lanciato-08-giugno-2021\/ciliegio\/\" rel=\"attachment wp-att-214762\"><img loading=\"lazy\" decoding=\"async\" class=\" wp-image-214762 alignleft\" src=\"https:\/\/www.radiopiu.net\/wordpress\/wp-content\/uploads\/2021\/06\/CILIEGIO-300x200.jpg\" alt=\"\" width=\"194\" height=\"129\" srcset=\"https:\/\/www.radiopiu.net\/wordpress\/wp-content\/uploads\/2021\/06\/CILIEGIO-300x200.jpg 300w, https:\/\/www.radiopiu.net\/wordpress\/wp-content\/uploads\/2021\/06\/CILIEGIO-1024x683.jpg 1024w, https:\/\/www.radiopiu.net\/wordpress\/wp-content\/uploads\/2021\/06\/CILIEGIO-768x512.jpg 768w, https:\/\/www.radiopiu.net\/wordpress\/wp-content\/uploads\/2021\/06\/CILIEGIO-1536x1024.jpg 1536w, https:\/\/www.radiopiu.net\/wordpress\/wp-content\/uploads\/2021\/06\/CILIEGIO.jpg 1920w\" sizes=\"auto, (max-width: 194px) 100vw, 194px\" \/><\/a>di Paola Lanciato<\/strong><\/p>\n<h2><span style=\"color: #0000ff;\">PUNTATA DEL 08 GIUGNO 2021<\/span><\/h2>\n<h2><span style=\"color: #ff00ff;\">IL CILIEGIO<\/span><\/h2>\n<audio class=\"wp-audio-shortcode\" id=\"audio-215397-21\" preload=\"none\" style=\"width: 100%;\" controls=\"controls\"><source type=\"audio\/mpeg\" src=\"https:\/\/www.radiopiu.net\/wordpress\/wp-content\/uploads\/2021\/06\/17-Il-ciliegio-M.mp3?_=21\" \/><a href=\"https:\/\/www.radiopiu.net\/wordpress\/wp-content\/uploads\/2021\/06\/17-Il-ciliegio-M.mp3\">https:\/\/www.radiopiu.net\/wordpress\/wp-content\/uploads\/2021\/06\/17-Il-ciliegio-M.mp3<\/a><\/audio>\n<\/div>\n<blockquote class=\"wp-embedded-content\" data-secret=\"DIj2wzoMHw\"><p><a href=\"https:\/\/www.radiopiu.net\/wordpress\/erbe-e-piante-curative-il-mandorlo\/\">L\u2019ERBA VOGLIO DEL GIARDINO DEL RE\u2026 ERBE, FIORI E PIANTE DI E CON PAOLA LANCIATO<\/a><\/p><\/blockquote>\n<p><iframe loading=\"lazy\" class=\"wp-embedded-content\" sandbox=\"allow-scripts\" security=\"restricted\" style=\"position: absolute; clip: rect(1px, 1px, 1px, 1px);\" title=\"&#8220;L\u2019ERBA VOGLIO DEL GIARDINO DEL RE\u2026 ERBE, FIORI E PIANTE DI E CON PAOLA LANCIATO&#8221; &#8212; Radio Pi\u00f9\" src=\"https:\/\/www.radiopiu.net\/wordpress\/erbe-e-piante-curative-il-mandorlo\/embed\/#?secret=DIj2wzoMHw\" data-secret=\"DIj2wzoMHw\" width=\"600\" height=\"338\" frameborder=\"0\" marginwidth=\"0\" marginheight=\"0\" scrolling=\"no\"><\/iframe><\/p>\n<p>&nbsp;<\/p>\n<p>&nbsp;<\/p>\n<\/div>\n<\/div>\n<\/div>\n<\/div>\n<p>&nbsp;<\/p>\n<p>&nbsp;<\/p>\n<hr \/>\n<p>&nbsp;<\/p>\n<div>\n<h2><span style=\"color: #ff0000;\"><strong>IN VIVO VERSO 2020-21 ESTATE, RIASCOLTIAMOLI&#8230; DAL CASSETTO DEI RICORDI DI RADIO PIU&#8217;&#8230; LE PRIME\u00a0 SEI STAGIONI\u00a0 \u00a0<\/strong><\/span><\/h2>\n<blockquote>\n<h2>riascoltiamole A MIA MOGLIE di RENZO SCUSSEL TITELA 2015<\/h2>\n<\/blockquote>\n<div class=\"page-title-head hgroup\">\n<div class=\"page-title-head hgroup\">\n<div class=\"page-title-head hgroup\">\n<div class=\"page-title-head hgroup\">\n<div class=\"page-title-head hgroup\">\n<div class=\"page-title-head hgroup\">\n<blockquote>\n<div align=\"left\">AUDIO<\/div>\n<div align=\"left\"><\/div>\n<div align=\"left\">\n<audio class=\"wp-audio-shortcode\" id=\"audio-215397-22\" preload=\"none\" style=\"width: 100%;\" controls=\"controls\"><source type=\"audio\/mpeg\" src=\"https:\/\/www.radiopiu.net\/wordpress\/wp-content\/uploads\/2021\/06\/VIVO-VERSO-VEN-1.mp3?_=22\" \/><a href=\"https:\/\/www.radiopiu.net\/wordpress\/wp-content\/uploads\/2021\/06\/VIVO-VERSO-VEN-1.mp3\">https:\/\/www.radiopiu.net\/wordpress\/wp-content\/uploads\/2021\/06\/VIVO-VERSO-VEN-1.mp3<\/a><\/audio>\n<\/div>\n<div align=\"left\"><\/div>\n<p><strong>LA RACCOLTA COMPLETA<\/strong><\/p><\/blockquote>\n<\/div>\n<\/div>\n<\/div>\n<\/div>\n<\/div>\n<\/div>\n<blockquote class=\"wp-embedded-content\" data-secret=\"4ZE8Ma9Jly\"><p><a href=\"https:\/\/www.radiopiu.net\/wordpress\/in-vivo-verso\/\">In Vivo Verso<\/a><\/p><\/blockquote>\n<p><iframe loading=\"lazy\" class=\"wp-embedded-content\" sandbox=\"allow-scripts\" security=\"restricted\" style=\"position: absolute; clip: rect(1px, 1px, 1px, 1px);\" title=\"&#8220;In Vivo Verso&#8221; &#8212; Radio Pi\u00f9\" src=\"https:\/\/www.radiopiu.net\/wordpress\/in-vivo-verso\/embed\/#?secret=4ZE8Ma9Jly\" data-secret=\"4ZE8Ma9Jly\" width=\"600\" height=\"338\" frameborder=\"0\" marginwidth=\"0\" marginheight=\"0\" scrolling=\"no\"><\/iframe><\/p>\n<p>&nbsp;<\/p>\n<p>&nbsp;<\/p>\n<hr \/>\n<\/div>\n<blockquote>\n<blockquote>\n<h2><\/h2>\n<\/blockquote>\n<\/blockquote>\n<div>\n<div class=\"b654a4as d2edcug0\">\n<div class=\"rq0escxv hkbzh7o3 jwdofwj8 n8tt0mok r8blr3vg hyh9befq\">\n<p>&nbsp;<\/p>\n<blockquote>\n<h2><span style=\"color: #ff0000;\"><em>ZAINO ALLA RADIO&#8230;ESTATE DI PAOLA LANCIATO TUTTI I GIORNI dal lunedi al venerdi ALLE 14 E 23.30\u00a0 \u00a0<\/em><\/span><\/h2>\n<h2>BOSA M. zaino da viaggio estate di PAOLA LANCIATO<\/h2>\n<\/blockquote>\n<div class=\"b654a4as d2edcug0\">\n<p>AUDIO<\/p>\n<audio class=\"wp-audio-shortcode\" id=\"audio-215397-23\" preload=\"none\" style=\"width: 100%;\" controls=\"controls\"><source type=\"audio\/mpeg\" src=\"https:\/\/www.radiopiu.net\/wordpress\/wp-content\/uploads\/2021\/06\/25-Bosa-M.mp3?_=23\" \/><a href=\"https:\/\/www.radiopiu.net\/wordpress\/wp-content\/uploads\/2021\/06\/25-Bosa-M.mp3\">https:\/\/www.radiopiu.net\/wordpress\/wp-content\/uploads\/2021\/06\/25-Bosa-M.mp3<\/a><\/audio>\n<p>&nbsp;<\/p>\n<p><img loading=\"lazy\" decoding=\"async\" class=\"\" src=\"https:\/\/www.radiopiu.net\/wordpress\/wp-content\/uploads\/2021\/06\/25.jpg\" width=\"298\" height=\"174\" \/><\/p>\n<p>&nbsp;<\/p>\n<\/div>\n<blockquote class=\"wp-embedded-content\" data-secret=\"Of7ZFIiPCb\"><p><a href=\"https:\/\/www.radiopiu.net\/wordpress\/zaino-femminile-lanciato\/\">Zaino da viaggio al femminile<\/a><\/p><\/blockquote>\n<p><iframe loading=\"lazy\" class=\"wp-embedded-content\" sandbox=\"allow-scripts\" security=\"restricted\" style=\"position: absolute; clip: rect(1px, 1px, 1px, 1px);\" title=\"&#8220;Zaino da viaggio al femminile&#8221; &#8212; Radio Pi\u00f9\" src=\"https:\/\/www.radiopiu.net\/wordpress\/zaino-femminile-lanciato\/embed\/#?secret=Of7ZFIiPCb\" data-secret=\"Of7ZFIiPCb\" width=\"600\" height=\"338\" frameborder=\"0\" marginwidth=\"0\" marginheight=\"0\" scrolling=\"no\"><\/iframe><\/p>\n<p>&nbsp;<\/p>\n<\/div>\n<\/div>\n<\/div>\n<p>&nbsp;<\/p>\n<hr \/>\n<p>&nbsp;<\/p>\n<div>\n<div class=\"b654a4as d2edcug0\">\n<div class=\"rq0escxv hkbzh7o3 jwdofwj8 n8tt0mok r8blr3vg hyh9befq\">\n<p><a class=\"dt-pswp-item\" href=\"https:\/\/www.radiopiu.net\/wordpress\/wp-content\/uploads\/2020\/10\/pp.jpg\" data-dt-img-description=\"\" data-large_image_width=\"640\" data-large_image_height=\"640\"><img loading=\"lazy\" decoding=\"async\" class=\"wp-image-163678 alignleft\" src=\"https:\/\/www.radiopiu.net\/wordpress\/wp-content\/uploads\/2020\/10\/pp-300x300.jpg\" alt=\"\" width=\"106\" height=\"106\" srcset=\"https:\/\/www.radiopiu.net\/wordpress\/wp-content\/uploads\/2020\/10\/pp-300x300.jpg 300w, https:\/\/www.radiopiu.net\/wordpress\/wp-content\/uploads\/2020\/10\/pp-150x150.jpg 150w, https:\/\/www.radiopiu.net\/wordpress\/wp-content\/uploads\/2020\/10\/pp-125x125.jpg 125w, https:\/\/www.radiopiu.net\/wordpress\/wp-content\/uploads\/2020\/10\/pp-200x200.jpg 200w, https:\/\/www.radiopiu.net\/wordpress\/wp-content\/uploads\/2020\/10\/pp-80x80.jpg 80w, https:\/\/www.radiopiu.net\/wordpress\/wp-content\/uploads\/2020\/10\/pp-480x480.jpg 480w, https:\/\/www.radiopiu.net\/wordpress\/wp-content\/uploads\/2020\/10\/pp.jpg 640w\" sizes=\"auto, (max-width: 106px) 100vw, 106px\" \/><\/a><\/p>\n<\/div>\n<\/div>\n<\/div>\n<div>\n<div class=\"page-title-head hgroup\">\n<div class=\"page-title-head hgroup\">\n<div class=\"b654a4as d2edcug0\">\n<div class=\"j83agx80 btwxx1t3 lhclo0ds hop8lmos nkwizq5d scwd0bx6 roh60bw9\">\n<div class=\"rq0escxv hkbzh7o3 jwdofwj8 n8tt0mok r8blr3vg hyh9befq\">\n<div class=\"do00u71z l9j0dhe7 k4urcfbm\">\n<h2><span style=\"color: #000080;\">DON CESARE, IL PENSIERO DEL GIORNO. ALLA RADIO ALLE 7 DEL MATTINO E ALLE 19.30 DELLA SERA.\u00a0\u00a0<\/span><\/h2>\n<\/div>\n<\/div>\n<\/div>\n<div class=\"rq0escxv hkbzh7o3 jwdofwj8 n8tt0mok r8blr3vg hyh9befq\">\n<p>&nbsp;<\/p>\n<audio class=\"wp-audio-shortcode\" id=\"audio-215397-24\" preload=\"none\" style=\"width: 100%;\" controls=\"controls\"><source type=\"audio\/mpeg\" src=\"https:\/\/www.radiopiu.net\/wordpress\/wp-content\/uploads\/2021\/06\/CESARE-10.mp3?_=24\" \/><a href=\"https:\/\/www.radiopiu.net\/wordpress\/wp-content\/uploads\/2021\/06\/CESARE-10.mp3\">https:\/\/www.radiopiu.net\/wordpress\/wp-content\/uploads\/2021\/06\/CESARE-10.mp3<\/a><\/audio>\n<\/div>\n<\/div>\n<\/div>\n<\/div>\n<\/div>\n<p>&nbsp;<\/p>\n<hr \/>\n<p>&nbsp;<\/p>\n<div>\n<h2><span style=\"color: #800080;\"><strong>LA RASSEGNA STAMPA DA L&#8217;AMICO DEL POPOLO\u00a0<\/strong><\/span><\/h2>\n<h3 class=\"kvgmc6g5 cxmmr5t8 oygrvhab hcukyx3x c1et5uql\"><span style=\"color: #0000ff;\"> INFORMAZIONE il canale su TELEGRAM informazione di prima mano e in tempo reale. iscriviti ed aiutaci a farlo conoscere\u00a0<\/span><\/h3>\n<p><strong><a href=\"https:\/\/www.radiopiu.net\/wordpress\/la-rassegna-stampa-da-lamico-del-popolo-05-giugno-2021\/72617426_10217056632511154_1899306852655562752_n\/\" rel=\"attachment wp-att-214211\"><img loading=\"lazy\" decoding=\"async\" class=\" wp-image-214211 alignleft\" src=\"https:\/\/www.radiopiu.net\/wordpress\/wp-content\/uploads\/2021\/06\/72617426_10217056632511154_1899306852655562752_n-225x300.jpg\" alt=\"\" width=\"118\" height=\"157\" srcset=\"https:\/\/www.radiopiu.net\/wordpress\/wp-content\/uploads\/2021\/06\/72617426_10217056632511154_1899306852655562752_n-225x300.jpg 225w, https:\/\/www.radiopiu.net\/wordpress\/wp-content\/uploads\/2021\/06\/72617426_10217056632511154_1899306852655562752_n-768x1024.jpg 768w, https:\/\/www.radiopiu.net\/wordpress\/wp-content\/uploads\/2021\/06\/72617426_10217056632511154_1899306852655562752_n-1152x1536.jpg 1152w, https:\/\/www.radiopiu.net\/wordpress\/wp-content\/uploads\/2021\/06\/72617426_10217056632511154_1899306852655562752_n.jpg 1511w\" sizes=\"auto, (max-width: 118px) 100vw, 118px\" \/><\/a><\/strong><\/p>\n<p>&nbsp;<\/p>\n<p><strong>di Gianni Santomaso<\/strong><\/p>\n<p>OSPITE: Liana Cavallet<\/p>\n<audio class=\"wp-audio-shortcode\" id=\"audio-215397-25\" preload=\"none\" style=\"width: 100%;\" controls=\"controls\"><source type=\"audio\/mpeg\" src=\"https:\/\/www.radiopiu.net\/wordpress\/wp-content\/uploads\/2021\/06\/RASSEGNA-GIANNI.mp3?_=25\" \/><a href=\"https:\/\/www.radiopiu.net\/wordpress\/wp-content\/uploads\/2021\/06\/RASSEGNA-GIANNI.mp3\">https:\/\/www.radiopiu.net\/wordpress\/wp-content\/uploads\/2021\/06\/RASSEGNA-GIANNI.mp3<\/a><\/audio>\n<p>&nbsp;<\/p>\n<p><strong>LA RACCOLTA COMPLETA<\/strong><\/p>\n<blockquote class=\"wp-embedded-content\" data-secret=\"Ha56zlZ8lZ\"><p><a href=\"https:\/\/www.radiopiu.net\/wordpress\/rassegna-stampa-di-gianni-santomaso\/\">Rassegna stampa da l&#8217;amico del popolo &#8211; di Gianni Santomaso<\/a><\/p><\/blockquote>\n<p><iframe loading=\"lazy\" class=\"wp-embedded-content\" sandbox=\"allow-scripts\" security=\"restricted\" style=\"position: absolute; clip: rect(1px, 1px, 1px, 1px);\" title=\"&#8220;Rassegna stampa da l&#8217;amico del popolo &#8211; di Gianni Santomaso&#8221; &#8212; Radio Pi\u00f9\" src=\"https:\/\/www.radiopiu.net\/wordpress\/rassegna-stampa-di-gianni-santomaso\/embed\/#?secret=Ha56zlZ8lZ\" data-secret=\"Ha56zlZ8lZ\" width=\"600\" height=\"338\" frameborder=\"0\" marginwidth=\"0\" marginheight=\"0\" scrolling=\"no\"><\/iframe><\/p>\n<div class=\"b654a4as d2edcug0\"><\/div>\n<\/div>\n<p>&nbsp;<\/p>\n<hr \/>\n<p>&nbsp;<\/p>\n<div dir=\"auto\">\n<p>&nbsp;<\/p>\n<blockquote>\n<h3 class=\"kvgmc6g5 cxmmr5t8 oygrvhab hcukyx3x c1et5uql\"><span style=\"color: #0000ff;\">INFORMAZIONE il canale su TELEGRAM informazione di prima mano e in tempo reale. iscriviti ed aiutaci a farlo conoscere\u00a0<\/span><\/h3>\n<\/blockquote>\n<h2><a href=\"https:\/\/www.radiopiu.net\/wordpress\/strutturare-lo-studio\/studiare\/\" rel=\"attachment wp-att-210171\"><img loading=\"lazy\" decoding=\"async\" class=\" wp-image-210171 alignleft\" src=\"https:\/\/www.radiopiu.net\/wordpress\/wp-content\/uploads\/2021\/05\/studiare-300x200.jpeg\" alt=\"\" width=\"177\" height=\"118\" srcset=\"https:\/\/www.radiopiu.net\/wordpress\/wp-content\/uploads\/2021\/05\/studiare-300x200.jpeg 300w, https:\/\/www.radiopiu.net\/wordpress\/wp-content\/uploads\/2021\/05\/studiare.jpeg 626w\" sizes=\"auto, (max-width: 177px) 100vw, 177px\" \/><\/a>007 IN CONDOTTA CON LA PROF. MARIA ROSA SALMAZO IL LUNEDI ALLE 10,30 E ALLE 19.00 LA DOMENICA ALLE 8 DEL MATTINO. NONA STAGIONE<\/h2>\n<p><span style=\"color: #ff0000;\"><strong>PUNTATA DEL 07 GIUGNO\u00a0 ULTIMA PUNTATA NONA STAGIONE, LA FINE DELL&#8217;ANNO SCOLASTICO, CON UN GRAZIE ALLA PROF. E ALLO STUDENTE &#8220;RIPETENTE&#8221; &#8230; CI SI RITROVA A SETTEMBRE PER IL DECIMO ANNO&#8230;<\/strong><\/span><\/p>\n<\/div>\n<div dir=\"auto\">\n<audio class=\"wp-audio-shortcode\" id=\"audio-215397-26\" preload=\"none\" style=\"width: 100%;\" controls=\"controls\"><source type=\"audio\/mpeg\" src=\"https:\/\/www.radiopiu.net\/wordpress\/wp-content\/uploads\/2021\/06\/007-5-giugno.mp3?_=26\" \/><a href=\"https:\/\/www.radiopiu.net\/wordpress\/wp-content\/uploads\/2021\/06\/007-5-giugno.mp3\">https:\/\/www.radiopiu.net\/wordpress\/wp-content\/uploads\/2021\/06\/007-5-giugno.mp3<\/a><\/audio>\n<h2>LA RACCOLTA COMPLETA<\/h2>\n<blockquote class=\"wp-embedded-content\" data-secret=\"6M4QnJV4ly\"><p><a href=\"https:\/\/www.radiopiu.net\/wordpress\/007incondotta-9\/\">007 in condotta<\/a><\/p><\/blockquote>\n<p><iframe loading=\"lazy\" class=\"wp-embedded-content\" sandbox=\"allow-scripts\" security=\"restricted\" style=\"position: absolute; clip: rect(1px, 1px, 1px, 1px);\" title=\"&#8220;007 in condotta&#8221; &#8212; Radio Pi\u00f9\" src=\"https:\/\/www.radiopiu.net\/wordpress\/007incondotta-9\/embed\/#?secret=6M4QnJV4ly\" data-secret=\"6M4QnJV4ly\" width=\"600\" height=\"338\" frameborder=\"0\" marginwidth=\"0\" marginheight=\"0\" scrolling=\"no\"><\/iframe><\/p>\n<p>&nbsp;<\/p>\n<h1><\/h1>\n<\/div>\n<hr \/>\n<p>&nbsp;<\/p>\n<p>&nbsp;<\/p>\n<div dir=\"auto\">\n<blockquote>\n<h3>SALUTE E SOCIETA&#8217; IL LUNEDI ALLE 13.10 E ALLE 20.10, LA DOMENICA ALLE 10.30 A CURA DEL DOTTOR MARCO CARACCIOLO. QUINTA STAGIONE<\/h3>\n<\/blockquote>\n<p><strong>LA PUNTATA DELLA SETTIMANA del 7 GIUGNO<\/strong><\/p>\n<p><a href=\"https:\/\/www.radiopiu.net\/wordpress\/giornale-radiopiu-08-giugno-2021-direttore-mirko-mezzacasa\/3dc9e2ab-2d96-92b2-0368-5d4f1b0e76bc\/\" rel=\"attachment wp-att-214500\"><img loading=\"lazy\" decoding=\"async\" class=\" wp-image-214500 alignleft\" src=\"https:\/\/www.radiopiu.net\/wordpress\/wp-content\/uploads\/2021\/06\/3dc9e2ab-2d96-92b2-0368-5d4f1b0e76bc-300x169.png\" alt=\"\" width=\"225\" height=\"127\" srcset=\"https:\/\/www.radiopiu.net\/wordpress\/wp-content\/uploads\/2021\/06\/3dc9e2ab-2d96-92b2-0368-5d4f1b0e76bc-300x169.png 300w, https:\/\/www.radiopiu.net\/wordpress\/wp-content\/uploads\/2021\/06\/3dc9e2ab-2d96-92b2-0368-5d4f1b0e76bc-1024x576.png 1024w, https:\/\/www.radiopiu.net\/wordpress\/wp-content\/uploads\/2021\/06\/3dc9e2ab-2d96-92b2-0368-5d4f1b0e76bc-768x432.png 768w, https:\/\/www.radiopiu.net\/wordpress\/wp-content\/uploads\/2021\/06\/3dc9e2ab-2d96-92b2-0368-5d4f1b0e76bc.png 1280w\" sizes=\"auto, (max-width: 225px) 100vw, 225px\" \/><\/a>Il colangiocarcinoma \u00e8 un tumore raro che si forma nei dotti biliari. I pazienti con questa patologia spesso vengono diagnosticati in una fase tardiva o avanzata della malattia, quando la prognosi \u00e8 sfavorevole. In Europa, l\u2019incidenza del colangiocarcinoma varia tra i 6000 e gli 8000 casi. Danilo Magliano ne ha parlato con Davide Melisi, Professore di Oncologia Medica, Universit\u00e0 degli Studi di Verona<\/p>\n<p><strong>AUDIO\u00a0\u00a0<\/strong><\/p>\n<audio class=\"wp-audio-shortcode\" id=\"audio-215397-27\" preload=\"none\" style=\"width: 100%;\" controls=\"controls\"><source type=\"audio\/mpeg\" src=\"https:\/\/www.radiopiu.net\/wordpress\/wp-content\/uploads\/2021\/06\/SALUTE.mp3?_=27\" \/><a href=\"https:\/\/www.radiopiu.net\/wordpress\/wp-content\/uploads\/2021\/06\/SALUTE.mp3\">https:\/\/www.radiopiu.net\/wordpress\/wp-content\/uploads\/2021\/06\/SALUTE.mp3<\/a><\/audio>\n<p><strong>LA RACCOLTA COMPLETA\u00a0<\/strong><\/p>\n<blockquote class=\"wp-embedded-content\" data-secret=\"H3o3r5gQ6H\"><p><a href=\"https:\/\/www.radiopiu.net\/wordpress\/saluteesocieta\/\">Salute e Societ\u00e0<\/a><\/p><\/blockquote>\n<p><iframe loading=\"lazy\" class=\"wp-embedded-content\" sandbox=\"allow-scripts\" security=\"restricted\" style=\"position: absolute; clip: rect(1px, 1px, 1px, 1px);\" title=\"&#8220;Salute e Societ\u00e0&#8221; &#8212; Radio Pi\u00f9\" src=\"https:\/\/www.radiopiu.net\/wordpress\/saluteesocieta\/embed\/#?secret=H3o3r5gQ6H\" data-secret=\"H3o3r5gQ6H\" width=\"600\" height=\"338\" frameborder=\"0\" marginwidth=\"0\" marginheight=\"0\" scrolling=\"no\"><\/iframe><\/p>\n<\/div>\n<div dir=\"auto\">\n<h1><\/h1>\n<\/div>\n<hr \/>\n<blockquote>\n<h3 id=\"titlewrap\"><\/h3>\n<h3>COLLAGE DI LORIS SCUSSEL, DAL LUNEDI AL VENERDI ALLE 16 E ALLE 23<\/h3>\n<\/blockquote>\n<div><strong>AUDIO PUNTATA 365 DEL\u00a0 11 GIUGNO\u00a0 \u00a0\u00a0<\/strong><\/div>\n<div>\n<audio class=\"wp-audio-shortcode\" id=\"audio-215397-28\" preload=\"none\" style=\"width: 100%;\" controls=\"controls\"><source type=\"audio\/mpeg\" src=\"https:\/\/www.radiopiu.net\/wordpress\/wp-content\/uploads\/2021\/06\/Collage-365.mp3?_=28\" \/><a href=\"https:\/\/www.radiopiu.net\/wordpress\/wp-content\/uploads\/2021\/06\/Collage-365.mp3\">https:\/\/www.radiopiu.net\/wordpress\/wp-content\/uploads\/2021\/06\/Collage-365.mp3<\/a><\/audio>\n<p><strong>\u00a0<\/strong><\/p>\n<\/div>\n<div>\n<p><strong>\u00a0 \u00a0<\/strong><strong>\u00a0<\/strong><img loading=\"lazy\" decoding=\"async\" class=\"alignleft\" src=\"https:\/\/www.radiopiu.net\/wordpress\/wp-content\/uploads\/2021\/05\/Schermata-2021-05-23-alle-11.50.11.png\" width=\"186\" height=\"131\" \/>Il programma \u00e8 andato in onda da dicembre 2013 fino a luglio 2019, comprese le repliche, in due serie per 350 puntate complessive con 1.890 brani trasmessi. L\u2019obiettivo del programma: riproporre agli ascoltatori pi\u00f9 grandicelli le canzoni che ascoltavano nel passato e nello stesso tempo farle conoscere anche ai pi\u00f9 giovani.<\/p>\n<p>&nbsp;<\/p>\n<\/div>\n<p>&nbsp;<\/p>\n<p>&nbsp;<\/p>\n<p>&nbsp;<\/p>\n<hr \/>\n<p>&nbsp;<\/p>\n<p>&nbsp;<\/p>\n<p><strong>RIASCOLTA IL CONCERTO&#8230;. DIRETTA RADIO PIU<\/strong><\/p>\n<blockquote class=\"wp-embedded-content\" data-secret=\"euqOidDBKJ\"><p><a href=\"https:\/\/www.radiopiu.net\/wordpress\/le-muse-e-le-dolomiti-il-concerto-in-diretta-dalla-chiesa-arcidiaconale-di-agordo\/\">LE MUSE E LE DOLOMITI, IL CONCERTO IN DIRETTA DALLA CHIESA ARCIDIACONALE DI AGORDO<\/a><\/p><\/blockquote>\n<p><iframe loading=\"lazy\" class=\"wp-embedded-content\" sandbox=\"allow-scripts\" security=\"restricted\" style=\"position: absolute; clip: rect(1px, 1px, 1px, 1px);\" title=\"&#8220;LE MUSE E LE DOLOMITI, IL CONCERTO IN DIRETTA DALLA CHIESA ARCIDIACONALE DI AGORDO&#8221; &#8212; Radio Pi\u00f9\" src=\"https:\/\/www.radiopiu.net\/wordpress\/le-muse-e-le-dolomiti-il-concerto-in-diretta-dalla-chiesa-arcidiaconale-di-agordo\/embed\/#?secret=euqOidDBKJ\" data-secret=\"euqOidDBKJ\" width=\"600\" height=\"338\" frameborder=\"0\" marginwidth=\"0\" marginheight=\"0\" scrolling=\"no\"><\/iframe><\/p>\n<p>&nbsp;<\/p>\n<p>&nbsp;<\/p>\n<h1><\/h1>\n<div>\n<div>\n<div class=\"page-title-head hgroup\">\n<div class=\"page-title-head hgroup\">\n<div class=\"page-title-head hgroup\">\n<div>\n<div>\n<div class=\"b654a4as d2edcug0\">\n<div class=\"rq0escxv hkbzh7o3 jwdofwj8 n8tt0mok r8blr3vg hyh9befq\">\n<hr \/>\n<\/div>\n<\/div>\n<\/div>\n<div>\n<div class=\"page-title-head hgroup\">\n<div class=\"page-title-head hgroup\">\n<div>\n<div class=\"b654a4as d2edcug0\">\n<p>&nbsp;<\/p>\n<blockquote>\n<h3><img loading=\"lazy\" decoding=\"async\" class=\"alignleft\" src=\"https:\/\/www.radiopiu.net\/wordpress\/wp-content\/uploads\/2021\/06\/fresh-flower-leaves-saffron-white-background-place-your-text-use-saffron-spice-cooking-cosmetology_347372-394.jpeg\" width=\"141\" height=\"94\" \/>L&#8217;ALMANACCO LADINO CON L&#8217;ISTITUT CESA DE JAN QUINDICINALE APPUNTAMENTO. LA DOMENICA ALLE 9 IL LUNEDI ALLE 8.35 IL MARTEDI ALLE 12.35 IL MERCOLEDI ALLE 18.35. SECONDA STAGIONE.<\/h3>\n<\/blockquote>\n<p><span style=\"color: #ff0000;\"><strong>puntata 07 giugno, numero 60<\/strong><\/span><\/p>\n<audio class=\"wp-audio-shortcode\" id=\"audio-215397-29\" preload=\"none\" style=\"width: 100%;\" controls=\"controls\"><source type=\"audio\/mpeg\" src=\"https:\/\/www.radiopiu.net\/wordpress\/wp-content\/uploads\/2021\/06\/LADINO.mp3?_=29\" \/><a href=\"https:\/\/www.radiopiu.net\/wordpress\/wp-content\/uploads\/2021\/06\/LADINO.mp3\">https:\/\/www.radiopiu.net\/wordpress\/wp-content\/uploads\/2021\/06\/LADINO.mp3<\/a><\/audio>\n<p><strong>RACCOLTA COMPLETA\u00a0<\/strong><\/p>\n<blockquote class=\"wp-embedded-content\" data-secret=\"Aw5wjRguA1\"><p><a href=\"https:\/\/www.radiopiu.net\/wordpress\/almanacco-ladino\/\">Almanacco Ladino<\/a><\/p><\/blockquote>\n<p><iframe loading=\"lazy\" class=\"wp-embedded-content\" sandbox=\"allow-scripts\" security=\"restricted\" style=\"position: absolute; clip: rect(1px, 1px, 1px, 1px);\" title=\"&#8220;Almanacco Ladino&#8221; &#8212; Radio Pi\u00f9\" src=\"https:\/\/www.radiopiu.net\/wordpress\/almanacco-ladino\/embed\/#?secret=Aw5wjRguA1\" data-secret=\"Aw5wjRguA1\" width=\"600\" height=\"338\" frameborder=\"0\" marginwidth=\"0\" marginheight=\"0\" scrolling=\"no\"><\/iframe><\/p>\n<div dir=\"auto\"><\/div>\n<\/div>\n<div>\n<p>&nbsp;<\/p>\n<hr \/>\n<h2><span style=\"color: #808000;\">\u00a0<\/span><\/h2>\n<h2><span style=\"color: #808000;\">DUE MINUTI UN LIBRO\u00a0 TUTTI I GIORNI ALLA RADIO ALLE 9.30 E ALLE 18. QUINTA STAGIONE\u00a0 \u00a0 \u00a0<\/span><\/h2>\n<blockquote class=\"wp-embedded-content\" data-secret=\"vAXYs8OfuG\"><p><a href=\"https:\/\/www.radiopiu.net\/wordpress\/lassassino-il-prete-il-portiere\/\">L&#8217;ASSASSINO, IL PRETE, IL PORTIERE<\/a><\/p><\/blockquote>\n<p><iframe loading=\"lazy\" class=\"wp-embedded-content\" sandbox=\"allow-scripts\" security=\"restricted\" style=\"position: absolute; clip: rect(1px, 1px, 1px, 1px);\" title=\"&#8220;L&#8217;ASSASSINO, IL PRETE, IL PORTIERE&#8221; &#8212; Radio Pi\u00f9\" src=\"https:\/\/www.radiopiu.net\/wordpress\/lassassino-il-prete-il-portiere\/embed\/#?secret=vAXYs8OfuG\" data-secret=\"vAXYs8OfuG\" width=\"600\" height=\"338\" frameborder=\"0\" marginwidth=\"0\" marginheight=\"0\" scrolling=\"no\"><\/iframe><\/p>\n<p>&nbsp;<\/p>\n<blockquote class=\"wp-embedded-content\" data-secret=\"J4H2KUNRVN\"><p><a href=\"https:\/\/www.radiopiu.net\/wordpress\/due-minuti-un-libro\/\">Due minuti un libro<\/a><\/p><\/blockquote>\n<p><iframe loading=\"lazy\" class=\"wp-embedded-content\" sandbox=\"allow-scripts\" security=\"restricted\" style=\"position: absolute; clip: rect(1px, 1px, 1px, 1px);\" title=\"&#8220;Due minuti un libro&#8221; &#8212; Radio Pi\u00f9\" src=\"https:\/\/www.radiopiu.net\/wordpress\/due-minuti-un-libro\/embed\/#?secret=J4H2KUNRVN\" data-secret=\"J4H2KUNRVN\" width=\"600\" height=\"338\" frameborder=\"0\" marginwidth=\"0\" marginheight=\"0\" scrolling=\"no\"><\/iframe><\/p>\n<p>&nbsp;<\/p>\n<p>&nbsp;<\/p>\n<hr \/>\n<p>\u200b<\/p>\n<div>\n<h2><span style=\"color: #33cccc;\">I RACCONTI DI PAOLO SOPPELSA il lunedi alle 9.30 e 18.30<\/span><\/h2>\n<p><span style=\"color: #0000ff;\">INFORMAZIONE il canale su TELEGRAM informazione di prima mano e in tempo reale. iscriviti ed aiutaci a farlo conoscere\u00a0<\/span><\/p>\n<p>&nbsp;<\/p>\n<blockquote class=\"wp-embedded-content\" data-secret=\"UJHhFvpd21\"><p><a href=\"https:\/\/www.radiopiu.net\/wordpress\/i-racconti-di-paolo-soppelsa-settantottesima-puntata\/\">I RACCONTI DI PAOLO SOPPELSA SETTANTOTTESIMA PUNTATA<\/a><\/p><\/blockquote>\n<p><iframe loading=\"lazy\" class=\"wp-embedded-content\" sandbox=\"allow-scripts\" security=\"restricted\" style=\"position: absolute; clip: rect(1px, 1px, 1px, 1px);\" title=\"&#8220;I RACCONTI DI PAOLO SOPPELSA SETTANTOTTESIMA PUNTATA&#8221; &#8212; Radio Pi\u00f9\" src=\"https:\/\/www.radiopiu.net\/wordpress\/i-racconti-di-paolo-soppelsa-settantottesima-puntata\/embed\/#?secret=UJHhFvpd21\" data-secret=\"UJHhFvpd21\" width=\"600\" height=\"338\" frameborder=\"0\" marginwidth=\"0\" marginheight=\"0\" scrolling=\"no\"><\/iframe><\/p>\n<blockquote class=\"wp-embedded-content\" data-secret=\"YAyArR4JMG\"><p><a href=\"https:\/\/www.radiopiu.net\/wordpress\/i-racconti-di-paolo-soppelsa\/\">I racconti di Paolo Soppelsa<\/a><\/p><\/blockquote>\n<p><iframe loading=\"lazy\" class=\"wp-embedded-content\" sandbox=\"allow-scripts\" security=\"restricted\" style=\"position: absolute; clip: rect(1px, 1px, 1px, 1px);\" title=\"&#8220;I racconti di Paolo Soppelsa&#8221; &#8212; Radio Pi\u00f9\" src=\"https:\/\/www.radiopiu.net\/wordpress\/i-racconti-di-paolo-soppelsa\/embed\/#?secret=YAyArR4JMG\" data-secret=\"YAyArR4JMG\" width=\"600\" height=\"338\" frameborder=\"0\" marginwidth=\"0\" marginheight=\"0\" scrolling=\"no\"><\/iframe><\/p>\n<p>&nbsp;<\/p>\n<\/div>\n<\/div>\n<hr \/>\n<p>&nbsp;<\/p>\n<h2><strong><span style=\"color: #ff0000;\">ALLA RADIO<\/span><\/strong><\/h2>\n<div data-offset-key=\"5n5nl-0-0\">\n<h3>Per ricevere gli aggiornamenti in tempo reale delle notizie pubblicate alla radio e sul sito di radio pi\u00f9 iscriviti al gruppo RADIO PIU INFORMAZIONE su Telegram.\u00a0\u00a0<a href=\"https:\/\/t.me\/radiopiu\">clicca qui<\/a><\/h3>\n<p>&nbsp;<\/p>\n<\/div>\n<blockquote><p><strong><a href=\"https:\/\/www.radiopiu.net\/wordpress\/cassa-solidarieta-luxottica-puntata-del-19-giugno-2020\/cslxo-2\/\" rel=\"attachment wp-att-145244\"><img loading=\"lazy\" decoding=\"async\" class=\"size-medium wp-image-145244 alignleft\" src=\"https:\/\/www.radiopiu.net\/wordpress\/wp-content\/uploads\/2020\/06\/cassa-solidarieta-luxottica-300x148.jpg\" alt=\"\" width=\"300\" height=\"148\" srcset=\"https:\/\/www.radiopiu.net\/wordpress\/wp-content\/uploads\/2020\/06\/cassa-solidarieta-luxottica-300x148.jpg 300w, https:\/\/www.radiopiu.net\/wordpress\/wp-content\/uploads\/2020\/06\/cassa-solidarieta-luxottica-1024x504.jpg 1024w, https:\/\/www.radiopiu.net\/wordpress\/wp-content\/uploads\/2020\/06\/cassa-solidarieta-luxottica-768x378.jpg 768w, https:\/\/www.radiopiu.net\/wordpress\/wp-content\/uploads\/2020\/06\/cassa-solidarieta-luxottica.jpg 1167w\" sizes=\"auto, (max-width: 300px) 100vw, 300px\" \/><\/a>di Claudio Fontanive<\/strong><\/p>\n<p>OSPITI: Paolo Chissal\u00e8 e Fabrizio Campedel<\/p>\n<p>&nbsp;<\/p>\n<p><strong>PUNTATA MAGGIO 2021<\/strong><\/p>\n<audio class=\"wp-audio-shortcode\" id=\"audio-215397-30\" preload=\"none\" style=\"width: 100%;\" controls=\"controls\"><source type=\"audio\/mpeg\" src=\"https:\/\/www.radiopiu.net\/wordpress\/wp-content\/uploads\/2021\/05\/ca-sol-lux-maggio-2021.mp3?_=30\" \/><a href=\"https:\/\/www.radiopiu.net\/wordpress\/wp-content\/uploads\/2021\/05\/ca-sol-lux-maggio-2021.mp3\">https:\/\/www.radiopiu.net\/wordpress\/wp-content\/uploads\/2021\/05\/ca-sol-lux-maggio-2021.mp3<\/a><\/audio>\n<h2>RACCOLTA COMPLETA<\/h2>\n<\/blockquote>\n<blockquote class=\"wp-embedded-content\" data-secret=\"wvvQEV6mfX\"><p><a href=\"https:\/\/www.radiopiu.net\/wordpress\/cassa-solidarieta-luxottica-puntata-del-16-ottobre-2020\/\">CASSA SOLIDARIET\u00c0 LUXOTTICA &#8211; TUTTE LE PUNTATE<\/a><\/p><\/blockquote>\n<p><iframe loading=\"lazy\" class=\"wp-embedded-content\" sandbox=\"allow-scripts\" security=\"restricted\" style=\"position: absolute; clip: rect(1px, 1px, 1px, 1px);\" title=\"&#8220;CASSA SOLIDARIET\u00c0 LUXOTTICA &#8211; TUTTE LE PUNTATE&#8221; &#8212; Radio Pi\u00f9\" src=\"https:\/\/www.radiopiu.net\/wordpress\/cassa-solidarieta-luxottica-puntata-del-16-ottobre-2020\/embed\/#?secret=wvvQEV6mfX\" data-secret=\"wvvQEV6mfX\" width=\"600\" height=\"338\" frameborder=\"0\" marginwidth=\"0\" marginheight=\"0\" scrolling=\"no\"><\/iframe><\/p>\n<div>\n<p>&nbsp;<\/p>\n<h2><\/h2>\n<hr \/>\n<p><strong><span style=\"color: #ff0000;\">\u00a0<\/span><\/strong><\/p>\n<h2><strong><span style=\"color: #ff0000;\">QUINDICINALE APPUNTAMENTO ALLA RADIO<\/span><\/strong><\/h2>\n<blockquote>\n<h3><a style=\"font-size: 14px; font-weight: normal;\" href=\"https:\/\/www.radiopiu.net\/wordpress\/giornale-radiopiu-06-febbraio-2019-direttore-mirko-mezzacasa\/logo_spi-cgil-800x445\/\" rel=\"attachment wp-att-75538\"><img loading=\"lazy\" decoding=\"async\" class=\"wp-image-75538 alignleft\" src=\"https:\/\/www.radiopiu.net\/wordpress\/wp-content\/uploads\/2019\/02\/Logo_Spi-CGIL-800x445-300x167.jpg\" alt=\"\" width=\"210\" height=\"117\" srcset=\"https:\/\/www.radiopiu.net\/wordpress\/wp-content\/uploads\/2019\/02\/Logo_Spi-CGIL-800x445-300x167.jpg 300w, https:\/\/www.radiopiu.net\/wordpress\/wp-content\/uploads\/2019\/02\/Logo_Spi-CGIL-800x445-768x427.jpg 768w, https:\/\/www.radiopiu.net\/wordpress\/wp-content\/uploads\/2019\/02\/Logo_Spi-CGIL-800x445.jpg 800w\" sizes=\"auto, (max-width: 210px) 100vw, 210px\" \/><\/a><\/h3>\n<\/blockquote>\n<blockquote>\n<h3>ALLA RADIO, APPUNTAMENTO QUINDICINALE CON SPI-CGIL BELLUNO, IN STUDIO MARIA RITA GENTILIN<\/h3>\n<\/blockquote>\n<p><strong>di Claudio Fontanive\u00a0<\/strong><\/p>\n<p><span style=\"color: #ff0000;\"><strong>PUNTATA DEL 10 GIUGNO 2021<br \/>\n<\/strong><\/span><\/p>\n<audio class=\"wp-audio-shortcode\" id=\"audio-215397-31\" preload=\"none\" style=\"width: 100%;\" controls=\"controls\"><source type=\"audio\/mpeg\" src=\"https:\/\/www.radiopiu.net\/wordpress\/wp-content\/uploads\/2021\/06\/spi-cgil-10-giugno.mp3?_=31\" \/><a href=\"https:\/\/www.radiopiu.net\/wordpress\/wp-content\/uploads\/2021\/06\/spi-cgil-10-giugno.mp3\">https:\/\/www.radiopiu.net\/wordpress\/wp-content\/uploads\/2021\/06\/spi-cgil-10-giugno.mp3<\/a><\/audio>\n<\/div>\n<p>&nbsp;<\/p>\n<hr \/>\n<\/div>\n<blockquote>\n<blockquote>\n<h2><a href=\"https:\/\/www.radiopiu.net\/wordpress\/speciale-solidarieta-veneto\/solidarieta-veneto-3\/\" rel=\"attachment wp-att-134366\">\u00a0<\/a><\/h2>\n<h2><a href=\"https:\/\/www.radiopiu.net\/wordpress\/speciale-solidarieta-veneto\/solidarieta-veneto-3\/\" rel=\"attachment wp-att-134366\"><img loading=\"lazy\" decoding=\"async\" class=\"wp-image-134366 alignleft\" src=\"https:\/\/www.radiopiu.net\/wordpress\/wp-content\/uploads\/2020\/05\/solidariet\u00e0-veneto-300x210.jpg\" alt=\"\" width=\"102\" height=\"71\" srcset=\"https:\/\/www.radiopiu.net\/wordpress\/wp-content\/uploads\/2020\/05\/solidariet\u00e0-veneto-300x210.jpg 300w, https:\/\/www.radiopiu.net\/wordpress\/wp-content\/uploads\/2020\/05\/solidariet\u00e0-veneto-1024x717.jpg 1024w, https:\/\/www.radiopiu.net\/wordpress\/wp-content\/uploads\/2020\/05\/solidariet\u00e0-veneto-768x538.jpg 768w, https:\/\/www.radiopiu.net\/wordpress\/wp-content\/uploads\/2020\/05\/solidariet\u00e0-veneto.jpg 1373w\" sizes=\"auto, (max-width: 102px) 100vw, 102px\" \/><\/a>SOLIDARIETA&#8217; VENETO FONDO PENSIONE, IN ONDA IL PRIMO VENERDI DEL MESE ALLE 10.30 E ALLE 19.00 QUINTA STAGIONE<\/h2>\n<\/blockquote>\n<h2><strong><span style=\"color: #ff0000;\">AUDIO MAGGIO 2021<\/span><\/strong><\/h2>\n<\/blockquote>\n<div>\n<audio class=\"wp-audio-shortcode\" id=\"audio-215397-32\" preload=\"none\" style=\"width: 100%;\" controls=\"controls\"><source type=\"audio\/mpeg\" src=\"https:\/\/www.radiopiu.net\/wordpress\/wp-content\/uploads\/2021\/05\/solidarieta-veneto-maggio-2021.mp3?_=32\" \/><a href=\"https:\/\/www.radiopiu.net\/wordpress\/wp-content\/uploads\/2021\/05\/solidarieta-veneto-maggio-2021.mp3\">https:\/\/www.radiopiu.net\/wordpress\/wp-content\/uploads\/2021\/05\/solidarieta-veneto-maggio-2021.mp3<\/a><\/audio>\n<\/div>\n<h2>LA RACCOLTA COMPLETA<\/h2>\n<blockquote class=\"wp-embedded-content\" data-secret=\"fs9w2FMbWI\"><p><a href=\"https:\/\/www.radiopiu.net\/wordpress\/solidarieta-veneto\/\">Solidariet\u00e0 Veneto<\/a><\/p><\/blockquote>\n<p><iframe loading=\"lazy\" class=\"wp-embedded-content\" sandbox=\"allow-scripts\" security=\"restricted\" style=\"position: absolute; clip: rect(1px, 1px, 1px, 1px);\" title=\"&#8220;Solidariet\u00e0 Veneto&#8221; &#8212; Radio Pi\u00f9\" src=\"https:\/\/www.radiopiu.net\/wordpress\/solidarieta-veneto\/embed\/#?secret=fs9w2FMbWI\" data-secret=\"fs9w2FMbWI\" width=\"600\" height=\"338\" frameborder=\"0\" marginwidth=\"0\" marginheight=\"0\" scrolling=\"no\"><\/iframe><\/p>\n<blockquote>\n<h2><\/h2>\n<h2><\/h2>\n<\/blockquote>\n<div>\n<hr \/>\n<\/div>\n<div class=\"page-title-head hgroup\">\n<div>\n<p>&nbsp;<\/p>\n<h2><span style=\"color: #ff0000;\">MUSLA, CON LA NUOVA GENERAZIONE LINGUE, USI, COSTUMI , raccolta completa<\/span><\/h2>\n<blockquote class=\"wp-embedded-content\" data-secret=\"LR7wcANrua\"><p><a href=\"https:\/\/www.radiopiu.net\/wordpress\/agora-agordina-la-nosta-piaza\/\">AGORA&#8217; AGORDINA&#8230; LA NOSTA PIAZA LADINA RACCOLTA COMPLETA PRIMA STAGIONE<\/a><\/p><\/blockquote>\n<p><iframe loading=\"lazy\" class=\"wp-embedded-content\" sandbox=\"allow-scripts\" security=\"restricted\" style=\"position: absolute; clip: rect(1px, 1px, 1px, 1px);\" title=\"&#8220;AGORA&#8217; AGORDINA&#8230; LA NOSTA PIAZA LADINA RACCOLTA COMPLETA PRIMA STAGIONE&#8221; &#8212; Radio Pi\u00f9\" src=\"https:\/\/www.radiopiu.net\/wordpress\/agora-agordina-la-nosta-piaza\/embed\/#?secret=LR7wcANrua\" data-secret=\"LR7wcANrua\" width=\"600\" height=\"338\" frameborder=\"0\" marginwidth=\"0\" marginheight=\"0\" scrolling=\"no\"><\/iframe><\/p>\n<p>&nbsp;<\/p>\n<div class=\"b654a4as d2edcug0\">\n<div dir=\"auto\">\n<h1><\/h1>\n<hr \/>\n<p>&nbsp;<\/p>\n<div>\n<h2><span style=\"color: #ff0000;\">LEGGERMENTE BELLUNESI CON LUISA ALCHINI la raccolta completa<\/span><\/h2>\n<\/div>\n<div>\n<blockquote class=\"wp-embedded-content\" data-secret=\"WfvPAghy1M\"><p><a href=\"https:\/\/www.radiopiu.net\/wordpress\/leggermente-20\/\">LEGGERmente&#8230;Bellunesi<\/a><\/p><\/blockquote>\n<p><iframe loading=\"lazy\" class=\"wp-embedded-content\" sandbox=\"allow-scripts\" security=\"restricted\" style=\"position: absolute; clip: rect(1px, 1px, 1px, 1px);\" title=\"&#8220;LEGGERmente&#8230;Bellunesi&#8221; &#8212; Radio Pi\u00f9\" src=\"https:\/\/www.radiopiu.net\/wordpress\/leggermente-20\/embed\/#?secret=WfvPAghy1M\" data-secret=\"WfvPAghy1M\" width=\"600\" height=\"338\" frameborder=\"0\" marginwidth=\"0\" marginheight=\"0\" scrolling=\"no\"><\/iframe><\/p>\n<\/div>\n<\/div>\n<p>&nbsp;<\/p>\n<hr \/>\n<p>&nbsp;<\/p>\n<h2><span style=\"color: #ff0000;\">GOCCE DI FILOSOFIA, CON CHIARA CAU, CON LISA DE LUCA la raccolta completa<\/span><\/h2>\n<blockquote class=\"wp-embedded-content\" data-secret=\"TdPCTo31HS\"><p><a href=\"https:\/\/www.radiopiu.net\/wordpress\/gocce-filosofia\/\">Gocce di filosofia<\/a><\/p><\/blockquote>\n<p><iframe loading=\"lazy\" class=\"wp-embedded-content\" sandbox=\"allow-scripts\" security=\"restricted\" style=\"position: absolute; clip: rect(1px, 1px, 1px, 1px);\" title=\"&#8220;Gocce di filosofia&#8221; &#8212; Radio Pi\u00f9\" src=\"https:\/\/www.radiopiu.net\/wordpress\/gocce-filosofia\/embed\/#?secret=TdPCTo31HS\" data-secret=\"TdPCTo31HS\" width=\"600\" height=\"338\" frameborder=\"0\" marginwidth=\"0\" marginheight=\"0\" scrolling=\"no\"><\/iframe><\/p>\n<p>&nbsp;<\/p>\n<p>&nbsp;<\/p>\n<hr \/>\n<\/div>\n<\/div>\n<p>&nbsp;<\/p>\n<p><a href=\"https:\/\/www.radiopiu.net\/wordpress\/giornale-radiopiu-26-settembre-2018-direttore-mirko-mezzacasa\/viabilita-2\/\" rel=\"attachment wp-att-61954\"><img loading=\"lazy\" decoding=\"async\" class=\"wp-image-61954 size-full aligncenter\" src=\"https:\/\/www.radiopiu.net\/wordpress\/wp-content\/uploads\/2018\/09\/viabilita.jpeg\" alt=\"\" width=\"800\" height=\"100\" srcset=\"https:\/\/www.radiopiu.net\/wordpress\/wp-content\/uploads\/2018\/09\/viabilita.jpeg 800w, https:\/\/www.radiopiu.net\/wordpress\/wp-content\/uploads\/2018\/09\/viabilita-300x38.jpeg 300w, https:\/\/www.radiopiu.net\/wordpress\/wp-content\/uploads\/2018\/09\/viabilita-768x96.jpeg 768w\" sizes=\"auto, (max-width: 800px) 100vw, 800px\" \/><\/a><\/p>\n<blockquote><p><a href=\"https:\/\/www.radiopiu.net\/wordpress\/giornale-radiopiu-09-agosto-2018-direttore-mirko-mezzacasa\/viabilia\/\" rel=\"attachment wp-att-57053\"><img loading=\"lazy\" decoding=\"async\" class=\" wp-image-57053 alignleft\" src=\"https:\/\/www.radiopiu.net\/wordpress\/wp-content\/uploads\/2018\/08\/VIABILIA-300x180.jpeg\" alt=\"\" width=\"220\" height=\"132\" srcset=\"https:\/\/www.radiopiu.net\/wordpress\/wp-content\/uploads\/2018\/08\/VIABILIA-300x180.jpeg 300w, https:\/\/www.radiopiu.net\/wordpress\/wp-content\/uploads\/2018\/08\/VIABILIA-768x461.jpeg 768w, https:\/\/www.radiopiu.net\/wordpress\/wp-content\/uploads\/2018\/08\/VIABILIA-1024x614.jpeg 1024w, https:\/\/www.radiopiu.net\/wordpress\/wp-content\/uploads\/2018\/08\/VIABILIA.jpeg 1280w\" sizes=\"auto, (max-width: 220px) 100vw, 220px\" \/><\/a>La viabilit\u00e0 con gli ultimi aggiornamenti da Veneto Strade.<\/p>\n<p><span style=\"color: #ff0000;\"><strong>in onda alla radio: 4.05, 6.18, 14 30 , 18.30, 23.25\u00a0<\/strong><\/span><\/p><\/blockquote>\n<\/div>\n<\/div>\n<\/div>\n<\/div>\n<\/div>\n<audio class=\"wp-audio-shortcode\" id=\"audio-215397-33\" preload=\"none\" style=\"width: 100%;\" controls=\"controls\"><source type=\"audio\/mpeg\" src=\"https:\/\/www.radiopiu.net\/wordpress\/wp-content\/uploads\/2021\/06\/VIABILITA-4.mp3?_=33\" \/><a href=\"https:\/\/www.radiopiu.net\/wordpress\/wp-content\/uploads\/2021\/06\/VIABILITA-4.mp3\">https:\/\/www.radiopiu.net\/wordpress\/wp-content\/uploads\/2021\/06\/VIABILITA-4.mp3<\/a><\/audio>\n<p>&nbsp;<\/p>\n<\/div>\n<\/div>\n<hr \/>\n<p>&nbsp;<\/p>\n<\/div>\n<\/div>\n<div>\n<div class=\"page-title-head hgroup\">\n<div class=\"page-title-head hgroup\">\n<div dir=\"auto\">\n<p><a class=\"dt-pswp-item pspw-wrap-ready\" href=\"https:\/\/i0.wp.com\/www.radiopiu.net\/wordpress\/wp-content\/uploads\/2018\/09\/WhatsApp-Image-2018-09-20-at-16.04.06.jpeg?ssl=1\" data-dt-img-description=\"\" data-large_image_width=\"800\" data-large_image_height=\"100\"><img loading=\"lazy\" decoding=\"async\" class=\"aligncenter wp-image-61378 size-full jetpack-lazy-image jetpack-lazy-image--handled\" src=\"https:\/\/i0.wp.com\/www.radiopiu.net\/wordpress\/wp-content\/uploads\/2018\/09\/WhatsApp-Image-2018-09-20-at-16.04.06.jpeg?resize=800%2C100&amp;ssl=1\" sizes=\"auto, (max-width: 800px) 100vw, 800px\" srcset=\"https:\/\/i0.wp.com\/www.radiopiu.net\/wordpress\/wp-content\/uploads\/2018\/09\/WhatsApp-Image-2018-09-20-at-16.04.06.jpeg?w=800&amp;ssl=1 800w, https:\/\/i0.wp.com\/www.radiopiu.net\/wordpress\/wp-content\/uploads\/2018\/09\/WhatsApp-Image-2018-09-20-at-16.04.06.jpeg?resize=300%2C38&amp;ssl=1 300w, https:\/\/i0.wp.com\/www.radiopiu.net\/wordpress\/wp-content\/uploads\/2018\/09\/WhatsApp-Image-2018-09-20-at-16.04.06.jpeg?resize=768%2C96&amp;ssl=1 768w\" alt=\"\" width=\"800\" height=\"100\" data-lazy-loaded=\"1\" \/><\/a><\/p>\n<div>\n<p>&nbsp;<\/p>\n<p><center><b>Sabato 12<\/b><\/center><b>Tempo atteso: <\/b>Sole e cielo sereno o poco nuvoloso per estese velature del cielo al mattino, in graduale diradamento al pomeriggio, quando il cielo tender\u00e0 a rassernarsi maggiormente. Non esclusa la presenza di modesti cumuli durante le ore pi\u00f9 calde. Il cambiamento di massa d&#8217;aria determiner\u00e0 l&#8217;instaurarsi di un contesto termico estivo a tutte le quote.<br \/>\n<b>Precipitazioni: <\/b>Assenti (0%)<br \/>\n<b>Temperature: <\/b>Minime in leggero rialzo in quota e in calo nelle valli, massime in generale sensibile aumento a tutte le quote. Sono previste punte di 28\/29\u00b0C nei fondovalle prealpini e di 23\/25\u00b0C a 1000\/1200 m. Su Prealpi a 1500 m min 12\u00b0C max 17\u00b0C, a 2000 m min 10\u00b0C max 14\u00b0C. Su Dolomiti a 2000 m min 9\u00b0C max 15\u00b0C, a 3000 m min 2\u00b0C max 5\u00b0C.<br \/>\n<b>Venti: <\/b>Perlopi\u00f9 deboli per brezze nelle valli, localmente e a tratti moderati nei settori solitamente pi\u00f9 ventilati; in quota deboli\/moderati da nord nord-ovest, in rinforzo nel tardo pomeriggio, a 5-15 km\/h a 2000 m e 15-35 km\/h a 3000 m.<\/p>\n<hr \/>\n<p><center><b>Domenica 13<\/b><\/center><b>Tempo atteso: <\/b>Tempo in prevalenza soleggiato con cielo sereno o poco nuvoloso per temporanee velature del cielo al primo mattino e modesti cumuli durante le ore pi\u00f9 calde. Aria tersa ed ottima visibilit\u00e0 al mattino e in quota. Contesto termico prettamente estivo, anche caldo nei fondovalle prealpini.<br \/>\n<b>Precipitazioni: <\/b>Assenti (0%).<br \/>\n<b>Temperature: <\/b>In generale ulteriore aumento e prettamente estive con punte di 29\/31\u00b0C nei fondovalle prealpini e 24\/27\u00b0C a 1000\/1200 m, vale a dire superiori alle medie stagionali. Su Prealpi a 1500 m min 13\u00b0C max 19\u00b0C, a 2000 m min 11\u00b0C max 15\u00b0C. Su Dolomiti a 2000 m min 11\u00b0C max 16\u00b0C, a 3000 m min 5\u00b0C max 7\u00b0C.<br \/>\n<b>Venti: <\/b>Perlopi\u00f9 deboli per brezze nelle valli, localmente e a tratti moderati nei settori solitamente pi\u00f9 ventilati; in quota moderati\/tesi da nord nord-ovest, in attenuazione nel tardo pomeriggio, a 5-15 km\/h a 2000 m e 25-40 km\/h a 3000 m.<\/p>\n<hr \/>\n<p><center><b>Lunedi 14<\/b><\/center>Tempo ben soleggiato in un contesto sempre estivo. Il cielo sar\u00e0 sereno, salvo rari e modesti cumuli durante le ore pi\u00f9 calde. Aria tersa ed ottima visibilit\u00e0 in quota. Temperature in ulteriore lieve aumento, eccetto lieve flessione delle massime nei fondovalle per infiltrazioni d&#8217;aria meno calda nei bassi strati atmosferici, ma i valori saranno ancora elevati. Venti deboli per brezze nelle valli, a tratti e localmente moderati nei settori consuetamente pi\u00f9 ventilati; deboli\/moderati da nord-ovest in quota.<\/p>\n<hr \/>\n<p><center><b>Martedi 15<\/b><\/center>Persistenza del bel tempo di stampo estivo con sole, cielo sereno, eccetto modesti e rari cumuli durante le ore pi\u00f9 calde. Temperature pressoch\u00e9 stazionarie in alta quota e in leggero rialzo nelle valli (31\/33\u00b0C nei fondovalle prealpini e 26\/29\u00b0C a 1000\/1200 m). Valori di 4\/6\u00b0C superiori alla norma. Venti deboli\/moderati da nord-ovest in quota; deboli per brezze nelle valli, a tratti e localmente moderati nei settori consuetamente pi\u00f9 ventilati. Previsore:R.L.Th.<\/p>\n<p>&nbsp;<\/p>\n<hr \/>\n<\/div>\n<\/div>\n<p>&nbsp;<\/p>\n<div dir=\"auto\"><\/div>\n<\/div>\n<\/div>\n<p><a href=\"https:\/\/www.radiopiu.net\/wordpress\/giornale-radiopiu-15-settembre-2018-direttore-mirko-mezzacasa\/sport-7\/\" rel=\"attachment wp-att-60761\"><img loading=\"lazy\" decoding=\"async\" class=\"aligncenter wp-image-60761 size-full\" src=\"https:\/\/www.radiopiu.net\/wordpress\/wp-content\/uploads\/2018\/09\/sport.jpg\" alt=\"\" width=\"800\" height=\"100\" srcset=\"https:\/\/www.radiopiu.net\/wordpress\/wp-content\/uploads\/2018\/09\/sport.jpg 800w, https:\/\/www.radiopiu.net\/wordpress\/wp-content\/uploads\/2018\/09\/sport-300x38.jpg 300w, https:\/\/www.radiopiu.net\/wordpress\/wp-content\/uploads\/2018\/09\/sport-768x96.jpg 768w\" sizes=\"auto, (max-width: 800px) 100vw, 800px\" \/><\/a><\/p>\n<p>&nbsp;<\/p>\n<blockquote>\n<h3>L&#8217;AGORDINO E IL GIRO D&#8217;ITALIA UNDER 23, DA VALLADA E DA TAIBON AL NEVEGAL<\/h3>\n<\/blockquote>\n<p>&nbsp;<\/p>\n<p><strong>Arrivo del Giro d&#8217;Italia Under 23 in Nevegal <\/strong><strong>\u00ab<\/strong><strong>Grande promozione per il territorio<\/strong><strong>\u00bb <\/strong><strong>\u00c8 andata al 22enne svizzero della Swiss Racing Academy Yannis Voisard la nona tappa del Giro d&#8217;Italia Under 23, partita questa mattina da Cavalese e conclusasi dopo 167 chilometri in Nevegal, a Pian Longhi. <\/strong><strong>A premiare il vincitore di tappa, l&#8217;assessore allo sport del Comune di Belluno Marco Bogo<\/strong><\/p>\n<div style=\"width: 1200px;\" class=\"wp-video\"><video class=\"wp-video-shortcode\" id=\"video-215397-1\" width=\"1200\" height=\"675\" preload=\"metadata\" controls=\"controls\"><source type=\"video\/mp4\" src=\"https:\/\/www.radiopiu.net\/wordpress\/wp-content\/uploads\/2021\/06\/Bogo-Arrivo-Giro-Under-23-Nevegal.mp4?_=1\" \/><a href=\"https:\/\/www.radiopiu.net\/wordpress\/wp-content\/uploads\/2021\/06\/Bogo-Arrivo-Giro-Under-23-Nevegal.mp4\">https:\/\/www.radiopiu.net\/wordpress\/wp-content\/uploads\/2021\/06\/Bogo-Arrivo-Giro-Under-23-Nevegal.mp4<\/a><\/video><\/div>\n<p>&nbsp;<\/p>\n<p><strong>NEVEGAL<\/strong><\/p>\n\n\t\t\t<style type='text\/css'>\n\t\t\t\t#gallery-11 {\n\t\t\t\t\tmargin: auto;\n\t\t\t\t}\n\t\t\t\t#gallery-11 .gallery-item {\n\t\t\t\t\tfloat: left;\n\t\t\t\t\tmargin-top: 10px;\n\t\t\t\t\ttext-align: center;\n\t\t\t\t\twidth: 14%;\n\t\t\t\t}\n\t\t\t\t#gallery-11 img {\n\t\t\t\t\tborder: 2px solid #cfcfcf;\n\t\t\t\t}\n\t\t\t\t#gallery-11 .gallery-caption {\n\t\t\t\t\tmargin-left: 0;\n\t\t\t\t}\n\t\t\t\t\/* see gallery_shortcode() in wp-includes\/media.php *\/\n\t\t\t<\/style>\n\t\t<div id='gallery-11' class='dt-gallery-container gallery galleryid-215397 gallery-columns-7 gallery-size-thumbnail'><dl class='gallery-item'>\n\t\t\t\t<dt class='gallery-icon landscape'>\n\t\t\t\t\t<a class=\"rollover rollover-zoom dt-pswp-item\" title=\"Premiazione Bogo Giro Under 23 Nevegal (8)\" data-dt-img-description=\"\" data-large_image_width=\"2560\" data-large_image_height=\"1707\"href='https:\/\/www.radiopiu.net\/wordpress\/wp-content\/uploads\/2021\/06\/Premiazione-Bogo-Giro-Under-23-Nevegal-8-scaled.jpg'><img loading=\"lazy\" decoding=\"async\" width=\"150\" height=\"150\" src=\"https:\/\/www.radiopiu.net\/wordpress\/wp-content\/uploads\/2021\/06\/Premiazione-Bogo-Giro-Under-23-Nevegal-8-150x150.jpg\" class=\"attachment-thumbnail size-thumbnail\" alt=\"\" \/><\/a>\n\t\t\t\t<\/dt><\/dl><dl class='gallery-item'>\n\t\t\t\t<dt class='gallery-icon landscape'>\n\t\t\t\t\t<a class=\"rollover rollover-zoom dt-pswp-item\" title=\"Premiazione Bogo Giro Under 23 Nevegal (7)\" data-dt-img-description=\"\" data-large_image_width=\"2560\" data-large_image_height=\"1707\"href='https:\/\/www.radiopiu.net\/wordpress\/wp-content\/uploads\/2021\/06\/Premiazione-Bogo-Giro-Under-23-Nevegal-7-scaled.jpg'><img loading=\"lazy\" decoding=\"async\" width=\"150\" height=\"150\" src=\"https:\/\/www.radiopiu.net\/wordpress\/wp-content\/uploads\/2021\/06\/Premiazione-Bogo-Giro-Under-23-Nevegal-7-150x150.jpg\" class=\"attachment-thumbnail size-thumbnail\" alt=\"\" \/><\/a>\n\t\t\t\t<\/dt><\/dl><dl class='gallery-item'>\n\t\t\t\t<dt class='gallery-icon landscape'>\n\t\t\t\t\t<a class=\"rollover rollover-zoom dt-pswp-item\" title=\"Premiazione Bogo Giro Under 23 Nevegal (11)\" data-dt-img-description=\"\" data-large_image_width=\"2560\" data-large_image_height=\"1707\"href='https:\/\/www.radiopiu.net\/wordpress\/wp-content\/uploads\/2021\/06\/Premiazione-Bogo-Giro-Under-23-Nevegal-11-scaled.jpg'><img loading=\"lazy\" decoding=\"async\" width=\"150\" height=\"150\" src=\"https:\/\/www.radiopiu.net\/wordpress\/wp-content\/uploads\/2021\/06\/Premiazione-Bogo-Giro-Under-23-Nevegal-11-150x150.jpg\" class=\"attachment-thumbnail size-thumbnail\" alt=\"\" \/><\/a>\n\t\t\t\t<\/dt><\/dl><dl class='gallery-item'>\n\t\t\t\t<dt class='gallery-icon portrait'>\n\t\t\t\t\t<a class=\"rollover rollover-zoom dt-pswp-item\" title=\"Premiazione Bogo Giro Under 23 Nevegal (10)\" data-dt-img-description=\"\" data-large_image_width=\"1706\" data-large_image_height=\"2560\"href='https:\/\/www.radiopiu.net\/wordpress\/wp-content\/uploads\/2021\/06\/Premiazione-Bogo-Giro-Under-23-Nevegal-10-scaled.jpg'><img loading=\"lazy\" decoding=\"async\" width=\"150\" height=\"150\" src=\"https:\/\/www.radiopiu.net\/wordpress\/wp-content\/uploads\/2021\/06\/Premiazione-Bogo-Giro-Under-23-Nevegal-10-150x150.jpg\" class=\"attachment-thumbnail size-thumbnail\" alt=\"\" \/><\/a>\n\t\t\t\t<\/dt><\/dl><dl class='gallery-item'>\n\t\t\t\t<dt class='gallery-icon landscape'>\n\t\t\t\t\t<a class=\"rollover rollover-zoom dt-pswp-item\" title=\"Premiazione Bogo Giro Under 23 Nevegal (1)\" data-dt-img-description=\"\" data-large_image_width=\"2560\" data-large_image_height=\"1707\"href='https:\/\/www.radiopiu.net\/wordpress\/wp-content\/uploads\/2021\/06\/Premiazione-Bogo-Giro-Under-23-Nevegal-1-scaled.jpg'><img loading=\"lazy\" decoding=\"async\" width=\"150\" height=\"150\" src=\"https:\/\/www.radiopiu.net\/wordpress\/wp-content\/uploads\/2021\/06\/Premiazione-Bogo-Giro-Under-23-Nevegal-1-150x150.jpg\" class=\"attachment-thumbnail size-thumbnail\" alt=\"\" \/><\/a>\n\t\t\t\t<\/dt><\/dl><dl class='gallery-item'>\n\t\t\t\t<dt class='gallery-icon portrait'>\n\t\t\t\t\t<a class=\"rollover rollover-zoom dt-pswp-item\" title=\"Premiazione Bogo Giro Under 23 Nevegal (9)\" data-dt-img-description=\"\" data-large_image_width=\"1707\" data-large_image_height=\"2560\"href='https:\/\/www.radiopiu.net\/wordpress\/wp-content\/uploads\/2021\/06\/Premiazione-Bogo-Giro-Under-23-Nevegal-9-scaled.jpg'><img loading=\"lazy\" decoding=\"async\" width=\"150\" height=\"150\" src=\"https:\/\/www.radiopiu.net\/wordpress\/wp-content\/uploads\/2021\/06\/Premiazione-Bogo-Giro-Under-23-Nevegal-9-150x150.jpg\" class=\"attachment-thumbnail size-thumbnail\" alt=\"\" \/><\/a>\n\t\t\t\t<\/dt><\/dl><dl class='gallery-item'>\n\t\t\t\t<dt class='gallery-icon landscape'>\n\t\t\t\t\t<a class=\"rollover rollover-zoom dt-pswp-item\" title=\"Bogo + Targa Giro Under 23 Nevegal\" data-dt-img-description=\"\" data-large_image_width=\"2560\" data-large_image_height=\"1707\"href='https:\/\/www.radiopiu.net\/wordpress\/wp-content\/uploads\/2021\/06\/Bogo-Targa-Giro-Under-23-Nevegal-scaled.jpg'><img loading=\"lazy\" decoding=\"async\" width=\"150\" height=\"150\" src=\"https:\/\/www.radiopiu.net\/wordpress\/wp-content\/uploads\/2021\/06\/Bogo-Targa-Giro-Under-23-Nevegal-150x150.jpg\" class=\"attachment-thumbnail size-thumbnail\" alt=\"\" \/><\/a>\n\t\t\t\t<\/dt><\/dl><br style=\"clear: both\" \/>\n\t\t\t<\/div>\n\n<p>&nbsp;<\/p>\n<p><strong>VALLADA<\/strong><\/p>\n\n\t\t\t<style type='text\/css'>\n\t\t\t\t#gallery-12 {\n\t\t\t\t\tmargin: auto;\n\t\t\t\t}\n\t\t\t\t#gallery-12 .gallery-item {\n\t\t\t\t\tfloat: left;\n\t\t\t\t\tmargin-top: 10px;\n\t\t\t\t\ttext-align: center;\n\t\t\t\t\twidth: 20%;\n\t\t\t\t}\n\t\t\t\t#gallery-12 img {\n\t\t\t\t\tborder: 2px solid #cfcfcf;\n\t\t\t\t}\n\t\t\t\t#gallery-12 .gallery-caption {\n\t\t\t\t\tmargin-left: 0;\n\t\t\t\t}\n\t\t\t\t\/* see gallery_shortcode() in wp-includes\/media.php *\/\n\t\t\t<\/style>\n\t\t<div id='gallery-12' class='dt-gallery-container gallery galleryid-215397 gallery-columns-5 gallery-size-thumbnail'><dl class='gallery-item'>\n\t\t\t\t<dt class='gallery-icon landscape'>\n\t\t\t\t\t<a class=\"rollover rollover-zoom dt-pswp-item\" title=\"3d35dfdb-93e9-4735-a6d7-ce80dd72cbe9\" data-dt-img-description=\"\" data-large_image_width=\"1600\" data-large_image_height=\"901\"href='https:\/\/www.radiopiu.net\/wordpress\/wp-content\/uploads\/2021\/06\/3d35dfdb-93e9-4735-a6d7-ce80dd72cbe9.jpg'><img loading=\"lazy\" decoding=\"async\" width=\"150\" height=\"150\" src=\"https:\/\/www.radiopiu.net\/wordpress\/wp-content\/uploads\/2021\/06\/3d35dfdb-93e9-4735-a6d7-ce80dd72cbe9-150x150.jpg\" class=\"attachment-thumbnail size-thumbnail\" alt=\"\" \/><\/a>\n\t\t\t\t<\/dt><\/dl><dl class='gallery-item'>\n\t\t\t\t<dt class='gallery-icon landscape'>\n\t\t\t\t\t<a class=\"rollover rollover-zoom dt-pswp-item\" title=\"1e741cb6-a6d1-429b-a8f6-472149f1b399\" data-dt-img-description=\"\" data-large_image_width=\"1600\" data-large_image_height=\"901\"href='https:\/\/www.radiopiu.net\/wordpress\/wp-content\/uploads\/2021\/06\/1e741cb6-a6d1-429b-a8f6-472149f1b399.jpg'><img loading=\"lazy\" decoding=\"async\" width=\"150\" height=\"150\" src=\"https:\/\/www.radiopiu.net\/wordpress\/wp-content\/uploads\/2021\/06\/1e741cb6-a6d1-429b-a8f6-472149f1b399-150x150.jpg\" class=\"attachment-thumbnail size-thumbnail\" alt=\"\" \/><\/a>\n\t\t\t\t<\/dt><\/dl><dl class='gallery-item'>\n\t\t\t\t<dt class='gallery-icon landscape'>\n\t\t\t\t\t<a class=\"rollover rollover-zoom dt-pswp-item\" title=\"b7869320-6b24-4944-8171-9f1a8140268d\" data-dt-img-description=\"\" data-large_image_width=\"1600\" data-large_image_height=\"901\"href='https:\/\/www.radiopiu.net\/wordpress\/wp-content\/uploads\/2021\/06\/b7869320-6b24-4944-8171-9f1a8140268d.jpg'><img loading=\"lazy\" decoding=\"async\" width=\"150\" height=\"150\" src=\"https:\/\/www.radiopiu.net\/wordpress\/wp-content\/uploads\/2021\/06\/b7869320-6b24-4944-8171-9f1a8140268d-150x150.jpg\" class=\"attachment-thumbnail size-thumbnail\" alt=\"\" \/><\/a>\n\t\t\t\t<\/dt><\/dl><dl class='gallery-item'>\n\t\t\t\t<dt class='gallery-icon landscape'>\n\t\t\t\t\t<a class=\"rollover rollover-zoom dt-pswp-item\" title=\"3a0c4dd9-2735-45ab-ae27-926d9c581cf6\" data-dt-img-description=\"\" data-large_image_width=\"1600\" data-large_image_height=\"901\"href='https:\/\/www.radiopiu.net\/wordpress\/wp-content\/uploads\/2021\/06\/3a0c4dd9-2735-45ab-ae27-926d9c581cf6.jpg'><img loading=\"lazy\" decoding=\"async\" width=\"150\" height=\"150\" src=\"https:\/\/www.radiopiu.net\/wordpress\/wp-content\/uploads\/2021\/06\/3a0c4dd9-2735-45ab-ae27-926d9c581cf6-150x150.jpg\" class=\"attachment-thumbnail size-thumbnail\" alt=\"\" \/><\/a>\n\t\t\t\t<\/dt><\/dl><dl class='gallery-item'>\n\t\t\t\t<dt class='gallery-icon landscape'>\n\t\t\t\t\t<a class=\"rollover rollover-zoom dt-pswp-item\" title=\"72c65c1c-500c-4834-9be0-69e3c304ec02\" data-dt-img-description=\"\" data-large_image_width=\"1600\" data-large_image_height=\"901\"href='https:\/\/www.radiopiu.net\/wordpress\/wp-content\/uploads\/2021\/06\/72c65c1c-500c-4834-9be0-69e3c304ec02.jpg'><img loading=\"lazy\" decoding=\"async\" width=\"150\" height=\"150\" src=\"https:\/\/www.radiopiu.net\/wordpress\/wp-content\/uploads\/2021\/06\/72c65c1c-500c-4834-9be0-69e3c304ec02-150x150.jpg\" class=\"attachment-thumbnail size-thumbnail\" alt=\"\" \/><\/a>\n\t\t\t\t<\/dt><\/dl><br style=\"clear: both\" \/>\n\t\t\t<\/div>\n\n\n\t\t\t<style type='text\/css'>\n\t\t\t\t#gallery-13 {\n\t\t\t\t\tmargin: auto;\n\t\t\t\t}\n\t\t\t\t#gallery-13 .gallery-item {\n\t\t\t\t\tfloat: left;\n\t\t\t\t\tmargin-top: 10px;\n\t\t\t\t\ttext-align: center;\n\t\t\t\t\twidth: 20%;\n\t\t\t\t}\n\t\t\t\t#gallery-13 img {\n\t\t\t\t\tborder: 2px solid #cfcfcf;\n\t\t\t\t}\n\t\t\t\t#gallery-13 .gallery-caption {\n\t\t\t\t\tmargin-left: 0;\n\t\t\t\t}\n\t\t\t\t\/* see gallery_shortcode() in wp-includes\/media.php *\/\n\t\t\t<\/style>\n\t\t<div id='gallery-13' class='dt-gallery-container gallery galleryid-215397 gallery-columns-5 gallery-size-thumbnail'><dl class='gallery-item'>\n\t\t\t\t<dt class='gallery-icon landscape'>\n\t\t\t\t\t<a class=\"rollover rollover-zoom dt-pswp-item\" title=\"3d35dfdb-93e9-4735-a6d7-ce80dd72cbe9\" data-dt-img-description=\"\" data-large_image_width=\"1600\" data-large_image_height=\"901\"href='https:\/\/www.radiopiu.net\/wordpress\/wp-content\/uploads\/2021\/06\/3d35dfdb-93e9-4735-a6d7-ce80dd72cbe9.jpg'><img loading=\"lazy\" decoding=\"async\" width=\"150\" height=\"150\" src=\"https:\/\/www.radiopiu.net\/wordpress\/wp-content\/uploads\/2021\/06\/3d35dfdb-93e9-4735-a6d7-ce80dd72cbe9-150x150.jpg\" class=\"attachment-thumbnail size-thumbnail\" alt=\"\" \/><\/a>\n\t\t\t\t<\/dt><\/dl><dl class='gallery-item'>\n\t\t\t\t<dt class='gallery-icon landscape'>\n\t\t\t\t\t<a class=\"rollover rollover-zoom dt-pswp-item\" title=\"1e741cb6-a6d1-429b-a8f6-472149f1b399\" data-dt-img-description=\"\" data-large_image_width=\"1600\" data-large_image_height=\"901\"href='https:\/\/www.radiopiu.net\/wordpress\/wp-content\/uploads\/2021\/06\/1e741cb6-a6d1-429b-a8f6-472149f1b399.jpg'><img loading=\"lazy\" decoding=\"async\" width=\"150\" height=\"150\" src=\"https:\/\/www.radiopiu.net\/wordpress\/wp-content\/uploads\/2021\/06\/1e741cb6-a6d1-429b-a8f6-472149f1b399-150x150.jpg\" class=\"attachment-thumbnail size-thumbnail\" alt=\"\" \/><\/a>\n\t\t\t\t<\/dt><\/dl><dl class='gallery-item'>\n\t\t\t\t<dt class='gallery-icon landscape'>\n\t\t\t\t\t<a class=\"rollover rollover-zoom dt-pswp-item\" title=\"b7869320-6b24-4944-8171-9f1a8140268d\" data-dt-img-description=\"\" data-large_image_width=\"1600\" data-large_image_height=\"901\"href='https:\/\/www.radiopiu.net\/wordpress\/wp-content\/uploads\/2021\/06\/b7869320-6b24-4944-8171-9f1a8140268d.jpg'><img loading=\"lazy\" decoding=\"async\" width=\"150\" height=\"150\" src=\"https:\/\/www.radiopiu.net\/wordpress\/wp-content\/uploads\/2021\/06\/b7869320-6b24-4944-8171-9f1a8140268d-150x150.jpg\" class=\"attachment-thumbnail size-thumbnail\" alt=\"\" \/><\/a>\n\t\t\t\t<\/dt><\/dl><dl class='gallery-item'>\n\t\t\t\t<dt class='gallery-icon landscape'>\n\t\t\t\t\t<a class=\"rollover rollover-zoom dt-pswp-item\" title=\"3a0c4dd9-2735-45ab-ae27-926d9c581cf6\" data-dt-img-description=\"\" data-large_image_width=\"1600\" data-large_image_height=\"901\"href='https:\/\/www.radiopiu.net\/wordpress\/wp-content\/uploads\/2021\/06\/3a0c4dd9-2735-45ab-ae27-926d9c581cf6.jpg'><img loading=\"lazy\" decoding=\"async\" width=\"150\" height=\"150\" src=\"https:\/\/www.radiopiu.net\/wordpress\/wp-content\/uploads\/2021\/06\/3a0c4dd9-2735-45ab-ae27-926d9c581cf6-150x150.jpg\" class=\"attachment-thumbnail size-thumbnail\" alt=\"\" \/><\/a>\n\t\t\t\t<\/dt><\/dl><dl class='gallery-item'>\n\t\t\t\t<dt class='gallery-icon landscape'>\n\t\t\t\t\t<a class=\"rollover rollover-zoom dt-pswp-item\" title=\"72c65c1c-500c-4834-9be0-69e3c304ec02\" data-dt-img-description=\"\" data-large_image_width=\"1600\" data-large_image_height=\"901\"href='https:\/\/www.radiopiu.net\/wordpress\/wp-content\/uploads\/2021\/06\/72c65c1c-500c-4834-9be0-69e3c304ec02.jpg'><img loading=\"lazy\" decoding=\"async\" width=\"150\" height=\"150\" src=\"https:\/\/www.radiopiu.net\/wordpress\/wp-content\/uploads\/2021\/06\/72c65c1c-500c-4834-9be0-69e3c304ec02-150x150.jpg\" class=\"attachment-thumbnail size-thumbnail\" alt=\"\" \/><\/a>\n\t\t\t\t<\/dt><\/dl><br style=\"clear: both\" \/>\n\t\t\t<\/div>\n\n<p><strong>TAIBON<\/strong><\/p>\n\n\t\t\t<style type='text\/css'>\n\t\t\t\t#gallery-14 {\n\t\t\t\t\tmargin: auto;\n\t\t\t\t}\n\t\t\t\t#gallery-14 .gallery-item {\n\t\t\t\t\tfloat: left;\n\t\t\t\t\tmargin-top: 10px;\n\t\t\t\t\ttext-align: center;\n\t\t\t\t\twidth: 33%;\n\t\t\t\t}\n\t\t\t\t#gallery-14 img {\n\t\t\t\t\tborder: 2px solid #cfcfcf;\n\t\t\t\t}\n\t\t\t\t#gallery-14 .gallery-caption {\n\t\t\t\t\tmargin-left: 0;\n\t\t\t\t}\n\t\t\t\t\/* see gallery_shortcode() in wp-includes\/media.php *\/\n\t\t\t<\/style>\n\t\t<div id='gallery-14' class='dt-gallery-container gallery galleryid-215397 gallery-columns-3 gallery-size-thumbnail'><dl class='gallery-item'>\n\t\t\t\t<dt class='gallery-icon landscape'>\n\t\t\t\t\t<a class=\"rollover rollover-zoom dt-pswp-item\" title=\"d42e021f-d563-4c6c-90b7-366930af017e\" data-dt-img-description=\"\" data-large_image_width=\"2000\" data-large_image_height=\"1500\"href='https:\/\/www.radiopiu.net\/wordpress\/wp-content\/uploads\/2021\/06\/d42e021f-d563-4c6c-90b7-366930af017e.jpg'><img loading=\"lazy\" decoding=\"async\" width=\"150\" height=\"150\" src=\"https:\/\/www.radiopiu.net\/wordpress\/wp-content\/uploads\/2021\/06\/d42e021f-d563-4c6c-90b7-366930af017e-150x150.jpg\" class=\"attachment-thumbnail size-thumbnail\" alt=\"\" \/><\/a>\n\t\t\t\t<\/dt><\/dl><dl class='gallery-item'>\n\t\t\t\t<dt class='gallery-icon landscape'>\n\t\t\t\t\t<a class=\"rollover rollover-zoom dt-pswp-item\" title=\"61676545-ac70-42b4-b99b-a27df3762bb4\" data-dt-img-description=\"\" data-large_image_width=\"960\" data-large_image_height=\"720\"href='https:\/\/www.radiopiu.net\/wordpress\/wp-content\/uploads\/2021\/06\/61676545-ac70-42b4-b99b-a27df3762bb4.jpg'><img loading=\"lazy\" decoding=\"async\" width=\"150\" height=\"150\" src=\"https:\/\/www.radiopiu.net\/wordpress\/wp-content\/uploads\/2021\/06\/61676545-ac70-42b4-b99b-a27df3762bb4-150x150.jpg\" class=\"attachment-thumbnail size-thumbnail\" alt=\"\" \/><\/a>\n\t\t\t\t<\/dt><\/dl><dl class='gallery-item'>\n\t\t\t\t<dt class='gallery-icon landscape'>\n\t\t\t\t\t<a class=\"rollover rollover-zoom dt-pswp-item\" title=\"a490bf76-2968-4333-b2bb-1a6f4b9643fe\" data-dt-img-description=\"\" data-large_image_width=\"2000\" data-large_image_height=\"1500\"href='https:\/\/www.radiopiu.net\/wordpress\/wp-content\/uploads\/2021\/06\/a490bf76-2968-4333-b2bb-1a6f4b9643fe.jpg'><img loading=\"lazy\" decoding=\"async\" width=\"150\" height=\"150\" src=\"https:\/\/www.radiopiu.net\/wordpress\/wp-content\/uploads\/2021\/06\/a490bf76-2968-4333-b2bb-1a6f4b9643fe-150x150.jpg\" class=\"attachment-thumbnail size-thumbnail\" alt=\"\" \/><\/a>\n\t\t\t\t<\/dt><\/dl><br style=\"clear: both\" \/>\n\t\t\t<\/div>\n\n<div style=\"width: 1200px;\" class=\"wp-video\"><video class=\"wp-video-shortcode\" id=\"video-215397-2\" width=\"1200\" height=\"675\" preload=\"metadata\" controls=\"controls\"><source type=\"video\/mp4\" src=\"https:\/\/www.radiopiu.net\/wordpress\/wp-content\/uploads\/2021\/06\/WhatsApp-Video-2021-06-11-at-16.06.02.mp4?_=2\" \/><a href=\"https:\/\/www.radiopiu.net\/wordpress\/wp-content\/uploads\/2021\/06\/WhatsApp-Video-2021-06-11-at-16.06.02.mp4\">https:\/\/www.radiopiu.net\/wordpress\/wp-content\/uploads\/2021\/06\/WhatsApp-Video-2021-06-11-at-16.06.02.mp4<\/a><\/video><\/div>\n<p>&nbsp;<\/p>\n<\/div>\n<\/div>\n","protected":false},"excerpt":{"rendered":"<p>PER\u00a0RICEVERE QUESTO NOTIZIARIO DIRETTAMENTE SUL TUO CELLULARE ISCRIVITI AL CANALE TELEGRAM\u00a0\u201cRADIO PIU\u00a0 INFORMAZIONE\u201d\u00a0 \u00a0 \u00a0 \u00a0 &nbsp; REDAZIONE Il sito internet di Radio Pi\u00f9 continua a darci grandi soddisfazioni, l&#8217;impegno della redazione per un&#8217;informazione dall&#8217;Agordino e Provincia, impegno h24 con la collaborazione di Marco Gaz, Iliana Comina e tutte le voci della redazione, \u00e8 ripagato&hellip;<\/p>\n","protected":false},"author":4,"featured_media":215478,"comment_status":"closed","ping_status":"open","sticky":false,"template":"","format":"standard","meta":{"_monsterinsights_skip_tracking":false,"_monsterinsights_sitenote_active":false,"_monsterinsights_sitenote_note":"","_monsterinsights_sitenote_category":0,"footnotes":""},"categories":[1,86,49],"tags":[],"class_list":["post-215397","post","type-post","status-publish","format-standard","has-post-thumbnail","hentry","category-senza-categoria","category-gr","category-news-18","category-1","category-86","category-49","description-off"],"img_url":"https:\/\/www.radiopiu.net\/wordpress\/wp-content\/uploads\/2021\/06\/bc4999bf-df43-4858-9f46-f63cae4fbf93.jpg","_links":{"self":[{"href":"https:\/\/www.radiopiu.net\/wordpress\/wp-json\/wp\/v2\/posts\/215397","targetHints":{"allow":["GET"]}}],"collection":[{"href":"https:\/\/www.radiopiu.net\/wordpress\/wp-json\/wp\/v2\/posts"}],"about":[{"href":"https:\/\/www.radiopiu.net\/wordpress\/wp-json\/wp\/v2\/types\/post"}],"author":[{"embeddable":true,"href":"https:\/\/www.radiopiu.net\/wordpress\/wp-json\/wp\/v2\/users\/4"}],"replies":[{"embeddable":true,"href":"https:\/\/www.radiopiu.net\/wordpress\/wp-json\/wp\/v2\/comments?post=215397"}],"version-history":[{"count":0,"href":"https:\/\/www.radiopiu.net\/wordpress\/wp-json\/wp\/v2\/posts\/215397\/revisions"}],"wp:featuredmedia":[{"embeddable":true,"href":"https:\/\/www.radiopiu.net\/wordpress\/wp-json\/wp\/v2\/media\/215478"}],"wp:attachment":[{"href":"https:\/\/www.radiopiu.net\/wordpress\/wp-json\/wp\/v2\/media?parent=215397"}],"wp:term":[{"taxonomy":"category","embeddable":true,"href":"https:\/\/www.radiopiu.net\/wordpress\/wp-json\/wp\/v2\/categories?post=215397"},{"taxonomy":"post_tag","embeddable":true,"href":"https:\/\/www.radiopiu.net\/wordpress\/wp-json\/wp\/v2\/tags?post=215397"}],"curies":[{"name":"wp","href":"https:\/\/api.w.org\/{rel}","templated":true}]}}