{"id":215442,"date":"2021-06-11T11:13:13","date_gmt":"2021-06-11T09:13:13","guid":{"rendered":"https:\/\/www.radiopiu.net\/wordpress\/?p=215442"},"modified":"2021-06-11T11:35:22","modified_gmt":"2021-06-11T09:35:22","slug":"luca-zaia-in-treno-elettrificato-a-belluno-il-treno-per-lagordino-non-e-ipotesi-da-scartare","status":"publish","type":"post","link":"https:\/\/www.radiopiu.net\/wordpress\/luca-zaia-in-treno-elettrificato-a-belluno-il-treno-per-lagordino-non-e-ipotesi-da-scartare\/","title":{"rendered":"LUCA ZAIA IN TRENO  ELETTRIFICATO A BELLUNO &#8220;IL TRENO PER L&#8217;AGORDINO NON E&#8217; IPOTESI DA SCARTARE&#8221;"},"content":{"rendered":"<p><strong><img loading=\"lazy\" decoding=\"async\" class=\"alignleft\" src=\"https:\/\/www.radiopiu.net\/wordpress\/wp-content\/uploads\/2021\/06\/43ffc6a9-798f-4a3b-b98f-d030af1e3cb3.jpg\" width=\"181\" height=\"102\" \/><\/strong><\/p>\n<p><strong>BELLUNO<\/strong> Il Presidente della Regione Veneto Luca Zaia in treno elettrificato da Conegliano a Belluno per la prima corsa ha parlato anche dl futuro, oltre Ponte nelle Alpi. Ha riconosciuto l&#8217;importanza dei progetti del Cadore per il treno ma anche a proposito del progetto agordino di Stefano Dell&#8217;Osbel. Sar\u00e0 il territorio che dovr\u00e0 fare sintesi e decidere la concusione.<\/p>\n<p>&nbsp;<\/p>\n<p>&nbsp;<\/p>\n<p><strong>AUDIO Zaia in stazione a Belluno<\/strong><\/p>\n<audio class=\"wp-audio-shortcode\" id=\"audio-215442-1\" preload=\"none\" style=\"width: 100%;\" controls=\"controls\"><source type=\"audio\/mpeg\" src=\"https:\/\/www.radiopiu.net\/wordpress\/wp-content\/uploads\/2021\/06\/ZAIA-AGORDINO.mp3?_=1\" \/><a href=\"https:\/\/www.radiopiu.net\/wordpress\/wp-content\/uploads\/2021\/06\/ZAIA-AGORDINO.mp3\">https:\/\/www.radiopiu.net\/wordpress\/wp-content\/uploads\/2021\/06\/ZAIA-AGORDINO.mp3<\/a><\/audio>\n<p>&nbsp;<\/p>\n<p>https:\/\/www.facebook.com\/zaiaufficiale\/videos\/493440948643173<\/p>\n<p>&nbsp;<\/p>\n<p>&nbsp;<\/p>\n<div class=\"moz-text-html\" lang=\"x-unicode\">\n<div dir=\"ltr\">\n<div dir=\"ltr\">\n<div dir=\"ltr\">\n<div dir=\"ltr\">\n<p><span style=\"color: #000000; font-family: Helvetica; font-size: large;\"><b>L<\/b><b>a stazione di Ponte nelle Alpi accoglie il primo treno elettrico: \u00abMomento storico\u00bb<\/b><\/span><\/p>\n\n\t\t\t<style type='text\/css'>\n\t\t\t\t#gallery-1 {\n\t\t\t\t\tmargin: auto;\n\t\t\t\t}\n\t\t\t\t#gallery-1 .gallery-item {\n\t\t\t\t\tfloat: left;\n\t\t\t\t\tmargin-top: 10px;\n\t\t\t\t\ttext-align: center;\n\t\t\t\t\twidth: 50%;\n\t\t\t\t}\n\t\t\t\t#gallery-1 img {\n\t\t\t\t\tborder: 2px solid #cfcfcf;\n\t\t\t\t}\n\t\t\t\t#gallery-1 .gallery-caption {\n\t\t\t\t\tmargin-left: 0;\n\t\t\t\t}\n\t\t\t\t\/* see gallery_shortcode() in wp-includes\/media.php *\/\n\t\t\t<\/style>\n\t\t<div id='gallery-1' class='dt-gallery-container gallery galleryid-215442 gallery-columns-2 gallery-size-medium'><dl class='gallery-item'>\n\t\t\t\t<dt class='gallery-icon landscape'>\n\t\t\t\t\t<a class=\"rollover rollover-zoom dt-pswp-item\" title=\"Treno_Ponte_3\" data-dt-img-description=\"\" data-large_image_width=\"2463\" data-large_image_height=\"1420\"href='https:\/\/www.radiopiu.net\/wordpress\/wp-content\/uploads\/2021\/06\/Treno_Ponte_3.jpg'><img loading=\"lazy\" decoding=\"async\" width=\"300\" height=\"173\" src=\"https:\/\/www.radiopiu.net\/wordpress\/wp-content\/uploads\/2021\/06\/Treno_Ponte_3-300x173.jpg\" class=\"attachment-medium size-medium\" alt=\"\" srcset=\"https:\/\/www.radiopiu.net\/wordpress\/wp-content\/uploads\/2021\/06\/Treno_Ponte_3-300x173.jpg 300w, https:\/\/www.radiopiu.net\/wordpress\/wp-content\/uploads\/2021\/06\/Treno_Ponte_3-1024x590.jpg 1024w, https:\/\/www.radiopiu.net\/wordpress\/wp-content\/uploads\/2021\/06\/Treno_Ponte_3-768x443.jpg 768w, https:\/\/www.radiopiu.net\/wordpress\/wp-content\/uploads\/2021\/06\/Treno_Ponte_3-1536x886.jpg 1536w, https:\/\/www.radiopiu.net\/wordpress\/wp-content\/uploads\/2021\/06\/Treno_Ponte_3-2048x1181.jpg 2048w\" sizes=\"auto, (max-width: 300px) 100vw, 300px\" \/><\/a>\n\t\t\t\t<\/dt><\/dl><dl class='gallery-item'>\n\t\t\t\t<dt class='gallery-icon landscape'>\n\t\t\t\t\t<a class=\"rollover rollover-zoom dt-pswp-item\" title=\"Treno_Ponte_2\" data-dt-img-description=\"\" data-large_image_width=\"2323\" data-large_image_height=\"1614\"href='https:\/\/www.radiopiu.net\/wordpress\/wp-content\/uploads\/2021\/06\/Treno_Ponte_2.jpg'><img loading=\"lazy\" decoding=\"async\" width=\"300\" height=\"208\" src=\"https:\/\/www.radiopiu.net\/wordpress\/wp-content\/uploads\/2021\/06\/Treno_Ponte_2-300x208.jpg\" class=\"attachment-medium size-medium\" alt=\"\" srcset=\"https:\/\/www.radiopiu.net\/wordpress\/wp-content\/uploads\/2021\/06\/Treno_Ponte_2-300x208.jpg 300w, https:\/\/www.radiopiu.net\/wordpress\/wp-content\/uploads\/2021\/06\/Treno_Ponte_2-1024x711.jpg 1024w, https:\/\/www.radiopiu.net\/wordpress\/wp-content\/uploads\/2021\/06\/Treno_Ponte_2-768x534.jpg 768w, https:\/\/www.radiopiu.net\/wordpress\/wp-content\/uploads\/2021\/06\/Treno_Ponte_2-1536x1067.jpg 1536w, https:\/\/www.radiopiu.net\/wordpress\/wp-content\/uploads\/2021\/06\/Treno_Ponte_2-2048x1423.jpg 2048w\" sizes=\"auto, (max-width: 300px) 100vw, 300px\" \/><\/a>\n\t\t\t\t<\/dt><\/dl><br style=\"clear: both\" \/>\n\t\t\t<\/div>\n\n<p><span style=\"color: #000000; font-family: Helvetica;\">Venerd\u00ec 11 giugno, ore 10.31. Un momento a suo modo indimenticabile per <b>Ponte nelle Alpi <\/b>e la sua<b> stazione<\/b>. Perch\u00e9 \u00e8 il momento in cui arriva il primo <b>treno elettrico<\/b>.\u00a0 <\/span><span style=\"color: #000000; font-family: Helvetica;\">Il romanzo ferroviario si arricchisce cos\u00ec di un nuovo ed emozionante capitolo, che proietta il territorio nel futuro. E lo apre al mondo: in primis a quello turistico. Per la soddisfazione del parlamentare, ed ex sindaco, <b>Roger De Menech<\/b>: \u00ab\u00c8 una giornata che non esiterei a definire storica. Per Ponte nelle Alpi e l\u2019intera provincia di Belluno. Questo diventa uno snodo sempre pi\u00f9 importante sia a livello lavorativo, sia nell\u2019ambito del turismo, se \u00e8 vero che mette in relazione l\u2019anello basso e alto. A tale proposito, la ferrovia \u00e8 pi\u00f9 che mai centrale in termini di sviluppo, anche in relazione ai prossimi eventi sportivi. Come i Giochi olimpici invernali di Cortina, nel 2026\u00bb.\u00a0 <\/span><span style=\"color: #000000; font-family: Helvetica;\">Senza considerare che gli investimenti non abbracciano solo l\u2019elettrificazione dei binari, ma coinvolgono la stessa stazione di Polpet, diventata un <b>hub di importanza strategica su scala regionale<\/b>.\u00a0 <\/span><span style=\"color: #000000; font-family: Helvetica;\">In merito ai lavori, si va dagli ascensori al binario (di fatto abbattono le barriere architettoniche e vanno incontro alle esigenze di chi ha difficolt\u00e0 a deambulare), al miglioramento dell\u2019edificio che ospita la biglietteria, fino all\u2019occhio di riguardo per l\u2019interscambio gomma-rotaia. \u00abCrediamo in maniera particolare nel turismo sostenibile &#8211; sono le parole del <b>sindaco Paolo Vendramini<\/b> &#8211; e da vivere pedalando, in bicicletta. Dalla nostra stazione, infatti, partiranno tre corriere che raggiungeranno altre mete e localit\u00e0 turistiche. A conferma di quanto sia ormai strategica Ponte nelle Alpi. Il cicloturismo parte da qui\u00bb.\u00a0 <\/span><span style=\"color: #000000; font-family: Helvetica;\">Dopo la riqualificazione dell\u2019area ex Comedil e la nuova piazza della Poesia, di fronte alla rinnovata biblioteca civica, la stazione elettrificata \u00e8 un ulteriore e fondamentale tassello in un quadro sempre pi\u00f9 definito: il futuro \u00e8 adesso.\u00a0<\/span><\/p>\n<div><\/div>\n<\/div>\n<\/div>\n<\/div>\n<\/div>\n<\/div>\n<p>&nbsp;<\/p>\n<p>***<\/p>\n","protected":false},"excerpt":{"rendered":"<p>BELLUNO Il Presidente della Regione Veneto Luca Zaia in treno elettrificato da Conegliano a Belluno per la prima corsa ha parlato anche dl futuro, oltre Ponte nelle Alpi. Ha riconosciuto l&#8217;importanza dei progetti del Cadore per il treno ma anche a proposito del progetto agordino di Stefano Dell&#8217;Osbel. Sar\u00e0 il territorio che dovr\u00e0 fare sintesi&hellip;<\/p>\n","protected":false},"author":1,"featured_media":215444,"comment_status":"closed","ping_status":"open","sticky":false,"template":"","format":"standard","meta":{"_monsterinsights_skip_tracking":false,"_monsterinsights_sitenote_active":false,"_monsterinsights_sitenote_note":"","_monsterinsights_sitenote_category":0,"footnotes":""},"categories":[51,49],"tags":[],"class_list":["post-215442","post","type-post","status-publish","format-standard","has-post-thumbnail","hentry","category-evidenza-top","category-news-18","category-51","category-49","description-off"],"img_url":"https:\/\/www.radiopiu.net\/wordpress\/wp-content\/uploads\/2021\/06\/43ffc6a9-798f-4a3b-b98f-d030af1e3cb3.jpg","_links":{"self":[{"href":"https:\/\/www.radiopiu.net\/wordpress\/wp-json\/wp\/v2\/posts\/215442","targetHints":{"allow":["GET"]}}],"collection":[{"href":"https:\/\/www.radiopiu.net\/wordpress\/wp-json\/wp\/v2\/posts"}],"about":[{"href":"https:\/\/www.radiopiu.net\/wordpress\/wp-json\/wp\/v2\/types\/post"}],"author":[{"embeddable":true,"href":"https:\/\/www.radiopiu.net\/wordpress\/wp-json\/wp\/v2\/users\/1"}],"replies":[{"embeddable":true,"href":"https:\/\/www.radiopiu.net\/wordpress\/wp-json\/wp\/v2\/comments?post=215442"}],"version-history":[{"count":0,"href":"https:\/\/www.radiopiu.net\/wordpress\/wp-json\/wp\/v2\/posts\/215442\/revisions"}],"wp:featuredmedia":[{"embeddable":true,"href":"https:\/\/www.radiopiu.net\/wordpress\/wp-json\/wp\/v2\/media\/215444"}],"wp:attachment":[{"href":"https:\/\/www.radiopiu.net\/wordpress\/wp-json\/wp\/v2\/media?parent=215442"}],"wp:term":[{"taxonomy":"category","embeddable":true,"href":"https:\/\/www.radiopiu.net\/wordpress\/wp-json\/wp\/v2\/categories?post=215442"},{"taxonomy":"post_tag","embeddable":true,"href":"https:\/\/www.radiopiu.net\/wordpress\/wp-json\/wp\/v2\/tags?post=215442"}],"curies":[{"name":"wp","href":"https:\/\/api.w.org\/{rel}","templated":true}]}}