{"id":215482,"date":"2021-06-12T05:43:44","date_gmt":"2021-06-12T03:43:44","guid":{"rendered":"https:\/\/www.radiopiu.net\/wordpress\/?p=215482"},"modified":"2021-06-12T05:53:10","modified_gmt":"2021-06-12T03:53:10","slug":"treno-delle-dolomiti-de-berti-serve-una-valutazione-generale-sulla-viabilita-bellunese","status":"publish","type":"post","link":"https:\/\/www.radiopiu.net\/wordpress\/treno-delle-dolomiti-de-berti-serve-una-valutazione-generale-sulla-viabilita-bellunese\/","title":{"rendered":"TRENO DELLE DOLOMITI, DE BERTI &#8220;SERVE UNA VALUTAZIONE GENERALE SULLA VIABILITA&#8217; BELLUNESE&#8221;"},"content":{"rendered":"<blockquote>\n<h3><em>&#8220;Si cerca il pelo nell&#8217;uovo per fare polemica e non si vedono i grandi vantaggi&#8221;<\/em><\/h3>\n<\/blockquote>\n<p><strong>BELLUNO<\/strong> Moreno Gioli ha chiesto all&#8217;assessore regionale Elisa De Berti la situazione in merito al treno delle Dolomiti. Giovedi inizia il confronto con il territorio. Sull&#8217;elettrificazione verso il Cadore, \u00e8 davvero fattibile? Infine le polemiche sugli orari, non si poteva fare diversamente?<\/p>\n<p><strong>AUDIO<\/strong><\/p>\n<audio class=\"wp-audio-shortcode\" id=\"audio-215482-1\" preload=\"none\" style=\"width: 100%;\" controls=\"controls\"><source type=\"audio\/mpeg\" src=\"https:\/\/www.radiopiu.net\/wordpress\/wp-content\/uploads\/2021\/06\/de-berti.mp3?_=1\" \/><a href=\"https:\/\/www.radiopiu.net\/wordpress\/wp-content\/uploads\/2021\/06\/de-berti.mp3\">https:\/\/www.radiopiu.net\/wordpress\/wp-content\/uploads\/2021\/06\/de-berti.mp3<\/a><\/audio>\n<p>&nbsp;<\/p>\n<blockquote><p><em><strong><img loading=\"lazy\" decoding=\"async\" class=\"alignleft\" src=\"https:\/\/www.radiopiu.net\/wordpress\/wp-content\/uploads\/2021\/06\/e0540b40-5dd7-4e85-b056-b1332c49379e.jpg\" width=\"356\" height=\"164\" \/><\/strong>\u00abIl transito dei primi treni elettrici a Belluno \u00e8 un traguardo importante. Ma attenzione: \u00e8 un punto di partenza, o meglio di ri-partenza, non certo un punto di arrivo. Da qui dobbiamo proseguire verso Feltre e Montebelluna, da un lato. E potenziare anche la linea verso Calalzo, dall\u2019altro\u00bb. \u00c8 quanto ha detto il presidente della Provincia di Belluno Roberto Padrin, intervenuto questa mattina all\u2019avvio del servizio ferroviario elettrificato sulla Conegliano-Belluno. \u00abL\u2019elettrificazione della Conegliano-Belluno sembrava un sogno fino a qualche anno fa. Invece, grazie al gioco di squadra Governo-Regione-territorio, avviato nel 2016, siamo oggi qui ad accogliere in stazione a Belluno i primi treni elettrici. \u00c8 la prova che quando remiamo tutti dalla stessa parte, facciamo il bene del territorio e realizziamo opere utili. Per una provincia che sconta la marginalit\u00e0 e il fatto di essere periferica rispetto ai centri del Veneto ogni infrastruttura \u00e8 utile. Per questo ringrazio l\u2019impegno della Regione per aver tenuto fede alla promessa di ripristinare i collegamenti diretti tra Belluno e Venezia. Da oggi parte un servizio pi\u00f9 efficiente e accogliente. Ma i risultati non si vedranno nell\u2019immediato. La chiusura della linea per i lavori e soprattutto l\u2019emergenza Covid hanno creato una diffusa disaffezione nei confronti del trasporto pubblico. Il nostro compito sar\u00e0 quello di recuperare la fiducia degli utenti da qui ai prossimi mesi. Sono convinto che con questi treni elettrici sar\u00e0 pi\u00f9 facile\u00bb<\/em><\/p><\/blockquote>\n<p>&nbsp;<\/p>\n","protected":false},"excerpt":{"rendered":"<p>&#8220;Si cerca il pelo nell&#8217;uovo per fare polemica e non si vedono i grandi vantaggi&#8221; BELLUNO Moreno Gioli ha chiesto all&#8217;assessore regionale Elisa De Berti la situazione in merito al treno delle Dolomiti. Giovedi inizia il confronto con il territorio. Sull&#8217;elettrificazione verso il Cadore, \u00e8 davvero fattibile? Infine le polemiche sugli orari, non si poteva&hellip;<\/p>\n","protected":false},"author":4,"featured_media":215473,"comment_status":"closed","ping_status":"open","sticky":false,"template":"","format":"standard","meta":{"_monsterinsights_skip_tracking":false,"_monsterinsights_sitenote_active":false,"_monsterinsights_sitenote_note":"","_monsterinsights_sitenote_category":0,"footnotes":""},"categories":[51,49],"tags":[],"class_list":["post-215482","post","type-post","status-publish","format-standard","has-post-thumbnail","hentry","category-evidenza-top","category-news-18","category-51","category-49","description-off"],"img_url":"https:\/\/www.radiopiu.net\/wordpress\/wp-content\/uploads\/2021\/06\/e0540b40-5dd7-4e85-b056-b1332c49379e.jpg","_links":{"self":[{"href":"https:\/\/www.radiopiu.net\/wordpress\/wp-json\/wp\/v2\/posts\/215482","targetHints":{"allow":["GET"]}}],"collection":[{"href":"https:\/\/www.radiopiu.net\/wordpress\/wp-json\/wp\/v2\/posts"}],"about":[{"href":"https:\/\/www.radiopiu.net\/wordpress\/wp-json\/wp\/v2\/types\/post"}],"author":[{"embeddable":true,"href":"https:\/\/www.radiopiu.net\/wordpress\/wp-json\/wp\/v2\/users\/4"}],"replies":[{"embeddable":true,"href":"https:\/\/www.radiopiu.net\/wordpress\/wp-json\/wp\/v2\/comments?post=215482"}],"version-history":[{"count":0,"href":"https:\/\/www.radiopiu.net\/wordpress\/wp-json\/wp\/v2\/posts\/215482\/revisions"}],"wp:featuredmedia":[{"embeddable":true,"href":"https:\/\/www.radiopiu.net\/wordpress\/wp-json\/wp\/v2\/media\/215473"}],"wp:attachment":[{"href":"https:\/\/www.radiopiu.net\/wordpress\/wp-json\/wp\/v2\/media?parent=215482"}],"wp:term":[{"taxonomy":"category","embeddable":true,"href":"https:\/\/www.radiopiu.net\/wordpress\/wp-json\/wp\/v2\/categories?post=215482"},{"taxonomy":"post_tag","embeddable":true,"href":"https:\/\/www.radiopiu.net\/wordpress\/wp-json\/wp\/v2\/tags?post=215482"}],"curies":[{"name":"wp","href":"https:\/\/api.w.org\/{rel}","templated":true}]}}