{"id":215542,"date":"2021-06-11T17:44:56","date_gmt":"2021-06-11T15:44:56","guid":{"rendered":"https:\/\/www.radiopiu.net\/wordpress\/?p=215542"},"modified":"2021-06-11T17:44:56","modified_gmt":"2021-06-11T15:44:56","slug":"e-con-gli-eventi-turistici-come-la-mettiamo-chiede-addamiano","status":"publish","type":"post","link":"https:\/\/www.radiopiu.net\/wordpress\/e-con-gli-eventi-turistici-come-la-mettiamo-chiede-addamiano\/","title":{"rendered":"&#8220;E CON GLI EVENTI TURISTICI COME LA METTIAMO&#8221; CHIEDE ADDAMIANO"},"content":{"rendered":"<p><strong>BELLUNO<\/strong> Sul portale adorablebelluno.it \u00e8 comparsa un laconico messaggio &#8220;Non ci sono ancora eventi programmati&#8221;. Al consigliere Raffaele Addamiano della Lista Obiettivo Belluno Fratelli d&#8217;Italia \u00e8 scattata la mosca al naso perch\u00e9 manca\u00a0 una tempestiva programmazione con il coinvolgimento di tutti gli\u00a0 interessati allo sviluppo <a href=\"https:\/\/www.radiopiu.net\/wordpress\/e-con-gli-eventi-turistici-come-la-mettiamo-chiede-addamiano\/logo-adorable-verticale-piccolo-1\/\" rel=\"attachment wp-att-215543\"><img loading=\"lazy\" decoding=\"async\" class=\"wp-image-215543 alignleft\" src=\"https:\/\/www.radiopiu.net\/wordpress\/wp-content\/uploads\/2021\/06\/logo-adorable-verticale-piccolo-1-208x300.jpg\" alt=\"\" width=\"87\" height=\"125\" srcset=\"https:\/\/www.radiopiu.net\/wordpress\/wp-content\/uploads\/2021\/06\/logo-adorable-verticale-piccolo-1-208x300.jpg 208w, https:\/\/www.radiopiu.net\/wordpress\/wp-content\/uploads\/2021\/06\/logo-adorable-verticale-piccolo-1.jpg 246w\" sizes=\"auto, (max-width: 87px) 100vw, 87px\" \/><\/a>turistico della citt\u00e0.<em> &#8220;Oggi &#8211; dice Addamiano &#8211; \u00a0vi \u00e8 stato, al riguardo, un unico incontro tra l\u2019Amministrazione Comunale di Belluno e le varie associazioni che operano in senso lato in merito e ci\u00f2 \u00e8 accaduto all\u2019inizio del corrente mese estivo&#8221; <\/em>Al Sindaco di Belluno e all\u2019assessore comunale competente\u00a0 Addamiano chiede quale sia il programma e il correlato calendario delle manifestazioni che l\u2019Amministrazione del Capoluogo intenda porre in essere per l\u2019incipiente stagione estiva&#8221;.<\/p>\n<blockquote><p><em><strong>Dal sito ADORABLE.BELLUNO.IT:<\/strong> \u201cNoi del Comune di Belluno crediamo nella nostra Citt\u00e0. Crediamo che sia bella, che sia ospitale, che sia sorprendente. Una citt\u00e0 adorabile, dove ognuno pu\u00f2 sentirsi a casa sua. Forti di questa convinzione, vogliamo condividere questo tesoro poco conosciuto e farne la meta di chi cerca un luogo dove stare bene.\u201d.<\/em><\/p><\/blockquote>\n","protected":false},"excerpt":{"rendered":"<p>BELLUNO Sul portale adorablebelluno.it \u00e8 comparsa un laconico messaggio &#8220;Non ci sono ancora eventi programmati&#8221;. Al consigliere Raffaele Addamiano della Lista Obiettivo Belluno Fratelli d&#8217;Italia \u00e8 scattata la mosca al naso perch\u00e9 manca\u00a0 una tempestiva programmazione con il coinvolgimento di tutti gli\u00a0 interessati allo sviluppo turistico della citt\u00e0. &#8220;Oggi &#8211; dice Addamiano &#8211; \u00a0vi \u00e8&hellip;<\/p>\n","protected":false},"author":4,"featured_media":144744,"comment_status":"closed","ping_status":"open","sticky":false,"template":"","format":"standard","meta":{"_monsterinsights_skip_tracking":false,"_monsterinsights_sitenote_active":false,"_monsterinsights_sitenote_note":"","_monsterinsights_sitenote_category":0,"footnotes":""},"categories":[49],"tags":[],"class_list":["post-215542","post","type-post","status-publish","format-standard","has-post-thumbnail","hentry","category-news-18","category-49","description-off"],"img_url":"https:\/\/www.radiopiu.net\/wordpress\/wp-content\/uploads\/2020\/06\/WhatsApp-Image-2020-06-14-at-12.45.11.jpeg","_links":{"self":[{"href":"https:\/\/www.radiopiu.net\/wordpress\/wp-json\/wp\/v2\/posts\/215542","targetHints":{"allow":["GET"]}}],"collection":[{"href":"https:\/\/www.radiopiu.net\/wordpress\/wp-json\/wp\/v2\/posts"}],"about":[{"href":"https:\/\/www.radiopiu.net\/wordpress\/wp-json\/wp\/v2\/types\/post"}],"author":[{"embeddable":true,"href":"https:\/\/www.radiopiu.net\/wordpress\/wp-json\/wp\/v2\/users\/4"}],"replies":[{"embeddable":true,"href":"https:\/\/www.radiopiu.net\/wordpress\/wp-json\/wp\/v2\/comments?post=215542"}],"version-history":[{"count":0,"href":"https:\/\/www.radiopiu.net\/wordpress\/wp-json\/wp\/v2\/posts\/215542\/revisions"}],"wp:featuredmedia":[{"embeddable":true,"href":"https:\/\/www.radiopiu.net\/wordpress\/wp-json\/wp\/v2\/media\/144744"}],"wp:attachment":[{"href":"https:\/\/www.radiopiu.net\/wordpress\/wp-json\/wp\/v2\/media?parent=215542"}],"wp:term":[{"taxonomy":"category","embeddable":true,"href":"https:\/\/www.radiopiu.net\/wordpress\/wp-json\/wp\/v2\/categories?post=215542"},{"taxonomy":"post_tag","embeddable":true,"href":"https:\/\/www.radiopiu.net\/wordpress\/wp-json\/wp\/v2\/tags?post=215542"}],"curies":[{"name":"wp","href":"https:\/\/api.w.org\/{rel}","templated":true}]}}