{"id":215701,"date":"2021-06-13T09:08:29","date_gmt":"2021-06-13T07:08:29","guid":{"rendered":"https:\/\/www.radiopiu.net\/wordpress\/?p=215701"},"modified":"2021-06-14T06:02:29","modified_gmt":"2021-06-14T04:02:29","slug":"giro-del-piave-nel-pomeriggio-da-mel-ai-piani-di-pezze-di-alleghe-viabilita","status":"publish","type":"post","link":"https:\/\/www.radiopiu.net\/wordpress\/giro-del-piave-nel-pomeriggio-da-mel-ai-piani-di-pezze-di-alleghe-viabilita\/","title":{"rendered":"GIRO DEL PIAVE, NEL POMERIGGIO DA MEL AI PIANI DI PEZZE&#8217; DI ALLEGHE &#8211; VIABILITA&#8217; &#8211;"},"content":{"rendered":"<blockquote><p><strong>GIRO DEL PIAVE SULLA 203 AGORDINA TRA LE 13 E LE 15 SOSPENSIONI TEMPORANEE, CHI SALE PER L&#8217;AGORDINO IN CODA DIETRO L&#8217;ULTIMO CONCORRENTE FINO AD ALLEGHE, ALTERNATIVE, PASSO STAULANZA PER L&#8217;ALTO AGORDINO, PROVINCIALE DEL MIS PER LA CONCA AGORDINA\u00a0<\/strong><\/p><\/blockquote>\n<p><strong><span style=\"color: #ff0000;\"><span style=\"color: #000000;\">GIRO DEL PIAVE,<\/span>\u00a0<\/span><\/strong><span style=\"color: #000000;\"> Oggi arrivo ai Piani di Pezze&#8217;. La strada sar\u00e0 chiusa sia in salita che in discesa da Alleghe ai Piani di Pezz\u00e8 dalle 15 alle 17.\u00a0<\/span><\/p>\n<p>Quest&#8217;anno la corsa percorrer\u00e0 135 chilometri che avranno inizio a Mel di Borgo Valbelluna (Belluno) e termineranno ai Piani di Pezz\u00e8 ad Alleghe (Belluno). La gara attraverser\u00e0 numerosi paesi della vallata bellunese, passando per Borgo Valbelluna, il Feltrino ed infine salendo verso il territorio agordino.<\/p>\n<p><strong><label><a href=\"https:\/\/www.radiopiu.net\/wordpress\/giornale-radiopiu-13-giugno-2021-direttore-mirko-mezzacasa\/0fd73591-0475-42f8-a56a-4656db172481\/\" rel=\"attachment wp-att-215680\"><img loading=\"lazy\" decoding=\"async\" class=\"size-medium wp-image-215680 alignleft\" src=\"https:\/\/www.radiopiu.net\/wordpress\/wp-content\/uploads\/2021\/06\/0fd73591-0475-42f8-a56a-4656db172481-169x300.jpg\" alt=\"\" width=\"169\" height=\"300\" srcset=\"https:\/\/www.radiopiu.net\/wordpress\/wp-content\/uploads\/2021\/06\/0fd73591-0475-42f8-a56a-4656db172481-169x300.jpg 169w, https:\/\/www.radiopiu.net\/wordpress\/wp-content\/uploads\/2021\/06\/0fd73591-0475-42f8-a56a-4656db172481.jpg 180w\" sizes=\"auto, (max-width: 169px) 100vw, 169px\" \/><\/a>Partenza:<\/label>Localit\u00e0 MEL su SP 1\u00a0 alle\u00a0 13:00, chi si ritrova in coda dopo Ponte Mas (tanto per fare un esempio) dovr\u00e0 rimanere dietro all&#8217;ultimo concorrente fino ad Alleghe, presumbilmente tra le 13.30 e le 15.\u00a0 Arrivo Presso gli Impianti di Sci a Pian De Pezz\u00e8 Alleghe\u00a0 alle 17<\/strong><\/p>\n<p><strong>PERCORSO<\/strong> Mel, Piazza Luciani, trasferimento 800 mt, fino inesto SP 1, Lentiai, Busche, SS 50 Santa Giustina, Bribano, Mel, Lentiai, Busche, Villa Paiera, Anzu, Rasai, Seren del Grappa, Caupo, Mugnai, Pedavena, Foen, Vallebruna, Cesiomaggiore, Via Santa Giustina, Bribano, Sedico Centro, Campagnola, Vignole, Mas-Sedico, Peron, La Stanga, inizio Galleria La Muda, uscita galleria dritti su SR 203, galleria su SR 203, Lago Ghirlo, Masar\u00e8 Alleghe funivie, dritti corso Italia, Localit\u00e0 Frena,ARRIVO Pian del Pezz\u00e8.<\/p>\n<blockquote><p><em>La temporanea sospensione della circolazione limitatamente allo spazio intercorrente tra il veicolo di \u201cInizio gara\u201de quello di \u201cFine gara\u201d , nei tratti di strada interessati dalla manifestazione<\/em><\/p>\n<p><strong><em>\u00a0\u00e8 fatto obbligo a tutti i veicoli provenienti da strade o da aree che intersecano ovvero che si immettono su quella interessata dal transito dei concorrenti di arrestarsi<\/em><\/strong><\/p><\/blockquote>\n<p>&nbsp;<\/p>\n","protected":false},"excerpt":{"rendered":"<p>GIRO DEL PIAVE SULLA 203 AGORDINA TRA LE 13 E LE 15 SOSPENSIONI TEMPORANEE, CHI SALE PER L&#8217;AGORDINO IN CODA DIETRO L&#8217;ULTIMO CONCORRENTE FINO AD ALLEGHE, ALTERNATIVE, PASSO STAULANZA PER L&#8217;ALTO AGORDINO, PROVINCIALE DEL MIS PER LA CONCA AGORDINA\u00a0 GIRO DEL PIAVE,\u00a0 Oggi arrivo ai Piani di Pezze&#8217;. La strada sar\u00e0 chiusa sia in salita&hellip;<\/p>\n","protected":false},"author":4,"featured_media":215513,"comment_status":"closed","ping_status":"open","sticky":false,"template":"","format":"standard","meta":{"_monsterinsights_skip_tracking":false,"_monsterinsights_sitenote_active":false,"_monsterinsights_sitenote_note":"","_monsterinsights_sitenote_category":0,"footnotes":""},"categories":[104,49],"tags":[],"class_list":["post-215701","post","type-post","status-publish","format-standard","has-post-thumbnail","hentry","category-evidenza_3","category-news-18","category-104","category-49","description-off"],"img_url":"https:\/\/www.radiopiu.net\/wordpress\/wp-content\/uploads\/2021\/06\/b7869320-6b24-4944-8171-9f1a8140268d.jpg","_links":{"self":[{"href":"https:\/\/www.radiopiu.net\/wordpress\/wp-json\/wp\/v2\/posts\/215701","targetHints":{"allow":["GET"]}}],"collection":[{"href":"https:\/\/www.radiopiu.net\/wordpress\/wp-json\/wp\/v2\/posts"}],"about":[{"href":"https:\/\/www.radiopiu.net\/wordpress\/wp-json\/wp\/v2\/types\/post"}],"author":[{"embeddable":true,"href":"https:\/\/www.radiopiu.net\/wordpress\/wp-json\/wp\/v2\/users\/4"}],"replies":[{"embeddable":true,"href":"https:\/\/www.radiopiu.net\/wordpress\/wp-json\/wp\/v2\/comments?post=215701"}],"version-history":[{"count":0,"href":"https:\/\/www.radiopiu.net\/wordpress\/wp-json\/wp\/v2\/posts\/215701\/revisions"}],"wp:featuredmedia":[{"embeddable":true,"href":"https:\/\/www.radiopiu.net\/wordpress\/wp-json\/wp\/v2\/media\/215513"}],"wp:attachment":[{"href":"https:\/\/www.radiopiu.net\/wordpress\/wp-json\/wp\/v2\/media?parent=215701"}],"wp:term":[{"taxonomy":"category","embeddable":true,"href":"https:\/\/www.radiopiu.net\/wordpress\/wp-json\/wp\/v2\/categories?post=215701"},{"taxonomy":"post_tag","embeddable":true,"href":"https:\/\/www.radiopiu.net\/wordpress\/wp-json\/wp\/v2\/tags?post=215701"}],"curies":[{"name":"wp","href":"https:\/\/api.w.org\/{rel}","templated":true}]}}