{"id":215714,"date":"2021-06-12T18:45:38","date_gmt":"2021-06-12T16:45:38","guid":{"rendered":"https:\/\/www.radiopiu.net\/wordpress\/?p=215714"},"modified":"2021-06-12T18:47:59","modified_gmt":"2021-06-12T16:47:59","slug":"acc-opinioni-sindacali-stefano-bona-incontra-zaia-la-cisl-si-stacca","status":"publish","type":"post","link":"https:\/\/www.radiopiu.net\/wordpress\/acc-opinioni-sindacali-stefano-bona-incontra-zaia-la-cisl-si-stacca\/","title":{"rendered":"ACC, OPINIONI SINDACALI. STEFANO BONA INCONTRA ZAIA LA CISL SI STACCA"},"content":{"rendered":"<blockquote>\n<h2>QUESTA \u00c8 LA VERA AUTONOMIA!<\/h2>\n<\/blockquote>\n<p><strong>di<\/strong><\/p>\n<p><strong>Stefano Bona Fiom_Cgil<\/strong><\/p>\n<blockquote><p><strong><a href=\"https:\/\/www.radiopiu.net\/wordpress\/giornale-radiopiu-12-giugno-2021-direttore-mirko-mezzacasa\/pp-68\/\" rel=\"attachment wp-att-215716\"><img loading=\"lazy\" decoding=\"async\" class=\" wp-image-215716 alignleft\" src=\"https:\/\/www.radiopiu.net\/wordpress\/wp-content\/uploads\/2021\/06\/pp-1-300x300.jpg\" alt=\"\" width=\"227\" height=\"227\" srcset=\"https:\/\/www.radiopiu.net\/wordpress\/wp-content\/uploads\/2021\/06\/pp-1-300x300.jpg 300w, https:\/\/www.radiopiu.net\/wordpress\/wp-content\/uploads\/2021\/06\/pp-1-150x150.jpg 150w, https:\/\/www.radiopiu.net\/wordpress\/wp-content\/uploads\/2021\/06\/pp-1.jpg 640w\" sizes=\"auto, (max-width: 227px) 100vw, 227px\" \/><\/a>BORGO VALBELLUNA<\/strong> &#8220;Ieri nell&#8217;incontro tra le rsu le OSS e il commissario straordinario Maurizio Castro abbiamo avuto l&#8217;ennesima conferma come Acc sia ancora attestata saldamente in territorio positivo, con una vitalit\u00e0 industriale autentica e dispiegata, nei primi 5 mesi dell&#8217;anno: produzione +26,2% stesso periodo 2020 +5,7% sul triennio 2018-20 vendite +40,6% stesso periodo 2020 +15,7% su 18-20 fatturato +43,4% stesso periodo 2020 +19,7% su 18-20 e il prezzo medio di vendita unitario +2% stesso periodo 2020 e +3,3% sul triennio 2018-2020. Come non sostenere con orgoglio che la &#8220;Repubblica operaia di Mel&#8221; rappresenta un un&#8217;incredibile miracolo industriale, non si \u00e8 mai visto un&#8217;azienda dichiarata insolvente continuare a produrre per 18 mesi senza un centesimo di credito bancario o di altro supporto finanziario! \u00c8 la prova invincibile che Acc, mal gestita dai fondi speculativi prima e dai cinesi poi, ha una struttura salda e sana e dunque un futuro vero in un quadro strategico dove una piattaforma europea \u00e8 essenziale al mercato. La vicenda di Acc \u00e8 ormai un simbolo etico e politico: se il mercato rispetta Mel e le da fiducia, \u00e8 incredibile che da oltre 6 mesi da quando \u00e8 noto che la commissione europea non \u00e8 arbitro imparziale ma gioca a favore dell&#8217;Austria, il governo Italiano non abbia ancora messo a disposizione di Mel i pochi milioni che la legge prevede siano erogati ad una impresa vigilata dallo stesso governo per consentirne la cessione. I lavoratori, il sindacato, i clienti e i fornitori hanno il diritto di sapere la posizione del governo! Italcomp fu presentata ufficialmente e in pompa magna, poi solo opacit\u00e0 e silenzi allusivi. \u00c8 indecente e la tesi del &#8220;lavorare in silenzio&#8221; \u00e8 una sciocchezza indegna di un paese moderno e di una economia aperta! Come pu\u00f2 pensare il Mise che un operatore internazionale partecipi ad una gara senza sapere le vere intenzioni del venditore( e il venditore di Acc \u00e8 il governo?). Luned\u00ec incontreremo Zaia perch\u00e9 il Veneto ha il privilegio storico di possedere a pochi km di distanza due fabbriche di rilevanza strategica assoluta nello scacchiere europeo: la Elux di Susegana (frigoriferi) e la Acc di Mel (comptessori) di fatto integrate tra loro. E in Veneto \u00e8 presente il maggior polo continentale della refrigerazione commerciale (Costan,Arneg,De Rigo, Aligroup, Rivacold ecc.) che per crescere ancora e qualificarsi pu\u00f2 puntare sui nuovi compressori a velocit\u00e0 variabile di Mel. Il Veneto deve agire con risolutezza per supportare, promuovere, coordinare e garantire questo formidabile asset per il suo futuro industriale. Lo chiederemo al presidente Zaia con energia, da sempre noi e tanti altri sosteniamo che \u00e8 tempo di una seria e vigorosa politica industriale nazionale e regionale, della quale il polo del &#8220;freddo&#8221; \u00e8 perno cruciale&#8221;<\/p><\/blockquote>\n<p>&nbsp;<\/p>\n<p>&nbsp;<\/p>\n<p>&nbsp;<\/p>\n<hr \/>\n<p>&nbsp;<\/p>\n<blockquote>\n<h2>IL TRENO ELETTRICO PER BELLUNO PERDE I PRIMI VAGONI<\/h2>\n<\/blockquote>\n<p><strong>di\u00a0<\/strong><\/p>\n<p><strong>Mauro Zuglian, Rsu FIM CISL<\/strong><br \/>\n<strong>Alessio Lovisotto, Segretario generale Fim Belluno Treviso<\/strong><\/p>\n<blockquote><p><strong><a href=\"https:\/\/www.radiopiu.net\/wordpress\/in-provincia-di-belluno-passa-con-il-938-il-si-al-rinnovo-del-ccnl-metalmeccanico\/fim-cisl\/\" rel=\"attachment wp-att-204036\"><img loading=\"lazy\" decoding=\"async\" class=\" wp-image-204036 alignleft\" src=\"https:\/\/www.radiopiu.net\/wordpress\/wp-content\/uploads\/2021\/04\/FIM-CISL-300x205.png\" alt=\"\" width=\"247\" height=\"169\" srcset=\"https:\/\/www.radiopiu.net\/wordpress\/wp-content\/uploads\/2021\/04\/FIM-CISL-300x205.png 300w, https:\/\/www.radiopiu.net\/wordpress\/wp-content\/uploads\/2021\/04\/FIM-CISL-768x524.png 768w, https:\/\/www.radiopiu.net\/wordpress\/wp-content\/uploads\/2021\/04\/FIM-CISL.png 820w\" sizes=\"auto, (max-width: 247px) 100vw, 247px\" \/><\/a>BELLUNO<\/strong>\u00a0\u201cRisulta\u00a0 da notizie dagli organi di informazione, che luned\u00ec a Mestre il segretario della Fiom Cgil Bona Stefano incontrer\u00e0 il governatore Luca Zaia per discutere della delicata vertenza di Wanbao-ACC L\u2019invito del Presidente della Regione \u00e8 rivolto naturalmente a tutte tre le sigle sindacali FIM FIOM e UILM unitamente a tutti i rappresentanti dei lavoratori dell\u2019azienda, prassi tanto consolidata da non aver mai avuto alcuna eccezione. La FIM CISL di Belluno e Treviso ritiene di fondamentale importanza il ruolo del Governatore Luca Zaia come interlocutore del Ministro Giorgetti e lo ringrazia per la sua pronta e mai mancata disponibilit\u00e0, ma non pu\u00f2 permettere che una vicenda cos\u00ec importante possa essere usata per bassa propaganda da parte di una organizzazione sindacale. I lavoratori e lavoratrici esigono rispetto ed esigono altrettanto rispetto i componenti della RSU aziendale. \u00c8 richiesta alle organizzazioni sindacali una assoluta seriet\u00e0 ogni qualvolta si crea, gestisce e comunica un\u2019iniziativa a nome e per conto di tutti i lavoratori, questo non pu\u00f2 e non deve mai virare verso facili e deplorevoli personalismi. Abbiamo continuato a tenere una salda e duratura unit\u00e0 sindacale che si \u00e8 tradotta in unit\u00e0 di tutti i lavoratori attorno ad un obiettivo comune senza mai cadere in rivendicazioni di bandiera, questo \u00e8 lo spirito con cui la FIM CISL si \u00e8 sempre messa a disposizione nel promuovere e poi condividere spese ed oneri di questa lunga e travagliata vertenza sindacale. FIM CISL e la RSU pertanto non possono assecondare e lasciar correre atteggiamenti che minano la credibilit\u00e0 di tutto il mondo sindacale nei confronti delle istituzioni, dei lavoratori e dell\u2019opinione pubblica, pertanto la FIM CISL ritira la propria delegazione e non parteciper\u00e0 all\u2019incontro, ma continuer\u00e0 a lavorare per assicurare un futuro a 309 famiglie con la convinzione assoluta che la soluzione passi attraverso l\u2019impegno e il rispetto di tutti e non per la gloria di qualcuno\u201d.<\/p><\/blockquote>\n","protected":false},"excerpt":{"rendered":"<p>QUESTA \u00c8 LA VERA AUTONOMIA! di Stefano Bona Fiom_Cgil BORGO VALBELLUNA &#8220;Ieri nell&#8217;incontro tra le rsu le OSS e il commissario straordinario Maurizio Castro abbiamo avuto l&#8217;ennesima conferma come Acc sia ancora attestata saldamente in territorio positivo, con una vitalit\u00e0 industriale autentica e dispiegata, nei primi 5 mesi dell&#8217;anno: produzione +26,2% stesso periodo 2020 +5,7%&hellip;<\/p>\n","protected":false},"author":4,"featured_media":99831,"comment_status":"closed","ping_status":"open","sticky":false,"template":"","format":"standard","meta":{"_monsterinsights_skip_tracking":false,"_monsterinsights_sitenote_active":false,"_monsterinsights_sitenote_note":"","_monsterinsights_sitenote_category":0,"footnotes":""},"categories":[1,51,49],"tags":[],"class_list":["post-215714","post","type-post","status-publish","format-standard","has-post-thumbnail","hentry","category-senza-categoria","category-evidenza-top","category-news-18","category-1","category-51","category-49","description-off"],"img_url":"https:\/\/www.radiopiu.net\/wordpress\/wp-content\/uploads\/2019\/09\/Wanbao_Mise.jpg","_links":{"self":[{"href":"https:\/\/www.radiopiu.net\/wordpress\/wp-json\/wp\/v2\/posts\/215714","targetHints":{"allow":["GET"]}}],"collection":[{"href":"https:\/\/www.radiopiu.net\/wordpress\/wp-json\/wp\/v2\/posts"}],"about":[{"href":"https:\/\/www.radiopiu.net\/wordpress\/wp-json\/wp\/v2\/types\/post"}],"author":[{"embeddable":true,"href":"https:\/\/www.radiopiu.net\/wordpress\/wp-json\/wp\/v2\/users\/4"}],"replies":[{"embeddable":true,"href":"https:\/\/www.radiopiu.net\/wordpress\/wp-json\/wp\/v2\/comments?post=215714"}],"version-history":[{"count":0,"href":"https:\/\/www.radiopiu.net\/wordpress\/wp-json\/wp\/v2\/posts\/215714\/revisions"}],"wp:featuredmedia":[{"embeddable":true,"href":"https:\/\/www.radiopiu.net\/wordpress\/wp-json\/wp\/v2\/media\/99831"}],"wp:attachment":[{"href":"https:\/\/www.radiopiu.net\/wordpress\/wp-json\/wp\/v2\/media?parent=215714"}],"wp:term":[{"taxonomy":"category","embeddable":true,"href":"https:\/\/www.radiopiu.net\/wordpress\/wp-json\/wp\/v2\/categories?post=215714"},{"taxonomy":"post_tag","embeddable":true,"href":"https:\/\/www.radiopiu.net\/wordpress\/wp-json\/wp\/v2\/tags?post=215714"}],"curies":[{"name":"wp","href":"https:\/\/api.w.org\/{rel}","templated":true}]}}