{"id":215751,"date":"2021-06-14T05:45:38","date_gmt":"2021-06-14T03:45:38","guid":{"rendered":"https:\/\/www.radiopiu.net\/wordpress\/?p=215751"},"modified":"2021-06-14T09:25:31","modified_gmt":"2021-06-14T07:25:31","slug":"giornale-radiopiu-14-giugno-2021-direttore-mirko-mezzacasa","status":"publish","type":"post","link":"https:\/\/www.radiopiu.net\/wordpress\/giornale-radiopiu-14-giugno-2021-direttore-mirko-mezzacasa\/","title":{"rendered":"GIORNALE RADIOPIU 14 GIUGNO 2021 DIRETTORE MIRKO MEZZACASA"},"content":{"rendered":"<h3><span style=\"color: #0000ff;\">PER<strong>\u00a0RICEVERE QUESTO NOTIZIARIO DIRETTAMENTE SUL TUO CELLULARE ISCRIVITI AL CANALE TELEGRAM\u00a0<\/strong><strong>\u201cRADIO PIU\u00a0 INFORMAZIONE\u201d\u00a0 \u00a0 \u00a0 \u00a0\u00a0<\/strong><\/span><\/h3>\n<blockquote>\n<h3><a href=\"https:\/\/www.radiopiu.net\/wordpress\/?attachment_id=215916\" rel=\"attachment wp-att-215916\"><img loading=\"lazy\" decoding=\"async\" class=\"wp-image-215916 alignleft\" src=\"https:\/\/www.radiopiu.net\/wordpress\/wp-content\/uploads\/2021\/06\/200180011_2574908192655483_2923327699664358421_n-300x225.jpg\" alt=\"\" width=\"147\" height=\"110\" srcset=\"https:\/\/www.radiopiu.net\/wordpress\/wp-content\/uploads\/2021\/06\/200180011_2574908192655483_2923327699664358421_n-300x225.jpg 300w, https:\/\/www.radiopiu.net\/wordpress\/wp-content\/uploads\/2021\/06\/200180011_2574908192655483_2923327699664358421_n.jpg 720w\" sizes=\"auto, (max-width: 147px) 100vw, 147px\" \/><\/a> COLLE SANTA LUCIA, L&#8217;ALTRA SERA VERSO IL PORE<\/h3>\n<\/blockquote>\n<div class=\"kvgmc6g5 cxmmr5t8 oygrvhab hcukyx3x c1et5uql ii04i59q\">\n<div dir=\"auto\">Come ogni anno anche quest&#8217;anno la domenica dopo il Corpus Domini guardando verso il Pore e il Col di Lana si sono visti\u00a0 i fuochi del Sacro Cuore di Ges\u00f9. La tradizione si ripete dal 1796, anno in cui il Tirolo, preoccupato per una possibile invasione delle truppe francesi sotto Napoleone, decise di chiedere aiuto a Dio e di affidarsi al Sacro Cuore di Ges\u00f9. Andreas Hofer, paladino della libert\u00e0 tirolese, una volta uscito vincitore della battaglia di Berg-Isel contro le truppe franco-bavaresi nel 1809, rinnov\u00f2 la promessa fatta e da allora questo viene celebrato come un giorno di festa.<\/div>\n<\/div>\n<div class=\"o9v6fnle cxmmr5t8 oygrvhab hcukyx3x c1et5uql ii04i59q\">\n<div dir=\"auto\">(foto pagina facebook Colle Santa Lucia)<\/div>\n<\/div>\n<p>&nbsp;<\/p>\n<hr \/>\n<p>&nbsp;<\/p>\n<blockquote>\n<h3>SANT&#8217;ANTONIO A RIVAMONTE E I CORDONI DELLA DEVOZIONE<\/h3>\n<\/blockquote>\n<p><strong>RIVAMONTE<\/strong> Un&#8217;altra festa sotto tono come lo scorso anno, ma non in chiesa dove il consueto programma religioso \u00e8 stato rispettato. Come da sempre i volontari hanno distribuito i cordoni di Sant&#8217;Antonio.<\/p>\n\n\t\t\t<style type='text\/css'>\n\t\t\t\t#gallery-1 {\n\t\t\t\t\tmargin: auto;\n\t\t\t\t}\n\t\t\t\t#gallery-1 .gallery-item {\n\t\t\t\t\tfloat: left;\n\t\t\t\t\tmargin-top: 10px;\n\t\t\t\t\ttext-align: center;\n\t\t\t\t\twidth: 33%;\n\t\t\t\t}\n\t\t\t\t#gallery-1 img {\n\t\t\t\t\tborder: 2px solid #cfcfcf;\n\t\t\t\t}\n\t\t\t\t#gallery-1 .gallery-caption {\n\t\t\t\t\tmargin-left: 0;\n\t\t\t\t}\n\t\t\t\t\/* see gallery_shortcode() in wp-includes\/media.php *\/\n\t\t\t<\/style>\n\t\t<div id='gallery-1' class='dt-gallery-container gallery galleryid-215751 gallery-columns-3 gallery-size-medium'><dl class='gallery-item'>\n\t\t\t\t<dt class='gallery-icon landscape'>\n\t\t\t\t\t<a class=\"rollover rollover-zoom dt-pswp-item\" title=\"ANTONIO\" data-dt-img-description=\"\" data-large_image_width=\"2000\" data-large_image_height=\"1500\"href='https:\/\/www.radiopiu.net\/wordpress\/wp-content\/uploads\/2021\/06\/ebe0e140-b21f-4a97-a898-717eb7fd126f.jpg'><img loading=\"lazy\" decoding=\"async\" width=\"300\" height=\"225\" src=\"https:\/\/www.radiopiu.net\/wordpress\/wp-content\/uploads\/2021\/06\/ebe0e140-b21f-4a97-a898-717eb7fd126f-300x225.jpg\" class=\"attachment-medium size-medium\" alt=\"\" srcset=\"https:\/\/www.radiopiu.net\/wordpress\/wp-content\/uploads\/2021\/06\/ebe0e140-b21f-4a97-a898-717eb7fd126f-300x225.jpg 300w, https:\/\/www.radiopiu.net\/wordpress\/wp-content\/uploads\/2021\/06\/ebe0e140-b21f-4a97-a898-717eb7fd126f-1024x768.jpg 1024w, https:\/\/www.radiopiu.net\/wordpress\/wp-content\/uploads\/2021\/06\/ebe0e140-b21f-4a97-a898-717eb7fd126f-768x576.jpg 768w, https:\/\/www.radiopiu.net\/wordpress\/wp-content\/uploads\/2021\/06\/ebe0e140-b21f-4a97-a898-717eb7fd126f-1536x1152.jpg 1536w, https:\/\/www.radiopiu.net\/wordpress\/wp-content\/uploads\/2021\/06\/ebe0e140-b21f-4a97-a898-717eb7fd126f.jpg 2000w\" sizes=\"auto, (max-width: 300px) 100vw, 300px\" \/><\/a>\n\t\t\t\t<\/dt><\/dl><dl class='gallery-item'>\n\t\t\t\t<dt class='gallery-icon landscape'>\n\t\t\t\t\t<a class=\"rollover rollover-zoom dt-pswp-item\" title=\"6a6e4211-fbd0-4f24-9792-dcdbb182ec5e\" data-dt-img-description=\"\" data-large_image_width=\"2000\" data-large_image_height=\"1500\"href='https:\/\/www.radiopiu.net\/wordpress\/wp-content\/uploads\/2021\/06\/6a6e4211-fbd0-4f24-9792-dcdbb182ec5e.jpg'><img loading=\"lazy\" decoding=\"async\" width=\"300\" height=\"225\" src=\"https:\/\/www.radiopiu.net\/wordpress\/wp-content\/uploads\/2021\/06\/6a6e4211-fbd0-4f24-9792-dcdbb182ec5e-300x225.jpg\" class=\"attachment-medium size-medium\" alt=\"\" srcset=\"https:\/\/www.radiopiu.net\/wordpress\/wp-content\/uploads\/2021\/06\/6a6e4211-fbd0-4f24-9792-dcdbb182ec5e-300x225.jpg 300w, https:\/\/www.radiopiu.net\/wordpress\/wp-content\/uploads\/2021\/06\/6a6e4211-fbd0-4f24-9792-dcdbb182ec5e-1024x768.jpg 1024w, https:\/\/www.radiopiu.net\/wordpress\/wp-content\/uploads\/2021\/06\/6a6e4211-fbd0-4f24-9792-dcdbb182ec5e-768x576.jpg 768w, https:\/\/www.radiopiu.net\/wordpress\/wp-content\/uploads\/2021\/06\/6a6e4211-fbd0-4f24-9792-dcdbb182ec5e-1536x1152.jpg 1536w, https:\/\/www.radiopiu.net\/wordpress\/wp-content\/uploads\/2021\/06\/6a6e4211-fbd0-4f24-9792-dcdbb182ec5e.jpg 2000w\" sizes=\"auto, (max-width: 300px) 100vw, 300px\" \/><\/a>\n\t\t\t\t<\/dt><\/dl><dl class='gallery-item'>\n\t\t\t\t<dt class='gallery-icon landscape'>\n\t\t\t\t\t<a class=\"rollover rollover-zoom dt-pswp-item\" title=\"RIVAMONTE\" data-dt-img-description=\"\" data-large_image_width=\"1920\" data-large_image_height=\"1080\"href='https:\/\/www.radiopiu.net\/wordpress\/wp-content\/uploads\/2021\/06\/f6400949-1beb-49ed-a8c9-782896308d94.jpg'><img loading=\"lazy\" decoding=\"async\" width=\"300\" height=\"169\" src=\"https:\/\/www.radiopiu.net\/wordpress\/wp-content\/uploads\/2021\/06\/f6400949-1beb-49ed-a8c9-782896308d94-300x169.jpg\" class=\"attachment-medium size-medium\" alt=\"\" srcset=\"https:\/\/www.radiopiu.net\/wordpress\/wp-content\/uploads\/2021\/06\/f6400949-1beb-49ed-a8c9-782896308d94-300x169.jpg 300w, https:\/\/www.radiopiu.net\/wordpress\/wp-content\/uploads\/2021\/06\/f6400949-1beb-49ed-a8c9-782896308d94-1024x576.jpg 1024w, https:\/\/www.radiopiu.net\/wordpress\/wp-content\/uploads\/2021\/06\/f6400949-1beb-49ed-a8c9-782896308d94-768x432.jpg 768w, https:\/\/www.radiopiu.net\/wordpress\/wp-content\/uploads\/2021\/06\/f6400949-1beb-49ed-a8c9-782896308d94-1536x864.jpg 1536w, https:\/\/www.radiopiu.net\/wordpress\/wp-content\/uploads\/2021\/06\/f6400949-1beb-49ed-a8c9-782896308d94.jpg 1920w\" sizes=\"auto, (max-width: 300px) 100vw, 300px\" \/><\/a>\n\t\t\t\t<\/dt><\/dl><br style=\"clear: both\" \/>\n\t\t\t<\/div>\n\n<p>&nbsp;<\/p>\n<blockquote>\n<h3>SANT&#8217;ANTONIO SENZA BANCARELLE, AD AGORDO IL MERCATINO ATTORNO AL BROI COSI&#8217; ANCHE A FALCADE NEL RISPETTO DELLE NORME COVID<\/h3>\n<\/blockquote>\n<p><strong>AGORDO\u00a0<\/strong>La domenica di Sant&#8217;Antonio \u00e8 rimasta senza bancarelle a Rivamonte in occasione del santo patrono, ma ad Agordo, attorno al Broi, le bancarelle non mancavano in occasione del mercatino domenicale.<\/p>\n<p><strong>L&#8217;INTERVISTA A PAOLA CENTELEGHE, PRESENTE AL MERCATINO DI AGORDO CON IL SUO BANCO DI ORTOFRUTTA<\/strong><\/p>\n<audio class=\"wp-audio-shortcode\" id=\"audio-215751-1\" preload=\"none\" style=\"width: 100%;\" controls=\"controls\"><source type=\"audio\/mpeg\" src=\"https:\/\/www.radiopiu.net\/wordpress\/wp-content\/uploads\/2021\/06\/intervista-paola-centelleghe-mercatino-agordo.mp3?_=1\" \/><a href=\"https:\/\/www.radiopiu.net\/wordpress\/wp-content\/uploads\/2021\/06\/intervista-paola-centelleghe-mercatino-agordo.mp3\">https:\/\/www.radiopiu.net\/wordpress\/wp-content\/uploads\/2021\/06\/intervista-paola-centelleghe-mercatino-agordo.mp3<\/a><\/audio>\n<p>&nbsp;<\/p>\n\n\t\t\t<style type='text\/css'>\n\t\t\t\t#gallery-2 {\n\t\t\t\t\tmargin: auto;\n\t\t\t\t}\n\t\t\t\t#gallery-2 .gallery-item {\n\t\t\t\t\tfloat: left;\n\t\t\t\t\tmargin-top: 10px;\n\t\t\t\t\ttext-align: center;\n\t\t\t\t\twidth: 50%;\n\t\t\t\t}\n\t\t\t\t#gallery-2 img {\n\t\t\t\t\tborder: 2px solid #cfcfcf;\n\t\t\t\t}\n\t\t\t\t#gallery-2 .gallery-caption {\n\t\t\t\t\tmargin-left: 0;\n\t\t\t\t}\n\t\t\t\t\/* see gallery_shortcode() in wp-includes\/media.php *\/\n\t\t\t<\/style>\n\t\t<div id='gallery-2' class='dt-gallery-container gallery galleryid-215751 gallery-columns-2 gallery-size-medium'><dl class='gallery-item'>\n\t\t\t\t<dt class='gallery-icon landscape'>\n\t\t\t\t\t<a class=\"rollover rollover-zoom dt-pswp-item\" title=\"87b89783-20c3-4926-8a73-db872c2b69e4\" data-dt-img-description=\"\" data-large_image_width=\"1920\" data-large_image_height=\"1080\"href='https:\/\/www.radiopiu.net\/wordpress\/wp-content\/uploads\/2021\/06\/87b89783-20c3-4926-8a73-db872c2b69e4.jpg'><img loading=\"lazy\" decoding=\"async\" width=\"300\" height=\"169\" src=\"https:\/\/www.radiopiu.net\/wordpress\/wp-content\/uploads\/2021\/06\/87b89783-20c3-4926-8a73-db872c2b69e4-300x169.jpg\" class=\"attachment-medium size-medium\" alt=\"\" srcset=\"https:\/\/www.radiopiu.net\/wordpress\/wp-content\/uploads\/2021\/06\/87b89783-20c3-4926-8a73-db872c2b69e4-300x169.jpg 300w, https:\/\/www.radiopiu.net\/wordpress\/wp-content\/uploads\/2021\/06\/87b89783-20c3-4926-8a73-db872c2b69e4-1024x576.jpg 1024w, https:\/\/www.radiopiu.net\/wordpress\/wp-content\/uploads\/2021\/06\/87b89783-20c3-4926-8a73-db872c2b69e4-768x432.jpg 768w, https:\/\/www.radiopiu.net\/wordpress\/wp-content\/uploads\/2021\/06\/87b89783-20c3-4926-8a73-db872c2b69e4-1536x864.jpg 1536w, https:\/\/www.radiopiu.net\/wordpress\/wp-content\/uploads\/2021\/06\/87b89783-20c3-4926-8a73-db872c2b69e4.jpg 1920w\" sizes=\"auto, (max-width: 300px) 100vw, 300px\" \/><\/a>\n\t\t\t\t<\/dt><\/dl><dl class='gallery-item'>\n\t\t\t\t<dt class='gallery-icon landscape'>\n\t\t\t\t\t<a class=\"rollover rollover-zoom dt-pswp-item\" title=\"63980256-bdf1-4059-bffb-5a2e7155aabe\" data-dt-img-description=\"\" data-large_image_width=\"1920\" data-large_image_height=\"1080\"href='https:\/\/www.radiopiu.net\/wordpress\/wp-content\/uploads\/2021\/06\/63980256-bdf1-4059-bffb-5a2e7155aabe.jpg'><img loading=\"lazy\" decoding=\"async\" width=\"300\" height=\"169\" src=\"https:\/\/www.radiopiu.net\/wordpress\/wp-content\/uploads\/2021\/06\/63980256-bdf1-4059-bffb-5a2e7155aabe-300x169.jpg\" class=\"attachment-medium size-medium\" alt=\"\" srcset=\"https:\/\/www.radiopiu.net\/wordpress\/wp-content\/uploads\/2021\/06\/63980256-bdf1-4059-bffb-5a2e7155aabe-300x169.jpg 300w, https:\/\/www.radiopiu.net\/wordpress\/wp-content\/uploads\/2021\/06\/63980256-bdf1-4059-bffb-5a2e7155aabe-1024x576.jpg 1024w, https:\/\/www.radiopiu.net\/wordpress\/wp-content\/uploads\/2021\/06\/63980256-bdf1-4059-bffb-5a2e7155aabe-768x432.jpg 768w, https:\/\/www.radiopiu.net\/wordpress\/wp-content\/uploads\/2021\/06\/63980256-bdf1-4059-bffb-5a2e7155aabe-1536x864.jpg 1536w, https:\/\/www.radiopiu.net\/wordpress\/wp-content\/uploads\/2021\/06\/63980256-bdf1-4059-bffb-5a2e7155aabe.jpg 1920w\" sizes=\"auto, (max-width: 300px) 100vw, 300px\" \/><\/a>\n\t\t\t\t<\/dt><\/dl><br style=\"clear: both\" \/>\n\t\t\t<\/div>\n\n<p>&nbsp;<\/p>\n<p>&nbsp;<\/p>\n<p>&nbsp;<\/p>\n<p>&nbsp;<\/p>\n<hr \/>\n<p>&nbsp;<\/p>\n<blockquote>\n<h3 style=\"text-align: center;\"><span style=\"color: #ff0000;\">OGGI ALLA RADIO IL CONSIGLIERE REGIONALE SILVIA CESTARO ALLE 10.30 E 19<\/span><\/h3>\n<\/blockquote>\n<p>&nbsp;<\/p>\n<p>https:\/\/www.facebook.com\/mirko.mezzacasa\/videos\/10226534008603301<\/p>\n<p>&nbsp;<\/p>\n<p>&nbsp;<\/p>\n<hr \/>\n<p>&nbsp;<\/p>\n<p><em><a href=\"https:\/\/www.radiopiu.net\/wordpress\/giornale-radiopiu-24-gennaio-2021-direttore-mirko-mezzacasa\/79216601_126817312416448_708980208774483089_n\/\" rel=\"attachment wp-att-186567\"><img loading=\"lazy\" decoding=\"async\" class=\"size-medium wp-image-186567 alignleft\" src=\"https:\/\/www.radiopiu.net\/wordpress\/wp-content\/uploads\/2021\/01\/79216601_126817312416448_708980208774483089_n-300x114.jpg\" sizes=\"auto, (max-width: 300px) 100vw, 300px\" srcset=\"https:\/\/www.radiopiu.net\/wordpress\/wp-content\/uploads\/2021\/01\/79216601_126817312416448_708980208774483089_n-300x114.jpg 300w, https:\/\/www.radiopiu.net\/wordpress\/wp-content\/uploads\/2021\/01\/79216601_126817312416448_708980208774483089_n-768x292.jpg 768w, https:\/\/www.radiopiu.net\/wordpress\/wp-content\/uploads\/2021\/01\/79216601_126817312416448_708980208774483089_n.jpg 820w\" alt=\"\" width=\"300\" height=\"114\" \/><\/a>A<\/em><em>PP PER IOS-IPHONE di Nicola Vettorello <\/em><a href=\"https:\/\/apps.apple.com\/it\/app\/radio-pi%C3%B9-emittente-agordina\/id1515939845\">https:\/\/apps.apple.com\/it\/app\/radio-pi%C3%B9-emittente-agordina\/id1515939845<\/a><\/p>\n<p><em>ATTENZIONE: LA NUOVA APP RADIO\u00a0 PER ANDROID di Nicola Vettorello<\/em><\/p>\n<p><a href=\"https:\/\/play.google.com\/store\/apps\/details?id=net.radiopiu.iniko\" target=\"_blank\" rel=\"noopener noreferrer\">https:\/\/play.google.com\/store\/apps\/details?id=net.radiopiu.iniko<\/a><\/p>\n<p>&nbsp;<\/p>\n<p>&nbsp;<\/p>\n<hr \/>\n<p>&nbsp;<\/p>\n<p><strong>VOLTAGO<\/strong>\u00a0 Fino al 3 luglio, domeniche escluse, per consentire i lavori di esbosco\u00a0 interdizione totale alla circolazione\u00a0 dalle 8 alle 17 lungo la Strada provinciale 26 \u201cdi Digoman\u201d, nei comuni di Rivamonte e Voltago Agordino.\u00a0 Nei periodi non interessati dalle chiusure sar\u00e0 istituto il senso unico alternato regolato da impianto semaforico.<\/p>\n<p><span style=\"color: #ff0000;\">ALTRE INTERRUZIONI TOTALI<\/span><\/p>\n<p><b>GALLERIA \u2018COMELICO\u00a0<\/b>fino al 31 luglio\u00a0 dalle 21 alle\u00a0 6 la galleria sar\u00e0 chiusa al traffico. Per i veicoli pesanti trainanti un rimorchio \u00e8 prevista la deviazione sulla SR 48 \u201cdelle Dolomiti e sulla SP 49 \u201cMisurina\u201d,\u00a0 \u00a0il traffico pesante sar\u00e0 deviato lungo la SP 532 \u201cPasso S. Antonio\u201d. Il traffico leggero\u00a0 sulla SP 532.<\/p>\n<p><span style=\"color: #ff0000;\">INTERRUZIONI FINO A 20 MINUTI<\/span><\/p>\n<p><strong>48 DELLE DOLOMITI<\/strong>\u00a0Fino al 16 luglio da Pieve di Livinallongo ad Arabba si potr\u00e0 transitare ma in determinate fasce orarie. Dalle 7 del mattino alle 18 sono infatti previste interruzioni fino a 20 minuti per permettere i lavori di esbosco e realizzazione paramassi. Per tutta la durata dei lavori senso unico alternato nei periodi non interessati delle interruzioni.<\/p>\n<p><strong>REGIONALE 203 AGORDINA\u00a0<\/strong>\u00a0Fino al 18 giugno\u00a0 Dalle 7 alle 18 (esclusi festivi e prefestivi) tra Ru Sech e Zunaia,\u00a0 interruzioni della durata massima di 20 minuti e senso unico alternato nei periodi non interessati dalle interruzioni<\/p>\n<p>&nbsp;<\/p>\n<p>&nbsp;<\/p>\n<hr \/>\n<p>&nbsp;<\/p>\n<blockquote><p><strong><span style=\"color: #0000ff;\">AD ALLEGHE, LOCALITA&#8217; LAGUSELLO L&#8217;ACQUA NON \u00e8 POTABILE, PER SCOPI ALIMENTARI SOLO PREVIA BOLLITURA\u00a0<\/span><\/strong><\/p><\/blockquote>\n<p>&nbsp;<\/p>\n<hr \/>\n<p>&nbsp;<\/p>\n<blockquote><p><strong><span style=\"color: #800000;\">ENEL, INTERRUZIONI PROGRAMMATE PER LAVORI SULLE LINEE ELETTRICHE\u00a0 \u00a0&#8211; Per installazione fibra ottica sotto la linea<\/span><\/strong><\/p><\/blockquote>\n<p><strong>\u00a0FALCADE<\/strong>\u00a0 Mercoledi, Giovedi e\u00a0 Venerdi dalle 9 alle 16 localit\u00e0 Sappade, Tabiadon, Meneghina, Barezze, Pians.<\/p>\n<p>&nbsp;<\/p>\n<div><\/div>\n<div><\/div>\n<hr \/>\n<p>&nbsp;<\/p>\n<blockquote>\n<h2>CANTIERI A ROCCA PIETORE<\/h2>\n<\/blockquote>\n<p>Fino al 10 luglio \u00e8 chiuso al transito il ponte sul Ru de Molin tra le localit\u00e0 di Santa Maria delle Grazie e Caracoi.<\/p>\n<p>Chiusura dell&#8217;area compresa tra la localit\u00e0 di Aur\u00f9 e l&#8217;intersezione con la strada per Laste<\/p>\n<p>Fino al 9 luglio \u00e8 chiuso il tratto di strada in localit\u00e0 Col di Rocca nel tratto tra la Centralina Comunale e il bivio in cui si innesta con la strada provinciale 641 lato Sass Negher. . La viabilit\u00e0 da e per l&#8217;abitato di Col di Rocca \u00e8 comunque garantita da altri due accessi esistenti.<\/p>\n<p>&nbsp;<\/p>\n<hr \/>\n<p>&nbsp;<\/p>\n<blockquote>\n<h3>OGGI INIZIANO I LAVORI DI RIFACIMENTO DEL PONTE SUL TORRENTE CAMPREGANA AD AGORDO<\/h3>\n<\/blockquote>\n<p><strong><a href=\"https:\/\/www.radiopiu.net\/wordpress\/agordo-il-mio-paese-litalia-che-vorrei-di-mirko-mezzacasa\/8cea600a-c88b-4d28-8748-e360e4864c44\/\" rel=\"attachment wp-att-144890\"><img loading=\"lazy\" decoding=\"async\" class=\"size-medium wp-image-144890 alignleft\" src=\"https:\/\/www.radiopiu.net\/wordpress\/wp-content\/uploads\/2020\/06\/8cea600a-c88b-4d28-8748-e360e4864c44-300x225.jpg\" alt=\"\" width=\"300\" height=\"225\" srcset=\"https:\/\/www.radiopiu.net\/wordpress\/wp-content\/uploads\/2020\/06\/8cea600a-c88b-4d28-8748-e360e4864c44-300x225.jpg 300w, https:\/\/www.radiopiu.net\/wordpress\/wp-content\/uploads\/2020\/06\/8cea600a-c88b-4d28-8748-e360e4864c44-1024x768.jpg 1024w, https:\/\/www.radiopiu.net\/wordpress\/wp-content\/uploads\/2020\/06\/8cea600a-c88b-4d28-8748-e360e4864c44-768x576.jpg 768w, https:\/\/www.radiopiu.net\/wordpress\/wp-content\/uploads\/2020\/06\/8cea600a-c88b-4d28-8748-e360e4864c44-1536x1152.jpg 1536w, https:\/\/www.radiopiu.net\/wordpress\/wp-content\/uploads\/2020\/06\/8cea600a-c88b-4d28-8748-e360e4864c44.jpg 2048w\" sizes=\"auto, (max-width: 300px) 100vw, 300px\" \/><\/a>AGORDO<\/strong> Dal 14 giugno 2021 al 16 luglio, verranno eseguiti, ad opera dei Servizi Forestali di Belluno, i lavori di rifacimento del ponte sul torrente Campregana, in localita\u0300 Val di Frela. Durante tutto il periodo dei lavori in corso, al fine di limitare i disagi degli abitanti della frazione Farenzena e degli abitanti della localita\u0300 Val di Frela, destra orografica del torrente Campregana, la deviazione della circolazione veicolare avverr\u00e0 lungo l\u2019unica viabilita\u0300 alternativa rappresentata dalla strada silvo-pastorale denominata Farenzena-Don, che potra\u0300 garantire il transito veicolare ai residenti, in deroga ai divieti esistenti. Con l&#8217;ordinanza il comune di Agordo apre delle finestre di transito per salire e scendere sulla strada Farenzena-Don.<\/p>\n<blockquote><p><em>Transito consentito <strong>A SALIRE<\/strong>, da frazione FARENZENA a localita\u0300 DON: dalle 6 alle 7:45, dalle 9 alle 9:45, dalle 11:00 alle 11:45, dalle 13 alle 13:45 &#8211; dalle 15 alle 15:45, dalle 17 alle 17:45, dalle 19 alle 19:45. Transito consentito<strong> A SCENDERE<\/strong>, da localita\u0300 DON a frazione FARENZENA: dalle 8 alle 8:45, dalle 10 alle 10:45, dalle 12 alle 12:45, dalle 14 alle 14:45, dalle 16 alle 16:45, dalle 18 alle 18:45, dalle 20 alle 20:45. Dalle ore 20:45 alle ore 05:45 la circolazione dei veicoli e\u0300 consentita contemporaneamente in entrambi i sensi di marcia.\u00a0<\/em><\/p>\n<p>&nbsp;<\/p><\/blockquote>\n<p>&nbsp;<\/p>\n<p>&nbsp;<\/p>\n<p>&nbsp;<\/p>\n<hr \/>\n<p>&nbsp;<\/p>\n<div class=\"page-title-head hgroup\">\n<blockquote>\n<h3 class=\"entry-title\">ESCURSIONISTA IN GRAVI CONDIZIONI DOPO ESSERE SCIVOLATO TRA COSTOIA E PECOL DI SAN TOMASO<\/h3>\n<\/blockquote>\n<\/div>\n<div><strong><a href=\"https:\/\/www.radiopiu.net\/wordpress\/recuperati-allalba-due-escursionisti-sulle-pale-di-san-lucano\/salt_20200809_102446_176_resized\/\" rel=\"attachment wp-att-154185\"><img loading=\"lazy\" decoding=\"async\" class=\" wp-image-154185 alignleft\" src=\"https:\/\/www.radiopiu.net\/wordpress\/wp-content\/uploads\/2020\/08\/salt_20200809_102446_176_resized-300x225.jpg\" sizes=\"auto, (max-width: 300px) 100vw, 300px\" srcset=\"https:\/\/www.radiopiu.net\/wordpress\/wp-content\/uploads\/2020\/08\/salt_20200809_102446_176_resized-300x225.jpg 300w, https:\/\/www.radiopiu.net\/wordpress\/wp-content\/uploads\/2020\/08\/salt_20200809_102446_176_resized-1024x768.jpg 1024w, https:\/\/www.radiopiu.net\/wordpress\/wp-content\/uploads\/2020\/08\/salt_20200809_102446_176_resized-768x576.jpg 768w, https:\/\/www.radiopiu.net\/wordpress\/wp-content\/uploads\/2020\/08\/salt_20200809_102446_176_resized.jpg 1182w\" alt=\"\" width=\"232\" height=\"174\" \/><\/a>SAN TOMASO\u00a0<\/strong>Passate da poco le 18 la Centrale del Suem \u00e8 stata allertata da un gruppo di escursionisti, poich\u00e9 uno di loro, mentre percorrevano il sentiero che da Costoia porta a Pecol, era scivolato cadendo tra la vegetazione nella scarpata laterale e non rispondeva ai loro richiami. C.P., 70 anni di Conegliano una volta geolocalizzato dall&#8217;elicottero che\u00a0 ha sorvolato la zona \u00e8 stato soccorso e\u00a0 trasportato in gravi condizioni all\u2019ospedale di Treviso.<\/div>\n<p>&nbsp;<\/p>\n<p>&nbsp;<\/p>\n<p>&nbsp;<\/p>\n<p>&nbsp;<\/p>\n<p>&nbsp;<\/p>\n<hr \/>\n<blockquote>\n<h3><\/h3>\n<h3>QUATTRO FERITI NELL&#8217;INCIDENTE AL PERON &#8211; 203 AGORDINA<\/h3>\n<p><strong>SEDICO<\/strong> Quattro feriti, ma non in gravi condizioni nell&#8217;ncidente del pomeriggio lungo la regionale 203 agordina al Peron di Sedico. Tra i feriti anche un bimbo portato all&#8217;ospedale di Felte. Dinamica da ricostruire per gli agenti di Polizia della Questura di Belluno.\u00a0 Forti disagi per la viabilit\u00e0 con colonna d&#8217;auto fino ad oltre Candaten verso Belluno, traffico a rilento per\u00a0 un paio d&#8217;ore dalle 18, cos\u00ec nella direzione opposta. .<\/p>\n<p>Lo scontro frontale tra due auto:\u00a0 I pompieri\u00a0 di\u00a0 Belluno, hanno messo in sicurezza i mezzi, mentre i feriti sono stati assistiti dal personale del SUEM.\u00a0 Le operazioni di soccorso dei vigili del fuoco sono terminate dopo un\u2019ora e mezza<\/p>\n<p>.<\/p>\n\n\t\t\t<style type='text\/css'>\n\t\t\t\t#gallery-3 {\n\t\t\t\t\tmargin: auto;\n\t\t\t\t}\n\t\t\t\t#gallery-3 .gallery-item {\n\t\t\t\t\tfloat: left;\n\t\t\t\t\tmargin-top: 10px;\n\t\t\t\t\ttext-align: center;\n\t\t\t\t\twidth: 33%;\n\t\t\t\t}\n\t\t\t\t#gallery-3 img {\n\t\t\t\t\tborder: 2px solid #cfcfcf;\n\t\t\t\t}\n\t\t\t\t#gallery-3 .gallery-caption {\n\t\t\t\t\tmargin-left: 0;\n\t\t\t\t}\n\t\t\t\t\/* see gallery_shortcode() in wp-includes\/media.php *\/\n\t\t\t<\/style>\n\t\t<div id='gallery-3' class='dt-gallery-container gallery galleryid-215751 gallery-columns-3 gallery-size-medium'><dl class='gallery-item'>\n\t\t\t\t<dt class='gallery-icon landscape'>\n\t\t\t\t\t<a class=\"rollover rollover-zoom dt-pswp-item\" title=\"de4058ac-bfb2-4a0a-b9c5-817f019a9cf3\" data-dt-img-description=\"\" data-large_image_width=\"1280\" data-large_image_height=\"876\"href='https:\/\/www.radiopiu.net\/wordpress\/wp-content\/uploads\/2021\/06\/de4058ac-bfb2-4a0a-b9c5-817f019a9cf3.jpg'><img loading=\"lazy\" decoding=\"async\" width=\"300\" height=\"205\" src=\"https:\/\/www.radiopiu.net\/wordpress\/wp-content\/uploads\/2021\/06\/de4058ac-bfb2-4a0a-b9c5-817f019a9cf3-300x205.jpg\" class=\"attachment-medium size-medium\" alt=\"\" srcset=\"https:\/\/www.radiopiu.net\/wordpress\/wp-content\/uploads\/2021\/06\/de4058ac-bfb2-4a0a-b9c5-817f019a9cf3-300x205.jpg 300w, https:\/\/www.radiopiu.net\/wordpress\/wp-content\/uploads\/2021\/06\/de4058ac-bfb2-4a0a-b9c5-817f019a9cf3-1024x701.jpg 1024w, https:\/\/www.radiopiu.net\/wordpress\/wp-content\/uploads\/2021\/06\/de4058ac-bfb2-4a0a-b9c5-817f019a9cf3-768x526.jpg 768w, https:\/\/www.radiopiu.net\/wordpress\/wp-content\/uploads\/2021\/06\/de4058ac-bfb2-4a0a-b9c5-817f019a9cf3.jpg 1280w\" sizes=\"auto, (max-width: 300px) 100vw, 300px\" \/><\/a>\n\t\t\t\t<\/dt><\/dl><dl class='gallery-item'>\n\t\t\t\t<dt class='gallery-icon landscape'>\n\t\t\t\t\t<a class=\"rollover rollover-zoom dt-pswp-item\" title=\"c15c4363-e4d0-4742-823e-f32b481481ff\" data-dt-img-description=\"\" data-large_image_width=\"1280\" data-large_image_height=\"960\"href='https:\/\/www.radiopiu.net\/wordpress\/wp-content\/uploads\/2021\/06\/c15c4363-e4d0-4742-823e-f32b481481ff.jpg'><img loading=\"lazy\" decoding=\"async\" width=\"300\" height=\"225\" src=\"https:\/\/www.radiopiu.net\/wordpress\/wp-content\/uploads\/2021\/06\/c15c4363-e4d0-4742-823e-f32b481481ff-300x225.jpg\" class=\"attachment-medium size-medium\" alt=\"\" srcset=\"https:\/\/www.radiopiu.net\/wordpress\/wp-content\/uploads\/2021\/06\/c15c4363-e4d0-4742-823e-f32b481481ff-300x225.jpg 300w, https:\/\/www.radiopiu.net\/wordpress\/wp-content\/uploads\/2021\/06\/c15c4363-e4d0-4742-823e-f32b481481ff-1024x768.jpg 1024w, https:\/\/www.radiopiu.net\/wordpress\/wp-content\/uploads\/2021\/06\/c15c4363-e4d0-4742-823e-f32b481481ff-768x576.jpg 768w, https:\/\/www.radiopiu.net\/wordpress\/wp-content\/uploads\/2021\/06\/c15c4363-e4d0-4742-823e-f32b481481ff.jpg 1280w\" sizes=\"auto, (max-width: 300px) 100vw, 300px\" \/><\/a>\n\t\t\t\t<\/dt><\/dl><dl class='gallery-item'>\n\t\t\t\t<dt class='gallery-icon landscape'>\n\t\t\t\t\t<a class=\"rollover rollover-zoom dt-pswp-item\" title=\"36b51878-eefe-4491-bb4d-2cea74ef566c\" data-dt-img-description=\"\" data-large_image_width=\"1280\" data-large_image_height=\"804\"href='https:\/\/www.radiopiu.net\/wordpress\/wp-content\/uploads\/2021\/06\/36b51878-eefe-4491-bb4d-2cea74ef566c.jpg'><img loading=\"lazy\" decoding=\"async\" width=\"300\" height=\"188\" src=\"https:\/\/www.radiopiu.net\/wordpress\/wp-content\/uploads\/2021\/06\/36b51878-eefe-4491-bb4d-2cea74ef566c-300x188.jpg\" class=\"attachment-medium size-medium\" alt=\"\" srcset=\"https:\/\/www.radiopiu.net\/wordpress\/wp-content\/uploads\/2021\/06\/36b51878-eefe-4491-bb4d-2cea74ef566c-300x188.jpg 300w, https:\/\/www.radiopiu.net\/wordpress\/wp-content\/uploads\/2021\/06\/36b51878-eefe-4491-bb4d-2cea74ef566c-1024x643.jpg 1024w, https:\/\/www.radiopiu.net\/wordpress\/wp-content\/uploads\/2021\/06\/36b51878-eefe-4491-bb4d-2cea74ef566c-768x482.jpg 768w, https:\/\/www.radiopiu.net\/wordpress\/wp-content\/uploads\/2021\/06\/36b51878-eefe-4491-bb4d-2cea74ef566c.jpg 1280w\" sizes=\"auto, (max-width: 300px) 100vw, 300px\" \/><\/a>\n\t\t\t\t<\/dt><\/dl><br style=\"clear: both\" \/>\n\t\t\t<\/div>\n\n<hr \/>\n<\/blockquote>\n<p>&nbsp;<\/p>\n<blockquote>\n<h3>RITROVATO PRIVO DI VITA TRA LE MURA DI CASA<\/h3>\n<\/blockquote>\n<p><strong>COMELICO<\/strong>\u00a0 \u00a0Pietro Martini Faitel, 68enne di Padola, frazione di Comelico Superiore \u00e8 morto in casa, viveva da solo. A dare l&#8217;allarme, ieri verso le 13, \u00e8 stato un vicino di casa. Da qualche giorno non lo si vedeva pi\u00f9 e allora \u00e8 scattato l&#8217;allarme.<\/p>\n<p>&nbsp;<\/p>\n<hr \/>\n<blockquote><p>&nbsp;<\/p>\n<h3>CADE A TERRA SBATTENDO LA TESTA<\/h3>\n<p><strong>LIMANA<\/strong> Ieri pomeriggio alle 14.30 un ciclista di Ponte nelle Alpi \u00e8 caduto sbattendo la testa, probabilmente in seguito ad un malore. S.M. 55 anni di Ponte nelle Alpi \u00e8 stato portato in ospedale dove \u00e8 stato trattenuto in osservazione.<\/p>\n<p>&nbsp;<\/p><\/blockquote>\n<hr \/>\n<blockquote><p>&nbsp;<\/p>\n<h3>MOTO CONTRO AUTO A POCOL, QUERO E LONGARONE<\/h3>\n<h3>CORTINA, Alle 16.30 schianto tra auto e moto in fondo a Passo Falzarego verso Cortina. La peggio per il centauro, straniero di 41 anni all&#8217;ospedale con ferite di media gravit\u00e0.<\/h3>\n<h3>LONGARONE Incidente tra auto e moto\u00a0 sulla statale 51. Il centauro \u00e8 rimasto ferito ed \u00e8 stato portato all&#8217;ospedale di Belluno. Gravi\u00a0 le ripercussioni sul traffico che\u00a0 \u00e8 stato bloccato.<\/h3>\n<h3>QUERO VAS Il volo con la moto nel prato dopo aver colliso con una Dacia lungo la regionale 348. \u00c8 finita al pronto soccorso una coppia di motociclisti di Castelfranco che stava tornando a casa dopo una gita domenicale. Per l&#8217;uomo\u00a0 femore fratturato, per la donna ferite\u00a0 leggere. Illesi marito e moglie che occupavano la Dacia Duster.<\/h3>\n<p>&nbsp;<\/p><\/blockquote>\n<hr \/>\n<p>&nbsp;<\/p>\n<blockquote>\n<h3>SOCCORSO ALPINO IMPEGNATO A FRASSENE&#8217; E SAN TOMASO<\/h3>\n<\/blockquote>\n<p><strong><a href=\"https:\/\/www.radiopiu.net\/wordpress\/torna-la-festa-del-volontariato-cadorino-sabato-1-settembre\/soccorsoalpino\/\" rel=\"attachment wp-att-59164\"><img loading=\"lazy\" decoding=\"async\" class=\" wp-image-59164 alignleft\" src=\"https:\/\/www.radiopiu.net\/wordpress\/wp-content\/uploads\/2018\/08\/soccorsoalpino-300x300.jpg\" alt=\"\" width=\"116\" height=\"116\" srcset=\"https:\/\/www.radiopiu.net\/wordpress\/wp-content\/uploads\/2018\/08\/soccorsoalpino-300x300.jpg 300w, https:\/\/www.radiopiu.net\/wordpress\/wp-content\/uploads\/2018\/08\/soccorsoalpino-150x150.jpg 150w, https:\/\/www.radiopiu.net\/wordpress\/wp-content\/uploads\/2018\/08\/soccorsoalpino-768x768.jpg 768w, https:\/\/www.radiopiu.net\/wordpress\/wp-content\/uploads\/2018\/08\/soccorsoalpino-1024x1024.jpg 1024w, https:\/\/www.radiopiu.net\/wordpress\/wp-content\/uploads\/2018\/08\/soccorsoalpino.jpg 1200w\" sizes=\"auto, (max-width: 116px) 100vw, 116px\" \/><\/a>VOLTAGO<\/strong> Ieri attorno alle 12.10 un escursionista ha contattato il 118 perch\u00e9, dopo essersi incamminato lungo il sentiero che dai Laghetti, a Frassen\u00e8 di Voltago Agordino, porta a Casera Marol, si era sentito poco bene. L.S., 62 anni, di Stra (VE), che si trovava a un centinaio di metri dalla partenza, \u00e8 stato raggiunto dal personale dell&#8217;ambulanza, poi partita con lui in direzione dell&#8217;ospedale di Agordo per gli accertamenti del caso. Sul posto per eventuale supporto anche una squadra del Soccorso alpino di Agordo.<\/p>\n<p><strong>SAN TOMASO<\/strong> Sempre ieri alle 13.45 la Centrale del Suem \u00e8 stata allertata dal marito di un&#8217;escursionista che era scivolata lungo il sentiero 682, sopra il Rifugio Sasso Bianco, nel comune di San Tomaso Agordino. C.B., 51 anni, di Sospirolo (BL), che aveva riportato la sospetta frattura di una caviglia \u00e8 stata raggiunta dall&#8217;equipaggio dell&#8217;elicottero del Suem di Pieve di Cadore. Imbarcata, l&#8217;infortunata \u00e8 stata trasportata all&#8217;ospedale di Belluno.<\/p>\n<p>&nbsp;<\/p>\n<p>&nbsp;<\/p>\n<hr \/>\n<p>&nbsp;<\/p>\n<blockquote>\n<h3>SI PERDE SUL NEVEGAL, IL SOCCORSO ALPINO LA RIACCOMPAGNA ALLA MACCHINA<\/h3>\n<\/blockquote>\n<p><strong><a href=\"https:\/\/www.radiopiu.net\/wordpress\/incrodati-sulla-civetta-soccorsi-stamane-alle-4-30-due-alpinisti-bloccati-sullantelao-chiamano-la-compagna-anziche-il-118\/salt_20200810_175813_090_resized\/\" rel=\"attachment wp-att-154485\"><img loading=\"lazy\" decoding=\"async\" class=\" wp-image-154485 alignleft\" src=\"https:\/\/www.radiopiu.net\/wordpress\/wp-content\/uploads\/2020\/08\/salt_20200810_175813_090_resized-300x225.jpg\" alt=\"\" width=\"219\" height=\"164\" srcset=\"https:\/\/www.radiopiu.net\/wordpress\/wp-content\/uploads\/2020\/08\/salt_20200810_175813_090_resized-300x225.jpg 300w, https:\/\/www.radiopiu.net\/wordpress\/wp-content\/uploads\/2020\/08\/salt_20200810_175813_090_resized-1024x768.jpg 1024w, https:\/\/www.radiopiu.net\/wordpress\/wp-content\/uploads\/2020\/08\/salt_20200810_175813_090_resized-768x576.jpg 768w, https:\/\/www.radiopiu.net\/wordpress\/wp-content\/uploads\/2020\/08\/salt_20200810_175813_090_resized.jpg 1182w\" sizes=\"auto, (max-width: 219px) 100vw, 219px\" \/><\/a>BELLUNO<\/strong> Passate le 14 di ieri, la Centrale del Suem ha allertato il Soccorso alpino di Belluno per un&#8217;escursionista che, partita dalla Casera e scesa lungo il sentiero Prati Verdil, aveva smarrito la traccia ritrovandosi in mezzo a un bosco. B.G., 48 anni, di Conegliano (TV), perso il percorso era scesa per una valletta laterale, versante Fadalto, scendendo per 300 metri di dislivello. Risaliti alle coordinate, i soccorritori la hanno individuata e raggiunta. Dopo aver valutato se fosse in grado di risalire &#8211; in caso opposto sarebbero scesi verso Fadalto in accordo con il Soccorso alpino delle Prealpi Trevigiane &#8211; la squadra \u00e8 salita lentamente con la donna fino al Rifugio Brigata, da dove con la jeep l&#8217;escursionista \u00e8 stata riaccompagnata alla macchina.<\/p>\n<div><\/div>\n<div><\/div>\n<div><\/div>\n<div><\/div>\n<div><\/div>\n<div><\/div>\n<div><\/div>\n<hr \/>\n<p>&nbsp;<\/p>\n<blockquote>\n<h3>DOPO L&#8217;ATTACCO HACKER A LUXOTTICA DELLO SCORSO AUTUNNO SCATTANO LE PERQUISIZIONI<\/h3>\n<\/blockquote>\n<p><strong>MILANO <\/strong>Era il 20 settembre 2020 quando Luxottica fu &#8220;fermata&#8221; da una attacco hacker che aveva addirittura bloccato la produzione per una giornata con conseguenti danni. Ieri la Polizia Postale di Milano, con il coordinamento del Servizio Polizia Postale e delle Comunicazioni di Roma, ha eseguito perquisizioni domiciliari e informatiche in diverse regioni, in particolare Veneto ed Emilia-Romagna. A disporle il pm titolare delle indagini Alessandro Gobbis.<\/p>\n<p><strong>GLI ARTICOLI DI RADIO PIU&#8217; SULL&#8217;ATTACCO HACKER A LUXOTTICA DEL 20 SETTEMBRE 2020<\/strong><\/p>\n<blockquote class=\"wp-embedded-content\" data-secret=\"m1phniux2D\"><p><a href=\"https:\/\/www.radiopiu.net\/wordpress\/https-wp-me-p63lo7-g3z\/\">IN LUXOTTICA RIPRENDONO LE ATTIVITA&#8217;, MA NON A SEDICO RX<\/a><\/p><\/blockquote>\n<p><iframe loading=\"lazy\" class=\"wp-embedded-content\" sandbox=\"allow-scripts\" security=\"restricted\" style=\"position: absolute; clip: rect(1px, 1px, 1px, 1px);\" title=\"&#8220;IN LUXOTTICA RIPRENDONO LE ATTIVITA&#8217;, MA NON A SEDICO RX&#8221; &#8212; Radio Pi\u00f9\" src=\"https:\/\/www.radiopiu.net\/wordpress\/https-wp-me-p63lo7-g3z\/embed\/#?secret=m1phniux2D\" data-secret=\"m1phniux2D\" width=\"600\" height=\"338\" frameborder=\"0\" marginwidth=\"0\" marginheight=\"0\" scrolling=\"no\"><\/iframe><\/p>\n<p>&nbsp;<\/p>\n<blockquote class=\"wp-embedded-content\" data-secret=\"IMNTbYMQPr\"><p><a href=\"https:\/\/www.radiopiu.net\/wordpress\/luxottica-attaccata-dagli-hacker-si-sono-alzate-le-difese-parla-nicola-brancher\/\">LUXOTTICA &#8220;ATTACCATA&#8221; DAGLI HACKER, SI SONO ALZATE LE DIFESE. PARLA NICOLA BRANCHER<\/a><\/p><\/blockquote>\n<p><iframe loading=\"lazy\" class=\"wp-embedded-content\" sandbox=\"allow-scripts\" security=\"restricted\" style=\"position: absolute; clip: rect(1px, 1px, 1px, 1px);\" title=\"&#8220;LUXOTTICA &#8220;ATTACCATA&#8221; DAGLI HACKER, SI SONO ALZATE LE DIFESE. PARLA NICOLA BRANCHER&#8221; &#8212; Radio Pi\u00f9\" src=\"https:\/\/www.radiopiu.net\/wordpress\/luxottica-attaccata-dagli-hacker-si-sono-alzate-le-difese-parla-nicola-brancher\/embed\/#?secret=IMNTbYMQPr\" data-secret=\"IMNTbYMQPr\" width=\"600\" height=\"338\" frameborder=\"0\" marginwidth=\"0\" marginheight=\"0\" scrolling=\"no\"><\/iframe><\/p>\n<p>&nbsp;<\/p>\n<hr \/>\n<p>&nbsp;<\/p>\n<blockquote>\n<h3>STUDENTE BELLUNESE DENUNCIATO PER UBRIACHEZZA A PADOVA<\/h3>\n<\/blockquote>\n<p><strong>PADOVA\u00a0<\/strong> Uno studente bellunese al culmine della serata alcolica, ha fatto un tuffo nella canaletta delle riviere all&#8217;1.20, in riviera San Benedetto. Il giovane si \u00e8 giustificato dicendo di essere caduto dentro per errore ma la polizia non ci ha creduto ed \u00e8 stato sanzionato per ubriachezza molesta<\/p>\n<p>&nbsp;<\/p>\n<hr \/>\n<blockquote>\n<h3 class=\"p1\"><span class=\"s1\">\u00a0<\/span><\/h3>\n<h3 class=\"p1\"><span class=\"s1\">INCONTRO TRA IL MINISTRO, IL PRESIDENTE DELLA PROVINCIA E I RAPPRESENTANTI DI BELLUNO, UNION FELTRE E SAN GIORGIO SEDICO PER DISCUTERE LA FUSIONE<\/span><\/h3>\n<\/blockquote>\n<p><strong><a href=\"https:\/\/www.radiopiu.net\/wordpress\/giornale-radiopiu-14-giugno-2021-direttore-mirko-mezzacasa\/incontro-calcio-bl\/\" rel=\"attachment wp-att-215781\"><img loading=\"lazy\" decoding=\"async\" class=\"size-medium wp-image-215781 alignleft\" src=\"https:\/\/www.radiopiu.net\/wordpress\/wp-content\/uploads\/2021\/06\/incontro-calcio-BL-300x225.jpg\" alt=\"\" width=\"300\" height=\"225\" srcset=\"https:\/\/www.radiopiu.net\/wordpress\/wp-content\/uploads\/2021\/06\/incontro-calcio-BL-300x225.jpg 300w, https:\/\/www.radiopiu.net\/wordpress\/wp-content\/uploads\/2021\/06\/incontro-calcio-BL-1024x768.jpg 1024w, https:\/\/www.radiopiu.net\/wordpress\/wp-content\/uploads\/2021\/06\/incontro-calcio-BL-768x576.jpg 768w, https:\/\/www.radiopiu.net\/wordpress\/wp-content\/uploads\/2021\/06\/incontro-calcio-BL.jpg 1280w\" sizes=\"auto, (max-width: 300px) 100vw, 300px\" \/><\/a>BELLUNO<\/strong> \u00ab<em>La possibile fusione tra le societ\u00e0 sportive Belluno, Union Feltre e San Giorgio Sedico \u00e8 indubbiamente positiva per la crescita dello sport bellunese. Un progetto con una visione importante per il calcio della nostra provincia, che mi \u00e8 stato illustrato dai responsabili delle tre societ\u00e0 a cui ho ribadito l\u2019importanza dei settori giovanili: un aspetto decisivo, infatti, sar\u00e0 quello degli investimenti nei confronti dei giovani, rafforzando i vivai anche attraverso strutture moderne e all\u2019avanguardia per favorire la preparazione. Si tratterebbe, quindi, di costruire un nuovo percorso per il calcio locale, senza campanilismi ma con forti valori sportivi in grado di migliorare il \u201cgioco di squadra\u201d dei nostri giovani<\/em>\u00bb. Lo dichiara Federico D&#8217;Inc\u00e0, Ministro per i Rapporti con il Parlamento, in seguito all&#8217;incontro tra i rappresentanti delle societ\u00e0 Belluno, Feltre e San Giorgio Sedico organizzato a Palazzo Piloni dal presidente della Provincia di Belluno, Roberto Padrin. Sotto la lente soprattutto il tema degli impianti sportivi, per il quale ci sar\u00e0 un ulteriore incontro marted\u00ec prossimo, con i sindaci dei Comuni coinvolti. L\u2019obiettivo \u00e8 quello di intercettare risorse nazionali e comunitarie per migliorare la dotazione infrastrutturale bellunese. \u00ab<em>Sono fermamente convinto che la fusione possa essere la strada giusta per dare al nostro territorio una societ\u00e0 sportiva forte, in grado di affrontare un salto di qualit\u00e0 non solo a livello agonistico, ma anche sociale &#8211; afferma il presidente della Provincia Roberto Padrin -. Per questo ho voluto mettere tutti attorno allo stesso tavolo, nella convinzione che il gioco di squadra \u00e8 uno dei motori irrinunciabili per la nostra provincia, nello sport come nella vita amministrativa. Ringrazio il Ministro D\u2019Inc\u00e0 per aver subito colto l\u2019invito a partecipare a questo incontro, e soprattutto per aver capito l\u2019importanza di questa iniziativa, che ha una valenza promozionale, di valorizzazione del territorio e di crescita delle nostre comunit\u00e0, attraverso lo sport<\/em>\u00bb. \u00ab<em>Il percorso \u00e8 sicuramente impegnativo &#8211; prosegue D&#8217;Inc\u00e0 &#8211; ma con l\u2019attenzione di tutti gli attori coinvolti ha la possibilit\u00e0 di concretizzarsi sulla scia di altre realt\u00e0 che hanno fatto della fusione un vero e proprio modello di crescita sportiva. Credo che l\u2019unione e la collaborazione, mai come in questo periodo, siano fondamentali per affrontare le sfide del futuro. A partire dal calcio, infatti, \u00e8 possibile ragionare su un modello di aggregazione anche per il mondo imprenditoriale e nei confronti dei piccoli Comuni, come \u00e8 gi\u00e0 avvenuto in passato: aggregarsi, significa affrontare al meglio le prossime sfide, come quella del PNRR che riveste un&#8217;assoluta importanza\u00bb. <\/em><em>D&#8217;Inc\u00e0 si ritiene \u00aba disposizione per ulteriori incontri in modo che questa iniziativa possa vedere la luce, in un\u2019ottica di sviluppo per l\u2019intero territorio<\/em>\u00bb.<\/p>\n<p>&nbsp;<\/p>\n<p>&nbsp;<\/p>\n<p>&nbsp;<\/p>\n<hr \/>\n<p>&nbsp;<\/p>\n<blockquote class=\"wp-embedded-content\" data-secret=\"XEnuCyBgtt\"><p><a href=\"https:\/\/www.radiopiu.net\/wordpress\/aggiornamentogiu13\/\">CORONAVIRUS: AGGIORNAMENTO NAZIONALE 13 GIUGNO  2021<\/a><\/p><\/blockquote>\n<p><iframe loading=\"lazy\" class=\"wp-embedded-content\" sandbox=\"allow-scripts\" security=\"restricted\" style=\"position: absolute; clip: rect(1px, 1px, 1px, 1px);\" title=\"&#8220;CORONAVIRUS: AGGIORNAMENTO NAZIONALE 13 GIUGNO  2021&#8221; &#8212; Radio Pi\u00f9\" src=\"https:\/\/www.radiopiu.net\/wordpress\/aggiornamentogiu13\/embed\/#?secret=XEnuCyBgtt\" data-secret=\"XEnuCyBgtt\" width=\"600\" height=\"338\" frameborder=\"0\" marginwidth=\"0\" marginheight=\"0\" scrolling=\"no\"><\/iframe><\/p>\n<p>&nbsp;<\/p>\n<blockquote class=\"wp-embedded-content\" data-secret=\"AOKGHRjATH\"><p><a href=\"https:\/\/www.radiopiu.net\/wordpress\/sono-63-le-nuove-positivita-delle-ultime-24-ore-in-veneto-nessun-decesso-e-ricoveri-in-calo-a-belluno-nessun-nuovo-positivo\/\">SONO 63 LE NUOVE POSITIVITA&#8217; DELLE ULTIME 24 ORE IN VENETO. NESSUN DECESSO E RICOVERI IN CALO. A BELLUNO NESSUN NUOVO POSITIVO<\/a><\/p><\/blockquote>\n<p><iframe loading=\"lazy\" class=\"wp-embedded-content\" sandbox=\"allow-scripts\" security=\"restricted\" style=\"position: absolute; clip: rect(1px, 1px, 1px, 1px);\" title=\"&#8220;SONO 63 LE NUOVE POSITIVITA&#8217; DELLE ULTIME 24 ORE IN VENETO. NESSUN DECESSO E RICOVERI IN CALO. A BELLUNO NESSUN NUOVO POSITIVO&#8221; &#8212; Radio Pi\u00f9\" src=\"https:\/\/www.radiopiu.net\/wordpress\/sono-63-le-nuove-positivita-delle-ultime-24-ore-in-veneto-nessun-decesso-e-ricoveri-in-calo-a-belluno-nessun-nuovo-positivo\/embed\/#?secret=AOKGHRjATH\" data-secret=\"AOKGHRjATH\" width=\"600\" height=\"338\" frameborder=\"0\" marginwidth=\"0\" marginheight=\"0\" scrolling=\"no\"><\/iframe><\/p>\n<p>&nbsp;<\/p>\n<blockquote>\n<h3>I GRAFICI DI TIZIANO DE COL<\/h3>\n<\/blockquote>\n<p>&nbsp;<\/p>\n\n\t\t\t<style type='text\/css'>\n\t\t\t\t#gallery-4 {\n\t\t\t\t\tmargin: auto;\n\t\t\t\t}\n\t\t\t\t#gallery-4 .gallery-item {\n\t\t\t\t\tfloat: left;\n\t\t\t\t\tmargin-top: 10px;\n\t\t\t\t\ttext-align: center;\n\t\t\t\t\twidth: 20%;\n\t\t\t\t}\n\t\t\t\t#gallery-4 img {\n\t\t\t\t\tborder: 2px solid #cfcfcf;\n\t\t\t\t}\n\t\t\t\t#gallery-4 .gallery-caption {\n\t\t\t\t\tmargin-left: 0;\n\t\t\t\t}\n\t\t\t\t\/* see gallery_shortcode() in wp-includes\/media.php *\/\n\t\t\t<\/style>\n\t\t<div id='gallery-4' class='dt-gallery-container gallery galleryid-215751 gallery-columns-5 gallery-size-thumbnail'><dl class='gallery-item'>\n\t\t\t\t<dt class='gallery-icon landscape'>\n\t\t\t\t\t<a class=\"rollover rollover-zoom dt-pswp-item\" title=\"51b47284-9db4-40f1-a8f1-d6e443bd3ba2\" data-dt-img-description=\"\" data-large_image_width=\"593\" data-large_image_height=\"350\"href='https:\/\/www.radiopiu.net\/wordpress\/wp-content\/uploads\/2021\/06\/51b47284-9db4-40f1-a8f1-d6e443bd3ba2.jpg'><img loading=\"lazy\" decoding=\"async\" width=\"150\" height=\"150\" src=\"https:\/\/www.radiopiu.net\/wordpress\/wp-content\/uploads\/2021\/06\/51b47284-9db4-40f1-a8f1-d6e443bd3ba2-150x150.jpg\" class=\"attachment-thumbnail size-thumbnail\" alt=\"\" \/><\/a>\n\t\t\t\t<\/dt><\/dl><dl class='gallery-item'>\n\t\t\t\t<dt class='gallery-icon landscape'>\n\t\t\t\t\t<a class=\"rollover rollover-zoom dt-pswp-item\" title=\"812e2d00-8e58-4bda-9800-9cd7e1b28b49\" data-dt-img-description=\"\" data-large_image_width=\"598\" data-large_image_height=\"359\"href='https:\/\/www.radiopiu.net\/wordpress\/wp-content\/uploads\/2021\/06\/812e2d00-8e58-4bda-9800-9cd7e1b28b49.jpg'><img loading=\"lazy\" decoding=\"async\" width=\"150\" height=\"150\" src=\"https:\/\/www.radiopiu.net\/wordpress\/wp-content\/uploads\/2021\/06\/812e2d00-8e58-4bda-9800-9cd7e1b28b49-150x150.jpg\" class=\"attachment-thumbnail size-thumbnail\" alt=\"\" \/><\/a>\n\t\t\t\t<\/dt><\/dl><dl class='gallery-item'>\n\t\t\t\t<dt class='gallery-icon landscape'>\n\t\t\t\t\t<a class=\"rollover rollover-zoom dt-pswp-item\" title=\"33994e54-e4f6-4698-bf17-26de0442aa1f\" data-dt-img-description=\"\" data-large_image_width=\"600\" data-large_image_height=\"358\"href='https:\/\/www.radiopiu.net\/wordpress\/wp-content\/uploads\/2021\/06\/33994e54-e4f6-4698-bf17-26de0442aa1f.jpg'><img loading=\"lazy\" decoding=\"async\" width=\"150\" height=\"150\" src=\"https:\/\/www.radiopiu.net\/wordpress\/wp-content\/uploads\/2021\/06\/33994e54-e4f6-4698-bf17-26de0442aa1f-150x150.jpg\" class=\"attachment-thumbnail size-thumbnail\" alt=\"\" \/><\/a>\n\t\t\t\t<\/dt><\/dl><dl class='gallery-item'>\n\t\t\t\t<dt class='gallery-icon landscape'>\n\t\t\t\t\t<a class=\"rollover rollover-zoom dt-pswp-item\" title=\"fc10f4fe-dc4e-4f89-b652-35c2798afa0a\" data-dt-img-description=\"\" data-large_image_width=\"606\" data-large_image_height=\"356\"href='https:\/\/www.radiopiu.net\/wordpress\/wp-content\/uploads\/2021\/06\/fc10f4fe-dc4e-4f89-b652-35c2798afa0a.jpg'><img loading=\"lazy\" decoding=\"async\" width=\"150\" height=\"150\" src=\"https:\/\/www.radiopiu.net\/wordpress\/wp-content\/uploads\/2021\/06\/fc10f4fe-dc4e-4f89-b652-35c2798afa0a-150x150.jpg\" class=\"attachment-thumbnail size-thumbnail\" alt=\"\" \/><\/a>\n\t\t\t\t<\/dt><\/dl><dl class='gallery-item'>\n\t\t\t\t<dt class='gallery-icon landscape'>\n\t\t\t\t\t<a class=\"rollover rollover-zoom dt-pswp-item\" title=\"8625936f-9257-4012-a19a-bf9b836858d7\" data-dt-img-description=\"\" data-large_image_width=\"610\" data-large_image_height=\"357\"href='https:\/\/www.radiopiu.net\/wordpress\/wp-content\/uploads\/2021\/06\/8625936f-9257-4012-a19a-bf9b836858d7.jpg'><img loading=\"lazy\" decoding=\"async\" width=\"150\" height=\"150\" src=\"https:\/\/www.radiopiu.net\/wordpress\/wp-content\/uploads\/2021\/06\/8625936f-9257-4012-a19a-bf9b836858d7-150x150.jpg\" class=\"attachment-thumbnail size-thumbnail\" alt=\"\" \/><\/a>\n\t\t\t\t<\/dt><\/dl><br style=\"clear: both\" \/>\n\t\t\t<\/div>\n\n<p>&nbsp;<\/p>\n<p>&nbsp;<\/p>\n<p>&nbsp;<\/p>\n<hr \/>\n<p>&nbsp;<\/p>\n<blockquote>\n<h2>CGIA &#8211; DL SOSTEGNI: RISTORI \u201cBRUCIATI\u201d PER PAGARE LE TASSE DI GIUGNO<\/h2>\n<\/blockquote>\n<p><a class=\"dt-pswp-item\" href=\"https:\/\/www.radiopiu.net\/wordpress\/wp-content\/uploads\/2021\/06\/Schermata-2021-06-12-alle-13.52.54.png\" data-dt-img-description=\"\" data-large_image_width=\"540\" data-large_image_height=\"580\"><img loading=\"lazy\" decoding=\"async\" class=\"alignleft size-medium wp-image-215677\" src=\"https:\/\/www.radiopiu.net\/wordpress\/wp-content\/uploads\/2021\/06\/Schermata-2021-06-12-alle-13.52.54-279x300.png\" alt=\"\" width=\"279\" height=\"300\" srcset=\"https:\/\/www.radiopiu.net\/wordpress\/wp-content\/uploads\/2021\/06\/Schermata-2021-06-12-alle-13.52.54-279x300.png 279w, https:\/\/www.radiopiu.net\/wordpress\/wp-content\/uploads\/2021\/06\/Schermata-2021-06-12-alle-13.52.54.png 540w\" sizes=\"auto, (max-width: 279px) 100vw, 279px\" \/><\/a>Se con i due decreti Sostegni approvati nei mesi scorsi il Governo Draghi sar\u00e0 chiamato a erogare a imprese e partite Iva 21,4 miliardi di euro circa di contributi a fondo perduto1, per contro, le attivit\u00e0 economiche verseranno all\u2019erario quasi 19 miliardi di euro entro la fine di questo mese per onorare le scadenze previste dal calendario fiscale (vedi Tab. 1). A segnalarlo \u00e8 l\u2019Ufficio studi della CGIA. Insomma, comparando questi grandi numeri, possiamo affermare, con grande amarezza, che se molti titolari d\u2019azienda riceveranno pochi aiuti e in grave ritardo, dovranno restituirli subito al mittente, cio\u00e8 allo Stato, per pagare acconti e saldi di Ires, Imu, Irpef\/addizionali Irpef, Irap e diritto camerale.<\/p>\n<p>E\u2019 evidente che stiamo mettendo a confronto solo i saldi. Tuttavia, se con una mano ti danno i ristori e con l\u2019altra se li prendono quasi tutti indietro attraverso le tasse, per lo Stato non cambia nulla, ma per tantissime piccole attivit\u00e0, spossate dalla crisi, le difficolt\u00e0 sono destinate ad aumentare, alimentando il sospetto tra gli imprenditori di essere vittime di una grande beffa. Ovviamente, tra le imprese e le partite Iva che saranno chiamate a onorare le scadenze fiscali ci sono quelle che hanno ricevuto o riceveranno i ristori perch\u00e9 beneficiari delle misure messe a punto dal Governo, ma anche quelle che grossi problemi dal Covid non ne hanno subiti e quindi non hanno ricevuto n\u00e9 riceveranno alcun contributo a fondo perduto. Diversamente, il gettito fiscale di giugno, cos\u00ec come stimato in questa elaborazione, includer\u00e0 il \u201ccontributo\u201d fiscale di tutte quelle attivit\u00e0 che sebbene abbiano subito perdite di fatturato importanti, ma al di sotto della soglia del 30 per cento, non riscuoteranno alcunch\u00e9, oppure di realt\u00e0 produttive o dei servizi che nonostante abbiano registrato un crollo del giro di affari superiore al 30 per cento, non possono godere di alcun contributo a fondo perduto perch\u00e9 hanno un fatturato annuo superiore ai 10 milioni di euro.<\/p>\n<p>Da un punto di vista metodologico, segnala l\u2019Ufficio studi della CGIA, la stima del gettito fiscale (pari a 18,9 miliardi di euro) \u00e8 stata calcolata ipotizzando che il numero delle imprese paganti in questo mese di giugno sia in linea con quello registrato negli anni precedenti. Altres\u00ec, alla luce dei dati presentati nei mesi scorsi dal Ministero dell\u2019Economia e delle Finanze relativi alla fatturazione elettronica 20202, si \u00e8 stimata una riduzione dell\u201911,5 per cento dei ricavi delle societ\u00e0 (Snc, Srl, Spa, etc.) e del 4,6 per cento delle persone fisiche (ditte individuali). Nel calcolo del gettito riconducibile alla prima rata dell\u2019Imu 2021, infine, la stima \u00e8 stata diminuita di 445 milioni di euro che corrispondono alle esenzioni introdotte dal Governo a beneficio di alcune attivit\u00e0 duramente colpite dalle misure di confinamento introdotte nei mesi scorsi (alberghi, pensioni, fiere, cinema, discoteche, teatri, etc.). Se, verosimilmente, gli aiuti dei 2 decreti Sostegni verranno \u201cbruciati&#8221; per onorare le scadenze fiscali del solo mese di giugno, la CGIA torna a ribadire la necessit\u00e0 di un azzeramento del carico fiscale per l\u2019anno in corso. Questo taglio generalizzato di tasse e imposte erariali per tutto l\u2019anno in corso costerebbe al fisco tra i 28\/30 miliardi di euro. Una stima che \u00e8 stata calcolata ipotizzando di consentire a tutte le attivit\u00e0 economiche con un fatturato 2019 al di sotto del milione di euro di non versare per l\u2019anno in corso l\u2019Irpef, l\u2019Ires e l\u2019Imu sui capannoni. Queste piccole aziende, in attesa della tanto agognata riforma fiscale, dovrebbero comunque versare le tasse locali, in modo tale da non provocare ulteriori problemi di liquidit\u00e0 ai Sindaci e ai Governatori. Con un fisco pi\u00f9 leggero (vedi Graf. 1)3, nella seconda parte dell\u2019anno potrebbero operare con meno ansia, meno stress e pi\u00f9 serenit\u00e0. Non solo, ma con 28\/30 miliardi risparmiati metteremo le basi per far ripartire stabilmente l\u2019economia del Paese. Abbiamo capito che, in buona parte, i soldi per realizzare questa misura non mancano: se dei 21,4 miliardi di ristori previsti in uscita, allo Stato ne tornano indietro 19 di tasse, quasi 2\/3 della spesa relativa all\u2019azzeramento delle imposte per l\u2019anno in corso \u00e8 praticamente assicurata.<\/p>\n<p>&nbsp;<\/p>\n<hr \/>\n<p>&nbsp;<\/p>\n<blockquote>\n<h3>MASOCH, 11 ANNI SUI BUS<\/h3>\n<div class=\"articlePlainTitle\"><em>\u00abTurni massacranti cos\u00ec mi sono licenziato\u00bb<\/em><\/div>\n<div><strong>I DI GIANNI SANTOMASO\u00a0<\/strong><\/div>\n<div class=\"addthis_sharing_toolbox\" data-url=\"https:\/\/sfoglio.corrierealpi.gelocal.it\/share_article.php?article_id=8739614\" data-title=\"La Pro lococerca fotoper il depliantsul territorioMasoch, 11 anni sui bus\u00abTurni massacranticos\u00ec mi s...\"><\/div>\n<div class=\"articlePlainText\"><a href=\"https:\/\/www.radiopiu.net\/wordpress\/cade-con-la-mountain-bike-e-si-ferisce-al-collo\/f662441c-c6a1-40df-8978-3ff5202173f9\/\" rel=\"attachment wp-att-145519\"><img loading=\"lazy\" decoding=\"async\" class=\" wp-image-145519 alignleft\" src=\"https:\/\/www.radiopiu.net\/wordpress\/wp-content\/uploads\/2020\/06\/f662441c-c6a1-40df-8978-3ff5202173f9-300x225.jpg\" alt=\"\" width=\"191\" height=\"143\" srcset=\"https:\/\/www.radiopiu.net\/wordpress\/wp-content\/uploads\/2020\/06\/f662441c-c6a1-40df-8978-3ff5202173f9-300x225.jpg 300w, https:\/\/www.radiopiu.net\/wordpress\/wp-content\/uploads\/2020\/06\/f662441c-c6a1-40df-8978-3ff5202173f9-1024x768.jpg 1024w, https:\/\/www.radiopiu.net\/wordpress\/wp-content\/uploads\/2020\/06\/f662441c-c6a1-40df-8978-3ff5202173f9-768x576.jpg 768w, https:\/\/www.radiopiu.net\/wordpress\/wp-content\/uploads\/2020\/06\/f662441c-c6a1-40df-8978-3ff5202173f9.jpg 1280w\" sizes=\"auto, (max-width: 191px) 100vw, 191px\" \/><\/a><strong>AGORDINO<\/strong> \u00ab<em>Un vecchio autista DolomitiBus mi raccontava di quando avevano fatto 17 giorni di sciopero per conquistare dei diritti. Ora si fanno anche dei turni nastro di 13-14 ore al giorno, ma il sindacato pensa a realizzare magliette per sponsorizzare l&#8217;azienda mentre giriamo in bici nelle ore di attesa tra una corsa e l&#8217;altra\u00bb<\/em>. Gabriele Masoch, 39 anni, di Gosaldo<\/div>\n<\/blockquote>\n<audio class=\"wp-audio-shortcode\" id=\"audio-215751-2\" preload=\"none\" style=\"width: 100%;\" controls=\"controls\"><source type=\"audio\/mpeg\" src=\"https:\/\/www.radiopiu.net\/wordpress\/wp-content\/uploads\/2021\/06\/gianni.mp3?_=2\" \/><a href=\"https:\/\/www.radiopiu.net\/wordpress\/wp-content\/uploads\/2021\/06\/gianni.mp3\">https:\/\/www.radiopiu.net\/wordpress\/wp-content\/uploads\/2021\/06\/gianni.mp3<\/a><\/audio>\n<p>&nbsp;<\/p>\n<p>&nbsp;<\/p>\n<hr \/>\n<div><\/div>\n<blockquote>\n<h2>LA RASSEGNA STAMPA DA L&#8217;AMICO DEL POPOLO<\/h2>\n<\/blockquote>\n<div><\/div>\n<div>\n<p><img loading=\"lazy\" decoding=\"async\" class=\"alignleft\" src=\"https:\/\/www.radiopiu.net\/wordpress\/wp-content\/uploads\/2019\/02\/AUSER.png\" width=\"246\" height=\"110\" \/><strong>PUNTATA 12 GIUGNO 2021<\/strong><\/p>\n<p><strong>OSPITE ARNO PAULETTI<\/strong><\/p>\n<p>&nbsp;<\/p>\n<p><strong>\u00a0<\/strong><\/p>\n<p><strong>DI GIANNI SANTOMASO\u00a0\u00a0<\/strong><\/p>\n<audio class=\"wp-audio-shortcode\" id=\"audio-215751-3\" preload=\"none\" style=\"width: 100%;\" controls=\"controls\"><source type=\"audio\/mpeg\" src=\"https:\/\/www.radiopiu.net\/wordpress\/wp-content\/uploads\/2021\/06\/RASSEGNA-GIANNI-2.mp3?_=3\" \/><a href=\"https:\/\/www.radiopiu.net\/wordpress\/wp-content\/uploads\/2021\/06\/RASSEGNA-GIANNI-2.mp3\">https:\/\/www.radiopiu.net\/wordpress\/wp-content\/uploads\/2021\/06\/RASSEGNA-GIANNI-2.mp3<\/a><\/audio>\n<h3 class=\"kvgmc6g5 cxmmr5t8 oygrvhab hcukyx3x c1et5uql\"><span style=\"color: #0000ff;\">\u00a0<\/span><\/h3>\n<h3 class=\"kvgmc6g5 cxmmr5t8 oygrvhab hcukyx3x c1et5uql\"><span style=\"color: #0000ff;\">INFORMAZIONE il canale su TELEGRAM informazione di prima mano e in tempo reale. iscriviti ed aiutaci a farlo conoscere\u00a0<\/span><\/h3>\n<p><strong>LA RACCOLTA COMPLETA<\/strong><\/p>\n<blockquote class=\"wp-embedded-content\" data-secret=\"V3RbwPofqm\"><p><a href=\"https:\/\/www.radiopiu.net\/wordpress\/rassegna-stampa-di-gianni-santomaso\/\">Rassegna stampa da l&#8217;amico del popolo &#8211; di Gianni Santomaso<\/a><\/p><\/blockquote>\n<p><iframe loading=\"lazy\" class=\"wp-embedded-content\" sandbox=\"allow-scripts\" security=\"restricted\" style=\"position: absolute; clip: rect(1px, 1px, 1px, 1px);\" title=\"&#8220;Rassegna stampa da l&#8217;amico del popolo &#8211; di Gianni Santomaso&#8221; &#8212; Radio Pi\u00f9\" src=\"https:\/\/www.radiopiu.net\/wordpress\/rassegna-stampa-di-gianni-santomaso\/embed\/#?secret=V3RbwPofqm\" data-secret=\"V3RbwPofqm\" width=\"600\" height=\"338\" frameborder=\"0\" marginwidth=\"0\" marginheight=\"0\" scrolling=\"no\"><\/iframe><\/p>\n<div class=\"b654a4as d2edcug0\"><\/div>\n<\/div>\n<div><\/div>\n<div><\/div>\n<div>\n<hr \/>\n<\/div>\n<div><\/div>\n<blockquote>\n<h2>ALLETTANTI PROPOSTE DELL\u2019UFFICIO DIOCESANO DI PASTORALE GIOVANILE<\/h2>\n<\/blockquote>\n<div><strong>\u00a0<\/strong><\/div>\n<div><strong>DI RENATO BONA\u00a0<\/strong><\/div>\n<div><\/div>\n<div>\n<p>\u201cNotturna in Certosa\u201d, \u201c2 passi in Cansiglio\u201d e, per tre giorni, \u201cSulla via Claudia Augusta Altinate\u201d L\u2019invito: partecipare senza paura e di far strada insieme; l\u2019augurio: scoprire, nella semplicit\u00e0, la gioia dei passi condivisi; lo scopo: raggiungere la meta, che \u00e8 il cammino stesso! Costruire strade di amicizia e di fiducia reciproca, \u201cimparando che siamo fatti X fare cose + grandi!\u201d. E\u2019 cos\u00ec sintetizzata la triplice proposta dell\u2019Ufficio diocesano di pastorale dei giovani che, il gestore del servizio educativo-ricreativo guidato da don Roberto De Nardin di La Valle Agordina, ha rivolto a giovani ed adolescenti dai 16 ai 30 anni. Dunque &#8211; come si pu\u00f2 leggere nel servizio postato sul sito diocesano chiesabellunofeltre &#8211; dopo mesi di chiusura, di didattica online, di limitazioni alle quali abbiamo comunque cercato di far fronte, l\u2019estate ci riapre alla fiducia e da qui la proposta tradizionale di cammino, \u201cun\u2019opportunit\u00e0 in tre atti con un un filo rosso che delinea, in modo uniforme il tutto: \u00e8 la conoscenza di un compagno di viaggio, il Beato Charles de Foucauld, un cercatore di Dio, un maestro credibile di essenzialit\u00e0 e di fraternit\u00e0, un testimone del Vangelo per i nostri giorni\u201d. Questi i tre cammini, \u201caffiancati dalla sua compagnia\u201d: sabato 31 luglio -domenica 1 agosto: \u201cNotturna in Certosa\u201d (iscrizioni entro il 28 luglio): pellegrinaggio nella notte in Valbelluna: Mas, Certosa di Vedana, Santa Giustina; sabato 21 agosto: \u201c2 passi in Cansiglio (iscrizioni entro il 18 agosto): giro ad anello alla scoperta della bellezza della foresta pi\u00f9 importante della provincia: venerd\u00ec 3-domenica 5 settembre: \u201cSulla via Claudia Augusta Altinate\u201d (iscrizioni entro il 15 agosto): pellegrini oltre i confini, su strade antiche: Feltre, San Donato di Lamon, Tesino, Val Calamento, Santuario di Pin\u00e8 di Trento. Alcune puntualizzazioni: le proposte sono tre: una diurna, una notturna e quella con percorso pi\u00f9 lungo, e c\u2019\u00e8 la possibilit\u00e0 di partecipare ad una singola iniziativa oppure a due o a tutte e tre. Il percorso in notturna ha una lunghezza di circa 21 chilometri con partenza alle 21,30 dal parcheggio della chiesa di Mas ed arrivo nel Centro di spiritualit\u00e0 e cultura \u201cPapa Luciani\u201d a Col Cumano di Santa Giustina previsto per le 5: sar\u00e0 organizzato per chi ne avesse necessit\u00e0 il rientro a Mas. L\u2019uscita in Cansiglio, su un percorso ad anello di circa 10 chilometri prevede la parte za alle 9,30 e arrivo previsto per le 16: pranzo al sacco (compreso nella quota di iscrizione). Il percorso sulla Via Claudia Augusto con meta il Santuario di Pin\u00e8 si svolger\u00e0 dal 3 al 5 settembre su un tracciato di circa 75 chilometri, con partenza alle 6,30 da Feltre ed arrivo verso le 19 a Pin\u00e8 (il rientro avverr\u00e0 in pullman). Naturalmente la partecipazione \u00e8 legata all\u2019impegno a rispettare le norme relative all\u2019emergenza Covid. Per quanto concerne le iscrizioni, le quote sono fissate in 15 euro per quelle giornaliere, da versare alla partenza agli organizzatori; 80 euro invece per il percorso di 3 giorni (da eseguire con bonifico, causale: cammino 2021) Diocesi di Belluno-Feltre, Unicredit Banca IT34U0200811910000005263523 C.F. 93004520255). Per ulteriori informazioni si deve scrivere all\u2019indirizzo telematico: giovanibellunofeltre@gmail.com.<\/p>\n\n\t\t\t<style type='text\/css'>\n\t\t\t\t#gallery-5 {\n\t\t\t\t\tmargin: auto;\n\t\t\t\t}\n\t\t\t\t#gallery-5 .gallery-item {\n\t\t\t\t\tfloat: left;\n\t\t\t\t\tmargin-top: 10px;\n\t\t\t\t\ttext-align: center;\n\t\t\t\t\twidth: 14%;\n\t\t\t\t}\n\t\t\t\t#gallery-5 img {\n\t\t\t\t\tborder: 2px solid #cfcfcf;\n\t\t\t\t}\n\t\t\t\t#gallery-5 .gallery-caption {\n\t\t\t\t\tmargin-left: 0;\n\t\t\t\t}\n\t\t\t\t\/* see gallery_shortcode() in wp-includes\/media.php *\/\n\t\t\t<\/style>\n\t\t<div id='gallery-5' class='dt-gallery-container gallery galleryid-215751 gallery-columns-7 gallery-size-thumbnail'><dl class='gallery-item'>\n\t\t\t\t<dt class='gallery-icon landscape'>\n\t\t\t\t\t<a class=\"rollover rollover-zoom dt-pswp-item\" title=\"199046991_224438972626134_3917960357811909878_n\" data-dt-img-description=\"\" data-large_image_width=\"275\" data-large_image_height=\"206\"href='https:\/\/www.radiopiu.net\/wordpress\/wp-content\/uploads\/2021\/06\/199046991_224438972626134_3917960357811909878_n.jpg'><img loading=\"lazy\" decoding=\"async\" width=\"150\" height=\"150\" src=\"https:\/\/www.radiopiu.net\/wordpress\/wp-content\/uploads\/2021\/06\/199046991_224438972626134_3917960357811909878_n-150x150.jpg\" class=\"attachment-thumbnail size-thumbnail\" alt=\"\" \/><\/a>\n\t\t\t\t<\/dt><\/dl><dl class='gallery-item'>\n\t\t\t\t<dt class='gallery-icon portrait'>\n\t\t\t\t\t<a class=\"rollover rollover-zoom dt-pswp-item\" title=\"199355283_318479906504183_1181617997224360737_n\" data-dt-img-description=\"\" data-large_image_width=\"160\" data-large_image_height=\"225\"href='https:\/\/www.radiopiu.net\/wordpress\/wp-content\/uploads\/2021\/06\/199355283_318479906504183_1181617997224360737_n.png'><img loading=\"lazy\" decoding=\"async\" width=\"150\" height=\"150\" src=\"https:\/\/www.radiopiu.net\/wordpress\/wp-content\/uploads\/2021\/06\/199355283_318479906504183_1181617997224360737_n-150x150.png\" class=\"attachment-thumbnail size-thumbnail\" alt=\"\" \/><\/a>\n\t\t\t\t<\/dt><\/dl><dl class='gallery-item'>\n\t\t\t\t<dt class='gallery-icon landscape'>\n\t\t\t\t\t<a class=\"rollover rollover-zoom dt-pswp-item\" title=\"199788795_4052686208147581_5987402395845579302_n\" data-dt-img-description=\"\" data-large_image_width=\"150\" data-large_image_height=\"150\"href='https:\/\/www.radiopiu.net\/wordpress\/wp-content\/uploads\/2021\/06\/199788795_4052686208147581_5987402395845579302_n.jpg'><img loading=\"lazy\" decoding=\"async\" width=\"150\" height=\"150\" src=\"https:\/\/www.radiopiu.net\/wordpress\/wp-content\/uploads\/2021\/06\/199788795_4052686208147581_5987402395845579302_n.jpg\" class=\"attachment-thumbnail size-thumbnail\" alt=\"\" \/><\/a>\n\t\t\t\t<\/dt><\/dl><dl class='gallery-item'>\n\t\t\t\t<dt class='gallery-icon portrait'>\n\t\t\t\t\t<a class=\"rollover rollover-zoom dt-pswp-item\" title=\"199768345_840239523258847_5736700675849179416_n\" data-dt-img-description=\"\" data-large_image_width=\"154\" data-large_image_height=\"206\"href='https:\/\/www.radiopiu.net\/wordpress\/wp-content\/uploads\/2021\/06\/199768345_840239523258847_5736700675849179416_n.jpg'><img loading=\"lazy\" decoding=\"async\" width=\"150\" height=\"150\" src=\"https:\/\/www.radiopiu.net\/wordpress\/wp-content\/uploads\/2021\/06\/199768345_840239523258847_5736700675849179416_n-150x150.jpg\" class=\"attachment-thumbnail size-thumbnail\" alt=\"\" \/><\/a>\n\t\t\t\t<\/dt><\/dl><dl class='gallery-item'>\n\t\t\t\t<dt class='gallery-icon landscape'>\n\t\t\t\t\t<a class=\"rollover rollover-zoom dt-pswp-item\" title=\"200011408_308723454218236_7385945987938607198_n\" data-dt-img-description=\"\" data-large_image_width=\"282\" data-large_image_height=\"178\"href='https:\/\/www.radiopiu.net\/wordpress\/wp-content\/uploads\/2021\/06\/200011408_308723454218236_7385945987938607198_n.jpg'><img loading=\"lazy\" decoding=\"async\" width=\"150\" height=\"150\" src=\"https:\/\/www.radiopiu.net\/wordpress\/wp-content\/uploads\/2021\/06\/200011408_308723454218236_7385945987938607198_n-150x150.jpg\" class=\"attachment-thumbnail size-thumbnail\" alt=\"\" \/><\/a>\n\t\t\t\t<\/dt><\/dl><dl class='gallery-item'>\n\t\t\t\t<dt class='gallery-icon landscape'>\n\t\t\t\t\t<a class=\"rollover rollover-zoom dt-pswp-item\" title=\"199342945_5697495773655745_1793273424002323207_n\" data-dt-img-description=\"\" data-large_image_width=\"275\" data-large_image_height=\"183\"href='https:\/\/www.radiopiu.net\/wordpress\/wp-content\/uploads\/2021\/06\/199342945_5697495773655745_1793273424002323207_n.jpg'><img loading=\"lazy\" decoding=\"async\" width=\"150\" height=\"150\" src=\"https:\/\/www.radiopiu.net\/wordpress\/wp-content\/uploads\/2021\/06\/199342945_5697495773655745_1793273424002323207_n-150x150.jpg\" class=\"attachment-thumbnail size-thumbnail\" alt=\"\" \/><\/a>\n\t\t\t\t<\/dt><\/dl><dl class='gallery-item'>\n\t\t\t\t<dt class='gallery-icon portrait'>\n\t\t\t\t\t<a class=\"rollover rollover-zoom dt-pswp-item\" title=\"200064854_1473160386359056_358266727247131604_n\" data-dt-img-description=\"\" data-large_image_width=\"160\" data-large_image_height=\"202\"href='https:\/\/www.radiopiu.net\/wordpress\/wp-content\/uploads\/2021\/06\/200064854_1473160386359056_358266727247131604_n.jpg'><img loading=\"lazy\" decoding=\"async\" width=\"150\" height=\"150\" src=\"https:\/\/www.radiopiu.net\/wordpress\/wp-content\/uploads\/2021\/06\/200064854_1473160386359056_358266727247131604_n-150x150.jpg\" class=\"attachment-thumbnail size-thumbnail\" alt=\"\" \/><\/a>\n\t\t\t\t<\/dt><\/dl><br style=\"clear: both\" \/>\n\t\t\t<\/div>\n\n<p>NELLE FOTO (siti chiesabellunofeltre, radiopi\u00f9, wikipedia, structurae, magicoveneto e italiavotiva.it): la locandina con l\u2019annuncio della triplice iniziativa dell\u2019Ufficio diocesano di Belluno-Feltre di pastorale dei giovani; il responsabile dell\u2019Ufficio, don Roberto De Nardin; il beato Charles de Foucauld, un cercatore di Dio; la Certosa di Vedana; panoramica della piana-foresta del Cansiglio; il santuario della Madonna di Pin\u00e8 di Montagnaga di Trento; opera commissionata da Giacomo Moser ad un pittore trentino, olio su tela 76&#215;60, anno 1729, esposto nella chiesa di Sant\u2019Anna con la Madonna che benedice Giovannetta Varoli mentre la giovane sui trovava nei campi nel 1432: l\u2019opera, sotto il titolo \u201cMiracoli particolari\u201d, riproduce l\u2019iconografia della Madonna di Caravaggio e segna l\u2019origine del Santuario.<\/p>\n<\/div>\n<div><\/div>\n<div><\/div>\n<div><\/div>\n<div><\/div>\n<div>\n<hr \/>\n<\/div>\n<p>&nbsp;<\/p>\n<blockquote>\n<h2>\u201cVe ricordeo de noi?\u201d Inaugurata a Giaon una mostra sull\u2019emigrazione<\/h2>\n<\/blockquote>\n<p><strong><a href=\"https:\/\/www.radiopiu.net\/wordpress\/ve-ricordeo-de-noi-inaugurata-a-giaon-una-mostra-sullemigrazione\/1a21b9a0-62cb-4960-871a-823bb919f2ae\/\" rel=\"attachment wp-att-215682\"><img loading=\"lazy\" decoding=\"async\" class=\"size-medium wp-image-215682 alignleft\" src=\"https:\/\/www.radiopiu.net\/wordpress\/wp-content\/uploads\/2021\/06\/1a21b9a0-62cb-4960-871a-823bb919f2ae-300x169.jpg\" alt=\"\" width=\"300\" height=\"169\" srcset=\"https:\/\/www.radiopiu.net\/wordpress\/wp-content\/uploads\/2021\/06\/1a21b9a0-62cb-4960-871a-823bb919f2ae-300x169.jpg 300w, https:\/\/www.radiopiu.net\/wordpress\/wp-content\/uploads\/2021\/06\/1a21b9a0-62cb-4960-871a-823bb919f2ae-1024x576.jpg 1024w, https:\/\/www.radiopiu.net\/wordpress\/wp-content\/uploads\/2021\/06\/1a21b9a0-62cb-4960-871a-823bb919f2ae-768x432.jpg 768w, https:\/\/www.radiopiu.net\/wordpress\/wp-content\/uploads\/2021\/06\/1a21b9a0-62cb-4960-871a-823bb919f2ae-1536x864.jpg 1536w, https:\/\/www.radiopiu.net\/wordpress\/wp-content\/uploads\/2021\/06\/1a21b9a0-62cb-4960-871a-823bb919f2ae.jpg 1599w\" sizes=\"auto, (max-width: 300px) 100vw, 300px\" \/><\/a>LIMANA<\/strong> Inaugurata la mostra che mette in evidenza lo straordinario patrimonio raccolto dal Comitato frazionale di Giaon e proposto nell&#8217;esposizione \u201cVe ricordeo de noi. La storia dei nostri emigranti\u201d. Il taglio del nastro \u00e8 stato fatto dalla presidente del Comitato frazionale di Giaon, Elda Sommacal, assieme al sindaco di Limana De Zanet e al presidente Abm De Bona.<\/p>\n<p>&nbsp;<\/p>\n<p><strong>DI MORENO GIOLI<\/strong><\/p>\n<audio class=\"wp-audio-shortcode\" id=\"audio-215751-4\" preload=\"none\" style=\"width: 100%;\" controls=\"controls\"><source type=\"audio\/mpeg\" src=\"https:\/\/www.radiopiu.net\/wordpress\/wp-content\/uploads\/2021\/06\/mmoreno-abm.mp3?_=4\" \/><a href=\"https:\/\/www.radiopiu.net\/wordpress\/wp-content\/uploads\/2021\/06\/mmoreno-abm.mp3\">https:\/\/www.radiopiu.net\/wordpress\/wp-content\/uploads\/2021\/06\/mmoreno-abm.mp3<\/a><\/audio>\n<div><\/div>\n<div><\/div>\n<p>&nbsp;<\/p>\n<hr \/>\n<p>&nbsp;<\/p>\n<blockquote>\n<h3 class=\"wp-menu-name\">24 LUGLIO FESTA A TISER, NUOVA VITA ALLA CHIESA DOPO I DANNI DI VAIA<\/h3>\n<\/blockquote>\n<p>&nbsp;<\/p>\n<p><strong>GOSALDO<\/strong><\/p>\n<p><strong>DI GIANNI SANTOMASO<\/strong><\/p>\n<audio class=\"wp-audio-shortcode\" id=\"audio-215751-5\" preload=\"none\" style=\"width: 100%;\" controls=\"controls\"><source type=\"audio\/mpeg\" src=\"https:\/\/www.radiopiu.net\/wordpress\/wp-content\/uploads\/2021\/06\/24-LUGLIO-TISER.mp3?_=5\" \/><a href=\"https:\/\/www.radiopiu.net\/wordpress\/wp-content\/uploads\/2021\/06\/24-LUGLIO-TISER.mp3\">https:\/\/www.radiopiu.net\/wordpress\/wp-content\/uploads\/2021\/06\/24-LUGLIO-TISER.mp3<\/a><\/audio>\n<p>&nbsp;<\/p>\n\n\t\t\t<style type='text\/css'>\n\t\t\t\t#gallery-6 {\n\t\t\t\t\tmargin: auto;\n\t\t\t\t}\n\t\t\t\t#gallery-6 .gallery-item {\n\t\t\t\t\tfloat: left;\n\t\t\t\t\tmargin-top: 10px;\n\t\t\t\t\ttext-align: center;\n\t\t\t\t\twidth: 33%;\n\t\t\t\t}\n\t\t\t\t#gallery-6 img {\n\t\t\t\t\tborder: 2px solid #cfcfcf;\n\t\t\t\t}\n\t\t\t\t#gallery-6 .gallery-caption {\n\t\t\t\t\tmargin-left: 0;\n\t\t\t\t}\n\t\t\t\t\/* see gallery_shortcode() in wp-includes\/media.php *\/\n\t\t\t<\/style>\n\t\t<div id='gallery-6' class='dt-gallery-container gallery galleryid-215751 gallery-columns-3 gallery-size-thumbnail'><dl class='gallery-item'>\n\t\t\t\t<dt class='gallery-icon portrait'>\n\t\t\t\t\t<a class=\"rollover rollover-zoom dt-pswp-item\" title=\"aeccfdb8-0a57-4667-8546-7bd436dc3c1d\" data-dt-img-description=\"\" data-large_image_width=\"1200\" data-large_image_height=\"1600\"href='https:\/\/www.radiopiu.net\/wordpress\/wp-content\/uploads\/2021\/06\/aeccfdb8-0a57-4667-8546-7bd436dc3c1d.jpg'><img loading=\"lazy\" decoding=\"async\" width=\"150\" height=\"150\" src=\"https:\/\/www.radiopiu.net\/wordpress\/wp-content\/uploads\/2021\/06\/aeccfdb8-0a57-4667-8546-7bd436dc3c1d-150x150.jpg\" class=\"attachment-thumbnail size-thumbnail\" alt=\"\" \/><\/a>\n\t\t\t\t<\/dt><\/dl><dl class='gallery-item'>\n\t\t\t\t<dt class='gallery-icon portrait'>\n\t\t\t\t\t<a class=\"rollover rollover-zoom dt-pswp-item\" title=\"e999f1bb-1831-48ce-8443-49dc405d9a7a\" data-dt-img-description=\"\" data-large_image_width=\"900\" data-large_image_height=\"1600\"href='https:\/\/www.radiopiu.net\/wordpress\/wp-content\/uploads\/2021\/06\/e999f1bb-1831-48ce-8443-49dc405d9a7a.jpg'><img loading=\"lazy\" decoding=\"async\" width=\"150\" height=\"150\" src=\"https:\/\/www.radiopiu.net\/wordpress\/wp-content\/uploads\/2021\/06\/e999f1bb-1831-48ce-8443-49dc405d9a7a-150x150.jpg\" class=\"attachment-thumbnail size-thumbnail\" alt=\"\" \/><\/a>\n\t\t\t\t<\/dt><\/dl><dl class='gallery-item'>\n\t\t\t\t<dt class='gallery-icon landscape'>\n\t\t\t\t\t<a class=\"rollover rollover-zoom dt-pswp-item\" title=\"b0c2f7a5-0328-4866-ae7c-28d8c050d472\" data-dt-img-description=\"\" data-large_image_width=\"1600\" data-large_image_height=\"1200\"href='https:\/\/www.radiopiu.net\/wordpress\/wp-content\/uploads\/2021\/06\/b0c2f7a5-0328-4866-ae7c-28d8c050d472.jpg'><img loading=\"lazy\" decoding=\"async\" width=\"150\" height=\"150\" src=\"https:\/\/www.radiopiu.net\/wordpress\/wp-content\/uploads\/2021\/06\/b0c2f7a5-0328-4866-ae7c-28d8c050d472-150x150.jpg\" class=\"attachment-thumbnail size-thumbnail\" alt=\"\" \/><\/a>\n\t\t\t\t<\/dt><\/dl><br style=\"clear: both\" \/>\n\t\t\t<\/div>\n\n<p>&nbsp;<\/p>\n<p><strong>IL PARROCO DON FABIANO DEL FAVERO<\/strong><\/p>\n<audio class=\"wp-audio-shortcode\" id=\"audio-215751-6\" preload=\"none\" style=\"width: 100%;\" controls=\"controls\"><source type=\"audio\/mpeg\" src=\"https:\/\/www.radiopiu.net\/wordpress\/wp-content\/uploads\/2021\/06\/DOB-FABIANO.mp3?_=6\" \/><a href=\"https:\/\/www.radiopiu.net\/wordpress\/wp-content\/uploads\/2021\/06\/DOB-FABIANO.mp3\">https:\/\/www.radiopiu.net\/wordpress\/wp-content\/uploads\/2021\/06\/DOB-FABIANO.mp3<\/a><\/audio>\n<p>&nbsp;<\/p>\n\n\t\t\t<style type='text\/css'>\n\t\t\t\t#gallery-7 {\n\t\t\t\t\tmargin: auto;\n\t\t\t\t}\n\t\t\t\t#gallery-7 .gallery-item {\n\t\t\t\t\tfloat: left;\n\t\t\t\t\tmargin-top: 10px;\n\t\t\t\t\ttext-align: center;\n\t\t\t\t\twidth: 50%;\n\t\t\t\t}\n\t\t\t\t#gallery-7 img {\n\t\t\t\t\tborder: 2px solid #cfcfcf;\n\t\t\t\t}\n\t\t\t\t#gallery-7 .gallery-caption {\n\t\t\t\t\tmargin-left: 0;\n\t\t\t\t}\n\t\t\t\t\/* see gallery_shortcode() in wp-includes\/media.php *\/\n\t\t\t<\/style>\n\t\t<div id='gallery-7' class='dt-gallery-container gallery galleryid-215751 gallery-columns-2 gallery-size-medium'><dl class='gallery-item'>\n\t\t\t\t<dt class='gallery-icon portrait'>\n\t\t\t\t\t<a class=\"rollover rollover-zoom dt-pswp-item\" title=\"c7b67c2c-d22e-4861-a6af-e281a3667830\" data-dt-img-description=\"\" data-large_image_width=\"1200\" data-large_image_height=\"1600\"href='https:\/\/www.radiopiu.net\/wordpress\/wp-content\/uploads\/2021\/06\/c7b67c2c-d22e-4861-a6af-e281a3667830.jpg'><img loading=\"lazy\" decoding=\"async\" width=\"225\" height=\"300\" src=\"https:\/\/www.radiopiu.net\/wordpress\/wp-content\/uploads\/2021\/06\/c7b67c2c-d22e-4861-a6af-e281a3667830-225x300.jpg\" class=\"attachment-medium size-medium\" alt=\"\" srcset=\"https:\/\/www.radiopiu.net\/wordpress\/wp-content\/uploads\/2021\/06\/c7b67c2c-d22e-4861-a6af-e281a3667830-225x300.jpg 225w, https:\/\/www.radiopiu.net\/wordpress\/wp-content\/uploads\/2021\/06\/c7b67c2c-d22e-4861-a6af-e281a3667830-768x1024.jpg 768w, https:\/\/www.radiopiu.net\/wordpress\/wp-content\/uploads\/2021\/06\/c7b67c2c-d22e-4861-a6af-e281a3667830-1152x1536.jpg 1152w, https:\/\/www.radiopiu.net\/wordpress\/wp-content\/uploads\/2021\/06\/c7b67c2c-d22e-4861-a6af-e281a3667830.jpg 1200w\" sizes=\"auto, (max-width: 225px) 100vw, 225px\" \/><\/a>\n\t\t\t\t<\/dt><\/dl><dl class='gallery-item'>\n\t\t\t\t<dt class='gallery-icon portrait'>\n\t\t\t\t\t<a class=\"rollover rollover-zoom dt-pswp-item\" title=\"d1334147-8727-4276-9fbb-5d9d8ac65e9a\" data-dt-img-description=\"\" data-large_image_width=\"1200\" data-large_image_height=\"1600\"href='https:\/\/www.radiopiu.net\/wordpress\/wp-content\/uploads\/2021\/06\/d1334147-8727-4276-9fbb-5d9d8ac65e9a.jpg'><img loading=\"lazy\" decoding=\"async\" width=\"225\" height=\"300\" src=\"https:\/\/www.radiopiu.net\/wordpress\/wp-content\/uploads\/2021\/06\/d1334147-8727-4276-9fbb-5d9d8ac65e9a-225x300.jpg\" class=\"attachment-medium size-medium\" alt=\"\" srcset=\"https:\/\/www.radiopiu.net\/wordpress\/wp-content\/uploads\/2021\/06\/d1334147-8727-4276-9fbb-5d9d8ac65e9a-225x300.jpg 225w, https:\/\/www.radiopiu.net\/wordpress\/wp-content\/uploads\/2021\/06\/d1334147-8727-4276-9fbb-5d9d8ac65e9a-768x1024.jpg 768w, https:\/\/www.radiopiu.net\/wordpress\/wp-content\/uploads\/2021\/06\/d1334147-8727-4276-9fbb-5d9d8ac65e9a-1152x1536.jpg 1152w, https:\/\/www.radiopiu.net\/wordpress\/wp-content\/uploads\/2021\/06\/d1334147-8727-4276-9fbb-5d9d8ac65e9a.jpg 1200w\" sizes=\"auto, (max-width: 225px) 100vw, 225px\" \/><\/a>\n\t\t\t\t<\/dt><\/dl><br style=\"clear: both\" \/>\n\t\t\t<\/div>\n\n<p>&nbsp;<\/p>\n<p>&nbsp;<\/p>\n<hr \/>\n<p>&nbsp;<\/p>\n<h3>Concerto di Gala<br \/>\n<em>Concerto celebrativo del 154\u00b0 anno dalla fondazione della Filarmonica di Belluno.<\/em><\/h3>\n<p><strong>19 giugno 2021, ore 20:30 &#8211; Piazza Duomo Belluno<\/strong><\/p>\n<p><strong>BELLUNO<\/strong> La Filarmonica, diretta dai maestri Sandro De Marchi e Andrea Gasperin, si esibir\u00e0 in un articolato programma che spazia dalla musica originale per banda ad apposite trascrizioni di musica classica, dalla musica pop alle colonne sonore fino alla musica jazz. Per poter partecipare\u00a0<a href=\"https:\/\/bandabelluno.us15.list-manage.com\/track\/click?u=894cd617e4f50012757ef7e42&amp;id=814a764e20&amp;e=40f9faa4f0\">clicca qui<\/a>\u00a0Ingresso libero.<\/p>\n<p>&nbsp;<\/p>\n<p>&nbsp;<\/p>\n<hr \/>\n<p>&nbsp;<\/p>\n<blockquote>\n<h3>IL PROGETTO INSIEME PER ROCCA INTERVISTA MARIA LUISA DANIELE TOFFANIN<\/h3>\n<\/blockquote>\n<p><strong>ROCCA PIETORE <\/strong>&#8220;Progetto Insieme per Rocca&#8221; la video-intervista a Maria Luisa Daniele Toffanin<\/p>\n<div style=\"width: 848px;\" class=\"wp-video\"><video class=\"wp-video-shortcode\" id=\"video-215751-1\" width=\"848\" height=\"480\" preload=\"metadata\" controls=\"controls\"><source type=\"video\/mp4\" src=\"https:\/\/www.radiopiu.net\/wordpress\/wp-content\/uploads\/2021\/06\/WhatsApp-Video-2021-06-13-at-15.12.37.mp4?_=1\" \/><a href=\"https:\/\/www.radiopiu.net\/wordpress\/wp-content\/uploads\/2021\/06\/WhatsApp-Video-2021-06-13-at-15.12.37.mp4\">https:\/\/www.radiopiu.net\/wordpress\/wp-content\/uploads\/2021\/06\/WhatsApp-Video-2021-06-13-at-15.12.37.mp4<\/a><\/video><\/div>\n<p>&nbsp;<\/p>\n<p><strong>L&#8217;INTERVISTA A RADIO PIU&#8217;\u00a0<\/strong><\/p>\n<blockquote class=\"wp-embedded-content\" data-secret=\"fxdRzWasnu\"><p><a href=\"https:\/\/www.radiopiu.net\/wordpress\/quattro-ragazze-e-un-progetto-per-rocca-pietore\/\">BEATRICE E SOFIA RACCONTANO A RADIO PIU&#8217; IL PROGETTO INSIEME PER ROCCA, LIBRI, POESIA, CULTURA, SOCIAL E  AMICIZIE<\/a><\/p><\/blockquote>\n<p><iframe loading=\"lazy\" class=\"wp-embedded-content\" sandbox=\"allow-scripts\" security=\"restricted\" style=\"position: absolute; clip: rect(1px, 1px, 1px, 1px);\" title=\"&#8220;BEATRICE E SOFIA RACCONTANO A RADIO PIU&#8217; IL PROGETTO INSIEME PER ROCCA, LIBRI, POESIA, CULTURA, SOCIAL E  AMICIZIE&#8221; &#8212; Radio Pi\u00f9\" src=\"https:\/\/www.radiopiu.net\/wordpress\/quattro-ragazze-e-un-progetto-per-rocca-pietore\/embed\/#?secret=fxdRzWasnu\" data-secret=\"fxdRzWasnu\" width=\"600\" height=\"338\" frameborder=\"0\" marginwidth=\"0\" marginheight=\"0\" scrolling=\"no\"><\/iframe><\/p>\n<p>&nbsp;<\/p>\n<hr \/>\n<p>&nbsp;<\/p>\n<blockquote>\n<h3>DILLO A RADIO PIU&#8217;&#8230;DALLA PROVINCIA DI COMO UN BLOG DEDICATO ALLE DOLOMITI<\/h3>\n<\/blockquote>\n<p><strong><a href=\"https:\/\/www.radiopiu.net\/wordpress\/dillo-a-radio-piu-dalla-provincia-di-como-un-blog-dedicato-alle-dolomiti\/schermata-2021-06-13-alle-12-44-41\/\" rel=\"attachment wp-att-215759\"><img loading=\"lazy\" decoding=\"async\" class=\"size-medium wp-image-215759 alignleft\" src=\"https:\/\/www.radiopiu.net\/wordpress\/wp-content\/uploads\/2021\/06\/Schermata-2021-06-13-alle-12.44.41-300x193.png\" alt=\"\" width=\"300\" height=\"193\" srcset=\"https:\/\/www.radiopiu.net\/wordpress\/wp-content\/uploads\/2021\/06\/Schermata-2021-06-13-alle-12.44.41-300x193.png 300w, https:\/\/www.radiopiu.net\/wordpress\/wp-content\/uploads\/2021\/06\/Schermata-2021-06-13-alle-12.44.41-1024x658.png 1024w, https:\/\/www.radiopiu.net\/wordpress\/wp-content\/uploads\/2021\/06\/Schermata-2021-06-13-alle-12.44.41-768x494.png 768w, https:\/\/www.radiopiu.net\/wordpress\/wp-content\/uploads\/2021\/06\/Schermata-2021-06-13-alle-12.44.41.png 1238w\" sizes=\"auto, (max-width: 300px) 100vw, 300px\" \/><\/a>REDAZIONE<\/strong> Riceviamo e pubblichiamo una mail arrivata in redazione dal signor Fausto Forni che ci scrive da Valbrona in provincia di Como.<\/p>\n<blockquote>\n<p class=\"ydp59b1fb4MsoNormal\"><em>Sono uno chef ormai in pensione e mi diletto con il computer. Volevo invitarvi ad una visita del blog che parla delle mie esperienze nelle Dolomiti. Lo trovate all\u2019indirizzo: <a title=\"http:\/\/buedavun.wordpress.com\/\" href=\"http:\/\/buedavun.wordpress.com\/\" target=\"_blank\" rel=\"nofollow noopener\">buedavun.wordpress.com<\/a> Credo che un Patrimonio dell\u2019UNESCO debba essere fruibile da tutti, anche da quelli che non amano la montagna e questo \u00e8 il mio unico interesse.\u00a0<\/em><\/p>\n<\/blockquote>\n<p>&nbsp;<\/p>\n<p>&nbsp;<\/p>\n<hr \/>\n<p>&nbsp;<\/p>\n<h2><span style=\"color: #3366ff;\">GIROVAGANDO ALLA RADIO, PUNTATA 03<\/span><\/h2>\n<h3><a href=\"https:\/\/www.radiopiu.net\/wordpress\/girovagando-alla-radio-puntata-03\/99b09025-73af-43f4-9e64-b6ff93dcf67d-1\/\" rel=\"attachment wp-att-215777\"><img loading=\"lazy\" decoding=\"async\" class=\"size-medium wp-image-215777 alignleft\" src=\"https:\/\/www.radiopiu.net\/wordpress\/wp-content\/uploads\/2021\/06\/99b09025-73af-43f4-9e64-b6ff93dcf67d-1-300x225.jpg\" alt=\"\" width=\"300\" height=\"225\" srcset=\"https:\/\/www.radiopiu.net\/wordpress\/wp-content\/uploads\/2021\/06\/99b09025-73af-43f4-9e64-b6ff93dcf67d-1-300x225.jpg 300w, https:\/\/www.radiopiu.net\/wordpress\/wp-content\/uploads\/2021\/06\/99b09025-73af-43f4-9e64-b6ff93dcf67d-1-768x576.jpg 768w, https:\/\/www.radiopiu.net\/wordpress\/wp-content\/uploads\/2021\/06\/99b09025-73af-43f4-9e64-b6ff93dcf67d-1.jpg 960w\" sizes=\"auto, (max-width: 300px) 100vw, 300px\" \/><\/a>PUNTATA 03 Collaborazione Thomas Soppera<\/h3>\n<p>&nbsp;<\/p>\n<p>&nbsp;<\/p>\n<p>&nbsp;<\/p>\n<p><strong>AUDIO PUNTATA 13 giugno 2021<\/strong><\/p>\n<audio class=\"wp-audio-shortcode\" id=\"audio-215751-7\" preload=\"none\" style=\"width: 100%;\" controls=\"controls\"><source type=\"audio\/mpeg\" src=\"https:\/\/www.radiopiu.net\/wordpress\/wp-content\/uploads\/2021\/06\/GIROVAGANDO-PUNTATA-03.mp3?_=7\" \/><a href=\"https:\/\/www.radiopiu.net\/wordpress\/wp-content\/uploads\/2021\/06\/GIROVAGANDO-PUNTATA-03.mp3\">https:\/\/www.radiopiu.net\/wordpress\/wp-content\/uploads\/2021\/06\/GIROVAGANDO-PUNTATA-03.mp3<\/a><\/audio>\n<p>&nbsp;<\/p>\n<p>LA RACCOLTA COMPLETA<\/p>\n<blockquote class=\"wp-embedded-content\" data-secret=\"5Zo4LdHccC\"><p><a href=\"https:\/\/www.radiopiu.net\/wordpress\/girovagando-in-e-bike-tra-le-dolomiti\/\">GIROVAGANDO IN E BIKE TRA LE DOLOMITI<\/a><\/p><\/blockquote>\n<p><iframe loading=\"lazy\" class=\"wp-embedded-content\" sandbox=\"allow-scripts\" security=\"restricted\" style=\"position: absolute; clip: rect(1px, 1px, 1px, 1px);\" title=\"&#8220;GIROVAGANDO IN E BIKE TRA LE DOLOMITI&#8221; &#8212; Radio Pi\u00f9\" src=\"https:\/\/www.radiopiu.net\/wordpress\/girovagando-in-e-bike-tra-le-dolomiti\/embed\/#?secret=5Zo4LdHccC\" data-secret=\"5Zo4LdHccC\" width=\"600\" height=\"338\" frameborder=\"0\" marginwidth=\"0\" marginheight=\"0\" scrolling=\"no\"><\/iframe><\/p>\n<p>&nbsp;<\/p>\n<hr \/>\n<p>&nbsp;<\/p>\n<div>\n<div class=\"b654a4as d2edcug0\">\n<div class=\"rq0escxv hkbzh7o3 jwdofwj8 n8tt0mok r8blr3vg hyh9befq\">\n<p><a class=\"dt-pswp-item\" href=\"https:\/\/www.radiopiu.net\/wordpress\/wp-content\/uploads\/2020\/10\/pp.jpg\" data-dt-img-description=\"\" data-large_image_width=\"640\" data-large_image_height=\"640\"><img loading=\"lazy\" decoding=\"async\" class=\"wp-image-163678 alignleft\" src=\"https:\/\/www.radiopiu.net\/wordpress\/wp-content\/uploads\/2020\/10\/pp-300x300.jpg\" alt=\"\" width=\"106\" height=\"106\" srcset=\"https:\/\/www.radiopiu.net\/wordpress\/wp-content\/uploads\/2020\/10\/pp-300x300.jpg 300w, https:\/\/www.radiopiu.net\/wordpress\/wp-content\/uploads\/2020\/10\/pp-150x150.jpg 150w, https:\/\/www.radiopiu.net\/wordpress\/wp-content\/uploads\/2020\/10\/pp-125x125.jpg 125w, https:\/\/www.radiopiu.net\/wordpress\/wp-content\/uploads\/2020\/10\/pp-200x200.jpg 200w, https:\/\/www.radiopiu.net\/wordpress\/wp-content\/uploads\/2020\/10\/pp-80x80.jpg 80w, https:\/\/www.radiopiu.net\/wordpress\/wp-content\/uploads\/2020\/10\/pp-480x480.jpg 480w, https:\/\/www.radiopiu.net\/wordpress\/wp-content\/uploads\/2020\/10\/pp.jpg 640w\" sizes=\"auto, (max-width: 106px) 100vw, 106px\" \/><\/a><\/p>\n<\/div>\n<\/div>\n<\/div>\n<div>\n<div class=\"page-title-head hgroup\">\n<div class=\"page-title-head hgroup\">\n<div class=\"b654a4as d2edcug0\">\n<div class=\"j83agx80 btwxx1t3 lhclo0ds hop8lmos nkwizq5d scwd0bx6 roh60bw9\">\n<div class=\"rq0escxv hkbzh7o3 jwdofwj8 n8tt0mok r8blr3vg hyh9befq\">\n<div class=\"do00u71z l9j0dhe7 k4urcfbm\">\n<h2><span style=\"color: #000080;\">DON CESARE, IL PENSIERO DEL GIORNO. ALLA RADIO ALLE 7 DEL MATTINO E ALLE 19.30 DELLA SERA.\u00a0\u00a0<\/span><\/h2>\n<\/div>\n<\/div>\n<\/div>\n<div class=\"rq0escxv hkbzh7o3 jwdofwj8 n8tt0mok r8blr3vg hyh9befq\"><\/div>\n<div><\/div>\n<div><\/div>\n<div>\n<audio class=\"wp-audio-shortcode\" id=\"audio-215751-8\" preload=\"none\" style=\"width: 100%;\" controls=\"controls\"><source type=\"audio\/mpeg\" src=\"https:\/\/www.radiopiu.net\/wordpress\/wp-content\/uploads\/2021\/06\/CESARE-11.mp3?_=8\" \/><a href=\"https:\/\/www.radiopiu.net\/wordpress\/wp-content\/uploads\/2021\/06\/CESARE-11.mp3\">https:\/\/www.radiopiu.net\/wordpress\/wp-content\/uploads\/2021\/06\/CESARE-11.mp3<\/a><\/audio>\n<\/div>\n<hr \/>\n<p>&nbsp;<\/p>\n<blockquote>\n<h2>FANTASTICHE DOLOMITI, NUOVA STAGIONE. APPUNTAMENTO QUINDICINALE IL GIOVEDI ALLE 10.30 E 19.00<\/h2>\n<\/blockquote>\n<h2><span style=\"color: #ff0000;\"><strong><a class=\"dt-pswp-item\" href=\"https:\/\/www.radiopiu.net\/wordpress\/wp-content\/uploads\/2020\/08\/montagna-2020-scaled.jpg\" data-dt-img-description=\"\" data-large_image_width=\"2560\" data-large_image_height=\"1440\"><img loading=\"lazy\" decoding=\"async\" class=\"wp-image-158273 alignleft\" src=\"https:\/\/www.radiopiu.net\/wordpress\/wp-content\/uploads\/2020\/08\/montagna-2020-300x169.jpg\" alt=\"\" width=\"147\" height=\"83\" srcset=\"https:\/\/www.radiopiu.net\/wordpress\/wp-content\/uploads\/2020\/08\/montagna-2020-300x169.jpg 300w, https:\/\/www.radiopiu.net\/wordpress\/wp-content\/uploads\/2020\/08\/montagna-2020-1024x576.jpg 1024w, https:\/\/www.radiopiu.net\/wordpress\/wp-content\/uploads\/2020\/08\/montagna-2020-768x432.jpg 768w, https:\/\/www.radiopiu.net\/wordpress\/wp-content\/uploads\/2020\/08\/montagna-2020-1536x864.jpg 1536w, https:\/\/www.radiopiu.net\/wordpress\/wp-content\/uploads\/2020\/08\/montagna-2020-2048x1152.jpg 2048w, https:\/\/www.radiopiu.net\/wordpress\/wp-content\/uploads\/2020\/08\/montagna-2020-640x360.jpg 640w\" sizes=\"auto, (max-width: 147px) 100vw, 147px\" \/><\/a><\/strong><\/span><\/h2>\n<h2><span style=\"color: #ff0000;\">PUNTATA 17 03 GIUGNO\u00a0<\/span><\/h2>\n<p><strong>OSPITE IL PRESIDENTE CLAUDIO CANOVA<\/strong><\/p>\n<audio class=\"wp-audio-shortcode\" id=\"audio-215751-9\" preload=\"none\" style=\"width: 100%;\" controls=\"controls\"><source type=\"audio\/mpeg\" src=\"https:\/\/www.radiopiu.net\/wordpress\/wp-content\/uploads\/2021\/06\/fantastiche-dolomiti-3-giugno.mp3?_=9\" \/><a href=\"https:\/\/www.radiopiu.net\/wordpress\/wp-content\/uploads\/2021\/06\/fantastiche-dolomiti-3-giugno.mp3\">https:\/\/www.radiopiu.net\/wordpress\/wp-content\/uploads\/2021\/06\/fantastiche-dolomiti-3-giugno.mp3<\/a><\/audio>\n<h3>LA RACCOLTA COMPLETA<\/h3>\n<p>&nbsp;<\/p>\n<blockquote class=\"wp-embedded-content\" data-secret=\"R2kSpla7nR\"><p><a href=\"https:\/\/www.radiopiu.net\/wordpress\/raccolta-completa11\/\">FANTASTICHE DOLOMITI LA RACCOLTA COMPLETA<\/a><\/p><\/blockquote>\n<p><iframe loading=\"lazy\" class=\"wp-embedded-content\" sandbox=\"allow-scripts\" security=\"restricted\" style=\"position: absolute; clip: rect(1px, 1px, 1px, 1px);\" title=\"&#8220;FANTASTICHE DOLOMITI LA RACCOLTA COMPLETA&#8221; &#8212; Radio Pi\u00f9\" src=\"https:\/\/www.radiopiu.net\/wordpress\/raccolta-completa11\/embed\/#?secret=R2kSpla7nR\" data-secret=\"R2kSpla7nR\" width=\"600\" height=\"338\" frameborder=\"0\" marginwidth=\"0\" marginheight=\"0\" scrolling=\"no\"><\/iframe><\/p>\n<p>&nbsp;<\/p>\n<p>&nbsp;<\/p>\n<p>&nbsp;<\/p>\n<hr \/>\n<div>\n<div>\n<div class=\"b654a4as d2edcug0\">\n<div class=\"rq0escxv hkbzh7o3 jwdofwj8 n8tt0mok r8blr3vg hyh9befq\">\n<div class=\"b654a4as d2edcug0\">\n<h2><span style=\"color: #008000;\">\u00a0<\/span><\/h2>\n<h2><span style=\"color: #008000;\">ERBE E PIANTE CURATIVE&#8230;IL\u00a0 PROGRAMMA DI PAOLA LANCIATO<\/span><\/h2>\n<p><strong><a href=\"https:\/\/www.radiopiu.net\/wordpress\/erbe-e-piante-curative-il-programma-di-paola-lanciato-08-giugno-2021\/ciliegio\/\" rel=\"attachment wp-att-214762\"><img loading=\"lazy\" decoding=\"async\" class=\" wp-image-214762 alignleft\" src=\"https:\/\/www.radiopiu.net\/wordpress\/wp-content\/uploads\/2021\/06\/CILIEGIO-300x200.jpg\" alt=\"\" width=\"194\" height=\"129\" srcset=\"https:\/\/www.radiopiu.net\/wordpress\/wp-content\/uploads\/2021\/06\/CILIEGIO-300x200.jpg 300w, https:\/\/www.radiopiu.net\/wordpress\/wp-content\/uploads\/2021\/06\/CILIEGIO-1024x683.jpg 1024w, https:\/\/www.radiopiu.net\/wordpress\/wp-content\/uploads\/2021\/06\/CILIEGIO-768x512.jpg 768w, https:\/\/www.radiopiu.net\/wordpress\/wp-content\/uploads\/2021\/06\/CILIEGIO-1536x1024.jpg 1536w, https:\/\/www.radiopiu.net\/wordpress\/wp-content\/uploads\/2021\/06\/CILIEGIO.jpg 1920w\" sizes=\"auto, (max-width: 194px) 100vw, 194px\" \/><\/a>di Paola Lanciato<\/strong><\/p>\n<h2><span style=\"color: #0000ff;\">PUNTATA DEL 08 GIUGNO 2021<\/span><\/h2>\n<h2><span style=\"color: #ff00ff;\">IL CILIEGIO<\/span><\/h2>\n<audio class=\"wp-audio-shortcode\" id=\"audio-215751-10\" preload=\"none\" style=\"width: 100%;\" controls=\"controls\"><source type=\"audio\/mpeg\" src=\"https:\/\/www.radiopiu.net\/wordpress\/wp-content\/uploads\/2021\/06\/17-Il-ciliegio-M.mp3?_=10\" \/><a href=\"https:\/\/www.radiopiu.net\/wordpress\/wp-content\/uploads\/2021\/06\/17-Il-ciliegio-M.mp3\">https:\/\/www.radiopiu.net\/wordpress\/wp-content\/uploads\/2021\/06\/17-Il-ciliegio-M.mp3<\/a><\/audio>\n<p>&nbsp;<\/p>\n<\/div>\n<blockquote class=\"wp-embedded-content\" data-secret=\"3GULOKbvvp\"><p><a href=\"https:\/\/www.radiopiu.net\/wordpress\/erbe-e-piante-curative-il-mandorlo\/\">L\u2019ERBA VOGLIO DEL GIARDINO DEL RE\u2026 ERBE, FIORI E PIANTE DI E CON PAOLA LANCIATO<\/a><\/p><\/blockquote>\n<p><iframe loading=\"lazy\" class=\"wp-embedded-content\" sandbox=\"allow-scripts\" security=\"restricted\" style=\"position: absolute; clip: rect(1px, 1px, 1px, 1px);\" title=\"&#8220;L\u2019ERBA VOGLIO DEL GIARDINO DEL RE\u2026 ERBE, FIORI E PIANTE DI E CON PAOLA LANCIATO&#8221; &#8212; Radio Pi\u00f9\" src=\"https:\/\/www.radiopiu.net\/wordpress\/erbe-e-piante-curative-il-mandorlo\/embed\/#?secret=3GULOKbvvp\" data-secret=\"3GULOKbvvp\" width=\"600\" height=\"338\" frameborder=\"0\" marginwidth=\"0\" marginheight=\"0\" scrolling=\"no\"><\/iframe><\/p>\n<p>&nbsp;<\/p>\n<p>&nbsp;<\/p>\n<\/div>\n<\/div>\n<\/div>\n<\/div>\n<p>&nbsp;<\/p>\n<p>&nbsp;<\/p>\n<hr \/>\n<p>&nbsp;<\/p>\n<div>\n<h2><span style=\"color: #ff0000;\"><strong>IN VIVO VERSO 2020-21 ESTATE, RIASCOLTIAMOLI&#8230; DAL CASSETTO DEI RICORDI DI RADIO PIU&#8217;&#8230; LE PRIME\u00a0 SEI STAGIONI\u00a0 \u00a0<\/strong><\/span><\/h2>\n<div class=\"page-title-head hgroup\">\n<div class=\"page-title-head hgroup\">\n<div class=\"page-title-head hgroup\">\n<div class=\"page-title-head hgroup\">\n<div class=\"page-title-head hgroup\">\n<div class=\"page-title-head hgroup\">\n<blockquote>\n<div align=\"left\"><\/div>\n<p><strong>LA RACCOLTA COMPLETA<\/strong><\/p><\/blockquote>\n<\/div>\n<\/div>\n<\/div>\n<\/div>\n<\/div>\n<\/div>\n<blockquote class=\"wp-embedded-content\" data-secret=\"pqIXuck6cw\"><p><a href=\"https:\/\/www.radiopiu.net\/wordpress\/in-vivo-verso\/\">In Vivo Verso<\/a><\/p><\/blockquote>\n<p><iframe loading=\"lazy\" class=\"wp-embedded-content\" sandbox=\"allow-scripts\" security=\"restricted\" style=\"position: absolute; clip: rect(1px, 1px, 1px, 1px);\" title=\"&#8220;In Vivo Verso&#8221; &#8212; Radio Pi\u00f9\" src=\"https:\/\/www.radiopiu.net\/wordpress\/in-vivo-verso\/embed\/#?secret=pqIXuck6cw\" data-secret=\"pqIXuck6cw\" width=\"600\" height=\"338\" frameborder=\"0\" marginwidth=\"0\" marginheight=\"0\" scrolling=\"no\"><\/iframe><\/p>\n<p>&nbsp;<\/p>\n<p>&nbsp;<\/p>\n<hr \/>\n<\/div>\n<blockquote>\n<blockquote>\n<h2><\/h2>\n<\/blockquote>\n<\/blockquote>\n<div>\n<div class=\"b654a4as d2edcug0\">\n<div class=\"rq0escxv hkbzh7o3 jwdofwj8 n8tt0mok r8blr3vg hyh9befq\">\n<p>&nbsp;<\/p>\n<blockquote>\n<h2><span style=\"color: #ff0000;\"><em>ZAINO ALLA RADIO&#8230;ESTATE DI PAOLA LANCIATO TUTTI I GIORNI dal lunedi al venerdi ALLE 14 E 23.30\u00a0 \u00a0<\/em><\/span><\/h2>\n<\/blockquote>\n<div class=\"b654a4as d2edcug0\">\n<p>&nbsp;<\/p>\n<p>&nbsp;<\/p>\n<\/div>\n<blockquote class=\"wp-embedded-content\" data-secret=\"byOe5Ozvxv\"><p><a href=\"https:\/\/www.radiopiu.net\/wordpress\/zaino-femminile-lanciato\/\">Zaino da viaggio al femminile<\/a><\/p><\/blockquote>\n<p><iframe loading=\"lazy\" class=\"wp-embedded-content\" sandbox=\"allow-scripts\" security=\"restricted\" style=\"position: absolute; clip: rect(1px, 1px, 1px, 1px);\" title=\"&#8220;Zaino da viaggio al femminile&#8221; &#8212; Radio Pi\u00f9\" src=\"https:\/\/www.radiopiu.net\/wordpress\/zaino-femminile-lanciato\/embed\/#?secret=byOe5Ozvxv\" data-secret=\"byOe5Ozvxv\" width=\"600\" height=\"338\" frameborder=\"0\" marginwidth=\"0\" marginheight=\"0\" scrolling=\"no\"><\/iframe><\/p>\n<p>&nbsp;<\/p>\n<\/div>\n<\/div>\n<\/div>\n<p>&nbsp;<\/p>\n<hr \/>\n<p>&nbsp;<\/p>\n<div dir=\"auto\">\n<p>&nbsp;<\/p>\n<blockquote>\n<h3 class=\"kvgmc6g5 cxmmr5t8 oygrvhab hcukyx3x c1et5uql\"><span style=\"color: #0000ff;\">INFORMAZIONE il canale su TELEGRAM informazione di prima mano e in tempo reale. iscriviti ed aiutaci a farlo conoscere\u00a0<\/span><\/h3>\n<\/blockquote>\n<h2>007 IN CONDOTTA CON LA PROF. MARIA ROSA SALMAZO<\/h2>\n<\/div>\n<div dir=\"auto\">\n<h2>LA RACCOLTA COMPLETA<\/h2>\n<blockquote class=\"wp-embedded-content\" data-secret=\"m2FCkwIMql\"><p><a href=\"https:\/\/www.radiopiu.net\/wordpress\/007incondotta-9\/\">007 in condotta<\/a><\/p><\/blockquote>\n<p><iframe loading=\"lazy\" class=\"wp-embedded-content\" sandbox=\"allow-scripts\" security=\"restricted\" style=\"position: absolute; clip: rect(1px, 1px, 1px, 1px);\" title=\"&#8220;007 in condotta&#8221; &#8212; Radio Pi\u00f9\" src=\"https:\/\/www.radiopiu.net\/wordpress\/007incondotta-9\/embed\/#?secret=m2FCkwIMql\" data-secret=\"m2FCkwIMql\" width=\"600\" height=\"338\" frameborder=\"0\" marginwidth=\"0\" marginheight=\"0\" scrolling=\"no\"><\/iframe><\/p>\n<p>&nbsp;<\/p>\n<h1><\/h1>\n<\/div>\n<hr \/>\n<p>&nbsp;<\/p>\n<p>&nbsp;<\/p>\n<div dir=\"auto\">\n<blockquote>\n<h3>SALUTE E SOCIETA&#8217; IL LUNEDI ALLE 13.10 E ALLE 20.10, LA DOMENICA ALLE 10.30 A CURA DEL DOTTOR MARCO CARACCIOLO. QUINTA STAGIONE<\/h3>\n<\/blockquote>\n<p><strong>LA PUNTATA DELLA SETTIMANA del 7 GIUGNO<\/strong><\/p>\n<p><a href=\"https:\/\/www.radiopiu.net\/wordpress\/giornale-radiopiu-08-giugno-2021-direttore-mirko-mezzacasa\/3dc9e2ab-2d96-92b2-0368-5d4f1b0e76bc\/\" rel=\"attachment wp-att-214500\"><img loading=\"lazy\" decoding=\"async\" class=\" wp-image-214500 alignleft\" src=\"https:\/\/www.radiopiu.net\/wordpress\/wp-content\/uploads\/2021\/06\/3dc9e2ab-2d96-92b2-0368-5d4f1b0e76bc-300x169.png\" alt=\"\" width=\"225\" height=\"127\" srcset=\"https:\/\/www.radiopiu.net\/wordpress\/wp-content\/uploads\/2021\/06\/3dc9e2ab-2d96-92b2-0368-5d4f1b0e76bc-300x169.png 300w, https:\/\/www.radiopiu.net\/wordpress\/wp-content\/uploads\/2021\/06\/3dc9e2ab-2d96-92b2-0368-5d4f1b0e76bc-1024x576.png 1024w, https:\/\/www.radiopiu.net\/wordpress\/wp-content\/uploads\/2021\/06\/3dc9e2ab-2d96-92b2-0368-5d4f1b0e76bc-768x432.png 768w, https:\/\/www.radiopiu.net\/wordpress\/wp-content\/uploads\/2021\/06\/3dc9e2ab-2d96-92b2-0368-5d4f1b0e76bc.png 1280w\" sizes=\"auto, (max-width: 225px) 100vw, 225px\" \/><\/a>Il colangiocarcinoma \u00e8 un tumore raro che si forma nei dotti biliari. I pazienti con questa patologia spesso vengono diagnosticati in una fase tardiva o avanzata della malattia, quando la prognosi \u00e8 sfavorevole. In Europa, l\u2019incidenza del colangiocarcinoma varia tra i 6000 e gli 8000 casi. Danilo Magliano ne ha parlato con Davide Melisi, Professore di Oncologia Medica, Universit\u00e0 degli Studi di Verona<\/p>\n<p><strong>AUDIO\u00a0\u00a0<\/strong><\/p>\n<audio class=\"wp-audio-shortcode\" id=\"audio-215751-11\" preload=\"none\" style=\"width: 100%;\" controls=\"controls\"><source type=\"audio\/mpeg\" src=\"https:\/\/www.radiopiu.net\/wordpress\/wp-content\/uploads\/2021\/06\/SALUTE.mp3?_=11\" \/><a href=\"https:\/\/www.radiopiu.net\/wordpress\/wp-content\/uploads\/2021\/06\/SALUTE.mp3\">https:\/\/www.radiopiu.net\/wordpress\/wp-content\/uploads\/2021\/06\/SALUTE.mp3<\/a><\/audio>\n<p><strong>LA RACCOLTA COMPLETA\u00a0<\/strong><\/p>\n<blockquote class=\"wp-embedded-content\" data-secret=\"rfzm1iZF6m\"><p><a href=\"https:\/\/www.radiopiu.net\/wordpress\/saluteesocieta\/\">Salute e Societ\u00e0<\/a><\/p><\/blockquote>\n<p><iframe loading=\"lazy\" class=\"wp-embedded-content\" sandbox=\"allow-scripts\" security=\"restricted\" style=\"position: absolute; clip: rect(1px, 1px, 1px, 1px);\" title=\"&#8220;Salute e Societ\u00e0&#8221; &#8212; Radio Pi\u00f9\" src=\"https:\/\/www.radiopiu.net\/wordpress\/saluteesocieta\/embed\/#?secret=rfzm1iZF6m\" data-secret=\"rfzm1iZF6m\" width=\"600\" height=\"338\" frameborder=\"0\" marginwidth=\"0\" marginheight=\"0\" scrolling=\"no\"><\/iframe><\/p>\n<\/div>\n<div dir=\"auto\">\n<h1><\/h1>\n<\/div>\n<p>&nbsp;<\/p>\n<h1><\/h1>\n<div>\n<div>\n<div class=\"page-title-head hgroup\">\n<div class=\"page-title-head hgroup\">\n<div class=\"page-title-head hgroup\">\n<div>\n<div>\n<div class=\"b654a4as d2edcug0\">\n<div class=\"rq0escxv hkbzh7o3 jwdofwj8 n8tt0mok r8blr3vg hyh9befq\">\n<hr \/>\n<\/div>\n<\/div>\n<\/div>\n<div>\n<div class=\"page-title-head hgroup\">\n<div class=\"page-title-head hgroup\">\n<div>\n<div class=\"b654a4as d2edcug0\">\n<p>&nbsp;<\/p>\n<blockquote>\n<h3><img loading=\"lazy\" decoding=\"async\" class=\"alignleft\" src=\"https:\/\/www.radiopiu.net\/wordpress\/wp-content\/uploads\/2021\/06\/fresh-flower-leaves-saffron-white-background-place-your-text-use-saffron-spice-cooking-cosmetology_347372-394.jpeg\" width=\"141\" height=\"94\" \/>L&#8217;ALMANACCO LADINO CON L&#8217;ISTITUT CESA DE JAN QUINDICINALE APPUNTAMENTO. LA DOMENICA ALLE 9 IL LUNEDI ALLE 8.35 IL MARTEDI ALLE 12.35 IL MERCOLEDI ALLE 18.35. SECONDA STAGIONE.<\/h3>\n<\/blockquote>\n<p><strong>RACCOLTA COMPLETA\u00a0<\/strong><\/p>\n<blockquote class=\"wp-embedded-content\" data-secret=\"8SeU92becr\"><p><a href=\"https:\/\/www.radiopiu.net\/wordpress\/almanacco-ladino\/\">Almanacco Ladino<\/a><\/p><\/blockquote>\n<p><iframe loading=\"lazy\" class=\"wp-embedded-content\" sandbox=\"allow-scripts\" security=\"restricted\" style=\"position: absolute; clip: rect(1px, 1px, 1px, 1px);\" title=\"&#8220;Almanacco Ladino&#8221; &#8212; Radio Pi\u00f9\" src=\"https:\/\/www.radiopiu.net\/wordpress\/almanacco-ladino\/embed\/#?secret=8SeU92becr\" data-secret=\"8SeU92becr\" width=\"600\" height=\"338\" frameborder=\"0\" marginwidth=\"0\" marginheight=\"0\" scrolling=\"no\"><\/iframe><\/p>\n<div dir=\"auto\"><\/div>\n<\/div>\n<div>\n<p>&nbsp;<\/p>\n<hr \/>\n<h2><span style=\"color: #808000;\">\u00a0<\/span><\/h2>\n<h2><span style=\"color: #808000;\">DUE MINUTI UN LIBRO\u00a0 TUTTI I GIORNI ALLA RADIO ALLE 9.30 E ALLE 18. QUINTA STAGIONE\u00a0 \u00a0 \u00a0<\/span><\/h2>\n<p>&nbsp;<\/p>\n<blockquote class=\"wp-embedded-content\" data-secret=\"9JbvlDrlAL\"><p><a href=\"https:\/\/www.radiopiu.net\/wordpress\/due-minuti-un-libro\/\">Due minuti un libro<\/a><\/p><\/blockquote>\n<p><iframe loading=\"lazy\" class=\"wp-embedded-content\" sandbox=\"allow-scripts\" security=\"restricted\" style=\"position: absolute; clip: rect(1px, 1px, 1px, 1px);\" title=\"&#8220;Due minuti un libro&#8221; &#8212; Radio Pi\u00f9\" src=\"https:\/\/www.radiopiu.net\/wordpress\/due-minuti-un-libro\/embed\/#?secret=9JbvlDrlAL\" data-secret=\"9JbvlDrlAL\" width=\"600\" height=\"338\" frameborder=\"0\" marginwidth=\"0\" marginheight=\"0\" scrolling=\"no\"><\/iframe><\/p>\n<p>&nbsp;<\/p>\n<p>&nbsp;<\/p>\n<hr \/>\n<p>\u200b<\/p>\n<div>\n<h2><span style=\"color: #33cccc;\">I RACCONTI DI PAOLO SOPPELSA il lunedi alle 9.30 e 18.30<\/span><\/h2>\n<p><span style=\"color: #0000ff;\">INFORMAZIONE il canale su TELEGRAM informazione di prima mano e in tempo reale. iscriviti ed aiutaci a farlo conoscere\u00a0<\/span><\/p>\n<p>&nbsp;<\/p>\n<blockquote class=\"wp-embedded-content\" data-secret=\"5aU1SkLIed\"><p><a href=\"https:\/\/www.radiopiu.net\/wordpress\/i-racconti-di-paolo-soppelsa-settantottesima-puntata\/\">I RACCONTI DI PAOLO SOPPELSA SETTANTOTTESIMA PUNTATA<\/a><\/p><\/blockquote>\n<p><iframe loading=\"lazy\" class=\"wp-embedded-content\" sandbox=\"allow-scripts\" security=\"restricted\" style=\"position: absolute; clip: rect(1px, 1px, 1px, 1px);\" title=\"&#8220;I RACCONTI DI PAOLO SOPPELSA SETTANTOTTESIMA PUNTATA&#8221; &#8212; Radio Pi\u00f9\" src=\"https:\/\/www.radiopiu.net\/wordpress\/i-racconti-di-paolo-soppelsa-settantottesima-puntata\/embed\/#?secret=5aU1SkLIed\" data-secret=\"5aU1SkLIed\" width=\"600\" height=\"338\" frameborder=\"0\" marginwidth=\"0\" marginheight=\"0\" scrolling=\"no\"><\/iframe><\/p>\n<blockquote class=\"wp-embedded-content\" data-secret=\"ASFJeRX2oI\"><p><a href=\"https:\/\/www.radiopiu.net\/wordpress\/i-racconti-di-paolo-soppelsa\/\">I racconti di Paolo Soppelsa<\/a><\/p><\/blockquote>\n<p><iframe loading=\"lazy\" class=\"wp-embedded-content\" sandbox=\"allow-scripts\" security=\"restricted\" style=\"position: absolute; clip: rect(1px, 1px, 1px, 1px);\" title=\"&#8220;I racconti di Paolo Soppelsa&#8221; &#8212; Radio Pi\u00f9\" src=\"https:\/\/www.radiopiu.net\/wordpress\/i-racconti-di-paolo-soppelsa\/embed\/#?secret=ASFJeRX2oI\" data-secret=\"ASFJeRX2oI\" width=\"600\" height=\"338\" frameborder=\"0\" marginwidth=\"0\" marginheight=\"0\" scrolling=\"no\"><\/iframe><\/p>\n<p>&nbsp;<\/p>\n<\/div>\n<\/div>\n<hr \/>\n<p>&nbsp;<\/p>\n<h2><strong><span style=\"color: #ff0000;\">ALLA RADIO<\/span><\/strong><\/h2>\n<div data-offset-key=\"5n5nl-0-0\">\n<h3>Per ricevere gli aggiornamenti in tempo reale delle notizie pubblicate alla radio e sul sito di radio pi\u00f9 iscriviti al gruppo RADIO PIU INFORMAZIONE su Telegram.\u00a0\u00a0<a href=\"https:\/\/t.me\/radiopiu\">clicca qui<\/a><\/h3>\n<p>&nbsp;<\/p>\n<\/div>\n<blockquote><p><strong><a href=\"https:\/\/www.radiopiu.net\/wordpress\/cassa-solidarieta-luxottica-puntata-del-19-giugno-2020\/cslxo-2\/\" rel=\"attachment wp-att-145244\"><img loading=\"lazy\" decoding=\"async\" class=\"size-medium wp-image-145244 alignleft\" src=\"https:\/\/www.radiopiu.net\/wordpress\/wp-content\/uploads\/2020\/06\/cassa-solidarieta-luxottica-300x148.jpg\" alt=\"\" width=\"300\" height=\"148\" srcset=\"https:\/\/www.radiopiu.net\/wordpress\/wp-content\/uploads\/2020\/06\/cassa-solidarieta-luxottica-300x148.jpg 300w, https:\/\/www.radiopiu.net\/wordpress\/wp-content\/uploads\/2020\/06\/cassa-solidarieta-luxottica-1024x504.jpg 1024w, https:\/\/www.radiopiu.net\/wordpress\/wp-content\/uploads\/2020\/06\/cassa-solidarieta-luxottica-768x378.jpg 768w, https:\/\/www.radiopiu.net\/wordpress\/wp-content\/uploads\/2020\/06\/cassa-solidarieta-luxottica.jpg 1167w\" sizes=\"auto, (max-width: 300px) 100vw, 300px\" \/><\/a>di Claudio Fontanive<\/strong><\/p>\n<p>OSPITI: Paolo Chissal\u00e8 e Fabrizio Campedel<\/p>\n<p>&nbsp;<\/p>\n<p><strong>PUNTATA MAGGIO 2021<\/strong><\/p>\n<audio class=\"wp-audio-shortcode\" id=\"audio-215751-12\" preload=\"none\" style=\"width: 100%;\" controls=\"controls\"><source type=\"audio\/mpeg\" src=\"https:\/\/www.radiopiu.net\/wordpress\/wp-content\/uploads\/2021\/05\/ca-sol-lux-maggio-2021.mp3?_=12\" \/><a href=\"https:\/\/www.radiopiu.net\/wordpress\/wp-content\/uploads\/2021\/05\/ca-sol-lux-maggio-2021.mp3\">https:\/\/www.radiopiu.net\/wordpress\/wp-content\/uploads\/2021\/05\/ca-sol-lux-maggio-2021.mp3<\/a><\/audio>\n<h2>RACCOLTA COMPLETA<\/h2>\n<\/blockquote>\n<blockquote class=\"wp-embedded-content\" data-secret=\"LNtHlCz9B5\"><p><a href=\"https:\/\/www.radiopiu.net\/wordpress\/cassa-solidarieta-luxottica-puntata-del-16-ottobre-2020\/\">CASSA SOLIDARIET\u00c0 LUXOTTICA &#8211; TUTTE LE PUNTATE<\/a><\/p><\/blockquote>\n<p><iframe loading=\"lazy\" class=\"wp-embedded-content\" sandbox=\"allow-scripts\" security=\"restricted\" style=\"position: absolute; clip: rect(1px, 1px, 1px, 1px);\" title=\"&#8220;CASSA SOLIDARIET\u00c0 LUXOTTICA &#8211; TUTTE LE PUNTATE&#8221; &#8212; Radio Pi\u00f9\" src=\"https:\/\/www.radiopiu.net\/wordpress\/cassa-solidarieta-luxottica-puntata-del-16-ottobre-2020\/embed\/#?secret=LNtHlCz9B5\" data-secret=\"LNtHlCz9B5\" width=\"600\" height=\"338\" frameborder=\"0\" marginwidth=\"0\" marginheight=\"0\" scrolling=\"no\"><\/iframe><\/p>\n<div>\n<p>&nbsp;<\/p>\n<h2><\/h2>\n<hr \/>\n<p><strong><span style=\"color: #ff0000;\">\u00a0<\/span><\/strong><\/p>\n<h2><strong><span style=\"color: #ff0000;\">QUINDICINALE APPUNTAMENTO ALLA RADIO<\/span><\/strong><\/h2>\n<blockquote>\n<h3><a style=\"font-size: 14px; font-weight: normal;\" href=\"https:\/\/www.radiopiu.net\/wordpress\/giornale-radiopiu-06-febbraio-2019-direttore-mirko-mezzacasa\/logo_spi-cgil-800x445\/\" rel=\"attachment wp-att-75538\"><img loading=\"lazy\" decoding=\"async\" class=\"wp-image-75538 alignleft\" src=\"https:\/\/www.radiopiu.net\/wordpress\/wp-content\/uploads\/2019\/02\/Logo_Spi-CGIL-800x445-300x167.jpg\" alt=\"\" width=\"210\" height=\"117\" srcset=\"https:\/\/www.radiopiu.net\/wordpress\/wp-content\/uploads\/2019\/02\/Logo_Spi-CGIL-800x445-300x167.jpg 300w, https:\/\/www.radiopiu.net\/wordpress\/wp-content\/uploads\/2019\/02\/Logo_Spi-CGIL-800x445-768x427.jpg 768w, https:\/\/www.radiopiu.net\/wordpress\/wp-content\/uploads\/2019\/02\/Logo_Spi-CGIL-800x445.jpg 800w\" sizes=\"auto, (max-width: 210px) 100vw, 210px\" \/><\/a><\/h3>\n<\/blockquote>\n<blockquote>\n<h3>ALLA RADIO, APPUNTAMENTO QUINDICINALE CON SPI-CGIL BELLUNO, IN STUDIO MARIA RITA GENTILIN<\/h3>\n<\/blockquote>\n<p><strong>di Claudio Fontanive\u00a0<\/strong><\/p>\n<p><span style=\"color: #ff0000;\"><strong>PUNTATA DEL 10 GIUGNO 2021<br \/>\n<\/strong><\/span><\/p>\n<audio class=\"wp-audio-shortcode\" id=\"audio-215751-13\" preload=\"none\" style=\"width: 100%;\" controls=\"controls\"><source type=\"audio\/mpeg\" src=\"https:\/\/www.radiopiu.net\/wordpress\/wp-content\/uploads\/2021\/06\/spi-cgil-10-giugno.mp3?_=13\" \/><a href=\"https:\/\/www.radiopiu.net\/wordpress\/wp-content\/uploads\/2021\/06\/spi-cgil-10-giugno.mp3\">https:\/\/www.radiopiu.net\/wordpress\/wp-content\/uploads\/2021\/06\/spi-cgil-10-giugno.mp3<\/a><\/audio>\n<\/div>\n<p>&nbsp;<\/p>\n<hr \/>\n<\/div>\n<blockquote>\n<blockquote>\n<h2><a href=\"https:\/\/www.radiopiu.net\/wordpress\/speciale-solidarieta-veneto\/solidarieta-veneto-3\/\" rel=\"attachment wp-att-134366\">\u00a0<\/a><\/h2>\n<h2><a href=\"https:\/\/www.radiopiu.net\/wordpress\/speciale-solidarieta-veneto\/solidarieta-veneto-3\/\" rel=\"attachment wp-att-134366\"><img loading=\"lazy\" decoding=\"async\" class=\"wp-image-134366 alignleft\" src=\"https:\/\/www.radiopiu.net\/wordpress\/wp-content\/uploads\/2020\/05\/solidariet\u00e0-veneto-300x210.jpg\" alt=\"\" width=\"102\" height=\"71\" srcset=\"https:\/\/www.radiopiu.net\/wordpress\/wp-content\/uploads\/2020\/05\/solidariet\u00e0-veneto-300x210.jpg 300w, https:\/\/www.radiopiu.net\/wordpress\/wp-content\/uploads\/2020\/05\/solidariet\u00e0-veneto-1024x717.jpg 1024w, https:\/\/www.radiopiu.net\/wordpress\/wp-content\/uploads\/2020\/05\/solidariet\u00e0-veneto-768x538.jpg 768w, https:\/\/www.radiopiu.net\/wordpress\/wp-content\/uploads\/2020\/05\/solidariet\u00e0-veneto.jpg 1373w\" sizes=\"auto, (max-width: 102px) 100vw, 102px\" \/><\/a>SOLIDARIETA&#8217; VENETO FONDO PENSIONE, IN ONDA IL PRIMO VENERDI DEL MESE ALLE 10.30 E ALLE 19.00 QUINTA STAGIONE<\/h2>\n<\/blockquote>\n<h2><strong><span style=\"color: #ff0000;\">AUDIO MAGGIO 2021<\/span><\/strong><\/h2>\n<\/blockquote>\n<div>\n<audio class=\"wp-audio-shortcode\" id=\"audio-215751-14\" preload=\"none\" style=\"width: 100%;\" controls=\"controls\"><source type=\"audio\/mpeg\" src=\"https:\/\/www.radiopiu.net\/wordpress\/wp-content\/uploads\/2021\/05\/solidarieta-veneto-maggio-2021.mp3?_=14\" \/><a href=\"https:\/\/www.radiopiu.net\/wordpress\/wp-content\/uploads\/2021\/05\/solidarieta-veneto-maggio-2021.mp3\">https:\/\/www.radiopiu.net\/wordpress\/wp-content\/uploads\/2021\/05\/solidarieta-veneto-maggio-2021.mp3<\/a><\/audio>\n<\/div>\n<h2>LA RACCOLTA COMPLETA<\/h2>\n<blockquote class=\"wp-embedded-content\" data-secret=\"FphIbW4GGm\"><p><a href=\"https:\/\/www.radiopiu.net\/wordpress\/solidarieta-veneto\/\">Solidariet\u00e0 Veneto<\/a><\/p><\/blockquote>\n<p><iframe loading=\"lazy\" class=\"wp-embedded-content\" sandbox=\"allow-scripts\" security=\"restricted\" style=\"position: absolute; clip: rect(1px, 1px, 1px, 1px);\" title=\"&#8220;Solidariet\u00e0 Veneto&#8221; &#8212; Radio Pi\u00f9\" src=\"https:\/\/www.radiopiu.net\/wordpress\/solidarieta-veneto\/embed\/#?secret=FphIbW4GGm\" data-secret=\"FphIbW4GGm\" width=\"600\" height=\"338\" frameborder=\"0\" marginwidth=\"0\" marginheight=\"0\" scrolling=\"no\"><\/iframe><\/p>\n<blockquote>\n<h2><\/h2>\n<h2><\/h2>\n<\/blockquote>\n<div>\n<hr \/>\n<\/div>\n<div class=\"page-title-head hgroup\">\n<div>\n<p>&nbsp;<\/p>\n<h2><span style=\"color: #ff0000;\">MUSLA, CON LA NUOVA GENERAZIONE LINGUE, USI, COSTUMI , raccolta completa<\/span><\/h2>\n<blockquote class=\"wp-embedded-content\" data-secret=\"rEbEGmdwzw\"><p><a href=\"https:\/\/www.radiopiu.net\/wordpress\/agora-agordina-la-nosta-piaza\/\">AGORA&#8217; AGORDINA&#8230; LA NOSTA PIAZA LADINA RACCOLTA COMPLETA PRIMA STAGIONE<\/a><\/p><\/blockquote>\n<p><iframe loading=\"lazy\" class=\"wp-embedded-content\" sandbox=\"allow-scripts\" security=\"restricted\" style=\"position: absolute; clip: rect(1px, 1px, 1px, 1px);\" title=\"&#8220;AGORA&#8217; AGORDINA&#8230; LA NOSTA PIAZA LADINA RACCOLTA COMPLETA PRIMA STAGIONE&#8221; &#8212; Radio Pi\u00f9\" src=\"https:\/\/www.radiopiu.net\/wordpress\/agora-agordina-la-nosta-piaza\/embed\/#?secret=rEbEGmdwzw\" data-secret=\"rEbEGmdwzw\" width=\"600\" height=\"338\" frameborder=\"0\" marginwidth=\"0\" marginheight=\"0\" scrolling=\"no\"><\/iframe><\/p>\n<p>&nbsp;<\/p>\n<div class=\"b654a4as d2edcug0\">\n<div dir=\"auto\">\n<h1><\/h1>\n<hr \/>\n<p>&nbsp;<\/p>\n<div>\n<h2><span style=\"color: #ff0000;\">LEGGERMENTE BELLUNESI CON LUISA ALCHINI la raccolta completa<\/span><\/h2>\n<\/div>\n<div>\n<blockquote class=\"wp-embedded-content\" data-secret=\"nrtnFEZQoS\"><p><a href=\"https:\/\/www.radiopiu.net\/wordpress\/leggermente-20\/\">LEGGERmente&#8230;Bellunesi<\/a><\/p><\/blockquote>\n<p><iframe loading=\"lazy\" class=\"wp-embedded-content\" sandbox=\"allow-scripts\" security=\"restricted\" style=\"position: absolute; clip: rect(1px, 1px, 1px, 1px);\" title=\"&#8220;LEGGERmente&#8230;Bellunesi&#8221; &#8212; Radio Pi\u00f9\" src=\"https:\/\/www.radiopiu.net\/wordpress\/leggermente-20\/embed\/#?secret=nrtnFEZQoS\" data-secret=\"nrtnFEZQoS\" width=\"600\" height=\"338\" frameborder=\"0\" marginwidth=\"0\" marginheight=\"0\" scrolling=\"no\"><\/iframe><\/p>\n<\/div>\n<\/div>\n<p>&nbsp;<\/p>\n<hr \/>\n<p>&nbsp;<\/p>\n<h2><span style=\"color: #ff0000;\">GOCCE DI FILOSOFIA, CON CHIARA CAU, CON LISA DE LUCA la raccolta completa<\/span><\/h2>\n<blockquote class=\"wp-embedded-content\" data-secret=\"7LDmFIitGs\"><p><a href=\"https:\/\/www.radiopiu.net\/wordpress\/gocce-filosofia\/\">Gocce di filosofia<\/a><\/p><\/blockquote>\n<p><iframe loading=\"lazy\" class=\"wp-embedded-content\" sandbox=\"allow-scripts\" security=\"restricted\" style=\"position: absolute; clip: rect(1px, 1px, 1px, 1px);\" title=\"&#8220;Gocce di filosofia&#8221; &#8212; Radio Pi\u00f9\" src=\"https:\/\/www.radiopiu.net\/wordpress\/gocce-filosofia\/embed\/#?secret=7LDmFIitGs\" data-secret=\"7LDmFIitGs\" width=\"600\" height=\"338\" frameborder=\"0\" marginwidth=\"0\" marginheight=\"0\" scrolling=\"no\"><\/iframe><\/p>\n<p>&nbsp;<\/p>\n<p>&nbsp;<\/p>\n<hr \/>\n<\/div>\n<\/div>\n<p>&nbsp;<\/p>\n<p><a href=\"https:\/\/www.radiopiu.net\/wordpress\/giornale-radiopiu-26-settembre-2018-direttore-mirko-mezzacasa\/viabilita-2\/\" rel=\"attachment wp-att-61954\"><img loading=\"lazy\" decoding=\"async\" class=\"wp-image-61954 size-full aligncenter\" src=\"https:\/\/www.radiopiu.net\/wordpress\/wp-content\/uploads\/2018\/09\/viabilita.jpeg\" alt=\"\" width=\"800\" height=\"100\" srcset=\"https:\/\/www.radiopiu.net\/wordpress\/wp-content\/uploads\/2018\/09\/viabilita.jpeg 800w, https:\/\/www.radiopiu.net\/wordpress\/wp-content\/uploads\/2018\/09\/viabilita-300x38.jpeg 300w, https:\/\/www.radiopiu.net\/wordpress\/wp-content\/uploads\/2018\/09\/viabilita-768x96.jpeg 768w\" sizes=\"auto, (max-width: 800px) 100vw, 800px\" \/><\/a><\/p>\n<blockquote><p><a href=\"https:\/\/www.radiopiu.net\/wordpress\/giornale-radiopiu-09-agosto-2018-direttore-mirko-mezzacasa\/viabilia\/\" rel=\"attachment wp-att-57053\"><img loading=\"lazy\" decoding=\"async\" class=\" wp-image-57053 alignleft\" src=\"https:\/\/www.radiopiu.net\/wordpress\/wp-content\/uploads\/2018\/08\/VIABILIA-300x180.jpeg\" alt=\"\" width=\"220\" height=\"132\" srcset=\"https:\/\/www.radiopiu.net\/wordpress\/wp-content\/uploads\/2018\/08\/VIABILIA-300x180.jpeg 300w, https:\/\/www.radiopiu.net\/wordpress\/wp-content\/uploads\/2018\/08\/VIABILIA-768x461.jpeg 768w, https:\/\/www.radiopiu.net\/wordpress\/wp-content\/uploads\/2018\/08\/VIABILIA-1024x614.jpeg 1024w, https:\/\/www.radiopiu.net\/wordpress\/wp-content\/uploads\/2018\/08\/VIABILIA.jpeg 1280w\" sizes=\"auto, (max-width: 220px) 100vw, 220px\" \/><\/a>La viabilit\u00e0 con gli ultimi aggiornamenti da Veneto Strade.<\/p>\n<p><span style=\"color: #ff0000;\"><strong>in onda alla radio: 4.05, 6.18, 14 30 , 18.30, 23.25\u00a0<\/strong><\/span><\/p><\/blockquote>\n<\/div>\n<\/div>\n<\/div>\n<\/div>\n<\/div>\n<audio class=\"wp-audio-shortcode\" id=\"audio-215751-15\" preload=\"none\" style=\"width: 100%;\" controls=\"controls\"><source type=\"audio\/mpeg\" src=\"https:\/\/www.radiopiu.net\/wordpress\/wp-content\/uploads\/2021\/06\/VIABILITA-4.mp3?_=15\" \/><a href=\"https:\/\/www.radiopiu.net\/wordpress\/wp-content\/uploads\/2021\/06\/VIABILITA-4.mp3\">https:\/\/www.radiopiu.net\/wordpress\/wp-content\/uploads\/2021\/06\/VIABILITA-4.mp3<\/a><\/audio>\n<p>&nbsp;<\/p>\n<\/div>\n<\/div>\n<hr \/>\n<p>&nbsp;<\/p>\n<\/div>\n<\/div>\n<div>\n<div class=\"page-title-head hgroup\">\n<div class=\"page-title-head hgroup\">\n<div dir=\"auto\">\n<p><a class=\"dt-pswp-item pspw-wrap-ready\" href=\"https:\/\/i0.wp.com\/www.radiopiu.net\/wordpress\/wp-content\/uploads\/2018\/09\/WhatsApp-Image-2018-09-20-at-16.04.06.jpeg?ssl=1\" data-dt-img-description=\"\" data-large_image_width=\"800\" data-large_image_height=\"100\"><img loading=\"lazy\" decoding=\"async\" class=\"aligncenter wp-image-61378 size-full jetpack-lazy-image jetpack-lazy-image--handled\" src=\"https:\/\/i0.wp.com\/www.radiopiu.net\/wordpress\/wp-content\/uploads\/2018\/09\/WhatsApp-Image-2018-09-20-at-16.04.06.jpeg?resize=800%2C100&amp;ssl=1\" sizes=\"auto, (max-width: 800px) 100vw, 800px\" srcset=\"https:\/\/i0.wp.com\/www.radiopiu.net\/wordpress\/wp-content\/uploads\/2018\/09\/WhatsApp-Image-2018-09-20-at-16.04.06.jpeg?w=800&amp;ssl=1 800w, https:\/\/i0.wp.com\/www.radiopiu.net\/wordpress\/wp-content\/uploads\/2018\/09\/WhatsApp-Image-2018-09-20-at-16.04.06.jpeg?resize=300%2C38&amp;ssl=1 300w, https:\/\/i0.wp.com\/www.radiopiu.net\/wordpress\/wp-content\/uploads\/2018\/09\/WhatsApp-Image-2018-09-20-at-16.04.06.jpeg?resize=768%2C96&amp;ssl=1 768w\" alt=\"\" width=\"800\" height=\"100\" data-lazy-loaded=\"1\" \/><\/a><\/p>\n<div><\/div>\n<\/div>\n<\/div>\n<\/div>\n<\/div>\n<\/div>\n<p>&nbsp;<\/p>\n<p><center><b>Lunedi 14<\/b><\/center><b>Tempo atteso: <\/b>Dopo i possibili annuvolamenti notturni sulle Prealpi, con basso rischio di qualche fenomeno, la giornata sar\u00e0 soleggiata ma un po&#8217; pi\u00f9 fresca rispetto a domenica. Al primo mattino residua nuvolosit\u00e0 sulle Prealpi, per il resto cielo sereno o poco nuvoloso, salvo annuvolamenti pomeridiani pi\u00f9 diffusi a ridosso dei rilievi prealpini.<br \/>\n<b>Precipitazioni: <\/b>Nella notte possibili rovesci sulle Prealpi (30-40%), non esclusi anche sulle Dolomiti meridionali (10-20%). In giornata assenti (0%)<br \/>\n<b>Temperature: <\/b>In generale diminuzione, pi\u00f9 avvertita sulle Prealpi, salvo rimanere stazionarie le massime sulle Dolomiti. Su Prealpi a 1500 m min 8\u00b0C max 13\u00b0C, a 2000 m min 6\u00b0C max 14\u00b0C. Su Dolomiti a 2000 m min 7\u00b0C max 17\u00b0C, a 3000 m min 4\u00b0C max 6\u00b0C.<br \/>\n<b>Venti: <\/b>Nelle valli deboli o moderati a regime di brezza; in quota moderati o tesi da nord, con qualche raffica pi\u00f9 forte sul Bellunese, 10-25 km\/h a 2000 m e 20-30 km\/h a 3000 m.<\/p>\n<hr \/>\n<p><center><b>Martedi 15<\/b><\/center><b>Tempo atteso: <\/b>Giornata in prevalenza soleggiata, anche se nella notte a al primo mattino si potrebbe avere della nuvolosit\u00e0 medio-bassa, che comunque si dirader\u00e0 nel corso della mattinata. Alla sera velatura del cielo ad iniziare da nord.<br \/>\n<b>Precipitazioni: <\/b>Assenti (0%)<br \/>\n<b>Temperature: <\/b>In lieve aumento, salvo rimanere stazionarie le minime a fondovalle, su valori normali per il periodo. Su Prealpi a 1500 m min 10\u00b0C max 16\u00b0C, a 2000 m min 9\u00b0C max 15\u00b0C. Su Dolomiti a 2000 m min 9\u00b0C max 18\u00b0C, a 3000 m min 5\u00b0C max 7\u00b0C.<br \/>\n<b>Venti: <\/b>Nelle valli deboli o moderati per brezze; in quota deboli o moderati da nord, 5-10 km\/h a 2000 m e 10-25 km\/h a 3000 m.<\/p>\n<hr \/>\n<p><center><b>Mercoledi 16<\/b><\/center>Sulle Prealpi tempo ancora in prevalenza soleggiato e caldo, mentre sulle Dolomiti, dopo una mattinata con il sole, si avr\u00e0 una maggiore nuvolosit\u00e0 rispetto ai giorni precedenti ed un maggiore rischio di rovesci o temporali. Nel pomeriggio non sono esclusi fenomeni d&#8217;instabilit\u00e0 anche sulle Prealpi. Temperature stazionarie o in lieve ulteriore aumento sulle Prealpi, in diminuzione le massime sulle Dolomiti. Venti in quota deboli, a tratti moderati da ovest nord-ovest.<\/p>\n<hr \/>\n<p><center><b>Giovedi 17<\/b><\/center>Condizioni simili a quelle di mercoled\u00ec, ancora soleggiato e caldo al mattino, poi moderata instabilit\u00e0 pomeridiana, soprattutto sulle Dolomiti. Temperature stazionarie. Venti in quota deboli o moderati occidentali. Previsore: B.R.<\/p>\n<p>&nbsp;<\/p>\n<hr \/>\n<p>&nbsp;<\/p>\n<div dir=\"auto\"><\/div>\n<p><a href=\"https:\/\/www.radiopiu.net\/wordpress\/giornale-radiopiu-15-settembre-2018-direttore-mirko-mezzacasa\/sport-7\/\" rel=\"attachment wp-att-60761\"><img loading=\"lazy\" decoding=\"async\" class=\"aligncenter wp-image-60761 size-full\" src=\"https:\/\/www.radiopiu.net\/wordpress\/wp-content\/uploads\/2018\/09\/sport.jpg\" alt=\"\" width=\"800\" height=\"100\" srcset=\"https:\/\/www.radiopiu.net\/wordpress\/wp-content\/uploads\/2018\/09\/sport.jpg 800w, https:\/\/www.radiopiu.net\/wordpress\/wp-content\/uploads\/2018\/09\/sport-300x38.jpg 300w, https:\/\/www.radiopiu.net\/wordpress\/wp-content\/uploads\/2018\/09\/sport-768x96.jpg 768w\" sizes=\"auto, (max-width: 800px) 100vw, 800px\" \/><\/a><\/p>\n<p>&nbsp;<\/p>\n<p>&nbsp;<\/p>\n<blockquote>\n<h3>DENIS MEZZACASA VINCE IN VAL CAMONICA<\/h3>\n<\/blockquote>\n<p><strong><a href=\"https:\/\/www.radiopiu.net\/wordpress\/un-agordino-allalpe-del-nevegal-denis-mezzacasa-il-veloce-pilota-lavallese\/denismezzacasa-2\/\" rel=\"attachment wp-att-151785\"><img loading=\"lazy\" decoding=\"async\" class=\" wp-image-151785 alignleft\" src=\"https:\/\/www.radiopiu.net\/wordpress\/wp-content\/uploads\/2020\/07\/DenisMezzacasa-300x300.jpg\" alt=\"\" width=\"116\" height=\"116\" srcset=\"https:\/\/www.radiopiu.net\/wordpress\/wp-content\/uploads\/2020\/07\/DenisMezzacasa-300x300.jpg 300w, https:\/\/www.radiopiu.net\/wordpress\/wp-content\/uploads\/2020\/07\/DenisMezzacasa-150x150.jpg 150w, https:\/\/www.radiopiu.net\/wordpress\/wp-content\/uploads\/2020\/07\/DenisMezzacasa-768x768.jpg 768w, https:\/\/www.radiopiu.net\/wordpress\/wp-content\/uploads\/2020\/07\/DenisMezzacasa.jpg 960w\" sizes=\"auto, (max-width: 116px) 100vw, 116px\" \/><\/a>BELLUNO<\/strong><\/p>\n<p>di Roberto Bona<\/p>\n<audio class=\"wp-audio-shortcode\" id=\"audio-215751-16\" preload=\"none\" style=\"width: 100%;\" controls=\"controls\"><source type=\"audio\/mpeg\" src=\"https:\/\/www.radiopiu.net\/wordpress\/wp-content\/uploads\/2021\/06\/BONA-DENIS-MEZZACASA.mp3?_=16\" \/><a href=\"https:\/\/www.radiopiu.net\/wordpress\/wp-content\/uploads\/2021\/06\/BONA-DENIS-MEZZACASA.mp3\">https:\/\/www.radiopiu.net\/wordpress\/wp-content\/uploads\/2021\/06\/BONA-DENIS-MEZZACASA.mp3<\/a><\/audio>\n<p>&nbsp;<\/p>\n<hr \/>\n<p>&nbsp;<\/p>\n<blockquote>\n<h3>AL ROVERETANO RICCARDO LUCA IL 76\u00b0 GIRO DEL PIAVE<\/h3>\n<\/blockquote>\n<p>&nbsp;<\/p>\n<p><strong>ALLEGHE\u00a0<\/strong><\/p>\n<p><strong>DI GIANNI SANTOMASO\u00a0<\/strong><\/p>\n<audio class=\"wp-audio-shortcode\" id=\"audio-215751-17\" preload=\"none\" style=\"width: 100%;\" controls=\"controls\"><source type=\"audio\/mpeg\" src=\"https:\/\/www.radiopiu.net\/wordpress\/wp-content\/uploads\/2021\/06\/GIRO-DEL-PIACE-1.mp3?_=17\" \/><a href=\"https:\/\/www.radiopiu.net\/wordpress\/wp-content\/uploads\/2021\/06\/GIRO-DEL-PIACE-1.mp3\">https:\/\/www.radiopiu.net\/wordpress\/wp-content\/uploads\/2021\/06\/GIRO-DEL-PIACE-1.mp3<\/a><\/audio>\n<p>&nbsp;<\/p>\n\n\t\t\t<style type='text\/css'>\n\t\t\t\t#gallery-8 {\n\t\t\t\t\tmargin: auto;\n\t\t\t\t}\n\t\t\t\t#gallery-8 .gallery-item {\n\t\t\t\t\tfloat: left;\n\t\t\t\t\tmargin-top: 10px;\n\t\t\t\t\ttext-align: center;\n\t\t\t\t\twidth: 25%;\n\t\t\t\t}\n\t\t\t\t#gallery-8 img {\n\t\t\t\t\tborder: 2px solid #cfcfcf;\n\t\t\t\t}\n\t\t\t\t#gallery-8 .gallery-caption {\n\t\t\t\t\tmargin-left: 0;\n\t\t\t\t}\n\t\t\t\t\/* see gallery_shortcode() in wp-includes\/media.php *\/\n\t\t\t<\/style>\n\t\t<div id='gallery-8' class='dt-gallery-container gallery galleryid-215751 gallery-columns-4 gallery-size-thumbnail'><dl class='gallery-item'>\n\t\t\t\t<dt class='gallery-icon landscape'>\n\t\t\t\t\t<a class=\"rollover rollover-zoom dt-pswp-item\" title=\"dd4e18be-8794-48d2-a74f-72e10b64c63f\" data-dt-img-description=\"\" data-large_image_width=\"1600\" data-large_image_height=\"901\"href='https:\/\/www.radiopiu.net\/wordpress\/wp-content\/uploads\/2021\/06\/dd4e18be-8794-48d2-a74f-72e10b64c63f.jpg'><img loading=\"lazy\" decoding=\"async\" width=\"150\" height=\"150\" src=\"https:\/\/www.radiopiu.net\/wordpress\/wp-content\/uploads\/2021\/06\/dd4e18be-8794-48d2-a74f-72e10b64c63f-150x150.jpg\" class=\"attachment-thumbnail size-thumbnail\" alt=\"\" \/><\/a>\n\t\t\t\t<\/dt><\/dl><dl class='gallery-item'>\n\t\t\t\t<dt class='gallery-icon landscape'>\n\t\t\t\t\t<a class=\"rollover rollover-zoom dt-pswp-item\" title=\"40343dbb-a0c8-4407-ab87-182d48038edb\" data-dt-img-description=\"\" data-large_image_width=\"1600\" data-large_image_height=\"901\"href='https:\/\/www.radiopiu.net\/wordpress\/wp-content\/uploads\/2021\/06\/40343dbb-a0c8-4407-ab87-182d48038edb.jpg'><img loading=\"lazy\" decoding=\"async\" width=\"150\" height=\"150\" src=\"https:\/\/www.radiopiu.net\/wordpress\/wp-content\/uploads\/2021\/06\/40343dbb-a0c8-4407-ab87-182d48038edb-150x150.jpg\" class=\"attachment-thumbnail size-thumbnail\" alt=\"\" \/><\/a>\n\t\t\t\t<\/dt><\/dl><dl class='gallery-item'>\n\t\t\t\t<dt class='gallery-icon landscape'>\n\t\t\t\t\t<a class=\"rollover rollover-zoom dt-pswp-item\" title=\"904b1b88-11ae-43d8-814f-bdbcab290a31\" data-dt-img-description=\"\" data-large_image_width=\"1600\" data-large_image_height=\"901\"href='https:\/\/www.radiopiu.net\/wordpress\/wp-content\/uploads\/2021\/06\/904b1b88-11ae-43d8-814f-bdbcab290a31.jpg'><img loading=\"lazy\" decoding=\"async\" width=\"150\" height=\"150\" src=\"https:\/\/www.radiopiu.net\/wordpress\/wp-content\/uploads\/2021\/06\/904b1b88-11ae-43d8-814f-bdbcab290a31-150x150.jpg\" class=\"attachment-thumbnail size-thumbnail\" alt=\"\" \/><\/a>\n\t\t\t\t<\/dt><\/dl><dl class='gallery-item'>\n\t\t\t\t<dt class='gallery-icon landscape'>\n\t\t\t\t\t<a class=\"rollover rollover-zoom dt-pswp-item\" title=\"51e8edb2-a3c1-4480-acfe-7303ddceac9e\" data-dt-img-description=\"\" data-large_image_width=\"1600\" data-large_image_height=\"901\"href='https:\/\/www.radiopiu.net\/wordpress\/wp-content\/uploads\/2021\/06\/51e8edb2-a3c1-4480-acfe-7303ddceac9e.jpg'><img loading=\"lazy\" decoding=\"async\" width=\"150\" height=\"150\" src=\"https:\/\/www.radiopiu.net\/wordpress\/wp-content\/uploads\/2021\/06\/51e8edb2-a3c1-4480-acfe-7303ddceac9e-150x150.jpg\" class=\"attachment-thumbnail size-thumbnail\" alt=\"\" \/><\/a>\n\t\t\t\t<\/dt><\/dl><br style=\"clear: both\" \/>\n\t\t\t<\/div>\n\n<blockquote>\n<h3>QUANDO NEL 1992 MARCO PANTANI VINSE AI PIANI DI PEZZE&#8217;<\/h3>\n<\/blockquote>\n<audio class=\"wp-audio-shortcode\" id=\"audio-215751-18\" preload=\"none\" style=\"width: 100%;\" controls=\"controls\"><source type=\"audio\/mpeg\" src=\"https:\/\/www.radiopiu.net\/wordpress\/wp-content\/uploads\/2021\/06\/GIRO-DEL-PIAVE-2.mp3?_=18\" \/><a href=\"https:\/\/www.radiopiu.net\/wordpress\/wp-content\/uploads\/2021\/06\/GIRO-DEL-PIAVE-2.mp3\">https:\/\/www.radiopiu.net\/wordpress\/wp-content\/uploads\/2021\/06\/GIRO-DEL-PIAVE-2.mp3<\/a><\/audio>\n<p>&nbsp;<\/p>\n<p>&nbsp;<\/p>\n<hr \/>\n<p>&nbsp;<\/p>\n<blockquote>\n<h3 class=\"p1\"><span class=\"s1\">TRIONFO POLACCO ALLA DOLOMITI EXTREME TRAIL: LA GARA PI\u00d9 PRESTIGIOSA -103 CHILOMETRI DI SVILUPPO E 7100 METRI DI DISLIVELLO &#8211; \u00c8 DI ROMAN FICEK. AL FEMMINILE FESTEGGIA LA VICENTINA FEDERICA BOIFAVA<\/span><\/h3>\n<\/blockquote>\n<p class=\"p1\"><span class=\"s1\"><strong>VAL DI ZOLDO <\/strong>Polonia davanti a tutti nell\u2019ottava edizione di Dolomiti Extreme Trail, l\u2019evento della Val di Zoldo che, giunto all\u2019ottava edizione, ha saputo ritagliarsi uno spazio importante nel mondo del trail internazionale. A mettere tutti in fila nella gara pi\u00f9 prestigiosa tra le cinque in programma, quella che proponeva 103 chilometri di sviluppo e 7.150 metri di dislivello, \u00e8 stato infatti Roman Ficek, atleta di Skawica, cittadina del sud della Polonia, nella regione di Cracovia. 14h04\u201901\u201d il tempo fatto registrare da Ficek che ha preceduto l\u2019altoatesino di Avelengo Peter Kienzl (staccato di 24&#8217;51\u201d) e il varesino Andrea Macchi (al traguardo con un ritardo di 32\u201908\u201d). Tra le donne, davanti a tutte la vicentina Federica Boifava, gi\u00e0 vincitrice in Val di Zoldo nel 2015 e al traguardo in 18h03.48\u201d. Sul podio con lei la francese Roxane Ardiet e la svizzera Claudia Forster. <\/span><span class=\"s1\">Gara davvero estrema quella sui sentieri della Val di Zoldo, andata in scena tra la serata di venerd\u00ec 11 e il pomeriggio di domenica 13 giugno: oltre che per il dislivello e le difficolt\u00e0 tecniche, anche per i lunghi tratti di neve che, in quota, gli atleti hanno dovuto superare. E proprio per la quantit\u00e0 di neve, alcune parti del tracciato sono state variate, pur senza nulla togliere alla difficolt\u00e0 e tecnicit\u00e0 del percorso. Tutti i concorrenti (un migliaio complessivamente) hanno sottolineato la durezza dei percorsi, accanto alla bellezza dei panorami e alla cortesia dei tanti volontari (oltre trecento complessivamente) posizionati in partenza e arrivo e lungo il percorso. Tanti gli stranieri in gara nelle cinque prove: ben 34 infatti le nazioni presenti. <\/span><span class=\"s1\">Tra i concorrenti anche Moreno Pesce, l\u2019atleta paralimpico veneziano che si \u00e8 cimentato nella prova degli 11 chilometri. La sua partecipazione \u00e8 legata a un progetto di valorizzazione di due sentieri per persone con disabilit\u00e0 alla prossima realizzazione dei quali si sta lavorando in Val di Zoldoin sinergia tra comitato Dxt, Atletica Val di Zoldo, Sci fondo Val di Zoldo e il Gruppo Matches coordinato da Andrea Cicini.<\/span><span class=\"s2\"> \u00a0<\/span><\/p>\n\n\t\t\t<style type='text\/css'>\n\t\t\t\t#gallery-9 {\n\t\t\t\t\tmargin: auto;\n\t\t\t\t}\n\t\t\t\t#gallery-9 .gallery-item {\n\t\t\t\t\tfloat: left;\n\t\t\t\t\tmargin-top: 10px;\n\t\t\t\t\ttext-align: center;\n\t\t\t\t\twidth: 33%;\n\t\t\t\t}\n\t\t\t\t#gallery-9 img {\n\t\t\t\t\tborder: 2px solid #cfcfcf;\n\t\t\t\t}\n\t\t\t\t#gallery-9 .gallery-caption {\n\t\t\t\t\tmargin-left: 0;\n\t\t\t\t}\n\t\t\t\t\/* see gallery_shortcode() in wp-includes\/media.php *\/\n\t\t\t<\/style>\n\t\t<div id='gallery-9' class='dt-gallery-container gallery galleryid-215751 gallery-columns-3 gallery-size-medium'><dl class='gallery-item'>\n\t\t\t\t<dt class='gallery-icon landscape'>\n\t\t\t\t\t<a class=\"rollover rollover-zoom dt-pswp-item\" title=\"dxt 2021\" data-dt-img-description=\"\" data-large_image_width=\"1920\" data-large_image_height=\"1080\"href='https:\/\/www.radiopiu.net\/wordpress\/wp-content\/uploads\/2021\/06\/dxt-2021.jpg'><img loading=\"lazy\" decoding=\"async\" width=\"300\" height=\"169\" src=\"https:\/\/www.radiopiu.net\/wordpress\/wp-content\/uploads\/2021\/06\/dxt-2021-300x169.jpg\" class=\"attachment-medium size-medium\" alt=\"\" srcset=\"https:\/\/www.radiopiu.net\/wordpress\/wp-content\/uploads\/2021\/06\/dxt-2021-300x169.jpg 300w, https:\/\/www.radiopiu.net\/wordpress\/wp-content\/uploads\/2021\/06\/dxt-2021-1024x576.jpg 1024w, https:\/\/www.radiopiu.net\/wordpress\/wp-content\/uploads\/2021\/06\/dxt-2021-768x432.jpg 768w, https:\/\/www.radiopiu.net\/wordpress\/wp-content\/uploads\/2021\/06\/dxt-2021-1536x864.jpg 1536w, https:\/\/www.radiopiu.net\/wordpress\/wp-content\/uploads\/2021\/06\/dxt-2021.jpg 1920w\" sizes=\"auto, (max-width: 300px) 100vw, 300px\" \/><\/a>\n\t\t\t\t<\/dt><\/dl><dl class='gallery-item'>\n\t\t\t\t<dt class='gallery-icon landscape'>\n\t\t\t\t\t<a class=\"rollover rollover-zoom dt-pswp-item\" title=\"dxt 2021 podio maschile 12 -13 giugno 2021\" data-dt-img-description=\"\" data-large_image_width=\"1500\" data-large_image_height=\"1000\"href='https:\/\/www.radiopiu.net\/wordpress\/wp-content\/uploads\/2021\/06\/dxt-2021-podio-maschile-12-13-giugno-2021.jpg'><img loading=\"lazy\" decoding=\"async\" width=\"300\" height=\"200\" src=\"https:\/\/www.radiopiu.net\/wordpress\/wp-content\/uploads\/2021\/06\/dxt-2021-podio-maschile-12-13-giugno-2021-300x200.jpg\" class=\"attachment-medium size-medium\" alt=\"\" srcset=\"https:\/\/www.radiopiu.net\/wordpress\/wp-content\/uploads\/2021\/06\/dxt-2021-podio-maschile-12-13-giugno-2021-300x200.jpg 300w, https:\/\/www.radiopiu.net\/wordpress\/wp-content\/uploads\/2021\/06\/dxt-2021-podio-maschile-12-13-giugno-2021-1024x683.jpg 1024w, https:\/\/www.radiopiu.net\/wordpress\/wp-content\/uploads\/2021\/06\/dxt-2021-podio-maschile-12-13-giugno-2021-768x512.jpg 768w, https:\/\/www.radiopiu.net\/wordpress\/wp-content\/uploads\/2021\/06\/dxt-2021-podio-maschile-12-13-giugno-2021.jpg 1500w\" sizes=\"auto, (max-width: 300px) 100vw, 300px\" \/><\/a>\n\t\t\t\t<\/dt><\/dl><dl class='gallery-item'>\n\t\t\t\t<dt class='gallery-icon landscape'>\n\t\t\t\t\t<a class=\"rollover rollover-zoom dt-pswp-item\" title=\"federica boifava vincitrice 103 k dxt 12.06.2021\" data-dt-img-description=\"\" data-large_image_width=\"1500\" data-large_image_height=\"1000\"href='https:\/\/www.radiopiu.net\/wordpress\/wp-content\/uploads\/2021\/06\/federica-boifava-vincitrice-103-k-dxt-12.06.2021.jpg'><img loading=\"lazy\" decoding=\"async\" width=\"300\" height=\"200\" src=\"https:\/\/www.radiopiu.net\/wordpress\/wp-content\/uploads\/2021\/06\/federica-boifava-vincitrice-103-k-dxt-12.06.2021-300x200.jpg\" class=\"attachment-medium size-medium\" alt=\"\" srcset=\"https:\/\/www.radiopiu.net\/wordpress\/wp-content\/uploads\/2021\/06\/federica-boifava-vincitrice-103-k-dxt-12.06.2021-300x200.jpg 300w, https:\/\/www.radiopiu.net\/wordpress\/wp-content\/uploads\/2021\/06\/federica-boifava-vincitrice-103-k-dxt-12.06.2021-1024x683.jpg 1024w, https:\/\/www.radiopiu.net\/wordpress\/wp-content\/uploads\/2021\/06\/federica-boifava-vincitrice-103-k-dxt-12.06.2021-768x512.jpg 768w, https:\/\/www.radiopiu.net\/wordpress\/wp-content\/uploads\/2021\/06\/federica-boifava-vincitrice-103-k-dxt-12.06.2021.jpg 1500w\" sizes=\"auto, (max-width: 300px) 100vw, 300px\" \/><\/a>\n\t\t\t\t<\/dt><\/dl><br style=\"clear: both\" \/>\n\t\t\t<\/div>\n\n<p><strong>PER CONSULTARE LE CLASSIFICHE DELLA DOLOMITI EXTREME TRAIL <a href=\"https:\/\/dolomitiextremetrail.com\/results.html\">CLICCA QUI<\/a><\/strong><\/p>\n<p>&nbsp;<\/p>\n<p>&nbsp;<\/p>\n<hr \/>\n<p>&nbsp;<\/p>\n<blockquote>\n<h3>UNA DOMENICA DA INCORNICIARE PER IL TENNIS CLUB AGORDO<\/h3>\n<\/blockquote>\n<p><strong><a href=\"https:\/\/www.radiopiu.net\/wordpress\/matteo-reolon-e-il-tennis-club-agordino\/tennis-agordo\/\" rel=\"attachment wp-att-133584\"><img loading=\"lazy\" decoding=\"async\" class=\"size-medium wp-image-133584 alignleft\" src=\"https:\/\/www.radiopiu.net\/wordpress\/wp-content\/uploads\/2020\/04\/TENNIS-AGORDO-300x180.jpg\" alt=\"\" width=\"300\" height=\"180\" srcset=\"https:\/\/www.radiopiu.net\/wordpress\/wp-content\/uploads\/2020\/04\/TENNIS-AGORDO-300x180.jpg 300w, https:\/\/www.radiopiu.net\/wordpress\/wp-content\/uploads\/2020\/04\/TENNIS-AGORDO.jpg 512w\" sizes=\"auto, (max-width: 300px) 100vw, 300px\" \/><\/a>AGORDO<\/strong> Continua l&#8217;avventura del Tennis Club Agordo nel campionato regionale serie B4. Ottima giornata per i tennisti agordini che dopo anni vincono un turno del campionato vincendo i 3 singoli e perdendo il doppio.<\/p>\n<p><strong>L&#8217;INTERVISTA DI CLAUDIO FONTANIVE<\/strong><\/p>\n<audio class=\"wp-audio-shortcode\" id=\"audio-215751-19\" preload=\"none\" style=\"width: 100%;\" controls=\"controls\"><source type=\"audio\/mpeg\" src=\"https:\/\/www.radiopiu.net\/wordpress\/wp-content\/uploads\/2021\/06\/CLAUDIO-TENNIS-CLUB-AGORDO-13-GIUGNO-2021.mp3?_=19\" \/><a href=\"https:\/\/www.radiopiu.net\/wordpress\/wp-content\/uploads\/2021\/06\/CLAUDIO-TENNIS-CLUB-AGORDO-13-GIUGNO-2021.mp3\">https:\/\/www.radiopiu.net\/wordpress\/wp-content\/uploads\/2021\/06\/CLAUDIO-TENNIS-CLUB-AGORDO-13-GIUGNO-2021.mp3<\/a><\/audio>\n<p>&nbsp;<\/p>\n<hr \/>\n<p>&nbsp;<\/p>\n<\/div>\n<\/div>\n<\/div>\n<\/div>\n","protected":false},"excerpt":{"rendered":"<p>PER\u00a0RICEVERE QUESTO NOTIZIARIO DIRETTAMENTE SUL TUO CELLULARE ISCRIVITI AL CANALE TELEGRAM\u00a0\u201cRADIO PIU\u00a0 INFORMAZIONE\u201d\u00a0 \u00a0 \u00a0 \u00a0\u00a0 COLLE SANTA LUCIA, L&#8217;ALTRA SERA VERSO IL PORE Come ogni anno anche quest&#8217;anno la domenica dopo il Corpus Domini guardando verso il Pore e il Col di Lana si sono visti\u00a0 i fuochi del Sacro Cuore di Ges\u00f9. La&hellip;<\/p>\n","protected":false},"author":4,"featured_media":215916,"comment_status":"closed","ping_status":"open","sticky":false,"template":"","format":"standard","meta":{"_monsterinsights_skip_tracking":false,"_monsterinsights_sitenote_active":false,"_monsterinsights_sitenote_note":"","_monsterinsights_sitenote_category":0,"footnotes":""},"categories":[1,51,86,49],"tags":[],"class_list":["post-215751","post","type-post","status-publish","format-standard","has-post-thumbnail","hentry","category-senza-categoria","category-evidenza-top","category-gr","category-news-18","category-1","category-51","category-86","category-49","description-off"],"img_url":"https:\/\/www.radiopiu.net\/wordpress\/wp-content\/uploads\/2021\/06\/200180011_2574908192655483_2923327699664358421_n.jpg","_links":{"self":[{"href":"https:\/\/www.radiopiu.net\/wordpress\/wp-json\/wp\/v2\/posts\/215751","targetHints":{"allow":["GET"]}}],"collection":[{"href":"https:\/\/www.radiopiu.net\/wordpress\/wp-json\/wp\/v2\/posts"}],"about":[{"href":"https:\/\/www.radiopiu.net\/wordpress\/wp-json\/wp\/v2\/types\/post"}],"author":[{"embeddable":true,"href":"https:\/\/www.radiopiu.net\/wordpress\/wp-json\/wp\/v2\/users\/4"}],"replies":[{"embeddable":true,"href":"https:\/\/www.radiopiu.net\/wordpress\/wp-json\/wp\/v2\/comments?post=215751"}],"version-history":[{"count":0,"href":"https:\/\/www.radiopiu.net\/wordpress\/wp-json\/wp\/v2\/posts\/215751\/revisions"}],"wp:featuredmedia":[{"embeddable":true,"href":"https:\/\/www.radiopiu.net\/wordpress\/wp-json\/wp\/v2\/media\/215916"}],"wp:attachment":[{"href":"https:\/\/www.radiopiu.net\/wordpress\/wp-json\/wp\/v2\/media?parent=215751"}],"wp:term":[{"taxonomy":"category","embeddable":true,"href":"https:\/\/www.radiopiu.net\/wordpress\/wp-json\/wp\/v2\/categories?post=215751"},{"taxonomy":"post_tag","embeddable":true,"href":"https:\/\/www.radiopiu.net\/wordpress\/wp-json\/wp\/v2\/tags?post=215751"}],"curies":[{"name":"wp","href":"https:\/\/api.w.org\/{rel}","templated":true}]}}